{"id":188693,"date":"2025-10-06T18:57:33","date_gmt":"2025-10-06T16:57:33","guid":{"rendered":"https:\/\/candas365.es\/noticias\/?p=188693"},"modified":"2025-10-06T18:57:33","modified_gmt":"2025-10-06T16:57:33","slug":"vuelan-las-entradas-para-el-rock-am-ring","status":"publish","type":"post","link":"https:\/\/candas365.es\/noticias\/vuelan-las-entradas-para-el-rock-am-ring\/","title":{"rendered":"Vuelan las entradas para el \u00abRock am Ring\u00bb"},"content":{"rendered":"<p>N\u00fcrburg\/N\u00faremberg (Alemania), 6 oct (<a href=\"https:\/\/www.dpa-news.de\/\" target=\"_blank\" rel=\"noopener\"><span style=\"color: #ff6600;\"><strong>dpa<\/strong><\/span><\/a>) \u2013 El espect\u00e1culo musical Rock am Ring que se celebrar\u00e1 en junio de 2026 en Alemania con estrellas como Linkin Park e Iron Maiden, ya agot\u00f3 sus entradas, m\u00e1s r\u00e1pido que nunca antes, seg\u00fan comunicaron sus organizadores.<\/p>\n<figure id=\"attachment_188694\" aria-describedby=\"caption-attachment-188694\" style=\"width: 650px\" class=\"wp-caption aligncenter\"><img fetchpriority=\"high\" decoding=\"async\" class=\"size-large wp-image-188694\" src=\"https:\/\/candas365.es\/noticias\/wp-content\/uploads\/2025\/10\/Rock-am-Ring--650x388.jpg\" alt=\"Rock am Ring\" width=\"650\" height=\"388\" srcset=\"https:\/\/candas365.es\/noticias\/wp-content\/uploads\/2025\/10\/Rock-am-Ring--650x388.jpg 650w, https:\/\/candas365.es\/noticias\/wp-content\/uploads\/2025\/10\/Rock-am-Ring--360x215.jpg 360w, https:\/\/candas365.es\/noticias\/wp-content\/uploads\/2025\/10\/Rock-am-Ring--768x458.jpg 768w, https:\/\/candas365.es\/noticias\/wp-content\/uploads\/2025\/10\/Rock-am-Ring--150x89.jpg 150w, https:\/\/candas365.es\/noticias\/wp-content\/uploads\/2025\/10\/Rock-am-Ring--450x268.jpg 450w, https:\/\/candas365.es\/noticias\/wp-content\/uploads\/2025\/10\/Rock-am-Ring-.jpg 1115w\" sizes=\"(max-width: 650px) 100vw, 650px\" \/><figcaption id=\"caption-attachment-188694\" class=\"wp-caption-text\">Varios fans el a\u00f1o pasado en un concierto al aire libre del festival Rock im Park, que se celebra del 5 al 7 de junio, simult\u00e1neamente al Rock am Ring. Foto: Daniel Karmann\/dpa<\/figcaption><\/figure>\n<p>\u00abCon 90.000 abonos de fin de semana vendidos, esto marca un hito hist\u00f3rico\u00bb, se\u00f1alaron. El recital se celebra en el famoso espacio conocido como N\u00fcrburgring en los alrededores de N\u00fcrburg, al sur de Bonn, en el estado federado de Renania-Palatinado.<\/p>\n<p>El evento se celebra simult\u00e1neamente con su <span style=\"color: #ff6600;\"><a style=\"color: #ff6600;\" href=\"https:\/\/candas365.es\/noticias\/category\/revista\/\"><strong>festival<\/strong><\/a><\/span> gemelo Rock im Park, en la ciudad de N\u00faremberg. Los dos se llevar\u00e1n a cabo del 5 al 7 de junio. Seg\u00fan los organizadores, se espera que Rock im Park tambi\u00e9n agote pronto sus entradas.<\/p>\n","protected":false},"excerpt":{"rendered":"<p>N\u00fcrburg\/N\u00faremberg (Alemania), 6 oct (dpa) \u2013 El espect\u00e1culo musical Rock am Ring que se celebrar\u00e1 en junio de 2026 en Alemania con estrellas como Linkin Park e Iron Maiden, ya agot\u00f3 sus entradas, m\u00e1s r\u00e1pido que nunca antes, seg\u00fan comunicaron sus organizadores. \u00abCon 90.000 abonos de fin de semana vendidos, esto marca un hito hist\u00f3rico\u00bb,<\/p>\n","protected":false},"author":1,"featured_media":188694,"comment_status":"closed","ping_status":"closed","sticky":false,"template":"","format":"standard","meta":{"footnotes":""},"categories":[142],"tags":[465],"class_list":{"0":"post-188693","1":"post","2":"type-post","3":"status-publish","4":"format-standard","5":"has-post-thumbnail","7":"category-revista","8":"tag-ocio"},"aioseo_notices":[],"aioseo_head":"\n\t\t<!-- All in One SEO Pro 4.9.6.2 - aioseo.com -->\n\t<meta name=\"description\" content=\"N\u00fcrburg\/N\u00faremberg (Alemania), 6 oct (dpa) \u2013 El espect\u00e1culo musical Rock am Ring que se celebrar\u00e1 en junio de 2026 en Alemania con estrellas como Linkin Park\" \/>\n\t<meta name=\"robots\" content=\"max-image-preview:large\" \/>\n\t<meta name=\"author\" content=\"Cand\u00e1s 365\"\/>\n\t<meta name=\"google-site-verification\" content=\"UA-32230408-1\" \/>\n\t<meta name=\"msvalidate.01\" content=\"354F3CDFB2DA171B47FBE9ABF1F88D5\" \/>\n\t<meta name=\"keywords\" content=\"revista\" \/>\n\t<link rel=\"canonical\" href=\"https:\/\/candas365.es\/noticias\/vuelan-las-entradas-para-el-rock-am-ring\/\" \/>\n\t<meta name=\"generator\" content=\"All in One SEO Pro (AIOSEO) 4.9.6.2\" \/>\n\t\t<meta property=\"og:locale\" content=\"es_ES\" \/>\n\t\t<meta property=\"og:site_name\" content=\"Cand\u00e1s 365\" \/>\n\t\t<meta property=\"og:type\" content=\"article\" \/>\n\t\t<meta property=\"og:title\" content=\"Vuelan las entradas para el \u00abRock am Ring\u00bb | Cand\u00e1s 365\" \/>\n\t\t<meta property=\"og:description\" content=\"N\u00fcrburg\/N\u00faremberg (Alemania), 6 oct (dpa) \u2013 El espect\u00e1culo musical Rock am Ring que se celebrar\u00e1 en junio de 2026 en Alemania con estrellas como Linkin Park\" \/>\n\t\t<meta property=\"og:url\" content=\"https:\/\/candas365.es\/noticias\/vuelan-las-entradas-para-el-rock-am-ring\/\" \/>\n\t\t<meta property=\"og:image\" content=\"https:\/\/candas365.es\/noticias\/wp-content\/uploads\/2025\/10\/Rock-am-Ring-.jpg\" \/>\n\t\t<meta property=\"og:image:secure_url\" content=\"https:\/\/candas365.es\/noticias\/wp-content\/uploads\/2025\/10\/Rock-am-Ring-.jpg\" \/>\n\t\t<meta property=\"og:image:width\" content=\"1115\" \/>\n\t\t<meta property=\"og:image:height\" content=\"665\" \/>\n\t\t<meta property=\"article:published_time\" content=\"2025-10-06T16:57:33+00:00\" \/>\n\t\t<meta property=\"article:modified_time\" content=\"2025-10-06T16:57:33+00:00\" \/>\n\t\t<meta property=\"article:publisher\" content=\"https:\/\/www.facebook.com\/Nachofdezber\" \/>\n\t\t<meta property=\"article:author\" content=\"https:\/\/www.facebook.com\/carrenoactualidad\" \/>\n\t\t<meta name=\"twitter:card\" content=\"summary_large_image\" \/>\n\t\t<meta name=\"twitter:site\" content=\"@NabercoDigital\" \/>\n\t\t<meta name=\"twitter:title\" content=\"Vuelan las entradas para el \u00abRock am Ring\u00bb | Cand\u00e1s 365\" \/>\n\t\t<meta name=\"twitter:description\" content=\"N\u00fcrburg\/N\u00faremberg (Alemania), 6 oct (dpa) \u2013 El espect\u00e1culo musical Rock am Ring que se celebrar\u00e1 en junio de 2026 en Alemania con estrellas como Linkin Park\" \/>\n\t\t<meta name=\"twitter:creator\" content=\"@nbasturias\" \/>\n\t\t<meta name=\"twitter:image\" content=\"https:\/\/candas365.es\/noticias\/wp-content\/uploads\/2025\/10\/Rock-am-Ring-.jpg\" \/>\n\t\t<meta name=\"twitter:label1\" content=\"Escrito por\" \/>\n\t\t<meta name=\"twitter:data1\" content=\"Cand\u00e1s 365\" \/>\n\t\t<meta name=\"twitter:label2\" content=\"Tiempo de lectura estimado\" \/>\n\t\t<meta name=\"twitter:data2\" content=\"1 minuto\" \/>\n\t\t<script type=\"application\/ld+json\" class=\"aioseo-schema\">\n\t\t\t{\"@context\":\"https:\\\/\\\/schema.org\",\"@graph\":[{\"@type\":\"BreadcrumbList\",\"@id\":\"https:\\\/\\\/candas365.es\\\/noticias\\\/vuelan-las-entradas-para-el-rock-am-ring\\\/#breadcrumblist\",\"itemListElement\":[{\"@type\":\"ListItem\",\"@id\":\"https:\\\/\\\/candas365.es\\\/noticias#listItem\",\"position\":1,\"name\":\"Home\",\"item\":\"https:\\\/\\\/candas365.es\\\/noticias\",\"nextItem\":{\"@type\":\"ListItem\",\"@id\":\"https:\\\/\\\/candas365.es\\\/noticias\\\/category\\\/revista\\\/#listItem\",\"name\":\"Revista\"}},{\"@type\":\"ListItem\",\"@id\":\"https:\\\/\\\/candas365.es\\\/noticias\\\/category\\\/revista\\\/#listItem\",\"position\":2,\"name\":\"Revista\",\"item\":\"https:\\\/\\\/candas365.es\\\/noticias\\\/category\\\/revista\\\/\",\"nextItem\":{\"@type\":\"ListItem\",\"@id\":\"https:\\\/\\\/candas365.es\\\/noticias\\\/vuelan-las-entradas-para-el-rock-am-ring\\\/#listItem\",\"name\":\"Vuelan las entradas para el \\u00abRock am Ring\\u00bb\"},\"previousItem\":{\"@type\":\"ListItem\",\"@id\":\"https:\\\/\\\/candas365.es\\\/noticias#listItem\",\"name\":\"Home\"}},{\"@type\":\"ListItem\",\"@id\":\"https:\\\/\\\/candas365.es\\\/noticias\\\/vuelan-las-entradas-para-el-rock-am-ring\\\/#listItem\",\"position\":3,\"name\":\"Vuelan las entradas para el \\u00abRock am Ring\\u00bb\",\"previousItem\":{\"@type\":\"ListItem\",\"@id\":\"https:\\\/\\\/candas365.es\\\/noticias\\\/category\\\/revista\\\/#listItem\",\"name\":\"Revista\"}}]},{\"@type\":\"NewsArticle\",\"@id\":\"https:\\\/\\\/candas365.es\\\/noticias\\\/vuelan-las-entradas-para-el-rock-am-ring\\\/#newsarticle\",\"name\":\"Vuelan las entradas para el \\u00abRock am Ring\\u00bb | Cand\\u00e1s 365\",\"headline\":\"Vuelan las entradas para el \\u00abRock am Ring\\u00bb\",\"author\":{\"@id\":\"https:\\\/\\\/candas365.es\\\/noticias\\\/author\\\/admin\\\/#author\"},\"publisher\":{\"@id\":\"https:\\\/\\\/candas365.es\\\/noticias\\\/#organization\"},\"image\":{\"@type\":\"ImageObject\",\"url\":\"https:\\\/\\\/candas365.es\\\/noticias\\\/wp-content\\\/uploads\\\/2025\\\/10\\\/Rock-am-Ring-.jpg\",\"width\":1115,\"height\":665,\"caption\":\"Varios fans el a\\u00f1o pasado en un concierto al aire libre del festival Rock im Park, que se celebra del 5 al 7 de junio, simult\\u00e1neamente al Rock am Ring. Foto: Daniel Karmann\\\/dpa\"},\"datePublished\":\"2025-10-06T18:57:33+02:00\",\"dateModified\":\"2025-10-06T18:57:33+02:00\",\"inLanguage\":\"es-ES\",\"mainEntityOfPage\":{\"@id\":\"https:\\\/\\\/candas365.es\\\/noticias\\\/vuelan-las-entradas-para-el-rock-am-ring\\\/#webpage\"},\"isPartOf\":{\"@id\":\"https:\\\/\\\/candas365.es\\\/noticias\\\/vuelan-las-entradas-para-el-rock-am-ring\\\/#webpage\"},\"articleSection\":\"Revista, Ocio\",\"dateline\":\"Publicado el octubre 6, 2025.\"},{\"@type\":\"Organization\",\"@id\":\"https:\\\/\\\/candas365.es\\\/noticias\\\/#organization\",\"name\":\"Cand\\u00e1s 365\",\"description\":\"Cand\\u00e1s 365 es un diario digital independiente, fundado en 2012, con base en Asturias. Informamos con rigor sobre actualidad, sociedad, cultura y ocio, con una mirada local y global.\",\"url\":\"https:\\\/\\\/candas365.es\\\/noticias\\\/\",\"email\":\"info@candas365.es\",\"telephone\":\"+34652131393\",\"foundingDate\":\"2012-06-10\",\"logo\":{\"@type\":\"ImageObject\",\"url\":\"https:\\\/\\\/candas365.es\\\/noticias\\\/wp-content\\\/uploads\\\/2024\\\/09\\\/Candas-365-Redes.jpg\",\"@id\":\"https:\\\/\\\/candas365.es\\\/noticias\\\/vuelan-las-entradas-para-el-rock-am-ring\\\/#organizationLogo\",\"width\":1152,\"height\":864,\"caption\":\"Cand\\u00e1s 365 Redes\"},\"image\":{\"@id\":\"https:\\\/\\\/candas365.es\\\/noticias\\\/vuelan-las-entradas-para-el-rock-am-ring\\\/#organizationLogo\"},\"sameAs\":[\"https:\\\/\\\/www.facebook.com\\\/Nachofdezber\",\"https:\\\/\\\/x.com\\\/NabercoDigital\",\"https:\\\/\\\/www.instagram.com\\\/nachofdezber\\\/\",\"https:\\\/\\\/www.youtube.com\\\/channel\\\/UCZP-2wLEB9Rv6erhFmqVnvg\"],\"address\":{\"@id\":\"https:\\\/\\\/candas365.es\\\/noticias\\\/#postaladdress\",\"@type\":\"PostalAddress\",\"streetAddress\":\"san antonio 4, san antonio 4\",\"postalCode\":\"33430\",\"addressLocality\":\"Cand\\u00e1s\",\"addressRegion\":\"Asturias\",\"addressCountry\":\"ES\"}},{\"@type\":\"Person\",\"@id\":\"https:\\\/\\\/candas365.es\\\/noticias\\\/author\\\/admin\\\/#author\",\"url\":\"https:\\\/\\\/candas365.es\\\/noticias\\\/author\\\/admin\\\/\",\"name\":\"Cand\\u00e1s 365\",\"image\":{\"@type\":\"ImageObject\",\"@id\":\"https:\\\/\\\/candas365.es\\\/noticias\\\/vuelan-las-entradas-para-el-rock-am-ring\\\/#authorImage\",\"url\":\"https:\\\/\\\/secure.gravatar.com\\\/avatar\\\/496a8e03d0c493ede1718b7934145dbdf8d89be1036b0eec9544e1094c9de390?s=96&d=mm&r=g\",\"width\":96,\"height\":96,\"caption\":\"Cand\\u00e1s 365\"},\"sameAs\":[\"https:\\\/\\\/www.facebook.com\\\/carrenoactualidad\",\"https:\\\/\\\/twitter.com\\\/nbasturias\",\"https:\\\/\\\/www.instagram.com\\\/nachofdezber\\\/\",\"https:\\\/\\\/www.youtube.com\\\/channel\\\/UCZP-2wLEB9Rv6erhFmqVnvg\"]},{\"@type\":\"WebPage\",\"@id\":\"https:\\\/\\\/candas365.es\\\/noticias\\\/vuelan-las-entradas-para-el-rock-am-ring\\\/#webpage\",\"url\":\"https:\\\/\\\/candas365.es\\\/noticias\\\/vuelan-las-entradas-para-el-rock-am-ring\\\/\",\"name\":\"Vuelan las entradas para el \\u00abRock am Ring\\u00bb | Cand\\u00e1s 365\",\"description\":\"N\\u00fcrburg\\\/N\\u00faremberg (Alemania), 6 oct (dpa) \\u2013 El espect\\u00e1culo musical Rock am Ring que se celebrar\\u00e1 en junio de 2026 en Alemania con estrellas como Linkin Park\",\"inLanguage\":\"es-ES\",\"isPartOf\":{\"@id\":\"https:\\\/\\\/candas365.es\\\/noticias\\\/#website\"},\"breadcrumb\":{\"@id\":\"https:\\\/\\\/candas365.es\\\/noticias\\\/vuelan-las-entradas-para-el-rock-am-ring\\\/#breadcrumblist\"},\"author\":{\"@id\":\"https:\\\/\\\/candas365.es\\\/noticias\\\/author\\\/admin\\\/#author\"},\"creator\":{\"@id\":\"https:\\\/\\\/candas365.es\\\/noticias\\\/author\\\/admin\\\/#author\"},\"image\":{\"@type\":\"ImageObject\",\"url\":\"https:\\\/\\\/candas365.es\\\/noticias\\\/wp-content\\\/uploads\\\/2025\\\/10\\\/Rock-am-Ring-.jpg\",\"@id\":\"https:\\\/\\\/candas365.es\\\/noticias\\\/vuelan-las-entradas-para-el-rock-am-ring\\\/#mainImage\",\"width\":1115,\"height\":665,\"caption\":\"Varios fans el a\\u00f1o pasado en un concierto al aire libre del festival Rock im Park, que se celebra del 5 al 7 de junio, simult\\u00e1neamente al Rock am Ring. Foto: Daniel Karmann\\\/dpa\"},\"primaryImageOfPage\":{\"@id\":\"https:\\\/\\\/candas365.es\\\/noticias\\\/vuelan-las-entradas-para-el-rock-am-ring\\\/#mainImage\"},\"datePublished\":\"2025-10-06T18:57:33+02:00\",\"dateModified\":\"2025-10-06T18:57:33+02:00\"},{\"@type\":\"WebSite\",\"@id\":\"https:\\\/\\\/candas365.es\\\/noticias\\\/#website\",\"url\":\"https:\\\/\\\/candas365.es\\\/noticias\\\/\",\"name\":\"Cand\\u00e1s 365\",\"alternateName\":\"Cand\\u00e1s 365 Noticias\",\"description\":\"Actualidad desde Carre\\u00f1o para el mundo\",\"inLanguage\":\"es-ES\",\"publisher\":{\"@id\":\"https:\\\/\\\/candas365.es\\\/noticias\\\/#organization\"}}]}\n\t\t<\/script>\n\t\t<!-- All in One SEO Pro -->\r\n\t\t<title>Vuelan las entradas para el \u00abRock am Ring\u00bb | Cand\u00e1s 365<\/title>\n\n","aioseo_head_json":{"title":"Vuelan las entradas para el \u00abRock am Ring\u00bb | Cand\u00e1s 365","description":"N\u00fcrburg\/N\u00faremberg (Alemania), 6 oct (dpa) \u2013 El espect\u00e1culo musical Rock am Ring que se celebrar\u00e1 en junio de 2026 en Alemania con estrellas como Linkin Park","canonical_url":"https:\/\/candas365.es\/noticias\/vuelan-las-entradas-para-el-rock-am-ring\/","robots":"max-image-preview:large","keywords":"revista","webmasterTools":{"google-site-verification":"UA-32230408-1","msvalidate.01":"354F3CDFB2DA171B47FBE9ABF1F88D5","miscellaneous":""},"schema":{"@context":"https:\/\/schema.org","@graph":[{"@type":"BreadcrumbList","@id":"https:\/\/candas365.es\/noticias\/vuelan-las-entradas-para-el-rock-am-ring\/#breadcrumblist","itemListElement":[{"@type":"ListItem","@id":"https:\/\/candas365.es\/noticias#listItem","position":1,"name":"Home","item":"https:\/\/candas365.es\/noticias","nextItem":{"@type":"ListItem","@id":"https:\/\/candas365.es\/noticias\/category\/revista\/#listItem","name":"Revista"}},{"@type":"ListItem","@id":"https:\/\/candas365.es\/noticias\/category\/revista\/#listItem","position":2,"name":"Revista","item":"https:\/\/candas365.es\/noticias\/category\/revista\/","nextItem":{"@type":"ListItem","@id":"https:\/\/candas365.es\/noticias\/vuelan-las-entradas-para-el-rock-am-ring\/#listItem","name":"Vuelan las entradas para el \u00abRock am Ring\u00bb"},"previousItem":{"@type":"ListItem","@id":"https:\/\/candas365.es\/noticias#listItem","name":"Home"}},{"@type":"ListItem","@id":"https:\/\/candas365.es\/noticias\/vuelan-las-entradas-para-el-rock-am-ring\/#listItem","position":3,"name":"Vuelan las entradas para el \u00abRock am Ring\u00bb","previousItem":{"@type":"ListItem","@id":"https:\/\/candas365.es\/noticias\/category\/revista\/#listItem","name":"Revista"}}]},{"@type":"NewsArticle","@id":"https:\/\/candas365.es\/noticias\/vuelan-las-entradas-para-el-rock-am-ring\/#newsarticle","name":"Vuelan las entradas para el \u00abRock am Ring\u00bb | Cand\u00e1s 365","headline":"Vuelan las entradas para el \u00abRock am Ring\u00bb","author":{"@id":"https:\/\/candas365.es\/noticias\/author\/admin\/#author"},"publisher":{"@id":"https:\/\/candas365.es\/noticias\/#organization"},"image":{"@type":"ImageObject","url":"https:\/\/candas365.es\/noticias\/wp-content\/uploads\/2025\/10\/Rock-am-Ring-.jpg","width":1115,"height":665,"caption":"Varios fans el a\u00f1o pasado en un concierto al aire libre del festival Rock im Park, que se celebra del 5 al 7 de junio, simult\u00e1neamente al Rock am Ring. Foto: Daniel Karmann\/dpa"},"datePublished":"2025-10-06T18:57:33+02:00","dateModified":"2025-10-06T18:57:33+02:00","inLanguage":"es-ES","mainEntityOfPage":{"@id":"https:\/\/candas365.es\/noticias\/vuelan-las-entradas-para-el-rock-am-ring\/#webpage"},"isPartOf":{"@id":"https:\/\/candas365.es\/noticias\/vuelan-las-entradas-para-el-rock-am-ring\/#webpage"},"articleSection":"Revista, Ocio","dateline":"Publicado el octubre 6, 2025."},{"@type":"Organization","@id":"https:\/\/candas365.es\/noticias\/#organization","name":"Cand\u00e1s 365","description":"Cand\u00e1s 365 es un diario digital independiente, fundado en 2012, con base en Asturias. Informamos con rigor sobre actualidad, sociedad, cultura y ocio, con una mirada local y global.","url":"https:\/\/candas365.es\/noticias\/","email":"info@candas365.es","telephone":"+34652131393","foundingDate":"2012-06-10","logo":{"@type":"ImageObject","url":"https:\/\/candas365.es\/noticias\/wp-content\/uploads\/2024\/09\/Candas-365-Redes.jpg","@id":"https:\/\/candas365.es\/noticias\/vuelan-las-entradas-para-el-rock-am-ring\/#organizationLogo","width":1152,"height":864,"caption":"Cand\u00e1s 365 Redes"},"image":{"@id":"https:\/\/candas365.es\/noticias\/vuelan-las-entradas-para-el-rock-am-ring\/#organizationLogo"},"sameAs":["https:\/\/www.facebook.com\/Nachofdezber","https:\/\/x.com\/NabercoDigital","https:\/\/www.instagram.com\/nachofdezber\/","https:\/\/www.youtube.com\/channel\/UCZP-2wLEB9Rv6erhFmqVnvg"],"address":{"@id":"https:\/\/candas365.es\/noticias\/#postaladdress","@type":"PostalAddress","streetAddress":"san antonio 4, san antonio 4","postalCode":"33430","addressLocality":"Cand\u00e1s","addressRegion":"Asturias","addressCountry":"ES"}},{"@type":"Person","@id":"https:\/\/candas365.es\/noticias\/author\/admin\/#author","url":"https:\/\/candas365.es\/noticias\/author\/admin\/","name":"Cand\u00e1s 365","image":{"@type":"ImageObject","@id":"https:\/\/candas365.es\/noticias\/vuelan-las-entradas-para-el-rock-am-ring\/#authorImage","url":"https:\/\/secure.gravatar.com\/avatar\/496a8e03d0c493ede1718b7934145dbdf8d89be1036b0eec9544e1094c9de390?s=96&d=mm&r=g","width":96,"height":96,"caption":"Cand\u00e1s 365"},"sameAs":["https:\/\/www.facebook.com\/carrenoactualidad","https:\/\/twitter.com\/nbasturias","https:\/\/www.instagram.com\/nachofdezber\/","https:\/\/www.youtube.com\/channel\/UCZP-2wLEB9Rv6erhFmqVnvg"]},{"@type":"WebPage","@id":"https:\/\/candas365.es\/noticias\/vuelan-las-entradas-para-el-rock-am-ring\/#webpage","url":"https:\/\/candas365.es\/noticias\/vuelan-las-entradas-para-el-rock-am-ring\/","name":"Vuelan las entradas para el \u00abRock am Ring\u00bb | Cand\u00e1s 365","description":"N\u00fcrburg\/N\u00faremberg (Alemania), 6 oct (dpa) \u2013 El espect\u00e1culo musical Rock am Ring que se celebrar\u00e1 en junio de 2026 en Alemania con estrellas como Linkin Park","inLanguage":"es-ES","isPartOf":{"@id":"https:\/\/candas365.es\/noticias\/#website"},"breadcrumb":{"@id":"https:\/\/candas365.es\/noticias\/vuelan-las-entradas-para-el-rock-am-ring\/#breadcrumblist"},"author":{"@id":"https:\/\/candas365.es\/noticias\/author\/admin\/#author"},"creator":{"@id":"https:\/\/candas365.es\/noticias\/author\/admin\/#author"},"image":{"@type":"ImageObject","url":"https:\/\/candas365.es\/noticias\/wp-content\/uploads\/2025\/10\/Rock-am-Ring-.jpg","@id":"https:\/\/candas365.es\/noticias\/vuelan-las-entradas-para-el-rock-am-ring\/#mainImage","width":1115,"height":665,"caption":"Varios fans el a\u00f1o pasado en un concierto al aire libre del festival Rock im Park, que se celebra del 5 al 7 de junio, simult\u00e1neamente al Rock am Ring. Foto: Daniel Karmann\/dpa"},"primaryImageOfPage":{"@id":"https:\/\/candas365.es\/noticias\/vuelan-las-entradas-para-el-rock-am-ring\/#mainImage"},"datePublished":"2025-10-06T18:57:33+02:00","dateModified":"2025-10-06T18:57:33+02:00"},{"@type":"WebSite","@id":"https:\/\/candas365.es\/noticias\/#website","url":"https:\/\/candas365.es\/noticias\/","name":"Cand\u00e1s 365","alternateName":"Cand\u00e1s 365 Noticias","description":"Actualidad desde Carre\u00f1o para el mundo","inLanguage":"es-ES","publisher":{"@id":"https:\/\/candas365.es\/noticias\/#organization"}}]},"og:locale":"es_ES","og:site_name":"Cand\u00e1s 365","og:type":"article","og:title":"Vuelan las entradas para el \u00abRock am Ring\u00bb | Cand\u00e1s 365","og:description":"N\u00fcrburg\/N\u00faremberg (Alemania), 6 oct (dpa) \u2013 El espect\u00e1culo musical Rock am Ring que se celebrar\u00e1 en junio de 2026 en Alemania con estrellas como Linkin Park","og:url":"https:\/\/candas365.es\/noticias\/vuelan-las-entradas-para-el-rock-am-ring\/","og:image":"https:\/\/candas365.es\/noticias\/wp-content\/uploads\/2025\/10\/Rock-am-Ring-.jpg","og:image:secure_url":"https:\/\/candas365.es\/noticias\/wp-content\/uploads\/2025\/10\/Rock-am-Ring-.jpg","og:image:width":1115,"og:image:height":665,"article:published_time":"2025-10-06T16:57:33+00:00","article:modified_time":"2025-10-06T16:57:33+00:00","article:publisher":"https:\/\/www.facebook.com\/Nachofdezber","article:author":"https:\/\/www.facebook.com\/carrenoactualidad","twitter:card":"summary_large_image","twitter:site":"@NabercoDigital","twitter:title":"Vuelan las entradas para el \u00abRock am Ring\u00bb | Cand\u00e1s 365","twitter:description":"N\u00fcrburg\/N\u00faremberg (Alemania), 6 oct (dpa) \u2013 El espect\u00e1culo musical Rock am Ring que se celebrar\u00e1 en junio de 2026 en Alemania con estrellas como Linkin Park","twitter:creator":"@nbasturias","twitter:image":"https:\/\/candas365.es\/noticias\/wp-content\/uploads\/2025\/10\/Rock-am-Ring-.jpg","twitter:label1":"Escrito por","twitter:data1":"Cand\u00e1s 365","twitter:label2":"Tiempo de lectura estimado","twitter:data2":"1 minuto"},"aioseo_meta_data":{"post_id":"188693","title":null,"description":"N\u00fcrburg\/N\u00faremberg (Alemania), 6 oct (dpa) \u2013 El espect\u00e1culo musical Rock am Ring que se celebrar\u00e1 en junio de 2026 en Alemania con estrellas como Linkin Park","keywords":null,"keyphrases":{"focus":{"keyphrase":"Rock am Ring","score":100,"analysis":{"keyphraseInTitle":{"score":9,"maxScore":9,"error":0},"keyphraseInDescription":{"score":9,"maxScore":9,"error":0},"keyphraseLength":{"score":9,"maxScore":9,"error":0,"length":3},"keyphraseInURL":{"score":5,"maxScore":5,"error":0},"keyphraseInIntroduction":{"score":9,"maxScore":9,"error":0},"keyphraseInSubHeadings":[],"keyphraseInImageAlt":{"score":9,"maxScore":9,"error":0},"keywordDensity":{"type":"best","score":9,"maxScore":9,"error":0}}},"additional":[{"keyphrase":"Rock am Ring","score":100,"analysis":{"keyphraseInDescription":{"score":9,"maxScore":9,"error":0},"keyphraseLength":{"score":9,"maxScore":9,"error":0,"length":3},"keyphraseInIntroduction":{"score":9,"maxScore":9,"error":0},"keyphraseInImageAlt":{"score":9,"maxScore":9,"error":0},"keywordDensity":{"type":"best","score":9,"maxScore":9,"error":0}}}]},"primary_term":null,"canonical_url":null,"og_title":null,"og_description":null,"og_object_type":"default","og_image_type":"default","og_image_url":null,"og_image_width":null,"og_image_height":null,"og_image_custom_url":null,"og_image_custom_fields":null,"og_video":"","og_custom_url":null,"og_article_section":null,"og_article_tags":null,"twitter_use_og":false,"twitter_card":"default","twitter_image_type":"default","twitter_image_url":null,"twitter_image_custom_url":null,"twitter_image_custom_fields":null,"twitter_title":null,"twitter_description":null,"schema":{"blockGraphs":[],"customGraphs":[],"default":{"data":{"Article":[],"Course":[],"Dataset":[],"FAQPage":[],"Movie":[],"Person":[],"Product":[],"ProductReview":[],"Car":[],"Recipe":[],"Service":[],"SoftwareApplication":[],"WebPage":[]},"graphName":"Article","isEnabled":true},"graphs":[]},"schema_type":"default","schema_type_options":null,"pillar_content":false,"robots_default":true,"robots_noindex":false,"robots_noarchive":false,"robots_nosnippet":false,"robots_nofollow":false,"robots_noimageindex":false,"robots_noodp":false,"robots_notranslate":false,"robots_max_snippet":"-1","robots_max_videopreview":"-1","robots_max_imagepreview":"large","priority":null,"frequency":"default","location":null,"local_seo":null,"seo_analyzer_scan_date":"2025-10-06 17:01:21","breadcrumb_settings":null,"limit_modified_date":false,"reviewed_by":null,"open_ai":null,"ai":{"faqs":[],"keyPoints":[],"titles":[],"descriptions":[],"socialPosts":{"email":[],"linkedin":[],"twitter":[],"facebook":[],"instagram":[]}},"created":"2025-10-06 16:51:07","updated":"2025-10-06 17:01:21"},"aioseo_breadcrumb":"<div class=\"aioseo-breadcrumbs\"><span class=\"aioseo-breadcrumb\">\n\t<a href=\"https:\/\/candas365.es\/noticias\" title=\"Home\">Home<\/a>\n<\/span><span class=\"aioseo-breadcrumb-separator\">&ndash;<\/span><span class=\"aioseo-breadcrumb\">\n\t<a href=\"https:\/\/candas365.es\/noticias\/category\/revista\/\" title=\"Revista\">Revista<\/a>\n<\/span><span class=\"aioseo-breadcrumb-separator\">&ndash;<\/span><span class=\"aioseo-breadcrumb\">\n\tVuelan las entradas para el \u00abRock am Ring\u00bb\n<\/span><\/div>","aioseo_breadcrumb_json":[{"label":"Home","link":"https:\/\/candas365.es\/noticias"},{"label":"Revista","link":"https:\/\/candas365.es\/noticias\/category\/revista\/"},{"label":"Vuelan las entradas para el \u00abRock am Ring\u00bb","link":"https:\/\/candas365.es\/noticias\/vuelan-las-entradas-para-el-rock-am-ring\/"}],"_links":{"self":[{"href":"https:\/\/candas365.es\/noticias\/wp-json\/wp\/v2\/posts\/188693","targetHints":{"allow":["GET"]}}],"collection":[{"href":"https:\/\/candas365.es\/noticias\/wp-json\/wp\/v2\/posts"}],"about":[{"href":"https:\/\/candas365.es\/noticias\/wp-json\/wp\/v2\/types\/post"}],"author":[{"embeddable":true,"href":"https:\/\/candas365.es\/noticias\/wp-json\/wp\/v2\/users\/1"}],"replies":[{"embeddable":true,"href":"https:\/\/candas365.es\/noticias\/wp-json\/wp\/v2\/comments?post=188693"}],"version-history":[{"count":0,"href":"https:\/\/candas365.es\/noticias\/wp-json\/wp\/v2\/posts\/188693\/revisions"}],"wp:featuredmedia":[{"embeddable":true,"href":"https:\/\/candas365.es\/noticias\/wp-json\/wp\/v2\/media\/188694"}],"wp:attachment":[{"href":"https:\/\/candas365.es\/noticias\/wp-json\/wp\/v2\/media?parent=188693"}],"wp:term":[{"taxonomy":"category","embeddable":true,"href":"https:\/\/candas365.es\/noticias\/wp-json\/wp\/v2\/categories?post=188693"},{"taxonomy":"post_tag","embeddable":true,"href":"https:\/\/candas365.es\/noticias\/wp-json\/wp\/v2\/tags?post=188693"}],"curies":[{"name":"wp","href":"https:\/\/api.w.org\/{rel}","templated":true}]}}