{"id":188687,"date":"2025-10-06T18:42:59","date_gmt":"2025-10-06T16:42:59","guid":{"rendered":"https:\/\/candas365.es\/noticias\/?p=188687"},"modified":"2025-10-06T18:42:59","modified_gmt":"2025-10-06T16:42:59","slug":"johann-wadephul-semana-decisiva-para-la-paz","status":"publish","type":"post","link":"https:\/\/candas365.es\/noticias\/johann-wadephul-semana-decisiva-para-la-paz\/","title":{"rendered":"Johann Wadephul: Semana \u00abdecisiva\u00bb para la paz"},"content":{"rendered":"<p>Tel Aviv\/Kuwait, 6 oct (<a href=\"https:\/\/www.dpa-news.de\/\" target=\"_blank\" rel=\"noopener\"><span style=\"color: #ff6600;\"><strong>dpa<\/strong><\/span><\/a>) &#8211; El ministro alem\u00e1n de Asuntos Exteriores, Johann Wadephul, asegur\u00f3 hoy que esta semana es \u00abdecisiva\u00bb para que la primera fase del <span style=\"color: #ff6600;\"><a style=\"color: #ff6600;\" href=\"https:\/\/candas365.es\/noticias\/category\/internacional\/\"><strong>plan de paz en la Franja de Gaza<\/strong><\/a><\/span> \u00abpueda tener \u00e9xito\u00bb.<\/p>\n<figure id=\"attachment_188688\" aria-describedby=\"caption-attachment-188688\" style=\"width: 650px\" class=\"wp-caption aligncenter\"><img fetchpriority=\"high\" decoding=\"async\" class=\"size-large wp-image-188688\" src=\"https:\/\/candas365.es\/noticias\/wp-content\/uploads\/2025\/10\/Wadephul-650x429.jpg\" alt=\"Wadephul\" width=\"650\" height=\"429\" srcset=\"https:\/\/candas365.es\/noticias\/wp-content\/uploads\/2025\/10\/Wadephul-650x429.jpg 650w, https:\/\/candas365.es\/noticias\/wp-content\/uploads\/2025\/10\/Wadephul-360x237.jpg 360w, https:\/\/candas365.es\/noticias\/wp-content\/uploads\/2025\/10\/Wadephul-768x507.jpg 768w, https:\/\/candas365.es\/noticias\/wp-content\/uploads\/2025\/10\/Wadephul-150x99.jpg 150w, https:\/\/candas365.es\/noticias\/wp-content\/uploads\/2025\/10\/Wadephul-450x297.jpg 450w, https:\/\/candas365.es\/noticias\/wp-content\/uploads\/2025\/10\/Wadephul.jpg 1031w\" sizes=\"(max-width: 650px) 100vw, 650px\" \/><figcaption id=\"caption-attachment-188688\" class=\"wp-caption-text\">El ministro alem\u00e1n de Asuntos Exteriores, Johann Wadephul, firma un \u00abmemorando de entendimiento\u00bb en Kuwait antes de su reuni\u00f3n con su colega kuwait\u00ed, Abdul\u00e1 Al\u00ed al Yahya (no aparece en la foto). Foto: Soeren Stache\/dpa<\/figcaption><\/figure>\n<p>Seg\u00fan declar\u00f3 en Kuwait el jefe de la diplomacia alemana, esta semana es clave \u00abpara que los rehenes sean liberados, para que la ayuda humanitaria llegue a la Franja de Gaza y para que se acuerde realmente un alto el fuego. \u00abPara ello, cualquier esfuerzo merece la pena\u00bb, a\u00f1adi\u00f3.<\/p>\n<p>El ministro ya anunci\u00f3 que Alemania participar\u00e1 en la implementaci\u00f3n de un plan de paz, por ejemplo, con ayuda humanitaria.<\/p>\n<p>Ayer, Wadephul declar\u00f3 que Alemania tambi\u00e9n est\u00e1 dispuesta a asumir responsabilidades en un consejo de paz en una fase posterior de la implementaci\u00f3n del plan del presidente estadounidense, Donald Trump, \u00absi ambas partes as\u00ed lo desean\u00bb.<\/p>\n<p>Wadephul continu\u00f3 hoy su viaje por Oriente Pr\u00f3ximo viajando a Israel, para mantener conversaciones sobre la aplicaci\u00f3n del plan de paz para Gaza.<\/p>\n<p>El ministro se reuni\u00f3 en Tel Aviv con su hom\u00f3logo, Gideon Saar, para hablar sobre el estado de la mediaci\u00f3n entre los negociadores de Israel y el grupo islamista Ham\u00e1s en Egipto. A continuaci\u00f3n, ten\u00eda previsto reunirse con familiares de rehenes en manos del grupo islamista Ham\u00e1s.<\/p>\n<p>Desde Israel, el ministro tiene previsto volar a El Cairo, donde ma\u00f1ana martes se reunir\u00e1 con su hom\u00f3logo egipcio, Badr Abdel-Atti, para dialogar sobre la situaci\u00f3n actual de las negociaciones.<\/p>\n<p>Los negociadores de Israel y del grupo islamista Ham\u00e1s comenzaron hoy en Egipto las conversaciones indirectas sobre la aplicaci\u00f3n del plan de paz de Trump.<\/p>\n<h2>Ataques de los hut\u00edes<\/h2>\n<p>Adem\u00e1s, con su visita a la regi\u00f3n, el ministro alem\u00e1n busca profundizar la cooperaci\u00f3n con los principales Estados del Golfo para garantizar la seguridad de las rutas mar\u00edtimas y combatir las pol\u00edticas desestabilizadoras de Ir\u00e1n.<\/p>\n<p>La milicia hut\u00ed de Yemen amenaza como organizaci\u00f3n terrorista no solo a Israel, sino tambi\u00e9n a la libre circulaci\u00f3n de mercanc\u00edas en el mar Rojo, sostuvo Wadephul en Kuwait, al margen de las consultas entre los ministros de Asuntos Exteriores de la Uni\u00f3n Europea (UE) y el Consejo de Cooperaci\u00f3n del Golfo (CCG).<\/p>\n<p>El ministro agreg\u00f3 que esto afecta tanto a los Estados del Golfo como a Europa, por lo cual pidi\u00f3 que se tomen medidas para poner fin a los ataques hut\u00edes.<\/p>\n<p>Hoy por la ma\u00f1ana, Wadephul se reuni\u00f3 en primer lugar con su hom\u00f3logo kuwait\u00ed, Abdul\u00e1 Al\u00ed al Yahya, para mantener un intercambio bilateral.<\/p>\n<p>El CCG, fundado en 1981, incluye a los Emiratos \u00c1rabes Unidos, Bar\u00e9in, Kuwait, Om\u00e1n, Catar y Arabia Saud\u00ed. Entre sus objetivos se encuentra la cooperaci\u00f3n en materia de pol\u00edtica exterior y de seguridad.<\/p>\n","protected":false},"excerpt":{"rendered":"<p>Tel Aviv\/Kuwait, 6 oct (dpa) &#8211; El ministro alem\u00e1n de Asuntos Exteriores, Johann Wadephul, asegur\u00f3 hoy que esta semana es \u00abdecisiva\u00bb para que la primera fase del plan de paz en la Franja de Gaza \u00abpueda tener \u00e9xito\u00bb. Seg\u00fan declar\u00f3 en Kuwait el jefe de la diplomacia alemana, esta semana es clave \u00abpara que los<\/p>\n","protected":false},"author":1,"featured_media":188688,"comment_status":"closed","ping_status":"closed","sticky":false,"template":"","format":"standard","meta":{"footnotes":""},"categories":[316,485],"tags":[417,464,418],"class_list":{"0":"post-188687","1":"post","2":"type-post","3":"status-publish","4":"format-standard","5":"has-post-thumbnail","7":"category-destacadas","8":"category-internacional","9":"tag-alemania","10":"tag-conflictos","11":"tag-internacional"},"aioseo_notices":[],"aioseo_head":"\n\t\t<!-- All in One SEO Pro 4.9.6.2 - aioseo.com -->\n\t<meta name=\"description\" content=\"Tel Aviv\/Kuwait, 6 oct (dpa) - El ministro alem\u00e1n de Asuntos Exteriores, Johann Wadephul, asegur\u00f3 hoy que esta semana es &quot;decisiva&quot; para que la primera\" \/>\n\t<meta name=\"robots\" content=\"max-image-preview:large\" \/>\n\t<meta name=\"author\" content=\"Cand\u00e1s 365\"\/>\n\t<meta name=\"google-site-verification\" content=\"UA-32230408-1\" \/>\n\t<meta name=\"msvalidate.01\" content=\"354F3CDFB2DA171B47FBE9ABF1F88D5\" \/>\n\t<meta name=\"keywords\" content=\"destacadas,internacional\" \/>\n\t<link rel=\"canonical\" href=\"https:\/\/candas365.es\/noticias\/johann-wadephul-semana-decisiva-para-la-paz\/\" \/>\n\t<meta name=\"generator\" content=\"All in One SEO Pro (AIOSEO) 4.9.6.2\" \/>\n\t\t<meta property=\"og:locale\" content=\"es_ES\" \/>\n\t\t<meta property=\"og:site_name\" content=\"Cand\u00e1s 365\" \/>\n\t\t<meta property=\"og:type\" content=\"article\" \/>\n\t\t<meta property=\"og:title\" content=\"Johann Wadephul: Semana \u00abdecisiva\u00bb para la paz | Cand\u00e1s 365\" \/>\n\t\t<meta property=\"og:description\" content=\"Tel Aviv\/Kuwait, 6 oct (dpa) - El ministro alem\u00e1n de Asuntos Exteriores, Johann Wadephul, asegur\u00f3 hoy que esta semana es &quot;decisiva&quot; para que la primera\" \/>\n\t\t<meta property=\"og:url\" content=\"https:\/\/candas365.es\/noticias\/johann-wadephul-semana-decisiva-para-la-paz\/\" \/>\n\t\t<meta property=\"og:image\" content=\"https:\/\/candas365.es\/noticias\/wp-content\/uploads\/2025\/10\/Wadephul.jpg\" \/>\n\t\t<meta property=\"og:image:secure_url\" content=\"https:\/\/candas365.es\/noticias\/wp-content\/uploads\/2025\/10\/Wadephul.jpg\" \/>\n\t\t<meta property=\"og:image:width\" content=\"1031\" \/>\n\t\t<meta property=\"og:image:height\" content=\"680\" \/>\n\t\t<meta property=\"article:published_time\" content=\"2025-10-06T16:42:59+00:00\" \/>\n\t\t<meta property=\"article:modified_time\" content=\"2025-10-06T16:42:59+00:00\" \/>\n\t\t<meta property=\"article:publisher\" content=\"https:\/\/www.facebook.com\/Nachofdezber\" \/>\n\t\t<meta property=\"article:author\" content=\"https:\/\/www.facebook.com\/carrenoactualidad\" \/>\n\t\t<meta name=\"twitter:card\" content=\"summary_large_image\" \/>\n\t\t<meta name=\"twitter:site\" content=\"@NabercoDigital\" \/>\n\t\t<meta name=\"twitter:title\" content=\"Johann Wadephul: Semana \u00abdecisiva\u00bb para la paz | Cand\u00e1s 365\" \/>\n\t\t<meta name=\"twitter:description\" content=\"Tel Aviv\/Kuwait, 6 oct (dpa) - El ministro alem\u00e1n de Asuntos Exteriores, Johann Wadephul, asegur\u00f3 hoy que esta semana es &quot;decisiva&quot; para que la primera\" \/>\n\t\t<meta name=\"twitter:creator\" content=\"@nbasturias\" \/>\n\t\t<meta name=\"twitter:image\" content=\"https:\/\/candas365.es\/noticias\/wp-content\/uploads\/2025\/10\/Wadephul.jpg\" \/>\n\t\t<meta name=\"twitter:label1\" content=\"Escrito por\" \/>\n\t\t<meta name=\"twitter:data1\" content=\"Cand\u00e1s 365\" \/>\n\t\t<meta name=\"twitter:label2\" content=\"Tiempo de lectura estimado\" \/>\n\t\t<meta name=\"twitter:data2\" content=\"3 minutos\" \/>\n\t\t<script type=\"application\/ld+json\" class=\"aioseo-schema\">\n\t\t\t{\"@context\":\"https:\\\/\\\/schema.org\",\"@graph\":[{\"@type\":\"BreadcrumbList\",\"@id\":\"https:\\\/\\\/candas365.es\\\/noticias\\\/johann-wadephul-semana-decisiva-para-la-paz\\\/#breadcrumblist\",\"itemListElement\":[{\"@type\":\"ListItem\",\"@id\":\"https:\\\/\\\/candas365.es\\\/noticias#listItem\",\"position\":1,\"name\":\"Home\",\"item\":\"https:\\\/\\\/candas365.es\\\/noticias\",\"nextItem\":{\"@type\":\"ListItem\",\"@id\":\"https:\\\/\\\/candas365.es\\\/noticias\\\/category\\\/destacadas\\\/#listItem\",\"name\":\"Destacadas\"}},{\"@type\":\"ListItem\",\"@id\":\"https:\\\/\\\/candas365.es\\\/noticias\\\/category\\\/destacadas\\\/#listItem\",\"position\":2,\"name\":\"Destacadas\",\"item\":\"https:\\\/\\\/candas365.es\\\/noticias\\\/category\\\/destacadas\\\/\",\"nextItem\":{\"@type\":\"ListItem\",\"@id\":\"https:\\\/\\\/candas365.es\\\/noticias\\\/johann-wadephul-semana-decisiva-para-la-paz\\\/#listItem\",\"name\":\"Johann Wadephul: Semana \\u00abdecisiva\\u00bb para la paz\"},\"previousItem\":{\"@type\":\"ListItem\",\"@id\":\"https:\\\/\\\/candas365.es\\\/noticias#listItem\",\"name\":\"Home\"}},{\"@type\":\"ListItem\",\"@id\":\"https:\\\/\\\/candas365.es\\\/noticias\\\/johann-wadephul-semana-decisiva-para-la-paz\\\/#listItem\",\"position\":3,\"name\":\"Johann Wadephul: Semana \\u00abdecisiva\\u00bb para la paz\",\"previousItem\":{\"@type\":\"ListItem\",\"@id\":\"https:\\\/\\\/candas365.es\\\/noticias\\\/category\\\/destacadas\\\/#listItem\",\"name\":\"Destacadas\"}}]},{\"@type\":\"NewsArticle\",\"@id\":\"https:\\\/\\\/candas365.es\\\/noticias\\\/johann-wadephul-semana-decisiva-para-la-paz\\\/#newsarticle\",\"name\":\"Johann Wadephul: Semana \\u00abdecisiva\\u00bb para la paz | Cand\\u00e1s 365\",\"headline\":\"Johann Wadephul: Semana \\u00abdecisiva\\u00bb para la paz\",\"author\":{\"@id\":\"https:\\\/\\\/candas365.es\\\/noticias\\\/author\\\/admin\\\/#author\"},\"publisher\":{\"@id\":\"https:\\\/\\\/candas365.es\\\/noticias\\\/#organization\"},\"image\":{\"@type\":\"ImageObject\",\"url\":\"https:\\\/\\\/candas365.es\\\/noticias\\\/wp-content\\\/uploads\\\/2025\\\/10\\\/Wadephul.jpg\",\"width\":1031,\"height\":680,\"caption\":\"El ministro alem\\u00e1n de Asuntos Exteriores, Johann Wadephul, firma un \\\"memorando de entendimiento\\\" en Kuwait antes de su reuni\\u00f3n con su colega kuwait\\u00ed, Abdul\\u00e1 Al\\u00ed al Yahya (no aparece en la foto). Foto: Soeren Stache\\\/dpa\"},\"datePublished\":\"2025-10-06T18:42:59+02:00\",\"dateModified\":\"2025-10-06T18:42:59+02:00\",\"inLanguage\":\"es-ES\",\"mainEntityOfPage\":{\"@id\":\"https:\\\/\\\/candas365.es\\\/noticias\\\/johann-wadephul-semana-decisiva-para-la-paz\\\/#webpage\"},\"isPartOf\":{\"@id\":\"https:\\\/\\\/candas365.es\\\/noticias\\\/johann-wadephul-semana-decisiva-para-la-paz\\\/#webpage\"},\"articleSection\":\"Destacadas, Internacional, Alemania, conflictos, Internacional\",\"dateline\":\"Publicado el octubre 6, 2025.\"},{\"@type\":\"Organization\",\"@id\":\"https:\\\/\\\/candas365.es\\\/noticias\\\/#organization\",\"name\":\"Cand\\u00e1s 365\",\"description\":\"Cand\\u00e1s 365 es un diario digital independiente, fundado en 2012, con base en Asturias. Informamos con rigor sobre actualidad, sociedad, cultura y ocio, con una mirada local y global.\",\"url\":\"https:\\\/\\\/candas365.es\\\/noticias\\\/\",\"email\":\"info@candas365.es\",\"telephone\":\"+34652131393\",\"foundingDate\":\"2012-06-10\",\"logo\":{\"@type\":\"ImageObject\",\"url\":\"https:\\\/\\\/candas365.es\\\/noticias\\\/wp-content\\\/uploads\\\/2024\\\/09\\\/Candas-365-Redes.jpg\",\"@id\":\"https:\\\/\\\/candas365.es\\\/noticias\\\/johann-wadephul-semana-decisiva-para-la-paz\\\/#organizationLogo\",\"width\":1152,\"height\":864,\"caption\":\"Cand\\u00e1s 365 Redes\"},\"image\":{\"@id\":\"https:\\\/\\\/candas365.es\\\/noticias\\\/johann-wadephul-semana-decisiva-para-la-paz\\\/#organizationLogo\"},\"sameAs\":[\"https:\\\/\\\/www.facebook.com\\\/Nachofdezber\",\"https:\\\/\\\/x.com\\\/NabercoDigital\",\"https:\\\/\\\/www.instagram.com\\\/nachofdezber\\\/\",\"https:\\\/\\\/www.youtube.com\\\/channel\\\/UCZP-2wLEB9Rv6erhFmqVnvg\"],\"address\":{\"@id\":\"https:\\\/\\\/candas365.es\\\/noticias\\\/#postaladdress\",\"@type\":\"PostalAddress\",\"streetAddress\":\"san antonio 4, san antonio 4\",\"postalCode\":\"33430\",\"addressLocality\":\"Cand\\u00e1s\",\"addressRegion\":\"Asturias\",\"addressCountry\":\"ES\"}},{\"@type\":\"Person\",\"@id\":\"https:\\\/\\\/candas365.es\\\/noticias\\\/author\\\/admin\\\/#author\",\"url\":\"https:\\\/\\\/candas365.es\\\/noticias\\\/author\\\/admin\\\/\",\"name\":\"Cand\\u00e1s 365\",\"image\":{\"@type\":\"ImageObject\",\"@id\":\"https:\\\/\\\/candas365.es\\\/noticias\\\/johann-wadephul-semana-decisiva-para-la-paz\\\/#authorImage\",\"url\":\"https:\\\/\\\/secure.gravatar.com\\\/avatar\\\/496a8e03d0c493ede1718b7934145dbdf8d89be1036b0eec9544e1094c9de390?s=96&d=mm&r=g\",\"width\":96,\"height\":96,\"caption\":\"Cand\\u00e1s 365\"},\"sameAs\":[\"https:\\\/\\\/www.facebook.com\\\/carrenoactualidad\",\"https:\\\/\\\/twitter.com\\\/nbasturias\",\"https:\\\/\\\/www.instagram.com\\\/nachofdezber\\\/\",\"https:\\\/\\\/www.youtube.com\\\/channel\\\/UCZP-2wLEB9Rv6erhFmqVnvg\"]},{\"@type\":\"WebPage\",\"@id\":\"https:\\\/\\\/candas365.es\\\/noticias\\\/johann-wadephul-semana-decisiva-para-la-paz\\\/#webpage\",\"url\":\"https:\\\/\\\/candas365.es\\\/noticias\\\/johann-wadephul-semana-decisiva-para-la-paz\\\/\",\"name\":\"Johann Wadephul: Semana \\u00abdecisiva\\u00bb para la paz | Cand\\u00e1s 365\",\"description\":\"Tel Aviv\\\/Kuwait, 6 oct (dpa) - El ministro alem\\u00e1n de Asuntos Exteriores, Johann Wadephul, asegur\\u00f3 hoy que esta semana es \\\"decisiva\\\" para que la primera\",\"inLanguage\":\"es-ES\",\"isPartOf\":{\"@id\":\"https:\\\/\\\/candas365.es\\\/noticias\\\/#website\"},\"breadcrumb\":{\"@id\":\"https:\\\/\\\/candas365.es\\\/noticias\\\/johann-wadephul-semana-decisiva-para-la-paz\\\/#breadcrumblist\"},\"author\":{\"@id\":\"https:\\\/\\\/candas365.es\\\/noticias\\\/author\\\/admin\\\/#author\"},\"creator\":{\"@id\":\"https:\\\/\\\/candas365.es\\\/noticias\\\/author\\\/admin\\\/#author\"},\"image\":{\"@type\":\"ImageObject\",\"url\":\"https:\\\/\\\/candas365.es\\\/noticias\\\/wp-content\\\/uploads\\\/2025\\\/10\\\/Wadephul.jpg\",\"@id\":\"https:\\\/\\\/candas365.es\\\/noticias\\\/johann-wadephul-semana-decisiva-para-la-paz\\\/#mainImage\",\"width\":1031,\"height\":680,\"caption\":\"El ministro alem\\u00e1n de Asuntos Exteriores, Johann Wadephul, firma un \\\"memorando de entendimiento\\\" en Kuwait antes de su reuni\\u00f3n con su colega kuwait\\u00ed, Abdul\\u00e1 Al\\u00ed al Yahya (no aparece en la foto). Foto: Soeren Stache\\\/dpa\"},\"primaryImageOfPage\":{\"@id\":\"https:\\\/\\\/candas365.es\\\/noticias\\\/johann-wadephul-semana-decisiva-para-la-paz\\\/#mainImage\"},\"datePublished\":\"2025-10-06T18:42:59+02:00\",\"dateModified\":\"2025-10-06T18:42:59+02:00\"},{\"@type\":\"WebSite\",\"@id\":\"https:\\\/\\\/candas365.es\\\/noticias\\\/#website\",\"url\":\"https:\\\/\\\/candas365.es\\\/noticias\\\/\",\"name\":\"Cand\\u00e1s 365\",\"alternateName\":\"Cand\\u00e1s 365 Noticias\",\"description\":\"Actualidad desde Carre\\u00f1o para el mundo\",\"inLanguage\":\"es-ES\",\"publisher\":{\"@id\":\"https:\\\/\\\/candas365.es\\\/noticias\\\/#organization\"}}]}\n\t\t<\/script>\n\t\t<!-- All in One SEO Pro -->\r\n\t\t<title>Johann Wadephul: Semana \u00abdecisiva\u00bb para la paz | Cand\u00e1s 365<\/title>\n\n","aioseo_head_json":{"title":"Johann Wadephul: Semana \u00abdecisiva\u00bb para la paz | Cand\u00e1s 365","description":"Tel Aviv\/Kuwait, 6 oct (dpa) - El ministro alem\u00e1n de Asuntos Exteriores, Johann Wadephul, asegur\u00f3 hoy que esta semana es \"decisiva\" para que la primera","canonical_url":"https:\/\/candas365.es\/noticias\/johann-wadephul-semana-decisiva-para-la-paz\/","robots":"max-image-preview:large","keywords":"destacadas,internacional","webmasterTools":{"google-site-verification":"UA-32230408-1","msvalidate.01":"354F3CDFB2DA171B47FBE9ABF1F88D5","miscellaneous":""},"schema":{"@context":"https:\/\/schema.org","@graph":[{"@type":"BreadcrumbList","@id":"https:\/\/candas365.es\/noticias\/johann-wadephul-semana-decisiva-para-la-paz\/#breadcrumblist","itemListElement":[{"@type":"ListItem","@id":"https:\/\/candas365.es\/noticias#listItem","position":1,"name":"Home","item":"https:\/\/candas365.es\/noticias","nextItem":{"@type":"ListItem","@id":"https:\/\/candas365.es\/noticias\/category\/destacadas\/#listItem","name":"Destacadas"}},{"@type":"ListItem","@id":"https:\/\/candas365.es\/noticias\/category\/destacadas\/#listItem","position":2,"name":"Destacadas","item":"https:\/\/candas365.es\/noticias\/category\/destacadas\/","nextItem":{"@type":"ListItem","@id":"https:\/\/candas365.es\/noticias\/johann-wadephul-semana-decisiva-para-la-paz\/#listItem","name":"Johann Wadephul: Semana \u00abdecisiva\u00bb para la paz"},"previousItem":{"@type":"ListItem","@id":"https:\/\/candas365.es\/noticias#listItem","name":"Home"}},{"@type":"ListItem","@id":"https:\/\/candas365.es\/noticias\/johann-wadephul-semana-decisiva-para-la-paz\/#listItem","position":3,"name":"Johann Wadephul: Semana \u00abdecisiva\u00bb para la paz","previousItem":{"@type":"ListItem","@id":"https:\/\/candas365.es\/noticias\/category\/destacadas\/#listItem","name":"Destacadas"}}]},{"@type":"NewsArticle","@id":"https:\/\/candas365.es\/noticias\/johann-wadephul-semana-decisiva-para-la-paz\/#newsarticle","name":"Johann Wadephul: Semana \u00abdecisiva\u00bb para la paz | Cand\u00e1s 365","headline":"Johann Wadephul: Semana \u00abdecisiva\u00bb para la paz","author":{"@id":"https:\/\/candas365.es\/noticias\/author\/admin\/#author"},"publisher":{"@id":"https:\/\/candas365.es\/noticias\/#organization"},"image":{"@type":"ImageObject","url":"https:\/\/candas365.es\/noticias\/wp-content\/uploads\/2025\/10\/Wadephul.jpg","width":1031,"height":680,"caption":"El ministro alem\u00e1n de Asuntos Exteriores, Johann Wadephul, firma un \"memorando de entendimiento\" en Kuwait antes de su reuni\u00f3n con su colega kuwait\u00ed, Abdul\u00e1 Al\u00ed al Yahya (no aparece en la foto). Foto: Soeren Stache\/dpa"},"datePublished":"2025-10-06T18:42:59+02:00","dateModified":"2025-10-06T18:42:59+02:00","inLanguage":"es-ES","mainEntityOfPage":{"@id":"https:\/\/candas365.es\/noticias\/johann-wadephul-semana-decisiva-para-la-paz\/#webpage"},"isPartOf":{"@id":"https:\/\/candas365.es\/noticias\/johann-wadephul-semana-decisiva-para-la-paz\/#webpage"},"articleSection":"Destacadas, Internacional, Alemania, conflictos, Internacional","dateline":"Publicado el octubre 6, 2025."},{"@type":"Organization","@id":"https:\/\/candas365.es\/noticias\/#organization","name":"Cand\u00e1s 365","description":"Cand\u00e1s 365 es un diario digital independiente, fundado en 2012, con base en Asturias. Informamos con rigor sobre actualidad, sociedad, cultura y ocio, con una mirada local y global.","url":"https:\/\/candas365.es\/noticias\/","email":"info@candas365.es","telephone":"+34652131393","foundingDate":"2012-06-10","logo":{"@type":"ImageObject","url":"https:\/\/candas365.es\/noticias\/wp-content\/uploads\/2024\/09\/Candas-365-Redes.jpg","@id":"https:\/\/candas365.es\/noticias\/johann-wadephul-semana-decisiva-para-la-paz\/#organizationLogo","width":1152,"height":864,"caption":"Cand\u00e1s 365 Redes"},"image":{"@id":"https:\/\/candas365.es\/noticias\/johann-wadephul-semana-decisiva-para-la-paz\/#organizationLogo"},"sameAs":["https:\/\/www.facebook.com\/Nachofdezber","https:\/\/x.com\/NabercoDigital","https:\/\/www.instagram.com\/nachofdezber\/","https:\/\/www.youtube.com\/channel\/UCZP-2wLEB9Rv6erhFmqVnvg"],"address":{"@id":"https:\/\/candas365.es\/noticias\/#postaladdress","@type":"PostalAddress","streetAddress":"san antonio 4, san antonio 4","postalCode":"33430","addressLocality":"Cand\u00e1s","addressRegion":"Asturias","addressCountry":"ES"}},{"@type":"Person","@id":"https:\/\/candas365.es\/noticias\/author\/admin\/#author","url":"https:\/\/candas365.es\/noticias\/author\/admin\/","name":"Cand\u00e1s 365","image":{"@type":"ImageObject","@id":"https:\/\/candas365.es\/noticias\/johann-wadephul-semana-decisiva-para-la-paz\/#authorImage","url":"https:\/\/secure.gravatar.com\/avatar\/496a8e03d0c493ede1718b7934145dbdf8d89be1036b0eec9544e1094c9de390?s=96&d=mm&r=g","width":96,"height":96,"caption":"Cand\u00e1s 365"},"sameAs":["https:\/\/www.facebook.com\/carrenoactualidad","https:\/\/twitter.com\/nbasturias","https:\/\/www.instagram.com\/nachofdezber\/","https:\/\/www.youtube.com\/channel\/UCZP-2wLEB9Rv6erhFmqVnvg"]},{"@type":"WebPage","@id":"https:\/\/candas365.es\/noticias\/johann-wadephul-semana-decisiva-para-la-paz\/#webpage","url":"https:\/\/candas365.es\/noticias\/johann-wadephul-semana-decisiva-para-la-paz\/","name":"Johann Wadephul: Semana \u00abdecisiva\u00bb para la paz | Cand\u00e1s 365","description":"Tel Aviv\/Kuwait, 6 oct (dpa) - El ministro alem\u00e1n de Asuntos Exteriores, Johann Wadephul, asegur\u00f3 hoy que esta semana es \"decisiva\" para que la primera","inLanguage":"es-ES","isPartOf":{"@id":"https:\/\/candas365.es\/noticias\/#website"},"breadcrumb":{"@id":"https:\/\/candas365.es\/noticias\/johann-wadephul-semana-decisiva-para-la-paz\/#breadcrumblist"},"author":{"@id":"https:\/\/candas365.es\/noticias\/author\/admin\/#author"},"creator":{"@id":"https:\/\/candas365.es\/noticias\/author\/admin\/#author"},"image":{"@type":"ImageObject","url":"https:\/\/candas365.es\/noticias\/wp-content\/uploads\/2025\/10\/Wadephul.jpg","@id":"https:\/\/candas365.es\/noticias\/johann-wadephul-semana-decisiva-para-la-paz\/#mainImage","width":1031,"height":680,"caption":"El ministro alem\u00e1n de Asuntos Exteriores, Johann Wadephul, firma un \"memorando de entendimiento\" en Kuwait antes de su reuni\u00f3n con su colega kuwait\u00ed, Abdul\u00e1 Al\u00ed al Yahya (no aparece en la foto). Foto: Soeren Stache\/dpa"},"primaryImageOfPage":{"@id":"https:\/\/candas365.es\/noticias\/johann-wadephul-semana-decisiva-para-la-paz\/#mainImage"},"datePublished":"2025-10-06T18:42:59+02:00","dateModified":"2025-10-06T18:42:59+02:00"},{"@type":"WebSite","@id":"https:\/\/candas365.es\/noticias\/#website","url":"https:\/\/candas365.es\/noticias\/","name":"Cand\u00e1s 365","alternateName":"Cand\u00e1s 365 Noticias","description":"Actualidad desde Carre\u00f1o para el mundo","inLanguage":"es-ES","publisher":{"@id":"https:\/\/candas365.es\/noticias\/#organization"}}]},"og:locale":"es_ES","og:site_name":"Cand\u00e1s 365","og:type":"article","og:title":"Johann Wadephul: Semana \u00abdecisiva\u00bb para la paz | Cand\u00e1s 365","og:description":"Tel Aviv\/Kuwait, 6 oct (dpa) - El ministro alem\u00e1n de Asuntos Exteriores, Johann Wadephul, asegur\u00f3 hoy que esta semana es &quot;decisiva&quot; para que la primera","og:url":"https:\/\/candas365.es\/noticias\/johann-wadephul-semana-decisiva-para-la-paz\/","og:image":"https:\/\/candas365.es\/noticias\/wp-content\/uploads\/2025\/10\/Wadephul.jpg","og:image:secure_url":"https:\/\/candas365.es\/noticias\/wp-content\/uploads\/2025\/10\/Wadephul.jpg","og:image:width":1031,"og:image:height":680,"article:published_time":"2025-10-06T16:42:59+00:00","article:modified_time":"2025-10-06T16:42:59+00:00","article:publisher":"https:\/\/www.facebook.com\/Nachofdezber","article:author":"https:\/\/www.facebook.com\/carrenoactualidad","twitter:card":"summary_large_image","twitter:site":"@NabercoDigital","twitter:title":"Johann Wadephul: Semana \u00abdecisiva\u00bb para la paz | Cand\u00e1s 365","twitter:description":"Tel Aviv\/Kuwait, 6 oct (dpa) - El ministro alem\u00e1n de Asuntos Exteriores, Johann Wadephul, asegur\u00f3 hoy que esta semana es &quot;decisiva&quot; para que la primera","twitter:creator":"@nbasturias","twitter:image":"https:\/\/candas365.es\/noticias\/wp-content\/uploads\/2025\/10\/Wadephul.jpg","twitter:label1":"Escrito por","twitter:data1":"Cand\u00e1s 365","twitter:label2":"Tiempo de lectura estimado","twitter:data2":"3 minutos"},"aioseo_meta_data":{"post_id":"188687","title":null,"description":"Tel Aviv\/Kuwait, 6 oct (dpa) - El ministro alem\u00e1n de Asuntos Exteriores, Johann Wadephul, asegur\u00f3 hoy que esta semana es \"decisiva\" para que la primera","keywords":null,"keyphrases":{"focus":{"keyphrase":"Wadephul","score":91,"analysis":{"keyphraseInTitle":{"score":9,"maxScore":9,"error":0},"keyphraseInDescription":{"score":9,"maxScore":9,"error":0},"keyphraseLength":{"score":9,"maxScore":9,"error":0,"length":1},"keyphraseInURL":{"score":5,"maxScore":5,"error":0},"keyphraseInIntroduction":{"score":9,"maxScore":9,"error":0},"keyphraseInSubHeadings":{"score":3,"maxScore":9,"error":1},"keyphraseInImageAlt":{"score":9,"maxScore":9,"error":0},"keywordDensity":{"type":"best","score":9,"maxScore":9,"error":0}}},"additional":[{"keyphrase":"Wadephul","score":100,"analysis":{"keyphraseInDescription":{"score":9,"maxScore":9,"error":0},"keyphraseLength":{"score":9,"maxScore":9,"error":0,"length":1},"keyphraseInIntroduction":{"score":9,"maxScore":9,"error":0},"keyphraseInImageAlt":{"score":9,"maxScore":9,"error":0},"keywordDensity":{"type":"best","score":9,"maxScore":9,"error":0}}}]},"primary_term":null,"canonical_url":null,"og_title":null,"og_description":null,"og_object_type":"default","og_image_type":"default","og_image_url":null,"og_image_width":null,"og_image_height":null,"og_image_custom_url":null,"og_image_custom_fields":null,"og_video":"","og_custom_url":null,"og_article_section":null,"og_article_tags":null,"twitter_use_og":false,"twitter_card":"default","twitter_image_type":"default","twitter_image_url":null,"twitter_image_custom_url":null,"twitter_image_custom_fields":null,"twitter_title":null,"twitter_description":null,"schema":{"blockGraphs":[],"customGraphs":[],"default":{"data":{"Article":[],"Course":[],"Dataset":[],"FAQPage":[],"Movie":[],"Person":[],"Product":[],"ProductReview":[],"Car":[],"Recipe":[],"Service":[],"SoftwareApplication":[],"WebPage":[]},"graphName":"Article","isEnabled":true},"graphs":[]},"schema_type":"default","schema_type_options":null,"pillar_content":false,"robots_default":true,"robots_noindex":false,"robots_noarchive":false,"robots_nosnippet":false,"robots_nofollow":false,"robots_noimageindex":false,"robots_noodp":false,"robots_notranslate":false,"robots_max_snippet":"-1","robots_max_videopreview":"-1","robots_max_imagepreview":"large","priority":null,"frequency":"default","location":null,"local_seo":null,"seo_analyzer_scan_date":"2025-10-06 16:43:16","breadcrumb_settings":null,"limit_modified_date":false,"reviewed_by":null,"open_ai":null,"ai":{"faqs":[],"keyPoints":[],"titles":[],"descriptions":[],"socialPosts":{"email":[],"linkedin":[],"twitter":[],"facebook":[],"instagram":[]}},"created":"2025-10-06 16:37:20","updated":"2025-10-06 16:57:18"},"aioseo_breadcrumb":"<div class=\"aioseo-breadcrumbs\"><span class=\"aioseo-breadcrumb\">\n\t<a href=\"https:\/\/candas365.es\/noticias\" title=\"Home\">Home<\/a>\n<\/span><span class=\"aioseo-breadcrumb-separator\">&ndash;<\/span><span class=\"aioseo-breadcrumb\">\n\t<a href=\"https:\/\/candas365.es\/noticias\/category\/destacadas\/\" title=\"Destacadas\">Destacadas<\/a>\n<\/span><span class=\"aioseo-breadcrumb-separator\">&ndash;<\/span><span class=\"aioseo-breadcrumb\">\n\tJohann Wadephul: Semana \u00abdecisiva\u00bb para la paz\n<\/span><\/div>","aioseo_breadcrumb_json":[{"label":"Home","link":"https:\/\/candas365.es\/noticias"},{"label":"Destacadas","link":"https:\/\/candas365.es\/noticias\/category\/destacadas\/"},{"label":"Johann Wadephul: Semana \u00abdecisiva\u00bb para la paz","link":"https:\/\/candas365.es\/noticias\/johann-wadephul-semana-decisiva-para-la-paz\/"}],"_links":{"self":[{"href":"https:\/\/candas365.es\/noticias\/wp-json\/wp\/v2\/posts\/188687","targetHints":{"allow":["GET"]}}],"collection":[{"href":"https:\/\/candas365.es\/noticias\/wp-json\/wp\/v2\/posts"}],"about":[{"href":"https:\/\/candas365.es\/noticias\/wp-json\/wp\/v2\/types\/post"}],"author":[{"embeddable":true,"href":"https:\/\/candas365.es\/noticias\/wp-json\/wp\/v2\/users\/1"}],"replies":[{"embeddable":true,"href":"https:\/\/candas365.es\/noticias\/wp-json\/wp\/v2\/comments?post=188687"}],"version-history":[{"count":0,"href":"https:\/\/candas365.es\/noticias\/wp-json\/wp\/v2\/posts\/188687\/revisions"}],"wp:featuredmedia":[{"embeddable":true,"href":"https:\/\/candas365.es\/noticias\/wp-json\/wp\/v2\/media\/188688"}],"wp:attachment":[{"href":"https:\/\/candas365.es\/noticias\/wp-json\/wp\/v2\/media?parent=188687"}],"wp:term":[{"taxonomy":"category","embeddable":true,"href":"https:\/\/candas365.es\/noticias\/wp-json\/wp\/v2\/categories?post=188687"},{"taxonomy":"post_tag","embeddable":true,"href":"https:\/\/candas365.es\/noticias\/wp-json\/wp\/v2\/tags?post=188687"}],"curies":[{"name":"wp","href":"https:\/\/api.w.org\/{rel}","templated":true}]}}