{"id":188586,"date":"2025-10-02T14:30:21","date_gmt":"2025-10-02T12:30:21","guid":{"rendered":"https:\/\/candas365.es\/noticias\/?p=188586"},"modified":"2025-10-02T14:30:21","modified_gmt":"2025-10-02T12:30:21","slug":"jarrio-permitira-que-madre-y-bebe-esten-juntos-tras-la-cesarea","status":"publish","type":"post","link":"https:\/\/candas365.es\/noticias\/jarrio-permitira-que-madre-y-bebe-esten-juntos-tras-la-cesarea\/","title":{"rendered":"Jarrio permitir\u00e1 que madre y beb\u00e9 est\u00e9n juntos tras la ces\u00e1rea"},"content":{"rendered":"<p>El <strong>Hospital de Jarrio<\/strong> estrenar\u00e1 un nuevo protocolo que permitir\u00e1 que las madres que den a luz por<span style=\"color: #ff6600;\"><a style=\"color: #ff6600;\" href=\"https:\/\/candas365.es\/noticias\/category\/salud\/\"><strong> ces\u00e1rea<\/strong><\/a><\/span> puedan recuperarse de la intervenci\u00f3n quir\u00fargica junto a sus beb\u00e9s en la unidad de partos. Hasta ahora, la recuperaci\u00f3n se realizaba en la sala de reanimaci\u00f3n general, separando temporalmente a la madre del reci\u00e9n nacido.<\/p>\n<figure id=\"attachment_188587\" aria-describedby=\"caption-attachment-188587\" style=\"width: 650px\" class=\"wp-caption aligncenter\"><img fetchpriority=\"high\" decoding=\"async\" class=\"size-large wp-image-188587\" src=\"https:\/\/candas365.es\/noticias\/wp-content\/uploads\/2025\/10\/cesarea-Jarrio-650x339.jpg\" alt=\"ces\u00e1rea Jarrio\" width=\"650\" height=\"339\" srcset=\"https:\/\/candas365.es\/noticias\/wp-content\/uploads\/2025\/10\/cesarea-Jarrio-650x339.jpg 650w, https:\/\/candas365.es\/noticias\/wp-content\/uploads\/2025\/10\/cesarea-Jarrio-360x188.jpg 360w, https:\/\/candas365.es\/noticias\/wp-content\/uploads\/2025\/10\/cesarea-Jarrio-768x401.jpg 768w, https:\/\/candas365.es\/noticias\/wp-content\/uploads\/2025\/10\/cesarea-Jarrio-150x78.jpg 150w, https:\/\/candas365.es\/noticias\/wp-content\/uploads\/2025\/10\/cesarea-Jarrio-450x235.jpg 450w, https:\/\/candas365.es\/noticias\/wp-content\/uploads\/2025\/10\/cesarea-Jarrio.jpg 975w\" sizes=\"(max-width: 650px) 100vw, 650px\" \/><figcaption id=\"caption-attachment-188587\" class=\"wp-caption-text\">Foto: Gobierno de Asturias<\/figcaption><\/figure>\n<p>La medida se presentar\u00e1 oficialmente el pr\u00f3ximo martes, 7 de octubre, durante la III Jornada Auton\u00f3mica de la Semana Europea de la Lactancia Materna, que se celebrar\u00e1 en el Liceo de Navia bajo el lema \u201cDar prioridad a la lactancia materna. Construyendo sistemas de apoyo sostenibles\u201d.<\/p>\n<p>El protocolo, denominado \u201cRecuperaci\u00f3n conjunta madre-beb\u00e9 post ces\u00e1rea\u201d, permitir\u00e1 mantener el contacto piel con piel desde los primeros instantes. Mientras la madre permanece monitorizada tras la cirug\u00eda, el beb\u00e9 podr\u00e1 permanecer con ella, favoreciendo el v\u00ednculo afectivo y el inicio temprano de la lactancia. Una vez estabilizada, ambos pasar\u00e1n juntos a la planta de hospitalizaci\u00f3n materno-infantil.<\/p>\n<p>La jornada, organizada por el \u00e1rea sanitaria del noroccidente, pondr\u00e1 en valor la relaci\u00f3n entre lactancia materna y salud desde una perspectiva integral. <strong>El enfoque central ser\u00e1 el concepto OneHealth (Una sola salud), que subraya las conexiones entre salud ambiental, animal y humana como v\u00eda para prevenir riesgos y fortalecer la atenci\u00f3n sanitaria.<\/strong><\/p>\n<p>La conferencia principal correr\u00e1 a cargo del doctor Juan Antonio Ortega Garc\u00eda, pediatra, profesor universitario e investigador, director de la Unidad de Salud Medioambiental Pedi\u00e1trica del Hospital Cl\u00ednico Universitario Virgen de la Arrixaca (Murcia). Este servicio ha sido reconocido por la Organizaci\u00f3n Mundial de la Salud (OMS) y el Ministerio de Sanidad como ejemplo de buenas pr\u00e1cticas, gracias a herramientas como la Hoja verde, que integra la salud ambiental en la atenci\u00f3n pedi\u00e1trica.<\/p>\n<p>La jornada tambi\u00e9n contar\u00e1 con mesas redondas dedicadas a temas como la alergia a la prote\u00edna de la leche de vaca y la aplicaci\u00f3n del concepto OneHealth en la salud perinatal. <strong>El \u00e1rea sanitaria I, pionera en <a href=\"https:\/\/actualidad.asturias.es\/\" target=\"_blank\" rel=\"noopener\"><span style=\"color: #ff6600;\">Asturias<\/span><\/a> en el apoyo a la lactancia materna, ser\u00e1 protagonista en la apertura del evento.<\/strong><\/p>\n<p>Adem\u00e1s, entre el 7 y el 10 de octubre se celebrar\u00e1n actividades en todas las \u00e1reas sanitarias de la regi\u00f3n. Habr\u00e1 charlas sobre salud mental perinatal, logopedia aplicada a la lactancia, uso de pa\u00f1ales de tela y exposici\u00f3n a disruptores endocrinos. Tambi\u00e9n se han organizado concursos de dibujo, exposiciones y encuentros divulgativos.<\/p>\n","protected":false},"excerpt":{"rendered":"<p>El Hospital de Jarrio estrenar\u00e1 un nuevo protocolo que permitir\u00e1 que las madres que den a luz por ces\u00e1rea puedan recuperarse de la intervenci\u00f3n quir\u00fargica junto a sus beb\u00e9s en la unidad de partos. Hasta ahora, la recuperaci\u00f3n se realizaba en la sala de reanimaci\u00f3n general, separando temporalmente a la madre del reci\u00e9n nacido. La<\/p>\n","protected":false},"author":1,"featured_media":188587,"comment_status":"closed","ping_status":"closed","sticky":false,"template":"","format":"standard","meta":{"footnotes":""},"categories":[372],"tags":[380,378],"class_list":{"0":"post-188586","1":"post","2":"type-post","3":"status-publish","4":"format-standard","5":"has-post-thumbnail","7":"category-salud","8":"tag-asturias","9":"tag-salud"},"aioseo_notices":[],"aioseo_head":"\n\t\t<!-- All in One SEO Pro 4.9.6.2 - aioseo.com -->\n\t<meta name=\"description\" content=\"El Hospital de Jarrio estrenar\u00e1 un nuevo protocolo que permitir\u00e1 que las madres que den a luz por ces\u00e1rea puedan recuperarse de la intervenci\u00f3n quir\u00fargica\" \/>\n\t<meta name=\"robots\" content=\"max-image-preview:large\" \/>\n\t<meta name=\"author\" content=\"Cand\u00e1s 365\"\/>\n\t<meta name=\"google-site-verification\" content=\"UA-32230408-1\" \/>\n\t<meta name=\"msvalidate.01\" content=\"354F3CDFB2DA171B47FBE9ABF1F88D5\" \/>\n\t<meta name=\"keywords\" content=\"salud\" \/>\n\t<link rel=\"canonical\" href=\"https:\/\/candas365.es\/noticias\/jarrio-permitira-que-madre-y-bebe-esten-juntos-tras-la-cesarea\/\" \/>\n\t<meta name=\"generator\" content=\"All in One SEO Pro (AIOSEO) 4.9.6.2\" \/>\n\t\t<meta property=\"og:locale\" content=\"es_ES\" \/>\n\t\t<meta property=\"og:site_name\" content=\"Cand\u00e1s 365\" \/>\n\t\t<meta property=\"og:type\" content=\"article\" \/>\n\t\t<meta property=\"og:title\" content=\"Jarrio permitir\u00e1 que madre y beb\u00e9 est\u00e9n juntos tras la ces\u00e1rea | Cand\u00e1s 365\" \/>\n\t\t<meta property=\"og:description\" content=\"El Hospital de Jarrio estrenar\u00e1 un nuevo protocolo que permitir\u00e1 que las madres que den a luz por ces\u00e1rea puedan recuperarse de la intervenci\u00f3n quir\u00fargica\" \/>\n\t\t<meta property=\"og:url\" content=\"https:\/\/candas365.es\/noticias\/jarrio-permitira-que-madre-y-bebe-esten-juntos-tras-la-cesarea\/\" \/>\n\t\t<meta property=\"og:image\" content=\"https:\/\/candas365.es\/noticias\/wp-content\/uploads\/2025\/10\/cesarea-Jarrio.jpg\" \/>\n\t\t<meta property=\"og:image:secure_url\" content=\"https:\/\/candas365.es\/noticias\/wp-content\/uploads\/2025\/10\/cesarea-Jarrio.jpg\" \/>\n\t\t<meta property=\"og:image:width\" content=\"975\" \/>\n\t\t<meta property=\"og:image:height\" content=\"509\" \/>\n\t\t<meta property=\"article:published_time\" content=\"2025-10-02T12:30:21+00:00\" \/>\n\t\t<meta property=\"article:modified_time\" content=\"2025-10-02T12:30:21+00:00\" \/>\n\t\t<meta property=\"article:publisher\" content=\"https:\/\/www.facebook.com\/Nachofdezber\" \/>\n\t\t<meta property=\"article:author\" content=\"https:\/\/www.facebook.com\/carrenoactualidad\" \/>\n\t\t<meta name=\"twitter:card\" content=\"summary_large_image\" \/>\n\t\t<meta name=\"twitter:site\" content=\"@NabercoDigital\" \/>\n\t\t<meta name=\"twitter:title\" content=\"Jarrio permitir\u00e1 que madre y beb\u00e9 est\u00e9n juntos tras la ces\u00e1rea | Cand\u00e1s 365\" \/>\n\t\t<meta name=\"twitter:description\" content=\"El Hospital de Jarrio estrenar\u00e1 un nuevo protocolo que permitir\u00e1 que las madres que den a luz por ces\u00e1rea puedan recuperarse de la intervenci\u00f3n quir\u00fargica\" \/>\n\t\t<meta name=\"twitter:creator\" content=\"@nbasturias\" \/>\n\t\t<meta name=\"twitter:image\" content=\"https:\/\/candas365.es\/noticias\/wp-content\/uploads\/2025\/10\/cesarea-Jarrio.jpg\" \/>\n\t\t<meta name=\"twitter:label1\" content=\"Escrito por\" \/>\n\t\t<meta name=\"twitter:data1\" content=\"Cand\u00e1s 365\" \/>\n\t\t<meta name=\"twitter:label2\" content=\"Tiempo de lectura estimado\" \/>\n\t\t<meta name=\"twitter:data2\" content=\"2 minutos\" \/>\n\t\t<script type=\"application\/ld+json\" class=\"aioseo-schema\">\n\t\t\t{\"@context\":\"https:\\\/\\\/schema.org\",\"@graph\":[{\"@type\":\"BreadcrumbList\",\"@id\":\"https:\\\/\\\/candas365.es\\\/noticias\\\/jarrio-permitira-que-madre-y-bebe-esten-juntos-tras-la-cesarea\\\/#breadcrumblist\",\"itemListElement\":[{\"@type\":\"ListItem\",\"@id\":\"https:\\\/\\\/candas365.es\\\/noticias#listItem\",\"position\":1,\"name\":\"Home\",\"item\":\"https:\\\/\\\/candas365.es\\\/noticias\",\"nextItem\":{\"@type\":\"ListItem\",\"@id\":\"https:\\\/\\\/candas365.es\\\/noticias\\\/category\\\/salud\\\/#listItem\",\"name\":\"Salud\"}},{\"@type\":\"ListItem\",\"@id\":\"https:\\\/\\\/candas365.es\\\/noticias\\\/category\\\/salud\\\/#listItem\",\"position\":2,\"name\":\"Salud\",\"item\":\"https:\\\/\\\/candas365.es\\\/noticias\\\/category\\\/salud\\\/\",\"nextItem\":{\"@type\":\"ListItem\",\"@id\":\"https:\\\/\\\/candas365.es\\\/noticias\\\/jarrio-permitira-que-madre-y-bebe-esten-juntos-tras-la-cesarea\\\/#listItem\",\"name\":\"Jarrio permitir\\u00e1 que madre y beb\\u00e9 est\\u00e9n juntos tras la ces\\u00e1rea\"},\"previousItem\":{\"@type\":\"ListItem\",\"@id\":\"https:\\\/\\\/candas365.es\\\/noticias#listItem\",\"name\":\"Home\"}},{\"@type\":\"ListItem\",\"@id\":\"https:\\\/\\\/candas365.es\\\/noticias\\\/jarrio-permitira-que-madre-y-bebe-esten-juntos-tras-la-cesarea\\\/#listItem\",\"position\":3,\"name\":\"Jarrio permitir\\u00e1 que madre y beb\\u00e9 est\\u00e9n juntos tras la ces\\u00e1rea\",\"previousItem\":{\"@type\":\"ListItem\",\"@id\":\"https:\\\/\\\/candas365.es\\\/noticias\\\/category\\\/salud\\\/#listItem\",\"name\":\"Salud\"}}]},{\"@type\":\"NewsArticle\",\"@id\":\"https:\\\/\\\/candas365.es\\\/noticias\\\/jarrio-permitira-que-madre-y-bebe-esten-juntos-tras-la-cesarea\\\/#newsarticle\",\"name\":\"Jarrio permitir\\u00e1 que madre y beb\\u00e9 est\\u00e9n juntos tras la ces\\u00e1rea | Cand\\u00e1s 365\",\"headline\":\"Jarrio permitir\\u00e1 que madre y beb\\u00e9 est\\u00e9n juntos tras la ces\\u00e1rea\",\"author\":{\"@id\":\"https:\\\/\\\/candas365.es\\\/noticias\\\/author\\\/admin\\\/#author\"},\"publisher\":{\"@id\":\"https:\\\/\\\/candas365.es\\\/noticias\\\/#organization\"},\"image\":{\"@type\":\"ImageObject\",\"url\":\"https:\\\/\\\/candas365.es\\\/noticias\\\/wp-content\\\/uploads\\\/2025\\\/10\\\/cesarea-Jarrio.jpg\",\"width\":975,\"height\":509,\"caption\":\"Foto: Gobierno de Asturias\"},\"datePublished\":\"2025-10-02T14:30:21+02:00\",\"dateModified\":\"2025-10-02T14:30:21+02:00\",\"inLanguage\":\"es-ES\",\"mainEntityOfPage\":{\"@id\":\"https:\\\/\\\/candas365.es\\\/noticias\\\/jarrio-permitira-que-madre-y-bebe-esten-juntos-tras-la-cesarea\\\/#webpage\"},\"isPartOf\":{\"@id\":\"https:\\\/\\\/candas365.es\\\/noticias\\\/jarrio-permitira-que-madre-y-bebe-esten-juntos-tras-la-cesarea\\\/#webpage\"},\"articleSection\":\"Salud, Asturias, Salud\",\"dateline\":\"Publicado el octubre 2, 2025.\"},{\"@type\":\"Organization\",\"@id\":\"https:\\\/\\\/candas365.es\\\/noticias\\\/#organization\",\"name\":\"Cand\\u00e1s 365\",\"description\":\"Cand\\u00e1s 365 es un diario digital independiente, fundado en 2012, con base en Asturias. Informamos con rigor sobre actualidad, sociedad, cultura y ocio, con una mirada local y global.\",\"url\":\"https:\\\/\\\/candas365.es\\\/noticias\\\/\",\"email\":\"info@candas365.es\",\"telephone\":\"+34652131393\",\"foundingDate\":\"2012-06-10\",\"logo\":{\"@type\":\"ImageObject\",\"url\":\"https:\\\/\\\/candas365.es\\\/noticias\\\/wp-content\\\/uploads\\\/2024\\\/09\\\/Candas-365-Redes.jpg\",\"@id\":\"https:\\\/\\\/candas365.es\\\/noticias\\\/jarrio-permitira-que-madre-y-bebe-esten-juntos-tras-la-cesarea\\\/#organizationLogo\",\"width\":1152,\"height\":864,\"caption\":\"Cand\\u00e1s 365 Redes\"},\"image\":{\"@id\":\"https:\\\/\\\/candas365.es\\\/noticias\\\/jarrio-permitira-que-madre-y-bebe-esten-juntos-tras-la-cesarea\\\/#organizationLogo\"},\"sameAs\":[\"https:\\\/\\\/www.facebook.com\\\/Nachofdezber\",\"https:\\\/\\\/x.com\\\/NabercoDigital\",\"https:\\\/\\\/www.instagram.com\\\/nachofdezber\\\/\",\"https:\\\/\\\/www.youtube.com\\\/channel\\\/UCZP-2wLEB9Rv6erhFmqVnvg\"],\"address\":{\"@id\":\"https:\\\/\\\/candas365.es\\\/noticias\\\/#postaladdress\",\"@type\":\"PostalAddress\",\"streetAddress\":\"san antonio 4, san antonio 4\",\"postalCode\":\"33430\",\"addressLocality\":\"Cand\\u00e1s\",\"addressRegion\":\"Asturias\",\"addressCountry\":\"ES\"}},{\"@type\":\"Person\",\"@id\":\"https:\\\/\\\/candas365.es\\\/noticias\\\/author\\\/admin\\\/#author\",\"url\":\"https:\\\/\\\/candas365.es\\\/noticias\\\/author\\\/admin\\\/\",\"name\":\"Cand\\u00e1s 365\",\"image\":{\"@type\":\"ImageObject\",\"@id\":\"https:\\\/\\\/candas365.es\\\/noticias\\\/jarrio-permitira-que-madre-y-bebe-esten-juntos-tras-la-cesarea\\\/#authorImage\",\"url\":\"https:\\\/\\\/secure.gravatar.com\\\/avatar\\\/496a8e03d0c493ede1718b7934145dbdf8d89be1036b0eec9544e1094c9de390?s=96&d=mm&r=g\",\"width\":96,\"height\":96,\"caption\":\"Cand\\u00e1s 365\"},\"sameAs\":[\"https:\\\/\\\/www.facebook.com\\\/carrenoactualidad\",\"https:\\\/\\\/twitter.com\\\/nbasturias\",\"https:\\\/\\\/www.instagram.com\\\/nachofdezber\\\/\",\"https:\\\/\\\/www.youtube.com\\\/channel\\\/UCZP-2wLEB9Rv6erhFmqVnvg\"]},{\"@type\":\"WebPage\",\"@id\":\"https:\\\/\\\/candas365.es\\\/noticias\\\/jarrio-permitira-que-madre-y-bebe-esten-juntos-tras-la-cesarea\\\/#webpage\",\"url\":\"https:\\\/\\\/candas365.es\\\/noticias\\\/jarrio-permitira-que-madre-y-bebe-esten-juntos-tras-la-cesarea\\\/\",\"name\":\"Jarrio permitir\\u00e1 que madre y beb\\u00e9 est\\u00e9n juntos tras la ces\\u00e1rea | Cand\\u00e1s 365\",\"description\":\"El Hospital de Jarrio estrenar\\u00e1 un nuevo protocolo que permitir\\u00e1 que las madres que den a luz por ces\\u00e1rea puedan recuperarse de la intervenci\\u00f3n quir\\u00fargica\",\"inLanguage\":\"es-ES\",\"isPartOf\":{\"@id\":\"https:\\\/\\\/candas365.es\\\/noticias\\\/#website\"},\"breadcrumb\":{\"@id\":\"https:\\\/\\\/candas365.es\\\/noticias\\\/jarrio-permitira-que-madre-y-bebe-esten-juntos-tras-la-cesarea\\\/#breadcrumblist\"},\"author\":{\"@id\":\"https:\\\/\\\/candas365.es\\\/noticias\\\/author\\\/admin\\\/#author\"},\"creator\":{\"@id\":\"https:\\\/\\\/candas365.es\\\/noticias\\\/author\\\/admin\\\/#author\"},\"image\":{\"@type\":\"ImageObject\",\"url\":\"https:\\\/\\\/candas365.es\\\/noticias\\\/wp-content\\\/uploads\\\/2025\\\/10\\\/cesarea-Jarrio.jpg\",\"@id\":\"https:\\\/\\\/candas365.es\\\/noticias\\\/jarrio-permitira-que-madre-y-bebe-esten-juntos-tras-la-cesarea\\\/#mainImage\",\"width\":975,\"height\":509,\"caption\":\"Foto: Gobierno de Asturias\"},\"primaryImageOfPage\":{\"@id\":\"https:\\\/\\\/candas365.es\\\/noticias\\\/jarrio-permitira-que-madre-y-bebe-esten-juntos-tras-la-cesarea\\\/#mainImage\"},\"datePublished\":\"2025-10-02T14:30:21+02:00\",\"dateModified\":\"2025-10-02T14:30:21+02:00\"},{\"@type\":\"WebSite\",\"@id\":\"https:\\\/\\\/candas365.es\\\/noticias\\\/#website\",\"url\":\"https:\\\/\\\/candas365.es\\\/noticias\\\/\",\"name\":\"Cand\\u00e1s 365\",\"alternateName\":\"Cand\\u00e1s 365 Noticias\",\"description\":\"Actualidad desde Carre\\u00f1o para el mundo\",\"inLanguage\":\"es-ES\",\"publisher\":{\"@id\":\"https:\\\/\\\/candas365.es\\\/noticias\\\/#organization\"}}]}\n\t\t<\/script>\n\t\t<!-- All in One SEO Pro -->\r\n\t\t<title>Jarrio permitir\u00e1 que madre y beb\u00e9 est\u00e9n juntos tras la ces\u00e1rea | Cand\u00e1s 365<\/title>\n\n","aioseo_head_json":{"title":"Jarrio permitir\u00e1 que madre y beb\u00e9 est\u00e9n juntos tras la ces\u00e1rea | Cand\u00e1s 365","description":"El Hospital de Jarrio estrenar\u00e1 un nuevo protocolo que permitir\u00e1 que las madres que den a luz por ces\u00e1rea puedan recuperarse de la intervenci\u00f3n quir\u00fargica","canonical_url":"https:\/\/candas365.es\/noticias\/jarrio-permitira-que-madre-y-bebe-esten-juntos-tras-la-cesarea\/","robots":"max-image-preview:large","keywords":"salud","webmasterTools":{"google-site-verification":"UA-32230408-1","msvalidate.01":"354F3CDFB2DA171B47FBE9ABF1F88D5","miscellaneous":""},"schema":{"@context":"https:\/\/schema.org","@graph":[{"@type":"BreadcrumbList","@id":"https:\/\/candas365.es\/noticias\/jarrio-permitira-que-madre-y-bebe-esten-juntos-tras-la-cesarea\/#breadcrumblist","itemListElement":[{"@type":"ListItem","@id":"https:\/\/candas365.es\/noticias#listItem","position":1,"name":"Home","item":"https:\/\/candas365.es\/noticias","nextItem":{"@type":"ListItem","@id":"https:\/\/candas365.es\/noticias\/category\/salud\/#listItem","name":"Salud"}},{"@type":"ListItem","@id":"https:\/\/candas365.es\/noticias\/category\/salud\/#listItem","position":2,"name":"Salud","item":"https:\/\/candas365.es\/noticias\/category\/salud\/","nextItem":{"@type":"ListItem","@id":"https:\/\/candas365.es\/noticias\/jarrio-permitira-que-madre-y-bebe-esten-juntos-tras-la-cesarea\/#listItem","name":"Jarrio permitir\u00e1 que madre y beb\u00e9 est\u00e9n juntos tras la ces\u00e1rea"},"previousItem":{"@type":"ListItem","@id":"https:\/\/candas365.es\/noticias#listItem","name":"Home"}},{"@type":"ListItem","@id":"https:\/\/candas365.es\/noticias\/jarrio-permitira-que-madre-y-bebe-esten-juntos-tras-la-cesarea\/#listItem","position":3,"name":"Jarrio permitir\u00e1 que madre y beb\u00e9 est\u00e9n juntos tras la ces\u00e1rea","previousItem":{"@type":"ListItem","@id":"https:\/\/candas365.es\/noticias\/category\/salud\/#listItem","name":"Salud"}}]},{"@type":"NewsArticle","@id":"https:\/\/candas365.es\/noticias\/jarrio-permitira-que-madre-y-bebe-esten-juntos-tras-la-cesarea\/#newsarticle","name":"Jarrio permitir\u00e1 que madre y beb\u00e9 est\u00e9n juntos tras la ces\u00e1rea | Cand\u00e1s 365","headline":"Jarrio permitir\u00e1 que madre y beb\u00e9 est\u00e9n juntos tras la ces\u00e1rea","author":{"@id":"https:\/\/candas365.es\/noticias\/author\/admin\/#author"},"publisher":{"@id":"https:\/\/candas365.es\/noticias\/#organization"},"image":{"@type":"ImageObject","url":"https:\/\/candas365.es\/noticias\/wp-content\/uploads\/2025\/10\/cesarea-Jarrio.jpg","width":975,"height":509,"caption":"Foto: Gobierno de Asturias"},"datePublished":"2025-10-02T14:30:21+02:00","dateModified":"2025-10-02T14:30:21+02:00","inLanguage":"es-ES","mainEntityOfPage":{"@id":"https:\/\/candas365.es\/noticias\/jarrio-permitira-que-madre-y-bebe-esten-juntos-tras-la-cesarea\/#webpage"},"isPartOf":{"@id":"https:\/\/candas365.es\/noticias\/jarrio-permitira-que-madre-y-bebe-esten-juntos-tras-la-cesarea\/#webpage"},"articleSection":"Salud, Asturias, Salud","dateline":"Publicado el octubre 2, 2025."},{"@type":"Organization","@id":"https:\/\/candas365.es\/noticias\/#organization","name":"Cand\u00e1s 365","description":"Cand\u00e1s 365 es un diario digital independiente, fundado en 2012, con base en Asturias. Informamos con rigor sobre actualidad, sociedad, cultura y ocio, con una mirada local y global.","url":"https:\/\/candas365.es\/noticias\/","email":"info@candas365.es","telephone":"+34652131393","foundingDate":"2012-06-10","logo":{"@type":"ImageObject","url":"https:\/\/candas365.es\/noticias\/wp-content\/uploads\/2024\/09\/Candas-365-Redes.jpg","@id":"https:\/\/candas365.es\/noticias\/jarrio-permitira-que-madre-y-bebe-esten-juntos-tras-la-cesarea\/#organizationLogo","width":1152,"height":864,"caption":"Cand\u00e1s 365 Redes"},"image":{"@id":"https:\/\/candas365.es\/noticias\/jarrio-permitira-que-madre-y-bebe-esten-juntos-tras-la-cesarea\/#organizationLogo"},"sameAs":["https:\/\/www.facebook.com\/Nachofdezber","https:\/\/x.com\/NabercoDigital","https:\/\/www.instagram.com\/nachofdezber\/","https:\/\/www.youtube.com\/channel\/UCZP-2wLEB9Rv6erhFmqVnvg"],"address":{"@id":"https:\/\/candas365.es\/noticias\/#postaladdress","@type":"PostalAddress","streetAddress":"san antonio 4, san antonio 4","postalCode":"33430","addressLocality":"Cand\u00e1s","addressRegion":"Asturias","addressCountry":"ES"}},{"@type":"Person","@id":"https:\/\/candas365.es\/noticias\/author\/admin\/#author","url":"https:\/\/candas365.es\/noticias\/author\/admin\/","name":"Cand\u00e1s 365","image":{"@type":"ImageObject","@id":"https:\/\/candas365.es\/noticias\/jarrio-permitira-que-madre-y-bebe-esten-juntos-tras-la-cesarea\/#authorImage","url":"https:\/\/secure.gravatar.com\/avatar\/496a8e03d0c493ede1718b7934145dbdf8d89be1036b0eec9544e1094c9de390?s=96&d=mm&r=g","width":96,"height":96,"caption":"Cand\u00e1s 365"},"sameAs":["https:\/\/www.facebook.com\/carrenoactualidad","https:\/\/twitter.com\/nbasturias","https:\/\/www.instagram.com\/nachofdezber\/","https:\/\/www.youtube.com\/channel\/UCZP-2wLEB9Rv6erhFmqVnvg"]},{"@type":"WebPage","@id":"https:\/\/candas365.es\/noticias\/jarrio-permitira-que-madre-y-bebe-esten-juntos-tras-la-cesarea\/#webpage","url":"https:\/\/candas365.es\/noticias\/jarrio-permitira-que-madre-y-bebe-esten-juntos-tras-la-cesarea\/","name":"Jarrio permitir\u00e1 que madre y beb\u00e9 est\u00e9n juntos tras la ces\u00e1rea | Cand\u00e1s 365","description":"El Hospital de Jarrio estrenar\u00e1 un nuevo protocolo que permitir\u00e1 que las madres que den a luz por ces\u00e1rea puedan recuperarse de la intervenci\u00f3n quir\u00fargica","inLanguage":"es-ES","isPartOf":{"@id":"https:\/\/candas365.es\/noticias\/#website"},"breadcrumb":{"@id":"https:\/\/candas365.es\/noticias\/jarrio-permitira-que-madre-y-bebe-esten-juntos-tras-la-cesarea\/#breadcrumblist"},"author":{"@id":"https:\/\/candas365.es\/noticias\/author\/admin\/#author"},"creator":{"@id":"https:\/\/candas365.es\/noticias\/author\/admin\/#author"},"image":{"@type":"ImageObject","url":"https:\/\/candas365.es\/noticias\/wp-content\/uploads\/2025\/10\/cesarea-Jarrio.jpg","@id":"https:\/\/candas365.es\/noticias\/jarrio-permitira-que-madre-y-bebe-esten-juntos-tras-la-cesarea\/#mainImage","width":975,"height":509,"caption":"Foto: Gobierno de Asturias"},"primaryImageOfPage":{"@id":"https:\/\/candas365.es\/noticias\/jarrio-permitira-que-madre-y-bebe-esten-juntos-tras-la-cesarea\/#mainImage"},"datePublished":"2025-10-02T14:30:21+02:00","dateModified":"2025-10-02T14:30:21+02:00"},{"@type":"WebSite","@id":"https:\/\/candas365.es\/noticias\/#website","url":"https:\/\/candas365.es\/noticias\/","name":"Cand\u00e1s 365","alternateName":"Cand\u00e1s 365 Noticias","description":"Actualidad desde Carre\u00f1o para el mundo","inLanguage":"es-ES","publisher":{"@id":"https:\/\/candas365.es\/noticias\/#organization"}}]},"og:locale":"es_ES","og:site_name":"Cand\u00e1s 365","og:type":"article","og:title":"Jarrio permitir\u00e1 que madre y beb\u00e9 est\u00e9n juntos tras la ces\u00e1rea | Cand\u00e1s 365","og:description":"El Hospital de Jarrio estrenar\u00e1 un nuevo protocolo que permitir\u00e1 que las madres que den a luz por ces\u00e1rea puedan recuperarse de la intervenci\u00f3n quir\u00fargica","og:url":"https:\/\/candas365.es\/noticias\/jarrio-permitira-que-madre-y-bebe-esten-juntos-tras-la-cesarea\/","og:image":"https:\/\/candas365.es\/noticias\/wp-content\/uploads\/2025\/10\/cesarea-Jarrio.jpg","og:image:secure_url":"https:\/\/candas365.es\/noticias\/wp-content\/uploads\/2025\/10\/cesarea-Jarrio.jpg","og:image:width":975,"og:image:height":509,"article:published_time":"2025-10-02T12:30:21+00:00","article:modified_time":"2025-10-02T12:30:21+00:00","article:publisher":"https:\/\/www.facebook.com\/Nachofdezber","article:author":"https:\/\/www.facebook.com\/carrenoactualidad","twitter:card":"summary_large_image","twitter:site":"@NabercoDigital","twitter:title":"Jarrio permitir\u00e1 que madre y beb\u00e9 est\u00e9n juntos tras la ces\u00e1rea | Cand\u00e1s 365","twitter:description":"El Hospital de Jarrio estrenar\u00e1 un nuevo protocolo que permitir\u00e1 que las madres que den a luz por ces\u00e1rea puedan recuperarse de la intervenci\u00f3n quir\u00fargica","twitter:creator":"@nbasturias","twitter:image":"https:\/\/candas365.es\/noticias\/wp-content\/uploads\/2025\/10\/cesarea-Jarrio.jpg","twitter:label1":"Escrito por","twitter:data1":"Cand\u00e1s 365","twitter:label2":"Tiempo de lectura estimado","twitter:data2":"2 minutos"},"aioseo_meta_data":{"post_id":"188586","title":null,"description":"El Hospital de Jarrio estrenar\u00e1 un nuevo protocolo que permitir\u00e1 que las madres que den a luz por ces\u00e1rea puedan recuperarse de la intervenci\u00f3n quir\u00fargica","keywords":null,"keyphrases":{"focus":{"keyphrase":"Jarrio","score":85,"analysis":{"keyphraseInTitle":{"score":9,"maxScore":9,"error":0},"keyphraseInDescription":{"score":9,"maxScore":9,"error":0},"keyphraseLength":{"score":9,"maxScore":9,"error":0,"length":1},"keyphraseInURL":{"score":5,"maxScore":5,"error":0},"keyphraseInIntroduction":{"score":9,"maxScore":9,"error":0},"keyphraseInSubHeadings":[],"keyphraseInImageAlt":{"score":9,"maxScore":9,"error":0},"keywordDensity":{"score":0,"type":"low","maxScore":9,"error":1}}},"additional":[{"keyphrase":"Jarrio","score":80,"analysis":{"keyphraseInDescription":{"score":9,"maxScore":9,"error":0},"keyphraseLength":{"score":9,"maxScore":9,"error":0,"length":1},"keyphraseInIntroduction":{"score":9,"maxScore":9,"error":0},"keyphraseInImageAlt":{"score":9,"maxScore":9,"error":0},"keywordDensity":{"score":0,"type":"low","maxScore":9,"error":1}}}]},"primary_term":null,"canonical_url":null,"og_title":null,"og_description":null,"og_object_type":"default","og_image_type":"default","og_image_url":null,"og_image_width":null,"og_image_height":null,"og_image_custom_url":null,"og_image_custom_fields":null,"og_video":"","og_custom_url":null,"og_article_section":null,"og_article_tags":null,"twitter_use_og":false,"twitter_card":"default","twitter_image_type":"default","twitter_image_url":null,"twitter_image_custom_url":null,"twitter_image_custom_fields":null,"twitter_title":null,"twitter_description":null,"schema":{"blockGraphs":[],"customGraphs":[],"default":{"data":{"Article":[],"Course":[],"Dataset":[],"FAQPage":[],"Movie":[],"Person":[],"Product":[],"ProductReview":[],"Car":[],"Recipe":[],"Service":[],"SoftwareApplication":[],"WebPage":[]},"graphName":"Article","isEnabled":true},"graphs":[]},"schema_type":"default","schema_type_options":null,"pillar_content":false,"robots_default":true,"robots_noindex":false,"robots_noarchive":false,"robots_nosnippet":false,"robots_nofollow":false,"robots_noimageindex":false,"robots_noodp":false,"robots_notranslate":false,"robots_max_snippet":"-1","robots_max_videopreview":"-1","robots_max_imagepreview":"large","priority":null,"frequency":"default","location":null,"local_seo":null,"seo_analyzer_scan_date":"2025-10-02 12:31:17","breadcrumb_settings":null,"limit_modified_date":false,"reviewed_by":null,"open_ai":null,"ai":{"faqs":[],"keyPoints":[],"titles":[],"descriptions":[],"socialPosts":{"email":[],"linkedin":[],"twitter":[],"facebook":[],"instagram":[]}},"created":"2025-10-02 12:24:28","updated":"2025-10-02 12:36:25"},"aioseo_breadcrumb":"<div class=\"aioseo-breadcrumbs\"><span class=\"aioseo-breadcrumb\">\n\t<a href=\"https:\/\/candas365.es\/noticias\" title=\"Home\">Home<\/a>\n<\/span><span class=\"aioseo-breadcrumb-separator\">&ndash;<\/span><span class=\"aioseo-breadcrumb\">\n\t<a href=\"https:\/\/candas365.es\/noticias\/category\/salud\/\" title=\"Salud\">Salud<\/a>\n<\/span><span class=\"aioseo-breadcrumb-separator\">&ndash;<\/span><span class=\"aioseo-breadcrumb\">\n\tJarrio permitir\u00e1 que madre y beb\u00e9 est\u00e9n juntos tras la ces\u00e1rea\n<\/span><\/div>","aioseo_breadcrumb_json":[{"label":"Home","link":"https:\/\/candas365.es\/noticias"},{"label":"Salud","link":"https:\/\/candas365.es\/noticias\/category\/salud\/"},{"label":"Jarrio permitir\u00e1 que madre y beb\u00e9 est\u00e9n juntos tras la ces\u00e1rea","link":"https:\/\/candas365.es\/noticias\/jarrio-permitira-que-madre-y-bebe-esten-juntos-tras-la-cesarea\/"}],"_links":{"self":[{"href":"https:\/\/candas365.es\/noticias\/wp-json\/wp\/v2\/posts\/188586","targetHints":{"allow":["GET"]}}],"collection":[{"href":"https:\/\/candas365.es\/noticias\/wp-json\/wp\/v2\/posts"}],"about":[{"href":"https:\/\/candas365.es\/noticias\/wp-json\/wp\/v2\/types\/post"}],"author":[{"embeddable":true,"href":"https:\/\/candas365.es\/noticias\/wp-json\/wp\/v2\/users\/1"}],"replies":[{"embeddable":true,"href":"https:\/\/candas365.es\/noticias\/wp-json\/wp\/v2\/comments?post=188586"}],"version-history":[{"count":0,"href":"https:\/\/candas365.es\/noticias\/wp-json\/wp\/v2\/posts\/188586\/revisions"}],"wp:featuredmedia":[{"embeddable":true,"href":"https:\/\/candas365.es\/noticias\/wp-json\/wp\/v2\/media\/188587"}],"wp:attachment":[{"href":"https:\/\/candas365.es\/noticias\/wp-json\/wp\/v2\/media?parent=188586"}],"wp:term":[{"taxonomy":"category","embeddable":true,"href":"https:\/\/candas365.es\/noticias\/wp-json\/wp\/v2\/categories?post=188586"},{"taxonomy":"post_tag","embeddable":true,"href":"https:\/\/candas365.es\/noticias\/wp-json\/wp\/v2\/tags?post=188586"}],"curies":[{"name":"wp","href":"https:\/\/api.w.org\/{rel}","templated":true}]}}