{"id":188547,"date":"2025-10-01T12:02:08","date_gmt":"2025-10-01T10:02:08","guid":{"rendered":"https:\/\/candas365.es\/noticias\/?p=188547"},"modified":"2025-10-01T12:02:08","modified_gmt":"2025-10-01T10:02:08","slug":"octubre-de-2025-arranca-con-tiempo-estable","status":"publish","type":"post","link":"https:\/\/candas365.es\/noticias\/octubre-de-2025-arranca-con-tiempo-estable\/","title":{"rendered":"Octubre de 2025 arranca con tiempo estable"},"content":{"rendered":"<p>El mes de octubre de 2025 comienza con estabilidad en gran parte de Espa\u00f1a tras las lluvias intensas de septiembre, dando paso al tradicional veranillo de San Miguel.<\/p>\n<figure id=\"attachment_188548\" aria-describedby=\"caption-attachment-188548\" style=\"width: 633px\" class=\"wp-caption aligncenter\"><img fetchpriority=\"high\" decoding=\"async\" class=\"size-large wp-image-188548\" src=\"https:\/\/candas365.es\/noticias\/wp-content\/uploads\/2025\/10\/tiempo-octubre-2025-633x480.jpg\" alt=\"tiempo octubre 2025\" width=\"633\" height=\"480\" srcset=\"https:\/\/candas365.es\/noticias\/wp-content\/uploads\/2025\/10\/tiempo-octubre-2025-633x480.jpg 633w, https:\/\/candas365.es\/noticias\/wp-content\/uploads\/2025\/10\/tiempo-octubre-2025-360x273.jpg 360w, https:\/\/candas365.es\/noticias\/wp-content\/uploads\/2025\/10\/tiempo-octubre-2025-768x583.jpg 768w, https:\/\/candas365.es\/noticias\/wp-content\/uploads\/2025\/10\/tiempo-octubre-2025-150x114.jpg 150w, https:\/\/candas365.es\/noticias\/wp-content\/uploads\/2025\/10\/tiempo-octubre-2025-450x342.jpg 450w, https:\/\/candas365.es\/noticias\/wp-content\/uploads\/2025\/10\/tiempo-octubre-2025.jpg 900w\" sizes=\"(max-width: 633px) 100vw, 633px\" \/><figcaption id=\"caption-attachment-188548\" class=\"wp-caption-text\">Foto: Cand\u00e1s 365<\/figcaption><\/figure>\n<p>El mes de octubre se estrena este mi\u00e9rcoles con <a href=\"https:\/\/candas365.es\/noticias\/category\/el-tiempo\/\"><span style=\"color: #ff6600;\"><strong>tiempo estable<\/strong><\/span><\/a> en la mayor parte de Espa\u00f1a despu\u00e9s de un episodio de lluvias fuertes, persistentes y localmente torrenciales en zonas del Mediterr\u00e1neo durante la recta final de septiembre, con lo que el veranillo de San Miguel pide paso, como en muchos a\u00f1os.<\/p>\n<p>El veranillo de San Miguel o del membrillo es un periodo breve de tiempo agradable que suele ocurrir en torno al 29 de septiembre, patr\u00f3n de San Miguel. Esta vez, se retrasar\u00e1 unos d\u00edas y se alargar\u00e1 hasta este fin de semana.<\/p>\n<p>El episodio de fuertes lluvias y tormentas en el Mediterr\u00e1neo iniciado el pasado domingo concluy\u00f3 este martes y oblig\u00f3 a la Agencia Estatal de Meteorolog\u00eda (Aemet) a activar avisos rojos por riesgo extremo de precipitaciones en Tarragona, Castell\u00f3n, Valencia y las islas de Ibiza y Formentera.<\/p>\n<p>El tiempo estable vuelve a casi toda Espa\u00f1a este mi\u00e9rcoles. No obstante, la predicci\u00f3n de la Aemet, recogida por Servimedia, indica que el \u00e1rea mediterr\u00e1nea seguir\u00e1 bajo la influencia de una vaguada fr\u00eda en altura y con relativa inestabilidad, menos adversa que en d\u00edas previos.<\/p>\n<p>En litorales catalanes y del sudeste peninsular, Baleares, la zona de Albor\u00e1n y el Estrecho se esperan intervalos nubosos con posibles chubascos ocasionales, m\u00e1s probables, abundantes y con alguna tormenta aislada en el entorno de cabo de Palos, con tendencia a remitir.<\/p>\n<h2>MUCHO SOL<\/h2>\n<p>El sol brillar\u00e1 en el resto de la pen\u00ednsula, con nubes bajas y nieblas matinales en el centro este y \u00e1reas de los tercios norte y sudeste.<\/p>\n<p>Asimismo, se formar\u00e1n nubes de evoluci\u00f3n con posibles chubascos dispersos en la mitad sur peninsular y el este de Catalu\u00f1a, m\u00e1s probables e intensos en sierras del sudeste. A \u00faltimas horas pueden afectar a litorales y el Pirineo catalanes.<\/p>\n<p>Canarias tendr\u00e1 nubes en el norte de las islas de mayor relieve, con posibles lluvias d\u00e9biles en median\u00edas e intervalos nubosos en el resto del archipi\u00e9lago.<\/p>\n<p>Las temperaturas subir\u00e1n en buena parte de la pen\u00ednsula y apenas cambiar\u00e1n en Andaluc\u00eda, el nordeste y los archipi\u00e9lagos.<\/p>\n<p>Las capitales m\u00e1s calurosas ser\u00e1n Sevilla (31 grados), y Badajoz, C\u00f3rdoba y Ourense (30), en tanto que suavizar\u00e1 sobre todo en San Sebasti\u00e1n (20) y Santander (21).<\/p>\n<p>Por \u00faltimo, este mi\u00e9rcoles soplar\u00e1n vientos moderados del este en Albor\u00e1n y, con probables intervalos fuertes, el Estrecho, el Cant\u00e1brico occidental y litorales norte de Galicia, as\u00ed como probables intervalos fuertes en el Ampurd\u00e1n (Girona) y Menorca.<\/p>\n<p>(<a href=\"https:\/\/www.servimedia.es\/\"><span style=\"color: #ff6600;\"><strong>SERVIMEDIA<\/strong><\/span><\/a>)<\/p>\n","protected":false},"excerpt":{"rendered":"<p>El mes de octubre de 2025 comienza con estabilidad en gran parte de Espa\u00f1a tras las lluvias intensas de septiembre, dando paso al tradicional veranillo de San Miguel. El mes de octubre se estrena este mi\u00e9rcoles con tiempo estable en la mayor parte de Espa\u00f1a despu\u00e9s de un episodio de lluvias fuertes, persistentes y localmente<\/p>\n","protected":false},"author":1,"featured_media":188548,"comment_status":"closed","ping_status":"closed","sticky":false,"template":"","format":"standard","meta":{"footnotes":""},"categories":[358],"tags":[429],"class_list":{"0":"post-188547","1":"post","2":"type-post","3":"status-publish","4":"format-standard","5":"has-post-thumbnail","7":"category-el-tiempo","8":"tag-el-tiempo"},"aioseo_notices":[],"aioseo_head":"\n\t\t<!-- All in One SEO Pro 4.9.6.2 - aioseo.com -->\n\t<meta name=\"description\" content=\"El mes de octubre de 2025 comienza con estabilidad en gran parte de Espa\u00f1a tras las lluvias intensas de septiembre, dando paso al tradicional veranillo\" \/>\n\t<meta name=\"robots\" content=\"max-image-preview:large\" \/>\n\t<meta name=\"author\" content=\"Cand\u00e1s 365\"\/>\n\t<meta name=\"google-site-verification\" content=\"UA-32230408-1\" \/>\n\t<meta name=\"msvalidate.01\" content=\"354F3CDFB2DA171B47FBE9ABF1F88D5\" \/>\n\t<meta name=\"keywords\" content=\"el tiempo\" \/>\n\t<link rel=\"canonical\" href=\"https:\/\/candas365.es\/noticias\/octubre-de-2025-arranca-con-tiempo-estable\/\" \/>\n\t<meta name=\"generator\" content=\"All in One SEO Pro (AIOSEO) 4.9.6.2\" \/>\n\t\t<meta property=\"og:locale\" content=\"es_ES\" \/>\n\t\t<meta property=\"og:site_name\" content=\"Cand\u00e1s 365\" \/>\n\t\t<meta property=\"og:type\" content=\"article\" \/>\n\t\t<meta property=\"og:title\" content=\"Octubre de 2025 arranca con tiempo estable | Cand\u00e1s 365\" \/>\n\t\t<meta property=\"og:description\" content=\"El mes de octubre de 2025 comienza con estabilidad en gran parte de Espa\u00f1a tras las lluvias intensas de septiembre, dando paso al tradicional veranillo\" \/>\n\t\t<meta property=\"og:url\" content=\"https:\/\/candas365.es\/noticias\/octubre-de-2025-arranca-con-tiempo-estable\/\" \/>\n\t\t<meta property=\"og:image\" content=\"https:\/\/candas365.es\/noticias\/wp-content\/uploads\/2025\/10\/tiempo-octubre-2025.jpg\" \/>\n\t\t<meta property=\"og:image:secure_url\" content=\"https:\/\/candas365.es\/noticias\/wp-content\/uploads\/2025\/10\/tiempo-octubre-2025.jpg\" \/>\n\t\t<meta property=\"og:image:width\" content=\"900\" \/>\n\t\t<meta property=\"og:image:height\" content=\"683\" \/>\n\t\t<meta property=\"article:published_time\" content=\"2025-10-01T10:02:08+00:00\" \/>\n\t\t<meta property=\"article:modified_time\" content=\"2025-10-01T10:02:08+00:00\" \/>\n\t\t<meta property=\"article:publisher\" content=\"https:\/\/www.facebook.com\/Nachofdezber\" \/>\n\t\t<meta property=\"article:author\" content=\"https:\/\/www.facebook.com\/carrenoactualidad\" \/>\n\t\t<meta name=\"twitter:card\" content=\"summary_large_image\" \/>\n\t\t<meta name=\"twitter:site\" content=\"@NabercoDigital\" \/>\n\t\t<meta name=\"twitter:title\" content=\"Octubre de 2025 arranca con tiempo estable | Cand\u00e1s 365\" \/>\n\t\t<meta name=\"twitter:description\" content=\"El mes de octubre de 2025 comienza con estabilidad en gran parte de Espa\u00f1a tras las lluvias intensas de septiembre, dando paso al tradicional veranillo\" \/>\n\t\t<meta name=\"twitter:creator\" content=\"@nbasturias\" \/>\n\t\t<meta name=\"twitter:image\" content=\"https:\/\/candas365.es\/noticias\/wp-content\/uploads\/2025\/10\/tiempo-octubre-2025.jpg\" \/>\n\t\t<meta name=\"twitter:label1\" content=\"Escrito por\" \/>\n\t\t<meta name=\"twitter:data1\" content=\"Cand\u00e1s 365\" \/>\n\t\t<meta name=\"twitter:label2\" content=\"Tiempo de lectura estimado\" \/>\n\t\t<meta name=\"twitter:data2\" content=\"2 minutos\" \/>\n\t\t<script type=\"application\/ld+json\" class=\"aioseo-schema\">\n\t\t\t{\"@context\":\"https:\\\/\\\/schema.org\",\"@graph\":[{\"@type\":\"BreadcrumbList\",\"@id\":\"https:\\\/\\\/candas365.es\\\/noticias\\\/octubre-de-2025-arranca-con-tiempo-estable\\\/#breadcrumblist\",\"itemListElement\":[{\"@type\":\"ListItem\",\"@id\":\"https:\\\/\\\/candas365.es\\\/noticias#listItem\",\"position\":1,\"name\":\"Home\",\"item\":\"https:\\\/\\\/candas365.es\\\/noticias\",\"nextItem\":{\"@type\":\"ListItem\",\"@id\":\"https:\\\/\\\/candas365.es\\\/noticias\\\/category\\\/el-tiempo\\\/#listItem\",\"name\":\"El tiempo\"}},{\"@type\":\"ListItem\",\"@id\":\"https:\\\/\\\/candas365.es\\\/noticias\\\/category\\\/el-tiempo\\\/#listItem\",\"position\":2,\"name\":\"El tiempo\",\"item\":\"https:\\\/\\\/candas365.es\\\/noticias\\\/category\\\/el-tiempo\\\/\",\"nextItem\":{\"@type\":\"ListItem\",\"@id\":\"https:\\\/\\\/candas365.es\\\/noticias\\\/octubre-de-2025-arranca-con-tiempo-estable\\\/#listItem\",\"name\":\"Octubre de 2025 arranca con tiempo estable\"},\"previousItem\":{\"@type\":\"ListItem\",\"@id\":\"https:\\\/\\\/candas365.es\\\/noticias#listItem\",\"name\":\"Home\"}},{\"@type\":\"ListItem\",\"@id\":\"https:\\\/\\\/candas365.es\\\/noticias\\\/octubre-de-2025-arranca-con-tiempo-estable\\\/#listItem\",\"position\":3,\"name\":\"Octubre de 2025 arranca con tiempo estable\",\"previousItem\":{\"@type\":\"ListItem\",\"@id\":\"https:\\\/\\\/candas365.es\\\/noticias\\\/category\\\/el-tiempo\\\/#listItem\",\"name\":\"El tiempo\"}}]},{\"@type\":\"NewsArticle\",\"@id\":\"https:\\\/\\\/candas365.es\\\/noticias\\\/octubre-de-2025-arranca-con-tiempo-estable\\\/#newsarticle\",\"name\":\"Octubre de 2025 arranca con tiempo estable | Cand\\u00e1s 365\",\"headline\":\"Octubre de 2025 arranca con tiempo estable\",\"author\":{\"@id\":\"https:\\\/\\\/candas365.es\\\/noticias\\\/author\\\/admin\\\/#author\"},\"publisher\":{\"@id\":\"https:\\\/\\\/candas365.es\\\/noticias\\\/#organization\"},\"image\":{\"@type\":\"ImageObject\",\"url\":\"https:\\\/\\\/candas365.es\\\/noticias\\\/wp-content\\\/uploads\\\/2025\\\/10\\\/tiempo-octubre-2025.jpg\",\"width\":900,\"height\":683,\"caption\":\"Foto: Cand\\u00e1s 365\"},\"datePublished\":\"2025-10-01T12:02:08+02:00\",\"dateModified\":\"2025-10-01T12:02:08+02:00\",\"inLanguage\":\"es-ES\",\"mainEntityOfPage\":{\"@id\":\"https:\\\/\\\/candas365.es\\\/noticias\\\/octubre-de-2025-arranca-con-tiempo-estable\\\/#webpage\"},\"isPartOf\":{\"@id\":\"https:\\\/\\\/candas365.es\\\/noticias\\\/octubre-de-2025-arranca-con-tiempo-estable\\\/#webpage\"},\"articleSection\":\"El tiempo, El tiempo\",\"dateline\":\"Publicado el octubre 1, 2025.\"},{\"@type\":\"Organization\",\"@id\":\"https:\\\/\\\/candas365.es\\\/noticias\\\/#organization\",\"name\":\"Cand\\u00e1s 365\",\"description\":\"Cand\\u00e1s 365 es un diario digital independiente, fundado en 2012, con base en Asturias. Informamos con rigor sobre actualidad, sociedad, cultura y ocio, con una mirada local y global.\",\"url\":\"https:\\\/\\\/candas365.es\\\/noticias\\\/\",\"email\":\"info@candas365.es\",\"telephone\":\"+34652131393\",\"foundingDate\":\"2012-06-10\",\"logo\":{\"@type\":\"ImageObject\",\"url\":\"https:\\\/\\\/candas365.es\\\/noticias\\\/wp-content\\\/uploads\\\/2024\\\/09\\\/Candas-365-Redes.jpg\",\"@id\":\"https:\\\/\\\/candas365.es\\\/noticias\\\/octubre-de-2025-arranca-con-tiempo-estable\\\/#organizationLogo\",\"width\":1152,\"height\":864,\"caption\":\"Cand\\u00e1s 365 Redes\"},\"image\":{\"@id\":\"https:\\\/\\\/candas365.es\\\/noticias\\\/octubre-de-2025-arranca-con-tiempo-estable\\\/#organizationLogo\"},\"sameAs\":[\"https:\\\/\\\/www.facebook.com\\\/Nachofdezber\",\"https:\\\/\\\/x.com\\\/NabercoDigital\",\"https:\\\/\\\/www.instagram.com\\\/nachofdezber\\\/\",\"https:\\\/\\\/www.youtube.com\\\/channel\\\/UCZP-2wLEB9Rv6erhFmqVnvg\"],\"address\":{\"@id\":\"https:\\\/\\\/candas365.es\\\/noticias\\\/#postaladdress\",\"@type\":\"PostalAddress\",\"streetAddress\":\"san antonio 4, san antonio 4\",\"postalCode\":\"33430\",\"addressLocality\":\"Cand\\u00e1s\",\"addressRegion\":\"Asturias\",\"addressCountry\":\"ES\"}},{\"@type\":\"Person\",\"@id\":\"https:\\\/\\\/candas365.es\\\/noticias\\\/author\\\/admin\\\/#author\",\"url\":\"https:\\\/\\\/candas365.es\\\/noticias\\\/author\\\/admin\\\/\",\"name\":\"Cand\\u00e1s 365\",\"image\":{\"@type\":\"ImageObject\",\"@id\":\"https:\\\/\\\/candas365.es\\\/noticias\\\/octubre-de-2025-arranca-con-tiempo-estable\\\/#authorImage\",\"url\":\"https:\\\/\\\/secure.gravatar.com\\\/avatar\\\/496a8e03d0c493ede1718b7934145dbdf8d89be1036b0eec9544e1094c9de390?s=96&d=mm&r=g\",\"width\":96,\"height\":96,\"caption\":\"Cand\\u00e1s 365\"},\"sameAs\":[\"https:\\\/\\\/www.facebook.com\\\/carrenoactualidad\",\"https:\\\/\\\/twitter.com\\\/nbasturias\",\"https:\\\/\\\/www.instagram.com\\\/nachofdezber\\\/\",\"https:\\\/\\\/www.youtube.com\\\/channel\\\/UCZP-2wLEB9Rv6erhFmqVnvg\"]},{\"@type\":\"WebPage\",\"@id\":\"https:\\\/\\\/candas365.es\\\/noticias\\\/octubre-de-2025-arranca-con-tiempo-estable\\\/#webpage\",\"url\":\"https:\\\/\\\/candas365.es\\\/noticias\\\/octubre-de-2025-arranca-con-tiempo-estable\\\/\",\"name\":\"Octubre de 2025 arranca con tiempo estable | Cand\\u00e1s 365\",\"description\":\"El mes de octubre de 2025 comienza con estabilidad en gran parte de Espa\\u00f1a tras las lluvias intensas de septiembre, dando paso al tradicional veranillo\",\"inLanguage\":\"es-ES\",\"isPartOf\":{\"@id\":\"https:\\\/\\\/candas365.es\\\/noticias\\\/#website\"},\"breadcrumb\":{\"@id\":\"https:\\\/\\\/candas365.es\\\/noticias\\\/octubre-de-2025-arranca-con-tiempo-estable\\\/#breadcrumblist\"},\"author\":{\"@id\":\"https:\\\/\\\/candas365.es\\\/noticias\\\/author\\\/admin\\\/#author\"},\"creator\":{\"@id\":\"https:\\\/\\\/candas365.es\\\/noticias\\\/author\\\/admin\\\/#author\"},\"image\":{\"@type\":\"ImageObject\",\"url\":\"https:\\\/\\\/candas365.es\\\/noticias\\\/wp-content\\\/uploads\\\/2025\\\/10\\\/tiempo-octubre-2025.jpg\",\"@id\":\"https:\\\/\\\/candas365.es\\\/noticias\\\/octubre-de-2025-arranca-con-tiempo-estable\\\/#mainImage\",\"width\":900,\"height\":683,\"caption\":\"Foto: Cand\\u00e1s 365\"},\"primaryImageOfPage\":{\"@id\":\"https:\\\/\\\/candas365.es\\\/noticias\\\/octubre-de-2025-arranca-con-tiempo-estable\\\/#mainImage\"},\"datePublished\":\"2025-10-01T12:02:08+02:00\",\"dateModified\":\"2025-10-01T12:02:08+02:00\"},{\"@type\":\"WebSite\",\"@id\":\"https:\\\/\\\/candas365.es\\\/noticias\\\/#website\",\"url\":\"https:\\\/\\\/candas365.es\\\/noticias\\\/\",\"name\":\"Cand\\u00e1s 365\",\"alternateName\":\"Cand\\u00e1s 365 Noticias\",\"description\":\"Actualidad desde Carre\\u00f1o para el mundo\",\"inLanguage\":\"es-ES\",\"publisher\":{\"@id\":\"https:\\\/\\\/candas365.es\\\/noticias\\\/#organization\"}}]}\n\t\t<\/script>\n\t\t<!-- All in One SEO Pro -->\r\n\t\t<title>Octubre de 2025 arranca con tiempo estable | Cand\u00e1s 365<\/title>\n\n","aioseo_head_json":{"title":"Octubre de 2025 arranca con tiempo estable | Cand\u00e1s 365","description":"El mes de octubre de 2025 comienza con estabilidad en gran parte de Espa\u00f1a tras las lluvias intensas de septiembre, dando paso al tradicional veranillo","canonical_url":"https:\/\/candas365.es\/noticias\/octubre-de-2025-arranca-con-tiempo-estable\/","robots":"max-image-preview:large","keywords":"el tiempo","webmasterTools":{"google-site-verification":"UA-32230408-1","msvalidate.01":"354F3CDFB2DA171B47FBE9ABF1F88D5","miscellaneous":""},"schema":{"@context":"https:\/\/schema.org","@graph":[{"@type":"BreadcrumbList","@id":"https:\/\/candas365.es\/noticias\/octubre-de-2025-arranca-con-tiempo-estable\/#breadcrumblist","itemListElement":[{"@type":"ListItem","@id":"https:\/\/candas365.es\/noticias#listItem","position":1,"name":"Home","item":"https:\/\/candas365.es\/noticias","nextItem":{"@type":"ListItem","@id":"https:\/\/candas365.es\/noticias\/category\/el-tiempo\/#listItem","name":"El tiempo"}},{"@type":"ListItem","@id":"https:\/\/candas365.es\/noticias\/category\/el-tiempo\/#listItem","position":2,"name":"El tiempo","item":"https:\/\/candas365.es\/noticias\/category\/el-tiempo\/","nextItem":{"@type":"ListItem","@id":"https:\/\/candas365.es\/noticias\/octubre-de-2025-arranca-con-tiempo-estable\/#listItem","name":"Octubre de 2025 arranca con tiempo estable"},"previousItem":{"@type":"ListItem","@id":"https:\/\/candas365.es\/noticias#listItem","name":"Home"}},{"@type":"ListItem","@id":"https:\/\/candas365.es\/noticias\/octubre-de-2025-arranca-con-tiempo-estable\/#listItem","position":3,"name":"Octubre de 2025 arranca con tiempo estable","previousItem":{"@type":"ListItem","@id":"https:\/\/candas365.es\/noticias\/category\/el-tiempo\/#listItem","name":"El tiempo"}}]},{"@type":"NewsArticle","@id":"https:\/\/candas365.es\/noticias\/octubre-de-2025-arranca-con-tiempo-estable\/#newsarticle","name":"Octubre de 2025 arranca con tiempo estable | Cand\u00e1s 365","headline":"Octubre de 2025 arranca con tiempo estable","author":{"@id":"https:\/\/candas365.es\/noticias\/author\/admin\/#author"},"publisher":{"@id":"https:\/\/candas365.es\/noticias\/#organization"},"image":{"@type":"ImageObject","url":"https:\/\/candas365.es\/noticias\/wp-content\/uploads\/2025\/10\/tiempo-octubre-2025.jpg","width":900,"height":683,"caption":"Foto: Cand\u00e1s 365"},"datePublished":"2025-10-01T12:02:08+02:00","dateModified":"2025-10-01T12:02:08+02:00","inLanguage":"es-ES","mainEntityOfPage":{"@id":"https:\/\/candas365.es\/noticias\/octubre-de-2025-arranca-con-tiempo-estable\/#webpage"},"isPartOf":{"@id":"https:\/\/candas365.es\/noticias\/octubre-de-2025-arranca-con-tiempo-estable\/#webpage"},"articleSection":"El tiempo, El tiempo","dateline":"Publicado el octubre 1, 2025."},{"@type":"Organization","@id":"https:\/\/candas365.es\/noticias\/#organization","name":"Cand\u00e1s 365","description":"Cand\u00e1s 365 es un diario digital independiente, fundado en 2012, con base en Asturias. Informamos con rigor sobre actualidad, sociedad, cultura y ocio, con una mirada local y global.","url":"https:\/\/candas365.es\/noticias\/","email":"info@candas365.es","telephone":"+34652131393","foundingDate":"2012-06-10","logo":{"@type":"ImageObject","url":"https:\/\/candas365.es\/noticias\/wp-content\/uploads\/2024\/09\/Candas-365-Redes.jpg","@id":"https:\/\/candas365.es\/noticias\/octubre-de-2025-arranca-con-tiempo-estable\/#organizationLogo","width":1152,"height":864,"caption":"Cand\u00e1s 365 Redes"},"image":{"@id":"https:\/\/candas365.es\/noticias\/octubre-de-2025-arranca-con-tiempo-estable\/#organizationLogo"},"sameAs":["https:\/\/www.facebook.com\/Nachofdezber","https:\/\/x.com\/NabercoDigital","https:\/\/www.instagram.com\/nachofdezber\/","https:\/\/www.youtube.com\/channel\/UCZP-2wLEB9Rv6erhFmqVnvg"],"address":{"@id":"https:\/\/candas365.es\/noticias\/#postaladdress","@type":"PostalAddress","streetAddress":"san antonio 4, san antonio 4","postalCode":"33430","addressLocality":"Cand\u00e1s","addressRegion":"Asturias","addressCountry":"ES"}},{"@type":"Person","@id":"https:\/\/candas365.es\/noticias\/author\/admin\/#author","url":"https:\/\/candas365.es\/noticias\/author\/admin\/","name":"Cand\u00e1s 365","image":{"@type":"ImageObject","@id":"https:\/\/candas365.es\/noticias\/octubre-de-2025-arranca-con-tiempo-estable\/#authorImage","url":"https:\/\/secure.gravatar.com\/avatar\/496a8e03d0c493ede1718b7934145dbdf8d89be1036b0eec9544e1094c9de390?s=96&d=mm&r=g","width":96,"height":96,"caption":"Cand\u00e1s 365"},"sameAs":["https:\/\/www.facebook.com\/carrenoactualidad","https:\/\/twitter.com\/nbasturias","https:\/\/www.instagram.com\/nachofdezber\/","https:\/\/www.youtube.com\/channel\/UCZP-2wLEB9Rv6erhFmqVnvg"]},{"@type":"WebPage","@id":"https:\/\/candas365.es\/noticias\/octubre-de-2025-arranca-con-tiempo-estable\/#webpage","url":"https:\/\/candas365.es\/noticias\/octubre-de-2025-arranca-con-tiempo-estable\/","name":"Octubre de 2025 arranca con tiempo estable | Cand\u00e1s 365","description":"El mes de octubre de 2025 comienza con estabilidad en gran parte de Espa\u00f1a tras las lluvias intensas de septiembre, dando paso al tradicional veranillo","inLanguage":"es-ES","isPartOf":{"@id":"https:\/\/candas365.es\/noticias\/#website"},"breadcrumb":{"@id":"https:\/\/candas365.es\/noticias\/octubre-de-2025-arranca-con-tiempo-estable\/#breadcrumblist"},"author":{"@id":"https:\/\/candas365.es\/noticias\/author\/admin\/#author"},"creator":{"@id":"https:\/\/candas365.es\/noticias\/author\/admin\/#author"},"image":{"@type":"ImageObject","url":"https:\/\/candas365.es\/noticias\/wp-content\/uploads\/2025\/10\/tiempo-octubre-2025.jpg","@id":"https:\/\/candas365.es\/noticias\/octubre-de-2025-arranca-con-tiempo-estable\/#mainImage","width":900,"height":683,"caption":"Foto: Cand\u00e1s 365"},"primaryImageOfPage":{"@id":"https:\/\/candas365.es\/noticias\/octubre-de-2025-arranca-con-tiempo-estable\/#mainImage"},"datePublished":"2025-10-01T12:02:08+02:00","dateModified":"2025-10-01T12:02:08+02:00"},{"@type":"WebSite","@id":"https:\/\/candas365.es\/noticias\/#website","url":"https:\/\/candas365.es\/noticias\/","name":"Cand\u00e1s 365","alternateName":"Cand\u00e1s 365 Noticias","description":"Actualidad desde Carre\u00f1o para el mundo","inLanguage":"es-ES","publisher":{"@id":"https:\/\/candas365.es\/noticias\/#organization"}}]},"og:locale":"es_ES","og:site_name":"Cand\u00e1s 365","og:type":"article","og:title":"Octubre de 2025 arranca con tiempo estable | Cand\u00e1s 365","og:description":"El mes de octubre de 2025 comienza con estabilidad en gran parte de Espa\u00f1a tras las lluvias intensas de septiembre, dando paso al tradicional veranillo","og:url":"https:\/\/candas365.es\/noticias\/octubre-de-2025-arranca-con-tiempo-estable\/","og:image":"https:\/\/candas365.es\/noticias\/wp-content\/uploads\/2025\/10\/tiempo-octubre-2025.jpg","og:image:secure_url":"https:\/\/candas365.es\/noticias\/wp-content\/uploads\/2025\/10\/tiempo-octubre-2025.jpg","og:image:width":900,"og:image:height":683,"article:published_time":"2025-10-01T10:02:08+00:00","article:modified_time":"2025-10-01T10:02:08+00:00","article:publisher":"https:\/\/www.facebook.com\/Nachofdezber","article:author":"https:\/\/www.facebook.com\/carrenoactualidad","twitter:card":"summary_large_image","twitter:site":"@NabercoDigital","twitter:title":"Octubre de 2025 arranca con tiempo estable | Cand\u00e1s 365","twitter:description":"El mes de octubre de 2025 comienza con estabilidad en gran parte de Espa\u00f1a tras las lluvias intensas de septiembre, dando paso al tradicional veranillo","twitter:creator":"@nbasturias","twitter:image":"https:\/\/candas365.es\/noticias\/wp-content\/uploads\/2025\/10\/tiempo-octubre-2025.jpg","twitter:label1":"Escrito por","twitter:data1":"Cand\u00e1s 365","twitter:label2":"Tiempo de lectura estimado","twitter:data2":"2 minutos"},"aioseo_meta_data":{"post_id":"188547","title":null,"description":"El mes de octubre de 2025 comienza con estabilidad en gran parte de Espa\u00f1a tras las lluvias intensas de septiembre, dando paso al tradicional veranillo","keywords":null,"keyphrases":{"focus":{"keyphrase":"octubre","score":78,"analysis":{"keyphraseInTitle":{"score":9,"maxScore":9,"error":0},"keyphraseInDescription":{"score":9,"maxScore":9,"error":0},"keyphraseLength":{"score":9,"maxScore":9,"error":0,"length":1},"keyphraseInURL":{"score":5,"maxScore":5,"error":0},"keyphraseInIntroduction":{"score":9,"maxScore":9,"error":0},"keyphraseInSubHeadings":{"score":3,"maxScore":9,"error":1},"keyphraseInImageAlt":{"score":9,"maxScore":9,"error":0},"keywordDensity":{"score":0,"type":"low","maxScore":9,"error":1}}},"additional":[{"keyphrase":"octubre","score":80,"analysis":{"keyphraseInDescription":{"score":9,"maxScore":9,"error":0},"keyphraseLength":{"score":9,"maxScore":9,"error":0,"length":1},"keyphraseInIntroduction":{"score":9,"maxScore":9,"error":0},"keyphraseInImageAlt":{"score":9,"maxScore":9,"error":0},"keywordDensity":{"score":0,"type":"low","maxScore":9,"error":1}}},{"keyphrase":"tiempo","score":73,"analysis":{"keyphraseInDescription":{"score":3,"maxScore":9,"error":1},"keyphraseLength":{"score":9,"maxScore":9,"error":0,"length":1},"keyphraseInIntroduction":{"score":3,"maxScore":9,"error":1},"keyphraseInImageAlt":{"score":9,"maxScore":9,"error":0},"keywordDensity":{"type":"best","score":9,"maxScore":9,"error":0}}}]},"primary_term":null,"canonical_url":null,"og_title":null,"og_description":null,"og_object_type":"default","og_image_type":"default","og_image_url":null,"og_image_width":null,"og_image_height":null,"og_image_custom_url":null,"og_image_custom_fields":null,"og_video":"","og_custom_url":null,"og_article_section":null,"og_article_tags":null,"twitter_use_og":false,"twitter_card":"default","twitter_image_type":"default","twitter_image_url":null,"twitter_image_custom_url":null,"twitter_image_custom_fields":null,"twitter_title":null,"twitter_description":null,"schema":{"blockGraphs":[],"customGraphs":[],"default":{"data":{"Article":[],"Course":[],"Dataset":[],"FAQPage":[],"Movie":[],"Person":[],"Product":[],"ProductReview":[],"Car":[],"Recipe":[],"Service":[],"SoftwareApplication":[],"WebPage":[]},"graphName":"Article","isEnabled":true},"graphs":[]},"schema_type":"default","schema_type_options":null,"pillar_content":false,"robots_default":true,"robots_noindex":false,"robots_noarchive":false,"robots_nosnippet":false,"robots_nofollow":false,"robots_noimageindex":false,"robots_noodp":false,"robots_notranslate":false,"robots_max_snippet":"-1","robots_max_videopreview":"-1","robots_max_imagepreview":"large","priority":null,"frequency":"default","location":null,"local_seo":null,"seo_analyzer_scan_date":"2025-10-01 10:02:15","breadcrumb_settings":null,"limit_modified_date":false,"reviewed_by":null,"open_ai":null,"ai":{"faqs":[],"keyPoints":[],"titles":[],"descriptions":[],"socialPosts":{"email":[],"linkedin":[],"twitter":[],"facebook":[],"instagram":[]}},"created":"2025-10-01 09:56:04","updated":"2025-10-01 10:10:04"},"aioseo_breadcrumb":"<div class=\"aioseo-breadcrumbs\"><span class=\"aioseo-breadcrumb\">\n\t<a href=\"https:\/\/candas365.es\/noticias\" title=\"Home\">Home<\/a>\n<\/span><span class=\"aioseo-breadcrumb-separator\">&ndash;<\/span><span class=\"aioseo-breadcrumb\">\n\t<a href=\"https:\/\/candas365.es\/noticias\/category\/el-tiempo\/\" title=\"El tiempo\">El tiempo<\/a>\n<\/span><span class=\"aioseo-breadcrumb-separator\">&ndash;<\/span><span class=\"aioseo-breadcrumb\">\n\tOctubre de 2025 arranca con tiempo estable\n<\/span><\/div>","aioseo_breadcrumb_json":[{"label":"Home","link":"https:\/\/candas365.es\/noticias"},{"label":"El tiempo","link":"https:\/\/candas365.es\/noticias\/category\/el-tiempo\/"},{"label":"Octubre de 2025 arranca con tiempo estable","link":"https:\/\/candas365.es\/noticias\/octubre-de-2025-arranca-con-tiempo-estable\/"}],"_links":{"self":[{"href":"https:\/\/candas365.es\/noticias\/wp-json\/wp\/v2\/posts\/188547","targetHints":{"allow":["GET"]}}],"collection":[{"href":"https:\/\/candas365.es\/noticias\/wp-json\/wp\/v2\/posts"}],"about":[{"href":"https:\/\/candas365.es\/noticias\/wp-json\/wp\/v2\/types\/post"}],"author":[{"embeddable":true,"href":"https:\/\/candas365.es\/noticias\/wp-json\/wp\/v2\/users\/1"}],"replies":[{"embeddable":true,"href":"https:\/\/candas365.es\/noticias\/wp-json\/wp\/v2\/comments?post=188547"}],"version-history":[{"count":0,"href":"https:\/\/candas365.es\/noticias\/wp-json\/wp\/v2\/posts\/188547\/revisions"}],"wp:featuredmedia":[{"embeddable":true,"href":"https:\/\/candas365.es\/noticias\/wp-json\/wp\/v2\/media\/188548"}],"wp:attachment":[{"href":"https:\/\/candas365.es\/noticias\/wp-json\/wp\/v2\/media?parent=188547"}],"wp:term":[{"taxonomy":"category","embeddable":true,"href":"https:\/\/candas365.es\/noticias\/wp-json\/wp\/v2\/categories?post=188547"},{"taxonomy":"post_tag","embeddable":true,"href":"https:\/\/candas365.es\/noticias\/wp-json\/wp\/v2\/tags?post=188547"}],"curies":[{"name":"wp","href":"https:\/\/api.w.org\/{rel}","templated":true}]}}