{"id":188516,"date":"2025-09-30T20:44:28","date_gmt":"2025-09-30T18:44:28","guid":{"rendered":"https:\/\/candas365.es\/noticias\/?p=188516"},"modified":"2025-09-30T20:44:28","modified_gmt":"2025-09-30T18:44:28","slug":"el-huca-celebra-la-tercera-edicion-de-la-semana-de-hematologia","status":"publish","type":"post","link":"https:\/\/candas365.es\/noticias\/el-huca-celebra-la-tercera-edicion-de-la-semana-de-hematologia\/","title":{"rendered":"El HUCA celebra la tercera edici\u00f3n de la Semana de Hematolog\u00eda"},"content":{"rendered":"<p>El<a href=\"https:\/\/eldigitaldeasturias.com\/radio\/category\/salud\/\" target=\"_blank\" rel=\"noopener\"><span style=\"color: #ff6600;\"><strong> HUCA<\/strong><\/span><\/a> acoge la Semana de la Hematolog\u00eda con conferencias, talleres y asociaciones, reafirmando su compromiso con la innovaci\u00f3n y la atenci\u00f3n a los pacientes.<\/p>\n<figure id=\"attachment_188517\" aria-describedby=\"caption-attachment-188517\" style=\"width: 650px\" class=\"wp-caption aligncenter\"><img fetchpriority=\"high\" decoding=\"async\" class=\"size-large wp-image-188517\" src=\"https:\/\/candas365.es\/noticias\/wp-content\/uploads\/2025\/09\/Semana-de-la-Hematologia-HUCA-650x368.jpg\" alt=\"Semana de la Hematolog\u00eda HUCA\" width=\"650\" height=\"368\" srcset=\"https:\/\/candas365.es\/noticias\/wp-content\/uploads\/2025\/09\/Semana-de-la-Hematologia-HUCA-650x368.jpg 650w, https:\/\/candas365.es\/noticias\/wp-content\/uploads\/2025\/09\/Semana-de-la-Hematologia-HUCA-360x204.jpg 360w, https:\/\/candas365.es\/noticias\/wp-content\/uploads\/2025\/09\/Semana-de-la-Hematologia-HUCA-768x435.jpg 768w, https:\/\/candas365.es\/noticias\/wp-content\/uploads\/2025\/09\/Semana-de-la-Hematologia-HUCA-150x85.jpg 150w, https:\/\/candas365.es\/noticias\/wp-content\/uploads\/2025\/09\/Semana-de-la-Hematologia-HUCA-450x255.jpg 450w, https:\/\/candas365.es\/noticias\/wp-content\/uploads\/2025\/09\/Semana-de-la-Hematologia-HUCA.jpg 1106w\" sizes=\"(max-width: 650px) 100vw, 650px\" \/><figcaption id=\"caption-attachment-188517\" class=\"wp-caption-text\">Foto: Prensa Gobierno de Asturias<\/figcaption><\/figure>\n<p>El Hospital Universitario Central de Asturias (HUCA) celebra estos d\u00edas la tercera edici\u00f3n de la Semana de la Hematolog\u00eda, una cita que pone en valor esta especialidad m\u00e9dica y refuerza el compromiso del centro con la innovaci\u00f3n y la humanizaci\u00f3n de la asistencia.<\/p>\n<p>El gerente del Servicio de Salud del <a href=\"https:\/\/actualidad.asturias.es\/\" target=\"_blank\" rel=\"noopener\"><span style=\"color: #ff6600;\"><strong>Principado<\/strong><\/span><\/a> (Sespa), Aquilino Alonso, inaugur\u00f3 la jornada recordando algunos hitos del hospital en este \u00e1mbito. Entre ellos, el primer trasplante aut\u00f3logo realizado en 1988, el primer trasplante con donante emparentado en 1995 y la incorporaci\u00f3n, en 2007, de la t\u00e9cnica que permite trasplantes con personas compatibles. En 2022, el HUCA fue designado por el Ministerio de Sanidad como centro de referencia para el uso de medicamentos CAR-T y, en marzo de 2023, practic\u00f3 su primera af\u00e9resis para iniciar esta terapia.<\/p>\n<p>El programa de la Semana de la Hematolog\u00eda incluye conferencias, mesas redondas y talleres centrados en los \u00faltimos avances en diagn\u00f3stico y tratamiento, con el paciente como eje central. Adem\u00e1s, se han organizado actividades abiertas al p\u00fablico, como un punto de donaci\u00f3n de sangre y otro de informaci\u00f3n sobre donaci\u00f3n de m\u00e9dula \u00f3sea.<\/p>\n<p>La participaci\u00f3n de asociaciones y oeneg\u00e9s constituye otro de los pilares del encuentro. Entidades como la Asociaci\u00f3n Espa\u00f1ola Contra el C\u00e1ncer (AECC), la Fundaci\u00f3n Hoy por m\u00ed, ma\u00f1ana por ti, AELCLES, la Asociaci\u00f3n Galb\u00e1n, la Asociaci\u00f3n Bot\u00f3n, la Fundaci\u00f3n Peque\u00f1o Deseo, Narices Azules, Doctor Payaso y AHEMAS aportar\u00e1n su experiencia en el acompa\u00f1amiento a pacientes y familiares.<\/p>\n<p>Con esta tercera edici\u00f3n, el HUCA se consolida como referente en hematolog\u00eda en el norte de Espa\u00f1a, combinando investigaci\u00f3n, <a href=\"https:\/\/candas365.es\/noticias\/category\/salud\/\"><span style=\"color: #ff6600;\"><strong>atenci\u00f3n cl\u00ednica<\/strong><\/span><\/a> y colaboraci\u00f3n social para mejorar la calidad de vida de los pacientes.<\/p>\n","protected":false},"excerpt":{"rendered":"<p>El HUCA acoge la Semana de la Hematolog\u00eda con conferencias, talleres y asociaciones, reafirmando su compromiso con la innovaci\u00f3n y la atenci\u00f3n a los pacientes. El Hospital Universitario Central de Asturias (HUCA) celebra estos d\u00edas la tercera edici\u00f3n de la Semana de la Hematolog\u00eda, una cita que pone en valor esta especialidad m\u00e9dica y refuerza<\/p>\n","protected":false},"author":1,"featured_media":188517,"comment_status":"closed","ping_status":"closed","sticky":false,"template":"","format":"standard","meta":{"footnotes":""},"categories":[372],"tags":[380,378],"class_list":{"0":"post-188516","1":"post","2":"type-post","3":"status-publish","4":"format-standard","5":"has-post-thumbnail","7":"category-salud","8":"tag-asturias","9":"tag-salud"},"aioseo_notices":[],"aioseo_head":"\n\t\t<!-- All in One SEO Pro 4.9.6.2 - aioseo.com -->\n\t<meta name=\"description\" content=\"El HUCA acoge la Semana de la Hematolog\u00eda con conferencias, talleres y asociaciones, reafirmando su compromiso con la innovaci\u00f3n y la atenci\u00f3n a los pacientes.\" \/>\n\t<meta name=\"robots\" content=\"max-image-preview:large\" \/>\n\t<meta name=\"author\" content=\"Cand\u00e1s 365\"\/>\n\t<meta name=\"google-site-verification\" content=\"UA-32230408-1\" \/>\n\t<meta name=\"msvalidate.01\" content=\"354F3CDFB2DA171B47FBE9ABF1F88D5\" \/>\n\t<meta name=\"keywords\" content=\"salud\" \/>\n\t<link rel=\"canonical\" href=\"https:\/\/candas365.es\/noticias\/el-huca-celebra-la-tercera-edicion-de-la-semana-de-hematologia\/\" \/>\n\t<meta name=\"generator\" content=\"All in One SEO Pro (AIOSEO) 4.9.6.2\" \/>\n\t\t<meta property=\"og:locale\" content=\"es_ES\" \/>\n\t\t<meta property=\"og:site_name\" content=\"Cand\u00e1s 365\" \/>\n\t\t<meta property=\"og:type\" content=\"article\" \/>\n\t\t<meta property=\"og:title\" content=\"El HUCA celebra la tercera edici\u00f3n de la Semana de Hematolog\u00eda | Cand\u00e1s 365\" \/>\n\t\t<meta property=\"og:description\" content=\"El HUCA acoge la Semana de la Hematolog\u00eda con conferencias, talleres y asociaciones, reafirmando su compromiso con la innovaci\u00f3n y la atenci\u00f3n a los pacientes.\" \/>\n\t\t<meta property=\"og:url\" content=\"https:\/\/candas365.es\/noticias\/el-huca-celebra-la-tercera-edicion-de-la-semana-de-hematologia\/\" \/>\n\t\t<meta property=\"og:image\" content=\"https:\/\/candas365.es\/noticias\/wp-content\/uploads\/2025\/09\/Semana-de-la-Hematologia-HUCA.jpg\" \/>\n\t\t<meta property=\"og:image:secure_url\" content=\"https:\/\/candas365.es\/noticias\/wp-content\/uploads\/2025\/09\/Semana-de-la-Hematologia-HUCA.jpg\" \/>\n\t\t<meta property=\"og:image:width\" content=\"1106\" \/>\n\t\t<meta property=\"og:image:height\" content=\"626\" \/>\n\t\t<meta property=\"article:published_time\" content=\"2025-09-30T18:44:28+00:00\" \/>\n\t\t<meta property=\"article:modified_time\" content=\"2025-09-30T18:44:28+00:00\" \/>\n\t\t<meta property=\"article:publisher\" content=\"https:\/\/www.facebook.com\/Nachofdezber\" \/>\n\t\t<meta property=\"article:author\" content=\"https:\/\/www.facebook.com\/carrenoactualidad\" \/>\n\t\t<meta name=\"twitter:card\" content=\"summary_large_image\" \/>\n\t\t<meta name=\"twitter:site\" content=\"@NabercoDigital\" \/>\n\t\t<meta name=\"twitter:title\" content=\"El HUCA celebra la tercera edici\u00f3n de la Semana de Hematolog\u00eda | Cand\u00e1s 365\" \/>\n\t\t<meta name=\"twitter:description\" content=\"El HUCA acoge la Semana de la Hematolog\u00eda con conferencias, talleres y asociaciones, reafirmando su compromiso con la innovaci\u00f3n y la atenci\u00f3n a los pacientes.\" \/>\n\t\t<meta name=\"twitter:creator\" content=\"@nbasturias\" \/>\n\t\t<meta name=\"twitter:image\" content=\"https:\/\/candas365.es\/noticias\/wp-content\/uploads\/2025\/09\/Semana-de-la-Hematologia-HUCA.jpg\" \/>\n\t\t<meta name=\"twitter:label1\" content=\"Escrito por\" \/>\n\t\t<meta name=\"twitter:data1\" content=\"Cand\u00e1s 365\" \/>\n\t\t<meta name=\"twitter:label2\" content=\"Tiempo de lectura estimado\" \/>\n\t\t<meta name=\"twitter:data2\" content=\"2 minutos\" \/>\n\t\t<script type=\"application\/ld+json\" class=\"aioseo-schema\">\n\t\t\t{\"@context\":\"https:\\\/\\\/schema.org\",\"@graph\":[{\"@type\":\"BreadcrumbList\",\"@id\":\"https:\\\/\\\/candas365.es\\\/noticias\\\/el-huca-celebra-la-tercera-edicion-de-la-semana-de-hematologia\\\/#breadcrumblist\",\"itemListElement\":[{\"@type\":\"ListItem\",\"@id\":\"https:\\\/\\\/candas365.es\\\/noticias#listItem\",\"position\":1,\"name\":\"Home\",\"item\":\"https:\\\/\\\/candas365.es\\\/noticias\",\"nextItem\":{\"@type\":\"ListItem\",\"@id\":\"https:\\\/\\\/candas365.es\\\/noticias\\\/category\\\/salud\\\/#listItem\",\"name\":\"Salud\"}},{\"@type\":\"ListItem\",\"@id\":\"https:\\\/\\\/candas365.es\\\/noticias\\\/category\\\/salud\\\/#listItem\",\"position\":2,\"name\":\"Salud\",\"item\":\"https:\\\/\\\/candas365.es\\\/noticias\\\/category\\\/salud\\\/\",\"nextItem\":{\"@type\":\"ListItem\",\"@id\":\"https:\\\/\\\/candas365.es\\\/noticias\\\/el-huca-celebra-la-tercera-edicion-de-la-semana-de-hematologia\\\/#listItem\",\"name\":\"El HUCA celebra la tercera edici\\u00f3n de la Semana de Hematolog\\u00eda\"},\"previousItem\":{\"@type\":\"ListItem\",\"@id\":\"https:\\\/\\\/candas365.es\\\/noticias#listItem\",\"name\":\"Home\"}},{\"@type\":\"ListItem\",\"@id\":\"https:\\\/\\\/candas365.es\\\/noticias\\\/el-huca-celebra-la-tercera-edicion-de-la-semana-de-hematologia\\\/#listItem\",\"position\":3,\"name\":\"El HUCA celebra la tercera edici\\u00f3n de la Semana de Hematolog\\u00eda\",\"previousItem\":{\"@type\":\"ListItem\",\"@id\":\"https:\\\/\\\/candas365.es\\\/noticias\\\/category\\\/salud\\\/#listItem\",\"name\":\"Salud\"}}]},{\"@type\":\"NewsArticle\",\"@id\":\"https:\\\/\\\/candas365.es\\\/noticias\\\/el-huca-celebra-la-tercera-edicion-de-la-semana-de-hematologia\\\/#newsarticle\",\"name\":\"El HUCA celebra la tercera edici\\u00f3n de la Semana de Hematolog\\u00eda | Cand\\u00e1s 365\",\"headline\":\"El HUCA celebra la tercera edici\\u00f3n de la Semana de Hematolog\\u00eda\",\"author\":{\"@id\":\"https:\\\/\\\/candas365.es\\\/noticias\\\/author\\\/admin\\\/#author\"},\"publisher\":{\"@id\":\"https:\\\/\\\/candas365.es\\\/noticias\\\/#organization\"},\"image\":{\"@type\":\"ImageObject\",\"url\":\"https:\\\/\\\/candas365.es\\\/noticias\\\/wp-content\\\/uploads\\\/2025\\\/09\\\/Semana-de-la-Hematologia-HUCA.jpg\",\"width\":1106,\"height\":626,\"caption\":\"Foto: Prensa Gobierno de Asturias\"},\"datePublished\":\"2025-09-30T20:44:28+02:00\",\"dateModified\":\"2025-09-30T20:44:28+02:00\",\"inLanguage\":\"es-ES\",\"mainEntityOfPage\":{\"@id\":\"https:\\\/\\\/candas365.es\\\/noticias\\\/el-huca-celebra-la-tercera-edicion-de-la-semana-de-hematologia\\\/#webpage\"},\"isPartOf\":{\"@id\":\"https:\\\/\\\/candas365.es\\\/noticias\\\/el-huca-celebra-la-tercera-edicion-de-la-semana-de-hematologia\\\/#webpage\"},\"articleSection\":\"Salud, Asturias, Salud\",\"dateline\":\"Publicado el septiembre 30, 2025.\"},{\"@type\":\"Organization\",\"@id\":\"https:\\\/\\\/candas365.es\\\/noticias\\\/#organization\",\"name\":\"Cand\\u00e1s 365\",\"description\":\"Cand\\u00e1s 365 es un diario digital independiente, fundado en 2012, con base en Asturias. Informamos con rigor sobre actualidad, sociedad, cultura y ocio, con una mirada local y global.\",\"url\":\"https:\\\/\\\/candas365.es\\\/noticias\\\/\",\"email\":\"info@candas365.es\",\"telephone\":\"+34652131393\",\"foundingDate\":\"2012-06-10\",\"logo\":{\"@type\":\"ImageObject\",\"url\":\"https:\\\/\\\/candas365.es\\\/noticias\\\/wp-content\\\/uploads\\\/2024\\\/09\\\/Candas-365-Redes.jpg\",\"@id\":\"https:\\\/\\\/candas365.es\\\/noticias\\\/el-huca-celebra-la-tercera-edicion-de-la-semana-de-hematologia\\\/#organizationLogo\",\"width\":1152,\"height\":864,\"caption\":\"Cand\\u00e1s 365 Redes\"},\"image\":{\"@id\":\"https:\\\/\\\/candas365.es\\\/noticias\\\/el-huca-celebra-la-tercera-edicion-de-la-semana-de-hematologia\\\/#organizationLogo\"},\"sameAs\":[\"https:\\\/\\\/www.facebook.com\\\/Nachofdezber\",\"https:\\\/\\\/x.com\\\/NabercoDigital\",\"https:\\\/\\\/www.instagram.com\\\/nachofdezber\\\/\",\"https:\\\/\\\/www.youtube.com\\\/channel\\\/UCZP-2wLEB9Rv6erhFmqVnvg\"],\"address\":{\"@id\":\"https:\\\/\\\/candas365.es\\\/noticias\\\/#postaladdress\",\"@type\":\"PostalAddress\",\"streetAddress\":\"san antonio 4, san antonio 4\",\"postalCode\":\"33430\",\"addressLocality\":\"Cand\\u00e1s\",\"addressRegion\":\"Asturias\",\"addressCountry\":\"ES\"}},{\"@type\":\"Person\",\"@id\":\"https:\\\/\\\/candas365.es\\\/noticias\\\/author\\\/admin\\\/#author\",\"url\":\"https:\\\/\\\/candas365.es\\\/noticias\\\/author\\\/admin\\\/\",\"name\":\"Cand\\u00e1s 365\",\"image\":{\"@type\":\"ImageObject\",\"@id\":\"https:\\\/\\\/candas365.es\\\/noticias\\\/el-huca-celebra-la-tercera-edicion-de-la-semana-de-hematologia\\\/#authorImage\",\"url\":\"https:\\\/\\\/secure.gravatar.com\\\/avatar\\\/496a8e03d0c493ede1718b7934145dbdf8d89be1036b0eec9544e1094c9de390?s=96&d=mm&r=g\",\"width\":96,\"height\":96,\"caption\":\"Cand\\u00e1s 365\"},\"sameAs\":[\"https:\\\/\\\/www.facebook.com\\\/carrenoactualidad\",\"https:\\\/\\\/twitter.com\\\/nbasturias\",\"https:\\\/\\\/www.instagram.com\\\/nachofdezber\\\/\",\"https:\\\/\\\/www.youtube.com\\\/channel\\\/UCZP-2wLEB9Rv6erhFmqVnvg\"]},{\"@type\":\"WebPage\",\"@id\":\"https:\\\/\\\/candas365.es\\\/noticias\\\/el-huca-celebra-la-tercera-edicion-de-la-semana-de-hematologia\\\/#webpage\",\"url\":\"https:\\\/\\\/candas365.es\\\/noticias\\\/el-huca-celebra-la-tercera-edicion-de-la-semana-de-hematologia\\\/\",\"name\":\"El HUCA celebra la tercera edici\\u00f3n de la Semana de Hematolog\\u00eda | Cand\\u00e1s 365\",\"description\":\"El HUCA acoge la Semana de la Hematolog\\u00eda con conferencias, talleres y asociaciones, reafirmando su compromiso con la innovaci\\u00f3n y la atenci\\u00f3n a los pacientes.\",\"inLanguage\":\"es-ES\",\"isPartOf\":{\"@id\":\"https:\\\/\\\/candas365.es\\\/noticias\\\/#website\"},\"breadcrumb\":{\"@id\":\"https:\\\/\\\/candas365.es\\\/noticias\\\/el-huca-celebra-la-tercera-edicion-de-la-semana-de-hematologia\\\/#breadcrumblist\"},\"author\":{\"@id\":\"https:\\\/\\\/candas365.es\\\/noticias\\\/author\\\/admin\\\/#author\"},\"creator\":{\"@id\":\"https:\\\/\\\/candas365.es\\\/noticias\\\/author\\\/admin\\\/#author\"},\"image\":{\"@type\":\"ImageObject\",\"url\":\"https:\\\/\\\/candas365.es\\\/noticias\\\/wp-content\\\/uploads\\\/2025\\\/09\\\/Semana-de-la-Hematologia-HUCA.jpg\",\"@id\":\"https:\\\/\\\/candas365.es\\\/noticias\\\/el-huca-celebra-la-tercera-edicion-de-la-semana-de-hematologia\\\/#mainImage\",\"width\":1106,\"height\":626,\"caption\":\"Foto: Prensa Gobierno de Asturias\"},\"primaryImageOfPage\":{\"@id\":\"https:\\\/\\\/candas365.es\\\/noticias\\\/el-huca-celebra-la-tercera-edicion-de-la-semana-de-hematologia\\\/#mainImage\"},\"datePublished\":\"2025-09-30T20:44:28+02:00\",\"dateModified\":\"2025-09-30T20:44:28+02:00\"},{\"@type\":\"WebSite\",\"@id\":\"https:\\\/\\\/candas365.es\\\/noticias\\\/#website\",\"url\":\"https:\\\/\\\/candas365.es\\\/noticias\\\/\",\"name\":\"Cand\\u00e1s 365\",\"alternateName\":\"Cand\\u00e1s 365 Noticias\",\"description\":\"Actualidad desde Carre\\u00f1o para el mundo\",\"inLanguage\":\"es-ES\",\"publisher\":{\"@id\":\"https:\\\/\\\/candas365.es\\\/noticias\\\/#organization\"}}]}\n\t\t<\/script>\n\t\t<!-- All in One SEO Pro -->\r\n\t\t<title>El HUCA celebra la tercera edici\u00f3n de la Semana de Hematolog\u00eda | Cand\u00e1s 365<\/title>\n\n","aioseo_head_json":{"title":"El HUCA celebra la tercera edici\u00f3n de la Semana de Hematolog\u00eda | Cand\u00e1s 365","description":"El HUCA acoge la Semana de la Hematolog\u00eda con conferencias, talleres y asociaciones, reafirmando su compromiso con la innovaci\u00f3n y la atenci\u00f3n a los pacientes.","canonical_url":"https:\/\/candas365.es\/noticias\/el-huca-celebra-la-tercera-edicion-de-la-semana-de-hematologia\/","robots":"max-image-preview:large","keywords":"salud","webmasterTools":{"google-site-verification":"UA-32230408-1","msvalidate.01":"354F3CDFB2DA171B47FBE9ABF1F88D5","miscellaneous":""},"schema":{"@context":"https:\/\/schema.org","@graph":[{"@type":"BreadcrumbList","@id":"https:\/\/candas365.es\/noticias\/el-huca-celebra-la-tercera-edicion-de-la-semana-de-hematologia\/#breadcrumblist","itemListElement":[{"@type":"ListItem","@id":"https:\/\/candas365.es\/noticias#listItem","position":1,"name":"Home","item":"https:\/\/candas365.es\/noticias","nextItem":{"@type":"ListItem","@id":"https:\/\/candas365.es\/noticias\/category\/salud\/#listItem","name":"Salud"}},{"@type":"ListItem","@id":"https:\/\/candas365.es\/noticias\/category\/salud\/#listItem","position":2,"name":"Salud","item":"https:\/\/candas365.es\/noticias\/category\/salud\/","nextItem":{"@type":"ListItem","@id":"https:\/\/candas365.es\/noticias\/el-huca-celebra-la-tercera-edicion-de-la-semana-de-hematologia\/#listItem","name":"El HUCA celebra la tercera edici\u00f3n de la Semana de Hematolog\u00eda"},"previousItem":{"@type":"ListItem","@id":"https:\/\/candas365.es\/noticias#listItem","name":"Home"}},{"@type":"ListItem","@id":"https:\/\/candas365.es\/noticias\/el-huca-celebra-la-tercera-edicion-de-la-semana-de-hematologia\/#listItem","position":3,"name":"El HUCA celebra la tercera edici\u00f3n de la Semana de Hematolog\u00eda","previousItem":{"@type":"ListItem","@id":"https:\/\/candas365.es\/noticias\/category\/salud\/#listItem","name":"Salud"}}]},{"@type":"NewsArticle","@id":"https:\/\/candas365.es\/noticias\/el-huca-celebra-la-tercera-edicion-de-la-semana-de-hematologia\/#newsarticle","name":"El HUCA celebra la tercera edici\u00f3n de la Semana de Hematolog\u00eda | Cand\u00e1s 365","headline":"El HUCA celebra la tercera edici\u00f3n de la Semana de Hematolog\u00eda","author":{"@id":"https:\/\/candas365.es\/noticias\/author\/admin\/#author"},"publisher":{"@id":"https:\/\/candas365.es\/noticias\/#organization"},"image":{"@type":"ImageObject","url":"https:\/\/candas365.es\/noticias\/wp-content\/uploads\/2025\/09\/Semana-de-la-Hematologia-HUCA.jpg","width":1106,"height":626,"caption":"Foto: Prensa Gobierno de Asturias"},"datePublished":"2025-09-30T20:44:28+02:00","dateModified":"2025-09-30T20:44:28+02:00","inLanguage":"es-ES","mainEntityOfPage":{"@id":"https:\/\/candas365.es\/noticias\/el-huca-celebra-la-tercera-edicion-de-la-semana-de-hematologia\/#webpage"},"isPartOf":{"@id":"https:\/\/candas365.es\/noticias\/el-huca-celebra-la-tercera-edicion-de-la-semana-de-hematologia\/#webpage"},"articleSection":"Salud, Asturias, Salud","dateline":"Publicado el septiembre 30, 2025."},{"@type":"Organization","@id":"https:\/\/candas365.es\/noticias\/#organization","name":"Cand\u00e1s 365","description":"Cand\u00e1s 365 es un diario digital independiente, fundado en 2012, con base en Asturias. Informamos con rigor sobre actualidad, sociedad, cultura y ocio, con una mirada local y global.","url":"https:\/\/candas365.es\/noticias\/","email":"info@candas365.es","telephone":"+34652131393","foundingDate":"2012-06-10","logo":{"@type":"ImageObject","url":"https:\/\/candas365.es\/noticias\/wp-content\/uploads\/2024\/09\/Candas-365-Redes.jpg","@id":"https:\/\/candas365.es\/noticias\/el-huca-celebra-la-tercera-edicion-de-la-semana-de-hematologia\/#organizationLogo","width":1152,"height":864,"caption":"Cand\u00e1s 365 Redes"},"image":{"@id":"https:\/\/candas365.es\/noticias\/el-huca-celebra-la-tercera-edicion-de-la-semana-de-hematologia\/#organizationLogo"},"sameAs":["https:\/\/www.facebook.com\/Nachofdezber","https:\/\/x.com\/NabercoDigital","https:\/\/www.instagram.com\/nachofdezber\/","https:\/\/www.youtube.com\/channel\/UCZP-2wLEB9Rv6erhFmqVnvg"],"address":{"@id":"https:\/\/candas365.es\/noticias\/#postaladdress","@type":"PostalAddress","streetAddress":"san antonio 4, san antonio 4","postalCode":"33430","addressLocality":"Cand\u00e1s","addressRegion":"Asturias","addressCountry":"ES"}},{"@type":"Person","@id":"https:\/\/candas365.es\/noticias\/author\/admin\/#author","url":"https:\/\/candas365.es\/noticias\/author\/admin\/","name":"Cand\u00e1s 365","image":{"@type":"ImageObject","@id":"https:\/\/candas365.es\/noticias\/el-huca-celebra-la-tercera-edicion-de-la-semana-de-hematologia\/#authorImage","url":"https:\/\/secure.gravatar.com\/avatar\/496a8e03d0c493ede1718b7934145dbdf8d89be1036b0eec9544e1094c9de390?s=96&d=mm&r=g","width":96,"height":96,"caption":"Cand\u00e1s 365"},"sameAs":["https:\/\/www.facebook.com\/carrenoactualidad","https:\/\/twitter.com\/nbasturias","https:\/\/www.instagram.com\/nachofdezber\/","https:\/\/www.youtube.com\/channel\/UCZP-2wLEB9Rv6erhFmqVnvg"]},{"@type":"WebPage","@id":"https:\/\/candas365.es\/noticias\/el-huca-celebra-la-tercera-edicion-de-la-semana-de-hematologia\/#webpage","url":"https:\/\/candas365.es\/noticias\/el-huca-celebra-la-tercera-edicion-de-la-semana-de-hematologia\/","name":"El HUCA celebra la tercera edici\u00f3n de la Semana de Hematolog\u00eda | Cand\u00e1s 365","description":"El HUCA acoge la Semana de la Hematolog\u00eda con conferencias, talleres y asociaciones, reafirmando su compromiso con la innovaci\u00f3n y la atenci\u00f3n a los pacientes.","inLanguage":"es-ES","isPartOf":{"@id":"https:\/\/candas365.es\/noticias\/#website"},"breadcrumb":{"@id":"https:\/\/candas365.es\/noticias\/el-huca-celebra-la-tercera-edicion-de-la-semana-de-hematologia\/#breadcrumblist"},"author":{"@id":"https:\/\/candas365.es\/noticias\/author\/admin\/#author"},"creator":{"@id":"https:\/\/candas365.es\/noticias\/author\/admin\/#author"},"image":{"@type":"ImageObject","url":"https:\/\/candas365.es\/noticias\/wp-content\/uploads\/2025\/09\/Semana-de-la-Hematologia-HUCA.jpg","@id":"https:\/\/candas365.es\/noticias\/el-huca-celebra-la-tercera-edicion-de-la-semana-de-hematologia\/#mainImage","width":1106,"height":626,"caption":"Foto: Prensa Gobierno de Asturias"},"primaryImageOfPage":{"@id":"https:\/\/candas365.es\/noticias\/el-huca-celebra-la-tercera-edicion-de-la-semana-de-hematologia\/#mainImage"},"datePublished":"2025-09-30T20:44:28+02:00","dateModified":"2025-09-30T20:44:28+02:00"},{"@type":"WebSite","@id":"https:\/\/candas365.es\/noticias\/#website","url":"https:\/\/candas365.es\/noticias\/","name":"Cand\u00e1s 365","alternateName":"Cand\u00e1s 365 Noticias","description":"Actualidad desde Carre\u00f1o para el mundo","inLanguage":"es-ES","publisher":{"@id":"https:\/\/candas365.es\/noticias\/#organization"}}]},"og:locale":"es_ES","og:site_name":"Cand\u00e1s 365","og:type":"article","og:title":"El HUCA celebra la tercera edici\u00f3n de la Semana de Hematolog\u00eda | Cand\u00e1s 365","og:description":"El HUCA acoge la Semana de la Hematolog\u00eda con conferencias, talleres y asociaciones, reafirmando su compromiso con la innovaci\u00f3n y la atenci\u00f3n a los pacientes.","og:url":"https:\/\/candas365.es\/noticias\/el-huca-celebra-la-tercera-edicion-de-la-semana-de-hematologia\/","og:image":"https:\/\/candas365.es\/noticias\/wp-content\/uploads\/2025\/09\/Semana-de-la-Hematologia-HUCA.jpg","og:image:secure_url":"https:\/\/candas365.es\/noticias\/wp-content\/uploads\/2025\/09\/Semana-de-la-Hematologia-HUCA.jpg","og:image:width":1106,"og:image:height":626,"article:published_time":"2025-09-30T18:44:28+00:00","article:modified_time":"2025-09-30T18:44:28+00:00","article:publisher":"https:\/\/www.facebook.com\/Nachofdezber","article:author":"https:\/\/www.facebook.com\/carrenoactualidad","twitter:card":"summary_large_image","twitter:site":"@NabercoDigital","twitter:title":"El HUCA celebra la tercera edici\u00f3n de la Semana de Hematolog\u00eda | Cand\u00e1s 365","twitter:description":"El HUCA acoge la Semana de la Hematolog\u00eda con conferencias, talleres y asociaciones, reafirmando su compromiso con la innovaci\u00f3n y la atenci\u00f3n a los pacientes.","twitter:creator":"@nbasturias","twitter:image":"https:\/\/candas365.es\/noticias\/wp-content\/uploads\/2025\/09\/Semana-de-la-Hematologia-HUCA.jpg","twitter:label1":"Escrito por","twitter:data1":"Cand\u00e1s 365","twitter:label2":"Tiempo de lectura estimado","twitter:data2":"2 minutos"},"aioseo_meta_data":{"post_id":"188516","title":null,"description":"El HUCA acoge la Semana de la Hematolog\u00eda con conferencias, talleres y asociaciones, reafirmando su compromiso con la innovaci\u00f3n y la atenci\u00f3n a los pacientes.","keywords":null,"keyphrases":{"focus":{"keyphrase":"HUCA","score":100,"analysis":{"keyphraseInTitle":{"score":9,"maxScore":9,"error":0},"keyphraseInDescription":{"score":9,"maxScore":9,"error":0},"keyphraseLength":{"score":9,"maxScore":9,"error":0,"length":1},"keyphraseInURL":{"score":5,"maxScore":5,"error":0},"keyphraseInIntroduction":{"score":9,"maxScore":9,"error":0},"keyphraseInSubHeadings":[],"keyphraseInImageAlt":{"score":9,"maxScore":9,"error":0},"keywordDensity":{"type":"best","score":9,"maxScore":9,"error":0}}},"additional":[{"keyphrase":"Hematolog\u00eda","score":100,"analysis":{"keyphraseInDescription":{"score":9,"maxScore":9,"error":0},"keyphraseLength":{"score":9,"maxScore":9,"error":0,"length":2},"keyphraseInIntroduction":{"score":9,"maxScore":9,"error":0},"keyphraseInImageAlt":{"score":9,"maxScore":9,"error":0},"keywordDensity":{"type":"best","score":9,"maxScore":9,"error":0}}}]},"primary_term":null,"canonical_url":null,"og_title":null,"og_description":null,"og_object_type":"default","og_image_type":"default","og_image_url":null,"og_image_width":null,"og_image_height":null,"og_image_custom_url":null,"og_image_custom_fields":null,"og_video":"","og_custom_url":null,"og_article_section":null,"og_article_tags":null,"twitter_use_og":false,"twitter_card":"default","twitter_image_type":"default","twitter_image_url":null,"twitter_image_custom_url":null,"twitter_image_custom_fields":null,"twitter_title":null,"twitter_description":null,"schema":{"blockGraphs":[],"customGraphs":[],"default":{"data":{"Article":[],"Course":[],"Dataset":[],"FAQPage":[],"Movie":[],"Person":[],"Product":[],"ProductReview":[],"Car":[],"Recipe":[],"Service":[],"SoftwareApplication":[],"WebPage":[]},"graphName":"Article","isEnabled":true},"graphs":[]},"schema_type":"default","schema_type_options":null,"pillar_content":false,"robots_default":true,"robots_noindex":false,"robots_noarchive":false,"robots_nosnippet":false,"robots_nofollow":false,"robots_noimageindex":false,"robots_noodp":false,"robots_notranslate":false,"robots_max_snippet":"-1","robots_max_videopreview":"-1","robots_max_imagepreview":"large","priority":null,"frequency":"default","location":null,"local_seo":null,"seo_analyzer_scan_date":"2025-09-30 18:44:35","breadcrumb_settings":null,"limit_modified_date":false,"reviewed_by":null,"open_ai":null,"ai":{"faqs":[],"keyPoints":[],"titles":[],"descriptions":[],"socialPosts":{"email":[],"linkedin":[],"twitter":[],"facebook":[],"instagram":[]}},"created":"2025-09-30 18:34:54","updated":"2025-09-30 18:46:01"},"aioseo_breadcrumb":"<div class=\"aioseo-breadcrumbs\"><span class=\"aioseo-breadcrumb\">\n\t<a href=\"https:\/\/candas365.es\/noticias\" title=\"Home\">Home<\/a>\n<\/span><span class=\"aioseo-breadcrumb-separator\">&ndash;<\/span><span class=\"aioseo-breadcrumb\">\n\t<a href=\"https:\/\/candas365.es\/noticias\/category\/salud\/\" title=\"Salud\">Salud<\/a>\n<\/span><span class=\"aioseo-breadcrumb-separator\">&ndash;<\/span><span class=\"aioseo-breadcrumb\">\n\tEl HUCA celebra la tercera edici\u00f3n de la Semana de Hematolog\u00eda\n<\/span><\/div>","aioseo_breadcrumb_json":[{"label":"Home","link":"https:\/\/candas365.es\/noticias"},{"label":"Salud","link":"https:\/\/candas365.es\/noticias\/category\/salud\/"},{"label":"El HUCA celebra la tercera edici\u00f3n de la Semana de Hematolog\u00eda","link":"https:\/\/candas365.es\/noticias\/el-huca-celebra-la-tercera-edicion-de-la-semana-de-hematologia\/"}],"_links":{"self":[{"href":"https:\/\/candas365.es\/noticias\/wp-json\/wp\/v2\/posts\/188516","targetHints":{"allow":["GET"]}}],"collection":[{"href":"https:\/\/candas365.es\/noticias\/wp-json\/wp\/v2\/posts"}],"about":[{"href":"https:\/\/candas365.es\/noticias\/wp-json\/wp\/v2\/types\/post"}],"author":[{"embeddable":true,"href":"https:\/\/candas365.es\/noticias\/wp-json\/wp\/v2\/users\/1"}],"replies":[{"embeddable":true,"href":"https:\/\/candas365.es\/noticias\/wp-json\/wp\/v2\/comments?post=188516"}],"version-history":[{"count":0,"href":"https:\/\/candas365.es\/noticias\/wp-json\/wp\/v2\/posts\/188516\/revisions"}],"wp:featuredmedia":[{"embeddable":true,"href":"https:\/\/candas365.es\/noticias\/wp-json\/wp\/v2\/media\/188517"}],"wp:attachment":[{"href":"https:\/\/candas365.es\/noticias\/wp-json\/wp\/v2\/media?parent=188516"}],"wp:term":[{"taxonomy":"category","embeddable":true,"href":"https:\/\/candas365.es\/noticias\/wp-json\/wp\/v2\/categories?post=188516"},{"taxonomy":"post_tag","embeddable":true,"href":"https:\/\/candas365.es\/noticias\/wp-json\/wp\/v2\/tags?post=188516"}],"curies":[{"name":"wp","href":"https:\/\/api.w.org\/{rel}","templated":true}]}}