{"id":188513,"date":"2025-09-30T20:06:08","date_gmt":"2025-09-30T18:06:08","guid":{"rendered":"https:\/\/candas365.es\/noticias\/?p=188513"},"modified":"2025-09-30T20:06:08","modified_gmt":"2025-09-30T18:06:08","slug":"queipo-reclama-el-fin-del-peaje-del-huerna-y-critica-a-barbon","status":"publish","type":"post","link":"https:\/\/candas365.es\/noticias\/queipo-reclama-el-fin-del-peaje-del-huerna-y-critica-a-barbon\/","title":{"rendered":"Queipo reclama el fin del peaje del Huerna y critica a Barb\u00f3n"},"content":{"rendered":"<p>El l\u00edder del PP asturiano, \u00c1lvaro Queipo,\u00a0exige suprimir el <a href=\"https:\/\/candas365.es\/noticias\/barbon-anuncia-su-ofensiva-para-eliminar-el-peaje-del-huerna\/\"><span style=\"color: #ff6600;\"><strong>peaje del Huerna<\/strong><\/span><\/a>, acusa a Barb\u00f3n de falta de firmeza ante S\u00e1nchez y defiende medidas para cambiar el rumbo de Asturias.<\/p>\n<figure id=\"attachment_188514\" aria-describedby=\"caption-attachment-188514\" style=\"width: 650px\" class=\"wp-caption aligncenter\"><img fetchpriority=\"high\" decoding=\"async\" class=\"size-large wp-image-188514\" src=\"https:\/\/candas365.es\/noticias\/wp-content\/uploads\/2025\/09\/Alvaro-Queipo-650x454.jpg\" alt=\"\u00c1lvaro Queipo\" width=\"650\" height=\"454\" srcset=\"https:\/\/candas365.es\/noticias\/wp-content\/uploads\/2025\/09\/Alvaro-Queipo-650x454.jpg 650w, https:\/\/candas365.es\/noticias\/wp-content\/uploads\/2025\/09\/Alvaro-Queipo-360x251.jpg 360w, https:\/\/candas365.es\/noticias\/wp-content\/uploads\/2025\/09\/Alvaro-Queipo-768x536.jpg 768w, https:\/\/candas365.es\/noticias\/wp-content\/uploads\/2025\/09\/Alvaro-Queipo-150x105.jpg 150w, https:\/\/candas365.es\/noticias\/wp-content\/uploads\/2025\/09\/Alvaro-Queipo-450x314.jpg 450w, https:\/\/candas365.es\/noticias\/wp-content\/uploads\/2025\/09\/Alvaro-Queipo.jpg 953w\" sizes=\"(max-width: 650px) 100vw, 650px\" \/><figcaption id=\"caption-attachment-188514\" class=\"wp-caption-text\">Foto: Prensa PP Asturias<\/figcaption><\/figure>\n<p>El presidente del Partido Popular de Asturias, \u00c1lvaro Queipo, ha reclamado este martes la supresi\u00f3n inmediata del <a href=\"https:\/\/eldigitaldeasturias.com\/radio\/barbon-anuncia-que-asturias-pedira-a-la-ue-la-supresion-del-peaje-del-huerna\/\" target=\"_blank\" rel=\"noopener\"><span style=\"color: #ff6600;\"><strong>peaje del Huerna<\/strong><\/span><\/a>, al que considera una \u201cinjusticia hist\u00f3rica\u201d para la comunidad. <strong>\u201cYa no valen excusas, tanto si hay Presupuestos Generales como si no, este problema pol\u00edtico tiene que resolverse\u201d, afirm\u00f3.<\/strong><\/p>\n<p>Queipo acus\u00f3 al presidente auton\u00f3mico, Adri\u00e1n Barb\u00f3n, de falta de firmeza frente al Gobierno central. \u201cMientras dice estar contra el peaje, evita confrontar con Pedro S\u00e1nchez y \u00d3scar Puente, que son quienes pueden acabar con \u00e9l\u201d, se\u00f1al\u00f3. El l\u00edder popular subray\u00f3 la necesidad de \u201cunir fuerzas\u201d y coincidi\u00f3 con la alcaldesa de Gij\u00f3n, Carmen Moriy\u00f3n, en que \u201clo importante es liberar a Asturias del r\u00e9gimen socialista\u201d.<\/p>\n<p>Durante su intervenci\u00f3n, el dirigente popular repas\u00f3 otros asuntos de la actualidad regional. Critic\u00f3 la gesti\u00f3n de la educaci\u00f3n, al recordar la huelga hist\u00f3rica del profesorado, y reproch\u00f3 al Ejecutivo haber paralizado el plan forestal, lo que, a su juicio, agrava los incendios y la situaci\u00f3n de los ganaderos. Tambi\u00e9n censur\u00f3 que el PSOE votara contra propuestas para reforzar la atenci\u00f3n sanitaria y sociosanitaria.<\/p>\n<p>Queipo defendi\u00f3 el programa del PP para \u201ccambiar el rumbo de Asturias\u201d, con medidas como la bajada de impuestos, apoyo a la industria y al campo, inversiones en puertos e infraestructuras, y una nueva ley auton\u00f3mica de vivienda para facilitar el acceso a j\u00f3venes y familias.<\/p>\n<p>Por \u00faltimo, anunci\u00f3 cambios internos en el partido: la secretaria general, Beatriz Llaneza, asumir\u00e1 la vicesecretar\u00eda de Organizaci\u00f3n, mientras que Silverio Arg\u00fcelles presidir\u00e1 la nueva Comisi\u00f3n de Afiliaci\u00f3n.<\/p>\n","protected":false},"excerpt":{"rendered":"<p>El l\u00edder del PP asturiano, \u00c1lvaro Queipo,\u00a0exige suprimir el peaje del Huerna, acusa a Barb\u00f3n de falta de firmeza ante S\u00e1nchez y defiende medidas para cambiar el rumbo de Asturias. El presidente del Partido Popular de Asturias, \u00c1lvaro Queipo, ha reclamado este martes la supresi\u00f3n inmediata del peaje del Huerna, al que considera una \u201cinjusticia<\/p>\n","protected":false},"author":1,"featured_media":188514,"comment_status":"closed","ping_status":"closed","sticky":false,"template":"","format":"standard","meta":{"footnotes":""},"categories":[7,316],"tags":[380,470,480],"class_list":{"0":"post-188513","1":"post","2":"type-post","3":"status-publish","4":"format-standard","5":"has-post-thumbnail","7":"category-asturias","8":"category-destacadas","9":"tag-asturias","10":"tag-politica","11":"tag-pp"},"aioseo_notices":[],"aioseo_head":"\n\t\t<!-- All in One SEO Pro 4.9.6.2 - aioseo.com -->\n\t<meta name=\"description\" content=\"El l\u00edder del PP asturiano, \u00c1lvaro Queipo, exige suprimir el peaje del Huerna, acusa a Barb\u00f3n de falta de firmeza ante S\u00e1nchez y defiende medidas para cambiar\" \/>\n\t<meta name=\"robots\" content=\"max-image-preview:large\" \/>\n\t<meta name=\"author\" content=\"Cand\u00e1s 365\"\/>\n\t<meta name=\"google-site-verification\" content=\"UA-32230408-1\" \/>\n\t<meta name=\"msvalidate.01\" content=\"354F3CDFB2DA171B47FBE9ABF1F88D5\" \/>\n\t<meta name=\"keywords\" content=\"asturias,destacadas\" \/>\n\t<link rel=\"canonical\" href=\"https:\/\/candas365.es\/noticias\/queipo-reclama-el-fin-del-peaje-del-huerna-y-critica-a-barbon\/\" \/>\n\t<meta name=\"generator\" content=\"All in One SEO Pro (AIOSEO) 4.9.6.2\" \/>\n\t\t<meta property=\"og:locale\" content=\"es_ES\" \/>\n\t\t<meta property=\"og:site_name\" content=\"Cand\u00e1s 365\" \/>\n\t\t<meta property=\"og:type\" content=\"article\" \/>\n\t\t<meta property=\"og:title\" content=\"Queipo reclama el fin del peaje del Huerna y critica a Barb\u00f3n | Cand\u00e1s 365\" \/>\n\t\t<meta property=\"og:description\" content=\"El l\u00edder del PP asturiano, \u00c1lvaro Queipo, exige suprimir el peaje del Huerna, acusa a Barb\u00f3n de falta de firmeza ante S\u00e1nchez y defiende medidas para cambiar\" \/>\n\t\t<meta property=\"og:url\" content=\"https:\/\/candas365.es\/noticias\/queipo-reclama-el-fin-del-peaje-del-huerna-y-critica-a-barbon\/\" \/>\n\t\t<meta property=\"og:image\" content=\"https:\/\/candas365.es\/noticias\/wp-content\/uploads\/2025\/09\/Alvaro-Queipo.jpg\" \/>\n\t\t<meta property=\"og:image:secure_url\" content=\"https:\/\/candas365.es\/noticias\/wp-content\/uploads\/2025\/09\/Alvaro-Queipo.jpg\" \/>\n\t\t<meta property=\"og:image:width\" content=\"953\" \/>\n\t\t<meta property=\"og:image:height\" content=\"665\" \/>\n\t\t<meta property=\"article:published_time\" content=\"2025-09-30T18:06:08+00:00\" \/>\n\t\t<meta property=\"article:modified_time\" content=\"2025-09-30T18:06:08+00:00\" \/>\n\t\t<meta property=\"article:publisher\" content=\"https:\/\/www.facebook.com\/Nachofdezber\" \/>\n\t\t<meta property=\"article:author\" content=\"https:\/\/www.facebook.com\/carrenoactualidad\" \/>\n\t\t<meta name=\"twitter:card\" content=\"summary_large_image\" \/>\n\t\t<meta name=\"twitter:site\" content=\"@NabercoDigital\" \/>\n\t\t<meta name=\"twitter:title\" content=\"Queipo reclama el fin del peaje del Huerna y critica a Barb\u00f3n | Cand\u00e1s 365\" \/>\n\t\t<meta name=\"twitter:description\" content=\"El l\u00edder del PP asturiano, \u00c1lvaro Queipo, exige suprimir el peaje del Huerna, acusa a Barb\u00f3n de falta de firmeza ante S\u00e1nchez y defiende medidas para cambiar\" \/>\n\t\t<meta name=\"twitter:creator\" content=\"@nbasturias\" \/>\n\t\t<meta name=\"twitter:image\" content=\"https:\/\/candas365.es\/noticias\/wp-content\/uploads\/2025\/09\/Alvaro-Queipo.jpg\" \/>\n\t\t<meta name=\"twitter:label1\" content=\"Escrito por\" \/>\n\t\t<meta name=\"twitter:data1\" content=\"Cand\u00e1s 365\" \/>\n\t\t<meta name=\"twitter:label2\" content=\"Tiempo de lectura estimado\" \/>\n\t\t<meta name=\"twitter:data2\" content=\"2 minutos\" \/>\n\t\t<script type=\"application\/ld+json\" class=\"aioseo-schema\">\n\t\t\t{\"@context\":\"https:\\\/\\\/schema.org\",\"@graph\":[{\"@type\":\"BreadcrumbList\",\"@id\":\"https:\\\/\\\/candas365.es\\\/noticias\\\/queipo-reclama-el-fin-del-peaje-del-huerna-y-critica-a-barbon\\\/#breadcrumblist\",\"itemListElement\":[{\"@type\":\"ListItem\",\"@id\":\"https:\\\/\\\/candas365.es\\\/noticias#listItem\",\"position\":1,\"name\":\"Home\",\"item\":\"https:\\\/\\\/candas365.es\\\/noticias\",\"nextItem\":{\"@type\":\"ListItem\",\"@id\":\"https:\\\/\\\/candas365.es\\\/noticias\\\/category\\\/asturias\\\/#listItem\",\"name\":\"Asturias\"}},{\"@type\":\"ListItem\",\"@id\":\"https:\\\/\\\/candas365.es\\\/noticias\\\/category\\\/asturias\\\/#listItem\",\"position\":2,\"name\":\"Asturias\",\"item\":\"https:\\\/\\\/candas365.es\\\/noticias\\\/category\\\/asturias\\\/\",\"nextItem\":{\"@type\":\"ListItem\",\"@id\":\"https:\\\/\\\/candas365.es\\\/noticias\\\/queipo-reclama-el-fin-del-peaje-del-huerna-y-critica-a-barbon\\\/#listItem\",\"name\":\"Queipo reclama el fin del peaje del Huerna y critica a Barb\\u00f3n\"},\"previousItem\":{\"@type\":\"ListItem\",\"@id\":\"https:\\\/\\\/candas365.es\\\/noticias#listItem\",\"name\":\"Home\"}},{\"@type\":\"ListItem\",\"@id\":\"https:\\\/\\\/candas365.es\\\/noticias\\\/queipo-reclama-el-fin-del-peaje-del-huerna-y-critica-a-barbon\\\/#listItem\",\"position\":3,\"name\":\"Queipo reclama el fin del peaje del Huerna y critica a Barb\\u00f3n\",\"previousItem\":{\"@type\":\"ListItem\",\"@id\":\"https:\\\/\\\/candas365.es\\\/noticias\\\/category\\\/asturias\\\/#listItem\",\"name\":\"Asturias\"}}]},{\"@type\":\"NewsArticle\",\"@id\":\"https:\\\/\\\/candas365.es\\\/noticias\\\/queipo-reclama-el-fin-del-peaje-del-huerna-y-critica-a-barbon\\\/#newsarticle\",\"name\":\"Queipo reclama el fin del peaje del Huerna y critica a Barb\\u00f3n | Cand\\u00e1s 365\",\"headline\":\"Queipo reclama el fin del peaje del Huerna y critica a Barb\\u00f3n\",\"author\":{\"@id\":\"https:\\\/\\\/candas365.es\\\/noticias\\\/author\\\/admin\\\/#author\"},\"publisher\":{\"@id\":\"https:\\\/\\\/candas365.es\\\/noticias\\\/#organization\"},\"image\":{\"@type\":\"ImageObject\",\"url\":\"https:\\\/\\\/candas365.es\\\/noticias\\\/wp-content\\\/uploads\\\/2025\\\/09\\\/Alvaro-Queipo.jpg\",\"width\":953,\"height\":665,\"caption\":\"Foto: Prensa PP Asturias\"},\"datePublished\":\"2025-09-30T20:06:08+02:00\",\"dateModified\":\"2025-09-30T20:06:08+02:00\",\"inLanguage\":\"es-ES\",\"mainEntityOfPage\":{\"@id\":\"https:\\\/\\\/candas365.es\\\/noticias\\\/queipo-reclama-el-fin-del-peaje-del-huerna-y-critica-a-barbon\\\/#webpage\"},\"isPartOf\":{\"@id\":\"https:\\\/\\\/candas365.es\\\/noticias\\\/queipo-reclama-el-fin-del-peaje-del-huerna-y-critica-a-barbon\\\/#webpage\"},\"articleSection\":\"Asturias, Destacadas, Asturias, pol\\u00edtica, PP\",\"dateline\":\"Publicado el septiembre 30, 2025.\"},{\"@type\":\"Organization\",\"@id\":\"https:\\\/\\\/candas365.es\\\/noticias\\\/#organization\",\"name\":\"Cand\\u00e1s 365\",\"description\":\"Cand\\u00e1s 365 es un diario digital independiente, fundado en 2012, con base en Asturias. Informamos con rigor sobre actualidad, sociedad, cultura y ocio, con una mirada local y global.\",\"url\":\"https:\\\/\\\/candas365.es\\\/noticias\\\/\",\"email\":\"info@candas365.es\",\"telephone\":\"+34652131393\",\"foundingDate\":\"2012-06-10\",\"logo\":{\"@type\":\"ImageObject\",\"url\":\"https:\\\/\\\/candas365.es\\\/noticias\\\/wp-content\\\/uploads\\\/2024\\\/09\\\/Candas-365-Redes.jpg\",\"@id\":\"https:\\\/\\\/candas365.es\\\/noticias\\\/queipo-reclama-el-fin-del-peaje-del-huerna-y-critica-a-barbon\\\/#organizationLogo\",\"width\":1152,\"height\":864,\"caption\":\"Cand\\u00e1s 365 Redes\"},\"image\":{\"@id\":\"https:\\\/\\\/candas365.es\\\/noticias\\\/queipo-reclama-el-fin-del-peaje-del-huerna-y-critica-a-barbon\\\/#organizationLogo\"},\"sameAs\":[\"https:\\\/\\\/www.facebook.com\\\/Nachofdezber\",\"https:\\\/\\\/x.com\\\/NabercoDigital\",\"https:\\\/\\\/www.instagram.com\\\/nachofdezber\\\/\",\"https:\\\/\\\/www.youtube.com\\\/channel\\\/UCZP-2wLEB9Rv6erhFmqVnvg\"],\"address\":{\"@id\":\"https:\\\/\\\/candas365.es\\\/noticias\\\/#postaladdress\",\"@type\":\"PostalAddress\",\"streetAddress\":\"san antonio 4, san antonio 4\",\"postalCode\":\"33430\",\"addressLocality\":\"Cand\\u00e1s\",\"addressRegion\":\"Asturias\",\"addressCountry\":\"ES\"}},{\"@type\":\"Person\",\"@id\":\"https:\\\/\\\/candas365.es\\\/noticias\\\/author\\\/admin\\\/#author\",\"url\":\"https:\\\/\\\/candas365.es\\\/noticias\\\/author\\\/admin\\\/\",\"name\":\"Cand\\u00e1s 365\",\"image\":{\"@type\":\"ImageObject\",\"@id\":\"https:\\\/\\\/candas365.es\\\/noticias\\\/queipo-reclama-el-fin-del-peaje-del-huerna-y-critica-a-barbon\\\/#authorImage\",\"url\":\"https:\\\/\\\/secure.gravatar.com\\\/avatar\\\/496a8e03d0c493ede1718b7934145dbdf8d89be1036b0eec9544e1094c9de390?s=96&d=mm&r=g\",\"width\":96,\"height\":96,\"caption\":\"Cand\\u00e1s 365\"},\"sameAs\":[\"https:\\\/\\\/www.facebook.com\\\/carrenoactualidad\",\"https:\\\/\\\/twitter.com\\\/nbasturias\",\"https:\\\/\\\/www.instagram.com\\\/nachofdezber\\\/\",\"https:\\\/\\\/www.youtube.com\\\/channel\\\/UCZP-2wLEB9Rv6erhFmqVnvg\"]},{\"@type\":\"WebPage\",\"@id\":\"https:\\\/\\\/candas365.es\\\/noticias\\\/queipo-reclama-el-fin-del-peaje-del-huerna-y-critica-a-barbon\\\/#webpage\",\"url\":\"https:\\\/\\\/candas365.es\\\/noticias\\\/queipo-reclama-el-fin-del-peaje-del-huerna-y-critica-a-barbon\\\/\",\"name\":\"Queipo reclama el fin del peaje del Huerna y critica a Barb\\u00f3n | Cand\\u00e1s 365\",\"description\":\"El l\\u00edder del PP asturiano, \\u00c1lvaro Queipo, exige suprimir el peaje del Huerna, acusa a Barb\\u00f3n de falta de firmeza ante S\\u00e1nchez y defiende medidas para cambiar\",\"inLanguage\":\"es-ES\",\"isPartOf\":{\"@id\":\"https:\\\/\\\/candas365.es\\\/noticias\\\/#website\"},\"breadcrumb\":{\"@id\":\"https:\\\/\\\/candas365.es\\\/noticias\\\/queipo-reclama-el-fin-del-peaje-del-huerna-y-critica-a-barbon\\\/#breadcrumblist\"},\"author\":{\"@id\":\"https:\\\/\\\/candas365.es\\\/noticias\\\/author\\\/admin\\\/#author\"},\"creator\":{\"@id\":\"https:\\\/\\\/candas365.es\\\/noticias\\\/author\\\/admin\\\/#author\"},\"image\":{\"@type\":\"ImageObject\",\"url\":\"https:\\\/\\\/candas365.es\\\/noticias\\\/wp-content\\\/uploads\\\/2025\\\/09\\\/Alvaro-Queipo.jpg\",\"@id\":\"https:\\\/\\\/candas365.es\\\/noticias\\\/queipo-reclama-el-fin-del-peaje-del-huerna-y-critica-a-barbon\\\/#mainImage\",\"width\":953,\"height\":665,\"caption\":\"Foto: Prensa PP Asturias\"},\"primaryImageOfPage\":{\"@id\":\"https:\\\/\\\/candas365.es\\\/noticias\\\/queipo-reclama-el-fin-del-peaje-del-huerna-y-critica-a-barbon\\\/#mainImage\"},\"datePublished\":\"2025-09-30T20:06:08+02:00\",\"dateModified\":\"2025-09-30T20:06:08+02:00\"},{\"@type\":\"WebSite\",\"@id\":\"https:\\\/\\\/candas365.es\\\/noticias\\\/#website\",\"url\":\"https:\\\/\\\/candas365.es\\\/noticias\\\/\",\"name\":\"Cand\\u00e1s 365\",\"alternateName\":\"Cand\\u00e1s 365 Noticias\",\"description\":\"Actualidad desde Carre\\u00f1o para el mundo\",\"inLanguage\":\"es-ES\",\"publisher\":{\"@id\":\"https:\\\/\\\/candas365.es\\\/noticias\\\/#organization\"}}]}\n\t\t<\/script>\n\t\t<!-- All in One SEO Pro -->\r\n\t\t<title>Queipo reclama el fin del peaje del Huerna y critica a Barb\u00f3n | Cand\u00e1s 365<\/title>\n\n","aioseo_head_json":{"title":"Queipo reclama el fin del peaje del Huerna y critica a Barb\u00f3n | Cand\u00e1s 365","description":"El l\u00edder del PP asturiano, \u00c1lvaro Queipo, exige suprimir el peaje del Huerna, acusa a Barb\u00f3n de falta de firmeza ante S\u00e1nchez y defiende medidas para cambiar","canonical_url":"https:\/\/candas365.es\/noticias\/queipo-reclama-el-fin-del-peaje-del-huerna-y-critica-a-barbon\/","robots":"max-image-preview:large","keywords":"asturias,destacadas","webmasterTools":{"google-site-verification":"UA-32230408-1","msvalidate.01":"354F3CDFB2DA171B47FBE9ABF1F88D5","miscellaneous":""},"schema":{"@context":"https:\/\/schema.org","@graph":[{"@type":"BreadcrumbList","@id":"https:\/\/candas365.es\/noticias\/queipo-reclama-el-fin-del-peaje-del-huerna-y-critica-a-barbon\/#breadcrumblist","itemListElement":[{"@type":"ListItem","@id":"https:\/\/candas365.es\/noticias#listItem","position":1,"name":"Home","item":"https:\/\/candas365.es\/noticias","nextItem":{"@type":"ListItem","@id":"https:\/\/candas365.es\/noticias\/category\/asturias\/#listItem","name":"Asturias"}},{"@type":"ListItem","@id":"https:\/\/candas365.es\/noticias\/category\/asturias\/#listItem","position":2,"name":"Asturias","item":"https:\/\/candas365.es\/noticias\/category\/asturias\/","nextItem":{"@type":"ListItem","@id":"https:\/\/candas365.es\/noticias\/queipo-reclama-el-fin-del-peaje-del-huerna-y-critica-a-barbon\/#listItem","name":"Queipo reclama el fin del peaje del Huerna y critica a Barb\u00f3n"},"previousItem":{"@type":"ListItem","@id":"https:\/\/candas365.es\/noticias#listItem","name":"Home"}},{"@type":"ListItem","@id":"https:\/\/candas365.es\/noticias\/queipo-reclama-el-fin-del-peaje-del-huerna-y-critica-a-barbon\/#listItem","position":3,"name":"Queipo reclama el fin del peaje del Huerna y critica a Barb\u00f3n","previousItem":{"@type":"ListItem","@id":"https:\/\/candas365.es\/noticias\/category\/asturias\/#listItem","name":"Asturias"}}]},{"@type":"NewsArticle","@id":"https:\/\/candas365.es\/noticias\/queipo-reclama-el-fin-del-peaje-del-huerna-y-critica-a-barbon\/#newsarticle","name":"Queipo reclama el fin del peaje del Huerna y critica a Barb\u00f3n | Cand\u00e1s 365","headline":"Queipo reclama el fin del peaje del Huerna y critica a Barb\u00f3n","author":{"@id":"https:\/\/candas365.es\/noticias\/author\/admin\/#author"},"publisher":{"@id":"https:\/\/candas365.es\/noticias\/#organization"},"image":{"@type":"ImageObject","url":"https:\/\/candas365.es\/noticias\/wp-content\/uploads\/2025\/09\/Alvaro-Queipo.jpg","width":953,"height":665,"caption":"Foto: Prensa PP Asturias"},"datePublished":"2025-09-30T20:06:08+02:00","dateModified":"2025-09-30T20:06:08+02:00","inLanguage":"es-ES","mainEntityOfPage":{"@id":"https:\/\/candas365.es\/noticias\/queipo-reclama-el-fin-del-peaje-del-huerna-y-critica-a-barbon\/#webpage"},"isPartOf":{"@id":"https:\/\/candas365.es\/noticias\/queipo-reclama-el-fin-del-peaje-del-huerna-y-critica-a-barbon\/#webpage"},"articleSection":"Asturias, Destacadas, Asturias, pol\u00edtica, PP","dateline":"Publicado el septiembre 30, 2025."},{"@type":"Organization","@id":"https:\/\/candas365.es\/noticias\/#organization","name":"Cand\u00e1s 365","description":"Cand\u00e1s 365 es un diario digital independiente, fundado en 2012, con base en Asturias. Informamos con rigor sobre actualidad, sociedad, cultura y ocio, con una mirada local y global.","url":"https:\/\/candas365.es\/noticias\/","email":"info@candas365.es","telephone":"+34652131393","foundingDate":"2012-06-10","logo":{"@type":"ImageObject","url":"https:\/\/candas365.es\/noticias\/wp-content\/uploads\/2024\/09\/Candas-365-Redes.jpg","@id":"https:\/\/candas365.es\/noticias\/queipo-reclama-el-fin-del-peaje-del-huerna-y-critica-a-barbon\/#organizationLogo","width":1152,"height":864,"caption":"Cand\u00e1s 365 Redes"},"image":{"@id":"https:\/\/candas365.es\/noticias\/queipo-reclama-el-fin-del-peaje-del-huerna-y-critica-a-barbon\/#organizationLogo"},"sameAs":["https:\/\/www.facebook.com\/Nachofdezber","https:\/\/x.com\/NabercoDigital","https:\/\/www.instagram.com\/nachofdezber\/","https:\/\/www.youtube.com\/channel\/UCZP-2wLEB9Rv6erhFmqVnvg"],"address":{"@id":"https:\/\/candas365.es\/noticias\/#postaladdress","@type":"PostalAddress","streetAddress":"san antonio 4, san antonio 4","postalCode":"33430","addressLocality":"Cand\u00e1s","addressRegion":"Asturias","addressCountry":"ES"}},{"@type":"Person","@id":"https:\/\/candas365.es\/noticias\/author\/admin\/#author","url":"https:\/\/candas365.es\/noticias\/author\/admin\/","name":"Cand\u00e1s 365","image":{"@type":"ImageObject","@id":"https:\/\/candas365.es\/noticias\/queipo-reclama-el-fin-del-peaje-del-huerna-y-critica-a-barbon\/#authorImage","url":"https:\/\/secure.gravatar.com\/avatar\/496a8e03d0c493ede1718b7934145dbdf8d89be1036b0eec9544e1094c9de390?s=96&d=mm&r=g","width":96,"height":96,"caption":"Cand\u00e1s 365"},"sameAs":["https:\/\/www.facebook.com\/carrenoactualidad","https:\/\/twitter.com\/nbasturias","https:\/\/www.instagram.com\/nachofdezber\/","https:\/\/www.youtube.com\/channel\/UCZP-2wLEB9Rv6erhFmqVnvg"]},{"@type":"WebPage","@id":"https:\/\/candas365.es\/noticias\/queipo-reclama-el-fin-del-peaje-del-huerna-y-critica-a-barbon\/#webpage","url":"https:\/\/candas365.es\/noticias\/queipo-reclama-el-fin-del-peaje-del-huerna-y-critica-a-barbon\/","name":"Queipo reclama el fin del peaje del Huerna y critica a Barb\u00f3n | Cand\u00e1s 365","description":"El l\u00edder del PP asturiano, \u00c1lvaro Queipo, exige suprimir el peaje del Huerna, acusa a Barb\u00f3n de falta de firmeza ante S\u00e1nchez y defiende medidas para cambiar","inLanguage":"es-ES","isPartOf":{"@id":"https:\/\/candas365.es\/noticias\/#website"},"breadcrumb":{"@id":"https:\/\/candas365.es\/noticias\/queipo-reclama-el-fin-del-peaje-del-huerna-y-critica-a-barbon\/#breadcrumblist"},"author":{"@id":"https:\/\/candas365.es\/noticias\/author\/admin\/#author"},"creator":{"@id":"https:\/\/candas365.es\/noticias\/author\/admin\/#author"},"image":{"@type":"ImageObject","url":"https:\/\/candas365.es\/noticias\/wp-content\/uploads\/2025\/09\/Alvaro-Queipo.jpg","@id":"https:\/\/candas365.es\/noticias\/queipo-reclama-el-fin-del-peaje-del-huerna-y-critica-a-barbon\/#mainImage","width":953,"height":665,"caption":"Foto: Prensa PP Asturias"},"primaryImageOfPage":{"@id":"https:\/\/candas365.es\/noticias\/queipo-reclama-el-fin-del-peaje-del-huerna-y-critica-a-barbon\/#mainImage"},"datePublished":"2025-09-30T20:06:08+02:00","dateModified":"2025-09-30T20:06:08+02:00"},{"@type":"WebSite","@id":"https:\/\/candas365.es\/noticias\/#website","url":"https:\/\/candas365.es\/noticias\/","name":"Cand\u00e1s 365","alternateName":"Cand\u00e1s 365 Noticias","description":"Actualidad desde Carre\u00f1o para el mundo","inLanguage":"es-ES","publisher":{"@id":"https:\/\/candas365.es\/noticias\/#organization"}}]},"og:locale":"es_ES","og:site_name":"Cand\u00e1s 365","og:type":"article","og:title":"Queipo reclama el fin del peaje del Huerna y critica a Barb\u00f3n | Cand\u00e1s 365","og:description":"El l\u00edder del PP asturiano, \u00c1lvaro Queipo, exige suprimir el peaje del Huerna, acusa a Barb\u00f3n de falta de firmeza ante S\u00e1nchez y defiende medidas para cambiar","og:url":"https:\/\/candas365.es\/noticias\/queipo-reclama-el-fin-del-peaje-del-huerna-y-critica-a-barbon\/","og:image":"https:\/\/candas365.es\/noticias\/wp-content\/uploads\/2025\/09\/Alvaro-Queipo.jpg","og:image:secure_url":"https:\/\/candas365.es\/noticias\/wp-content\/uploads\/2025\/09\/Alvaro-Queipo.jpg","og:image:width":953,"og:image:height":665,"article:published_time":"2025-09-30T18:06:08+00:00","article:modified_time":"2025-09-30T18:06:08+00:00","article:publisher":"https:\/\/www.facebook.com\/Nachofdezber","article:author":"https:\/\/www.facebook.com\/carrenoactualidad","twitter:card":"summary_large_image","twitter:site":"@NabercoDigital","twitter:title":"Queipo reclama el fin del peaje del Huerna y critica a Barb\u00f3n | Cand\u00e1s 365","twitter:description":"El l\u00edder del PP asturiano, \u00c1lvaro Queipo, exige suprimir el peaje del Huerna, acusa a Barb\u00f3n de falta de firmeza ante S\u00e1nchez y defiende medidas para cambiar","twitter:creator":"@nbasturias","twitter:image":"https:\/\/candas365.es\/noticias\/wp-content\/uploads\/2025\/09\/Alvaro-Queipo.jpg","twitter:label1":"Escrito por","twitter:data1":"Cand\u00e1s 365","twitter:label2":"Tiempo de lectura estimado","twitter:data2":"2 minutos"},"aioseo_meta_data":{"post_id":"188513","title":null,"description":"El l\u00edder del PP asturiano, \u00c1lvaro Queipo, exige suprimir el peaje del Huerna, acusa a Barb\u00f3n de falta de firmeza ante S\u00e1nchez y defiende medidas para cambiar","keywords":null,"keyphrases":{"focus":{"keyphrase":"Queipo","score":100,"analysis":{"keyphraseInTitle":{"score":9,"maxScore":9,"error":0},"keyphraseInDescription":{"score":9,"maxScore":9,"error":0},"keyphraseLength":{"score":9,"maxScore":9,"error":0,"length":1},"keyphraseInURL":{"score":5,"maxScore":5,"error":0},"keyphraseInIntroduction":{"score":9,"maxScore":9,"error":0},"keyphraseInSubHeadings":[],"keyphraseInImageAlt":{"score":9,"maxScore":9,"error":0},"keywordDensity":{"type":"best","score":9,"maxScore":9,"error":0}}},"additional":[{"keyphrase":"\u00c1lvaro Queipo","score":100,"analysis":{"keyphraseInDescription":{"score":9,"maxScore":9,"error":0},"keyphraseLength":{"score":9,"maxScore":9,"error":0,"length":2},"keyphraseInIntroduction":{"score":9,"maxScore":9,"error":0},"keyphraseInImageAlt":{"score":9,"maxScore":9,"error":0},"keywordDensity":{"type":"best","score":9,"maxScore":9,"error":0}}}]},"primary_term":null,"canonical_url":null,"og_title":null,"og_description":null,"og_object_type":"default","og_image_type":"default","og_image_url":null,"og_image_width":null,"og_image_height":null,"og_image_custom_url":null,"og_image_custom_fields":null,"og_video":"","og_custom_url":null,"og_article_section":null,"og_article_tags":null,"twitter_use_og":false,"twitter_card":"default","twitter_image_type":"default","twitter_image_url":null,"twitter_image_custom_url":null,"twitter_image_custom_fields":null,"twitter_title":null,"twitter_description":null,"schema":{"blockGraphs":[],"customGraphs":[],"default":{"data":{"Article":[],"Course":[],"Dataset":[],"FAQPage":[],"Movie":[],"Person":[],"Product":[],"ProductReview":[],"Car":[],"Recipe":[],"Service":[],"SoftwareApplication":[],"WebPage":[]},"graphName":"Article","isEnabled":true},"graphs":[]},"schema_type":"default","schema_type_options":null,"pillar_content":false,"robots_default":true,"robots_noindex":false,"robots_noarchive":false,"robots_nosnippet":false,"robots_nofollow":false,"robots_noimageindex":false,"robots_noodp":false,"robots_notranslate":false,"robots_max_snippet":"-1","robots_max_videopreview":"-1","robots_max_imagepreview":"large","priority":null,"frequency":"default","location":null,"local_seo":null,"seo_analyzer_scan_date":"2025-09-30 18:06:11","breadcrumb_settings":null,"limit_modified_date":false,"reviewed_by":null,"open_ai":null,"ai":{"faqs":[],"keyPoints":[],"titles":[],"descriptions":[],"socialPosts":{"email":[],"linkedin":[],"twitter":[],"facebook":[],"instagram":[]}},"created":"2025-09-30 17:44:07","updated":"2025-09-30 18:14:26"},"aioseo_breadcrumb":"<div class=\"aioseo-breadcrumbs\"><span class=\"aioseo-breadcrumb\">\n\t<a href=\"https:\/\/candas365.es\/noticias\" title=\"Home\">Home<\/a>\n<\/span><span class=\"aioseo-breadcrumb-separator\">&ndash;<\/span><span class=\"aioseo-breadcrumb\">\n\t<a href=\"https:\/\/candas365.es\/noticias\/category\/asturias\/\" title=\"Asturias\">Asturias<\/a>\n<\/span><span class=\"aioseo-breadcrumb-separator\">&ndash;<\/span><span class=\"aioseo-breadcrumb\">\n\tQueipo reclama el fin del peaje del Huerna y critica a Barb\u00f3n\n<\/span><\/div>","aioseo_breadcrumb_json":[{"label":"Home","link":"https:\/\/candas365.es\/noticias"},{"label":"Asturias","link":"https:\/\/candas365.es\/noticias\/category\/asturias\/"},{"label":"Queipo reclama el fin del peaje del Huerna y critica a Barb\u00f3n","link":"https:\/\/candas365.es\/noticias\/queipo-reclama-el-fin-del-peaje-del-huerna-y-critica-a-barbon\/"}],"_links":{"self":[{"href":"https:\/\/candas365.es\/noticias\/wp-json\/wp\/v2\/posts\/188513","targetHints":{"allow":["GET"]}}],"collection":[{"href":"https:\/\/candas365.es\/noticias\/wp-json\/wp\/v2\/posts"}],"about":[{"href":"https:\/\/candas365.es\/noticias\/wp-json\/wp\/v2\/types\/post"}],"author":[{"embeddable":true,"href":"https:\/\/candas365.es\/noticias\/wp-json\/wp\/v2\/users\/1"}],"replies":[{"embeddable":true,"href":"https:\/\/candas365.es\/noticias\/wp-json\/wp\/v2\/comments?post=188513"}],"version-history":[{"count":0,"href":"https:\/\/candas365.es\/noticias\/wp-json\/wp\/v2\/posts\/188513\/revisions"}],"wp:featuredmedia":[{"embeddable":true,"href":"https:\/\/candas365.es\/noticias\/wp-json\/wp\/v2\/media\/188514"}],"wp:attachment":[{"href":"https:\/\/candas365.es\/noticias\/wp-json\/wp\/v2\/media?parent=188513"}],"wp:term":[{"taxonomy":"category","embeddable":true,"href":"https:\/\/candas365.es\/noticias\/wp-json\/wp\/v2\/categories?post=188513"},{"taxonomy":"post_tag","embeddable":true,"href":"https:\/\/candas365.es\/noticias\/wp-json\/wp\/v2\/tags?post=188513"}],"curies":[{"name":"wp","href":"https:\/\/api.w.org\/{rel}","templated":true}]}}