{"id":188413,"date":"2025-09-27T20:04:05","date_gmt":"2025-09-27T18:04:05","guid":{"rendered":"https:\/\/candas365.es\/noticias\/?p=188413"},"modified":"2025-09-27T20:04:05","modified_gmt":"2025-09-27T18:04:05","slug":"asturias-busca-negocio-en-corea-del-sur-y-japon","status":"publish","type":"post","link":"https:\/\/candas365.es\/noticias\/asturias-busca-negocio-en-corea-del-sur-y-japon\/","title":{"rendered":"Asturias \u00abbusca negocio\u00bb en Corea del Sur y Jap\u00f3n"},"content":{"rendered":"<p>El consejero del <span style=\"color: #ff6600;\"><a style=\"color: #ff6600;\" href=\"https:\/\/actualidad.asturias.es\/\" target=\"_blank\" rel=\"noopener\"><strong>Principado de Asturias<\/strong><\/a><\/span>, Borja S\u00e1nchez, iniciar\u00e1 el pr\u00f3ximo lunes una misi\u00f3n institucional y empresarial a Corea del Sur y Jap\u00f3n, con el objetivo de explorar oportunidades de negocio para el tejido empresarial asturiano. <strong>En el viaje participar\u00e1 tambi\u00e9n Bruno L\u00f3pez, director general de Asturex, sociedad encargada de coordinar la iniciativa.<\/strong><\/p>\n<figure id=\"attachment_188414\" aria-describedby=\"caption-attachment-188414\" style=\"width: 650px\" class=\"wp-caption aligncenter\"><img fetchpriority=\"high\" decoding=\"async\" class=\"size-large wp-image-188414\" src=\"https:\/\/candas365.es\/noticias\/wp-content\/uploads\/2025\/09\/Asturias-busca-negocio-en-Corea-del-Sur-650x435.jpg\" alt=\"Asturias busca negocio en Corea del Sur\" width=\"650\" height=\"435\" srcset=\"https:\/\/candas365.es\/noticias\/wp-content\/uploads\/2025\/09\/Asturias-busca-negocio-en-Corea-del-Sur-650x435.jpg 650w, https:\/\/candas365.es\/noticias\/wp-content\/uploads\/2025\/09\/Asturias-busca-negocio-en-Corea-del-Sur-360x241.jpg 360w, https:\/\/candas365.es\/noticias\/wp-content\/uploads\/2025\/09\/Asturias-busca-negocio-en-Corea-del-Sur-768x514.jpg 768w, https:\/\/candas365.es\/noticias\/wp-content\/uploads\/2025\/09\/Asturias-busca-negocio-en-Corea-del-Sur-150x100.jpg 150w, https:\/\/candas365.es\/noticias\/wp-content\/uploads\/2025\/09\/Asturias-busca-negocio-en-Corea-del-Sur-450x301.jpg 450w, https:\/\/candas365.es\/noticias\/wp-content\/uploads\/2025\/09\/Asturias-busca-negocio-en-Corea-del-Sur.jpg 1021w\" sizes=\"(max-width: 650px) 100vw, 650px\" \/><figcaption id=\"caption-attachment-188414\" class=\"wp-caption-text\">Foto: 123rf.com<\/figcaption><\/figure>\n<p>La delegaci\u00f3n permanecer\u00e1 en <span style=\"color: #ff6600;\"><a style=\"color: #ff6600;\" href=\"https:\/\/candas365.es\/noticias\/category\/internacional\/\"><strong>Asia<\/strong><\/a><\/span> entre el 29 de septiembre y el 3 de octubre, acompa\u00f1ada por seis firmas de la regi\u00f3n: Adaro Tecnolog\u00eda, Gonvarri Solar Steel, Hierros y Carbones (Hicasa), La Luna Gesti\u00f3n de Servicios, Siero Lam y Trabanco Distribuci\u00f3n y Exportaci\u00f3n. El prop\u00f3sito es diversificar mercados y abrir nuevas puertas en econom\u00edas din\u00e1micas y con gran potencial de crecimiento.<\/p>\n<h2>Agenda institucional y comercial<\/h2>\n<p>Adem\u00e1s de las reuniones empresariales, la expedici\u00f3n desarrollar\u00e1 un programa de contactos en los sectores industrial y tecnol\u00f3gico. La idea es reforzar la imagen de Asturias como regi\u00f3n industrial y tecnol\u00f3gicamente avanzada.<\/p>\n<p>En Corea del Sur, la delegaci\u00f3n se reunir\u00e1 con el embajador de Espa\u00f1a, Julio Herraiz, as\u00ed como con representantes de la Oficina Econ\u00f3mica y Comercial, la C\u00e1mara de Comercio de Espa\u00f1a, la KCCI y la federaci\u00f3n de pymes coreana (KBIZ).<\/p>\n<p>En Jap\u00f3n, el programa incluye encuentros con el embajador espa\u00f1ol \u00cd\u00f1igo de Palacio, la C\u00e1mara de Comercio e Industria japonesa, el Tokyo Innovation Base, el EU-Japan Center for Industrial Cooperation, la Japan External Trade Organization (JETRO) y la Japan Community Power Association, entre otras entidades.<\/p>\n<h2>Corea del Sur y Jap\u00f3n, mercados estrat\u00e9gicos<\/h2>\n<p>Borja S\u00e1nchez subray\u00f3 que esta misi\u00f3n \u201crepresenta una oportunidad para fortalecer la presencia asturiana en dos de los mercados m\u00e1s din\u00e1micos y avanzados de Asia, contribuyendo a la internacionalizaci\u00f3n y diversificaci\u00f3n de nuestras exportaciones\u201d.<\/p>\n<p>Corea del Sur es la cuarta econom\u00eda de Asia y ocupa un papel clave en las cadenas internacionales de valor, con planes de desarrollo en digitalizaci\u00f3n, 5G y energ\u00edas renovables, sectores donde las empresas asturianas cuentan con experiencia.<\/p>\n<p>Jap\u00f3n, tercera econom\u00eda mundial, destaca por su fortaleza tecnol\u00f3gica en \u00e1reas como la automoci\u00f3n, la electr\u00f3nica, la rob\u00f3tica, los semiconductores y la qu\u00edmica. Tambi\u00e9n es uno de los mayores inversores internacionales, lo que abre oportunidades de cooperaci\u00f3n e intercambio.<\/p>\n<h2>Exportaciones asturianas a Asia<\/h2>\n<p>En 2024, las exportaciones de Asturias a Corea del Sur y Jap\u00f3n alcanzaron los 121,5 millones de euros, lo que supone el 2,1% del total de ventas al exterior. <strong>Corea del Sur fue el segundo destino dentro del \u00e1rea con 29,2 millones, mientras que Jap\u00f3n ocup\u00f3 el tercer lugar con 9,88 millones.<\/strong><\/p>\n<p>En los cinco primeros meses de este a\u00f1o, Corea del Sur se consolid\u00f3 como el principal mercado asi\u00e1tico, con 13,7 millones en exportaciones, lideradas por el cinc y sus manufacturas (82,7% del total). En Jap\u00f3n, las ventas sumaron 5,3 millones, destacando el aluminio y sus manufacturas (54%).<\/p>\n<p><strong>La misi\u00f3n comercial se plantea como una oportunidad para abrir nuevas v\u00edas de negocio en Asia<\/strong> y reforzar la proyecci\u00f3n internacional del tejido industrial y tecnol\u00f3gico del Principado.<\/p>\n","protected":false},"excerpt":{"rendered":"<p>El consejero del Principado de Asturias, Borja S\u00e1nchez, iniciar\u00e1 el pr\u00f3ximo lunes una misi\u00f3n institucional y empresarial a Corea del Sur y Jap\u00f3n, con el objetivo de explorar oportunidades de negocio para el tejido empresarial asturiano. En el viaje participar\u00e1 tambi\u00e9n Bruno L\u00f3pez, director general de Asturex, sociedad encargada de coordinar la iniciativa. La delegaci\u00f3n<\/p>\n","protected":false},"author":1,"featured_media":188414,"comment_status":"closed","ping_status":"closed","sticky":false,"template":"","format":"standard","meta":{"footnotes":""},"categories":[7],"tags":[380,437],"class_list":{"0":"post-188413","1":"post","2":"type-post","3":"status-publish","4":"format-standard","5":"has-post-thumbnail","7":"category-asturias","8":"tag-asturias","9":"tag-economia"},"aioseo_notices":[],"aioseo_head":"\n\t\t<!-- All in One SEO Pro 4.9.6.2 - aioseo.com -->\n\t<meta name=\"description\" content=\"El consejero del Principado de Asturias, Borja S\u00e1nchez, iniciar\u00e1 el pr\u00f3ximo lunes una misi\u00f3n institucional y empresarial a Corea del Sur y Jap\u00f3n\" \/>\n\t<meta name=\"robots\" content=\"max-image-preview:large\" \/>\n\t<meta name=\"author\" content=\"Cand\u00e1s 365\"\/>\n\t<meta name=\"google-site-verification\" content=\"UA-32230408-1\" \/>\n\t<meta name=\"msvalidate.01\" content=\"354F3CDFB2DA171B47FBE9ABF1F88D5\" \/>\n\t<meta name=\"keywords\" content=\"asturias\" \/>\n\t<link rel=\"canonical\" href=\"https:\/\/candas365.es\/noticias\/asturias-busca-negocio-en-corea-del-sur-y-japon\/\" \/>\n\t<meta name=\"generator\" content=\"All in One SEO Pro (AIOSEO) 4.9.6.2\" \/>\n\t\t<meta property=\"og:locale\" content=\"es_ES\" \/>\n\t\t<meta property=\"og:site_name\" content=\"Cand\u00e1s 365\" \/>\n\t\t<meta property=\"og:type\" content=\"article\" \/>\n\t\t<meta property=\"og:title\" content=\"Asturias \u00abbusca negocio\u00bb en Corea del Sur y Jap\u00f3n | Cand\u00e1s 365\" \/>\n\t\t<meta property=\"og:description\" content=\"El consejero del Principado de Asturias, Borja S\u00e1nchez, iniciar\u00e1 el pr\u00f3ximo lunes una misi\u00f3n institucional y empresarial a Corea del Sur y Jap\u00f3n\" \/>\n\t\t<meta property=\"og:url\" content=\"https:\/\/candas365.es\/noticias\/asturias-busca-negocio-en-corea-del-sur-y-japon\/\" \/>\n\t\t<meta property=\"og:image\" content=\"https:\/\/candas365.es\/noticias\/wp-content\/uploads\/2025\/09\/Asturias-busca-negocio-en-Corea-del-Sur.jpg\" \/>\n\t\t<meta property=\"og:image:secure_url\" content=\"https:\/\/candas365.es\/noticias\/wp-content\/uploads\/2025\/09\/Asturias-busca-negocio-en-Corea-del-Sur.jpg\" \/>\n\t\t<meta property=\"og:image:width\" content=\"1021\" \/>\n\t\t<meta property=\"og:image:height\" content=\"683\" \/>\n\t\t<meta property=\"article:published_time\" content=\"2025-09-27T18:04:05+00:00\" \/>\n\t\t<meta property=\"article:modified_time\" content=\"2025-09-27T18:04:05+00:00\" \/>\n\t\t<meta property=\"article:publisher\" content=\"https:\/\/www.facebook.com\/Nachofdezber\" \/>\n\t\t<meta property=\"article:author\" content=\"https:\/\/www.facebook.com\/carrenoactualidad\" \/>\n\t\t<meta name=\"twitter:card\" content=\"summary_large_image\" \/>\n\t\t<meta name=\"twitter:site\" content=\"@NabercoDigital\" \/>\n\t\t<meta name=\"twitter:title\" content=\"Asturias \u00abbusca negocio\u00bb en Corea del Sur y Jap\u00f3n | Cand\u00e1s 365\" \/>\n\t\t<meta name=\"twitter:description\" content=\"El consejero del Principado de Asturias, Borja S\u00e1nchez, iniciar\u00e1 el pr\u00f3ximo lunes una misi\u00f3n institucional y empresarial a Corea del Sur y Jap\u00f3n\" \/>\n\t\t<meta name=\"twitter:creator\" content=\"@nbasturias\" \/>\n\t\t<meta name=\"twitter:image\" content=\"https:\/\/candas365.es\/noticias\/wp-content\/uploads\/2025\/09\/Asturias-busca-negocio-en-Corea-del-Sur.jpg\" \/>\n\t\t<meta name=\"twitter:label1\" content=\"Escrito por\" \/>\n\t\t<meta name=\"twitter:data1\" content=\"Cand\u00e1s 365\" \/>\n\t\t<meta name=\"twitter:label2\" content=\"Tiempo de lectura estimado\" \/>\n\t\t<meta name=\"twitter:data2\" content=\"3 minutos\" \/>\n\t\t<script type=\"application\/ld+json\" class=\"aioseo-schema\">\n\t\t\t{\"@context\":\"https:\\\/\\\/schema.org\",\"@graph\":[{\"@type\":\"BreadcrumbList\",\"@id\":\"https:\\\/\\\/candas365.es\\\/noticias\\\/asturias-busca-negocio-en-corea-del-sur-y-japon\\\/#breadcrumblist\",\"itemListElement\":[{\"@type\":\"ListItem\",\"@id\":\"https:\\\/\\\/candas365.es\\\/noticias#listItem\",\"position\":1,\"name\":\"Home\",\"item\":\"https:\\\/\\\/candas365.es\\\/noticias\",\"nextItem\":{\"@type\":\"ListItem\",\"@id\":\"https:\\\/\\\/candas365.es\\\/noticias\\\/category\\\/asturias\\\/#listItem\",\"name\":\"Asturias\"}},{\"@type\":\"ListItem\",\"@id\":\"https:\\\/\\\/candas365.es\\\/noticias\\\/category\\\/asturias\\\/#listItem\",\"position\":2,\"name\":\"Asturias\",\"item\":\"https:\\\/\\\/candas365.es\\\/noticias\\\/category\\\/asturias\\\/\",\"nextItem\":{\"@type\":\"ListItem\",\"@id\":\"https:\\\/\\\/candas365.es\\\/noticias\\\/asturias-busca-negocio-en-corea-del-sur-y-japon\\\/#listItem\",\"name\":\"Asturias \\u00abbusca negocio\\u00bb en Corea del Sur y Jap\\u00f3n\"},\"previousItem\":{\"@type\":\"ListItem\",\"@id\":\"https:\\\/\\\/candas365.es\\\/noticias#listItem\",\"name\":\"Home\"}},{\"@type\":\"ListItem\",\"@id\":\"https:\\\/\\\/candas365.es\\\/noticias\\\/asturias-busca-negocio-en-corea-del-sur-y-japon\\\/#listItem\",\"position\":3,\"name\":\"Asturias \\u00abbusca negocio\\u00bb en Corea del Sur y Jap\\u00f3n\",\"previousItem\":{\"@type\":\"ListItem\",\"@id\":\"https:\\\/\\\/candas365.es\\\/noticias\\\/category\\\/asturias\\\/#listItem\",\"name\":\"Asturias\"}}]},{\"@type\":\"NewsArticle\",\"@id\":\"https:\\\/\\\/candas365.es\\\/noticias\\\/asturias-busca-negocio-en-corea-del-sur-y-japon\\\/#newsarticle\",\"name\":\"Asturias \\u00abbusca negocio\\u00bb en Corea del Sur y Jap\\u00f3n | Cand\\u00e1s 365\",\"headline\":\"Asturias \\u00abbusca negocio\\u00bb en Corea del Sur y Jap\\u00f3n\",\"author\":{\"@id\":\"https:\\\/\\\/candas365.es\\\/noticias\\\/author\\\/admin\\\/#author\"},\"publisher\":{\"@id\":\"https:\\\/\\\/candas365.es\\\/noticias\\\/#organization\"},\"image\":{\"@type\":\"ImageObject\",\"url\":\"https:\\\/\\\/candas365.es\\\/noticias\\\/wp-content\\\/uploads\\\/2025\\\/09\\\/Asturias-busca-negocio-en-Corea-del-Sur.jpg\",\"width\":1021,\"height\":683,\"caption\":\"Foto: 123rf.com\"},\"datePublished\":\"2025-09-27T20:04:05+02:00\",\"dateModified\":\"2025-09-27T20:04:05+02:00\",\"inLanguage\":\"es-ES\",\"mainEntityOfPage\":{\"@id\":\"https:\\\/\\\/candas365.es\\\/noticias\\\/asturias-busca-negocio-en-corea-del-sur-y-japon\\\/#webpage\"},\"isPartOf\":{\"@id\":\"https:\\\/\\\/candas365.es\\\/noticias\\\/asturias-busca-negocio-en-corea-del-sur-y-japon\\\/#webpage\"},\"articleSection\":\"Asturias, Asturias, Econom\\u00eda\",\"dateline\":\"Publicado el septiembre 27, 2025.\"},{\"@type\":\"Organization\",\"@id\":\"https:\\\/\\\/candas365.es\\\/noticias\\\/#organization\",\"name\":\"Cand\\u00e1s 365\",\"description\":\"Cand\\u00e1s 365 es un diario digital independiente, fundado en 2012, con base en Asturias. Informamos con rigor sobre actualidad, sociedad, cultura y ocio, con una mirada local y global.\",\"url\":\"https:\\\/\\\/candas365.es\\\/noticias\\\/\",\"email\":\"info@candas365.es\",\"telephone\":\"+34652131393\",\"foundingDate\":\"2012-06-10\",\"logo\":{\"@type\":\"ImageObject\",\"url\":\"https:\\\/\\\/candas365.es\\\/noticias\\\/wp-content\\\/uploads\\\/2024\\\/09\\\/Candas-365-Redes.jpg\",\"@id\":\"https:\\\/\\\/candas365.es\\\/noticias\\\/asturias-busca-negocio-en-corea-del-sur-y-japon\\\/#organizationLogo\",\"width\":1152,\"height\":864,\"caption\":\"Cand\\u00e1s 365 Redes\"},\"image\":{\"@id\":\"https:\\\/\\\/candas365.es\\\/noticias\\\/asturias-busca-negocio-en-corea-del-sur-y-japon\\\/#organizationLogo\"},\"sameAs\":[\"https:\\\/\\\/www.facebook.com\\\/Nachofdezber\",\"https:\\\/\\\/x.com\\\/NabercoDigital\",\"https:\\\/\\\/www.instagram.com\\\/nachofdezber\\\/\",\"https:\\\/\\\/www.youtube.com\\\/channel\\\/UCZP-2wLEB9Rv6erhFmqVnvg\"],\"address\":{\"@id\":\"https:\\\/\\\/candas365.es\\\/noticias\\\/#postaladdress\",\"@type\":\"PostalAddress\",\"streetAddress\":\"san antonio 4, san antonio 4\",\"postalCode\":\"33430\",\"addressLocality\":\"Cand\\u00e1s\",\"addressRegion\":\"Asturias\",\"addressCountry\":\"ES\"}},{\"@type\":\"Person\",\"@id\":\"https:\\\/\\\/candas365.es\\\/noticias\\\/author\\\/admin\\\/#author\",\"url\":\"https:\\\/\\\/candas365.es\\\/noticias\\\/author\\\/admin\\\/\",\"name\":\"Cand\\u00e1s 365\",\"image\":{\"@type\":\"ImageObject\",\"@id\":\"https:\\\/\\\/candas365.es\\\/noticias\\\/asturias-busca-negocio-en-corea-del-sur-y-japon\\\/#authorImage\",\"url\":\"https:\\\/\\\/secure.gravatar.com\\\/avatar\\\/496a8e03d0c493ede1718b7934145dbdf8d89be1036b0eec9544e1094c9de390?s=96&d=mm&r=g\",\"width\":96,\"height\":96,\"caption\":\"Cand\\u00e1s 365\"},\"sameAs\":[\"https:\\\/\\\/www.facebook.com\\\/carrenoactualidad\",\"https:\\\/\\\/twitter.com\\\/nbasturias\",\"https:\\\/\\\/www.instagram.com\\\/nachofdezber\\\/\",\"https:\\\/\\\/www.youtube.com\\\/channel\\\/UCZP-2wLEB9Rv6erhFmqVnvg\"]},{\"@type\":\"WebPage\",\"@id\":\"https:\\\/\\\/candas365.es\\\/noticias\\\/asturias-busca-negocio-en-corea-del-sur-y-japon\\\/#webpage\",\"url\":\"https:\\\/\\\/candas365.es\\\/noticias\\\/asturias-busca-negocio-en-corea-del-sur-y-japon\\\/\",\"name\":\"Asturias \\u00abbusca negocio\\u00bb en Corea del Sur y Jap\\u00f3n | Cand\\u00e1s 365\",\"description\":\"El consejero del Principado de Asturias, Borja S\\u00e1nchez, iniciar\\u00e1 el pr\\u00f3ximo lunes una misi\\u00f3n institucional y empresarial a Corea del Sur y Jap\\u00f3n\",\"inLanguage\":\"es-ES\",\"isPartOf\":{\"@id\":\"https:\\\/\\\/candas365.es\\\/noticias\\\/#website\"},\"breadcrumb\":{\"@id\":\"https:\\\/\\\/candas365.es\\\/noticias\\\/asturias-busca-negocio-en-corea-del-sur-y-japon\\\/#breadcrumblist\"},\"author\":{\"@id\":\"https:\\\/\\\/candas365.es\\\/noticias\\\/author\\\/admin\\\/#author\"},\"creator\":{\"@id\":\"https:\\\/\\\/candas365.es\\\/noticias\\\/author\\\/admin\\\/#author\"},\"image\":{\"@type\":\"ImageObject\",\"url\":\"https:\\\/\\\/candas365.es\\\/noticias\\\/wp-content\\\/uploads\\\/2025\\\/09\\\/Asturias-busca-negocio-en-Corea-del-Sur.jpg\",\"@id\":\"https:\\\/\\\/candas365.es\\\/noticias\\\/asturias-busca-negocio-en-corea-del-sur-y-japon\\\/#mainImage\",\"width\":1021,\"height\":683,\"caption\":\"Foto: 123rf.com\"},\"primaryImageOfPage\":{\"@id\":\"https:\\\/\\\/candas365.es\\\/noticias\\\/asturias-busca-negocio-en-corea-del-sur-y-japon\\\/#mainImage\"},\"datePublished\":\"2025-09-27T20:04:05+02:00\",\"dateModified\":\"2025-09-27T20:04:05+02:00\"},{\"@type\":\"WebSite\",\"@id\":\"https:\\\/\\\/candas365.es\\\/noticias\\\/#website\",\"url\":\"https:\\\/\\\/candas365.es\\\/noticias\\\/\",\"name\":\"Cand\\u00e1s 365\",\"alternateName\":\"Cand\\u00e1s 365 Noticias\",\"description\":\"Actualidad desde Carre\\u00f1o para el mundo\",\"inLanguage\":\"es-ES\",\"publisher\":{\"@id\":\"https:\\\/\\\/candas365.es\\\/noticias\\\/#organization\"}}]}\n\t\t<\/script>\n\t\t<!-- All in One SEO Pro -->\r\n\t\t<title>Asturias \u00abbusca negocio\u00bb en Corea del Sur y Jap\u00f3n | Cand\u00e1s 365<\/title>\n\n","aioseo_head_json":{"title":"Asturias \u00abbusca negocio\u00bb en Corea del Sur y Jap\u00f3n | Cand\u00e1s 365","description":"El consejero del Principado de Asturias, Borja S\u00e1nchez, iniciar\u00e1 el pr\u00f3ximo lunes una misi\u00f3n institucional y empresarial a Corea del Sur y Jap\u00f3n","canonical_url":"https:\/\/candas365.es\/noticias\/asturias-busca-negocio-en-corea-del-sur-y-japon\/","robots":"max-image-preview:large","keywords":"asturias","webmasterTools":{"google-site-verification":"UA-32230408-1","msvalidate.01":"354F3CDFB2DA171B47FBE9ABF1F88D5","miscellaneous":""},"schema":{"@context":"https:\/\/schema.org","@graph":[{"@type":"BreadcrumbList","@id":"https:\/\/candas365.es\/noticias\/asturias-busca-negocio-en-corea-del-sur-y-japon\/#breadcrumblist","itemListElement":[{"@type":"ListItem","@id":"https:\/\/candas365.es\/noticias#listItem","position":1,"name":"Home","item":"https:\/\/candas365.es\/noticias","nextItem":{"@type":"ListItem","@id":"https:\/\/candas365.es\/noticias\/category\/asturias\/#listItem","name":"Asturias"}},{"@type":"ListItem","@id":"https:\/\/candas365.es\/noticias\/category\/asturias\/#listItem","position":2,"name":"Asturias","item":"https:\/\/candas365.es\/noticias\/category\/asturias\/","nextItem":{"@type":"ListItem","@id":"https:\/\/candas365.es\/noticias\/asturias-busca-negocio-en-corea-del-sur-y-japon\/#listItem","name":"Asturias \u00abbusca negocio\u00bb en Corea del Sur y Jap\u00f3n"},"previousItem":{"@type":"ListItem","@id":"https:\/\/candas365.es\/noticias#listItem","name":"Home"}},{"@type":"ListItem","@id":"https:\/\/candas365.es\/noticias\/asturias-busca-negocio-en-corea-del-sur-y-japon\/#listItem","position":3,"name":"Asturias \u00abbusca negocio\u00bb en Corea del Sur y Jap\u00f3n","previousItem":{"@type":"ListItem","@id":"https:\/\/candas365.es\/noticias\/category\/asturias\/#listItem","name":"Asturias"}}]},{"@type":"NewsArticle","@id":"https:\/\/candas365.es\/noticias\/asturias-busca-negocio-en-corea-del-sur-y-japon\/#newsarticle","name":"Asturias \u00abbusca negocio\u00bb en Corea del Sur y Jap\u00f3n | Cand\u00e1s 365","headline":"Asturias \u00abbusca negocio\u00bb en Corea del Sur y Jap\u00f3n","author":{"@id":"https:\/\/candas365.es\/noticias\/author\/admin\/#author"},"publisher":{"@id":"https:\/\/candas365.es\/noticias\/#organization"},"image":{"@type":"ImageObject","url":"https:\/\/candas365.es\/noticias\/wp-content\/uploads\/2025\/09\/Asturias-busca-negocio-en-Corea-del-Sur.jpg","width":1021,"height":683,"caption":"Foto: 123rf.com"},"datePublished":"2025-09-27T20:04:05+02:00","dateModified":"2025-09-27T20:04:05+02:00","inLanguage":"es-ES","mainEntityOfPage":{"@id":"https:\/\/candas365.es\/noticias\/asturias-busca-negocio-en-corea-del-sur-y-japon\/#webpage"},"isPartOf":{"@id":"https:\/\/candas365.es\/noticias\/asturias-busca-negocio-en-corea-del-sur-y-japon\/#webpage"},"articleSection":"Asturias, Asturias, Econom\u00eda","dateline":"Publicado el septiembre 27, 2025."},{"@type":"Organization","@id":"https:\/\/candas365.es\/noticias\/#organization","name":"Cand\u00e1s 365","description":"Cand\u00e1s 365 es un diario digital independiente, fundado en 2012, con base en Asturias. Informamos con rigor sobre actualidad, sociedad, cultura y ocio, con una mirada local y global.","url":"https:\/\/candas365.es\/noticias\/","email":"info@candas365.es","telephone":"+34652131393","foundingDate":"2012-06-10","logo":{"@type":"ImageObject","url":"https:\/\/candas365.es\/noticias\/wp-content\/uploads\/2024\/09\/Candas-365-Redes.jpg","@id":"https:\/\/candas365.es\/noticias\/asturias-busca-negocio-en-corea-del-sur-y-japon\/#organizationLogo","width":1152,"height":864,"caption":"Cand\u00e1s 365 Redes"},"image":{"@id":"https:\/\/candas365.es\/noticias\/asturias-busca-negocio-en-corea-del-sur-y-japon\/#organizationLogo"},"sameAs":["https:\/\/www.facebook.com\/Nachofdezber","https:\/\/x.com\/NabercoDigital","https:\/\/www.instagram.com\/nachofdezber\/","https:\/\/www.youtube.com\/channel\/UCZP-2wLEB9Rv6erhFmqVnvg"],"address":{"@id":"https:\/\/candas365.es\/noticias\/#postaladdress","@type":"PostalAddress","streetAddress":"san antonio 4, san antonio 4","postalCode":"33430","addressLocality":"Cand\u00e1s","addressRegion":"Asturias","addressCountry":"ES"}},{"@type":"Person","@id":"https:\/\/candas365.es\/noticias\/author\/admin\/#author","url":"https:\/\/candas365.es\/noticias\/author\/admin\/","name":"Cand\u00e1s 365","image":{"@type":"ImageObject","@id":"https:\/\/candas365.es\/noticias\/asturias-busca-negocio-en-corea-del-sur-y-japon\/#authorImage","url":"https:\/\/secure.gravatar.com\/avatar\/496a8e03d0c493ede1718b7934145dbdf8d89be1036b0eec9544e1094c9de390?s=96&d=mm&r=g","width":96,"height":96,"caption":"Cand\u00e1s 365"},"sameAs":["https:\/\/www.facebook.com\/carrenoactualidad","https:\/\/twitter.com\/nbasturias","https:\/\/www.instagram.com\/nachofdezber\/","https:\/\/www.youtube.com\/channel\/UCZP-2wLEB9Rv6erhFmqVnvg"]},{"@type":"WebPage","@id":"https:\/\/candas365.es\/noticias\/asturias-busca-negocio-en-corea-del-sur-y-japon\/#webpage","url":"https:\/\/candas365.es\/noticias\/asturias-busca-negocio-en-corea-del-sur-y-japon\/","name":"Asturias \u00abbusca negocio\u00bb en Corea del Sur y Jap\u00f3n | Cand\u00e1s 365","description":"El consejero del Principado de Asturias, Borja S\u00e1nchez, iniciar\u00e1 el pr\u00f3ximo lunes una misi\u00f3n institucional y empresarial a Corea del Sur y Jap\u00f3n","inLanguage":"es-ES","isPartOf":{"@id":"https:\/\/candas365.es\/noticias\/#website"},"breadcrumb":{"@id":"https:\/\/candas365.es\/noticias\/asturias-busca-negocio-en-corea-del-sur-y-japon\/#breadcrumblist"},"author":{"@id":"https:\/\/candas365.es\/noticias\/author\/admin\/#author"},"creator":{"@id":"https:\/\/candas365.es\/noticias\/author\/admin\/#author"},"image":{"@type":"ImageObject","url":"https:\/\/candas365.es\/noticias\/wp-content\/uploads\/2025\/09\/Asturias-busca-negocio-en-Corea-del-Sur.jpg","@id":"https:\/\/candas365.es\/noticias\/asturias-busca-negocio-en-corea-del-sur-y-japon\/#mainImage","width":1021,"height":683,"caption":"Foto: 123rf.com"},"primaryImageOfPage":{"@id":"https:\/\/candas365.es\/noticias\/asturias-busca-negocio-en-corea-del-sur-y-japon\/#mainImage"},"datePublished":"2025-09-27T20:04:05+02:00","dateModified":"2025-09-27T20:04:05+02:00"},{"@type":"WebSite","@id":"https:\/\/candas365.es\/noticias\/#website","url":"https:\/\/candas365.es\/noticias\/","name":"Cand\u00e1s 365","alternateName":"Cand\u00e1s 365 Noticias","description":"Actualidad desde Carre\u00f1o para el mundo","inLanguage":"es-ES","publisher":{"@id":"https:\/\/candas365.es\/noticias\/#organization"}}]},"og:locale":"es_ES","og:site_name":"Cand\u00e1s 365","og:type":"article","og:title":"Asturias \u00abbusca negocio\u00bb en Corea del Sur y Jap\u00f3n | Cand\u00e1s 365","og:description":"El consejero del Principado de Asturias, Borja S\u00e1nchez, iniciar\u00e1 el pr\u00f3ximo lunes una misi\u00f3n institucional y empresarial a Corea del Sur y Jap\u00f3n","og:url":"https:\/\/candas365.es\/noticias\/asturias-busca-negocio-en-corea-del-sur-y-japon\/","og:image":"https:\/\/candas365.es\/noticias\/wp-content\/uploads\/2025\/09\/Asturias-busca-negocio-en-Corea-del-Sur.jpg","og:image:secure_url":"https:\/\/candas365.es\/noticias\/wp-content\/uploads\/2025\/09\/Asturias-busca-negocio-en-Corea-del-Sur.jpg","og:image:width":1021,"og:image:height":683,"article:published_time":"2025-09-27T18:04:05+00:00","article:modified_time":"2025-09-27T18:04:05+00:00","article:publisher":"https:\/\/www.facebook.com\/Nachofdezber","article:author":"https:\/\/www.facebook.com\/carrenoactualidad","twitter:card":"summary_large_image","twitter:site":"@NabercoDigital","twitter:title":"Asturias \u00abbusca negocio\u00bb en Corea del Sur y Jap\u00f3n | Cand\u00e1s 365","twitter:description":"El consejero del Principado de Asturias, Borja S\u00e1nchez, iniciar\u00e1 el pr\u00f3ximo lunes una misi\u00f3n institucional y empresarial a Corea del Sur y Jap\u00f3n","twitter:creator":"@nbasturias","twitter:image":"https:\/\/candas365.es\/noticias\/wp-content\/uploads\/2025\/09\/Asturias-busca-negocio-en-Corea-del-Sur.jpg","twitter:label1":"Escrito por","twitter:data1":"Cand\u00e1s 365","twitter:label2":"Tiempo de lectura estimado","twitter:data2":"3 minutos"},"aioseo_meta_data":{"post_id":"188413","title":null,"description":"El consejero del Principado de Asturias, Borja S\u00e1nchez, iniciar\u00e1 el pr\u00f3ximo lunes una misi\u00f3n institucional y empresarial a Corea del Sur y Jap\u00f3n","keywords":null,"keyphrases":{"focus":{"keyphrase":"Asturias","score":91,"analysis":{"keyphraseInTitle":{"score":9,"maxScore":9,"error":0},"keyphraseInDescription":{"score":9,"maxScore":9,"error":0},"keyphraseLength":{"score":9,"maxScore":9,"error":0,"length":1},"keyphraseInURL":{"score":5,"maxScore":5,"error":0},"keyphraseInIntroduction":{"score":9,"maxScore":9,"error":0},"keyphraseInSubHeadings":{"score":3,"maxScore":9,"error":1},"keyphraseInImageAlt":{"score":9,"maxScore":9,"error":0},"keywordDensity":{"type":"best","score":9,"maxScore":9,"error":0}}},"additional":[{"keyphrase":"Corea del Sur","score":100,"analysis":{"keyphraseInDescription":{"score":9,"maxScore":9,"error":0},"keyphraseLength":{"score":9,"maxScore":9,"error":0,"length":3},"keyphraseInIntroduction":{"score":9,"maxScore":9,"error":0},"keyphraseInImageAlt":{"score":9,"maxScore":9,"error":0},"keywordDensity":{"type":"best","score":9,"maxScore":9,"error":0}}}]},"primary_term":null,"canonical_url":null,"og_title":null,"og_description":null,"og_object_type":"default","og_image_type":"default","og_image_url":null,"og_image_width":null,"og_image_height":null,"og_image_custom_url":null,"og_image_custom_fields":null,"og_video":"","og_custom_url":null,"og_article_section":null,"og_article_tags":null,"twitter_use_og":false,"twitter_card":"default","twitter_image_type":"default","twitter_image_url":null,"twitter_image_custom_url":null,"twitter_image_custom_fields":null,"twitter_title":null,"twitter_description":null,"schema":{"blockGraphs":[],"customGraphs":[],"default":{"data":{"Article":[],"Course":[],"Dataset":[],"FAQPage":[],"Movie":[],"Person":[],"Product":[],"ProductReview":[],"Car":[],"Recipe":[],"Service":[],"SoftwareApplication":[],"WebPage":[]},"graphName":"Article","isEnabled":true},"graphs":[]},"schema_type":"default","schema_type_options":null,"pillar_content":false,"robots_default":true,"robots_noindex":false,"robots_noarchive":false,"robots_nosnippet":false,"robots_nofollow":false,"robots_noimageindex":false,"robots_noodp":false,"robots_notranslate":false,"robots_max_snippet":"-1","robots_max_videopreview":"-1","robots_max_imagepreview":"large","priority":null,"frequency":"default","location":null,"local_seo":null,"seo_analyzer_scan_date":"2025-09-27 18:04:12","breadcrumb_settings":null,"limit_modified_date":false,"reviewed_by":null,"open_ai":null,"ai":{"faqs":[],"keyPoints":[],"titles":[],"descriptions":[],"socialPosts":{"email":[],"linkedin":[],"twitter":[],"facebook":[],"instagram":[]}},"created":"2025-09-27 17:56:46","updated":"2025-09-27 18:12:20"},"aioseo_breadcrumb":"<div class=\"aioseo-breadcrumbs\"><span class=\"aioseo-breadcrumb\">\n\t<a href=\"https:\/\/candas365.es\/noticias\" title=\"Home\">Home<\/a>\n<\/span><span class=\"aioseo-breadcrumb-separator\">&ndash;<\/span><span class=\"aioseo-breadcrumb\">\n\t<a href=\"https:\/\/candas365.es\/noticias\/category\/asturias\/\" title=\"Asturias\">Asturias<\/a>\n<\/span><span class=\"aioseo-breadcrumb-separator\">&ndash;<\/span><span class=\"aioseo-breadcrumb\">\n\tAsturias \u00abbusca negocio\u00bb en Corea del Sur y Jap\u00f3n\n<\/span><\/div>","aioseo_breadcrumb_json":[{"label":"Home","link":"https:\/\/candas365.es\/noticias"},{"label":"Asturias","link":"https:\/\/candas365.es\/noticias\/category\/asturias\/"},{"label":"Asturias \u00abbusca negocio\u00bb en Corea del Sur y Jap\u00f3n","link":"https:\/\/candas365.es\/noticias\/asturias-busca-negocio-en-corea-del-sur-y-japon\/"}],"_links":{"self":[{"href":"https:\/\/candas365.es\/noticias\/wp-json\/wp\/v2\/posts\/188413","targetHints":{"allow":["GET"]}}],"collection":[{"href":"https:\/\/candas365.es\/noticias\/wp-json\/wp\/v2\/posts"}],"about":[{"href":"https:\/\/candas365.es\/noticias\/wp-json\/wp\/v2\/types\/post"}],"author":[{"embeddable":true,"href":"https:\/\/candas365.es\/noticias\/wp-json\/wp\/v2\/users\/1"}],"replies":[{"embeddable":true,"href":"https:\/\/candas365.es\/noticias\/wp-json\/wp\/v2\/comments?post=188413"}],"version-history":[{"count":0,"href":"https:\/\/candas365.es\/noticias\/wp-json\/wp\/v2\/posts\/188413\/revisions"}],"wp:featuredmedia":[{"embeddable":true,"href":"https:\/\/candas365.es\/noticias\/wp-json\/wp\/v2\/media\/188414"}],"wp:attachment":[{"href":"https:\/\/candas365.es\/noticias\/wp-json\/wp\/v2\/media?parent=188413"}],"wp:term":[{"taxonomy":"category","embeddable":true,"href":"https:\/\/candas365.es\/noticias\/wp-json\/wp\/v2\/categories?post=188413"},{"taxonomy":"post_tag","embeddable":true,"href":"https:\/\/candas365.es\/noticias\/wp-json\/wp\/v2\/tags?post=188413"}],"curies":[{"name":"wp","href":"https:\/\/api.w.org\/{rel}","templated":true}]}}