{"id":188246,"date":"2025-09-25T18:56:25","date_gmt":"2025-09-25T16:56:25","guid":{"rendered":"https:\/\/candas365.es\/noticias\/?p=188246"},"modified":"2025-09-25T18:56:25","modified_gmt":"2025-09-25T16:56:25","slug":"las-fuerzas-armadas-alemanas-planean-poner-en-orbita-dos-nuevos-satelites","status":"publish","type":"post","link":"https:\/\/candas365.es\/noticias\/las-fuerzas-armadas-alemanas-planean-poner-en-orbita-dos-nuevos-satelites\/","title":{"rendered":"Las Fuerzas Armadas alemanas planean poner en \u00f3rbita dos nuevos sat\u00e9lites"},"content":{"rendered":"<p>Par\u00eds, 25 sep (<a href=\"https:\/\/www.dpa-news.de\/\" target=\"_blank\" rel=\"noopener\"><span style=\"color: #ff6600;\"><strong>dpa<\/strong><\/span><\/a>) &#8211; El operador de cohetes franc\u00e9s Arianespace anunci\u00f3 la adjudicaci\u00f3n de un contrato para el lanzamiento de dos <a href=\"https:\/\/candas365.es\/noticias\/category\/internacional\/\"><span style=\"color: #ff6600;\"><strong>sat\u00e9lites militares alemanes<\/strong><\/span><\/a> al espacio a bordo de sus cohetes de lanzamiento de carga pesada Ariane 6.<\/p>\n<figure id=\"attachment_188247\" aria-describedby=\"caption-attachment-188247\" style=\"width: 650px\" class=\"wp-caption aligncenter\"><img fetchpriority=\"high\" decoding=\"async\" class=\"size-large wp-image-188247\" src=\"https:\/\/candas365.es\/noticias\/wp-content\/uploads\/2025\/09\/satelites-650x432.jpg\" alt=\"sat\u00e9lites\" width=\"650\" height=\"432\" srcset=\"https:\/\/candas365.es\/noticias\/wp-content\/uploads\/2025\/09\/satelites-650x432.jpg 650w, https:\/\/candas365.es\/noticias\/wp-content\/uploads\/2025\/09\/satelites-360x239.jpg 360w, https:\/\/candas365.es\/noticias\/wp-content\/uploads\/2025\/09\/satelites-768x510.jpg 768w, https:\/\/candas365.es\/noticias\/wp-content\/uploads\/2025\/09\/satelites-150x100.jpg 150w, https:\/\/candas365.es\/noticias\/wp-content\/uploads\/2025\/09\/satelites-450x299.jpg 450w, https:\/\/candas365.es\/noticias\/wp-content\/uploads\/2025\/09\/satelites.jpg 1017w\" sizes=\"(max-width: 650px) 100vw, 650px\" \/><figcaption id=\"caption-attachment-188247\" class=\"wp-caption-text\">Foto: 123rf.com<\/figcaption><\/figure>\n<p>Los sat\u00e9lites, que forman parte del sistema alem\u00e1n de comunicaciones militares de pr\u00f3xima generaci\u00f3n SATCOMBw Nivel 3, sustituir\u00e1n a los modelos anteriores y proporcionar\u00e1n a las Fuerzas Armadas alemanas (Bundeswehr) servicios de telecomunicaciones seguros durante al menos 15 a\u00f1os, seg\u00fan inform\u00f3 Arianespace en un comunicado.<\/p>\n<p>Los lanzamientos se realizar\u00e1n desde el puerto espacial europeo en Kourou, en la Guayana Francesa, sin que se haya anunciado una fecha exacta. Airbus es el contratista principal del proyecto.<\/p>\n<p>Arianespace es una filial del grupo aeroespacial y de defensa franco-alem\u00e1n ArianeGroup, que tambi\u00e9n ha firmado un memorando de entendimiento con el Centro Aeroespacial Alem\u00e1n (DLR) para cooperar en la investigaci\u00f3n de nuevas tecnolog\u00edas de defensa.<\/p>\n<p>El proyecto se centra en la colaboraci\u00f3n espacial relevante para la seguridad, incluyendo sistemas de monitorizaci\u00f3n de movimientos en el espacio.<\/p>\n","protected":false},"excerpt":{"rendered":"<p>Par\u00eds, 25 sep (dpa) &#8211; El operador de cohetes franc\u00e9s Arianespace anunci\u00f3 la adjudicaci\u00f3n de un contrato para el lanzamiento de dos sat\u00e9lites militares alemanes al espacio a bordo de sus cohetes de lanzamiento de carga pesada Ariane 6. Los sat\u00e9lites, que forman parte del sistema alem\u00e1n de comunicaciones militares de pr\u00f3xima generaci\u00f3n SATCOMBw Nivel<\/p>\n","protected":false},"author":1,"featured_media":188247,"comment_status":"closed","ping_status":"closed","sticky":false,"template":"","format":"standard","meta":{"footnotes":""},"categories":[485],"tags":[418],"class_list":{"0":"post-188246","1":"post","2":"type-post","3":"status-publish","4":"format-standard","5":"has-post-thumbnail","7":"category-internacional","8":"tag-internacional"},"aioseo_notices":[],"aioseo_head":"\n\t\t<!-- All in One SEO Pro 4.9.6.2 - aioseo.com -->\n\t<meta name=\"description\" content=\"Par\u00eds, 25 sep (dpa) - El operador de cohetes franc\u00e9s Arianespace anunci\u00f3 la adjudicaci\u00f3n de un contrato para el lanzamiento de dos sat\u00e9lites militares alemanes\" \/>\n\t<meta name=\"robots\" content=\"max-image-preview:large\" \/>\n\t<meta name=\"author\" content=\"Cand\u00e1s 365\"\/>\n\t<meta name=\"google-site-verification\" content=\"UA-32230408-1\" \/>\n\t<meta name=\"msvalidate.01\" content=\"354F3CDFB2DA171B47FBE9ABF1F88D5\" \/>\n\t<meta name=\"keywords\" content=\"internacional\" \/>\n\t<link rel=\"canonical\" href=\"https:\/\/candas365.es\/noticias\/las-fuerzas-armadas-alemanas-planean-poner-en-orbita-dos-nuevos-satelites\/\" \/>\n\t<meta name=\"generator\" content=\"All in One SEO Pro (AIOSEO) 4.9.6.2\" \/>\n\t\t<meta property=\"og:locale\" content=\"es_ES\" \/>\n\t\t<meta property=\"og:site_name\" content=\"Cand\u00e1s 365\" \/>\n\t\t<meta property=\"og:type\" content=\"article\" \/>\n\t\t<meta property=\"og:title\" content=\"Las Fuerzas Armadas alemanas planean poner en \u00f3rbita dos nuevos sat\u00e9lites | Cand\u00e1s 365\" \/>\n\t\t<meta property=\"og:description\" content=\"Par\u00eds, 25 sep (dpa) - El operador de cohetes franc\u00e9s Arianespace anunci\u00f3 la adjudicaci\u00f3n de un contrato para el lanzamiento de dos sat\u00e9lites militares alemanes\" \/>\n\t\t<meta property=\"og:url\" content=\"https:\/\/candas365.es\/noticias\/las-fuerzas-armadas-alemanas-planean-poner-en-orbita-dos-nuevos-satelites\/\" \/>\n\t\t<meta property=\"og:image\" content=\"https:\/\/candas365.es\/noticias\/wp-content\/uploads\/2025\/09\/satelites.jpg\" \/>\n\t\t<meta property=\"og:image:secure_url\" content=\"https:\/\/candas365.es\/noticias\/wp-content\/uploads\/2025\/09\/satelites.jpg\" \/>\n\t\t<meta property=\"og:image:width\" content=\"1017\" \/>\n\t\t<meta property=\"og:image:height\" content=\"676\" \/>\n\t\t<meta property=\"article:published_time\" content=\"2025-09-25T16:56:25+00:00\" \/>\n\t\t<meta property=\"article:modified_time\" content=\"2025-09-25T16:56:25+00:00\" \/>\n\t\t<meta property=\"article:publisher\" content=\"https:\/\/www.facebook.com\/Nachofdezber\" \/>\n\t\t<meta property=\"article:author\" content=\"https:\/\/www.facebook.com\/carrenoactualidad\" \/>\n\t\t<meta name=\"twitter:card\" content=\"summary_large_image\" \/>\n\t\t<meta name=\"twitter:site\" content=\"@NabercoDigital\" \/>\n\t\t<meta name=\"twitter:title\" content=\"Las Fuerzas Armadas alemanas planean poner en \u00f3rbita dos nuevos sat\u00e9lites | Cand\u00e1s 365\" \/>\n\t\t<meta name=\"twitter:description\" content=\"Par\u00eds, 25 sep (dpa) - El operador de cohetes franc\u00e9s Arianespace anunci\u00f3 la adjudicaci\u00f3n de un contrato para el lanzamiento de dos sat\u00e9lites militares alemanes\" \/>\n\t\t<meta name=\"twitter:creator\" content=\"@nbasturias\" \/>\n\t\t<meta name=\"twitter:image\" content=\"https:\/\/candas365.es\/noticias\/wp-content\/uploads\/2025\/09\/satelites.jpg\" \/>\n\t\t<meta name=\"twitter:label1\" content=\"Escrito por\" \/>\n\t\t<meta name=\"twitter:data1\" content=\"Cand\u00e1s 365\" \/>\n\t\t<meta name=\"twitter:label2\" content=\"Tiempo de lectura estimado\" \/>\n\t\t<meta name=\"twitter:data2\" content=\"1 minuto\" \/>\n\t\t<script type=\"application\/ld+json\" class=\"aioseo-schema\">\n\t\t\t{\"@context\":\"https:\\\/\\\/schema.org\",\"@graph\":[{\"@type\":\"BreadcrumbList\",\"@id\":\"https:\\\/\\\/candas365.es\\\/noticias\\\/las-fuerzas-armadas-alemanas-planean-poner-en-orbita-dos-nuevos-satelites\\\/#breadcrumblist\",\"itemListElement\":[{\"@type\":\"ListItem\",\"@id\":\"https:\\\/\\\/candas365.es\\\/noticias#listItem\",\"position\":1,\"name\":\"Home\",\"item\":\"https:\\\/\\\/candas365.es\\\/noticias\",\"nextItem\":{\"@type\":\"ListItem\",\"@id\":\"https:\\\/\\\/candas365.es\\\/noticias\\\/category\\\/internacional\\\/#listItem\",\"name\":\"Internacional\"}},{\"@type\":\"ListItem\",\"@id\":\"https:\\\/\\\/candas365.es\\\/noticias\\\/category\\\/internacional\\\/#listItem\",\"position\":2,\"name\":\"Internacional\",\"item\":\"https:\\\/\\\/candas365.es\\\/noticias\\\/category\\\/internacional\\\/\",\"nextItem\":{\"@type\":\"ListItem\",\"@id\":\"https:\\\/\\\/candas365.es\\\/noticias\\\/las-fuerzas-armadas-alemanas-planean-poner-en-orbita-dos-nuevos-satelites\\\/#listItem\",\"name\":\"Las Fuerzas Armadas alemanas planean poner en \\u00f3rbita dos nuevos sat\\u00e9lites\"},\"previousItem\":{\"@type\":\"ListItem\",\"@id\":\"https:\\\/\\\/candas365.es\\\/noticias#listItem\",\"name\":\"Home\"}},{\"@type\":\"ListItem\",\"@id\":\"https:\\\/\\\/candas365.es\\\/noticias\\\/las-fuerzas-armadas-alemanas-planean-poner-en-orbita-dos-nuevos-satelites\\\/#listItem\",\"position\":3,\"name\":\"Las Fuerzas Armadas alemanas planean poner en \\u00f3rbita dos nuevos sat\\u00e9lites\",\"previousItem\":{\"@type\":\"ListItem\",\"@id\":\"https:\\\/\\\/candas365.es\\\/noticias\\\/category\\\/internacional\\\/#listItem\",\"name\":\"Internacional\"}}]},{\"@type\":\"NewsArticle\",\"@id\":\"https:\\\/\\\/candas365.es\\\/noticias\\\/las-fuerzas-armadas-alemanas-planean-poner-en-orbita-dos-nuevos-satelites\\\/#newsarticle\",\"name\":\"Las Fuerzas Armadas alemanas planean poner en \\u00f3rbita dos nuevos sat\\u00e9lites | Cand\\u00e1s 365\",\"headline\":\"Las Fuerzas Armadas alemanas planean poner en \\u00f3rbita dos nuevos sat\\u00e9lites\",\"author\":{\"@id\":\"https:\\\/\\\/candas365.es\\\/noticias\\\/author\\\/admin\\\/#author\"},\"publisher\":{\"@id\":\"https:\\\/\\\/candas365.es\\\/noticias\\\/#organization\"},\"image\":{\"@type\":\"ImageObject\",\"url\":\"https:\\\/\\\/candas365.es\\\/noticias\\\/wp-content\\\/uploads\\\/2025\\\/09\\\/satelites.jpg\",\"width\":1017,\"height\":676,\"caption\":\"Foto: 123rf.com\"},\"datePublished\":\"2025-09-25T18:56:25+02:00\",\"dateModified\":\"2025-09-25T18:56:25+02:00\",\"inLanguage\":\"es-ES\",\"mainEntityOfPage\":{\"@id\":\"https:\\\/\\\/candas365.es\\\/noticias\\\/las-fuerzas-armadas-alemanas-planean-poner-en-orbita-dos-nuevos-satelites\\\/#webpage\"},\"isPartOf\":{\"@id\":\"https:\\\/\\\/candas365.es\\\/noticias\\\/las-fuerzas-armadas-alemanas-planean-poner-en-orbita-dos-nuevos-satelites\\\/#webpage\"},\"articleSection\":\"Internacional, Internacional\",\"dateline\":\"Publicado el septiembre 25, 2025.\"},{\"@type\":\"Organization\",\"@id\":\"https:\\\/\\\/candas365.es\\\/noticias\\\/#organization\",\"name\":\"Cand\\u00e1s 365\",\"description\":\"Cand\\u00e1s 365 es un diario digital independiente, fundado en 2012, con base en Asturias. Informamos con rigor sobre actualidad, sociedad, cultura y ocio, con una mirada local y global.\",\"url\":\"https:\\\/\\\/candas365.es\\\/noticias\\\/\",\"email\":\"info@candas365.es\",\"telephone\":\"+34652131393\",\"foundingDate\":\"2012-06-10\",\"logo\":{\"@type\":\"ImageObject\",\"url\":\"https:\\\/\\\/candas365.es\\\/noticias\\\/wp-content\\\/uploads\\\/2024\\\/09\\\/Candas-365-Redes.jpg\",\"@id\":\"https:\\\/\\\/candas365.es\\\/noticias\\\/las-fuerzas-armadas-alemanas-planean-poner-en-orbita-dos-nuevos-satelites\\\/#organizationLogo\",\"width\":1152,\"height\":864,\"caption\":\"Cand\\u00e1s 365 Redes\"},\"image\":{\"@id\":\"https:\\\/\\\/candas365.es\\\/noticias\\\/las-fuerzas-armadas-alemanas-planean-poner-en-orbita-dos-nuevos-satelites\\\/#organizationLogo\"},\"sameAs\":[\"https:\\\/\\\/www.facebook.com\\\/Nachofdezber\",\"https:\\\/\\\/x.com\\\/NabercoDigital\",\"https:\\\/\\\/www.instagram.com\\\/nachofdezber\\\/\",\"https:\\\/\\\/www.youtube.com\\\/channel\\\/UCZP-2wLEB9Rv6erhFmqVnvg\"],\"address\":{\"@id\":\"https:\\\/\\\/candas365.es\\\/noticias\\\/#postaladdress\",\"@type\":\"PostalAddress\",\"streetAddress\":\"san antonio 4, san antonio 4\",\"postalCode\":\"33430\",\"addressLocality\":\"Cand\\u00e1s\",\"addressRegion\":\"Asturias\",\"addressCountry\":\"ES\"}},{\"@type\":\"Person\",\"@id\":\"https:\\\/\\\/candas365.es\\\/noticias\\\/author\\\/admin\\\/#author\",\"url\":\"https:\\\/\\\/candas365.es\\\/noticias\\\/author\\\/admin\\\/\",\"name\":\"Cand\\u00e1s 365\",\"image\":{\"@type\":\"ImageObject\",\"@id\":\"https:\\\/\\\/candas365.es\\\/noticias\\\/las-fuerzas-armadas-alemanas-planean-poner-en-orbita-dos-nuevos-satelites\\\/#authorImage\",\"url\":\"https:\\\/\\\/secure.gravatar.com\\\/avatar\\\/496a8e03d0c493ede1718b7934145dbdf8d89be1036b0eec9544e1094c9de390?s=96&d=mm&r=g\",\"width\":96,\"height\":96,\"caption\":\"Cand\\u00e1s 365\"},\"sameAs\":[\"https:\\\/\\\/www.facebook.com\\\/carrenoactualidad\",\"https:\\\/\\\/twitter.com\\\/nbasturias\",\"https:\\\/\\\/www.instagram.com\\\/nachofdezber\\\/\",\"https:\\\/\\\/www.youtube.com\\\/channel\\\/UCZP-2wLEB9Rv6erhFmqVnvg\"]},{\"@type\":\"WebPage\",\"@id\":\"https:\\\/\\\/candas365.es\\\/noticias\\\/las-fuerzas-armadas-alemanas-planean-poner-en-orbita-dos-nuevos-satelites\\\/#webpage\",\"url\":\"https:\\\/\\\/candas365.es\\\/noticias\\\/las-fuerzas-armadas-alemanas-planean-poner-en-orbita-dos-nuevos-satelites\\\/\",\"name\":\"Las Fuerzas Armadas alemanas planean poner en \\u00f3rbita dos nuevos sat\\u00e9lites | Cand\\u00e1s 365\",\"description\":\"Par\\u00eds, 25 sep (dpa) - El operador de cohetes franc\\u00e9s Arianespace anunci\\u00f3 la adjudicaci\\u00f3n de un contrato para el lanzamiento de dos sat\\u00e9lites militares alemanes\",\"inLanguage\":\"es-ES\",\"isPartOf\":{\"@id\":\"https:\\\/\\\/candas365.es\\\/noticias\\\/#website\"},\"breadcrumb\":{\"@id\":\"https:\\\/\\\/candas365.es\\\/noticias\\\/las-fuerzas-armadas-alemanas-planean-poner-en-orbita-dos-nuevos-satelites\\\/#breadcrumblist\"},\"author\":{\"@id\":\"https:\\\/\\\/candas365.es\\\/noticias\\\/author\\\/admin\\\/#author\"},\"creator\":{\"@id\":\"https:\\\/\\\/candas365.es\\\/noticias\\\/author\\\/admin\\\/#author\"},\"image\":{\"@type\":\"ImageObject\",\"url\":\"https:\\\/\\\/candas365.es\\\/noticias\\\/wp-content\\\/uploads\\\/2025\\\/09\\\/satelites.jpg\",\"@id\":\"https:\\\/\\\/candas365.es\\\/noticias\\\/las-fuerzas-armadas-alemanas-planean-poner-en-orbita-dos-nuevos-satelites\\\/#mainImage\",\"width\":1017,\"height\":676,\"caption\":\"Foto: 123rf.com\"},\"primaryImageOfPage\":{\"@id\":\"https:\\\/\\\/candas365.es\\\/noticias\\\/las-fuerzas-armadas-alemanas-planean-poner-en-orbita-dos-nuevos-satelites\\\/#mainImage\"},\"datePublished\":\"2025-09-25T18:56:25+02:00\",\"dateModified\":\"2025-09-25T18:56:25+02:00\"},{\"@type\":\"WebSite\",\"@id\":\"https:\\\/\\\/candas365.es\\\/noticias\\\/#website\",\"url\":\"https:\\\/\\\/candas365.es\\\/noticias\\\/\",\"name\":\"Cand\\u00e1s 365\",\"alternateName\":\"Cand\\u00e1s 365 Noticias\",\"description\":\"Actualidad desde Carre\\u00f1o para el mundo\",\"inLanguage\":\"es-ES\",\"publisher\":{\"@id\":\"https:\\\/\\\/candas365.es\\\/noticias\\\/#organization\"}}]}\n\t\t<\/script>\n\t\t<!-- All in One SEO Pro -->\r\n\t\t<title>Las Fuerzas Armadas alemanas planean poner en \u00f3rbita dos nuevos sat\u00e9lites | Cand\u00e1s 365<\/title>\n\n","aioseo_head_json":{"title":"Las Fuerzas Armadas alemanas planean poner en \u00f3rbita dos nuevos sat\u00e9lites | Cand\u00e1s 365","description":"Par\u00eds, 25 sep (dpa) - El operador de cohetes franc\u00e9s Arianespace anunci\u00f3 la adjudicaci\u00f3n de un contrato para el lanzamiento de dos sat\u00e9lites militares alemanes","canonical_url":"https:\/\/candas365.es\/noticias\/las-fuerzas-armadas-alemanas-planean-poner-en-orbita-dos-nuevos-satelites\/","robots":"max-image-preview:large","keywords":"internacional","webmasterTools":{"google-site-verification":"UA-32230408-1","msvalidate.01":"354F3CDFB2DA171B47FBE9ABF1F88D5","miscellaneous":""},"schema":{"@context":"https:\/\/schema.org","@graph":[{"@type":"BreadcrumbList","@id":"https:\/\/candas365.es\/noticias\/las-fuerzas-armadas-alemanas-planean-poner-en-orbita-dos-nuevos-satelites\/#breadcrumblist","itemListElement":[{"@type":"ListItem","@id":"https:\/\/candas365.es\/noticias#listItem","position":1,"name":"Home","item":"https:\/\/candas365.es\/noticias","nextItem":{"@type":"ListItem","@id":"https:\/\/candas365.es\/noticias\/category\/internacional\/#listItem","name":"Internacional"}},{"@type":"ListItem","@id":"https:\/\/candas365.es\/noticias\/category\/internacional\/#listItem","position":2,"name":"Internacional","item":"https:\/\/candas365.es\/noticias\/category\/internacional\/","nextItem":{"@type":"ListItem","@id":"https:\/\/candas365.es\/noticias\/las-fuerzas-armadas-alemanas-planean-poner-en-orbita-dos-nuevos-satelites\/#listItem","name":"Las Fuerzas Armadas alemanas planean poner en \u00f3rbita dos nuevos sat\u00e9lites"},"previousItem":{"@type":"ListItem","@id":"https:\/\/candas365.es\/noticias#listItem","name":"Home"}},{"@type":"ListItem","@id":"https:\/\/candas365.es\/noticias\/las-fuerzas-armadas-alemanas-planean-poner-en-orbita-dos-nuevos-satelites\/#listItem","position":3,"name":"Las Fuerzas Armadas alemanas planean poner en \u00f3rbita dos nuevos sat\u00e9lites","previousItem":{"@type":"ListItem","@id":"https:\/\/candas365.es\/noticias\/category\/internacional\/#listItem","name":"Internacional"}}]},{"@type":"NewsArticle","@id":"https:\/\/candas365.es\/noticias\/las-fuerzas-armadas-alemanas-planean-poner-en-orbita-dos-nuevos-satelites\/#newsarticle","name":"Las Fuerzas Armadas alemanas planean poner en \u00f3rbita dos nuevos sat\u00e9lites | Cand\u00e1s 365","headline":"Las Fuerzas Armadas alemanas planean poner en \u00f3rbita dos nuevos sat\u00e9lites","author":{"@id":"https:\/\/candas365.es\/noticias\/author\/admin\/#author"},"publisher":{"@id":"https:\/\/candas365.es\/noticias\/#organization"},"image":{"@type":"ImageObject","url":"https:\/\/candas365.es\/noticias\/wp-content\/uploads\/2025\/09\/satelites.jpg","width":1017,"height":676,"caption":"Foto: 123rf.com"},"datePublished":"2025-09-25T18:56:25+02:00","dateModified":"2025-09-25T18:56:25+02:00","inLanguage":"es-ES","mainEntityOfPage":{"@id":"https:\/\/candas365.es\/noticias\/las-fuerzas-armadas-alemanas-planean-poner-en-orbita-dos-nuevos-satelites\/#webpage"},"isPartOf":{"@id":"https:\/\/candas365.es\/noticias\/las-fuerzas-armadas-alemanas-planean-poner-en-orbita-dos-nuevos-satelites\/#webpage"},"articleSection":"Internacional, Internacional","dateline":"Publicado el septiembre 25, 2025."},{"@type":"Organization","@id":"https:\/\/candas365.es\/noticias\/#organization","name":"Cand\u00e1s 365","description":"Cand\u00e1s 365 es un diario digital independiente, fundado en 2012, con base en Asturias. Informamos con rigor sobre actualidad, sociedad, cultura y ocio, con una mirada local y global.","url":"https:\/\/candas365.es\/noticias\/","email":"info@candas365.es","telephone":"+34652131393","foundingDate":"2012-06-10","logo":{"@type":"ImageObject","url":"https:\/\/candas365.es\/noticias\/wp-content\/uploads\/2024\/09\/Candas-365-Redes.jpg","@id":"https:\/\/candas365.es\/noticias\/las-fuerzas-armadas-alemanas-planean-poner-en-orbita-dos-nuevos-satelites\/#organizationLogo","width":1152,"height":864,"caption":"Cand\u00e1s 365 Redes"},"image":{"@id":"https:\/\/candas365.es\/noticias\/las-fuerzas-armadas-alemanas-planean-poner-en-orbita-dos-nuevos-satelites\/#organizationLogo"},"sameAs":["https:\/\/www.facebook.com\/Nachofdezber","https:\/\/x.com\/NabercoDigital","https:\/\/www.instagram.com\/nachofdezber\/","https:\/\/www.youtube.com\/channel\/UCZP-2wLEB9Rv6erhFmqVnvg"],"address":{"@id":"https:\/\/candas365.es\/noticias\/#postaladdress","@type":"PostalAddress","streetAddress":"san antonio 4, san antonio 4","postalCode":"33430","addressLocality":"Cand\u00e1s","addressRegion":"Asturias","addressCountry":"ES"}},{"@type":"Person","@id":"https:\/\/candas365.es\/noticias\/author\/admin\/#author","url":"https:\/\/candas365.es\/noticias\/author\/admin\/","name":"Cand\u00e1s 365","image":{"@type":"ImageObject","@id":"https:\/\/candas365.es\/noticias\/las-fuerzas-armadas-alemanas-planean-poner-en-orbita-dos-nuevos-satelites\/#authorImage","url":"https:\/\/secure.gravatar.com\/avatar\/496a8e03d0c493ede1718b7934145dbdf8d89be1036b0eec9544e1094c9de390?s=96&d=mm&r=g","width":96,"height":96,"caption":"Cand\u00e1s 365"},"sameAs":["https:\/\/www.facebook.com\/carrenoactualidad","https:\/\/twitter.com\/nbasturias","https:\/\/www.instagram.com\/nachofdezber\/","https:\/\/www.youtube.com\/channel\/UCZP-2wLEB9Rv6erhFmqVnvg"]},{"@type":"WebPage","@id":"https:\/\/candas365.es\/noticias\/las-fuerzas-armadas-alemanas-planean-poner-en-orbita-dos-nuevos-satelites\/#webpage","url":"https:\/\/candas365.es\/noticias\/las-fuerzas-armadas-alemanas-planean-poner-en-orbita-dos-nuevos-satelites\/","name":"Las Fuerzas Armadas alemanas planean poner en \u00f3rbita dos nuevos sat\u00e9lites | Cand\u00e1s 365","description":"Par\u00eds, 25 sep (dpa) - El operador de cohetes franc\u00e9s Arianespace anunci\u00f3 la adjudicaci\u00f3n de un contrato para el lanzamiento de dos sat\u00e9lites militares alemanes","inLanguage":"es-ES","isPartOf":{"@id":"https:\/\/candas365.es\/noticias\/#website"},"breadcrumb":{"@id":"https:\/\/candas365.es\/noticias\/las-fuerzas-armadas-alemanas-planean-poner-en-orbita-dos-nuevos-satelites\/#breadcrumblist"},"author":{"@id":"https:\/\/candas365.es\/noticias\/author\/admin\/#author"},"creator":{"@id":"https:\/\/candas365.es\/noticias\/author\/admin\/#author"},"image":{"@type":"ImageObject","url":"https:\/\/candas365.es\/noticias\/wp-content\/uploads\/2025\/09\/satelites.jpg","@id":"https:\/\/candas365.es\/noticias\/las-fuerzas-armadas-alemanas-planean-poner-en-orbita-dos-nuevos-satelites\/#mainImage","width":1017,"height":676,"caption":"Foto: 123rf.com"},"primaryImageOfPage":{"@id":"https:\/\/candas365.es\/noticias\/las-fuerzas-armadas-alemanas-planean-poner-en-orbita-dos-nuevos-satelites\/#mainImage"},"datePublished":"2025-09-25T18:56:25+02:00","dateModified":"2025-09-25T18:56:25+02:00"},{"@type":"WebSite","@id":"https:\/\/candas365.es\/noticias\/#website","url":"https:\/\/candas365.es\/noticias\/","name":"Cand\u00e1s 365","alternateName":"Cand\u00e1s 365 Noticias","description":"Actualidad desde Carre\u00f1o para el mundo","inLanguage":"es-ES","publisher":{"@id":"https:\/\/candas365.es\/noticias\/#organization"}}]},"og:locale":"es_ES","og:site_name":"Cand\u00e1s 365","og:type":"article","og:title":"Las Fuerzas Armadas alemanas planean poner en \u00f3rbita dos nuevos sat\u00e9lites | Cand\u00e1s 365","og:description":"Par\u00eds, 25 sep (dpa) - El operador de cohetes franc\u00e9s Arianespace anunci\u00f3 la adjudicaci\u00f3n de un contrato para el lanzamiento de dos sat\u00e9lites militares alemanes","og:url":"https:\/\/candas365.es\/noticias\/las-fuerzas-armadas-alemanas-planean-poner-en-orbita-dos-nuevos-satelites\/","og:image":"https:\/\/candas365.es\/noticias\/wp-content\/uploads\/2025\/09\/satelites.jpg","og:image:secure_url":"https:\/\/candas365.es\/noticias\/wp-content\/uploads\/2025\/09\/satelites.jpg","og:image:width":1017,"og:image:height":676,"article:published_time":"2025-09-25T16:56:25+00:00","article:modified_time":"2025-09-25T16:56:25+00:00","article:publisher":"https:\/\/www.facebook.com\/Nachofdezber","article:author":"https:\/\/www.facebook.com\/carrenoactualidad","twitter:card":"summary_large_image","twitter:site":"@NabercoDigital","twitter:title":"Las Fuerzas Armadas alemanas planean poner en \u00f3rbita dos nuevos sat\u00e9lites | Cand\u00e1s 365","twitter:description":"Par\u00eds, 25 sep (dpa) - El operador de cohetes franc\u00e9s Arianespace anunci\u00f3 la adjudicaci\u00f3n de un contrato para el lanzamiento de dos sat\u00e9lites militares alemanes","twitter:creator":"@nbasturias","twitter:image":"https:\/\/candas365.es\/noticias\/wp-content\/uploads\/2025\/09\/satelites.jpg","twitter:label1":"Escrito por","twitter:data1":"Cand\u00e1s 365","twitter:label2":"Tiempo de lectura estimado","twitter:data2":"1 minuto"},"aioseo_meta_data":{"post_id":"188246","title":null,"description":"Par\u00eds, 25 sep (dpa) - El operador de cohetes franc\u00e9s Arianespace anunci\u00f3 la adjudicaci\u00f3n de un contrato para el lanzamiento de dos sat\u00e9lites militares alemanes","keywords":null,"keyphrases":{"focus":{"keyphrase":"sat\u00e9lites","score":100,"analysis":{"keyphraseInTitle":{"score":9,"maxScore":9,"error":0},"keyphraseInDescription":{"score":9,"maxScore":9,"error":0},"keyphraseLength":{"score":9,"maxScore":9,"error":0,"length":2},"keyphraseInURL":{"score":5,"maxScore":5,"error":0},"keyphraseInIntroduction":{"score":9,"maxScore":9,"error":0},"keyphraseInSubHeadings":[],"keyphraseInImageAlt":{"score":9,"maxScore":9,"error":0},"keywordDensity":{"type":"best","score":9,"maxScore":9,"error":0}}},"additional":[{"keyphrase":"sat\u00e9lites","score":100,"analysis":{"keyphraseInDescription":{"score":9,"maxScore":9,"error":0},"keyphraseLength":{"score":9,"maxScore":9,"error":0,"length":2},"keyphraseInIntroduction":{"score":9,"maxScore":9,"error":0},"keyphraseInImageAlt":{"score":9,"maxScore":9,"error":0},"keywordDensity":{"type":"best","score":9,"maxScore":9,"error":0}}}]},"primary_term":null,"canonical_url":null,"og_title":null,"og_description":null,"og_object_type":"default","og_image_type":"default","og_image_url":null,"og_image_width":null,"og_image_height":null,"og_image_custom_url":null,"og_image_custom_fields":null,"og_video":"","og_custom_url":null,"og_article_section":null,"og_article_tags":null,"twitter_use_og":false,"twitter_card":"default","twitter_image_type":"default","twitter_image_url":null,"twitter_image_custom_url":null,"twitter_image_custom_fields":null,"twitter_title":null,"twitter_description":null,"schema":{"blockGraphs":[],"customGraphs":[],"default":{"data":{"Article":[],"Course":[],"Dataset":[],"FAQPage":[],"Movie":[],"Person":[],"Product":[],"ProductReview":[],"Car":[],"Recipe":[],"Service":[],"SoftwareApplication":[],"WebPage":[]},"graphName":"Article","isEnabled":true},"graphs":[]},"schema_type":"default","schema_type_options":null,"pillar_content":false,"robots_default":true,"robots_noindex":false,"robots_noarchive":false,"robots_nosnippet":false,"robots_nofollow":false,"robots_noimageindex":false,"robots_noodp":false,"robots_notranslate":false,"robots_max_snippet":"-1","robots_max_videopreview":"-1","robots_max_imagepreview":"large","priority":null,"frequency":"default","location":null,"local_seo":null,"seo_analyzer_scan_date":"2025-09-25 16:57:11","breadcrumb_settings":null,"limit_modified_date":false,"reviewed_by":null,"open_ai":null,"ai":{"faqs":[],"keyPoints":[],"titles":[],"descriptions":[],"socialPosts":{"email":[],"linkedin":[],"twitter":[],"facebook":[],"instagram":[]}},"created":"2025-09-25 16:50:44","updated":"2025-09-25 17:08:08"},"aioseo_breadcrumb":"<div class=\"aioseo-breadcrumbs\"><span class=\"aioseo-breadcrumb\">\n\t<a href=\"https:\/\/candas365.es\/noticias\" title=\"Home\">Home<\/a>\n<\/span><span class=\"aioseo-breadcrumb-separator\">&ndash;<\/span><span class=\"aioseo-breadcrumb\">\n\t<a href=\"https:\/\/candas365.es\/noticias\/category\/internacional\/\" title=\"Internacional\">Internacional<\/a>\n<\/span><span class=\"aioseo-breadcrumb-separator\">&ndash;<\/span><span class=\"aioseo-breadcrumb\">\n\tLas Fuerzas Armadas alemanas planean poner en \u00f3rbita dos nuevos sat\u00e9lites\n<\/span><\/div>","aioseo_breadcrumb_json":[{"label":"Home","link":"https:\/\/candas365.es\/noticias"},{"label":"Internacional","link":"https:\/\/candas365.es\/noticias\/category\/internacional\/"},{"label":"Las Fuerzas Armadas alemanas planean poner en \u00f3rbita dos nuevos sat\u00e9lites","link":"https:\/\/candas365.es\/noticias\/las-fuerzas-armadas-alemanas-planean-poner-en-orbita-dos-nuevos-satelites\/"}],"_links":{"self":[{"href":"https:\/\/candas365.es\/noticias\/wp-json\/wp\/v2\/posts\/188246","targetHints":{"allow":["GET"]}}],"collection":[{"href":"https:\/\/candas365.es\/noticias\/wp-json\/wp\/v2\/posts"}],"about":[{"href":"https:\/\/candas365.es\/noticias\/wp-json\/wp\/v2\/types\/post"}],"author":[{"embeddable":true,"href":"https:\/\/candas365.es\/noticias\/wp-json\/wp\/v2\/users\/1"}],"replies":[{"embeddable":true,"href":"https:\/\/candas365.es\/noticias\/wp-json\/wp\/v2\/comments?post=188246"}],"version-history":[{"count":0,"href":"https:\/\/candas365.es\/noticias\/wp-json\/wp\/v2\/posts\/188246\/revisions"}],"wp:featuredmedia":[{"embeddable":true,"href":"https:\/\/candas365.es\/noticias\/wp-json\/wp\/v2\/media\/188247"}],"wp:attachment":[{"href":"https:\/\/candas365.es\/noticias\/wp-json\/wp\/v2\/media?parent=188246"}],"wp:term":[{"taxonomy":"category","embeddable":true,"href":"https:\/\/candas365.es\/noticias\/wp-json\/wp\/v2\/categories?post=188246"},{"taxonomy":"post_tag","embeddable":true,"href":"https:\/\/candas365.es\/noticias\/wp-json\/wp\/v2\/tags?post=188246"}],"curies":[{"name":"wp","href":"https:\/\/api.w.org\/{rel}","templated":true}]}}