{"id":188177,"date":"2025-09-24T15:01:58","date_gmt":"2025-09-24T13:01:58","guid":{"rendered":"https:\/\/candas365.es\/noticias\/?p=188177"},"modified":"2025-09-24T15:01:58","modified_gmt":"2025-09-24T13:01:58","slug":"pib-de-espana-crecera-27-en-2025-y-bajara-a-19-en-2026","status":"publish","type":"post","link":"https:\/\/candas365.es\/noticias\/pib-de-espana-crecera-27-en-2025-y-bajara-a-19-en-2026\/","title":{"rendered":"PIB de Espa\u00f1a crecer\u00e1 2,7% en 2025 y bajar\u00e1 a 1,9% en 2026"},"content":{"rendered":"<p>Barclays prev\u00e9 que el <a href=\"https:\/\/candas365.es\/noticias\/category\/economia\/\"><span style=\"color: #ff6600;\"><strong>PIB de Espa\u00f1a<\/strong><\/span><\/a> crezca un 2,7% en 2025 y se modere al 1,9% en 2026, con un riesgo pol\u00edtico limitado pese a los esc\u00e1ndalos recientes.<\/p>\n<figure id=\"attachment_188178\" aria-describedby=\"caption-attachment-188178\" style=\"width: 650px\" class=\"wp-caption aligncenter\"><img fetchpriority=\"high\" decoding=\"async\" class=\"size-large wp-image-188178\" src=\"https:\/\/candas365.es\/noticias\/wp-content\/uploads\/2025\/09\/PIB-de-Espana-650x430.jpg\" alt=\"PIB de Espa\u00f1a\" width=\"650\" height=\"430\" srcset=\"https:\/\/candas365.es\/noticias\/wp-content\/uploads\/2025\/09\/PIB-de-Espana-650x430.jpg 650w, https:\/\/candas365.es\/noticias\/wp-content\/uploads\/2025\/09\/PIB-de-Espana-360x238.jpg 360w, https:\/\/candas365.es\/noticias\/wp-content\/uploads\/2025\/09\/PIB-de-Espana-768x509.jpg 768w, https:\/\/candas365.es\/noticias\/wp-content\/uploads\/2025\/09\/PIB-de-Espana-150x99.jpg 150w, https:\/\/candas365.es\/noticias\/wp-content\/uploads\/2025\/09\/PIB-de-Espana-450x298.jpg 450w, https:\/\/candas365.es\/noticias\/wp-content\/uploads\/2025\/09\/PIB-de-Espana.jpg 1024w\" sizes=\"(max-width: 650px) 100vw, 650px\" \/><figcaption id=\"caption-attachment-188178\" class=\"wp-caption-text\">Foto: 123rf.com<\/figcaption><\/figure>\n<p>En un an\u00e1lisis sobre Espa\u00f1a difundido este mi\u00e9rcoles, Barclays destaca el crecimiento espa\u00f1ol frente al de la eurozona, del 1,3% este a\u00f1o y el 1% el que viene. Justifica que la demograf\u00eda, los fondos europeos, el turismo \u201cs\u00f3lido\u201d y los precios de la energ\u00eda baratos contribuyen a impulsar el crecimiento potencial. La inversi\u00f3n extranjera directa y la productividad del mercado laboral \u201cest\u00e1n creciendo r\u00e1pido\u201d en comparaci\u00f3n con la zona del euro y el impacto arancelario es menor.<\/p>\n<p>\u201cLa pol\u00edtica es un riesgo, dada la fragilidad de la coalici\u00f3n y los recientes esc\u00e1ndalos pol\u00edticos\u201d, que \u201chan mermado la popularidad\u201d del Gobierno y han \u201caumentado las tensiones\u201d entre los partidos, afirm\u00f3 Barclays en un comunicado.<\/p>\n<p>No obstante, indic\u00f3 que el camino de \u201cmenor resistencia\u201d es que el Gobierno contin\u00fae en la medida en que \u201cninguno de los partidos de la coalici\u00f3n tiene incentivos para romper el equilibrio\u201d. A\u00f1ade que el \u201criesgo\u201d pol\u00edtico es \u201climitado\u201d tambi\u00e9n porque no habr\u00eda elecciones hasta 2027, dejando un entorno \u201cinusualmente estable\u201d.<\/p>\n<p>Por otro lado, resalt\u00f3 que Espa\u00f1a es la \u00fanica gran econom\u00eda de la zona euro que registra una tendencia \u201cclara\u201d de descenso de la ratio de deuda sobre PIB y con un d\u00e9ficit por debajo del 3% para 2026. Record\u00f3 que S&amp;P ha elevado la calificaci\u00f3n a Espa\u00f1a recientemente y eso ha hecho que el diferencial con el bono alem\u00e1n sea el m\u00e1s bajo desde 2010.<\/p>\n<p>Barclays destac\u00f3 que Espa\u00f1a se est\u00e1 consolidando \u201cr\u00e1pidamente\u201d como el \u201cm\u00e1s importante hub de centros de datos en Europa\u201d por los bajos precios de la energ\u00eda, la \u201cs\u00f3lida\u201d conectividad y las nuevas inversiones. Sin embargo, se\u00f1al\u00f3 la congesti\u00f3n de la red como el \u201criesgo clave\u201d porque Espa\u00f1a se enfrenta a \u201ccolas de conexi\u00f3n m\u00e1s largas que los pa\u00edses n\u00f3rdicos o Italia\u201d y resalt\u00f3 que las nuevas regulaciones buscan mejorar el acceso a la red y la transparencia.<\/p>\n<p>(<a href=\"https:\/\/www.servimedia.es\/\" target=\"_blank\" rel=\"noopener\"><span style=\"color: #ff6600;\"><strong>SERVIMEDIA<\/strong><\/span><\/a>)<\/p>\n","protected":false},"excerpt":{"rendered":"<p>Barclays prev\u00e9 que el PIB de Espa\u00f1a crezca un 2,7% en 2025 y se modere al 1,9% en 2026, con un riesgo pol\u00edtico limitado pese a los esc\u00e1ndalos recientes. En un an\u00e1lisis sobre Espa\u00f1a difundido este mi\u00e9rcoles, Barclays destaca el crecimiento espa\u00f1ol frente al de la eurozona, del 1,3% este a\u00f1o y el 1% el<\/p>\n","protected":false},"author":1,"featured_media":188178,"comment_status":"closed","ping_status":"closed","sticky":false,"template":"","format":"standard","meta":{"footnotes":""},"categories":[486],"tags":[437],"class_list":{"0":"post-188177","1":"post","2":"type-post","3":"status-publish","4":"format-standard","5":"has-post-thumbnail","7":"category-economia","8":"tag-economia"},"aioseo_notices":[],"aioseo_head":"\n\t\t<!-- All in One SEO Pro 4.9.6.2 - aioseo.com -->\n\t<meta name=\"description\" content=\"Barclays prev\u00e9 que el PIB de Espa\u00f1a crezca un 2,7% en 2025 y se modere al 1,9% en 2026, con un riesgo pol\u00edtico limitado pese a los esc\u00e1ndalos recientes.\" \/>\n\t<meta name=\"robots\" content=\"max-image-preview:large\" \/>\n\t<meta name=\"author\" content=\"Cand\u00e1s 365\"\/>\n\t<meta name=\"google-site-verification\" content=\"UA-32230408-1\" \/>\n\t<meta name=\"msvalidate.01\" content=\"354F3CDFB2DA171B47FBE9ABF1F88D5\" \/>\n\t<meta name=\"keywords\" content=\"econom\u00eda\" \/>\n\t<link rel=\"canonical\" href=\"https:\/\/candas365.es\/noticias\/pib-de-espana-crecera-27-en-2025-y-bajara-a-19-en-2026\/\" \/>\n\t<meta name=\"generator\" content=\"All in One SEO Pro (AIOSEO) 4.9.6.2\" \/>\n\t\t<meta property=\"og:locale\" content=\"es_ES\" \/>\n\t\t<meta property=\"og:site_name\" content=\"Cand\u00e1s 365\" \/>\n\t\t<meta property=\"og:type\" content=\"article\" \/>\n\t\t<meta property=\"og:title\" content=\"PIB de Espa\u00f1a crecer\u00e1 2,7% en 2025 y bajar\u00e1 a 1,9% en 2026 | Cand\u00e1s 365\" \/>\n\t\t<meta property=\"og:description\" content=\"Barclays prev\u00e9 que el PIB de Espa\u00f1a crezca un 2,7% en 2025 y se modere al 1,9% en 2026, con un riesgo pol\u00edtico limitado pese a los esc\u00e1ndalos recientes.\" \/>\n\t\t<meta property=\"og:url\" content=\"https:\/\/candas365.es\/noticias\/pib-de-espana-crecera-27-en-2025-y-bajara-a-19-en-2026\/\" \/>\n\t\t<meta property=\"og:image\" content=\"https:\/\/candas365.es\/noticias\/wp-content\/uploads\/2025\/09\/PIB-de-Espana.jpg\" \/>\n\t\t<meta property=\"og:image:secure_url\" content=\"https:\/\/candas365.es\/noticias\/wp-content\/uploads\/2025\/09\/PIB-de-Espana.jpg\" \/>\n\t\t<meta property=\"og:image:width\" content=\"1024\" \/>\n\t\t<meta property=\"og:image:height\" content=\"678\" \/>\n\t\t<meta property=\"article:published_time\" content=\"2025-09-24T13:01:58+00:00\" \/>\n\t\t<meta property=\"article:modified_time\" content=\"2025-09-24T13:01:58+00:00\" \/>\n\t\t<meta property=\"article:publisher\" content=\"https:\/\/www.facebook.com\/Nachofdezber\" \/>\n\t\t<meta property=\"article:author\" content=\"https:\/\/www.facebook.com\/carrenoactualidad\" \/>\n\t\t<meta name=\"twitter:card\" content=\"summary_large_image\" \/>\n\t\t<meta name=\"twitter:site\" content=\"@NabercoDigital\" \/>\n\t\t<meta name=\"twitter:title\" content=\"PIB de Espa\u00f1a crecer\u00e1 2,7% en 2025 y bajar\u00e1 a 1,9% en 2026 | Cand\u00e1s 365\" \/>\n\t\t<meta name=\"twitter:description\" content=\"Barclays prev\u00e9 que el PIB de Espa\u00f1a crezca un 2,7% en 2025 y se modere al 1,9% en 2026, con un riesgo pol\u00edtico limitado pese a los esc\u00e1ndalos recientes.\" \/>\n\t\t<meta name=\"twitter:creator\" content=\"@nbasturias\" \/>\n\t\t<meta name=\"twitter:image\" content=\"https:\/\/candas365.es\/noticias\/wp-content\/uploads\/2025\/09\/PIB-de-Espana.jpg\" \/>\n\t\t<meta name=\"twitter:label1\" content=\"Escrito por\" \/>\n\t\t<meta name=\"twitter:data1\" content=\"Cand\u00e1s 365\" \/>\n\t\t<meta name=\"twitter:label2\" content=\"Tiempo de lectura estimado\" \/>\n\t\t<meta name=\"twitter:data2\" content=\"2 minutos\" \/>\n\t\t<script type=\"application\/ld+json\" class=\"aioseo-schema\">\n\t\t\t{\"@context\":\"https:\\\/\\\/schema.org\",\"@graph\":[{\"@type\":\"BreadcrumbList\",\"@id\":\"https:\\\/\\\/candas365.es\\\/noticias\\\/pib-de-espana-crecera-27-en-2025-y-bajara-a-19-en-2026\\\/#breadcrumblist\",\"itemListElement\":[{\"@type\":\"ListItem\",\"@id\":\"https:\\\/\\\/candas365.es\\\/noticias#listItem\",\"position\":1,\"name\":\"Home\",\"item\":\"https:\\\/\\\/candas365.es\\\/noticias\",\"nextItem\":{\"@type\":\"ListItem\",\"@id\":\"https:\\\/\\\/candas365.es\\\/noticias\\\/category\\\/economia\\\/#listItem\",\"name\":\"Econom\\u00eda\"}},{\"@type\":\"ListItem\",\"@id\":\"https:\\\/\\\/candas365.es\\\/noticias\\\/category\\\/economia\\\/#listItem\",\"position\":2,\"name\":\"Econom\\u00eda\",\"item\":\"https:\\\/\\\/candas365.es\\\/noticias\\\/category\\\/economia\\\/\",\"nextItem\":{\"@type\":\"ListItem\",\"@id\":\"https:\\\/\\\/candas365.es\\\/noticias\\\/pib-de-espana-crecera-27-en-2025-y-bajara-a-19-en-2026\\\/#listItem\",\"name\":\"PIB de Espa\\u00f1a crecer\\u00e1 2,7% en 2025 y bajar\\u00e1 a 1,9% en 2026\"},\"previousItem\":{\"@type\":\"ListItem\",\"@id\":\"https:\\\/\\\/candas365.es\\\/noticias#listItem\",\"name\":\"Home\"}},{\"@type\":\"ListItem\",\"@id\":\"https:\\\/\\\/candas365.es\\\/noticias\\\/pib-de-espana-crecera-27-en-2025-y-bajara-a-19-en-2026\\\/#listItem\",\"position\":3,\"name\":\"PIB de Espa\\u00f1a crecer\\u00e1 2,7% en 2025 y bajar\\u00e1 a 1,9% en 2026\",\"previousItem\":{\"@type\":\"ListItem\",\"@id\":\"https:\\\/\\\/candas365.es\\\/noticias\\\/category\\\/economia\\\/#listItem\",\"name\":\"Econom\\u00eda\"}}]},{\"@type\":\"NewsArticle\",\"@id\":\"https:\\\/\\\/candas365.es\\\/noticias\\\/pib-de-espana-crecera-27-en-2025-y-bajara-a-19-en-2026\\\/#newsarticle\",\"name\":\"PIB de Espa\\u00f1a crecer\\u00e1 2,7% en 2025 y bajar\\u00e1 a 1,9% en 2026 | Cand\\u00e1s 365\",\"headline\":\"PIB de Espa\\u00f1a crecer\\u00e1 2,7% en 2025 y bajar\\u00e1 a 1,9% en 2026\",\"author\":{\"@id\":\"https:\\\/\\\/candas365.es\\\/noticias\\\/author\\\/admin\\\/#author\"},\"publisher\":{\"@id\":\"https:\\\/\\\/candas365.es\\\/noticias\\\/#organization\"},\"image\":{\"@type\":\"ImageObject\",\"url\":\"https:\\\/\\\/candas365.es\\\/noticias\\\/wp-content\\\/uploads\\\/2025\\\/09\\\/PIB-de-Espana.jpg\",\"width\":1024,\"height\":678,\"caption\":\"Foto: 123rf.com\"},\"datePublished\":\"2025-09-24T15:01:58+02:00\",\"dateModified\":\"2025-09-24T15:01:58+02:00\",\"inLanguage\":\"es-ES\",\"mainEntityOfPage\":{\"@id\":\"https:\\\/\\\/candas365.es\\\/noticias\\\/pib-de-espana-crecera-27-en-2025-y-bajara-a-19-en-2026\\\/#webpage\"},\"isPartOf\":{\"@id\":\"https:\\\/\\\/candas365.es\\\/noticias\\\/pib-de-espana-crecera-27-en-2025-y-bajara-a-19-en-2026\\\/#webpage\"},\"articleSection\":\"Econom\\u00eda, Econom\\u00eda\",\"dateline\":\"Publicado el septiembre 24, 2025.\"},{\"@type\":\"Organization\",\"@id\":\"https:\\\/\\\/candas365.es\\\/noticias\\\/#organization\",\"name\":\"Cand\\u00e1s 365\",\"description\":\"Cand\\u00e1s 365 es un diario digital independiente, fundado en 2012, con base en Asturias. Informamos con rigor sobre actualidad, sociedad, cultura y ocio, con una mirada local y global.\",\"url\":\"https:\\\/\\\/candas365.es\\\/noticias\\\/\",\"email\":\"info@candas365.es\",\"telephone\":\"+34652131393\",\"foundingDate\":\"2012-06-10\",\"logo\":{\"@type\":\"ImageObject\",\"url\":\"https:\\\/\\\/candas365.es\\\/noticias\\\/wp-content\\\/uploads\\\/2024\\\/09\\\/Candas-365-Redes.jpg\",\"@id\":\"https:\\\/\\\/candas365.es\\\/noticias\\\/pib-de-espana-crecera-27-en-2025-y-bajara-a-19-en-2026\\\/#organizationLogo\",\"width\":1152,\"height\":864,\"caption\":\"Cand\\u00e1s 365 Redes\"},\"image\":{\"@id\":\"https:\\\/\\\/candas365.es\\\/noticias\\\/pib-de-espana-crecera-27-en-2025-y-bajara-a-19-en-2026\\\/#organizationLogo\"},\"sameAs\":[\"https:\\\/\\\/www.facebook.com\\\/Nachofdezber\",\"https:\\\/\\\/x.com\\\/NabercoDigital\",\"https:\\\/\\\/www.instagram.com\\\/nachofdezber\\\/\",\"https:\\\/\\\/www.youtube.com\\\/channel\\\/UCZP-2wLEB9Rv6erhFmqVnvg\"],\"address\":{\"@id\":\"https:\\\/\\\/candas365.es\\\/noticias\\\/#postaladdress\",\"@type\":\"PostalAddress\",\"streetAddress\":\"san antonio 4, san antonio 4\",\"postalCode\":\"33430\",\"addressLocality\":\"Cand\\u00e1s\",\"addressRegion\":\"Asturias\",\"addressCountry\":\"ES\"}},{\"@type\":\"Person\",\"@id\":\"https:\\\/\\\/candas365.es\\\/noticias\\\/author\\\/admin\\\/#author\",\"url\":\"https:\\\/\\\/candas365.es\\\/noticias\\\/author\\\/admin\\\/\",\"name\":\"Cand\\u00e1s 365\",\"image\":{\"@type\":\"ImageObject\",\"@id\":\"https:\\\/\\\/candas365.es\\\/noticias\\\/pib-de-espana-crecera-27-en-2025-y-bajara-a-19-en-2026\\\/#authorImage\",\"url\":\"https:\\\/\\\/secure.gravatar.com\\\/avatar\\\/496a8e03d0c493ede1718b7934145dbdf8d89be1036b0eec9544e1094c9de390?s=96&d=mm&r=g\",\"width\":96,\"height\":96,\"caption\":\"Cand\\u00e1s 365\"},\"sameAs\":[\"https:\\\/\\\/www.facebook.com\\\/carrenoactualidad\",\"https:\\\/\\\/twitter.com\\\/nbasturias\",\"https:\\\/\\\/www.instagram.com\\\/nachofdezber\\\/\",\"https:\\\/\\\/www.youtube.com\\\/channel\\\/UCZP-2wLEB9Rv6erhFmqVnvg\"]},{\"@type\":\"WebPage\",\"@id\":\"https:\\\/\\\/candas365.es\\\/noticias\\\/pib-de-espana-crecera-27-en-2025-y-bajara-a-19-en-2026\\\/#webpage\",\"url\":\"https:\\\/\\\/candas365.es\\\/noticias\\\/pib-de-espana-crecera-27-en-2025-y-bajara-a-19-en-2026\\\/\",\"name\":\"PIB de Espa\\u00f1a crecer\\u00e1 2,7% en 2025 y bajar\\u00e1 a 1,9% en 2026 | Cand\\u00e1s 365\",\"description\":\"Barclays prev\\u00e9 que el PIB de Espa\\u00f1a crezca un 2,7% en 2025 y se modere al 1,9% en 2026, con un riesgo pol\\u00edtico limitado pese a los esc\\u00e1ndalos recientes.\",\"inLanguage\":\"es-ES\",\"isPartOf\":{\"@id\":\"https:\\\/\\\/candas365.es\\\/noticias\\\/#website\"},\"breadcrumb\":{\"@id\":\"https:\\\/\\\/candas365.es\\\/noticias\\\/pib-de-espana-crecera-27-en-2025-y-bajara-a-19-en-2026\\\/#breadcrumblist\"},\"author\":{\"@id\":\"https:\\\/\\\/candas365.es\\\/noticias\\\/author\\\/admin\\\/#author\"},\"creator\":{\"@id\":\"https:\\\/\\\/candas365.es\\\/noticias\\\/author\\\/admin\\\/#author\"},\"image\":{\"@type\":\"ImageObject\",\"url\":\"https:\\\/\\\/candas365.es\\\/noticias\\\/wp-content\\\/uploads\\\/2025\\\/09\\\/PIB-de-Espana.jpg\",\"@id\":\"https:\\\/\\\/candas365.es\\\/noticias\\\/pib-de-espana-crecera-27-en-2025-y-bajara-a-19-en-2026\\\/#mainImage\",\"width\":1024,\"height\":678,\"caption\":\"Foto: 123rf.com\"},\"primaryImageOfPage\":{\"@id\":\"https:\\\/\\\/candas365.es\\\/noticias\\\/pib-de-espana-crecera-27-en-2025-y-bajara-a-19-en-2026\\\/#mainImage\"},\"datePublished\":\"2025-09-24T15:01:58+02:00\",\"dateModified\":\"2025-09-24T15:01:58+02:00\"},{\"@type\":\"WebSite\",\"@id\":\"https:\\\/\\\/candas365.es\\\/noticias\\\/#website\",\"url\":\"https:\\\/\\\/candas365.es\\\/noticias\\\/\",\"name\":\"Cand\\u00e1s 365\",\"alternateName\":\"Cand\\u00e1s 365 Noticias\",\"description\":\"Actualidad desde Carre\\u00f1o para el mundo\",\"inLanguage\":\"es-ES\",\"publisher\":{\"@id\":\"https:\\\/\\\/candas365.es\\\/noticias\\\/#organization\"}}]}\n\t\t<\/script>\n\t\t<!-- All in One SEO Pro -->\r\n\t\t<title>PIB de Espa\u00f1a crecer\u00e1 2,7% en 2025 y bajar\u00e1 a 1,9% en 2026 | Cand\u00e1s 365<\/title>\n\n","aioseo_head_json":{"title":"PIB de Espa\u00f1a crecer\u00e1 2,7% en 2025 y bajar\u00e1 a 1,9% en 2026 | Cand\u00e1s 365","description":"Barclays prev\u00e9 que el PIB de Espa\u00f1a crezca un 2,7% en 2025 y se modere al 1,9% en 2026, con un riesgo pol\u00edtico limitado pese a los esc\u00e1ndalos recientes.","canonical_url":"https:\/\/candas365.es\/noticias\/pib-de-espana-crecera-27-en-2025-y-bajara-a-19-en-2026\/","robots":"max-image-preview:large","keywords":"econom\u00eda","webmasterTools":{"google-site-verification":"UA-32230408-1","msvalidate.01":"354F3CDFB2DA171B47FBE9ABF1F88D5","miscellaneous":""},"schema":{"@context":"https:\/\/schema.org","@graph":[{"@type":"BreadcrumbList","@id":"https:\/\/candas365.es\/noticias\/pib-de-espana-crecera-27-en-2025-y-bajara-a-19-en-2026\/#breadcrumblist","itemListElement":[{"@type":"ListItem","@id":"https:\/\/candas365.es\/noticias#listItem","position":1,"name":"Home","item":"https:\/\/candas365.es\/noticias","nextItem":{"@type":"ListItem","@id":"https:\/\/candas365.es\/noticias\/category\/economia\/#listItem","name":"Econom\u00eda"}},{"@type":"ListItem","@id":"https:\/\/candas365.es\/noticias\/category\/economia\/#listItem","position":2,"name":"Econom\u00eda","item":"https:\/\/candas365.es\/noticias\/category\/economia\/","nextItem":{"@type":"ListItem","@id":"https:\/\/candas365.es\/noticias\/pib-de-espana-crecera-27-en-2025-y-bajara-a-19-en-2026\/#listItem","name":"PIB de Espa\u00f1a crecer\u00e1 2,7% en 2025 y bajar\u00e1 a 1,9% en 2026"},"previousItem":{"@type":"ListItem","@id":"https:\/\/candas365.es\/noticias#listItem","name":"Home"}},{"@type":"ListItem","@id":"https:\/\/candas365.es\/noticias\/pib-de-espana-crecera-27-en-2025-y-bajara-a-19-en-2026\/#listItem","position":3,"name":"PIB de Espa\u00f1a crecer\u00e1 2,7% en 2025 y bajar\u00e1 a 1,9% en 2026","previousItem":{"@type":"ListItem","@id":"https:\/\/candas365.es\/noticias\/category\/economia\/#listItem","name":"Econom\u00eda"}}]},{"@type":"NewsArticle","@id":"https:\/\/candas365.es\/noticias\/pib-de-espana-crecera-27-en-2025-y-bajara-a-19-en-2026\/#newsarticle","name":"PIB de Espa\u00f1a crecer\u00e1 2,7% en 2025 y bajar\u00e1 a 1,9% en 2026 | Cand\u00e1s 365","headline":"PIB de Espa\u00f1a crecer\u00e1 2,7% en 2025 y bajar\u00e1 a 1,9% en 2026","author":{"@id":"https:\/\/candas365.es\/noticias\/author\/admin\/#author"},"publisher":{"@id":"https:\/\/candas365.es\/noticias\/#organization"},"image":{"@type":"ImageObject","url":"https:\/\/candas365.es\/noticias\/wp-content\/uploads\/2025\/09\/PIB-de-Espana.jpg","width":1024,"height":678,"caption":"Foto: 123rf.com"},"datePublished":"2025-09-24T15:01:58+02:00","dateModified":"2025-09-24T15:01:58+02:00","inLanguage":"es-ES","mainEntityOfPage":{"@id":"https:\/\/candas365.es\/noticias\/pib-de-espana-crecera-27-en-2025-y-bajara-a-19-en-2026\/#webpage"},"isPartOf":{"@id":"https:\/\/candas365.es\/noticias\/pib-de-espana-crecera-27-en-2025-y-bajara-a-19-en-2026\/#webpage"},"articleSection":"Econom\u00eda, Econom\u00eda","dateline":"Publicado el septiembre 24, 2025."},{"@type":"Organization","@id":"https:\/\/candas365.es\/noticias\/#organization","name":"Cand\u00e1s 365","description":"Cand\u00e1s 365 es un diario digital independiente, fundado en 2012, con base en Asturias. Informamos con rigor sobre actualidad, sociedad, cultura y ocio, con una mirada local y global.","url":"https:\/\/candas365.es\/noticias\/","email":"info@candas365.es","telephone":"+34652131393","foundingDate":"2012-06-10","logo":{"@type":"ImageObject","url":"https:\/\/candas365.es\/noticias\/wp-content\/uploads\/2024\/09\/Candas-365-Redes.jpg","@id":"https:\/\/candas365.es\/noticias\/pib-de-espana-crecera-27-en-2025-y-bajara-a-19-en-2026\/#organizationLogo","width":1152,"height":864,"caption":"Cand\u00e1s 365 Redes"},"image":{"@id":"https:\/\/candas365.es\/noticias\/pib-de-espana-crecera-27-en-2025-y-bajara-a-19-en-2026\/#organizationLogo"},"sameAs":["https:\/\/www.facebook.com\/Nachofdezber","https:\/\/x.com\/NabercoDigital","https:\/\/www.instagram.com\/nachofdezber\/","https:\/\/www.youtube.com\/channel\/UCZP-2wLEB9Rv6erhFmqVnvg"],"address":{"@id":"https:\/\/candas365.es\/noticias\/#postaladdress","@type":"PostalAddress","streetAddress":"san antonio 4, san antonio 4","postalCode":"33430","addressLocality":"Cand\u00e1s","addressRegion":"Asturias","addressCountry":"ES"}},{"@type":"Person","@id":"https:\/\/candas365.es\/noticias\/author\/admin\/#author","url":"https:\/\/candas365.es\/noticias\/author\/admin\/","name":"Cand\u00e1s 365","image":{"@type":"ImageObject","@id":"https:\/\/candas365.es\/noticias\/pib-de-espana-crecera-27-en-2025-y-bajara-a-19-en-2026\/#authorImage","url":"https:\/\/secure.gravatar.com\/avatar\/496a8e03d0c493ede1718b7934145dbdf8d89be1036b0eec9544e1094c9de390?s=96&d=mm&r=g","width":96,"height":96,"caption":"Cand\u00e1s 365"},"sameAs":["https:\/\/www.facebook.com\/carrenoactualidad","https:\/\/twitter.com\/nbasturias","https:\/\/www.instagram.com\/nachofdezber\/","https:\/\/www.youtube.com\/channel\/UCZP-2wLEB9Rv6erhFmqVnvg"]},{"@type":"WebPage","@id":"https:\/\/candas365.es\/noticias\/pib-de-espana-crecera-27-en-2025-y-bajara-a-19-en-2026\/#webpage","url":"https:\/\/candas365.es\/noticias\/pib-de-espana-crecera-27-en-2025-y-bajara-a-19-en-2026\/","name":"PIB de Espa\u00f1a crecer\u00e1 2,7% en 2025 y bajar\u00e1 a 1,9% en 2026 | Cand\u00e1s 365","description":"Barclays prev\u00e9 que el PIB de Espa\u00f1a crezca un 2,7% en 2025 y se modere al 1,9% en 2026, con un riesgo pol\u00edtico limitado pese a los esc\u00e1ndalos recientes.","inLanguage":"es-ES","isPartOf":{"@id":"https:\/\/candas365.es\/noticias\/#website"},"breadcrumb":{"@id":"https:\/\/candas365.es\/noticias\/pib-de-espana-crecera-27-en-2025-y-bajara-a-19-en-2026\/#breadcrumblist"},"author":{"@id":"https:\/\/candas365.es\/noticias\/author\/admin\/#author"},"creator":{"@id":"https:\/\/candas365.es\/noticias\/author\/admin\/#author"},"image":{"@type":"ImageObject","url":"https:\/\/candas365.es\/noticias\/wp-content\/uploads\/2025\/09\/PIB-de-Espana.jpg","@id":"https:\/\/candas365.es\/noticias\/pib-de-espana-crecera-27-en-2025-y-bajara-a-19-en-2026\/#mainImage","width":1024,"height":678,"caption":"Foto: 123rf.com"},"primaryImageOfPage":{"@id":"https:\/\/candas365.es\/noticias\/pib-de-espana-crecera-27-en-2025-y-bajara-a-19-en-2026\/#mainImage"},"datePublished":"2025-09-24T15:01:58+02:00","dateModified":"2025-09-24T15:01:58+02:00"},{"@type":"WebSite","@id":"https:\/\/candas365.es\/noticias\/#website","url":"https:\/\/candas365.es\/noticias\/","name":"Cand\u00e1s 365","alternateName":"Cand\u00e1s 365 Noticias","description":"Actualidad desde Carre\u00f1o para el mundo","inLanguage":"es-ES","publisher":{"@id":"https:\/\/candas365.es\/noticias\/#organization"}}]},"og:locale":"es_ES","og:site_name":"Cand\u00e1s 365","og:type":"article","og:title":"PIB de Espa\u00f1a crecer\u00e1 2,7% en 2025 y bajar\u00e1 a 1,9% en 2026 | Cand\u00e1s 365","og:description":"Barclays prev\u00e9 que el PIB de Espa\u00f1a crezca un 2,7% en 2025 y se modere al 1,9% en 2026, con un riesgo pol\u00edtico limitado pese a los esc\u00e1ndalos recientes.","og:url":"https:\/\/candas365.es\/noticias\/pib-de-espana-crecera-27-en-2025-y-bajara-a-19-en-2026\/","og:image":"https:\/\/candas365.es\/noticias\/wp-content\/uploads\/2025\/09\/PIB-de-Espana.jpg","og:image:secure_url":"https:\/\/candas365.es\/noticias\/wp-content\/uploads\/2025\/09\/PIB-de-Espana.jpg","og:image:width":1024,"og:image:height":678,"article:published_time":"2025-09-24T13:01:58+00:00","article:modified_time":"2025-09-24T13:01:58+00:00","article:publisher":"https:\/\/www.facebook.com\/Nachofdezber","article:author":"https:\/\/www.facebook.com\/carrenoactualidad","twitter:card":"summary_large_image","twitter:site":"@NabercoDigital","twitter:title":"PIB de Espa\u00f1a crecer\u00e1 2,7% en 2025 y bajar\u00e1 a 1,9% en 2026 | Cand\u00e1s 365","twitter:description":"Barclays prev\u00e9 que el PIB de Espa\u00f1a crezca un 2,7% en 2025 y se modere al 1,9% en 2026, con un riesgo pol\u00edtico limitado pese a los esc\u00e1ndalos recientes.","twitter:creator":"@nbasturias","twitter:image":"https:\/\/candas365.es\/noticias\/wp-content\/uploads\/2025\/09\/PIB-de-Espana.jpg","twitter:label1":"Escrito por","twitter:data1":"Cand\u00e1s 365","twitter:label2":"Tiempo de lectura estimado","twitter:data2":"2 minutos"},"aioseo_meta_data":{"post_id":"188177","title":null,"description":"Barclays prev\u00e9 que el PIB de Espa\u00f1a crezca un 2,7% en 2025 y se modere al 1,9% en 2026, con un riesgo pol\u00edtico limitado pese a los esc\u00e1ndalos recientes.","keywords":null,"keyphrases":{"focus":{"keyphrase":"PIB de Espa\u00f1a","score":85,"analysis":{"keyphraseInTitle":{"score":9,"maxScore":9,"error":0},"keyphraseInDescription":{"score":9,"maxScore":9,"error":0},"keyphraseLength":{"score":9,"maxScore":9,"error":0,"length":4},"keyphraseInURL":{"score":5,"maxScore":5,"error":0},"keyphraseInIntroduction":{"score":9,"maxScore":9,"error":0},"keyphraseInSubHeadings":[],"keyphraseInImageAlt":{"score":9,"maxScore":9,"error":0},"keywordDensity":{"score":0,"type":"low","maxScore":9,"error":1}}},"additional":[{"keyphrase":"PIB de Espa\u00f1a","score":80,"analysis":{"keyphraseInDescription":{"score":9,"maxScore":9,"error":0},"keyphraseLength":{"score":9,"maxScore":9,"error":0,"length":4},"keyphraseInIntroduction":{"score":9,"maxScore":9,"error":0},"keyphraseInImageAlt":{"score":9,"maxScore":9,"error":0},"keywordDensity":{"score":0,"type":"low","maxScore":9,"error":1}}}]},"primary_term":null,"canonical_url":null,"og_title":null,"og_description":null,"og_object_type":"default","og_image_type":"default","og_image_url":null,"og_image_width":null,"og_image_height":null,"og_image_custom_url":null,"og_image_custom_fields":null,"og_video":"","og_custom_url":null,"og_article_section":null,"og_article_tags":null,"twitter_use_og":false,"twitter_card":"default","twitter_image_type":"default","twitter_image_url":null,"twitter_image_custom_url":null,"twitter_image_custom_fields":null,"twitter_title":null,"twitter_description":null,"schema":{"blockGraphs":[],"customGraphs":[],"default":{"data":{"Article":[],"Course":[],"Dataset":[],"FAQPage":[],"Movie":[],"Person":[],"Product":[],"ProductReview":[],"Car":[],"Recipe":[],"Service":[],"SoftwareApplication":[],"WebPage":[]},"graphName":"Article","isEnabled":true},"graphs":[]},"schema_type":"default","schema_type_options":null,"pillar_content":false,"robots_default":true,"robots_noindex":false,"robots_noarchive":false,"robots_nosnippet":false,"robots_nofollow":false,"robots_noimageindex":false,"robots_noodp":false,"robots_notranslate":false,"robots_max_snippet":"-1","robots_max_videopreview":"-1","robots_max_imagepreview":"large","priority":null,"frequency":"default","location":null,"local_seo":null,"seo_analyzer_scan_date":"2025-09-24 13:02:19","breadcrumb_settings":null,"limit_modified_date":false,"reviewed_by":null,"open_ai":null,"ai":{"faqs":[],"keyPoints":[],"titles":[],"descriptions":[],"socialPosts":{"email":[],"linkedin":[],"twitter":[],"facebook":[],"instagram":[]}},"created":"2025-09-24 12:55:23","updated":"2025-09-24 13:11:09"},"aioseo_breadcrumb":"<div class=\"aioseo-breadcrumbs\"><span class=\"aioseo-breadcrumb\">\n\t<a href=\"https:\/\/candas365.es\/noticias\" title=\"Home\">Home<\/a>\n<\/span><span class=\"aioseo-breadcrumb-separator\">&ndash;<\/span><span class=\"aioseo-breadcrumb\">\n\t<a href=\"https:\/\/candas365.es\/noticias\/category\/economia\/\" title=\"Econom\u00eda\">Econom\u00eda<\/a>\n<\/span><span class=\"aioseo-breadcrumb-separator\">&ndash;<\/span><span class=\"aioseo-breadcrumb\">\n\tPIB de Espa\u00f1a crecer\u00e1 2,7% en 2025 y bajar\u00e1 a 1,9% en 2026\n<\/span><\/div>","aioseo_breadcrumb_json":[{"label":"Home","link":"https:\/\/candas365.es\/noticias"},{"label":"Econom\u00eda","link":"https:\/\/candas365.es\/noticias\/category\/economia\/"},{"label":"PIB de Espa\u00f1a crecer\u00e1 2,7% en 2025 y bajar\u00e1 a 1,9% en 2026","link":"https:\/\/candas365.es\/noticias\/pib-de-espana-crecera-27-en-2025-y-bajara-a-19-en-2026\/"}],"_links":{"self":[{"href":"https:\/\/candas365.es\/noticias\/wp-json\/wp\/v2\/posts\/188177","targetHints":{"allow":["GET"]}}],"collection":[{"href":"https:\/\/candas365.es\/noticias\/wp-json\/wp\/v2\/posts"}],"about":[{"href":"https:\/\/candas365.es\/noticias\/wp-json\/wp\/v2\/types\/post"}],"author":[{"embeddable":true,"href":"https:\/\/candas365.es\/noticias\/wp-json\/wp\/v2\/users\/1"}],"replies":[{"embeddable":true,"href":"https:\/\/candas365.es\/noticias\/wp-json\/wp\/v2\/comments?post=188177"}],"version-history":[{"count":0,"href":"https:\/\/candas365.es\/noticias\/wp-json\/wp\/v2\/posts\/188177\/revisions"}],"wp:featuredmedia":[{"embeddable":true,"href":"https:\/\/candas365.es\/noticias\/wp-json\/wp\/v2\/media\/188178"}],"wp:attachment":[{"href":"https:\/\/candas365.es\/noticias\/wp-json\/wp\/v2\/media?parent=188177"}],"wp:term":[{"taxonomy":"category","embeddable":true,"href":"https:\/\/candas365.es\/noticias\/wp-json\/wp\/v2\/categories?post=188177"},{"taxonomy":"post_tag","embeddable":true,"href":"https:\/\/candas365.es\/noticias\/wp-json\/wp\/v2\/tags?post=188177"}],"curies":[{"name":"wp","href":"https:\/\/api.w.org\/{rel}","templated":true}]}}