{"id":187930,"date":"2025-09-20T19:33:29","date_gmt":"2025-09-20T17:33:29","guid":{"rendered":"https:\/\/candas365.es\/noticias\/?p=187930"},"modified":"2025-09-20T19:33:29","modified_gmt":"2025-09-20T17:33:29","slug":"jovenes-y-mercado-laboral-en-espana","status":"publish","type":"post","link":"https:\/\/candas365.es\/noticias\/jovenes-y-mercado-laboral-en-espana\/","title":{"rendered":"J\u00f3venes y mercado laboral en Espa\u00f1a"},"content":{"rendered":"<p>Es <strong>noticia en Espa\u00f1a<\/strong> que los j\u00f3venes enfrentan un mercado laboral en transformaci\u00f3n constante. La digitalizaci\u00f3n, los cambios econ\u00f3micos y la globalizaci\u00f3n han modificado la forma en que las nuevas generaciones buscan <a href=\"https:\/\/candas365.es\/noticias\/category\/economia\/\"><span style=\"color: #ff6600;\"><strong>empleo<\/strong><\/span><\/a> y desarrollan su carrera profesional. Aunque persisten retos como la temporalidad y la falta de estabilidad, tambi\u00e9n surgen oportunidades vinculadas a la innovaci\u00f3n y la formaci\u00f3n especializada.<\/p>\n<figure id=\"attachment_187931\" aria-describedby=\"caption-attachment-187931\" style=\"width: 650px\" class=\"wp-caption aligncenter\"><img fetchpriority=\"high\" decoding=\"async\" class=\"size-large wp-image-187931\" src=\"https:\/\/candas365.es\/noticias\/wp-content\/uploads\/2025\/09\/Jovenes-y-mercado-laboral-en-Espana-650x352.jpg\" alt=\"J\u00f3venes y mercado laboral en Espa\u00f1a\" width=\"650\" height=\"352\" srcset=\"https:\/\/candas365.es\/noticias\/wp-content\/uploads\/2025\/09\/Jovenes-y-mercado-laboral-en-Espana-650x352.jpg 650w, https:\/\/candas365.es\/noticias\/wp-content\/uploads\/2025\/09\/Jovenes-y-mercado-laboral-en-Espana-360x195.jpg 360w, https:\/\/candas365.es\/noticias\/wp-content\/uploads\/2025\/09\/Jovenes-y-mercado-laboral-en-Espana-768x416.jpg 768w, https:\/\/candas365.es\/noticias\/wp-content\/uploads\/2025\/09\/Jovenes-y-mercado-laboral-en-Espana-150x81.jpg 150w, https:\/\/candas365.es\/noticias\/wp-content\/uploads\/2025\/09\/Jovenes-y-mercado-laboral-en-Espana-450x244.jpg 450w, https:\/\/candas365.es\/noticias\/wp-content\/uploads\/2025\/09\/Jovenes-y-mercado-laboral-en-Espana.jpg 1020w\" sizes=\"(max-width: 650px) 100vw, 650px\" \/><figcaption id=\"caption-attachment-187931\" class=\"wp-caption-text\">Foto: 123rf.com<\/figcaption><\/figure>\n<p>En nuestro diario de noticias Espa\u00f1a destacamos que los menores de 30 a\u00f1os representan un motor clave para la econom\u00eda del futuro. Su capacidad de adaptaci\u00f3n, creatividad y dominio de las nuevas tecnolog\u00edas son cualidades muy valoradas en un entorno competitivo. Sin embargo, para aprovechar todo su potencial, es necesario superar obst\u00e1culos estructurales que han acompa\u00f1ado al empleo juvenil durante d\u00e9cadas.<\/p>\n<h2>Retos del empleo juvenil<\/h2>\n<p>Uno de los mayores problemas sigue siendo la precariedad laboral. Muchos j\u00f3venes encuentran trabajos temporales o con salarios bajos, lo que dificulta su independencia econ\u00f3mica. Esta situaci\u00f3n se agrava por el aumento del precio de la vivienda, que retrasa la emancipaci\u00f3n y la creaci\u00f3n de nuevos hogares.<\/p>\n<p>La sobrecualificaci\u00f3n tambi\u00e9n es un fen\u00f3meno frecuente: graduados universitarios que terminan en puestos que no requieren tanta formaci\u00f3n, lo que genera frustraci\u00f3n y desaprovechamiento de talento.<\/p>\n<h2>Oportunidades en el nuevo mercado laboral<\/h2>\n<p>A pesar de estos retos, el mercado laboral ofrece oportunidades in\u00e9ditas. La digitalizaci\u00f3n ha abierto la puerta a profesiones emergentes como el an\u00e1lisis de datos, la ciberseguridad, el desarrollo de aplicaciones o la inteligencia artificial. Adem\u00e1s, el teletrabajo y los modelos h\u00edbridos permiten que los j\u00f3venes accedan a empleos sin necesidad de desplazarse a grandes ciudades.<\/p>\n<p>Es noticia en Espa\u00f1a que cada vez m\u00e1s empresas valoran las habilidades blandas \u2014comunicaci\u00f3n, trabajo en equipo, liderazgo\u2014 tanto como la formaci\u00f3n acad\u00e9mica. Esto permite a los j\u00f3venes destacar por su creatividad e iniciativa, incluso en sectores muy competitivos.<\/p>\n<h2>Formaci\u00f3n y adaptaci\u00f3n<\/h2>\n<p>La educaci\u00f3n y la formaci\u00f3n continua son claves para afrontar este nuevo escenario. Programas de formaci\u00f3n profesional dual, cursos online y especializaciones tecnol\u00f3gicas est\u00e1n en auge y ofrecen a los j\u00f3venes una v\u00eda m\u00e1s directa hacia el empleo estable.<\/p>\n<p>El esfuerzo conjunto entre instituciones educativas, empresas y administraciones ser\u00e1 fundamental para crear un entorno en el que los j\u00f3venes puedan crecer profesionalmente sin tener que renunciar a la estabilidad.<\/p>\n<p>El<a href=\"https:\/\/eldigitaldeasturias.com\/radio\/category\/negocios\/\" target=\"_blank\" rel=\"noopener\"><span style=\"color: #ff6600;\"><strong> mercado laboral en Espa\u00f1a<\/strong><\/span><\/a> a\u00fan tiene retos por superar, pero las nuevas generaciones est\u00e1n mejor preparadas que nunca para afrontarlos. Con innovaci\u00f3n, formaci\u00f3n constante y pol\u00edticas que fomenten el empleo juvenil, el futuro puede ser m\u00e1s prometedor. Los j\u00f3venes no solo buscan un trabajo: buscan un espacio donde desarrollarse y aportar valor a una sociedad en constante cambio.<\/p>\n","protected":false},"excerpt":{"rendered":"<p>Es noticia en Espa\u00f1a que los j\u00f3venes enfrentan un mercado laboral en transformaci\u00f3n constante. La digitalizaci\u00f3n, los cambios econ\u00f3micos y la globalizaci\u00f3n han modificado la forma en que las nuevas generaciones buscan empleo y desarrollan su carrera profesional. Aunque persisten retos como la temporalidad y la falta de estabilidad, tambi\u00e9n surgen oportunidades vinculadas a la<\/p>\n","protected":false},"author":1,"featured_media":187931,"comment_status":"closed","ping_status":"closed","sticky":false,"template":"","format":"standard","meta":{"footnotes":""},"categories":[316,486],"tags":[382,466],"class_list":{"0":"post-187930","1":"post","2":"type-post","3":"status-publish","4":"format-standard","5":"has-post-thumbnail","7":"category-destacadas","8":"category-economia","9":"tag-empleo","10":"tag-espana"},"aioseo_notices":[],"aioseo_head":"\n\t\t<!-- All in One SEO Pro 4.9.6.2 - aioseo.com -->\n\t<meta name=\"description\" content=\"Es noticia en Espa\u00f1a que los j\u00f3venes enfrentan un mercado laboral en transformaci\u00f3n constante. La digitalizaci\u00f3n, los cambios econ\u00f3micos y la globalizaci\u00f3n\" \/>\n\t<meta name=\"robots\" content=\"max-image-preview:large\" \/>\n\t<meta name=\"author\" content=\"Cand\u00e1s 365\"\/>\n\t<meta name=\"google-site-verification\" content=\"UA-32230408-1\" \/>\n\t<meta name=\"msvalidate.01\" content=\"354F3CDFB2DA171B47FBE9ABF1F88D5\" \/>\n\t<meta name=\"keywords\" content=\"destacadas,econom\u00eda\" \/>\n\t<link rel=\"canonical\" href=\"https:\/\/candas365.es\/noticias\/jovenes-y-mercado-laboral-en-espana\/\" \/>\n\t<meta name=\"generator\" content=\"All in One SEO Pro (AIOSEO) 4.9.6.2\" \/>\n\t\t<meta property=\"og:locale\" content=\"es_ES\" \/>\n\t\t<meta property=\"og:site_name\" content=\"Cand\u00e1s 365\" \/>\n\t\t<meta property=\"og:type\" content=\"article\" \/>\n\t\t<meta property=\"og:title\" content=\"J\u00f3venes y mercado laboral en Espa\u00f1a | Cand\u00e1s 365\" \/>\n\t\t<meta property=\"og:description\" content=\"Es noticia en Espa\u00f1a que los j\u00f3venes enfrentan un mercado laboral en transformaci\u00f3n constante. La digitalizaci\u00f3n, los cambios econ\u00f3micos y la globalizaci\u00f3n\" \/>\n\t\t<meta property=\"og:url\" content=\"https:\/\/candas365.es\/noticias\/jovenes-y-mercado-laboral-en-espana\/\" \/>\n\t\t<meta property=\"og:image\" content=\"https:\/\/candas365.es\/noticias\/wp-content\/uploads\/2025\/09\/Jovenes-y-mercado-laboral-en-Espana.jpg\" \/>\n\t\t<meta property=\"og:image:secure_url\" content=\"https:\/\/candas365.es\/noticias\/wp-content\/uploads\/2025\/09\/Jovenes-y-mercado-laboral-en-Espana.jpg\" \/>\n\t\t<meta property=\"og:image:width\" content=\"1020\" \/>\n\t\t<meta property=\"og:image:height\" content=\"553\" \/>\n\t\t<meta property=\"article:published_time\" content=\"2025-09-20T17:33:29+00:00\" \/>\n\t\t<meta property=\"article:modified_time\" content=\"2025-09-20T17:33:29+00:00\" \/>\n\t\t<meta property=\"article:publisher\" content=\"https:\/\/www.facebook.com\/Nachofdezber\" \/>\n\t\t<meta property=\"article:author\" content=\"https:\/\/www.facebook.com\/carrenoactualidad\" \/>\n\t\t<meta name=\"twitter:card\" content=\"summary_large_image\" \/>\n\t\t<meta name=\"twitter:site\" content=\"@NabercoDigital\" \/>\n\t\t<meta name=\"twitter:title\" content=\"J\u00f3venes y mercado laboral en Espa\u00f1a | Cand\u00e1s 365\" \/>\n\t\t<meta name=\"twitter:description\" content=\"Es noticia en Espa\u00f1a que los j\u00f3venes enfrentan un mercado laboral en transformaci\u00f3n constante. La digitalizaci\u00f3n, los cambios econ\u00f3micos y la globalizaci\u00f3n\" \/>\n\t\t<meta name=\"twitter:creator\" content=\"@nbasturias\" \/>\n\t\t<meta name=\"twitter:image\" content=\"https:\/\/candas365.es\/noticias\/wp-content\/uploads\/2025\/09\/Jovenes-y-mercado-laboral-en-Espana.jpg\" \/>\n\t\t<meta name=\"twitter:label1\" content=\"Escrito por\" \/>\n\t\t<meta name=\"twitter:data1\" content=\"Cand\u00e1s 365\" \/>\n\t\t<meta name=\"twitter:label2\" content=\"Tiempo de lectura estimado\" \/>\n\t\t<meta name=\"twitter:data2\" content=\"2 minutos\" \/>\n\t\t<script type=\"application\/ld+json\" class=\"aioseo-schema\">\n\t\t\t{\"@context\":\"https:\\\/\\\/schema.org\",\"@graph\":[{\"@type\":\"BreadcrumbList\",\"@id\":\"https:\\\/\\\/candas365.es\\\/noticias\\\/jovenes-y-mercado-laboral-en-espana\\\/#breadcrumblist\",\"itemListElement\":[{\"@type\":\"ListItem\",\"@id\":\"https:\\\/\\\/candas365.es\\\/noticias#listItem\",\"position\":1,\"name\":\"Home\",\"item\":\"https:\\\/\\\/candas365.es\\\/noticias\",\"nextItem\":{\"@type\":\"ListItem\",\"@id\":\"https:\\\/\\\/candas365.es\\\/noticias\\\/category\\\/destacadas\\\/#listItem\",\"name\":\"Destacadas\"}},{\"@type\":\"ListItem\",\"@id\":\"https:\\\/\\\/candas365.es\\\/noticias\\\/category\\\/destacadas\\\/#listItem\",\"position\":2,\"name\":\"Destacadas\",\"item\":\"https:\\\/\\\/candas365.es\\\/noticias\\\/category\\\/destacadas\\\/\",\"nextItem\":{\"@type\":\"ListItem\",\"@id\":\"https:\\\/\\\/candas365.es\\\/noticias\\\/jovenes-y-mercado-laboral-en-espana\\\/#listItem\",\"name\":\"J\\u00f3venes y mercado laboral en Espa\\u00f1a\"},\"previousItem\":{\"@type\":\"ListItem\",\"@id\":\"https:\\\/\\\/candas365.es\\\/noticias#listItem\",\"name\":\"Home\"}},{\"@type\":\"ListItem\",\"@id\":\"https:\\\/\\\/candas365.es\\\/noticias\\\/jovenes-y-mercado-laboral-en-espana\\\/#listItem\",\"position\":3,\"name\":\"J\\u00f3venes y mercado laboral en Espa\\u00f1a\",\"previousItem\":{\"@type\":\"ListItem\",\"@id\":\"https:\\\/\\\/candas365.es\\\/noticias\\\/category\\\/destacadas\\\/#listItem\",\"name\":\"Destacadas\"}}]},{\"@type\":\"NewsArticle\",\"@id\":\"https:\\\/\\\/candas365.es\\\/noticias\\\/jovenes-y-mercado-laboral-en-espana\\\/#newsarticle\",\"name\":\"J\\u00f3venes y mercado laboral en Espa\\u00f1a | Cand\\u00e1s 365\",\"headline\":\"J\\u00f3venes y mercado laboral en Espa\\u00f1a\",\"author\":{\"@id\":\"https:\\\/\\\/candas365.es\\\/noticias\\\/author\\\/admin\\\/#author\"},\"publisher\":{\"@id\":\"https:\\\/\\\/candas365.es\\\/noticias\\\/#organization\"},\"image\":{\"@type\":\"ImageObject\",\"url\":\"https:\\\/\\\/candas365.es\\\/noticias\\\/wp-content\\\/uploads\\\/2025\\\/09\\\/Jovenes-y-mercado-laboral-en-Espana.jpg\",\"width\":1020,\"height\":553,\"caption\":\"Foto: 123rf.com\"},\"datePublished\":\"2025-09-20T19:33:29+02:00\",\"dateModified\":\"2025-09-20T19:33:29+02:00\",\"inLanguage\":\"es-ES\",\"mainEntityOfPage\":{\"@id\":\"https:\\\/\\\/candas365.es\\\/noticias\\\/jovenes-y-mercado-laboral-en-espana\\\/#webpage\"},\"isPartOf\":{\"@id\":\"https:\\\/\\\/candas365.es\\\/noticias\\\/jovenes-y-mercado-laboral-en-espana\\\/#webpage\"},\"articleSection\":\"Destacadas, Econom\\u00eda, empleo, Espa\\u00f1a\",\"dateline\":\"Publicado el septiembre 20, 2025.\"},{\"@type\":\"Organization\",\"@id\":\"https:\\\/\\\/candas365.es\\\/noticias\\\/#organization\",\"name\":\"Cand\\u00e1s 365\",\"description\":\"Cand\\u00e1s 365 es un diario digital independiente, fundado en 2012, con base en Asturias. Informamos con rigor sobre actualidad, sociedad, cultura y ocio, con una mirada local y global.\",\"url\":\"https:\\\/\\\/candas365.es\\\/noticias\\\/\",\"email\":\"info@candas365.es\",\"telephone\":\"+34652131393\",\"foundingDate\":\"2012-06-10\",\"logo\":{\"@type\":\"ImageObject\",\"url\":\"https:\\\/\\\/candas365.es\\\/noticias\\\/wp-content\\\/uploads\\\/2024\\\/09\\\/Candas-365-Redes.jpg\",\"@id\":\"https:\\\/\\\/candas365.es\\\/noticias\\\/jovenes-y-mercado-laboral-en-espana\\\/#organizationLogo\",\"width\":1152,\"height\":864,\"caption\":\"Cand\\u00e1s 365 Redes\"},\"image\":{\"@id\":\"https:\\\/\\\/candas365.es\\\/noticias\\\/jovenes-y-mercado-laboral-en-espana\\\/#organizationLogo\"},\"sameAs\":[\"https:\\\/\\\/www.facebook.com\\\/Nachofdezber\",\"https:\\\/\\\/x.com\\\/NabercoDigital\",\"https:\\\/\\\/www.instagram.com\\\/nachofdezber\\\/\",\"https:\\\/\\\/www.youtube.com\\\/channel\\\/UCZP-2wLEB9Rv6erhFmqVnvg\"],\"address\":{\"@id\":\"https:\\\/\\\/candas365.es\\\/noticias\\\/#postaladdress\",\"@type\":\"PostalAddress\",\"streetAddress\":\"san antonio 4, san antonio 4\",\"postalCode\":\"33430\",\"addressLocality\":\"Cand\\u00e1s\",\"addressRegion\":\"Asturias\",\"addressCountry\":\"ES\"}},{\"@type\":\"Person\",\"@id\":\"https:\\\/\\\/candas365.es\\\/noticias\\\/author\\\/admin\\\/#author\",\"url\":\"https:\\\/\\\/candas365.es\\\/noticias\\\/author\\\/admin\\\/\",\"name\":\"Cand\\u00e1s 365\",\"image\":{\"@type\":\"ImageObject\",\"@id\":\"https:\\\/\\\/candas365.es\\\/noticias\\\/jovenes-y-mercado-laboral-en-espana\\\/#authorImage\",\"url\":\"https:\\\/\\\/secure.gravatar.com\\\/avatar\\\/496a8e03d0c493ede1718b7934145dbdf8d89be1036b0eec9544e1094c9de390?s=96&d=mm&r=g\",\"width\":96,\"height\":96,\"caption\":\"Cand\\u00e1s 365\"},\"sameAs\":[\"https:\\\/\\\/www.facebook.com\\\/carrenoactualidad\",\"https:\\\/\\\/twitter.com\\\/nbasturias\",\"https:\\\/\\\/www.instagram.com\\\/nachofdezber\\\/\",\"https:\\\/\\\/www.youtube.com\\\/channel\\\/UCZP-2wLEB9Rv6erhFmqVnvg\"]},{\"@type\":\"WebPage\",\"@id\":\"https:\\\/\\\/candas365.es\\\/noticias\\\/jovenes-y-mercado-laboral-en-espana\\\/#webpage\",\"url\":\"https:\\\/\\\/candas365.es\\\/noticias\\\/jovenes-y-mercado-laboral-en-espana\\\/\",\"name\":\"J\\u00f3venes y mercado laboral en Espa\\u00f1a | Cand\\u00e1s 365\",\"description\":\"Es noticia en Espa\\u00f1a que los j\\u00f3venes enfrentan un mercado laboral en transformaci\\u00f3n constante. La digitalizaci\\u00f3n, los cambios econ\\u00f3micos y la globalizaci\\u00f3n\",\"inLanguage\":\"es-ES\",\"isPartOf\":{\"@id\":\"https:\\\/\\\/candas365.es\\\/noticias\\\/#website\"},\"breadcrumb\":{\"@id\":\"https:\\\/\\\/candas365.es\\\/noticias\\\/jovenes-y-mercado-laboral-en-espana\\\/#breadcrumblist\"},\"author\":{\"@id\":\"https:\\\/\\\/candas365.es\\\/noticias\\\/author\\\/admin\\\/#author\"},\"creator\":{\"@id\":\"https:\\\/\\\/candas365.es\\\/noticias\\\/author\\\/admin\\\/#author\"},\"image\":{\"@type\":\"ImageObject\",\"url\":\"https:\\\/\\\/candas365.es\\\/noticias\\\/wp-content\\\/uploads\\\/2025\\\/09\\\/Jovenes-y-mercado-laboral-en-Espana.jpg\",\"@id\":\"https:\\\/\\\/candas365.es\\\/noticias\\\/jovenes-y-mercado-laboral-en-espana\\\/#mainImage\",\"width\":1020,\"height\":553,\"caption\":\"Foto: 123rf.com\"},\"primaryImageOfPage\":{\"@id\":\"https:\\\/\\\/candas365.es\\\/noticias\\\/jovenes-y-mercado-laboral-en-espana\\\/#mainImage\"},\"datePublished\":\"2025-09-20T19:33:29+02:00\",\"dateModified\":\"2025-09-20T19:33:29+02:00\"},{\"@type\":\"WebSite\",\"@id\":\"https:\\\/\\\/candas365.es\\\/noticias\\\/#website\",\"url\":\"https:\\\/\\\/candas365.es\\\/noticias\\\/\",\"name\":\"Cand\\u00e1s 365\",\"alternateName\":\"Cand\\u00e1s 365 Noticias\",\"description\":\"Actualidad desde Carre\\u00f1o para el mundo\",\"inLanguage\":\"es-ES\",\"publisher\":{\"@id\":\"https:\\\/\\\/candas365.es\\\/noticias\\\/#organization\"}}]}\n\t\t<\/script>\n\t\t<!-- All in One SEO Pro -->\r\n\t\t<title>J\u00f3venes y mercado laboral en Espa\u00f1a | Cand\u00e1s 365<\/title>\n\n","aioseo_head_json":{"title":"J\u00f3venes y mercado laboral en Espa\u00f1a | Cand\u00e1s 365","description":"Es noticia en Espa\u00f1a que los j\u00f3venes enfrentan un mercado laboral en transformaci\u00f3n constante. La digitalizaci\u00f3n, los cambios econ\u00f3micos y la globalizaci\u00f3n","canonical_url":"https:\/\/candas365.es\/noticias\/jovenes-y-mercado-laboral-en-espana\/","robots":"max-image-preview:large","keywords":"destacadas,econom\u00eda","webmasterTools":{"google-site-verification":"UA-32230408-1","msvalidate.01":"354F3CDFB2DA171B47FBE9ABF1F88D5","miscellaneous":""},"schema":{"@context":"https:\/\/schema.org","@graph":[{"@type":"BreadcrumbList","@id":"https:\/\/candas365.es\/noticias\/jovenes-y-mercado-laboral-en-espana\/#breadcrumblist","itemListElement":[{"@type":"ListItem","@id":"https:\/\/candas365.es\/noticias#listItem","position":1,"name":"Home","item":"https:\/\/candas365.es\/noticias","nextItem":{"@type":"ListItem","@id":"https:\/\/candas365.es\/noticias\/category\/destacadas\/#listItem","name":"Destacadas"}},{"@type":"ListItem","@id":"https:\/\/candas365.es\/noticias\/category\/destacadas\/#listItem","position":2,"name":"Destacadas","item":"https:\/\/candas365.es\/noticias\/category\/destacadas\/","nextItem":{"@type":"ListItem","@id":"https:\/\/candas365.es\/noticias\/jovenes-y-mercado-laboral-en-espana\/#listItem","name":"J\u00f3venes y mercado laboral en Espa\u00f1a"},"previousItem":{"@type":"ListItem","@id":"https:\/\/candas365.es\/noticias#listItem","name":"Home"}},{"@type":"ListItem","@id":"https:\/\/candas365.es\/noticias\/jovenes-y-mercado-laboral-en-espana\/#listItem","position":3,"name":"J\u00f3venes y mercado laboral en Espa\u00f1a","previousItem":{"@type":"ListItem","@id":"https:\/\/candas365.es\/noticias\/category\/destacadas\/#listItem","name":"Destacadas"}}]},{"@type":"NewsArticle","@id":"https:\/\/candas365.es\/noticias\/jovenes-y-mercado-laboral-en-espana\/#newsarticle","name":"J\u00f3venes y mercado laboral en Espa\u00f1a | Cand\u00e1s 365","headline":"J\u00f3venes y mercado laboral en Espa\u00f1a","author":{"@id":"https:\/\/candas365.es\/noticias\/author\/admin\/#author"},"publisher":{"@id":"https:\/\/candas365.es\/noticias\/#organization"},"image":{"@type":"ImageObject","url":"https:\/\/candas365.es\/noticias\/wp-content\/uploads\/2025\/09\/Jovenes-y-mercado-laboral-en-Espana.jpg","width":1020,"height":553,"caption":"Foto: 123rf.com"},"datePublished":"2025-09-20T19:33:29+02:00","dateModified":"2025-09-20T19:33:29+02:00","inLanguage":"es-ES","mainEntityOfPage":{"@id":"https:\/\/candas365.es\/noticias\/jovenes-y-mercado-laboral-en-espana\/#webpage"},"isPartOf":{"@id":"https:\/\/candas365.es\/noticias\/jovenes-y-mercado-laboral-en-espana\/#webpage"},"articleSection":"Destacadas, Econom\u00eda, empleo, Espa\u00f1a","dateline":"Publicado el septiembre 20, 2025."},{"@type":"Organization","@id":"https:\/\/candas365.es\/noticias\/#organization","name":"Cand\u00e1s 365","description":"Cand\u00e1s 365 es un diario digital independiente, fundado en 2012, con base en Asturias. Informamos con rigor sobre actualidad, sociedad, cultura y ocio, con una mirada local y global.","url":"https:\/\/candas365.es\/noticias\/","email":"info@candas365.es","telephone":"+34652131393","foundingDate":"2012-06-10","logo":{"@type":"ImageObject","url":"https:\/\/candas365.es\/noticias\/wp-content\/uploads\/2024\/09\/Candas-365-Redes.jpg","@id":"https:\/\/candas365.es\/noticias\/jovenes-y-mercado-laboral-en-espana\/#organizationLogo","width":1152,"height":864,"caption":"Cand\u00e1s 365 Redes"},"image":{"@id":"https:\/\/candas365.es\/noticias\/jovenes-y-mercado-laboral-en-espana\/#organizationLogo"},"sameAs":["https:\/\/www.facebook.com\/Nachofdezber","https:\/\/x.com\/NabercoDigital","https:\/\/www.instagram.com\/nachofdezber\/","https:\/\/www.youtube.com\/channel\/UCZP-2wLEB9Rv6erhFmqVnvg"],"address":{"@id":"https:\/\/candas365.es\/noticias\/#postaladdress","@type":"PostalAddress","streetAddress":"san antonio 4, san antonio 4","postalCode":"33430","addressLocality":"Cand\u00e1s","addressRegion":"Asturias","addressCountry":"ES"}},{"@type":"Person","@id":"https:\/\/candas365.es\/noticias\/author\/admin\/#author","url":"https:\/\/candas365.es\/noticias\/author\/admin\/","name":"Cand\u00e1s 365","image":{"@type":"ImageObject","@id":"https:\/\/candas365.es\/noticias\/jovenes-y-mercado-laboral-en-espana\/#authorImage","url":"https:\/\/secure.gravatar.com\/avatar\/496a8e03d0c493ede1718b7934145dbdf8d89be1036b0eec9544e1094c9de390?s=96&d=mm&r=g","width":96,"height":96,"caption":"Cand\u00e1s 365"},"sameAs":["https:\/\/www.facebook.com\/carrenoactualidad","https:\/\/twitter.com\/nbasturias","https:\/\/www.instagram.com\/nachofdezber\/","https:\/\/www.youtube.com\/channel\/UCZP-2wLEB9Rv6erhFmqVnvg"]},{"@type":"WebPage","@id":"https:\/\/candas365.es\/noticias\/jovenes-y-mercado-laboral-en-espana\/#webpage","url":"https:\/\/candas365.es\/noticias\/jovenes-y-mercado-laboral-en-espana\/","name":"J\u00f3venes y mercado laboral en Espa\u00f1a | Cand\u00e1s 365","description":"Es noticia en Espa\u00f1a que los j\u00f3venes enfrentan un mercado laboral en transformaci\u00f3n constante. La digitalizaci\u00f3n, los cambios econ\u00f3micos y la globalizaci\u00f3n","inLanguage":"es-ES","isPartOf":{"@id":"https:\/\/candas365.es\/noticias\/#website"},"breadcrumb":{"@id":"https:\/\/candas365.es\/noticias\/jovenes-y-mercado-laboral-en-espana\/#breadcrumblist"},"author":{"@id":"https:\/\/candas365.es\/noticias\/author\/admin\/#author"},"creator":{"@id":"https:\/\/candas365.es\/noticias\/author\/admin\/#author"},"image":{"@type":"ImageObject","url":"https:\/\/candas365.es\/noticias\/wp-content\/uploads\/2025\/09\/Jovenes-y-mercado-laboral-en-Espana.jpg","@id":"https:\/\/candas365.es\/noticias\/jovenes-y-mercado-laboral-en-espana\/#mainImage","width":1020,"height":553,"caption":"Foto: 123rf.com"},"primaryImageOfPage":{"@id":"https:\/\/candas365.es\/noticias\/jovenes-y-mercado-laboral-en-espana\/#mainImage"},"datePublished":"2025-09-20T19:33:29+02:00","dateModified":"2025-09-20T19:33:29+02:00"},{"@type":"WebSite","@id":"https:\/\/candas365.es\/noticias\/#website","url":"https:\/\/candas365.es\/noticias\/","name":"Cand\u00e1s 365","alternateName":"Cand\u00e1s 365 Noticias","description":"Actualidad desde Carre\u00f1o para el mundo","inLanguage":"es-ES","publisher":{"@id":"https:\/\/candas365.es\/noticias\/#organization"}}]},"og:locale":"es_ES","og:site_name":"Cand\u00e1s 365","og:type":"article","og:title":"J\u00f3venes y mercado laboral en Espa\u00f1a | Cand\u00e1s 365","og:description":"Es noticia en Espa\u00f1a que los j\u00f3venes enfrentan un mercado laboral en transformaci\u00f3n constante. La digitalizaci\u00f3n, los cambios econ\u00f3micos y la globalizaci\u00f3n","og:url":"https:\/\/candas365.es\/noticias\/jovenes-y-mercado-laboral-en-espana\/","og:image":"https:\/\/candas365.es\/noticias\/wp-content\/uploads\/2025\/09\/Jovenes-y-mercado-laboral-en-Espana.jpg","og:image:secure_url":"https:\/\/candas365.es\/noticias\/wp-content\/uploads\/2025\/09\/Jovenes-y-mercado-laboral-en-Espana.jpg","og:image:width":1020,"og:image:height":553,"article:published_time":"2025-09-20T17:33:29+00:00","article:modified_time":"2025-09-20T17:33:29+00:00","article:publisher":"https:\/\/www.facebook.com\/Nachofdezber","article:author":"https:\/\/www.facebook.com\/carrenoactualidad","twitter:card":"summary_large_image","twitter:site":"@NabercoDigital","twitter:title":"J\u00f3venes y mercado laboral en Espa\u00f1a | Cand\u00e1s 365","twitter:description":"Es noticia en Espa\u00f1a que los j\u00f3venes enfrentan un mercado laboral en transformaci\u00f3n constante. La digitalizaci\u00f3n, los cambios econ\u00f3micos y la globalizaci\u00f3n","twitter:creator":"@nbasturias","twitter:image":"https:\/\/candas365.es\/noticias\/wp-content\/uploads\/2025\/09\/Jovenes-y-mercado-laboral-en-Espana.jpg","twitter:label1":"Escrito por","twitter:data1":"Cand\u00e1s 365","twitter:label2":"Tiempo de lectura estimado","twitter:data2":"2 minutos"},"aioseo_meta_data":{"post_id":"187930","title":null,"description":"Es noticia en Espa\u00f1a que los j\u00f3venes enfrentan un mercado laboral en transformaci\u00f3n constante. La digitalizaci\u00f3n, los cambios econ\u00f3micos y la globalizaci\u00f3n","keywords":null,"keyphrases":{"focus":{"keyphrase":"Espa\u00f1a","score":91,"analysis":{"keyphraseInTitle":{"score":9,"maxScore":9,"error":0},"keyphraseInDescription":{"score":9,"maxScore":9,"error":0},"keyphraseLength":{"score":9,"maxScore":9,"error":0,"length":2},"keyphraseInURL":{"score":5,"maxScore":5,"error":0},"keyphraseInIntroduction":{"score":9,"maxScore":9,"error":0},"keyphraseInSubHeadings":{"score":3,"maxScore":9,"error":1},"keyphraseInImageAlt":{"score":9,"maxScore":9,"error":0},"keywordDensity":{"type":"best","score":9,"maxScore":9,"error":0}}},"additional":[{"keyphrase":"j\u00f3venes","score":100,"analysis":{"keyphraseInDescription":{"score":9,"maxScore":9,"error":0},"keyphraseLength":{"score":9,"maxScore":9,"error":0,"length":2},"keyphraseInIntroduction":{"score":9,"maxScore":9,"error":0},"keyphraseInImageAlt":{"score":9,"maxScore":9,"error":0},"keywordDensity":{"type":"best","score":9,"maxScore":9,"error":0}}},{"keyphrase":"mercado laboral","score":100,"analysis":{"keyphraseInDescription":{"score":9,"maxScore":9,"error":0},"keyphraseLength":{"score":9,"maxScore":9,"error":0,"length":2},"keyphraseInIntroduction":{"score":9,"maxScore":9,"error":0},"keyphraseInImageAlt":{"score":9,"maxScore":9,"error":0},"keywordDensity":{"type":"best","score":9,"maxScore":9,"error":0}}}]},"primary_term":null,"canonical_url":null,"og_title":null,"og_description":null,"og_object_type":"default","og_image_type":"default","og_image_url":null,"og_image_width":null,"og_image_height":null,"og_image_custom_url":null,"og_image_custom_fields":null,"og_video":"","og_custom_url":null,"og_article_section":null,"og_article_tags":null,"twitter_use_og":false,"twitter_card":"default","twitter_image_type":"default","twitter_image_url":null,"twitter_image_custom_url":null,"twitter_image_custom_fields":null,"twitter_title":null,"twitter_description":null,"schema":{"blockGraphs":[],"customGraphs":[],"default":{"data":{"Article":[],"Course":[],"Dataset":[],"FAQPage":[],"Movie":[],"Person":[],"Product":[],"ProductReview":[],"Car":[],"Recipe":[],"Service":[],"SoftwareApplication":[],"WebPage":[]},"graphName":"Article","isEnabled":true},"graphs":[]},"schema_type":"default","schema_type_options":null,"pillar_content":false,"robots_default":true,"robots_noindex":false,"robots_noarchive":false,"robots_nosnippet":false,"robots_nofollow":false,"robots_noimageindex":false,"robots_noodp":false,"robots_notranslate":false,"robots_max_snippet":"-1","robots_max_videopreview":"-1","robots_max_imagepreview":"large","priority":null,"frequency":"default","location":null,"local_seo":null,"seo_analyzer_scan_date":"2025-09-20 17:33:34","breadcrumb_settings":null,"limit_modified_date":false,"reviewed_by":null,"open_ai":null,"ai":{"faqs":[],"keyPoints":[],"titles":[],"descriptions":[],"socialPosts":{"email":[],"linkedin":[],"twitter":[],"facebook":[],"instagram":[]}},"created":"2025-09-20 17:25:14","updated":"2025-09-20 17:40:17"},"aioseo_breadcrumb":"<div class=\"aioseo-breadcrumbs\"><span class=\"aioseo-breadcrumb\">\n\t<a href=\"https:\/\/candas365.es\/noticias\" title=\"Home\">Home<\/a>\n<\/span><span class=\"aioseo-breadcrumb-separator\">&ndash;<\/span><span class=\"aioseo-breadcrumb\">\n\t<a href=\"https:\/\/candas365.es\/noticias\/category\/destacadas\/\" title=\"Destacadas\">Destacadas<\/a>\n<\/span><span class=\"aioseo-breadcrumb-separator\">&ndash;<\/span><span class=\"aioseo-breadcrumb\">\n\tJ\u00f3venes y mercado laboral en Espa\u00f1a\n<\/span><\/div>","aioseo_breadcrumb_json":[{"label":"Home","link":"https:\/\/candas365.es\/noticias"},{"label":"Destacadas","link":"https:\/\/candas365.es\/noticias\/category\/destacadas\/"},{"label":"J\u00f3venes y mercado laboral en Espa\u00f1a","link":"https:\/\/candas365.es\/noticias\/jovenes-y-mercado-laboral-en-espana\/"}],"_links":{"self":[{"href":"https:\/\/candas365.es\/noticias\/wp-json\/wp\/v2\/posts\/187930","targetHints":{"allow":["GET"]}}],"collection":[{"href":"https:\/\/candas365.es\/noticias\/wp-json\/wp\/v2\/posts"}],"about":[{"href":"https:\/\/candas365.es\/noticias\/wp-json\/wp\/v2\/types\/post"}],"author":[{"embeddable":true,"href":"https:\/\/candas365.es\/noticias\/wp-json\/wp\/v2\/users\/1"}],"replies":[{"embeddable":true,"href":"https:\/\/candas365.es\/noticias\/wp-json\/wp\/v2\/comments?post=187930"}],"version-history":[{"count":0,"href":"https:\/\/candas365.es\/noticias\/wp-json\/wp\/v2\/posts\/187930\/revisions"}],"wp:featuredmedia":[{"embeddable":true,"href":"https:\/\/candas365.es\/noticias\/wp-json\/wp\/v2\/media\/187931"}],"wp:attachment":[{"href":"https:\/\/candas365.es\/noticias\/wp-json\/wp\/v2\/media?parent=187930"}],"wp:term":[{"taxonomy":"category","embeddable":true,"href":"https:\/\/candas365.es\/noticias\/wp-json\/wp\/v2\/categories?post=187930"},{"taxonomy":"post_tag","embeddable":true,"href":"https:\/\/candas365.es\/noticias\/wp-json\/wp\/v2\/tags?post=187930"}],"curies":[{"name":"wp","href":"https:\/\/api.w.org\/{rel}","templated":true}]}}