{"id":187782,"date":"2025-09-17T20:29:30","date_gmt":"2025-09-17T18:29:30","guid":{"rendered":"https:\/\/candas365.es\/noticias\/?p=187782"},"modified":"2025-09-17T20:29:30","modified_gmt":"2025-09-17T18:29:30","slug":"como-la-digitalizacion-transforma-a-las-pymes-en-candas","status":"publish","type":"post","link":"https:\/\/candas365.es\/noticias\/como-la-digitalizacion-transforma-a-las-pymes-en-candas\/","title":{"rendered":"C\u00f3mo la digitalizaci\u00f3n transforma a las pymes en Cand\u00e1s"},"content":{"rendered":"<p>La digitalizaci\u00f3n ha dejado de ser una opci\u00f3n para convertirse en una necesidad urgente para las peque\u00f1as y medianas empresas (<a href=\"https:\/\/eldigitaldeasturias.com\/radio\/category\/negocios\/\" target=\"_blank\" rel=\"noopener\"><span style=\"color: #ff6600;\"><strong>pymes<\/strong><\/span><\/a>) de Cand\u00e1s y resto del mundo. <strong>En un entorno econ\u00f3mico cada vez m\u00e1s competitivo, las herramientas digitales no solo mejoran la eficiencia, sino que tambi\u00e9n abren nuevas oportunidades de crecimiento y visibilidad.<\/strong><\/p>\n<figure id=\"attachment_187783\" aria-describedby=\"caption-attachment-187783\" style=\"width: 650px\" class=\"wp-caption aligncenter\"><img fetchpriority=\"high\" decoding=\"async\" class=\"size-large wp-image-187783\" src=\"https:\/\/candas365.es\/noticias\/wp-content\/uploads\/2025\/09\/digitalizacion-pymes-en-Candas-650x340.jpg\" alt=\"digitalizaci\u00f3n pymes en Cand\u00e1s\" width=\"650\" height=\"340\" srcset=\"https:\/\/candas365.es\/noticias\/wp-content\/uploads\/2025\/09\/digitalizacion-pymes-en-Candas-650x340.jpg 650w, https:\/\/candas365.es\/noticias\/wp-content\/uploads\/2025\/09\/digitalizacion-pymes-en-Candas-360x188.jpg 360w, https:\/\/candas365.es\/noticias\/wp-content\/uploads\/2025\/09\/digitalizacion-pymes-en-Candas-768x402.jpg 768w, https:\/\/candas365.es\/noticias\/wp-content\/uploads\/2025\/09\/digitalizacion-pymes-en-Candas-150x78.jpg 150w, https:\/\/candas365.es\/noticias\/wp-content\/uploads\/2025\/09\/digitalizacion-pymes-en-Candas-450x235.jpg 450w, https:\/\/candas365.es\/noticias\/wp-content\/uploads\/2025\/09\/digitalizacion-pymes-en-Candas.jpg 1063w\" sizes=\"(max-width: 650px) 100vw, 650px\" \/><figcaption id=\"caption-attachment-187783\" class=\"wp-caption-text\">Foto: 123rf.com<\/figcaption><\/figure>\n<h2>La digitalizaci\u00f3n como motor de cambio<\/h2>\n<p>Durante a\u00f1os, las grandes compa\u00f1\u00edas fueron las pioneras en implementar soluciones tecnol\u00f3gicas. Sin embargo, la pandemia aceler\u00f3 el proceso en todos los sectores, obligando tambi\u00e9n a las pymes locales a adaptarse. <strong>Desde la gesti\u00f3n en la nube hasta el comercio electr\u00f3nico, la digitalizaci\u00f3n ha demostrado ser un salvavidas para muchos negocios locales.<\/strong><\/p>\n<h2>Comercio electr\u00f3nico y nuevos canales de venta<\/h2>\n<p>Uno de los cambios m\u00e1s visibles es la apuesta por las ventas online. Peque\u00f1os comercios que antes depend\u00edan exclusivamente de la clientela f\u00edsica han encontrado en internet un escaparate global. Plataformas de e-commerce y redes sociales permiten llegar a clientes que antes eran inalcanzables, diversificando as\u00ed las fuentes de ingresos.<\/p>\n<h2>Eficiencia y ahorro de costes<\/h2>\n<p>La digitalizaci\u00f3n no se limita a vender por internet. Tambi\u00e9n implica optimizar procesos internos. Herramientas como la facturaci\u00f3n electr\u00f3nica, los sistemas de gesti\u00f3n en la nube o las aplicaciones de atenci\u00f3n al cliente permiten ahorrar tiempo, reducir errores y mejorar la productividad.<strong> En el caso de las pymes, donde los recursos humanos y financieros suelen ser limitados, estas soluciones marcan una diferencia clave.<\/strong><\/p>\n<h2>El reto de la capacitaci\u00f3n<\/h2>\n<p>Aunque las oportunidades son enormes, la digitalizaci\u00f3n tambi\u00e9n plantea retos. Muchas pymes carecen de personal formado en nuevas tecnolog\u00edas, lo que puede dificultar la implementaci\u00f3n de cambios. La formaci\u00f3n continua se convierte en un elemento esencial para que los trabajadores se adapten a este nuevo entorno. En Asturias y resto de Espa\u00f1a, cada vez m\u00e1s programas p\u00fablicos y privados ofrecen apoyo en este sentido, pero a\u00fan queda camino por recorrer.<\/p>\n<h2>Ciberseguridad y confianza del cliente<\/h2>\n<p>La digitalizaci\u00f3n tambi\u00e9n exige una mayor atenci\u00f3n a la ciberseguridad. Los ataques inform\u00e1ticos y la protecci\u00f3n de datos son un desaf\u00edo creciente. <strong>Para ganar la confianza de los clientes, las pymes deben invertir en medidas que garanticen transacciones seguras y un manejo responsable de la informaci\u00f3n.<\/strong><\/p>\n<p>La digitalizaci\u00f3n no es solo una tendencia pasajera, sino el futuro inmediato de las pymes y por ello los expertos recomiendan adoptar herramientas digitales para ganar competitividad, aumentar la visibilidad y ofrecer un mejor servicio al cliente. <strong>Aquellas <a href=\"https:\/\/candas365.es\/noticias\/category\/canal-empresas\/\"><span style=\"color: #ff6600;\">empresas<\/span><\/a> que abracen este cambio estar\u00e1n mejor preparadas para afrontar los desaf\u00edos de un mercado en constante transformaci\u00f3n.<\/strong><\/p>\n","protected":false},"excerpt":{"rendered":"<p>La digitalizaci\u00f3n ha dejado de ser una opci\u00f3n para convertirse en una necesidad urgente para las peque\u00f1as y medianas empresas (pymes) de Cand\u00e1s y resto del mundo. En un entorno econ\u00f3mico cada vez m\u00e1s competitivo, las herramientas digitales no solo mejoran la eficiencia, sino que tambi\u00e9n abren nuevas oportunidades de crecimiento y visibilidad. La digitalizaci\u00f3n<\/p>\n","protected":false},"author":1,"featured_media":187783,"comment_status":"closed","ping_status":"closed","sticky":false,"template":"","format":"standard","meta":{"footnotes":""},"categories":[2],"tags":[366,365,448],"class_list":{"0":"post-187782","1":"post","2":"type-post","3":"status-publish","4":"format-standard","5":"has-post-thumbnail","7":"category-noticias-carreno","8":"tag-candas","9":"tag-carreno","10":"tag-tecnologia"},"aioseo_notices":[],"aioseo_head":"\n\t\t<!-- All in One SEO Pro 4.9.6.2 - aioseo.com -->\n\t<meta name=\"description\" content=\"La digitalizaci\u00f3n ha dejado de ser una opci\u00f3n para convertirse en una necesidad urgente para las peque\u00f1as y medianas empresas (pymes) de Cand\u00e1s\" \/>\n\t<meta name=\"robots\" content=\"max-image-preview:large\" \/>\n\t<meta name=\"author\" content=\"Cand\u00e1s 365\"\/>\n\t<meta name=\"google-site-verification\" content=\"UA-32230408-1\" \/>\n\t<meta name=\"msvalidate.01\" content=\"354F3CDFB2DA171B47FBE9ABF1F88D5\" \/>\n\t<meta name=\"keywords\" content=\"noticias carre\u00f1o\" \/>\n\t<link rel=\"canonical\" href=\"https:\/\/candas365.es\/noticias\/como-la-digitalizacion-transforma-a-las-pymes-en-candas\/\" \/>\n\t<meta name=\"generator\" content=\"All in One SEO Pro (AIOSEO) 4.9.6.2\" \/>\n\t\t<meta property=\"og:locale\" content=\"es_ES\" \/>\n\t\t<meta property=\"og:site_name\" content=\"Cand\u00e1s 365\" \/>\n\t\t<meta property=\"og:type\" content=\"article\" \/>\n\t\t<meta property=\"og:title\" content=\"C\u00f3mo la digitalizaci\u00f3n transforma a las pymes en Cand\u00e1s | Cand\u00e1s 365\" \/>\n\t\t<meta property=\"og:description\" content=\"La digitalizaci\u00f3n ha dejado de ser una opci\u00f3n para convertirse en una necesidad urgente para las peque\u00f1as y medianas empresas (pymes) de Cand\u00e1s\" \/>\n\t\t<meta property=\"og:url\" content=\"https:\/\/candas365.es\/noticias\/como-la-digitalizacion-transforma-a-las-pymes-en-candas\/\" \/>\n\t\t<meta property=\"og:image\" content=\"https:\/\/candas365.es\/noticias\/wp-content\/uploads\/2025\/09\/digitalizacion-pymes-en-Candas.jpg\" \/>\n\t\t<meta property=\"og:image:secure_url\" content=\"https:\/\/candas365.es\/noticias\/wp-content\/uploads\/2025\/09\/digitalizacion-pymes-en-Candas.jpg\" \/>\n\t\t<meta property=\"og:image:width\" content=\"1063\" \/>\n\t\t<meta property=\"og:image:height\" content=\"556\" \/>\n\t\t<meta property=\"article:published_time\" content=\"2025-09-17T18:29:30+00:00\" \/>\n\t\t<meta property=\"article:modified_time\" content=\"2025-09-17T18:29:30+00:00\" \/>\n\t\t<meta property=\"article:publisher\" content=\"https:\/\/www.facebook.com\/Nachofdezber\" \/>\n\t\t<meta property=\"article:author\" content=\"https:\/\/www.facebook.com\/carrenoactualidad\" \/>\n\t\t<meta name=\"twitter:card\" content=\"summary_large_image\" \/>\n\t\t<meta name=\"twitter:site\" content=\"@NabercoDigital\" \/>\n\t\t<meta name=\"twitter:title\" content=\"C\u00f3mo la digitalizaci\u00f3n transforma a las pymes en Cand\u00e1s | Cand\u00e1s 365\" \/>\n\t\t<meta name=\"twitter:description\" content=\"La digitalizaci\u00f3n ha dejado de ser una opci\u00f3n para convertirse en una necesidad urgente para las peque\u00f1as y medianas empresas (pymes) de Cand\u00e1s\" \/>\n\t\t<meta name=\"twitter:creator\" content=\"@nbasturias\" \/>\n\t\t<meta name=\"twitter:image\" content=\"https:\/\/candas365.es\/noticias\/wp-content\/uploads\/2025\/09\/digitalizacion-pymes-en-Candas.jpg\" \/>\n\t\t<meta name=\"twitter:label1\" content=\"Escrito por\" \/>\n\t\t<meta name=\"twitter:data1\" content=\"Cand\u00e1s 365\" \/>\n\t\t<meta name=\"twitter:label2\" content=\"Tiempo de lectura estimado\" \/>\n\t\t<meta name=\"twitter:data2\" content=\"2 minutos\" \/>\n\t\t<script type=\"application\/ld+json\" class=\"aioseo-schema\">\n\t\t\t{\"@context\":\"https:\\\/\\\/schema.org\",\"@graph\":[{\"@type\":\"BreadcrumbList\",\"@id\":\"https:\\\/\\\/candas365.es\\\/noticias\\\/como-la-digitalizacion-transforma-a-las-pymes-en-candas\\\/#breadcrumblist\",\"itemListElement\":[{\"@type\":\"ListItem\",\"@id\":\"https:\\\/\\\/candas365.es\\\/noticias#listItem\",\"position\":1,\"name\":\"Home\",\"item\":\"https:\\\/\\\/candas365.es\\\/noticias\",\"nextItem\":{\"@type\":\"ListItem\",\"@id\":\"https:\\\/\\\/candas365.es\\\/noticias\\\/category\\\/noticias-carreno\\\/#listItem\",\"name\":\"Noticias Carre\\u00f1o\"}},{\"@type\":\"ListItem\",\"@id\":\"https:\\\/\\\/candas365.es\\\/noticias\\\/category\\\/noticias-carreno\\\/#listItem\",\"position\":2,\"name\":\"Noticias Carre\\u00f1o\",\"item\":\"https:\\\/\\\/candas365.es\\\/noticias\\\/category\\\/noticias-carreno\\\/\",\"nextItem\":{\"@type\":\"ListItem\",\"@id\":\"https:\\\/\\\/candas365.es\\\/noticias\\\/como-la-digitalizacion-transforma-a-las-pymes-en-candas\\\/#listItem\",\"name\":\"C\\u00f3mo la digitalizaci\\u00f3n transforma a las pymes en Cand\\u00e1s\"},\"previousItem\":{\"@type\":\"ListItem\",\"@id\":\"https:\\\/\\\/candas365.es\\\/noticias#listItem\",\"name\":\"Home\"}},{\"@type\":\"ListItem\",\"@id\":\"https:\\\/\\\/candas365.es\\\/noticias\\\/como-la-digitalizacion-transforma-a-las-pymes-en-candas\\\/#listItem\",\"position\":3,\"name\":\"C\\u00f3mo la digitalizaci\\u00f3n transforma a las pymes en Cand\\u00e1s\",\"previousItem\":{\"@type\":\"ListItem\",\"@id\":\"https:\\\/\\\/candas365.es\\\/noticias\\\/category\\\/noticias-carreno\\\/#listItem\",\"name\":\"Noticias Carre\\u00f1o\"}}]},{\"@type\":\"NewsArticle\",\"@id\":\"https:\\\/\\\/candas365.es\\\/noticias\\\/como-la-digitalizacion-transforma-a-las-pymes-en-candas\\\/#newsarticle\",\"name\":\"C\\u00f3mo la digitalizaci\\u00f3n transforma a las pymes en Cand\\u00e1s | Cand\\u00e1s 365\",\"headline\":\"C\\u00f3mo la digitalizaci\\u00f3n transforma a las pymes en Cand\\u00e1s\",\"author\":{\"@id\":\"https:\\\/\\\/candas365.es\\\/noticias\\\/author\\\/admin\\\/#author\"},\"publisher\":{\"@id\":\"https:\\\/\\\/candas365.es\\\/noticias\\\/#organization\"},\"image\":{\"@type\":\"ImageObject\",\"url\":\"https:\\\/\\\/candas365.es\\\/noticias\\\/wp-content\\\/uploads\\\/2025\\\/09\\\/digitalizacion-pymes-en-Candas.jpg\",\"width\":1063,\"height\":556,\"caption\":\"Foto: 123rf.com\"},\"datePublished\":\"2025-09-17T20:29:30+02:00\",\"dateModified\":\"2025-09-17T20:29:30+02:00\",\"inLanguage\":\"es-ES\",\"mainEntityOfPage\":{\"@id\":\"https:\\\/\\\/candas365.es\\\/noticias\\\/como-la-digitalizacion-transforma-a-las-pymes-en-candas\\\/#webpage\"},\"isPartOf\":{\"@id\":\"https:\\\/\\\/candas365.es\\\/noticias\\\/como-la-digitalizacion-transforma-a-las-pymes-en-candas\\\/#webpage\"},\"articleSection\":\"Noticias Carre\\u00f1o, Cand\\u00e1s, Carre\\u00f1o, Tecnolog\\u00eda\",\"dateline\":\"Publicado el septiembre 17, 2025.\"},{\"@type\":\"Organization\",\"@id\":\"https:\\\/\\\/candas365.es\\\/noticias\\\/#organization\",\"name\":\"Cand\\u00e1s 365\",\"description\":\"Cand\\u00e1s 365 es un diario digital independiente, fundado en 2012, con base en Asturias. Informamos con rigor sobre actualidad, sociedad, cultura y ocio, con una mirada local y global.\",\"url\":\"https:\\\/\\\/candas365.es\\\/noticias\\\/\",\"email\":\"info@candas365.es\",\"telephone\":\"+34652131393\",\"foundingDate\":\"2012-06-10\",\"logo\":{\"@type\":\"ImageObject\",\"url\":\"https:\\\/\\\/candas365.es\\\/noticias\\\/wp-content\\\/uploads\\\/2024\\\/09\\\/Candas-365-Redes.jpg\",\"@id\":\"https:\\\/\\\/candas365.es\\\/noticias\\\/como-la-digitalizacion-transforma-a-las-pymes-en-candas\\\/#organizationLogo\",\"width\":1152,\"height\":864,\"caption\":\"Cand\\u00e1s 365 Redes\"},\"image\":{\"@id\":\"https:\\\/\\\/candas365.es\\\/noticias\\\/como-la-digitalizacion-transforma-a-las-pymes-en-candas\\\/#organizationLogo\"},\"sameAs\":[\"https:\\\/\\\/www.facebook.com\\\/Nachofdezber\",\"https:\\\/\\\/x.com\\\/NabercoDigital\",\"https:\\\/\\\/www.instagram.com\\\/nachofdezber\\\/\",\"https:\\\/\\\/www.youtube.com\\\/channel\\\/UCZP-2wLEB9Rv6erhFmqVnvg\"],\"address\":{\"@id\":\"https:\\\/\\\/candas365.es\\\/noticias\\\/#postaladdress\",\"@type\":\"PostalAddress\",\"streetAddress\":\"san antonio 4, san antonio 4\",\"postalCode\":\"33430\",\"addressLocality\":\"Cand\\u00e1s\",\"addressRegion\":\"Asturias\",\"addressCountry\":\"ES\"}},{\"@type\":\"Person\",\"@id\":\"https:\\\/\\\/candas365.es\\\/noticias\\\/author\\\/admin\\\/#author\",\"url\":\"https:\\\/\\\/candas365.es\\\/noticias\\\/author\\\/admin\\\/\",\"name\":\"Cand\\u00e1s 365\",\"image\":{\"@type\":\"ImageObject\",\"@id\":\"https:\\\/\\\/candas365.es\\\/noticias\\\/como-la-digitalizacion-transforma-a-las-pymes-en-candas\\\/#authorImage\",\"url\":\"https:\\\/\\\/secure.gravatar.com\\\/avatar\\\/496a8e03d0c493ede1718b7934145dbdf8d89be1036b0eec9544e1094c9de390?s=96&d=mm&r=g\",\"width\":96,\"height\":96,\"caption\":\"Cand\\u00e1s 365\"},\"sameAs\":[\"https:\\\/\\\/www.facebook.com\\\/carrenoactualidad\",\"https:\\\/\\\/twitter.com\\\/nbasturias\",\"https:\\\/\\\/www.instagram.com\\\/nachofdezber\\\/\",\"https:\\\/\\\/www.youtube.com\\\/channel\\\/UCZP-2wLEB9Rv6erhFmqVnvg\"]},{\"@type\":\"WebPage\",\"@id\":\"https:\\\/\\\/candas365.es\\\/noticias\\\/como-la-digitalizacion-transforma-a-las-pymes-en-candas\\\/#webpage\",\"url\":\"https:\\\/\\\/candas365.es\\\/noticias\\\/como-la-digitalizacion-transforma-a-las-pymes-en-candas\\\/\",\"name\":\"C\\u00f3mo la digitalizaci\\u00f3n transforma a las pymes en Cand\\u00e1s | Cand\\u00e1s 365\",\"description\":\"La digitalizaci\\u00f3n ha dejado de ser una opci\\u00f3n para convertirse en una necesidad urgente para las peque\\u00f1as y medianas empresas (pymes) de Cand\\u00e1s\",\"inLanguage\":\"es-ES\",\"isPartOf\":{\"@id\":\"https:\\\/\\\/candas365.es\\\/noticias\\\/#website\"},\"breadcrumb\":{\"@id\":\"https:\\\/\\\/candas365.es\\\/noticias\\\/como-la-digitalizacion-transforma-a-las-pymes-en-candas\\\/#breadcrumblist\"},\"author\":{\"@id\":\"https:\\\/\\\/candas365.es\\\/noticias\\\/author\\\/admin\\\/#author\"},\"creator\":{\"@id\":\"https:\\\/\\\/candas365.es\\\/noticias\\\/author\\\/admin\\\/#author\"},\"image\":{\"@type\":\"ImageObject\",\"url\":\"https:\\\/\\\/candas365.es\\\/noticias\\\/wp-content\\\/uploads\\\/2025\\\/09\\\/digitalizacion-pymes-en-Candas.jpg\",\"@id\":\"https:\\\/\\\/candas365.es\\\/noticias\\\/como-la-digitalizacion-transforma-a-las-pymes-en-candas\\\/#mainImage\",\"width\":1063,\"height\":556,\"caption\":\"Foto: 123rf.com\"},\"primaryImageOfPage\":{\"@id\":\"https:\\\/\\\/candas365.es\\\/noticias\\\/como-la-digitalizacion-transforma-a-las-pymes-en-candas\\\/#mainImage\"},\"datePublished\":\"2025-09-17T20:29:30+02:00\",\"dateModified\":\"2025-09-17T20:29:30+02:00\"},{\"@type\":\"WebSite\",\"@id\":\"https:\\\/\\\/candas365.es\\\/noticias\\\/#website\",\"url\":\"https:\\\/\\\/candas365.es\\\/noticias\\\/\",\"name\":\"Cand\\u00e1s 365\",\"alternateName\":\"Cand\\u00e1s 365 Noticias\",\"description\":\"Actualidad desde Carre\\u00f1o para el mundo\",\"inLanguage\":\"es-ES\",\"publisher\":{\"@id\":\"https:\\\/\\\/candas365.es\\\/noticias\\\/#organization\"}}]}\n\t\t<\/script>\n\t\t<!-- All in One SEO Pro -->\r\n\t\t<title>C\u00f3mo la digitalizaci\u00f3n transforma a las pymes en Cand\u00e1s | Cand\u00e1s 365<\/title>\n\n","aioseo_head_json":{"title":"C\u00f3mo la digitalizaci\u00f3n transforma a las pymes en Cand\u00e1s | Cand\u00e1s 365","description":"La digitalizaci\u00f3n ha dejado de ser una opci\u00f3n para convertirse en una necesidad urgente para las peque\u00f1as y medianas empresas (pymes) de Cand\u00e1s","canonical_url":"https:\/\/candas365.es\/noticias\/como-la-digitalizacion-transforma-a-las-pymes-en-candas\/","robots":"max-image-preview:large","keywords":"noticias carre\u00f1o","webmasterTools":{"google-site-verification":"UA-32230408-1","msvalidate.01":"354F3CDFB2DA171B47FBE9ABF1F88D5","miscellaneous":""},"schema":{"@context":"https:\/\/schema.org","@graph":[{"@type":"BreadcrumbList","@id":"https:\/\/candas365.es\/noticias\/como-la-digitalizacion-transforma-a-las-pymes-en-candas\/#breadcrumblist","itemListElement":[{"@type":"ListItem","@id":"https:\/\/candas365.es\/noticias#listItem","position":1,"name":"Home","item":"https:\/\/candas365.es\/noticias","nextItem":{"@type":"ListItem","@id":"https:\/\/candas365.es\/noticias\/category\/noticias-carreno\/#listItem","name":"Noticias Carre\u00f1o"}},{"@type":"ListItem","@id":"https:\/\/candas365.es\/noticias\/category\/noticias-carreno\/#listItem","position":2,"name":"Noticias Carre\u00f1o","item":"https:\/\/candas365.es\/noticias\/category\/noticias-carreno\/","nextItem":{"@type":"ListItem","@id":"https:\/\/candas365.es\/noticias\/como-la-digitalizacion-transforma-a-las-pymes-en-candas\/#listItem","name":"C\u00f3mo la digitalizaci\u00f3n transforma a las pymes en Cand\u00e1s"},"previousItem":{"@type":"ListItem","@id":"https:\/\/candas365.es\/noticias#listItem","name":"Home"}},{"@type":"ListItem","@id":"https:\/\/candas365.es\/noticias\/como-la-digitalizacion-transforma-a-las-pymes-en-candas\/#listItem","position":3,"name":"C\u00f3mo la digitalizaci\u00f3n transforma a las pymes en Cand\u00e1s","previousItem":{"@type":"ListItem","@id":"https:\/\/candas365.es\/noticias\/category\/noticias-carreno\/#listItem","name":"Noticias Carre\u00f1o"}}]},{"@type":"NewsArticle","@id":"https:\/\/candas365.es\/noticias\/como-la-digitalizacion-transforma-a-las-pymes-en-candas\/#newsarticle","name":"C\u00f3mo la digitalizaci\u00f3n transforma a las pymes en Cand\u00e1s | Cand\u00e1s 365","headline":"C\u00f3mo la digitalizaci\u00f3n transforma a las pymes en Cand\u00e1s","author":{"@id":"https:\/\/candas365.es\/noticias\/author\/admin\/#author"},"publisher":{"@id":"https:\/\/candas365.es\/noticias\/#organization"},"image":{"@type":"ImageObject","url":"https:\/\/candas365.es\/noticias\/wp-content\/uploads\/2025\/09\/digitalizacion-pymes-en-Candas.jpg","width":1063,"height":556,"caption":"Foto: 123rf.com"},"datePublished":"2025-09-17T20:29:30+02:00","dateModified":"2025-09-17T20:29:30+02:00","inLanguage":"es-ES","mainEntityOfPage":{"@id":"https:\/\/candas365.es\/noticias\/como-la-digitalizacion-transforma-a-las-pymes-en-candas\/#webpage"},"isPartOf":{"@id":"https:\/\/candas365.es\/noticias\/como-la-digitalizacion-transforma-a-las-pymes-en-candas\/#webpage"},"articleSection":"Noticias Carre\u00f1o, Cand\u00e1s, Carre\u00f1o, Tecnolog\u00eda","dateline":"Publicado el septiembre 17, 2025."},{"@type":"Organization","@id":"https:\/\/candas365.es\/noticias\/#organization","name":"Cand\u00e1s 365","description":"Cand\u00e1s 365 es un diario digital independiente, fundado en 2012, con base en Asturias. Informamos con rigor sobre actualidad, sociedad, cultura y ocio, con una mirada local y global.","url":"https:\/\/candas365.es\/noticias\/","email":"info@candas365.es","telephone":"+34652131393","foundingDate":"2012-06-10","logo":{"@type":"ImageObject","url":"https:\/\/candas365.es\/noticias\/wp-content\/uploads\/2024\/09\/Candas-365-Redes.jpg","@id":"https:\/\/candas365.es\/noticias\/como-la-digitalizacion-transforma-a-las-pymes-en-candas\/#organizationLogo","width":1152,"height":864,"caption":"Cand\u00e1s 365 Redes"},"image":{"@id":"https:\/\/candas365.es\/noticias\/como-la-digitalizacion-transforma-a-las-pymes-en-candas\/#organizationLogo"},"sameAs":["https:\/\/www.facebook.com\/Nachofdezber","https:\/\/x.com\/NabercoDigital","https:\/\/www.instagram.com\/nachofdezber\/","https:\/\/www.youtube.com\/channel\/UCZP-2wLEB9Rv6erhFmqVnvg"],"address":{"@id":"https:\/\/candas365.es\/noticias\/#postaladdress","@type":"PostalAddress","streetAddress":"san antonio 4, san antonio 4","postalCode":"33430","addressLocality":"Cand\u00e1s","addressRegion":"Asturias","addressCountry":"ES"}},{"@type":"Person","@id":"https:\/\/candas365.es\/noticias\/author\/admin\/#author","url":"https:\/\/candas365.es\/noticias\/author\/admin\/","name":"Cand\u00e1s 365","image":{"@type":"ImageObject","@id":"https:\/\/candas365.es\/noticias\/como-la-digitalizacion-transforma-a-las-pymes-en-candas\/#authorImage","url":"https:\/\/secure.gravatar.com\/avatar\/496a8e03d0c493ede1718b7934145dbdf8d89be1036b0eec9544e1094c9de390?s=96&d=mm&r=g","width":96,"height":96,"caption":"Cand\u00e1s 365"},"sameAs":["https:\/\/www.facebook.com\/carrenoactualidad","https:\/\/twitter.com\/nbasturias","https:\/\/www.instagram.com\/nachofdezber\/","https:\/\/www.youtube.com\/channel\/UCZP-2wLEB9Rv6erhFmqVnvg"]},{"@type":"WebPage","@id":"https:\/\/candas365.es\/noticias\/como-la-digitalizacion-transforma-a-las-pymes-en-candas\/#webpage","url":"https:\/\/candas365.es\/noticias\/como-la-digitalizacion-transforma-a-las-pymes-en-candas\/","name":"C\u00f3mo la digitalizaci\u00f3n transforma a las pymes en Cand\u00e1s | Cand\u00e1s 365","description":"La digitalizaci\u00f3n ha dejado de ser una opci\u00f3n para convertirse en una necesidad urgente para las peque\u00f1as y medianas empresas (pymes) de Cand\u00e1s","inLanguage":"es-ES","isPartOf":{"@id":"https:\/\/candas365.es\/noticias\/#website"},"breadcrumb":{"@id":"https:\/\/candas365.es\/noticias\/como-la-digitalizacion-transforma-a-las-pymes-en-candas\/#breadcrumblist"},"author":{"@id":"https:\/\/candas365.es\/noticias\/author\/admin\/#author"},"creator":{"@id":"https:\/\/candas365.es\/noticias\/author\/admin\/#author"},"image":{"@type":"ImageObject","url":"https:\/\/candas365.es\/noticias\/wp-content\/uploads\/2025\/09\/digitalizacion-pymes-en-Candas.jpg","@id":"https:\/\/candas365.es\/noticias\/como-la-digitalizacion-transforma-a-las-pymes-en-candas\/#mainImage","width":1063,"height":556,"caption":"Foto: 123rf.com"},"primaryImageOfPage":{"@id":"https:\/\/candas365.es\/noticias\/como-la-digitalizacion-transforma-a-las-pymes-en-candas\/#mainImage"},"datePublished":"2025-09-17T20:29:30+02:00","dateModified":"2025-09-17T20:29:30+02:00"},{"@type":"WebSite","@id":"https:\/\/candas365.es\/noticias\/#website","url":"https:\/\/candas365.es\/noticias\/","name":"Cand\u00e1s 365","alternateName":"Cand\u00e1s 365 Noticias","description":"Actualidad desde Carre\u00f1o para el mundo","inLanguage":"es-ES","publisher":{"@id":"https:\/\/candas365.es\/noticias\/#organization"}}]},"og:locale":"es_ES","og:site_name":"Cand\u00e1s 365","og:type":"article","og:title":"C\u00f3mo la digitalizaci\u00f3n transforma a las pymes en Cand\u00e1s | Cand\u00e1s 365","og:description":"La digitalizaci\u00f3n ha dejado de ser una opci\u00f3n para convertirse en una necesidad urgente para las peque\u00f1as y medianas empresas (pymes) de Cand\u00e1s","og:url":"https:\/\/candas365.es\/noticias\/como-la-digitalizacion-transforma-a-las-pymes-en-candas\/","og:image":"https:\/\/candas365.es\/noticias\/wp-content\/uploads\/2025\/09\/digitalizacion-pymes-en-Candas.jpg","og:image:secure_url":"https:\/\/candas365.es\/noticias\/wp-content\/uploads\/2025\/09\/digitalizacion-pymes-en-Candas.jpg","og:image:width":1063,"og:image:height":556,"article:published_time":"2025-09-17T18:29:30+00:00","article:modified_time":"2025-09-17T18:29:30+00:00","article:publisher":"https:\/\/www.facebook.com\/Nachofdezber","article:author":"https:\/\/www.facebook.com\/carrenoactualidad","twitter:card":"summary_large_image","twitter:site":"@NabercoDigital","twitter:title":"C\u00f3mo la digitalizaci\u00f3n transforma a las pymes en Cand\u00e1s | Cand\u00e1s 365","twitter:description":"La digitalizaci\u00f3n ha dejado de ser una opci\u00f3n para convertirse en una necesidad urgente para las peque\u00f1as y medianas empresas (pymes) de Cand\u00e1s","twitter:creator":"@nbasturias","twitter:image":"https:\/\/candas365.es\/noticias\/wp-content\/uploads\/2025\/09\/digitalizacion-pymes-en-Candas.jpg","twitter:label1":"Escrito por","twitter:data1":"Cand\u00e1s 365","twitter:label2":"Tiempo de lectura estimado","twitter:data2":"2 minutos"},"aioseo_meta_data":{"post_id":"187782","title":null,"description":"La digitalizaci\u00f3n ha dejado de ser una opci\u00f3n para convertirse en una necesidad urgente para las peque\u00f1as y medianas empresas (pymes) de Cand\u00e1s","keywords":null,"keyphrases":{"focus":{"keyphrase":"Cand\u00e1s","score":78,"analysis":{"keyphraseInTitle":{"score":9,"maxScore":9,"error":0},"keyphraseInDescription":{"score":9,"maxScore":9,"error":0},"keyphraseLength":{"score":9,"maxScore":9,"error":0,"length":2},"keyphraseInURL":{"score":5,"maxScore":5,"error":0},"keyphraseInIntroduction":{"score":9,"maxScore":9,"error":0},"keyphraseInSubHeadings":{"score":3,"maxScore":9,"error":1},"keyphraseInImageAlt":{"score":9,"maxScore":9,"error":0},"keywordDensity":{"score":0,"type":"low","maxScore":9,"error":1}}},"additional":[{"keyphrase":"digitalizaci\u00f3n","score":100,"analysis":{"keyphraseInDescription":{"score":9,"maxScore":9,"error":0},"keyphraseLength":{"score":9,"maxScore":9,"error":0,"length":2},"keyphraseInIntroduction":{"score":9,"maxScore":9,"error":0},"keyphraseInImageAlt":{"score":9,"maxScore":9,"error":0},"keywordDensity":{"type":"best","score":9,"maxScore":9,"error":0}}}]},"primary_term":null,"canonical_url":null,"og_title":null,"og_description":null,"og_object_type":"default","og_image_type":"default","og_image_url":null,"og_image_width":null,"og_image_height":null,"og_image_custom_url":null,"og_image_custom_fields":null,"og_video":"","og_custom_url":null,"og_article_section":null,"og_article_tags":null,"twitter_use_og":false,"twitter_card":"default","twitter_image_type":"default","twitter_image_url":null,"twitter_image_custom_url":null,"twitter_image_custom_fields":null,"twitter_title":null,"twitter_description":null,"schema":{"blockGraphs":[],"customGraphs":[],"default":{"data":{"Article":[],"Course":[],"Dataset":[],"FAQPage":[],"Movie":[],"Person":[],"Product":[],"ProductReview":[],"Car":[],"Recipe":[],"Service":[],"SoftwareApplication":[],"WebPage":[]},"graphName":"Article","isEnabled":true},"graphs":[]},"schema_type":"default","schema_type_options":null,"pillar_content":false,"robots_default":true,"robots_noindex":false,"robots_noarchive":false,"robots_nosnippet":false,"robots_nofollow":false,"robots_noimageindex":false,"robots_noodp":false,"robots_notranslate":false,"robots_max_snippet":"-1","robots_max_videopreview":"-1","robots_max_imagepreview":"large","priority":null,"frequency":"default","location":null,"local_seo":null,"seo_analyzer_scan_date":"2025-09-17 18:29:35","breadcrumb_settings":null,"limit_modified_date":false,"reviewed_by":null,"open_ai":null,"ai":{"faqs":[],"keyPoints":[],"titles":[],"descriptions":[],"socialPosts":{"email":[],"linkedin":[],"twitter":[],"facebook":[],"instagram":[]}},"created":"2025-09-17 18:19:08","updated":"2025-09-17 18:41:15"},"aioseo_breadcrumb":"<div class=\"aioseo-breadcrumbs\"><span class=\"aioseo-breadcrumb\">\n\t<a href=\"https:\/\/candas365.es\/noticias\" title=\"Home\">Home<\/a>\n<\/span><span class=\"aioseo-breadcrumb-separator\">&ndash;<\/span><span class=\"aioseo-breadcrumb\">\n\t<a href=\"https:\/\/candas365.es\/noticias\/category\/noticias-carreno\/\" title=\"Noticias Carre\u00f1o\">Noticias Carre\u00f1o<\/a>\n<\/span><span class=\"aioseo-breadcrumb-separator\">&ndash;<\/span><span class=\"aioseo-breadcrumb\">\n\tC\u00f3mo la digitalizaci\u00f3n transforma a las pymes en Cand\u00e1s\n<\/span><\/div>","aioseo_breadcrumb_json":[{"label":"Home","link":"https:\/\/candas365.es\/noticias"},{"label":"Noticias Carre\u00f1o","link":"https:\/\/candas365.es\/noticias\/category\/noticias-carreno\/"},{"label":"C\u00f3mo la digitalizaci\u00f3n transforma a las pymes en Cand\u00e1s","link":"https:\/\/candas365.es\/noticias\/como-la-digitalizacion-transforma-a-las-pymes-en-candas\/"}],"_links":{"self":[{"href":"https:\/\/candas365.es\/noticias\/wp-json\/wp\/v2\/posts\/187782","targetHints":{"allow":["GET"]}}],"collection":[{"href":"https:\/\/candas365.es\/noticias\/wp-json\/wp\/v2\/posts"}],"about":[{"href":"https:\/\/candas365.es\/noticias\/wp-json\/wp\/v2\/types\/post"}],"author":[{"embeddable":true,"href":"https:\/\/candas365.es\/noticias\/wp-json\/wp\/v2\/users\/1"}],"replies":[{"embeddable":true,"href":"https:\/\/candas365.es\/noticias\/wp-json\/wp\/v2\/comments?post=187782"}],"version-history":[{"count":0,"href":"https:\/\/candas365.es\/noticias\/wp-json\/wp\/v2\/posts\/187782\/revisions"}],"wp:featuredmedia":[{"embeddable":true,"href":"https:\/\/candas365.es\/noticias\/wp-json\/wp\/v2\/media\/187783"}],"wp:attachment":[{"href":"https:\/\/candas365.es\/noticias\/wp-json\/wp\/v2\/media?parent=187782"}],"wp:term":[{"taxonomy":"category","embeddable":true,"href":"https:\/\/candas365.es\/noticias\/wp-json\/wp\/v2\/categories?post=187782"},{"taxonomy":"post_tag","embeddable":true,"href":"https:\/\/candas365.es\/noticias\/wp-json\/wp\/v2\/tags?post=187782"}],"curies":[{"name":"wp","href":"https:\/\/api.w.org\/{rel}","templated":true}]}}