{"id":187778,"date":"2025-09-17T15:23:42","date_gmt":"2025-09-17T13:23:42","guid":{"rendered":"https:\/\/candas365.es\/noticias\/?p=187778"},"modified":"2025-09-17T15:23:42","modified_gmt":"2025-09-17T13:23:42","slug":"entrevista-y-solidaridad-de-los-integrantes-del-cai-de-candas","status":"publish","type":"post","link":"https:\/\/candas365.es\/noticias\/entrevista-y-solidaridad-de-los-integrantes-del-cai-de-candas\/","title":{"rendered":"Entrevista y solidaridad de los integrantes del CAI de Cand\u00e1s"},"content":{"rendered":"<p>El 17 septiembre de 2025 los integrantes del CAI de <a href=\"https:\/\/candas365.es\/noticias\/category\/noticias-carreno\/\"><span style=\"color: #ff6600;\"><strong>Cand\u00e1s<\/strong><\/span><\/a> realizaron un nuevo programa de radio y una entrevista a la presidenta de la ONG gijonesa Ning\u00fan Ni\u00f1o Sin Cenar.<\/p>\n<figure id=\"attachment_187779\" aria-describedby=\"caption-attachment-187779\" style=\"width: 650px\" class=\"wp-caption aligncenter\"><img fetchpriority=\"high\" decoding=\"async\" class=\"size-large wp-image-187779\" src=\"https:\/\/candas365.es\/noticias\/wp-content\/uploads\/2025\/09\/CAI-Candas-650x444.jpg\" alt=\"CAI Cand\u00e1s\" width=\"650\" height=\"444\" srcset=\"https:\/\/candas365.es\/noticias\/wp-content\/uploads\/2025\/09\/CAI-Candas-650x444.jpg 650w, https:\/\/candas365.es\/noticias\/wp-content\/uploads\/2025\/09\/CAI-Candas-360x246.jpg 360w, https:\/\/candas365.es\/noticias\/wp-content\/uploads\/2025\/09\/CAI-Candas-768x524.jpg 768w, https:\/\/candas365.es\/noticias\/wp-content\/uploads\/2025\/09\/CAI-Candas-150x102.jpg 150w, https:\/\/candas365.es\/noticias\/wp-content\/uploads\/2025\/09\/CAI-Candas-450x307.jpg 450w, https:\/\/candas365.es\/noticias\/wp-content\/uploads\/2025\/09\/CAI-Candas.jpg 1072w\" sizes=\"(max-width: 650px) 100vw, 650px\" \/><figcaption id=\"caption-attachment-187779\" class=\"wp-caption-text\">Foto cedida por CAI Cand\u00e1s<\/figcaption><\/figure>\n<p>El Centro de Apoyo a la Integraci\u00f3n (CAI) de Cand\u00e1s, que gestiona la Fundaci\u00f3n FASAD, vivi\u00f3 hoy una jornada especial junto al CAI Villalegre, en el marco de un nuevo programa de radio compartido. La cita cont\u00f3 con la presencia de Blanca Men\u00e9ndez, presidenta de la ONG gijonesa Ning\u00fan Ni\u00f1o Sin Cenar, una entidad dedicada a la protecci\u00f3n y ayuda a la infancia que atiende a familias en situaci\u00f3n de vulnerabilidad mediante la entrega de alimentos, ropa, calzado, productos de higiene, juguetes y material escolar.<\/p>\n<p>Durante la entrevista, las personas usuarias de ambos centros realizaron preguntas previamente preparadas. A trav\u00e9s de ellas, Blanca Men\u00e9ndez explic\u00f3:<\/p>\n<ul>\n<li>C\u00f3mo y por qu\u00e9 naci\u00f3 la iniciativa, y cu\u00e1l fue la necesidad que motiv\u00f3 la creaci\u00f3n de la ONG.<\/li>\n<li>La misi\u00f3n principal de la organizaci\u00f3n, centrada en garantizar que ning\u00fan ni\u00f1o se acueste sin cenar.<\/li>\n<li>El funcionamiento de los programas de apoyo, que incluyen no solo la entrega de alimentos, sino tambi\u00e9n acompa\u00f1amiento y apoyo escolar, psicol\u00f3gico y social.<\/li>\n<li>Los retos y aprendizajes que han surgido en el trabajo con familias y comunidades, especialmente en el contexto de la actual situaci\u00f3n econ\u00f3mica.<\/li>\n<li>Los proyectos de futuro de la entidad y las necesidades m\u00e1s urgentes para poder continuar con su labor.<\/li>\n<li>Un mensaje final a la sociedad, recordando la importancia de la solidaridad y la colaboraci\u00f3n ciudadana para combatir la inseguridad alimentaria infantil.<\/li>\n<\/ul>\n<p><strong>La participaci\u00f3n se desarroll\u00f3 en un formato h\u00edbrido: mientras en Cand\u00e1s se realizaba la entrevista presencial, los compa\u00f1eros y las compa\u00f1eras de Villalegre intervinieron en directo a trav\u00e9s de Teams,<\/strong> compartiendo preguntas y reflexiones.<\/p>\n<p>Al t\u00e9rmino del programa, se hizo entrega a la ONG de un donativo solidario procedente del porcentaje de ventas de la cooperativa del CAI Cand\u00e1s \u201cMundo Arte\u201d. <strong>La decisi\u00f3n de destinar esta aportaci\u00f3n anual a Ning\u00fan Ni\u00f1o Sin Cenar fue tomada de manera consensuada por sus integrantes tras el mercado celebrado en Gij\u00f3n.<\/strong><\/p>\n<p>Este encuentro supone un ejemplo de solidaridad, participaci\u00f3n e implicaci\u00f3n comunitaria, mostrando el valor de la colaboraci\u00f3n entre entidades sociales y la importancia de apoyar iniciativas que trabajan por la infancia m\u00e1s vulnerable.<\/p>\n","protected":false},"excerpt":{"rendered":"<p>El 17 septiembre de 2025 los integrantes del CAI de Cand\u00e1s realizaron un nuevo programa de radio y una entrevista a la presidenta de la ONG gijonesa Ning\u00fan Ni\u00f1o Sin Cenar. El Centro de Apoyo a la Integraci\u00f3n (CAI) de Cand\u00e1s, que gestiona la Fundaci\u00f3n FASAD, vivi\u00f3 hoy una jornada especial junto al CAI Villalegre,<\/p>\n","protected":false},"author":1,"featured_media":187779,"comment_status":"closed","ping_status":"closed","sticky":false,"template":"","format":"standard","meta":{"footnotes":""},"categories":[2],"tags":[366,365],"class_list":{"0":"post-187778","1":"post","2":"type-post","3":"status-publish","4":"format-standard","5":"has-post-thumbnail","7":"category-noticias-carreno","8":"tag-candas","9":"tag-carreno"},"aioseo_notices":[],"aioseo_head":"\n\t\t<!-- All in One SEO Pro 4.9.6.2 - aioseo.com -->\n\t<meta name=\"description\" content=\"El 17 septiembre de 2025 los integrantes del CAI de Cand\u00e1s realizaron un nuevo programa de radio y una entrevista a la presidenta de la ONG gijonesa\" \/>\n\t<meta name=\"robots\" content=\"max-image-preview:large\" \/>\n\t<meta name=\"author\" content=\"Cand\u00e1s 365\"\/>\n\t<meta name=\"google-site-verification\" content=\"UA-32230408-1\" \/>\n\t<meta name=\"msvalidate.01\" content=\"354F3CDFB2DA171B47FBE9ABF1F88D5\" \/>\n\t<meta name=\"keywords\" content=\"noticias carre\u00f1o\" \/>\n\t<link rel=\"canonical\" href=\"https:\/\/candas365.es\/noticias\/entrevista-y-solidaridad-de-los-integrantes-del-cai-de-candas\/\" \/>\n\t<meta name=\"generator\" content=\"All in One SEO Pro (AIOSEO) 4.9.6.2\" \/>\n\t\t<meta property=\"og:locale\" content=\"es_ES\" \/>\n\t\t<meta property=\"og:site_name\" content=\"Cand\u00e1s 365\" \/>\n\t\t<meta property=\"og:type\" content=\"article\" \/>\n\t\t<meta property=\"og:title\" content=\"Entrevista y solidaridad de los integrantes del CAI de Cand\u00e1s | Cand\u00e1s 365\" \/>\n\t\t<meta property=\"og:description\" content=\"El 17 septiembre de 2025 los integrantes del CAI de Cand\u00e1s realizaron un nuevo programa de radio y una entrevista a la presidenta de la ONG gijonesa\" \/>\n\t\t<meta property=\"og:url\" content=\"https:\/\/candas365.es\/noticias\/entrevista-y-solidaridad-de-los-integrantes-del-cai-de-candas\/\" \/>\n\t\t<meta property=\"og:image\" content=\"https:\/\/candas365.es\/noticias\/wp-content\/uploads\/2025\/09\/CAI-Candas.jpg\" \/>\n\t\t<meta property=\"og:image:secure_url\" content=\"https:\/\/candas365.es\/noticias\/wp-content\/uploads\/2025\/09\/CAI-Candas.jpg\" \/>\n\t\t<meta property=\"og:image:width\" content=\"1072\" \/>\n\t\t<meta property=\"og:image:height\" content=\"732\" \/>\n\t\t<meta property=\"article:published_time\" content=\"2025-09-17T13:23:42+00:00\" \/>\n\t\t<meta property=\"article:modified_time\" content=\"2025-09-17T13:23:42+00:00\" \/>\n\t\t<meta property=\"article:publisher\" content=\"https:\/\/www.facebook.com\/Nachofdezber\" \/>\n\t\t<meta property=\"article:author\" content=\"https:\/\/www.facebook.com\/carrenoactualidad\" \/>\n\t\t<meta name=\"twitter:card\" content=\"summary_large_image\" \/>\n\t\t<meta name=\"twitter:site\" content=\"@NabercoDigital\" \/>\n\t\t<meta name=\"twitter:title\" content=\"Entrevista y solidaridad de los integrantes del CAI de Cand\u00e1s | Cand\u00e1s 365\" \/>\n\t\t<meta name=\"twitter:description\" content=\"El 17 septiembre de 2025 los integrantes del CAI de Cand\u00e1s realizaron un nuevo programa de radio y una entrevista a la presidenta de la ONG gijonesa\" \/>\n\t\t<meta name=\"twitter:creator\" content=\"@nbasturias\" \/>\n\t\t<meta name=\"twitter:image\" content=\"https:\/\/candas365.es\/noticias\/wp-content\/uploads\/2025\/09\/CAI-Candas.jpg\" \/>\n\t\t<meta name=\"twitter:label1\" content=\"Escrito por\" \/>\n\t\t<meta name=\"twitter:data1\" content=\"Cand\u00e1s 365\" \/>\n\t\t<meta name=\"twitter:label2\" content=\"Tiempo de lectura estimado\" \/>\n\t\t<meta name=\"twitter:data2\" content=\"2 minutos\" \/>\n\t\t<script type=\"application\/ld+json\" class=\"aioseo-schema\">\n\t\t\t{\"@context\":\"https:\\\/\\\/schema.org\",\"@graph\":[{\"@type\":\"BreadcrumbList\",\"@id\":\"https:\\\/\\\/candas365.es\\\/noticias\\\/entrevista-y-solidaridad-de-los-integrantes-del-cai-de-candas\\\/#breadcrumblist\",\"itemListElement\":[{\"@type\":\"ListItem\",\"@id\":\"https:\\\/\\\/candas365.es\\\/noticias#listItem\",\"position\":1,\"name\":\"Home\",\"item\":\"https:\\\/\\\/candas365.es\\\/noticias\",\"nextItem\":{\"@type\":\"ListItem\",\"@id\":\"https:\\\/\\\/candas365.es\\\/noticias\\\/category\\\/noticias-carreno\\\/#listItem\",\"name\":\"Noticias Carre\\u00f1o\"}},{\"@type\":\"ListItem\",\"@id\":\"https:\\\/\\\/candas365.es\\\/noticias\\\/category\\\/noticias-carreno\\\/#listItem\",\"position\":2,\"name\":\"Noticias Carre\\u00f1o\",\"item\":\"https:\\\/\\\/candas365.es\\\/noticias\\\/category\\\/noticias-carreno\\\/\",\"nextItem\":{\"@type\":\"ListItem\",\"@id\":\"https:\\\/\\\/candas365.es\\\/noticias\\\/entrevista-y-solidaridad-de-los-integrantes-del-cai-de-candas\\\/#listItem\",\"name\":\"Entrevista y solidaridad de los integrantes del CAI de Cand\\u00e1s\"},\"previousItem\":{\"@type\":\"ListItem\",\"@id\":\"https:\\\/\\\/candas365.es\\\/noticias#listItem\",\"name\":\"Home\"}},{\"@type\":\"ListItem\",\"@id\":\"https:\\\/\\\/candas365.es\\\/noticias\\\/entrevista-y-solidaridad-de-los-integrantes-del-cai-de-candas\\\/#listItem\",\"position\":3,\"name\":\"Entrevista y solidaridad de los integrantes del CAI de Cand\\u00e1s\",\"previousItem\":{\"@type\":\"ListItem\",\"@id\":\"https:\\\/\\\/candas365.es\\\/noticias\\\/category\\\/noticias-carreno\\\/#listItem\",\"name\":\"Noticias Carre\\u00f1o\"}}]},{\"@type\":\"NewsArticle\",\"@id\":\"https:\\\/\\\/candas365.es\\\/noticias\\\/entrevista-y-solidaridad-de-los-integrantes-del-cai-de-candas\\\/#newsarticle\",\"name\":\"Entrevista y solidaridad de los integrantes del CAI de Cand\\u00e1s | Cand\\u00e1s 365\",\"headline\":\"Entrevista y solidaridad de los integrantes del CAI de Cand\\u00e1s\",\"author\":{\"@id\":\"https:\\\/\\\/candas365.es\\\/noticias\\\/author\\\/admin\\\/#author\"},\"publisher\":{\"@id\":\"https:\\\/\\\/candas365.es\\\/noticias\\\/#organization\"},\"image\":{\"@type\":\"ImageObject\",\"url\":\"https:\\\/\\\/candas365.es\\\/noticias\\\/wp-content\\\/uploads\\\/2025\\\/09\\\/CAI-Candas.jpg\",\"width\":1072,\"height\":732,\"caption\":\"Foto cedida por CAI Cand\\u00e1s\"},\"datePublished\":\"2025-09-17T15:23:42+02:00\",\"dateModified\":\"2025-09-17T15:23:42+02:00\",\"inLanguage\":\"es-ES\",\"mainEntityOfPage\":{\"@id\":\"https:\\\/\\\/candas365.es\\\/noticias\\\/entrevista-y-solidaridad-de-los-integrantes-del-cai-de-candas\\\/#webpage\"},\"isPartOf\":{\"@id\":\"https:\\\/\\\/candas365.es\\\/noticias\\\/entrevista-y-solidaridad-de-los-integrantes-del-cai-de-candas\\\/#webpage\"},\"articleSection\":\"Noticias Carre\\u00f1o, Cand\\u00e1s, Carre\\u00f1o\",\"dateline\":\"Publicado el septiembre 17, 2025.\"},{\"@type\":\"Organization\",\"@id\":\"https:\\\/\\\/candas365.es\\\/noticias\\\/#organization\",\"name\":\"Cand\\u00e1s 365\",\"description\":\"Cand\\u00e1s 365 es un diario digital independiente, fundado en 2012, con base en Asturias. Informamos con rigor sobre actualidad, sociedad, cultura y ocio, con una mirada local y global.\",\"url\":\"https:\\\/\\\/candas365.es\\\/noticias\\\/\",\"email\":\"info@candas365.es\",\"telephone\":\"+34652131393\",\"foundingDate\":\"2012-06-10\",\"logo\":{\"@type\":\"ImageObject\",\"url\":\"https:\\\/\\\/candas365.es\\\/noticias\\\/wp-content\\\/uploads\\\/2024\\\/09\\\/Candas-365-Redes.jpg\",\"@id\":\"https:\\\/\\\/candas365.es\\\/noticias\\\/entrevista-y-solidaridad-de-los-integrantes-del-cai-de-candas\\\/#organizationLogo\",\"width\":1152,\"height\":864,\"caption\":\"Cand\\u00e1s 365 Redes\"},\"image\":{\"@id\":\"https:\\\/\\\/candas365.es\\\/noticias\\\/entrevista-y-solidaridad-de-los-integrantes-del-cai-de-candas\\\/#organizationLogo\"},\"sameAs\":[\"https:\\\/\\\/www.facebook.com\\\/Nachofdezber\",\"https:\\\/\\\/x.com\\\/NabercoDigital\",\"https:\\\/\\\/www.instagram.com\\\/nachofdezber\\\/\",\"https:\\\/\\\/www.youtube.com\\\/channel\\\/UCZP-2wLEB9Rv6erhFmqVnvg\"],\"address\":{\"@id\":\"https:\\\/\\\/candas365.es\\\/noticias\\\/#postaladdress\",\"@type\":\"PostalAddress\",\"streetAddress\":\"san antonio 4, san antonio 4\",\"postalCode\":\"33430\",\"addressLocality\":\"Cand\\u00e1s\",\"addressRegion\":\"Asturias\",\"addressCountry\":\"ES\"}},{\"@type\":\"Person\",\"@id\":\"https:\\\/\\\/candas365.es\\\/noticias\\\/author\\\/admin\\\/#author\",\"url\":\"https:\\\/\\\/candas365.es\\\/noticias\\\/author\\\/admin\\\/\",\"name\":\"Cand\\u00e1s 365\",\"image\":{\"@type\":\"ImageObject\",\"@id\":\"https:\\\/\\\/candas365.es\\\/noticias\\\/entrevista-y-solidaridad-de-los-integrantes-del-cai-de-candas\\\/#authorImage\",\"url\":\"https:\\\/\\\/secure.gravatar.com\\\/avatar\\\/496a8e03d0c493ede1718b7934145dbdf8d89be1036b0eec9544e1094c9de390?s=96&d=mm&r=g\",\"width\":96,\"height\":96,\"caption\":\"Cand\\u00e1s 365\"},\"sameAs\":[\"https:\\\/\\\/www.facebook.com\\\/carrenoactualidad\",\"https:\\\/\\\/twitter.com\\\/nbasturias\",\"https:\\\/\\\/www.instagram.com\\\/nachofdezber\\\/\",\"https:\\\/\\\/www.youtube.com\\\/channel\\\/UCZP-2wLEB9Rv6erhFmqVnvg\"]},{\"@type\":\"WebPage\",\"@id\":\"https:\\\/\\\/candas365.es\\\/noticias\\\/entrevista-y-solidaridad-de-los-integrantes-del-cai-de-candas\\\/#webpage\",\"url\":\"https:\\\/\\\/candas365.es\\\/noticias\\\/entrevista-y-solidaridad-de-los-integrantes-del-cai-de-candas\\\/\",\"name\":\"Entrevista y solidaridad de los integrantes del CAI de Cand\\u00e1s | Cand\\u00e1s 365\",\"description\":\"El 17 septiembre de 2025 los integrantes del CAI de Cand\\u00e1s realizaron un nuevo programa de radio y una entrevista a la presidenta de la ONG gijonesa\",\"inLanguage\":\"es-ES\",\"isPartOf\":{\"@id\":\"https:\\\/\\\/candas365.es\\\/noticias\\\/#website\"},\"breadcrumb\":{\"@id\":\"https:\\\/\\\/candas365.es\\\/noticias\\\/entrevista-y-solidaridad-de-los-integrantes-del-cai-de-candas\\\/#breadcrumblist\"},\"author\":{\"@id\":\"https:\\\/\\\/candas365.es\\\/noticias\\\/author\\\/admin\\\/#author\"},\"creator\":{\"@id\":\"https:\\\/\\\/candas365.es\\\/noticias\\\/author\\\/admin\\\/#author\"},\"image\":{\"@type\":\"ImageObject\",\"url\":\"https:\\\/\\\/candas365.es\\\/noticias\\\/wp-content\\\/uploads\\\/2025\\\/09\\\/CAI-Candas.jpg\",\"@id\":\"https:\\\/\\\/candas365.es\\\/noticias\\\/entrevista-y-solidaridad-de-los-integrantes-del-cai-de-candas\\\/#mainImage\",\"width\":1072,\"height\":732,\"caption\":\"Foto cedida por CAI Cand\\u00e1s\"},\"primaryImageOfPage\":{\"@id\":\"https:\\\/\\\/candas365.es\\\/noticias\\\/entrevista-y-solidaridad-de-los-integrantes-del-cai-de-candas\\\/#mainImage\"},\"datePublished\":\"2025-09-17T15:23:42+02:00\",\"dateModified\":\"2025-09-17T15:23:42+02:00\"},{\"@type\":\"WebSite\",\"@id\":\"https:\\\/\\\/candas365.es\\\/noticias\\\/#website\",\"url\":\"https:\\\/\\\/candas365.es\\\/noticias\\\/\",\"name\":\"Cand\\u00e1s 365\",\"alternateName\":\"Cand\\u00e1s 365 Noticias\",\"description\":\"Actualidad desde Carre\\u00f1o para el mundo\",\"inLanguage\":\"es-ES\",\"publisher\":{\"@id\":\"https:\\\/\\\/candas365.es\\\/noticias\\\/#organization\"}}]}\n\t\t<\/script>\n\t\t<!-- All in One SEO Pro -->\r\n\t\t<title>Entrevista y solidaridad de los integrantes del CAI de Cand\u00e1s | Cand\u00e1s 365<\/title>\n\n","aioseo_head_json":{"title":"Entrevista y solidaridad de los integrantes del CAI de Cand\u00e1s | Cand\u00e1s 365","description":"El 17 septiembre de 2025 los integrantes del CAI de Cand\u00e1s realizaron un nuevo programa de radio y una entrevista a la presidenta de la ONG gijonesa","canonical_url":"https:\/\/candas365.es\/noticias\/entrevista-y-solidaridad-de-los-integrantes-del-cai-de-candas\/","robots":"max-image-preview:large","keywords":"noticias carre\u00f1o","webmasterTools":{"google-site-verification":"UA-32230408-1","msvalidate.01":"354F3CDFB2DA171B47FBE9ABF1F88D5","miscellaneous":""},"schema":{"@context":"https:\/\/schema.org","@graph":[{"@type":"BreadcrumbList","@id":"https:\/\/candas365.es\/noticias\/entrevista-y-solidaridad-de-los-integrantes-del-cai-de-candas\/#breadcrumblist","itemListElement":[{"@type":"ListItem","@id":"https:\/\/candas365.es\/noticias#listItem","position":1,"name":"Home","item":"https:\/\/candas365.es\/noticias","nextItem":{"@type":"ListItem","@id":"https:\/\/candas365.es\/noticias\/category\/noticias-carreno\/#listItem","name":"Noticias Carre\u00f1o"}},{"@type":"ListItem","@id":"https:\/\/candas365.es\/noticias\/category\/noticias-carreno\/#listItem","position":2,"name":"Noticias Carre\u00f1o","item":"https:\/\/candas365.es\/noticias\/category\/noticias-carreno\/","nextItem":{"@type":"ListItem","@id":"https:\/\/candas365.es\/noticias\/entrevista-y-solidaridad-de-los-integrantes-del-cai-de-candas\/#listItem","name":"Entrevista y solidaridad de los integrantes del CAI de Cand\u00e1s"},"previousItem":{"@type":"ListItem","@id":"https:\/\/candas365.es\/noticias#listItem","name":"Home"}},{"@type":"ListItem","@id":"https:\/\/candas365.es\/noticias\/entrevista-y-solidaridad-de-los-integrantes-del-cai-de-candas\/#listItem","position":3,"name":"Entrevista y solidaridad de los integrantes del CAI de Cand\u00e1s","previousItem":{"@type":"ListItem","@id":"https:\/\/candas365.es\/noticias\/category\/noticias-carreno\/#listItem","name":"Noticias Carre\u00f1o"}}]},{"@type":"NewsArticle","@id":"https:\/\/candas365.es\/noticias\/entrevista-y-solidaridad-de-los-integrantes-del-cai-de-candas\/#newsarticle","name":"Entrevista y solidaridad de los integrantes del CAI de Cand\u00e1s | Cand\u00e1s 365","headline":"Entrevista y solidaridad de los integrantes del CAI de Cand\u00e1s","author":{"@id":"https:\/\/candas365.es\/noticias\/author\/admin\/#author"},"publisher":{"@id":"https:\/\/candas365.es\/noticias\/#organization"},"image":{"@type":"ImageObject","url":"https:\/\/candas365.es\/noticias\/wp-content\/uploads\/2025\/09\/CAI-Candas.jpg","width":1072,"height":732,"caption":"Foto cedida por CAI Cand\u00e1s"},"datePublished":"2025-09-17T15:23:42+02:00","dateModified":"2025-09-17T15:23:42+02:00","inLanguage":"es-ES","mainEntityOfPage":{"@id":"https:\/\/candas365.es\/noticias\/entrevista-y-solidaridad-de-los-integrantes-del-cai-de-candas\/#webpage"},"isPartOf":{"@id":"https:\/\/candas365.es\/noticias\/entrevista-y-solidaridad-de-los-integrantes-del-cai-de-candas\/#webpage"},"articleSection":"Noticias Carre\u00f1o, Cand\u00e1s, Carre\u00f1o","dateline":"Publicado el septiembre 17, 2025."},{"@type":"Organization","@id":"https:\/\/candas365.es\/noticias\/#organization","name":"Cand\u00e1s 365","description":"Cand\u00e1s 365 es un diario digital independiente, fundado en 2012, con base en Asturias. Informamos con rigor sobre actualidad, sociedad, cultura y ocio, con una mirada local y global.","url":"https:\/\/candas365.es\/noticias\/","email":"info@candas365.es","telephone":"+34652131393","foundingDate":"2012-06-10","logo":{"@type":"ImageObject","url":"https:\/\/candas365.es\/noticias\/wp-content\/uploads\/2024\/09\/Candas-365-Redes.jpg","@id":"https:\/\/candas365.es\/noticias\/entrevista-y-solidaridad-de-los-integrantes-del-cai-de-candas\/#organizationLogo","width":1152,"height":864,"caption":"Cand\u00e1s 365 Redes"},"image":{"@id":"https:\/\/candas365.es\/noticias\/entrevista-y-solidaridad-de-los-integrantes-del-cai-de-candas\/#organizationLogo"},"sameAs":["https:\/\/www.facebook.com\/Nachofdezber","https:\/\/x.com\/NabercoDigital","https:\/\/www.instagram.com\/nachofdezber\/","https:\/\/www.youtube.com\/channel\/UCZP-2wLEB9Rv6erhFmqVnvg"],"address":{"@id":"https:\/\/candas365.es\/noticias\/#postaladdress","@type":"PostalAddress","streetAddress":"san antonio 4, san antonio 4","postalCode":"33430","addressLocality":"Cand\u00e1s","addressRegion":"Asturias","addressCountry":"ES"}},{"@type":"Person","@id":"https:\/\/candas365.es\/noticias\/author\/admin\/#author","url":"https:\/\/candas365.es\/noticias\/author\/admin\/","name":"Cand\u00e1s 365","image":{"@type":"ImageObject","@id":"https:\/\/candas365.es\/noticias\/entrevista-y-solidaridad-de-los-integrantes-del-cai-de-candas\/#authorImage","url":"https:\/\/secure.gravatar.com\/avatar\/496a8e03d0c493ede1718b7934145dbdf8d89be1036b0eec9544e1094c9de390?s=96&d=mm&r=g","width":96,"height":96,"caption":"Cand\u00e1s 365"},"sameAs":["https:\/\/www.facebook.com\/carrenoactualidad","https:\/\/twitter.com\/nbasturias","https:\/\/www.instagram.com\/nachofdezber\/","https:\/\/www.youtube.com\/channel\/UCZP-2wLEB9Rv6erhFmqVnvg"]},{"@type":"WebPage","@id":"https:\/\/candas365.es\/noticias\/entrevista-y-solidaridad-de-los-integrantes-del-cai-de-candas\/#webpage","url":"https:\/\/candas365.es\/noticias\/entrevista-y-solidaridad-de-los-integrantes-del-cai-de-candas\/","name":"Entrevista y solidaridad de los integrantes del CAI de Cand\u00e1s | Cand\u00e1s 365","description":"El 17 septiembre de 2025 los integrantes del CAI de Cand\u00e1s realizaron un nuevo programa de radio y una entrevista a la presidenta de la ONG gijonesa","inLanguage":"es-ES","isPartOf":{"@id":"https:\/\/candas365.es\/noticias\/#website"},"breadcrumb":{"@id":"https:\/\/candas365.es\/noticias\/entrevista-y-solidaridad-de-los-integrantes-del-cai-de-candas\/#breadcrumblist"},"author":{"@id":"https:\/\/candas365.es\/noticias\/author\/admin\/#author"},"creator":{"@id":"https:\/\/candas365.es\/noticias\/author\/admin\/#author"},"image":{"@type":"ImageObject","url":"https:\/\/candas365.es\/noticias\/wp-content\/uploads\/2025\/09\/CAI-Candas.jpg","@id":"https:\/\/candas365.es\/noticias\/entrevista-y-solidaridad-de-los-integrantes-del-cai-de-candas\/#mainImage","width":1072,"height":732,"caption":"Foto cedida por CAI Cand\u00e1s"},"primaryImageOfPage":{"@id":"https:\/\/candas365.es\/noticias\/entrevista-y-solidaridad-de-los-integrantes-del-cai-de-candas\/#mainImage"},"datePublished":"2025-09-17T15:23:42+02:00","dateModified":"2025-09-17T15:23:42+02:00"},{"@type":"WebSite","@id":"https:\/\/candas365.es\/noticias\/#website","url":"https:\/\/candas365.es\/noticias\/","name":"Cand\u00e1s 365","alternateName":"Cand\u00e1s 365 Noticias","description":"Actualidad desde Carre\u00f1o para el mundo","inLanguage":"es-ES","publisher":{"@id":"https:\/\/candas365.es\/noticias\/#organization"}}]},"og:locale":"es_ES","og:site_name":"Cand\u00e1s 365","og:type":"article","og:title":"Entrevista y solidaridad de los integrantes del CAI de Cand\u00e1s | Cand\u00e1s 365","og:description":"El 17 septiembre de 2025 los integrantes del CAI de Cand\u00e1s realizaron un nuevo programa de radio y una entrevista a la presidenta de la ONG gijonesa","og:url":"https:\/\/candas365.es\/noticias\/entrevista-y-solidaridad-de-los-integrantes-del-cai-de-candas\/","og:image":"https:\/\/candas365.es\/noticias\/wp-content\/uploads\/2025\/09\/CAI-Candas.jpg","og:image:secure_url":"https:\/\/candas365.es\/noticias\/wp-content\/uploads\/2025\/09\/CAI-Candas.jpg","og:image:width":1072,"og:image:height":732,"article:published_time":"2025-09-17T13:23:42+00:00","article:modified_time":"2025-09-17T13:23:42+00:00","article:publisher":"https:\/\/www.facebook.com\/Nachofdezber","article:author":"https:\/\/www.facebook.com\/carrenoactualidad","twitter:card":"summary_large_image","twitter:site":"@NabercoDigital","twitter:title":"Entrevista y solidaridad de los integrantes del CAI de Cand\u00e1s | Cand\u00e1s 365","twitter:description":"El 17 septiembre de 2025 los integrantes del CAI de Cand\u00e1s realizaron un nuevo programa de radio y una entrevista a la presidenta de la ONG gijonesa","twitter:creator":"@nbasturias","twitter:image":"https:\/\/candas365.es\/noticias\/wp-content\/uploads\/2025\/09\/CAI-Candas.jpg","twitter:label1":"Escrito por","twitter:data1":"Cand\u00e1s 365","twitter:label2":"Tiempo de lectura estimado","twitter:data2":"2 minutos"},"aioseo_meta_data":{"post_id":"187778","title":null,"description":"El 17 septiembre de 2025 los integrantes del CAI de Cand\u00e1s realizaron un nuevo programa de radio y una entrevista a la presidenta de la ONG gijonesa","keywords":null,"keyphrases":{"focus":{"keyphrase":"Cand\u00e1s","score":100,"analysis":{"keyphraseInTitle":{"score":9,"maxScore":9,"error":0},"keyphraseInDescription":{"score":9,"maxScore":9,"error":0},"keyphraseLength":{"score":9,"maxScore":9,"error":0,"length":2},"keyphraseInURL":{"score":5,"maxScore":5,"error":0},"keyphraseInIntroduction":{"score":9,"maxScore":9,"error":0},"keyphraseInSubHeadings":[],"keyphraseInImageAlt":{"score":9,"maxScore":9,"error":0},"keywordDensity":{"type":"best","score":9,"maxScore":9,"error":0}}},"additional":[{"keyphrase":"CAI","score":100,"analysis":{"keyphraseInDescription":{"score":9,"maxScore":9,"error":0},"keyphraseLength":{"score":9,"maxScore":9,"error":0,"length":1},"keyphraseInIntroduction":{"score":9,"maxScore":9,"error":0},"keyphraseInImageAlt":{"score":9,"maxScore":9,"error":0},"keywordDensity":{"type":"best","score":9,"maxScore":9,"error":0}}}]},"primary_term":null,"canonical_url":null,"og_title":null,"og_description":null,"og_object_type":"default","og_image_type":"default","og_image_url":null,"og_image_width":null,"og_image_height":null,"og_image_custom_url":null,"og_image_custom_fields":null,"og_video":"","og_custom_url":null,"og_article_section":null,"og_article_tags":null,"twitter_use_og":false,"twitter_card":"default","twitter_image_type":"default","twitter_image_url":null,"twitter_image_custom_url":null,"twitter_image_custom_fields":null,"twitter_title":null,"twitter_description":null,"schema":{"blockGraphs":[],"customGraphs":[],"default":{"data":{"Article":[],"Course":[],"Dataset":[],"FAQPage":[],"Movie":[],"Person":[],"Product":[],"ProductReview":[],"Car":[],"Recipe":[],"Service":[],"SoftwareApplication":[],"WebPage":[]},"graphName":"Article","isEnabled":true},"graphs":[]},"schema_type":"default","schema_type_options":null,"pillar_content":false,"robots_default":true,"robots_noindex":false,"robots_noarchive":false,"robots_nosnippet":false,"robots_nofollow":false,"robots_noimageindex":false,"robots_noodp":false,"robots_notranslate":false,"robots_max_snippet":"-1","robots_max_videopreview":"-1","robots_max_imagepreview":"large","priority":null,"frequency":"default","location":null,"local_seo":null,"seo_analyzer_scan_date":"2025-09-17 13:24:11","breadcrumb_settings":null,"limit_modified_date":false,"reviewed_by":null,"open_ai":null,"ai":{"faqs":[],"keyPoints":[],"titles":[],"descriptions":[],"socialPosts":{"email":[],"linkedin":[],"twitter":[],"facebook":[],"instagram":[]}},"created":"2025-09-17 13:14:27","updated":"2025-09-17 13:24:11"},"aioseo_breadcrumb":"<div class=\"aioseo-breadcrumbs\"><span class=\"aioseo-breadcrumb\">\n\t<a href=\"https:\/\/candas365.es\/noticias\" title=\"Home\">Home<\/a>\n<\/span><span class=\"aioseo-breadcrumb-separator\">&ndash;<\/span><span class=\"aioseo-breadcrumb\">\n\t<a href=\"https:\/\/candas365.es\/noticias\/category\/noticias-carreno\/\" title=\"Noticias Carre\u00f1o\">Noticias Carre\u00f1o<\/a>\n<\/span><span class=\"aioseo-breadcrumb-separator\">&ndash;<\/span><span class=\"aioseo-breadcrumb\">\n\tEntrevista y solidaridad de los integrantes del CAI de Cand\u00e1s\n<\/span><\/div>","aioseo_breadcrumb_json":[{"label":"Home","link":"https:\/\/candas365.es\/noticias"},{"label":"Noticias Carre\u00f1o","link":"https:\/\/candas365.es\/noticias\/category\/noticias-carreno\/"},{"label":"Entrevista y solidaridad de los integrantes del CAI de Cand\u00e1s","link":"https:\/\/candas365.es\/noticias\/entrevista-y-solidaridad-de-los-integrantes-del-cai-de-candas\/"}],"_links":{"self":[{"href":"https:\/\/candas365.es\/noticias\/wp-json\/wp\/v2\/posts\/187778","targetHints":{"allow":["GET"]}}],"collection":[{"href":"https:\/\/candas365.es\/noticias\/wp-json\/wp\/v2\/posts"}],"about":[{"href":"https:\/\/candas365.es\/noticias\/wp-json\/wp\/v2\/types\/post"}],"author":[{"embeddable":true,"href":"https:\/\/candas365.es\/noticias\/wp-json\/wp\/v2\/users\/1"}],"replies":[{"embeddable":true,"href":"https:\/\/candas365.es\/noticias\/wp-json\/wp\/v2\/comments?post=187778"}],"version-history":[{"count":0,"href":"https:\/\/candas365.es\/noticias\/wp-json\/wp\/v2\/posts\/187778\/revisions"}],"wp:featuredmedia":[{"embeddable":true,"href":"https:\/\/candas365.es\/noticias\/wp-json\/wp\/v2\/media\/187779"}],"wp:attachment":[{"href":"https:\/\/candas365.es\/noticias\/wp-json\/wp\/v2\/media?parent=187778"}],"wp:term":[{"taxonomy":"category","embeddable":true,"href":"https:\/\/candas365.es\/noticias\/wp-json\/wp\/v2\/categories?post=187778"},{"taxonomy":"post_tag","embeddable":true,"href":"https:\/\/candas365.es\/noticias\/wp-json\/wp\/v2\/tags?post=187778"}],"curies":[{"name":"wp","href":"https:\/\/api.w.org\/{rel}","templated":true}]}}