{"id":187775,"date":"2025-09-17T15:13:41","date_gmt":"2025-09-17T13:13:41","guid":{"rendered":"https:\/\/candas365.es\/noticias\/?p=187775"},"modified":"2025-09-17T15:13:41","modified_gmt":"2025-09-17T13:13:41","slug":"nuevas-candidaturas-locales-en-carreno-revitalizacion-democratica-o-fragmentacion-politica","status":"publish","type":"post","link":"https:\/\/candas365.es\/noticias\/nuevas-candidaturas-locales-en-carreno-revitalizacion-democratica-o-fragmentacion-politica\/","title":{"rendered":"Nuevas candidaturas locales en Carre\u00f1o: \u00bfrevitalizaci\u00f3n democr\u00e1tica o fragmentaci\u00f3n pol\u00edtica?"},"content":{"rendered":"<p>El <a href=\"https:\/\/www.ayto-carreno.es\/\" target=\"_blank\" rel=\"noopener\"><span style=\"color: #ff6600;\"><strong>Ayuntamiento de Carre\u00f1o<\/strong><\/span><\/a>, con sus 17 concejales, ha estado tradicionalmente marcado por la presencia de partidos nacionales y algunas formaciones locales. Sin embargo, en un contexto de desafecci\u00f3n pol\u00edtica y b\u00fasqueda de mayor proximidad, la posibilidad de que surjan <strong>nuevas candidaturas<\/strong> vecinales o independientes cobra fuerza.<strong> Pero \u00bfqu\u00e9 impacto tendr\u00eda esto en la pol\u00edtica municipal?<\/strong><\/p>\n<figure id=\"attachment_187776\" aria-describedby=\"caption-attachment-187776\" style=\"width: 650px\" class=\"wp-caption aligncenter\"><img fetchpriority=\"high\" decoding=\"async\" class=\"size-large wp-image-187776\" src=\"https:\/\/candas365.es\/noticias\/wp-content\/uploads\/2025\/09\/candidaturas-locales-en-Carreno-650x478.jpg\" alt=\"candidaturas locales en Carre\u00f1o\" width=\"650\" height=\"478\" srcset=\"https:\/\/candas365.es\/noticias\/wp-content\/uploads\/2025\/09\/candidaturas-locales-en-Carreno-650x478.jpg 650w, https:\/\/candas365.es\/noticias\/wp-content\/uploads\/2025\/09\/candidaturas-locales-en-Carreno-360x265.jpg 360w, https:\/\/candas365.es\/noticias\/wp-content\/uploads\/2025\/09\/candidaturas-locales-en-Carreno-768x564.jpg 768w, https:\/\/candas365.es\/noticias\/wp-content\/uploads\/2025\/09\/candidaturas-locales-en-Carreno-150x110.jpg 150w, https:\/\/candas365.es\/noticias\/wp-content\/uploads\/2025\/09\/candidaturas-locales-en-Carreno-450x331.jpg 450w, https:\/\/candas365.es\/noticias\/wp-content\/uploads\/2025\/09\/candidaturas-locales-en-Carreno.jpg 920w\" sizes=\"(max-width: 650px) 100vw, 650px\" \/><figcaption id=\"caption-attachment-187776\" class=\"wp-caption-text\">Foto: Cand\u00e1s 365<\/figcaption><\/figure>\n<h2>La fuerza de lo local<\/h2>\n<p><strong>Las candidaturas independientes suelen nacer del descontento ciudadano<\/strong> hacia los partidos tradicionales. Vecinos organizados en torno a asociaciones, movimientos sociales o colectivos espec\u00edficos pueden decidir dar el salto a la pol\u00edtica municipal para defender intereses concretos: urbanismo, medio ambiente, servicios p\u00fablicos o identidad cultural.<\/p>\n<blockquote><p>En Carre\u00f1o una candidatura de este tipo podr\u00eda conectar de manera directa con los vecinos, aportando frescura y cercan\u00eda.<\/p><\/blockquote>\n<h2>Posibles efectos en la representaci\u00f3n<\/h2>\n<p>La entrada de nuevas candidaturas podr\u00eda traducirse en varios escenarios:<\/p>\n<ul>\n<li><strong>Fragmentaci\u00f3n del voto<\/strong>: la aparici\u00f3n de m\u00e1s listas dividir\u00eda los apoyos, dificultando que los partidos tradicionales alcancen mayor\u00edas c\u00f3modas. <strong>Esto incrementar\u00eda la necesidad de pactos y negociaciones.<\/strong><\/li>\n<li><strong>Renovaci\u00f3n del pleno<\/strong>: una candidatura local que logre superar el 5 % del voto v\u00e1lido tendr\u00eda representaci\u00f3n. Esto significar\u00eda nuevas voces en el pleno municipal, con perspectivas diferentes y m\u00e1s pegadas a las <strong>necesidades inmediatas del concejo<\/strong>.<\/li>\n<li><strong>Riesgo de dispersi\u00f3n<\/strong>: si las nuevas candidaturas no logran superar el umbral electoral, sus votos quedar\u00edan sin representaci\u00f3n, beneficiando indirectamente a los partidos grandes.<\/li>\n<\/ul>\n<h2>Repercusiones en la gobernabilidad<\/h2>\n<p>Un pleno con nuevas fuerzas locales podr\u00eda hacer m\u00e1s compleja la gobernabilidad. <strong>Concejales independientes tendr\u00edan un papel clave en la formaci\u00f3n de mayor\u00edas, lo que obligar\u00eda a negociar punto por punto las decisiones m\u00e1s importantes.<\/strong><\/p>\n<p>Aunque esto puede ralentizar algunos procesos, tambi\u00e9n tendr\u00eda un efecto positivo: obligar a los partidos a escuchar m\u00e1s y a alcanzar consensos m\u00e1s amplios. De este modo, se reforzar\u00eda el car\u00e1cter democr\u00e1tico del pleno municipal.<\/p>\n<h2>El mensaje a la ciudadan\u00eda<\/h2>\n<p>La irrupci\u00f3n de nuevas candidaturas locales enviar\u00eda un mensaje claro: <strong>una parte de la ciudadan\u00eda no se siente representada por las opciones tradicionales.<\/strong> Esto podr\u00eda revitalizar la participaci\u00f3n electoral, atrayendo a votantes que en otras circunstancias optar\u00edan por la abstenci\u00f3n o el voto en blanco.<\/p>\n<p>Adem\u00e1s, la pol\u00edtica municipal se ver\u00eda enriquecida con propuestas m\u00e1s concretas y ligadas al territorio, alejadas de las din\u00e1micas de los grandes partidos nacionales.<\/p>\n<p>La <strong>aparici\u00f3n de nuevas candidaturas locales en <a href=\"https:\/\/candas365.es\/noticias\/category\/noticias-carreno\/\"><span style=\"color: #ff6600;\">Carre\u00f1o<\/span><\/a><\/strong> podr\u00eda tener un doble efecto: por un lado, introducir m\u00e1s pluralidad y cercan\u00eda en la pol\u00edtica municipal; por otro, aumentar la fragmentaci\u00f3n y dificultar la gobernabilidad. El resultado depender\u00eda de la capacidad de estas fuerzas para consolidarse, superar el umbral electoral y mantener un proyecto s\u00f3lido en el tiempo. <strong>En cualquier caso, su presencia representar\u00eda una se\u00f1al de vitalidad democr\u00e1tica y un recordatorio de que la pol\u00edtica local debe estar siempre al servicio directo de los vecinos.<\/strong><\/p>\n","protected":false},"excerpt":{"rendered":"<p>El Ayuntamiento de Carre\u00f1o, con sus 17 concejales, ha estado tradicionalmente marcado por la presencia de partidos nacionales y algunas formaciones locales. Sin embargo, en un contexto de desafecci\u00f3n pol\u00edtica y b\u00fasqueda de mayor proximidad, la posibilidad de que surjan nuevas candidaturas vecinales o independientes cobra fuerza. Pero \u00bfqu\u00e9 impacto tendr\u00eda esto en la pol\u00edtica<\/p>\n","protected":false},"author":1,"featured_media":187776,"comment_status":"closed","ping_status":"closed","sticky":false,"template":"","format":"standard","meta":{"footnotes":""},"categories":[2],"tags":[366,365,470],"class_list":{"0":"post-187775","1":"post","2":"type-post","3":"status-publish","4":"format-standard","5":"has-post-thumbnail","7":"category-noticias-carreno","8":"tag-candas","9":"tag-carreno","10":"tag-politica"},"aioseo_notices":[],"aioseo_head":"\n\t\t<!-- All in One SEO Pro 4.9.6.2 - aioseo.com -->\n\t<meta name=\"description\" content=\"El Ayuntamiento de Carre\u00f1o, con sus 17 concejales, ha estado tradicionalmente marcado por la presencia de partidos nacionales y algunas formaciones\" \/>\n\t<meta name=\"robots\" content=\"max-image-preview:large\" \/>\n\t<meta name=\"author\" content=\"Cand\u00e1s 365\"\/>\n\t<meta name=\"google-site-verification\" content=\"UA-32230408-1\" \/>\n\t<meta name=\"msvalidate.01\" content=\"354F3CDFB2DA171B47FBE9ABF1F88D5\" \/>\n\t<meta name=\"keywords\" content=\"noticias carre\u00f1o\" \/>\n\t<link rel=\"canonical\" href=\"https:\/\/candas365.es\/noticias\/nuevas-candidaturas-locales-en-carreno-revitalizacion-democratica-o-fragmentacion-politica\/\" \/>\n\t<meta name=\"generator\" content=\"All in One SEO Pro (AIOSEO) 4.9.6.2\" \/>\n\t\t<meta property=\"og:locale\" content=\"es_ES\" \/>\n\t\t<meta property=\"og:site_name\" content=\"Cand\u00e1s 365\" \/>\n\t\t<meta property=\"og:type\" content=\"article\" \/>\n\t\t<meta property=\"og:title\" content=\"Nuevas candidaturas locales en Carre\u00f1o: \u00bfrevitalizaci\u00f3n democr\u00e1tica o fragmentaci\u00f3n pol\u00edtica? | Cand\u00e1s 365\" \/>\n\t\t<meta property=\"og:description\" content=\"El Ayuntamiento de Carre\u00f1o, con sus 17 concejales, ha estado tradicionalmente marcado por la presencia de partidos nacionales y algunas formaciones\" \/>\n\t\t<meta property=\"og:url\" content=\"https:\/\/candas365.es\/noticias\/nuevas-candidaturas-locales-en-carreno-revitalizacion-democratica-o-fragmentacion-politica\/\" \/>\n\t\t<meta property=\"og:image\" content=\"https:\/\/candas365.es\/noticias\/wp-content\/uploads\/2025\/09\/candidaturas-locales-en-Carreno.jpg\" \/>\n\t\t<meta property=\"og:image:secure_url\" content=\"https:\/\/candas365.es\/noticias\/wp-content\/uploads\/2025\/09\/candidaturas-locales-en-Carreno.jpg\" \/>\n\t\t<meta property=\"og:image:width\" content=\"920\" \/>\n\t\t<meta property=\"og:image:height\" content=\"676\" \/>\n\t\t<meta property=\"article:published_time\" content=\"2025-09-17T13:13:41+00:00\" \/>\n\t\t<meta property=\"article:modified_time\" content=\"2025-09-17T13:13:41+00:00\" \/>\n\t\t<meta property=\"article:publisher\" content=\"https:\/\/www.facebook.com\/Nachofdezber\" \/>\n\t\t<meta property=\"article:author\" content=\"https:\/\/www.facebook.com\/carrenoactualidad\" \/>\n\t\t<meta name=\"twitter:card\" content=\"summary_large_image\" \/>\n\t\t<meta name=\"twitter:site\" content=\"@NabercoDigital\" \/>\n\t\t<meta name=\"twitter:title\" content=\"Nuevas candidaturas locales en Carre\u00f1o: \u00bfrevitalizaci\u00f3n democr\u00e1tica o fragmentaci\u00f3n pol\u00edtica? | Cand\u00e1s 365\" \/>\n\t\t<meta name=\"twitter:description\" content=\"El Ayuntamiento de Carre\u00f1o, con sus 17 concejales, ha estado tradicionalmente marcado por la presencia de partidos nacionales y algunas formaciones\" \/>\n\t\t<meta name=\"twitter:creator\" content=\"@nbasturias\" \/>\n\t\t<meta name=\"twitter:image\" content=\"https:\/\/candas365.es\/noticias\/wp-content\/uploads\/2025\/09\/candidaturas-locales-en-Carreno.jpg\" \/>\n\t\t<meta name=\"twitter:label1\" content=\"Escrito por\" \/>\n\t\t<meta name=\"twitter:data1\" content=\"Cand\u00e1s 365\" \/>\n\t\t<meta name=\"twitter:label2\" content=\"Tiempo de lectura estimado\" \/>\n\t\t<meta name=\"twitter:data2\" content=\"3 minutos\" \/>\n\t\t<script type=\"application\/ld+json\" class=\"aioseo-schema\">\n\t\t\t{\"@context\":\"https:\\\/\\\/schema.org\",\"@graph\":[{\"@type\":\"BreadcrumbList\",\"@id\":\"https:\\\/\\\/candas365.es\\\/noticias\\\/nuevas-candidaturas-locales-en-carreno-revitalizacion-democratica-o-fragmentacion-politica\\\/#breadcrumblist\",\"itemListElement\":[{\"@type\":\"ListItem\",\"@id\":\"https:\\\/\\\/candas365.es\\\/noticias#listItem\",\"position\":1,\"name\":\"Home\",\"item\":\"https:\\\/\\\/candas365.es\\\/noticias\",\"nextItem\":{\"@type\":\"ListItem\",\"@id\":\"https:\\\/\\\/candas365.es\\\/noticias\\\/category\\\/noticias-carreno\\\/#listItem\",\"name\":\"Noticias Carre\\u00f1o\"}},{\"@type\":\"ListItem\",\"@id\":\"https:\\\/\\\/candas365.es\\\/noticias\\\/category\\\/noticias-carreno\\\/#listItem\",\"position\":2,\"name\":\"Noticias Carre\\u00f1o\",\"item\":\"https:\\\/\\\/candas365.es\\\/noticias\\\/category\\\/noticias-carreno\\\/\",\"nextItem\":{\"@type\":\"ListItem\",\"@id\":\"https:\\\/\\\/candas365.es\\\/noticias\\\/nuevas-candidaturas-locales-en-carreno-revitalizacion-democratica-o-fragmentacion-politica\\\/#listItem\",\"name\":\"Nuevas candidaturas locales en Carre\\u00f1o: \\u00bfrevitalizaci\\u00f3n democr\\u00e1tica o fragmentaci\\u00f3n pol\\u00edtica?\"},\"previousItem\":{\"@type\":\"ListItem\",\"@id\":\"https:\\\/\\\/candas365.es\\\/noticias#listItem\",\"name\":\"Home\"}},{\"@type\":\"ListItem\",\"@id\":\"https:\\\/\\\/candas365.es\\\/noticias\\\/nuevas-candidaturas-locales-en-carreno-revitalizacion-democratica-o-fragmentacion-politica\\\/#listItem\",\"position\":3,\"name\":\"Nuevas candidaturas locales en Carre\\u00f1o: \\u00bfrevitalizaci\\u00f3n democr\\u00e1tica o fragmentaci\\u00f3n pol\\u00edtica?\",\"previousItem\":{\"@type\":\"ListItem\",\"@id\":\"https:\\\/\\\/candas365.es\\\/noticias\\\/category\\\/noticias-carreno\\\/#listItem\",\"name\":\"Noticias Carre\\u00f1o\"}}]},{\"@type\":\"NewsArticle\",\"@id\":\"https:\\\/\\\/candas365.es\\\/noticias\\\/nuevas-candidaturas-locales-en-carreno-revitalizacion-democratica-o-fragmentacion-politica\\\/#newsarticle\",\"name\":\"Nuevas candidaturas locales en Carre\\u00f1o: \\u00bfrevitalizaci\\u00f3n democr\\u00e1tica o fragmentaci\\u00f3n pol\\u00edtica? | Cand\\u00e1s 365\",\"headline\":\"Nuevas candidaturas locales en Carre\\u00f1o: \\u00bfrevitalizaci\\u00f3n democr\\u00e1tica o fragmentaci\\u00f3n pol\\u00edtica?\",\"author\":{\"@id\":\"https:\\\/\\\/candas365.es\\\/noticias\\\/author\\\/admin\\\/#author\"},\"publisher\":{\"@id\":\"https:\\\/\\\/candas365.es\\\/noticias\\\/#organization\"},\"image\":{\"@type\":\"ImageObject\",\"url\":\"https:\\\/\\\/candas365.es\\\/noticias\\\/wp-content\\\/uploads\\\/2025\\\/09\\\/candidaturas-locales-en-Carreno.jpg\",\"width\":920,\"height\":676,\"caption\":\"Foto: Cand\\u00e1s 365\"},\"datePublished\":\"2025-09-17T15:13:41+02:00\",\"dateModified\":\"2025-09-17T15:13:41+02:00\",\"inLanguage\":\"es-ES\",\"mainEntityOfPage\":{\"@id\":\"https:\\\/\\\/candas365.es\\\/noticias\\\/nuevas-candidaturas-locales-en-carreno-revitalizacion-democratica-o-fragmentacion-politica\\\/#webpage\"},\"isPartOf\":{\"@id\":\"https:\\\/\\\/candas365.es\\\/noticias\\\/nuevas-candidaturas-locales-en-carreno-revitalizacion-democratica-o-fragmentacion-politica\\\/#webpage\"},\"articleSection\":\"Noticias Carre\\u00f1o, Cand\\u00e1s, Carre\\u00f1o, pol\\u00edtica\",\"dateline\":\"Publicado el septiembre 17, 2025.\"},{\"@type\":\"Organization\",\"@id\":\"https:\\\/\\\/candas365.es\\\/noticias\\\/#organization\",\"name\":\"Cand\\u00e1s 365\",\"description\":\"Cand\\u00e1s 365 es un diario digital independiente, fundado en 2012, con base en Asturias. Informamos con rigor sobre actualidad, sociedad, cultura y ocio, con una mirada local y global.\",\"url\":\"https:\\\/\\\/candas365.es\\\/noticias\\\/\",\"email\":\"info@candas365.es\",\"telephone\":\"+34652131393\",\"foundingDate\":\"2012-06-10\",\"logo\":{\"@type\":\"ImageObject\",\"url\":\"https:\\\/\\\/candas365.es\\\/noticias\\\/wp-content\\\/uploads\\\/2024\\\/09\\\/Candas-365-Redes.jpg\",\"@id\":\"https:\\\/\\\/candas365.es\\\/noticias\\\/nuevas-candidaturas-locales-en-carreno-revitalizacion-democratica-o-fragmentacion-politica\\\/#organizationLogo\",\"width\":1152,\"height\":864,\"caption\":\"Cand\\u00e1s 365 Redes\"},\"image\":{\"@id\":\"https:\\\/\\\/candas365.es\\\/noticias\\\/nuevas-candidaturas-locales-en-carreno-revitalizacion-democratica-o-fragmentacion-politica\\\/#organizationLogo\"},\"sameAs\":[\"https:\\\/\\\/www.facebook.com\\\/Nachofdezber\",\"https:\\\/\\\/x.com\\\/NabercoDigital\",\"https:\\\/\\\/www.instagram.com\\\/nachofdezber\\\/\",\"https:\\\/\\\/www.youtube.com\\\/channel\\\/UCZP-2wLEB9Rv6erhFmqVnvg\"],\"address\":{\"@id\":\"https:\\\/\\\/candas365.es\\\/noticias\\\/#postaladdress\",\"@type\":\"PostalAddress\",\"streetAddress\":\"san antonio 4, san antonio 4\",\"postalCode\":\"33430\",\"addressLocality\":\"Cand\\u00e1s\",\"addressRegion\":\"Asturias\",\"addressCountry\":\"ES\"}},{\"@type\":\"Person\",\"@id\":\"https:\\\/\\\/candas365.es\\\/noticias\\\/author\\\/admin\\\/#author\",\"url\":\"https:\\\/\\\/candas365.es\\\/noticias\\\/author\\\/admin\\\/\",\"name\":\"Cand\\u00e1s 365\",\"image\":{\"@type\":\"ImageObject\",\"@id\":\"https:\\\/\\\/candas365.es\\\/noticias\\\/nuevas-candidaturas-locales-en-carreno-revitalizacion-democratica-o-fragmentacion-politica\\\/#authorImage\",\"url\":\"https:\\\/\\\/secure.gravatar.com\\\/avatar\\\/496a8e03d0c493ede1718b7934145dbdf8d89be1036b0eec9544e1094c9de390?s=96&d=mm&r=g\",\"width\":96,\"height\":96,\"caption\":\"Cand\\u00e1s 365\"},\"sameAs\":[\"https:\\\/\\\/www.facebook.com\\\/carrenoactualidad\",\"https:\\\/\\\/twitter.com\\\/nbasturias\",\"https:\\\/\\\/www.instagram.com\\\/nachofdezber\\\/\",\"https:\\\/\\\/www.youtube.com\\\/channel\\\/UCZP-2wLEB9Rv6erhFmqVnvg\"]},{\"@type\":\"WebPage\",\"@id\":\"https:\\\/\\\/candas365.es\\\/noticias\\\/nuevas-candidaturas-locales-en-carreno-revitalizacion-democratica-o-fragmentacion-politica\\\/#webpage\",\"url\":\"https:\\\/\\\/candas365.es\\\/noticias\\\/nuevas-candidaturas-locales-en-carreno-revitalizacion-democratica-o-fragmentacion-politica\\\/\",\"name\":\"Nuevas candidaturas locales en Carre\\u00f1o: \\u00bfrevitalizaci\\u00f3n democr\\u00e1tica o fragmentaci\\u00f3n pol\\u00edtica? | Cand\\u00e1s 365\",\"description\":\"El Ayuntamiento de Carre\\u00f1o, con sus 17 concejales, ha estado tradicionalmente marcado por la presencia de partidos nacionales y algunas formaciones\",\"inLanguage\":\"es-ES\",\"isPartOf\":{\"@id\":\"https:\\\/\\\/candas365.es\\\/noticias\\\/#website\"},\"breadcrumb\":{\"@id\":\"https:\\\/\\\/candas365.es\\\/noticias\\\/nuevas-candidaturas-locales-en-carreno-revitalizacion-democratica-o-fragmentacion-politica\\\/#breadcrumblist\"},\"author\":{\"@id\":\"https:\\\/\\\/candas365.es\\\/noticias\\\/author\\\/admin\\\/#author\"},\"creator\":{\"@id\":\"https:\\\/\\\/candas365.es\\\/noticias\\\/author\\\/admin\\\/#author\"},\"image\":{\"@type\":\"ImageObject\",\"url\":\"https:\\\/\\\/candas365.es\\\/noticias\\\/wp-content\\\/uploads\\\/2025\\\/09\\\/candidaturas-locales-en-Carreno.jpg\",\"@id\":\"https:\\\/\\\/candas365.es\\\/noticias\\\/nuevas-candidaturas-locales-en-carreno-revitalizacion-democratica-o-fragmentacion-politica\\\/#mainImage\",\"width\":920,\"height\":676,\"caption\":\"Foto: Cand\\u00e1s 365\"},\"primaryImageOfPage\":{\"@id\":\"https:\\\/\\\/candas365.es\\\/noticias\\\/nuevas-candidaturas-locales-en-carreno-revitalizacion-democratica-o-fragmentacion-politica\\\/#mainImage\"},\"datePublished\":\"2025-09-17T15:13:41+02:00\",\"dateModified\":\"2025-09-17T15:13:41+02:00\"},{\"@type\":\"WebSite\",\"@id\":\"https:\\\/\\\/candas365.es\\\/noticias\\\/#website\",\"url\":\"https:\\\/\\\/candas365.es\\\/noticias\\\/\",\"name\":\"Cand\\u00e1s 365\",\"alternateName\":\"Cand\\u00e1s 365 Noticias\",\"description\":\"Actualidad desde Carre\\u00f1o para el mundo\",\"inLanguage\":\"es-ES\",\"publisher\":{\"@id\":\"https:\\\/\\\/candas365.es\\\/noticias\\\/#organization\"}}]}\n\t\t<\/script>\n\t\t<!-- All in One SEO Pro -->\r\n\t\t<title>Nuevas candidaturas locales en Carre\u00f1o: \u00bfrevitalizaci\u00f3n democr\u00e1tica o fragmentaci\u00f3n pol\u00edtica? | Cand\u00e1s 365<\/title>\n\n","aioseo_head_json":{"title":"Nuevas candidaturas locales en Carre\u00f1o: \u00bfrevitalizaci\u00f3n democr\u00e1tica o fragmentaci\u00f3n pol\u00edtica? | Cand\u00e1s 365","description":"El Ayuntamiento de Carre\u00f1o, con sus 17 concejales, ha estado tradicionalmente marcado por la presencia de partidos nacionales y algunas formaciones","canonical_url":"https:\/\/candas365.es\/noticias\/nuevas-candidaturas-locales-en-carreno-revitalizacion-democratica-o-fragmentacion-politica\/","robots":"max-image-preview:large","keywords":"noticias carre\u00f1o","webmasterTools":{"google-site-verification":"UA-32230408-1","msvalidate.01":"354F3CDFB2DA171B47FBE9ABF1F88D5","miscellaneous":""},"schema":{"@context":"https:\/\/schema.org","@graph":[{"@type":"BreadcrumbList","@id":"https:\/\/candas365.es\/noticias\/nuevas-candidaturas-locales-en-carreno-revitalizacion-democratica-o-fragmentacion-politica\/#breadcrumblist","itemListElement":[{"@type":"ListItem","@id":"https:\/\/candas365.es\/noticias#listItem","position":1,"name":"Home","item":"https:\/\/candas365.es\/noticias","nextItem":{"@type":"ListItem","@id":"https:\/\/candas365.es\/noticias\/category\/noticias-carreno\/#listItem","name":"Noticias Carre\u00f1o"}},{"@type":"ListItem","@id":"https:\/\/candas365.es\/noticias\/category\/noticias-carreno\/#listItem","position":2,"name":"Noticias Carre\u00f1o","item":"https:\/\/candas365.es\/noticias\/category\/noticias-carreno\/","nextItem":{"@type":"ListItem","@id":"https:\/\/candas365.es\/noticias\/nuevas-candidaturas-locales-en-carreno-revitalizacion-democratica-o-fragmentacion-politica\/#listItem","name":"Nuevas candidaturas locales en Carre\u00f1o: \u00bfrevitalizaci\u00f3n democr\u00e1tica o fragmentaci\u00f3n pol\u00edtica?"},"previousItem":{"@type":"ListItem","@id":"https:\/\/candas365.es\/noticias#listItem","name":"Home"}},{"@type":"ListItem","@id":"https:\/\/candas365.es\/noticias\/nuevas-candidaturas-locales-en-carreno-revitalizacion-democratica-o-fragmentacion-politica\/#listItem","position":3,"name":"Nuevas candidaturas locales en Carre\u00f1o: \u00bfrevitalizaci\u00f3n democr\u00e1tica o fragmentaci\u00f3n pol\u00edtica?","previousItem":{"@type":"ListItem","@id":"https:\/\/candas365.es\/noticias\/category\/noticias-carreno\/#listItem","name":"Noticias Carre\u00f1o"}}]},{"@type":"NewsArticle","@id":"https:\/\/candas365.es\/noticias\/nuevas-candidaturas-locales-en-carreno-revitalizacion-democratica-o-fragmentacion-politica\/#newsarticle","name":"Nuevas candidaturas locales en Carre\u00f1o: \u00bfrevitalizaci\u00f3n democr\u00e1tica o fragmentaci\u00f3n pol\u00edtica? | Cand\u00e1s 365","headline":"Nuevas candidaturas locales en Carre\u00f1o: \u00bfrevitalizaci\u00f3n democr\u00e1tica o fragmentaci\u00f3n pol\u00edtica?","author":{"@id":"https:\/\/candas365.es\/noticias\/author\/admin\/#author"},"publisher":{"@id":"https:\/\/candas365.es\/noticias\/#organization"},"image":{"@type":"ImageObject","url":"https:\/\/candas365.es\/noticias\/wp-content\/uploads\/2025\/09\/candidaturas-locales-en-Carreno.jpg","width":920,"height":676,"caption":"Foto: Cand\u00e1s 365"},"datePublished":"2025-09-17T15:13:41+02:00","dateModified":"2025-09-17T15:13:41+02:00","inLanguage":"es-ES","mainEntityOfPage":{"@id":"https:\/\/candas365.es\/noticias\/nuevas-candidaturas-locales-en-carreno-revitalizacion-democratica-o-fragmentacion-politica\/#webpage"},"isPartOf":{"@id":"https:\/\/candas365.es\/noticias\/nuevas-candidaturas-locales-en-carreno-revitalizacion-democratica-o-fragmentacion-politica\/#webpage"},"articleSection":"Noticias Carre\u00f1o, Cand\u00e1s, Carre\u00f1o, pol\u00edtica","dateline":"Publicado el septiembre 17, 2025."},{"@type":"Organization","@id":"https:\/\/candas365.es\/noticias\/#organization","name":"Cand\u00e1s 365","description":"Cand\u00e1s 365 es un diario digital independiente, fundado en 2012, con base en Asturias. Informamos con rigor sobre actualidad, sociedad, cultura y ocio, con una mirada local y global.","url":"https:\/\/candas365.es\/noticias\/","email":"info@candas365.es","telephone":"+34652131393","foundingDate":"2012-06-10","logo":{"@type":"ImageObject","url":"https:\/\/candas365.es\/noticias\/wp-content\/uploads\/2024\/09\/Candas-365-Redes.jpg","@id":"https:\/\/candas365.es\/noticias\/nuevas-candidaturas-locales-en-carreno-revitalizacion-democratica-o-fragmentacion-politica\/#organizationLogo","width":1152,"height":864,"caption":"Cand\u00e1s 365 Redes"},"image":{"@id":"https:\/\/candas365.es\/noticias\/nuevas-candidaturas-locales-en-carreno-revitalizacion-democratica-o-fragmentacion-politica\/#organizationLogo"},"sameAs":["https:\/\/www.facebook.com\/Nachofdezber","https:\/\/x.com\/NabercoDigital","https:\/\/www.instagram.com\/nachofdezber\/","https:\/\/www.youtube.com\/channel\/UCZP-2wLEB9Rv6erhFmqVnvg"],"address":{"@id":"https:\/\/candas365.es\/noticias\/#postaladdress","@type":"PostalAddress","streetAddress":"san antonio 4, san antonio 4","postalCode":"33430","addressLocality":"Cand\u00e1s","addressRegion":"Asturias","addressCountry":"ES"}},{"@type":"Person","@id":"https:\/\/candas365.es\/noticias\/author\/admin\/#author","url":"https:\/\/candas365.es\/noticias\/author\/admin\/","name":"Cand\u00e1s 365","image":{"@type":"ImageObject","@id":"https:\/\/candas365.es\/noticias\/nuevas-candidaturas-locales-en-carreno-revitalizacion-democratica-o-fragmentacion-politica\/#authorImage","url":"https:\/\/secure.gravatar.com\/avatar\/496a8e03d0c493ede1718b7934145dbdf8d89be1036b0eec9544e1094c9de390?s=96&d=mm&r=g","width":96,"height":96,"caption":"Cand\u00e1s 365"},"sameAs":["https:\/\/www.facebook.com\/carrenoactualidad","https:\/\/twitter.com\/nbasturias","https:\/\/www.instagram.com\/nachofdezber\/","https:\/\/www.youtube.com\/channel\/UCZP-2wLEB9Rv6erhFmqVnvg"]},{"@type":"WebPage","@id":"https:\/\/candas365.es\/noticias\/nuevas-candidaturas-locales-en-carreno-revitalizacion-democratica-o-fragmentacion-politica\/#webpage","url":"https:\/\/candas365.es\/noticias\/nuevas-candidaturas-locales-en-carreno-revitalizacion-democratica-o-fragmentacion-politica\/","name":"Nuevas candidaturas locales en Carre\u00f1o: \u00bfrevitalizaci\u00f3n democr\u00e1tica o fragmentaci\u00f3n pol\u00edtica? | Cand\u00e1s 365","description":"El Ayuntamiento de Carre\u00f1o, con sus 17 concejales, ha estado tradicionalmente marcado por la presencia de partidos nacionales y algunas formaciones","inLanguage":"es-ES","isPartOf":{"@id":"https:\/\/candas365.es\/noticias\/#website"},"breadcrumb":{"@id":"https:\/\/candas365.es\/noticias\/nuevas-candidaturas-locales-en-carreno-revitalizacion-democratica-o-fragmentacion-politica\/#breadcrumblist"},"author":{"@id":"https:\/\/candas365.es\/noticias\/author\/admin\/#author"},"creator":{"@id":"https:\/\/candas365.es\/noticias\/author\/admin\/#author"},"image":{"@type":"ImageObject","url":"https:\/\/candas365.es\/noticias\/wp-content\/uploads\/2025\/09\/candidaturas-locales-en-Carreno.jpg","@id":"https:\/\/candas365.es\/noticias\/nuevas-candidaturas-locales-en-carreno-revitalizacion-democratica-o-fragmentacion-politica\/#mainImage","width":920,"height":676,"caption":"Foto: Cand\u00e1s 365"},"primaryImageOfPage":{"@id":"https:\/\/candas365.es\/noticias\/nuevas-candidaturas-locales-en-carreno-revitalizacion-democratica-o-fragmentacion-politica\/#mainImage"},"datePublished":"2025-09-17T15:13:41+02:00","dateModified":"2025-09-17T15:13:41+02:00"},{"@type":"WebSite","@id":"https:\/\/candas365.es\/noticias\/#website","url":"https:\/\/candas365.es\/noticias\/","name":"Cand\u00e1s 365","alternateName":"Cand\u00e1s 365 Noticias","description":"Actualidad desde Carre\u00f1o para el mundo","inLanguage":"es-ES","publisher":{"@id":"https:\/\/candas365.es\/noticias\/#organization"}}]},"og:locale":"es_ES","og:site_name":"Cand\u00e1s 365","og:type":"article","og:title":"Nuevas candidaturas locales en Carre\u00f1o: \u00bfrevitalizaci\u00f3n democr\u00e1tica o fragmentaci\u00f3n pol\u00edtica? | Cand\u00e1s 365","og:description":"El Ayuntamiento de Carre\u00f1o, con sus 17 concejales, ha estado tradicionalmente marcado por la presencia de partidos nacionales y algunas formaciones","og:url":"https:\/\/candas365.es\/noticias\/nuevas-candidaturas-locales-en-carreno-revitalizacion-democratica-o-fragmentacion-politica\/","og:image":"https:\/\/candas365.es\/noticias\/wp-content\/uploads\/2025\/09\/candidaturas-locales-en-Carreno.jpg","og:image:secure_url":"https:\/\/candas365.es\/noticias\/wp-content\/uploads\/2025\/09\/candidaturas-locales-en-Carreno.jpg","og:image:width":920,"og:image:height":676,"article:published_time":"2025-09-17T13:13:41+00:00","article:modified_time":"2025-09-17T13:13:41+00:00","article:publisher":"https:\/\/www.facebook.com\/Nachofdezber","article:author":"https:\/\/www.facebook.com\/carrenoactualidad","twitter:card":"summary_large_image","twitter:site":"@NabercoDigital","twitter:title":"Nuevas candidaturas locales en Carre\u00f1o: \u00bfrevitalizaci\u00f3n democr\u00e1tica o fragmentaci\u00f3n pol\u00edtica? | Cand\u00e1s 365","twitter:description":"El Ayuntamiento de Carre\u00f1o, con sus 17 concejales, ha estado tradicionalmente marcado por la presencia de partidos nacionales y algunas formaciones","twitter:creator":"@nbasturias","twitter:image":"https:\/\/candas365.es\/noticias\/wp-content\/uploads\/2025\/09\/candidaturas-locales-en-Carreno.jpg","twitter:label1":"Escrito por","twitter:data1":"Cand\u00e1s 365","twitter:label2":"Tiempo de lectura estimado","twitter:data2":"3 minutos"},"aioseo_meta_data":{"post_id":"187775","title":null,"description":"El Ayuntamiento de Carre\u00f1o, con sus 17 concejales, ha estado tradicionalmente marcado por la presencia de partidos nacionales y algunas formaciones","keywords":null,"keyphrases":{"focus":{"keyphrase":"Carre\u00f1o","score":91,"analysis":{"keyphraseInTitle":{"score":9,"maxScore":9,"error":0},"keyphraseInDescription":{"score":9,"maxScore":9,"error":0},"keyphraseLength":{"score":9,"maxScore":9,"error":0,"length":2},"keyphraseInURL":{"score":5,"maxScore":5,"error":0},"keyphraseInIntroduction":{"score":9,"maxScore":9,"error":0},"keyphraseInSubHeadings":{"score":3,"maxScore":9,"error":1},"keyphraseInImageAlt":{"score":9,"maxScore":9,"error":0},"keywordDensity":{"type":"best","score":9,"maxScore":9,"error":0}}},"additional":[{"keyphrase":"Carre\u00f1o","score":100,"analysis":{"keyphraseInDescription":{"score":9,"maxScore":9,"error":0},"keyphraseLength":{"score":9,"maxScore":9,"error":0,"length":2},"keyphraseInIntroduction":{"score":9,"maxScore":9,"error":0},"keyphraseInImageAlt":{"score":9,"maxScore":9,"error":0},"keywordDensity":{"type":"best","score":9,"maxScore":9,"error":0}}}]},"primary_term":null,"canonical_url":null,"og_title":null,"og_description":null,"og_object_type":"default","og_image_type":"default","og_image_url":null,"og_image_width":null,"og_image_height":null,"og_image_custom_url":null,"og_image_custom_fields":null,"og_video":"","og_custom_url":null,"og_article_section":null,"og_article_tags":null,"twitter_use_og":false,"twitter_card":"default","twitter_image_type":"default","twitter_image_url":null,"twitter_image_custom_url":null,"twitter_image_custom_fields":null,"twitter_title":null,"twitter_description":null,"schema":{"blockGraphs":[],"customGraphs":[],"default":{"data":{"Article":[],"Course":[],"Dataset":[],"FAQPage":[],"Movie":[],"Person":[],"Product":[],"ProductReview":[],"Car":[],"Recipe":[],"Service":[],"SoftwareApplication":[],"WebPage":[]},"graphName":"Article","isEnabled":true},"graphs":[]},"schema_type":"default","schema_type_options":null,"pillar_content":false,"robots_default":true,"robots_noindex":false,"robots_noarchive":false,"robots_nosnippet":false,"robots_nofollow":false,"robots_noimageindex":false,"robots_noodp":false,"robots_notranslate":false,"robots_max_snippet":"-1","robots_max_videopreview":"-1","robots_max_imagepreview":"large","priority":null,"frequency":"default","location":null,"local_seo":null,"seo_analyzer_scan_date":"2025-09-17 13:13:54","breadcrumb_settings":null,"limit_modified_date":false,"reviewed_by":null,"open_ai":null,"ai":{"faqs":[],"keyPoints":[],"titles":[],"descriptions":[],"socialPosts":{"email":[],"linkedin":[],"twitter":[],"facebook":[],"instagram":[]}},"created":"2025-09-17 13:02:21","updated":"2025-09-17 13:24:09"},"aioseo_breadcrumb":"<div class=\"aioseo-breadcrumbs\"><span class=\"aioseo-breadcrumb\">\n\t<a href=\"https:\/\/candas365.es\/noticias\" title=\"Home\">Home<\/a>\n<\/span><span class=\"aioseo-breadcrumb-separator\">&ndash;<\/span><span class=\"aioseo-breadcrumb\">\n\t<a href=\"https:\/\/candas365.es\/noticias\/category\/noticias-carreno\/\" title=\"Noticias Carre\u00f1o\">Noticias Carre\u00f1o<\/a>\n<\/span><span class=\"aioseo-breadcrumb-separator\">&ndash;<\/span><span class=\"aioseo-breadcrumb\">\n\tNuevas candidaturas locales en Carre\u00f1o: \u00bfrevitalizaci\u00f3n democr\u00e1tica o fragmentaci\u00f3n pol\u00edtica?\n<\/span><\/div>","aioseo_breadcrumb_json":[{"label":"Home","link":"https:\/\/candas365.es\/noticias"},{"label":"Noticias Carre\u00f1o","link":"https:\/\/candas365.es\/noticias\/category\/noticias-carreno\/"},{"label":"Nuevas candidaturas locales en Carre\u00f1o: \u00bfrevitalizaci\u00f3n democr\u00e1tica o fragmentaci\u00f3n pol\u00edtica?","link":"https:\/\/candas365.es\/noticias\/nuevas-candidaturas-locales-en-carreno-revitalizacion-democratica-o-fragmentacion-politica\/"}],"_links":{"self":[{"href":"https:\/\/candas365.es\/noticias\/wp-json\/wp\/v2\/posts\/187775","targetHints":{"allow":["GET"]}}],"collection":[{"href":"https:\/\/candas365.es\/noticias\/wp-json\/wp\/v2\/posts"}],"about":[{"href":"https:\/\/candas365.es\/noticias\/wp-json\/wp\/v2\/types\/post"}],"author":[{"embeddable":true,"href":"https:\/\/candas365.es\/noticias\/wp-json\/wp\/v2\/users\/1"}],"replies":[{"embeddable":true,"href":"https:\/\/candas365.es\/noticias\/wp-json\/wp\/v2\/comments?post=187775"}],"version-history":[{"count":0,"href":"https:\/\/candas365.es\/noticias\/wp-json\/wp\/v2\/posts\/187775\/revisions"}],"wp:featuredmedia":[{"embeddable":true,"href":"https:\/\/candas365.es\/noticias\/wp-json\/wp\/v2\/media\/187776"}],"wp:attachment":[{"href":"https:\/\/candas365.es\/noticias\/wp-json\/wp\/v2\/media?parent=187775"}],"wp:term":[{"taxonomy":"category","embeddable":true,"href":"https:\/\/candas365.es\/noticias\/wp-json\/wp\/v2\/categories?post=187775"},{"taxonomy":"post_tag","embeddable":true,"href":"https:\/\/candas365.es\/noticias\/wp-json\/wp\/v2\/tags?post=187775"}],"curies":[{"name":"wp","href":"https:\/\/api.w.org\/{rel}","templated":true}]}}