{"id":187769,"date":"2025-09-17T12:32:08","date_gmt":"2025-09-17T10:32:08","guid":{"rendered":"https:\/\/candas365.es\/noticias\/?p=187769"},"modified":"2025-09-17T12:32:08","modified_gmt":"2025-09-17T10:32:08","slug":"candas-disfrutara-el-30-de-octubre-de-2025-con-las-actividades-de-la-xira-didactica","status":"publish","type":"post","link":"https:\/\/candas365.es\/noticias\/candas-disfrutara-el-30-de-octubre-de-2025-con-las-actividades-de-la-xira-didactica\/","title":{"rendered":"Cand\u00e1s disfrutar\u00e1 el 30 de octubre de 2025 con las actividades de la Xira Did\u00e1ctica"},"content":{"rendered":"<p><strong>Carre\u00f1o<\/strong> ser\u00e1 uno de los 30 concejos asturianos en los que se podr\u00e1 disfrutar de la Xira Did\u00e1ctica. La cita ser\u00e1 el 30 de octubre en el\u00a0 <strong>Teatro Prendes de Cand\u00e1s<\/strong> y desde el Principado informan de que el plazo de inscripci\u00f3n para los centros educativos permanecer\u00e1 abierto hasta el 30 de septiembre de 2025.<\/p>\n<figure id=\"attachment_187770\" aria-describedby=\"caption-attachment-187770\" style=\"width: 650px\" class=\"wp-caption aligncenter\"><img fetchpriority=\"high\" decoding=\"async\" class=\"size-large wp-image-187770\" src=\"https:\/\/candas365.es\/noticias\/wp-content\/uploads\/2025\/09\/Xira-Didactica-en-Candas-650x470.jpg\" alt=\"Xira Did\u00e1ctica en Cand\u00e1s\" width=\"650\" height=\"470\" srcset=\"https:\/\/candas365.es\/noticias\/wp-content\/uploads\/2025\/09\/Xira-Didactica-en-Candas-650x470.jpg 650w, https:\/\/candas365.es\/noticias\/wp-content\/uploads\/2025\/09\/Xira-Didactica-en-Candas-360x260.jpg 360w, https:\/\/candas365.es\/noticias\/wp-content\/uploads\/2025\/09\/Xira-Didactica-en-Candas-768x555.jpg 768w, https:\/\/candas365.es\/noticias\/wp-content\/uploads\/2025\/09\/Xira-Didactica-en-Candas-150x108.jpg 150w, https:\/\/candas365.es\/noticias\/wp-content\/uploads\/2025\/09\/Xira-Didactica-en-Candas-450x325.jpg 450w, https:\/\/candas365.es\/noticias\/wp-content\/uploads\/2025\/09\/Xira-Didactica-en-Candas.jpg 910w\" sizes=\"(max-width: 650px) 100vw, 650px\" \/><figcaption id=\"caption-attachment-187770\" class=\"wp-caption-text\">Foto: Prensa Gobierno de Asturias<\/figcaption><\/figure>\n<p>Las consejeras de Cultura, Pol\u00edtica Lling\u00fc\u00edstica y Deporte, Vanessa Guti\u00e9rrez, y la de Educaci\u00f3n, Eva Ledo, han presentado esta ma\u00f1ana la programaci\u00f3n de la Xira Did\u00e1ctica para el curso 2025\/2026, que sextuplica la oferta de la edici\u00f3n anterior. Esta iniciativa ofrecer\u00e1 un total de 76 funciones gratuitas en asturiano y eonaviego, distribuidas en 30 espect\u00e1culos y actividades que recorrer\u00e1n 30 concejos asturianos.<\/p>\n<p>El programa est\u00e1 dirigido al alumnado de Primaria, Secundaria y Bachillerato, y combina contenidos culturales y educativos con el objetivo de fomentar el uso y conocimiento de las lenguas propias de Asturias en el \u00e1mbito escolar.<\/p>\n<p>El <span style=\"color: #ff6600;\"><a style=\"color: #ff6600;\" href=\"https:\/\/actualidad.asturias.es\/\" target=\"_blank\" rel=\"noopener\"><strong>Principado<\/strong><\/a><\/span> ofrece al alumnado de lengua asturiana y literatura y de eonaviego una selecci\u00f3n de propuestas creadas por la industria cultural asturiana que combinan un contenido educativo singular con la calidad art\u00edstica y est\u00e1n adaptadas a cada p\u00fablico objetivo.<\/p>\n<p>A las artes esc\u00e9nicas y propuestas musicales se suman en esta convocatoria actividades vinculadas al cine y al audiovisual, a la literatura y narraci\u00f3n oral y a la cultura tradicional, ampliando el n\u00famero de disciplinas del programa de la Xira, que comenz\u00f3 en el \u00faltimo trimestre del anterior curso con la programaci\u00f3n de cinco espect\u00e1culos de compa\u00f1\u00edas y artistas asturianos.<\/p>\n<blockquote><p>La Xira se inciar\u00e1 con Nueche d\u2019\u00e1nimes\/La pantasma el 8 de octubre en Parres y finalizar\u00e1 el pr\u00f3ximo 18 de junio con La ne\u00f1a de les trences al rev\u00e9s en Cabranes.<\/p><\/blockquote>\n<p>Todas las actividades de este programa, que est\u00e1 financiado y gestionado por la Consejer\u00eda de Cultura, Pol\u00edtica Lling\u00fc\u00edstica y Deporte a trav\u00e9s de la Sociedad P\u00fablica de Gesti\u00f3n y Promoci\u00f3n Tur\u00edstica y Cultural del Principado de Asturias, son gratuitas y las plazas son limitadas. Los centros educativos solo tendr\u00e1n que asumir los costes que puedan ocasionar los desplazamientos, en caso de que sean necesarios.<\/p>\n<p>La programaci\u00f3n se desarrollar\u00e1 en espacios culturales de los concejos participantes, con fechas y horarios ya establecidos, lo que permite a los centros educativos planificar su participaci\u00f3n con antelaci\u00f3n. La reserva se realiza de forma telem\u00e1tica y se prioriza al alumnado matriculado en lengua asturiana o eonaviego.<\/p>\n<p>Para participar en este proyecto hay que formalizar la reserva a trav\u00e9s de <a href=\"https:\/\/entradas.turismoasturias.es\/es\/xira-didactica\" target=\"_blank\" rel=\"nofollow noopener\"><span style=\"color: #ff6600;\"><strong>https:\/\/entradas.turismoasturias.es\/es\/xira-didactica<\/strong><\/span><\/a>. El plazo de inscripci\u00f3n comienza el 17 de septiembre a las 09:00 horas y finaliza el 30 de septiembre las 23:59 horas.<\/p>\n<p>El cat\u00e1logo de esta edici\u00f3n incluye una amplia variedad de propuestas esc\u00e9nicas, musicales, audiovisuales y literarias, como Amanda y les casta\u00f1es m\u00e1xiques, Azul y la revoluci\u00f3n de los colores, El xard\u00edn d\u2019Olivia, Gasolina con capullos, Pop Piqui\u00f1\u00edn, Contos pra ser quen queras ser, Bruxa. Cuntacuentos y taller de conxuros m\u00e1xicos, El Conciert\u00edn, conciertu did\u00e1cticu de m\u00fasica tradicional, Verdina. El d\u00eda qu\u2019una faba c\u00f3smica aterriz\u00f3 n\u2019Asturies, Dido y Eneas o caLORCAlor, entre otras. Cada actividad est\u00e1 dise\u00f1ada para un ciclo educativo espec\u00edfico, desde Infantil hasta Bachillerato, y combina valores pedag\u00f3gicos con una alta calidad art\u00edstica.<\/p>\n<h2>Un programa pionero<\/h2>\n<p>La Xira Did\u00e1ctica es un programa pionero impulsado por las consejer\u00edas de Cultura, Pol\u00edtica Lling\u00fc\u00edstica y Deporte y de Educaci\u00f3n, que busca llevar la cultura en asturiano y eonaviego a las aulas de toda Asturias. A trav\u00e9s de esta iniciativa, se promueve el contacto directo del alumnado con su patrimonio ling\u00fc\u00edstico y cultural, reforzando la normalizaci\u00f3n y promoci\u00f3n de las lenguas propias en el \u00e1mbito educativo.<\/p>\n<p>En la edici\u00f3n del \u00faltimo trimestre del pasado curso participaron un total de 27 colegios asturianos, con una asistencia de 1.039 estudiantes y 107 docentes acompa\u00f1antes.<\/p>\n<p>Esta Xira Did\u00e1ctica se enmarca en el conjunto de medidas del Principado para fomentar la ense\u00f1anza y el uso del asturiano y el eonaviego en las aulas. Entre ellas, destacan su inclusi\u00f3n desde este curso en el segundo ciclo de Infantil y en las Escuelas Oficiales de Idiomas o su presencia en los premios extraordinarios.<\/p>\n","protected":false},"excerpt":{"rendered":"<p>Carre\u00f1o ser\u00e1 uno de los 30 concejos asturianos en los que se podr\u00e1 disfrutar de la Xira Did\u00e1ctica. La cita ser\u00e1 el 30 de octubre en el\u00a0 Teatro Prendes de Cand\u00e1s y desde el Principado informan de que el plazo de inscripci\u00f3n para los centros educativos permanecer\u00e1 abierto hasta el 30 de septiembre de 2025.<\/p>\n","protected":false},"author":1,"featured_media":187770,"comment_status":"closed","ping_status":"closed","sticky":false,"template":"","format":"standard","meta":{"footnotes":""},"categories":[2],"tags":[366,365,430],"class_list":{"0":"post-187769","1":"post","2":"type-post","3":"status-publish","4":"format-standard","5":"has-post-thumbnail","7":"category-noticias-carreno","8":"tag-candas","9":"tag-carreno","10":"tag-cultura"},"aioseo_notices":[],"aioseo_head":"\n\t\t<!-- All in One SEO Pro 4.9.6.2 - aioseo.com -->\n\t<meta name=\"description\" content=\"Carre\u00f1o ser\u00e1 uno de los 30 concejos asturianos en los que se podr\u00e1 disfrutar de la Xira Did\u00e1ctica. La cita ser\u00e1 el 30 de octubre en el Teatro Prendes de Cand\u00e1s\" \/>\n\t<meta name=\"robots\" content=\"max-image-preview:large\" \/>\n\t<meta name=\"author\" content=\"Cand\u00e1s 365\"\/>\n\t<meta name=\"google-site-verification\" content=\"UA-32230408-1\" \/>\n\t<meta name=\"msvalidate.01\" content=\"354F3CDFB2DA171B47FBE9ABF1F88D5\" \/>\n\t<meta name=\"keywords\" content=\"noticias carre\u00f1o\" \/>\n\t<link rel=\"canonical\" href=\"https:\/\/candas365.es\/noticias\/candas-disfrutara-el-30-de-octubre-de-2025-con-las-actividades-de-la-xira-didactica\/\" \/>\n\t<meta name=\"generator\" content=\"All in One SEO Pro (AIOSEO) 4.9.6.2\" \/>\n\t\t<meta property=\"og:locale\" content=\"es_ES\" \/>\n\t\t<meta property=\"og:site_name\" content=\"Cand\u00e1s 365\" \/>\n\t\t<meta property=\"og:type\" content=\"article\" \/>\n\t\t<meta property=\"og:title\" content=\"Cand\u00e1s disfrutar\u00e1 el 30 de octubre de 2025 con las actividades de la Xira Did\u00e1ctica | Cand\u00e1s 365\" \/>\n\t\t<meta property=\"og:description\" content=\"Carre\u00f1o ser\u00e1 uno de los 30 concejos asturianos en los que se podr\u00e1 disfrutar de la Xira Did\u00e1ctica. La cita ser\u00e1 el 30 de octubre en el Teatro Prendes de Cand\u00e1s\" \/>\n\t\t<meta property=\"og:url\" content=\"https:\/\/candas365.es\/noticias\/candas-disfrutara-el-30-de-octubre-de-2025-con-las-actividades-de-la-xira-didactica\/\" \/>\n\t\t<meta property=\"og:image\" content=\"https:\/\/candas365.es\/noticias\/wp-content\/uploads\/2025\/09\/Xira-Didactica-en-Candas.jpg\" \/>\n\t\t<meta property=\"og:image:secure_url\" content=\"https:\/\/candas365.es\/noticias\/wp-content\/uploads\/2025\/09\/Xira-Didactica-en-Candas.jpg\" \/>\n\t\t<meta property=\"og:image:width\" content=\"910\" \/>\n\t\t<meta property=\"og:image:height\" content=\"658\" \/>\n\t\t<meta property=\"article:published_time\" content=\"2025-09-17T10:32:08+00:00\" \/>\n\t\t<meta property=\"article:modified_time\" content=\"2025-09-17T10:32:08+00:00\" \/>\n\t\t<meta property=\"article:publisher\" content=\"https:\/\/www.facebook.com\/Nachofdezber\" \/>\n\t\t<meta property=\"article:author\" content=\"https:\/\/www.facebook.com\/carrenoactualidad\" \/>\n\t\t<meta name=\"twitter:card\" content=\"summary_large_image\" \/>\n\t\t<meta name=\"twitter:site\" content=\"@NabercoDigital\" \/>\n\t\t<meta name=\"twitter:title\" content=\"Cand\u00e1s disfrutar\u00e1 el 30 de octubre de 2025 con las actividades de la Xira Did\u00e1ctica | Cand\u00e1s 365\" \/>\n\t\t<meta name=\"twitter:description\" content=\"Carre\u00f1o ser\u00e1 uno de los 30 concejos asturianos en los que se podr\u00e1 disfrutar de la Xira Did\u00e1ctica. La cita ser\u00e1 el 30 de octubre en el Teatro Prendes de Cand\u00e1s\" \/>\n\t\t<meta name=\"twitter:creator\" content=\"@nbasturias\" \/>\n\t\t<meta name=\"twitter:image\" content=\"https:\/\/candas365.es\/noticias\/wp-content\/uploads\/2025\/09\/Xira-Didactica-en-Candas.jpg\" \/>\n\t\t<meta name=\"twitter:label1\" content=\"Escrito por\" \/>\n\t\t<meta name=\"twitter:data1\" content=\"Cand\u00e1s 365\" \/>\n\t\t<meta name=\"twitter:label2\" content=\"Tiempo de lectura estimado\" \/>\n\t\t<meta name=\"twitter:data2\" content=\"4 minutos\" \/>\n\t\t<script type=\"application\/ld+json\" class=\"aioseo-schema\">\n\t\t\t{\"@context\":\"https:\\\/\\\/schema.org\",\"@graph\":[{\"@type\":\"BreadcrumbList\",\"@id\":\"https:\\\/\\\/candas365.es\\\/noticias\\\/candas-disfrutara-el-30-de-octubre-de-2025-con-las-actividades-de-la-xira-didactica\\\/#breadcrumblist\",\"itemListElement\":[{\"@type\":\"ListItem\",\"@id\":\"https:\\\/\\\/candas365.es\\\/noticias#listItem\",\"position\":1,\"name\":\"Home\",\"item\":\"https:\\\/\\\/candas365.es\\\/noticias\",\"nextItem\":{\"@type\":\"ListItem\",\"@id\":\"https:\\\/\\\/candas365.es\\\/noticias\\\/category\\\/noticias-carreno\\\/#listItem\",\"name\":\"Noticias Carre\\u00f1o\"}},{\"@type\":\"ListItem\",\"@id\":\"https:\\\/\\\/candas365.es\\\/noticias\\\/category\\\/noticias-carreno\\\/#listItem\",\"position\":2,\"name\":\"Noticias Carre\\u00f1o\",\"item\":\"https:\\\/\\\/candas365.es\\\/noticias\\\/category\\\/noticias-carreno\\\/\",\"nextItem\":{\"@type\":\"ListItem\",\"@id\":\"https:\\\/\\\/candas365.es\\\/noticias\\\/candas-disfrutara-el-30-de-octubre-de-2025-con-las-actividades-de-la-xira-didactica\\\/#listItem\",\"name\":\"Cand\\u00e1s disfrutar\\u00e1 el 30 de octubre de 2025 con las actividades de la Xira Did\\u00e1ctica\"},\"previousItem\":{\"@type\":\"ListItem\",\"@id\":\"https:\\\/\\\/candas365.es\\\/noticias#listItem\",\"name\":\"Home\"}},{\"@type\":\"ListItem\",\"@id\":\"https:\\\/\\\/candas365.es\\\/noticias\\\/candas-disfrutara-el-30-de-octubre-de-2025-con-las-actividades-de-la-xira-didactica\\\/#listItem\",\"position\":3,\"name\":\"Cand\\u00e1s disfrutar\\u00e1 el 30 de octubre de 2025 con las actividades de la Xira Did\\u00e1ctica\",\"previousItem\":{\"@type\":\"ListItem\",\"@id\":\"https:\\\/\\\/candas365.es\\\/noticias\\\/category\\\/noticias-carreno\\\/#listItem\",\"name\":\"Noticias Carre\\u00f1o\"}}]},{\"@type\":\"NewsArticle\",\"@id\":\"https:\\\/\\\/candas365.es\\\/noticias\\\/candas-disfrutara-el-30-de-octubre-de-2025-con-las-actividades-de-la-xira-didactica\\\/#newsarticle\",\"name\":\"Cand\\u00e1s disfrutar\\u00e1 el 30 de octubre de 2025 con las actividades de la Xira Did\\u00e1ctica | Cand\\u00e1s 365\",\"headline\":\"Cand\\u00e1s disfrutar\\u00e1 el 30 de octubre de 2025 con las actividades de la Xira Did\\u00e1ctica\",\"author\":{\"@id\":\"https:\\\/\\\/candas365.es\\\/noticias\\\/author\\\/admin\\\/#author\"},\"publisher\":{\"@id\":\"https:\\\/\\\/candas365.es\\\/noticias\\\/#organization\"},\"image\":{\"@type\":\"ImageObject\",\"url\":\"https:\\\/\\\/candas365.es\\\/noticias\\\/wp-content\\\/uploads\\\/2025\\\/09\\\/Xira-Didactica-en-Candas.jpg\",\"width\":910,\"height\":658,\"caption\":\"Foto: Prensa Gobierno de Asturias\"},\"datePublished\":\"2025-09-17T12:32:08+02:00\",\"dateModified\":\"2025-09-17T12:32:08+02:00\",\"inLanguage\":\"es-ES\",\"mainEntityOfPage\":{\"@id\":\"https:\\\/\\\/candas365.es\\\/noticias\\\/candas-disfrutara-el-30-de-octubre-de-2025-con-las-actividades-de-la-xira-didactica\\\/#webpage\"},\"isPartOf\":{\"@id\":\"https:\\\/\\\/candas365.es\\\/noticias\\\/candas-disfrutara-el-30-de-octubre-de-2025-con-las-actividades-de-la-xira-didactica\\\/#webpage\"},\"articleSection\":\"Noticias Carre\\u00f1o, Cand\\u00e1s, Carre\\u00f1o, cultura\",\"dateline\":\"Publicado el septiembre 17, 2025.\"},{\"@type\":\"Organization\",\"@id\":\"https:\\\/\\\/candas365.es\\\/noticias\\\/#organization\",\"name\":\"Cand\\u00e1s 365\",\"description\":\"Cand\\u00e1s 365 es un diario digital independiente, fundado en 2012, con base en Asturias. Informamos con rigor sobre actualidad, sociedad, cultura y ocio, con una mirada local y global.\",\"url\":\"https:\\\/\\\/candas365.es\\\/noticias\\\/\",\"email\":\"info@candas365.es\",\"telephone\":\"+34652131393\",\"foundingDate\":\"2012-06-10\",\"logo\":{\"@type\":\"ImageObject\",\"url\":\"https:\\\/\\\/candas365.es\\\/noticias\\\/wp-content\\\/uploads\\\/2024\\\/09\\\/Candas-365-Redes.jpg\",\"@id\":\"https:\\\/\\\/candas365.es\\\/noticias\\\/candas-disfrutara-el-30-de-octubre-de-2025-con-las-actividades-de-la-xira-didactica\\\/#organizationLogo\",\"width\":1152,\"height\":864,\"caption\":\"Cand\\u00e1s 365 Redes\"},\"image\":{\"@id\":\"https:\\\/\\\/candas365.es\\\/noticias\\\/candas-disfrutara-el-30-de-octubre-de-2025-con-las-actividades-de-la-xira-didactica\\\/#organizationLogo\"},\"sameAs\":[\"https:\\\/\\\/www.facebook.com\\\/Nachofdezber\",\"https:\\\/\\\/x.com\\\/NabercoDigital\",\"https:\\\/\\\/www.instagram.com\\\/nachofdezber\\\/\",\"https:\\\/\\\/www.youtube.com\\\/channel\\\/UCZP-2wLEB9Rv6erhFmqVnvg\"],\"address\":{\"@id\":\"https:\\\/\\\/candas365.es\\\/noticias\\\/#postaladdress\",\"@type\":\"PostalAddress\",\"streetAddress\":\"san antonio 4, san antonio 4\",\"postalCode\":\"33430\",\"addressLocality\":\"Cand\\u00e1s\",\"addressRegion\":\"Asturias\",\"addressCountry\":\"ES\"}},{\"@type\":\"Person\",\"@id\":\"https:\\\/\\\/candas365.es\\\/noticias\\\/author\\\/admin\\\/#author\",\"url\":\"https:\\\/\\\/candas365.es\\\/noticias\\\/author\\\/admin\\\/\",\"name\":\"Cand\\u00e1s 365\",\"image\":{\"@type\":\"ImageObject\",\"@id\":\"https:\\\/\\\/candas365.es\\\/noticias\\\/candas-disfrutara-el-30-de-octubre-de-2025-con-las-actividades-de-la-xira-didactica\\\/#authorImage\",\"url\":\"https:\\\/\\\/secure.gravatar.com\\\/avatar\\\/496a8e03d0c493ede1718b7934145dbdf8d89be1036b0eec9544e1094c9de390?s=96&d=mm&r=g\",\"width\":96,\"height\":96,\"caption\":\"Cand\\u00e1s 365\"},\"sameAs\":[\"https:\\\/\\\/www.facebook.com\\\/carrenoactualidad\",\"https:\\\/\\\/twitter.com\\\/nbasturias\",\"https:\\\/\\\/www.instagram.com\\\/nachofdezber\\\/\",\"https:\\\/\\\/www.youtube.com\\\/channel\\\/UCZP-2wLEB9Rv6erhFmqVnvg\"]},{\"@type\":\"WebPage\",\"@id\":\"https:\\\/\\\/candas365.es\\\/noticias\\\/candas-disfrutara-el-30-de-octubre-de-2025-con-las-actividades-de-la-xira-didactica\\\/#webpage\",\"url\":\"https:\\\/\\\/candas365.es\\\/noticias\\\/candas-disfrutara-el-30-de-octubre-de-2025-con-las-actividades-de-la-xira-didactica\\\/\",\"name\":\"Cand\\u00e1s disfrutar\\u00e1 el 30 de octubre de 2025 con las actividades de la Xira Did\\u00e1ctica | Cand\\u00e1s 365\",\"description\":\"Carre\\u00f1o ser\\u00e1 uno de los 30 concejos asturianos en los que se podr\\u00e1 disfrutar de la Xira Did\\u00e1ctica. La cita ser\\u00e1 el 30 de octubre en el Teatro Prendes de Cand\\u00e1s\",\"inLanguage\":\"es-ES\",\"isPartOf\":{\"@id\":\"https:\\\/\\\/candas365.es\\\/noticias\\\/#website\"},\"breadcrumb\":{\"@id\":\"https:\\\/\\\/candas365.es\\\/noticias\\\/candas-disfrutara-el-30-de-octubre-de-2025-con-las-actividades-de-la-xira-didactica\\\/#breadcrumblist\"},\"author\":{\"@id\":\"https:\\\/\\\/candas365.es\\\/noticias\\\/author\\\/admin\\\/#author\"},\"creator\":{\"@id\":\"https:\\\/\\\/candas365.es\\\/noticias\\\/author\\\/admin\\\/#author\"},\"image\":{\"@type\":\"ImageObject\",\"url\":\"https:\\\/\\\/candas365.es\\\/noticias\\\/wp-content\\\/uploads\\\/2025\\\/09\\\/Xira-Didactica-en-Candas.jpg\",\"@id\":\"https:\\\/\\\/candas365.es\\\/noticias\\\/candas-disfrutara-el-30-de-octubre-de-2025-con-las-actividades-de-la-xira-didactica\\\/#mainImage\",\"width\":910,\"height\":658,\"caption\":\"Foto: Prensa Gobierno de Asturias\"},\"primaryImageOfPage\":{\"@id\":\"https:\\\/\\\/candas365.es\\\/noticias\\\/candas-disfrutara-el-30-de-octubre-de-2025-con-las-actividades-de-la-xira-didactica\\\/#mainImage\"},\"datePublished\":\"2025-09-17T12:32:08+02:00\",\"dateModified\":\"2025-09-17T12:32:08+02:00\"},{\"@type\":\"WebSite\",\"@id\":\"https:\\\/\\\/candas365.es\\\/noticias\\\/#website\",\"url\":\"https:\\\/\\\/candas365.es\\\/noticias\\\/\",\"name\":\"Cand\\u00e1s 365\",\"alternateName\":\"Cand\\u00e1s 365 Noticias\",\"description\":\"Actualidad desde Carre\\u00f1o para el mundo\",\"inLanguage\":\"es-ES\",\"publisher\":{\"@id\":\"https:\\\/\\\/candas365.es\\\/noticias\\\/#organization\"}}]}\n\t\t<\/script>\n\t\t<!-- All in One SEO Pro -->\r\n\t\t<title>Cand\u00e1s disfrutar\u00e1 el 30 de octubre de 2025 con las actividades de la Xira Did\u00e1ctica | Cand\u00e1s 365<\/title>\n\n","aioseo_head_json":{"title":"Cand\u00e1s disfrutar\u00e1 el 30 de octubre de 2025 con las actividades de la Xira Did\u00e1ctica | Cand\u00e1s 365","description":"Carre\u00f1o ser\u00e1 uno de los 30 concejos asturianos en los que se podr\u00e1 disfrutar de la Xira Did\u00e1ctica. La cita ser\u00e1 el 30 de octubre en el Teatro Prendes de Cand\u00e1s","canonical_url":"https:\/\/candas365.es\/noticias\/candas-disfrutara-el-30-de-octubre-de-2025-con-las-actividades-de-la-xira-didactica\/","robots":"max-image-preview:large","keywords":"noticias carre\u00f1o","webmasterTools":{"google-site-verification":"UA-32230408-1","msvalidate.01":"354F3CDFB2DA171B47FBE9ABF1F88D5","miscellaneous":""},"schema":{"@context":"https:\/\/schema.org","@graph":[{"@type":"BreadcrumbList","@id":"https:\/\/candas365.es\/noticias\/candas-disfrutara-el-30-de-octubre-de-2025-con-las-actividades-de-la-xira-didactica\/#breadcrumblist","itemListElement":[{"@type":"ListItem","@id":"https:\/\/candas365.es\/noticias#listItem","position":1,"name":"Home","item":"https:\/\/candas365.es\/noticias","nextItem":{"@type":"ListItem","@id":"https:\/\/candas365.es\/noticias\/category\/noticias-carreno\/#listItem","name":"Noticias Carre\u00f1o"}},{"@type":"ListItem","@id":"https:\/\/candas365.es\/noticias\/category\/noticias-carreno\/#listItem","position":2,"name":"Noticias Carre\u00f1o","item":"https:\/\/candas365.es\/noticias\/category\/noticias-carreno\/","nextItem":{"@type":"ListItem","@id":"https:\/\/candas365.es\/noticias\/candas-disfrutara-el-30-de-octubre-de-2025-con-las-actividades-de-la-xira-didactica\/#listItem","name":"Cand\u00e1s disfrutar\u00e1 el 30 de octubre de 2025 con las actividades de la Xira Did\u00e1ctica"},"previousItem":{"@type":"ListItem","@id":"https:\/\/candas365.es\/noticias#listItem","name":"Home"}},{"@type":"ListItem","@id":"https:\/\/candas365.es\/noticias\/candas-disfrutara-el-30-de-octubre-de-2025-con-las-actividades-de-la-xira-didactica\/#listItem","position":3,"name":"Cand\u00e1s disfrutar\u00e1 el 30 de octubre de 2025 con las actividades de la Xira Did\u00e1ctica","previousItem":{"@type":"ListItem","@id":"https:\/\/candas365.es\/noticias\/category\/noticias-carreno\/#listItem","name":"Noticias Carre\u00f1o"}}]},{"@type":"NewsArticle","@id":"https:\/\/candas365.es\/noticias\/candas-disfrutara-el-30-de-octubre-de-2025-con-las-actividades-de-la-xira-didactica\/#newsarticle","name":"Cand\u00e1s disfrutar\u00e1 el 30 de octubre de 2025 con las actividades de la Xira Did\u00e1ctica | Cand\u00e1s 365","headline":"Cand\u00e1s disfrutar\u00e1 el 30 de octubre de 2025 con las actividades de la Xira Did\u00e1ctica","author":{"@id":"https:\/\/candas365.es\/noticias\/author\/admin\/#author"},"publisher":{"@id":"https:\/\/candas365.es\/noticias\/#organization"},"image":{"@type":"ImageObject","url":"https:\/\/candas365.es\/noticias\/wp-content\/uploads\/2025\/09\/Xira-Didactica-en-Candas.jpg","width":910,"height":658,"caption":"Foto: Prensa Gobierno de Asturias"},"datePublished":"2025-09-17T12:32:08+02:00","dateModified":"2025-09-17T12:32:08+02:00","inLanguage":"es-ES","mainEntityOfPage":{"@id":"https:\/\/candas365.es\/noticias\/candas-disfrutara-el-30-de-octubre-de-2025-con-las-actividades-de-la-xira-didactica\/#webpage"},"isPartOf":{"@id":"https:\/\/candas365.es\/noticias\/candas-disfrutara-el-30-de-octubre-de-2025-con-las-actividades-de-la-xira-didactica\/#webpage"},"articleSection":"Noticias Carre\u00f1o, Cand\u00e1s, Carre\u00f1o, cultura","dateline":"Publicado el septiembre 17, 2025."},{"@type":"Organization","@id":"https:\/\/candas365.es\/noticias\/#organization","name":"Cand\u00e1s 365","description":"Cand\u00e1s 365 es un diario digital independiente, fundado en 2012, con base en Asturias. Informamos con rigor sobre actualidad, sociedad, cultura y ocio, con una mirada local y global.","url":"https:\/\/candas365.es\/noticias\/","email":"info@candas365.es","telephone":"+34652131393","foundingDate":"2012-06-10","logo":{"@type":"ImageObject","url":"https:\/\/candas365.es\/noticias\/wp-content\/uploads\/2024\/09\/Candas-365-Redes.jpg","@id":"https:\/\/candas365.es\/noticias\/candas-disfrutara-el-30-de-octubre-de-2025-con-las-actividades-de-la-xira-didactica\/#organizationLogo","width":1152,"height":864,"caption":"Cand\u00e1s 365 Redes"},"image":{"@id":"https:\/\/candas365.es\/noticias\/candas-disfrutara-el-30-de-octubre-de-2025-con-las-actividades-de-la-xira-didactica\/#organizationLogo"},"sameAs":["https:\/\/www.facebook.com\/Nachofdezber","https:\/\/x.com\/NabercoDigital","https:\/\/www.instagram.com\/nachofdezber\/","https:\/\/www.youtube.com\/channel\/UCZP-2wLEB9Rv6erhFmqVnvg"],"address":{"@id":"https:\/\/candas365.es\/noticias\/#postaladdress","@type":"PostalAddress","streetAddress":"san antonio 4, san antonio 4","postalCode":"33430","addressLocality":"Cand\u00e1s","addressRegion":"Asturias","addressCountry":"ES"}},{"@type":"Person","@id":"https:\/\/candas365.es\/noticias\/author\/admin\/#author","url":"https:\/\/candas365.es\/noticias\/author\/admin\/","name":"Cand\u00e1s 365","image":{"@type":"ImageObject","@id":"https:\/\/candas365.es\/noticias\/candas-disfrutara-el-30-de-octubre-de-2025-con-las-actividades-de-la-xira-didactica\/#authorImage","url":"https:\/\/secure.gravatar.com\/avatar\/496a8e03d0c493ede1718b7934145dbdf8d89be1036b0eec9544e1094c9de390?s=96&d=mm&r=g","width":96,"height":96,"caption":"Cand\u00e1s 365"},"sameAs":["https:\/\/www.facebook.com\/carrenoactualidad","https:\/\/twitter.com\/nbasturias","https:\/\/www.instagram.com\/nachofdezber\/","https:\/\/www.youtube.com\/channel\/UCZP-2wLEB9Rv6erhFmqVnvg"]},{"@type":"WebPage","@id":"https:\/\/candas365.es\/noticias\/candas-disfrutara-el-30-de-octubre-de-2025-con-las-actividades-de-la-xira-didactica\/#webpage","url":"https:\/\/candas365.es\/noticias\/candas-disfrutara-el-30-de-octubre-de-2025-con-las-actividades-de-la-xira-didactica\/","name":"Cand\u00e1s disfrutar\u00e1 el 30 de octubre de 2025 con las actividades de la Xira Did\u00e1ctica | Cand\u00e1s 365","description":"Carre\u00f1o ser\u00e1 uno de los 30 concejos asturianos en los que se podr\u00e1 disfrutar de la Xira Did\u00e1ctica. La cita ser\u00e1 el 30 de octubre en el Teatro Prendes de Cand\u00e1s","inLanguage":"es-ES","isPartOf":{"@id":"https:\/\/candas365.es\/noticias\/#website"},"breadcrumb":{"@id":"https:\/\/candas365.es\/noticias\/candas-disfrutara-el-30-de-octubre-de-2025-con-las-actividades-de-la-xira-didactica\/#breadcrumblist"},"author":{"@id":"https:\/\/candas365.es\/noticias\/author\/admin\/#author"},"creator":{"@id":"https:\/\/candas365.es\/noticias\/author\/admin\/#author"},"image":{"@type":"ImageObject","url":"https:\/\/candas365.es\/noticias\/wp-content\/uploads\/2025\/09\/Xira-Didactica-en-Candas.jpg","@id":"https:\/\/candas365.es\/noticias\/candas-disfrutara-el-30-de-octubre-de-2025-con-las-actividades-de-la-xira-didactica\/#mainImage","width":910,"height":658,"caption":"Foto: Prensa Gobierno de Asturias"},"primaryImageOfPage":{"@id":"https:\/\/candas365.es\/noticias\/candas-disfrutara-el-30-de-octubre-de-2025-con-las-actividades-de-la-xira-didactica\/#mainImage"},"datePublished":"2025-09-17T12:32:08+02:00","dateModified":"2025-09-17T12:32:08+02:00"},{"@type":"WebSite","@id":"https:\/\/candas365.es\/noticias\/#website","url":"https:\/\/candas365.es\/noticias\/","name":"Cand\u00e1s 365","alternateName":"Cand\u00e1s 365 Noticias","description":"Actualidad desde Carre\u00f1o para el mundo","inLanguage":"es-ES","publisher":{"@id":"https:\/\/candas365.es\/noticias\/#organization"}}]},"og:locale":"es_ES","og:site_name":"Cand\u00e1s 365","og:type":"article","og:title":"Cand\u00e1s disfrutar\u00e1 el 30 de octubre de 2025 con las actividades de la Xira Did\u00e1ctica | Cand\u00e1s 365","og:description":"Carre\u00f1o ser\u00e1 uno de los 30 concejos asturianos en los que se podr\u00e1 disfrutar de la Xira Did\u00e1ctica. La cita ser\u00e1 el 30 de octubre en el Teatro Prendes de Cand\u00e1s","og:url":"https:\/\/candas365.es\/noticias\/candas-disfrutara-el-30-de-octubre-de-2025-con-las-actividades-de-la-xira-didactica\/","og:image":"https:\/\/candas365.es\/noticias\/wp-content\/uploads\/2025\/09\/Xira-Didactica-en-Candas.jpg","og:image:secure_url":"https:\/\/candas365.es\/noticias\/wp-content\/uploads\/2025\/09\/Xira-Didactica-en-Candas.jpg","og:image:width":910,"og:image:height":658,"article:published_time":"2025-09-17T10:32:08+00:00","article:modified_time":"2025-09-17T10:32:08+00:00","article:publisher":"https:\/\/www.facebook.com\/Nachofdezber","article:author":"https:\/\/www.facebook.com\/carrenoactualidad","twitter:card":"summary_large_image","twitter:site":"@NabercoDigital","twitter:title":"Cand\u00e1s disfrutar\u00e1 el 30 de octubre de 2025 con las actividades de la Xira Did\u00e1ctica | Cand\u00e1s 365","twitter:description":"Carre\u00f1o ser\u00e1 uno de los 30 concejos asturianos en los que se podr\u00e1 disfrutar de la Xira Did\u00e1ctica. La cita ser\u00e1 el 30 de octubre en el Teatro Prendes de Cand\u00e1s","twitter:creator":"@nbasturias","twitter:image":"https:\/\/candas365.es\/noticias\/wp-content\/uploads\/2025\/09\/Xira-Didactica-en-Candas.jpg","twitter:label1":"Escrito por","twitter:data1":"Cand\u00e1s 365","twitter:label2":"Tiempo de lectura estimado","twitter:data2":"4 minutos"},"aioseo_meta_data":{"post_id":"187769","title":null,"description":"Carre\u00f1o ser\u00e1 uno de los 30 concejos asturianos en los que se podr\u00e1 disfrutar de la Xira Did\u00e1ctica. La cita ser\u00e1 el 30 de octubre en el Teatro Prendes de Cand\u00e1s","keywords":null,"keyphrases":{"focus":{"keyphrase":"Cand\u00e1s","score":78,"analysis":{"keyphraseInTitle":{"score":9,"maxScore":9,"error":0},"keyphraseInDescription":{"score":9,"maxScore":9,"error":0},"keyphraseLength":{"score":9,"maxScore":9,"error":0,"length":2},"keyphraseInURL":{"score":5,"maxScore":5,"error":0},"keyphraseInIntroduction":{"score":9,"maxScore":9,"error":0},"keyphraseInSubHeadings":{"score":3,"maxScore":9,"error":1},"keyphraseInImageAlt":{"score":9,"maxScore":9,"error":0},"keywordDensity":{"score":0,"type":"low","maxScore":9,"error":1}}},"additional":[{"keyphrase":"Cand\u00e1s","score":80,"analysis":{"keyphraseInDescription":{"score":9,"maxScore":9,"error":0},"keyphraseLength":{"score":9,"maxScore":9,"error":0,"length":2},"keyphraseInIntroduction":{"score":9,"maxScore":9,"error":0},"keyphraseInImageAlt":{"score":9,"maxScore":9,"error":0},"keywordDensity":{"score":0,"type":"low","maxScore":9,"error":1}}},{"keyphrase":"Xira Did\u00e1ctica","score":100,"analysis":{"keyphraseInDescription":{"score":9,"maxScore":9,"error":0},"keyphraseLength":{"score":9,"maxScore":9,"error":0,"length":3},"keyphraseInIntroduction":{"score":9,"maxScore":9,"error":0},"keyphraseInImageAlt":{"score":9,"maxScore":9,"error":0},"keywordDensity":{"type":"best","score":9,"maxScore":9,"error":0}}}]},"primary_term":null,"canonical_url":null,"og_title":null,"og_description":null,"og_object_type":"default","og_image_type":"default","og_image_url":null,"og_image_width":null,"og_image_height":null,"og_image_custom_url":null,"og_image_custom_fields":null,"og_video":"","og_custom_url":null,"og_article_section":null,"og_article_tags":null,"twitter_use_og":false,"twitter_card":"default","twitter_image_type":"default","twitter_image_url":null,"twitter_image_custom_url":null,"twitter_image_custom_fields":null,"twitter_title":null,"twitter_description":null,"schema":{"blockGraphs":[],"customGraphs":[],"default":{"data":{"Article":[],"Course":[],"Dataset":[],"FAQPage":[],"Movie":[],"Person":[],"Product":[],"ProductReview":[],"Car":[],"Recipe":[],"Service":[],"SoftwareApplication":[],"WebPage":[]},"graphName":"Article","isEnabled":true},"graphs":[]},"schema_type":"default","schema_type_options":null,"pillar_content":false,"robots_default":true,"robots_noindex":false,"robots_noarchive":false,"robots_nosnippet":false,"robots_nofollow":false,"robots_noimageindex":false,"robots_noodp":false,"robots_notranslate":false,"robots_max_snippet":"-1","robots_max_videopreview":"-1","robots_max_imagepreview":"large","priority":null,"frequency":"default","location":null,"local_seo":null,"seo_analyzer_scan_date":"2025-09-17 10:32:18","breadcrumb_settings":null,"limit_modified_date":false,"reviewed_by":null,"open_ai":null,"ai":{"faqs":[],"keyPoints":[],"titles":[],"descriptions":[],"socialPosts":{"email":[],"linkedin":[],"twitter":[],"facebook":[],"instagram":[]}},"created":"2025-09-17 10:21:18","updated":"2025-09-17 10:45:17"},"aioseo_breadcrumb":"<div class=\"aioseo-breadcrumbs\"><span class=\"aioseo-breadcrumb\">\n\t<a href=\"https:\/\/candas365.es\/noticias\" title=\"Home\">Home<\/a>\n<\/span><span class=\"aioseo-breadcrumb-separator\">&ndash;<\/span><span class=\"aioseo-breadcrumb\">\n\t<a href=\"https:\/\/candas365.es\/noticias\/category\/noticias-carreno\/\" title=\"Noticias Carre\u00f1o\">Noticias Carre\u00f1o<\/a>\n<\/span><span class=\"aioseo-breadcrumb-separator\">&ndash;<\/span><span class=\"aioseo-breadcrumb\">\n\tCand\u00e1s disfrutar\u00e1 el 30 de octubre de 2025 con las actividades de la Xira Did\u00e1ctica\n<\/span><\/div>","aioseo_breadcrumb_json":[{"label":"Home","link":"https:\/\/candas365.es\/noticias"},{"label":"Noticias Carre\u00f1o","link":"https:\/\/candas365.es\/noticias\/category\/noticias-carreno\/"},{"label":"Cand\u00e1s disfrutar\u00e1 el 30 de octubre de 2025 con las actividades de la Xira Did\u00e1ctica","link":"https:\/\/candas365.es\/noticias\/candas-disfrutara-el-30-de-octubre-de-2025-con-las-actividades-de-la-xira-didactica\/"}],"_links":{"self":[{"href":"https:\/\/candas365.es\/noticias\/wp-json\/wp\/v2\/posts\/187769","targetHints":{"allow":["GET"]}}],"collection":[{"href":"https:\/\/candas365.es\/noticias\/wp-json\/wp\/v2\/posts"}],"about":[{"href":"https:\/\/candas365.es\/noticias\/wp-json\/wp\/v2\/types\/post"}],"author":[{"embeddable":true,"href":"https:\/\/candas365.es\/noticias\/wp-json\/wp\/v2\/users\/1"}],"replies":[{"embeddable":true,"href":"https:\/\/candas365.es\/noticias\/wp-json\/wp\/v2\/comments?post=187769"}],"version-history":[{"count":0,"href":"https:\/\/candas365.es\/noticias\/wp-json\/wp\/v2\/posts\/187769\/revisions"}],"wp:featuredmedia":[{"embeddable":true,"href":"https:\/\/candas365.es\/noticias\/wp-json\/wp\/v2\/media\/187770"}],"wp:attachment":[{"href":"https:\/\/candas365.es\/noticias\/wp-json\/wp\/v2\/media?parent=187769"}],"wp:term":[{"taxonomy":"category","embeddable":true,"href":"https:\/\/candas365.es\/noticias\/wp-json\/wp\/v2\/categories?post=187769"},{"taxonomy":"post_tag","embeddable":true,"href":"https:\/\/candas365.es\/noticias\/wp-json\/wp\/v2\/tags?post=187769"}],"curies":[{"name":"wp","href":"https:\/\/api.w.org\/{rel}","templated":true}]}}