{"id":187766,"date":"2025-09-17T11:57:16","date_gmt":"2025-09-17T09:57:16","guid":{"rendered":"https:\/\/candas365.es\/noticias\/?p=187766"},"modified":"2025-09-17T11:57:16","modified_gmt":"2025-09-17T09:57:16","slug":"el-futuro-de-los-suv-en-espana-entre-la-comodidad-y-la-sostenibilidad","status":"publish","type":"post","link":"https:\/\/candas365.es\/noticias\/el-futuro-de-los-suv-en-espana-entre-la-comodidad-y-la-sostenibilidad\/","title":{"rendered":"El futuro de los SUV en Espa\u00f1a: entre la comodidad y la sostenibilidad"},"content":{"rendered":"<p>En la \u00faltima d\u00e9cada, los SUV (veh\u00edculos utilitarios deportivos) se han convertido en los grandes protagonistas del <a href=\"https:\/\/candas365.es\/noticias\/category\/economia\/\"><span style=\"color: #ff6600;\"><strong>mercado automotriz<\/strong><\/span><\/a> en Espa\u00f1a. Su dise\u00f1o robusto, la posici\u00f3n elevada de conducci\u00f3n y la versatilidad para adaptarse tanto a la ciudad como a la carretera han conquistado a miles de conductores. Sin embargo, en un contexto marcado por la sostenibilidad y las nuevas normativas medioambientales, surge la pregunta: \u00bfcu\u00e1l es el futuro de los SUV?<\/p>\n<figure id=\"attachment_187767\" aria-describedby=\"caption-attachment-187767\" style=\"width: 650px\" class=\"wp-caption aligncenter\"><img fetchpriority=\"high\" decoding=\"async\" class=\"size-large wp-image-187767\" src=\"https:\/\/candas365.es\/noticias\/wp-content\/uploads\/2025\/09\/El-futuro-de-los-SUV-en-Espana-650x414.jpg\" alt=\"El futuro de los SUV en Espa\u00f1a\" width=\"650\" height=\"414\" srcset=\"https:\/\/candas365.es\/noticias\/wp-content\/uploads\/2025\/09\/El-futuro-de-los-SUV-en-Espana-650x414.jpg 650w, https:\/\/candas365.es\/noticias\/wp-content\/uploads\/2025\/09\/El-futuro-de-los-SUV-en-Espana-360x229.jpg 360w, https:\/\/candas365.es\/noticias\/wp-content\/uploads\/2025\/09\/El-futuro-de-los-SUV-en-Espana-768x490.jpg 768w, https:\/\/candas365.es\/noticias\/wp-content\/uploads\/2025\/09\/El-futuro-de-los-SUV-en-Espana-150x96.jpg 150w, https:\/\/candas365.es\/noticias\/wp-content\/uploads\/2025\/09\/El-futuro-de-los-SUV-en-Espana-450x287.jpg 450w, https:\/\/candas365.es\/noticias\/wp-content\/uploads\/2025\/09\/El-futuro-de-los-SUV-en-Espana.jpg 993w\" sizes=\"(max-width: 650px) 100vw, 650px\" \/><figcaption id=\"caption-attachment-187767\" class=\"wp-caption-text\">Foto: 123rf.com<\/figcaption><\/figure>\n<h2>El auge imparable de los SUV<\/h2>\n<p>Seg\u00fan datos de la Asociaci\u00f3n Espa\u00f1ola de Fabricantes de Autom\u00f3viles, los SUV representan ya m\u00e1s del 40% de las ventas de coches nuevos en Espa\u00f1a. Su popularidad se debe a varios factores: mayor espacio interior, seguridad reforzada y una est\u00e9tica que transmite robustez y modernidad. Adem\u00e1s, la amplia gama disponible \u2014desde compactos urbanos hasta modelos de gran tama\u00f1o\u2014 ha permitido que se adapten a diferentes necesidades y bolsillos.<\/p>\n<h2>El reto de la sostenibilidad<\/h2>\n<p>El crecimiento de los SUV ha generado cr\u00edticas por su impacto medioambiental. Estos veh\u00edculos, en su versi\u00f3n de combusti\u00f3n, suelen consumir m\u00e1s combustible y emitir m\u00e1s CO\u2082 que los <a href=\"https:\/\/eldigitaldeasturias.com\/magazine365\/category\/motor\/\" target=\"_blank\" rel=\"noopener\"><span style=\"color: #ff6600;\"><strong>coches compactos<\/strong><\/span><\/a>. Ante este panorama, los fabricantes han iniciado una transici\u00f3n hacia versiones h\u00edbridas y el\u00e9ctricas que permitan mantener la esencia del SUV sin renunciar a la eficiencia energ\u00e9tica.<\/p>\n<p>En Espa\u00f1a, ya es habitual encontrar modelos h\u00edbridos enchufables o totalmente el\u00e9ctricos dentro del segmento SUV, lo que demuestra que la industria est\u00e1 adapt\u00e1ndose a las exigencias de una movilidad m\u00e1s limpia.<\/p>\n<h2>La apuesta tecnol\u00f3gica<\/h2>\n<p>El futuro de los SUV no se entiende sin la innovaci\u00f3n tecnol\u00f3gica. Los nuevos modelos incorporan asistentes de conducci\u00f3n, sistemas avanzados de seguridad y conectividad digital que transforman la experiencia al volante. Estas mejoras no solo aumentan la comodidad, sino que tambi\u00e9n contribuyen a reducir el consumo y a optimizar la eficiencia del veh\u00edculo.<\/p>\n<h2>Un mercado en transformaci\u00f3n<\/h2>\n<p>El consumidor espa\u00f1ol se encuentra en un punto de inflexi\u00f3n. Por un lado, contin\u00faa la preferencia por veh\u00edculos espaciosos y c\u00f3modos; por otro, crece la conciencia medioambiental y la necesidad de adaptarse a restricciones urbanas como las zonas de bajas emisiones. El \u00e9xito futuro de los SUV depender\u00e1 de su capacidad para ofrecer un equilibrio entre comodidad, seguridad y sostenibilidad.<\/p>\n<p><strong>Los SUV seguir\u00e1n siendo protagonistas del mercado automotriz en Espa\u00f1a, pero su evoluci\u00f3n estar\u00e1 marcada por la transici\u00f3n ecol\u00f3gica.<\/strong> Los modelos h\u00edbridos y el\u00e9ctricos se consolidar\u00e1n como la opci\u00f3n preferente en un futuro cercano, permitiendo a los conductores disfrutar de las ventajas de estos veh\u00edculos sin comprometer el cuidado del medio ambiente. En definitiva, el futuro de los SUV depender\u00e1 de su capacidad de reinventarse, y todo indica que est\u00e1n preparados para superar el reto.<\/p>\n","protected":false},"excerpt":{"rendered":"<p>En la \u00faltima d\u00e9cada, los SUV (veh\u00edculos utilitarios deportivos) se han convertido en los grandes protagonistas del mercado automotriz en Espa\u00f1a. Su dise\u00f1o robusto, la posici\u00f3n elevada de conducci\u00f3n y la versatilidad para adaptarse tanto a la ciudad como a la carretera han conquistado a miles de conductores. Sin embargo, en un contexto marcado por<\/p>\n","protected":false},"author":1,"featured_media":187767,"comment_status":"closed","ping_status":"closed","sticky":false,"template":"","format":"standard","meta":{"footnotes":""},"categories":[486],"tags":[437,420],"class_list":{"0":"post-187766","1":"post","2":"type-post","3":"status-publish","4":"format-standard","5":"has-post-thumbnail","7":"category-economia","8":"tag-economia","9":"tag-motor"},"aioseo_notices":[],"aioseo_head":"\n\t\t<!-- All in One SEO Pro 4.9.6.2 - aioseo.com -->\n\t<meta name=\"description\" content=\"En la \u00faltima d\u00e9cada, los SUV (veh\u00edculos utilitarios deportivos) se han convertido en los grandes protagonistas del mercado automotriz en Espa\u00f1a.\" \/>\n\t<meta name=\"robots\" content=\"max-image-preview:large\" \/>\n\t<meta name=\"author\" content=\"Cand\u00e1s 365\"\/>\n\t<meta name=\"google-site-verification\" content=\"UA-32230408-1\" \/>\n\t<meta name=\"msvalidate.01\" content=\"354F3CDFB2DA171B47FBE9ABF1F88D5\" \/>\n\t<meta name=\"keywords\" content=\"econom\u00eda\" \/>\n\t<link rel=\"canonical\" href=\"https:\/\/candas365.es\/noticias\/el-futuro-de-los-suv-en-espana-entre-la-comodidad-y-la-sostenibilidad\/\" \/>\n\t<meta name=\"generator\" content=\"All in One SEO Pro (AIOSEO) 4.9.6.2\" \/>\n\t\t<meta property=\"og:locale\" content=\"es_ES\" \/>\n\t\t<meta property=\"og:site_name\" content=\"Cand\u00e1s 365\" \/>\n\t\t<meta property=\"og:type\" content=\"article\" \/>\n\t\t<meta property=\"og:title\" content=\"El futuro de los SUV en Espa\u00f1a: entre la comodidad y la sostenibilidad | Cand\u00e1s 365\" \/>\n\t\t<meta property=\"og:description\" content=\"En la \u00faltima d\u00e9cada, los SUV (veh\u00edculos utilitarios deportivos) se han convertido en los grandes protagonistas del mercado automotriz en Espa\u00f1a.\" \/>\n\t\t<meta property=\"og:url\" content=\"https:\/\/candas365.es\/noticias\/el-futuro-de-los-suv-en-espana-entre-la-comodidad-y-la-sostenibilidad\/\" \/>\n\t\t<meta property=\"og:image\" content=\"https:\/\/candas365.es\/noticias\/wp-content\/uploads\/2025\/09\/El-futuro-de-los-SUV-en-Espana.jpg\" \/>\n\t\t<meta property=\"og:image:secure_url\" content=\"https:\/\/candas365.es\/noticias\/wp-content\/uploads\/2025\/09\/El-futuro-de-los-SUV-en-Espana.jpg\" \/>\n\t\t<meta property=\"og:image:width\" content=\"993\" \/>\n\t\t<meta property=\"og:image:height\" content=\"633\" \/>\n\t\t<meta property=\"article:published_time\" content=\"2025-09-17T09:57:16+00:00\" \/>\n\t\t<meta property=\"article:modified_time\" content=\"2025-09-17T09:57:16+00:00\" \/>\n\t\t<meta property=\"article:publisher\" content=\"https:\/\/www.facebook.com\/Nachofdezber\" \/>\n\t\t<meta property=\"article:author\" content=\"https:\/\/www.facebook.com\/carrenoactualidad\" \/>\n\t\t<meta name=\"twitter:card\" content=\"summary_large_image\" \/>\n\t\t<meta name=\"twitter:site\" content=\"@NabercoDigital\" \/>\n\t\t<meta name=\"twitter:title\" content=\"El futuro de los SUV en Espa\u00f1a: entre la comodidad y la sostenibilidad | Cand\u00e1s 365\" \/>\n\t\t<meta name=\"twitter:description\" content=\"En la \u00faltima d\u00e9cada, los SUV (veh\u00edculos utilitarios deportivos) se han convertido en los grandes protagonistas del mercado automotriz en Espa\u00f1a.\" \/>\n\t\t<meta name=\"twitter:creator\" content=\"@nbasturias\" \/>\n\t\t<meta name=\"twitter:image\" content=\"https:\/\/candas365.es\/noticias\/wp-content\/uploads\/2025\/09\/El-futuro-de-los-SUV-en-Espana.jpg\" \/>\n\t\t<meta name=\"twitter:label1\" content=\"Escrito por\" \/>\n\t\t<meta name=\"twitter:data1\" content=\"Cand\u00e1s 365\" \/>\n\t\t<meta name=\"twitter:label2\" content=\"Tiempo de lectura estimado\" \/>\n\t\t<meta name=\"twitter:data2\" content=\"3 minutos\" \/>\n\t\t<script type=\"application\/ld+json\" class=\"aioseo-schema\">\n\t\t\t{\"@context\":\"https:\\\/\\\/schema.org\",\"@graph\":[{\"@type\":\"BreadcrumbList\",\"@id\":\"https:\\\/\\\/candas365.es\\\/noticias\\\/el-futuro-de-los-suv-en-espana-entre-la-comodidad-y-la-sostenibilidad\\\/#breadcrumblist\",\"itemListElement\":[{\"@type\":\"ListItem\",\"@id\":\"https:\\\/\\\/candas365.es\\\/noticias#listItem\",\"position\":1,\"name\":\"Home\",\"item\":\"https:\\\/\\\/candas365.es\\\/noticias\",\"nextItem\":{\"@type\":\"ListItem\",\"@id\":\"https:\\\/\\\/candas365.es\\\/noticias\\\/category\\\/economia\\\/#listItem\",\"name\":\"Econom\\u00eda\"}},{\"@type\":\"ListItem\",\"@id\":\"https:\\\/\\\/candas365.es\\\/noticias\\\/category\\\/economia\\\/#listItem\",\"position\":2,\"name\":\"Econom\\u00eda\",\"item\":\"https:\\\/\\\/candas365.es\\\/noticias\\\/category\\\/economia\\\/\",\"nextItem\":{\"@type\":\"ListItem\",\"@id\":\"https:\\\/\\\/candas365.es\\\/noticias\\\/el-futuro-de-los-suv-en-espana-entre-la-comodidad-y-la-sostenibilidad\\\/#listItem\",\"name\":\"El futuro de los SUV en Espa\\u00f1a: entre la comodidad y la sostenibilidad\"},\"previousItem\":{\"@type\":\"ListItem\",\"@id\":\"https:\\\/\\\/candas365.es\\\/noticias#listItem\",\"name\":\"Home\"}},{\"@type\":\"ListItem\",\"@id\":\"https:\\\/\\\/candas365.es\\\/noticias\\\/el-futuro-de-los-suv-en-espana-entre-la-comodidad-y-la-sostenibilidad\\\/#listItem\",\"position\":3,\"name\":\"El futuro de los SUV en Espa\\u00f1a: entre la comodidad y la sostenibilidad\",\"previousItem\":{\"@type\":\"ListItem\",\"@id\":\"https:\\\/\\\/candas365.es\\\/noticias\\\/category\\\/economia\\\/#listItem\",\"name\":\"Econom\\u00eda\"}}]},{\"@type\":\"NewsArticle\",\"@id\":\"https:\\\/\\\/candas365.es\\\/noticias\\\/el-futuro-de-los-suv-en-espana-entre-la-comodidad-y-la-sostenibilidad\\\/#newsarticle\",\"name\":\"El futuro de los SUV en Espa\\u00f1a: entre la comodidad y la sostenibilidad | Cand\\u00e1s 365\",\"headline\":\"El futuro de los SUV en Espa\\u00f1a: entre la comodidad y la sostenibilidad\",\"author\":{\"@id\":\"https:\\\/\\\/candas365.es\\\/noticias\\\/author\\\/admin\\\/#author\"},\"publisher\":{\"@id\":\"https:\\\/\\\/candas365.es\\\/noticias\\\/#organization\"},\"image\":{\"@type\":\"ImageObject\",\"url\":\"https:\\\/\\\/candas365.es\\\/noticias\\\/wp-content\\\/uploads\\\/2025\\\/09\\\/El-futuro-de-los-SUV-en-Espana.jpg\",\"width\":993,\"height\":633,\"caption\":\"Foto: 123rf.com\"},\"datePublished\":\"2025-09-17T11:57:16+02:00\",\"dateModified\":\"2025-09-17T11:57:16+02:00\",\"inLanguage\":\"es-ES\",\"mainEntityOfPage\":{\"@id\":\"https:\\\/\\\/candas365.es\\\/noticias\\\/el-futuro-de-los-suv-en-espana-entre-la-comodidad-y-la-sostenibilidad\\\/#webpage\"},\"isPartOf\":{\"@id\":\"https:\\\/\\\/candas365.es\\\/noticias\\\/el-futuro-de-los-suv-en-espana-entre-la-comodidad-y-la-sostenibilidad\\\/#webpage\"},\"articleSection\":\"Econom\\u00eda, Econom\\u00eda, Motor\",\"dateline\":\"Publicado el septiembre 17, 2025.\"},{\"@type\":\"Organization\",\"@id\":\"https:\\\/\\\/candas365.es\\\/noticias\\\/#organization\",\"name\":\"Cand\\u00e1s 365\",\"description\":\"Cand\\u00e1s 365 es un diario digital independiente, fundado en 2012, con base en Asturias. Informamos con rigor sobre actualidad, sociedad, cultura y ocio, con una mirada local y global.\",\"url\":\"https:\\\/\\\/candas365.es\\\/noticias\\\/\",\"email\":\"info@candas365.es\",\"telephone\":\"+34652131393\",\"foundingDate\":\"2012-06-10\",\"logo\":{\"@type\":\"ImageObject\",\"url\":\"https:\\\/\\\/candas365.es\\\/noticias\\\/wp-content\\\/uploads\\\/2024\\\/09\\\/Candas-365-Redes.jpg\",\"@id\":\"https:\\\/\\\/candas365.es\\\/noticias\\\/el-futuro-de-los-suv-en-espana-entre-la-comodidad-y-la-sostenibilidad\\\/#organizationLogo\",\"width\":1152,\"height\":864,\"caption\":\"Cand\\u00e1s 365 Redes\"},\"image\":{\"@id\":\"https:\\\/\\\/candas365.es\\\/noticias\\\/el-futuro-de-los-suv-en-espana-entre-la-comodidad-y-la-sostenibilidad\\\/#organizationLogo\"},\"sameAs\":[\"https:\\\/\\\/www.facebook.com\\\/Nachofdezber\",\"https:\\\/\\\/x.com\\\/NabercoDigital\",\"https:\\\/\\\/www.instagram.com\\\/nachofdezber\\\/\",\"https:\\\/\\\/www.youtube.com\\\/channel\\\/UCZP-2wLEB9Rv6erhFmqVnvg\"],\"address\":{\"@id\":\"https:\\\/\\\/candas365.es\\\/noticias\\\/#postaladdress\",\"@type\":\"PostalAddress\",\"streetAddress\":\"san antonio 4, san antonio 4\",\"postalCode\":\"33430\",\"addressLocality\":\"Cand\\u00e1s\",\"addressRegion\":\"Asturias\",\"addressCountry\":\"ES\"}},{\"@type\":\"Person\",\"@id\":\"https:\\\/\\\/candas365.es\\\/noticias\\\/author\\\/admin\\\/#author\",\"url\":\"https:\\\/\\\/candas365.es\\\/noticias\\\/author\\\/admin\\\/\",\"name\":\"Cand\\u00e1s 365\",\"image\":{\"@type\":\"ImageObject\",\"@id\":\"https:\\\/\\\/candas365.es\\\/noticias\\\/el-futuro-de-los-suv-en-espana-entre-la-comodidad-y-la-sostenibilidad\\\/#authorImage\",\"url\":\"https:\\\/\\\/secure.gravatar.com\\\/avatar\\\/496a8e03d0c493ede1718b7934145dbdf8d89be1036b0eec9544e1094c9de390?s=96&d=mm&r=g\",\"width\":96,\"height\":96,\"caption\":\"Cand\\u00e1s 365\"},\"sameAs\":[\"https:\\\/\\\/www.facebook.com\\\/carrenoactualidad\",\"https:\\\/\\\/twitter.com\\\/nbasturias\",\"https:\\\/\\\/www.instagram.com\\\/nachofdezber\\\/\",\"https:\\\/\\\/www.youtube.com\\\/channel\\\/UCZP-2wLEB9Rv6erhFmqVnvg\"]},{\"@type\":\"WebPage\",\"@id\":\"https:\\\/\\\/candas365.es\\\/noticias\\\/el-futuro-de-los-suv-en-espana-entre-la-comodidad-y-la-sostenibilidad\\\/#webpage\",\"url\":\"https:\\\/\\\/candas365.es\\\/noticias\\\/el-futuro-de-los-suv-en-espana-entre-la-comodidad-y-la-sostenibilidad\\\/\",\"name\":\"El futuro de los SUV en Espa\\u00f1a: entre la comodidad y la sostenibilidad | Cand\\u00e1s 365\",\"description\":\"En la \\u00faltima d\\u00e9cada, los SUV (veh\\u00edculos utilitarios deportivos) se han convertido en los grandes protagonistas del mercado automotriz en Espa\\u00f1a.\",\"inLanguage\":\"es-ES\",\"isPartOf\":{\"@id\":\"https:\\\/\\\/candas365.es\\\/noticias\\\/#website\"},\"breadcrumb\":{\"@id\":\"https:\\\/\\\/candas365.es\\\/noticias\\\/el-futuro-de-los-suv-en-espana-entre-la-comodidad-y-la-sostenibilidad\\\/#breadcrumblist\"},\"author\":{\"@id\":\"https:\\\/\\\/candas365.es\\\/noticias\\\/author\\\/admin\\\/#author\"},\"creator\":{\"@id\":\"https:\\\/\\\/candas365.es\\\/noticias\\\/author\\\/admin\\\/#author\"},\"image\":{\"@type\":\"ImageObject\",\"url\":\"https:\\\/\\\/candas365.es\\\/noticias\\\/wp-content\\\/uploads\\\/2025\\\/09\\\/El-futuro-de-los-SUV-en-Espana.jpg\",\"@id\":\"https:\\\/\\\/candas365.es\\\/noticias\\\/el-futuro-de-los-suv-en-espana-entre-la-comodidad-y-la-sostenibilidad\\\/#mainImage\",\"width\":993,\"height\":633,\"caption\":\"Foto: 123rf.com\"},\"primaryImageOfPage\":{\"@id\":\"https:\\\/\\\/candas365.es\\\/noticias\\\/el-futuro-de-los-suv-en-espana-entre-la-comodidad-y-la-sostenibilidad\\\/#mainImage\"},\"datePublished\":\"2025-09-17T11:57:16+02:00\",\"dateModified\":\"2025-09-17T11:57:16+02:00\"},{\"@type\":\"WebSite\",\"@id\":\"https:\\\/\\\/candas365.es\\\/noticias\\\/#website\",\"url\":\"https:\\\/\\\/candas365.es\\\/noticias\\\/\",\"name\":\"Cand\\u00e1s 365\",\"alternateName\":\"Cand\\u00e1s 365 Noticias\",\"description\":\"Actualidad desde Carre\\u00f1o para el mundo\",\"inLanguage\":\"es-ES\",\"publisher\":{\"@id\":\"https:\\\/\\\/candas365.es\\\/noticias\\\/#organization\"}}]}\n\t\t<\/script>\n\t\t<!-- All in One SEO Pro -->\r\n\t\t<title>El futuro de los SUV en Espa\u00f1a: entre la comodidad y la sostenibilidad | Cand\u00e1s 365<\/title>\n\n","aioseo_head_json":{"title":"El futuro de los SUV en Espa\u00f1a: entre la comodidad y la sostenibilidad | Cand\u00e1s 365","description":"En la \u00faltima d\u00e9cada, los SUV (veh\u00edculos utilitarios deportivos) se han convertido en los grandes protagonistas del mercado automotriz en Espa\u00f1a.","canonical_url":"https:\/\/candas365.es\/noticias\/el-futuro-de-los-suv-en-espana-entre-la-comodidad-y-la-sostenibilidad\/","robots":"max-image-preview:large","keywords":"econom\u00eda","webmasterTools":{"google-site-verification":"UA-32230408-1","msvalidate.01":"354F3CDFB2DA171B47FBE9ABF1F88D5","miscellaneous":""},"schema":{"@context":"https:\/\/schema.org","@graph":[{"@type":"BreadcrumbList","@id":"https:\/\/candas365.es\/noticias\/el-futuro-de-los-suv-en-espana-entre-la-comodidad-y-la-sostenibilidad\/#breadcrumblist","itemListElement":[{"@type":"ListItem","@id":"https:\/\/candas365.es\/noticias#listItem","position":1,"name":"Home","item":"https:\/\/candas365.es\/noticias","nextItem":{"@type":"ListItem","@id":"https:\/\/candas365.es\/noticias\/category\/economia\/#listItem","name":"Econom\u00eda"}},{"@type":"ListItem","@id":"https:\/\/candas365.es\/noticias\/category\/economia\/#listItem","position":2,"name":"Econom\u00eda","item":"https:\/\/candas365.es\/noticias\/category\/economia\/","nextItem":{"@type":"ListItem","@id":"https:\/\/candas365.es\/noticias\/el-futuro-de-los-suv-en-espana-entre-la-comodidad-y-la-sostenibilidad\/#listItem","name":"El futuro de los SUV en Espa\u00f1a: entre la comodidad y la sostenibilidad"},"previousItem":{"@type":"ListItem","@id":"https:\/\/candas365.es\/noticias#listItem","name":"Home"}},{"@type":"ListItem","@id":"https:\/\/candas365.es\/noticias\/el-futuro-de-los-suv-en-espana-entre-la-comodidad-y-la-sostenibilidad\/#listItem","position":3,"name":"El futuro de los SUV en Espa\u00f1a: entre la comodidad y la sostenibilidad","previousItem":{"@type":"ListItem","@id":"https:\/\/candas365.es\/noticias\/category\/economia\/#listItem","name":"Econom\u00eda"}}]},{"@type":"NewsArticle","@id":"https:\/\/candas365.es\/noticias\/el-futuro-de-los-suv-en-espana-entre-la-comodidad-y-la-sostenibilidad\/#newsarticle","name":"El futuro de los SUV en Espa\u00f1a: entre la comodidad y la sostenibilidad | Cand\u00e1s 365","headline":"El futuro de los SUV en Espa\u00f1a: entre la comodidad y la sostenibilidad","author":{"@id":"https:\/\/candas365.es\/noticias\/author\/admin\/#author"},"publisher":{"@id":"https:\/\/candas365.es\/noticias\/#organization"},"image":{"@type":"ImageObject","url":"https:\/\/candas365.es\/noticias\/wp-content\/uploads\/2025\/09\/El-futuro-de-los-SUV-en-Espana.jpg","width":993,"height":633,"caption":"Foto: 123rf.com"},"datePublished":"2025-09-17T11:57:16+02:00","dateModified":"2025-09-17T11:57:16+02:00","inLanguage":"es-ES","mainEntityOfPage":{"@id":"https:\/\/candas365.es\/noticias\/el-futuro-de-los-suv-en-espana-entre-la-comodidad-y-la-sostenibilidad\/#webpage"},"isPartOf":{"@id":"https:\/\/candas365.es\/noticias\/el-futuro-de-los-suv-en-espana-entre-la-comodidad-y-la-sostenibilidad\/#webpage"},"articleSection":"Econom\u00eda, Econom\u00eda, Motor","dateline":"Publicado el septiembre 17, 2025."},{"@type":"Organization","@id":"https:\/\/candas365.es\/noticias\/#organization","name":"Cand\u00e1s 365","description":"Cand\u00e1s 365 es un diario digital independiente, fundado en 2012, con base en Asturias. Informamos con rigor sobre actualidad, sociedad, cultura y ocio, con una mirada local y global.","url":"https:\/\/candas365.es\/noticias\/","email":"info@candas365.es","telephone":"+34652131393","foundingDate":"2012-06-10","logo":{"@type":"ImageObject","url":"https:\/\/candas365.es\/noticias\/wp-content\/uploads\/2024\/09\/Candas-365-Redes.jpg","@id":"https:\/\/candas365.es\/noticias\/el-futuro-de-los-suv-en-espana-entre-la-comodidad-y-la-sostenibilidad\/#organizationLogo","width":1152,"height":864,"caption":"Cand\u00e1s 365 Redes"},"image":{"@id":"https:\/\/candas365.es\/noticias\/el-futuro-de-los-suv-en-espana-entre-la-comodidad-y-la-sostenibilidad\/#organizationLogo"},"sameAs":["https:\/\/www.facebook.com\/Nachofdezber","https:\/\/x.com\/NabercoDigital","https:\/\/www.instagram.com\/nachofdezber\/","https:\/\/www.youtube.com\/channel\/UCZP-2wLEB9Rv6erhFmqVnvg"],"address":{"@id":"https:\/\/candas365.es\/noticias\/#postaladdress","@type":"PostalAddress","streetAddress":"san antonio 4, san antonio 4","postalCode":"33430","addressLocality":"Cand\u00e1s","addressRegion":"Asturias","addressCountry":"ES"}},{"@type":"Person","@id":"https:\/\/candas365.es\/noticias\/author\/admin\/#author","url":"https:\/\/candas365.es\/noticias\/author\/admin\/","name":"Cand\u00e1s 365","image":{"@type":"ImageObject","@id":"https:\/\/candas365.es\/noticias\/el-futuro-de-los-suv-en-espana-entre-la-comodidad-y-la-sostenibilidad\/#authorImage","url":"https:\/\/secure.gravatar.com\/avatar\/496a8e03d0c493ede1718b7934145dbdf8d89be1036b0eec9544e1094c9de390?s=96&d=mm&r=g","width":96,"height":96,"caption":"Cand\u00e1s 365"},"sameAs":["https:\/\/www.facebook.com\/carrenoactualidad","https:\/\/twitter.com\/nbasturias","https:\/\/www.instagram.com\/nachofdezber\/","https:\/\/www.youtube.com\/channel\/UCZP-2wLEB9Rv6erhFmqVnvg"]},{"@type":"WebPage","@id":"https:\/\/candas365.es\/noticias\/el-futuro-de-los-suv-en-espana-entre-la-comodidad-y-la-sostenibilidad\/#webpage","url":"https:\/\/candas365.es\/noticias\/el-futuro-de-los-suv-en-espana-entre-la-comodidad-y-la-sostenibilidad\/","name":"El futuro de los SUV en Espa\u00f1a: entre la comodidad y la sostenibilidad | Cand\u00e1s 365","description":"En la \u00faltima d\u00e9cada, los SUV (veh\u00edculos utilitarios deportivos) se han convertido en los grandes protagonistas del mercado automotriz en Espa\u00f1a.","inLanguage":"es-ES","isPartOf":{"@id":"https:\/\/candas365.es\/noticias\/#website"},"breadcrumb":{"@id":"https:\/\/candas365.es\/noticias\/el-futuro-de-los-suv-en-espana-entre-la-comodidad-y-la-sostenibilidad\/#breadcrumblist"},"author":{"@id":"https:\/\/candas365.es\/noticias\/author\/admin\/#author"},"creator":{"@id":"https:\/\/candas365.es\/noticias\/author\/admin\/#author"},"image":{"@type":"ImageObject","url":"https:\/\/candas365.es\/noticias\/wp-content\/uploads\/2025\/09\/El-futuro-de-los-SUV-en-Espana.jpg","@id":"https:\/\/candas365.es\/noticias\/el-futuro-de-los-suv-en-espana-entre-la-comodidad-y-la-sostenibilidad\/#mainImage","width":993,"height":633,"caption":"Foto: 123rf.com"},"primaryImageOfPage":{"@id":"https:\/\/candas365.es\/noticias\/el-futuro-de-los-suv-en-espana-entre-la-comodidad-y-la-sostenibilidad\/#mainImage"},"datePublished":"2025-09-17T11:57:16+02:00","dateModified":"2025-09-17T11:57:16+02:00"},{"@type":"WebSite","@id":"https:\/\/candas365.es\/noticias\/#website","url":"https:\/\/candas365.es\/noticias\/","name":"Cand\u00e1s 365","alternateName":"Cand\u00e1s 365 Noticias","description":"Actualidad desde Carre\u00f1o para el mundo","inLanguage":"es-ES","publisher":{"@id":"https:\/\/candas365.es\/noticias\/#organization"}}]},"og:locale":"es_ES","og:site_name":"Cand\u00e1s 365","og:type":"article","og:title":"El futuro de los SUV en Espa\u00f1a: entre la comodidad y la sostenibilidad | Cand\u00e1s 365","og:description":"En la \u00faltima d\u00e9cada, los SUV (veh\u00edculos utilitarios deportivos) se han convertido en los grandes protagonistas del mercado automotriz en Espa\u00f1a.","og:url":"https:\/\/candas365.es\/noticias\/el-futuro-de-los-suv-en-espana-entre-la-comodidad-y-la-sostenibilidad\/","og:image":"https:\/\/candas365.es\/noticias\/wp-content\/uploads\/2025\/09\/El-futuro-de-los-SUV-en-Espana.jpg","og:image:secure_url":"https:\/\/candas365.es\/noticias\/wp-content\/uploads\/2025\/09\/El-futuro-de-los-SUV-en-Espana.jpg","og:image:width":993,"og:image:height":633,"article:published_time":"2025-09-17T09:57:16+00:00","article:modified_time":"2025-09-17T09:57:16+00:00","article:publisher":"https:\/\/www.facebook.com\/Nachofdezber","article:author":"https:\/\/www.facebook.com\/carrenoactualidad","twitter:card":"summary_large_image","twitter:site":"@NabercoDigital","twitter:title":"El futuro de los SUV en Espa\u00f1a: entre la comodidad y la sostenibilidad | Cand\u00e1s 365","twitter:description":"En la \u00faltima d\u00e9cada, los SUV (veh\u00edculos utilitarios deportivos) se han convertido en los grandes protagonistas del mercado automotriz en Espa\u00f1a.","twitter:creator":"@nbasturias","twitter:image":"https:\/\/candas365.es\/noticias\/wp-content\/uploads\/2025\/09\/El-futuro-de-los-SUV-en-Espana.jpg","twitter:label1":"Escrito por","twitter:data1":"Cand\u00e1s 365","twitter:label2":"Tiempo de lectura estimado","twitter:data2":"3 minutos"},"aioseo_meta_data":{"post_id":"187766","title":null,"description":"En la \u00faltima d\u00e9cada, los SUV (veh\u00edculos utilitarios deportivos) se han convertido en los grandes protagonistas del mercado automotriz en Espa\u00f1a.","keywords":null,"keyphrases":{"focus":{"keyphrase":"SUV","score":91,"analysis":{"keyphraseInTitle":{"score":9,"maxScore":9,"error":0},"keyphraseInDescription":{"score":9,"maxScore":9,"error":0},"keyphraseLength":{"score":9,"maxScore":9,"error":0,"length":1},"keyphraseInURL":{"score":5,"maxScore":5,"error":0},"keyphraseInIntroduction":{"score":9,"maxScore":9,"error":0},"keyphraseInSubHeadings":{"score":3,"maxScore":9,"error":1},"keyphraseInImageAlt":{"score":9,"maxScore":9,"error":0},"keywordDensity":{"type":"best","score":9,"maxScore":9,"error":0}}},"additional":[{"keyphrase":"Espa\u00f1a","score":100,"analysis":{"keyphraseInDescription":{"score":9,"maxScore":9,"error":0},"keyphraseLength":{"score":9,"maxScore":9,"error":0,"length":2},"keyphraseInIntroduction":{"score":9,"maxScore":9,"error":0},"keyphraseInImageAlt":{"score":9,"maxScore":9,"error":0},"keywordDensity":{"type":"best","score":9,"maxScore":9,"error":0}}}]},"primary_term":null,"canonical_url":null,"og_title":null,"og_description":null,"og_object_type":"default","og_image_type":"default","og_image_url":null,"og_image_width":null,"og_image_height":null,"og_image_custom_url":null,"og_image_custom_fields":null,"og_video":"","og_custom_url":null,"og_article_section":null,"og_article_tags":null,"twitter_use_og":false,"twitter_card":"default","twitter_image_type":"default","twitter_image_url":null,"twitter_image_custom_url":null,"twitter_image_custom_fields":null,"twitter_title":null,"twitter_description":null,"schema":{"blockGraphs":[],"customGraphs":[],"default":{"data":{"Article":[],"Course":[],"Dataset":[],"FAQPage":[],"Movie":[],"Person":[],"Product":[],"ProductReview":[],"Car":[],"Recipe":[],"Service":[],"SoftwareApplication":[],"WebPage":[]},"graphName":"Article","isEnabled":true},"graphs":[]},"schema_type":"default","schema_type_options":null,"pillar_content":false,"robots_default":true,"robots_noindex":false,"robots_noarchive":false,"robots_nosnippet":false,"robots_nofollow":false,"robots_noimageindex":false,"robots_noodp":false,"robots_notranslate":false,"robots_max_snippet":"-1","robots_max_videopreview":"-1","robots_max_imagepreview":"large","priority":null,"frequency":"default","location":null,"local_seo":null,"seo_analyzer_scan_date":"2025-09-17 09:57:24","breadcrumb_settings":null,"limit_modified_date":false,"reviewed_by":null,"open_ai":null,"ai":{"faqs":[],"keyPoints":[],"titles":[],"descriptions":[],"socialPosts":{"email":[],"linkedin":[],"twitter":[],"facebook":[],"instagram":[]}},"created":"2025-09-17 09:50:19","updated":"2025-09-17 09:57:25"},"aioseo_breadcrumb":"<div class=\"aioseo-breadcrumbs\"><span class=\"aioseo-breadcrumb\">\n\t<a href=\"https:\/\/candas365.es\/noticias\" title=\"Home\">Home<\/a>\n<\/span><span class=\"aioseo-breadcrumb-separator\">&ndash;<\/span><span class=\"aioseo-breadcrumb\">\n\t<a href=\"https:\/\/candas365.es\/noticias\/category\/economia\/\" title=\"Econom\u00eda\">Econom\u00eda<\/a>\n<\/span><span class=\"aioseo-breadcrumb-separator\">&ndash;<\/span><span class=\"aioseo-breadcrumb\">\n\tEl futuro de los SUV en Espa\u00f1a: entre la comodidad y la sostenibilidad\n<\/span><\/div>","aioseo_breadcrumb_json":[{"label":"Home","link":"https:\/\/candas365.es\/noticias"},{"label":"Econom\u00eda","link":"https:\/\/candas365.es\/noticias\/category\/economia\/"},{"label":"El futuro de los SUV en Espa\u00f1a: entre la comodidad y la sostenibilidad","link":"https:\/\/candas365.es\/noticias\/el-futuro-de-los-suv-en-espana-entre-la-comodidad-y-la-sostenibilidad\/"}],"_links":{"self":[{"href":"https:\/\/candas365.es\/noticias\/wp-json\/wp\/v2\/posts\/187766","targetHints":{"allow":["GET"]}}],"collection":[{"href":"https:\/\/candas365.es\/noticias\/wp-json\/wp\/v2\/posts"}],"about":[{"href":"https:\/\/candas365.es\/noticias\/wp-json\/wp\/v2\/types\/post"}],"author":[{"embeddable":true,"href":"https:\/\/candas365.es\/noticias\/wp-json\/wp\/v2\/users\/1"}],"replies":[{"embeddable":true,"href":"https:\/\/candas365.es\/noticias\/wp-json\/wp\/v2\/comments?post=187766"}],"version-history":[{"count":0,"href":"https:\/\/candas365.es\/noticias\/wp-json\/wp\/v2\/posts\/187766\/revisions"}],"wp:featuredmedia":[{"embeddable":true,"href":"https:\/\/candas365.es\/noticias\/wp-json\/wp\/v2\/media\/187767"}],"wp:attachment":[{"href":"https:\/\/candas365.es\/noticias\/wp-json\/wp\/v2\/media?parent=187766"}],"wp:term":[{"taxonomy":"category","embeddable":true,"href":"https:\/\/candas365.es\/noticias\/wp-json\/wp\/v2\/categories?post=187766"},{"taxonomy":"post_tag","embeddable":true,"href":"https:\/\/candas365.es\/noticias\/wp-json\/wp\/v2\/tags?post=187766"}],"curies":[{"name":"wp","href":"https:\/\/api.w.org\/{rel}","templated":true}]}}