{"id":187755,"date":"2025-09-17T11:18:53","date_gmt":"2025-09-17T09:18:53","guid":{"rendered":"https:\/\/candas365.es\/noticias\/?p=187755"},"modified":"2025-09-17T11:22:30","modified_gmt":"2025-09-17T09:22:30","slug":"nuevo-premio-literario-para-xurde-fernandez-y-marian-garcia","status":"publish","type":"post","link":"https:\/\/candas365.es\/noticias\/nuevo-premio-literario-para-xurde-fernandez-y-marian-garcia\/","title":{"rendered":"Nuevo premio literario para Xurde Fern\u00e1ndez y Mari\u00e1n Garc\u00eda"},"content":{"rendered":"<p>El escritor de <a href=\"https:\/\/candas365.es\/noticias\/category\/noticias-carreno\/\"><span style=\"color: #ff6600;\"><strong>Cand\u00e1s<\/strong><\/span><\/a> Xurde Fern\u00e1ndez ha sido galardonado junto a Mari\u00e1n Garc\u00eda con el <strong>XVIII Premio Mar\u00eda Josefa Canellada<\/strong>\u00a0de literatura infantil y juvenil en asturiano<\/p>\n<figure id=\"attachment_187756\" aria-describedby=\"caption-attachment-187756\" style=\"width: 650px\" class=\"wp-caption aligncenter\"><img fetchpriority=\"high\" decoding=\"async\" class=\"size-large wp-image-187756\" src=\"https:\/\/candas365.es\/noticias\/wp-content\/uploads\/2025\/09\/premio-literario-650x355.jpg\" alt=\"premio literario\" width=\"650\" height=\"355\" srcset=\"https:\/\/candas365.es\/noticias\/wp-content\/uploads\/2025\/09\/premio-literario-650x355.jpg 650w, https:\/\/candas365.es\/noticias\/wp-content\/uploads\/2025\/09\/premio-literario-360x197.jpg 360w, https:\/\/candas365.es\/noticias\/wp-content\/uploads\/2025\/09\/premio-literario-768x420.jpg 768w, https:\/\/candas365.es\/noticias\/wp-content\/uploads\/2025\/09\/premio-literario-150x82.jpg 150w, https:\/\/candas365.es\/noticias\/wp-content\/uploads\/2025\/09\/premio-literario-450x246.jpg 450w, https:\/\/candas365.es\/noticias\/wp-content\/uploads\/2025\/09\/premio-literario.jpg 1090w\" sizes=\"(max-width: 650px) 100vw, 650px\" \/><figcaption id=\"caption-attachment-187756\" class=\"wp-caption-text\">Foto: 123rf.com<\/figcaption><\/figure>\n<p>Los escritores Mari\u00e1n Garc\u00eda y Xurde Fern\u00e1ndez han ganado el XVIII Premio Mar\u00eda Josefa Canellada de literatura infantil y juvenil en lengua asturiana con su novela Ascensoristes S.A.<\/p>\n<p>El jurado, reunido en el Ayuntamiento de Cabranes, ha destacado <strong>\u201cla fluidez y dinamismu d&#8217;una obra que retoma la idea de los viaxes nel tiempu fil\u00e1ndola con referencies culturales a la historia d&#8217;Asturies\u201d.<\/strong><\/p>\n<p>En esta edici\u00f3n, el tribunal ha estado compuesto por Milio Rodr\u00edguez Cueto, ganador de la anterior edici\u00f3n; Gerardo Fabi\u00e1n, alcalde de Cabranes; Alonso Zamora, hijo de Mar\u00eda Josefa Canellada; Alba Carballo L\u00f3pez, fil\u00f3loga y Alba S\u00e1nchez Batalla, docente de lengua asturiana. Como presidenta ha actuado Juncal M\u00f3nica Garc\u00eda Velasco, jefa del Servicio de Planificaci\u00f3n y Normalizaci\u00f3n Lling\u00fc\u00edstica del <a href=\"https:\/\/actualidad.asturias.es\/\" target=\"_blank\" rel=\"noopener\"><span style=\"color: #ff6600;\"><strong>Principado<\/strong><\/span><\/a>, y como secretario Xos\u00e9 Miguel Su\u00e1rez Fern\u00e1ndez.<\/p>\n<p><strong>Mari\u00e1n Garc\u00eda<\/strong> (Gij\u00f3n, 1975), licenciada en Filolog\u00eda Espa\u00f1ola y especialista en Filolog\u00eda Asturiana, es profesora de Educaci\u00f3n Secundaria en el IES Fern\u00e1ndez Vall\u00edn de Gij\u00f3n\/Xix\u00f3n. Es autora, junto con Xurde Fern\u00e1ndez, de las novelas El color del escaezu, y Aeropuertu, de libros juveniles e infantiles como Febreru 29; finalista del Premiu Asturnews, o L\u2019\u00e1rbol de la verd\u00e1, as\u00ed como autora de materiales para el aprendizaje de la lengua asturiana (A la gueta del material espard\u00edo).<\/p>\n<blockquote><p>Tambi\u00e9n ha traducido al asturiano diversas obras de teatro: Dormiyosos, Formigues, Les piripirates y The Asturian Sisters.<\/p><\/blockquote>\n<p><strong>Xurde Fern\u00e1nde<\/strong>z (Carre\u00f1o, 1975) es doctor en Equidad, Igualdad e Innovaci\u00f3n Educativa, licenciado en Filolog\u00eda Espa\u00f1ola y especialista en Filolog\u00eda Asturiana. Trabaja como profesor de Secundaria en el IES Nueve Valles, de San Miguel (Cantabria). Ha publicado libros de poes\u00eda (Dif\u00edcil. Premio Fern\u00e1n Coronas), de cuentos (D\u00edes d\u2019iviernu, Premio Llorienzu Novo Mier), novelas (Intentu d\u2019escritura. Premio de la Cr\u00edtica) libros juveniles (como la serie protagonizada por Ariel y Berta), obras de teatro (\u00a1Pa L\u2019Habana! Premiu de l\u2019Academia de la Llingua Asturiana), espect\u00e1culos (Palabres. Premiu de la Cr\u00edtica de la RTPA) y libros para el aprendizaje de la lengua asturiana (A la gueta de material espard\u00edo, junto con Mari\u00e1n Garc\u00eda).<\/p>\n<p>Sus \u00faltimas creaciones son la novela Caledonian Road y el espect\u00e1culo Llamando a conceyu.<\/p>\n","protected":false},"excerpt":{"rendered":"<p>El escritor de Cand\u00e1s Xurde Fern\u00e1ndez ha sido galardonado junto a Mari\u00e1n Garc\u00eda con el XVIII Premio Mar\u00eda Josefa Canellada\u00a0de literatura infantil y juvenil en asturiano Los escritores Mari\u00e1n Garc\u00eda y Xurde Fern\u00e1ndez han ganado el XVIII Premio Mar\u00eda Josefa Canellada de literatura infantil y juvenil en lengua asturiana con su novela Ascensoristes S.A. El<\/p>\n","protected":false},"author":1,"featured_media":187756,"comment_status":"closed","ping_status":"closed","sticky":false,"template":"","format":"standard","meta":{"footnotes":""},"categories":[2],"tags":[366,430],"class_list":{"0":"post-187755","1":"post","2":"type-post","3":"status-publish","4":"format-standard","5":"has-post-thumbnail","7":"category-noticias-carreno","8":"tag-candas","9":"tag-cultura"},"aioseo_notices":[],"aioseo_head":"\n\t\t<!-- All in One SEO Pro 4.9.6.2 - aioseo.com -->\n\t<meta name=\"description\" content=\"El escritor de Cand\u00e1s Xurde Fern\u00e1ndez ha sido galardonado junto a Mari\u00e1n Garc\u00eda con el XVIII Premio Mar\u00eda Josefa Canellada de literatura infantil y juvenil\" \/>\n\t<meta name=\"robots\" content=\"max-image-preview:large\" \/>\n\t<meta name=\"author\" content=\"Cand\u00e1s 365\"\/>\n\t<meta name=\"google-site-verification\" content=\"UA-32230408-1\" \/>\n\t<meta name=\"msvalidate.01\" content=\"354F3CDFB2DA171B47FBE9ABF1F88D5\" \/>\n\t<meta name=\"keywords\" content=\"noticias carre\u00f1o\" \/>\n\t<link rel=\"canonical\" href=\"https:\/\/candas365.es\/noticias\/nuevo-premio-literario-para-xurde-fernandez-y-marian-garcia\/\" \/>\n\t<meta name=\"generator\" content=\"All in One SEO Pro (AIOSEO) 4.9.6.2\" \/>\n\t\t<meta property=\"og:locale\" content=\"es_ES\" \/>\n\t\t<meta property=\"og:site_name\" content=\"Cand\u00e1s 365\" \/>\n\t\t<meta property=\"og:type\" content=\"article\" \/>\n\t\t<meta property=\"og:title\" content=\"Nuevo premio literario para Xurde Fern\u00e1ndez y Mari\u00e1n Garc\u00eda | Cand\u00e1s 365\" \/>\n\t\t<meta property=\"og:description\" content=\"El escritor de Cand\u00e1s Xurde Fern\u00e1ndez ha sido galardonado junto a Mari\u00e1n Garc\u00eda con el XVIII Premio Mar\u00eda Josefa Canellada de literatura infantil y juvenil\" \/>\n\t\t<meta property=\"og:url\" content=\"https:\/\/candas365.es\/noticias\/nuevo-premio-literario-para-xurde-fernandez-y-marian-garcia\/\" \/>\n\t\t<meta property=\"og:image\" content=\"https:\/\/candas365.es\/noticias\/wp-content\/uploads\/2025\/09\/premio-literario.jpg\" \/>\n\t\t<meta property=\"og:image:secure_url\" content=\"https:\/\/candas365.es\/noticias\/wp-content\/uploads\/2025\/09\/premio-literario.jpg\" \/>\n\t\t<meta property=\"og:image:width\" content=\"1090\" \/>\n\t\t<meta property=\"og:image:height\" content=\"596\" \/>\n\t\t<meta property=\"article:published_time\" content=\"2025-09-17T09:18:53+00:00\" \/>\n\t\t<meta property=\"article:modified_time\" content=\"2025-09-17T09:22:30+00:00\" \/>\n\t\t<meta property=\"article:publisher\" content=\"https:\/\/www.facebook.com\/Nachofdezber\" \/>\n\t\t<meta property=\"article:author\" content=\"https:\/\/www.facebook.com\/carrenoactualidad\" \/>\n\t\t<meta name=\"twitter:card\" content=\"summary_large_image\" \/>\n\t\t<meta name=\"twitter:site\" content=\"@NabercoDigital\" \/>\n\t\t<meta name=\"twitter:title\" content=\"Nuevo premio literario para Xurde Fern\u00e1ndez y Mari\u00e1n Garc\u00eda | Cand\u00e1s 365\" \/>\n\t\t<meta name=\"twitter:description\" content=\"El escritor de Cand\u00e1s Xurde Fern\u00e1ndez ha sido galardonado junto a Mari\u00e1n Garc\u00eda con el XVIII Premio Mar\u00eda Josefa Canellada de literatura infantil y juvenil\" \/>\n\t\t<meta name=\"twitter:creator\" content=\"@nbasturias\" \/>\n\t\t<meta name=\"twitter:image\" content=\"https:\/\/candas365.es\/noticias\/wp-content\/uploads\/2025\/09\/premio-literario.jpg\" \/>\n\t\t<meta name=\"twitter:label1\" content=\"Escrito por\" \/>\n\t\t<meta name=\"twitter:data1\" content=\"Cand\u00e1s 365\" \/>\n\t\t<meta name=\"twitter:label2\" content=\"Tiempo de lectura estimado\" \/>\n\t\t<meta name=\"twitter:data2\" content=\"2 minutos\" \/>\n\t\t<script type=\"application\/ld+json\" class=\"aioseo-schema\">\n\t\t\t{\"@context\":\"https:\\\/\\\/schema.org\",\"@graph\":[{\"@type\":\"BreadcrumbList\",\"@id\":\"https:\\\/\\\/candas365.es\\\/noticias\\\/nuevo-premio-literario-para-xurde-fernandez-y-marian-garcia\\\/#breadcrumblist\",\"itemListElement\":[{\"@type\":\"ListItem\",\"@id\":\"https:\\\/\\\/candas365.es\\\/noticias#listItem\",\"position\":1,\"name\":\"Home\",\"item\":\"https:\\\/\\\/candas365.es\\\/noticias\",\"nextItem\":{\"@type\":\"ListItem\",\"@id\":\"https:\\\/\\\/candas365.es\\\/noticias\\\/category\\\/noticias-carreno\\\/#listItem\",\"name\":\"Noticias Carre\\u00f1o\"}},{\"@type\":\"ListItem\",\"@id\":\"https:\\\/\\\/candas365.es\\\/noticias\\\/category\\\/noticias-carreno\\\/#listItem\",\"position\":2,\"name\":\"Noticias Carre\\u00f1o\",\"item\":\"https:\\\/\\\/candas365.es\\\/noticias\\\/category\\\/noticias-carreno\\\/\",\"nextItem\":{\"@type\":\"ListItem\",\"@id\":\"https:\\\/\\\/candas365.es\\\/noticias\\\/nuevo-premio-literario-para-xurde-fernandez-y-marian-garcia\\\/#listItem\",\"name\":\"Nuevo premio literario para Xurde Fern\\u00e1ndez y Mari\\u00e1n Garc\\u00eda\"},\"previousItem\":{\"@type\":\"ListItem\",\"@id\":\"https:\\\/\\\/candas365.es\\\/noticias#listItem\",\"name\":\"Home\"}},{\"@type\":\"ListItem\",\"@id\":\"https:\\\/\\\/candas365.es\\\/noticias\\\/nuevo-premio-literario-para-xurde-fernandez-y-marian-garcia\\\/#listItem\",\"position\":3,\"name\":\"Nuevo premio literario para Xurde Fern\\u00e1ndez y Mari\\u00e1n Garc\\u00eda\",\"previousItem\":{\"@type\":\"ListItem\",\"@id\":\"https:\\\/\\\/candas365.es\\\/noticias\\\/category\\\/noticias-carreno\\\/#listItem\",\"name\":\"Noticias Carre\\u00f1o\"}}]},{\"@type\":\"NewsArticle\",\"@id\":\"https:\\\/\\\/candas365.es\\\/noticias\\\/nuevo-premio-literario-para-xurde-fernandez-y-marian-garcia\\\/#newsarticle\",\"name\":\"Nuevo premio literario para Xurde Fern\\u00e1ndez y Mari\\u00e1n Garc\\u00eda | Cand\\u00e1s 365\",\"headline\":\"Nuevo premio literario para Xurde Fern\\u00e1ndez y Mari\\u00e1n Garc\\u00eda\",\"author\":{\"@id\":\"https:\\\/\\\/candas365.es\\\/noticias\\\/author\\\/admin\\\/#author\"},\"publisher\":{\"@id\":\"https:\\\/\\\/candas365.es\\\/noticias\\\/#organization\"},\"image\":{\"@type\":\"ImageObject\",\"url\":\"https:\\\/\\\/candas365.es\\\/noticias\\\/wp-content\\\/uploads\\\/2025\\\/09\\\/premio-literario.jpg\",\"width\":1090,\"height\":596,\"caption\":\"Foto: 123rf.com\"},\"datePublished\":\"2025-09-17T11:18:53+02:00\",\"dateModified\":\"2025-09-17T11:22:30+02:00\",\"inLanguage\":\"es-ES\",\"mainEntityOfPage\":{\"@id\":\"https:\\\/\\\/candas365.es\\\/noticias\\\/nuevo-premio-literario-para-xurde-fernandez-y-marian-garcia\\\/#webpage\"},\"isPartOf\":{\"@id\":\"https:\\\/\\\/candas365.es\\\/noticias\\\/nuevo-premio-literario-para-xurde-fernandez-y-marian-garcia\\\/#webpage\"},\"articleSection\":\"Noticias Carre\\u00f1o, Cand\\u00e1s, cultura\",\"dateline\":\"Publicado el septiembre 17, 2025.\"},{\"@type\":\"Organization\",\"@id\":\"https:\\\/\\\/candas365.es\\\/noticias\\\/#organization\",\"name\":\"Cand\\u00e1s 365\",\"description\":\"Cand\\u00e1s 365 es un diario digital independiente, fundado en 2012, con base en Asturias. Informamos con rigor sobre actualidad, sociedad, cultura y ocio, con una mirada local y global.\",\"url\":\"https:\\\/\\\/candas365.es\\\/noticias\\\/\",\"email\":\"info@candas365.es\",\"telephone\":\"+34652131393\",\"foundingDate\":\"2012-06-10\",\"logo\":{\"@type\":\"ImageObject\",\"url\":\"https:\\\/\\\/candas365.es\\\/noticias\\\/wp-content\\\/uploads\\\/2024\\\/09\\\/Candas-365-Redes.jpg\",\"@id\":\"https:\\\/\\\/candas365.es\\\/noticias\\\/nuevo-premio-literario-para-xurde-fernandez-y-marian-garcia\\\/#organizationLogo\",\"width\":1152,\"height\":864,\"caption\":\"Cand\\u00e1s 365 Redes\"},\"image\":{\"@id\":\"https:\\\/\\\/candas365.es\\\/noticias\\\/nuevo-premio-literario-para-xurde-fernandez-y-marian-garcia\\\/#organizationLogo\"},\"sameAs\":[\"https:\\\/\\\/www.facebook.com\\\/Nachofdezber\",\"https:\\\/\\\/x.com\\\/NabercoDigital\",\"https:\\\/\\\/www.instagram.com\\\/nachofdezber\\\/\",\"https:\\\/\\\/www.youtube.com\\\/channel\\\/UCZP-2wLEB9Rv6erhFmqVnvg\"],\"address\":{\"@id\":\"https:\\\/\\\/candas365.es\\\/noticias\\\/#postaladdress\",\"@type\":\"PostalAddress\",\"streetAddress\":\"san antonio 4, san antonio 4\",\"postalCode\":\"33430\",\"addressLocality\":\"Cand\\u00e1s\",\"addressRegion\":\"Asturias\",\"addressCountry\":\"ES\"}},{\"@type\":\"Person\",\"@id\":\"https:\\\/\\\/candas365.es\\\/noticias\\\/author\\\/admin\\\/#author\",\"url\":\"https:\\\/\\\/candas365.es\\\/noticias\\\/author\\\/admin\\\/\",\"name\":\"Cand\\u00e1s 365\",\"image\":{\"@type\":\"ImageObject\",\"@id\":\"https:\\\/\\\/candas365.es\\\/noticias\\\/nuevo-premio-literario-para-xurde-fernandez-y-marian-garcia\\\/#authorImage\",\"url\":\"https:\\\/\\\/secure.gravatar.com\\\/avatar\\\/496a8e03d0c493ede1718b7934145dbdf8d89be1036b0eec9544e1094c9de390?s=96&d=mm&r=g\",\"width\":96,\"height\":96,\"caption\":\"Cand\\u00e1s 365\"},\"sameAs\":[\"https:\\\/\\\/www.facebook.com\\\/carrenoactualidad\",\"https:\\\/\\\/twitter.com\\\/nbasturias\",\"https:\\\/\\\/www.instagram.com\\\/nachofdezber\\\/\",\"https:\\\/\\\/www.youtube.com\\\/channel\\\/UCZP-2wLEB9Rv6erhFmqVnvg\"]},{\"@type\":\"WebPage\",\"@id\":\"https:\\\/\\\/candas365.es\\\/noticias\\\/nuevo-premio-literario-para-xurde-fernandez-y-marian-garcia\\\/#webpage\",\"url\":\"https:\\\/\\\/candas365.es\\\/noticias\\\/nuevo-premio-literario-para-xurde-fernandez-y-marian-garcia\\\/\",\"name\":\"Nuevo premio literario para Xurde Fern\\u00e1ndez y Mari\\u00e1n Garc\\u00eda | Cand\\u00e1s 365\",\"description\":\"El escritor de Cand\\u00e1s Xurde Fern\\u00e1ndez ha sido galardonado junto a Mari\\u00e1n Garc\\u00eda con el XVIII Premio Mar\\u00eda Josefa Canellada de literatura infantil y juvenil\",\"inLanguage\":\"es-ES\",\"isPartOf\":{\"@id\":\"https:\\\/\\\/candas365.es\\\/noticias\\\/#website\"},\"breadcrumb\":{\"@id\":\"https:\\\/\\\/candas365.es\\\/noticias\\\/nuevo-premio-literario-para-xurde-fernandez-y-marian-garcia\\\/#breadcrumblist\"},\"author\":{\"@id\":\"https:\\\/\\\/candas365.es\\\/noticias\\\/author\\\/admin\\\/#author\"},\"creator\":{\"@id\":\"https:\\\/\\\/candas365.es\\\/noticias\\\/author\\\/admin\\\/#author\"},\"image\":{\"@type\":\"ImageObject\",\"url\":\"https:\\\/\\\/candas365.es\\\/noticias\\\/wp-content\\\/uploads\\\/2025\\\/09\\\/premio-literario.jpg\",\"@id\":\"https:\\\/\\\/candas365.es\\\/noticias\\\/nuevo-premio-literario-para-xurde-fernandez-y-marian-garcia\\\/#mainImage\",\"width\":1090,\"height\":596,\"caption\":\"Foto: 123rf.com\"},\"primaryImageOfPage\":{\"@id\":\"https:\\\/\\\/candas365.es\\\/noticias\\\/nuevo-premio-literario-para-xurde-fernandez-y-marian-garcia\\\/#mainImage\"},\"datePublished\":\"2025-09-17T11:18:53+02:00\",\"dateModified\":\"2025-09-17T11:22:30+02:00\"},{\"@type\":\"WebSite\",\"@id\":\"https:\\\/\\\/candas365.es\\\/noticias\\\/#website\",\"url\":\"https:\\\/\\\/candas365.es\\\/noticias\\\/\",\"name\":\"Cand\\u00e1s 365\",\"alternateName\":\"Cand\\u00e1s 365 Noticias\",\"description\":\"Actualidad desde Carre\\u00f1o para el mundo\",\"inLanguage\":\"es-ES\",\"publisher\":{\"@id\":\"https:\\\/\\\/candas365.es\\\/noticias\\\/#organization\"}}]}\n\t\t<\/script>\n\t\t<!-- All in One SEO Pro -->\r\n\t\t<title>Nuevo premio literario para Xurde Fern\u00e1ndez y Mari\u00e1n Garc\u00eda | Cand\u00e1s 365<\/title>\n\n","aioseo_head_json":{"title":"Nuevo premio literario para Xurde Fern\u00e1ndez y Mari\u00e1n Garc\u00eda | Cand\u00e1s 365","description":"El escritor de Cand\u00e1s Xurde Fern\u00e1ndez ha sido galardonado junto a Mari\u00e1n Garc\u00eda con el XVIII Premio Mar\u00eda Josefa Canellada de literatura infantil y juvenil","canonical_url":"https:\/\/candas365.es\/noticias\/nuevo-premio-literario-para-xurde-fernandez-y-marian-garcia\/","robots":"max-image-preview:large","keywords":"noticias carre\u00f1o","webmasterTools":{"google-site-verification":"UA-32230408-1","msvalidate.01":"354F3CDFB2DA171B47FBE9ABF1F88D5","miscellaneous":""},"schema":{"@context":"https:\/\/schema.org","@graph":[{"@type":"BreadcrumbList","@id":"https:\/\/candas365.es\/noticias\/nuevo-premio-literario-para-xurde-fernandez-y-marian-garcia\/#breadcrumblist","itemListElement":[{"@type":"ListItem","@id":"https:\/\/candas365.es\/noticias#listItem","position":1,"name":"Home","item":"https:\/\/candas365.es\/noticias","nextItem":{"@type":"ListItem","@id":"https:\/\/candas365.es\/noticias\/category\/noticias-carreno\/#listItem","name":"Noticias Carre\u00f1o"}},{"@type":"ListItem","@id":"https:\/\/candas365.es\/noticias\/category\/noticias-carreno\/#listItem","position":2,"name":"Noticias Carre\u00f1o","item":"https:\/\/candas365.es\/noticias\/category\/noticias-carreno\/","nextItem":{"@type":"ListItem","@id":"https:\/\/candas365.es\/noticias\/nuevo-premio-literario-para-xurde-fernandez-y-marian-garcia\/#listItem","name":"Nuevo premio literario para Xurde Fern\u00e1ndez y Mari\u00e1n Garc\u00eda"},"previousItem":{"@type":"ListItem","@id":"https:\/\/candas365.es\/noticias#listItem","name":"Home"}},{"@type":"ListItem","@id":"https:\/\/candas365.es\/noticias\/nuevo-premio-literario-para-xurde-fernandez-y-marian-garcia\/#listItem","position":3,"name":"Nuevo premio literario para Xurde Fern\u00e1ndez y Mari\u00e1n Garc\u00eda","previousItem":{"@type":"ListItem","@id":"https:\/\/candas365.es\/noticias\/category\/noticias-carreno\/#listItem","name":"Noticias Carre\u00f1o"}}]},{"@type":"NewsArticle","@id":"https:\/\/candas365.es\/noticias\/nuevo-premio-literario-para-xurde-fernandez-y-marian-garcia\/#newsarticle","name":"Nuevo premio literario para Xurde Fern\u00e1ndez y Mari\u00e1n Garc\u00eda | Cand\u00e1s 365","headline":"Nuevo premio literario para Xurde Fern\u00e1ndez y Mari\u00e1n Garc\u00eda","author":{"@id":"https:\/\/candas365.es\/noticias\/author\/admin\/#author"},"publisher":{"@id":"https:\/\/candas365.es\/noticias\/#organization"},"image":{"@type":"ImageObject","url":"https:\/\/candas365.es\/noticias\/wp-content\/uploads\/2025\/09\/premio-literario.jpg","width":1090,"height":596,"caption":"Foto: 123rf.com"},"datePublished":"2025-09-17T11:18:53+02:00","dateModified":"2025-09-17T11:22:30+02:00","inLanguage":"es-ES","mainEntityOfPage":{"@id":"https:\/\/candas365.es\/noticias\/nuevo-premio-literario-para-xurde-fernandez-y-marian-garcia\/#webpage"},"isPartOf":{"@id":"https:\/\/candas365.es\/noticias\/nuevo-premio-literario-para-xurde-fernandez-y-marian-garcia\/#webpage"},"articleSection":"Noticias Carre\u00f1o, Cand\u00e1s, cultura","dateline":"Publicado el septiembre 17, 2025."},{"@type":"Organization","@id":"https:\/\/candas365.es\/noticias\/#organization","name":"Cand\u00e1s 365","description":"Cand\u00e1s 365 es un diario digital independiente, fundado en 2012, con base en Asturias. Informamos con rigor sobre actualidad, sociedad, cultura y ocio, con una mirada local y global.","url":"https:\/\/candas365.es\/noticias\/","email":"info@candas365.es","telephone":"+34652131393","foundingDate":"2012-06-10","logo":{"@type":"ImageObject","url":"https:\/\/candas365.es\/noticias\/wp-content\/uploads\/2024\/09\/Candas-365-Redes.jpg","@id":"https:\/\/candas365.es\/noticias\/nuevo-premio-literario-para-xurde-fernandez-y-marian-garcia\/#organizationLogo","width":1152,"height":864,"caption":"Cand\u00e1s 365 Redes"},"image":{"@id":"https:\/\/candas365.es\/noticias\/nuevo-premio-literario-para-xurde-fernandez-y-marian-garcia\/#organizationLogo"},"sameAs":["https:\/\/www.facebook.com\/Nachofdezber","https:\/\/x.com\/NabercoDigital","https:\/\/www.instagram.com\/nachofdezber\/","https:\/\/www.youtube.com\/channel\/UCZP-2wLEB9Rv6erhFmqVnvg"],"address":{"@id":"https:\/\/candas365.es\/noticias\/#postaladdress","@type":"PostalAddress","streetAddress":"san antonio 4, san antonio 4","postalCode":"33430","addressLocality":"Cand\u00e1s","addressRegion":"Asturias","addressCountry":"ES"}},{"@type":"Person","@id":"https:\/\/candas365.es\/noticias\/author\/admin\/#author","url":"https:\/\/candas365.es\/noticias\/author\/admin\/","name":"Cand\u00e1s 365","image":{"@type":"ImageObject","@id":"https:\/\/candas365.es\/noticias\/nuevo-premio-literario-para-xurde-fernandez-y-marian-garcia\/#authorImage","url":"https:\/\/secure.gravatar.com\/avatar\/496a8e03d0c493ede1718b7934145dbdf8d89be1036b0eec9544e1094c9de390?s=96&d=mm&r=g","width":96,"height":96,"caption":"Cand\u00e1s 365"},"sameAs":["https:\/\/www.facebook.com\/carrenoactualidad","https:\/\/twitter.com\/nbasturias","https:\/\/www.instagram.com\/nachofdezber\/","https:\/\/www.youtube.com\/channel\/UCZP-2wLEB9Rv6erhFmqVnvg"]},{"@type":"WebPage","@id":"https:\/\/candas365.es\/noticias\/nuevo-premio-literario-para-xurde-fernandez-y-marian-garcia\/#webpage","url":"https:\/\/candas365.es\/noticias\/nuevo-premio-literario-para-xurde-fernandez-y-marian-garcia\/","name":"Nuevo premio literario para Xurde Fern\u00e1ndez y Mari\u00e1n Garc\u00eda | Cand\u00e1s 365","description":"El escritor de Cand\u00e1s Xurde Fern\u00e1ndez ha sido galardonado junto a Mari\u00e1n Garc\u00eda con el XVIII Premio Mar\u00eda Josefa Canellada de literatura infantil y juvenil","inLanguage":"es-ES","isPartOf":{"@id":"https:\/\/candas365.es\/noticias\/#website"},"breadcrumb":{"@id":"https:\/\/candas365.es\/noticias\/nuevo-premio-literario-para-xurde-fernandez-y-marian-garcia\/#breadcrumblist"},"author":{"@id":"https:\/\/candas365.es\/noticias\/author\/admin\/#author"},"creator":{"@id":"https:\/\/candas365.es\/noticias\/author\/admin\/#author"},"image":{"@type":"ImageObject","url":"https:\/\/candas365.es\/noticias\/wp-content\/uploads\/2025\/09\/premio-literario.jpg","@id":"https:\/\/candas365.es\/noticias\/nuevo-premio-literario-para-xurde-fernandez-y-marian-garcia\/#mainImage","width":1090,"height":596,"caption":"Foto: 123rf.com"},"primaryImageOfPage":{"@id":"https:\/\/candas365.es\/noticias\/nuevo-premio-literario-para-xurde-fernandez-y-marian-garcia\/#mainImage"},"datePublished":"2025-09-17T11:18:53+02:00","dateModified":"2025-09-17T11:22:30+02:00"},{"@type":"WebSite","@id":"https:\/\/candas365.es\/noticias\/#website","url":"https:\/\/candas365.es\/noticias\/","name":"Cand\u00e1s 365","alternateName":"Cand\u00e1s 365 Noticias","description":"Actualidad desde Carre\u00f1o para el mundo","inLanguage":"es-ES","publisher":{"@id":"https:\/\/candas365.es\/noticias\/#organization"}}]},"og:locale":"es_ES","og:site_name":"Cand\u00e1s 365","og:type":"article","og:title":"Nuevo premio literario para Xurde Fern\u00e1ndez y Mari\u00e1n Garc\u00eda | Cand\u00e1s 365","og:description":"El escritor de Cand\u00e1s Xurde Fern\u00e1ndez ha sido galardonado junto a Mari\u00e1n Garc\u00eda con el XVIII Premio Mar\u00eda Josefa Canellada de literatura infantil y juvenil","og:url":"https:\/\/candas365.es\/noticias\/nuevo-premio-literario-para-xurde-fernandez-y-marian-garcia\/","og:image":"https:\/\/candas365.es\/noticias\/wp-content\/uploads\/2025\/09\/premio-literario.jpg","og:image:secure_url":"https:\/\/candas365.es\/noticias\/wp-content\/uploads\/2025\/09\/premio-literario.jpg","og:image:width":1090,"og:image:height":596,"article:published_time":"2025-09-17T09:18:53+00:00","article:modified_time":"2025-09-17T09:22:30+00:00","article:publisher":"https:\/\/www.facebook.com\/Nachofdezber","article:author":"https:\/\/www.facebook.com\/carrenoactualidad","twitter:card":"summary_large_image","twitter:site":"@NabercoDigital","twitter:title":"Nuevo premio literario para Xurde Fern\u00e1ndez y Mari\u00e1n Garc\u00eda | Cand\u00e1s 365","twitter:description":"El escritor de Cand\u00e1s Xurde Fern\u00e1ndez ha sido galardonado junto a Mari\u00e1n Garc\u00eda con el XVIII Premio Mar\u00eda Josefa Canellada de literatura infantil y juvenil","twitter:creator":"@nbasturias","twitter:image":"https:\/\/candas365.es\/noticias\/wp-content\/uploads\/2025\/09\/premio-literario.jpg","twitter:label1":"Escrito por","twitter:data1":"Cand\u00e1s 365","twitter:label2":"Tiempo de lectura estimado","twitter:data2":"2 minutos"},"aioseo_meta_data":{"post_id":"187755","title":null,"description":"El escritor de Cand\u00e1s Xurde Fern\u00e1ndez ha sido galardonado junto a Mari\u00e1n Garc\u00eda con el XVIII Premio Mar\u00eda Josefa Canellada de literatura infantil y juvenil","keywords":null,"keyphrases":{"focus":{"keyphrase":"Premio","score":100,"analysis":{"keyphraseInTitle":{"score":9,"maxScore":9,"error":0},"keyphraseInDescription":{"score":9,"maxScore":9,"error":0},"keyphraseLength":{"score":9,"maxScore":9,"error":0,"length":1},"keyphraseInURL":{"score":5,"maxScore":5,"error":0},"keyphraseInIntroduction":{"score":9,"maxScore":9,"error":0},"keyphraseInSubHeadings":[],"keyphraseInImageAlt":{"score":9,"maxScore":9,"error":0},"keywordDensity":{"type":"best","score":9,"maxScore":9,"error":0}}},"additional":[{"keyphrase":"Premio","score":100,"analysis":{"keyphraseInDescription":{"score":9,"maxScore":9,"error":0},"keyphraseLength":{"score":9,"maxScore":9,"error":0,"length":1},"keyphraseInIntroduction":{"score":9,"maxScore":9,"error":0},"keyphraseInImageAlt":{"score":9,"maxScore":9,"error":0},"keywordDensity":{"type":"best","score":9,"maxScore":9,"error":0}}}]},"primary_term":null,"canonical_url":null,"og_title":null,"og_description":null,"og_object_type":"default","og_image_type":"default","og_image_url":null,"og_image_width":null,"og_image_height":null,"og_image_custom_url":null,"og_image_custom_fields":null,"og_video":"","og_custom_url":null,"og_article_section":null,"og_article_tags":null,"twitter_use_og":false,"twitter_card":"default","twitter_image_type":"default","twitter_image_url":null,"twitter_image_custom_url":null,"twitter_image_custom_fields":null,"twitter_title":null,"twitter_description":null,"schema":{"blockGraphs":[],"customGraphs":[],"default":{"data":{"Article":[],"Course":[],"Dataset":[],"FAQPage":[],"Movie":[],"Person":[],"Product":[],"ProductReview":[],"Car":[],"Recipe":[],"Service":[],"SoftwareApplication":[],"WebPage":[]},"graphName":"Article","isEnabled":true},"graphs":[]},"schema_type":"default","schema_type_options":null,"pillar_content":false,"robots_default":true,"robots_noindex":false,"robots_noarchive":false,"robots_nosnippet":false,"robots_nofollow":false,"robots_noimageindex":false,"robots_noodp":false,"robots_notranslate":false,"robots_max_snippet":"-1","robots_max_videopreview":"-1","robots_max_imagepreview":"large","priority":null,"frequency":"default","location":null,"local_seo":null,"seo_analyzer_scan_date":"2025-09-17 09:23:20","breadcrumb_settings":null,"limit_modified_date":false,"reviewed_by":null,"open_ai":null,"ai":{"faqs":[],"keyPoints":[],"titles":[],"descriptions":[],"socialPosts":{"email":[],"linkedin":[],"twitter":[],"facebook":[],"instagram":[]}},"created":"2025-09-17 09:03:00","updated":"2025-09-17 09:24:40"},"aioseo_breadcrumb":"<div class=\"aioseo-breadcrumbs\"><span class=\"aioseo-breadcrumb\">\n\t<a href=\"https:\/\/candas365.es\/noticias\" title=\"Home\">Home<\/a>\n<\/span><span class=\"aioseo-breadcrumb-separator\">&ndash;<\/span><span class=\"aioseo-breadcrumb\">\n\t<a href=\"https:\/\/candas365.es\/noticias\/category\/noticias-carreno\/\" title=\"Noticias Carre\u00f1o\">Noticias Carre\u00f1o<\/a>\n<\/span><span class=\"aioseo-breadcrumb-separator\">&ndash;<\/span><span class=\"aioseo-breadcrumb\">\n\tNuevo premio literario para Xurde Fern\u00e1ndez y Mari\u00e1n Garc\u00eda\n<\/span><\/div>","aioseo_breadcrumb_json":[{"label":"Home","link":"https:\/\/candas365.es\/noticias"},{"label":"Noticias Carre\u00f1o","link":"https:\/\/candas365.es\/noticias\/category\/noticias-carreno\/"},{"label":"Nuevo premio literario para Xurde Fern\u00e1ndez y Mari\u00e1n Garc\u00eda","link":"https:\/\/candas365.es\/noticias\/nuevo-premio-literario-para-xurde-fernandez-y-marian-garcia\/"}],"_links":{"self":[{"href":"https:\/\/candas365.es\/noticias\/wp-json\/wp\/v2\/posts\/187755","targetHints":{"allow":["GET"]}}],"collection":[{"href":"https:\/\/candas365.es\/noticias\/wp-json\/wp\/v2\/posts"}],"about":[{"href":"https:\/\/candas365.es\/noticias\/wp-json\/wp\/v2\/types\/post"}],"author":[{"embeddable":true,"href":"https:\/\/candas365.es\/noticias\/wp-json\/wp\/v2\/users\/1"}],"replies":[{"embeddable":true,"href":"https:\/\/candas365.es\/noticias\/wp-json\/wp\/v2\/comments?post=187755"}],"version-history":[{"count":0,"href":"https:\/\/candas365.es\/noticias\/wp-json\/wp\/v2\/posts\/187755\/revisions"}],"wp:featuredmedia":[{"embeddable":true,"href":"https:\/\/candas365.es\/noticias\/wp-json\/wp\/v2\/media\/187756"}],"wp:attachment":[{"href":"https:\/\/candas365.es\/noticias\/wp-json\/wp\/v2\/media?parent=187755"}],"wp:term":[{"taxonomy":"category","embeddable":true,"href":"https:\/\/candas365.es\/noticias\/wp-json\/wp\/v2\/categories?post=187755"},{"taxonomy":"post_tag","embeddable":true,"href":"https:\/\/candas365.es\/noticias\/wp-json\/wp\/v2\/tags?post=187755"}],"curies":[{"name":"wp","href":"https:\/\/api.w.org\/{rel}","templated":true}]}}