{"id":187658,"date":"2025-09-15T09:19:51","date_gmt":"2025-09-15T07:19:51","guid":{"rendered":"https:\/\/candas365.es\/noticias\/?p=187658"},"modified":"2025-09-15T09:19:51","modified_gmt":"2025-09-15T07:19:51","slug":"la-semana-comienza-con-una-subida-del-precio-de-la-luz","status":"publish","type":"post","link":"https:\/\/candas365.es\/noticias\/la-semana-comienza-con-una-subida-del-precio-de-la-luz\/","title":{"rendered":"La semana comienza con una subida del precio de la luz"},"content":{"rendered":"<p>El <span style=\"color: #ff6600;\"><a style=\"color: #ff6600;\" href=\"https:\/\/candas365.es\/noticias\/category\/economia\/\"><strong>precio medio de la luz<\/strong><\/a><\/span> se encarece hoy 15 de septiembre un 36,9%, hasta los 66,88 euros el megavatio hora, frente a los 48,87 euros del d\u00eda anterior.<\/p>\n<figure id=\"attachment_187659\" aria-describedby=\"caption-attachment-187659\" style=\"width: 650px\" class=\"wp-caption aligncenter\"><img fetchpriority=\"high\" decoding=\"async\" class=\"size-large wp-image-187659\" src=\"https:\/\/candas365.es\/noticias\/wp-content\/uploads\/2025\/09\/luz-650x447.jpg\" alt=\"luz\" width=\"650\" height=\"447\" srcset=\"https:\/\/candas365.es\/noticias\/wp-content\/uploads\/2025\/09\/luz-650x447.jpg 650w, https:\/\/candas365.es\/noticias\/wp-content\/uploads\/2025\/09\/luz-360x248.jpg 360w, https:\/\/candas365.es\/noticias\/wp-content\/uploads\/2025\/09\/luz-768x528.jpg 768w, https:\/\/candas365.es\/noticias\/wp-content\/uploads\/2025\/09\/luz-150x103.jpg 150w, https:\/\/candas365.es\/noticias\/wp-content\/uploads\/2025\/09\/luz-450x310.jpg 450w, https:\/\/candas365.es\/noticias\/wp-content\/uploads\/2025\/09\/luz.jpg 984w\" sizes=\"(max-width: 650px) 100vw, 650px\" \/><figcaption id=\"caption-attachment-187659\" class=\"wp-caption-text\">Foto: 123rf.com<\/figcaption><\/figure>\n<p>La luz tendr\u00e1 su m\u00ednimo entre las 15.00 horas y las 16.00, a 2,5 euros el megavatio hora, y el precio m\u00e1s alto se alcanzar\u00e1 entre las 9.00 y las 10.00, en los 124 euros, seg\u00fan los precios del Operador del mercado Ib\u00e9rico de Energ\u00eda (OMIE) recogidos por Servimedia.<\/p>\n<p>Este precio es un 12,4% m\u00e1s barato que el fijado el pasado lunes, que era de 76,37 euros el megavatio hora, y un 3,5% m\u00e1s econ\u00f3mico que el de hace un mes, el pasado 15 de agosto, d\u00eda en el que alcanz\u00f3 los 69,27 euros el megavatio hora.<\/p>\n<p>En comparaci\u00f3n con el mismo d\u00eda del a\u00f1o pasado, el precio cambia de tendencia y es un 10,5,7% m\u00e1s caro, pues entonces el coste del megavatio era de 32,52 euros.<\/p>\n<p>(<a href=\"https:\/\/www.servimedia.es\/\" target=\"_blank\" rel=\"noopener\"><span style=\"color: #ff6600;\"><strong>SERVIMEDIA<\/strong><\/span><\/a>)<\/p>\n","protected":false},"excerpt":{"rendered":"<p>El precio medio de la luz se encarece hoy 15 de septiembre un 36,9%, hasta los 66,88 euros el megavatio hora, frente a los 48,87 euros del d\u00eda anterior. La luz tendr\u00e1 su m\u00ednimo entre las 15.00 horas y las 16.00, a 2,5 euros el megavatio hora, y el precio m\u00e1s alto se alcanzar\u00e1 entre<\/p>\n","protected":false},"author":1,"featured_media":187659,"comment_status":"closed","ping_status":"closed","sticky":false,"template":"","format":"standard","meta":{"footnotes":""},"categories":[486],"tags":[437],"class_list":{"0":"post-187658","1":"post","2":"type-post","3":"status-publish","4":"format-standard","5":"has-post-thumbnail","7":"category-economia","8":"tag-economia"},"aioseo_notices":[],"aioseo_head":"\n\t\t<!-- All in One SEO Pro 4.9.6.2 - aioseo.com -->\n\t<meta name=\"description\" content=\"El precio medio de la luz se encarece hoy 15 de septiembre un 36,9%, hasta los 66,88 euros el megavatio hora, frente a los 48,87 euros del d\u00eda anterior.\" \/>\n\t<meta name=\"robots\" content=\"max-image-preview:large\" \/>\n\t<meta name=\"author\" content=\"Cand\u00e1s 365\"\/>\n\t<meta name=\"google-site-verification\" content=\"UA-32230408-1\" \/>\n\t<meta name=\"msvalidate.01\" content=\"354F3CDFB2DA171B47FBE9ABF1F88D5\" \/>\n\t<meta name=\"keywords\" content=\"econom\u00eda\" \/>\n\t<link rel=\"canonical\" href=\"https:\/\/candas365.es\/noticias\/la-semana-comienza-con-una-subida-del-precio-de-la-luz\/\" \/>\n\t<meta name=\"generator\" content=\"All in One SEO Pro (AIOSEO) 4.9.6.2\" \/>\n\t\t<meta property=\"og:locale\" content=\"es_ES\" \/>\n\t\t<meta property=\"og:site_name\" content=\"Cand\u00e1s 365\" \/>\n\t\t<meta property=\"og:type\" content=\"article\" \/>\n\t\t<meta property=\"og:title\" content=\"La semana comienza con una subida del precio de la luz | Cand\u00e1s 365\" \/>\n\t\t<meta property=\"og:description\" content=\"El precio medio de la luz se encarece hoy 15 de septiembre un 36,9%, hasta los 66,88 euros el megavatio hora, frente a los 48,87 euros del d\u00eda anterior.\" \/>\n\t\t<meta property=\"og:url\" content=\"https:\/\/candas365.es\/noticias\/la-semana-comienza-con-una-subida-del-precio-de-la-luz\/\" \/>\n\t\t<meta property=\"og:image\" content=\"https:\/\/candas365.es\/noticias\/wp-content\/uploads\/2025\/09\/luz.jpg\" \/>\n\t\t<meta property=\"og:image:secure_url\" content=\"https:\/\/candas365.es\/noticias\/wp-content\/uploads\/2025\/09\/luz.jpg\" \/>\n\t\t<meta property=\"og:image:width\" content=\"984\" \/>\n\t\t<meta property=\"og:image:height\" content=\"677\" \/>\n\t\t<meta property=\"article:published_time\" content=\"2025-09-15T07:19:51+00:00\" \/>\n\t\t<meta property=\"article:modified_time\" content=\"2025-09-15T07:19:51+00:00\" \/>\n\t\t<meta property=\"article:publisher\" content=\"https:\/\/www.facebook.com\/Nachofdezber\" \/>\n\t\t<meta property=\"article:author\" content=\"https:\/\/www.facebook.com\/carrenoactualidad\" \/>\n\t\t<meta name=\"twitter:card\" content=\"summary_large_image\" \/>\n\t\t<meta name=\"twitter:site\" content=\"@NabercoDigital\" \/>\n\t\t<meta name=\"twitter:title\" content=\"La semana comienza con una subida del precio de la luz | Cand\u00e1s 365\" \/>\n\t\t<meta name=\"twitter:description\" content=\"El precio medio de la luz se encarece hoy 15 de septiembre un 36,9%, hasta los 66,88 euros el megavatio hora, frente a los 48,87 euros del d\u00eda anterior.\" \/>\n\t\t<meta name=\"twitter:creator\" content=\"@nbasturias\" \/>\n\t\t<meta name=\"twitter:image\" content=\"https:\/\/candas365.es\/noticias\/wp-content\/uploads\/2025\/09\/luz.jpg\" \/>\n\t\t<meta name=\"twitter:label1\" content=\"Escrito por\" \/>\n\t\t<meta name=\"twitter:data1\" content=\"Cand\u00e1s 365\" \/>\n\t\t<meta name=\"twitter:label2\" content=\"Tiempo de lectura estimado\" \/>\n\t\t<meta name=\"twitter:data2\" content=\"1 minuto\" \/>\n\t\t<script type=\"application\/ld+json\" class=\"aioseo-schema\">\n\t\t\t{\"@context\":\"https:\\\/\\\/schema.org\",\"@graph\":[{\"@type\":\"BreadcrumbList\",\"@id\":\"https:\\\/\\\/candas365.es\\\/noticias\\\/la-semana-comienza-con-una-subida-del-precio-de-la-luz\\\/#breadcrumblist\",\"itemListElement\":[{\"@type\":\"ListItem\",\"@id\":\"https:\\\/\\\/candas365.es\\\/noticias#listItem\",\"position\":1,\"name\":\"Home\",\"item\":\"https:\\\/\\\/candas365.es\\\/noticias\",\"nextItem\":{\"@type\":\"ListItem\",\"@id\":\"https:\\\/\\\/candas365.es\\\/noticias\\\/category\\\/economia\\\/#listItem\",\"name\":\"Econom\\u00eda\"}},{\"@type\":\"ListItem\",\"@id\":\"https:\\\/\\\/candas365.es\\\/noticias\\\/category\\\/economia\\\/#listItem\",\"position\":2,\"name\":\"Econom\\u00eda\",\"item\":\"https:\\\/\\\/candas365.es\\\/noticias\\\/category\\\/economia\\\/\",\"nextItem\":{\"@type\":\"ListItem\",\"@id\":\"https:\\\/\\\/candas365.es\\\/noticias\\\/la-semana-comienza-con-una-subida-del-precio-de-la-luz\\\/#listItem\",\"name\":\"La semana comienza con una subida del precio de la luz\"},\"previousItem\":{\"@type\":\"ListItem\",\"@id\":\"https:\\\/\\\/candas365.es\\\/noticias#listItem\",\"name\":\"Home\"}},{\"@type\":\"ListItem\",\"@id\":\"https:\\\/\\\/candas365.es\\\/noticias\\\/la-semana-comienza-con-una-subida-del-precio-de-la-luz\\\/#listItem\",\"position\":3,\"name\":\"La semana comienza con una subida del precio de la luz\",\"previousItem\":{\"@type\":\"ListItem\",\"@id\":\"https:\\\/\\\/candas365.es\\\/noticias\\\/category\\\/economia\\\/#listItem\",\"name\":\"Econom\\u00eda\"}}]},{\"@type\":\"NewsArticle\",\"@id\":\"https:\\\/\\\/candas365.es\\\/noticias\\\/la-semana-comienza-con-una-subida-del-precio-de-la-luz\\\/#newsarticle\",\"name\":\"La semana comienza con una subida del precio de la luz | Cand\\u00e1s 365\",\"headline\":\"La semana comienza con una subida del precio de la luz\",\"author\":{\"@id\":\"https:\\\/\\\/candas365.es\\\/noticias\\\/author\\\/admin\\\/#author\"},\"publisher\":{\"@id\":\"https:\\\/\\\/candas365.es\\\/noticias\\\/#organization\"},\"image\":{\"@type\":\"ImageObject\",\"url\":\"https:\\\/\\\/candas365.es\\\/noticias\\\/wp-content\\\/uploads\\\/2025\\\/09\\\/luz.jpg\",\"width\":984,\"height\":677,\"caption\":\"Foto: 123rf.com\"},\"datePublished\":\"2025-09-15T09:19:51+02:00\",\"dateModified\":\"2025-09-15T09:19:51+02:00\",\"inLanguage\":\"es-ES\",\"mainEntityOfPage\":{\"@id\":\"https:\\\/\\\/candas365.es\\\/noticias\\\/la-semana-comienza-con-una-subida-del-precio-de-la-luz\\\/#webpage\"},\"isPartOf\":{\"@id\":\"https:\\\/\\\/candas365.es\\\/noticias\\\/la-semana-comienza-con-una-subida-del-precio-de-la-luz\\\/#webpage\"},\"articleSection\":\"Econom\\u00eda, Econom\\u00eda\",\"dateline\":\"Publicado el septiembre 15, 2025.\"},{\"@type\":\"Organization\",\"@id\":\"https:\\\/\\\/candas365.es\\\/noticias\\\/#organization\",\"name\":\"Cand\\u00e1s 365\",\"description\":\"Cand\\u00e1s 365 es un diario digital independiente, fundado en 2012, con base en Asturias. Informamos con rigor sobre actualidad, sociedad, cultura y ocio, con una mirada local y global.\",\"url\":\"https:\\\/\\\/candas365.es\\\/noticias\\\/\",\"email\":\"info@candas365.es\",\"telephone\":\"+34652131393\",\"foundingDate\":\"2012-06-10\",\"logo\":{\"@type\":\"ImageObject\",\"url\":\"https:\\\/\\\/candas365.es\\\/noticias\\\/wp-content\\\/uploads\\\/2024\\\/09\\\/Candas-365-Redes.jpg\",\"@id\":\"https:\\\/\\\/candas365.es\\\/noticias\\\/la-semana-comienza-con-una-subida-del-precio-de-la-luz\\\/#organizationLogo\",\"width\":1152,\"height\":864,\"caption\":\"Cand\\u00e1s 365 Redes\"},\"image\":{\"@id\":\"https:\\\/\\\/candas365.es\\\/noticias\\\/la-semana-comienza-con-una-subida-del-precio-de-la-luz\\\/#organizationLogo\"},\"sameAs\":[\"https:\\\/\\\/www.facebook.com\\\/Nachofdezber\",\"https:\\\/\\\/x.com\\\/NabercoDigital\",\"https:\\\/\\\/www.instagram.com\\\/nachofdezber\\\/\",\"https:\\\/\\\/www.youtube.com\\\/channel\\\/UCZP-2wLEB9Rv6erhFmqVnvg\"],\"address\":{\"@id\":\"https:\\\/\\\/candas365.es\\\/noticias\\\/#postaladdress\",\"@type\":\"PostalAddress\",\"streetAddress\":\"san antonio 4, san antonio 4\",\"postalCode\":\"33430\",\"addressLocality\":\"Cand\\u00e1s\",\"addressRegion\":\"Asturias\",\"addressCountry\":\"ES\"}},{\"@type\":\"Person\",\"@id\":\"https:\\\/\\\/candas365.es\\\/noticias\\\/author\\\/admin\\\/#author\",\"url\":\"https:\\\/\\\/candas365.es\\\/noticias\\\/author\\\/admin\\\/\",\"name\":\"Cand\\u00e1s 365\",\"image\":{\"@type\":\"ImageObject\",\"@id\":\"https:\\\/\\\/candas365.es\\\/noticias\\\/la-semana-comienza-con-una-subida-del-precio-de-la-luz\\\/#authorImage\",\"url\":\"https:\\\/\\\/secure.gravatar.com\\\/avatar\\\/496a8e03d0c493ede1718b7934145dbdf8d89be1036b0eec9544e1094c9de390?s=96&d=mm&r=g\",\"width\":96,\"height\":96,\"caption\":\"Cand\\u00e1s 365\"},\"sameAs\":[\"https:\\\/\\\/www.facebook.com\\\/carrenoactualidad\",\"https:\\\/\\\/twitter.com\\\/nbasturias\",\"https:\\\/\\\/www.instagram.com\\\/nachofdezber\\\/\",\"https:\\\/\\\/www.youtube.com\\\/channel\\\/UCZP-2wLEB9Rv6erhFmqVnvg\"]},{\"@type\":\"WebPage\",\"@id\":\"https:\\\/\\\/candas365.es\\\/noticias\\\/la-semana-comienza-con-una-subida-del-precio-de-la-luz\\\/#webpage\",\"url\":\"https:\\\/\\\/candas365.es\\\/noticias\\\/la-semana-comienza-con-una-subida-del-precio-de-la-luz\\\/\",\"name\":\"La semana comienza con una subida del precio de la luz | Cand\\u00e1s 365\",\"description\":\"El precio medio de la luz se encarece hoy 15 de septiembre un 36,9%, hasta los 66,88 euros el megavatio hora, frente a los 48,87 euros del d\\u00eda anterior.\",\"inLanguage\":\"es-ES\",\"isPartOf\":{\"@id\":\"https:\\\/\\\/candas365.es\\\/noticias\\\/#website\"},\"breadcrumb\":{\"@id\":\"https:\\\/\\\/candas365.es\\\/noticias\\\/la-semana-comienza-con-una-subida-del-precio-de-la-luz\\\/#breadcrumblist\"},\"author\":{\"@id\":\"https:\\\/\\\/candas365.es\\\/noticias\\\/author\\\/admin\\\/#author\"},\"creator\":{\"@id\":\"https:\\\/\\\/candas365.es\\\/noticias\\\/author\\\/admin\\\/#author\"},\"image\":{\"@type\":\"ImageObject\",\"url\":\"https:\\\/\\\/candas365.es\\\/noticias\\\/wp-content\\\/uploads\\\/2025\\\/09\\\/luz.jpg\",\"@id\":\"https:\\\/\\\/candas365.es\\\/noticias\\\/la-semana-comienza-con-una-subida-del-precio-de-la-luz\\\/#mainImage\",\"width\":984,\"height\":677,\"caption\":\"Foto: 123rf.com\"},\"primaryImageOfPage\":{\"@id\":\"https:\\\/\\\/candas365.es\\\/noticias\\\/la-semana-comienza-con-una-subida-del-precio-de-la-luz\\\/#mainImage\"},\"datePublished\":\"2025-09-15T09:19:51+02:00\",\"dateModified\":\"2025-09-15T09:19:51+02:00\"},{\"@type\":\"WebSite\",\"@id\":\"https:\\\/\\\/candas365.es\\\/noticias\\\/#website\",\"url\":\"https:\\\/\\\/candas365.es\\\/noticias\\\/\",\"name\":\"Cand\\u00e1s 365\",\"alternateName\":\"Cand\\u00e1s 365 Noticias\",\"description\":\"Actualidad desde Carre\\u00f1o para el mundo\",\"inLanguage\":\"es-ES\",\"publisher\":{\"@id\":\"https:\\\/\\\/candas365.es\\\/noticias\\\/#organization\"}}]}\n\t\t<\/script>\n\t\t<!-- All in One SEO Pro -->\r\n\t\t<title>La semana comienza con una subida del precio de la luz | Cand\u00e1s 365<\/title>\n\n","aioseo_head_json":{"title":"La semana comienza con una subida del precio de la luz | Cand\u00e1s 365","description":"El precio medio de la luz se encarece hoy 15 de septiembre un 36,9%, hasta los 66,88 euros el megavatio hora, frente a los 48,87 euros del d\u00eda anterior.","canonical_url":"https:\/\/candas365.es\/noticias\/la-semana-comienza-con-una-subida-del-precio-de-la-luz\/","robots":"max-image-preview:large","keywords":"econom\u00eda","webmasterTools":{"google-site-verification":"UA-32230408-1","msvalidate.01":"354F3CDFB2DA171B47FBE9ABF1F88D5","miscellaneous":""},"schema":{"@context":"https:\/\/schema.org","@graph":[{"@type":"BreadcrumbList","@id":"https:\/\/candas365.es\/noticias\/la-semana-comienza-con-una-subida-del-precio-de-la-luz\/#breadcrumblist","itemListElement":[{"@type":"ListItem","@id":"https:\/\/candas365.es\/noticias#listItem","position":1,"name":"Home","item":"https:\/\/candas365.es\/noticias","nextItem":{"@type":"ListItem","@id":"https:\/\/candas365.es\/noticias\/category\/economia\/#listItem","name":"Econom\u00eda"}},{"@type":"ListItem","@id":"https:\/\/candas365.es\/noticias\/category\/economia\/#listItem","position":2,"name":"Econom\u00eda","item":"https:\/\/candas365.es\/noticias\/category\/economia\/","nextItem":{"@type":"ListItem","@id":"https:\/\/candas365.es\/noticias\/la-semana-comienza-con-una-subida-del-precio-de-la-luz\/#listItem","name":"La semana comienza con una subida del precio de la luz"},"previousItem":{"@type":"ListItem","@id":"https:\/\/candas365.es\/noticias#listItem","name":"Home"}},{"@type":"ListItem","@id":"https:\/\/candas365.es\/noticias\/la-semana-comienza-con-una-subida-del-precio-de-la-luz\/#listItem","position":3,"name":"La semana comienza con una subida del precio de la luz","previousItem":{"@type":"ListItem","@id":"https:\/\/candas365.es\/noticias\/category\/economia\/#listItem","name":"Econom\u00eda"}}]},{"@type":"NewsArticle","@id":"https:\/\/candas365.es\/noticias\/la-semana-comienza-con-una-subida-del-precio-de-la-luz\/#newsarticle","name":"La semana comienza con una subida del precio de la luz | Cand\u00e1s 365","headline":"La semana comienza con una subida del precio de la luz","author":{"@id":"https:\/\/candas365.es\/noticias\/author\/admin\/#author"},"publisher":{"@id":"https:\/\/candas365.es\/noticias\/#organization"},"image":{"@type":"ImageObject","url":"https:\/\/candas365.es\/noticias\/wp-content\/uploads\/2025\/09\/luz.jpg","width":984,"height":677,"caption":"Foto: 123rf.com"},"datePublished":"2025-09-15T09:19:51+02:00","dateModified":"2025-09-15T09:19:51+02:00","inLanguage":"es-ES","mainEntityOfPage":{"@id":"https:\/\/candas365.es\/noticias\/la-semana-comienza-con-una-subida-del-precio-de-la-luz\/#webpage"},"isPartOf":{"@id":"https:\/\/candas365.es\/noticias\/la-semana-comienza-con-una-subida-del-precio-de-la-luz\/#webpage"},"articleSection":"Econom\u00eda, Econom\u00eda","dateline":"Publicado el septiembre 15, 2025."},{"@type":"Organization","@id":"https:\/\/candas365.es\/noticias\/#organization","name":"Cand\u00e1s 365","description":"Cand\u00e1s 365 es un diario digital independiente, fundado en 2012, con base en Asturias. Informamos con rigor sobre actualidad, sociedad, cultura y ocio, con una mirada local y global.","url":"https:\/\/candas365.es\/noticias\/","email":"info@candas365.es","telephone":"+34652131393","foundingDate":"2012-06-10","logo":{"@type":"ImageObject","url":"https:\/\/candas365.es\/noticias\/wp-content\/uploads\/2024\/09\/Candas-365-Redes.jpg","@id":"https:\/\/candas365.es\/noticias\/la-semana-comienza-con-una-subida-del-precio-de-la-luz\/#organizationLogo","width":1152,"height":864,"caption":"Cand\u00e1s 365 Redes"},"image":{"@id":"https:\/\/candas365.es\/noticias\/la-semana-comienza-con-una-subida-del-precio-de-la-luz\/#organizationLogo"},"sameAs":["https:\/\/www.facebook.com\/Nachofdezber","https:\/\/x.com\/NabercoDigital","https:\/\/www.instagram.com\/nachofdezber\/","https:\/\/www.youtube.com\/channel\/UCZP-2wLEB9Rv6erhFmqVnvg"],"address":{"@id":"https:\/\/candas365.es\/noticias\/#postaladdress","@type":"PostalAddress","streetAddress":"san antonio 4, san antonio 4","postalCode":"33430","addressLocality":"Cand\u00e1s","addressRegion":"Asturias","addressCountry":"ES"}},{"@type":"Person","@id":"https:\/\/candas365.es\/noticias\/author\/admin\/#author","url":"https:\/\/candas365.es\/noticias\/author\/admin\/","name":"Cand\u00e1s 365","image":{"@type":"ImageObject","@id":"https:\/\/candas365.es\/noticias\/la-semana-comienza-con-una-subida-del-precio-de-la-luz\/#authorImage","url":"https:\/\/secure.gravatar.com\/avatar\/496a8e03d0c493ede1718b7934145dbdf8d89be1036b0eec9544e1094c9de390?s=96&d=mm&r=g","width":96,"height":96,"caption":"Cand\u00e1s 365"},"sameAs":["https:\/\/www.facebook.com\/carrenoactualidad","https:\/\/twitter.com\/nbasturias","https:\/\/www.instagram.com\/nachofdezber\/","https:\/\/www.youtube.com\/channel\/UCZP-2wLEB9Rv6erhFmqVnvg"]},{"@type":"WebPage","@id":"https:\/\/candas365.es\/noticias\/la-semana-comienza-con-una-subida-del-precio-de-la-luz\/#webpage","url":"https:\/\/candas365.es\/noticias\/la-semana-comienza-con-una-subida-del-precio-de-la-luz\/","name":"La semana comienza con una subida del precio de la luz | Cand\u00e1s 365","description":"El precio medio de la luz se encarece hoy 15 de septiembre un 36,9%, hasta los 66,88 euros el megavatio hora, frente a los 48,87 euros del d\u00eda anterior.","inLanguage":"es-ES","isPartOf":{"@id":"https:\/\/candas365.es\/noticias\/#website"},"breadcrumb":{"@id":"https:\/\/candas365.es\/noticias\/la-semana-comienza-con-una-subida-del-precio-de-la-luz\/#breadcrumblist"},"author":{"@id":"https:\/\/candas365.es\/noticias\/author\/admin\/#author"},"creator":{"@id":"https:\/\/candas365.es\/noticias\/author\/admin\/#author"},"image":{"@type":"ImageObject","url":"https:\/\/candas365.es\/noticias\/wp-content\/uploads\/2025\/09\/luz.jpg","@id":"https:\/\/candas365.es\/noticias\/la-semana-comienza-con-una-subida-del-precio-de-la-luz\/#mainImage","width":984,"height":677,"caption":"Foto: 123rf.com"},"primaryImageOfPage":{"@id":"https:\/\/candas365.es\/noticias\/la-semana-comienza-con-una-subida-del-precio-de-la-luz\/#mainImage"},"datePublished":"2025-09-15T09:19:51+02:00","dateModified":"2025-09-15T09:19:51+02:00"},{"@type":"WebSite","@id":"https:\/\/candas365.es\/noticias\/#website","url":"https:\/\/candas365.es\/noticias\/","name":"Cand\u00e1s 365","alternateName":"Cand\u00e1s 365 Noticias","description":"Actualidad desde Carre\u00f1o para el mundo","inLanguage":"es-ES","publisher":{"@id":"https:\/\/candas365.es\/noticias\/#organization"}}]},"og:locale":"es_ES","og:site_name":"Cand\u00e1s 365","og:type":"article","og:title":"La semana comienza con una subida del precio de la luz | Cand\u00e1s 365","og:description":"El precio medio de la luz se encarece hoy 15 de septiembre un 36,9%, hasta los 66,88 euros el megavatio hora, frente a los 48,87 euros del d\u00eda anterior.","og:url":"https:\/\/candas365.es\/noticias\/la-semana-comienza-con-una-subida-del-precio-de-la-luz\/","og:image":"https:\/\/candas365.es\/noticias\/wp-content\/uploads\/2025\/09\/luz.jpg","og:image:secure_url":"https:\/\/candas365.es\/noticias\/wp-content\/uploads\/2025\/09\/luz.jpg","og:image:width":984,"og:image:height":677,"article:published_time":"2025-09-15T07:19:51+00:00","article:modified_time":"2025-09-15T07:19:51+00:00","article:publisher":"https:\/\/www.facebook.com\/Nachofdezber","article:author":"https:\/\/www.facebook.com\/carrenoactualidad","twitter:card":"summary_large_image","twitter:site":"@NabercoDigital","twitter:title":"La semana comienza con una subida del precio de la luz | Cand\u00e1s 365","twitter:description":"El precio medio de la luz se encarece hoy 15 de septiembre un 36,9%, hasta los 66,88 euros el megavatio hora, frente a los 48,87 euros del d\u00eda anterior.","twitter:creator":"@nbasturias","twitter:image":"https:\/\/candas365.es\/noticias\/wp-content\/uploads\/2025\/09\/luz.jpg","twitter:label1":"Escrito por","twitter:data1":"Cand\u00e1s 365","twitter:label2":"Tiempo de lectura estimado","twitter:data2":"1 minuto"},"aioseo_meta_data":{"post_id":"187658","title":null,"description":"El precio medio de la luz se encarece hoy 15 de septiembre un 36,9%, hasta los 66,88 euros el megavatio hora, frente a los 48,87 euros del d\u00eda anterior.","keywords":null,"keyphrases":{"focus":{"keyphrase":"luz","score":100,"analysis":{"keyphraseInTitle":{"score":9,"maxScore":9,"error":0},"keyphraseInDescription":{"score":9,"maxScore":9,"error":0},"keyphraseLength":{"score":9,"maxScore":9,"error":0,"length":1},"keyphraseInURL":{"score":5,"maxScore":5,"error":0},"keyphraseInIntroduction":{"score":9,"maxScore":9,"error":0},"keyphraseInSubHeadings":[],"keyphraseInImageAlt":{"score":9,"maxScore":9,"error":0},"keywordDensity":{"type":"best","score":9,"maxScore":9,"error":0}}},"additional":[{"keyphrase":"luz","score":100,"analysis":{"keyphraseInDescription":{"score":9,"maxScore":9,"error":0},"keyphraseLength":{"score":9,"maxScore":9,"error":0,"length":1},"keyphraseInIntroduction":{"score":9,"maxScore":9,"error":0},"keyphraseInImageAlt":{"score":9,"maxScore":9,"error":0},"keywordDensity":{"type":"best","score":9,"maxScore":9,"error":0}}}]},"primary_term":null,"canonical_url":null,"og_title":null,"og_description":null,"og_object_type":"default","og_image_type":"default","og_image_url":null,"og_image_width":null,"og_image_height":null,"og_image_custom_url":null,"og_image_custom_fields":null,"og_video":"","og_custom_url":null,"og_article_section":null,"og_article_tags":null,"twitter_use_og":false,"twitter_card":"default","twitter_image_type":"default","twitter_image_url":null,"twitter_image_custom_url":null,"twitter_image_custom_fields":null,"twitter_title":null,"twitter_description":null,"schema":{"blockGraphs":[],"customGraphs":[],"default":{"data":{"Article":[],"Course":[],"Dataset":[],"FAQPage":[],"Movie":[],"Person":[],"Product":[],"ProductReview":[],"Car":[],"Recipe":[],"Service":[],"SoftwareApplication":[],"WebPage":[]},"graphName":"Article","isEnabled":true},"graphs":[]},"schema_type":"default","schema_type_options":null,"pillar_content":false,"robots_default":true,"robots_noindex":false,"robots_noarchive":false,"robots_nosnippet":false,"robots_nofollow":false,"robots_noimageindex":false,"robots_noodp":false,"robots_notranslate":false,"robots_max_snippet":"-1","robots_max_videopreview":"-1","robots_max_imagepreview":"large","priority":null,"frequency":"default","location":null,"local_seo":null,"seo_analyzer_scan_date":"2025-09-15 07:20:08","breadcrumb_settings":null,"limit_modified_date":false,"reviewed_by":null,"open_ai":null,"ai":{"faqs":[],"keyPoints":[],"titles":[],"descriptions":[],"socialPosts":{"email":[],"linkedin":[],"twitter":[],"facebook":[],"instagram":[]}},"created":"2025-09-15 07:13:58","updated":"2025-09-15 07:23:31"},"aioseo_breadcrumb":"<div class=\"aioseo-breadcrumbs\"><span class=\"aioseo-breadcrumb\">\n\t<a href=\"https:\/\/candas365.es\/noticias\" title=\"Home\">Home<\/a>\n<\/span><span class=\"aioseo-breadcrumb-separator\">&ndash;<\/span><span class=\"aioseo-breadcrumb\">\n\t<a href=\"https:\/\/candas365.es\/noticias\/category\/economia\/\" title=\"Econom\u00eda\">Econom\u00eda<\/a>\n<\/span><span class=\"aioseo-breadcrumb-separator\">&ndash;<\/span><span class=\"aioseo-breadcrumb\">\n\tLa semana comienza con una subida del precio de la luz\n<\/span><\/div>","aioseo_breadcrumb_json":[{"label":"Home","link":"https:\/\/candas365.es\/noticias"},{"label":"Econom\u00eda","link":"https:\/\/candas365.es\/noticias\/category\/economia\/"},{"label":"La semana comienza con una subida del precio de la luz","link":"https:\/\/candas365.es\/noticias\/la-semana-comienza-con-una-subida-del-precio-de-la-luz\/"}],"_links":{"self":[{"href":"https:\/\/candas365.es\/noticias\/wp-json\/wp\/v2\/posts\/187658","targetHints":{"allow":["GET"]}}],"collection":[{"href":"https:\/\/candas365.es\/noticias\/wp-json\/wp\/v2\/posts"}],"about":[{"href":"https:\/\/candas365.es\/noticias\/wp-json\/wp\/v2\/types\/post"}],"author":[{"embeddable":true,"href":"https:\/\/candas365.es\/noticias\/wp-json\/wp\/v2\/users\/1"}],"replies":[{"embeddable":true,"href":"https:\/\/candas365.es\/noticias\/wp-json\/wp\/v2\/comments?post=187658"}],"version-history":[{"count":0,"href":"https:\/\/candas365.es\/noticias\/wp-json\/wp\/v2\/posts\/187658\/revisions"}],"wp:featuredmedia":[{"embeddable":true,"href":"https:\/\/candas365.es\/noticias\/wp-json\/wp\/v2\/media\/187659"}],"wp:attachment":[{"href":"https:\/\/candas365.es\/noticias\/wp-json\/wp\/v2\/media?parent=187658"}],"wp:term":[{"taxonomy":"category","embeddable":true,"href":"https:\/\/candas365.es\/noticias\/wp-json\/wp\/v2\/categories?post=187658"},{"taxonomy":"post_tag","embeddable":true,"href":"https:\/\/candas365.es\/noticias\/wp-json\/wp\/v2\/tags?post=187658"}],"curies":[{"name":"wp","href":"https:\/\/api.w.org\/{rel}","templated":true}]}}