{"id":187651,"date":"2025-09-14T20:45:35","date_gmt":"2025-09-14T18:45:35","guid":{"rendered":"https:\/\/candas365.es\/noticias\/?p=187651"},"modified":"2025-09-14T20:45:35","modified_gmt":"2025-09-14T18:45:35","slug":"las-reflexiones-de-becker-sobre-sus-dias-en-prision","status":"publish","type":"post","link":"https:\/\/candas365.es\/noticias\/las-reflexiones-de-becker-sobre-sus-dias-en-prision\/","title":{"rendered":"Las reflexiones de Becker sobre sus d\u00edas en prisi\u00f3n"},"content":{"rendered":"<p>Berl\u00edn, 14 sep (dpa) &#8211; El extenista alem\u00e1n <a href=\"https:\/\/candas365.es\/noticias\/boris-becker-escribe-sobre-sus-vivencias-en-la-carcel\/\"><span style=\"color: #ff6600;\"><strong>Boris Becker<\/strong><\/span><\/a> pas\u00f3 231 d\u00edas en una prisi\u00f3n brit\u00e1nica tras ser declarado culpable de una quiebra fraudulenta, un periodo que ha dado lugar a un libro, \u00abInside\u00bb (Dentro), del que habla en una <span style=\"color: #ff6600;\"><a style=\"color: #ff6600;\" href=\"https:\/\/www.dpa-news.de\/\" target=\"_blank\" rel=\"noopener\"><strong>entrevista concedida a dpa<\/strong><\/a><\/span>.<\/p>\n<figure id=\"attachment_187652\" aria-describedby=\"caption-attachment-187652\" style=\"width: 650px\" class=\"wp-caption aligncenter\"><img fetchpriority=\"high\" decoding=\"async\" class=\"size-large wp-image-187652\" src=\"https:\/\/candas365.es\/noticias\/wp-content\/uploads\/2025\/09\/Las-reflexiones-de-Becker-sobre-sus-dias-en-prision--650x451.jpg\" alt=\"Las reflexiones de Becker sobre sus d\u00edas en prisi\u00f3n \" width=\"650\" height=\"451\" srcset=\"https:\/\/candas365.es\/noticias\/wp-content\/uploads\/2025\/09\/Las-reflexiones-de-Becker-sobre-sus-dias-en-prision--650x451.jpg 650w, https:\/\/candas365.es\/noticias\/wp-content\/uploads\/2025\/09\/Las-reflexiones-de-Becker-sobre-sus-dias-en-prision--360x250.jpg 360w, https:\/\/candas365.es\/noticias\/wp-content\/uploads\/2025\/09\/Las-reflexiones-de-Becker-sobre-sus-dias-en-prision--768x533.jpg 768w, https:\/\/candas365.es\/noticias\/wp-content\/uploads\/2025\/09\/Las-reflexiones-de-Becker-sobre-sus-dias-en-prision--150x104.jpg 150w, https:\/\/candas365.es\/noticias\/wp-content\/uploads\/2025\/09\/Las-reflexiones-de-Becker-sobre-sus-dias-en-prision--450x312.jpg 450w, https:\/\/candas365.es\/noticias\/wp-content\/uploads\/2025\/09\/Las-reflexiones-de-Becker-sobre-sus-dias-en-prision-.jpg 957w\" sizes=\"(max-width: 650px) 100vw, 650px\" \/><figcaption id=\"caption-attachment-187652\" class=\"wp-caption-text\">El extenista alem\u00e1n Boris Becker concedi\u00f3 una entrevista a dpa en la que habl\u00f3 de su paso por prisi\u00f3n, un periodo que ha relatado en su libro de memorias \u00abInside\u00bb (Dentro), y tambi\u00e9n reflexion\u00f3 sobre su vida antes y despu\u00e9s de ese episodio. Foto: Soeren Stache\/dpa<\/figcaption><\/figure>\n<p>Antes de entrar a la sala junto a su mujer, Lilian, pide fumarse un purito a solas, lo que da pie a la primera pregunta.<\/p>\n<h3>Pregunta: El purito, se\u00f1or Becker. \u00bfCu\u00e1nto lo ha echado de menos?<\/h3>\n<p>Respuesta: No solo el purito. Cuando a uno le quitan la libertad, no se puede imaginar antes c\u00f3mo es. No solo se echa de menos el purito, sino tambi\u00e9n el contacto cercano con los seres queridos.<\/p>\n<h3>Pregunta: \u00bfHay algo que haya aprendido de este tiempo?<\/h3>\n<p>Respuesta: S\u00ed, muchas cosas. Reflexion\u00e9 mucho sobre las razones por las que acab\u00e9 en la c\u00e1rcel, cu\u00e1les fueron los errores, cu\u00e1ndo tom\u00e9 el camino equivocado. Han pasado dos a\u00f1os y medio desde mi puesta en libertad y mi mujer y yo vivimos en Italia desde abril de 2023. Podemos estar un poco orgullosos de c\u00f3mo estamos hoy en d\u00eda.<\/p>\n<h3>Pregunta: \u00bfHay algo de lo que pueda decir: \u00abHan sido dos, tres, cuatro lecciones que recuerdo cada d\u00eda\u00bb?<\/h3>\n<p>Respuesta: Me he vuelto extremadamente cauteloso con las personas. Antes era muy sociable y dejaba entrar a cualquiera. Ahora ya no es as\u00ed. Soy muy cauteloso y solo tengo un peque\u00f1o c\u00edrculo de amigos. Y creo que eso no va a cambiar tan pronto. He aprendido la lecci\u00f3n.<\/p>\n<h3>Pregunta: \u00bfC\u00f3mo se sabe qu\u00e9 personas hacen bien?<\/h3>\n<p>Respuesta: Cada uno deber\u00eda mirar a su propio c\u00edrculo de amigos y averiguar qui\u00e9n est\u00e1 fuera de lugar. \u00bfQui\u00e9n se ha quedado, qui\u00e9n apoya y qui\u00e9n no? Muchos me dieron la espalda y luego no ten\u00edan tiempo o ganas, o no quer\u00edan lidiar conmigo, y est\u00e1 bien as\u00ed.<\/p>\n<h3>Pregunta: \u00bfQui\u00e9n es Boris Becker despu\u00e9s de la c\u00e1rcel?<\/h3>\n<p>Respuesta: Creo que he reflexionado: \u00bfqu\u00e9 me distingu\u00eda como tenista? \u00bfCu\u00e1les eran mis puntos fuertes? \u00bfCu\u00e1les eran mis cualidades? \u00bfCu\u00e1les eran mis puntos d\u00e9biles? Y creo que mentalmente he vuelto a la \u00e9poca en la que jugaba bien al tenis, cuando mi vida iba bien.<\/p>\n<h3>Pregunta: \u00bfQu\u00e9 tan delgada es la l\u00ednea entre que la c\u00e1rcel pueda destruir a alguien y volver a tomar conciencia de las antiguas fortalezas?<\/h3>\n<p>Respuesta: La mentalidad carcelaria afecta a la psique. La c\u00e1rcel es un castigo por los errores que se han cometido. Duele mucho y, a veces, incluso es peligroso. Quien diga lo contrario, no tiene ni idea. Pero eso se puede superar, con la ayuda de la familia y los buenos amigos. No creo que mi estancia en prisi\u00f3n me haya causado ning\u00fan da\u00f1o.<\/p>\n<h3>Pregunta: Antes de ingresar en prisi\u00f3n, se hab\u00eda formado una idea a partir de las pel\u00edculas. \u00bfC\u00f3mo las ve ahora?<\/h3>\n<p>Respuesta: Con otros ojos. Ese largo tiempo que se pasa solo en la celda es lo peor. No cuando se est\u00e1 trabajando o cuando se tiene algo que hacer con otros reclusos, sino simplemente ese largo tiempo solo en la celda. Eso es lo brutal. Pero eso nunca aparece en las pel\u00edculas.<\/p>\n<h3>Pregunta: En la c\u00e1rcel hay personas que han cometido delitos muy diferentes. \u00bfC\u00f3mo se afronta eso?<\/h3>\n<p>Respuesta: Lo sorprendente era que no hab\u00eda diferencias. Un delincuente econ\u00f3mico estaba junto a un asesino, y un asesino junto a un ped\u00f3filo, y un ped\u00f3filo junto a un traficante de drogas. No se distingue el delito que se ha cometido. Eso me asust\u00f3, no lo esperaba.<\/p>\n<h3>Pregunta: \u00bfEsa sensaci\u00f3n desapareci\u00f3 en alg\u00fan momento?<\/h3>\n<p>Respuesta: Es como con todo: nos acostumbramos a todo, incluso a los peores momentos. Hay que dejar de juzgar o condenar a las personas. Todos sufrimos lo mismo, la soledad de la celda. Todos comemos lo mismo, todos tenemos el mismo aspecto. No hay diferencias.<\/p>\n<h3>Pregunta: Usted es una figura p\u00fablica. Eso significa que la gente le ha juzgado y le ha condenado. Dice que Alemania se regode\u00f3 con sus problemas. \u00bfTuvo esa sensaci\u00f3n solo durante el proceso?<\/h3>\n<p>Respuesta: \u00a1Soy una persona p\u00fablica desde el 7 de julio de 1985 (la primera victoria en Wimbledon), as\u00ed yo lo quiera o no! Los desconocidos me juzgan y me eval\u00faan, independientemente de si realmente me conocen. Soy popular entre algunos e impopular entre otros, en parte por la misma raz\u00f3n. He aprendido que no puedo complacer a todo el mundo y vivo mi vida. En el extranjero se me percibe de otra manera.<\/p>\n<h3>Pregunta: \u00bfSe imagina volver a vivir en Alemania?<\/h3>\n<p>Respuesta: Respuesta breve: no. Por supuesto, esto tambi\u00e9n tiene que ver con el deseo de tener una vida privada, as\u00ed como con el deseo de no tener que leer cada semana algo sobre m\u00ed, ya sea bueno o malo, da igual. Y creo que con Italia hemos tomado una muy buena decisi\u00f3n.<\/p>\n<h3>Pregunta: En el libro escribe sobre su dif\u00edcil situaci\u00f3n econ\u00f3mica tras su encarcelamiento. Dos a\u00f1os y medio despu\u00e9s, \u00bfc\u00f3mo describir\u00eda su situaci\u00f3n actual? \u00bfEst\u00e1 donde quiere estar en este momento?<\/h3>\n<p>Respuesta: Desde el 27 de abril de 2024 ya no estoy en quiebra. Tengo que trabajar duro para ganarme la vida. No he heredado ni recibido nada. Pero no me quejo, mi situaci\u00f3n econ\u00f3mica ha mejorado.<\/p>\n<h3>Pregunta: Ahora le espera otra tarea: va a ser padre otra vez.<\/h3>\n<p>Respuesta: Intento, quiz\u00e1 a diferencia de antes, mantener mis asuntos privados en privado, es decir, no lo comparto todo con el p\u00fablico.<\/p>\n<h3>Pregunta: \u00bfTodav\u00eda juega al tenis de vez en cuando?<\/h3>\n<p>Respuesta: S\u00ed. A mi mujer le gusta jugar, aunque ahora mismo es m\u00e1s dif\u00edcil, pero le gusta mucho y quiere jugar con su marido. Mis hijos mayores estuvieron hace poco en Mil\u00e1n y tambi\u00e9n quer\u00edan jugar al tenis con pap\u00e1. Hay excepciones en las que vuelvo a sacar la raqueta.<\/p>\n<h3>Pregunta: \u00bfY qu\u00e9 tal se le da todav\u00eda?<\/h3>\n<p>Respuesta: Creo que todav\u00eda le ganar\u00eda a usted. Creo que ganar\u00eda a cualquiera de los que est\u00e1n en esta sala.<\/p>\n<h2>SEMBLANZA<\/h2>\n<p>Boris Becker es uno de los alemanes m\u00e1s famosos del mundo. En 1985, con solo 17 a\u00f1os, gan\u00f3 el torneo de Wimbledon, un \u00e9xito que, seg\u00fan \u00e9l mismo afirma, marc\u00f3 su vida. Le siguieron muchos otros \u00e9xitos, hasta un total de seis t\u00edtulos en torneos de Grand Slam. Tras retirarse, Becker sigui\u00f3 apareciendo en p\u00fablico. En abril de 2022 fue condenado en un tribunal de Londres por no haber declarado correctamente sus activos en un procedimiento de quiebra. Pas\u00f3 231 d\u00edas en prisi\u00f3n.<\/p>\n<p><em>Por Jan Mies y Julia Kilian (dpa)<\/em><\/p>\n","protected":false},"excerpt":{"rendered":"<p>Berl\u00edn, 14 sep (dpa) &#8211; El extenista alem\u00e1n Boris Becker pas\u00f3 231 d\u00edas en una prisi\u00f3n brit\u00e1nica tras ser declarado culpable de una quiebra fraudulenta, un periodo que ha dado lugar a un libro, \u00abInside\u00bb (Dentro), del que habla en una entrevista concedida a dpa. Antes de entrar a la sala junto a su mujer,<\/p>\n","protected":false},"author":1,"featured_media":187652,"comment_status":"closed","ping_status":"closed","sticky":false,"template":"","format":"standard","meta":{"footnotes":""},"categories":[485],"tags":[417,434,418],"class_list":{"0":"post-187651","1":"post","2":"type-post","3":"status-publish","4":"format-standard","5":"has-post-thumbnail","7":"category-internacional","8":"tag-alemania","9":"tag-entrevistas","10":"tag-internacional"},"aioseo_notices":[],"aioseo_head":"\n\t\t<!-- All in One SEO Pro 4.9.6.2 - aioseo.com -->\n\t<meta name=\"description\" content=\"Berl\u00edn, 14 sep (dpa) - El extenista alem\u00e1n Boris Becker pas\u00f3 231 d\u00edas en una prisi\u00f3n brit\u00e1nica tras ser declarado culpable de una quiebra fraudulenta\" \/>\n\t<meta name=\"robots\" content=\"max-image-preview:large\" \/>\n\t<meta name=\"author\" content=\"Cand\u00e1s 365\"\/>\n\t<meta name=\"google-site-verification\" content=\"UA-32230408-1\" \/>\n\t<meta name=\"msvalidate.01\" content=\"354F3CDFB2DA171B47FBE9ABF1F88D5\" \/>\n\t<meta name=\"keywords\" content=\"internacional\" \/>\n\t<link rel=\"canonical\" href=\"https:\/\/candas365.es\/noticias\/las-reflexiones-de-becker-sobre-sus-dias-en-prision\/\" \/>\n\t<meta name=\"generator\" content=\"All in One SEO Pro (AIOSEO) 4.9.6.2\" \/>\n\t\t<meta property=\"og:locale\" content=\"es_ES\" \/>\n\t\t<meta property=\"og:site_name\" content=\"Cand\u00e1s 365\" \/>\n\t\t<meta property=\"og:type\" content=\"article\" \/>\n\t\t<meta property=\"og:title\" content=\"Las reflexiones de Becker sobre sus d\u00edas en prisi\u00f3n | Cand\u00e1s 365\" \/>\n\t\t<meta property=\"og:description\" content=\"Berl\u00edn, 14 sep (dpa) - El extenista alem\u00e1n Boris Becker pas\u00f3 231 d\u00edas en una prisi\u00f3n brit\u00e1nica tras ser declarado culpable de una quiebra fraudulenta\" \/>\n\t\t<meta property=\"og:url\" content=\"https:\/\/candas365.es\/noticias\/las-reflexiones-de-becker-sobre-sus-dias-en-prision\/\" \/>\n\t\t<meta property=\"og:image\" content=\"https:\/\/candas365.es\/noticias\/wp-content\/uploads\/2025\/09\/Las-reflexiones-de-Becker-sobre-sus-dias-en-prision-.jpg\" \/>\n\t\t<meta property=\"og:image:secure_url\" content=\"https:\/\/candas365.es\/noticias\/wp-content\/uploads\/2025\/09\/Las-reflexiones-de-Becker-sobre-sus-dias-en-prision-.jpg\" \/>\n\t\t<meta property=\"og:image:width\" content=\"957\" \/>\n\t\t<meta property=\"og:image:height\" content=\"664\" \/>\n\t\t<meta property=\"article:published_time\" content=\"2025-09-14T18:45:35+00:00\" \/>\n\t\t<meta property=\"article:modified_time\" content=\"2025-09-14T18:45:35+00:00\" \/>\n\t\t<meta property=\"article:publisher\" content=\"https:\/\/www.facebook.com\/Nachofdezber\" \/>\n\t\t<meta property=\"article:author\" content=\"https:\/\/www.facebook.com\/carrenoactualidad\" \/>\n\t\t<meta name=\"twitter:card\" content=\"summary_large_image\" \/>\n\t\t<meta name=\"twitter:site\" content=\"@NabercoDigital\" \/>\n\t\t<meta name=\"twitter:title\" content=\"Las reflexiones de Becker sobre sus d\u00edas en prisi\u00f3n | Cand\u00e1s 365\" \/>\n\t\t<meta name=\"twitter:description\" content=\"Berl\u00edn, 14 sep (dpa) - El extenista alem\u00e1n Boris Becker pas\u00f3 231 d\u00edas en una prisi\u00f3n brit\u00e1nica tras ser declarado culpable de una quiebra fraudulenta\" \/>\n\t\t<meta name=\"twitter:creator\" content=\"@nbasturias\" \/>\n\t\t<meta name=\"twitter:image\" content=\"https:\/\/candas365.es\/noticias\/wp-content\/uploads\/2025\/09\/Las-reflexiones-de-Becker-sobre-sus-dias-en-prision-.jpg\" \/>\n\t\t<meta name=\"twitter:label1\" content=\"Escrito por\" \/>\n\t\t<meta name=\"twitter:data1\" content=\"Cand\u00e1s 365\" \/>\n\t\t<meta name=\"twitter:label2\" content=\"Tiempo de lectura estimado\" \/>\n\t\t<meta name=\"twitter:data2\" content=\"6 minutos\" \/>\n\t\t<script type=\"application\/ld+json\" class=\"aioseo-schema\">\n\t\t\t{\"@context\":\"https:\\\/\\\/schema.org\",\"@graph\":[{\"@type\":\"BreadcrumbList\",\"@id\":\"https:\\\/\\\/candas365.es\\\/noticias\\\/las-reflexiones-de-becker-sobre-sus-dias-en-prision\\\/#breadcrumblist\",\"itemListElement\":[{\"@type\":\"ListItem\",\"@id\":\"https:\\\/\\\/candas365.es\\\/noticias#listItem\",\"position\":1,\"name\":\"Home\",\"item\":\"https:\\\/\\\/candas365.es\\\/noticias\",\"nextItem\":{\"@type\":\"ListItem\",\"@id\":\"https:\\\/\\\/candas365.es\\\/noticias\\\/category\\\/internacional\\\/#listItem\",\"name\":\"Internacional\"}},{\"@type\":\"ListItem\",\"@id\":\"https:\\\/\\\/candas365.es\\\/noticias\\\/category\\\/internacional\\\/#listItem\",\"position\":2,\"name\":\"Internacional\",\"item\":\"https:\\\/\\\/candas365.es\\\/noticias\\\/category\\\/internacional\\\/\",\"nextItem\":{\"@type\":\"ListItem\",\"@id\":\"https:\\\/\\\/candas365.es\\\/noticias\\\/las-reflexiones-de-becker-sobre-sus-dias-en-prision\\\/#listItem\",\"name\":\"Las reflexiones de Becker sobre sus d\\u00edas en prisi\\u00f3n\"},\"previousItem\":{\"@type\":\"ListItem\",\"@id\":\"https:\\\/\\\/candas365.es\\\/noticias#listItem\",\"name\":\"Home\"}},{\"@type\":\"ListItem\",\"@id\":\"https:\\\/\\\/candas365.es\\\/noticias\\\/las-reflexiones-de-becker-sobre-sus-dias-en-prision\\\/#listItem\",\"position\":3,\"name\":\"Las reflexiones de Becker sobre sus d\\u00edas en prisi\\u00f3n\",\"previousItem\":{\"@type\":\"ListItem\",\"@id\":\"https:\\\/\\\/candas365.es\\\/noticias\\\/category\\\/internacional\\\/#listItem\",\"name\":\"Internacional\"}}]},{\"@type\":\"NewsArticle\",\"@id\":\"https:\\\/\\\/candas365.es\\\/noticias\\\/las-reflexiones-de-becker-sobre-sus-dias-en-prision\\\/#newsarticle\",\"name\":\"Las reflexiones de Becker sobre sus d\\u00edas en prisi\\u00f3n | Cand\\u00e1s 365\",\"headline\":\"Las reflexiones de Becker sobre sus d\\u00edas en prisi\\u00f3n\",\"author\":{\"@id\":\"https:\\\/\\\/candas365.es\\\/noticias\\\/author\\\/admin\\\/#author\"},\"publisher\":{\"@id\":\"https:\\\/\\\/candas365.es\\\/noticias\\\/#organization\"},\"image\":{\"@type\":\"ImageObject\",\"url\":\"https:\\\/\\\/candas365.es\\\/noticias\\\/wp-content\\\/uploads\\\/2025\\\/09\\\/Las-reflexiones-de-Becker-sobre-sus-dias-en-prision-.jpg\",\"width\":957,\"height\":664,\"caption\":\"El extenista alem\\u00e1n Boris Becker concedi\\u00f3 una entrevista a dpa en la que habl\\u00f3 de su paso por prisi\\u00f3n, un periodo que ha relatado en su libro de memorias \\\"Inside\\\" (Dentro), y tambi\\u00e9n reflexion\\u00f3 sobre su vida antes y despu\\u00e9s de ese episodio. Foto: Soeren Stache\\\/dpa\"},\"datePublished\":\"2025-09-14T20:45:35+02:00\",\"dateModified\":\"2025-09-14T20:45:35+02:00\",\"inLanguage\":\"es-ES\",\"mainEntityOfPage\":{\"@id\":\"https:\\\/\\\/candas365.es\\\/noticias\\\/las-reflexiones-de-becker-sobre-sus-dias-en-prision\\\/#webpage\"},\"isPartOf\":{\"@id\":\"https:\\\/\\\/candas365.es\\\/noticias\\\/las-reflexiones-de-becker-sobre-sus-dias-en-prision\\\/#webpage\"},\"articleSection\":\"Internacional, Alemania, entrevistas, Internacional\",\"dateline\":\"Publicado el septiembre 14, 2025.\"},{\"@type\":\"Organization\",\"@id\":\"https:\\\/\\\/candas365.es\\\/noticias\\\/#organization\",\"name\":\"Cand\\u00e1s 365\",\"description\":\"Cand\\u00e1s 365 es un diario digital independiente, fundado en 2012, con base en Asturias. Informamos con rigor sobre actualidad, sociedad, cultura y ocio, con una mirada local y global.\",\"url\":\"https:\\\/\\\/candas365.es\\\/noticias\\\/\",\"email\":\"info@candas365.es\",\"telephone\":\"+34652131393\",\"foundingDate\":\"2012-06-10\",\"logo\":{\"@type\":\"ImageObject\",\"url\":\"https:\\\/\\\/candas365.es\\\/noticias\\\/wp-content\\\/uploads\\\/2024\\\/09\\\/Candas-365-Redes.jpg\",\"@id\":\"https:\\\/\\\/candas365.es\\\/noticias\\\/las-reflexiones-de-becker-sobre-sus-dias-en-prision\\\/#organizationLogo\",\"width\":1152,\"height\":864,\"caption\":\"Cand\\u00e1s 365 Redes\"},\"image\":{\"@id\":\"https:\\\/\\\/candas365.es\\\/noticias\\\/las-reflexiones-de-becker-sobre-sus-dias-en-prision\\\/#organizationLogo\"},\"sameAs\":[\"https:\\\/\\\/www.facebook.com\\\/Nachofdezber\",\"https:\\\/\\\/x.com\\\/NabercoDigital\",\"https:\\\/\\\/www.instagram.com\\\/nachofdezber\\\/\",\"https:\\\/\\\/www.youtube.com\\\/channel\\\/UCZP-2wLEB9Rv6erhFmqVnvg\"],\"address\":{\"@id\":\"https:\\\/\\\/candas365.es\\\/noticias\\\/#postaladdress\",\"@type\":\"PostalAddress\",\"streetAddress\":\"san antonio 4, san antonio 4\",\"postalCode\":\"33430\",\"addressLocality\":\"Cand\\u00e1s\",\"addressRegion\":\"Asturias\",\"addressCountry\":\"ES\"}},{\"@type\":\"Person\",\"@id\":\"https:\\\/\\\/candas365.es\\\/noticias\\\/author\\\/admin\\\/#author\",\"url\":\"https:\\\/\\\/candas365.es\\\/noticias\\\/author\\\/admin\\\/\",\"name\":\"Cand\\u00e1s 365\",\"image\":{\"@type\":\"ImageObject\",\"@id\":\"https:\\\/\\\/candas365.es\\\/noticias\\\/las-reflexiones-de-becker-sobre-sus-dias-en-prision\\\/#authorImage\",\"url\":\"https:\\\/\\\/secure.gravatar.com\\\/avatar\\\/496a8e03d0c493ede1718b7934145dbdf8d89be1036b0eec9544e1094c9de390?s=96&d=mm&r=g\",\"width\":96,\"height\":96,\"caption\":\"Cand\\u00e1s 365\"},\"sameAs\":[\"https:\\\/\\\/www.facebook.com\\\/carrenoactualidad\",\"https:\\\/\\\/twitter.com\\\/nbasturias\",\"https:\\\/\\\/www.instagram.com\\\/nachofdezber\\\/\",\"https:\\\/\\\/www.youtube.com\\\/channel\\\/UCZP-2wLEB9Rv6erhFmqVnvg\"]},{\"@type\":\"WebPage\",\"@id\":\"https:\\\/\\\/candas365.es\\\/noticias\\\/las-reflexiones-de-becker-sobre-sus-dias-en-prision\\\/#webpage\",\"url\":\"https:\\\/\\\/candas365.es\\\/noticias\\\/las-reflexiones-de-becker-sobre-sus-dias-en-prision\\\/\",\"name\":\"Las reflexiones de Becker sobre sus d\\u00edas en prisi\\u00f3n | Cand\\u00e1s 365\",\"description\":\"Berl\\u00edn, 14 sep (dpa) - El extenista alem\\u00e1n Boris Becker pas\\u00f3 231 d\\u00edas en una prisi\\u00f3n brit\\u00e1nica tras ser declarado culpable de una quiebra fraudulenta\",\"inLanguage\":\"es-ES\",\"isPartOf\":{\"@id\":\"https:\\\/\\\/candas365.es\\\/noticias\\\/#website\"},\"breadcrumb\":{\"@id\":\"https:\\\/\\\/candas365.es\\\/noticias\\\/las-reflexiones-de-becker-sobre-sus-dias-en-prision\\\/#breadcrumblist\"},\"author\":{\"@id\":\"https:\\\/\\\/candas365.es\\\/noticias\\\/author\\\/admin\\\/#author\"},\"creator\":{\"@id\":\"https:\\\/\\\/candas365.es\\\/noticias\\\/author\\\/admin\\\/#author\"},\"image\":{\"@type\":\"ImageObject\",\"url\":\"https:\\\/\\\/candas365.es\\\/noticias\\\/wp-content\\\/uploads\\\/2025\\\/09\\\/Las-reflexiones-de-Becker-sobre-sus-dias-en-prision-.jpg\",\"@id\":\"https:\\\/\\\/candas365.es\\\/noticias\\\/las-reflexiones-de-becker-sobre-sus-dias-en-prision\\\/#mainImage\",\"width\":957,\"height\":664,\"caption\":\"El extenista alem\\u00e1n Boris Becker concedi\\u00f3 una entrevista a dpa en la que habl\\u00f3 de su paso por prisi\\u00f3n, un periodo que ha relatado en su libro de memorias \\\"Inside\\\" (Dentro), y tambi\\u00e9n reflexion\\u00f3 sobre su vida antes y despu\\u00e9s de ese episodio. Foto: Soeren Stache\\\/dpa\"},\"primaryImageOfPage\":{\"@id\":\"https:\\\/\\\/candas365.es\\\/noticias\\\/las-reflexiones-de-becker-sobre-sus-dias-en-prision\\\/#mainImage\"},\"datePublished\":\"2025-09-14T20:45:35+02:00\",\"dateModified\":\"2025-09-14T20:45:35+02:00\"},{\"@type\":\"WebSite\",\"@id\":\"https:\\\/\\\/candas365.es\\\/noticias\\\/#website\",\"url\":\"https:\\\/\\\/candas365.es\\\/noticias\\\/\",\"name\":\"Cand\\u00e1s 365\",\"alternateName\":\"Cand\\u00e1s 365 Noticias\",\"description\":\"Actualidad desde Carre\\u00f1o para el mundo\",\"inLanguage\":\"es-ES\",\"publisher\":{\"@id\":\"https:\\\/\\\/candas365.es\\\/noticias\\\/#organization\"}}]}\n\t\t<\/script>\n\t\t<!-- All in One SEO Pro -->\r\n\t\t<title>Las reflexiones de Becker sobre sus d\u00edas en prisi\u00f3n | Cand\u00e1s 365<\/title>\n\n","aioseo_head_json":{"title":"Las reflexiones de Becker sobre sus d\u00edas en prisi\u00f3n | Cand\u00e1s 365","description":"Berl\u00edn, 14 sep (dpa) - El extenista alem\u00e1n Boris Becker pas\u00f3 231 d\u00edas en una prisi\u00f3n brit\u00e1nica tras ser declarado culpable de una quiebra fraudulenta","canonical_url":"https:\/\/candas365.es\/noticias\/las-reflexiones-de-becker-sobre-sus-dias-en-prision\/","robots":"max-image-preview:large","keywords":"internacional","webmasterTools":{"google-site-verification":"UA-32230408-1","msvalidate.01":"354F3CDFB2DA171B47FBE9ABF1F88D5","miscellaneous":""},"schema":{"@context":"https:\/\/schema.org","@graph":[{"@type":"BreadcrumbList","@id":"https:\/\/candas365.es\/noticias\/las-reflexiones-de-becker-sobre-sus-dias-en-prision\/#breadcrumblist","itemListElement":[{"@type":"ListItem","@id":"https:\/\/candas365.es\/noticias#listItem","position":1,"name":"Home","item":"https:\/\/candas365.es\/noticias","nextItem":{"@type":"ListItem","@id":"https:\/\/candas365.es\/noticias\/category\/internacional\/#listItem","name":"Internacional"}},{"@type":"ListItem","@id":"https:\/\/candas365.es\/noticias\/category\/internacional\/#listItem","position":2,"name":"Internacional","item":"https:\/\/candas365.es\/noticias\/category\/internacional\/","nextItem":{"@type":"ListItem","@id":"https:\/\/candas365.es\/noticias\/las-reflexiones-de-becker-sobre-sus-dias-en-prision\/#listItem","name":"Las reflexiones de Becker sobre sus d\u00edas en prisi\u00f3n"},"previousItem":{"@type":"ListItem","@id":"https:\/\/candas365.es\/noticias#listItem","name":"Home"}},{"@type":"ListItem","@id":"https:\/\/candas365.es\/noticias\/las-reflexiones-de-becker-sobre-sus-dias-en-prision\/#listItem","position":3,"name":"Las reflexiones de Becker sobre sus d\u00edas en prisi\u00f3n","previousItem":{"@type":"ListItem","@id":"https:\/\/candas365.es\/noticias\/category\/internacional\/#listItem","name":"Internacional"}}]},{"@type":"NewsArticle","@id":"https:\/\/candas365.es\/noticias\/las-reflexiones-de-becker-sobre-sus-dias-en-prision\/#newsarticle","name":"Las reflexiones de Becker sobre sus d\u00edas en prisi\u00f3n | Cand\u00e1s 365","headline":"Las reflexiones de Becker sobre sus d\u00edas en prisi\u00f3n","author":{"@id":"https:\/\/candas365.es\/noticias\/author\/admin\/#author"},"publisher":{"@id":"https:\/\/candas365.es\/noticias\/#organization"},"image":{"@type":"ImageObject","url":"https:\/\/candas365.es\/noticias\/wp-content\/uploads\/2025\/09\/Las-reflexiones-de-Becker-sobre-sus-dias-en-prision-.jpg","width":957,"height":664,"caption":"El extenista alem\u00e1n Boris Becker concedi\u00f3 una entrevista a dpa en la que habl\u00f3 de su paso por prisi\u00f3n, un periodo que ha relatado en su libro de memorias \"Inside\" (Dentro), y tambi\u00e9n reflexion\u00f3 sobre su vida antes y despu\u00e9s de ese episodio. Foto: Soeren Stache\/dpa"},"datePublished":"2025-09-14T20:45:35+02:00","dateModified":"2025-09-14T20:45:35+02:00","inLanguage":"es-ES","mainEntityOfPage":{"@id":"https:\/\/candas365.es\/noticias\/las-reflexiones-de-becker-sobre-sus-dias-en-prision\/#webpage"},"isPartOf":{"@id":"https:\/\/candas365.es\/noticias\/las-reflexiones-de-becker-sobre-sus-dias-en-prision\/#webpage"},"articleSection":"Internacional, Alemania, entrevistas, Internacional","dateline":"Publicado el septiembre 14, 2025."},{"@type":"Organization","@id":"https:\/\/candas365.es\/noticias\/#organization","name":"Cand\u00e1s 365","description":"Cand\u00e1s 365 es un diario digital independiente, fundado en 2012, con base en Asturias. Informamos con rigor sobre actualidad, sociedad, cultura y ocio, con una mirada local y global.","url":"https:\/\/candas365.es\/noticias\/","email":"info@candas365.es","telephone":"+34652131393","foundingDate":"2012-06-10","logo":{"@type":"ImageObject","url":"https:\/\/candas365.es\/noticias\/wp-content\/uploads\/2024\/09\/Candas-365-Redes.jpg","@id":"https:\/\/candas365.es\/noticias\/las-reflexiones-de-becker-sobre-sus-dias-en-prision\/#organizationLogo","width":1152,"height":864,"caption":"Cand\u00e1s 365 Redes"},"image":{"@id":"https:\/\/candas365.es\/noticias\/las-reflexiones-de-becker-sobre-sus-dias-en-prision\/#organizationLogo"},"sameAs":["https:\/\/www.facebook.com\/Nachofdezber","https:\/\/x.com\/NabercoDigital","https:\/\/www.instagram.com\/nachofdezber\/","https:\/\/www.youtube.com\/channel\/UCZP-2wLEB9Rv6erhFmqVnvg"],"address":{"@id":"https:\/\/candas365.es\/noticias\/#postaladdress","@type":"PostalAddress","streetAddress":"san antonio 4, san antonio 4","postalCode":"33430","addressLocality":"Cand\u00e1s","addressRegion":"Asturias","addressCountry":"ES"}},{"@type":"Person","@id":"https:\/\/candas365.es\/noticias\/author\/admin\/#author","url":"https:\/\/candas365.es\/noticias\/author\/admin\/","name":"Cand\u00e1s 365","image":{"@type":"ImageObject","@id":"https:\/\/candas365.es\/noticias\/las-reflexiones-de-becker-sobre-sus-dias-en-prision\/#authorImage","url":"https:\/\/secure.gravatar.com\/avatar\/496a8e03d0c493ede1718b7934145dbdf8d89be1036b0eec9544e1094c9de390?s=96&d=mm&r=g","width":96,"height":96,"caption":"Cand\u00e1s 365"},"sameAs":["https:\/\/www.facebook.com\/carrenoactualidad","https:\/\/twitter.com\/nbasturias","https:\/\/www.instagram.com\/nachofdezber\/","https:\/\/www.youtube.com\/channel\/UCZP-2wLEB9Rv6erhFmqVnvg"]},{"@type":"WebPage","@id":"https:\/\/candas365.es\/noticias\/las-reflexiones-de-becker-sobre-sus-dias-en-prision\/#webpage","url":"https:\/\/candas365.es\/noticias\/las-reflexiones-de-becker-sobre-sus-dias-en-prision\/","name":"Las reflexiones de Becker sobre sus d\u00edas en prisi\u00f3n | Cand\u00e1s 365","description":"Berl\u00edn, 14 sep (dpa) - El extenista alem\u00e1n Boris Becker pas\u00f3 231 d\u00edas en una prisi\u00f3n brit\u00e1nica tras ser declarado culpable de una quiebra fraudulenta","inLanguage":"es-ES","isPartOf":{"@id":"https:\/\/candas365.es\/noticias\/#website"},"breadcrumb":{"@id":"https:\/\/candas365.es\/noticias\/las-reflexiones-de-becker-sobre-sus-dias-en-prision\/#breadcrumblist"},"author":{"@id":"https:\/\/candas365.es\/noticias\/author\/admin\/#author"},"creator":{"@id":"https:\/\/candas365.es\/noticias\/author\/admin\/#author"},"image":{"@type":"ImageObject","url":"https:\/\/candas365.es\/noticias\/wp-content\/uploads\/2025\/09\/Las-reflexiones-de-Becker-sobre-sus-dias-en-prision-.jpg","@id":"https:\/\/candas365.es\/noticias\/las-reflexiones-de-becker-sobre-sus-dias-en-prision\/#mainImage","width":957,"height":664,"caption":"El extenista alem\u00e1n Boris Becker concedi\u00f3 una entrevista a dpa en la que habl\u00f3 de su paso por prisi\u00f3n, un periodo que ha relatado en su libro de memorias \"Inside\" (Dentro), y tambi\u00e9n reflexion\u00f3 sobre su vida antes y despu\u00e9s de ese episodio. Foto: Soeren Stache\/dpa"},"primaryImageOfPage":{"@id":"https:\/\/candas365.es\/noticias\/las-reflexiones-de-becker-sobre-sus-dias-en-prision\/#mainImage"},"datePublished":"2025-09-14T20:45:35+02:00","dateModified":"2025-09-14T20:45:35+02:00"},{"@type":"WebSite","@id":"https:\/\/candas365.es\/noticias\/#website","url":"https:\/\/candas365.es\/noticias\/","name":"Cand\u00e1s 365","alternateName":"Cand\u00e1s 365 Noticias","description":"Actualidad desde Carre\u00f1o para el mundo","inLanguage":"es-ES","publisher":{"@id":"https:\/\/candas365.es\/noticias\/#organization"}}]},"og:locale":"es_ES","og:site_name":"Cand\u00e1s 365","og:type":"article","og:title":"Las reflexiones de Becker sobre sus d\u00edas en prisi\u00f3n | Cand\u00e1s 365","og:description":"Berl\u00edn, 14 sep (dpa) - El extenista alem\u00e1n Boris Becker pas\u00f3 231 d\u00edas en una prisi\u00f3n brit\u00e1nica tras ser declarado culpable de una quiebra fraudulenta","og:url":"https:\/\/candas365.es\/noticias\/las-reflexiones-de-becker-sobre-sus-dias-en-prision\/","og:image":"https:\/\/candas365.es\/noticias\/wp-content\/uploads\/2025\/09\/Las-reflexiones-de-Becker-sobre-sus-dias-en-prision-.jpg","og:image:secure_url":"https:\/\/candas365.es\/noticias\/wp-content\/uploads\/2025\/09\/Las-reflexiones-de-Becker-sobre-sus-dias-en-prision-.jpg","og:image:width":957,"og:image:height":664,"article:published_time":"2025-09-14T18:45:35+00:00","article:modified_time":"2025-09-14T18:45:35+00:00","article:publisher":"https:\/\/www.facebook.com\/Nachofdezber","article:author":"https:\/\/www.facebook.com\/carrenoactualidad","twitter:card":"summary_large_image","twitter:site":"@NabercoDigital","twitter:title":"Las reflexiones de Becker sobre sus d\u00edas en prisi\u00f3n | Cand\u00e1s 365","twitter:description":"Berl\u00edn, 14 sep (dpa) - El extenista alem\u00e1n Boris Becker pas\u00f3 231 d\u00edas en una prisi\u00f3n brit\u00e1nica tras ser declarado culpable de una quiebra fraudulenta","twitter:creator":"@nbasturias","twitter:image":"https:\/\/candas365.es\/noticias\/wp-content\/uploads\/2025\/09\/Las-reflexiones-de-Becker-sobre-sus-dias-en-prision-.jpg","twitter:label1":"Escrito por","twitter:data1":"Cand\u00e1s 365","twitter:label2":"Tiempo de lectura estimado","twitter:data2":"6 minutos"},"aioseo_meta_data":{"post_id":"187651","title":null,"description":"Berl\u00edn, 14 sep (dpa) - El extenista alem\u00e1n Boris Becker pas\u00f3 231 d\u00edas en una prisi\u00f3n brit\u00e1nica tras ser declarado culpable de una quiebra fraudulenta","keywords":null,"keyphrases":{"focus":{"keyphrase":"Becker","score":78,"analysis":{"keyphraseInTitle":{"score":9,"maxScore":9,"error":0},"keyphraseInDescription":{"score":9,"maxScore":9,"error":0},"keyphraseLength":{"score":9,"maxScore":9,"error":0,"length":1},"keyphraseInURL":{"score":5,"maxScore":5,"error":0},"keyphraseInIntroduction":{"score":9,"maxScore":9,"error":0},"keyphraseInSubHeadings":{"score":3,"maxScore":9,"error":1},"keyphraseInImageAlt":{"score":9,"maxScore":9,"error":0},"keywordDensity":{"score":0,"type":"low","maxScore":9,"error":1}}},"additional":[{"keyphrase":"Boris Becker","score":67,"analysis":{"keyphraseInDescription":{"score":9,"maxScore":9,"error":0},"keyphraseLength":{"score":9,"maxScore":9,"error":0,"length":2},"keyphraseInIntroduction":{"score":9,"maxScore":9,"error":0},"keyphraseInImageAlt":{"score":3,"maxScore":9,"error":1},"keywordDensity":{"score":0,"type":"low","maxScore":9,"error":1}}}]},"primary_term":null,"canonical_url":null,"og_title":null,"og_description":null,"og_object_type":"default","og_image_type":"default","og_image_url":null,"og_image_width":null,"og_image_height":null,"og_image_custom_url":null,"og_image_custom_fields":null,"og_video":"","og_custom_url":null,"og_article_section":null,"og_article_tags":null,"twitter_use_og":false,"twitter_card":"default","twitter_image_type":"default","twitter_image_url":null,"twitter_image_custom_url":null,"twitter_image_custom_fields":null,"twitter_title":null,"twitter_description":null,"schema":{"blockGraphs":[],"customGraphs":[],"default":{"data":{"Article":[],"Course":[],"Dataset":[],"FAQPage":[],"Movie":[],"Person":[],"Product":[],"ProductReview":[],"Car":[],"Recipe":[],"Service":[],"SoftwareApplication":[],"WebPage":[]},"graphName":"Article","isEnabled":true},"graphs":[]},"schema_type":"default","schema_type_options":null,"pillar_content":false,"robots_default":true,"robots_noindex":false,"robots_noarchive":false,"robots_nosnippet":false,"robots_nofollow":false,"robots_noimageindex":false,"robots_noodp":false,"robots_notranslate":false,"robots_max_snippet":"-1","robots_max_videopreview":"-1","robots_max_imagepreview":"large","priority":null,"frequency":"default","location":null,"local_seo":null,"seo_analyzer_scan_date":"2025-09-14 18:46:09","breadcrumb_settings":null,"limit_modified_date":false,"reviewed_by":null,"open_ai":null,"ai":{"faqs":[],"keyPoints":[],"titles":[],"descriptions":[],"socialPosts":{"email":[],"linkedin":[],"twitter":[],"facebook":[],"instagram":[]}},"created":"2025-09-14 18:37:51","updated":"2025-09-14 18:46:09"},"aioseo_breadcrumb":"<div class=\"aioseo-breadcrumbs\"><span class=\"aioseo-breadcrumb\">\n\t<a href=\"https:\/\/candas365.es\/noticias\" title=\"Home\">Home<\/a>\n<\/span><span class=\"aioseo-breadcrumb-separator\">&ndash;<\/span><span class=\"aioseo-breadcrumb\">\n\t<a href=\"https:\/\/candas365.es\/noticias\/category\/internacional\/\" title=\"Internacional\">Internacional<\/a>\n<\/span><span class=\"aioseo-breadcrumb-separator\">&ndash;<\/span><span class=\"aioseo-breadcrumb\">\n\tLas reflexiones de Becker sobre sus d\u00edas en prisi\u00f3n\n<\/span><\/div>","aioseo_breadcrumb_json":[{"label":"Home","link":"https:\/\/candas365.es\/noticias"},{"label":"Internacional","link":"https:\/\/candas365.es\/noticias\/category\/internacional\/"},{"label":"Las reflexiones de Becker sobre sus d\u00edas en prisi\u00f3n","link":"https:\/\/candas365.es\/noticias\/las-reflexiones-de-becker-sobre-sus-dias-en-prision\/"}],"_links":{"self":[{"href":"https:\/\/candas365.es\/noticias\/wp-json\/wp\/v2\/posts\/187651","targetHints":{"allow":["GET"]}}],"collection":[{"href":"https:\/\/candas365.es\/noticias\/wp-json\/wp\/v2\/posts"}],"about":[{"href":"https:\/\/candas365.es\/noticias\/wp-json\/wp\/v2\/types\/post"}],"author":[{"embeddable":true,"href":"https:\/\/candas365.es\/noticias\/wp-json\/wp\/v2\/users\/1"}],"replies":[{"embeddable":true,"href":"https:\/\/candas365.es\/noticias\/wp-json\/wp\/v2\/comments?post=187651"}],"version-history":[{"count":0,"href":"https:\/\/candas365.es\/noticias\/wp-json\/wp\/v2\/posts\/187651\/revisions"}],"wp:featuredmedia":[{"embeddable":true,"href":"https:\/\/candas365.es\/noticias\/wp-json\/wp\/v2\/media\/187652"}],"wp:attachment":[{"href":"https:\/\/candas365.es\/noticias\/wp-json\/wp\/v2\/media?parent=187651"}],"wp:term":[{"taxonomy":"category","embeddable":true,"href":"https:\/\/candas365.es\/noticias\/wp-json\/wp\/v2\/categories?post=187651"},{"taxonomy":"post_tag","embeddable":true,"href":"https:\/\/candas365.es\/noticias\/wp-json\/wp\/v2\/tags?post=187651"}],"curies":[{"name":"wp","href":"https:\/\/api.w.org\/{rel}","templated":true}]}}