{"id":187604,"date":"2025-09-13T06:27:05","date_gmt":"2025-09-13T04:27:05","guid":{"rendered":"https:\/\/candas365.es\/noticias\/?p=187604"},"modified":"2025-09-13T06:27:05","modified_gmt":"2025-09-13T04:27:05","slug":"ley-seca-en-valle-de-toluca","status":"publish","type":"post","link":"https:\/\/candas365.es\/noticias\/ley-seca-en-valle-de-toluca\/","title":{"rendered":"\u00abLey seca\u00bb en Valle de Toluca"},"content":{"rendered":"<p>Autoridades municipales del <a href=\"https:\/\/candas365.es\/noticias\/category\/internacional\/\"><span style=\"color: #ff6600;\"><strong>Valle de Toluca<\/strong><\/span><\/a> implementar\u00e1n la <strong>ley seca<\/strong> durante los d\u00edas patrios de septiembre de 2025. Las restricciones sobre la venta de bebidas alcoh\u00f3licas buscan mantener el orden p\u00fablico en zonas de alta concentraci\u00f3n ciudadana durante las celebraciones del 15 y 16 de septiembre.<\/p>\n<figure id=\"attachment_187605\" aria-describedby=\"caption-attachment-187605\" style=\"width: 650px\" class=\"wp-caption aligncenter\"><img fetchpriority=\"high\" decoding=\"async\" class=\"size-large wp-image-187605\" src=\"https:\/\/candas365.es\/noticias\/wp-content\/uploads\/2025\/09\/Ley-seca-en-Toluca--650x415.jpg\" alt=\"Ley seca en Toluca \" width=\"650\" height=\"415\" srcset=\"https:\/\/candas365.es\/noticias\/wp-content\/uploads\/2025\/09\/Ley-seca-en-Toluca--650x415.jpg 650w, https:\/\/candas365.es\/noticias\/wp-content\/uploads\/2025\/09\/Ley-seca-en-Toluca--360x230.jpg 360w, https:\/\/candas365.es\/noticias\/wp-content\/uploads\/2025\/09\/Ley-seca-en-Toluca--768x490.jpg 768w, https:\/\/candas365.es\/noticias\/wp-content\/uploads\/2025\/09\/Ley-seca-en-Toluca--150x96.jpg 150w, https:\/\/candas365.es\/noticias\/wp-content\/uploads\/2025\/09\/Ley-seca-en-Toluca--450x287.jpg 450w, https:\/\/candas365.es\/noticias\/wp-content\/uploads\/2025\/09\/Ley-seca-en-Toluca-.jpg 1071w\" sizes=\"(max-width: 650px) 100vw, 650px\" \/><figcaption id=\"caption-attachment-187605\" class=\"wp-caption-text\">Foto: 123rf.com<\/figcaption><\/figure>\n<p>En <strong>Zinacantepec<\/strong>, la medida regir\u00e1 durante todo el martes 16 de septiembre. Estar\u00e1 vigente desde las 00:01 y hasta las 23:59 horas en todas las comunidades del municipio. El acuerdo se encuentra sustentado en el art\u00edculo 128 del Bando Municipal vigente, seg\u00fan inform\u00f3 el gobierno local.<\/p>\n<p><strong>San Mateo Atenco<\/strong> determin\u00f3 un periodo m\u00e1s amplio. La restricci\u00f3n comenzar\u00e1 a las 00:01 del lunes 15 y concluir\u00e1 a las 11:29 del martes 16 de septiembre. Durante ese lapso, quedar\u00e1 prohibida la venta de bebidas alcoh\u00f3licas en todo el territorio municipal.<\/p>\n<p><strong>Metepec<\/strong> establecer\u00e1 el periodo de aplicaci\u00f3n desde el primer minuto del lunes 15 hasta las 17:00 horas del martes 16. Esta decisi\u00f3n forma parte de las acciones municipales para preservar la paz social durante los eventos oficiales y actividades culturales por las fiestas patrias.<\/p>\n<p>Los gobiernos municipales involucrados no especificaron si la medida conllevar\u00e1 sanciones administrativas. Sin embargo, se inform\u00f3 que personal de Gobernaci\u00f3n supervisar\u00e1 directamente los establecimientos con el objetivo de verificar el cumplimiento de la instrucci\u00f3n.<\/p>\n<p>Cada una de estas acciones responde a operativos coordinados por las autoridades locales, quienes buscan evitar incidentes vinculados al consumo de alcohol en espacios p\u00fablicos y zonas cercanas a eventos con afluencia masiva.<\/p>\n<p>Mientras tanto, <strong>Toluca<\/strong> no anunci\u00f3 medidas similares, debido a que el control y organizaci\u00f3n de las festividades patrias en la capital mexiquense se encuentra bajo la responsabilidad del gobierno estatal. Por ello, los operativos, horarios y restricciones quedan sujetos a disposiciones distintas.<\/p>\n<p>As\u00ed, los festejos del 15 y 16 de septiembre en el Estado de M\u00e9xico re\u00fanen cada a\u00f1o a miles de personas. Por esta raz\u00f3n, distintos municipios optan por restringir temporalmente la venta de alcohol en tiendas, bares y restaurantes con licencia. Las decisiones quedan registradas oficialmente mediante bandos municipales u oficios publicados en los medios institucionales correspondientes.<\/p>\n<p>Varios operativos de vigilancia y control se aplicar\u00e1n en los puntos identificados con mayor afluencia. Funcionarios asignados realizar\u00e1n recorridos en horarios establecidos, a fin de prevenir que comercios expidan bebidas durante el periodo restringido.<\/p>\n<p>La aplicaci\u00f3n de estas medidas forma parte de una estrategia anual de seguridad, adoptada por varias alcald\u00edas del pa\u00eds bajo el marco del aniversario de la <strong>Independencia<\/strong>. En a\u00f1os anteriores, acciones similares se implementaron con el prop\u00f3sito de reducir altercados y facilitar el trabajo de los cuerpos de emergencia.<\/p>\n<p><span class=\"TextRun SCXW250981771 BCX8\" lang=\"ES-ES\" xml:lang=\"ES-ES\" data-contrast=\"none\"><span class=\"NormalTextRun SCXW250981771 BCX8\">Por Judith Moreno \/ NotiPress<\/span><\/span><span class=\"EOP SCXW250981771 BCX8\" data-ccp-props=\"{&quot;134233117&quot;:false,&quot;134233118&quot;:false,&quot;201341983&quot;:0,&quot;335551550&quot;:1,&quot;335551620&quot;:1,&quot;335559685&quot;:0,&quot;335559737&quot;:0,&quot;335559738&quot;:0,&quot;335559739&quot;:160,&quot;335559740&quot;:279}\">\u00a0<\/span><\/p>\n","protected":false},"excerpt":{"rendered":"<p>Autoridades municipales del Valle de Toluca implementar\u00e1n la ley seca durante los d\u00edas patrios de septiembre de 2025. Las restricciones sobre la venta de bebidas alcoh\u00f3licas buscan mantener el orden p\u00fablico en zonas de alta concentraci\u00f3n ciudadana durante las celebraciones del 15 y 16 de septiembre. En Zinacantepec, la medida regir\u00e1 durante todo el martes<\/p>\n","protected":false},"author":1,"featured_media":187605,"comment_status":"closed","ping_status":"closed","sticky":false,"template":"","format":"standard","meta":{"footnotes":""},"categories":[485],"tags":[418,518],"class_list":{"0":"post-187604","1":"post","2":"type-post","3":"status-publish","4":"format-standard","5":"has-post-thumbnail","7":"category-internacional","8":"tag-internacional","9":"tag-mexico"},"aioseo_notices":[],"aioseo_head":"\n\t\t<!-- All in One SEO Pro 4.9.6.2 - aioseo.com -->\n\t<meta name=\"description\" content=\"Autoridades municipales del Valle de Toluca implementar\u00e1n la ley seca durante los d\u00edas patrios de septiembre de 2025. Las restricciones sobre la venta\" \/>\n\t<meta name=\"robots\" content=\"max-image-preview:large\" \/>\n\t<meta name=\"author\" content=\"Cand\u00e1s 365\"\/>\n\t<meta name=\"google-site-verification\" content=\"UA-32230408-1\" \/>\n\t<meta name=\"msvalidate.01\" content=\"354F3CDFB2DA171B47FBE9ABF1F88D5\" \/>\n\t<meta name=\"keywords\" content=\"internacional\" \/>\n\t<link rel=\"canonical\" href=\"https:\/\/candas365.es\/noticias\/ley-seca-en-valle-de-toluca\/\" \/>\n\t<meta name=\"generator\" content=\"All in One SEO Pro (AIOSEO) 4.9.6.2\" \/>\n\t\t<meta property=\"og:locale\" content=\"es_ES\" \/>\n\t\t<meta property=\"og:site_name\" content=\"Cand\u00e1s 365\" \/>\n\t\t<meta property=\"og:type\" content=\"article\" \/>\n\t\t<meta property=\"og:title\" content=\"\u00abLey seca\u00bb en Valle de Toluca | Cand\u00e1s 365\" \/>\n\t\t<meta property=\"og:description\" content=\"Autoridades municipales del Valle de Toluca implementar\u00e1n la ley seca durante los d\u00edas patrios de septiembre de 2025. Las restricciones sobre la venta\" \/>\n\t\t<meta property=\"og:url\" content=\"https:\/\/candas365.es\/noticias\/ley-seca-en-valle-de-toluca\/\" \/>\n\t\t<meta property=\"og:image\" content=\"https:\/\/candas365.es\/noticias\/wp-content\/uploads\/2025\/09\/Ley-seca-en-Toluca-.jpg\" \/>\n\t\t<meta property=\"og:image:secure_url\" content=\"https:\/\/candas365.es\/noticias\/wp-content\/uploads\/2025\/09\/Ley-seca-en-Toluca-.jpg\" \/>\n\t\t<meta property=\"og:image:width\" content=\"1071\" \/>\n\t\t<meta property=\"og:image:height\" content=\"684\" \/>\n\t\t<meta property=\"article:published_time\" content=\"2025-09-13T04:27:05+00:00\" \/>\n\t\t<meta property=\"article:modified_time\" content=\"2025-09-13T04:27:05+00:00\" \/>\n\t\t<meta property=\"article:publisher\" content=\"https:\/\/www.facebook.com\/Nachofdezber\" \/>\n\t\t<meta property=\"article:author\" content=\"https:\/\/www.facebook.com\/carrenoactualidad\" \/>\n\t\t<meta name=\"twitter:card\" content=\"summary_large_image\" \/>\n\t\t<meta name=\"twitter:site\" content=\"@NabercoDigital\" \/>\n\t\t<meta name=\"twitter:title\" content=\"\u00abLey seca\u00bb en Valle de Toluca | Cand\u00e1s 365\" \/>\n\t\t<meta name=\"twitter:description\" content=\"Autoridades municipales del Valle de Toluca implementar\u00e1n la ley seca durante los d\u00edas patrios de septiembre de 2025. Las restricciones sobre la venta\" \/>\n\t\t<meta name=\"twitter:creator\" content=\"@nbasturias\" \/>\n\t\t<meta name=\"twitter:image\" content=\"https:\/\/candas365.es\/noticias\/wp-content\/uploads\/2025\/09\/Ley-seca-en-Toluca-.jpg\" \/>\n\t\t<meta name=\"twitter:label1\" content=\"Escrito por\" \/>\n\t\t<meta name=\"twitter:data1\" content=\"Cand\u00e1s 365\" \/>\n\t\t<meta name=\"twitter:label2\" content=\"Tiempo de lectura estimado\" \/>\n\t\t<meta name=\"twitter:data2\" content=\"2 minutos\" \/>\n\t\t<script type=\"application\/ld+json\" class=\"aioseo-schema\">\n\t\t\t{\"@context\":\"https:\\\/\\\/schema.org\",\"@graph\":[{\"@type\":\"BreadcrumbList\",\"@id\":\"https:\\\/\\\/candas365.es\\\/noticias\\\/ley-seca-en-valle-de-toluca\\\/#breadcrumblist\",\"itemListElement\":[{\"@type\":\"ListItem\",\"@id\":\"https:\\\/\\\/candas365.es\\\/noticias#listItem\",\"position\":1,\"name\":\"Home\",\"item\":\"https:\\\/\\\/candas365.es\\\/noticias\",\"nextItem\":{\"@type\":\"ListItem\",\"@id\":\"https:\\\/\\\/candas365.es\\\/noticias\\\/category\\\/internacional\\\/#listItem\",\"name\":\"Internacional\"}},{\"@type\":\"ListItem\",\"@id\":\"https:\\\/\\\/candas365.es\\\/noticias\\\/category\\\/internacional\\\/#listItem\",\"position\":2,\"name\":\"Internacional\",\"item\":\"https:\\\/\\\/candas365.es\\\/noticias\\\/category\\\/internacional\\\/\",\"nextItem\":{\"@type\":\"ListItem\",\"@id\":\"https:\\\/\\\/candas365.es\\\/noticias\\\/ley-seca-en-valle-de-toluca\\\/#listItem\",\"name\":\"\\u00abLey seca\\u00bb en Valle de Toluca\"},\"previousItem\":{\"@type\":\"ListItem\",\"@id\":\"https:\\\/\\\/candas365.es\\\/noticias#listItem\",\"name\":\"Home\"}},{\"@type\":\"ListItem\",\"@id\":\"https:\\\/\\\/candas365.es\\\/noticias\\\/ley-seca-en-valle-de-toluca\\\/#listItem\",\"position\":3,\"name\":\"\\u00abLey seca\\u00bb en Valle de Toluca\",\"previousItem\":{\"@type\":\"ListItem\",\"@id\":\"https:\\\/\\\/candas365.es\\\/noticias\\\/category\\\/internacional\\\/#listItem\",\"name\":\"Internacional\"}}]},{\"@type\":\"NewsArticle\",\"@id\":\"https:\\\/\\\/candas365.es\\\/noticias\\\/ley-seca-en-valle-de-toluca\\\/#newsarticle\",\"name\":\"\\u00abLey seca\\u00bb en Valle de Toluca | Cand\\u00e1s 365\",\"headline\":\"\\u00abLey seca\\u00bb en Valle de Toluca\",\"author\":{\"@id\":\"https:\\\/\\\/candas365.es\\\/noticias\\\/author\\\/admin\\\/#author\"},\"publisher\":{\"@id\":\"https:\\\/\\\/candas365.es\\\/noticias\\\/#organization\"},\"image\":{\"@type\":\"ImageObject\",\"url\":\"https:\\\/\\\/candas365.es\\\/noticias\\\/wp-content\\\/uploads\\\/2025\\\/09\\\/Ley-seca-en-Toluca-.jpg\",\"width\":1071,\"height\":684,\"caption\":\"Foto: 123rf.com\"},\"datePublished\":\"2025-09-13T06:27:05+02:00\",\"dateModified\":\"2025-09-13T06:27:05+02:00\",\"inLanguage\":\"es-ES\",\"mainEntityOfPage\":{\"@id\":\"https:\\\/\\\/candas365.es\\\/noticias\\\/ley-seca-en-valle-de-toluca\\\/#webpage\"},\"isPartOf\":{\"@id\":\"https:\\\/\\\/candas365.es\\\/noticias\\\/ley-seca-en-valle-de-toluca\\\/#webpage\"},\"articleSection\":\"Internacional, Internacional, M\\u00e9xico\",\"dateline\":\"Publicado el septiembre 13, 2025.\"},{\"@type\":\"Organization\",\"@id\":\"https:\\\/\\\/candas365.es\\\/noticias\\\/#organization\",\"name\":\"Cand\\u00e1s 365\",\"description\":\"Cand\\u00e1s 365 es un diario digital independiente, fundado en 2012, con base en Asturias. Informamos con rigor sobre actualidad, sociedad, cultura y ocio, con una mirada local y global.\",\"url\":\"https:\\\/\\\/candas365.es\\\/noticias\\\/\",\"email\":\"info@candas365.es\",\"telephone\":\"+34652131393\",\"foundingDate\":\"2012-06-10\",\"logo\":{\"@type\":\"ImageObject\",\"url\":\"https:\\\/\\\/candas365.es\\\/noticias\\\/wp-content\\\/uploads\\\/2024\\\/09\\\/Candas-365-Redes.jpg\",\"@id\":\"https:\\\/\\\/candas365.es\\\/noticias\\\/ley-seca-en-valle-de-toluca\\\/#organizationLogo\",\"width\":1152,\"height\":864,\"caption\":\"Cand\\u00e1s 365 Redes\"},\"image\":{\"@id\":\"https:\\\/\\\/candas365.es\\\/noticias\\\/ley-seca-en-valle-de-toluca\\\/#organizationLogo\"},\"sameAs\":[\"https:\\\/\\\/www.facebook.com\\\/Nachofdezber\",\"https:\\\/\\\/x.com\\\/NabercoDigital\",\"https:\\\/\\\/www.instagram.com\\\/nachofdezber\\\/\",\"https:\\\/\\\/www.youtube.com\\\/channel\\\/UCZP-2wLEB9Rv6erhFmqVnvg\"],\"address\":{\"@id\":\"https:\\\/\\\/candas365.es\\\/noticias\\\/#postaladdress\",\"@type\":\"PostalAddress\",\"streetAddress\":\"san antonio 4, san antonio 4\",\"postalCode\":\"33430\",\"addressLocality\":\"Cand\\u00e1s\",\"addressRegion\":\"Asturias\",\"addressCountry\":\"ES\"}},{\"@type\":\"Person\",\"@id\":\"https:\\\/\\\/candas365.es\\\/noticias\\\/author\\\/admin\\\/#author\",\"url\":\"https:\\\/\\\/candas365.es\\\/noticias\\\/author\\\/admin\\\/\",\"name\":\"Cand\\u00e1s 365\",\"image\":{\"@type\":\"ImageObject\",\"@id\":\"https:\\\/\\\/candas365.es\\\/noticias\\\/ley-seca-en-valle-de-toluca\\\/#authorImage\",\"url\":\"https:\\\/\\\/secure.gravatar.com\\\/avatar\\\/496a8e03d0c493ede1718b7934145dbdf8d89be1036b0eec9544e1094c9de390?s=96&d=mm&r=g\",\"width\":96,\"height\":96,\"caption\":\"Cand\\u00e1s 365\"},\"sameAs\":[\"https:\\\/\\\/www.facebook.com\\\/carrenoactualidad\",\"https:\\\/\\\/twitter.com\\\/nbasturias\",\"https:\\\/\\\/www.instagram.com\\\/nachofdezber\\\/\",\"https:\\\/\\\/www.youtube.com\\\/channel\\\/UCZP-2wLEB9Rv6erhFmqVnvg\"]},{\"@type\":\"WebPage\",\"@id\":\"https:\\\/\\\/candas365.es\\\/noticias\\\/ley-seca-en-valle-de-toluca\\\/#webpage\",\"url\":\"https:\\\/\\\/candas365.es\\\/noticias\\\/ley-seca-en-valle-de-toluca\\\/\",\"name\":\"\\u00abLey seca\\u00bb en Valle de Toluca | Cand\\u00e1s 365\",\"description\":\"Autoridades municipales del Valle de Toluca implementar\\u00e1n la ley seca durante los d\\u00edas patrios de septiembre de 2025. Las restricciones sobre la venta\",\"inLanguage\":\"es-ES\",\"isPartOf\":{\"@id\":\"https:\\\/\\\/candas365.es\\\/noticias\\\/#website\"},\"breadcrumb\":{\"@id\":\"https:\\\/\\\/candas365.es\\\/noticias\\\/ley-seca-en-valle-de-toluca\\\/#breadcrumblist\"},\"author\":{\"@id\":\"https:\\\/\\\/candas365.es\\\/noticias\\\/author\\\/admin\\\/#author\"},\"creator\":{\"@id\":\"https:\\\/\\\/candas365.es\\\/noticias\\\/author\\\/admin\\\/#author\"},\"image\":{\"@type\":\"ImageObject\",\"url\":\"https:\\\/\\\/candas365.es\\\/noticias\\\/wp-content\\\/uploads\\\/2025\\\/09\\\/Ley-seca-en-Toluca-.jpg\",\"@id\":\"https:\\\/\\\/candas365.es\\\/noticias\\\/ley-seca-en-valle-de-toluca\\\/#mainImage\",\"width\":1071,\"height\":684,\"caption\":\"Foto: 123rf.com\"},\"primaryImageOfPage\":{\"@id\":\"https:\\\/\\\/candas365.es\\\/noticias\\\/ley-seca-en-valle-de-toluca\\\/#mainImage\"},\"datePublished\":\"2025-09-13T06:27:05+02:00\",\"dateModified\":\"2025-09-13T06:27:05+02:00\"},{\"@type\":\"WebSite\",\"@id\":\"https:\\\/\\\/candas365.es\\\/noticias\\\/#website\",\"url\":\"https:\\\/\\\/candas365.es\\\/noticias\\\/\",\"name\":\"Cand\\u00e1s 365\",\"alternateName\":\"Cand\\u00e1s 365 Noticias\",\"description\":\"Actualidad desde Carre\\u00f1o para el mundo\",\"inLanguage\":\"es-ES\",\"publisher\":{\"@id\":\"https:\\\/\\\/candas365.es\\\/noticias\\\/#organization\"}}]}\n\t\t<\/script>\n\t\t<!-- All in One SEO Pro -->\r\n\t\t<title>\u00abLey seca\u00bb en Valle de Toluca | Cand\u00e1s 365<\/title>\n\n","aioseo_head_json":{"title":"\u00abLey seca\u00bb en Valle de Toluca | Cand\u00e1s 365","description":"Autoridades municipales del Valle de Toluca implementar\u00e1n la ley seca durante los d\u00edas patrios de septiembre de 2025. Las restricciones sobre la venta","canonical_url":"https:\/\/candas365.es\/noticias\/ley-seca-en-valle-de-toluca\/","robots":"max-image-preview:large","keywords":"internacional","webmasterTools":{"google-site-verification":"UA-32230408-1","msvalidate.01":"354F3CDFB2DA171B47FBE9ABF1F88D5","miscellaneous":""},"schema":{"@context":"https:\/\/schema.org","@graph":[{"@type":"BreadcrumbList","@id":"https:\/\/candas365.es\/noticias\/ley-seca-en-valle-de-toluca\/#breadcrumblist","itemListElement":[{"@type":"ListItem","@id":"https:\/\/candas365.es\/noticias#listItem","position":1,"name":"Home","item":"https:\/\/candas365.es\/noticias","nextItem":{"@type":"ListItem","@id":"https:\/\/candas365.es\/noticias\/category\/internacional\/#listItem","name":"Internacional"}},{"@type":"ListItem","@id":"https:\/\/candas365.es\/noticias\/category\/internacional\/#listItem","position":2,"name":"Internacional","item":"https:\/\/candas365.es\/noticias\/category\/internacional\/","nextItem":{"@type":"ListItem","@id":"https:\/\/candas365.es\/noticias\/ley-seca-en-valle-de-toluca\/#listItem","name":"\u00abLey seca\u00bb en Valle de Toluca"},"previousItem":{"@type":"ListItem","@id":"https:\/\/candas365.es\/noticias#listItem","name":"Home"}},{"@type":"ListItem","@id":"https:\/\/candas365.es\/noticias\/ley-seca-en-valle-de-toluca\/#listItem","position":3,"name":"\u00abLey seca\u00bb en Valle de Toluca","previousItem":{"@type":"ListItem","@id":"https:\/\/candas365.es\/noticias\/category\/internacional\/#listItem","name":"Internacional"}}]},{"@type":"NewsArticle","@id":"https:\/\/candas365.es\/noticias\/ley-seca-en-valle-de-toluca\/#newsarticle","name":"\u00abLey seca\u00bb en Valle de Toluca | Cand\u00e1s 365","headline":"\u00abLey seca\u00bb en Valle de Toluca","author":{"@id":"https:\/\/candas365.es\/noticias\/author\/admin\/#author"},"publisher":{"@id":"https:\/\/candas365.es\/noticias\/#organization"},"image":{"@type":"ImageObject","url":"https:\/\/candas365.es\/noticias\/wp-content\/uploads\/2025\/09\/Ley-seca-en-Toluca-.jpg","width":1071,"height":684,"caption":"Foto: 123rf.com"},"datePublished":"2025-09-13T06:27:05+02:00","dateModified":"2025-09-13T06:27:05+02:00","inLanguage":"es-ES","mainEntityOfPage":{"@id":"https:\/\/candas365.es\/noticias\/ley-seca-en-valle-de-toluca\/#webpage"},"isPartOf":{"@id":"https:\/\/candas365.es\/noticias\/ley-seca-en-valle-de-toluca\/#webpage"},"articleSection":"Internacional, Internacional, M\u00e9xico","dateline":"Publicado el septiembre 13, 2025."},{"@type":"Organization","@id":"https:\/\/candas365.es\/noticias\/#organization","name":"Cand\u00e1s 365","description":"Cand\u00e1s 365 es un diario digital independiente, fundado en 2012, con base en Asturias. Informamos con rigor sobre actualidad, sociedad, cultura y ocio, con una mirada local y global.","url":"https:\/\/candas365.es\/noticias\/","email":"info@candas365.es","telephone":"+34652131393","foundingDate":"2012-06-10","logo":{"@type":"ImageObject","url":"https:\/\/candas365.es\/noticias\/wp-content\/uploads\/2024\/09\/Candas-365-Redes.jpg","@id":"https:\/\/candas365.es\/noticias\/ley-seca-en-valle-de-toluca\/#organizationLogo","width":1152,"height":864,"caption":"Cand\u00e1s 365 Redes"},"image":{"@id":"https:\/\/candas365.es\/noticias\/ley-seca-en-valle-de-toluca\/#organizationLogo"},"sameAs":["https:\/\/www.facebook.com\/Nachofdezber","https:\/\/x.com\/NabercoDigital","https:\/\/www.instagram.com\/nachofdezber\/","https:\/\/www.youtube.com\/channel\/UCZP-2wLEB9Rv6erhFmqVnvg"],"address":{"@id":"https:\/\/candas365.es\/noticias\/#postaladdress","@type":"PostalAddress","streetAddress":"san antonio 4, san antonio 4","postalCode":"33430","addressLocality":"Cand\u00e1s","addressRegion":"Asturias","addressCountry":"ES"}},{"@type":"Person","@id":"https:\/\/candas365.es\/noticias\/author\/admin\/#author","url":"https:\/\/candas365.es\/noticias\/author\/admin\/","name":"Cand\u00e1s 365","image":{"@type":"ImageObject","@id":"https:\/\/candas365.es\/noticias\/ley-seca-en-valle-de-toluca\/#authorImage","url":"https:\/\/secure.gravatar.com\/avatar\/496a8e03d0c493ede1718b7934145dbdf8d89be1036b0eec9544e1094c9de390?s=96&d=mm&r=g","width":96,"height":96,"caption":"Cand\u00e1s 365"},"sameAs":["https:\/\/www.facebook.com\/carrenoactualidad","https:\/\/twitter.com\/nbasturias","https:\/\/www.instagram.com\/nachofdezber\/","https:\/\/www.youtube.com\/channel\/UCZP-2wLEB9Rv6erhFmqVnvg"]},{"@type":"WebPage","@id":"https:\/\/candas365.es\/noticias\/ley-seca-en-valle-de-toluca\/#webpage","url":"https:\/\/candas365.es\/noticias\/ley-seca-en-valle-de-toluca\/","name":"\u00abLey seca\u00bb en Valle de Toluca | Cand\u00e1s 365","description":"Autoridades municipales del Valle de Toluca implementar\u00e1n la ley seca durante los d\u00edas patrios de septiembre de 2025. Las restricciones sobre la venta","inLanguage":"es-ES","isPartOf":{"@id":"https:\/\/candas365.es\/noticias\/#website"},"breadcrumb":{"@id":"https:\/\/candas365.es\/noticias\/ley-seca-en-valle-de-toluca\/#breadcrumblist"},"author":{"@id":"https:\/\/candas365.es\/noticias\/author\/admin\/#author"},"creator":{"@id":"https:\/\/candas365.es\/noticias\/author\/admin\/#author"},"image":{"@type":"ImageObject","url":"https:\/\/candas365.es\/noticias\/wp-content\/uploads\/2025\/09\/Ley-seca-en-Toluca-.jpg","@id":"https:\/\/candas365.es\/noticias\/ley-seca-en-valle-de-toluca\/#mainImage","width":1071,"height":684,"caption":"Foto: 123rf.com"},"primaryImageOfPage":{"@id":"https:\/\/candas365.es\/noticias\/ley-seca-en-valle-de-toluca\/#mainImage"},"datePublished":"2025-09-13T06:27:05+02:00","dateModified":"2025-09-13T06:27:05+02:00"},{"@type":"WebSite","@id":"https:\/\/candas365.es\/noticias\/#website","url":"https:\/\/candas365.es\/noticias\/","name":"Cand\u00e1s 365","alternateName":"Cand\u00e1s 365 Noticias","description":"Actualidad desde Carre\u00f1o para el mundo","inLanguage":"es-ES","publisher":{"@id":"https:\/\/candas365.es\/noticias\/#organization"}}]},"og:locale":"es_ES","og:site_name":"Cand\u00e1s 365","og:type":"article","og:title":"\u00abLey seca\u00bb en Valle de Toluca | Cand\u00e1s 365","og:description":"Autoridades municipales del Valle de Toluca implementar\u00e1n la ley seca durante los d\u00edas patrios de septiembre de 2025. Las restricciones sobre la venta","og:url":"https:\/\/candas365.es\/noticias\/ley-seca-en-valle-de-toluca\/","og:image":"https:\/\/candas365.es\/noticias\/wp-content\/uploads\/2025\/09\/Ley-seca-en-Toluca-.jpg","og:image:secure_url":"https:\/\/candas365.es\/noticias\/wp-content\/uploads\/2025\/09\/Ley-seca-en-Toluca-.jpg","og:image:width":1071,"og:image:height":684,"article:published_time":"2025-09-13T04:27:05+00:00","article:modified_time":"2025-09-13T04:27:05+00:00","article:publisher":"https:\/\/www.facebook.com\/Nachofdezber","article:author":"https:\/\/www.facebook.com\/carrenoactualidad","twitter:card":"summary_large_image","twitter:site":"@NabercoDigital","twitter:title":"\u00abLey seca\u00bb en Valle de Toluca | Cand\u00e1s 365","twitter:description":"Autoridades municipales del Valle de Toluca implementar\u00e1n la ley seca durante los d\u00edas patrios de septiembre de 2025. Las restricciones sobre la venta","twitter:creator":"@nbasturias","twitter:image":"https:\/\/candas365.es\/noticias\/wp-content\/uploads\/2025\/09\/Ley-seca-en-Toluca-.jpg","twitter:label1":"Escrito por","twitter:data1":"Cand\u00e1s 365","twitter:label2":"Tiempo de lectura estimado","twitter:data2":"2 minutos"},"aioseo_meta_data":{"post_id":"187604","title":null,"description":"Autoridades municipales del Valle de Toluca implementar\u00e1n la ley seca durante los d\u00edas patrios de septiembre de 2025. Las restricciones sobre la venta","keywords":null,"keyphrases":{"focus":{"keyphrase":"Toluca","score":85,"analysis":{"keyphraseInTitle":{"score":9,"maxScore":9,"error":0},"keyphraseInDescription":{"score":9,"maxScore":9,"error":0},"keyphraseLength":{"score":9,"maxScore":9,"error":0,"length":1},"keyphraseInURL":{"score":5,"maxScore":5,"error":0},"keyphraseInIntroduction":{"score":9,"maxScore":9,"error":0},"keyphraseInSubHeadings":[],"keyphraseInImageAlt":{"score":9,"maxScore":9,"error":0},"keywordDensity":{"score":0,"type":"low","maxScore":9,"error":1}}},"additional":[{"keyphrase":"ley seca","score":80,"analysis":{"keyphraseInDescription":{"score":9,"maxScore":9,"error":0},"keyphraseLength":{"score":9,"maxScore":9,"error":0,"length":2},"keyphraseInIntroduction":{"score":9,"maxScore":9,"error":0},"keyphraseInImageAlt":{"score":9,"maxScore":9,"error":0},"keywordDensity":{"score":0,"type":"low","maxScore":9,"error":1}}}]},"primary_term":null,"canonical_url":null,"og_title":null,"og_description":null,"og_object_type":"default","og_image_type":"default","og_image_url":null,"og_image_width":null,"og_image_height":null,"og_image_custom_url":null,"og_image_custom_fields":null,"og_video":"","og_custom_url":null,"og_article_section":null,"og_article_tags":null,"twitter_use_og":false,"twitter_card":"default","twitter_image_type":"default","twitter_image_url":null,"twitter_image_custom_url":null,"twitter_image_custom_fields":null,"twitter_title":null,"twitter_description":null,"schema":{"blockGraphs":[],"customGraphs":[],"default":{"data":{"Article":[],"Course":[],"Dataset":[],"FAQPage":[],"Movie":[],"Person":[],"Product":[],"ProductReview":[],"Car":[],"Recipe":[],"Service":[],"SoftwareApplication":[],"WebPage":[]},"graphName":"Article","isEnabled":true},"graphs":[]},"schema_type":"default","schema_type_options":null,"pillar_content":false,"robots_default":true,"robots_noindex":false,"robots_noarchive":false,"robots_nosnippet":false,"robots_nofollow":false,"robots_noimageindex":false,"robots_noodp":false,"robots_notranslate":false,"robots_max_snippet":"-1","robots_max_videopreview":"-1","robots_max_imagepreview":"large","priority":null,"frequency":"default","location":null,"local_seo":null,"seo_analyzer_scan_date":"2025-09-13 04:27:08","breadcrumb_settings":null,"limit_modified_date":false,"reviewed_by":null,"open_ai":null,"ai":{"faqs":[],"keyPoints":[],"titles":[],"descriptions":[],"socialPosts":{"email":[],"linkedin":[],"twitter":[],"facebook":[],"instagram":[]}},"created":"2025-09-13 04:12:34","updated":"2025-09-13 04:30:21"},"aioseo_breadcrumb":"<div class=\"aioseo-breadcrumbs\"><span class=\"aioseo-breadcrumb\">\n\t<a href=\"https:\/\/candas365.es\/noticias\" title=\"Home\">Home<\/a>\n<\/span><span class=\"aioseo-breadcrumb-separator\">&ndash;<\/span><span class=\"aioseo-breadcrumb\">\n\t<a href=\"https:\/\/candas365.es\/noticias\/category\/internacional\/\" title=\"Internacional\">Internacional<\/a>\n<\/span><span class=\"aioseo-breadcrumb-separator\">&ndash;<\/span><span class=\"aioseo-breadcrumb\">\n\t\u00abLey seca\u00bb en Valle de Toluca\n<\/span><\/div>","aioseo_breadcrumb_json":[{"label":"Home","link":"https:\/\/candas365.es\/noticias"},{"label":"Internacional","link":"https:\/\/candas365.es\/noticias\/category\/internacional\/"},{"label":"\u00abLey seca\u00bb en Valle de Toluca","link":"https:\/\/candas365.es\/noticias\/ley-seca-en-valle-de-toluca\/"}],"_links":{"self":[{"href":"https:\/\/candas365.es\/noticias\/wp-json\/wp\/v2\/posts\/187604","targetHints":{"allow":["GET"]}}],"collection":[{"href":"https:\/\/candas365.es\/noticias\/wp-json\/wp\/v2\/posts"}],"about":[{"href":"https:\/\/candas365.es\/noticias\/wp-json\/wp\/v2\/types\/post"}],"author":[{"embeddable":true,"href":"https:\/\/candas365.es\/noticias\/wp-json\/wp\/v2\/users\/1"}],"replies":[{"embeddable":true,"href":"https:\/\/candas365.es\/noticias\/wp-json\/wp\/v2\/comments?post=187604"}],"version-history":[{"count":0,"href":"https:\/\/candas365.es\/noticias\/wp-json\/wp\/v2\/posts\/187604\/revisions"}],"wp:featuredmedia":[{"embeddable":true,"href":"https:\/\/candas365.es\/noticias\/wp-json\/wp\/v2\/media\/187605"}],"wp:attachment":[{"href":"https:\/\/candas365.es\/noticias\/wp-json\/wp\/v2\/media?parent=187604"}],"wp:term":[{"taxonomy":"category","embeddable":true,"href":"https:\/\/candas365.es\/noticias\/wp-json\/wp\/v2\/categories?post=187604"},{"taxonomy":"post_tag","embeddable":true,"href":"https:\/\/candas365.es\/noticias\/wp-json\/wp\/v2\/tags?post=187604"}],"curies":[{"name":"wp","href":"https:\/\/api.w.org\/{rel}","templated":true}]}}