{"id":187600,"date":"2025-09-13T06:05:33","date_gmt":"2025-09-13T04:05:33","guid":{"rendered":"https:\/\/candas365.es\/noticias\/?p=187600"},"modified":"2025-09-13T06:05:33","modified_gmt":"2025-09-13T04:05:33","slug":"rescatado-un-hombre-en-el-pico-cabrones","status":"publish","type":"post","link":"https:\/\/candas365.es\/noticias\/rescatado-un-hombre-en-el-pico-cabrones\/","title":{"rendered":"Rescatado un hombre en el Pico Cabrones"},"content":{"rendered":"<p>Un hombre ha sido <a href=\"https:\/\/candas365.es\/noticias\/category\/sucesos\/\"><span style=\"color: #ff6600;\"><strong>rescatado en el Pico Cabrones<\/strong><\/span><\/a>. El Grupo de Rescate de Bomberos de Asturias, a bordo del helic\u00f3ptero medicalizado del SEPA ha evacuado a un var\u00f3n que se lesion\u00f3 mientras se encontraba en el Pico Cabrones en el macizo central de Picos de Europa. El afectado, que ha sido trasladado el viernes al Hospital Comarcal de Arriondas, presentaba una luxaci\u00f3n de hombro.<\/p>\n<figure id=\"attachment_187601\" aria-describedby=\"caption-attachment-187601\" style=\"width: 650px\" class=\"wp-caption aligncenter\"><img fetchpriority=\"high\" decoding=\"async\" class=\"size-large wp-image-187601\" src=\"https:\/\/candas365.es\/noticias\/wp-content\/uploads\/2025\/09\/Rescatado-un-hombre-en-el-Pico-Cabrones--650x366.jpg\" alt=\"Rescatado un hombre en el Pico Cabrones \" width=\"650\" height=\"366\" srcset=\"https:\/\/candas365.es\/noticias\/wp-content\/uploads\/2025\/09\/Rescatado-un-hombre-en-el-Pico-Cabrones--650x366.jpg 650w, https:\/\/candas365.es\/noticias\/wp-content\/uploads\/2025\/09\/Rescatado-un-hombre-en-el-Pico-Cabrones--360x203.jpg 360w, https:\/\/candas365.es\/noticias\/wp-content\/uploads\/2025\/09\/Rescatado-un-hombre-en-el-Pico-Cabrones--768x432.jpg 768w, https:\/\/candas365.es\/noticias\/wp-content\/uploads\/2025\/09\/Rescatado-un-hombre-en-el-Pico-Cabrones--150x84.jpg 150w, https:\/\/candas365.es\/noticias\/wp-content\/uploads\/2025\/09\/Rescatado-un-hombre-en-el-Pico-Cabrones--450x253.jpg 450w, https:\/\/candas365.es\/noticias\/wp-content\/uploads\/2025\/09\/Rescatado-un-hombre-en-el-Pico-Cabrones-.jpg 1073w\" sizes=\"(max-width: 650px) 100vw, 650px\" \/><figcaption id=\"caption-attachment-187601\" class=\"wp-caption-text\">Foto: SERVICIO DE EMERGENCIAS DEL PRINCIPADO DE ASTURIAS<\/figcaption><\/figure>\n<p>El Centro de Coordinaci\u00f3n de Emergncias recibi\u00f3 el aviso a las 12:42 horas del viernes. En la llamada, transferida desde el 112 de Cantabria, se explic\u00f3 que eran dos personas y una de ellas se hab\u00eda accidentado cuando se encontraban en la zona m\u00e1s alta de la arista que va de los Cabrones a Torrecerredo. <strong>El afectado no pod\u00eda continuar con la actividad. De inmediato se moviliz\u00f3 al equipo de rescate a bordo de la aeronave medicalizada.<\/strong><\/p>\n<p>Una vez en la zona, debido al fuerte viento se opt\u00f3 por dejar en la Vega de Urriellu material no necesario para aligerar el peso de la aeronave y as\u00ed facilitar el trabajo de los rescatadores. A continuaci\u00f3n se regres\u00f3 a la zona y con dos ciclos de gr\u00faa se dej\u00f3 con el afectado al m\u00e9dico-rescatador y a un bombero-rescatador. Tras suministrarle analgesia e inmovilizarle, se procedi\u00f3 a su extracci\u00f3n, con el m\u00e9dico-rescatador, mediante una operaci\u00f3n de gr\u00faa con la que se les iz\u00f3 a ambos al helic\u00f3ptero. Esta operaci\u00f3n se repiti\u00f3 para sacar del lugar al compa\u00f1ero del afectado y al bombero-rescatador. <strong>Una vez estuvieron todos a bordo de la aeronave, se traslad\u00f3 al compa\u00f1ero ileso al refugio de Urriellu y al afectado se le evacu\u00f3 al Hospital de Arriondas.<\/strong><\/p>\n<p>El equipo de rescate dio por finalizada la intervenci\u00f3n a su llegada a base, a las 15:25 horas.<\/p>\n<p>La sala del 112 del <a href=\"https:\/\/www.112asturias.es\/\" target=\"_blank\" rel=\"noopener\"><span style=\"color: #ff6600;\"><strong>SEPA<\/strong><\/span><\/a> inform\u00f3 del suceso a la Guardia Civil, al Servicio de Atenci\u00f3n M\u00e9dica Urgente (SAMU) y al 112 de Castilla y Le\u00f3n.<\/p>\n","protected":false},"excerpt":{"rendered":"<p>Un hombre ha sido rescatado en el Pico Cabrones. El Grupo de Rescate de Bomberos de Asturias, a bordo del helic\u00f3ptero medicalizado del SEPA ha evacuado a un var\u00f3n que se lesion\u00f3 mientras se encontraba en el Pico Cabrones en el macizo central de Picos de Europa. El afectado, que ha sido trasladado el viernes<\/p>\n","protected":false},"author":1,"featured_media":187601,"comment_status":"closed","ping_status":"closed","sticky":false,"template":"","format":"standard","meta":{"footnotes":""},"categories":[487],"tags":[391],"class_list":{"0":"post-187600","1":"post","2":"type-post","3":"status-publish","4":"format-standard","5":"has-post-thumbnail","7":"category-sucesos","8":"tag-sucesos"},"aioseo_notices":[],"aioseo_head":"\n\t\t<!-- All in One SEO Pro 4.9.6.2 - aioseo.com -->\n\t<meta name=\"description\" content=\"Un hombre ha sido rescatado en el Pico Cabrones. El Grupo de Rescate de Bomberos de Asturias, a bordo del helic\u00f3ptero medicalizado del SEPA\" \/>\n\t<meta name=\"robots\" content=\"max-image-preview:large\" \/>\n\t<meta name=\"author\" content=\"Cand\u00e1s 365\"\/>\n\t<meta name=\"google-site-verification\" content=\"UA-32230408-1\" \/>\n\t<meta name=\"msvalidate.01\" content=\"354F3CDFB2DA171B47FBE9ABF1F88D5\" \/>\n\t<meta name=\"keywords\" content=\"sucesos\" \/>\n\t<link rel=\"canonical\" href=\"https:\/\/candas365.es\/noticias\/rescatado-un-hombre-en-el-pico-cabrones\/\" \/>\n\t<meta name=\"generator\" content=\"All in One SEO Pro (AIOSEO) 4.9.6.2\" \/>\n\t\t<meta property=\"og:locale\" content=\"es_ES\" \/>\n\t\t<meta property=\"og:site_name\" content=\"Cand\u00e1s 365\" \/>\n\t\t<meta property=\"og:type\" content=\"article\" \/>\n\t\t<meta property=\"og:title\" content=\"Rescatado un hombre en el Pico Cabrones | Cand\u00e1s 365\" \/>\n\t\t<meta property=\"og:description\" content=\"Un hombre ha sido rescatado en el Pico Cabrones. El Grupo de Rescate de Bomberos de Asturias, a bordo del helic\u00f3ptero medicalizado del SEPA\" \/>\n\t\t<meta property=\"og:url\" content=\"https:\/\/candas365.es\/noticias\/rescatado-un-hombre-en-el-pico-cabrones\/\" \/>\n\t\t<meta property=\"og:image\" content=\"https:\/\/candas365.es\/noticias\/wp-content\/uploads\/2025\/09\/Rescatado-un-hombre-en-el-Pico-Cabrones-.jpg\" \/>\n\t\t<meta property=\"og:image:secure_url\" content=\"https:\/\/candas365.es\/noticias\/wp-content\/uploads\/2025\/09\/Rescatado-un-hombre-en-el-Pico-Cabrones-.jpg\" \/>\n\t\t<meta property=\"og:image:width\" content=\"1073\" \/>\n\t\t<meta property=\"og:image:height\" content=\"604\" \/>\n\t\t<meta property=\"article:published_time\" content=\"2025-09-13T04:05:33+00:00\" \/>\n\t\t<meta property=\"article:modified_time\" content=\"2025-09-13T04:05:33+00:00\" \/>\n\t\t<meta property=\"article:publisher\" content=\"https:\/\/www.facebook.com\/Nachofdezber\" \/>\n\t\t<meta property=\"article:author\" content=\"https:\/\/www.facebook.com\/carrenoactualidad\" \/>\n\t\t<meta name=\"twitter:card\" content=\"summary_large_image\" \/>\n\t\t<meta name=\"twitter:site\" content=\"@NabercoDigital\" \/>\n\t\t<meta name=\"twitter:title\" content=\"Rescatado un hombre en el Pico Cabrones | Cand\u00e1s 365\" \/>\n\t\t<meta name=\"twitter:description\" content=\"Un hombre ha sido rescatado en el Pico Cabrones. El Grupo de Rescate de Bomberos de Asturias, a bordo del helic\u00f3ptero medicalizado del SEPA\" \/>\n\t\t<meta name=\"twitter:creator\" content=\"@nbasturias\" \/>\n\t\t<meta name=\"twitter:image\" content=\"https:\/\/candas365.es\/noticias\/wp-content\/uploads\/2025\/09\/Rescatado-un-hombre-en-el-Pico-Cabrones-.jpg\" \/>\n\t\t<meta name=\"twitter:label1\" content=\"Escrito por\" \/>\n\t\t<meta name=\"twitter:data1\" content=\"Cand\u00e1s 365\" \/>\n\t\t<meta name=\"twitter:label2\" content=\"Tiempo de lectura estimado\" \/>\n\t\t<meta name=\"twitter:data2\" content=\"2 minutos\" \/>\n\t\t<script type=\"application\/ld+json\" class=\"aioseo-schema\">\n\t\t\t{\"@context\":\"https:\\\/\\\/schema.org\",\"@graph\":[{\"@type\":\"BreadcrumbList\",\"@id\":\"https:\\\/\\\/candas365.es\\\/noticias\\\/rescatado-un-hombre-en-el-pico-cabrones\\\/#breadcrumblist\",\"itemListElement\":[{\"@type\":\"ListItem\",\"@id\":\"https:\\\/\\\/candas365.es\\\/noticias#listItem\",\"position\":1,\"name\":\"Home\",\"item\":\"https:\\\/\\\/candas365.es\\\/noticias\",\"nextItem\":{\"@type\":\"ListItem\",\"@id\":\"https:\\\/\\\/candas365.es\\\/noticias\\\/category\\\/sucesos\\\/#listItem\",\"name\":\"Sucesos\"}},{\"@type\":\"ListItem\",\"@id\":\"https:\\\/\\\/candas365.es\\\/noticias\\\/category\\\/sucesos\\\/#listItem\",\"position\":2,\"name\":\"Sucesos\",\"item\":\"https:\\\/\\\/candas365.es\\\/noticias\\\/category\\\/sucesos\\\/\",\"nextItem\":{\"@type\":\"ListItem\",\"@id\":\"https:\\\/\\\/candas365.es\\\/noticias\\\/rescatado-un-hombre-en-el-pico-cabrones\\\/#listItem\",\"name\":\"Rescatado un hombre en el Pico Cabrones\"},\"previousItem\":{\"@type\":\"ListItem\",\"@id\":\"https:\\\/\\\/candas365.es\\\/noticias#listItem\",\"name\":\"Home\"}},{\"@type\":\"ListItem\",\"@id\":\"https:\\\/\\\/candas365.es\\\/noticias\\\/rescatado-un-hombre-en-el-pico-cabrones\\\/#listItem\",\"position\":3,\"name\":\"Rescatado un hombre en el Pico Cabrones\",\"previousItem\":{\"@type\":\"ListItem\",\"@id\":\"https:\\\/\\\/candas365.es\\\/noticias\\\/category\\\/sucesos\\\/#listItem\",\"name\":\"Sucesos\"}}]},{\"@type\":\"NewsArticle\",\"@id\":\"https:\\\/\\\/candas365.es\\\/noticias\\\/rescatado-un-hombre-en-el-pico-cabrones\\\/#newsarticle\",\"name\":\"Rescatado un hombre en el Pico Cabrones | Cand\\u00e1s 365\",\"headline\":\"Rescatado un hombre en el Pico Cabrones\",\"author\":{\"@id\":\"https:\\\/\\\/candas365.es\\\/noticias\\\/author\\\/admin\\\/#author\"},\"publisher\":{\"@id\":\"https:\\\/\\\/candas365.es\\\/noticias\\\/#organization\"},\"image\":{\"@type\":\"ImageObject\",\"url\":\"https:\\\/\\\/candas365.es\\\/noticias\\\/wp-content\\\/uploads\\\/2025\\\/09\\\/Rescatado-un-hombre-en-el-Pico-Cabrones-.jpg\",\"width\":1073,\"height\":604,\"caption\":\"Foto: SERVICIO DE EMERGENCIAS DEL PRINCIPADO DE ASTURIAS\"},\"datePublished\":\"2025-09-13T06:05:33+02:00\",\"dateModified\":\"2025-09-13T06:05:33+02:00\",\"inLanguage\":\"es-ES\",\"mainEntityOfPage\":{\"@id\":\"https:\\\/\\\/candas365.es\\\/noticias\\\/rescatado-un-hombre-en-el-pico-cabrones\\\/#webpage\"},\"isPartOf\":{\"@id\":\"https:\\\/\\\/candas365.es\\\/noticias\\\/rescatado-un-hombre-en-el-pico-cabrones\\\/#webpage\"},\"articleSection\":\"Sucesos, sucesos\",\"dateline\":\"Publicado el septiembre 13, 2025.\"},{\"@type\":\"Organization\",\"@id\":\"https:\\\/\\\/candas365.es\\\/noticias\\\/#organization\",\"name\":\"Cand\\u00e1s 365\",\"description\":\"Cand\\u00e1s 365 es un diario digital independiente, fundado en 2012, con base en Asturias. Informamos con rigor sobre actualidad, sociedad, cultura y ocio, con una mirada local y global.\",\"url\":\"https:\\\/\\\/candas365.es\\\/noticias\\\/\",\"email\":\"info@candas365.es\",\"telephone\":\"+34652131393\",\"foundingDate\":\"2012-06-10\",\"logo\":{\"@type\":\"ImageObject\",\"url\":\"https:\\\/\\\/candas365.es\\\/noticias\\\/wp-content\\\/uploads\\\/2024\\\/09\\\/Candas-365-Redes.jpg\",\"@id\":\"https:\\\/\\\/candas365.es\\\/noticias\\\/rescatado-un-hombre-en-el-pico-cabrones\\\/#organizationLogo\",\"width\":1152,\"height\":864,\"caption\":\"Cand\\u00e1s 365 Redes\"},\"image\":{\"@id\":\"https:\\\/\\\/candas365.es\\\/noticias\\\/rescatado-un-hombre-en-el-pico-cabrones\\\/#organizationLogo\"},\"sameAs\":[\"https:\\\/\\\/www.facebook.com\\\/Nachofdezber\",\"https:\\\/\\\/x.com\\\/NabercoDigital\",\"https:\\\/\\\/www.instagram.com\\\/nachofdezber\\\/\",\"https:\\\/\\\/www.youtube.com\\\/channel\\\/UCZP-2wLEB9Rv6erhFmqVnvg\"],\"address\":{\"@id\":\"https:\\\/\\\/candas365.es\\\/noticias\\\/#postaladdress\",\"@type\":\"PostalAddress\",\"streetAddress\":\"san antonio 4, san antonio 4\",\"postalCode\":\"33430\",\"addressLocality\":\"Cand\\u00e1s\",\"addressRegion\":\"Asturias\",\"addressCountry\":\"ES\"}},{\"@type\":\"Person\",\"@id\":\"https:\\\/\\\/candas365.es\\\/noticias\\\/author\\\/admin\\\/#author\",\"url\":\"https:\\\/\\\/candas365.es\\\/noticias\\\/author\\\/admin\\\/\",\"name\":\"Cand\\u00e1s 365\",\"image\":{\"@type\":\"ImageObject\",\"@id\":\"https:\\\/\\\/candas365.es\\\/noticias\\\/rescatado-un-hombre-en-el-pico-cabrones\\\/#authorImage\",\"url\":\"https:\\\/\\\/secure.gravatar.com\\\/avatar\\\/496a8e03d0c493ede1718b7934145dbdf8d89be1036b0eec9544e1094c9de390?s=96&d=mm&r=g\",\"width\":96,\"height\":96,\"caption\":\"Cand\\u00e1s 365\"},\"sameAs\":[\"https:\\\/\\\/www.facebook.com\\\/carrenoactualidad\",\"https:\\\/\\\/twitter.com\\\/nbasturias\",\"https:\\\/\\\/www.instagram.com\\\/nachofdezber\\\/\",\"https:\\\/\\\/www.youtube.com\\\/channel\\\/UCZP-2wLEB9Rv6erhFmqVnvg\"]},{\"@type\":\"WebPage\",\"@id\":\"https:\\\/\\\/candas365.es\\\/noticias\\\/rescatado-un-hombre-en-el-pico-cabrones\\\/#webpage\",\"url\":\"https:\\\/\\\/candas365.es\\\/noticias\\\/rescatado-un-hombre-en-el-pico-cabrones\\\/\",\"name\":\"Rescatado un hombre en el Pico Cabrones | Cand\\u00e1s 365\",\"description\":\"Un hombre ha sido rescatado en el Pico Cabrones. El Grupo de Rescate de Bomberos de Asturias, a bordo del helic\\u00f3ptero medicalizado del SEPA\",\"inLanguage\":\"es-ES\",\"isPartOf\":{\"@id\":\"https:\\\/\\\/candas365.es\\\/noticias\\\/#website\"},\"breadcrumb\":{\"@id\":\"https:\\\/\\\/candas365.es\\\/noticias\\\/rescatado-un-hombre-en-el-pico-cabrones\\\/#breadcrumblist\"},\"author\":{\"@id\":\"https:\\\/\\\/candas365.es\\\/noticias\\\/author\\\/admin\\\/#author\"},\"creator\":{\"@id\":\"https:\\\/\\\/candas365.es\\\/noticias\\\/author\\\/admin\\\/#author\"},\"image\":{\"@type\":\"ImageObject\",\"url\":\"https:\\\/\\\/candas365.es\\\/noticias\\\/wp-content\\\/uploads\\\/2025\\\/09\\\/Rescatado-un-hombre-en-el-Pico-Cabrones-.jpg\",\"@id\":\"https:\\\/\\\/candas365.es\\\/noticias\\\/rescatado-un-hombre-en-el-pico-cabrones\\\/#mainImage\",\"width\":1073,\"height\":604,\"caption\":\"Foto: SERVICIO DE EMERGENCIAS DEL PRINCIPADO DE ASTURIAS\"},\"primaryImageOfPage\":{\"@id\":\"https:\\\/\\\/candas365.es\\\/noticias\\\/rescatado-un-hombre-en-el-pico-cabrones\\\/#mainImage\"},\"datePublished\":\"2025-09-13T06:05:33+02:00\",\"dateModified\":\"2025-09-13T06:05:33+02:00\"},{\"@type\":\"WebSite\",\"@id\":\"https:\\\/\\\/candas365.es\\\/noticias\\\/#website\",\"url\":\"https:\\\/\\\/candas365.es\\\/noticias\\\/\",\"name\":\"Cand\\u00e1s 365\",\"alternateName\":\"Cand\\u00e1s 365 Noticias\",\"description\":\"Actualidad desde Carre\\u00f1o para el mundo\",\"inLanguage\":\"es-ES\",\"publisher\":{\"@id\":\"https:\\\/\\\/candas365.es\\\/noticias\\\/#organization\"}}]}\n\t\t<\/script>\n\t\t<!-- All in One SEO Pro -->\r\n\t\t<title>Rescatado un hombre en el Pico Cabrones | Cand\u00e1s 365<\/title>\n\n","aioseo_head_json":{"title":"Rescatado un hombre en el Pico Cabrones | Cand\u00e1s 365","description":"Un hombre ha sido rescatado en el Pico Cabrones. El Grupo de Rescate de Bomberos de Asturias, a bordo del helic\u00f3ptero medicalizado del SEPA","canonical_url":"https:\/\/candas365.es\/noticias\/rescatado-un-hombre-en-el-pico-cabrones\/","robots":"max-image-preview:large","keywords":"sucesos","webmasterTools":{"google-site-verification":"UA-32230408-1","msvalidate.01":"354F3CDFB2DA171B47FBE9ABF1F88D5","miscellaneous":""},"schema":{"@context":"https:\/\/schema.org","@graph":[{"@type":"BreadcrumbList","@id":"https:\/\/candas365.es\/noticias\/rescatado-un-hombre-en-el-pico-cabrones\/#breadcrumblist","itemListElement":[{"@type":"ListItem","@id":"https:\/\/candas365.es\/noticias#listItem","position":1,"name":"Home","item":"https:\/\/candas365.es\/noticias","nextItem":{"@type":"ListItem","@id":"https:\/\/candas365.es\/noticias\/category\/sucesos\/#listItem","name":"Sucesos"}},{"@type":"ListItem","@id":"https:\/\/candas365.es\/noticias\/category\/sucesos\/#listItem","position":2,"name":"Sucesos","item":"https:\/\/candas365.es\/noticias\/category\/sucesos\/","nextItem":{"@type":"ListItem","@id":"https:\/\/candas365.es\/noticias\/rescatado-un-hombre-en-el-pico-cabrones\/#listItem","name":"Rescatado un hombre en el Pico Cabrones"},"previousItem":{"@type":"ListItem","@id":"https:\/\/candas365.es\/noticias#listItem","name":"Home"}},{"@type":"ListItem","@id":"https:\/\/candas365.es\/noticias\/rescatado-un-hombre-en-el-pico-cabrones\/#listItem","position":3,"name":"Rescatado un hombre en el Pico Cabrones","previousItem":{"@type":"ListItem","@id":"https:\/\/candas365.es\/noticias\/category\/sucesos\/#listItem","name":"Sucesos"}}]},{"@type":"NewsArticle","@id":"https:\/\/candas365.es\/noticias\/rescatado-un-hombre-en-el-pico-cabrones\/#newsarticle","name":"Rescatado un hombre en el Pico Cabrones | Cand\u00e1s 365","headline":"Rescatado un hombre en el Pico Cabrones","author":{"@id":"https:\/\/candas365.es\/noticias\/author\/admin\/#author"},"publisher":{"@id":"https:\/\/candas365.es\/noticias\/#organization"},"image":{"@type":"ImageObject","url":"https:\/\/candas365.es\/noticias\/wp-content\/uploads\/2025\/09\/Rescatado-un-hombre-en-el-Pico-Cabrones-.jpg","width":1073,"height":604,"caption":"Foto: SERVICIO DE EMERGENCIAS DEL PRINCIPADO DE ASTURIAS"},"datePublished":"2025-09-13T06:05:33+02:00","dateModified":"2025-09-13T06:05:33+02:00","inLanguage":"es-ES","mainEntityOfPage":{"@id":"https:\/\/candas365.es\/noticias\/rescatado-un-hombre-en-el-pico-cabrones\/#webpage"},"isPartOf":{"@id":"https:\/\/candas365.es\/noticias\/rescatado-un-hombre-en-el-pico-cabrones\/#webpage"},"articleSection":"Sucesos, sucesos","dateline":"Publicado el septiembre 13, 2025."},{"@type":"Organization","@id":"https:\/\/candas365.es\/noticias\/#organization","name":"Cand\u00e1s 365","description":"Cand\u00e1s 365 es un diario digital independiente, fundado en 2012, con base en Asturias. Informamos con rigor sobre actualidad, sociedad, cultura y ocio, con una mirada local y global.","url":"https:\/\/candas365.es\/noticias\/","email":"info@candas365.es","telephone":"+34652131393","foundingDate":"2012-06-10","logo":{"@type":"ImageObject","url":"https:\/\/candas365.es\/noticias\/wp-content\/uploads\/2024\/09\/Candas-365-Redes.jpg","@id":"https:\/\/candas365.es\/noticias\/rescatado-un-hombre-en-el-pico-cabrones\/#organizationLogo","width":1152,"height":864,"caption":"Cand\u00e1s 365 Redes"},"image":{"@id":"https:\/\/candas365.es\/noticias\/rescatado-un-hombre-en-el-pico-cabrones\/#organizationLogo"},"sameAs":["https:\/\/www.facebook.com\/Nachofdezber","https:\/\/x.com\/NabercoDigital","https:\/\/www.instagram.com\/nachofdezber\/","https:\/\/www.youtube.com\/channel\/UCZP-2wLEB9Rv6erhFmqVnvg"],"address":{"@id":"https:\/\/candas365.es\/noticias\/#postaladdress","@type":"PostalAddress","streetAddress":"san antonio 4, san antonio 4","postalCode":"33430","addressLocality":"Cand\u00e1s","addressRegion":"Asturias","addressCountry":"ES"}},{"@type":"Person","@id":"https:\/\/candas365.es\/noticias\/author\/admin\/#author","url":"https:\/\/candas365.es\/noticias\/author\/admin\/","name":"Cand\u00e1s 365","image":{"@type":"ImageObject","@id":"https:\/\/candas365.es\/noticias\/rescatado-un-hombre-en-el-pico-cabrones\/#authorImage","url":"https:\/\/secure.gravatar.com\/avatar\/496a8e03d0c493ede1718b7934145dbdf8d89be1036b0eec9544e1094c9de390?s=96&d=mm&r=g","width":96,"height":96,"caption":"Cand\u00e1s 365"},"sameAs":["https:\/\/www.facebook.com\/carrenoactualidad","https:\/\/twitter.com\/nbasturias","https:\/\/www.instagram.com\/nachofdezber\/","https:\/\/www.youtube.com\/channel\/UCZP-2wLEB9Rv6erhFmqVnvg"]},{"@type":"WebPage","@id":"https:\/\/candas365.es\/noticias\/rescatado-un-hombre-en-el-pico-cabrones\/#webpage","url":"https:\/\/candas365.es\/noticias\/rescatado-un-hombre-en-el-pico-cabrones\/","name":"Rescatado un hombre en el Pico Cabrones | Cand\u00e1s 365","description":"Un hombre ha sido rescatado en el Pico Cabrones. El Grupo de Rescate de Bomberos de Asturias, a bordo del helic\u00f3ptero medicalizado del SEPA","inLanguage":"es-ES","isPartOf":{"@id":"https:\/\/candas365.es\/noticias\/#website"},"breadcrumb":{"@id":"https:\/\/candas365.es\/noticias\/rescatado-un-hombre-en-el-pico-cabrones\/#breadcrumblist"},"author":{"@id":"https:\/\/candas365.es\/noticias\/author\/admin\/#author"},"creator":{"@id":"https:\/\/candas365.es\/noticias\/author\/admin\/#author"},"image":{"@type":"ImageObject","url":"https:\/\/candas365.es\/noticias\/wp-content\/uploads\/2025\/09\/Rescatado-un-hombre-en-el-Pico-Cabrones-.jpg","@id":"https:\/\/candas365.es\/noticias\/rescatado-un-hombre-en-el-pico-cabrones\/#mainImage","width":1073,"height":604,"caption":"Foto: SERVICIO DE EMERGENCIAS DEL PRINCIPADO DE ASTURIAS"},"primaryImageOfPage":{"@id":"https:\/\/candas365.es\/noticias\/rescatado-un-hombre-en-el-pico-cabrones\/#mainImage"},"datePublished":"2025-09-13T06:05:33+02:00","dateModified":"2025-09-13T06:05:33+02:00"},{"@type":"WebSite","@id":"https:\/\/candas365.es\/noticias\/#website","url":"https:\/\/candas365.es\/noticias\/","name":"Cand\u00e1s 365","alternateName":"Cand\u00e1s 365 Noticias","description":"Actualidad desde Carre\u00f1o para el mundo","inLanguage":"es-ES","publisher":{"@id":"https:\/\/candas365.es\/noticias\/#organization"}}]},"og:locale":"es_ES","og:site_name":"Cand\u00e1s 365","og:type":"article","og:title":"Rescatado un hombre en el Pico Cabrones | Cand\u00e1s 365","og:description":"Un hombre ha sido rescatado en el Pico Cabrones. El Grupo de Rescate de Bomberos de Asturias, a bordo del helic\u00f3ptero medicalizado del SEPA","og:url":"https:\/\/candas365.es\/noticias\/rescatado-un-hombre-en-el-pico-cabrones\/","og:image":"https:\/\/candas365.es\/noticias\/wp-content\/uploads\/2025\/09\/Rescatado-un-hombre-en-el-Pico-Cabrones-.jpg","og:image:secure_url":"https:\/\/candas365.es\/noticias\/wp-content\/uploads\/2025\/09\/Rescatado-un-hombre-en-el-Pico-Cabrones-.jpg","og:image:width":1073,"og:image:height":604,"article:published_time":"2025-09-13T04:05:33+00:00","article:modified_time":"2025-09-13T04:05:33+00:00","article:publisher":"https:\/\/www.facebook.com\/Nachofdezber","article:author":"https:\/\/www.facebook.com\/carrenoactualidad","twitter:card":"summary_large_image","twitter:site":"@NabercoDigital","twitter:title":"Rescatado un hombre en el Pico Cabrones | Cand\u00e1s 365","twitter:description":"Un hombre ha sido rescatado en el Pico Cabrones. El Grupo de Rescate de Bomberos de Asturias, a bordo del helic\u00f3ptero medicalizado del SEPA","twitter:creator":"@nbasturias","twitter:image":"https:\/\/candas365.es\/noticias\/wp-content\/uploads\/2025\/09\/Rescatado-un-hombre-en-el-Pico-Cabrones-.jpg","twitter:label1":"Escrito por","twitter:data1":"Cand\u00e1s 365","twitter:label2":"Tiempo de lectura estimado","twitter:data2":"2 minutos"},"aioseo_meta_data":{"post_id":"187600","title":null,"description":"Un hombre ha sido rescatado en el Pico Cabrones. El Grupo de Rescate de Bomberos de Asturias, a bordo del helic\u00f3ptero medicalizado del SEPA","keywords":null,"keyphrases":{"focus":{"keyphrase":"Pico Cabrones","score":100,"analysis":{"keyphraseInTitle":{"score":9,"maxScore":9,"error":0},"keyphraseInDescription":{"score":9,"maxScore":9,"error":0},"keyphraseLength":{"score":9,"maxScore":9,"error":0,"length":2},"keyphraseInURL":{"score":5,"maxScore":5,"error":0},"keyphraseInIntroduction":{"score":9,"maxScore":9,"error":0},"keyphraseInSubHeadings":[],"keyphraseInImageAlt":{"score":9,"maxScore":9,"error":0},"keywordDensity":{"type":"best","score":9,"maxScore":9,"error":0}}},"additional":[{"keyphrase":"Pico Cabrones","score":100,"analysis":{"keyphraseInDescription":{"score":9,"maxScore":9,"error":0},"keyphraseLength":{"score":9,"maxScore":9,"error":0,"length":2},"keyphraseInIntroduction":{"score":9,"maxScore":9,"error":0},"keyphraseInImageAlt":{"score":9,"maxScore":9,"error":0},"keywordDensity":{"type":"best","score":9,"maxScore":9,"error":0}}}]},"primary_term":null,"canonical_url":null,"og_title":null,"og_description":null,"og_object_type":"default","og_image_type":"default","og_image_url":null,"og_image_width":null,"og_image_height":null,"og_image_custom_url":null,"og_image_custom_fields":null,"og_video":"","og_custom_url":null,"og_article_section":null,"og_article_tags":null,"twitter_use_og":false,"twitter_card":"default","twitter_image_type":"default","twitter_image_url":null,"twitter_image_custom_url":null,"twitter_image_custom_fields":null,"twitter_title":null,"twitter_description":null,"schema":{"blockGraphs":[],"customGraphs":[],"default":{"data":{"Article":[],"Course":[],"Dataset":[],"FAQPage":[],"Movie":[],"Person":[],"Product":[],"ProductReview":[],"Car":[],"Recipe":[],"Service":[],"SoftwareApplication":[],"WebPage":[]},"graphName":"Article","isEnabled":true},"graphs":[]},"schema_type":"default","schema_type_options":null,"pillar_content":false,"robots_default":true,"robots_noindex":false,"robots_noarchive":false,"robots_nosnippet":false,"robots_nofollow":false,"robots_noimageindex":false,"robots_noodp":false,"robots_notranslate":false,"robots_max_snippet":"-1","robots_max_videopreview":"-1","robots_max_imagepreview":"large","priority":null,"frequency":"default","location":null,"local_seo":null,"seo_analyzer_scan_date":"2025-09-13 04:05:46","breadcrumb_settings":null,"limit_modified_date":false,"reviewed_by":null,"open_ai":null,"ai":{"faqs":[],"keyPoints":[],"titles":[],"descriptions":[],"socialPosts":{"email":[],"linkedin":[],"twitter":[],"facebook":[],"instagram":[]}},"created":"2025-09-13 03:58:00","updated":"2025-09-13 04:12:37"},"aioseo_breadcrumb":"<div class=\"aioseo-breadcrumbs\"><span class=\"aioseo-breadcrumb\">\n\t<a href=\"https:\/\/candas365.es\/noticias\" title=\"Home\">Home<\/a>\n<\/span><span class=\"aioseo-breadcrumb-separator\">&ndash;<\/span><span class=\"aioseo-breadcrumb\">\n\t<a href=\"https:\/\/candas365.es\/noticias\/category\/sucesos\/\" title=\"Sucesos\">Sucesos<\/a>\n<\/span><span class=\"aioseo-breadcrumb-separator\">&ndash;<\/span><span class=\"aioseo-breadcrumb\">\n\tRescatado un hombre en el Pico Cabrones\n<\/span><\/div>","aioseo_breadcrumb_json":[{"label":"Home","link":"https:\/\/candas365.es\/noticias"},{"label":"Sucesos","link":"https:\/\/candas365.es\/noticias\/category\/sucesos\/"},{"label":"Rescatado un hombre en el Pico Cabrones","link":"https:\/\/candas365.es\/noticias\/rescatado-un-hombre-en-el-pico-cabrones\/"}],"_links":{"self":[{"href":"https:\/\/candas365.es\/noticias\/wp-json\/wp\/v2\/posts\/187600","targetHints":{"allow":["GET"]}}],"collection":[{"href":"https:\/\/candas365.es\/noticias\/wp-json\/wp\/v2\/posts"}],"about":[{"href":"https:\/\/candas365.es\/noticias\/wp-json\/wp\/v2\/types\/post"}],"author":[{"embeddable":true,"href":"https:\/\/candas365.es\/noticias\/wp-json\/wp\/v2\/users\/1"}],"replies":[{"embeddable":true,"href":"https:\/\/candas365.es\/noticias\/wp-json\/wp\/v2\/comments?post=187600"}],"version-history":[{"count":0,"href":"https:\/\/candas365.es\/noticias\/wp-json\/wp\/v2\/posts\/187600\/revisions"}],"wp:featuredmedia":[{"embeddable":true,"href":"https:\/\/candas365.es\/noticias\/wp-json\/wp\/v2\/media\/187601"}],"wp:attachment":[{"href":"https:\/\/candas365.es\/noticias\/wp-json\/wp\/v2\/media?parent=187600"}],"wp:term":[{"taxonomy":"category","embeddable":true,"href":"https:\/\/candas365.es\/noticias\/wp-json\/wp\/v2\/categories?post=187600"},{"taxonomy":"post_tag","embeddable":true,"href":"https:\/\/candas365.es\/noticias\/wp-json\/wp\/v2\/tags?post=187600"}],"curies":[{"name":"wp","href":"https:\/\/api.w.org\/{rel}","templated":true}]}}