{"id":187591,"date":"2025-09-12T09:22:06","date_gmt":"2025-09-12T07:22:06","guid":{"rendered":"https:\/\/candas365.es\/noticias\/?p=187591"},"modified":"2025-09-12T09:22:06","modified_gmt":"2025-09-12T07:22:06","slug":"fiestas-del-santisimo-cristo-de-candas-2025-horarios-hosteleria-y-ocio","status":"publish","type":"post","link":"https:\/\/candas365.es\/noticias\/fiestas-del-santisimo-cristo-de-candas-2025-horarios-hosteleria-y-ocio\/","title":{"rendered":"Fiestas del Sant\u00edsimo Cristo de Cand\u00e1s 2025: Horarios hosteler\u00eda y ocio"},"content":{"rendered":"<p>Hoy viernes en <a href=\"https:\/\/candas365.es\/noticias\/category\/noticias-carreno\/\"><span style=\"color: #ff6600;\"><strong>Cand\u00e1s<\/strong><\/span><\/a> comienzan las<strong> Fiestas del Sant\u00edsimo Cristo<\/strong> y el <a href=\"https:\/\/www.facebook.com\/AytoCarreno\" target=\"_blank\" rel=\"noopener\"><span style=\"color: #ff6600;\"><strong>Ayuntamiento de Carre\u00f1o<\/strong><\/span><\/a> ha informado de los <strong>horarios durante los que podr\u00e1n estar abiertos los establecimientos de hosteler\u00eda y ocio.<\/strong><\/p>\n<figure id=\"attachment_187592\" aria-describedby=\"caption-attachment-187592\" style=\"width: 650px\" class=\"wp-caption aligncenter\"><img fetchpriority=\"high\" decoding=\"async\" class=\"size-large wp-image-187592\" src=\"https:\/\/candas365.es\/noticias\/wp-content\/uploads\/2025\/09\/Candas-Cristo-2025-650x403.jpg\" alt=\"Cand\u00e1s Cristo 2025\" width=\"650\" height=\"403\" srcset=\"https:\/\/candas365.es\/noticias\/wp-content\/uploads\/2025\/09\/Candas-Cristo-2025-650x403.jpg 650w, https:\/\/candas365.es\/noticias\/wp-content\/uploads\/2025\/09\/Candas-Cristo-2025-360x223.jpg 360w, https:\/\/candas365.es\/noticias\/wp-content\/uploads\/2025\/09\/Candas-Cristo-2025-768x477.jpg 768w, https:\/\/candas365.es\/noticias\/wp-content\/uploads\/2025\/09\/Candas-Cristo-2025-150x93.jpg 150w, https:\/\/candas365.es\/noticias\/wp-content\/uploads\/2025\/09\/Candas-Cristo-2025-450x279.jpg 450w, https:\/\/candas365.es\/noticias\/wp-content\/uploads\/2025\/09\/Candas-Cristo-2025.jpg 1033w\" sizes=\"(max-width: 650px) 100vw, 650px\" \/><figcaption id=\"caption-attachment-187592\" class=\"wp-caption-text\">Foto: Nacho Berm\u00fadez<\/figcaption><\/figure>\n<p>Las <strong>Fiestas del Sant\u00edsimo Cristo de Cand\u00e1s<\/strong> se celebrar\u00e1n durante los <strong>d\u00edas 12, 13, 14 y 15 de septiembre<\/strong>, y desde hoy se autoriza la ampliaci\u00f3n del horario de cierre de los establecimientos, locales e instalaciones para espect\u00e1culos p\u00fablicos y actividades recreativas de Cand\u00e1s (bares, cafeter\u00edas, restaurantes, sidrer\u00edas y en general, locales donde se desarrollen actividades de Restauraci\u00f3n conforme a lo previsto en la legislaci\u00f3n sectorial de aplicaci\u00f3n), as\u00ed como de las terrazas debidamente autorizadas con que cuenten los mismos, con los siguientes horarios:<\/p>\n<ul>\n<li>El d\u00eda 13 de septiembre hasta las 7:00 horas, del d\u00eda siguiente a la apertura.<\/li>\n<li>Los d\u00edas 12, 14 y 15 de septiembre hasta las 06:00 horas, del d\u00eda siguiente a la apertura.<\/li>\n<\/ul>\n<p>M\u00e1s informaci\u00f3n <a href=\"https:\/\/www.ayto-carreno.es\/noticia\/-\/asset_publisher\/lrSTspiwpDZc\/content\/bando-con-motivo-de-las-fiestas-de-guimar%25C3%2581n-2025?_com_liferay_asset_publisher_web_portlet_AssetPublisherPortlet_INSTANCE_lrSTspiwpDZc_assetEntryId=17736500&amp;_com_liferay_asset_publisher_web_portlet_AssetPublisherPortlet_INSTANCE_lrSTspiwpDZc_redirect=https%3A%2F%2Fwww.ayto-carreno.es%3A443%2Fportada%3Fp_p_id%3Dcom_liferay_asset_publisher_web_portlet_AssetPublisherPortlet_INSTANCE_lrSTspiwpDZc%26p_p_lifecycle%3D0%26p_p_state%3Dnormal%26p_p_mode%3Dview%26_com_liferay_asset_publisher_web_portlet_AssetPublisherPortlet_INSTANCE_lrSTspiwpDZc_cur%3D0%26p_r_p_resetCur%3Dfalse%26_com_liferay_asset_publisher_web_portlet_AssetPublisherPortlet_INSTANCE_lrSTspiwpDZc_assetEntryId%3D17736500\" target=\"_blank\" rel=\"nofollow noopener\"><span style=\"color: #ff6600;\"><strong>pulsando aqu\u00ed<\/strong><\/span><\/a>.<\/p>\n","protected":false},"excerpt":{"rendered":"<p>Hoy viernes en Cand\u00e1s comienzan las Fiestas del Sant\u00edsimo Cristo y el Ayuntamiento de Carre\u00f1o ha informado de los horarios durante los que podr\u00e1n estar abiertos los establecimientos de hosteler\u00eda y ocio. Las Fiestas del Sant\u00edsimo Cristo de Cand\u00e1s se celebrar\u00e1n durante los d\u00edas 12, 13, 14 y 15 de septiembre, y desde hoy se<\/p>\n","protected":false},"author":1,"featured_media":187592,"comment_status":"closed","ping_status":"closed","sticky":false,"template":"","format":"standard","meta":{"footnotes":""},"categories":[2],"tags":[366,365],"class_list":{"0":"post-187591","1":"post","2":"type-post","3":"status-publish","4":"format-standard","5":"has-post-thumbnail","7":"category-noticias-carreno","8":"tag-candas","9":"tag-carreno"},"aioseo_notices":[],"aioseo_head":"\n\t\t<!-- All in One SEO Pro 4.9.6.2 - aioseo.com -->\n\t<meta name=\"description\" content=\"Hoy viernes en Cand\u00e1s comienzan las Fiestas del Sant\u00edsimo Cristo y el Ayuntamiento de Carre\u00f1o ha informado de los horarios durante los que podr\u00e1n estar abiertos\" \/>\n\t<meta name=\"robots\" content=\"max-image-preview:large\" \/>\n\t<meta name=\"author\" content=\"Cand\u00e1s 365\"\/>\n\t<meta name=\"google-site-verification\" content=\"UA-32230408-1\" \/>\n\t<meta name=\"msvalidate.01\" content=\"354F3CDFB2DA171B47FBE9ABF1F88D5\" \/>\n\t<meta name=\"keywords\" content=\"noticias carre\u00f1o\" \/>\n\t<link rel=\"canonical\" href=\"https:\/\/candas365.es\/noticias\/fiestas-del-santisimo-cristo-de-candas-2025-horarios-hosteleria-y-ocio\/\" \/>\n\t<meta name=\"generator\" content=\"All in One SEO Pro (AIOSEO) 4.9.6.2\" \/>\n\t\t<meta property=\"og:locale\" content=\"es_ES\" \/>\n\t\t<meta property=\"og:site_name\" content=\"Cand\u00e1s 365\" \/>\n\t\t<meta property=\"og:type\" content=\"article\" \/>\n\t\t<meta property=\"og:title\" content=\"Fiestas del Sant\u00edsimo Cristo de Cand\u00e1s 2025: Horarios hosteler\u00eda y ocio | Cand\u00e1s 365\" \/>\n\t\t<meta property=\"og:description\" content=\"Hoy viernes en Cand\u00e1s comienzan las Fiestas del Sant\u00edsimo Cristo y el Ayuntamiento de Carre\u00f1o ha informado de los horarios durante los que podr\u00e1n estar abiertos\" \/>\n\t\t<meta property=\"og:url\" content=\"https:\/\/candas365.es\/noticias\/fiestas-del-santisimo-cristo-de-candas-2025-horarios-hosteleria-y-ocio\/\" \/>\n\t\t<meta property=\"og:image\" content=\"https:\/\/candas365.es\/noticias\/wp-content\/uploads\/2025\/09\/Candas-Cristo-2025.jpg\" \/>\n\t\t<meta property=\"og:image:secure_url\" content=\"https:\/\/candas365.es\/noticias\/wp-content\/uploads\/2025\/09\/Candas-Cristo-2025.jpg\" \/>\n\t\t<meta property=\"og:image:width\" content=\"1033\" \/>\n\t\t<meta property=\"og:image:height\" content=\"641\" \/>\n\t\t<meta property=\"article:published_time\" content=\"2025-09-12T07:22:06+00:00\" \/>\n\t\t<meta property=\"article:modified_time\" content=\"2025-09-12T07:22:06+00:00\" \/>\n\t\t<meta property=\"article:publisher\" content=\"https:\/\/www.facebook.com\/Nachofdezber\" \/>\n\t\t<meta property=\"article:author\" content=\"https:\/\/www.facebook.com\/carrenoactualidad\" \/>\n\t\t<meta name=\"twitter:card\" content=\"summary_large_image\" \/>\n\t\t<meta name=\"twitter:site\" content=\"@NabercoDigital\" \/>\n\t\t<meta name=\"twitter:title\" content=\"Fiestas del Sant\u00edsimo Cristo de Cand\u00e1s 2025: Horarios hosteler\u00eda y ocio | Cand\u00e1s 365\" \/>\n\t\t<meta name=\"twitter:description\" content=\"Hoy viernes en Cand\u00e1s comienzan las Fiestas del Sant\u00edsimo Cristo y el Ayuntamiento de Carre\u00f1o ha informado de los horarios durante los que podr\u00e1n estar abiertos\" \/>\n\t\t<meta name=\"twitter:creator\" content=\"@nbasturias\" \/>\n\t\t<meta name=\"twitter:image\" content=\"https:\/\/candas365.es\/noticias\/wp-content\/uploads\/2025\/09\/Candas-Cristo-2025.jpg\" \/>\n\t\t<meta name=\"twitter:label1\" content=\"Escrito por\" \/>\n\t\t<meta name=\"twitter:data1\" content=\"Cand\u00e1s 365\" \/>\n\t\t<meta name=\"twitter:label2\" content=\"Tiempo de lectura estimado\" \/>\n\t\t<meta name=\"twitter:data2\" content=\"1 minuto\" \/>\n\t\t<script type=\"application\/ld+json\" class=\"aioseo-schema\">\n\t\t\t{\"@context\":\"https:\\\/\\\/schema.org\",\"@graph\":[{\"@type\":\"BreadcrumbList\",\"@id\":\"https:\\\/\\\/candas365.es\\\/noticias\\\/fiestas-del-santisimo-cristo-de-candas-2025-horarios-hosteleria-y-ocio\\\/#breadcrumblist\",\"itemListElement\":[{\"@type\":\"ListItem\",\"@id\":\"https:\\\/\\\/candas365.es\\\/noticias#listItem\",\"position\":1,\"name\":\"Home\",\"item\":\"https:\\\/\\\/candas365.es\\\/noticias\",\"nextItem\":{\"@type\":\"ListItem\",\"@id\":\"https:\\\/\\\/candas365.es\\\/noticias\\\/category\\\/noticias-carreno\\\/#listItem\",\"name\":\"Noticias Carre\\u00f1o\"}},{\"@type\":\"ListItem\",\"@id\":\"https:\\\/\\\/candas365.es\\\/noticias\\\/category\\\/noticias-carreno\\\/#listItem\",\"position\":2,\"name\":\"Noticias Carre\\u00f1o\",\"item\":\"https:\\\/\\\/candas365.es\\\/noticias\\\/category\\\/noticias-carreno\\\/\",\"nextItem\":{\"@type\":\"ListItem\",\"@id\":\"https:\\\/\\\/candas365.es\\\/noticias\\\/fiestas-del-santisimo-cristo-de-candas-2025-horarios-hosteleria-y-ocio\\\/#listItem\",\"name\":\"Fiestas del Sant\\u00edsimo Cristo de Cand\\u00e1s 2025: Horarios hosteler\\u00eda y ocio\"},\"previousItem\":{\"@type\":\"ListItem\",\"@id\":\"https:\\\/\\\/candas365.es\\\/noticias#listItem\",\"name\":\"Home\"}},{\"@type\":\"ListItem\",\"@id\":\"https:\\\/\\\/candas365.es\\\/noticias\\\/fiestas-del-santisimo-cristo-de-candas-2025-horarios-hosteleria-y-ocio\\\/#listItem\",\"position\":3,\"name\":\"Fiestas del Sant\\u00edsimo Cristo de Cand\\u00e1s 2025: Horarios hosteler\\u00eda y ocio\",\"previousItem\":{\"@type\":\"ListItem\",\"@id\":\"https:\\\/\\\/candas365.es\\\/noticias\\\/category\\\/noticias-carreno\\\/#listItem\",\"name\":\"Noticias Carre\\u00f1o\"}}]},{\"@type\":\"NewsArticle\",\"@id\":\"https:\\\/\\\/candas365.es\\\/noticias\\\/fiestas-del-santisimo-cristo-de-candas-2025-horarios-hosteleria-y-ocio\\\/#newsarticle\",\"name\":\"Fiestas del Sant\\u00edsimo Cristo de Cand\\u00e1s 2025: Horarios hosteler\\u00eda y ocio | Cand\\u00e1s 365\",\"headline\":\"Fiestas del Sant\\u00edsimo Cristo de Cand\\u00e1s 2025: Horarios hosteler\\u00eda y ocio\",\"author\":{\"@id\":\"https:\\\/\\\/candas365.es\\\/noticias\\\/author\\\/admin\\\/#author\"},\"publisher\":{\"@id\":\"https:\\\/\\\/candas365.es\\\/noticias\\\/#organization\"},\"image\":{\"@type\":\"ImageObject\",\"url\":\"https:\\\/\\\/candas365.es\\\/noticias\\\/wp-content\\\/uploads\\\/2025\\\/09\\\/Candas-Cristo-2025.jpg\",\"width\":1033,\"height\":641,\"caption\":\"Foto: Nacho Berm\\u00fadez\"},\"datePublished\":\"2025-09-12T09:22:06+02:00\",\"dateModified\":\"2025-09-12T09:22:06+02:00\",\"inLanguage\":\"es-ES\",\"mainEntityOfPage\":{\"@id\":\"https:\\\/\\\/candas365.es\\\/noticias\\\/fiestas-del-santisimo-cristo-de-candas-2025-horarios-hosteleria-y-ocio\\\/#webpage\"},\"isPartOf\":{\"@id\":\"https:\\\/\\\/candas365.es\\\/noticias\\\/fiestas-del-santisimo-cristo-de-candas-2025-horarios-hosteleria-y-ocio\\\/#webpage\"},\"articleSection\":\"Noticias Carre\\u00f1o, Cand\\u00e1s, Carre\\u00f1o\",\"dateline\":\"Publicado el septiembre 12, 2025.\"},{\"@type\":\"Organization\",\"@id\":\"https:\\\/\\\/candas365.es\\\/noticias\\\/#organization\",\"name\":\"Cand\\u00e1s 365\",\"description\":\"Cand\\u00e1s 365 es un diario digital independiente, fundado en 2012, con base en Asturias. Informamos con rigor sobre actualidad, sociedad, cultura y ocio, con una mirada local y global.\",\"url\":\"https:\\\/\\\/candas365.es\\\/noticias\\\/\",\"email\":\"info@candas365.es\",\"telephone\":\"+34652131393\",\"foundingDate\":\"2012-06-10\",\"logo\":{\"@type\":\"ImageObject\",\"url\":\"https:\\\/\\\/candas365.es\\\/noticias\\\/wp-content\\\/uploads\\\/2024\\\/09\\\/Candas-365-Redes.jpg\",\"@id\":\"https:\\\/\\\/candas365.es\\\/noticias\\\/fiestas-del-santisimo-cristo-de-candas-2025-horarios-hosteleria-y-ocio\\\/#organizationLogo\",\"width\":1152,\"height\":864,\"caption\":\"Cand\\u00e1s 365 Redes\"},\"image\":{\"@id\":\"https:\\\/\\\/candas365.es\\\/noticias\\\/fiestas-del-santisimo-cristo-de-candas-2025-horarios-hosteleria-y-ocio\\\/#organizationLogo\"},\"sameAs\":[\"https:\\\/\\\/www.facebook.com\\\/Nachofdezber\",\"https:\\\/\\\/x.com\\\/NabercoDigital\",\"https:\\\/\\\/www.instagram.com\\\/nachofdezber\\\/\",\"https:\\\/\\\/www.youtube.com\\\/channel\\\/UCZP-2wLEB9Rv6erhFmqVnvg\"],\"address\":{\"@id\":\"https:\\\/\\\/candas365.es\\\/noticias\\\/#postaladdress\",\"@type\":\"PostalAddress\",\"streetAddress\":\"san antonio 4, san antonio 4\",\"postalCode\":\"33430\",\"addressLocality\":\"Cand\\u00e1s\",\"addressRegion\":\"Asturias\",\"addressCountry\":\"ES\"}},{\"@type\":\"Person\",\"@id\":\"https:\\\/\\\/candas365.es\\\/noticias\\\/author\\\/admin\\\/#author\",\"url\":\"https:\\\/\\\/candas365.es\\\/noticias\\\/author\\\/admin\\\/\",\"name\":\"Cand\\u00e1s 365\",\"image\":{\"@type\":\"ImageObject\",\"@id\":\"https:\\\/\\\/candas365.es\\\/noticias\\\/fiestas-del-santisimo-cristo-de-candas-2025-horarios-hosteleria-y-ocio\\\/#authorImage\",\"url\":\"https:\\\/\\\/secure.gravatar.com\\\/avatar\\\/496a8e03d0c493ede1718b7934145dbdf8d89be1036b0eec9544e1094c9de390?s=96&d=mm&r=g\",\"width\":96,\"height\":96,\"caption\":\"Cand\\u00e1s 365\"},\"sameAs\":[\"https:\\\/\\\/www.facebook.com\\\/carrenoactualidad\",\"https:\\\/\\\/twitter.com\\\/nbasturias\",\"https:\\\/\\\/www.instagram.com\\\/nachofdezber\\\/\",\"https:\\\/\\\/www.youtube.com\\\/channel\\\/UCZP-2wLEB9Rv6erhFmqVnvg\"]},{\"@type\":\"WebPage\",\"@id\":\"https:\\\/\\\/candas365.es\\\/noticias\\\/fiestas-del-santisimo-cristo-de-candas-2025-horarios-hosteleria-y-ocio\\\/#webpage\",\"url\":\"https:\\\/\\\/candas365.es\\\/noticias\\\/fiestas-del-santisimo-cristo-de-candas-2025-horarios-hosteleria-y-ocio\\\/\",\"name\":\"Fiestas del Sant\\u00edsimo Cristo de Cand\\u00e1s 2025: Horarios hosteler\\u00eda y ocio | Cand\\u00e1s 365\",\"description\":\"Hoy viernes en Cand\\u00e1s comienzan las Fiestas del Sant\\u00edsimo Cristo y el Ayuntamiento de Carre\\u00f1o ha informado de los horarios durante los que podr\\u00e1n estar abiertos\",\"inLanguage\":\"es-ES\",\"isPartOf\":{\"@id\":\"https:\\\/\\\/candas365.es\\\/noticias\\\/#website\"},\"breadcrumb\":{\"@id\":\"https:\\\/\\\/candas365.es\\\/noticias\\\/fiestas-del-santisimo-cristo-de-candas-2025-horarios-hosteleria-y-ocio\\\/#breadcrumblist\"},\"author\":{\"@id\":\"https:\\\/\\\/candas365.es\\\/noticias\\\/author\\\/admin\\\/#author\"},\"creator\":{\"@id\":\"https:\\\/\\\/candas365.es\\\/noticias\\\/author\\\/admin\\\/#author\"},\"image\":{\"@type\":\"ImageObject\",\"url\":\"https:\\\/\\\/candas365.es\\\/noticias\\\/wp-content\\\/uploads\\\/2025\\\/09\\\/Candas-Cristo-2025.jpg\",\"@id\":\"https:\\\/\\\/candas365.es\\\/noticias\\\/fiestas-del-santisimo-cristo-de-candas-2025-horarios-hosteleria-y-ocio\\\/#mainImage\",\"width\":1033,\"height\":641,\"caption\":\"Foto: Nacho Berm\\u00fadez\"},\"primaryImageOfPage\":{\"@id\":\"https:\\\/\\\/candas365.es\\\/noticias\\\/fiestas-del-santisimo-cristo-de-candas-2025-horarios-hosteleria-y-ocio\\\/#mainImage\"},\"datePublished\":\"2025-09-12T09:22:06+02:00\",\"dateModified\":\"2025-09-12T09:22:06+02:00\"},{\"@type\":\"WebSite\",\"@id\":\"https:\\\/\\\/candas365.es\\\/noticias\\\/#website\",\"url\":\"https:\\\/\\\/candas365.es\\\/noticias\\\/\",\"name\":\"Cand\\u00e1s 365\",\"alternateName\":\"Cand\\u00e1s 365 Noticias\",\"description\":\"Actualidad desde Carre\\u00f1o para el mundo\",\"inLanguage\":\"es-ES\",\"publisher\":{\"@id\":\"https:\\\/\\\/candas365.es\\\/noticias\\\/#organization\"}}]}\n\t\t<\/script>\n\t\t<!-- All in One SEO Pro -->\r\n\t\t<title>Fiestas del Sant\u00edsimo Cristo de Cand\u00e1s 2025: Horarios hosteler\u00eda y ocio | Cand\u00e1s 365<\/title>\n\n","aioseo_head_json":{"title":"Fiestas del Sant\u00edsimo Cristo de Cand\u00e1s 2025: Horarios hosteler\u00eda y ocio | Cand\u00e1s 365","description":"Hoy viernes en Cand\u00e1s comienzan las Fiestas del Sant\u00edsimo Cristo y el Ayuntamiento de Carre\u00f1o ha informado de los horarios durante los que podr\u00e1n estar abiertos","canonical_url":"https:\/\/candas365.es\/noticias\/fiestas-del-santisimo-cristo-de-candas-2025-horarios-hosteleria-y-ocio\/","robots":"max-image-preview:large","keywords":"noticias carre\u00f1o","webmasterTools":{"google-site-verification":"UA-32230408-1","msvalidate.01":"354F3CDFB2DA171B47FBE9ABF1F88D5","miscellaneous":""},"schema":{"@context":"https:\/\/schema.org","@graph":[{"@type":"BreadcrumbList","@id":"https:\/\/candas365.es\/noticias\/fiestas-del-santisimo-cristo-de-candas-2025-horarios-hosteleria-y-ocio\/#breadcrumblist","itemListElement":[{"@type":"ListItem","@id":"https:\/\/candas365.es\/noticias#listItem","position":1,"name":"Home","item":"https:\/\/candas365.es\/noticias","nextItem":{"@type":"ListItem","@id":"https:\/\/candas365.es\/noticias\/category\/noticias-carreno\/#listItem","name":"Noticias Carre\u00f1o"}},{"@type":"ListItem","@id":"https:\/\/candas365.es\/noticias\/category\/noticias-carreno\/#listItem","position":2,"name":"Noticias Carre\u00f1o","item":"https:\/\/candas365.es\/noticias\/category\/noticias-carreno\/","nextItem":{"@type":"ListItem","@id":"https:\/\/candas365.es\/noticias\/fiestas-del-santisimo-cristo-de-candas-2025-horarios-hosteleria-y-ocio\/#listItem","name":"Fiestas del Sant\u00edsimo Cristo de Cand\u00e1s 2025: Horarios hosteler\u00eda y ocio"},"previousItem":{"@type":"ListItem","@id":"https:\/\/candas365.es\/noticias#listItem","name":"Home"}},{"@type":"ListItem","@id":"https:\/\/candas365.es\/noticias\/fiestas-del-santisimo-cristo-de-candas-2025-horarios-hosteleria-y-ocio\/#listItem","position":3,"name":"Fiestas del Sant\u00edsimo Cristo de Cand\u00e1s 2025: Horarios hosteler\u00eda y ocio","previousItem":{"@type":"ListItem","@id":"https:\/\/candas365.es\/noticias\/category\/noticias-carreno\/#listItem","name":"Noticias Carre\u00f1o"}}]},{"@type":"NewsArticle","@id":"https:\/\/candas365.es\/noticias\/fiestas-del-santisimo-cristo-de-candas-2025-horarios-hosteleria-y-ocio\/#newsarticle","name":"Fiestas del Sant\u00edsimo Cristo de Cand\u00e1s 2025: Horarios hosteler\u00eda y ocio | Cand\u00e1s 365","headline":"Fiestas del Sant\u00edsimo Cristo de Cand\u00e1s 2025: Horarios hosteler\u00eda y ocio","author":{"@id":"https:\/\/candas365.es\/noticias\/author\/admin\/#author"},"publisher":{"@id":"https:\/\/candas365.es\/noticias\/#organization"},"image":{"@type":"ImageObject","url":"https:\/\/candas365.es\/noticias\/wp-content\/uploads\/2025\/09\/Candas-Cristo-2025.jpg","width":1033,"height":641,"caption":"Foto: Nacho Berm\u00fadez"},"datePublished":"2025-09-12T09:22:06+02:00","dateModified":"2025-09-12T09:22:06+02:00","inLanguage":"es-ES","mainEntityOfPage":{"@id":"https:\/\/candas365.es\/noticias\/fiestas-del-santisimo-cristo-de-candas-2025-horarios-hosteleria-y-ocio\/#webpage"},"isPartOf":{"@id":"https:\/\/candas365.es\/noticias\/fiestas-del-santisimo-cristo-de-candas-2025-horarios-hosteleria-y-ocio\/#webpage"},"articleSection":"Noticias Carre\u00f1o, Cand\u00e1s, Carre\u00f1o","dateline":"Publicado el septiembre 12, 2025."},{"@type":"Organization","@id":"https:\/\/candas365.es\/noticias\/#organization","name":"Cand\u00e1s 365","description":"Cand\u00e1s 365 es un diario digital independiente, fundado en 2012, con base en Asturias. Informamos con rigor sobre actualidad, sociedad, cultura y ocio, con una mirada local y global.","url":"https:\/\/candas365.es\/noticias\/","email":"info@candas365.es","telephone":"+34652131393","foundingDate":"2012-06-10","logo":{"@type":"ImageObject","url":"https:\/\/candas365.es\/noticias\/wp-content\/uploads\/2024\/09\/Candas-365-Redes.jpg","@id":"https:\/\/candas365.es\/noticias\/fiestas-del-santisimo-cristo-de-candas-2025-horarios-hosteleria-y-ocio\/#organizationLogo","width":1152,"height":864,"caption":"Cand\u00e1s 365 Redes"},"image":{"@id":"https:\/\/candas365.es\/noticias\/fiestas-del-santisimo-cristo-de-candas-2025-horarios-hosteleria-y-ocio\/#organizationLogo"},"sameAs":["https:\/\/www.facebook.com\/Nachofdezber","https:\/\/x.com\/NabercoDigital","https:\/\/www.instagram.com\/nachofdezber\/","https:\/\/www.youtube.com\/channel\/UCZP-2wLEB9Rv6erhFmqVnvg"],"address":{"@id":"https:\/\/candas365.es\/noticias\/#postaladdress","@type":"PostalAddress","streetAddress":"san antonio 4, san antonio 4","postalCode":"33430","addressLocality":"Cand\u00e1s","addressRegion":"Asturias","addressCountry":"ES"}},{"@type":"Person","@id":"https:\/\/candas365.es\/noticias\/author\/admin\/#author","url":"https:\/\/candas365.es\/noticias\/author\/admin\/","name":"Cand\u00e1s 365","image":{"@type":"ImageObject","@id":"https:\/\/candas365.es\/noticias\/fiestas-del-santisimo-cristo-de-candas-2025-horarios-hosteleria-y-ocio\/#authorImage","url":"https:\/\/secure.gravatar.com\/avatar\/496a8e03d0c493ede1718b7934145dbdf8d89be1036b0eec9544e1094c9de390?s=96&d=mm&r=g","width":96,"height":96,"caption":"Cand\u00e1s 365"},"sameAs":["https:\/\/www.facebook.com\/carrenoactualidad","https:\/\/twitter.com\/nbasturias","https:\/\/www.instagram.com\/nachofdezber\/","https:\/\/www.youtube.com\/channel\/UCZP-2wLEB9Rv6erhFmqVnvg"]},{"@type":"WebPage","@id":"https:\/\/candas365.es\/noticias\/fiestas-del-santisimo-cristo-de-candas-2025-horarios-hosteleria-y-ocio\/#webpage","url":"https:\/\/candas365.es\/noticias\/fiestas-del-santisimo-cristo-de-candas-2025-horarios-hosteleria-y-ocio\/","name":"Fiestas del Sant\u00edsimo Cristo de Cand\u00e1s 2025: Horarios hosteler\u00eda y ocio | Cand\u00e1s 365","description":"Hoy viernes en Cand\u00e1s comienzan las Fiestas del Sant\u00edsimo Cristo y el Ayuntamiento de Carre\u00f1o ha informado de los horarios durante los que podr\u00e1n estar abiertos","inLanguage":"es-ES","isPartOf":{"@id":"https:\/\/candas365.es\/noticias\/#website"},"breadcrumb":{"@id":"https:\/\/candas365.es\/noticias\/fiestas-del-santisimo-cristo-de-candas-2025-horarios-hosteleria-y-ocio\/#breadcrumblist"},"author":{"@id":"https:\/\/candas365.es\/noticias\/author\/admin\/#author"},"creator":{"@id":"https:\/\/candas365.es\/noticias\/author\/admin\/#author"},"image":{"@type":"ImageObject","url":"https:\/\/candas365.es\/noticias\/wp-content\/uploads\/2025\/09\/Candas-Cristo-2025.jpg","@id":"https:\/\/candas365.es\/noticias\/fiestas-del-santisimo-cristo-de-candas-2025-horarios-hosteleria-y-ocio\/#mainImage","width":1033,"height":641,"caption":"Foto: Nacho Berm\u00fadez"},"primaryImageOfPage":{"@id":"https:\/\/candas365.es\/noticias\/fiestas-del-santisimo-cristo-de-candas-2025-horarios-hosteleria-y-ocio\/#mainImage"},"datePublished":"2025-09-12T09:22:06+02:00","dateModified":"2025-09-12T09:22:06+02:00"},{"@type":"WebSite","@id":"https:\/\/candas365.es\/noticias\/#website","url":"https:\/\/candas365.es\/noticias\/","name":"Cand\u00e1s 365","alternateName":"Cand\u00e1s 365 Noticias","description":"Actualidad desde Carre\u00f1o para el mundo","inLanguage":"es-ES","publisher":{"@id":"https:\/\/candas365.es\/noticias\/#organization"}}]},"og:locale":"es_ES","og:site_name":"Cand\u00e1s 365","og:type":"article","og:title":"Fiestas del Sant\u00edsimo Cristo de Cand\u00e1s 2025: Horarios hosteler\u00eda y ocio | Cand\u00e1s 365","og:description":"Hoy viernes en Cand\u00e1s comienzan las Fiestas del Sant\u00edsimo Cristo y el Ayuntamiento de Carre\u00f1o ha informado de los horarios durante los que podr\u00e1n estar abiertos","og:url":"https:\/\/candas365.es\/noticias\/fiestas-del-santisimo-cristo-de-candas-2025-horarios-hosteleria-y-ocio\/","og:image":"https:\/\/candas365.es\/noticias\/wp-content\/uploads\/2025\/09\/Candas-Cristo-2025.jpg","og:image:secure_url":"https:\/\/candas365.es\/noticias\/wp-content\/uploads\/2025\/09\/Candas-Cristo-2025.jpg","og:image:width":1033,"og:image:height":641,"article:published_time":"2025-09-12T07:22:06+00:00","article:modified_time":"2025-09-12T07:22:06+00:00","article:publisher":"https:\/\/www.facebook.com\/Nachofdezber","article:author":"https:\/\/www.facebook.com\/carrenoactualidad","twitter:card":"summary_large_image","twitter:site":"@NabercoDigital","twitter:title":"Fiestas del Sant\u00edsimo Cristo de Cand\u00e1s 2025: Horarios hosteler\u00eda y ocio | Cand\u00e1s 365","twitter:description":"Hoy viernes en Cand\u00e1s comienzan las Fiestas del Sant\u00edsimo Cristo y el Ayuntamiento de Carre\u00f1o ha informado de los horarios durante los que podr\u00e1n estar abiertos","twitter:creator":"@nbasturias","twitter:image":"https:\/\/candas365.es\/noticias\/wp-content\/uploads\/2025\/09\/Candas-Cristo-2025.jpg","twitter:label1":"Escrito por","twitter:data1":"Cand\u00e1s 365","twitter:label2":"Tiempo de lectura estimado","twitter:data2":"1 minuto"},"aioseo_meta_data":{"post_id":"187591","title":null,"description":"Hoy viernes en Cand\u00e1s comienzan las Fiestas del Sant\u00edsimo Cristo y el Ayuntamiento de Carre\u00f1o ha informado de los horarios durante los que podr\u00e1n estar abiertos","keywords":null,"keyphrases":{"focus":{"keyphrase":"Cand\u00e1s","score":100,"analysis":{"keyphraseInTitle":{"score":9,"maxScore":9,"error":0},"keyphraseInDescription":{"score":9,"maxScore":9,"error":0},"keyphraseLength":{"score":9,"maxScore":9,"error":0,"length":2},"keyphraseInURL":{"score":5,"maxScore":5,"error":0},"keyphraseInIntroduction":{"score":9,"maxScore":9,"error":0},"keyphraseInSubHeadings":[],"keyphraseInImageAlt":{"score":9,"maxScore":9,"error":0},"keywordDensity":{"type":"best","score":9,"maxScore":9,"error":0}}},"additional":[{"keyphrase":"Cristo","score":100,"analysis":{"keyphraseInDescription":{"score":9,"maxScore":9,"error":0},"keyphraseLength":{"score":9,"maxScore":9,"error":0,"length":1},"keyphraseInIntroduction":{"score":9,"maxScore":9,"error":0},"keyphraseInImageAlt":{"score":9,"maxScore":9,"error":0},"keywordDensity":{"type":"best","score":9,"maxScore":9,"error":0}}}]},"primary_term":null,"canonical_url":null,"og_title":null,"og_description":null,"og_object_type":"default","og_image_type":"default","og_image_url":null,"og_image_width":null,"og_image_height":null,"og_image_custom_url":null,"og_image_custom_fields":null,"og_video":"","og_custom_url":null,"og_article_section":null,"og_article_tags":null,"twitter_use_og":false,"twitter_card":"default","twitter_image_type":"default","twitter_image_url":null,"twitter_image_custom_url":null,"twitter_image_custom_fields":null,"twitter_title":null,"twitter_description":null,"schema":{"blockGraphs":[],"customGraphs":[],"default":{"data":{"Article":[],"Course":[],"Dataset":[],"FAQPage":[],"Movie":[],"Person":[],"Product":[],"ProductReview":[],"Car":[],"Recipe":[],"Service":[],"SoftwareApplication":[],"WebPage":[]},"graphName":"Article","isEnabled":true},"graphs":[]},"schema_type":"default","schema_type_options":null,"pillar_content":false,"robots_default":true,"robots_noindex":false,"robots_noarchive":false,"robots_nosnippet":false,"robots_nofollow":false,"robots_noimageindex":false,"robots_noodp":false,"robots_notranslate":false,"robots_max_snippet":"-1","robots_max_videopreview":"-1","robots_max_imagepreview":"large","priority":null,"frequency":"default","location":null,"local_seo":null,"seo_analyzer_scan_date":"2025-09-12 07:22:14","breadcrumb_settings":null,"limit_modified_date":false,"reviewed_by":null,"open_ai":null,"ai":{"faqs":[],"keyPoints":[],"titles":[],"descriptions":[],"socialPosts":{"email":[],"linkedin":[],"twitter":[],"facebook":[],"instagram":[]}},"created":"2025-09-12 07:06:53","updated":"2025-09-12 07:26:34"},"aioseo_breadcrumb":"<div class=\"aioseo-breadcrumbs\"><span class=\"aioseo-breadcrumb\">\n\t<a href=\"https:\/\/candas365.es\/noticias\" title=\"Home\">Home<\/a>\n<\/span><span class=\"aioseo-breadcrumb-separator\">&ndash;<\/span><span class=\"aioseo-breadcrumb\">\n\t<a href=\"https:\/\/candas365.es\/noticias\/category\/noticias-carreno\/\" title=\"Noticias Carre\u00f1o\">Noticias Carre\u00f1o<\/a>\n<\/span><span class=\"aioseo-breadcrumb-separator\">&ndash;<\/span><span class=\"aioseo-breadcrumb\">\n\tFiestas del Sant\u00edsimo Cristo de Cand\u00e1s 2025: Horarios hosteler\u00eda y ocio\n<\/span><\/div>","aioseo_breadcrumb_json":[{"label":"Home","link":"https:\/\/candas365.es\/noticias"},{"label":"Noticias Carre\u00f1o","link":"https:\/\/candas365.es\/noticias\/category\/noticias-carreno\/"},{"label":"Fiestas del Sant\u00edsimo Cristo de Cand\u00e1s 2025: Horarios hosteler\u00eda y ocio","link":"https:\/\/candas365.es\/noticias\/fiestas-del-santisimo-cristo-de-candas-2025-horarios-hosteleria-y-ocio\/"}],"_links":{"self":[{"href":"https:\/\/candas365.es\/noticias\/wp-json\/wp\/v2\/posts\/187591","targetHints":{"allow":["GET"]}}],"collection":[{"href":"https:\/\/candas365.es\/noticias\/wp-json\/wp\/v2\/posts"}],"about":[{"href":"https:\/\/candas365.es\/noticias\/wp-json\/wp\/v2\/types\/post"}],"author":[{"embeddable":true,"href":"https:\/\/candas365.es\/noticias\/wp-json\/wp\/v2\/users\/1"}],"replies":[{"embeddable":true,"href":"https:\/\/candas365.es\/noticias\/wp-json\/wp\/v2\/comments?post=187591"}],"version-history":[{"count":0,"href":"https:\/\/candas365.es\/noticias\/wp-json\/wp\/v2\/posts\/187591\/revisions"}],"wp:featuredmedia":[{"embeddable":true,"href":"https:\/\/candas365.es\/noticias\/wp-json\/wp\/v2\/media\/187592"}],"wp:attachment":[{"href":"https:\/\/candas365.es\/noticias\/wp-json\/wp\/v2\/media?parent=187591"}],"wp:term":[{"taxonomy":"category","embeddable":true,"href":"https:\/\/candas365.es\/noticias\/wp-json\/wp\/v2\/categories?post=187591"},{"taxonomy":"post_tag","embeddable":true,"href":"https:\/\/candas365.es\/noticias\/wp-json\/wp\/v2\/tags?post=187591"}],"curies":[{"name":"wp","href":"https:\/\/api.w.org\/{rel}","templated":true}]}}