{"id":187554,"date":"2025-09-11T04:57:09","date_gmt":"2025-09-11T02:57:09","guid":{"rendered":"https:\/\/candas365.es\/noticias\/?p=187554"},"modified":"2025-09-11T04:57:09","modified_gmt":"2025-09-11T02:57:09","slug":"el-gobierno-aleman-condena-la-actuacion-agresiva-de-rusia-en-polonia","status":"publish","type":"post","link":"https:\/\/candas365.es\/noticias\/el-gobierno-aleman-condena-la-actuacion-agresiva-de-rusia-en-polonia\/","title":{"rendered":"El Gobierno alem\u00e1n condena la \u00abactuaci\u00f3n agresiva de Rusia\u00bb en Polonia"},"content":{"rendered":"<p>Berl\u00edn, 10 sep (<a href=\"https:\/\/www.dpa-news.de\/\" target=\"_blank\" rel=\"noopener\"><span style=\"color: #ff6600;\"><strong>dpa<\/strong><\/span><\/a>) &#8211; El Gobierno alem\u00e1n conden\u00f3 hoy de forma en\u00e9rgica la <span style=\"color: #ff6600;\"><a style=\"color: #ff6600;\" href=\"https:\/\/candas365.es\/noticias\/tag\/conflictos\/\"><strong>violaci\u00f3n del espacio a\u00e9reo de Polonia<\/strong><\/a><\/span> por parte de drones armados rusos.<\/p>\n<figure id=\"attachment_187555\" aria-describedby=\"caption-attachment-187555\" style=\"width: 650px\" class=\"wp-caption aligncenter\"><img fetchpriority=\"high\" decoding=\"async\" class=\"size-large wp-image-187555\" src=\"https:\/\/candas365.es\/noticias\/wp-content\/uploads\/2025\/09\/Gobierno-aleman-650x431.jpg\" alt=\"Gobierno alem\u00e1n\" width=\"650\" height=\"431\" srcset=\"https:\/\/candas365.es\/noticias\/wp-content\/uploads\/2025\/09\/Gobierno-aleman-650x431.jpg 650w, https:\/\/candas365.es\/noticias\/wp-content\/uploads\/2025\/09\/Gobierno-aleman-360x239.jpg 360w, https:\/\/candas365.es\/noticias\/wp-content\/uploads\/2025\/09\/Gobierno-aleman-768x510.jpg 768w, https:\/\/candas365.es\/noticias\/wp-content\/uploads\/2025\/09\/Gobierno-aleman-150x100.jpg 150w, https:\/\/candas365.es\/noticias\/wp-content\/uploads\/2025\/09\/Gobierno-aleman-450x299.jpg 450w, https:\/\/candas365.es\/noticias\/wp-content\/uploads\/2025\/09\/Gobierno-aleman.jpg 1026w\" sizes=\"(max-width: 650px) 100vw, 650px\" \/><figcaption id=\"caption-attachment-187555\" class=\"wp-caption-text\">El canciller alem\u00e1n, Friedrich Merz. Foto: Bernd von Jutrczenka\/dpa<\/figcaption><\/figure>\n<p>\u00abRusia ha puesto en peligro vidas humanas en un Estado miembro de la OTAN y de la Uni\u00f3n Europea (UE)\u00bb, cita un comunicado al canciller alem\u00e1n, Friedrich Merz.<\/p>\n<p>\u00abEsta acci\u00f3n imprudente se suma a una larga serie de provocaciones en la regi\u00f3n del B\u00e1ltico y en el flanco oriental de la OTAN. <strong>El Gobierno condena en\u00e9rgicamente esta agresiva actuaci\u00f3n rusa\u00bb, agreg\u00f3.<\/strong><\/p>\n<p>Merz valor\u00f3 como positivo que Polonia, junto con los aliados de la OTAN, haya podido reconocer y eliminar a tiempo este peligro. El canciller asegur\u00f3 que la alianza militar occidental \u00abest\u00e1 y seguir\u00e1 estando preparada para la defensa\u00bb.<\/p>\n<blockquote><p>El ministro alem\u00e1n de Defensa, Boris Pistorius, declar\u00f3 por su parte que no hay motivos para creer que los drones hubieran acabado en el espacio a\u00e9reo polaco por accidente.<\/p><\/blockquote>\n<p>\u00abEs evidente que estos drones han sido dirigidos deliberadamente hacia ese rumbo. Para volar a Ucrania, no habr\u00edan tenido que seguir esa ruta\u00bb, explic\u00f3 Pistorius al Parlamento germano.<\/p>\n<p>\u00abSeg\u00fan las declaraciones de Polonia, tambi\u00e9n iban equipados con munici\u00f3n. Por lo tanto, podr\u00eda haber ocurrido algo en cualquier momento\u00bb.<strong> Al parecer, dijo, los sistemas de armas fueron lanzados desde Bielorrusia.<\/strong><\/p>\n<p>Pistorius consider\u00f3 esto como una prueba m\u00e1s de la amenaza constante que suponen las provocaciones de las Fuerzas Armadas rusas en el espacio a\u00e9reo b\u00e1ltico, en el mar B\u00e1ltico y tambi\u00e9n en Europa Central mediante ataques h\u00edbridos o vuelos con drones.<\/p>\n<p>\u00abRusia ha aceptado imprudentemente una peligrosa escalada\u00bb, advirti\u00f3 tambi\u00e9n el titular de Asuntos Exteriores de Alemania, Johann Wadephul, durante una reuni\u00f3n en Berl\u00edn con su hom\u00f3logo neerland\u00e9s, David van Weel.<\/p>\n<p>El Ministerio de Defensa precis\u00f3 que dos unidades de fuego alemanas del sistema de defensa a\u00e9rea Patriot en el aer\u00f3dromo polaco de Rzeszow \u00abelevaron inmediatamente el nivel de alerta\u00bb durante la noche.<\/p>\n","protected":false},"excerpt":{"rendered":"<p>Berl\u00edn, 10 sep (dpa) &#8211; El Gobierno alem\u00e1n conden\u00f3 hoy de forma en\u00e9rgica la violaci\u00f3n del espacio a\u00e9reo de Polonia por parte de drones armados rusos. \u00abRusia ha puesto en peligro vidas humanas en un Estado miembro de la OTAN y de la Uni\u00f3n Europea (UE)\u00bb, cita un comunicado al canciller alem\u00e1n, Friedrich Merz. \u00abEsta<\/p>\n","protected":false},"author":1,"featured_media":187555,"comment_status":"closed","ping_status":"closed","sticky":false,"template":"","format":"standard","meta":{"footnotes":""},"categories":[485],"tags":[417,464,418],"class_list":{"0":"post-187554","1":"post","2":"type-post","3":"status-publish","4":"format-standard","5":"has-post-thumbnail","7":"category-internacional","8":"tag-alemania","9":"tag-conflictos","10":"tag-internacional"},"aioseo_notices":[],"aioseo_head":"\n\t\t<!-- All in One SEO Pro 4.9.6.2 - aioseo.com -->\n\t<meta name=\"description\" content=\"Berl\u00edn, 10 sep (dpa) - El Gobierno alem\u00e1n conden\u00f3 hoy de forma en\u00e9rgica la violaci\u00f3n del espacio a\u00e9reo de Polonia por parte de drones armados rusos.\" \/>\n\t<meta name=\"robots\" content=\"max-image-preview:large\" \/>\n\t<meta name=\"author\" content=\"Cand\u00e1s 365\"\/>\n\t<meta name=\"google-site-verification\" content=\"UA-32230408-1\" \/>\n\t<meta name=\"msvalidate.01\" content=\"354F3CDFB2DA171B47FBE9ABF1F88D5\" \/>\n\t<meta name=\"keywords\" content=\"internacional\" \/>\n\t<link rel=\"canonical\" href=\"https:\/\/candas365.es\/noticias\/el-gobierno-aleman-condena-la-actuacion-agresiva-de-rusia-en-polonia\/\" \/>\n\t<meta name=\"generator\" content=\"All in One SEO Pro (AIOSEO) 4.9.6.2\" \/>\n\t\t<meta property=\"og:locale\" content=\"es_ES\" \/>\n\t\t<meta property=\"og:site_name\" content=\"Cand\u00e1s 365\" \/>\n\t\t<meta property=\"og:type\" content=\"article\" \/>\n\t\t<meta property=\"og:title\" content=\"El Gobierno alem\u00e1n condena la \u00abactuaci\u00f3n agresiva de Rusia\u00bb en Polonia | Cand\u00e1s 365\" \/>\n\t\t<meta property=\"og:description\" content=\"Berl\u00edn, 10 sep (dpa) - El Gobierno alem\u00e1n conden\u00f3 hoy de forma en\u00e9rgica la violaci\u00f3n del espacio a\u00e9reo de Polonia por parte de drones armados rusos.\" \/>\n\t\t<meta property=\"og:url\" content=\"https:\/\/candas365.es\/noticias\/el-gobierno-aleman-condena-la-actuacion-agresiva-de-rusia-en-polonia\/\" \/>\n\t\t<meta property=\"og:image\" content=\"https:\/\/candas365.es\/noticias\/wp-content\/uploads\/2025\/09\/Gobierno-aleman.jpg\" \/>\n\t\t<meta property=\"og:image:secure_url\" content=\"https:\/\/candas365.es\/noticias\/wp-content\/uploads\/2025\/09\/Gobierno-aleman.jpg\" \/>\n\t\t<meta property=\"og:image:width\" content=\"1026\" \/>\n\t\t<meta property=\"og:image:height\" content=\"681\" \/>\n\t\t<meta property=\"article:published_time\" content=\"2025-09-11T02:57:09+00:00\" \/>\n\t\t<meta property=\"article:modified_time\" content=\"2025-09-11T02:57:09+00:00\" \/>\n\t\t<meta property=\"article:publisher\" content=\"https:\/\/www.facebook.com\/Nachofdezber\" \/>\n\t\t<meta property=\"article:author\" content=\"https:\/\/www.facebook.com\/carrenoactualidad\" \/>\n\t\t<meta name=\"twitter:card\" content=\"summary_large_image\" \/>\n\t\t<meta name=\"twitter:site\" content=\"@NabercoDigital\" \/>\n\t\t<meta name=\"twitter:title\" content=\"El Gobierno alem\u00e1n condena la \u00abactuaci\u00f3n agresiva de Rusia\u00bb en Polonia | Cand\u00e1s 365\" \/>\n\t\t<meta name=\"twitter:description\" content=\"Berl\u00edn, 10 sep (dpa) - El Gobierno alem\u00e1n conden\u00f3 hoy de forma en\u00e9rgica la violaci\u00f3n del espacio a\u00e9reo de Polonia por parte de drones armados rusos.\" \/>\n\t\t<meta name=\"twitter:creator\" content=\"@nbasturias\" \/>\n\t\t<meta name=\"twitter:image\" content=\"https:\/\/candas365.es\/noticias\/wp-content\/uploads\/2025\/09\/Gobierno-aleman.jpg\" \/>\n\t\t<meta name=\"twitter:label1\" content=\"Escrito por\" \/>\n\t\t<meta name=\"twitter:data1\" content=\"Cand\u00e1s 365\" \/>\n\t\t<meta name=\"twitter:label2\" content=\"Tiempo de lectura estimado\" \/>\n\t\t<meta name=\"twitter:data2\" content=\"2 minutos\" \/>\n\t\t<script type=\"application\/ld+json\" class=\"aioseo-schema\">\n\t\t\t{\"@context\":\"https:\\\/\\\/schema.org\",\"@graph\":[{\"@type\":\"BreadcrumbList\",\"@id\":\"https:\\\/\\\/candas365.es\\\/noticias\\\/el-gobierno-aleman-condena-la-actuacion-agresiva-de-rusia-en-polonia\\\/#breadcrumblist\",\"itemListElement\":[{\"@type\":\"ListItem\",\"@id\":\"https:\\\/\\\/candas365.es\\\/noticias#listItem\",\"position\":1,\"name\":\"Home\",\"item\":\"https:\\\/\\\/candas365.es\\\/noticias\",\"nextItem\":{\"@type\":\"ListItem\",\"@id\":\"https:\\\/\\\/candas365.es\\\/noticias\\\/category\\\/internacional\\\/#listItem\",\"name\":\"Internacional\"}},{\"@type\":\"ListItem\",\"@id\":\"https:\\\/\\\/candas365.es\\\/noticias\\\/category\\\/internacional\\\/#listItem\",\"position\":2,\"name\":\"Internacional\",\"item\":\"https:\\\/\\\/candas365.es\\\/noticias\\\/category\\\/internacional\\\/\",\"nextItem\":{\"@type\":\"ListItem\",\"@id\":\"https:\\\/\\\/candas365.es\\\/noticias\\\/el-gobierno-aleman-condena-la-actuacion-agresiva-de-rusia-en-polonia\\\/#listItem\",\"name\":\"El Gobierno alem\\u00e1n condena la \\u00abactuaci\\u00f3n agresiva de Rusia\\u00bb en Polonia\"},\"previousItem\":{\"@type\":\"ListItem\",\"@id\":\"https:\\\/\\\/candas365.es\\\/noticias#listItem\",\"name\":\"Home\"}},{\"@type\":\"ListItem\",\"@id\":\"https:\\\/\\\/candas365.es\\\/noticias\\\/el-gobierno-aleman-condena-la-actuacion-agresiva-de-rusia-en-polonia\\\/#listItem\",\"position\":3,\"name\":\"El Gobierno alem\\u00e1n condena la \\u00abactuaci\\u00f3n agresiva de Rusia\\u00bb en Polonia\",\"previousItem\":{\"@type\":\"ListItem\",\"@id\":\"https:\\\/\\\/candas365.es\\\/noticias\\\/category\\\/internacional\\\/#listItem\",\"name\":\"Internacional\"}}]},{\"@type\":\"NewsArticle\",\"@id\":\"https:\\\/\\\/candas365.es\\\/noticias\\\/el-gobierno-aleman-condena-la-actuacion-agresiva-de-rusia-en-polonia\\\/#newsarticle\",\"name\":\"El Gobierno alem\\u00e1n condena la \\u00abactuaci\\u00f3n agresiva de Rusia\\u00bb en Polonia | Cand\\u00e1s 365\",\"headline\":\"El Gobierno alem\\u00e1n condena la \\u00abactuaci\\u00f3n agresiva de Rusia\\u00bb en Polonia\",\"author\":{\"@id\":\"https:\\\/\\\/candas365.es\\\/noticias\\\/author\\\/admin\\\/#author\"},\"publisher\":{\"@id\":\"https:\\\/\\\/candas365.es\\\/noticias\\\/#organization\"},\"image\":{\"@type\":\"ImageObject\",\"url\":\"https:\\\/\\\/candas365.es\\\/noticias\\\/wp-content\\\/uploads\\\/2025\\\/09\\\/Gobierno-aleman.jpg\",\"width\":1026,\"height\":681,\"caption\":\"El canciller alem\\u00e1n, Friedrich Merz. Foto: Bernd von Jutrczenka\\\/dpa\"},\"datePublished\":\"2025-09-11T04:57:09+02:00\",\"dateModified\":\"2025-09-11T04:57:09+02:00\",\"inLanguage\":\"es-ES\",\"mainEntityOfPage\":{\"@id\":\"https:\\\/\\\/candas365.es\\\/noticias\\\/el-gobierno-aleman-condena-la-actuacion-agresiva-de-rusia-en-polonia\\\/#webpage\"},\"isPartOf\":{\"@id\":\"https:\\\/\\\/candas365.es\\\/noticias\\\/el-gobierno-aleman-condena-la-actuacion-agresiva-de-rusia-en-polonia\\\/#webpage\"},\"articleSection\":\"Internacional, Alemania, conflictos, Internacional\",\"dateline\":\"Publicado el septiembre 11, 2025.\"},{\"@type\":\"Organization\",\"@id\":\"https:\\\/\\\/candas365.es\\\/noticias\\\/#organization\",\"name\":\"Cand\\u00e1s 365\",\"description\":\"Cand\\u00e1s 365 es un diario digital independiente, fundado en 2012, con base en Asturias. Informamos con rigor sobre actualidad, sociedad, cultura y ocio, con una mirada local y global.\",\"url\":\"https:\\\/\\\/candas365.es\\\/noticias\\\/\",\"email\":\"info@candas365.es\",\"telephone\":\"+34652131393\",\"foundingDate\":\"2012-06-10\",\"logo\":{\"@type\":\"ImageObject\",\"url\":\"https:\\\/\\\/candas365.es\\\/noticias\\\/wp-content\\\/uploads\\\/2024\\\/09\\\/Candas-365-Redes.jpg\",\"@id\":\"https:\\\/\\\/candas365.es\\\/noticias\\\/el-gobierno-aleman-condena-la-actuacion-agresiva-de-rusia-en-polonia\\\/#organizationLogo\",\"width\":1152,\"height\":864,\"caption\":\"Cand\\u00e1s 365 Redes\"},\"image\":{\"@id\":\"https:\\\/\\\/candas365.es\\\/noticias\\\/el-gobierno-aleman-condena-la-actuacion-agresiva-de-rusia-en-polonia\\\/#organizationLogo\"},\"sameAs\":[\"https:\\\/\\\/www.facebook.com\\\/Nachofdezber\",\"https:\\\/\\\/x.com\\\/NabercoDigital\",\"https:\\\/\\\/www.instagram.com\\\/nachofdezber\\\/\",\"https:\\\/\\\/www.youtube.com\\\/channel\\\/UCZP-2wLEB9Rv6erhFmqVnvg\"],\"address\":{\"@id\":\"https:\\\/\\\/candas365.es\\\/noticias\\\/#postaladdress\",\"@type\":\"PostalAddress\",\"streetAddress\":\"san antonio 4, san antonio 4\",\"postalCode\":\"33430\",\"addressLocality\":\"Cand\\u00e1s\",\"addressRegion\":\"Asturias\",\"addressCountry\":\"ES\"}},{\"@type\":\"Person\",\"@id\":\"https:\\\/\\\/candas365.es\\\/noticias\\\/author\\\/admin\\\/#author\",\"url\":\"https:\\\/\\\/candas365.es\\\/noticias\\\/author\\\/admin\\\/\",\"name\":\"Cand\\u00e1s 365\",\"image\":{\"@type\":\"ImageObject\",\"@id\":\"https:\\\/\\\/candas365.es\\\/noticias\\\/el-gobierno-aleman-condena-la-actuacion-agresiva-de-rusia-en-polonia\\\/#authorImage\",\"url\":\"https:\\\/\\\/secure.gravatar.com\\\/avatar\\\/496a8e03d0c493ede1718b7934145dbdf8d89be1036b0eec9544e1094c9de390?s=96&d=mm&r=g\",\"width\":96,\"height\":96,\"caption\":\"Cand\\u00e1s 365\"},\"sameAs\":[\"https:\\\/\\\/www.facebook.com\\\/carrenoactualidad\",\"https:\\\/\\\/twitter.com\\\/nbasturias\",\"https:\\\/\\\/www.instagram.com\\\/nachofdezber\\\/\",\"https:\\\/\\\/www.youtube.com\\\/channel\\\/UCZP-2wLEB9Rv6erhFmqVnvg\"]},{\"@type\":\"WebPage\",\"@id\":\"https:\\\/\\\/candas365.es\\\/noticias\\\/el-gobierno-aleman-condena-la-actuacion-agresiva-de-rusia-en-polonia\\\/#webpage\",\"url\":\"https:\\\/\\\/candas365.es\\\/noticias\\\/el-gobierno-aleman-condena-la-actuacion-agresiva-de-rusia-en-polonia\\\/\",\"name\":\"El Gobierno alem\\u00e1n condena la \\u00abactuaci\\u00f3n agresiva de Rusia\\u00bb en Polonia | Cand\\u00e1s 365\",\"description\":\"Berl\\u00edn, 10 sep (dpa) - El Gobierno alem\\u00e1n conden\\u00f3 hoy de forma en\\u00e9rgica la violaci\\u00f3n del espacio a\\u00e9reo de Polonia por parte de drones armados rusos.\",\"inLanguage\":\"es-ES\",\"isPartOf\":{\"@id\":\"https:\\\/\\\/candas365.es\\\/noticias\\\/#website\"},\"breadcrumb\":{\"@id\":\"https:\\\/\\\/candas365.es\\\/noticias\\\/el-gobierno-aleman-condena-la-actuacion-agresiva-de-rusia-en-polonia\\\/#breadcrumblist\"},\"author\":{\"@id\":\"https:\\\/\\\/candas365.es\\\/noticias\\\/author\\\/admin\\\/#author\"},\"creator\":{\"@id\":\"https:\\\/\\\/candas365.es\\\/noticias\\\/author\\\/admin\\\/#author\"},\"image\":{\"@type\":\"ImageObject\",\"url\":\"https:\\\/\\\/candas365.es\\\/noticias\\\/wp-content\\\/uploads\\\/2025\\\/09\\\/Gobierno-aleman.jpg\",\"@id\":\"https:\\\/\\\/candas365.es\\\/noticias\\\/el-gobierno-aleman-condena-la-actuacion-agresiva-de-rusia-en-polonia\\\/#mainImage\",\"width\":1026,\"height\":681,\"caption\":\"El canciller alem\\u00e1n, Friedrich Merz. Foto: Bernd von Jutrczenka\\\/dpa\"},\"primaryImageOfPage\":{\"@id\":\"https:\\\/\\\/candas365.es\\\/noticias\\\/el-gobierno-aleman-condena-la-actuacion-agresiva-de-rusia-en-polonia\\\/#mainImage\"},\"datePublished\":\"2025-09-11T04:57:09+02:00\",\"dateModified\":\"2025-09-11T04:57:09+02:00\"},{\"@type\":\"WebSite\",\"@id\":\"https:\\\/\\\/candas365.es\\\/noticias\\\/#website\",\"url\":\"https:\\\/\\\/candas365.es\\\/noticias\\\/\",\"name\":\"Cand\\u00e1s 365\",\"alternateName\":\"Cand\\u00e1s 365 Noticias\",\"description\":\"Actualidad desde Carre\\u00f1o para el mundo\",\"inLanguage\":\"es-ES\",\"publisher\":{\"@id\":\"https:\\\/\\\/candas365.es\\\/noticias\\\/#organization\"}}]}\n\t\t<\/script>\n\t\t<!-- All in One SEO Pro -->\r\n\t\t<title>El Gobierno alem\u00e1n condena la \u00abactuaci\u00f3n agresiva de Rusia\u00bb en Polonia | Cand\u00e1s 365<\/title>\n\n","aioseo_head_json":{"title":"El Gobierno alem\u00e1n condena la \u00abactuaci\u00f3n agresiva de Rusia\u00bb en Polonia | Cand\u00e1s 365","description":"Berl\u00edn, 10 sep (dpa) - El Gobierno alem\u00e1n conden\u00f3 hoy de forma en\u00e9rgica la violaci\u00f3n del espacio a\u00e9reo de Polonia por parte de drones armados rusos.","canonical_url":"https:\/\/candas365.es\/noticias\/el-gobierno-aleman-condena-la-actuacion-agresiva-de-rusia-en-polonia\/","robots":"max-image-preview:large","keywords":"internacional","webmasterTools":{"google-site-verification":"UA-32230408-1","msvalidate.01":"354F3CDFB2DA171B47FBE9ABF1F88D5","miscellaneous":""},"schema":{"@context":"https:\/\/schema.org","@graph":[{"@type":"BreadcrumbList","@id":"https:\/\/candas365.es\/noticias\/el-gobierno-aleman-condena-la-actuacion-agresiva-de-rusia-en-polonia\/#breadcrumblist","itemListElement":[{"@type":"ListItem","@id":"https:\/\/candas365.es\/noticias#listItem","position":1,"name":"Home","item":"https:\/\/candas365.es\/noticias","nextItem":{"@type":"ListItem","@id":"https:\/\/candas365.es\/noticias\/category\/internacional\/#listItem","name":"Internacional"}},{"@type":"ListItem","@id":"https:\/\/candas365.es\/noticias\/category\/internacional\/#listItem","position":2,"name":"Internacional","item":"https:\/\/candas365.es\/noticias\/category\/internacional\/","nextItem":{"@type":"ListItem","@id":"https:\/\/candas365.es\/noticias\/el-gobierno-aleman-condena-la-actuacion-agresiva-de-rusia-en-polonia\/#listItem","name":"El Gobierno alem\u00e1n condena la \u00abactuaci\u00f3n agresiva de Rusia\u00bb en Polonia"},"previousItem":{"@type":"ListItem","@id":"https:\/\/candas365.es\/noticias#listItem","name":"Home"}},{"@type":"ListItem","@id":"https:\/\/candas365.es\/noticias\/el-gobierno-aleman-condena-la-actuacion-agresiva-de-rusia-en-polonia\/#listItem","position":3,"name":"El Gobierno alem\u00e1n condena la \u00abactuaci\u00f3n agresiva de Rusia\u00bb en Polonia","previousItem":{"@type":"ListItem","@id":"https:\/\/candas365.es\/noticias\/category\/internacional\/#listItem","name":"Internacional"}}]},{"@type":"NewsArticle","@id":"https:\/\/candas365.es\/noticias\/el-gobierno-aleman-condena-la-actuacion-agresiva-de-rusia-en-polonia\/#newsarticle","name":"El Gobierno alem\u00e1n condena la \u00abactuaci\u00f3n agresiva de Rusia\u00bb en Polonia | Cand\u00e1s 365","headline":"El Gobierno alem\u00e1n condena la \u00abactuaci\u00f3n agresiva de Rusia\u00bb en Polonia","author":{"@id":"https:\/\/candas365.es\/noticias\/author\/admin\/#author"},"publisher":{"@id":"https:\/\/candas365.es\/noticias\/#organization"},"image":{"@type":"ImageObject","url":"https:\/\/candas365.es\/noticias\/wp-content\/uploads\/2025\/09\/Gobierno-aleman.jpg","width":1026,"height":681,"caption":"El canciller alem\u00e1n, Friedrich Merz. Foto: Bernd von Jutrczenka\/dpa"},"datePublished":"2025-09-11T04:57:09+02:00","dateModified":"2025-09-11T04:57:09+02:00","inLanguage":"es-ES","mainEntityOfPage":{"@id":"https:\/\/candas365.es\/noticias\/el-gobierno-aleman-condena-la-actuacion-agresiva-de-rusia-en-polonia\/#webpage"},"isPartOf":{"@id":"https:\/\/candas365.es\/noticias\/el-gobierno-aleman-condena-la-actuacion-agresiva-de-rusia-en-polonia\/#webpage"},"articleSection":"Internacional, Alemania, conflictos, Internacional","dateline":"Publicado el septiembre 11, 2025."},{"@type":"Organization","@id":"https:\/\/candas365.es\/noticias\/#organization","name":"Cand\u00e1s 365","description":"Cand\u00e1s 365 es un diario digital independiente, fundado en 2012, con base en Asturias. Informamos con rigor sobre actualidad, sociedad, cultura y ocio, con una mirada local y global.","url":"https:\/\/candas365.es\/noticias\/","email":"info@candas365.es","telephone":"+34652131393","foundingDate":"2012-06-10","logo":{"@type":"ImageObject","url":"https:\/\/candas365.es\/noticias\/wp-content\/uploads\/2024\/09\/Candas-365-Redes.jpg","@id":"https:\/\/candas365.es\/noticias\/el-gobierno-aleman-condena-la-actuacion-agresiva-de-rusia-en-polonia\/#organizationLogo","width":1152,"height":864,"caption":"Cand\u00e1s 365 Redes"},"image":{"@id":"https:\/\/candas365.es\/noticias\/el-gobierno-aleman-condena-la-actuacion-agresiva-de-rusia-en-polonia\/#organizationLogo"},"sameAs":["https:\/\/www.facebook.com\/Nachofdezber","https:\/\/x.com\/NabercoDigital","https:\/\/www.instagram.com\/nachofdezber\/","https:\/\/www.youtube.com\/channel\/UCZP-2wLEB9Rv6erhFmqVnvg"],"address":{"@id":"https:\/\/candas365.es\/noticias\/#postaladdress","@type":"PostalAddress","streetAddress":"san antonio 4, san antonio 4","postalCode":"33430","addressLocality":"Cand\u00e1s","addressRegion":"Asturias","addressCountry":"ES"}},{"@type":"Person","@id":"https:\/\/candas365.es\/noticias\/author\/admin\/#author","url":"https:\/\/candas365.es\/noticias\/author\/admin\/","name":"Cand\u00e1s 365","image":{"@type":"ImageObject","@id":"https:\/\/candas365.es\/noticias\/el-gobierno-aleman-condena-la-actuacion-agresiva-de-rusia-en-polonia\/#authorImage","url":"https:\/\/secure.gravatar.com\/avatar\/496a8e03d0c493ede1718b7934145dbdf8d89be1036b0eec9544e1094c9de390?s=96&d=mm&r=g","width":96,"height":96,"caption":"Cand\u00e1s 365"},"sameAs":["https:\/\/www.facebook.com\/carrenoactualidad","https:\/\/twitter.com\/nbasturias","https:\/\/www.instagram.com\/nachofdezber\/","https:\/\/www.youtube.com\/channel\/UCZP-2wLEB9Rv6erhFmqVnvg"]},{"@type":"WebPage","@id":"https:\/\/candas365.es\/noticias\/el-gobierno-aleman-condena-la-actuacion-agresiva-de-rusia-en-polonia\/#webpage","url":"https:\/\/candas365.es\/noticias\/el-gobierno-aleman-condena-la-actuacion-agresiva-de-rusia-en-polonia\/","name":"El Gobierno alem\u00e1n condena la \u00abactuaci\u00f3n agresiva de Rusia\u00bb en Polonia | Cand\u00e1s 365","description":"Berl\u00edn, 10 sep (dpa) - El Gobierno alem\u00e1n conden\u00f3 hoy de forma en\u00e9rgica la violaci\u00f3n del espacio a\u00e9reo de Polonia por parte de drones armados rusos.","inLanguage":"es-ES","isPartOf":{"@id":"https:\/\/candas365.es\/noticias\/#website"},"breadcrumb":{"@id":"https:\/\/candas365.es\/noticias\/el-gobierno-aleman-condena-la-actuacion-agresiva-de-rusia-en-polonia\/#breadcrumblist"},"author":{"@id":"https:\/\/candas365.es\/noticias\/author\/admin\/#author"},"creator":{"@id":"https:\/\/candas365.es\/noticias\/author\/admin\/#author"},"image":{"@type":"ImageObject","url":"https:\/\/candas365.es\/noticias\/wp-content\/uploads\/2025\/09\/Gobierno-aleman.jpg","@id":"https:\/\/candas365.es\/noticias\/el-gobierno-aleman-condena-la-actuacion-agresiva-de-rusia-en-polonia\/#mainImage","width":1026,"height":681,"caption":"El canciller alem\u00e1n, Friedrich Merz. Foto: Bernd von Jutrczenka\/dpa"},"primaryImageOfPage":{"@id":"https:\/\/candas365.es\/noticias\/el-gobierno-aleman-condena-la-actuacion-agresiva-de-rusia-en-polonia\/#mainImage"},"datePublished":"2025-09-11T04:57:09+02:00","dateModified":"2025-09-11T04:57:09+02:00"},{"@type":"WebSite","@id":"https:\/\/candas365.es\/noticias\/#website","url":"https:\/\/candas365.es\/noticias\/","name":"Cand\u00e1s 365","alternateName":"Cand\u00e1s 365 Noticias","description":"Actualidad desde Carre\u00f1o para el mundo","inLanguage":"es-ES","publisher":{"@id":"https:\/\/candas365.es\/noticias\/#organization"}}]},"og:locale":"es_ES","og:site_name":"Cand\u00e1s 365","og:type":"article","og:title":"El Gobierno alem\u00e1n condena la \u00abactuaci\u00f3n agresiva de Rusia\u00bb en Polonia | Cand\u00e1s 365","og:description":"Berl\u00edn, 10 sep (dpa) - El Gobierno alem\u00e1n conden\u00f3 hoy de forma en\u00e9rgica la violaci\u00f3n del espacio a\u00e9reo de Polonia por parte de drones armados rusos.","og:url":"https:\/\/candas365.es\/noticias\/el-gobierno-aleman-condena-la-actuacion-agresiva-de-rusia-en-polonia\/","og:image":"https:\/\/candas365.es\/noticias\/wp-content\/uploads\/2025\/09\/Gobierno-aleman.jpg","og:image:secure_url":"https:\/\/candas365.es\/noticias\/wp-content\/uploads\/2025\/09\/Gobierno-aleman.jpg","og:image:width":1026,"og:image:height":681,"article:published_time":"2025-09-11T02:57:09+00:00","article:modified_time":"2025-09-11T02:57:09+00:00","article:publisher":"https:\/\/www.facebook.com\/Nachofdezber","article:author":"https:\/\/www.facebook.com\/carrenoactualidad","twitter:card":"summary_large_image","twitter:site":"@NabercoDigital","twitter:title":"El Gobierno alem\u00e1n condena la \u00abactuaci\u00f3n agresiva de Rusia\u00bb en Polonia | Cand\u00e1s 365","twitter:description":"Berl\u00edn, 10 sep (dpa) - El Gobierno alem\u00e1n conden\u00f3 hoy de forma en\u00e9rgica la violaci\u00f3n del espacio a\u00e9reo de Polonia por parte de drones armados rusos.","twitter:creator":"@nbasturias","twitter:image":"https:\/\/candas365.es\/noticias\/wp-content\/uploads\/2025\/09\/Gobierno-aleman.jpg","twitter:label1":"Escrito por","twitter:data1":"Cand\u00e1s 365","twitter:label2":"Tiempo de lectura estimado","twitter:data2":"2 minutos"},"aioseo_meta_data":{"post_id":"187554","title":null,"description":"Berl\u00edn, 10 sep (dpa) - El Gobierno alem\u00e1n conden\u00f3 hoy de forma en\u00e9rgica la violaci\u00f3n del espacio a\u00e9reo de Polonia por parte de drones armados rusos.","keywords":null,"keyphrases":{"focus":{"keyphrase":"Gobierno","score":100,"analysis":{"keyphraseInTitle":{"score":9,"maxScore":9,"error":0},"keyphraseInDescription":{"score":9,"maxScore":9,"error":0},"keyphraseLength":{"score":9,"maxScore":9,"error":0,"length":1},"keyphraseInURL":{"score":5,"maxScore":5,"error":0},"keyphraseInIntroduction":{"score":9,"maxScore":9,"error":0},"keyphraseInSubHeadings":[],"keyphraseInImageAlt":{"score":9,"maxScore":9,"error":0},"keywordDensity":{"type":"best","score":9,"maxScore":9,"error":0}}},"additional":[{"keyphrase":"Gobierno alem\u00e1n","score":80,"analysis":{"keyphraseInDescription":{"score":9,"maxScore":9,"error":0},"keyphraseLength":{"score":9,"maxScore":9,"error":0,"length":3},"keyphraseInIntroduction":{"score":9,"maxScore":9,"error":0},"keyphraseInImageAlt":{"score":9,"maxScore":9,"error":0},"keywordDensity":{"score":0,"type":"low","maxScore":9,"error":1}}}]},"primary_term":null,"canonical_url":null,"og_title":null,"og_description":null,"og_object_type":"default","og_image_type":"default","og_image_url":null,"og_image_width":null,"og_image_height":null,"og_image_custom_url":null,"og_image_custom_fields":null,"og_video":"","og_custom_url":null,"og_article_section":null,"og_article_tags":null,"twitter_use_og":false,"twitter_card":"default","twitter_image_type":"default","twitter_image_url":null,"twitter_image_custom_url":null,"twitter_image_custom_fields":null,"twitter_title":null,"twitter_description":null,"schema":{"blockGraphs":[],"customGraphs":[],"default":{"data":{"Article":[],"Course":[],"Dataset":[],"FAQPage":[],"Movie":[],"Person":[],"Product":[],"ProductReview":[],"Car":[],"Recipe":[],"Service":[],"SoftwareApplication":[],"WebPage":[]},"graphName":"Article","isEnabled":true},"graphs":[]},"schema_type":"default","schema_type_options":null,"pillar_content":false,"robots_default":true,"robots_noindex":false,"robots_noarchive":false,"robots_nosnippet":false,"robots_nofollow":false,"robots_noimageindex":false,"robots_noodp":false,"robots_notranslate":false,"robots_max_snippet":"-1","robots_max_videopreview":"-1","robots_max_imagepreview":"large","priority":null,"frequency":"default","location":null,"local_seo":null,"seo_analyzer_scan_date":"2025-09-11 02:58:39","breadcrumb_settings":null,"limit_modified_date":false,"reviewed_by":null,"open_ai":null,"ai":{"faqs":[],"keyPoints":[],"titles":[],"descriptions":[],"socialPosts":{"email":[],"linkedin":[],"twitter":[],"facebook":[],"instagram":[]}},"created":"2025-09-11 02:50:33","updated":"2025-09-11 03:11:47"},"aioseo_breadcrumb":"<div class=\"aioseo-breadcrumbs\"><span class=\"aioseo-breadcrumb\">\n\t<a href=\"https:\/\/candas365.es\/noticias\" title=\"Home\">Home<\/a>\n<\/span><span class=\"aioseo-breadcrumb-separator\">&ndash;<\/span><span class=\"aioseo-breadcrumb\">\n\t<a href=\"https:\/\/candas365.es\/noticias\/category\/internacional\/\" title=\"Internacional\">Internacional<\/a>\n<\/span><span class=\"aioseo-breadcrumb-separator\">&ndash;<\/span><span class=\"aioseo-breadcrumb\">\n\tEl Gobierno alem\u00e1n condena la \u00abactuaci\u00f3n agresiva de Rusia\u00bb en Polonia\n<\/span><\/div>","aioseo_breadcrumb_json":[{"label":"Home","link":"https:\/\/candas365.es\/noticias"},{"label":"Internacional","link":"https:\/\/candas365.es\/noticias\/category\/internacional\/"},{"label":"El Gobierno alem\u00e1n condena la \u00abactuaci\u00f3n agresiva de Rusia\u00bb en Polonia","link":"https:\/\/candas365.es\/noticias\/el-gobierno-aleman-condena-la-actuacion-agresiva-de-rusia-en-polonia\/"}],"_links":{"self":[{"href":"https:\/\/candas365.es\/noticias\/wp-json\/wp\/v2\/posts\/187554","targetHints":{"allow":["GET"]}}],"collection":[{"href":"https:\/\/candas365.es\/noticias\/wp-json\/wp\/v2\/posts"}],"about":[{"href":"https:\/\/candas365.es\/noticias\/wp-json\/wp\/v2\/types\/post"}],"author":[{"embeddable":true,"href":"https:\/\/candas365.es\/noticias\/wp-json\/wp\/v2\/users\/1"}],"replies":[{"embeddable":true,"href":"https:\/\/candas365.es\/noticias\/wp-json\/wp\/v2\/comments?post=187554"}],"version-history":[{"count":0,"href":"https:\/\/candas365.es\/noticias\/wp-json\/wp\/v2\/posts\/187554\/revisions"}],"wp:featuredmedia":[{"embeddable":true,"href":"https:\/\/candas365.es\/noticias\/wp-json\/wp\/v2\/media\/187555"}],"wp:attachment":[{"href":"https:\/\/candas365.es\/noticias\/wp-json\/wp\/v2\/media?parent=187554"}],"wp:term":[{"taxonomy":"category","embeddable":true,"href":"https:\/\/candas365.es\/noticias\/wp-json\/wp\/v2\/categories?post=187554"},{"taxonomy":"post_tag","embeddable":true,"href":"https:\/\/candas365.es\/noticias\/wp-json\/wp\/v2\/tags?post=187554"}],"curies":[{"name":"wp","href":"https:\/\/api.w.org\/{rel}","templated":true}]}}