{"id":187367,"date":"2025-08-11T08:54:55","date_gmt":"2025-08-11T06:54:55","guid":{"rendered":"https:\/\/candas365.es\/noticias\/?p=187367"},"modified":"2025-08-11T08:54:55","modified_gmt":"2025-08-11T06:54:55","slug":"aumenta-el-trafico-aereo-en-espana","status":"publish","type":"post","link":"https:\/\/candas365.es\/noticias\/aumenta-el-trafico-aereo-en-espana\/","title":{"rendered":"Aumenta el tr\u00e1fico a\u00e9reo en Espa\u00f1a"},"content":{"rendered":"<p>El tr\u00e1fico a\u00e9reo en los aeropuertos espa\u00f1oles creci\u00f3 un 3,3% en julio de 2025, cuando se registraron 175.894 vuelos, mientras que en el mismo mes de 2024 la cifra fue de 170.280.<\/p>\n<figure id=\"attachment_187368\" aria-describedby=\"caption-attachment-187368\" style=\"width: 650px\" class=\"wp-caption aligncenter\"><img fetchpriority=\"high\" decoding=\"async\" class=\"size-large wp-image-187368\" src=\"https:\/\/candas365.es\/noticias\/wp-content\/uploads\/2025\/08\/trafico-aereo-en-Espana-650x429.jpg\" alt=\"tr\u00e1fico a\u00e9reo en Espa\u00f1a\" width=\"650\" height=\"429\" srcset=\"https:\/\/candas365.es\/noticias\/wp-content\/uploads\/2025\/08\/trafico-aereo-en-Espana-650x429.jpg 650w, https:\/\/candas365.es\/noticias\/wp-content\/uploads\/2025\/08\/trafico-aereo-en-Espana-360x238.jpg 360w, https:\/\/candas365.es\/noticias\/wp-content\/uploads\/2025\/08\/trafico-aereo-en-Espana-768x507.jpg 768w, https:\/\/candas365.es\/noticias\/wp-content\/uploads\/2025\/08\/trafico-aereo-en-Espana-150x99.jpg 150w, https:\/\/candas365.es\/noticias\/wp-content\/uploads\/2025\/08\/trafico-aereo-en-Espana-450x297.jpg 450w, https:\/\/candas365.es\/noticias\/wp-content\/uploads\/2025\/08\/trafico-aereo-en-Espana.jpg 998w\" sizes=\"(max-width: 650px) 100vw, 650px\" \/><figcaption id=\"caption-attachment-187368\" class=\"wp-caption-text\">Foto: 123rf.com<\/figcaption><\/figure>\n<p>Seg\u00fan los datos aportados por la Confederaci\u00f3n Espa\u00f1ola de Agencias de Viajes (CEAV), el aeropuerto M\u00e1laga-Costa del Sol lider\u00f3 este incremento con 659 vuelos adicionales respecto a julio de 2024, alcanzando los 8.894 vuelos.<strong> En segundo lugar, se situ\u00f3 el aeropuerto Barcelona-El Prat, con un aumento de 585 operaciones.<\/strong><\/p>\n<p>El pasado mes, las rutas nacionales con mayor volumen de operaciones en Espa\u00f1a estuvieron lideradas por el trayecto Barcelona-Palma de Mallorca, con 763 vuelos, seguido muy de cerca por su ruta inversa, que registr\u00f3 756 vuelos. En tercer lugar, la ruta entre Gran Canaria y Lanzarote alcanz\u00f3 679 vuelos.<\/p>\n<blockquote><p>Por su parte, el tr\u00e1fico a\u00e9reo internacional entre Espa\u00f1a y destinos europeos experiment\u00f3 un crecimiento del 4,1% en comparaci\u00f3n con el mismo mes del a\u00f1o anterior.<\/p><\/blockquote>\n<p>Por aerol\u00edneas, Ryanair, Vueling e Iberia repitieron su posici\u00f3n como las aerol\u00edneas l\u00edderes en el tr\u00e1fico a\u00e9reo espa\u00f1ol. Ryanair encabez\u00f3 el mercado con un total de 35.277 vuelos, seguida por Vueling, que registr\u00f3 20.898 operaciones, e Iberia, con 20.494.<\/p>\n<p>En cuanto al mercado dom\u00e9stico, estuvo protagonizado por tres grandes actores: Iberia, Vueling y Binter Canarias, que ocuparon los primeros puestos en n\u00famero de vuelos operados en rutas dom\u00e9sticas. <strong>En conjunto, estas tres <a href=\"https:\/\/candas365.es\/noticias\/category\/canal-empresas\/\"><span style=\"color: #ff6600;\">aerol\u00edneas<\/span><\/a> gestionaron m\u00e1s de 27.165 vuelos nacionales, reafirmando su papel central en la movilidad a\u00e9rea espa\u00f1ola.<\/strong><\/p>\n<p>Por otro lado, las aerol\u00edneas m\u00e1s puntuales de Espa\u00f1a fueron TUI Airlines Belgium, Air Lingus e Iberia, considerando tanto vuelos dom\u00e9sticos como internacionales y tomando en cuenta solo aquellas aerol\u00edneas que operaron al menos 100 vuelos durante el mes.<\/p>\n<p>Con respecto a los retrasos, los vuelos con una demora de m\u00e1s de tres horas supusieron en julio el 0,79% de todos los vuelos operados.<\/p>\n<p>(<a href=\"https:\/\/www.servimedia.es\/\" target=\"_blank\" rel=\"noopener\"><span style=\"color: #ff6600;\"><strong>SERVIMEDIA<\/strong><\/span><\/a>)<\/p>\n","protected":false},"excerpt":{"rendered":"<p>El tr\u00e1fico a\u00e9reo en los aeropuertos espa\u00f1oles creci\u00f3 un 3,3% en julio de 2025, cuando se registraron 175.894 vuelos, mientras que en el mismo mes de 2024 la cifra fue de 170.280. Seg\u00fan los datos aportados por la Confederaci\u00f3n Espa\u00f1ola de Agencias de Viajes (CEAV), el aeropuerto M\u00e1laga-Costa del Sol lider\u00f3 este incremento con 659<\/p>\n","protected":false},"author":1,"featured_media":187368,"comment_status":"closed","ping_status":"closed","sticky":false,"template":"","format":"standard","meta":{"footnotes":""},"categories":[316,486],"tags":[437],"class_list":{"0":"post-187367","1":"post","2":"type-post","3":"status-publish","4":"format-standard","5":"has-post-thumbnail","7":"category-destacadas","8":"category-economia","9":"tag-economia"},"aioseo_notices":[],"aioseo_head":"\n\t\t<!-- All in One SEO Pro 4.9.6.2 - aioseo.com -->\n\t<meta name=\"description\" content=\"El tr\u00e1fico a\u00e9reo en los aeropuertos espa\u00f1oles creci\u00f3 un 3,3% en julio de 2025, cuando se registraron 175.894 vuelos, mientras que en el mismo mes de 2024\" \/>\n\t<meta name=\"robots\" content=\"max-image-preview:large\" \/>\n\t<meta name=\"author\" content=\"Cand\u00e1s 365\"\/>\n\t<meta name=\"google-site-verification\" content=\"UA-32230408-1\" \/>\n\t<meta name=\"msvalidate.01\" content=\"354F3CDFB2DA171B47FBE9ABF1F88D5\" \/>\n\t<meta name=\"keywords\" content=\"destacadas,econom\u00eda\" \/>\n\t<link rel=\"canonical\" href=\"https:\/\/candas365.es\/noticias\/aumenta-el-trafico-aereo-en-espana\/\" \/>\n\t<meta name=\"generator\" content=\"All in One SEO Pro (AIOSEO) 4.9.6.2\" \/>\n\t\t<meta property=\"og:locale\" content=\"es_ES\" \/>\n\t\t<meta property=\"og:site_name\" content=\"Cand\u00e1s 365\" \/>\n\t\t<meta property=\"og:type\" content=\"article\" \/>\n\t\t<meta property=\"og:title\" content=\"Aumenta el tr\u00e1fico a\u00e9reo en Espa\u00f1a | Cand\u00e1s 365\" \/>\n\t\t<meta property=\"og:description\" content=\"El tr\u00e1fico a\u00e9reo en los aeropuertos espa\u00f1oles creci\u00f3 un 3,3% en julio de 2025, cuando se registraron 175.894 vuelos, mientras que en el mismo mes de 2024\" \/>\n\t\t<meta property=\"og:url\" content=\"https:\/\/candas365.es\/noticias\/aumenta-el-trafico-aereo-en-espana\/\" \/>\n\t\t<meta property=\"og:image\" content=\"https:\/\/candas365.es\/noticias\/wp-content\/uploads\/2025\/08\/trafico-aereo-en-Espana.jpg\" \/>\n\t\t<meta property=\"og:image:secure_url\" content=\"https:\/\/candas365.es\/noticias\/wp-content\/uploads\/2025\/08\/trafico-aereo-en-Espana.jpg\" \/>\n\t\t<meta property=\"og:image:width\" content=\"998\" \/>\n\t\t<meta property=\"og:image:height\" content=\"659\" \/>\n\t\t<meta property=\"article:published_time\" content=\"2025-08-11T06:54:55+00:00\" \/>\n\t\t<meta property=\"article:modified_time\" content=\"2025-08-11T06:54:55+00:00\" \/>\n\t\t<meta property=\"article:publisher\" content=\"https:\/\/www.facebook.com\/Nachofdezber\" \/>\n\t\t<meta property=\"article:author\" content=\"https:\/\/www.facebook.com\/carrenoactualidad\" \/>\n\t\t<meta name=\"twitter:card\" content=\"summary_large_image\" \/>\n\t\t<meta name=\"twitter:site\" content=\"@NabercoDigital\" \/>\n\t\t<meta name=\"twitter:title\" content=\"Aumenta el tr\u00e1fico a\u00e9reo en Espa\u00f1a | Cand\u00e1s 365\" \/>\n\t\t<meta name=\"twitter:description\" content=\"El tr\u00e1fico a\u00e9reo en los aeropuertos espa\u00f1oles creci\u00f3 un 3,3% en julio de 2025, cuando se registraron 175.894 vuelos, mientras que en el mismo mes de 2024\" \/>\n\t\t<meta name=\"twitter:creator\" content=\"@nbasturias\" \/>\n\t\t<meta name=\"twitter:image\" content=\"https:\/\/candas365.es\/noticias\/wp-content\/uploads\/2025\/08\/trafico-aereo-en-Espana.jpg\" \/>\n\t\t<meta name=\"twitter:label1\" content=\"Escrito por\" \/>\n\t\t<meta name=\"twitter:data1\" content=\"Cand\u00e1s 365\" \/>\n\t\t<meta name=\"twitter:label2\" content=\"Tiempo de lectura estimado\" \/>\n\t\t<meta name=\"twitter:data2\" content=\"2 minutos\" \/>\n\t\t<script type=\"application\/ld+json\" class=\"aioseo-schema\">\n\t\t\t{\"@context\":\"https:\\\/\\\/schema.org\",\"@graph\":[{\"@type\":\"BreadcrumbList\",\"@id\":\"https:\\\/\\\/candas365.es\\\/noticias\\\/aumenta-el-trafico-aereo-en-espana\\\/#breadcrumblist\",\"itemListElement\":[{\"@type\":\"ListItem\",\"@id\":\"https:\\\/\\\/candas365.es\\\/noticias#listItem\",\"position\":1,\"name\":\"Home\",\"item\":\"https:\\\/\\\/candas365.es\\\/noticias\",\"nextItem\":{\"@type\":\"ListItem\",\"@id\":\"https:\\\/\\\/candas365.es\\\/noticias\\\/category\\\/destacadas\\\/#listItem\",\"name\":\"Destacadas\"}},{\"@type\":\"ListItem\",\"@id\":\"https:\\\/\\\/candas365.es\\\/noticias\\\/category\\\/destacadas\\\/#listItem\",\"position\":2,\"name\":\"Destacadas\",\"item\":\"https:\\\/\\\/candas365.es\\\/noticias\\\/category\\\/destacadas\\\/\",\"nextItem\":{\"@type\":\"ListItem\",\"@id\":\"https:\\\/\\\/candas365.es\\\/noticias\\\/aumenta-el-trafico-aereo-en-espana\\\/#listItem\",\"name\":\"Aumenta el tr\\u00e1fico a\\u00e9reo en Espa\\u00f1a\"},\"previousItem\":{\"@type\":\"ListItem\",\"@id\":\"https:\\\/\\\/candas365.es\\\/noticias#listItem\",\"name\":\"Home\"}},{\"@type\":\"ListItem\",\"@id\":\"https:\\\/\\\/candas365.es\\\/noticias\\\/aumenta-el-trafico-aereo-en-espana\\\/#listItem\",\"position\":3,\"name\":\"Aumenta el tr\\u00e1fico a\\u00e9reo en Espa\\u00f1a\",\"previousItem\":{\"@type\":\"ListItem\",\"@id\":\"https:\\\/\\\/candas365.es\\\/noticias\\\/category\\\/destacadas\\\/#listItem\",\"name\":\"Destacadas\"}}]},{\"@type\":\"NewsArticle\",\"@id\":\"https:\\\/\\\/candas365.es\\\/noticias\\\/aumenta-el-trafico-aereo-en-espana\\\/#newsarticle\",\"name\":\"Aumenta el tr\\u00e1fico a\\u00e9reo en Espa\\u00f1a | Cand\\u00e1s 365\",\"headline\":\"Aumenta el tr\\u00e1fico a\\u00e9reo en Espa\\u00f1a\",\"author\":{\"@id\":\"https:\\\/\\\/candas365.es\\\/noticias\\\/author\\\/admin\\\/#author\"},\"publisher\":{\"@id\":\"https:\\\/\\\/candas365.es\\\/noticias\\\/#organization\"},\"image\":{\"@type\":\"ImageObject\",\"url\":\"https:\\\/\\\/candas365.es\\\/noticias\\\/wp-content\\\/uploads\\\/2025\\\/08\\\/trafico-aereo-en-Espana.jpg\",\"width\":998,\"height\":659,\"caption\":\"Foto: 123rf.com\"},\"datePublished\":\"2025-08-11T08:54:55+02:00\",\"dateModified\":\"2025-08-11T08:54:55+02:00\",\"inLanguage\":\"es-ES\",\"mainEntityOfPage\":{\"@id\":\"https:\\\/\\\/candas365.es\\\/noticias\\\/aumenta-el-trafico-aereo-en-espana\\\/#webpage\"},\"isPartOf\":{\"@id\":\"https:\\\/\\\/candas365.es\\\/noticias\\\/aumenta-el-trafico-aereo-en-espana\\\/#webpage\"},\"articleSection\":\"Destacadas, Econom\\u00eda, Econom\\u00eda\",\"dateline\":\"Publicado el agosto 11, 2025.\"},{\"@type\":\"Organization\",\"@id\":\"https:\\\/\\\/candas365.es\\\/noticias\\\/#organization\",\"name\":\"Cand\\u00e1s 365\",\"description\":\"Cand\\u00e1s 365 es un diario digital independiente, fundado en 2012, con base en Asturias. Informamos con rigor sobre actualidad, sociedad, cultura y ocio, con una mirada local y global.\",\"url\":\"https:\\\/\\\/candas365.es\\\/noticias\\\/\",\"email\":\"info@candas365.es\",\"telephone\":\"+34652131393\",\"foundingDate\":\"2012-06-10\",\"logo\":{\"@type\":\"ImageObject\",\"url\":\"https:\\\/\\\/candas365.es\\\/noticias\\\/wp-content\\\/uploads\\\/2024\\\/09\\\/Candas-365-Redes.jpg\",\"@id\":\"https:\\\/\\\/candas365.es\\\/noticias\\\/aumenta-el-trafico-aereo-en-espana\\\/#organizationLogo\",\"width\":1152,\"height\":864,\"caption\":\"Cand\\u00e1s 365 Redes\"},\"image\":{\"@id\":\"https:\\\/\\\/candas365.es\\\/noticias\\\/aumenta-el-trafico-aereo-en-espana\\\/#organizationLogo\"},\"sameAs\":[\"https:\\\/\\\/www.facebook.com\\\/Nachofdezber\",\"https:\\\/\\\/x.com\\\/NabercoDigital\",\"https:\\\/\\\/www.instagram.com\\\/nachofdezber\\\/\",\"https:\\\/\\\/www.youtube.com\\\/channel\\\/UCZP-2wLEB9Rv6erhFmqVnvg\"],\"address\":{\"@id\":\"https:\\\/\\\/candas365.es\\\/noticias\\\/#postaladdress\",\"@type\":\"PostalAddress\",\"streetAddress\":\"san antonio 4, san antonio 4\",\"postalCode\":\"33430\",\"addressLocality\":\"Cand\\u00e1s\",\"addressRegion\":\"Asturias\",\"addressCountry\":\"ES\"}},{\"@type\":\"Person\",\"@id\":\"https:\\\/\\\/candas365.es\\\/noticias\\\/author\\\/admin\\\/#author\",\"url\":\"https:\\\/\\\/candas365.es\\\/noticias\\\/author\\\/admin\\\/\",\"name\":\"Cand\\u00e1s 365\",\"image\":{\"@type\":\"ImageObject\",\"@id\":\"https:\\\/\\\/candas365.es\\\/noticias\\\/aumenta-el-trafico-aereo-en-espana\\\/#authorImage\",\"url\":\"https:\\\/\\\/secure.gravatar.com\\\/avatar\\\/496a8e03d0c493ede1718b7934145dbdf8d89be1036b0eec9544e1094c9de390?s=96&d=mm&r=g\",\"width\":96,\"height\":96,\"caption\":\"Cand\\u00e1s 365\"},\"sameAs\":[\"https:\\\/\\\/www.facebook.com\\\/carrenoactualidad\",\"https:\\\/\\\/twitter.com\\\/nbasturias\",\"https:\\\/\\\/www.instagram.com\\\/nachofdezber\\\/\",\"https:\\\/\\\/www.youtube.com\\\/channel\\\/UCZP-2wLEB9Rv6erhFmqVnvg\"]},{\"@type\":\"WebPage\",\"@id\":\"https:\\\/\\\/candas365.es\\\/noticias\\\/aumenta-el-trafico-aereo-en-espana\\\/#webpage\",\"url\":\"https:\\\/\\\/candas365.es\\\/noticias\\\/aumenta-el-trafico-aereo-en-espana\\\/\",\"name\":\"Aumenta el tr\\u00e1fico a\\u00e9reo en Espa\\u00f1a | Cand\\u00e1s 365\",\"description\":\"El tr\\u00e1fico a\\u00e9reo en los aeropuertos espa\\u00f1oles creci\\u00f3 un 3,3% en julio de 2025, cuando se registraron 175.894 vuelos, mientras que en el mismo mes de 2024\",\"inLanguage\":\"es-ES\",\"isPartOf\":{\"@id\":\"https:\\\/\\\/candas365.es\\\/noticias\\\/#website\"},\"breadcrumb\":{\"@id\":\"https:\\\/\\\/candas365.es\\\/noticias\\\/aumenta-el-trafico-aereo-en-espana\\\/#breadcrumblist\"},\"author\":{\"@id\":\"https:\\\/\\\/candas365.es\\\/noticias\\\/author\\\/admin\\\/#author\"},\"creator\":{\"@id\":\"https:\\\/\\\/candas365.es\\\/noticias\\\/author\\\/admin\\\/#author\"},\"image\":{\"@type\":\"ImageObject\",\"url\":\"https:\\\/\\\/candas365.es\\\/noticias\\\/wp-content\\\/uploads\\\/2025\\\/08\\\/trafico-aereo-en-Espana.jpg\",\"@id\":\"https:\\\/\\\/candas365.es\\\/noticias\\\/aumenta-el-trafico-aereo-en-espana\\\/#mainImage\",\"width\":998,\"height\":659,\"caption\":\"Foto: 123rf.com\"},\"primaryImageOfPage\":{\"@id\":\"https:\\\/\\\/candas365.es\\\/noticias\\\/aumenta-el-trafico-aereo-en-espana\\\/#mainImage\"},\"datePublished\":\"2025-08-11T08:54:55+02:00\",\"dateModified\":\"2025-08-11T08:54:55+02:00\"},{\"@type\":\"WebSite\",\"@id\":\"https:\\\/\\\/candas365.es\\\/noticias\\\/#website\",\"url\":\"https:\\\/\\\/candas365.es\\\/noticias\\\/\",\"name\":\"Cand\\u00e1s 365\",\"alternateName\":\"Cand\\u00e1s 365 Noticias\",\"description\":\"Actualidad desde Carre\\u00f1o para el mundo\",\"inLanguage\":\"es-ES\",\"publisher\":{\"@id\":\"https:\\\/\\\/candas365.es\\\/noticias\\\/#organization\"}}]}\n\t\t<\/script>\n\t\t<!-- All in One SEO Pro -->\r\n\t\t<title>Aumenta el tr\u00e1fico a\u00e9reo en Espa\u00f1a | Cand\u00e1s 365<\/title>\n\n","aioseo_head_json":{"title":"Aumenta el tr\u00e1fico a\u00e9reo en Espa\u00f1a | Cand\u00e1s 365","description":"El tr\u00e1fico a\u00e9reo en los aeropuertos espa\u00f1oles creci\u00f3 un 3,3% en julio de 2025, cuando se registraron 175.894 vuelos, mientras que en el mismo mes de 2024","canonical_url":"https:\/\/candas365.es\/noticias\/aumenta-el-trafico-aereo-en-espana\/","robots":"max-image-preview:large","keywords":"destacadas,econom\u00eda","webmasterTools":{"google-site-verification":"UA-32230408-1","msvalidate.01":"354F3CDFB2DA171B47FBE9ABF1F88D5","miscellaneous":""},"schema":{"@context":"https:\/\/schema.org","@graph":[{"@type":"BreadcrumbList","@id":"https:\/\/candas365.es\/noticias\/aumenta-el-trafico-aereo-en-espana\/#breadcrumblist","itemListElement":[{"@type":"ListItem","@id":"https:\/\/candas365.es\/noticias#listItem","position":1,"name":"Home","item":"https:\/\/candas365.es\/noticias","nextItem":{"@type":"ListItem","@id":"https:\/\/candas365.es\/noticias\/category\/destacadas\/#listItem","name":"Destacadas"}},{"@type":"ListItem","@id":"https:\/\/candas365.es\/noticias\/category\/destacadas\/#listItem","position":2,"name":"Destacadas","item":"https:\/\/candas365.es\/noticias\/category\/destacadas\/","nextItem":{"@type":"ListItem","@id":"https:\/\/candas365.es\/noticias\/aumenta-el-trafico-aereo-en-espana\/#listItem","name":"Aumenta el tr\u00e1fico a\u00e9reo en Espa\u00f1a"},"previousItem":{"@type":"ListItem","@id":"https:\/\/candas365.es\/noticias#listItem","name":"Home"}},{"@type":"ListItem","@id":"https:\/\/candas365.es\/noticias\/aumenta-el-trafico-aereo-en-espana\/#listItem","position":3,"name":"Aumenta el tr\u00e1fico a\u00e9reo en Espa\u00f1a","previousItem":{"@type":"ListItem","@id":"https:\/\/candas365.es\/noticias\/category\/destacadas\/#listItem","name":"Destacadas"}}]},{"@type":"NewsArticle","@id":"https:\/\/candas365.es\/noticias\/aumenta-el-trafico-aereo-en-espana\/#newsarticle","name":"Aumenta el tr\u00e1fico a\u00e9reo en Espa\u00f1a | Cand\u00e1s 365","headline":"Aumenta el tr\u00e1fico a\u00e9reo en Espa\u00f1a","author":{"@id":"https:\/\/candas365.es\/noticias\/author\/admin\/#author"},"publisher":{"@id":"https:\/\/candas365.es\/noticias\/#organization"},"image":{"@type":"ImageObject","url":"https:\/\/candas365.es\/noticias\/wp-content\/uploads\/2025\/08\/trafico-aereo-en-Espana.jpg","width":998,"height":659,"caption":"Foto: 123rf.com"},"datePublished":"2025-08-11T08:54:55+02:00","dateModified":"2025-08-11T08:54:55+02:00","inLanguage":"es-ES","mainEntityOfPage":{"@id":"https:\/\/candas365.es\/noticias\/aumenta-el-trafico-aereo-en-espana\/#webpage"},"isPartOf":{"@id":"https:\/\/candas365.es\/noticias\/aumenta-el-trafico-aereo-en-espana\/#webpage"},"articleSection":"Destacadas, Econom\u00eda, Econom\u00eda","dateline":"Publicado el agosto 11, 2025."},{"@type":"Organization","@id":"https:\/\/candas365.es\/noticias\/#organization","name":"Cand\u00e1s 365","description":"Cand\u00e1s 365 es un diario digital independiente, fundado en 2012, con base en Asturias. Informamos con rigor sobre actualidad, sociedad, cultura y ocio, con una mirada local y global.","url":"https:\/\/candas365.es\/noticias\/","email":"info@candas365.es","telephone":"+34652131393","foundingDate":"2012-06-10","logo":{"@type":"ImageObject","url":"https:\/\/candas365.es\/noticias\/wp-content\/uploads\/2024\/09\/Candas-365-Redes.jpg","@id":"https:\/\/candas365.es\/noticias\/aumenta-el-trafico-aereo-en-espana\/#organizationLogo","width":1152,"height":864,"caption":"Cand\u00e1s 365 Redes"},"image":{"@id":"https:\/\/candas365.es\/noticias\/aumenta-el-trafico-aereo-en-espana\/#organizationLogo"},"sameAs":["https:\/\/www.facebook.com\/Nachofdezber","https:\/\/x.com\/NabercoDigital","https:\/\/www.instagram.com\/nachofdezber\/","https:\/\/www.youtube.com\/channel\/UCZP-2wLEB9Rv6erhFmqVnvg"],"address":{"@id":"https:\/\/candas365.es\/noticias\/#postaladdress","@type":"PostalAddress","streetAddress":"san antonio 4, san antonio 4","postalCode":"33430","addressLocality":"Cand\u00e1s","addressRegion":"Asturias","addressCountry":"ES"}},{"@type":"Person","@id":"https:\/\/candas365.es\/noticias\/author\/admin\/#author","url":"https:\/\/candas365.es\/noticias\/author\/admin\/","name":"Cand\u00e1s 365","image":{"@type":"ImageObject","@id":"https:\/\/candas365.es\/noticias\/aumenta-el-trafico-aereo-en-espana\/#authorImage","url":"https:\/\/secure.gravatar.com\/avatar\/496a8e03d0c493ede1718b7934145dbdf8d89be1036b0eec9544e1094c9de390?s=96&d=mm&r=g","width":96,"height":96,"caption":"Cand\u00e1s 365"},"sameAs":["https:\/\/www.facebook.com\/carrenoactualidad","https:\/\/twitter.com\/nbasturias","https:\/\/www.instagram.com\/nachofdezber\/","https:\/\/www.youtube.com\/channel\/UCZP-2wLEB9Rv6erhFmqVnvg"]},{"@type":"WebPage","@id":"https:\/\/candas365.es\/noticias\/aumenta-el-trafico-aereo-en-espana\/#webpage","url":"https:\/\/candas365.es\/noticias\/aumenta-el-trafico-aereo-en-espana\/","name":"Aumenta el tr\u00e1fico a\u00e9reo en Espa\u00f1a | Cand\u00e1s 365","description":"El tr\u00e1fico a\u00e9reo en los aeropuertos espa\u00f1oles creci\u00f3 un 3,3% en julio de 2025, cuando se registraron 175.894 vuelos, mientras que en el mismo mes de 2024","inLanguage":"es-ES","isPartOf":{"@id":"https:\/\/candas365.es\/noticias\/#website"},"breadcrumb":{"@id":"https:\/\/candas365.es\/noticias\/aumenta-el-trafico-aereo-en-espana\/#breadcrumblist"},"author":{"@id":"https:\/\/candas365.es\/noticias\/author\/admin\/#author"},"creator":{"@id":"https:\/\/candas365.es\/noticias\/author\/admin\/#author"},"image":{"@type":"ImageObject","url":"https:\/\/candas365.es\/noticias\/wp-content\/uploads\/2025\/08\/trafico-aereo-en-Espana.jpg","@id":"https:\/\/candas365.es\/noticias\/aumenta-el-trafico-aereo-en-espana\/#mainImage","width":998,"height":659,"caption":"Foto: 123rf.com"},"primaryImageOfPage":{"@id":"https:\/\/candas365.es\/noticias\/aumenta-el-trafico-aereo-en-espana\/#mainImage"},"datePublished":"2025-08-11T08:54:55+02:00","dateModified":"2025-08-11T08:54:55+02:00"},{"@type":"WebSite","@id":"https:\/\/candas365.es\/noticias\/#website","url":"https:\/\/candas365.es\/noticias\/","name":"Cand\u00e1s 365","alternateName":"Cand\u00e1s 365 Noticias","description":"Actualidad desde Carre\u00f1o para el mundo","inLanguage":"es-ES","publisher":{"@id":"https:\/\/candas365.es\/noticias\/#organization"}}]},"og:locale":"es_ES","og:site_name":"Cand\u00e1s 365","og:type":"article","og:title":"Aumenta el tr\u00e1fico a\u00e9reo en Espa\u00f1a | Cand\u00e1s 365","og:description":"El tr\u00e1fico a\u00e9reo en los aeropuertos espa\u00f1oles creci\u00f3 un 3,3% en julio de 2025, cuando se registraron 175.894 vuelos, mientras que en el mismo mes de 2024","og:url":"https:\/\/candas365.es\/noticias\/aumenta-el-trafico-aereo-en-espana\/","og:image":"https:\/\/candas365.es\/noticias\/wp-content\/uploads\/2025\/08\/trafico-aereo-en-Espana.jpg","og:image:secure_url":"https:\/\/candas365.es\/noticias\/wp-content\/uploads\/2025\/08\/trafico-aereo-en-Espana.jpg","og:image:width":998,"og:image:height":659,"article:published_time":"2025-08-11T06:54:55+00:00","article:modified_time":"2025-08-11T06:54:55+00:00","article:publisher":"https:\/\/www.facebook.com\/Nachofdezber","article:author":"https:\/\/www.facebook.com\/carrenoactualidad","twitter:card":"summary_large_image","twitter:site":"@NabercoDigital","twitter:title":"Aumenta el tr\u00e1fico a\u00e9reo en Espa\u00f1a | Cand\u00e1s 365","twitter:description":"El tr\u00e1fico a\u00e9reo en los aeropuertos espa\u00f1oles creci\u00f3 un 3,3% en julio de 2025, cuando se registraron 175.894 vuelos, mientras que en el mismo mes de 2024","twitter:creator":"@nbasturias","twitter:image":"https:\/\/candas365.es\/noticias\/wp-content\/uploads\/2025\/08\/trafico-aereo-en-Espana.jpg","twitter:label1":"Escrito por","twitter:data1":"Cand\u00e1s 365","twitter:label2":"Tiempo de lectura estimado","twitter:data2":"2 minutos"},"aioseo_meta_data":{"post_id":"187367","title":null,"description":"El tr\u00e1fico a\u00e9reo en los aeropuertos espa\u00f1oles creci\u00f3 un 3,3% en julio de 2025, cuando se registraron 175.894 vuelos, mientras que en el mismo mes de 2024","keywords":null,"keyphrases":{"focus":{"keyphrase":"a\u00e9reo","score":100,"analysis":{"keyphraseInTitle":{"score":9,"maxScore":9,"error":0},"keyphraseInDescription":{"score":9,"maxScore":9,"error":0},"keyphraseLength":{"score":9,"maxScore":9,"error":0,"length":2},"keyphraseInURL":{"score":5,"maxScore":5,"error":0},"keyphraseInIntroduction":{"score":9,"maxScore":9,"error":0},"keyphraseInSubHeadings":[],"keyphraseInImageAlt":{"score":9,"maxScore":9,"error":0},"keywordDensity":{"type":"best","score":9,"maxScore":9,"error":0}}},"additional":[{"keyphrase":"tr\u00e1fico a\u00e9reo","score":100,"analysis":{"keyphraseInDescription":{"score":9,"maxScore":9,"error":0},"keyphraseLength":{"score":9,"maxScore":9,"error":0,"length":4},"keyphraseInIntroduction":{"score":9,"maxScore":9,"error":0},"keyphraseInImageAlt":{"score":9,"maxScore":9,"error":0},"keywordDensity":{"type":"best","score":9,"maxScore":9,"error":0}}}]},"primary_term":null,"canonical_url":null,"og_title":null,"og_description":null,"og_object_type":"default","og_image_type":"default","og_image_url":null,"og_image_width":null,"og_image_height":null,"og_image_custom_url":null,"og_image_custom_fields":null,"og_video":"","og_custom_url":null,"og_article_section":null,"og_article_tags":null,"twitter_use_og":false,"twitter_card":"default","twitter_image_type":"default","twitter_image_url":null,"twitter_image_custom_url":null,"twitter_image_custom_fields":null,"twitter_title":null,"twitter_description":null,"schema":{"blockGraphs":[],"customGraphs":[],"default":{"data":{"Article":[],"Course":[],"Dataset":[],"FAQPage":[],"Movie":[],"Person":[],"Product":[],"ProductReview":[],"Car":[],"Recipe":[],"Service":[],"SoftwareApplication":[],"WebPage":[]},"graphName":"Article","isEnabled":true},"graphs":[]},"schema_type":"default","schema_type_options":null,"pillar_content":false,"robots_default":true,"robots_noindex":false,"robots_noarchive":false,"robots_nosnippet":false,"robots_nofollow":false,"robots_noimageindex":false,"robots_noodp":false,"robots_notranslate":false,"robots_max_snippet":"-1","robots_max_videopreview":"-1","robots_max_imagepreview":"large","priority":null,"frequency":"default","location":null,"local_seo":null,"seo_analyzer_scan_date":"2025-09-03 14:24:18","breadcrumb_settings":null,"limit_modified_date":false,"reviewed_by":null,"open_ai":null,"ai":{"faqs":[],"keyPoints":[],"titles":[],"descriptions":[],"socialPosts":{"email":[],"linkedin":[],"twitter":[],"facebook":[],"instagram":[]}},"created":"2025-08-11 06:34:11","updated":"2025-09-03 14:24:18"},"aioseo_breadcrumb":"<div class=\"aioseo-breadcrumbs\"><span class=\"aioseo-breadcrumb\">\n\t<a href=\"https:\/\/candas365.es\/noticias\" title=\"Home\">Home<\/a>\n<\/span><span class=\"aioseo-breadcrumb-separator\">&ndash;<\/span><span class=\"aioseo-breadcrumb\">\n\t<a href=\"https:\/\/candas365.es\/noticias\/category\/destacadas\/\" title=\"Destacadas\">Destacadas<\/a>\n<\/span><span class=\"aioseo-breadcrumb-separator\">&ndash;<\/span><span class=\"aioseo-breadcrumb\">\n\tAumenta el tr\u00e1fico a\u00e9reo en Espa\u00f1a\n<\/span><\/div>","aioseo_breadcrumb_json":[{"label":"Home","link":"https:\/\/candas365.es\/noticias"},{"label":"Destacadas","link":"https:\/\/candas365.es\/noticias\/category\/destacadas\/"},{"label":"Aumenta el tr\u00e1fico a\u00e9reo en Espa\u00f1a","link":"https:\/\/candas365.es\/noticias\/aumenta-el-trafico-aereo-en-espana\/"}],"_links":{"self":[{"href":"https:\/\/candas365.es\/noticias\/wp-json\/wp\/v2\/posts\/187367","targetHints":{"allow":["GET"]}}],"collection":[{"href":"https:\/\/candas365.es\/noticias\/wp-json\/wp\/v2\/posts"}],"about":[{"href":"https:\/\/candas365.es\/noticias\/wp-json\/wp\/v2\/types\/post"}],"author":[{"embeddable":true,"href":"https:\/\/candas365.es\/noticias\/wp-json\/wp\/v2\/users\/1"}],"replies":[{"embeddable":true,"href":"https:\/\/candas365.es\/noticias\/wp-json\/wp\/v2\/comments?post=187367"}],"version-history":[{"count":0,"href":"https:\/\/candas365.es\/noticias\/wp-json\/wp\/v2\/posts\/187367\/revisions"}],"wp:featuredmedia":[{"embeddable":true,"href":"https:\/\/candas365.es\/noticias\/wp-json\/wp\/v2\/media\/187368"}],"wp:attachment":[{"href":"https:\/\/candas365.es\/noticias\/wp-json\/wp\/v2\/media?parent=187367"}],"wp:term":[{"taxonomy":"category","embeddable":true,"href":"https:\/\/candas365.es\/noticias\/wp-json\/wp\/v2\/categories?post=187367"},{"taxonomy":"post_tag","embeddable":true,"href":"https:\/\/candas365.es\/noticias\/wp-json\/wp\/v2\/tags?post=187367"}],"curies":[{"name":"wp","href":"https:\/\/api.w.org\/{rel}","templated":true}]}}