{"id":187331,"date":"2025-08-07T16:52:02","date_gmt":"2025-08-07T14:52:02","guid":{"rendered":"https:\/\/candas365.es\/noticias\/?p=187331"},"modified":"2025-08-07T16:52:02","modified_gmt":"2025-08-07T14:52:02","slug":"mas-calor-el-tiempo-en-espana","status":"publish","type":"post","link":"https:\/\/candas365.es\/noticias\/mas-calor-el-tiempo-en-espana\/","title":{"rendered":"M\u00e1s Calor: El tiempo en Espa\u00f1a"},"content":{"rendered":"<p><strong>M\u00e1s <a href=\"https:\/\/candas365.es\/noticias\/category\/el-tiempo\/\"><span style=\"color: #ff6600;\">calor en Espa\u00f1a<\/span><\/a>,<\/strong> y nuevo d\u00eda de agosto de 2025 en el que los term\u00f3metros marcar\u00e1n temperaturas por encima de los 36 grados en gran parte del pa\u00eds.<\/p>\n<figure id=\"attachment_187332\" aria-describedby=\"caption-attachment-187332\" style=\"width: 650px\" class=\"wp-caption aligncenter\"><img fetchpriority=\"high\" decoding=\"async\" class=\"size-large wp-image-187332\" src=\"https:\/\/candas365.es\/noticias\/wp-content\/uploads\/2025\/08\/Ola-de-calor-Espana-650x477.jpg\" alt=\"Ola de calor Espa\u00f1a\" width=\"650\" height=\"477\" srcset=\"https:\/\/candas365.es\/noticias\/wp-content\/uploads\/2025\/08\/Ola-de-calor-Espana-650x477.jpg 650w, https:\/\/candas365.es\/noticias\/wp-content\/uploads\/2025\/08\/Ola-de-calor-Espana-360x264.jpg 360w, https:\/\/candas365.es\/noticias\/wp-content\/uploads\/2025\/08\/Ola-de-calor-Espana-768x564.jpg 768w, https:\/\/candas365.es\/noticias\/wp-content\/uploads\/2025\/08\/Ola-de-calor-Espana-150x110.jpg 150w, https:\/\/candas365.es\/noticias\/wp-content\/uploads\/2025\/08\/Ola-de-calor-Espana-450x331.jpg 450w, https:\/\/candas365.es\/noticias\/wp-content\/uploads\/2025\/08\/Ola-de-calor-Espana.jpg 893w\" sizes=\"(max-width: 650px) 100vw, 650px\" \/><figcaption id=\"caption-attachment-187332\" class=\"wp-caption-text\">Foto: Nacho Berm\u00fadez \/ Cand\u00e1s 365<\/figcaption><\/figure>\n<p>La ola de calor elevar\u00e1 este jueves las temperaturas m\u00e1ximas por encima de los 36 grados en gran parte de Espa\u00f1a mientras que las m\u00ednimas dejar\u00e1n noches tropicales, sobre todo en el interior y sur peninsular.<\/p>\n<p>La previsi\u00f3n de la Agencia Estatal de Meteorolog\u00eda (<a href=\"https:\/\/www.aemet.es\/\" target=\"_blank\" rel=\"noopener\"><span style=\"color: #ff6600;\"><strong>Aemet<\/strong><\/span><\/a>), recogida por Servimedia, contempla una situaci\u00f3n estable generalizada en toda Espa\u00f1a, aunque en la mitad sur peninsular aumentar\u00e1 la inestabilidad durante el d\u00eda. Habr\u00e1 predominio de cielos poco nubosos o despejados, adem\u00e1s de intervalos de nubes medias y altas en la Pen\u00ednsula y Baleares.<\/p>\n<p>Por la tarde, se formar\u00e1 nubosidad de evoluci\u00f3n en amplias zonas de interior, con tormentas secas y alg\u00fan chubasco en el sureste peninsular. Estas tormentas podr\u00e1n ser fuertes en la B\u00e9tica central acompa\u00f1adas por rachas de viento muy fuerte. No se descarta alguna tormenta d\u00e9bil en los Pirineos y en la baja Ib\u00e9rica. Tambi\u00e9n se esperan intervalos nubosos en el norte de Canarias.<\/p>\n<p>La ola de calor que permanecer\u00e1 hasta el pr\u00f3ximo martes, dejar\u00e1 hoy temperaturas m\u00e1ximas en ascenso en toda Espa\u00f1a incluso localmente notable en el Cant\u00e1brico oriental y con descensos en zonas del litoral atl\u00e1ntico gallegos.<\/p>\n<p>Se superar\u00e1n los 36 grados en la mayor parte de la Pen\u00ednsula, as\u00ed como en puntos de ambos archipi\u00e9lagos, alcanz\u00e1ndose los 40 grados en amplias zonas de la mitad sur de la vertiente atl\u00e1ntica.<\/p>\n<h2>POR ENCIMA DE 36 GRADOS<\/h2>\n<p>Por encima de los 36 grados se situar\u00e1n Albacete (38), \u00c1vila (36), Badajoz (40), Burgos (37), C\u00e1ceres (39), Ciudad Real (41), C\u00f3rdoba (41), Cuenca (37), Granada (39), Guadalajara (39), Huesca (37), Ja\u00e9n (39) y Lleida (37).<\/p>\n<p>Junto a estas ciudades se encontrar\u00e1n Logro\u00f1o (38), Madrid (39), Murcia (39), Palencia (38), Salamanca (39), Segovia (37), Sevilla (38), Soria (37), Teruel (38), Toledo (41), Valladolid (39), Zamora (40) y Zaragoza (39).<\/p>\n<p>Respecto a las m\u00ednimas se producir\u00e1n ascensos de ligeros a moderados en Canarias y en el tercio norte peninsular, m\u00e1s acusados en el alto Ebro, mientras que se producir\u00e1n ligeros descensos en el resto con valores que no bajar\u00e1n de 20-22 grados y superar\u00e1n los 25 grados en el Mediterr\u00e1neo, en la mitad sur peninsular, depresiones del nordeste, zonas de la meseta Norte y sur de Galicia.<\/p>\n<p>Soplar\u00e1n alisios con intervalos de fuerte en Canarias, mientras que en la Pen\u00ednsula y Baleares se esperan vientos flojos con intervalos moderados. Predominar\u00e1n las componentes este y sur en Baleares y en la vertiente mediterr\u00e1nea, sur en la atl\u00e1ntica y norte en el Cant\u00e1brico.<\/p>\n<p>(<span style=\"color: #ff6600;\"><a style=\"color: #ff6600;\" href=\"https:\/\/www.servimedia.es\/\" target=\"_blank\" rel=\"noopener\"><strong>SERVIMEDIA<\/strong><\/a><\/span>)<\/p>\n","protected":false},"excerpt":{"rendered":"<p>M\u00e1s calor en Espa\u00f1a, y nuevo d\u00eda de agosto de 2025 en el que los term\u00f3metros marcar\u00e1n temperaturas por encima de los 36 grados en gran parte del pa\u00eds. La ola de calor elevar\u00e1 este jueves las temperaturas m\u00e1ximas por encima de los 36 grados en gran parte de Espa\u00f1a mientras que las m\u00ednimas dejar\u00e1n<\/p>\n","protected":false},"author":1,"featured_media":187332,"comment_status":"closed","ping_status":"closed","sticky":false,"template":"","format":"standard","meta":{"footnotes":""},"categories":[316,358],"tags":[429],"class_list":{"0":"post-187331","1":"post","2":"type-post","3":"status-publish","4":"format-standard","5":"has-post-thumbnail","7":"category-destacadas","8":"category-el-tiempo","9":"tag-el-tiempo"},"aioseo_notices":[],"aioseo_head":"\n\t\t<!-- All in One SEO Pro 4.9.6.2 - aioseo.com -->\n\t<meta name=\"description\" content=\"M\u00e1s calor en Espa\u00f1a, y nuevo d\u00eda de agosto de 2025 en el que los term\u00f3metros marcar\u00e1n temperaturas por encima de los 36 grados en gran parte del pa\u00eds.\" \/>\n\t<meta name=\"robots\" content=\"max-image-preview:large\" \/>\n\t<meta name=\"author\" content=\"Cand\u00e1s 365\"\/>\n\t<meta name=\"google-site-verification\" content=\"UA-32230408-1\" \/>\n\t<meta name=\"msvalidate.01\" content=\"354F3CDFB2DA171B47FBE9ABF1F88D5\" \/>\n\t<meta name=\"keywords\" content=\"destacadas,el tiempo\" \/>\n\t<link rel=\"canonical\" href=\"https:\/\/candas365.es\/noticias\/mas-calor-el-tiempo-en-espana\/\" \/>\n\t<meta name=\"generator\" content=\"All in One SEO Pro (AIOSEO) 4.9.6.2\" \/>\n\t\t<meta property=\"og:locale\" content=\"es_ES\" \/>\n\t\t<meta property=\"og:site_name\" content=\"Cand\u00e1s 365\" \/>\n\t\t<meta property=\"og:type\" content=\"article\" \/>\n\t\t<meta property=\"og:title\" content=\"M\u00e1s Calor: El tiempo en Espa\u00f1a | Cand\u00e1s 365\" \/>\n\t\t<meta property=\"og:description\" content=\"M\u00e1s calor en Espa\u00f1a, y nuevo d\u00eda de agosto de 2025 en el que los term\u00f3metros marcar\u00e1n temperaturas por encima de los 36 grados en gran parte del pa\u00eds.\" \/>\n\t\t<meta property=\"og:url\" content=\"https:\/\/candas365.es\/noticias\/mas-calor-el-tiempo-en-espana\/\" \/>\n\t\t<meta property=\"og:image\" content=\"https:\/\/candas365.es\/noticias\/wp-content\/uploads\/2025\/08\/Ola-de-calor-Espana.jpg\" \/>\n\t\t<meta property=\"og:image:secure_url\" content=\"https:\/\/candas365.es\/noticias\/wp-content\/uploads\/2025\/08\/Ola-de-calor-Espana.jpg\" \/>\n\t\t<meta property=\"og:image:width\" content=\"893\" \/>\n\t\t<meta property=\"og:image:height\" content=\"656\" \/>\n\t\t<meta property=\"article:published_time\" content=\"2025-08-07T14:52:02+00:00\" \/>\n\t\t<meta property=\"article:modified_time\" content=\"2025-08-07T14:52:02+00:00\" \/>\n\t\t<meta property=\"article:publisher\" content=\"https:\/\/www.facebook.com\/Nachofdezber\" \/>\n\t\t<meta property=\"article:author\" content=\"https:\/\/www.facebook.com\/carrenoactualidad\" \/>\n\t\t<meta name=\"twitter:card\" content=\"summary_large_image\" \/>\n\t\t<meta name=\"twitter:site\" content=\"@NabercoDigital\" \/>\n\t\t<meta name=\"twitter:title\" content=\"M\u00e1s Calor: El tiempo en Espa\u00f1a | Cand\u00e1s 365\" \/>\n\t\t<meta name=\"twitter:description\" content=\"M\u00e1s calor en Espa\u00f1a, y nuevo d\u00eda de agosto de 2025 en el que los term\u00f3metros marcar\u00e1n temperaturas por encima de los 36 grados en gran parte del pa\u00eds.\" \/>\n\t\t<meta name=\"twitter:creator\" content=\"@nbasturias\" \/>\n\t\t<meta name=\"twitter:image\" content=\"https:\/\/candas365.es\/noticias\/wp-content\/uploads\/2025\/08\/Ola-de-calor-Espana.jpg\" \/>\n\t\t<meta name=\"twitter:label1\" content=\"Escrito por\" \/>\n\t\t<meta name=\"twitter:data1\" content=\"Cand\u00e1s 365\" \/>\n\t\t<meta name=\"twitter:label2\" content=\"Tiempo de lectura estimado\" \/>\n\t\t<meta name=\"twitter:data2\" content=\"2 minutos\" \/>\n\t\t<script type=\"application\/ld+json\" class=\"aioseo-schema\">\n\t\t\t{\"@context\":\"https:\\\/\\\/schema.org\",\"@graph\":[{\"@type\":\"BreadcrumbList\",\"@id\":\"https:\\\/\\\/candas365.es\\\/noticias\\\/mas-calor-el-tiempo-en-espana\\\/#breadcrumblist\",\"itemListElement\":[{\"@type\":\"ListItem\",\"@id\":\"https:\\\/\\\/candas365.es\\\/noticias#listItem\",\"position\":1,\"name\":\"Home\",\"item\":\"https:\\\/\\\/candas365.es\\\/noticias\",\"nextItem\":{\"@type\":\"ListItem\",\"@id\":\"https:\\\/\\\/candas365.es\\\/noticias\\\/category\\\/destacadas\\\/#listItem\",\"name\":\"Destacadas\"}},{\"@type\":\"ListItem\",\"@id\":\"https:\\\/\\\/candas365.es\\\/noticias\\\/category\\\/destacadas\\\/#listItem\",\"position\":2,\"name\":\"Destacadas\",\"item\":\"https:\\\/\\\/candas365.es\\\/noticias\\\/category\\\/destacadas\\\/\",\"nextItem\":{\"@type\":\"ListItem\",\"@id\":\"https:\\\/\\\/candas365.es\\\/noticias\\\/mas-calor-el-tiempo-en-espana\\\/#listItem\",\"name\":\"M\\u00e1s Calor: El tiempo en Espa\\u00f1a\"},\"previousItem\":{\"@type\":\"ListItem\",\"@id\":\"https:\\\/\\\/candas365.es\\\/noticias#listItem\",\"name\":\"Home\"}},{\"@type\":\"ListItem\",\"@id\":\"https:\\\/\\\/candas365.es\\\/noticias\\\/mas-calor-el-tiempo-en-espana\\\/#listItem\",\"position\":3,\"name\":\"M\\u00e1s Calor: El tiempo en Espa\\u00f1a\",\"previousItem\":{\"@type\":\"ListItem\",\"@id\":\"https:\\\/\\\/candas365.es\\\/noticias\\\/category\\\/destacadas\\\/#listItem\",\"name\":\"Destacadas\"}}]},{\"@type\":\"NewsArticle\",\"@id\":\"https:\\\/\\\/candas365.es\\\/noticias\\\/mas-calor-el-tiempo-en-espana\\\/#newsarticle\",\"name\":\"M\\u00e1s Calor: El tiempo en Espa\\u00f1a | Cand\\u00e1s 365\",\"headline\":\"M\\u00e1s Calor: El tiempo en Espa\\u00f1a\",\"author\":{\"@id\":\"https:\\\/\\\/candas365.es\\\/noticias\\\/author\\\/admin\\\/#author\"},\"publisher\":{\"@id\":\"https:\\\/\\\/candas365.es\\\/noticias\\\/#organization\"},\"image\":{\"@type\":\"ImageObject\",\"url\":\"https:\\\/\\\/candas365.es\\\/noticias\\\/wp-content\\\/uploads\\\/2025\\\/08\\\/Ola-de-calor-Espana.jpg\",\"width\":893,\"height\":656,\"caption\":\"Foto: Nacho Berm\\u00fadez \\\/ Cand\\u00e1s 365\"},\"datePublished\":\"2025-08-07T16:52:02+02:00\",\"dateModified\":\"2025-08-07T16:52:02+02:00\",\"inLanguage\":\"es-ES\",\"mainEntityOfPage\":{\"@id\":\"https:\\\/\\\/candas365.es\\\/noticias\\\/mas-calor-el-tiempo-en-espana\\\/#webpage\"},\"isPartOf\":{\"@id\":\"https:\\\/\\\/candas365.es\\\/noticias\\\/mas-calor-el-tiempo-en-espana\\\/#webpage\"},\"articleSection\":\"Destacadas, El tiempo, El tiempo\",\"dateline\":\"Publicado el agosto 7, 2025.\"},{\"@type\":\"Organization\",\"@id\":\"https:\\\/\\\/candas365.es\\\/noticias\\\/#organization\",\"name\":\"Cand\\u00e1s 365\",\"description\":\"Cand\\u00e1s 365 es un diario digital independiente, fundado en 2012, con base en Asturias. Informamos con rigor sobre actualidad, sociedad, cultura y ocio, con una mirada local y global.\",\"url\":\"https:\\\/\\\/candas365.es\\\/noticias\\\/\",\"email\":\"info@candas365.es\",\"telephone\":\"+34652131393\",\"foundingDate\":\"2012-06-10\",\"logo\":{\"@type\":\"ImageObject\",\"url\":\"https:\\\/\\\/candas365.es\\\/noticias\\\/wp-content\\\/uploads\\\/2024\\\/09\\\/Candas-365-Redes.jpg\",\"@id\":\"https:\\\/\\\/candas365.es\\\/noticias\\\/mas-calor-el-tiempo-en-espana\\\/#organizationLogo\",\"width\":1152,\"height\":864,\"caption\":\"Cand\\u00e1s 365 Redes\"},\"image\":{\"@id\":\"https:\\\/\\\/candas365.es\\\/noticias\\\/mas-calor-el-tiempo-en-espana\\\/#organizationLogo\"},\"sameAs\":[\"https:\\\/\\\/www.facebook.com\\\/Nachofdezber\",\"https:\\\/\\\/x.com\\\/NabercoDigital\",\"https:\\\/\\\/www.instagram.com\\\/nachofdezber\\\/\",\"https:\\\/\\\/www.youtube.com\\\/channel\\\/UCZP-2wLEB9Rv6erhFmqVnvg\"],\"address\":{\"@id\":\"https:\\\/\\\/candas365.es\\\/noticias\\\/#postaladdress\",\"@type\":\"PostalAddress\",\"streetAddress\":\"san antonio 4, san antonio 4\",\"postalCode\":\"33430\",\"addressLocality\":\"Cand\\u00e1s\",\"addressRegion\":\"Asturias\",\"addressCountry\":\"ES\"}},{\"@type\":\"Person\",\"@id\":\"https:\\\/\\\/candas365.es\\\/noticias\\\/author\\\/admin\\\/#author\",\"url\":\"https:\\\/\\\/candas365.es\\\/noticias\\\/author\\\/admin\\\/\",\"name\":\"Cand\\u00e1s 365\",\"image\":{\"@type\":\"ImageObject\",\"@id\":\"https:\\\/\\\/candas365.es\\\/noticias\\\/mas-calor-el-tiempo-en-espana\\\/#authorImage\",\"url\":\"https:\\\/\\\/secure.gravatar.com\\\/avatar\\\/496a8e03d0c493ede1718b7934145dbdf8d89be1036b0eec9544e1094c9de390?s=96&d=mm&r=g\",\"width\":96,\"height\":96,\"caption\":\"Cand\\u00e1s 365\"},\"sameAs\":[\"https:\\\/\\\/www.facebook.com\\\/carrenoactualidad\",\"https:\\\/\\\/twitter.com\\\/nbasturias\",\"https:\\\/\\\/www.instagram.com\\\/nachofdezber\\\/\",\"https:\\\/\\\/www.youtube.com\\\/channel\\\/UCZP-2wLEB9Rv6erhFmqVnvg\"]},{\"@type\":\"WebPage\",\"@id\":\"https:\\\/\\\/candas365.es\\\/noticias\\\/mas-calor-el-tiempo-en-espana\\\/#webpage\",\"url\":\"https:\\\/\\\/candas365.es\\\/noticias\\\/mas-calor-el-tiempo-en-espana\\\/\",\"name\":\"M\\u00e1s Calor: El tiempo en Espa\\u00f1a | Cand\\u00e1s 365\",\"description\":\"M\\u00e1s calor en Espa\\u00f1a, y nuevo d\\u00eda de agosto de 2025 en el que los term\\u00f3metros marcar\\u00e1n temperaturas por encima de los 36 grados en gran parte del pa\\u00eds.\",\"inLanguage\":\"es-ES\",\"isPartOf\":{\"@id\":\"https:\\\/\\\/candas365.es\\\/noticias\\\/#website\"},\"breadcrumb\":{\"@id\":\"https:\\\/\\\/candas365.es\\\/noticias\\\/mas-calor-el-tiempo-en-espana\\\/#breadcrumblist\"},\"author\":{\"@id\":\"https:\\\/\\\/candas365.es\\\/noticias\\\/author\\\/admin\\\/#author\"},\"creator\":{\"@id\":\"https:\\\/\\\/candas365.es\\\/noticias\\\/author\\\/admin\\\/#author\"},\"image\":{\"@type\":\"ImageObject\",\"url\":\"https:\\\/\\\/candas365.es\\\/noticias\\\/wp-content\\\/uploads\\\/2025\\\/08\\\/Ola-de-calor-Espana.jpg\",\"@id\":\"https:\\\/\\\/candas365.es\\\/noticias\\\/mas-calor-el-tiempo-en-espana\\\/#mainImage\",\"width\":893,\"height\":656,\"caption\":\"Foto: Nacho Berm\\u00fadez \\\/ Cand\\u00e1s 365\"},\"primaryImageOfPage\":{\"@id\":\"https:\\\/\\\/candas365.es\\\/noticias\\\/mas-calor-el-tiempo-en-espana\\\/#mainImage\"},\"datePublished\":\"2025-08-07T16:52:02+02:00\",\"dateModified\":\"2025-08-07T16:52:02+02:00\"},{\"@type\":\"WebSite\",\"@id\":\"https:\\\/\\\/candas365.es\\\/noticias\\\/#website\",\"url\":\"https:\\\/\\\/candas365.es\\\/noticias\\\/\",\"name\":\"Cand\\u00e1s 365\",\"alternateName\":\"Cand\\u00e1s 365 Noticias\",\"description\":\"Actualidad desde Carre\\u00f1o para el mundo\",\"inLanguage\":\"es-ES\",\"publisher\":{\"@id\":\"https:\\\/\\\/candas365.es\\\/noticias\\\/#organization\"}}]}\n\t\t<\/script>\n\t\t<!-- All in One SEO Pro -->\r\n\t\t<title>M\u00e1s Calor: El tiempo en Espa\u00f1a | Cand\u00e1s 365<\/title>\n\n","aioseo_head_json":{"title":"M\u00e1s Calor: El tiempo en Espa\u00f1a | Cand\u00e1s 365","description":"M\u00e1s calor en Espa\u00f1a, y nuevo d\u00eda de agosto de 2025 en el que los term\u00f3metros marcar\u00e1n temperaturas por encima de los 36 grados en gran parte del pa\u00eds.","canonical_url":"https:\/\/candas365.es\/noticias\/mas-calor-el-tiempo-en-espana\/","robots":"max-image-preview:large","keywords":"destacadas,el tiempo","webmasterTools":{"google-site-verification":"UA-32230408-1","msvalidate.01":"354F3CDFB2DA171B47FBE9ABF1F88D5","miscellaneous":""},"schema":{"@context":"https:\/\/schema.org","@graph":[{"@type":"BreadcrumbList","@id":"https:\/\/candas365.es\/noticias\/mas-calor-el-tiempo-en-espana\/#breadcrumblist","itemListElement":[{"@type":"ListItem","@id":"https:\/\/candas365.es\/noticias#listItem","position":1,"name":"Home","item":"https:\/\/candas365.es\/noticias","nextItem":{"@type":"ListItem","@id":"https:\/\/candas365.es\/noticias\/category\/destacadas\/#listItem","name":"Destacadas"}},{"@type":"ListItem","@id":"https:\/\/candas365.es\/noticias\/category\/destacadas\/#listItem","position":2,"name":"Destacadas","item":"https:\/\/candas365.es\/noticias\/category\/destacadas\/","nextItem":{"@type":"ListItem","@id":"https:\/\/candas365.es\/noticias\/mas-calor-el-tiempo-en-espana\/#listItem","name":"M\u00e1s Calor: El tiempo en Espa\u00f1a"},"previousItem":{"@type":"ListItem","@id":"https:\/\/candas365.es\/noticias#listItem","name":"Home"}},{"@type":"ListItem","@id":"https:\/\/candas365.es\/noticias\/mas-calor-el-tiempo-en-espana\/#listItem","position":3,"name":"M\u00e1s Calor: El tiempo en Espa\u00f1a","previousItem":{"@type":"ListItem","@id":"https:\/\/candas365.es\/noticias\/category\/destacadas\/#listItem","name":"Destacadas"}}]},{"@type":"NewsArticle","@id":"https:\/\/candas365.es\/noticias\/mas-calor-el-tiempo-en-espana\/#newsarticle","name":"M\u00e1s Calor: El tiempo en Espa\u00f1a | Cand\u00e1s 365","headline":"M\u00e1s Calor: El tiempo en Espa\u00f1a","author":{"@id":"https:\/\/candas365.es\/noticias\/author\/admin\/#author"},"publisher":{"@id":"https:\/\/candas365.es\/noticias\/#organization"},"image":{"@type":"ImageObject","url":"https:\/\/candas365.es\/noticias\/wp-content\/uploads\/2025\/08\/Ola-de-calor-Espana.jpg","width":893,"height":656,"caption":"Foto: Nacho Berm\u00fadez \/ Cand\u00e1s 365"},"datePublished":"2025-08-07T16:52:02+02:00","dateModified":"2025-08-07T16:52:02+02:00","inLanguage":"es-ES","mainEntityOfPage":{"@id":"https:\/\/candas365.es\/noticias\/mas-calor-el-tiempo-en-espana\/#webpage"},"isPartOf":{"@id":"https:\/\/candas365.es\/noticias\/mas-calor-el-tiempo-en-espana\/#webpage"},"articleSection":"Destacadas, El tiempo, El tiempo","dateline":"Publicado el agosto 7, 2025."},{"@type":"Organization","@id":"https:\/\/candas365.es\/noticias\/#organization","name":"Cand\u00e1s 365","description":"Cand\u00e1s 365 es un diario digital independiente, fundado en 2012, con base en Asturias. Informamos con rigor sobre actualidad, sociedad, cultura y ocio, con una mirada local y global.","url":"https:\/\/candas365.es\/noticias\/","email":"info@candas365.es","telephone":"+34652131393","foundingDate":"2012-06-10","logo":{"@type":"ImageObject","url":"https:\/\/candas365.es\/noticias\/wp-content\/uploads\/2024\/09\/Candas-365-Redes.jpg","@id":"https:\/\/candas365.es\/noticias\/mas-calor-el-tiempo-en-espana\/#organizationLogo","width":1152,"height":864,"caption":"Cand\u00e1s 365 Redes"},"image":{"@id":"https:\/\/candas365.es\/noticias\/mas-calor-el-tiempo-en-espana\/#organizationLogo"},"sameAs":["https:\/\/www.facebook.com\/Nachofdezber","https:\/\/x.com\/NabercoDigital","https:\/\/www.instagram.com\/nachofdezber\/","https:\/\/www.youtube.com\/channel\/UCZP-2wLEB9Rv6erhFmqVnvg"],"address":{"@id":"https:\/\/candas365.es\/noticias\/#postaladdress","@type":"PostalAddress","streetAddress":"san antonio 4, san antonio 4","postalCode":"33430","addressLocality":"Cand\u00e1s","addressRegion":"Asturias","addressCountry":"ES"}},{"@type":"Person","@id":"https:\/\/candas365.es\/noticias\/author\/admin\/#author","url":"https:\/\/candas365.es\/noticias\/author\/admin\/","name":"Cand\u00e1s 365","image":{"@type":"ImageObject","@id":"https:\/\/candas365.es\/noticias\/mas-calor-el-tiempo-en-espana\/#authorImage","url":"https:\/\/secure.gravatar.com\/avatar\/496a8e03d0c493ede1718b7934145dbdf8d89be1036b0eec9544e1094c9de390?s=96&d=mm&r=g","width":96,"height":96,"caption":"Cand\u00e1s 365"},"sameAs":["https:\/\/www.facebook.com\/carrenoactualidad","https:\/\/twitter.com\/nbasturias","https:\/\/www.instagram.com\/nachofdezber\/","https:\/\/www.youtube.com\/channel\/UCZP-2wLEB9Rv6erhFmqVnvg"]},{"@type":"WebPage","@id":"https:\/\/candas365.es\/noticias\/mas-calor-el-tiempo-en-espana\/#webpage","url":"https:\/\/candas365.es\/noticias\/mas-calor-el-tiempo-en-espana\/","name":"M\u00e1s Calor: El tiempo en Espa\u00f1a | Cand\u00e1s 365","description":"M\u00e1s calor en Espa\u00f1a, y nuevo d\u00eda de agosto de 2025 en el que los term\u00f3metros marcar\u00e1n temperaturas por encima de los 36 grados en gran parte del pa\u00eds.","inLanguage":"es-ES","isPartOf":{"@id":"https:\/\/candas365.es\/noticias\/#website"},"breadcrumb":{"@id":"https:\/\/candas365.es\/noticias\/mas-calor-el-tiempo-en-espana\/#breadcrumblist"},"author":{"@id":"https:\/\/candas365.es\/noticias\/author\/admin\/#author"},"creator":{"@id":"https:\/\/candas365.es\/noticias\/author\/admin\/#author"},"image":{"@type":"ImageObject","url":"https:\/\/candas365.es\/noticias\/wp-content\/uploads\/2025\/08\/Ola-de-calor-Espana.jpg","@id":"https:\/\/candas365.es\/noticias\/mas-calor-el-tiempo-en-espana\/#mainImage","width":893,"height":656,"caption":"Foto: Nacho Berm\u00fadez \/ Cand\u00e1s 365"},"primaryImageOfPage":{"@id":"https:\/\/candas365.es\/noticias\/mas-calor-el-tiempo-en-espana\/#mainImage"},"datePublished":"2025-08-07T16:52:02+02:00","dateModified":"2025-08-07T16:52:02+02:00"},{"@type":"WebSite","@id":"https:\/\/candas365.es\/noticias\/#website","url":"https:\/\/candas365.es\/noticias\/","name":"Cand\u00e1s 365","alternateName":"Cand\u00e1s 365 Noticias","description":"Actualidad desde Carre\u00f1o para el mundo","inLanguage":"es-ES","publisher":{"@id":"https:\/\/candas365.es\/noticias\/#organization"}}]},"og:locale":"es_ES","og:site_name":"Cand\u00e1s 365","og:type":"article","og:title":"M\u00e1s Calor: El tiempo en Espa\u00f1a | Cand\u00e1s 365","og:description":"M\u00e1s calor en Espa\u00f1a, y nuevo d\u00eda de agosto de 2025 en el que los term\u00f3metros marcar\u00e1n temperaturas por encima de los 36 grados en gran parte del pa\u00eds.","og:url":"https:\/\/candas365.es\/noticias\/mas-calor-el-tiempo-en-espana\/","og:image":"https:\/\/candas365.es\/noticias\/wp-content\/uploads\/2025\/08\/Ola-de-calor-Espana.jpg","og:image:secure_url":"https:\/\/candas365.es\/noticias\/wp-content\/uploads\/2025\/08\/Ola-de-calor-Espana.jpg","og:image:width":893,"og:image:height":656,"article:published_time":"2025-08-07T14:52:02+00:00","article:modified_time":"2025-08-07T14:52:02+00:00","article:publisher":"https:\/\/www.facebook.com\/Nachofdezber","article:author":"https:\/\/www.facebook.com\/carrenoactualidad","twitter:card":"summary_large_image","twitter:site":"@NabercoDigital","twitter:title":"M\u00e1s Calor: El tiempo en Espa\u00f1a | Cand\u00e1s 365","twitter:description":"M\u00e1s calor en Espa\u00f1a, y nuevo d\u00eda de agosto de 2025 en el que los term\u00f3metros marcar\u00e1n temperaturas por encima de los 36 grados en gran parte del pa\u00eds.","twitter:creator":"@nbasturias","twitter:image":"https:\/\/candas365.es\/noticias\/wp-content\/uploads\/2025\/08\/Ola-de-calor-Espana.jpg","twitter:label1":"Escrito por","twitter:data1":"Cand\u00e1s 365","twitter:label2":"Tiempo de lectura estimado","twitter:data2":"2 minutos"},"aioseo_meta_data":{"post_id":"187331","title":null,"description":"M\u00e1s calor en Espa\u00f1a, y nuevo d\u00eda de agosto de 2025 en el que los term\u00f3metros marcar\u00e1n temperaturas por encima de los 36 grados en gran parte del pa\u00eds.","keywords":null,"keyphrases":{"focus":{"keyphrase":"Espa\u00f1a","score":91,"analysis":{"keyphraseInTitle":{"score":9,"maxScore":9,"error":0},"keyphraseInDescription":{"score":9,"maxScore":9,"error":0},"keyphraseLength":{"score":9,"maxScore":9,"error":0,"length":2},"keyphraseInURL":{"score":5,"maxScore":5,"error":0},"keyphraseInIntroduction":{"score":9,"maxScore":9,"error":0},"keyphraseInSubHeadings":{"score":3,"maxScore":9,"error":1},"keyphraseInImageAlt":{"score":9,"maxScore":9,"error":0},"keywordDensity":{"type":"best","score":9,"maxScore":9,"error":0}}},"additional":[{"keyphrase":"calor","score":100,"analysis":{"keyphraseInDescription":{"score":9,"maxScore":9,"error":0},"keyphraseLength":{"score":9,"maxScore":9,"error":0,"length":1},"keyphraseInIntroduction":{"score":9,"maxScore":9,"error":0},"keyphraseInImageAlt":{"score":9,"maxScore":9,"error":0},"keywordDensity":{"type":"best","score":9,"maxScore":9,"error":0}}}]},"primary_term":null,"canonical_url":null,"og_title":null,"og_description":null,"og_object_type":"default","og_image_type":"default","og_image_url":null,"og_image_width":null,"og_image_height":null,"og_image_custom_url":null,"og_image_custom_fields":null,"og_video":"","og_custom_url":null,"og_article_section":null,"og_article_tags":null,"twitter_use_og":false,"twitter_card":"default","twitter_image_type":"default","twitter_image_url":null,"twitter_image_custom_url":null,"twitter_image_custom_fields":null,"twitter_title":null,"twitter_description":null,"schema":{"blockGraphs":[],"customGraphs":[],"default":{"data":{"Article":[],"Course":[],"Dataset":[],"FAQPage":[],"Movie":[],"Person":[],"Product":[],"ProductReview":[],"Car":[],"Recipe":[],"Service":[],"SoftwareApplication":[],"WebPage":[]},"graphName":"Article","isEnabled":true},"graphs":[]},"schema_type":"default","schema_type_options":null,"pillar_content":false,"robots_default":true,"robots_noindex":false,"robots_noarchive":false,"robots_nosnippet":false,"robots_nofollow":false,"robots_noimageindex":false,"robots_noodp":false,"robots_notranslate":false,"robots_max_snippet":"-1","robots_max_videopreview":"-1","robots_max_imagepreview":"large","priority":null,"frequency":"default","location":null,"local_seo":null,"seo_analyzer_scan_date":"2025-09-03 14:20:21","breadcrumb_settings":null,"limit_modified_date":false,"reviewed_by":null,"open_ai":null,"ai":{"faqs":[],"keyPoints":[],"titles":[],"descriptions":[],"socialPosts":{"email":[],"linkedin":[],"twitter":[],"facebook":[],"instagram":[]}},"created":"2025-08-07 14:39:11","updated":"2025-09-03 14:20:21"},"aioseo_breadcrumb":"<div class=\"aioseo-breadcrumbs\"><span class=\"aioseo-breadcrumb\">\n\t<a href=\"https:\/\/candas365.es\/noticias\" title=\"Home\">Home<\/a>\n<\/span><span class=\"aioseo-breadcrumb-separator\">&ndash;<\/span><span class=\"aioseo-breadcrumb\">\n\t<a href=\"https:\/\/candas365.es\/noticias\/category\/destacadas\/\" title=\"Destacadas\">Destacadas<\/a>\n<\/span><span class=\"aioseo-breadcrumb-separator\">&ndash;<\/span><span class=\"aioseo-breadcrumb\">\n\tM\u00e1s Calor: El tiempo en Espa\u00f1a\n<\/span><\/div>","aioseo_breadcrumb_json":[{"label":"Home","link":"https:\/\/candas365.es\/noticias"},{"label":"Destacadas","link":"https:\/\/candas365.es\/noticias\/category\/destacadas\/"},{"label":"M\u00e1s Calor: El tiempo en Espa\u00f1a","link":"https:\/\/candas365.es\/noticias\/mas-calor-el-tiempo-en-espana\/"}],"_links":{"self":[{"href":"https:\/\/candas365.es\/noticias\/wp-json\/wp\/v2\/posts\/187331","targetHints":{"allow":["GET"]}}],"collection":[{"href":"https:\/\/candas365.es\/noticias\/wp-json\/wp\/v2\/posts"}],"about":[{"href":"https:\/\/candas365.es\/noticias\/wp-json\/wp\/v2\/types\/post"}],"author":[{"embeddable":true,"href":"https:\/\/candas365.es\/noticias\/wp-json\/wp\/v2\/users\/1"}],"replies":[{"embeddable":true,"href":"https:\/\/candas365.es\/noticias\/wp-json\/wp\/v2\/comments?post=187331"}],"version-history":[{"count":0,"href":"https:\/\/candas365.es\/noticias\/wp-json\/wp\/v2\/posts\/187331\/revisions"}],"wp:featuredmedia":[{"embeddable":true,"href":"https:\/\/candas365.es\/noticias\/wp-json\/wp\/v2\/media\/187332"}],"wp:attachment":[{"href":"https:\/\/candas365.es\/noticias\/wp-json\/wp\/v2\/media?parent=187331"}],"wp:term":[{"taxonomy":"category","embeddable":true,"href":"https:\/\/candas365.es\/noticias\/wp-json\/wp\/v2\/categories?post=187331"},{"taxonomy":"post_tag","embeddable":true,"href":"https:\/\/candas365.es\/noticias\/wp-json\/wp\/v2\/tags?post=187331"}],"curies":[{"name":"wp","href":"https:\/\/api.w.org\/{rel}","templated":true}]}}