{"id":187328,"date":"2025-08-07T16:38:22","date_gmt":"2025-08-07T14:38:22","guid":{"rendered":"https:\/\/candas365.es\/noticias\/?p=187328"},"modified":"2025-08-07T16:38:22","modified_gmt":"2025-08-07T14:38:22","slug":"los-aranceles-de-trump-a-europa","status":"publish","type":"post","link":"https:\/\/candas365.es\/noticias\/los-aranceles-de-trump-a-europa\/","title":{"rendered":"Los aranceles de Trump a Europa"},"content":{"rendered":"<p>Hoy jueves la administraci\u00f3n de <strong>Donald Trump<\/strong> ha puesto en marcha los <strong>aranceles a los productos procedentes de la Uni\u00f3n Europea<\/strong>, que con car\u00e1cter general aplican un 15% de gravamen a las <a href=\"https:\/\/candas365.es\/noticias\/category\/economia\/\"><span style=\"color: #ff6600;\"><strong>exportaciones<\/strong><\/span><\/a> del viejo continente, mientras que el acero y el aluminio mantienen la tasa del 50% establecida originalmente.<\/p>\n<figure id=\"attachment_187329\" aria-describedby=\"caption-attachment-187329\" style=\"width: 650px\" class=\"wp-caption aligncenter\"><img fetchpriority=\"high\" decoding=\"async\" class=\"size-large wp-image-187329\" src=\"https:\/\/candas365.es\/noticias\/wp-content\/uploads\/2025\/08\/Los-aranceles-de-Trump-a-Europa-650x455.jpg\" alt=\"Los aranceles de Trump a Europa\" width=\"650\" height=\"455\" srcset=\"https:\/\/candas365.es\/noticias\/wp-content\/uploads\/2025\/08\/Los-aranceles-de-Trump-a-Europa-650x455.jpg 650w, https:\/\/candas365.es\/noticias\/wp-content\/uploads\/2025\/08\/Los-aranceles-de-Trump-a-Europa-360x252.jpg 360w, https:\/\/candas365.es\/noticias\/wp-content\/uploads\/2025\/08\/Los-aranceles-de-Trump-a-Europa-768x538.jpg 768w, https:\/\/candas365.es\/noticias\/wp-content\/uploads\/2025\/08\/Los-aranceles-de-Trump-a-Europa-150x105.jpg 150w, https:\/\/candas365.es\/noticias\/wp-content\/uploads\/2025\/08\/Los-aranceles-de-Trump-a-Europa-450x315.jpg 450w, https:\/\/candas365.es\/noticias\/wp-content\/uploads\/2025\/08\/Los-aranceles-de-Trump-a-Europa.jpg 951w\" sizes=\"(max-width: 650px) 100vw, 650px\" \/><figcaption id=\"caption-attachment-187329\" class=\"wp-caption-text\">Von der Leyen, en una intervenci\u00f3n ante el Parlamento Europeo | Foto del Parlamento Europeo<\/figcaption><\/figure>\n<p>Estos aranceles son fruto del acuerdo comercial que Trump cerr\u00f3 el 27 de julio en Escocia con la presidenta de la Comisi\u00f3n Europea, Ursula von der Leyen, tras la amenaza inicial del dirigente americano de fijar aranceles del 30% a los productos comunitarios. Aunque el pacto contemplaba su entrada en vigor el 1 de agosto, Trump anunci\u00f3 pocas horas antes que aplazaba su aplicaci\u00f3n al 7 de agosto por cuestiones t\u00e9cnicas fronterizas.<\/p>\n<p>La relaci\u00f3n comercial transatl\u00e1ntica alcanza los 1,7 billones de euros, por lo que los nuevos aranceles pueden perjudicar las exportaciones de las empresas europeas hacia Estados Unidos y da\u00f1ar la situaci\u00f3n econ\u00f3mica de los pa\u00edses de la UE, con un crecimiento medio en la eurozona por debajo del 1%.<\/p>\n<p>El acuerdo se logr\u00f3 tras una reuni\u00f3n largamente esperada entre Trump y la presidenta de la Comisi\u00f3n Europea, Ursula von der Leyen, en el complejo de golf del l\u00edder republicano en Turnberry, Escocia. \u00abCreo que ambos quer\u00edamos llegar a un acuerdo satisfactorio para ambas partes\u00bb, dijo Trump tras la reuni\u00f3n, a la vez que pronostic\u00f3 que el pacto \u00abva a ser muy bueno para todos\u00bb.<\/p>\n<p>Ese arancel fijo del 15% se aplicar\u00e1 a las importaciones de la UE, incluidos los autom\u00f3viles. La buena noticia es que los productos farmac\u00e9uticos europeos quedan exentos de la medida de castigo comercial, seg\u00fan confirm\u00f3 Trump, quien adem\u00e1s subray\u00f3 que el acuerdo contempla que la UE compre energ\u00eda estadounidense por valor de 750.000 millones de d\u00f3lares e invierta 600.000 millones de d\u00f3lares en Estados Unidos \u00abm\u00e1s all\u00e1\u00bb de lo que ya ha prometido.<\/p>\n<p>El acuerdo puso fin a varios meses de intensos esfuerzos por parte de los jefes de Estado y de Gobierno de la UE para negociar una reducci\u00f3n de los dr\u00e1sticos grav\u00e1menes de Trump, que han trastocado las cadenas de suministro mundiales y agravado el creciente malestar econ\u00f3mico de la UE.<\/p>\n<p>Hasta la fecha, Trump ha impuesto aranceles del 50% al acero y el aluminio, del 25% a los autom\u00f3viles y sus piezas, y un gravamen general del 10% a la mayor\u00eda del resto de exportaciones de la UE, lo cual afecta a bienes del bloque comunitario por valor de cerca de 370.000 millones de euros, equivalentes al 70% de las exportaciones europeas a Estados Unidos.<\/p>\n<h2>REACCIONES EN ESPA\u00d1A<\/h2>\n<p>El acuerdo arancelario con Trump fue recibido en Espa\u00f1a con cautela, tal y como manifest\u00f3 el presidente del Gobierno, Pedro S\u00e1nchez, en su balance ante la prensa justo al d\u00eda siguiente. \u00abValoro el esfuerzo de la Comisi\u00f3n Europea y la actitud negociadora y constructiva de la presidenta y respaldo este acuerdo comercial, pero lo hago sin ning\u00fan entusiasmo\u00bb, afirm\u00f3.<\/p>\n<p>S\u00e1nchez manifest\u00f3 que \u00abEuropa se tiene que poner las pilas en todos los \u00e1mbitos, en la autonom\u00eda estrat\u00e9gica o en las relaciones comerciales con otros pa\u00edses\u00bb. \u00abTenemos que diversificar nuestras relaciones comerciales, hacerlo con bloques regionales que quieren acordar con Europa\u00bb, como por ejemplo el futuro acuerdo que la Uni\u00f3n Europea cerrar\u00e1 con Mercosur.<\/p>\n<p>Por su parte, el ministro de Econom\u00eda, Carlos Cuerpo, admiti\u00f3 que \u201cel escenario m\u00e1s positivo\u201d respecto a los aranceles \u201chabr\u00eda sido de reducci\u00f3n de barreras y m\u00e1s integraci\u00f3n entre las econom\u00edas m\u00e1s importantes del mundo\u201d, en lugar de un porcentaje general del 15%.<\/p>\n<p>En las \u00faltimas horas, Cuerpo se ha puesto en contacto con las comunidades aut\u00f3nomas para emplazarlas a celebrar en septiembre la tercera reuni\u00f3n interterritorial con el fin de abordar el impacto de los aranceles impuestos por la Administraci\u00f3n Trump en la econom\u00eda espa\u00f1ola.<\/p>\n<p>Los socios de Pedro S\u00e1nchez han sido m\u00e1s cr\u00edticos con los aranceles de Trump. Tanto la vicepresidenta segunda del Gobierno y l\u00edder de Sumar, Yolanda D\u00edaz, como el ministro de Cultura y portavoz de esta formaci\u00f3n, Ernest Urtasun, tacharon de \u00aberror\u00bb el acuerdo comercial firmado por la Comisi\u00f3n Europea y Estados Unidos, por agudizar la dependencia energ\u00e9tica de la UE.<\/p>\n<p>Para el coordinador federal de Izquierda Unida, Antonio Ma\u00edllo, el acuerdo \u00absupone la rendici\u00f3n de la Uni\u00f3n Europea ante los Estados Unidos\u00bb. En este sentido, evoc\u00f3 que, \u00ab87 a\u00f1os despu\u00e9s de la rendici\u00f3n de M\u00fanich ante Hitler por las potencias europeas de entonces\u00bb, Europa \u00abse rinde ante el otro emperador, ante Trump\u00bb.<\/p>\n<p>Por su parte, el portavoz de la Ejecutiva de Podemos, Pablo Fern\u00e1ndez, tach\u00f3 de \u00abhumillaci\u00f3n\u00bb y \u00abverg\u00fcenza\u00bb el acuerdo comercial de Ursula von der Leyen con Donald Trump, al entender que la UE queda como \u00ablamebotas\u00bb de EEUU y augur\u00f3 que los pa\u00edses de la UE tendr\u00e1n que aplicar recortes sociales para pagar sus cl\u00e1usulas.<\/p>\n<p>(<a href=\"https:\/\/www.servimedia.es\/\" target=\"_blank\" rel=\"noopener\"><span style=\"color: #ff6600;\"><strong>SERVIMEDIA<\/strong><\/span><\/a>)<\/p>\n","protected":false},"excerpt":{"rendered":"<p>Hoy jueves la administraci\u00f3n de Donald Trump ha puesto en marcha los aranceles a los productos procedentes de la Uni\u00f3n Europea, que con car\u00e1cter general aplican un 15% de gravamen a las exportaciones del viejo continente, mientras que el acero y el aluminio mantienen la tasa del 50% establecida originalmente. Estos aranceles son fruto del<\/p>\n","protected":false},"author":1,"featured_media":187329,"comment_status":"closed","ping_status":"closed","sticky":false,"template":"","format":"standard","meta":{"footnotes":""},"categories":[486],"tags":[437],"class_list":{"0":"post-187328","1":"post","2":"type-post","3":"status-publish","4":"format-standard","5":"has-post-thumbnail","7":"category-economia","8":"tag-economia"},"aioseo_notices":[],"aioseo_head":"\n\t\t<!-- All in One SEO Pro 4.9.6.2 - aioseo.com -->\n\t<meta name=\"description\" content=\"Hoy jueves la administraci\u00f3n de Donald Trump ha puesto en marcha los aranceles a los productos procedentes de la Uni\u00f3n Europea, que con car\u00e1cter general\" \/>\n\t<meta name=\"robots\" content=\"max-image-preview:large\" \/>\n\t<meta name=\"author\" content=\"Cand\u00e1s 365\"\/>\n\t<meta name=\"google-site-verification\" content=\"UA-32230408-1\" \/>\n\t<meta name=\"msvalidate.01\" content=\"354F3CDFB2DA171B47FBE9ABF1F88D5\" \/>\n\t<meta name=\"keywords\" content=\"econom\u00eda\" \/>\n\t<link rel=\"canonical\" href=\"https:\/\/candas365.es\/noticias\/los-aranceles-de-trump-a-europa\/\" \/>\n\t<meta name=\"generator\" content=\"All in One SEO Pro (AIOSEO) 4.9.6.2\" \/>\n\t\t<meta property=\"og:locale\" content=\"es_ES\" \/>\n\t\t<meta property=\"og:site_name\" content=\"Cand\u00e1s 365\" \/>\n\t\t<meta property=\"og:type\" content=\"article\" \/>\n\t\t<meta property=\"og:title\" content=\"Los aranceles de Trump a Europa | Cand\u00e1s 365\" \/>\n\t\t<meta property=\"og:description\" content=\"Hoy jueves la administraci\u00f3n de Donald Trump ha puesto en marcha los aranceles a los productos procedentes de la Uni\u00f3n Europea, que con car\u00e1cter general\" \/>\n\t\t<meta property=\"og:url\" content=\"https:\/\/candas365.es\/noticias\/los-aranceles-de-trump-a-europa\/\" \/>\n\t\t<meta property=\"og:image\" content=\"https:\/\/candas365.es\/noticias\/wp-content\/uploads\/2025\/08\/Los-aranceles-de-Trump-a-Europa.jpg\" \/>\n\t\t<meta property=\"og:image:secure_url\" content=\"https:\/\/candas365.es\/noticias\/wp-content\/uploads\/2025\/08\/Los-aranceles-de-Trump-a-Europa.jpg\" \/>\n\t\t<meta property=\"og:image:width\" content=\"951\" \/>\n\t\t<meta property=\"og:image:height\" content=\"666\" \/>\n\t\t<meta property=\"article:published_time\" content=\"2025-08-07T14:38:22+00:00\" \/>\n\t\t<meta property=\"article:modified_time\" content=\"2025-08-07T14:38:22+00:00\" \/>\n\t\t<meta property=\"article:publisher\" content=\"https:\/\/www.facebook.com\/Nachofdezber\" \/>\n\t\t<meta property=\"article:author\" content=\"https:\/\/www.facebook.com\/carrenoactualidad\" \/>\n\t\t<meta name=\"twitter:card\" content=\"summary_large_image\" \/>\n\t\t<meta name=\"twitter:site\" content=\"@NabercoDigital\" \/>\n\t\t<meta name=\"twitter:title\" content=\"Los aranceles de Trump a Europa | Cand\u00e1s 365\" \/>\n\t\t<meta name=\"twitter:description\" content=\"Hoy jueves la administraci\u00f3n de Donald Trump ha puesto en marcha los aranceles a los productos procedentes de la Uni\u00f3n Europea, que con car\u00e1cter general\" \/>\n\t\t<meta name=\"twitter:creator\" content=\"@nbasturias\" \/>\n\t\t<meta name=\"twitter:image\" content=\"https:\/\/candas365.es\/noticias\/wp-content\/uploads\/2025\/08\/Los-aranceles-de-Trump-a-Europa.jpg\" \/>\n\t\t<meta name=\"twitter:label1\" content=\"Escrito por\" \/>\n\t\t<meta name=\"twitter:data1\" content=\"Cand\u00e1s 365\" \/>\n\t\t<meta name=\"twitter:label2\" content=\"Tiempo de lectura estimado\" \/>\n\t\t<meta name=\"twitter:data2\" content=\"4 minutos\" \/>\n\t\t<script type=\"application\/ld+json\" class=\"aioseo-schema\">\n\t\t\t{\"@context\":\"https:\\\/\\\/schema.org\",\"@graph\":[{\"@type\":\"BreadcrumbList\",\"@id\":\"https:\\\/\\\/candas365.es\\\/noticias\\\/los-aranceles-de-trump-a-europa\\\/#breadcrumblist\",\"itemListElement\":[{\"@type\":\"ListItem\",\"@id\":\"https:\\\/\\\/candas365.es\\\/noticias#listItem\",\"position\":1,\"name\":\"Home\",\"item\":\"https:\\\/\\\/candas365.es\\\/noticias\",\"nextItem\":{\"@type\":\"ListItem\",\"@id\":\"https:\\\/\\\/candas365.es\\\/noticias\\\/category\\\/economia\\\/#listItem\",\"name\":\"Econom\\u00eda\"}},{\"@type\":\"ListItem\",\"@id\":\"https:\\\/\\\/candas365.es\\\/noticias\\\/category\\\/economia\\\/#listItem\",\"position\":2,\"name\":\"Econom\\u00eda\",\"item\":\"https:\\\/\\\/candas365.es\\\/noticias\\\/category\\\/economia\\\/\",\"nextItem\":{\"@type\":\"ListItem\",\"@id\":\"https:\\\/\\\/candas365.es\\\/noticias\\\/los-aranceles-de-trump-a-europa\\\/#listItem\",\"name\":\"Los aranceles de Trump a Europa\"},\"previousItem\":{\"@type\":\"ListItem\",\"@id\":\"https:\\\/\\\/candas365.es\\\/noticias#listItem\",\"name\":\"Home\"}},{\"@type\":\"ListItem\",\"@id\":\"https:\\\/\\\/candas365.es\\\/noticias\\\/los-aranceles-de-trump-a-europa\\\/#listItem\",\"position\":3,\"name\":\"Los aranceles de Trump a Europa\",\"previousItem\":{\"@type\":\"ListItem\",\"@id\":\"https:\\\/\\\/candas365.es\\\/noticias\\\/category\\\/economia\\\/#listItem\",\"name\":\"Econom\\u00eda\"}}]},{\"@type\":\"NewsArticle\",\"@id\":\"https:\\\/\\\/candas365.es\\\/noticias\\\/los-aranceles-de-trump-a-europa\\\/#newsarticle\",\"name\":\"Los aranceles de Trump a Europa | Cand\\u00e1s 365\",\"headline\":\"Los aranceles de Trump a Europa\",\"author\":{\"@id\":\"https:\\\/\\\/candas365.es\\\/noticias\\\/author\\\/admin\\\/#author\"},\"publisher\":{\"@id\":\"https:\\\/\\\/candas365.es\\\/noticias\\\/#organization\"},\"image\":{\"@type\":\"ImageObject\",\"url\":\"https:\\\/\\\/candas365.es\\\/noticias\\\/wp-content\\\/uploads\\\/2025\\\/08\\\/Los-aranceles-de-Trump-a-Europa.jpg\",\"width\":951,\"height\":666,\"caption\":\"Von der Leyen, en una intervenci\\u00f3n ante el Parlamento Europeo | Foto del Parlamento Europeo\"},\"datePublished\":\"2025-08-07T16:38:22+02:00\",\"dateModified\":\"2025-08-07T16:38:22+02:00\",\"inLanguage\":\"es-ES\",\"mainEntityOfPage\":{\"@id\":\"https:\\\/\\\/candas365.es\\\/noticias\\\/los-aranceles-de-trump-a-europa\\\/#webpage\"},\"isPartOf\":{\"@id\":\"https:\\\/\\\/candas365.es\\\/noticias\\\/los-aranceles-de-trump-a-europa\\\/#webpage\"},\"articleSection\":\"Econom\\u00eda, Econom\\u00eda\",\"dateline\":\"Publicado el agosto 7, 2025.\"},{\"@type\":\"Organization\",\"@id\":\"https:\\\/\\\/candas365.es\\\/noticias\\\/#organization\",\"name\":\"Cand\\u00e1s 365\",\"description\":\"Cand\\u00e1s 365 es un diario digital independiente, fundado en 2012, con base en Asturias. Informamos con rigor sobre actualidad, sociedad, cultura y ocio, con una mirada local y global.\",\"url\":\"https:\\\/\\\/candas365.es\\\/noticias\\\/\",\"email\":\"info@candas365.es\",\"telephone\":\"+34652131393\",\"foundingDate\":\"2012-06-10\",\"logo\":{\"@type\":\"ImageObject\",\"url\":\"https:\\\/\\\/candas365.es\\\/noticias\\\/wp-content\\\/uploads\\\/2024\\\/09\\\/Candas-365-Redes.jpg\",\"@id\":\"https:\\\/\\\/candas365.es\\\/noticias\\\/los-aranceles-de-trump-a-europa\\\/#organizationLogo\",\"width\":1152,\"height\":864,\"caption\":\"Cand\\u00e1s 365 Redes\"},\"image\":{\"@id\":\"https:\\\/\\\/candas365.es\\\/noticias\\\/los-aranceles-de-trump-a-europa\\\/#organizationLogo\"},\"sameAs\":[\"https:\\\/\\\/www.facebook.com\\\/Nachofdezber\",\"https:\\\/\\\/x.com\\\/NabercoDigital\",\"https:\\\/\\\/www.instagram.com\\\/nachofdezber\\\/\",\"https:\\\/\\\/www.youtube.com\\\/channel\\\/UCZP-2wLEB9Rv6erhFmqVnvg\"],\"address\":{\"@id\":\"https:\\\/\\\/candas365.es\\\/noticias\\\/#postaladdress\",\"@type\":\"PostalAddress\",\"streetAddress\":\"san antonio 4, san antonio 4\",\"postalCode\":\"33430\",\"addressLocality\":\"Cand\\u00e1s\",\"addressRegion\":\"Asturias\",\"addressCountry\":\"ES\"}},{\"@type\":\"Person\",\"@id\":\"https:\\\/\\\/candas365.es\\\/noticias\\\/author\\\/admin\\\/#author\",\"url\":\"https:\\\/\\\/candas365.es\\\/noticias\\\/author\\\/admin\\\/\",\"name\":\"Cand\\u00e1s 365\",\"image\":{\"@type\":\"ImageObject\",\"@id\":\"https:\\\/\\\/candas365.es\\\/noticias\\\/los-aranceles-de-trump-a-europa\\\/#authorImage\",\"url\":\"https:\\\/\\\/secure.gravatar.com\\\/avatar\\\/496a8e03d0c493ede1718b7934145dbdf8d89be1036b0eec9544e1094c9de390?s=96&d=mm&r=g\",\"width\":96,\"height\":96,\"caption\":\"Cand\\u00e1s 365\"},\"sameAs\":[\"https:\\\/\\\/www.facebook.com\\\/carrenoactualidad\",\"https:\\\/\\\/twitter.com\\\/nbasturias\",\"https:\\\/\\\/www.instagram.com\\\/nachofdezber\\\/\",\"https:\\\/\\\/www.youtube.com\\\/channel\\\/UCZP-2wLEB9Rv6erhFmqVnvg\"]},{\"@type\":\"WebPage\",\"@id\":\"https:\\\/\\\/candas365.es\\\/noticias\\\/los-aranceles-de-trump-a-europa\\\/#webpage\",\"url\":\"https:\\\/\\\/candas365.es\\\/noticias\\\/los-aranceles-de-trump-a-europa\\\/\",\"name\":\"Los aranceles de Trump a Europa | Cand\\u00e1s 365\",\"description\":\"Hoy jueves la administraci\\u00f3n de Donald Trump ha puesto en marcha los aranceles a los productos procedentes de la Uni\\u00f3n Europea, que con car\\u00e1cter general\",\"inLanguage\":\"es-ES\",\"isPartOf\":{\"@id\":\"https:\\\/\\\/candas365.es\\\/noticias\\\/#website\"},\"breadcrumb\":{\"@id\":\"https:\\\/\\\/candas365.es\\\/noticias\\\/los-aranceles-de-trump-a-europa\\\/#breadcrumblist\"},\"author\":{\"@id\":\"https:\\\/\\\/candas365.es\\\/noticias\\\/author\\\/admin\\\/#author\"},\"creator\":{\"@id\":\"https:\\\/\\\/candas365.es\\\/noticias\\\/author\\\/admin\\\/#author\"},\"image\":{\"@type\":\"ImageObject\",\"url\":\"https:\\\/\\\/candas365.es\\\/noticias\\\/wp-content\\\/uploads\\\/2025\\\/08\\\/Los-aranceles-de-Trump-a-Europa.jpg\",\"@id\":\"https:\\\/\\\/candas365.es\\\/noticias\\\/los-aranceles-de-trump-a-europa\\\/#mainImage\",\"width\":951,\"height\":666,\"caption\":\"Von der Leyen, en una intervenci\\u00f3n ante el Parlamento Europeo | Foto del Parlamento Europeo\"},\"primaryImageOfPage\":{\"@id\":\"https:\\\/\\\/candas365.es\\\/noticias\\\/los-aranceles-de-trump-a-europa\\\/#mainImage\"},\"datePublished\":\"2025-08-07T16:38:22+02:00\",\"dateModified\":\"2025-08-07T16:38:22+02:00\"},{\"@type\":\"WebSite\",\"@id\":\"https:\\\/\\\/candas365.es\\\/noticias\\\/#website\",\"url\":\"https:\\\/\\\/candas365.es\\\/noticias\\\/\",\"name\":\"Cand\\u00e1s 365\",\"alternateName\":\"Cand\\u00e1s 365 Noticias\",\"description\":\"Actualidad desde Carre\\u00f1o para el mundo\",\"inLanguage\":\"es-ES\",\"publisher\":{\"@id\":\"https:\\\/\\\/candas365.es\\\/noticias\\\/#organization\"}}]}\n\t\t<\/script>\n\t\t<!-- All in One SEO Pro -->\r\n\t\t<title>Los aranceles de Trump a Europa | Cand\u00e1s 365<\/title>\n\n","aioseo_head_json":{"title":"Los aranceles de Trump a Europa | Cand\u00e1s 365","description":"Hoy jueves la administraci\u00f3n de Donald Trump ha puesto en marcha los aranceles a los productos procedentes de la Uni\u00f3n Europea, que con car\u00e1cter general","canonical_url":"https:\/\/candas365.es\/noticias\/los-aranceles-de-trump-a-europa\/","robots":"max-image-preview:large","keywords":"econom\u00eda","webmasterTools":{"google-site-verification":"UA-32230408-1","msvalidate.01":"354F3CDFB2DA171B47FBE9ABF1F88D5","miscellaneous":""},"schema":{"@context":"https:\/\/schema.org","@graph":[{"@type":"BreadcrumbList","@id":"https:\/\/candas365.es\/noticias\/los-aranceles-de-trump-a-europa\/#breadcrumblist","itemListElement":[{"@type":"ListItem","@id":"https:\/\/candas365.es\/noticias#listItem","position":1,"name":"Home","item":"https:\/\/candas365.es\/noticias","nextItem":{"@type":"ListItem","@id":"https:\/\/candas365.es\/noticias\/category\/economia\/#listItem","name":"Econom\u00eda"}},{"@type":"ListItem","@id":"https:\/\/candas365.es\/noticias\/category\/economia\/#listItem","position":2,"name":"Econom\u00eda","item":"https:\/\/candas365.es\/noticias\/category\/economia\/","nextItem":{"@type":"ListItem","@id":"https:\/\/candas365.es\/noticias\/los-aranceles-de-trump-a-europa\/#listItem","name":"Los aranceles de Trump a Europa"},"previousItem":{"@type":"ListItem","@id":"https:\/\/candas365.es\/noticias#listItem","name":"Home"}},{"@type":"ListItem","@id":"https:\/\/candas365.es\/noticias\/los-aranceles-de-trump-a-europa\/#listItem","position":3,"name":"Los aranceles de Trump a Europa","previousItem":{"@type":"ListItem","@id":"https:\/\/candas365.es\/noticias\/category\/economia\/#listItem","name":"Econom\u00eda"}}]},{"@type":"NewsArticle","@id":"https:\/\/candas365.es\/noticias\/los-aranceles-de-trump-a-europa\/#newsarticle","name":"Los aranceles de Trump a Europa | Cand\u00e1s 365","headline":"Los aranceles de Trump a Europa","author":{"@id":"https:\/\/candas365.es\/noticias\/author\/admin\/#author"},"publisher":{"@id":"https:\/\/candas365.es\/noticias\/#organization"},"image":{"@type":"ImageObject","url":"https:\/\/candas365.es\/noticias\/wp-content\/uploads\/2025\/08\/Los-aranceles-de-Trump-a-Europa.jpg","width":951,"height":666,"caption":"Von der Leyen, en una intervenci\u00f3n ante el Parlamento Europeo | Foto del Parlamento Europeo"},"datePublished":"2025-08-07T16:38:22+02:00","dateModified":"2025-08-07T16:38:22+02:00","inLanguage":"es-ES","mainEntityOfPage":{"@id":"https:\/\/candas365.es\/noticias\/los-aranceles-de-trump-a-europa\/#webpage"},"isPartOf":{"@id":"https:\/\/candas365.es\/noticias\/los-aranceles-de-trump-a-europa\/#webpage"},"articleSection":"Econom\u00eda, Econom\u00eda","dateline":"Publicado el agosto 7, 2025."},{"@type":"Organization","@id":"https:\/\/candas365.es\/noticias\/#organization","name":"Cand\u00e1s 365","description":"Cand\u00e1s 365 es un diario digital independiente, fundado en 2012, con base en Asturias. Informamos con rigor sobre actualidad, sociedad, cultura y ocio, con una mirada local y global.","url":"https:\/\/candas365.es\/noticias\/","email":"info@candas365.es","telephone":"+34652131393","foundingDate":"2012-06-10","logo":{"@type":"ImageObject","url":"https:\/\/candas365.es\/noticias\/wp-content\/uploads\/2024\/09\/Candas-365-Redes.jpg","@id":"https:\/\/candas365.es\/noticias\/los-aranceles-de-trump-a-europa\/#organizationLogo","width":1152,"height":864,"caption":"Cand\u00e1s 365 Redes"},"image":{"@id":"https:\/\/candas365.es\/noticias\/los-aranceles-de-trump-a-europa\/#organizationLogo"},"sameAs":["https:\/\/www.facebook.com\/Nachofdezber","https:\/\/x.com\/NabercoDigital","https:\/\/www.instagram.com\/nachofdezber\/","https:\/\/www.youtube.com\/channel\/UCZP-2wLEB9Rv6erhFmqVnvg"],"address":{"@id":"https:\/\/candas365.es\/noticias\/#postaladdress","@type":"PostalAddress","streetAddress":"san antonio 4, san antonio 4","postalCode":"33430","addressLocality":"Cand\u00e1s","addressRegion":"Asturias","addressCountry":"ES"}},{"@type":"Person","@id":"https:\/\/candas365.es\/noticias\/author\/admin\/#author","url":"https:\/\/candas365.es\/noticias\/author\/admin\/","name":"Cand\u00e1s 365","image":{"@type":"ImageObject","@id":"https:\/\/candas365.es\/noticias\/los-aranceles-de-trump-a-europa\/#authorImage","url":"https:\/\/secure.gravatar.com\/avatar\/496a8e03d0c493ede1718b7934145dbdf8d89be1036b0eec9544e1094c9de390?s=96&d=mm&r=g","width":96,"height":96,"caption":"Cand\u00e1s 365"},"sameAs":["https:\/\/www.facebook.com\/carrenoactualidad","https:\/\/twitter.com\/nbasturias","https:\/\/www.instagram.com\/nachofdezber\/","https:\/\/www.youtube.com\/channel\/UCZP-2wLEB9Rv6erhFmqVnvg"]},{"@type":"WebPage","@id":"https:\/\/candas365.es\/noticias\/los-aranceles-de-trump-a-europa\/#webpage","url":"https:\/\/candas365.es\/noticias\/los-aranceles-de-trump-a-europa\/","name":"Los aranceles de Trump a Europa | Cand\u00e1s 365","description":"Hoy jueves la administraci\u00f3n de Donald Trump ha puesto en marcha los aranceles a los productos procedentes de la Uni\u00f3n Europea, que con car\u00e1cter general","inLanguage":"es-ES","isPartOf":{"@id":"https:\/\/candas365.es\/noticias\/#website"},"breadcrumb":{"@id":"https:\/\/candas365.es\/noticias\/los-aranceles-de-trump-a-europa\/#breadcrumblist"},"author":{"@id":"https:\/\/candas365.es\/noticias\/author\/admin\/#author"},"creator":{"@id":"https:\/\/candas365.es\/noticias\/author\/admin\/#author"},"image":{"@type":"ImageObject","url":"https:\/\/candas365.es\/noticias\/wp-content\/uploads\/2025\/08\/Los-aranceles-de-Trump-a-Europa.jpg","@id":"https:\/\/candas365.es\/noticias\/los-aranceles-de-trump-a-europa\/#mainImage","width":951,"height":666,"caption":"Von der Leyen, en una intervenci\u00f3n ante el Parlamento Europeo | Foto del Parlamento Europeo"},"primaryImageOfPage":{"@id":"https:\/\/candas365.es\/noticias\/los-aranceles-de-trump-a-europa\/#mainImage"},"datePublished":"2025-08-07T16:38:22+02:00","dateModified":"2025-08-07T16:38:22+02:00"},{"@type":"WebSite","@id":"https:\/\/candas365.es\/noticias\/#website","url":"https:\/\/candas365.es\/noticias\/","name":"Cand\u00e1s 365","alternateName":"Cand\u00e1s 365 Noticias","description":"Actualidad desde Carre\u00f1o para el mundo","inLanguage":"es-ES","publisher":{"@id":"https:\/\/candas365.es\/noticias\/#organization"}}]},"og:locale":"es_ES","og:site_name":"Cand\u00e1s 365","og:type":"article","og:title":"Los aranceles de Trump a Europa | Cand\u00e1s 365","og:description":"Hoy jueves la administraci\u00f3n de Donald Trump ha puesto en marcha los aranceles a los productos procedentes de la Uni\u00f3n Europea, que con car\u00e1cter general","og:url":"https:\/\/candas365.es\/noticias\/los-aranceles-de-trump-a-europa\/","og:image":"https:\/\/candas365.es\/noticias\/wp-content\/uploads\/2025\/08\/Los-aranceles-de-Trump-a-Europa.jpg","og:image:secure_url":"https:\/\/candas365.es\/noticias\/wp-content\/uploads\/2025\/08\/Los-aranceles-de-Trump-a-Europa.jpg","og:image:width":951,"og:image:height":666,"article:published_time":"2025-08-07T14:38:22+00:00","article:modified_time":"2025-08-07T14:38:22+00:00","article:publisher":"https:\/\/www.facebook.com\/Nachofdezber","article:author":"https:\/\/www.facebook.com\/carrenoactualidad","twitter:card":"summary_large_image","twitter:site":"@NabercoDigital","twitter:title":"Los aranceles de Trump a Europa | Cand\u00e1s 365","twitter:description":"Hoy jueves la administraci\u00f3n de Donald Trump ha puesto en marcha los aranceles a los productos procedentes de la Uni\u00f3n Europea, que con car\u00e1cter general","twitter:creator":"@nbasturias","twitter:image":"https:\/\/candas365.es\/noticias\/wp-content\/uploads\/2025\/08\/Los-aranceles-de-Trump-a-Europa.jpg","twitter:label1":"Escrito por","twitter:data1":"Cand\u00e1s 365","twitter:label2":"Tiempo de lectura estimado","twitter:data2":"4 minutos"},"aioseo_meta_data":{"post_id":"187328","title":null,"description":"Hoy jueves la administraci\u00f3n de Donald Trump ha puesto en marcha los aranceles a los productos procedentes de la Uni\u00f3n Europea, que con car\u00e1cter general","keywords":null,"keyphrases":{"focus":{"keyphrase":"Trump","score":91,"analysis":{"keyphraseInTitle":{"score":9,"maxScore":9,"error":0},"keyphraseInDescription":{"score":9,"maxScore":9,"error":0},"keyphraseLength":{"score":9,"maxScore":9,"error":0,"length":1},"keyphraseInURL":{"score":5,"maxScore":5,"error":0},"keyphraseInIntroduction":{"score":9,"maxScore":9,"error":0},"keyphraseInSubHeadings":{"score":3,"maxScore":9,"error":1},"keyphraseInImageAlt":{"score":9,"maxScore":9,"error":0},"keywordDensity":{"type":"best","score":9,"maxScore":9,"error":0}}},"additional":[{"keyphrase":"aranceles","score":100,"analysis":{"keyphraseInDescription":{"score":9,"maxScore":9,"error":0},"keyphraseLength":{"score":9,"maxScore":9,"error":0,"length":1},"keyphraseInIntroduction":{"score":9,"maxScore":9,"error":0},"keyphraseInImageAlt":{"score":9,"maxScore":9,"error":0},"keywordDensity":{"type":"best","score":9,"maxScore":9,"error":0}}}]},"primary_term":null,"canonical_url":null,"og_title":null,"og_description":null,"og_object_type":"default","og_image_type":"default","og_image_url":null,"og_image_width":null,"og_image_height":null,"og_image_custom_url":null,"og_image_custom_fields":null,"og_video":"","og_custom_url":null,"og_article_section":null,"og_article_tags":null,"twitter_use_og":false,"twitter_card":"default","twitter_image_type":"default","twitter_image_url":null,"twitter_image_custom_url":null,"twitter_image_custom_fields":null,"twitter_title":null,"twitter_description":null,"schema":{"blockGraphs":[],"customGraphs":[],"default":{"data":{"Article":[],"Course":[],"Dataset":[],"FAQPage":[],"Movie":[],"Person":[],"Product":[],"ProductReview":[],"Car":[],"Recipe":[],"Service":[],"SoftwareApplication":[],"WebPage":[]},"graphName":"Article","isEnabled":true},"graphs":[]},"schema_type":"default","schema_type_options":null,"pillar_content":false,"robots_default":true,"robots_noindex":false,"robots_noarchive":false,"robots_nosnippet":false,"robots_nofollow":false,"robots_noimageindex":false,"robots_noodp":false,"robots_notranslate":false,"robots_max_snippet":"-1","robots_max_videopreview":"-1","robots_max_imagepreview":"large","priority":null,"frequency":"default","location":null,"local_seo":null,"seo_analyzer_scan_date":"2025-09-03 14:20:19","breadcrumb_settings":null,"limit_modified_date":false,"reviewed_by":null,"open_ai":null,"ai":{"faqs":[],"keyPoints":[],"titles":[],"descriptions":[],"socialPosts":{"email":[],"linkedin":[],"twitter":[],"facebook":[],"instagram":[]}},"created":"2025-08-07 14:21:41","updated":"2025-09-03 14:20:19"},"aioseo_breadcrumb":"<div class=\"aioseo-breadcrumbs\"><span class=\"aioseo-breadcrumb\">\n\t<a href=\"https:\/\/candas365.es\/noticias\" title=\"Home\">Home<\/a>\n<\/span><span class=\"aioseo-breadcrumb-separator\">&ndash;<\/span><span class=\"aioseo-breadcrumb\">\n\t<a href=\"https:\/\/candas365.es\/noticias\/category\/economia\/\" title=\"Econom\u00eda\">Econom\u00eda<\/a>\n<\/span><span class=\"aioseo-breadcrumb-separator\">&ndash;<\/span><span class=\"aioseo-breadcrumb\">\n\tLos aranceles de Trump a Europa\n<\/span><\/div>","aioseo_breadcrumb_json":[{"label":"Home","link":"https:\/\/candas365.es\/noticias"},{"label":"Econom\u00eda","link":"https:\/\/candas365.es\/noticias\/category\/economia\/"},{"label":"Los aranceles de Trump a Europa","link":"https:\/\/candas365.es\/noticias\/los-aranceles-de-trump-a-europa\/"}],"_links":{"self":[{"href":"https:\/\/candas365.es\/noticias\/wp-json\/wp\/v2\/posts\/187328","targetHints":{"allow":["GET"]}}],"collection":[{"href":"https:\/\/candas365.es\/noticias\/wp-json\/wp\/v2\/posts"}],"about":[{"href":"https:\/\/candas365.es\/noticias\/wp-json\/wp\/v2\/types\/post"}],"author":[{"embeddable":true,"href":"https:\/\/candas365.es\/noticias\/wp-json\/wp\/v2\/users\/1"}],"replies":[{"embeddable":true,"href":"https:\/\/candas365.es\/noticias\/wp-json\/wp\/v2\/comments?post=187328"}],"version-history":[{"count":0,"href":"https:\/\/candas365.es\/noticias\/wp-json\/wp\/v2\/posts\/187328\/revisions"}],"wp:featuredmedia":[{"embeddable":true,"href":"https:\/\/candas365.es\/noticias\/wp-json\/wp\/v2\/media\/187329"}],"wp:attachment":[{"href":"https:\/\/candas365.es\/noticias\/wp-json\/wp\/v2\/media?parent=187328"}],"wp:term":[{"taxonomy":"category","embeddable":true,"href":"https:\/\/candas365.es\/noticias\/wp-json\/wp\/v2\/categories?post=187328"},{"taxonomy":"post_tag","embeddable":true,"href":"https:\/\/candas365.es\/noticias\/wp-json\/wp\/v2\/tags?post=187328"}],"curies":[{"name":"wp","href":"https:\/\/api.w.org\/{rel}","templated":true}]}}