{"id":187322,"date":"2025-08-07T10:12:54","date_gmt":"2025-08-07T08:12:54","guid":{"rendered":"https:\/\/candas365.es\/noticias\/?p=187322"},"modified":"2025-08-07T10:12:54","modified_gmt":"2025-08-07T08:12:54","slug":"ayudas-en-espana-para-organizaciones-profesionales-agrarias","status":"publish","type":"post","link":"https:\/\/candas365.es\/noticias\/ayudas-en-espana-para-organizaciones-profesionales-agrarias\/","title":{"rendered":"Ayudas en Espa\u00f1a para organizaciones profesionales agrarias"},"content":{"rendered":"<p>Hoy jueves comienza el plazo para optar a las ayudas para la realizaci\u00f3n de actividades de representaci\u00f3n y colaboraci\u00f3n ante las instituciones agrarias de la Uni\u00f3n Europea y estatales por parte de las <a href=\"https:\/\/candas365.es\/noticias\/category\/economia\/\"><span style=\"color: #ff6600;\"><strong>organizaciones profesionales agrarias<\/strong><\/span><\/a> m\u00e1s representativas.<\/p>\n<figure id=\"attachment_187323\" aria-describedby=\"caption-attachment-187323\" style=\"width: 650px\" class=\"wp-caption aligncenter\"><img fetchpriority=\"high\" decoding=\"async\" class=\"size-large wp-image-187323\" src=\"https:\/\/candas365.es\/noticias\/wp-content\/uploads\/2025\/08\/Ayudas-agrarias-Espana-650x437.jpg\" alt=\"Ayudas agrarias Espa\u00f1a\" width=\"650\" height=\"437\" srcset=\"https:\/\/candas365.es\/noticias\/wp-content\/uploads\/2025\/08\/Ayudas-agrarias-Espana-650x437.jpg 650w, https:\/\/candas365.es\/noticias\/wp-content\/uploads\/2025\/08\/Ayudas-agrarias-Espana-360x242.jpg 360w, https:\/\/candas365.es\/noticias\/wp-content\/uploads\/2025\/08\/Ayudas-agrarias-Espana-768x516.jpg 768w, https:\/\/candas365.es\/noticias\/wp-content\/uploads\/2025\/08\/Ayudas-agrarias-Espana-150x101.jpg 150w, https:\/\/candas365.es\/noticias\/wp-content\/uploads\/2025\/08\/Ayudas-agrarias-Espana-450x303.jpg 450w, https:\/\/candas365.es\/noticias\/wp-content\/uploads\/2025\/08\/Ayudas-agrarias-Espana.jpg 992w\" sizes=\"(max-width: 650px) 100vw, 650px\" \/><figcaption id=\"caption-attachment-187323\" class=\"wp-caption-text\">Foto: 123rf.com<\/figcaption><\/figure>\n<p>La convocatoria, que fue publicada el martes en el Bolet\u00edn Oficial del Estado (BOE), estipula que ser\u00e1n beneficiarias de estas ayudas directas las organizaciones que han sido declaradas m\u00e1s representativas en el \u00e1mbito estatal.<\/p>\n<p>Este reconocimiento lo tienen en la actualidad la Asociaci\u00f3n Agraria J\u00f3venes Agricultores (Asaja), la Coordinadora de Organizaciones de Agricultores y Ganaderos-Iniciativa Rural (COAG-IR), la Uni\u00f3n de Peque\u00f1os Agricultores y Ganaderos (UPA) y la Uni\u00f3n de Uniones de Agricultores y Ganaderos.<\/p>\n<p>El presupuesto destinado por el Ministerio a esta convocatoria de ayudas asciende a 4,3 millones de euros y el plazo de presentaci\u00f3n permanecer\u00e1 abierto hasta el 28 de agosto.<\/p>\n<p>(<a href=\"https:\/\/www.servimedia.es\/\" target=\"_blank\" rel=\"noopener\"><span style=\"color: #ff6600;\"><strong>SERVIMEDIA<\/strong><\/span><\/a>)<\/p>\n","protected":false},"excerpt":{"rendered":"<p>Hoy jueves comienza el plazo para optar a las ayudas para la realizaci\u00f3n de actividades de representaci\u00f3n y colaboraci\u00f3n ante las instituciones agrarias de la Uni\u00f3n Europea y estatales por parte de las organizaciones profesionales agrarias m\u00e1s representativas. La convocatoria, que fue publicada el martes en el Bolet\u00edn Oficial del Estado (BOE), estipula que ser\u00e1n<\/p>\n","protected":false},"author":1,"featured_media":187323,"comment_status":"closed","ping_status":"closed","sticky":false,"template":"","format":"standard","meta":{"footnotes":""},"categories":[316,486],"tags":[437],"class_list":{"0":"post-187322","1":"post","2":"type-post","3":"status-publish","4":"format-standard","5":"has-post-thumbnail","7":"category-destacadas","8":"category-economia","9":"tag-economia"},"aioseo_notices":[],"aioseo_head":"\n\t\t<!-- All in One SEO Pro 4.9.6.2 - aioseo.com -->\n\t<meta name=\"description\" content=\"Hoy jueves comienza el plazo para optar a las ayudas para la realizaci\u00f3n de actividades de representaci\u00f3n y colaboraci\u00f3n ante las instituciones agrarias\" \/>\n\t<meta name=\"robots\" content=\"max-image-preview:large\" \/>\n\t<meta name=\"author\" content=\"Cand\u00e1s 365\"\/>\n\t<meta name=\"google-site-verification\" content=\"UA-32230408-1\" \/>\n\t<meta name=\"msvalidate.01\" content=\"354F3CDFB2DA171B47FBE9ABF1F88D5\" \/>\n\t<meta name=\"keywords\" content=\"destacadas,econom\u00eda\" \/>\n\t<link rel=\"canonical\" href=\"https:\/\/candas365.es\/noticias\/ayudas-en-espana-para-organizaciones-profesionales-agrarias\/\" \/>\n\t<meta name=\"generator\" content=\"All in One SEO Pro (AIOSEO) 4.9.6.2\" \/>\n\t\t<meta property=\"og:locale\" content=\"es_ES\" \/>\n\t\t<meta property=\"og:site_name\" content=\"Cand\u00e1s 365\" \/>\n\t\t<meta property=\"og:type\" content=\"article\" \/>\n\t\t<meta property=\"og:title\" content=\"Ayudas en Espa\u00f1a para organizaciones profesionales agrarias | Cand\u00e1s 365\" \/>\n\t\t<meta property=\"og:description\" content=\"Hoy jueves comienza el plazo para optar a las ayudas para la realizaci\u00f3n de actividades de representaci\u00f3n y colaboraci\u00f3n ante las instituciones agrarias\" \/>\n\t\t<meta property=\"og:url\" content=\"https:\/\/candas365.es\/noticias\/ayudas-en-espana-para-organizaciones-profesionales-agrarias\/\" \/>\n\t\t<meta property=\"og:image\" content=\"https:\/\/candas365.es\/noticias\/wp-content\/uploads\/2025\/08\/Ayudas-agrarias-Espana.jpg\" \/>\n\t\t<meta property=\"og:image:secure_url\" content=\"https:\/\/candas365.es\/noticias\/wp-content\/uploads\/2025\/08\/Ayudas-agrarias-Espana.jpg\" \/>\n\t\t<meta property=\"og:image:width\" content=\"992\" \/>\n\t\t<meta property=\"og:image:height\" content=\"667\" \/>\n\t\t<meta property=\"article:published_time\" content=\"2025-08-07T08:12:54+00:00\" \/>\n\t\t<meta property=\"article:modified_time\" content=\"2025-08-07T08:12:54+00:00\" \/>\n\t\t<meta property=\"article:publisher\" content=\"https:\/\/www.facebook.com\/Nachofdezber\" \/>\n\t\t<meta property=\"article:author\" content=\"https:\/\/www.facebook.com\/carrenoactualidad\" \/>\n\t\t<meta name=\"twitter:card\" content=\"summary_large_image\" \/>\n\t\t<meta name=\"twitter:site\" content=\"@NabercoDigital\" \/>\n\t\t<meta name=\"twitter:title\" content=\"Ayudas en Espa\u00f1a para organizaciones profesionales agrarias | Cand\u00e1s 365\" \/>\n\t\t<meta name=\"twitter:description\" content=\"Hoy jueves comienza el plazo para optar a las ayudas para la realizaci\u00f3n de actividades de representaci\u00f3n y colaboraci\u00f3n ante las instituciones agrarias\" \/>\n\t\t<meta name=\"twitter:creator\" content=\"@nbasturias\" \/>\n\t\t<meta name=\"twitter:image\" content=\"https:\/\/candas365.es\/noticias\/wp-content\/uploads\/2025\/08\/Ayudas-agrarias-Espana.jpg\" \/>\n\t\t<meta name=\"twitter:label1\" content=\"Escrito por\" \/>\n\t\t<meta name=\"twitter:data1\" content=\"Cand\u00e1s 365\" \/>\n\t\t<meta name=\"twitter:label2\" content=\"Tiempo de lectura estimado\" \/>\n\t\t<meta name=\"twitter:data2\" content=\"1 minuto\" \/>\n\t\t<script type=\"application\/ld+json\" class=\"aioseo-schema\">\n\t\t\t{\"@context\":\"https:\\\/\\\/schema.org\",\"@graph\":[{\"@type\":\"BreadcrumbList\",\"@id\":\"https:\\\/\\\/candas365.es\\\/noticias\\\/ayudas-en-espana-para-organizaciones-profesionales-agrarias\\\/#breadcrumblist\",\"itemListElement\":[{\"@type\":\"ListItem\",\"@id\":\"https:\\\/\\\/candas365.es\\\/noticias#listItem\",\"position\":1,\"name\":\"Home\",\"item\":\"https:\\\/\\\/candas365.es\\\/noticias\",\"nextItem\":{\"@type\":\"ListItem\",\"@id\":\"https:\\\/\\\/candas365.es\\\/noticias\\\/category\\\/destacadas\\\/#listItem\",\"name\":\"Destacadas\"}},{\"@type\":\"ListItem\",\"@id\":\"https:\\\/\\\/candas365.es\\\/noticias\\\/category\\\/destacadas\\\/#listItem\",\"position\":2,\"name\":\"Destacadas\",\"item\":\"https:\\\/\\\/candas365.es\\\/noticias\\\/category\\\/destacadas\\\/\",\"nextItem\":{\"@type\":\"ListItem\",\"@id\":\"https:\\\/\\\/candas365.es\\\/noticias\\\/ayudas-en-espana-para-organizaciones-profesionales-agrarias\\\/#listItem\",\"name\":\"Ayudas en Espa\\u00f1a para organizaciones profesionales agrarias\"},\"previousItem\":{\"@type\":\"ListItem\",\"@id\":\"https:\\\/\\\/candas365.es\\\/noticias#listItem\",\"name\":\"Home\"}},{\"@type\":\"ListItem\",\"@id\":\"https:\\\/\\\/candas365.es\\\/noticias\\\/ayudas-en-espana-para-organizaciones-profesionales-agrarias\\\/#listItem\",\"position\":3,\"name\":\"Ayudas en Espa\\u00f1a para organizaciones profesionales agrarias\",\"previousItem\":{\"@type\":\"ListItem\",\"@id\":\"https:\\\/\\\/candas365.es\\\/noticias\\\/category\\\/destacadas\\\/#listItem\",\"name\":\"Destacadas\"}}]},{\"@type\":\"NewsArticle\",\"@id\":\"https:\\\/\\\/candas365.es\\\/noticias\\\/ayudas-en-espana-para-organizaciones-profesionales-agrarias\\\/#newsarticle\",\"name\":\"Ayudas en Espa\\u00f1a para organizaciones profesionales agrarias | Cand\\u00e1s 365\",\"headline\":\"Ayudas en Espa\\u00f1a para organizaciones profesionales agrarias\",\"author\":{\"@id\":\"https:\\\/\\\/candas365.es\\\/noticias\\\/author\\\/admin\\\/#author\"},\"publisher\":{\"@id\":\"https:\\\/\\\/candas365.es\\\/noticias\\\/#organization\"},\"image\":{\"@type\":\"ImageObject\",\"url\":\"https:\\\/\\\/candas365.es\\\/noticias\\\/wp-content\\\/uploads\\\/2025\\\/08\\\/Ayudas-agrarias-Espana.jpg\",\"width\":992,\"height\":667,\"caption\":\"Foto: 123rf.com\"},\"datePublished\":\"2025-08-07T10:12:54+02:00\",\"dateModified\":\"2025-08-07T10:12:54+02:00\",\"inLanguage\":\"es-ES\",\"mainEntityOfPage\":{\"@id\":\"https:\\\/\\\/candas365.es\\\/noticias\\\/ayudas-en-espana-para-organizaciones-profesionales-agrarias\\\/#webpage\"},\"isPartOf\":{\"@id\":\"https:\\\/\\\/candas365.es\\\/noticias\\\/ayudas-en-espana-para-organizaciones-profesionales-agrarias\\\/#webpage\"},\"articleSection\":\"Destacadas, Econom\\u00eda, Econom\\u00eda\",\"dateline\":\"Publicado el agosto 7, 2025.\"},{\"@type\":\"Organization\",\"@id\":\"https:\\\/\\\/candas365.es\\\/noticias\\\/#organization\",\"name\":\"Cand\\u00e1s 365\",\"description\":\"Cand\\u00e1s 365 es un diario digital independiente, fundado en 2012, con base en Asturias. Informamos con rigor sobre actualidad, sociedad, cultura y ocio, con una mirada local y global.\",\"url\":\"https:\\\/\\\/candas365.es\\\/noticias\\\/\",\"email\":\"info@candas365.es\",\"telephone\":\"+34652131393\",\"foundingDate\":\"2012-06-10\",\"logo\":{\"@type\":\"ImageObject\",\"url\":\"https:\\\/\\\/candas365.es\\\/noticias\\\/wp-content\\\/uploads\\\/2024\\\/09\\\/Candas-365-Redes.jpg\",\"@id\":\"https:\\\/\\\/candas365.es\\\/noticias\\\/ayudas-en-espana-para-organizaciones-profesionales-agrarias\\\/#organizationLogo\",\"width\":1152,\"height\":864,\"caption\":\"Cand\\u00e1s 365 Redes\"},\"image\":{\"@id\":\"https:\\\/\\\/candas365.es\\\/noticias\\\/ayudas-en-espana-para-organizaciones-profesionales-agrarias\\\/#organizationLogo\"},\"sameAs\":[\"https:\\\/\\\/www.facebook.com\\\/Nachofdezber\",\"https:\\\/\\\/x.com\\\/NabercoDigital\",\"https:\\\/\\\/www.instagram.com\\\/nachofdezber\\\/\",\"https:\\\/\\\/www.youtube.com\\\/channel\\\/UCZP-2wLEB9Rv6erhFmqVnvg\"],\"address\":{\"@id\":\"https:\\\/\\\/candas365.es\\\/noticias\\\/#postaladdress\",\"@type\":\"PostalAddress\",\"streetAddress\":\"san antonio 4, san antonio 4\",\"postalCode\":\"33430\",\"addressLocality\":\"Cand\\u00e1s\",\"addressRegion\":\"Asturias\",\"addressCountry\":\"ES\"}},{\"@type\":\"Person\",\"@id\":\"https:\\\/\\\/candas365.es\\\/noticias\\\/author\\\/admin\\\/#author\",\"url\":\"https:\\\/\\\/candas365.es\\\/noticias\\\/author\\\/admin\\\/\",\"name\":\"Cand\\u00e1s 365\",\"image\":{\"@type\":\"ImageObject\",\"@id\":\"https:\\\/\\\/candas365.es\\\/noticias\\\/ayudas-en-espana-para-organizaciones-profesionales-agrarias\\\/#authorImage\",\"url\":\"https:\\\/\\\/secure.gravatar.com\\\/avatar\\\/496a8e03d0c493ede1718b7934145dbdf8d89be1036b0eec9544e1094c9de390?s=96&d=mm&r=g\",\"width\":96,\"height\":96,\"caption\":\"Cand\\u00e1s 365\"},\"sameAs\":[\"https:\\\/\\\/www.facebook.com\\\/carrenoactualidad\",\"https:\\\/\\\/twitter.com\\\/nbasturias\",\"https:\\\/\\\/www.instagram.com\\\/nachofdezber\\\/\",\"https:\\\/\\\/www.youtube.com\\\/channel\\\/UCZP-2wLEB9Rv6erhFmqVnvg\"]},{\"@type\":\"WebPage\",\"@id\":\"https:\\\/\\\/candas365.es\\\/noticias\\\/ayudas-en-espana-para-organizaciones-profesionales-agrarias\\\/#webpage\",\"url\":\"https:\\\/\\\/candas365.es\\\/noticias\\\/ayudas-en-espana-para-organizaciones-profesionales-agrarias\\\/\",\"name\":\"Ayudas en Espa\\u00f1a para organizaciones profesionales agrarias | Cand\\u00e1s 365\",\"description\":\"Hoy jueves comienza el plazo para optar a las ayudas para la realizaci\\u00f3n de actividades de representaci\\u00f3n y colaboraci\\u00f3n ante las instituciones agrarias\",\"inLanguage\":\"es-ES\",\"isPartOf\":{\"@id\":\"https:\\\/\\\/candas365.es\\\/noticias\\\/#website\"},\"breadcrumb\":{\"@id\":\"https:\\\/\\\/candas365.es\\\/noticias\\\/ayudas-en-espana-para-organizaciones-profesionales-agrarias\\\/#breadcrumblist\"},\"author\":{\"@id\":\"https:\\\/\\\/candas365.es\\\/noticias\\\/author\\\/admin\\\/#author\"},\"creator\":{\"@id\":\"https:\\\/\\\/candas365.es\\\/noticias\\\/author\\\/admin\\\/#author\"},\"image\":{\"@type\":\"ImageObject\",\"url\":\"https:\\\/\\\/candas365.es\\\/noticias\\\/wp-content\\\/uploads\\\/2025\\\/08\\\/Ayudas-agrarias-Espana.jpg\",\"@id\":\"https:\\\/\\\/candas365.es\\\/noticias\\\/ayudas-en-espana-para-organizaciones-profesionales-agrarias\\\/#mainImage\",\"width\":992,\"height\":667,\"caption\":\"Foto: 123rf.com\"},\"primaryImageOfPage\":{\"@id\":\"https:\\\/\\\/candas365.es\\\/noticias\\\/ayudas-en-espana-para-organizaciones-profesionales-agrarias\\\/#mainImage\"},\"datePublished\":\"2025-08-07T10:12:54+02:00\",\"dateModified\":\"2025-08-07T10:12:54+02:00\"},{\"@type\":\"WebSite\",\"@id\":\"https:\\\/\\\/candas365.es\\\/noticias\\\/#website\",\"url\":\"https:\\\/\\\/candas365.es\\\/noticias\\\/\",\"name\":\"Cand\\u00e1s 365\",\"alternateName\":\"Cand\\u00e1s 365 Noticias\",\"description\":\"Actualidad desde Carre\\u00f1o para el mundo\",\"inLanguage\":\"es-ES\",\"publisher\":{\"@id\":\"https:\\\/\\\/candas365.es\\\/noticias\\\/#organization\"}}]}\n\t\t<\/script>\n\t\t<!-- All in One SEO Pro -->\r\n\t\t<title>Ayudas en Espa\u00f1a para organizaciones profesionales agrarias | Cand\u00e1s 365<\/title>\n\n","aioseo_head_json":{"title":"Ayudas en Espa\u00f1a para organizaciones profesionales agrarias | Cand\u00e1s 365","description":"Hoy jueves comienza el plazo para optar a las ayudas para la realizaci\u00f3n de actividades de representaci\u00f3n y colaboraci\u00f3n ante las instituciones agrarias","canonical_url":"https:\/\/candas365.es\/noticias\/ayudas-en-espana-para-organizaciones-profesionales-agrarias\/","robots":"max-image-preview:large","keywords":"destacadas,econom\u00eda","webmasterTools":{"google-site-verification":"UA-32230408-1","msvalidate.01":"354F3CDFB2DA171B47FBE9ABF1F88D5","miscellaneous":""},"schema":{"@context":"https:\/\/schema.org","@graph":[{"@type":"BreadcrumbList","@id":"https:\/\/candas365.es\/noticias\/ayudas-en-espana-para-organizaciones-profesionales-agrarias\/#breadcrumblist","itemListElement":[{"@type":"ListItem","@id":"https:\/\/candas365.es\/noticias#listItem","position":1,"name":"Home","item":"https:\/\/candas365.es\/noticias","nextItem":{"@type":"ListItem","@id":"https:\/\/candas365.es\/noticias\/category\/destacadas\/#listItem","name":"Destacadas"}},{"@type":"ListItem","@id":"https:\/\/candas365.es\/noticias\/category\/destacadas\/#listItem","position":2,"name":"Destacadas","item":"https:\/\/candas365.es\/noticias\/category\/destacadas\/","nextItem":{"@type":"ListItem","@id":"https:\/\/candas365.es\/noticias\/ayudas-en-espana-para-organizaciones-profesionales-agrarias\/#listItem","name":"Ayudas en Espa\u00f1a para organizaciones profesionales agrarias"},"previousItem":{"@type":"ListItem","@id":"https:\/\/candas365.es\/noticias#listItem","name":"Home"}},{"@type":"ListItem","@id":"https:\/\/candas365.es\/noticias\/ayudas-en-espana-para-organizaciones-profesionales-agrarias\/#listItem","position":3,"name":"Ayudas en Espa\u00f1a para organizaciones profesionales agrarias","previousItem":{"@type":"ListItem","@id":"https:\/\/candas365.es\/noticias\/category\/destacadas\/#listItem","name":"Destacadas"}}]},{"@type":"NewsArticle","@id":"https:\/\/candas365.es\/noticias\/ayudas-en-espana-para-organizaciones-profesionales-agrarias\/#newsarticle","name":"Ayudas en Espa\u00f1a para organizaciones profesionales agrarias | Cand\u00e1s 365","headline":"Ayudas en Espa\u00f1a para organizaciones profesionales agrarias","author":{"@id":"https:\/\/candas365.es\/noticias\/author\/admin\/#author"},"publisher":{"@id":"https:\/\/candas365.es\/noticias\/#organization"},"image":{"@type":"ImageObject","url":"https:\/\/candas365.es\/noticias\/wp-content\/uploads\/2025\/08\/Ayudas-agrarias-Espana.jpg","width":992,"height":667,"caption":"Foto: 123rf.com"},"datePublished":"2025-08-07T10:12:54+02:00","dateModified":"2025-08-07T10:12:54+02:00","inLanguage":"es-ES","mainEntityOfPage":{"@id":"https:\/\/candas365.es\/noticias\/ayudas-en-espana-para-organizaciones-profesionales-agrarias\/#webpage"},"isPartOf":{"@id":"https:\/\/candas365.es\/noticias\/ayudas-en-espana-para-organizaciones-profesionales-agrarias\/#webpage"},"articleSection":"Destacadas, Econom\u00eda, Econom\u00eda","dateline":"Publicado el agosto 7, 2025."},{"@type":"Organization","@id":"https:\/\/candas365.es\/noticias\/#organization","name":"Cand\u00e1s 365","description":"Cand\u00e1s 365 es un diario digital independiente, fundado en 2012, con base en Asturias. Informamos con rigor sobre actualidad, sociedad, cultura y ocio, con una mirada local y global.","url":"https:\/\/candas365.es\/noticias\/","email":"info@candas365.es","telephone":"+34652131393","foundingDate":"2012-06-10","logo":{"@type":"ImageObject","url":"https:\/\/candas365.es\/noticias\/wp-content\/uploads\/2024\/09\/Candas-365-Redes.jpg","@id":"https:\/\/candas365.es\/noticias\/ayudas-en-espana-para-organizaciones-profesionales-agrarias\/#organizationLogo","width":1152,"height":864,"caption":"Cand\u00e1s 365 Redes"},"image":{"@id":"https:\/\/candas365.es\/noticias\/ayudas-en-espana-para-organizaciones-profesionales-agrarias\/#organizationLogo"},"sameAs":["https:\/\/www.facebook.com\/Nachofdezber","https:\/\/x.com\/NabercoDigital","https:\/\/www.instagram.com\/nachofdezber\/","https:\/\/www.youtube.com\/channel\/UCZP-2wLEB9Rv6erhFmqVnvg"],"address":{"@id":"https:\/\/candas365.es\/noticias\/#postaladdress","@type":"PostalAddress","streetAddress":"san antonio 4, san antonio 4","postalCode":"33430","addressLocality":"Cand\u00e1s","addressRegion":"Asturias","addressCountry":"ES"}},{"@type":"Person","@id":"https:\/\/candas365.es\/noticias\/author\/admin\/#author","url":"https:\/\/candas365.es\/noticias\/author\/admin\/","name":"Cand\u00e1s 365","image":{"@type":"ImageObject","@id":"https:\/\/candas365.es\/noticias\/ayudas-en-espana-para-organizaciones-profesionales-agrarias\/#authorImage","url":"https:\/\/secure.gravatar.com\/avatar\/496a8e03d0c493ede1718b7934145dbdf8d89be1036b0eec9544e1094c9de390?s=96&d=mm&r=g","width":96,"height":96,"caption":"Cand\u00e1s 365"},"sameAs":["https:\/\/www.facebook.com\/carrenoactualidad","https:\/\/twitter.com\/nbasturias","https:\/\/www.instagram.com\/nachofdezber\/","https:\/\/www.youtube.com\/channel\/UCZP-2wLEB9Rv6erhFmqVnvg"]},{"@type":"WebPage","@id":"https:\/\/candas365.es\/noticias\/ayudas-en-espana-para-organizaciones-profesionales-agrarias\/#webpage","url":"https:\/\/candas365.es\/noticias\/ayudas-en-espana-para-organizaciones-profesionales-agrarias\/","name":"Ayudas en Espa\u00f1a para organizaciones profesionales agrarias | Cand\u00e1s 365","description":"Hoy jueves comienza el plazo para optar a las ayudas para la realizaci\u00f3n de actividades de representaci\u00f3n y colaboraci\u00f3n ante las instituciones agrarias","inLanguage":"es-ES","isPartOf":{"@id":"https:\/\/candas365.es\/noticias\/#website"},"breadcrumb":{"@id":"https:\/\/candas365.es\/noticias\/ayudas-en-espana-para-organizaciones-profesionales-agrarias\/#breadcrumblist"},"author":{"@id":"https:\/\/candas365.es\/noticias\/author\/admin\/#author"},"creator":{"@id":"https:\/\/candas365.es\/noticias\/author\/admin\/#author"},"image":{"@type":"ImageObject","url":"https:\/\/candas365.es\/noticias\/wp-content\/uploads\/2025\/08\/Ayudas-agrarias-Espana.jpg","@id":"https:\/\/candas365.es\/noticias\/ayudas-en-espana-para-organizaciones-profesionales-agrarias\/#mainImage","width":992,"height":667,"caption":"Foto: 123rf.com"},"primaryImageOfPage":{"@id":"https:\/\/candas365.es\/noticias\/ayudas-en-espana-para-organizaciones-profesionales-agrarias\/#mainImage"},"datePublished":"2025-08-07T10:12:54+02:00","dateModified":"2025-08-07T10:12:54+02:00"},{"@type":"WebSite","@id":"https:\/\/candas365.es\/noticias\/#website","url":"https:\/\/candas365.es\/noticias\/","name":"Cand\u00e1s 365","alternateName":"Cand\u00e1s 365 Noticias","description":"Actualidad desde Carre\u00f1o para el mundo","inLanguage":"es-ES","publisher":{"@id":"https:\/\/candas365.es\/noticias\/#organization"}}]},"og:locale":"es_ES","og:site_name":"Cand\u00e1s 365","og:type":"article","og:title":"Ayudas en Espa\u00f1a para organizaciones profesionales agrarias | Cand\u00e1s 365","og:description":"Hoy jueves comienza el plazo para optar a las ayudas para la realizaci\u00f3n de actividades de representaci\u00f3n y colaboraci\u00f3n ante las instituciones agrarias","og:url":"https:\/\/candas365.es\/noticias\/ayudas-en-espana-para-organizaciones-profesionales-agrarias\/","og:image":"https:\/\/candas365.es\/noticias\/wp-content\/uploads\/2025\/08\/Ayudas-agrarias-Espana.jpg","og:image:secure_url":"https:\/\/candas365.es\/noticias\/wp-content\/uploads\/2025\/08\/Ayudas-agrarias-Espana.jpg","og:image:width":992,"og:image:height":667,"article:published_time":"2025-08-07T08:12:54+00:00","article:modified_time":"2025-08-07T08:12:54+00:00","article:publisher":"https:\/\/www.facebook.com\/Nachofdezber","article:author":"https:\/\/www.facebook.com\/carrenoactualidad","twitter:card":"summary_large_image","twitter:site":"@NabercoDigital","twitter:title":"Ayudas en Espa\u00f1a para organizaciones profesionales agrarias | Cand\u00e1s 365","twitter:description":"Hoy jueves comienza el plazo para optar a las ayudas para la realizaci\u00f3n de actividades de representaci\u00f3n y colaboraci\u00f3n ante las instituciones agrarias","twitter:creator":"@nbasturias","twitter:image":"https:\/\/candas365.es\/noticias\/wp-content\/uploads\/2025\/08\/Ayudas-agrarias-Espana.jpg","twitter:label1":"Escrito por","twitter:data1":"Cand\u00e1s 365","twitter:label2":"Tiempo de lectura estimado","twitter:data2":"1 minuto"},"aioseo_meta_data":{"post_id":"187322","title":null,"description":"Hoy jueves comienza el plazo para optar a las ayudas para la realizaci\u00f3n de actividades de representaci\u00f3n y colaboraci\u00f3n ante las instituciones agrarias","keywords":null,"keyphrases":{"focus":{"keyphrase":"agrarias","score":100,"analysis":{"keyphraseInTitle":{"score":9,"maxScore":9,"error":0},"keyphraseInDescription":{"score":9,"maxScore":9,"error":0},"keyphraseLength":{"score":9,"maxScore":9,"error":0,"length":1},"keyphraseInURL":{"score":5,"maxScore":5,"error":0},"keyphraseInIntroduction":{"score":9,"maxScore":9,"error":0},"keyphraseInSubHeadings":[],"keyphraseInImageAlt":{"score":9,"maxScore":9,"error":0},"keywordDensity":{"type":"best","score":9,"maxScore":9,"error":0}}},"additional":[{"keyphrase":"agrarias","score":100,"analysis":{"keyphraseInDescription":{"score":9,"maxScore":9,"error":0},"keyphraseLength":{"score":9,"maxScore":9,"error":0,"length":1},"keyphraseInIntroduction":{"score":9,"maxScore":9,"error":0},"keyphraseInImageAlt":{"score":9,"maxScore":9,"error":0},"keywordDensity":{"type":"best","score":9,"maxScore":9,"error":0}}}]},"primary_term":null,"canonical_url":null,"og_title":null,"og_description":null,"og_object_type":"default","og_image_type":"default","og_image_url":null,"og_image_width":null,"og_image_height":null,"og_image_custom_url":null,"og_image_custom_fields":null,"og_video":"","og_custom_url":null,"og_article_section":null,"og_article_tags":null,"twitter_use_og":false,"twitter_card":"default","twitter_image_type":"default","twitter_image_url":null,"twitter_image_custom_url":null,"twitter_image_custom_fields":null,"twitter_title":null,"twitter_description":null,"schema":{"blockGraphs":[],"customGraphs":[],"default":{"data":{"Article":[],"Course":[],"Dataset":[],"FAQPage":[],"Movie":[],"Person":[],"Product":[],"ProductReview":[],"Car":[],"Recipe":[],"Service":[],"SoftwareApplication":[],"WebPage":[]},"graphName":"Article","isEnabled":true},"graphs":[]},"schema_type":"default","schema_type_options":null,"pillar_content":false,"robots_default":true,"robots_noindex":false,"robots_noarchive":false,"robots_nosnippet":false,"robots_nofollow":false,"robots_noimageindex":false,"robots_noodp":false,"robots_notranslate":false,"robots_max_snippet":"-1","robots_max_videopreview":"-1","robots_max_imagepreview":"large","priority":null,"frequency":"default","location":null,"local_seo":null,"seo_analyzer_scan_date":"2025-09-03 14:20:16","breadcrumb_settings":null,"limit_modified_date":false,"reviewed_by":null,"open_ai":null,"ai":{"faqs":[],"keyPoints":[],"titles":[],"descriptions":[],"socialPosts":{"email":[],"linkedin":[],"twitter":[],"facebook":[],"instagram":[]}},"created":"2025-08-07 08:02:53","updated":"2025-09-03 14:20:16"},"aioseo_breadcrumb":"<div class=\"aioseo-breadcrumbs\"><span class=\"aioseo-breadcrumb\">\n\t<a href=\"https:\/\/candas365.es\/noticias\" title=\"Home\">Home<\/a>\n<\/span><span class=\"aioseo-breadcrumb-separator\">&ndash;<\/span><span class=\"aioseo-breadcrumb\">\n\t<a href=\"https:\/\/candas365.es\/noticias\/category\/destacadas\/\" title=\"Destacadas\">Destacadas<\/a>\n<\/span><span class=\"aioseo-breadcrumb-separator\">&ndash;<\/span><span class=\"aioseo-breadcrumb\">\n\tAyudas en Espa\u00f1a para organizaciones profesionales agrarias\n<\/span><\/div>","aioseo_breadcrumb_json":[{"label":"Home","link":"https:\/\/candas365.es\/noticias"},{"label":"Destacadas","link":"https:\/\/candas365.es\/noticias\/category\/destacadas\/"},{"label":"Ayudas en Espa\u00f1a para organizaciones profesionales agrarias","link":"https:\/\/candas365.es\/noticias\/ayudas-en-espana-para-organizaciones-profesionales-agrarias\/"}],"_links":{"self":[{"href":"https:\/\/candas365.es\/noticias\/wp-json\/wp\/v2\/posts\/187322","targetHints":{"allow":["GET"]}}],"collection":[{"href":"https:\/\/candas365.es\/noticias\/wp-json\/wp\/v2\/posts"}],"about":[{"href":"https:\/\/candas365.es\/noticias\/wp-json\/wp\/v2\/types\/post"}],"author":[{"embeddable":true,"href":"https:\/\/candas365.es\/noticias\/wp-json\/wp\/v2\/users\/1"}],"replies":[{"embeddable":true,"href":"https:\/\/candas365.es\/noticias\/wp-json\/wp\/v2\/comments?post=187322"}],"version-history":[{"count":0,"href":"https:\/\/candas365.es\/noticias\/wp-json\/wp\/v2\/posts\/187322\/revisions"}],"wp:featuredmedia":[{"embeddable":true,"href":"https:\/\/candas365.es\/noticias\/wp-json\/wp\/v2\/media\/187323"}],"wp:attachment":[{"href":"https:\/\/candas365.es\/noticias\/wp-json\/wp\/v2\/media?parent=187322"}],"wp:term":[{"taxonomy":"category","embeddable":true,"href":"https:\/\/candas365.es\/noticias\/wp-json\/wp\/v2\/categories?post=187322"},{"taxonomy":"post_tag","embeddable":true,"href":"https:\/\/candas365.es\/noticias\/wp-json\/wp\/v2\/tags?post=187322"}],"curies":[{"name":"wp","href":"https:\/\/api.w.org\/{rel}","templated":true}]}}