{"id":187293,"date":"2025-08-03T18:41:16","date_gmt":"2025-08-03T16:41:16","guid":{"rendered":"https:\/\/candas365.es\/noticias\/?p=187293"},"modified":"2025-08-03T18:41:16","modified_gmt":"2025-08-03T16:41:16","slug":"limpieza-y-a-recoger-candas-espera-por-la-sardina-2026","status":"publish","type":"post","link":"https:\/\/candas365.es\/noticias\/limpieza-y-a-recoger-candas-espera-por-la-sardina-2026\/","title":{"rendered":"Limpieza y a recoger: Cand\u00e1s espera por La Sardina 2026"},"content":{"rendered":"<p>El <strong>Festival de La Sardina de <span style=\"color: #ff6600;\"><a style=\"color: #ff6600;\" title=\"Cand\u00e1s\" href=\"https:\/\/candas365.es\/noticias\/category\/noticias-carreno\/\">Cand\u00e1s<\/a><\/span><\/strong> ha reunido a miles de personas llegadas desde diferentes puntos tanto de <a href=\"https:\/\/eldigitaldeasturias.com\/radio\/\" target=\"_blank\" rel=\"noopener\"><span style=\"color: #ff6600;\"><strong>Asturias<\/strong><\/span><\/a>, Espa\u00f1a e incluso desde el extranjero. La edici\u00f3n ha sido todo un \u00e9xito de participaci\u00f3n y tanto residentes como visitantes pudieron disfrutar un a\u00f1o m\u00e1s de las propuestas gastron\u00f3micas que se prepararon en los puestos participantes.<\/p>\n<figure id=\"attachment_187294\" aria-describedby=\"caption-attachment-187294\" style=\"width: 650px\" class=\"wp-caption aligncenter\"><img fetchpriority=\"high\" decoding=\"async\" class=\"size-large wp-image-187294\" src=\"https:\/\/candas365.es\/noticias\/wp-content\/uploads\/2025\/08\/Candas-espera-por-La-Sardina-2026-650x401.jpg\" alt=\" Cand\u00e1s espera por La Sardina 2026\" width=\"650\" height=\"401\" srcset=\"https:\/\/candas365.es\/noticias\/wp-content\/uploads\/2025\/08\/Candas-espera-por-La-Sardina-2026-650x401.jpg 650w, https:\/\/candas365.es\/noticias\/wp-content\/uploads\/2025\/08\/Candas-espera-por-La-Sardina-2026-360x222.jpg 360w, https:\/\/candas365.es\/noticias\/wp-content\/uploads\/2025\/08\/Candas-espera-por-La-Sardina-2026-768x474.jpg 768w, https:\/\/candas365.es\/noticias\/wp-content\/uploads\/2025\/08\/Candas-espera-por-La-Sardina-2026-150x93.jpg 150w, https:\/\/candas365.es\/noticias\/wp-content\/uploads\/2025\/08\/Candas-espera-por-La-Sardina-2026-450x278.jpg 450w, https:\/\/candas365.es\/noticias\/wp-content\/uploads\/2025\/08\/Candas-espera-por-La-Sardina-2026.jpg 1059w\" sizes=\"(max-width: 650px) 100vw, 650px\" \/><figcaption id=\"caption-attachment-187294\" class=\"wp-caption-text\">Foto: Cand\u00e1s 365<\/figcaption><\/figure>\n<p>Los operarios del Ayuntamiento, tuvieron mucho trabajo, y aunque a d\u00eda de hoy 3 de agosto las carpas a\u00fan est\u00e1n instaladas, hay que remarcar la tarea de limpieza realizada por parte de los operarios municipales que dejaron la zona en muy buen estado para que los \u201chabituales\u201d y visitantes puedan volver a disfrutar de la zona.<\/p>\n<p>Cand\u00e1s sigue adelante con su programaci\u00f3n festiva y con pr\u00f3ximos eventos que os iremos contando aqu\u00ed en nuestro diario. <strong>Ahora comienza la cuenta atr\u00e1s para La Sardina 2026<\/strong><\/p>\n","protected":false},"excerpt":{"rendered":"<p>El Festival de La Sardina de Cand\u00e1s ha reunido a miles de personas llegadas desde diferentes puntos tanto de Asturias, Espa\u00f1a e incluso desde el extranjero. La edici\u00f3n ha sido todo un \u00e9xito de participaci\u00f3n y tanto residentes como visitantes pudieron disfrutar un a\u00f1o m\u00e1s de las propuestas gastron\u00f3micas que se prepararon en los puestos<\/p>\n","protected":false},"author":1,"featured_media":187294,"comment_status":"closed","ping_status":"closed","sticky":false,"template":"","format":"standard","meta":{"footnotes":""},"categories":[2],"tags":[366],"class_list":{"0":"post-187293","1":"post","2":"type-post","3":"status-publish","4":"format-standard","5":"has-post-thumbnail","7":"category-noticias-carreno","8":"tag-candas"},"aioseo_notices":[],"aioseo_head":"\n\t\t<!-- All in One SEO Pro 4.9.6.2 - aioseo.com -->\n\t<meta name=\"description\" content=\"El Festival de La Sardina de Cand\u00e1s ha reunido a miles de personas llegadas desde diferentes puntos tanto de Asturias, Espa\u00f1a e incluso desde el extranjero\" \/>\n\t<meta name=\"robots\" content=\"max-image-preview:large\" \/>\n\t<meta name=\"author\" content=\"Cand\u00e1s 365\"\/>\n\t<meta name=\"google-site-verification\" content=\"UA-32230408-1\" \/>\n\t<meta name=\"msvalidate.01\" content=\"354F3CDFB2DA171B47FBE9ABF1F88D5\" \/>\n\t<meta name=\"keywords\" content=\"noticias carre\u00f1o\" \/>\n\t<link rel=\"canonical\" href=\"https:\/\/candas365.es\/noticias\/limpieza-y-a-recoger-candas-espera-por-la-sardina-2026\/\" \/>\n\t<meta name=\"generator\" content=\"All in One SEO Pro (AIOSEO) 4.9.6.2\" \/>\n\t\t<meta property=\"og:locale\" content=\"es_ES\" \/>\n\t\t<meta property=\"og:site_name\" content=\"Cand\u00e1s 365\" \/>\n\t\t<meta property=\"og:type\" content=\"article\" \/>\n\t\t<meta property=\"og:title\" content=\"Limpieza y a recoger: Cand\u00e1s espera por La Sardina 2026 | Cand\u00e1s 365\" \/>\n\t\t<meta property=\"og:description\" content=\"El Festival de La Sardina de Cand\u00e1s ha reunido a miles de personas llegadas desde diferentes puntos tanto de Asturias, Espa\u00f1a e incluso desde el extranjero\" \/>\n\t\t<meta property=\"og:url\" content=\"https:\/\/candas365.es\/noticias\/limpieza-y-a-recoger-candas-espera-por-la-sardina-2026\/\" \/>\n\t\t<meta property=\"og:image\" content=\"https:\/\/candas365.es\/noticias\/wp-content\/uploads\/2025\/08\/Candas-espera-por-La-Sardina-2026.jpg\" \/>\n\t\t<meta property=\"og:image:secure_url\" content=\"https:\/\/candas365.es\/noticias\/wp-content\/uploads\/2025\/08\/Candas-espera-por-La-Sardina-2026.jpg\" \/>\n\t\t<meta property=\"og:image:width\" content=\"1059\" \/>\n\t\t<meta property=\"og:image:height\" content=\"654\" \/>\n\t\t<meta property=\"article:published_time\" content=\"2025-08-03T16:41:16+00:00\" \/>\n\t\t<meta property=\"article:modified_time\" content=\"2025-08-03T16:41:16+00:00\" \/>\n\t\t<meta property=\"article:publisher\" content=\"https:\/\/www.facebook.com\/Nachofdezber\" \/>\n\t\t<meta property=\"article:author\" content=\"https:\/\/www.facebook.com\/carrenoactualidad\" \/>\n\t\t<meta name=\"twitter:card\" content=\"summary_large_image\" \/>\n\t\t<meta name=\"twitter:site\" content=\"@NabercoDigital\" \/>\n\t\t<meta name=\"twitter:title\" content=\"Limpieza y a recoger: Cand\u00e1s espera por La Sardina 2026 | Cand\u00e1s 365\" \/>\n\t\t<meta name=\"twitter:description\" content=\"El Festival de La Sardina de Cand\u00e1s ha reunido a miles de personas llegadas desde diferentes puntos tanto de Asturias, Espa\u00f1a e incluso desde el extranjero\" \/>\n\t\t<meta name=\"twitter:creator\" content=\"@nbasturias\" \/>\n\t\t<meta name=\"twitter:image\" content=\"https:\/\/candas365.es\/noticias\/wp-content\/uploads\/2025\/08\/Candas-espera-por-La-Sardina-2026.jpg\" \/>\n\t\t<meta name=\"twitter:label1\" content=\"Escrito por\" \/>\n\t\t<meta name=\"twitter:data1\" content=\"Cand\u00e1s 365\" \/>\n\t\t<meta name=\"twitter:label2\" content=\"Tiempo de lectura estimado\" \/>\n\t\t<meta name=\"twitter:data2\" content=\"1 minuto\" \/>\n\t\t<script type=\"application\/ld+json\" class=\"aioseo-schema\">\n\t\t\t{\"@context\":\"https:\\\/\\\/schema.org\",\"@graph\":[{\"@type\":\"BreadcrumbList\",\"@id\":\"https:\\\/\\\/candas365.es\\\/noticias\\\/limpieza-y-a-recoger-candas-espera-por-la-sardina-2026\\\/#breadcrumblist\",\"itemListElement\":[{\"@type\":\"ListItem\",\"@id\":\"https:\\\/\\\/candas365.es\\\/noticias#listItem\",\"position\":1,\"name\":\"Home\",\"item\":\"https:\\\/\\\/candas365.es\\\/noticias\",\"nextItem\":{\"@type\":\"ListItem\",\"@id\":\"https:\\\/\\\/candas365.es\\\/noticias\\\/category\\\/noticias-carreno\\\/#listItem\",\"name\":\"Noticias Carre\\u00f1o\"}},{\"@type\":\"ListItem\",\"@id\":\"https:\\\/\\\/candas365.es\\\/noticias\\\/category\\\/noticias-carreno\\\/#listItem\",\"position\":2,\"name\":\"Noticias Carre\\u00f1o\",\"item\":\"https:\\\/\\\/candas365.es\\\/noticias\\\/category\\\/noticias-carreno\\\/\",\"nextItem\":{\"@type\":\"ListItem\",\"@id\":\"https:\\\/\\\/candas365.es\\\/noticias\\\/limpieza-y-a-recoger-candas-espera-por-la-sardina-2026\\\/#listItem\",\"name\":\"Limpieza y a recoger: Cand\\u00e1s espera por La Sardina 2026\"},\"previousItem\":{\"@type\":\"ListItem\",\"@id\":\"https:\\\/\\\/candas365.es\\\/noticias#listItem\",\"name\":\"Home\"}},{\"@type\":\"ListItem\",\"@id\":\"https:\\\/\\\/candas365.es\\\/noticias\\\/limpieza-y-a-recoger-candas-espera-por-la-sardina-2026\\\/#listItem\",\"position\":3,\"name\":\"Limpieza y a recoger: Cand\\u00e1s espera por La Sardina 2026\",\"previousItem\":{\"@type\":\"ListItem\",\"@id\":\"https:\\\/\\\/candas365.es\\\/noticias\\\/category\\\/noticias-carreno\\\/#listItem\",\"name\":\"Noticias Carre\\u00f1o\"}}]},{\"@type\":\"NewsArticle\",\"@id\":\"https:\\\/\\\/candas365.es\\\/noticias\\\/limpieza-y-a-recoger-candas-espera-por-la-sardina-2026\\\/#newsarticle\",\"name\":\"Limpieza y a recoger: Cand\\u00e1s espera por La Sardina 2026 | Cand\\u00e1s 365\",\"headline\":\"Limpieza y a recoger: Cand\\u00e1s espera por La Sardina 2026\",\"author\":{\"@id\":\"https:\\\/\\\/candas365.es\\\/noticias\\\/author\\\/admin\\\/#author\"},\"publisher\":{\"@id\":\"https:\\\/\\\/candas365.es\\\/noticias\\\/#organization\"},\"image\":{\"@type\":\"ImageObject\",\"url\":\"https:\\\/\\\/candas365.es\\\/noticias\\\/wp-content\\\/uploads\\\/2025\\\/08\\\/Candas-espera-por-La-Sardina-2026.jpg\",\"width\":1059,\"height\":654,\"caption\":\"Foto: Cand\\u00e1s 365\"},\"datePublished\":\"2025-08-03T18:41:16+02:00\",\"dateModified\":\"2025-08-03T18:41:16+02:00\",\"inLanguage\":\"es-ES\",\"mainEntityOfPage\":{\"@id\":\"https:\\\/\\\/candas365.es\\\/noticias\\\/limpieza-y-a-recoger-candas-espera-por-la-sardina-2026\\\/#webpage\"},\"isPartOf\":{\"@id\":\"https:\\\/\\\/candas365.es\\\/noticias\\\/limpieza-y-a-recoger-candas-espera-por-la-sardina-2026\\\/#webpage\"},\"articleSection\":\"Noticias Carre\\u00f1o, Cand\\u00e1s\",\"dateline\":\"Publicado el agosto 3, 2025.\"},{\"@type\":\"Organization\",\"@id\":\"https:\\\/\\\/candas365.es\\\/noticias\\\/#organization\",\"name\":\"Cand\\u00e1s 365\",\"description\":\"Cand\\u00e1s 365 es un diario digital independiente, fundado en 2012, con base en Asturias. Informamos con rigor sobre actualidad, sociedad, cultura y ocio, con una mirada local y global.\",\"url\":\"https:\\\/\\\/candas365.es\\\/noticias\\\/\",\"email\":\"info@candas365.es\",\"telephone\":\"+34652131393\",\"foundingDate\":\"2012-06-10\",\"logo\":{\"@type\":\"ImageObject\",\"url\":\"https:\\\/\\\/candas365.es\\\/noticias\\\/wp-content\\\/uploads\\\/2024\\\/09\\\/Candas-365-Redes.jpg\",\"@id\":\"https:\\\/\\\/candas365.es\\\/noticias\\\/limpieza-y-a-recoger-candas-espera-por-la-sardina-2026\\\/#organizationLogo\",\"width\":1152,\"height\":864,\"caption\":\"Cand\\u00e1s 365 Redes\"},\"image\":{\"@id\":\"https:\\\/\\\/candas365.es\\\/noticias\\\/limpieza-y-a-recoger-candas-espera-por-la-sardina-2026\\\/#organizationLogo\"},\"sameAs\":[\"https:\\\/\\\/www.facebook.com\\\/Nachofdezber\",\"https:\\\/\\\/x.com\\\/NabercoDigital\",\"https:\\\/\\\/www.instagram.com\\\/nachofdezber\\\/\",\"https:\\\/\\\/www.youtube.com\\\/channel\\\/UCZP-2wLEB9Rv6erhFmqVnvg\"],\"address\":{\"@id\":\"https:\\\/\\\/candas365.es\\\/noticias\\\/#postaladdress\",\"@type\":\"PostalAddress\",\"streetAddress\":\"san antonio 4, san antonio 4\",\"postalCode\":\"33430\",\"addressLocality\":\"Cand\\u00e1s\",\"addressRegion\":\"Asturias\",\"addressCountry\":\"ES\"}},{\"@type\":\"Person\",\"@id\":\"https:\\\/\\\/candas365.es\\\/noticias\\\/author\\\/admin\\\/#author\",\"url\":\"https:\\\/\\\/candas365.es\\\/noticias\\\/author\\\/admin\\\/\",\"name\":\"Cand\\u00e1s 365\",\"image\":{\"@type\":\"ImageObject\",\"@id\":\"https:\\\/\\\/candas365.es\\\/noticias\\\/limpieza-y-a-recoger-candas-espera-por-la-sardina-2026\\\/#authorImage\",\"url\":\"https:\\\/\\\/secure.gravatar.com\\\/avatar\\\/496a8e03d0c493ede1718b7934145dbdf8d89be1036b0eec9544e1094c9de390?s=96&d=mm&r=g\",\"width\":96,\"height\":96,\"caption\":\"Cand\\u00e1s 365\"},\"sameAs\":[\"https:\\\/\\\/www.facebook.com\\\/carrenoactualidad\",\"https:\\\/\\\/twitter.com\\\/nbasturias\",\"https:\\\/\\\/www.instagram.com\\\/nachofdezber\\\/\",\"https:\\\/\\\/www.youtube.com\\\/channel\\\/UCZP-2wLEB9Rv6erhFmqVnvg\"]},{\"@type\":\"WebPage\",\"@id\":\"https:\\\/\\\/candas365.es\\\/noticias\\\/limpieza-y-a-recoger-candas-espera-por-la-sardina-2026\\\/#webpage\",\"url\":\"https:\\\/\\\/candas365.es\\\/noticias\\\/limpieza-y-a-recoger-candas-espera-por-la-sardina-2026\\\/\",\"name\":\"Limpieza y a recoger: Cand\\u00e1s espera por La Sardina 2026 | Cand\\u00e1s 365\",\"description\":\"El Festival de La Sardina de Cand\\u00e1s ha reunido a miles de personas llegadas desde diferentes puntos tanto de Asturias, Espa\\u00f1a e incluso desde el extranjero\",\"inLanguage\":\"es-ES\",\"isPartOf\":{\"@id\":\"https:\\\/\\\/candas365.es\\\/noticias\\\/#website\"},\"breadcrumb\":{\"@id\":\"https:\\\/\\\/candas365.es\\\/noticias\\\/limpieza-y-a-recoger-candas-espera-por-la-sardina-2026\\\/#breadcrumblist\"},\"author\":{\"@id\":\"https:\\\/\\\/candas365.es\\\/noticias\\\/author\\\/admin\\\/#author\"},\"creator\":{\"@id\":\"https:\\\/\\\/candas365.es\\\/noticias\\\/author\\\/admin\\\/#author\"},\"image\":{\"@type\":\"ImageObject\",\"url\":\"https:\\\/\\\/candas365.es\\\/noticias\\\/wp-content\\\/uploads\\\/2025\\\/08\\\/Candas-espera-por-La-Sardina-2026.jpg\",\"@id\":\"https:\\\/\\\/candas365.es\\\/noticias\\\/limpieza-y-a-recoger-candas-espera-por-la-sardina-2026\\\/#mainImage\",\"width\":1059,\"height\":654,\"caption\":\"Foto: Cand\\u00e1s 365\"},\"primaryImageOfPage\":{\"@id\":\"https:\\\/\\\/candas365.es\\\/noticias\\\/limpieza-y-a-recoger-candas-espera-por-la-sardina-2026\\\/#mainImage\"},\"datePublished\":\"2025-08-03T18:41:16+02:00\",\"dateModified\":\"2025-08-03T18:41:16+02:00\"},{\"@type\":\"WebSite\",\"@id\":\"https:\\\/\\\/candas365.es\\\/noticias\\\/#website\",\"url\":\"https:\\\/\\\/candas365.es\\\/noticias\\\/\",\"name\":\"Cand\\u00e1s 365\",\"alternateName\":\"Cand\\u00e1s 365 Noticias\",\"description\":\"Actualidad desde Carre\\u00f1o para el mundo\",\"inLanguage\":\"es-ES\",\"publisher\":{\"@id\":\"https:\\\/\\\/candas365.es\\\/noticias\\\/#organization\"}}]}\n\t\t<\/script>\n\t\t<!-- All in One SEO Pro -->\r\n\t\t<title>Limpieza y a recoger: Cand\u00e1s espera por La Sardina 2026 | Cand\u00e1s 365<\/title>\n\n","aioseo_head_json":{"title":"Limpieza y a recoger: Cand\u00e1s espera por La Sardina 2026 | Cand\u00e1s 365","description":"El Festival de La Sardina de Cand\u00e1s ha reunido a miles de personas llegadas desde diferentes puntos tanto de Asturias, Espa\u00f1a e incluso desde el extranjero","canonical_url":"https:\/\/candas365.es\/noticias\/limpieza-y-a-recoger-candas-espera-por-la-sardina-2026\/","robots":"max-image-preview:large","keywords":"noticias carre\u00f1o","webmasterTools":{"google-site-verification":"UA-32230408-1","msvalidate.01":"354F3CDFB2DA171B47FBE9ABF1F88D5","miscellaneous":""},"schema":{"@context":"https:\/\/schema.org","@graph":[{"@type":"BreadcrumbList","@id":"https:\/\/candas365.es\/noticias\/limpieza-y-a-recoger-candas-espera-por-la-sardina-2026\/#breadcrumblist","itemListElement":[{"@type":"ListItem","@id":"https:\/\/candas365.es\/noticias#listItem","position":1,"name":"Home","item":"https:\/\/candas365.es\/noticias","nextItem":{"@type":"ListItem","@id":"https:\/\/candas365.es\/noticias\/category\/noticias-carreno\/#listItem","name":"Noticias Carre\u00f1o"}},{"@type":"ListItem","@id":"https:\/\/candas365.es\/noticias\/category\/noticias-carreno\/#listItem","position":2,"name":"Noticias Carre\u00f1o","item":"https:\/\/candas365.es\/noticias\/category\/noticias-carreno\/","nextItem":{"@type":"ListItem","@id":"https:\/\/candas365.es\/noticias\/limpieza-y-a-recoger-candas-espera-por-la-sardina-2026\/#listItem","name":"Limpieza y a recoger: Cand\u00e1s espera por La Sardina 2026"},"previousItem":{"@type":"ListItem","@id":"https:\/\/candas365.es\/noticias#listItem","name":"Home"}},{"@type":"ListItem","@id":"https:\/\/candas365.es\/noticias\/limpieza-y-a-recoger-candas-espera-por-la-sardina-2026\/#listItem","position":3,"name":"Limpieza y a recoger: Cand\u00e1s espera por La Sardina 2026","previousItem":{"@type":"ListItem","@id":"https:\/\/candas365.es\/noticias\/category\/noticias-carreno\/#listItem","name":"Noticias Carre\u00f1o"}}]},{"@type":"NewsArticle","@id":"https:\/\/candas365.es\/noticias\/limpieza-y-a-recoger-candas-espera-por-la-sardina-2026\/#newsarticle","name":"Limpieza y a recoger: Cand\u00e1s espera por La Sardina 2026 | Cand\u00e1s 365","headline":"Limpieza y a recoger: Cand\u00e1s espera por La Sardina 2026","author":{"@id":"https:\/\/candas365.es\/noticias\/author\/admin\/#author"},"publisher":{"@id":"https:\/\/candas365.es\/noticias\/#organization"},"image":{"@type":"ImageObject","url":"https:\/\/candas365.es\/noticias\/wp-content\/uploads\/2025\/08\/Candas-espera-por-La-Sardina-2026.jpg","width":1059,"height":654,"caption":"Foto: Cand\u00e1s 365"},"datePublished":"2025-08-03T18:41:16+02:00","dateModified":"2025-08-03T18:41:16+02:00","inLanguage":"es-ES","mainEntityOfPage":{"@id":"https:\/\/candas365.es\/noticias\/limpieza-y-a-recoger-candas-espera-por-la-sardina-2026\/#webpage"},"isPartOf":{"@id":"https:\/\/candas365.es\/noticias\/limpieza-y-a-recoger-candas-espera-por-la-sardina-2026\/#webpage"},"articleSection":"Noticias Carre\u00f1o, Cand\u00e1s","dateline":"Publicado el agosto 3, 2025."},{"@type":"Organization","@id":"https:\/\/candas365.es\/noticias\/#organization","name":"Cand\u00e1s 365","description":"Cand\u00e1s 365 es un diario digital independiente, fundado en 2012, con base en Asturias. Informamos con rigor sobre actualidad, sociedad, cultura y ocio, con una mirada local y global.","url":"https:\/\/candas365.es\/noticias\/","email":"info@candas365.es","telephone":"+34652131393","foundingDate":"2012-06-10","logo":{"@type":"ImageObject","url":"https:\/\/candas365.es\/noticias\/wp-content\/uploads\/2024\/09\/Candas-365-Redes.jpg","@id":"https:\/\/candas365.es\/noticias\/limpieza-y-a-recoger-candas-espera-por-la-sardina-2026\/#organizationLogo","width":1152,"height":864,"caption":"Cand\u00e1s 365 Redes"},"image":{"@id":"https:\/\/candas365.es\/noticias\/limpieza-y-a-recoger-candas-espera-por-la-sardina-2026\/#organizationLogo"},"sameAs":["https:\/\/www.facebook.com\/Nachofdezber","https:\/\/x.com\/NabercoDigital","https:\/\/www.instagram.com\/nachofdezber\/","https:\/\/www.youtube.com\/channel\/UCZP-2wLEB9Rv6erhFmqVnvg"],"address":{"@id":"https:\/\/candas365.es\/noticias\/#postaladdress","@type":"PostalAddress","streetAddress":"san antonio 4, san antonio 4","postalCode":"33430","addressLocality":"Cand\u00e1s","addressRegion":"Asturias","addressCountry":"ES"}},{"@type":"Person","@id":"https:\/\/candas365.es\/noticias\/author\/admin\/#author","url":"https:\/\/candas365.es\/noticias\/author\/admin\/","name":"Cand\u00e1s 365","image":{"@type":"ImageObject","@id":"https:\/\/candas365.es\/noticias\/limpieza-y-a-recoger-candas-espera-por-la-sardina-2026\/#authorImage","url":"https:\/\/secure.gravatar.com\/avatar\/496a8e03d0c493ede1718b7934145dbdf8d89be1036b0eec9544e1094c9de390?s=96&d=mm&r=g","width":96,"height":96,"caption":"Cand\u00e1s 365"},"sameAs":["https:\/\/www.facebook.com\/carrenoactualidad","https:\/\/twitter.com\/nbasturias","https:\/\/www.instagram.com\/nachofdezber\/","https:\/\/www.youtube.com\/channel\/UCZP-2wLEB9Rv6erhFmqVnvg"]},{"@type":"WebPage","@id":"https:\/\/candas365.es\/noticias\/limpieza-y-a-recoger-candas-espera-por-la-sardina-2026\/#webpage","url":"https:\/\/candas365.es\/noticias\/limpieza-y-a-recoger-candas-espera-por-la-sardina-2026\/","name":"Limpieza y a recoger: Cand\u00e1s espera por La Sardina 2026 | Cand\u00e1s 365","description":"El Festival de La Sardina de Cand\u00e1s ha reunido a miles de personas llegadas desde diferentes puntos tanto de Asturias, Espa\u00f1a e incluso desde el extranjero","inLanguage":"es-ES","isPartOf":{"@id":"https:\/\/candas365.es\/noticias\/#website"},"breadcrumb":{"@id":"https:\/\/candas365.es\/noticias\/limpieza-y-a-recoger-candas-espera-por-la-sardina-2026\/#breadcrumblist"},"author":{"@id":"https:\/\/candas365.es\/noticias\/author\/admin\/#author"},"creator":{"@id":"https:\/\/candas365.es\/noticias\/author\/admin\/#author"},"image":{"@type":"ImageObject","url":"https:\/\/candas365.es\/noticias\/wp-content\/uploads\/2025\/08\/Candas-espera-por-La-Sardina-2026.jpg","@id":"https:\/\/candas365.es\/noticias\/limpieza-y-a-recoger-candas-espera-por-la-sardina-2026\/#mainImage","width":1059,"height":654,"caption":"Foto: Cand\u00e1s 365"},"primaryImageOfPage":{"@id":"https:\/\/candas365.es\/noticias\/limpieza-y-a-recoger-candas-espera-por-la-sardina-2026\/#mainImage"},"datePublished":"2025-08-03T18:41:16+02:00","dateModified":"2025-08-03T18:41:16+02:00"},{"@type":"WebSite","@id":"https:\/\/candas365.es\/noticias\/#website","url":"https:\/\/candas365.es\/noticias\/","name":"Cand\u00e1s 365","alternateName":"Cand\u00e1s 365 Noticias","description":"Actualidad desde Carre\u00f1o para el mundo","inLanguage":"es-ES","publisher":{"@id":"https:\/\/candas365.es\/noticias\/#organization"}}]},"og:locale":"es_ES","og:site_name":"Cand\u00e1s 365","og:type":"article","og:title":"Limpieza y a recoger: Cand\u00e1s espera por La Sardina 2026 | Cand\u00e1s 365","og:description":"El Festival de La Sardina de Cand\u00e1s ha reunido a miles de personas llegadas desde diferentes puntos tanto de Asturias, Espa\u00f1a e incluso desde el extranjero","og:url":"https:\/\/candas365.es\/noticias\/limpieza-y-a-recoger-candas-espera-por-la-sardina-2026\/","og:image":"https:\/\/candas365.es\/noticias\/wp-content\/uploads\/2025\/08\/Candas-espera-por-La-Sardina-2026.jpg","og:image:secure_url":"https:\/\/candas365.es\/noticias\/wp-content\/uploads\/2025\/08\/Candas-espera-por-La-Sardina-2026.jpg","og:image:width":1059,"og:image:height":654,"article:published_time":"2025-08-03T16:41:16+00:00","article:modified_time":"2025-08-03T16:41:16+00:00","article:publisher":"https:\/\/www.facebook.com\/Nachofdezber","article:author":"https:\/\/www.facebook.com\/carrenoactualidad","twitter:card":"summary_large_image","twitter:site":"@NabercoDigital","twitter:title":"Limpieza y a recoger: Cand\u00e1s espera por La Sardina 2026 | Cand\u00e1s 365","twitter:description":"El Festival de La Sardina de Cand\u00e1s ha reunido a miles de personas llegadas desde diferentes puntos tanto de Asturias, Espa\u00f1a e incluso desde el extranjero","twitter:creator":"@nbasturias","twitter:image":"https:\/\/candas365.es\/noticias\/wp-content\/uploads\/2025\/08\/Candas-espera-por-La-Sardina-2026.jpg","twitter:label1":"Escrito por","twitter:data1":"Cand\u00e1s 365","twitter:label2":"Tiempo de lectura estimado","twitter:data2":"1 minuto"},"aioseo_meta_data":{"post_id":"187293","title":null,"description":"El Festival de La Sardina de Cand\u00e1s ha reunido a miles de personas llegadas desde diferentes puntos tanto de Asturias, Espa\u00f1a e incluso desde el extranjero","keywords":null,"keyphrases":{"focus":{"keyphrase":"Cand\u00e1s","score":100,"analysis":{"keyphraseInTitle":{"score":9,"maxScore":9,"error":0},"keyphraseInDescription":{"score":9,"maxScore":9,"error":0},"keyphraseLength":{"score":9,"maxScore":9,"error":0,"length":2},"keyphraseInURL":{"score":5,"maxScore":5,"error":0},"keyphraseInIntroduction":{"score":9,"maxScore":9,"error":0},"keyphraseInSubHeadings":[],"keyphraseInImageAlt":{"score":9,"maxScore":9,"error":0},"keywordDensity":{"type":"best","score":9,"maxScore":9,"error":0}}},"additional":[{"keyphrase":"La Sardina","score":100,"analysis":{"keyphraseInDescription":{"score":9,"maxScore":9,"error":0},"keyphraseLength":{"score":9,"maxScore":9,"error":0,"length":2},"keyphraseInIntroduction":{"score":9,"maxScore":9,"error":0},"keyphraseInImageAlt":{"score":9,"maxScore":9,"error":0},"keywordDensity":{"type":"best","score":9,"maxScore":9,"error":0}}}]},"primary_term":null,"canonical_url":null,"og_title":null,"og_description":null,"og_object_type":"default","og_image_type":"default","og_image_url":null,"og_image_width":null,"og_image_height":null,"og_image_custom_url":null,"og_image_custom_fields":null,"og_video":"","og_custom_url":null,"og_article_section":null,"og_article_tags":null,"twitter_use_og":false,"twitter_card":"default","twitter_image_type":"default","twitter_image_url":null,"twitter_image_custom_url":null,"twitter_image_custom_fields":null,"twitter_title":null,"twitter_description":null,"schema":{"blockGraphs":[],"customGraphs":[],"default":{"data":{"Article":[],"Course":[],"Dataset":[],"FAQPage":[],"Movie":[],"Person":[],"Product":[],"ProductReview":[],"Car":[],"Recipe":[],"Service":[],"SoftwareApplication":[],"WebPage":[]},"graphName":"Article","isEnabled":true},"graphs":[]},"schema_type":"default","schema_type_options":null,"pillar_content":false,"robots_default":true,"robots_noindex":false,"robots_noarchive":false,"robots_nosnippet":false,"robots_nofollow":false,"robots_noimageindex":false,"robots_noodp":false,"robots_notranslate":false,"robots_max_snippet":"-1","robots_max_videopreview":"-1","robots_max_imagepreview":"large","priority":null,"frequency":"default","location":null,"local_seo":null,"seo_analyzer_scan_date":"2025-09-03 14:16:11","breadcrumb_settings":null,"limit_modified_date":false,"reviewed_by":null,"open_ai":null,"ai":{"faqs":[],"keyPoints":[],"titles":[],"descriptions":[],"socialPosts":{"email":[],"linkedin":[],"twitter":[],"facebook":[],"instagram":[]}},"created":"2025-08-03 16:28:47","updated":"2025-09-03 14:16:11"},"aioseo_breadcrumb":"<div class=\"aioseo-breadcrumbs\"><span class=\"aioseo-breadcrumb\">\n\t<a href=\"https:\/\/candas365.es\/noticias\" title=\"Home\">Home<\/a>\n<\/span><span class=\"aioseo-breadcrumb-separator\">&ndash;<\/span><span class=\"aioseo-breadcrumb\">\n\t<a href=\"https:\/\/candas365.es\/noticias\/category\/noticias-carreno\/\" title=\"Noticias Carre\u00f1o\">Noticias Carre\u00f1o<\/a>\n<\/span><span class=\"aioseo-breadcrumb-separator\">&ndash;<\/span><span class=\"aioseo-breadcrumb\">\n\tLimpieza y a recoger: Cand\u00e1s espera por La Sardina 2026\n<\/span><\/div>","aioseo_breadcrumb_json":[{"label":"Home","link":"https:\/\/candas365.es\/noticias"},{"label":"Noticias Carre\u00f1o","link":"https:\/\/candas365.es\/noticias\/category\/noticias-carreno\/"},{"label":"Limpieza y a recoger: Cand\u00e1s espera por La Sardina 2026","link":"https:\/\/candas365.es\/noticias\/limpieza-y-a-recoger-candas-espera-por-la-sardina-2026\/"}],"_links":{"self":[{"href":"https:\/\/candas365.es\/noticias\/wp-json\/wp\/v2\/posts\/187293","targetHints":{"allow":["GET"]}}],"collection":[{"href":"https:\/\/candas365.es\/noticias\/wp-json\/wp\/v2\/posts"}],"about":[{"href":"https:\/\/candas365.es\/noticias\/wp-json\/wp\/v2\/types\/post"}],"author":[{"embeddable":true,"href":"https:\/\/candas365.es\/noticias\/wp-json\/wp\/v2\/users\/1"}],"replies":[{"embeddable":true,"href":"https:\/\/candas365.es\/noticias\/wp-json\/wp\/v2\/comments?post=187293"}],"version-history":[{"count":0,"href":"https:\/\/candas365.es\/noticias\/wp-json\/wp\/v2\/posts\/187293\/revisions"}],"wp:featuredmedia":[{"embeddable":true,"href":"https:\/\/candas365.es\/noticias\/wp-json\/wp\/v2\/media\/187294"}],"wp:attachment":[{"href":"https:\/\/candas365.es\/noticias\/wp-json\/wp\/v2\/media?parent=187293"}],"wp:term":[{"taxonomy":"category","embeddable":true,"href":"https:\/\/candas365.es\/noticias\/wp-json\/wp\/v2\/categories?post=187293"},{"taxonomy":"post_tag","embeddable":true,"href":"https:\/\/candas365.es\/noticias\/wp-json\/wp\/v2\/tags?post=187293"}],"curies":[{"name":"wp","href":"https:\/\/api.w.org\/{rel}","templated":true}]}}