{"id":187270,"date":"2025-08-01T20:01:55","date_gmt":"2025-08-01T18:01:55","guid":{"rendered":"https:\/\/candas365.es\/noticias\/?p=187270"},"modified":"2025-08-01T20:01:55","modified_gmt":"2025-08-01T18:01:55","slug":"los40-summer-live-2025-el-3-de-agosto-en-candas","status":"publish","type":"post","link":"https:\/\/candas365.es\/noticias\/los40-summer-live-2025-el-3-de-agosto-en-candas\/","title":{"rendered":"LOS40 \u00abSummer Live\u00bb 2025 el 3 de agosto en Cand\u00e1s"},"content":{"rendered":"<p>Las <a href=\"https:\/\/candas365.es\/noticias\/san-felix-2025-en-candas-llenazo\/\"><span style=\"color: #ff6600;\"><strong>Fiestas de San F\u00e9lix 2025 de Cand\u00e1s<\/strong> <\/span><\/a>ya han comenzado, con todo tipo de actividades y propuestas musicales, culturales y gastron\u00f3micas. Y el pr\u00f3ximo 3 de agosto \u00abLOS40 Summer Live 2025\u00bb pondr\u00e1 m\u00e1s ritmo a las noches de verano de la villa marinera.<\/p>\n<figure id=\"attachment_187271\" aria-describedby=\"caption-attachment-187271\" style=\"width: 650px\" class=\"wp-caption aligncenter\"><img fetchpriority=\"high\" decoding=\"async\" class=\"size-large wp-image-187271\" src=\"https:\/\/candas365.es\/noticias\/wp-content\/uploads\/2025\/08\/LOS40-Summer-Live-2025-en-Candas-650x431.jpg\" alt=\"LOS40 Summer Live 2025 en Cand\u00e1s\" width=\"650\" height=\"431\" srcset=\"https:\/\/candas365.es\/noticias\/wp-content\/uploads\/2025\/08\/LOS40-Summer-Live-2025-en-Candas-650x431.jpg 650w, https:\/\/candas365.es\/noticias\/wp-content\/uploads\/2025\/08\/LOS40-Summer-Live-2025-en-Candas-360x239.jpg 360w, https:\/\/candas365.es\/noticias\/wp-content\/uploads\/2025\/08\/LOS40-Summer-Live-2025-en-Candas-768x509.jpg 768w, https:\/\/candas365.es\/noticias\/wp-content\/uploads\/2025\/08\/LOS40-Summer-Live-2025-en-Candas-150x99.jpg 150w, https:\/\/candas365.es\/noticias\/wp-content\/uploads\/2025\/08\/LOS40-Summer-Live-2025-en-Candas-450x298.jpg 450w, https:\/\/candas365.es\/noticias\/wp-content\/uploads\/2025\/08\/LOS40-Summer-Live-2025-en-Candas.jpg 976w\" sizes=\"(max-width: 650px) 100vw, 650px\" \/><figcaption id=\"caption-attachment-187271\" class=\"wp-caption-text\">Foto: sercomunicacion.com<\/figcaption><\/figure>\n<p><strong>LOS40 llega el pr\u00f3ximo domingo, 3 de agosto a Cand\u00e1s con \u00abLOS40 Summer Live 2025\u00bb. El evento comenzar\u00e1 a eso de las 22:00 horas<\/strong>, Beret, Abraham Mateo, Ruslana, La Beba, Pikete y Mayo se dar\u00e1n cita en el Puerto para ofrecer un concierto gratuito con el que la emisora quiere llevar el mejor pop nacional al p\u00fablico asturiano.<\/p>\n<p>Beret llega a Cand\u00e1s de la mano de LOS40. El sevillano presentar\u00e1 su nuevo single, &#8216;Amaneceres&#8217;, e interpretar\u00e1 \u00e9xitos como &#8216;Lo siento&#8217; o &#8216;Porfa no te vayas&#8217;. Otro de los protagonistas de la noche ser\u00e1 <span style=\"color: #ff6600;\"><a style=\"color: #ff6600;\" href=\"https:\/\/www.instagram.com\/abrahammateo\/\" target=\"_blank\" rel=\"noopener\"><strong>Abraham Mateo<\/strong><\/a><\/span>, uno de los artistas espa\u00f1oles m\u00e1s populares del momento gracias a hits como &#8216;Man\u00edaca&#8217;, &#8216;Quiero decirte&#8217;, &#8216;clavaito&#8217; o &#8216;BAI-LALA&#8217;, su \u00faltimo lanzamiento.<\/p>\n<p>Ruslana, La Beba, Pikete y Mayo completan el cartel del concierto, en el que sonar\u00e1n \u00e9xitos como &#8216;LA BALADA&#8217;, &#8216;M4TR1X&#8217;, &#8216;Peri\u00f3dico de ayer&#8217; o &#8216;Dec\u00edrtelo&#8217;. En la cabina de DJ, David \u00c1lvarez pinchar\u00e1 los temas m\u00e1s divertidos y frescos del verano.<\/p>\n<p>\u00abLOS40 Summer Live\u00bb contin\u00faa su recorrido llevando el mejor pop espa\u00f1ol a rincones de todo el pa\u00eds. Tras el concierto de Cand\u00e1s, la gira seguir\u00e1 visitando numerosos municipios donde miles de oyentes podr\u00e1n disfrutar en directo de las voces que cada d\u00eda los acompa\u00f1an en la radio. Las siguientes paradas ser\u00e1n Simancas (Valladolid), A Coru\u00f1a y Vigo (Pontevedra).<\/p>\n","protected":false},"excerpt":{"rendered":"<p>Las Fiestas de San F\u00e9lix 2025 de Cand\u00e1s ya han comenzado, con todo tipo de actividades y propuestas musicales, culturales y gastron\u00f3micas. Y el pr\u00f3ximo 3 de agosto \u00abLOS40 Summer Live 2025\u00bb pondr\u00e1 m\u00e1s ritmo a las noches de verano de la villa marinera. LOS40 llega el pr\u00f3ximo domingo, 3 de agosto a Cand\u00e1s con<\/p>\n","protected":false},"author":1,"featured_media":187271,"comment_status":"closed","ping_status":"closed","sticky":false,"template":"","format":"standard","meta":{"footnotes":""},"categories":[2],"tags":[366],"class_list":{"0":"post-187270","1":"post","2":"type-post","3":"status-publish","4":"format-standard","5":"has-post-thumbnail","7":"category-noticias-carreno","8":"tag-candas"},"aioseo_notices":[],"aioseo_head":"\n\t\t<!-- All in One SEO Pro 4.9.6.2 - aioseo.com -->\n\t<meta name=\"description\" content=\"Las Fiestas de San F\u00e9lix 2025 de Cand\u00e1s ya han comenzado, con todo tipo de actividades y propuestas musicales, culturales y gastron\u00f3micas. Y el pr\u00f3ximo 3\" \/>\n\t<meta name=\"robots\" content=\"max-image-preview:large\" \/>\n\t<meta name=\"author\" content=\"Cand\u00e1s 365\"\/>\n\t<meta name=\"google-site-verification\" content=\"UA-32230408-1\" \/>\n\t<meta name=\"msvalidate.01\" content=\"354F3CDFB2DA171B47FBE9ABF1F88D5\" \/>\n\t<meta name=\"keywords\" content=\"noticias carre\u00f1o\" \/>\n\t<link rel=\"canonical\" href=\"https:\/\/candas365.es\/noticias\/los40-summer-live-2025-el-3-de-agosto-en-candas\/\" \/>\n\t<meta name=\"generator\" content=\"All in One SEO Pro (AIOSEO) 4.9.6.2\" \/>\n\t\t<meta property=\"og:locale\" content=\"es_ES\" \/>\n\t\t<meta property=\"og:site_name\" content=\"Cand\u00e1s 365\" \/>\n\t\t<meta property=\"og:type\" content=\"article\" \/>\n\t\t<meta property=\"og:title\" content=\"LOS40 \u00abSummer Live\u00bb 2025 el 3 de agosto en Cand\u00e1s | Cand\u00e1s 365\" \/>\n\t\t<meta property=\"og:description\" content=\"Las Fiestas de San F\u00e9lix 2025 de Cand\u00e1s ya han comenzado, con todo tipo de actividades y propuestas musicales, culturales y gastron\u00f3micas. Y el pr\u00f3ximo 3\" \/>\n\t\t<meta property=\"og:url\" content=\"https:\/\/candas365.es\/noticias\/los40-summer-live-2025-el-3-de-agosto-en-candas\/\" \/>\n\t\t<meta property=\"og:image\" content=\"https:\/\/candas365.es\/noticias\/wp-content\/uploads\/2025\/08\/LOS40-Summer-Live-2025-en-Candas.jpg\" \/>\n\t\t<meta property=\"og:image:secure_url\" content=\"https:\/\/candas365.es\/noticias\/wp-content\/uploads\/2025\/08\/LOS40-Summer-Live-2025-en-Candas.jpg\" \/>\n\t\t<meta property=\"og:image:width\" content=\"976\" \/>\n\t\t<meta property=\"og:image:height\" content=\"647\" \/>\n\t\t<meta property=\"article:published_time\" content=\"2025-08-01T18:01:55+00:00\" \/>\n\t\t<meta property=\"article:modified_time\" content=\"2025-08-01T18:01:55+00:00\" \/>\n\t\t<meta property=\"article:publisher\" content=\"https:\/\/www.facebook.com\/Nachofdezber\" \/>\n\t\t<meta property=\"article:author\" content=\"https:\/\/www.facebook.com\/carrenoactualidad\" \/>\n\t\t<meta name=\"twitter:card\" content=\"summary_large_image\" \/>\n\t\t<meta name=\"twitter:site\" content=\"@NabercoDigital\" \/>\n\t\t<meta name=\"twitter:title\" content=\"LOS40 \u00abSummer Live\u00bb 2025 el 3 de agosto en Cand\u00e1s | Cand\u00e1s 365\" \/>\n\t\t<meta name=\"twitter:description\" content=\"Las Fiestas de San F\u00e9lix 2025 de Cand\u00e1s ya han comenzado, con todo tipo de actividades y propuestas musicales, culturales y gastron\u00f3micas. Y el pr\u00f3ximo 3\" \/>\n\t\t<meta name=\"twitter:creator\" content=\"@nbasturias\" \/>\n\t\t<meta name=\"twitter:image\" content=\"https:\/\/candas365.es\/noticias\/wp-content\/uploads\/2025\/08\/LOS40-Summer-Live-2025-en-Candas.jpg\" \/>\n\t\t<meta name=\"twitter:label1\" content=\"Escrito por\" \/>\n\t\t<meta name=\"twitter:data1\" content=\"Cand\u00e1s 365\" \/>\n\t\t<meta name=\"twitter:label2\" content=\"Tiempo de lectura estimado\" \/>\n\t\t<meta name=\"twitter:data2\" content=\"1 minuto\" \/>\n\t\t<script type=\"application\/ld+json\" class=\"aioseo-schema\">\n\t\t\t{\"@context\":\"https:\\\/\\\/schema.org\",\"@graph\":[{\"@type\":\"BreadcrumbList\",\"@id\":\"https:\\\/\\\/candas365.es\\\/noticias\\\/los40-summer-live-2025-el-3-de-agosto-en-candas\\\/#breadcrumblist\",\"itemListElement\":[{\"@type\":\"ListItem\",\"@id\":\"https:\\\/\\\/candas365.es\\\/noticias#listItem\",\"position\":1,\"name\":\"Home\",\"item\":\"https:\\\/\\\/candas365.es\\\/noticias\",\"nextItem\":{\"@type\":\"ListItem\",\"@id\":\"https:\\\/\\\/candas365.es\\\/noticias\\\/category\\\/noticias-carreno\\\/#listItem\",\"name\":\"Noticias Carre\\u00f1o\"}},{\"@type\":\"ListItem\",\"@id\":\"https:\\\/\\\/candas365.es\\\/noticias\\\/category\\\/noticias-carreno\\\/#listItem\",\"position\":2,\"name\":\"Noticias Carre\\u00f1o\",\"item\":\"https:\\\/\\\/candas365.es\\\/noticias\\\/category\\\/noticias-carreno\\\/\",\"nextItem\":{\"@type\":\"ListItem\",\"@id\":\"https:\\\/\\\/candas365.es\\\/noticias\\\/los40-summer-live-2025-el-3-de-agosto-en-candas\\\/#listItem\",\"name\":\"LOS40 \\u00abSummer Live\\u00bb 2025 el 3 de agosto en Cand\\u00e1s\"},\"previousItem\":{\"@type\":\"ListItem\",\"@id\":\"https:\\\/\\\/candas365.es\\\/noticias#listItem\",\"name\":\"Home\"}},{\"@type\":\"ListItem\",\"@id\":\"https:\\\/\\\/candas365.es\\\/noticias\\\/los40-summer-live-2025-el-3-de-agosto-en-candas\\\/#listItem\",\"position\":3,\"name\":\"LOS40 \\u00abSummer Live\\u00bb 2025 el 3 de agosto en Cand\\u00e1s\",\"previousItem\":{\"@type\":\"ListItem\",\"@id\":\"https:\\\/\\\/candas365.es\\\/noticias\\\/category\\\/noticias-carreno\\\/#listItem\",\"name\":\"Noticias Carre\\u00f1o\"}}]},{\"@type\":\"NewsArticle\",\"@id\":\"https:\\\/\\\/candas365.es\\\/noticias\\\/los40-summer-live-2025-el-3-de-agosto-en-candas\\\/#newsarticle\",\"name\":\"LOS40 \\u00abSummer Live\\u00bb 2025 el 3 de agosto en Cand\\u00e1s | Cand\\u00e1s 365\",\"headline\":\"LOS40 \\u00abSummer Live\\u00bb 2025 el 3 de agosto en Cand\\u00e1s\",\"author\":{\"@id\":\"https:\\\/\\\/candas365.es\\\/noticias\\\/author\\\/admin\\\/#author\"},\"publisher\":{\"@id\":\"https:\\\/\\\/candas365.es\\\/noticias\\\/#organization\"},\"image\":{\"@type\":\"ImageObject\",\"url\":\"https:\\\/\\\/candas365.es\\\/noticias\\\/wp-content\\\/uploads\\\/2025\\\/08\\\/LOS40-Summer-Live-2025-en-Candas.jpg\",\"width\":976,\"height\":647,\"caption\":\"Foto:  sercomunicacion.com\"},\"datePublished\":\"2025-08-01T20:01:55+02:00\",\"dateModified\":\"2025-08-01T20:01:55+02:00\",\"inLanguage\":\"es-ES\",\"mainEntityOfPage\":{\"@id\":\"https:\\\/\\\/candas365.es\\\/noticias\\\/los40-summer-live-2025-el-3-de-agosto-en-candas\\\/#webpage\"},\"isPartOf\":{\"@id\":\"https:\\\/\\\/candas365.es\\\/noticias\\\/los40-summer-live-2025-el-3-de-agosto-en-candas\\\/#webpage\"},\"articleSection\":\"Noticias Carre\\u00f1o, Cand\\u00e1s\",\"dateline\":\"Publicado el agosto 1, 2025.\"},{\"@type\":\"Organization\",\"@id\":\"https:\\\/\\\/candas365.es\\\/noticias\\\/#organization\",\"name\":\"Cand\\u00e1s 365\",\"description\":\"Cand\\u00e1s 365 es un diario digital independiente, fundado en 2012, con base en Asturias. Informamos con rigor sobre actualidad, sociedad, cultura y ocio, con una mirada local y global.\",\"url\":\"https:\\\/\\\/candas365.es\\\/noticias\\\/\",\"email\":\"info@candas365.es\",\"telephone\":\"+34652131393\",\"foundingDate\":\"2012-06-10\",\"logo\":{\"@type\":\"ImageObject\",\"url\":\"https:\\\/\\\/candas365.es\\\/noticias\\\/wp-content\\\/uploads\\\/2024\\\/09\\\/Candas-365-Redes.jpg\",\"@id\":\"https:\\\/\\\/candas365.es\\\/noticias\\\/los40-summer-live-2025-el-3-de-agosto-en-candas\\\/#organizationLogo\",\"width\":1152,\"height\":864,\"caption\":\"Cand\\u00e1s 365 Redes\"},\"image\":{\"@id\":\"https:\\\/\\\/candas365.es\\\/noticias\\\/los40-summer-live-2025-el-3-de-agosto-en-candas\\\/#organizationLogo\"},\"sameAs\":[\"https:\\\/\\\/www.facebook.com\\\/Nachofdezber\",\"https:\\\/\\\/x.com\\\/NabercoDigital\",\"https:\\\/\\\/www.instagram.com\\\/nachofdezber\\\/\",\"https:\\\/\\\/www.youtube.com\\\/channel\\\/UCZP-2wLEB9Rv6erhFmqVnvg\"],\"address\":{\"@id\":\"https:\\\/\\\/candas365.es\\\/noticias\\\/#postaladdress\",\"@type\":\"PostalAddress\",\"streetAddress\":\"san antonio 4, san antonio 4\",\"postalCode\":\"33430\",\"addressLocality\":\"Cand\\u00e1s\",\"addressRegion\":\"Asturias\",\"addressCountry\":\"ES\"}},{\"@type\":\"Person\",\"@id\":\"https:\\\/\\\/candas365.es\\\/noticias\\\/author\\\/admin\\\/#author\",\"url\":\"https:\\\/\\\/candas365.es\\\/noticias\\\/author\\\/admin\\\/\",\"name\":\"Cand\\u00e1s 365\",\"image\":{\"@type\":\"ImageObject\",\"@id\":\"https:\\\/\\\/candas365.es\\\/noticias\\\/los40-summer-live-2025-el-3-de-agosto-en-candas\\\/#authorImage\",\"url\":\"https:\\\/\\\/secure.gravatar.com\\\/avatar\\\/496a8e03d0c493ede1718b7934145dbdf8d89be1036b0eec9544e1094c9de390?s=96&d=mm&r=g\",\"width\":96,\"height\":96,\"caption\":\"Cand\\u00e1s 365\"},\"sameAs\":[\"https:\\\/\\\/www.facebook.com\\\/carrenoactualidad\",\"https:\\\/\\\/twitter.com\\\/nbasturias\",\"https:\\\/\\\/www.instagram.com\\\/nachofdezber\\\/\",\"https:\\\/\\\/www.youtube.com\\\/channel\\\/UCZP-2wLEB9Rv6erhFmqVnvg\"]},{\"@type\":\"WebPage\",\"@id\":\"https:\\\/\\\/candas365.es\\\/noticias\\\/los40-summer-live-2025-el-3-de-agosto-en-candas\\\/#webpage\",\"url\":\"https:\\\/\\\/candas365.es\\\/noticias\\\/los40-summer-live-2025-el-3-de-agosto-en-candas\\\/\",\"name\":\"LOS40 \\u00abSummer Live\\u00bb 2025 el 3 de agosto en Cand\\u00e1s | Cand\\u00e1s 365\",\"description\":\"Las Fiestas de San F\\u00e9lix 2025 de Cand\\u00e1s ya han comenzado, con todo tipo de actividades y propuestas musicales, culturales y gastron\\u00f3micas. Y el pr\\u00f3ximo 3\",\"inLanguage\":\"es-ES\",\"isPartOf\":{\"@id\":\"https:\\\/\\\/candas365.es\\\/noticias\\\/#website\"},\"breadcrumb\":{\"@id\":\"https:\\\/\\\/candas365.es\\\/noticias\\\/los40-summer-live-2025-el-3-de-agosto-en-candas\\\/#breadcrumblist\"},\"author\":{\"@id\":\"https:\\\/\\\/candas365.es\\\/noticias\\\/author\\\/admin\\\/#author\"},\"creator\":{\"@id\":\"https:\\\/\\\/candas365.es\\\/noticias\\\/author\\\/admin\\\/#author\"},\"image\":{\"@type\":\"ImageObject\",\"url\":\"https:\\\/\\\/candas365.es\\\/noticias\\\/wp-content\\\/uploads\\\/2025\\\/08\\\/LOS40-Summer-Live-2025-en-Candas.jpg\",\"@id\":\"https:\\\/\\\/candas365.es\\\/noticias\\\/los40-summer-live-2025-el-3-de-agosto-en-candas\\\/#mainImage\",\"width\":976,\"height\":647,\"caption\":\"Foto:  sercomunicacion.com\"},\"primaryImageOfPage\":{\"@id\":\"https:\\\/\\\/candas365.es\\\/noticias\\\/los40-summer-live-2025-el-3-de-agosto-en-candas\\\/#mainImage\"},\"datePublished\":\"2025-08-01T20:01:55+02:00\",\"dateModified\":\"2025-08-01T20:01:55+02:00\"},{\"@type\":\"WebSite\",\"@id\":\"https:\\\/\\\/candas365.es\\\/noticias\\\/#website\",\"url\":\"https:\\\/\\\/candas365.es\\\/noticias\\\/\",\"name\":\"Cand\\u00e1s 365\",\"alternateName\":\"Cand\\u00e1s 365 Noticias\",\"description\":\"Actualidad desde Carre\\u00f1o para el mundo\",\"inLanguage\":\"es-ES\",\"publisher\":{\"@id\":\"https:\\\/\\\/candas365.es\\\/noticias\\\/#organization\"}}]}\n\t\t<\/script>\n\t\t<!-- All in One SEO Pro -->\r\n\t\t<title>LOS40 \u00abSummer Live\u00bb 2025 el 3 de agosto en Cand\u00e1s | Cand\u00e1s 365<\/title>\n\n","aioseo_head_json":{"title":"LOS40 \u00abSummer Live\u00bb 2025 el 3 de agosto en Cand\u00e1s | Cand\u00e1s 365","description":"Las Fiestas de San F\u00e9lix 2025 de Cand\u00e1s ya han comenzado, con todo tipo de actividades y propuestas musicales, culturales y gastron\u00f3micas. Y el pr\u00f3ximo 3","canonical_url":"https:\/\/candas365.es\/noticias\/los40-summer-live-2025-el-3-de-agosto-en-candas\/","robots":"max-image-preview:large","keywords":"noticias carre\u00f1o","webmasterTools":{"google-site-verification":"UA-32230408-1","msvalidate.01":"354F3CDFB2DA171B47FBE9ABF1F88D5","miscellaneous":""},"schema":{"@context":"https:\/\/schema.org","@graph":[{"@type":"BreadcrumbList","@id":"https:\/\/candas365.es\/noticias\/los40-summer-live-2025-el-3-de-agosto-en-candas\/#breadcrumblist","itemListElement":[{"@type":"ListItem","@id":"https:\/\/candas365.es\/noticias#listItem","position":1,"name":"Home","item":"https:\/\/candas365.es\/noticias","nextItem":{"@type":"ListItem","@id":"https:\/\/candas365.es\/noticias\/category\/noticias-carreno\/#listItem","name":"Noticias Carre\u00f1o"}},{"@type":"ListItem","@id":"https:\/\/candas365.es\/noticias\/category\/noticias-carreno\/#listItem","position":2,"name":"Noticias Carre\u00f1o","item":"https:\/\/candas365.es\/noticias\/category\/noticias-carreno\/","nextItem":{"@type":"ListItem","@id":"https:\/\/candas365.es\/noticias\/los40-summer-live-2025-el-3-de-agosto-en-candas\/#listItem","name":"LOS40 \u00abSummer Live\u00bb 2025 el 3 de agosto en Cand\u00e1s"},"previousItem":{"@type":"ListItem","@id":"https:\/\/candas365.es\/noticias#listItem","name":"Home"}},{"@type":"ListItem","@id":"https:\/\/candas365.es\/noticias\/los40-summer-live-2025-el-3-de-agosto-en-candas\/#listItem","position":3,"name":"LOS40 \u00abSummer Live\u00bb 2025 el 3 de agosto en Cand\u00e1s","previousItem":{"@type":"ListItem","@id":"https:\/\/candas365.es\/noticias\/category\/noticias-carreno\/#listItem","name":"Noticias Carre\u00f1o"}}]},{"@type":"NewsArticle","@id":"https:\/\/candas365.es\/noticias\/los40-summer-live-2025-el-3-de-agosto-en-candas\/#newsarticle","name":"LOS40 \u00abSummer Live\u00bb 2025 el 3 de agosto en Cand\u00e1s | Cand\u00e1s 365","headline":"LOS40 \u00abSummer Live\u00bb 2025 el 3 de agosto en Cand\u00e1s","author":{"@id":"https:\/\/candas365.es\/noticias\/author\/admin\/#author"},"publisher":{"@id":"https:\/\/candas365.es\/noticias\/#organization"},"image":{"@type":"ImageObject","url":"https:\/\/candas365.es\/noticias\/wp-content\/uploads\/2025\/08\/LOS40-Summer-Live-2025-en-Candas.jpg","width":976,"height":647,"caption":"Foto:  sercomunicacion.com"},"datePublished":"2025-08-01T20:01:55+02:00","dateModified":"2025-08-01T20:01:55+02:00","inLanguage":"es-ES","mainEntityOfPage":{"@id":"https:\/\/candas365.es\/noticias\/los40-summer-live-2025-el-3-de-agosto-en-candas\/#webpage"},"isPartOf":{"@id":"https:\/\/candas365.es\/noticias\/los40-summer-live-2025-el-3-de-agosto-en-candas\/#webpage"},"articleSection":"Noticias Carre\u00f1o, Cand\u00e1s","dateline":"Publicado el agosto 1, 2025."},{"@type":"Organization","@id":"https:\/\/candas365.es\/noticias\/#organization","name":"Cand\u00e1s 365","description":"Cand\u00e1s 365 es un diario digital independiente, fundado en 2012, con base en Asturias. Informamos con rigor sobre actualidad, sociedad, cultura y ocio, con una mirada local y global.","url":"https:\/\/candas365.es\/noticias\/","email":"info@candas365.es","telephone":"+34652131393","foundingDate":"2012-06-10","logo":{"@type":"ImageObject","url":"https:\/\/candas365.es\/noticias\/wp-content\/uploads\/2024\/09\/Candas-365-Redes.jpg","@id":"https:\/\/candas365.es\/noticias\/los40-summer-live-2025-el-3-de-agosto-en-candas\/#organizationLogo","width":1152,"height":864,"caption":"Cand\u00e1s 365 Redes"},"image":{"@id":"https:\/\/candas365.es\/noticias\/los40-summer-live-2025-el-3-de-agosto-en-candas\/#organizationLogo"},"sameAs":["https:\/\/www.facebook.com\/Nachofdezber","https:\/\/x.com\/NabercoDigital","https:\/\/www.instagram.com\/nachofdezber\/","https:\/\/www.youtube.com\/channel\/UCZP-2wLEB9Rv6erhFmqVnvg"],"address":{"@id":"https:\/\/candas365.es\/noticias\/#postaladdress","@type":"PostalAddress","streetAddress":"san antonio 4, san antonio 4","postalCode":"33430","addressLocality":"Cand\u00e1s","addressRegion":"Asturias","addressCountry":"ES"}},{"@type":"Person","@id":"https:\/\/candas365.es\/noticias\/author\/admin\/#author","url":"https:\/\/candas365.es\/noticias\/author\/admin\/","name":"Cand\u00e1s 365","image":{"@type":"ImageObject","@id":"https:\/\/candas365.es\/noticias\/los40-summer-live-2025-el-3-de-agosto-en-candas\/#authorImage","url":"https:\/\/secure.gravatar.com\/avatar\/496a8e03d0c493ede1718b7934145dbdf8d89be1036b0eec9544e1094c9de390?s=96&d=mm&r=g","width":96,"height":96,"caption":"Cand\u00e1s 365"},"sameAs":["https:\/\/www.facebook.com\/carrenoactualidad","https:\/\/twitter.com\/nbasturias","https:\/\/www.instagram.com\/nachofdezber\/","https:\/\/www.youtube.com\/channel\/UCZP-2wLEB9Rv6erhFmqVnvg"]},{"@type":"WebPage","@id":"https:\/\/candas365.es\/noticias\/los40-summer-live-2025-el-3-de-agosto-en-candas\/#webpage","url":"https:\/\/candas365.es\/noticias\/los40-summer-live-2025-el-3-de-agosto-en-candas\/","name":"LOS40 \u00abSummer Live\u00bb 2025 el 3 de agosto en Cand\u00e1s | Cand\u00e1s 365","description":"Las Fiestas de San F\u00e9lix 2025 de Cand\u00e1s ya han comenzado, con todo tipo de actividades y propuestas musicales, culturales y gastron\u00f3micas. Y el pr\u00f3ximo 3","inLanguage":"es-ES","isPartOf":{"@id":"https:\/\/candas365.es\/noticias\/#website"},"breadcrumb":{"@id":"https:\/\/candas365.es\/noticias\/los40-summer-live-2025-el-3-de-agosto-en-candas\/#breadcrumblist"},"author":{"@id":"https:\/\/candas365.es\/noticias\/author\/admin\/#author"},"creator":{"@id":"https:\/\/candas365.es\/noticias\/author\/admin\/#author"},"image":{"@type":"ImageObject","url":"https:\/\/candas365.es\/noticias\/wp-content\/uploads\/2025\/08\/LOS40-Summer-Live-2025-en-Candas.jpg","@id":"https:\/\/candas365.es\/noticias\/los40-summer-live-2025-el-3-de-agosto-en-candas\/#mainImage","width":976,"height":647,"caption":"Foto:  sercomunicacion.com"},"primaryImageOfPage":{"@id":"https:\/\/candas365.es\/noticias\/los40-summer-live-2025-el-3-de-agosto-en-candas\/#mainImage"},"datePublished":"2025-08-01T20:01:55+02:00","dateModified":"2025-08-01T20:01:55+02:00"},{"@type":"WebSite","@id":"https:\/\/candas365.es\/noticias\/#website","url":"https:\/\/candas365.es\/noticias\/","name":"Cand\u00e1s 365","alternateName":"Cand\u00e1s 365 Noticias","description":"Actualidad desde Carre\u00f1o para el mundo","inLanguage":"es-ES","publisher":{"@id":"https:\/\/candas365.es\/noticias\/#organization"}}]},"og:locale":"es_ES","og:site_name":"Cand\u00e1s 365","og:type":"article","og:title":"LOS40 \u00abSummer Live\u00bb 2025 el 3 de agosto en Cand\u00e1s | Cand\u00e1s 365","og:description":"Las Fiestas de San F\u00e9lix 2025 de Cand\u00e1s ya han comenzado, con todo tipo de actividades y propuestas musicales, culturales y gastron\u00f3micas. Y el pr\u00f3ximo 3","og:url":"https:\/\/candas365.es\/noticias\/los40-summer-live-2025-el-3-de-agosto-en-candas\/","og:image":"https:\/\/candas365.es\/noticias\/wp-content\/uploads\/2025\/08\/LOS40-Summer-Live-2025-en-Candas.jpg","og:image:secure_url":"https:\/\/candas365.es\/noticias\/wp-content\/uploads\/2025\/08\/LOS40-Summer-Live-2025-en-Candas.jpg","og:image:width":976,"og:image:height":647,"article:published_time":"2025-08-01T18:01:55+00:00","article:modified_time":"2025-08-01T18:01:55+00:00","article:publisher":"https:\/\/www.facebook.com\/Nachofdezber","article:author":"https:\/\/www.facebook.com\/carrenoactualidad","twitter:card":"summary_large_image","twitter:site":"@NabercoDigital","twitter:title":"LOS40 \u00abSummer Live\u00bb 2025 el 3 de agosto en Cand\u00e1s | Cand\u00e1s 365","twitter:description":"Las Fiestas de San F\u00e9lix 2025 de Cand\u00e1s ya han comenzado, con todo tipo de actividades y propuestas musicales, culturales y gastron\u00f3micas. Y el pr\u00f3ximo 3","twitter:creator":"@nbasturias","twitter:image":"https:\/\/candas365.es\/noticias\/wp-content\/uploads\/2025\/08\/LOS40-Summer-Live-2025-en-Candas.jpg","twitter:label1":"Escrito por","twitter:data1":"Cand\u00e1s 365","twitter:label2":"Tiempo de lectura estimado","twitter:data2":"1 minuto"},"aioseo_meta_data":{"post_id":"187270","title":null,"description":"Las Fiestas de San F\u00e9lix 2025 de Cand\u00e1s ya han comenzado, con todo tipo de actividades y propuestas musicales, culturales y gastron\u00f3micas. Y el pr\u00f3ximo 3","keywords":null,"keyphrases":{"focus":{"keyphrase":"Cand\u00e1s","score":100,"analysis":{"keyphraseInTitle":{"score":9,"maxScore":9,"error":0},"keyphraseInDescription":{"score":9,"maxScore":9,"error":0},"keyphraseLength":{"score":9,"maxScore":9,"error":0,"length":2},"keyphraseInURL":{"score":5,"maxScore":5,"error":0},"keyphraseInIntroduction":{"score":9,"maxScore":9,"error":0},"keyphraseInSubHeadings":[],"keyphraseInImageAlt":{"score":9,"maxScore":9,"error":0},"keywordDensity":{"type":"best","score":9,"maxScore":9,"error":0}}},"additional":[{"keyphrase":"Cand\u00e1s","score":100,"analysis":{"keyphraseInDescription":{"score":9,"maxScore":9,"error":0},"keyphraseLength":{"score":9,"maxScore":9,"error":0,"length":2},"keyphraseInIntroduction":{"score":9,"maxScore":9,"error":0},"keyphraseInImageAlt":{"score":9,"maxScore":9,"error":0},"keywordDensity":{"type":"best","score":9,"maxScore":9,"error":0}}}]},"primary_term":null,"canonical_url":null,"og_title":null,"og_description":null,"og_object_type":"default","og_image_type":"default","og_image_url":null,"og_image_width":null,"og_image_height":null,"og_image_custom_url":null,"og_image_custom_fields":null,"og_video":"","og_custom_url":null,"og_article_section":null,"og_article_tags":null,"twitter_use_og":false,"twitter_card":"default","twitter_image_type":"default","twitter_image_url":null,"twitter_image_custom_url":null,"twitter_image_custom_fields":null,"twitter_title":null,"twitter_description":null,"schema":{"blockGraphs":[],"customGraphs":[],"default":{"data":{"Article":[],"Course":[],"Dataset":[],"FAQPage":[],"Movie":[],"Person":[],"Product":[],"ProductReview":[],"Car":[],"Recipe":[],"Service":[],"SoftwareApplication":[],"WebPage":[]},"graphName":"Article","isEnabled":true},"graphs":[]},"schema_type":"default","schema_type_options":null,"pillar_content":false,"robots_default":true,"robots_noindex":false,"robots_noarchive":false,"robots_nosnippet":false,"robots_nofollow":false,"robots_noimageindex":false,"robots_noodp":false,"robots_notranslate":false,"robots_max_snippet":"-1","robots_max_videopreview":"-1","robots_max_imagepreview":"large","priority":null,"frequency":"default","location":null,"local_seo":null,"seo_analyzer_scan_date":"2025-09-03 14:14:28","breadcrumb_settings":null,"limit_modified_date":false,"reviewed_by":null,"open_ai":null,"ai":{"faqs":[],"keyPoints":[],"titles":[],"descriptions":[],"socialPosts":{"email":[],"linkedin":[],"twitter":[],"facebook":[],"instagram":[]}},"created":"2025-08-01 17:50:41","updated":"2025-09-03 14:14:28"},"aioseo_breadcrumb":"<div class=\"aioseo-breadcrumbs\"><span class=\"aioseo-breadcrumb\">\n\t<a href=\"https:\/\/candas365.es\/noticias\" title=\"Home\">Home<\/a>\n<\/span><span class=\"aioseo-breadcrumb-separator\">&ndash;<\/span><span class=\"aioseo-breadcrumb\">\n\t<a href=\"https:\/\/candas365.es\/noticias\/category\/noticias-carreno\/\" title=\"Noticias Carre\u00f1o\">Noticias Carre\u00f1o<\/a>\n<\/span><span class=\"aioseo-breadcrumb-separator\">&ndash;<\/span><span class=\"aioseo-breadcrumb\">\n\tLOS40 \u00abSummer Live\u00bb 2025 el 3 de agosto en Cand\u00e1s\n<\/span><\/div>","aioseo_breadcrumb_json":[{"label":"Home","link":"https:\/\/candas365.es\/noticias"},{"label":"Noticias Carre\u00f1o","link":"https:\/\/candas365.es\/noticias\/category\/noticias-carreno\/"},{"label":"LOS40 \u00abSummer Live\u00bb 2025 el 3 de agosto en Cand\u00e1s","link":"https:\/\/candas365.es\/noticias\/los40-summer-live-2025-el-3-de-agosto-en-candas\/"}],"_links":{"self":[{"href":"https:\/\/candas365.es\/noticias\/wp-json\/wp\/v2\/posts\/187270","targetHints":{"allow":["GET"]}}],"collection":[{"href":"https:\/\/candas365.es\/noticias\/wp-json\/wp\/v2\/posts"}],"about":[{"href":"https:\/\/candas365.es\/noticias\/wp-json\/wp\/v2\/types\/post"}],"author":[{"embeddable":true,"href":"https:\/\/candas365.es\/noticias\/wp-json\/wp\/v2\/users\/1"}],"replies":[{"embeddable":true,"href":"https:\/\/candas365.es\/noticias\/wp-json\/wp\/v2\/comments?post=187270"}],"version-history":[{"count":0,"href":"https:\/\/candas365.es\/noticias\/wp-json\/wp\/v2\/posts\/187270\/revisions"}],"wp:featuredmedia":[{"embeddable":true,"href":"https:\/\/candas365.es\/noticias\/wp-json\/wp\/v2\/media\/187271"}],"wp:attachment":[{"href":"https:\/\/candas365.es\/noticias\/wp-json\/wp\/v2\/media?parent=187270"}],"wp:term":[{"taxonomy":"category","embeddable":true,"href":"https:\/\/candas365.es\/noticias\/wp-json\/wp\/v2\/categories?post=187270"},{"taxonomy":"post_tag","embeddable":true,"href":"https:\/\/candas365.es\/noticias\/wp-json\/wp\/v2\/tags?post=187270"}],"curies":[{"name":"wp","href":"https:\/\/api.w.org\/{rel}","templated":true}]}}