{"id":187264,"date":"2025-08-01T18:11:13","date_gmt":"2025-08-01T16:11:13","guid":{"rendered":"https:\/\/candas365.es\/noticias\/?p=187264"},"modified":"2025-08-01T18:11:13","modified_gmt":"2025-08-01T16:11:13","slug":"alemania-entregara-sistemas-antiaereos-patriot-a-ucrania","status":"publish","type":"post","link":"https:\/\/candas365.es\/noticias\/alemania-entregara-sistemas-antiaereos-patriot-a-ucrania\/","title":{"rendered":"Alemania entregar\u00e1 sistemas antia\u00e9reos Patriot a Ucrania"},"content":{"rendered":"<p>Berl\u00edn, 1 ago (<a href=\"https:\/\/www.dpa-news.de\/\" target=\"_blank\" rel=\"noopener\"><span style=\"color: #ff6600;\"><strong>dpa<\/strong><\/span><\/a>) &#8211; El Gobierno alem\u00e1n retomar\u00e1 el suministro de dos sistemas de defensa a\u00e9rea Patriot a <a href=\"https:\/\/candas365.es\/noticias\/category\/internacional\/\"><span style=\"color: #ff6600;\"><strong>Ucrania<\/strong><\/span><\/a>, despu\u00e9s de que Estados Unidos asegurara el suministro de nuevos equipos de reemplazo lo antes posible, para que Alemania pudiera seguir cumpliendo con sus obligaciones con la OTAN.<\/p>\n<figure id=\"attachment_187265\" aria-describedby=\"caption-attachment-187265\" style=\"width: 650px\" class=\"wp-caption aligncenter\"><img fetchpriority=\"high\" decoding=\"async\" class=\"size-large wp-image-187265\" src=\"https:\/\/candas365.es\/noticias\/wp-content\/uploads\/2025\/08\/sistemas-antiaereos-Patriot-650x429.jpg\" alt=\"sistemas antia\u00e9reos Patriot\" width=\"650\" height=\"429\" srcset=\"https:\/\/candas365.es\/noticias\/wp-content\/uploads\/2025\/08\/sistemas-antiaereos-Patriot-650x429.jpg 650w, https:\/\/candas365.es\/noticias\/wp-content\/uploads\/2025\/08\/sistemas-antiaereos-Patriot-360x238.jpg 360w, https:\/\/candas365.es\/noticias\/wp-content\/uploads\/2025\/08\/sistemas-antiaereos-Patriot-768x507.jpg 768w, https:\/\/candas365.es\/noticias\/wp-content\/uploads\/2025\/08\/sistemas-antiaereos-Patriot-150x99.jpg 150w, https:\/\/candas365.es\/noticias\/wp-content\/uploads\/2025\/08\/sistemas-antiaereos-Patriot-450x297.jpg 450w, https:\/\/candas365.es\/noticias\/wp-content\/uploads\/2025\/08\/sistemas-antiaereos-Patriot.jpg 1004w\" sizes=\"(max-width: 650px) 100vw, 650px\" \/><figcaption id=\"caption-attachment-187265\" class=\"wp-caption-text\">Soldados de la Fuerza A\u00e9rea Alemana practican el montaje de una posici\u00f3n de defensa a\u00e9rea. Foto: Jens B\u00fcttner\/dpa<\/figcaption><\/figure>\n<p><strong>\u00abEsta promesa por parte de Estados Unidos sigue en pie\u00bb, declar\u00f3 el ministro germano de Defensa, Boris Pistorius.<\/strong> Por lo tanto, Alemania puede apoyar ahora a Ucrania primero con dispositivos de lanzamiento y luego con otras partes del sistema. agreg\u00f3.<\/p>\n<p>En concreto, el Ej\u00e9rcito alem\u00e1n entregar\u00e1 en los pr\u00f3ximos d\u00edas m\u00e1s dispositivos de lanzamiento Patriot (\u00abLauncher\u00bb) a Ucrania, seg\u00fan inform\u00f3 el Ministerio de Defensa. En una segunda fase, suministrar\u00e1 m\u00e1s componentes del sistema en los pr\u00f3ximos dos o tres meses para reforzar la defensa a\u00e9rea de Ucrania con bater\u00edas Patriot adicionales.<\/p>\n<blockquote><p>Los sistemas que de todos modos se ver\u00edan afectados por medidas de reparaci\u00f3n a corto y medio plazo deben prepararse ahora para su uso y entregarse listos para su funcionamiento.<\/p><\/blockquote>\n<p>Se ha acordado con el Ministerio de Defensa de Estados Unidos que, a cambio, Alemania ser\u00e1 el primer pa\u00eds en recibir los sistemas de \u00faltima generaci\u00f3n reci\u00e9n fabricados de forma acelerada. La financiaci\u00f3n correr\u00e1 a cargo de Alemania.<\/p>\n<p>Inicialmente se hab\u00eda previsto comprar dos sistemas Patriot por un valor aproximado de mil millones de euros (1.150 millones de d\u00f3lares) cada uno en Estados Unidos y trasladarlos directamente a Ucrania. Sin embargo, dado que no est\u00e1n disponibles de inmediato, el Ej\u00e9rcito alem\u00e1n entregar\u00e1 primero dos de sus nueve Patriot y luego recibir\u00e1 un reemplazo de Estados Unidos.<\/p>\n<p>Este procedimiento es el resultado de una estrecha coordinaci\u00f3n con Estados Unidos y los socios de la alianza militar OTAN, explic\u00f3 el Ministerio. El ministro Pistorius y su hom\u00f3logo estadounidense, Pete Hegseth, iniciaron la coordinaci\u00f3n concreta en una reuni\u00f3n celebrada a mediados de julio en Washington.<\/p>\n<p>Pistorius destac\u00f3, en referencia a los tres sistemas Patriot ya entregados a Ucrania, que una vez m\u00e1s se demuestra que <strong>\u00abAlemania es, con diferencia, el mayor apoyo de Ucrania en el \u00e1mbito de la defensa a\u00e9rea\u00bb.<\/strong><\/p>\n<p>El Ministerio explic\u00f3 que, co la soluci\u00f3n acordada, se est\u00e1 adelantando ahora para cubrir r\u00e1pidamente las necesidades actuales muy urgentes de Ucrania. A la vez se hizo un llamamiento a pa\u00edses aliados para que, por su parte, pongan en breve m\u00e1s sistemas a disposici\u00f3n.<\/p>\n<p>Seg\u00fan el presidente ucraniano, Volod\u00edmir Zelenski, en julio Rusia lanz\u00f3 m\u00e1s de 5.100 bombas planeadoras, 3.800 drones de combate y casi 260 misiles en ataques a\u00e9reos. Zelenski inform\u00f3 que 31 personas murieron en un ataque masivo contra Kiev en la noche del mi\u00e9rcoles al jueves.<\/p>\n<p>El Ministerio de Defensa alem\u00e1n aclar\u00f3 que los sistemas de defensa a\u00e9rea altamente eficientes como el Patriot son escasos y la producci\u00f3n de algunos componentes lleva a\u00f1os.<\/p>\n","protected":false},"excerpt":{"rendered":"<p>Berl\u00edn, 1 ago (dpa) &#8211; El Gobierno alem\u00e1n retomar\u00e1 el suministro de dos sistemas de defensa a\u00e9rea Patriot a Ucrania, despu\u00e9s de que Estados Unidos asegurara el suministro de nuevos equipos de reemplazo lo antes posible, para que Alemania pudiera seguir cumpliendo con sus obligaciones con la OTAN. \u00abEsta promesa por parte de Estados Unidos<\/p>\n","protected":false},"author":1,"featured_media":187265,"comment_status":"closed","ping_status":"closed","sticky":false,"template":"","format":"standard","meta":{"footnotes":""},"categories":[485],"tags":[417,464,418],"class_list":{"0":"post-187264","1":"post","2":"type-post","3":"status-publish","4":"format-standard","5":"has-post-thumbnail","7":"category-internacional","8":"tag-alemania","9":"tag-conflictos","10":"tag-internacional"},"aioseo_notices":[],"aioseo_head":"\n\t\t<!-- All in One SEO Pro 4.9.6.2 - aioseo.com -->\n\t<meta name=\"description\" content=\"Berl\u00edn, 1 ago (dpa) - El Gobierno alem\u00e1n retomar\u00e1 el suministro de dos sistemas de defensa a\u00e9rea Patriot a Ucrania, despu\u00e9s de que Estados Unidos\" \/>\n\t<meta name=\"robots\" content=\"max-image-preview:large\" \/>\n\t<meta name=\"author\" content=\"Cand\u00e1s 365\"\/>\n\t<meta name=\"google-site-verification\" content=\"UA-32230408-1\" \/>\n\t<meta name=\"msvalidate.01\" content=\"354F3CDFB2DA171B47FBE9ABF1F88D5\" \/>\n\t<meta name=\"keywords\" content=\"internacional\" \/>\n\t<link rel=\"canonical\" href=\"https:\/\/candas365.es\/noticias\/alemania-entregara-sistemas-antiaereos-patriot-a-ucrania\/\" \/>\n\t<meta name=\"generator\" content=\"All in One SEO Pro (AIOSEO) 4.9.6.2\" \/>\n\t\t<meta property=\"og:locale\" content=\"es_ES\" \/>\n\t\t<meta property=\"og:site_name\" content=\"Cand\u00e1s 365\" \/>\n\t\t<meta property=\"og:type\" content=\"article\" \/>\n\t\t<meta property=\"og:title\" content=\"Alemania entregar\u00e1 sistemas antia\u00e9reos Patriot a Ucrania | Cand\u00e1s 365\" \/>\n\t\t<meta property=\"og:description\" content=\"Berl\u00edn, 1 ago (dpa) - El Gobierno alem\u00e1n retomar\u00e1 el suministro de dos sistemas de defensa a\u00e9rea Patriot a Ucrania, despu\u00e9s de que Estados Unidos\" \/>\n\t\t<meta property=\"og:url\" content=\"https:\/\/candas365.es\/noticias\/alemania-entregara-sistemas-antiaereos-patriot-a-ucrania\/\" \/>\n\t\t<meta property=\"og:image\" content=\"https:\/\/candas365.es\/noticias\/wp-content\/uploads\/2025\/08\/sistemas-antiaereos-Patriot.jpg\" \/>\n\t\t<meta property=\"og:image:secure_url\" content=\"https:\/\/candas365.es\/noticias\/wp-content\/uploads\/2025\/08\/sistemas-antiaereos-Patriot.jpg\" \/>\n\t\t<meta property=\"og:image:width\" content=\"1004\" \/>\n\t\t<meta property=\"og:image:height\" content=\"663\" \/>\n\t\t<meta property=\"article:published_time\" content=\"2025-08-01T16:11:13+00:00\" \/>\n\t\t<meta property=\"article:modified_time\" content=\"2025-08-01T16:11:13+00:00\" \/>\n\t\t<meta property=\"article:publisher\" content=\"https:\/\/www.facebook.com\/Nachofdezber\" \/>\n\t\t<meta property=\"article:author\" content=\"https:\/\/www.facebook.com\/carrenoactualidad\" \/>\n\t\t<meta name=\"twitter:card\" content=\"summary_large_image\" \/>\n\t\t<meta name=\"twitter:site\" content=\"@NabercoDigital\" \/>\n\t\t<meta name=\"twitter:title\" content=\"Alemania entregar\u00e1 sistemas antia\u00e9reos Patriot a Ucrania | Cand\u00e1s 365\" \/>\n\t\t<meta name=\"twitter:description\" content=\"Berl\u00edn, 1 ago (dpa) - El Gobierno alem\u00e1n retomar\u00e1 el suministro de dos sistemas de defensa a\u00e9rea Patriot a Ucrania, despu\u00e9s de que Estados Unidos\" \/>\n\t\t<meta name=\"twitter:creator\" content=\"@nbasturias\" \/>\n\t\t<meta name=\"twitter:image\" content=\"https:\/\/candas365.es\/noticias\/wp-content\/uploads\/2025\/08\/sistemas-antiaereos-Patriot.jpg\" \/>\n\t\t<meta name=\"twitter:label1\" content=\"Escrito por\" \/>\n\t\t<meta name=\"twitter:data1\" content=\"Cand\u00e1s 365\" \/>\n\t\t<meta name=\"twitter:label2\" content=\"Tiempo de lectura estimado\" \/>\n\t\t<meta name=\"twitter:data2\" content=\"3 minutos\" \/>\n\t\t<script type=\"application\/ld+json\" class=\"aioseo-schema\">\n\t\t\t{\"@context\":\"https:\\\/\\\/schema.org\",\"@graph\":[{\"@type\":\"BreadcrumbList\",\"@id\":\"https:\\\/\\\/candas365.es\\\/noticias\\\/alemania-entregara-sistemas-antiaereos-patriot-a-ucrania\\\/#breadcrumblist\",\"itemListElement\":[{\"@type\":\"ListItem\",\"@id\":\"https:\\\/\\\/candas365.es\\\/noticias#listItem\",\"position\":1,\"name\":\"Home\",\"item\":\"https:\\\/\\\/candas365.es\\\/noticias\",\"nextItem\":{\"@type\":\"ListItem\",\"@id\":\"https:\\\/\\\/candas365.es\\\/noticias\\\/category\\\/internacional\\\/#listItem\",\"name\":\"Internacional\"}},{\"@type\":\"ListItem\",\"@id\":\"https:\\\/\\\/candas365.es\\\/noticias\\\/category\\\/internacional\\\/#listItem\",\"position\":2,\"name\":\"Internacional\",\"item\":\"https:\\\/\\\/candas365.es\\\/noticias\\\/category\\\/internacional\\\/\",\"nextItem\":{\"@type\":\"ListItem\",\"@id\":\"https:\\\/\\\/candas365.es\\\/noticias\\\/alemania-entregara-sistemas-antiaereos-patriot-a-ucrania\\\/#listItem\",\"name\":\"Alemania entregar\\u00e1 sistemas antia\\u00e9reos Patriot a Ucrania\"},\"previousItem\":{\"@type\":\"ListItem\",\"@id\":\"https:\\\/\\\/candas365.es\\\/noticias#listItem\",\"name\":\"Home\"}},{\"@type\":\"ListItem\",\"@id\":\"https:\\\/\\\/candas365.es\\\/noticias\\\/alemania-entregara-sistemas-antiaereos-patriot-a-ucrania\\\/#listItem\",\"position\":3,\"name\":\"Alemania entregar\\u00e1 sistemas antia\\u00e9reos Patriot a Ucrania\",\"previousItem\":{\"@type\":\"ListItem\",\"@id\":\"https:\\\/\\\/candas365.es\\\/noticias\\\/category\\\/internacional\\\/#listItem\",\"name\":\"Internacional\"}}]},{\"@type\":\"NewsArticle\",\"@id\":\"https:\\\/\\\/candas365.es\\\/noticias\\\/alemania-entregara-sistemas-antiaereos-patriot-a-ucrania\\\/#newsarticle\",\"name\":\"Alemania entregar\\u00e1 sistemas antia\\u00e9reos Patriot a Ucrania | Cand\\u00e1s 365\",\"headline\":\"Alemania entregar\\u00e1 sistemas antia\\u00e9reos Patriot a Ucrania\",\"author\":{\"@id\":\"https:\\\/\\\/candas365.es\\\/noticias\\\/author\\\/admin\\\/#author\"},\"publisher\":{\"@id\":\"https:\\\/\\\/candas365.es\\\/noticias\\\/#organization\"},\"image\":{\"@type\":\"ImageObject\",\"url\":\"https:\\\/\\\/candas365.es\\\/noticias\\\/wp-content\\\/uploads\\\/2025\\\/08\\\/sistemas-antiaereos-Patriot.jpg\",\"width\":1004,\"height\":663,\"caption\":\"Soldados de la Fuerza A\\u00e9rea Alemana practican el montaje de una posici\\u00f3n de defensa a\\u00e9rea. Foto: Jens B\\u00fcttner\\\/dpa\"},\"datePublished\":\"2025-08-01T18:11:13+02:00\",\"dateModified\":\"2025-08-01T18:11:13+02:00\",\"inLanguage\":\"es-ES\",\"mainEntityOfPage\":{\"@id\":\"https:\\\/\\\/candas365.es\\\/noticias\\\/alemania-entregara-sistemas-antiaereos-patriot-a-ucrania\\\/#webpage\"},\"isPartOf\":{\"@id\":\"https:\\\/\\\/candas365.es\\\/noticias\\\/alemania-entregara-sistemas-antiaereos-patriot-a-ucrania\\\/#webpage\"},\"articleSection\":\"Internacional, Alemania, conflictos, Internacional\",\"dateline\":\"Publicado el agosto 1, 2025.\"},{\"@type\":\"Organization\",\"@id\":\"https:\\\/\\\/candas365.es\\\/noticias\\\/#organization\",\"name\":\"Cand\\u00e1s 365\",\"description\":\"Cand\\u00e1s 365 es un diario digital independiente, fundado en 2012, con base en Asturias. Informamos con rigor sobre actualidad, sociedad, cultura y ocio, con una mirada local y global.\",\"url\":\"https:\\\/\\\/candas365.es\\\/noticias\\\/\",\"email\":\"info@candas365.es\",\"telephone\":\"+34652131393\",\"foundingDate\":\"2012-06-10\",\"logo\":{\"@type\":\"ImageObject\",\"url\":\"https:\\\/\\\/candas365.es\\\/noticias\\\/wp-content\\\/uploads\\\/2024\\\/09\\\/Candas-365-Redes.jpg\",\"@id\":\"https:\\\/\\\/candas365.es\\\/noticias\\\/alemania-entregara-sistemas-antiaereos-patriot-a-ucrania\\\/#organizationLogo\",\"width\":1152,\"height\":864,\"caption\":\"Cand\\u00e1s 365 Redes\"},\"image\":{\"@id\":\"https:\\\/\\\/candas365.es\\\/noticias\\\/alemania-entregara-sistemas-antiaereos-patriot-a-ucrania\\\/#organizationLogo\"},\"sameAs\":[\"https:\\\/\\\/www.facebook.com\\\/Nachofdezber\",\"https:\\\/\\\/x.com\\\/NabercoDigital\",\"https:\\\/\\\/www.instagram.com\\\/nachofdezber\\\/\",\"https:\\\/\\\/www.youtube.com\\\/channel\\\/UCZP-2wLEB9Rv6erhFmqVnvg\"],\"address\":{\"@id\":\"https:\\\/\\\/candas365.es\\\/noticias\\\/#postaladdress\",\"@type\":\"PostalAddress\",\"streetAddress\":\"san antonio 4, san antonio 4\",\"postalCode\":\"33430\",\"addressLocality\":\"Cand\\u00e1s\",\"addressRegion\":\"Asturias\",\"addressCountry\":\"ES\"}},{\"@type\":\"Person\",\"@id\":\"https:\\\/\\\/candas365.es\\\/noticias\\\/author\\\/admin\\\/#author\",\"url\":\"https:\\\/\\\/candas365.es\\\/noticias\\\/author\\\/admin\\\/\",\"name\":\"Cand\\u00e1s 365\",\"image\":{\"@type\":\"ImageObject\",\"@id\":\"https:\\\/\\\/candas365.es\\\/noticias\\\/alemania-entregara-sistemas-antiaereos-patriot-a-ucrania\\\/#authorImage\",\"url\":\"https:\\\/\\\/secure.gravatar.com\\\/avatar\\\/496a8e03d0c493ede1718b7934145dbdf8d89be1036b0eec9544e1094c9de390?s=96&d=mm&r=g\",\"width\":96,\"height\":96,\"caption\":\"Cand\\u00e1s 365\"},\"sameAs\":[\"https:\\\/\\\/www.facebook.com\\\/carrenoactualidad\",\"https:\\\/\\\/twitter.com\\\/nbasturias\",\"https:\\\/\\\/www.instagram.com\\\/nachofdezber\\\/\",\"https:\\\/\\\/www.youtube.com\\\/channel\\\/UCZP-2wLEB9Rv6erhFmqVnvg\"]},{\"@type\":\"WebPage\",\"@id\":\"https:\\\/\\\/candas365.es\\\/noticias\\\/alemania-entregara-sistemas-antiaereos-patriot-a-ucrania\\\/#webpage\",\"url\":\"https:\\\/\\\/candas365.es\\\/noticias\\\/alemania-entregara-sistemas-antiaereos-patriot-a-ucrania\\\/\",\"name\":\"Alemania entregar\\u00e1 sistemas antia\\u00e9reos Patriot a Ucrania | Cand\\u00e1s 365\",\"description\":\"Berl\\u00edn, 1 ago (dpa) - El Gobierno alem\\u00e1n retomar\\u00e1 el suministro de dos sistemas de defensa a\\u00e9rea Patriot a Ucrania, despu\\u00e9s de que Estados Unidos\",\"inLanguage\":\"es-ES\",\"isPartOf\":{\"@id\":\"https:\\\/\\\/candas365.es\\\/noticias\\\/#website\"},\"breadcrumb\":{\"@id\":\"https:\\\/\\\/candas365.es\\\/noticias\\\/alemania-entregara-sistemas-antiaereos-patriot-a-ucrania\\\/#breadcrumblist\"},\"author\":{\"@id\":\"https:\\\/\\\/candas365.es\\\/noticias\\\/author\\\/admin\\\/#author\"},\"creator\":{\"@id\":\"https:\\\/\\\/candas365.es\\\/noticias\\\/author\\\/admin\\\/#author\"},\"image\":{\"@type\":\"ImageObject\",\"url\":\"https:\\\/\\\/candas365.es\\\/noticias\\\/wp-content\\\/uploads\\\/2025\\\/08\\\/sistemas-antiaereos-Patriot.jpg\",\"@id\":\"https:\\\/\\\/candas365.es\\\/noticias\\\/alemania-entregara-sistemas-antiaereos-patriot-a-ucrania\\\/#mainImage\",\"width\":1004,\"height\":663,\"caption\":\"Soldados de la Fuerza A\\u00e9rea Alemana practican el montaje de una posici\\u00f3n de defensa a\\u00e9rea. Foto: Jens B\\u00fcttner\\\/dpa\"},\"primaryImageOfPage\":{\"@id\":\"https:\\\/\\\/candas365.es\\\/noticias\\\/alemania-entregara-sistemas-antiaereos-patriot-a-ucrania\\\/#mainImage\"},\"datePublished\":\"2025-08-01T18:11:13+02:00\",\"dateModified\":\"2025-08-01T18:11:13+02:00\"},{\"@type\":\"WebSite\",\"@id\":\"https:\\\/\\\/candas365.es\\\/noticias\\\/#website\",\"url\":\"https:\\\/\\\/candas365.es\\\/noticias\\\/\",\"name\":\"Cand\\u00e1s 365\",\"alternateName\":\"Cand\\u00e1s 365 Noticias\",\"description\":\"Actualidad desde Carre\\u00f1o para el mundo\",\"inLanguage\":\"es-ES\",\"publisher\":{\"@id\":\"https:\\\/\\\/candas365.es\\\/noticias\\\/#organization\"}}]}\n\t\t<\/script>\n\t\t<!-- All in One SEO Pro -->\r\n\t\t<title>Alemania entregar\u00e1 sistemas antia\u00e9reos Patriot a Ucrania | Cand\u00e1s 365<\/title>\n\n","aioseo_head_json":{"title":"Alemania entregar\u00e1 sistemas antia\u00e9reos Patriot a Ucrania | Cand\u00e1s 365","description":"Berl\u00edn, 1 ago (dpa) - El Gobierno alem\u00e1n retomar\u00e1 el suministro de dos sistemas de defensa a\u00e9rea Patriot a Ucrania, despu\u00e9s de que Estados Unidos","canonical_url":"https:\/\/candas365.es\/noticias\/alemania-entregara-sistemas-antiaereos-patriot-a-ucrania\/","robots":"max-image-preview:large","keywords":"internacional","webmasterTools":{"google-site-verification":"UA-32230408-1","msvalidate.01":"354F3CDFB2DA171B47FBE9ABF1F88D5","miscellaneous":""},"schema":{"@context":"https:\/\/schema.org","@graph":[{"@type":"BreadcrumbList","@id":"https:\/\/candas365.es\/noticias\/alemania-entregara-sistemas-antiaereos-patriot-a-ucrania\/#breadcrumblist","itemListElement":[{"@type":"ListItem","@id":"https:\/\/candas365.es\/noticias#listItem","position":1,"name":"Home","item":"https:\/\/candas365.es\/noticias","nextItem":{"@type":"ListItem","@id":"https:\/\/candas365.es\/noticias\/category\/internacional\/#listItem","name":"Internacional"}},{"@type":"ListItem","@id":"https:\/\/candas365.es\/noticias\/category\/internacional\/#listItem","position":2,"name":"Internacional","item":"https:\/\/candas365.es\/noticias\/category\/internacional\/","nextItem":{"@type":"ListItem","@id":"https:\/\/candas365.es\/noticias\/alemania-entregara-sistemas-antiaereos-patriot-a-ucrania\/#listItem","name":"Alemania entregar\u00e1 sistemas antia\u00e9reos Patriot a Ucrania"},"previousItem":{"@type":"ListItem","@id":"https:\/\/candas365.es\/noticias#listItem","name":"Home"}},{"@type":"ListItem","@id":"https:\/\/candas365.es\/noticias\/alemania-entregara-sistemas-antiaereos-patriot-a-ucrania\/#listItem","position":3,"name":"Alemania entregar\u00e1 sistemas antia\u00e9reos Patriot a Ucrania","previousItem":{"@type":"ListItem","@id":"https:\/\/candas365.es\/noticias\/category\/internacional\/#listItem","name":"Internacional"}}]},{"@type":"NewsArticle","@id":"https:\/\/candas365.es\/noticias\/alemania-entregara-sistemas-antiaereos-patriot-a-ucrania\/#newsarticle","name":"Alemania entregar\u00e1 sistemas antia\u00e9reos Patriot a Ucrania | Cand\u00e1s 365","headline":"Alemania entregar\u00e1 sistemas antia\u00e9reos Patriot a Ucrania","author":{"@id":"https:\/\/candas365.es\/noticias\/author\/admin\/#author"},"publisher":{"@id":"https:\/\/candas365.es\/noticias\/#organization"},"image":{"@type":"ImageObject","url":"https:\/\/candas365.es\/noticias\/wp-content\/uploads\/2025\/08\/sistemas-antiaereos-Patriot.jpg","width":1004,"height":663,"caption":"Soldados de la Fuerza A\u00e9rea Alemana practican el montaje de una posici\u00f3n de defensa a\u00e9rea. Foto: Jens B\u00fcttner\/dpa"},"datePublished":"2025-08-01T18:11:13+02:00","dateModified":"2025-08-01T18:11:13+02:00","inLanguage":"es-ES","mainEntityOfPage":{"@id":"https:\/\/candas365.es\/noticias\/alemania-entregara-sistemas-antiaereos-patriot-a-ucrania\/#webpage"},"isPartOf":{"@id":"https:\/\/candas365.es\/noticias\/alemania-entregara-sistemas-antiaereos-patriot-a-ucrania\/#webpage"},"articleSection":"Internacional, Alemania, conflictos, Internacional","dateline":"Publicado el agosto 1, 2025."},{"@type":"Organization","@id":"https:\/\/candas365.es\/noticias\/#organization","name":"Cand\u00e1s 365","description":"Cand\u00e1s 365 es un diario digital independiente, fundado en 2012, con base en Asturias. Informamos con rigor sobre actualidad, sociedad, cultura y ocio, con una mirada local y global.","url":"https:\/\/candas365.es\/noticias\/","email":"info@candas365.es","telephone":"+34652131393","foundingDate":"2012-06-10","logo":{"@type":"ImageObject","url":"https:\/\/candas365.es\/noticias\/wp-content\/uploads\/2024\/09\/Candas-365-Redes.jpg","@id":"https:\/\/candas365.es\/noticias\/alemania-entregara-sistemas-antiaereos-patriot-a-ucrania\/#organizationLogo","width":1152,"height":864,"caption":"Cand\u00e1s 365 Redes"},"image":{"@id":"https:\/\/candas365.es\/noticias\/alemania-entregara-sistemas-antiaereos-patriot-a-ucrania\/#organizationLogo"},"sameAs":["https:\/\/www.facebook.com\/Nachofdezber","https:\/\/x.com\/NabercoDigital","https:\/\/www.instagram.com\/nachofdezber\/","https:\/\/www.youtube.com\/channel\/UCZP-2wLEB9Rv6erhFmqVnvg"],"address":{"@id":"https:\/\/candas365.es\/noticias\/#postaladdress","@type":"PostalAddress","streetAddress":"san antonio 4, san antonio 4","postalCode":"33430","addressLocality":"Cand\u00e1s","addressRegion":"Asturias","addressCountry":"ES"}},{"@type":"Person","@id":"https:\/\/candas365.es\/noticias\/author\/admin\/#author","url":"https:\/\/candas365.es\/noticias\/author\/admin\/","name":"Cand\u00e1s 365","image":{"@type":"ImageObject","@id":"https:\/\/candas365.es\/noticias\/alemania-entregara-sistemas-antiaereos-patriot-a-ucrania\/#authorImage","url":"https:\/\/secure.gravatar.com\/avatar\/496a8e03d0c493ede1718b7934145dbdf8d89be1036b0eec9544e1094c9de390?s=96&d=mm&r=g","width":96,"height":96,"caption":"Cand\u00e1s 365"},"sameAs":["https:\/\/www.facebook.com\/carrenoactualidad","https:\/\/twitter.com\/nbasturias","https:\/\/www.instagram.com\/nachofdezber\/","https:\/\/www.youtube.com\/channel\/UCZP-2wLEB9Rv6erhFmqVnvg"]},{"@type":"WebPage","@id":"https:\/\/candas365.es\/noticias\/alemania-entregara-sistemas-antiaereos-patriot-a-ucrania\/#webpage","url":"https:\/\/candas365.es\/noticias\/alemania-entregara-sistemas-antiaereos-patriot-a-ucrania\/","name":"Alemania entregar\u00e1 sistemas antia\u00e9reos Patriot a Ucrania | Cand\u00e1s 365","description":"Berl\u00edn, 1 ago (dpa) - El Gobierno alem\u00e1n retomar\u00e1 el suministro de dos sistemas de defensa a\u00e9rea Patriot a Ucrania, despu\u00e9s de que Estados Unidos","inLanguage":"es-ES","isPartOf":{"@id":"https:\/\/candas365.es\/noticias\/#website"},"breadcrumb":{"@id":"https:\/\/candas365.es\/noticias\/alemania-entregara-sistemas-antiaereos-patriot-a-ucrania\/#breadcrumblist"},"author":{"@id":"https:\/\/candas365.es\/noticias\/author\/admin\/#author"},"creator":{"@id":"https:\/\/candas365.es\/noticias\/author\/admin\/#author"},"image":{"@type":"ImageObject","url":"https:\/\/candas365.es\/noticias\/wp-content\/uploads\/2025\/08\/sistemas-antiaereos-Patriot.jpg","@id":"https:\/\/candas365.es\/noticias\/alemania-entregara-sistemas-antiaereos-patriot-a-ucrania\/#mainImage","width":1004,"height":663,"caption":"Soldados de la Fuerza A\u00e9rea Alemana practican el montaje de una posici\u00f3n de defensa a\u00e9rea. Foto: Jens B\u00fcttner\/dpa"},"primaryImageOfPage":{"@id":"https:\/\/candas365.es\/noticias\/alemania-entregara-sistemas-antiaereos-patriot-a-ucrania\/#mainImage"},"datePublished":"2025-08-01T18:11:13+02:00","dateModified":"2025-08-01T18:11:13+02:00"},{"@type":"WebSite","@id":"https:\/\/candas365.es\/noticias\/#website","url":"https:\/\/candas365.es\/noticias\/","name":"Cand\u00e1s 365","alternateName":"Cand\u00e1s 365 Noticias","description":"Actualidad desde Carre\u00f1o para el mundo","inLanguage":"es-ES","publisher":{"@id":"https:\/\/candas365.es\/noticias\/#organization"}}]},"og:locale":"es_ES","og:site_name":"Cand\u00e1s 365","og:type":"article","og:title":"Alemania entregar\u00e1 sistemas antia\u00e9reos Patriot a Ucrania | Cand\u00e1s 365","og:description":"Berl\u00edn, 1 ago (dpa) - El Gobierno alem\u00e1n retomar\u00e1 el suministro de dos sistemas de defensa a\u00e9rea Patriot a Ucrania, despu\u00e9s de que Estados Unidos","og:url":"https:\/\/candas365.es\/noticias\/alemania-entregara-sistemas-antiaereos-patriot-a-ucrania\/","og:image":"https:\/\/candas365.es\/noticias\/wp-content\/uploads\/2025\/08\/sistemas-antiaereos-Patriot.jpg","og:image:secure_url":"https:\/\/candas365.es\/noticias\/wp-content\/uploads\/2025\/08\/sistemas-antiaereos-Patriot.jpg","og:image:width":1004,"og:image:height":663,"article:published_time":"2025-08-01T16:11:13+00:00","article:modified_time":"2025-08-01T16:11:13+00:00","article:publisher":"https:\/\/www.facebook.com\/Nachofdezber","article:author":"https:\/\/www.facebook.com\/carrenoactualidad","twitter:card":"summary_large_image","twitter:site":"@NabercoDigital","twitter:title":"Alemania entregar\u00e1 sistemas antia\u00e9reos Patriot a Ucrania | Cand\u00e1s 365","twitter:description":"Berl\u00edn, 1 ago (dpa) - El Gobierno alem\u00e1n retomar\u00e1 el suministro de dos sistemas de defensa a\u00e9rea Patriot a Ucrania, despu\u00e9s de que Estados Unidos","twitter:creator":"@nbasturias","twitter:image":"https:\/\/candas365.es\/noticias\/wp-content\/uploads\/2025\/08\/sistemas-antiaereos-Patriot.jpg","twitter:label1":"Escrito por","twitter:data1":"Cand\u00e1s 365","twitter:label2":"Tiempo de lectura estimado","twitter:data2":"3 minutos"},"aioseo_meta_data":{"post_id":"187264","title":null,"description":"Berl\u00edn, 1 ago (dpa) - El Gobierno alem\u00e1n retomar\u00e1 el suministro de dos sistemas de defensa a\u00e9rea Patriot a Ucrania, despu\u00e9s de que Estados Unidos","keywords":null,"keyphrases":{"focus":{"keyphrase":"sistemas","score":100,"analysis":{"keyphraseInTitle":{"score":9,"maxScore":9,"error":0},"keyphraseInDescription":{"score":9,"maxScore":9,"error":0},"keyphraseLength":{"score":9,"maxScore":9,"error":0,"length":1},"keyphraseInURL":{"score":5,"maxScore":5,"error":0},"keyphraseInIntroduction":{"score":9,"maxScore":9,"error":0},"keyphraseInSubHeadings":[],"keyphraseInImageAlt":{"score":9,"maxScore":9,"error":0},"keywordDensity":{"type":"best","score":9,"maxScore":9,"error":0}}},"additional":[{"keyphrase":"Patriot","score":100,"analysis":{"keyphraseInDescription":{"score":9,"maxScore":9,"error":0},"keyphraseLength":{"score":9,"maxScore":9,"error":0,"length":1},"keyphraseInIntroduction":{"score":9,"maxScore":9,"error":0},"keyphraseInImageAlt":{"score":9,"maxScore":9,"error":0},"keywordDensity":{"type":"best","score":9,"maxScore":9,"error":0}}}]},"primary_term":null,"canonical_url":null,"og_title":null,"og_description":null,"og_object_type":"default","og_image_type":"default","og_image_url":null,"og_image_width":null,"og_image_height":null,"og_image_custom_url":null,"og_image_custom_fields":null,"og_video":"","og_custom_url":null,"og_article_section":null,"og_article_tags":null,"twitter_use_og":false,"twitter_card":"default","twitter_image_type":"default","twitter_image_url":null,"twitter_image_custom_url":null,"twitter_image_custom_fields":null,"twitter_title":null,"twitter_description":null,"schema":{"blockGraphs":[],"customGraphs":[],"default":{"data":{"Article":[],"Course":[],"Dataset":[],"FAQPage":[],"Movie":[],"Person":[],"Product":[],"ProductReview":[],"Car":[],"Recipe":[],"Service":[],"SoftwareApplication":[],"WebPage":[]},"graphName":"Article","isEnabled":true},"graphs":[]},"schema_type":"default","schema_type_options":null,"pillar_content":false,"robots_default":true,"robots_noindex":false,"robots_noarchive":false,"robots_nosnippet":false,"robots_nofollow":false,"robots_noimageindex":false,"robots_noodp":false,"robots_notranslate":false,"robots_max_snippet":"-1","robots_max_videopreview":"-1","robots_max_imagepreview":"large","priority":null,"frequency":"default","location":null,"local_seo":null,"seo_analyzer_scan_date":"2025-09-03 14:12:12","breadcrumb_settings":null,"limit_modified_date":false,"reviewed_by":null,"open_ai":null,"ai":{"faqs":[],"keyPoints":[],"titles":[],"descriptions":[],"socialPosts":{"email":[],"linkedin":[],"twitter":[],"facebook":[],"instagram":[]}},"created":"2025-08-01 16:03:50","updated":"2025-09-03 14:12:12"},"aioseo_breadcrumb":"<div class=\"aioseo-breadcrumbs\"><span class=\"aioseo-breadcrumb\">\n\t<a href=\"https:\/\/candas365.es\/noticias\" title=\"Home\">Home<\/a>\n<\/span><span class=\"aioseo-breadcrumb-separator\">&ndash;<\/span><span class=\"aioseo-breadcrumb\">\n\t<a href=\"https:\/\/candas365.es\/noticias\/category\/internacional\/\" title=\"Internacional\">Internacional<\/a>\n<\/span><span class=\"aioseo-breadcrumb-separator\">&ndash;<\/span><span class=\"aioseo-breadcrumb\">\n\tAlemania entregar\u00e1 sistemas antia\u00e9reos Patriot a Ucrania\n<\/span><\/div>","aioseo_breadcrumb_json":[{"label":"Home","link":"https:\/\/candas365.es\/noticias"},{"label":"Internacional","link":"https:\/\/candas365.es\/noticias\/category\/internacional\/"},{"label":"Alemania entregar\u00e1 sistemas antia\u00e9reos Patriot a Ucrania","link":"https:\/\/candas365.es\/noticias\/alemania-entregara-sistemas-antiaereos-patriot-a-ucrania\/"}],"_links":{"self":[{"href":"https:\/\/candas365.es\/noticias\/wp-json\/wp\/v2\/posts\/187264","targetHints":{"allow":["GET"]}}],"collection":[{"href":"https:\/\/candas365.es\/noticias\/wp-json\/wp\/v2\/posts"}],"about":[{"href":"https:\/\/candas365.es\/noticias\/wp-json\/wp\/v2\/types\/post"}],"author":[{"embeddable":true,"href":"https:\/\/candas365.es\/noticias\/wp-json\/wp\/v2\/users\/1"}],"replies":[{"embeddable":true,"href":"https:\/\/candas365.es\/noticias\/wp-json\/wp\/v2\/comments?post=187264"}],"version-history":[{"count":0,"href":"https:\/\/candas365.es\/noticias\/wp-json\/wp\/v2\/posts\/187264\/revisions"}],"wp:featuredmedia":[{"embeddable":true,"href":"https:\/\/candas365.es\/noticias\/wp-json\/wp\/v2\/media\/187265"}],"wp:attachment":[{"href":"https:\/\/candas365.es\/noticias\/wp-json\/wp\/v2\/media?parent=187264"}],"wp:term":[{"taxonomy":"category","embeddable":true,"href":"https:\/\/candas365.es\/noticias\/wp-json\/wp\/v2\/categories?post=187264"},{"taxonomy":"post_tag","embeddable":true,"href":"https:\/\/candas365.es\/noticias\/wp-json\/wp\/v2\/tags?post=187264"}],"curies":[{"name":"wp","href":"https:\/\/api.w.org\/{rel}","templated":true}]}}