{"id":187261,"date":"2025-08-01T18:02:11","date_gmt":"2025-08-01T16:02:11","guid":{"rendered":"https:\/\/candas365.es\/noticias\/?p=187261"},"modified":"2025-08-01T18:02:11","modified_gmt":"2025-08-01T16:02:11","slug":"johann-wadephul-rechazamos-claramente-cualquier-fantasia-de-anexiones","status":"publish","type":"post","link":"https:\/\/candas365.es\/noticias\/johann-wadephul-rechazamos-claramente-cualquier-fantasia-de-anexiones\/","title":{"rendered":"Johann Wadephul: \u00abRechazamos claramente cualquier fantas\u00eda de anexiones\u00bb"},"content":{"rendered":"<p>Ramala, 1 ago (<a href=\"https:\/\/www.dpa-news.de\/\" target=\"_blank\" rel=\"noopener\"><span style=\"color: #ff6600;\"><strong>dpa<\/strong><\/span><\/a>) &#8211; El ministro alem\u00e1n de Asuntos Exteriores, Johann Wadephul, advirti\u00f3 hoy a Israel contra una anexi\u00f3n de <span style=\"color: #ff6600;\"><a style=\"color: #ff6600;\" href=\"https:\/\/candas365.es\/noticias\/category\/internacional\/\"><strong>Cisjordania<\/strong><\/a><\/span>, durante una visita en la regi\u00f3n, durante la cual conden\u00f3 adem\u00e1s con dureza la creciente violencia de los colonos jud\u00edos contra la poblaci\u00f3n palestina.<\/p>\n<figure id=\"attachment_187262\" aria-describedby=\"caption-attachment-187262\" style=\"width: 650px\" class=\"wp-caption aligncenter\"><img fetchpriority=\"high\" decoding=\"async\" class=\"size-large wp-image-187262\" src=\"https:\/\/candas365.es\/noticias\/wp-content\/uploads\/2025\/08\/Wadephul-650x476.jpg\" alt=\"Wadephul\" width=\"650\" height=\"476\" srcset=\"https:\/\/candas365.es\/noticias\/wp-content\/uploads\/2025\/08\/Wadephul-650x476.jpg 650w, https:\/\/candas365.es\/noticias\/wp-content\/uploads\/2025\/08\/Wadephul-360x264.jpg 360w, https:\/\/candas365.es\/noticias\/wp-content\/uploads\/2025\/08\/Wadephul-768x563.jpg 768w, https:\/\/candas365.es\/noticias\/wp-content\/uploads\/2025\/08\/Wadephul-150x110.jpg 150w, https:\/\/candas365.es\/noticias\/wp-content\/uploads\/2025\/08\/Wadephul-450x330.jpg 450w, https:\/\/candas365.es\/noticias\/wp-content\/uploads\/2025\/08\/Wadephul.jpg 882w\" sizes=\"(max-width: 650px) 100vw, 650px\" \/><figcaption id=\"caption-attachment-187262\" class=\"wp-caption-text\">El ministro alem\u00e1n de Asuntos Exteriores, Johann Wadephul (centro) hace declaraciones a la prensa luego de su visita a la localidad de Taybeh, en Cisjordania. Foto: Soeren Stache\/dpa<\/figcaption><\/figure>\n<p>Tras una conversaci\u00f3n con el presidente de la Autoridad Palestina, Mahmud Abbas, en Ramala, el jefe de la diplomacia alemana subray\u00f3: \u00abApoyamos el derecho de los palestinos a tener su propio Estado al final de un proceso pol\u00edtico\u00bb.<\/p>\n<p>Wadephul agreg\u00f3 que Alemania est\u00e1 dispuesta a apoyar activamente el proceso de reconstrucci\u00f3n tras el fin de la guerra de Gaza, para lo cual es necesaria una renovaci\u00f3n de la legitimidad democr\u00e1tica de la Autoridad Palestina. Sin embargo, aclar\u00f3 que tampoco se le debe privar de financiaci\u00f3n.<\/p>\n<p>El ministro alem\u00e1n inst\u00f3 al Gobierno israel\u00ed a que transfiera a la Autoridad Palestina los impuestos retenidos que le corresponden leg\u00edtimamente. Asimismo, enfatiz\u00f3 que la milicia Ham\u00e1s no debe desempe\u00f1ar ning\u00fan papel pol\u00edtico en un futuro Estado palestino.<\/p>\n<p>El origen de los temores sobre una anexi\u00f3n son las declaraciones de pol\u00edticos israel\u00edes y una resoluci\u00f3n aprobada recientemente por el Parlamento, en la que se insta al Gobierno religioso de derecha del primer ministro Benjamin Netanyahu a extender la \u00absoberan\u00eda\u00bb del Estado de Israel a todos los asentamientos jud\u00edos de Cisjordania.<\/p>\n<blockquote><p>\u00abRechazamos claramente cualquier fantas\u00eda de anexiones, ya sea para Gaza o para Cisjordania, que tambi\u00e9n proviene de partes del Gobierno israel\u00ed\u00bb, recalc\u00f3 Wadephul. \u00abAlemania no las reconocer\u00eda\u00bb.<\/p><\/blockquote>\n<p>Wadephul visit\u00f3 en Cisjordania la localidad de Taybeh, que fue objeto de varias incursiones en los \u00faltimos meses. All\u00ed vio, entre otras cosas, dos coches quemados y habl\u00f3 con el alcalde y tres cl\u00e9rigos.<\/p>\n<p>\u00abAqu\u00ed estamos rodeados de colonos. No podemos vivir con estabilidad y seguridad\u00bb, se quej\u00f3 uno de ellos, a\u00f1adiendo que los habitantes son personas pac\u00edficas. Taybeh est\u00e1 habitada en su mayor\u00eda por palestinos cristianos.<\/p>\n<p>\u00abEste tipo de actos son delitos, son terrorismo y deben ser perseguidos por la polic\u00eda de una vez por todas\u00bb, declar\u00f3 Wadephul en referencia a los ataques. \u00abIsrael, como potencia ocupante y Estado de derecho, debe garantizar la seguridad y el orden y perseguir los delitos\u00bb.<\/p>\n<p>\u00abDebe proteger a la poblaci\u00f3n palestina de estos delincuentes\u00bb, agreg\u00f3.<\/p>\n<p>Wadephul sostuvo que el Gobierno alem\u00e1n aboga a nivel europeo por nuevas sanciones contra los colonos violentos y que la posici\u00f3n de Berl\u00edn es clara: \u00abLa pol\u00edtica de construcci\u00f3n de asentamientos es contraria al derecho internacional\u00bb.<\/p>\n<p>\u00abLos asentamientos ilegales se han convertido en un obst\u00e1culo infranqueable para la soluci\u00f3n de dos Estados\u00bb, critic\u00f3 Wadephul.<\/p>\n<p>La situaci\u00f3n en Cisjordania se ha agravado considerablemente desde el inicio de la guerra de Gaza. Seg\u00fan datos del Ministerio palestino de Sanidad, desde entonces han muerto m\u00e1s de 960 palestinos en operaciones militares israel\u00edes, enfrentamientos armados y atentados de extremistas.<\/p>\n<p>Al mismo tiempo, se ha intensificado la violencia de los colonos israel\u00edes radicales contra la poblaci\u00f3n civil palestina. Se acusa al Gobierno de Netanyahu de dar carta blanca a los colonos.<\/p>\n","protected":false},"excerpt":{"rendered":"<p>Ramala, 1 ago (dpa) &#8211; El ministro alem\u00e1n de Asuntos Exteriores, Johann Wadephul, advirti\u00f3 hoy a Israel contra una anexi\u00f3n de Cisjordania, durante una visita en la regi\u00f3n, durante la cual conden\u00f3 adem\u00e1s con dureza la creciente violencia de los colonos jud\u00edos contra la poblaci\u00f3n palestina. Tras una conversaci\u00f3n con el presidente de la Autoridad<\/p>\n","protected":false},"author":1,"featured_media":187262,"comment_status":"closed","ping_status":"closed","sticky":false,"template":"","format":"standard","meta":{"footnotes":""},"categories":[485],"tags":[417,464,418],"class_list":{"0":"post-187261","1":"post","2":"type-post","3":"status-publish","4":"format-standard","5":"has-post-thumbnail","7":"category-internacional","8":"tag-alemania","9":"tag-conflictos","10":"tag-internacional"},"aioseo_notices":[],"aioseo_head":"\n\t\t<!-- All in One SEO Pro 4.9.6.2 - aioseo.com -->\n\t<meta name=\"description\" content=\"Ramala, 1 ago (dpa) - El ministro alem\u00e1n de Asuntos Exteriores, Johann Wadephul, advirti\u00f3 hoy a Israel contra una anexi\u00f3n de Cisjordania, durante una visita\" \/>\n\t<meta name=\"robots\" content=\"max-image-preview:large\" \/>\n\t<meta name=\"author\" content=\"Cand\u00e1s 365\"\/>\n\t<meta name=\"google-site-verification\" content=\"UA-32230408-1\" \/>\n\t<meta name=\"msvalidate.01\" content=\"354F3CDFB2DA171B47FBE9ABF1F88D5\" \/>\n\t<meta name=\"keywords\" content=\"internacional\" \/>\n\t<link rel=\"canonical\" href=\"https:\/\/candas365.es\/noticias\/johann-wadephul-rechazamos-claramente-cualquier-fantasia-de-anexiones\/\" \/>\n\t<meta name=\"generator\" content=\"All in One SEO Pro (AIOSEO) 4.9.6.2\" \/>\n\t\t<meta property=\"og:locale\" content=\"es_ES\" \/>\n\t\t<meta property=\"og:site_name\" content=\"Cand\u00e1s 365\" \/>\n\t\t<meta property=\"og:type\" content=\"article\" \/>\n\t\t<meta property=\"og:title\" content=\"Johann Wadephul: \u00abRechazamos claramente cualquier fantas\u00eda de anexiones\u00bb | Cand\u00e1s 365\" \/>\n\t\t<meta property=\"og:description\" content=\"Ramala, 1 ago (dpa) - El ministro alem\u00e1n de Asuntos Exteriores, Johann Wadephul, advirti\u00f3 hoy a Israel contra una anexi\u00f3n de Cisjordania, durante una visita\" \/>\n\t\t<meta property=\"og:url\" content=\"https:\/\/candas365.es\/noticias\/johann-wadephul-rechazamos-claramente-cualquier-fantasia-de-anexiones\/\" \/>\n\t\t<meta property=\"og:image\" content=\"https:\/\/candas365.es\/noticias\/wp-content\/uploads\/2025\/08\/Wadephul.jpg\" \/>\n\t\t<meta property=\"og:image:secure_url\" content=\"https:\/\/candas365.es\/noticias\/wp-content\/uploads\/2025\/08\/Wadephul.jpg\" \/>\n\t\t<meta property=\"og:image:width\" content=\"882\" \/>\n\t\t<meta property=\"og:image:height\" content=\"646\" \/>\n\t\t<meta property=\"article:published_time\" content=\"2025-08-01T16:02:11+00:00\" \/>\n\t\t<meta property=\"article:modified_time\" content=\"2025-08-01T16:02:11+00:00\" \/>\n\t\t<meta property=\"article:publisher\" content=\"https:\/\/www.facebook.com\/Nachofdezber\" \/>\n\t\t<meta property=\"article:author\" content=\"https:\/\/www.facebook.com\/carrenoactualidad\" \/>\n\t\t<meta name=\"twitter:card\" content=\"summary_large_image\" \/>\n\t\t<meta name=\"twitter:site\" content=\"@NabercoDigital\" \/>\n\t\t<meta name=\"twitter:title\" content=\"Johann Wadephul: \u00abRechazamos claramente cualquier fantas\u00eda de anexiones\u00bb | Cand\u00e1s 365\" \/>\n\t\t<meta name=\"twitter:description\" content=\"Ramala, 1 ago (dpa) - El ministro alem\u00e1n de Asuntos Exteriores, Johann Wadephul, advirti\u00f3 hoy a Israel contra una anexi\u00f3n de Cisjordania, durante una visita\" \/>\n\t\t<meta name=\"twitter:creator\" content=\"@nbasturias\" \/>\n\t\t<meta name=\"twitter:image\" content=\"https:\/\/candas365.es\/noticias\/wp-content\/uploads\/2025\/08\/Wadephul.jpg\" \/>\n\t\t<meta name=\"twitter:label1\" content=\"Escrito por\" \/>\n\t\t<meta name=\"twitter:data1\" content=\"Cand\u00e1s 365\" \/>\n\t\t<meta name=\"twitter:label2\" content=\"Tiempo de lectura estimado\" \/>\n\t\t<meta name=\"twitter:data2\" content=\"3 minutos\" \/>\n\t\t<script type=\"application\/ld+json\" class=\"aioseo-schema\">\n\t\t\t{\"@context\":\"https:\\\/\\\/schema.org\",\"@graph\":[{\"@type\":\"BreadcrumbList\",\"@id\":\"https:\\\/\\\/candas365.es\\\/noticias\\\/johann-wadephul-rechazamos-claramente-cualquier-fantasia-de-anexiones\\\/#breadcrumblist\",\"itemListElement\":[{\"@type\":\"ListItem\",\"@id\":\"https:\\\/\\\/candas365.es\\\/noticias#listItem\",\"position\":1,\"name\":\"Home\",\"item\":\"https:\\\/\\\/candas365.es\\\/noticias\",\"nextItem\":{\"@type\":\"ListItem\",\"@id\":\"https:\\\/\\\/candas365.es\\\/noticias\\\/category\\\/internacional\\\/#listItem\",\"name\":\"Internacional\"}},{\"@type\":\"ListItem\",\"@id\":\"https:\\\/\\\/candas365.es\\\/noticias\\\/category\\\/internacional\\\/#listItem\",\"position\":2,\"name\":\"Internacional\",\"item\":\"https:\\\/\\\/candas365.es\\\/noticias\\\/category\\\/internacional\\\/\",\"nextItem\":{\"@type\":\"ListItem\",\"@id\":\"https:\\\/\\\/candas365.es\\\/noticias\\\/johann-wadephul-rechazamos-claramente-cualquier-fantasia-de-anexiones\\\/#listItem\",\"name\":\"Johann Wadephul: \\u00abRechazamos claramente cualquier fantas\\u00eda de anexiones\\u00bb\"},\"previousItem\":{\"@type\":\"ListItem\",\"@id\":\"https:\\\/\\\/candas365.es\\\/noticias#listItem\",\"name\":\"Home\"}},{\"@type\":\"ListItem\",\"@id\":\"https:\\\/\\\/candas365.es\\\/noticias\\\/johann-wadephul-rechazamos-claramente-cualquier-fantasia-de-anexiones\\\/#listItem\",\"position\":3,\"name\":\"Johann Wadephul: \\u00abRechazamos claramente cualquier fantas\\u00eda de anexiones\\u00bb\",\"previousItem\":{\"@type\":\"ListItem\",\"@id\":\"https:\\\/\\\/candas365.es\\\/noticias\\\/category\\\/internacional\\\/#listItem\",\"name\":\"Internacional\"}}]},{\"@type\":\"NewsArticle\",\"@id\":\"https:\\\/\\\/candas365.es\\\/noticias\\\/johann-wadephul-rechazamos-claramente-cualquier-fantasia-de-anexiones\\\/#newsarticle\",\"name\":\"Johann Wadephul: \\u00abRechazamos claramente cualquier fantas\\u00eda de anexiones\\u00bb | Cand\\u00e1s 365\",\"headline\":\"Johann Wadephul: \\u00abRechazamos claramente cualquier fantas\\u00eda de anexiones\\u00bb\",\"author\":{\"@id\":\"https:\\\/\\\/candas365.es\\\/noticias\\\/author\\\/admin\\\/#author\"},\"publisher\":{\"@id\":\"https:\\\/\\\/candas365.es\\\/noticias\\\/#organization\"},\"image\":{\"@type\":\"ImageObject\",\"url\":\"https:\\\/\\\/candas365.es\\\/noticias\\\/wp-content\\\/uploads\\\/2025\\\/08\\\/Wadephul.jpg\",\"width\":882,\"height\":646,\"caption\":\"El ministro alem\\u00e1n de Asuntos Exteriores, Johann Wadephul (centro) hace declaraciones a la prensa luego de su visita a la localidad de Taybeh, en Cisjordania. Foto: Soeren Stache\\\/dpa\"},\"datePublished\":\"2025-08-01T18:02:11+02:00\",\"dateModified\":\"2025-08-01T18:02:11+02:00\",\"inLanguage\":\"es-ES\",\"mainEntityOfPage\":{\"@id\":\"https:\\\/\\\/candas365.es\\\/noticias\\\/johann-wadephul-rechazamos-claramente-cualquier-fantasia-de-anexiones\\\/#webpage\"},\"isPartOf\":{\"@id\":\"https:\\\/\\\/candas365.es\\\/noticias\\\/johann-wadephul-rechazamos-claramente-cualquier-fantasia-de-anexiones\\\/#webpage\"},\"articleSection\":\"Internacional, Alemania, conflictos, Internacional\",\"dateline\":\"Publicado el agosto 1, 2025.\"},{\"@type\":\"Organization\",\"@id\":\"https:\\\/\\\/candas365.es\\\/noticias\\\/#organization\",\"name\":\"Cand\\u00e1s 365\",\"description\":\"Cand\\u00e1s 365 es un diario digital independiente, fundado en 2012, con base en Asturias. Informamos con rigor sobre actualidad, sociedad, cultura y ocio, con una mirada local y global.\",\"url\":\"https:\\\/\\\/candas365.es\\\/noticias\\\/\",\"email\":\"info@candas365.es\",\"telephone\":\"+34652131393\",\"foundingDate\":\"2012-06-10\",\"logo\":{\"@type\":\"ImageObject\",\"url\":\"https:\\\/\\\/candas365.es\\\/noticias\\\/wp-content\\\/uploads\\\/2024\\\/09\\\/Candas-365-Redes.jpg\",\"@id\":\"https:\\\/\\\/candas365.es\\\/noticias\\\/johann-wadephul-rechazamos-claramente-cualquier-fantasia-de-anexiones\\\/#organizationLogo\",\"width\":1152,\"height\":864,\"caption\":\"Cand\\u00e1s 365 Redes\"},\"image\":{\"@id\":\"https:\\\/\\\/candas365.es\\\/noticias\\\/johann-wadephul-rechazamos-claramente-cualquier-fantasia-de-anexiones\\\/#organizationLogo\"},\"sameAs\":[\"https:\\\/\\\/www.facebook.com\\\/Nachofdezber\",\"https:\\\/\\\/x.com\\\/NabercoDigital\",\"https:\\\/\\\/www.instagram.com\\\/nachofdezber\\\/\",\"https:\\\/\\\/www.youtube.com\\\/channel\\\/UCZP-2wLEB9Rv6erhFmqVnvg\"],\"address\":{\"@id\":\"https:\\\/\\\/candas365.es\\\/noticias\\\/#postaladdress\",\"@type\":\"PostalAddress\",\"streetAddress\":\"san antonio 4, san antonio 4\",\"postalCode\":\"33430\",\"addressLocality\":\"Cand\\u00e1s\",\"addressRegion\":\"Asturias\",\"addressCountry\":\"ES\"}},{\"@type\":\"Person\",\"@id\":\"https:\\\/\\\/candas365.es\\\/noticias\\\/author\\\/admin\\\/#author\",\"url\":\"https:\\\/\\\/candas365.es\\\/noticias\\\/author\\\/admin\\\/\",\"name\":\"Cand\\u00e1s 365\",\"image\":{\"@type\":\"ImageObject\",\"@id\":\"https:\\\/\\\/candas365.es\\\/noticias\\\/johann-wadephul-rechazamos-claramente-cualquier-fantasia-de-anexiones\\\/#authorImage\",\"url\":\"https:\\\/\\\/secure.gravatar.com\\\/avatar\\\/496a8e03d0c493ede1718b7934145dbdf8d89be1036b0eec9544e1094c9de390?s=96&d=mm&r=g\",\"width\":96,\"height\":96,\"caption\":\"Cand\\u00e1s 365\"},\"sameAs\":[\"https:\\\/\\\/www.facebook.com\\\/carrenoactualidad\",\"https:\\\/\\\/twitter.com\\\/nbasturias\",\"https:\\\/\\\/www.instagram.com\\\/nachofdezber\\\/\",\"https:\\\/\\\/www.youtube.com\\\/channel\\\/UCZP-2wLEB9Rv6erhFmqVnvg\"]},{\"@type\":\"WebPage\",\"@id\":\"https:\\\/\\\/candas365.es\\\/noticias\\\/johann-wadephul-rechazamos-claramente-cualquier-fantasia-de-anexiones\\\/#webpage\",\"url\":\"https:\\\/\\\/candas365.es\\\/noticias\\\/johann-wadephul-rechazamos-claramente-cualquier-fantasia-de-anexiones\\\/\",\"name\":\"Johann Wadephul: \\u00abRechazamos claramente cualquier fantas\\u00eda de anexiones\\u00bb | Cand\\u00e1s 365\",\"description\":\"Ramala, 1 ago (dpa) - El ministro alem\\u00e1n de Asuntos Exteriores, Johann Wadephul, advirti\\u00f3 hoy a Israel contra una anexi\\u00f3n de Cisjordania, durante una visita\",\"inLanguage\":\"es-ES\",\"isPartOf\":{\"@id\":\"https:\\\/\\\/candas365.es\\\/noticias\\\/#website\"},\"breadcrumb\":{\"@id\":\"https:\\\/\\\/candas365.es\\\/noticias\\\/johann-wadephul-rechazamos-claramente-cualquier-fantasia-de-anexiones\\\/#breadcrumblist\"},\"author\":{\"@id\":\"https:\\\/\\\/candas365.es\\\/noticias\\\/author\\\/admin\\\/#author\"},\"creator\":{\"@id\":\"https:\\\/\\\/candas365.es\\\/noticias\\\/author\\\/admin\\\/#author\"},\"image\":{\"@type\":\"ImageObject\",\"url\":\"https:\\\/\\\/candas365.es\\\/noticias\\\/wp-content\\\/uploads\\\/2025\\\/08\\\/Wadephul.jpg\",\"@id\":\"https:\\\/\\\/candas365.es\\\/noticias\\\/johann-wadephul-rechazamos-claramente-cualquier-fantasia-de-anexiones\\\/#mainImage\",\"width\":882,\"height\":646,\"caption\":\"El ministro alem\\u00e1n de Asuntos Exteriores, Johann Wadephul (centro) hace declaraciones a la prensa luego de su visita a la localidad de Taybeh, en Cisjordania. Foto: Soeren Stache\\\/dpa\"},\"primaryImageOfPage\":{\"@id\":\"https:\\\/\\\/candas365.es\\\/noticias\\\/johann-wadephul-rechazamos-claramente-cualquier-fantasia-de-anexiones\\\/#mainImage\"},\"datePublished\":\"2025-08-01T18:02:11+02:00\",\"dateModified\":\"2025-08-01T18:02:11+02:00\"},{\"@type\":\"WebSite\",\"@id\":\"https:\\\/\\\/candas365.es\\\/noticias\\\/#website\",\"url\":\"https:\\\/\\\/candas365.es\\\/noticias\\\/\",\"name\":\"Cand\\u00e1s 365\",\"alternateName\":\"Cand\\u00e1s 365 Noticias\",\"description\":\"Actualidad desde Carre\\u00f1o para el mundo\",\"inLanguage\":\"es-ES\",\"publisher\":{\"@id\":\"https:\\\/\\\/candas365.es\\\/noticias\\\/#organization\"}}]}\n\t\t<\/script>\n\t\t<!-- All in One SEO Pro -->\r\n\t\t<title>Johann Wadephul: \u00abRechazamos claramente cualquier fantas\u00eda de anexiones\u00bb | Cand\u00e1s 365<\/title>\n\n","aioseo_head_json":{"title":"Johann Wadephul: \u00abRechazamos claramente cualquier fantas\u00eda de anexiones\u00bb | Cand\u00e1s 365","description":"Ramala, 1 ago (dpa) - El ministro alem\u00e1n de Asuntos Exteriores, Johann Wadephul, advirti\u00f3 hoy a Israel contra una anexi\u00f3n de Cisjordania, durante una visita","canonical_url":"https:\/\/candas365.es\/noticias\/johann-wadephul-rechazamos-claramente-cualquier-fantasia-de-anexiones\/","robots":"max-image-preview:large","keywords":"internacional","webmasterTools":{"google-site-verification":"UA-32230408-1","msvalidate.01":"354F3CDFB2DA171B47FBE9ABF1F88D5","miscellaneous":""},"schema":{"@context":"https:\/\/schema.org","@graph":[{"@type":"BreadcrumbList","@id":"https:\/\/candas365.es\/noticias\/johann-wadephul-rechazamos-claramente-cualquier-fantasia-de-anexiones\/#breadcrumblist","itemListElement":[{"@type":"ListItem","@id":"https:\/\/candas365.es\/noticias#listItem","position":1,"name":"Home","item":"https:\/\/candas365.es\/noticias","nextItem":{"@type":"ListItem","@id":"https:\/\/candas365.es\/noticias\/category\/internacional\/#listItem","name":"Internacional"}},{"@type":"ListItem","@id":"https:\/\/candas365.es\/noticias\/category\/internacional\/#listItem","position":2,"name":"Internacional","item":"https:\/\/candas365.es\/noticias\/category\/internacional\/","nextItem":{"@type":"ListItem","@id":"https:\/\/candas365.es\/noticias\/johann-wadephul-rechazamos-claramente-cualquier-fantasia-de-anexiones\/#listItem","name":"Johann Wadephul: \u00abRechazamos claramente cualquier fantas\u00eda de anexiones\u00bb"},"previousItem":{"@type":"ListItem","@id":"https:\/\/candas365.es\/noticias#listItem","name":"Home"}},{"@type":"ListItem","@id":"https:\/\/candas365.es\/noticias\/johann-wadephul-rechazamos-claramente-cualquier-fantasia-de-anexiones\/#listItem","position":3,"name":"Johann Wadephul: \u00abRechazamos claramente cualquier fantas\u00eda de anexiones\u00bb","previousItem":{"@type":"ListItem","@id":"https:\/\/candas365.es\/noticias\/category\/internacional\/#listItem","name":"Internacional"}}]},{"@type":"NewsArticle","@id":"https:\/\/candas365.es\/noticias\/johann-wadephul-rechazamos-claramente-cualquier-fantasia-de-anexiones\/#newsarticle","name":"Johann Wadephul: \u00abRechazamos claramente cualquier fantas\u00eda de anexiones\u00bb | Cand\u00e1s 365","headline":"Johann Wadephul: \u00abRechazamos claramente cualquier fantas\u00eda de anexiones\u00bb","author":{"@id":"https:\/\/candas365.es\/noticias\/author\/admin\/#author"},"publisher":{"@id":"https:\/\/candas365.es\/noticias\/#organization"},"image":{"@type":"ImageObject","url":"https:\/\/candas365.es\/noticias\/wp-content\/uploads\/2025\/08\/Wadephul.jpg","width":882,"height":646,"caption":"El ministro alem\u00e1n de Asuntos Exteriores, Johann Wadephul (centro) hace declaraciones a la prensa luego de su visita a la localidad de Taybeh, en Cisjordania. Foto: Soeren Stache\/dpa"},"datePublished":"2025-08-01T18:02:11+02:00","dateModified":"2025-08-01T18:02:11+02:00","inLanguage":"es-ES","mainEntityOfPage":{"@id":"https:\/\/candas365.es\/noticias\/johann-wadephul-rechazamos-claramente-cualquier-fantasia-de-anexiones\/#webpage"},"isPartOf":{"@id":"https:\/\/candas365.es\/noticias\/johann-wadephul-rechazamos-claramente-cualquier-fantasia-de-anexiones\/#webpage"},"articleSection":"Internacional, Alemania, conflictos, Internacional","dateline":"Publicado el agosto 1, 2025."},{"@type":"Organization","@id":"https:\/\/candas365.es\/noticias\/#organization","name":"Cand\u00e1s 365","description":"Cand\u00e1s 365 es un diario digital independiente, fundado en 2012, con base en Asturias. Informamos con rigor sobre actualidad, sociedad, cultura y ocio, con una mirada local y global.","url":"https:\/\/candas365.es\/noticias\/","email":"info@candas365.es","telephone":"+34652131393","foundingDate":"2012-06-10","logo":{"@type":"ImageObject","url":"https:\/\/candas365.es\/noticias\/wp-content\/uploads\/2024\/09\/Candas-365-Redes.jpg","@id":"https:\/\/candas365.es\/noticias\/johann-wadephul-rechazamos-claramente-cualquier-fantasia-de-anexiones\/#organizationLogo","width":1152,"height":864,"caption":"Cand\u00e1s 365 Redes"},"image":{"@id":"https:\/\/candas365.es\/noticias\/johann-wadephul-rechazamos-claramente-cualquier-fantasia-de-anexiones\/#organizationLogo"},"sameAs":["https:\/\/www.facebook.com\/Nachofdezber","https:\/\/x.com\/NabercoDigital","https:\/\/www.instagram.com\/nachofdezber\/","https:\/\/www.youtube.com\/channel\/UCZP-2wLEB9Rv6erhFmqVnvg"],"address":{"@id":"https:\/\/candas365.es\/noticias\/#postaladdress","@type":"PostalAddress","streetAddress":"san antonio 4, san antonio 4","postalCode":"33430","addressLocality":"Cand\u00e1s","addressRegion":"Asturias","addressCountry":"ES"}},{"@type":"Person","@id":"https:\/\/candas365.es\/noticias\/author\/admin\/#author","url":"https:\/\/candas365.es\/noticias\/author\/admin\/","name":"Cand\u00e1s 365","image":{"@type":"ImageObject","@id":"https:\/\/candas365.es\/noticias\/johann-wadephul-rechazamos-claramente-cualquier-fantasia-de-anexiones\/#authorImage","url":"https:\/\/secure.gravatar.com\/avatar\/496a8e03d0c493ede1718b7934145dbdf8d89be1036b0eec9544e1094c9de390?s=96&d=mm&r=g","width":96,"height":96,"caption":"Cand\u00e1s 365"},"sameAs":["https:\/\/www.facebook.com\/carrenoactualidad","https:\/\/twitter.com\/nbasturias","https:\/\/www.instagram.com\/nachofdezber\/","https:\/\/www.youtube.com\/channel\/UCZP-2wLEB9Rv6erhFmqVnvg"]},{"@type":"WebPage","@id":"https:\/\/candas365.es\/noticias\/johann-wadephul-rechazamos-claramente-cualquier-fantasia-de-anexiones\/#webpage","url":"https:\/\/candas365.es\/noticias\/johann-wadephul-rechazamos-claramente-cualquier-fantasia-de-anexiones\/","name":"Johann Wadephul: \u00abRechazamos claramente cualquier fantas\u00eda de anexiones\u00bb | Cand\u00e1s 365","description":"Ramala, 1 ago (dpa) - El ministro alem\u00e1n de Asuntos Exteriores, Johann Wadephul, advirti\u00f3 hoy a Israel contra una anexi\u00f3n de Cisjordania, durante una visita","inLanguage":"es-ES","isPartOf":{"@id":"https:\/\/candas365.es\/noticias\/#website"},"breadcrumb":{"@id":"https:\/\/candas365.es\/noticias\/johann-wadephul-rechazamos-claramente-cualquier-fantasia-de-anexiones\/#breadcrumblist"},"author":{"@id":"https:\/\/candas365.es\/noticias\/author\/admin\/#author"},"creator":{"@id":"https:\/\/candas365.es\/noticias\/author\/admin\/#author"},"image":{"@type":"ImageObject","url":"https:\/\/candas365.es\/noticias\/wp-content\/uploads\/2025\/08\/Wadephul.jpg","@id":"https:\/\/candas365.es\/noticias\/johann-wadephul-rechazamos-claramente-cualquier-fantasia-de-anexiones\/#mainImage","width":882,"height":646,"caption":"El ministro alem\u00e1n de Asuntos Exteriores, Johann Wadephul (centro) hace declaraciones a la prensa luego de su visita a la localidad de Taybeh, en Cisjordania. Foto: Soeren Stache\/dpa"},"primaryImageOfPage":{"@id":"https:\/\/candas365.es\/noticias\/johann-wadephul-rechazamos-claramente-cualquier-fantasia-de-anexiones\/#mainImage"},"datePublished":"2025-08-01T18:02:11+02:00","dateModified":"2025-08-01T18:02:11+02:00"},{"@type":"WebSite","@id":"https:\/\/candas365.es\/noticias\/#website","url":"https:\/\/candas365.es\/noticias\/","name":"Cand\u00e1s 365","alternateName":"Cand\u00e1s 365 Noticias","description":"Actualidad desde Carre\u00f1o para el mundo","inLanguage":"es-ES","publisher":{"@id":"https:\/\/candas365.es\/noticias\/#organization"}}]},"og:locale":"es_ES","og:site_name":"Cand\u00e1s 365","og:type":"article","og:title":"Johann Wadephul: \u00abRechazamos claramente cualquier fantas\u00eda de anexiones\u00bb | Cand\u00e1s 365","og:description":"Ramala, 1 ago (dpa) - El ministro alem\u00e1n de Asuntos Exteriores, Johann Wadephul, advirti\u00f3 hoy a Israel contra una anexi\u00f3n de Cisjordania, durante una visita","og:url":"https:\/\/candas365.es\/noticias\/johann-wadephul-rechazamos-claramente-cualquier-fantasia-de-anexiones\/","og:image":"https:\/\/candas365.es\/noticias\/wp-content\/uploads\/2025\/08\/Wadephul.jpg","og:image:secure_url":"https:\/\/candas365.es\/noticias\/wp-content\/uploads\/2025\/08\/Wadephul.jpg","og:image:width":882,"og:image:height":646,"article:published_time":"2025-08-01T16:02:11+00:00","article:modified_time":"2025-08-01T16:02:11+00:00","article:publisher":"https:\/\/www.facebook.com\/Nachofdezber","article:author":"https:\/\/www.facebook.com\/carrenoactualidad","twitter:card":"summary_large_image","twitter:site":"@NabercoDigital","twitter:title":"Johann Wadephul: \u00abRechazamos claramente cualquier fantas\u00eda de anexiones\u00bb | Cand\u00e1s 365","twitter:description":"Ramala, 1 ago (dpa) - El ministro alem\u00e1n de Asuntos Exteriores, Johann Wadephul, advirti\u00f3 hoy a Israel contra una anexi\u00f3n de Cisjordania, durante una visita","twitter:creator":"@nbasturias","twitter:image":"https:\/\/candas365.es\/noticias\/wp-content\/uploads\/2025\/08\/Wadephul.jpg","twitter:label1":"Escrito por","twitter:data1":"Cand\u00e1s 365","twitter:label2":"Tiempo de lectura estimado","twitter:data2":"3 minutos"},"aioseo_meta_data":{"post_id":"187261","title":null,"description":"Ramala, 1 ago (dpa) - El ministro alem\u00e1n de Asuntos Exteriores, Johann Wadephul, advirti\u00f3 hoy a Israel contra una anexi\u00f3n de Cisjordania, durante una visita","keywords":null,"keyphrases":{"focus":{"keyphrase":"Wadephul","score":100,"analysis":{"keyphraseInTitle":{"score":9,"maxScore":9,"error":0},"keyphraseInDescription":{"score":9,"maxScore":9,"error":0},"keyphraseLength":{"score":9,"maxScore":9,"error":0,"length":1},"keyphraseInURL":{"score":5,"maxScore":5,"error":0},"keyphraseInIntroduction":{"score":9,"maxScore":9,"error":0},"keyphraseInSubHeadings":[],"keyphraseInImageAlt":{"score":9,"maxScore":9,"error":0},"keywordDensity":{"type":"best","score":9,"maxScore":9,"error":0}}},"additional":[{"keyphrase":"Wadephul","score":100,"analysis":{"keyphraseInDescription":{"score":9,"maxScore":9,"error":0},"keyphraseLength":{"score":9,"maxScore":9,"error":0,"length":1},"keyphraseInIntroduction":{"score":9,"maxScore":9,"error":0},"keyphraseInImageAlt":{"score":9,"maxScore":9,"error":0},"keywordDensity":{"type":"best","score":9,"maxScore":9,"error":0}}}]},"primary_term":null,"canonical_url":null,"og_title":null,"og_description":null,"og_object_type":"default","og_image_type":"default","og_image_url":null,"og_image_width":null,"og_image_height":null,"og_image_custom_url":null,"og_image_custom_fields":null,"og_video":"","og_custom_url":null,"og_article_section":null,"og_article_tags":null,"twitter_use_og":false,"twitter_card":"default","twitter_image_type":"default","twitter_image_url":null,"twitter_image_custom_url":null,"twitter_image_custom_fields":null,"twitter_title":null,"twitter_description":null,"schema":{"blockGraphs":[],"customGraphs":[],"default":{"data":{"Article":[],"Course":[],"Dataset":[],"FAQPage":[],"Movie":[],"Person":[],"Product":[],"ProductReview":[],"Car":[],"Recipe":[],"Service":[],"SoftwareApplication":[],"WebPage":[]},"graphName":"Article","isEnabled":true},"graphs":[]},"schema_type":"default","schema_type_options":null,"pillar_content":false,"robots_default":true,"robots_noindex":false,"robots_noarchive":false,"robots_nosnippet":false,"robots_nofollow":false,"robots_noimageindex":false,"robots_noodp":false,"robots_notranslate":false,"robots_max_snippet":"-1","robots_max_videopreview":"-1","robots_max_imagepreview":"large","priority":null,"frequency":"default","location":null,"local_seo":null,"seo_analyzer_scan_date":"2025-09-03 14:12:10","breadcrumb_settings":null,"limit_modified_date":false,"reviewed_by":null,"open_ai":null,"ai":{"faqs":[],"keyPoints":[],"titles":[],"descriptions":[],"socialPosts":{"email":[],"linkedin":[],"twitter":[],"facebook":[],"instagram":[]}},"created":"2025-08-01 15:56:49","updated":"2025-09-03 14:12:10"},"aioseo_breadcrumb":"<div class=\"aioseo-breadcrumbs\"><span class=\"aioseo-breadcrumb\">\n\t<a href=\"https:\/\/candas365.es\/noticias\" title=\"Home\">Home<\/a>\n<\/span><span class=\"aioseo-breadcrumb-separator\">&ndash;<\/span><span class=\"aioseo-breadcrumb\">\n\t<a href=\"https:\/\/candas365.es\/noticias\/category\/internacional\/\" title=\"Internacional\">Internacional<\/a>\n<\/span><span class=\"aioseo-breadcrumb-separator\">&ndash;<\/span><span class=\"aioseo-breadcrumb\">\n\tJohann Wadephul: \u00abRechazamos claramente cualquier fantas\u00eda de anexiones\u00bb\n<\/span><\/div>","aioseo_breadcrumb_json":[{"label":"Home","link":"https:\/\/candas365.es\/noticias"},{"label":"Internacional","link":"https:\/\/candas365.es\/noticias\/category\/internacional\/"},{"label":"Johann Wadephul: \u00abRechazamos claramente cualquier fantas\u00eda de anexiones\u00bb","link":"https:\/\/candas365.es\/noticias\/johann-wadephul-rechazamos-claramente-cualquier-fantasia-de-anexiones\/"}],"_links":{"self":[{"href":"https:\/\/candas365.es\/noticias\/wp-json\/wp\/v2\/posts\/187261","targetHints":{"allow":["GET"]}}],"collection":[{"href":"https:\/\/candas365.es\/noticias\/wp-json\/wp\/v2\/posts"}],"about":[{"href":"https:\/\/candas365.es\/noticias\/wp-json\/wp\/v2\/types\/post"}],"author":[{"embeddable":true,"href":"https:\/\/candas365.es\/noticias\/wp-json\/wp\/v2\/users\/1"}],"replies":[{"embeddable":true,"href":"https:\/\/candas365.es\/noticias\/wp-json\/wp\/v2\/comments?post=187261"}],"version-history":[{"count":0,"href":"https:\/\/candas365.es\/noticias\/wp-json\/wp\/v2\/posts\/187261\/revisions"}],"wp:featuredmedia":[{"embeddable":true,"href":"https:\/\/candas365.es\/noticias\/wp-json\/wp\/v2\/media\/187262"}],"wp:attachment":[{"href":"https:\/\/candas365.es\/noticias\/wp-json\/wp\/v2\/media?parent=187261"}],"wp:term":[{"taxonomy":"category","embeddable":true,"href":"https:\/\/candas365.es\/noticias\/wp-json\/wp\/v2\/categories?post=187261"},{"taxonomy":"post_tag","embeddable":true,"href":"https:\/\/candas365.es\/noticias\/wp-json\/wp\/v2\/tags?post=187261"}],"curies":[{"name":"wp","href":"https:\/\/api.w.org\/{rel}","templated":true}]}}