{"id":187258,"date":"2025-08-01T17:55:10","date_gmt":"2025-08-01T15:55:10","guid":{"rendered":"https:\/\/candas365.es\/noticias\/?p=187258"},"modified":"2025-08-01T17:55:10","modified_gmt":"2025-08-01T15:55:10","slug":"gaza-alemania-comienza-sus-vuelos-de-ayuda","status":"publish","type":"post","link":"https:\/\/candas365.es\/noticias\/gaza-alemania-comienza-sus-vuelos-de-ayuda\/","title":{"rendered":"Gaza: Alemania comienza sus vuelos de ayuda"},"content":{"rendered":"<p>Berl\u00edn, 1 ago (<a href=\"https:\/\/www.dpa-news.de\/\" target=\"_blank\" rel=\"noopener\"><span style=\"color: #ff6600;\"><strong>dpa<\/strong><\/span><\/a>) &#8211; El Ej\u00e9rcito alem\u00e1n inici\u00f3 hoy su operaci\u00f3n con vuelos de ayuda para los habitantes de la <span style=\"color: #ff6600;\"><a style=\"color: #ff6600;\" href=\"https:\/\/candas365.es\/noticias\/category\/internacional\/\"><strong>Franja de Gaza<\/strong><\/a><\/span>, lanzando desde el aire 14 toneladas de alimentos y material m\u00e9dico, inform\u00f3 el Ministerio germano de Defensa.<\/p>\n<figure id=\"attachment_187259\" aria-describedby=\"caption-attachment-187259\" style=\"width: 650px\" class=\"wp-caption aligncenter\"><img fetchpriority=\"high\" decoding=\"async\" class=\"size-large wp-image-187259\" src=\"https:\/\/candas365.es\/noticias\/wp-content\/uploads\/2025\/08\/Gaza-650x433.jpg\" alt=\"Gaza\" width=\"650\" height=\"433\" srcset=\"https:\/\/candas365.es\/noticias\/wp-content\/uploads\/2025\/08\/Gaza-650x433.jpg 650w, https:\/\/candas365.es\/noticias\/wp-content\/uploads\/2025\/08\/Gaza-360x240.jpg 360w, https:\/\/candas365.es\/noticias\/wp-content\/uploads\/2025\/08\/Gaza-768x512.jpg 768w, https:\/\/candas365.es\/noticias\/wp-content\/uploads\/2025\/08\/Gaza-150x100.jpg 150w, https:\/\/candas365.es\/noticias\/wp-content\/uploads\/2025\/08\/Gaza-450x300.jpg 450w, https:\/\/candas365.es\/noticias\/wp-content\/uploads\/2025\/08\/Gaza.jpg 986w\" sizes=\"(max-width: 650px) 100vw, 650px\" \/><figcaption id=\"caption-attachment-187259\" class=\"wp-caption-text\">Varios pa\u00edses, entre ellos Alemania, comenzaron un servicio de vuelos para lanzar suministros de ayuda humanitaria sobre la Franja de Gaza. Foto: Abed Rahim Khatib\/dpa<\/figcaption><\/figure>\n<p>Datos de las Naciones Unidas (ONU) indican que la poblaci\u00f3n de la Franja de Gaza se encuentra al borde de una hambruna. Israel controla todos los accesos a la zona costera del Mediterr\u00e1neo y durante varios meses no permiti\u00f3 el paso de los env\u00edos de ayuda, o solo autoriz\u00f3 algunos.<\/p>\n<p>Seg\u00fan Israel, con esta medida se pretende aumentar la presi\u00f3n sobre el grupo islamista Ham\u00e1s para que libere a los \u00faltimos rehenes secuestrados el 7 de octubre de 2023.<\/p>\n<p>Desde el domingo pasado, tras las crecientes cr\u00edticas a nivel mundial por la terrible situaci\u00f3n de la poblaci\u00f3n civil palestina, Israel permite de nuevo el paso de grandes env\u00edos por tierra y apoya el lanzamiento de ayuda humanitaria por parte de pa\u00edses aliados como Jordania y los Emiratos \u00c1rabes Unidos.<\/p>\n<p>Alemania participa en la operaci\u00f3n con dos aviones que se cargan en una base militar en Jordania y lanzan alimentos y equipos de primera necesidad sobre la Franja de Gaza.<\/p>\n<p>El ministro alem\u00e1n de Defensa, Boris Pistorius, subray\u00f3 que los vuelos de ayuda solo pueden contribuir en una peque\u00f1a parte y llevar lo m\u00e1s necesario a la poblaci\u00f3n. \u00abEn estos d\u00edas, lo que m\u00e1s falta hace en Gaza es comida y medicinas. Para muchas personas, entre ellas muchos ni\u00f1os, se trata de una cuesti\u00f3n de supervivencia\u00bb, se\u00f1al\u00f3.<\/p>\n<p>Por su parte, el ministro germano de Asuntos Exteriores, Johann Wadephul, declar\u00f3 que se est\u00e1 trabajando intensamente para restablecer la ruta humanitaria por tierra con organizaciones de la ONU.<\/p>\n<p>Wadephul advirti\u00f3 de que los vuelos de ayuda no pueden sustituir estos suministros, ya solo por tierra se pueden hacer llegar ayuda suficiente a la poblaci\u00f3n. \u00abPor eso, en nuestras conversaciones instamos al Gobierno israel\u00ed a que permita a la ONU y a las organizaciones humanitarias internacionales un acceso seguro y, sobre todo, una distribuci\u00f3n segura\u00bb, se\u00f1al\u00f3.<\/p>\n<p>El a\u00f1o pasado, el Ej\u00e9rcito alem\u00e1n ya particip\u00f3 en vuelos de ayuda sobre la Franja de Gaza. En marzo de 2024, se lanzaron un total de 316 toneladas de material. Posteriormente, los vuelos se suspendieron porque temporalmente volvieron a mejorar las v\u00edas de transporte.<\/p>\n<p>Las organizaciones internacionales consideran que el lanzamiento de ayuda humanitaria desde el aire es ineficaz y costoso debido a las cantidades relativamente peque\u00f1as. En comparaci\u00f3n con los camiones en tierra, solo se puede llevar muy poca comida a la franja costera. Adem\u00e1s, los trabajadores humanitarios se\u00f1alan que, en una zona tan densamente poblada, los pal\u00e9s podr\u00edan herir o matar a personas en tierra.<\/p>\n<p>Asimismo, el ministro alem\u00e1n Wadephul anunci\u00f3 hoy durante una visita a Israel cinco millones de euros adicionales (5,7 millones de d\u00f3lares) para el Programa Mundial de Alimentos (PMA) de las Naciones Unidas.<\/p>\n<p>Wadephul detall\u00f3 que el dinero se utilizar\u00e1 principalmente para \u00abpanader\u00edas y comedores populares, para proporcionar pan y comidas calientes a medio plazo a la poblaci\u00f3n de Gaza\u00bb.<\/p>\n<p>El titular de la diplomacia alemana a\u00f1adi\u00f3 que el Gobierno del canciller Friedrich Merz tambi\u00e9n tiene previsto financiar un hospital de campa\u00f1a gestionado por la Orden de Malta para proporcionar atenci\u00f3n sanitaria b\u00e1sica de urgencia en la ciudad de Gaza.<\/p>\n<p>Wadephul pidi\u00f3 al Gobierno israel\u00ed que reanude r\u00e1pidamente la estrecha cooperaci\u00f3n con la ONU y sus organizaciones que operan en Gaza para mejorar la distribuci\u00f3n de la ayuda humanitaria en la asediada regi\u00f3n.<\/p>\n<p>El personal de la ONU \u00abha demostrado claramente que es capaz de proporcionar suministros suficientes a toda la poblaci\u00f3n de Gaza si se le permite hacerlo y si puede trabajar en condiciones de seguridad\u00bb, sostuvo Wadephul.<\/p>\n<p>Si bien el m\u00e1ximo diplom\u00e1tico alem\u00e1n reconoci\u00f3 que parte de la ayuda podr\u00eda acabar en manos del grupo extremista palestino Ham\u00e1s, subray\u00f3 que \u00abla cat\u00e1strofe humanitaria en la Franja de Gaza es ahora tan grave que no se justifica crear m\u00e1s obst\u00e1culos\u00bb.<\/p>\n<p>En su opini\u00f3n, la mejor manera de evitar los abusos es permitir que entre la mayor cantidad posible de alimentos y ayuda en la Franja de Gaza.<\/p>\n<p>Seg\u00fan datos del Ministerio de Asuntos Exteriores, la ayuda humanitaria alemana a los territorios palestinos desde el inicio de la guerra de Gaza en octubre de 2023 asciende a m\u00e1s de 330 millones de euros. M\u00e1s del 95 % de esta ayuda se destina a la poblaci\u00f3n de la Franja de Gaza. La \u00faltima ampliaci\u00f3n de la ayuda, en mayo, ascendi\u00f3 a casi 31 millones de euros.<\/p>\n","protected":false},"excerpt":{"rendered":"<p>Berl\u00edn, 1 ago (dpa) &#8211; El Ej\u00e9rcito alem\u00e1n inici\u00f3 hoy su operaci\u00f3n con vuelos de ayuda para los habitantes de la Franja de Gaza, lanzando desde el aire 14 toneladas de alimentos y material m\u00e9dico, inform\u00f3 el Ministerio germano de Defensa. Datos de las Naciones Unidas (ONU) indican que la poblaci\u00f3n de la Franja de<\/p>\n","protected":false},"author":1,"featured_media":187259,"comment_status":"closed","ping_status":"closed","sticky":false,"template":"","format":"standard","meta":{"footnotes":""},"categories":[485],"tags":[417,464,418],"class_list":{"0":"post-187258","1":"post","2":"type-post","3":"status-publish","4":"format-standard","5":"has-post-thumbnail","7":"category-internacional","8":"tag-alemania","9":"tag-conflictos","10":"tag-internacional"},"aioseo_notices":[],"aioseo_head":"\n\t\t<!-- All in One SEO Pro 4.9.6.2 - aioseo.com -->\n\t<meta name=\"description\" content=\"Berl\u00edn, 1 ago (dpa) - El Ej\u00e9rcito alem\u00e1n inici\u00f3 hoy su operaci\u00f3n con vuelos de ayuda para los habitantes de la Franja de Gaza, lanzando desde el aire\" \/>\n\t<meta name=\"robots\" content=\"max-image-preview:large\" \/>\n\t<meta name=\"author\" content=\"Cand\u00e1s 365\"\/>\n\t<meta name=\"google-site-verification\" content=\"UA-32230408-1\" \/>\n\t<meta name=\"msvalidate.01\" content=\"354F3CDFB2DA171B47FBE9ABF1F88D5\" \/>\n\t<meta name=\"keywords\" content=\"internacional\" \/>\n\t<link rel=\"canonical\" href=\"https:\/\/candas365.es\/noticias\/gaza-alemania-comienza-sus-vuelos-de-ayuda\/\" \/>\n\t<meta name=\"generator\" content=\"All in One SEO Pro (AIOSEO) 4.9.6.2\" \/>\n\t\t<meta property=\"og:locale\" content=\"es_ES\" \/>\n\t\t<meta property=\"og:site_name\" content=\"Cand\u00e1s 365\" \/>\n\t\t<meta property=\"og:type\" content=\"article\" \/>\n\t\t<meta property=\"og:title\" content=\"Gaza: Alemania comienza sus vuelos de ayuda | Cand\u00e1s 365\" \/>\n\t\t<meta property=\"og:description\" content=\"Berl\u00edn, 1 ago (dpa) - El Ej\u00e9rcito alem\u00e1n inici\u00f3 hoy su operaci\u00f3n con vuelos de ayuda para los habitantes de la Franja de Gaza, lanzando desde el aire\" \/>\n\t\t<meta property=\"og:url\" content=\"https:\/\/candas365.es\/noticias\/gaza-alemania-comienza-sus-vuelos-de-ayuda\/\" \/>\n\t\t<meta property=\"og:image\" content=\"https:\/\/candas365.es\/noticias\/wp-content\/uploads\/2025\/08\/Gaza.jpg\" \/>\n\t\t<meta property=\"og:image:secure_url\" content=\"https:\/\/candas365.es\/noticias\/wp-content\/uploads\/2025\/08\/Gaza.jpg\" \/>\n\t\t<meta property=\"og:image:width\" content=\"986\" \/>\n\t\t<meta property=\"og:image:height\" content=\"657\" \/>\n\t\t<meta property=\"article:published_time\" content=\"2025-08-01T15:55:10+00:00\" \/>\n\t\t<meta property=\"article:modified_time\" content=\"2025-08-01T15:55:10+00:00\" \/>\n\t\t<meta property=\"article:publisher\" content=\"https:\/\/www.facebook.com\/Nachofdezber\" \/>\n\t\t<meta property=\"article:author\" content=\"https:\/\/www.facebook.com\/carrenoactualidad\" \/>\n\t\t<meta name=\"twitter:card\" content=\"summary_large_image\" \/>\n\t\t<meta name=\"twitter:site\" content=\"@NabercoDigital\" \/>\n\t\t<meta name=\"twitter:title\" content=\"Gaza: Alemania comienza sus vuelos de ayuda | Cand\u00e1s 365\" \/>\n\t\t<meta name=\"twitter:description\" content=\"Berl\u00edn, 1 ago (dpa) - El Ej\u00e9rcito alem\u00e1n inici\u00f3 hoy su operaci\u00f3n con vuelos de ayuda para los habitantes de la Franja de Gaza, lanzando desde el aire\" \/>\n\t\t<meta name=\"twitter:creator\" content=\"@nbasturias\" \/>\n\t\t<meta name=\"twitter:image\" content=\"https:\/\/candas365.es\/noticias\/wp-content\/uploads\/2025\/08\/Gaza.jpg\" \/>\n\t\t<meta name=\"twitter:label1\" content=\"Escrito por\" \/>\n\t\t<meta name=\"twitter:data1\" content=\"Cand\u00e1s 365\" \/>\n\t\t<meta name=\"twitter:label2\" content=\"Tiempo de lectura estimado\" \/>\n\t\t<meta name=\"twitter:data2\" content=\"4 minutos\" \/>\n\t\t<script type=\"application\/ld+json\" class=\"aioseo-schema\">\n\t\t\t{\"@context\":\"https:\\\/\\\/schema.org\",\"@graph\":[{\"@type\":\"BreadcrumbList\",\"@id\":\"https:\\\/\\\/candas365.es\\\/noticias\\\/gaza-alemania-comienza-sus-vuelos-de-ayuda\\\/#breadcrumblist\",\"itemListElement\":[{\"@type\":\"ListItem\",\"@id\":\"https:\\\/\\\/candas365.es\\\/noticias#listItem\",\"position\":1,\"name\":\"Home\",\"item\":\"https:\\\/\\\/candas365.es\\\/noticias\",\"nextItem\":{\"@type\":\"ListItem\",\"@id\":\"https:\\\/\\\/candas365.es\\\/noticias\\\/category\\\/internacional\\\/#listItem\",\"name\":\"Internacional\"}},{\"@type\":\"ListItem\",\"@id\":\"https:\\\/\\\/candas365.es\\\/noticias\\\/category\\\/internacional\\\/#listItem\",\"position\":2,\"name\":\"Internacional\",\"item\":\"https:\\\/\\\/candas365.es\\\/noticias\\\/category\\\/internacional\\\/\",\"nextItem\":{\"@type\":\"ListItem\",\"@id\":\"https:\\\/\\\/candas365.es\\\/noticias\\\/gaza-alemania-comienza-sus-vuelos-de-ayuda\\\/#listItem\",\"name\":\"Gaza: Alemania comienza sus vuelos de ayuda\"},\"previousItem\":{\"@type\":\"ListItem\",\"@id\":\"https:\\\/\\\/candas365.es\\\/noticias#listItem\",\"name\":\"Home\"}},{\"@type\":\"ListItem\",\"@id\":\"https:\\\/\\\/candas365.es\\\/noticias\\\/gaza-alemania-comienza-sus-vuelos-de-ayuda\\\/#listItem\",\"position\":3,\"name\":\"Gaza: Alemania comienza sus vuelos de ayuda\",\"previousItem\":{\"@type\":\"ListItem\",\"@id\":\"https:\\\/\\\/candas365.es\\\/noticias\\\/category\\\/internacional\\\/#listItem\",\"name\":\"Internacional\"}}]},{\"@type\":\"NewsArticle\",\"@id\":\"https:\\\/\\\/candas365.es\\\/noticias\\\/gaza-alemania-comienza-sus-vuelos-de-ayuda\\\/#newsarticle\",\"name\":\"Gaza: Alemania comienza sus vuelos de ayuda | Cand\\u00e1s 365\",\"headline\":\"Gaza: Alemania comienza sus vuelos de ayuda\",\"author\":{\"@id\":\"https:\\\/\\\/candas365.es\\\/noticias\\\/author\\\/admin\\\/#author\"},\"publisher\":{\"@id\":\"https:\\\/\\\/candas365.es\\\/noticias\\\/#organization\"},\"image\":{\"@type\":\"ImageObject\",\"url\":\"https:\\\/\\\/candas365.es\\\/noticias\\\/wp-content\\\/uploads\\\/2025\\\/08\\\/Gaza.jpg\",\"width\":986,\"height\":657,\"caption\":\"Varios pa\\u00edses, entre ellos Alemania, comenzaron un servicio de vuelos para lanzar suministros de ayuda humanitaria sobre la Franja de Gaza. Foto: Abed Rahim Khatib\\\/dpa\"},\"datePublished\":\"2025-08-01T17:55:10+02:00\",\"dateModified\":\"2025-08-01T17:55:10+02:00\",\"inLanguage\":\"es-ES\",\"mainEntityOfPage\":{\"@id\":\"https:\\\/\\\/candas365.es\\\/noticias\\\/gaza-alemania-comienza-sus-vuelos-de-ayuda\\\/#webpage\"},\"isPartOf\":{\"@id\":\"https:\\\/\\\/candas365.es\\\/noticias\\\/gaza-alemania-comienza-sus-vuelos-de-ayuda\\\/#webpage\"},\"articleSection\":\"Internacional, Alemania, conflictos, Internacional\",\"dateline\":\"Publicado el agosto 1, 2025.\"},{\"@type\":\"Organization\",\"@id\":\"https:\\\/\\\/candas365.es\\\/noticias\\\/#organization\",\"name\":\"Cand\\u00e1s 365\",\"description\":\"Cand\\u00e1s 365 es un diario digital independiente, fundado en 2012, con base en Asturias. Informamos con rigor sobre actualidad, sociedad, cultura y ocio, con una mirada local y global.\",\"url\":\"https:\\\/\\\/candas365.es\\\/noticias\\\/\",\"email\":\"info@candas365.es\",\"telephone\":\"+34652131393\",\"foundingDate\":\"2012-06-10\",\"logo\":{\"@type\":\"ImageObject\",\"url\":\"https:\\\/\\\/candas365.es\\\/noticias\\\/wp-content\\\/uploads\\\/2024\\\/09\\\/Candas-365-Redes.jpg\",\"@id\":\"https:\\\/\\\/candas365.es\\\/noticias\\\/gaza-alemania-comienza-sus-vuelos-de-ayuda\\\/#organizationLogo\",\"width\":1152,\"height\":864,\"caption\":\"Cand\\u00e1s 365 Redes\"},\"image\":{\"@id\":\"https:\\\/\\\/candas365.es\\\/noticias\\\/gaza-alemania-comienza-sus-vuelos-de-ayuda\\\/#organizationLogo\"},\"sameAs\":[\"https:\\\/\\\/www.facebook.com\\\/Nachofdezber\",\"https:\\\/\\\/x.com\\\/NabercoDigital\",\"https:\\\/\\\/www.instagram.com\\\/nachofdezber\\\/\",\"https:\\\/\\\/www.youtube.com\\\/channel\\\/UCZP-2wLEB9Rv6erhFmqVnvg\"],\"address\":{\"@id\":\"https:\\\/\\\/candas365.es\\\/noticias\\\/#postaladdress\",\"@type\":\"PostalAddress\",\"streetAddress\":\"san antonio 4, san antonio 4\",\"postalCode\":\"33430\",\"addressLocality\":\"Cand\\u00e1s\",\"addressRegion\":\"Asturias\",\"addressCountry\":\"ES\"}},{\"@type\":\"Person\",\"@id\":\"https:\\\/\\\/candas365.es\\\/noticias\\\/author\\\/admin\\\/#author\",\"url\":\"https:\\\/\\\/candas365.es\\\/noticias\\\/author\\\/admin\\\/\",\"name\":\"Cand\\u00e1s 365\",\"image\":{\"@type\":\"ImageObject\",\"@id\":\"https:\\\/\\\/candas365.es\\\/noticias\\\/gaza-alemania-comienza-sus-vuelos-de-ayuda\\\/#authorImage\",\"url\":\"https:\\\/\\\/secure.gravatar.com\\\/avatar\\\/496a8e03d0c493ede1718b7934145dbdf8d89be1036b0eec9544e1094c9de390?s=96&d=mm&r=g\",\"width\":96,\"height\":96,\"caption\":\"Cand\\u00e1s 365\"},\"sameAs\":[\"https:\\\/\\\/www.facebook.com\\\/carrenoactualidad\",\"https:\\\/\\\/twitter.com\\\/nbasturias\",\"https:\\\/\\\/www.instagram.com\\\/nachofdezber\\\/\",\"https:\\\/\\\/www.youtube.com\\\/channel\\\/UCZP-2wLEB9Rv6erhFmqVnvg\"]},{\"@type\":\"WebPage\",\"@id\":\"https:\\\/\\\/candas365.es\\\/noticias\\\/gaza-alemania-comienza-sus-vuelos-de-ayuda\\\/#webpage\",\"url\":\"https:\\\/\\\/candas365.es\\\/noticias\\\/gaza-alemania-comienza-sus-vuelos-de-ayuda\\\/\",\"name\":\"Gaza: Alemania comienza sus vuelos de ayuda | Cand\\u00e1s 365\",\"description\":\"Berl\\u00edn, 1 ago (dpa) - El Ej\\u00e9rcito alem\\u00e1n inici\\u00f3 hoy su operaci\\u00f3n con vuelos de ayuda para los habitantes de la Franja de Gaza, lanzando desde el aire\",\"inLanguage\":\"es-ES\",\"isPartOf\":{\"@id\":\"https:\\\/\\\/candas365.es\\\/noticias\\\/#website\"},\"breadcrumb\":{\"@id\":\"https:\\\/\\\/candas365.es\\\/noticias\\\/gaza-alemania-comienza-sus-vuelos-de-ayuda\\\/#breadcrumblist\"},\"author\":{\"@id\":\"https:\\\/\\\/candas365.es\\\/noticias\\\/author\\\/admin\\\/#author\"},\"creator\":{\"@id\":\"https:\\\/\\\/candas365.es\\\/noticias\\\/author\\\/admin\\\/#author\"},\"image\":{\"@type\":\"ImageObject\",\"url\":\"https:\\\/\\\/candas365.es\\\/noticias\\\/wp-content\\\/uploads\\\/2025\\\/08\\\/Gaza.jpg\",\"@id\":\"https:\\\/\\\/candas365.es\\\/noticias\\\/gaza-alemania-comienza-sus-vuelos-de-ayuda\\\/#mainImage\",\"width\":986,\"height\":657,\"caption\":\"Varios pa\\u00edses, entre ellos Alemania, comenzaron un servicio de vuelos para lanzar suministros de ayuda humanitaria sobre la Franja de Gaza. Foto: Abed Rahim Khatib\\\/dpa\"},\"primaryImageOfPage\":{\"@id\":\"https:\\\/\\\/candas365.es\\\/noticias\\\/gaza-alemania-comienza-sus-vuelos-de-ayuda\\\/#mainImage\"},\"datePublished\":\"2025-08-01T17:55:10+02:00\",\"dateModified\":\"2025-08-01T17:55:10+02:00\"},{\"@type\":\"WebSite\",\"@id\":\"https:\\\/\\\/candas365.es\\\/noticias\\\/#website\",\"url\":\"https:\\\/\\\/candas365.es\\\/noticias\\\/\",\"name\":\"Cand\\u00e1s 365\",\"alternateName\":\"Cand\\u00e1s 365 Noticias\",\"description\":\"Actualidad desde Carre\\u00f1o para el mundo\",\"inLanguage\":\"es-ES\",\"publisher\":{\"@id\":\"https:\\\/\\\/candas365.es\\\/noticias\\\/#organization\"}}]}\n\t\t<\/script>\n\t\t<!-- All in One SEO Pro -->\r\n\t\t<title>Gaza: Alemania comienza sus vuelos de ayuda | Cand\u00e1s 365<\/title>\n\n","aioseo_head_json":{"title":"Gaza: Alemania comienza sus vuelos de ayuda | Cand\u00e1s 365","description":"Berl\u00edn, 1 ago (dpa) - El Ej\u00e9rcito alem\u00e1n inici\u00f3 hoy su operaci\u00f3n con vuelos de ayuda para los habitantes de la Franja de Gaza, lanzando desde el aire","canonical_url":"https:\/\/candas365.es\/noticias\/gaza-alemania-comienza-sus-vuelos-de-ayuda\/","robots":"max-image-preview:large","keywords":"internacional","webmasterTools":{"google-site-verification":"UA-32230408-1","msvalidate.01":"354F3CDFB2DA171B47FBE9ABF1F88D5","miscellaneous":""},"schema":{"@context":"https:\/\/schema.org","@graph":[{"@type":"BreadcrumbList","@id":"https:\/\/candas365.es\/noticias\/gaza-alemania-comienza-sus-vuelos-de-ayuda\/#breadcrumblist","itemListElement":[{"@type":"ListItem","@id":"https:\/\/candas365.es\/noticias#listItem","position":1,"name":"Home","item":"https:\/\/candas365.es\/noticias","nextItem":{"@type":"ListItem","@id":"https:\/\/candas365.es\/noticias\/category\/internacional\/#listItem","name":"Internacional"}},{"@type":"ListItem","@id":"https:\/\/candas365.es\/noticias\/category\/internacional\/#listItem","position":2,"name":"Internacional","item":"https:\/\/candas365.es\/noticias\/category\/internacional\/","nextItem":{"@type":"ListItem","@id":"https:\/\/candas365.es\/noticias\/gaza-alemania-comienza-sus-vuelos-de-ayuda\/#listItem","name":"Gaza: Alemania comienza sus vuelos de ayuda"},"previousItem":{"@type":"ListItem","@id":"https:\/\/candas365.es\/noticias#listItem","name":"Home"}},{"@type":"ListItem","@id":"https:\/\/candas365.es\/noticias\/gaza-alemania-comienza-sus-vuelos-de-ayuda\/#listItem","position":3,"name":"Gaza: Alemania comienza sus vuelos de ayuda","previousItem":{"@type":"ListItem","@id":"https:\/\/candas365.es\/noticias\/category\/internacional\/#listItem","name":"Internacional"}}]},{"@type":"NewsArticle","@id":"https:\/\/candas365.es\/noticias\/gaza-alemania-comienza-sus-vuelos-de-ayuda\/#newsarticle","name":"Gaza: Alemania comienza sus vuelos de ayuda | Cand\u00e1s 365","headline":"Gaza: Alemania comienza sus vuelos de ayuda","author":{"@id":"https:\/\/candas365.es\/noticias\/author\/admin\/#author"},"publisher":{"@id":"https:\/\/candas365.es\/noticias\/#organization"},"image":{"@type":"ImageObject","url":"https:\/\/candas365.es\/noticias\/wp-content\/uploads\/2025\/08\/Gaza.jpg","width":986,"height":657,"caption":"Varios pa\u00edses, entre ellos Alemania, comenzaron un servicio de vuelos para lanzar suministros de ayuda humanitaria sobre la Franja de Gaza. Foto: Abed Rahim Khatib\/dpa"},"datePublished":"2025-08-01T17:55:10+02:00","dateModified":"2025-08-01T17:55:10+02:00","inLanguage":"es-ES","mainEntityOfPage":{"@id":"https:\/\/candas365.es\/noticias\/gaza-alemania-comienza-sus-vuelos-de-ayuda\/#webpage"},"isPartOf":{"@id":"https:\/\/candas365.es\/noticias\/gaza-alemania-comienza-sus-vuelos-de-ayuda\/#webpage"},"articleSection":"Internacional, Alemania, conflictos, Internacional","dateline":"Publicado el agosto 1, 2025."},{"@type":"Organization","@id":"https:\/\/candas365.es\/noticias\/#organization","name":"Cand\u00e1s 365","description":"Cand\u00e1s 365 es un diario digital independiente, fundado en 2012, con base en Asturias. Informamos con rigor sobre actualidad, sociedad, cultura y ocio, con una mirada local y global.","url":"https:\/\/candas365.es\/noticias\/","email":"info@candas365.es","telephone":"+34652131393","foundingDate":"2012-06-10","logo":{"@type":"ImageObject","url":"https:\/\/candas365.es\/noticias\/wp-content\/uploads\/2024\/09\/Candas-365-Redes.jpg","@id":"https:\/\/candas365.es\/noticias\/gaza-alemania-comienza-sus-vuelos-de-ayuda\/#organizationLogo","width":1152,"height":864,"caption":"Cand\u00e1s 365 Redes"},"image":{"@id":"https:\/\/candas365.es\/noticias\/gaza-alemania-comienza-sus-vuelos-de-ayuda\/#organizationLogo"},"sameAs":["https:\/\/www.facebook.com\/Nachofdezber","https:\/\/x.com\/NabercoDigital","https:\/\/www.instagram.com\/nachofdezber\/","https:\/\/www.youtube.com\/channel\/UCZP-2wLEB9Rv6erhFmqVnvg"],"address":{"@id":"https:\/\/candas365.es\/noticias\/#postaladdress","@type":"PostalAddress","streetAddress":"san antonio 4, san antonio 4","postalCode":"33430","addressLocality":"Cand\u00e1s","addressRegion":"Asturias","addressCountry":"ES"}},{"@type":"Person","@id":"https:\/\/candas365.es\/noticias\/author\/admin\/#author","url":"https:\/\/candas365.es\/noticias\/author\/admin\/","name":"Cand\u00e1s 365","image":{"@type":"ImageObject","@id":"https:\/\/candas365.es\/noticias\/gaza-alemania-comienza-sus-vuelos-de-ayuda\/#authorImage","url":"https:\/\/secure.gravatar.com\/avatar\/496a8e03d0c493ede1718b7934145dbdf8d89be1036b0eec9544e1094c9de390?s=96&d=mm&r=g","width":96,"height":96,"caption":"Cand\u00e1s 365"},"sameAs":["https:\/\/www.facebook.com\/carrenoactualidad","https:\/\/twitter.com\/nbasturias","https:\/\/www.instagram.com\/nachofdezber\/","https:\/\/www.youtube.com\/channel\/UCZP-2wLEB9Rv6erhFmqVnvg"]},{"@type":"WebPage","@id":"https:\/\/candas365.es\/noticias\/gaza-alemania-comienza-sus-vuelos-de-ayuda\/#webpage","url":"https:\/\/candas365.es\/noticias\/gaza-alemania-comienza-sus-vuelos-de-ayuda\/","name":"Gaza: Alemania comienza sus vuelos de ayuda | Cand\u00e1s 365","description":"Berl\u00edn, 1 ago (dpa) - El Ej\u00e9rcito alem\u00e1n inici\u00f3 hoy su operaci\u00f3n con vuelos de ayuda para los habitantes de la Franja de Gaza, lanzando desde el aire","inLanguage":"es-ES","isPartOf":{"@id":"https:\/\/candas365.es\/noticias\/#website"},"breadcrumb":{"@id":"https:\/\/candas365.es\/noticias\/gaza-alemania-comienza-sus-vuelos-de-ayuda\/#breadcrumblist"},"author":{"@id":"https:\/\/candas365.es\/noticias\/author\/admin\/#author"},"creator":{"@id":"https:\/\/candas365.es\/noticias\/author\/admin\/#author"},"image":{"@type":"ImageObject","url":"https:\/\/candas365.es\/noticias\/wp-content\/uploads\/2025\/08\/Gaza.jpg","@id":"https:\/\/candas365.es\/noticias\/gaza-alemania-comienza-sus-vuelos-de-ayuda\/#mainImage","width":986,"height":657,"caption":"Varios pa\u00edses, entre ellos Alemania, comenzaron un servicio de vuelos para lanzar suministros de ayuda humanitaria sobre la Franja de Gaza. Foto: Abed Rahim Khatib\/dpa"},"primaryImageOfPage":{"@id":"https:\/\/candas365.es\/noticias\/gaza-alemania-comienza-sus-vuelos-de-ayuda\/#mainImage"},"datePublished":"2025-08-01T17:55:10+02:00","dateModified":"2025-08-01T17:55:10+02:00"},{"@type":"WebSite","@id":"https:\/\/candas365.es\/noticias\/#website","url":"https:\/\/candas365.es\/noticias\/","name":"Cand\u00e1s 365","alternateName":"Cand\u00e1s 365 Noticias","description":"Actualidad desde Carre\u00f1o para el mundo","inLanguage":"es-ES","publisher":{"@id":"https:\/\/candas365.es\/noticias\/#organization"}}]},"og:locale":"es_ES","og:site_name":"Cand\u00e1s 365","og:type":"article","og:title":"Gaza: Alemania comienza sus vuelos de ayuda | Cand\u00e1s 365","og:description":"Berl\u00edn, 1 ago (dpa) - El Ej\u00e9rcito alem\u00e1n inici\u00f3 hoy su operaci\u00f3n con vuelos de ayuda para los habitantes de la Franja de Gaza, lanzando desde el aire","og:url":"https:\/\/candas365.es\/noticias\/gaza-alemania-comienza-sus-vuelos-de-ayuda\/","og:image":"https:\/\/candas365.es\/noticias\/wp-content\/uploads\/2025\/08\/Gaza.jpg","og:image:secure_url":"https:\/\/candas365.es\/noticias\/wp-content\/uploads\/2025\/08\/Gaza.jpg","og:image:width":986,"og:image:height":657,"article:published_time":"2025-08-01T15:55:10+00:00","article:modified_time":"2025-08-01T15:55:10+00:00","article:publisher":"https:\/\/www.facebook.com\/Nachofdezber","article:author":"https:\/\/www.facebook.com\/carrenoactualidad","twitter:card":"summary_large_image","twitter:site":"@NabercoDigital","twitter:title":"Gaza: Alemania comienza sus vuelos de ayuda | Cand\u00e1s 365","twitter:description":"Berl\u00edn, 1 ago (dpa) - El Ej\u00e9rcito alem\u00e1n inici\u00f3 hoy su operaci\u00f3n con vuelos de ayuda para los habitantes de la Franja de Gaza, lanzando desde el aire","twitter:creator":"@nbasturias","twitter:image":"https:\/\/candas365.es\/noticias\/wp-content\/uploads\/2025\/08\/Gaza.jpg","twitter:label1":"Escrito por","twitter:data1":"Cand\u00e1s 365","twitter:label2":"Tiempo de lectura estimado","twitter:data2":"4 minutos"},"aioseo_meta_data":{"post_id":"187258","title":null,"description":"Berl\u00edn, 1 ago (dpa) - El Ej\u00e9rcito alem\u00e1n inici\u00f3 hoy su operaci\u00f3n con vuelos de ayuda para los habitantes de la Franja de Gaza, lanzando desde el aire","keywords":null,"keyphrases":{"focus":{"keyphrase":"Gaza","score":100,"analysis":{"keyphraseInTitle":{"score":9,"maxScore":9,"error":0},"keyphraseInDescription":{"score":9,"maxScore":9,"error":0},"keyphraseLength":{"score":9,"maxScore":9,"error":0,"length":1},"keyphraseInURL":{"score":5,"maxScore":5,"error":0},"keyphraseInIntroduction":{"score":9,"maxScore":9,"error":0},"keyphraseInSubHeadings":[],"keyphraseInImageAlt":{"score":9,"maxScore":9,"error":0},"keywordDensity":{"type":"best","score":9,"maxScore":9,"error":0}}},"additional":[{"keyphrase":"Franja de Gaza","score":87,"analysis":{"keyphraseInDescription":{"score":9,"maxScore":9,"error":0},"keyphraseLength":{"score":9,"maxScore":9,"error":0,"length":3},"keyphraseInIntroduction":{"score":9,"maxScore":9,"error":0},"keyphraseInImageAlt":{"score":3,"maxScore":9,"error":1},"keywordDensity":{"type":"best","score":9,"maxScore":9,"error":0}}}]},"primary_term":null,"canonical_url":null,"og_title":null,"og_description":null,"og_object_type":"default","og_image_type":"default","og_image_url":null,"og_image_width":null,"og_image_height":null,"og_image_custom_url":null,"og_image_custom_fields":null,"og_video":"","og_custom_url":null,"og_article_section":null,"og_article_tags":null,"twitter_use_og":false,"twitter_card":"default","twitter_image_type":"default","twitter_image_url":null,"twitter_image_custom_url":null,"twitter_image_custom_fields":null,"twitter_title":null,"twitter_description":null,"schema":{"blockGraphs":[],"customGraphs":[],"default":{"data":{"Article":[],"Course":[],"Dataset":[],"FAQPage":[],"Movie":[],"Person":[],"Product":[],"ProductReview":[],"Car":[],"Recipe":[],"Service":[],"SoftwareApplication":[],"WebPage":[]},"graphName":"Article","isEnabled":true},"graphs":[]},"schema_type":"default","schema_type_options":null,"pillar_content":false,"robots_default":true,"robots_noindex":false,"robots_noarchive":false,"robots_nosnippet":false,"robots_nofollow":false,"robots_noimageindex":false,"robots_noodp":false,"robots_notranslate":false,"robots_max_snippet":"-1","robots_max_videopreview":"-1","robots_max_imagepreview":"large","priority":null,"frequency":"default","location":null,"local_seo":null,"seo_analyzer_scan_date":"2025-09-03 14:12:09","breadcrumb_settings":null,"limit_modified_date":false,"reviewed_by":null,"open_ai":null,"ai":{"faqs":[],"keyPoints":[],"titles":[],"descriptions":[],"socialPosts":{"email":[],"linkedin":[],"twitter":[],"facebook":[],"instagram":[]}},"created":"2025-08-01 15:50:05","updated":"2025-09-03 14:12:09"},"aioseo_breadcrumb":"<div class=\"aioseo-breadcrumbs\"><span class=\"aioseo-breadcrumb\">\n\t<a href=\"https:\/\/candas365.es\/noticias\" title=\"Home\">Home<\/a>\n<\/span><span class=\"aioseo-breadcrumb-separator\">&ndash;<\/span><span class=\"aioseo-breadcrumb\">\n\t<a href=\"https:\/\/candas365.es\/noticias\/category\/internacional\/\" title=\"Internacional\">Internacional<\/a>\n<\/span><span class=\"aioseo-breadcrumb-separator\">&ndash;<\/span><span class=\"aioseo-breadcrumb\">\n\tGaza: Alemania comienza sus vuelos de ayuda\n<\/span><\/div>","aioseo_breadcrumb_json":[{"label":"Home","link":"https:\/\/candas365.es\/noticias"},{"label":"Internacional","link":"https:\/\/candas365.es\/noticias\/category\/internacional\/"},{"label":"Gaza: Alemania comienza sus vuelos de ayuda","link":"https:\/\/candas365.es\/noticias\/gaza-alemania-comienza-sus-vuelos-de-ayuda\/"}],"_links":{"self":[{"href":"https:\/\/candas365.es\/noticias\/wp-json\/wp\/v2\/posts\/187258","targetHints":{"allow":["GET"]}}],"collection":[{"href":"https:\/\/candas365.es\/noticias\/wp-json\/wp\/v2\/posts"}],"about":[{"href":"https:\/\/candas365.es\/noticias\/wp-json\/wp\/v2\/types\/post"}],"author":[{"embeddable":true,"href":"https:\/\/candas365.es\/noticias\/wp-json\/wp\/v2\/users\/1"}],"replies":[{"embeddable":true,"href":"https:\/\/candas365.es\/noticias\/wp-json\/wp\/v2\/comments?post=187258"}],"version-history":[{"count":0,"href":"https:\/\/candas365.es\/noticias\/wp-json\/wp\/v2\/posts\/187258\/revisions"}],"wp:featuredmedia":[{"embeddable":true,"href":"https:\/\/candas365.es\/noticias\/wp-json\/wp\/v2\/media\/187259"}],"wp:attachment":[{"href":"https:\/\/candas365.es\/noticias\/wp-json\/wp\/v2\/media?parent=187258"}],"wp:term":[{"taxonomy":"category","embeddable":true,"href":"https:\/\/candas365.es\/noticias\/wp-json\/wp\/v2\/categories?post=187258"},{"taxonomy":"post_tag","embeddable":true,"href":"https:\/\/candas365.es\/noticias\/wp-json\/wp\/v2\/tags?post=187258"}],"curies":[{"name":"wp","href":"https:\/\/api.w.org\/{rel}","templated":true}]}}