{"id":187178,"date":"2025-07-27T16:59:44","date_gmt":"2025-07-27T14:59:44","guid":{"rendered":"https:\/\/candas365.es\/noticias\/?p=187178"},"modified":"2025-07-27T16:59:44","modified_gmt":"2025-07-27T14:59:44","slug":"espana-vende-motos","status":"publish","type":"post","link":"https:\/\/candas365.es\/noticias\/espana-vende-motos\/","title":{"rendered":"Espa\u00f1a vende motos"},"content":{"rendered":"<p>La <a href=\"https:\/\/candas365.es\/noticias\/category\/economia\/\"><span style=\"color: #ff6600;\"><strong>venta de motos<\/strong><\/span><\/a> han subido en Espa\u00f1a durante el primer semestre del a\u00f1o 2025, mientras tanto las ventas caen en el resto de Europa.<\/p>\n<figure id=\"attachment_187179\" aria-describedby=\"caption-attachment-187179\" style=\"width: 650px\" class=\"wp-caption aligncenter\"><img fetchpriority=\"high\" decoding=\"async\" class=\"size-large wp-image-187179\" src=\"https:\/\/candas365.es\/noticias\/wp-content\/uploads\/2025\/07\/venta-de-motos-Espana-650x410.jpg\" alt=\"venta de motos Espa\u00f1a \" width=\"650\" height=\"410\" srcset=\"https:\/\/candas365.es\/noticias\/wp-content\/uploads\/2025\/07\/venta-de-motos-Espana-650x410.jpg 650w, https:\/\/candas365.es\/noticias\/wp-content\/uploads\/2025\/07\/venta-de-motos-Espana-360x227.jpg 360w, https:\/\/candas365.es\/noticias\/wp-content\/uploads\/2025\/07\/venta-de-motos-Espana-768x485.jpg 768w, https:\/\/candas365.es\/noticias\/wp-content\/uploads\/2025\/07\/venta-de-motos-Espana-150x95.jpg 150w, https:\/\/candas365.es\/noticias\/wp-content\/uploads\/2025\/07\/venta-de-motos-Espana-450x284.jpg 450w, https:\/\/candas365.es\/noticias\/wp-content\/uploads\/2025\/07\/venta-de-motos-Espana.jpg 1053w\" sizes=\"(max-width: 650px) 100vw, 650px\" \/><figcaption id=\"caption-attachment-187179\" class=\"wp-caption-text\">Foto: 123rf.com<\/figcaption><\/figure>\n<p>Las matriculaciones de motos cayeron de media en el primer semestre del a\u00f1o un 11,3% interanual en los principales pa\u00edses europeos, pero Espa\u00f1a se desmarc\u00f3 con un incremento en las compras, seg\u00fan datos de la Asociaci\u00f3n Europea de Fabricantes de Motocicletas (ACEM).<\/p>\n<blockquote><p>Las ventas de motos nuevas en los cinco mayores mercados europeos (Francia, Alemania, Italia, Espa\u00f1a y Reino Unido) alcanzaron las 542.361 unidades durante los primeros seis meses de 2025, frente a las 611.145 de enero-junio de 2024.<\/p><\/blockquote>\n<p>El volumen de matriculaciones aument\u00f3 en Espa\u00f1a (111.363 unidades, +5% interanual), mientras que en otros pa\u00edses el mercado se contrajo en general: en Italia (195.025 unidades, -4,2%), Francia (98.499 unidades, -14,8%), el Reino Unido (47 464 unidades, -19,8%) y Alemania (90 010 unidades, -29%).<\/p>\n<p>Por lo que se refiere a ciclomotores, las ventas alcanzaron un total de 68.690 unidades en los seis grandes mercados europeos de este segmento (B\u00e9lgica, Francia, Alemania, Italia, Pa\u00edses Bajos y Espa\u00f1a). Este volumen de matriculaciones representa una ca\u00edda del 19,2% en comparaci\u00f3n con el a\u00f1o pasado (84.974 unidades).<\/p>\n<p>Todos los mercados registran un descenso: Espa\u00f1a (5.628, -2%), seguida de Alemania (8.333 unidades, -5,9%), B\u00e9lgica (13.304 unidades, -9,7%), Pa\u00edses Bajos (13.199 unidades, -17,4%), Francia (21.607 unidades, -27,7%) e Italia (6.619 unidades, -32,4%).<\/p>\n<p>Seg\u00fan el secretario general de ACEM, <strong>Antonio Perlot<\/strong>, \u201cel primer semestre de 2025 confirma el ajuste del mercado previsto tras la transici\u00f3n a la norma Euro 5+, con un descenso en el volumen total de matriculaciones en varios mercados europeos clave. A pesar de esta ca\u00edda a corto plazo, las motocicletas siguen siendo una opci\u00f3n popular para la movilidad individual en muchas partes de Europa. A medida que el panorama del transporte experimenta una profunda transformaci\u00f3n, es esencial que los veh\u00edculos de la categor\u00eda L sean plenamente reconocidos y apoyados como parte integrante de la futura combinaci\u00f3n de movilidad. Estos veh\u00edculos ofrecen soluciones flexibles, eficientes y sostenibles para satisfacer las diversas necesidades de movilidad. Los responsables pol\u00edticos europeos deben seguir apoyando la competitividad del sector integrando los veh\u00edculos de la categor\u00eda L en las futuras pol\u00edticas de transporte y en las estrategias a largo plazo para los ciudadanos\u201d.<\/p>\n<p>El secretario general de la patronal espa\u00f1ola Anesdor, Jos\u00e9 Mar\u00eda Ria\u00f1o, celebr\u00f3 que Espa\u00f1a haya continuado creciendo este primer semestre.<\/p>\n<p>(<a href=\"https:\/\/www.servimedia.es\/\" target=\"_blank\" rel=\"noopener\"><span style=\"color: #ff6600;\"><strong>SERVIMEDIA<\/strong><\/span><\/a>)<\/p>\n","protected":false},"excerpt":{"rendered":"<p>La venta de motos han subido en Espa\u00f1a durante el primer semestre del a\u00f1o 2025, mientras tanto las ventas caen en el resto de Europa. Las matriculaciones de motos cayeron de media en el primer semestre del a\u00f1o un 11,3% interanual en los principales pa\u00edses europeos, pero Espa\u00f1a se desmarc\u00f3 con un incremento en las<\/p>\n","protected":false},"author":1,"featured_media":187179,"comment_status":"closed","ping_status":"closed","sticky":false,"template":"","format":"standard","meta":{"footnotes":""},"categories":[316,486],"tags":[437,420],"class_list":{"0":"post-187178","1":"post","2":"type-post","3":"status-publish","4":"format-standard","5":"has-post-thumbnail","7":"category-destacadas","8":"category-economia","9":"tag-economia","10":"tag-motor"},"aioseo_notices":[],"aioseo_head":"\n\t\t<!-- All in One SEO Pro 4.9.6.2 - aioseo.com -->\n\t<meta name=\"description\" content=\"La venta de motos han subido en Espa\u00f1a durante el primer semestre del a\u00f1o 2025, mientras tanto las ventas caen en el resto de Europa.\" \/>\n\t<meta name=\"robots\" content=\"max-image-preview:large\" \/>\n\t<meta name=\"author\" content=\"Cand\u00e1s 365\"\/>\n\t<meta name=\"google-site-verification\" content=\"UA-32230408-1\" \/>\n\t<meta name=\"msvalidate.01\" content=\"354F3CDFB2DA171B47FBE9ABF1F88D5\" \/>\n\t<meta name=\"keywords\" content=\"destacadas,econom\u00eda\" \/>\n\t<link rel=\"canonical\" href=\"https:\/\/candas365.es\/noticias\/espana-vende-motos\/\" \/>\n\t<meta name=\"generator\" content=\"All in One SEO Pro (AIOSEO) 4.9.6.2\" \/>\n\t\t<meta property=\"og:locale\" content=\"es_ES\" \/>\n\t\t<meta property=\"og:site_name\" content=\"Cand\u00e1s 365\" \/>\n\t\t<meta property=\"og:type\" content=\"article\" \/>\n\t\t<meta property=\"og:title\" content=\"Espa\u00f1a vende motos | Cand\u00e1s 365\" \/>\n\t\t<meta property=\"og:description\" content=\"La venta de motos han subido en Espa\u00f1a durante el primer semestre del a\u00f1o 2025, mientras tanto las ventas caen en el resto de Europa.\" \/>\n\t\t<meta property=\"og:url\" content=\"https:\/\/candas365.es\/noticias\/espana-vende-motos\/\" \/>\n\t\t<meta property=\"og:image\" content=\"https:\/\/candas365.es\/noticias\/wp-content\/uploads\/2025\/07\/venta-de-motos-Espana.jpg\" \/>\n\t\t<meta property=\"og:image:secure_url\" content=\"https:\/\/candas365.es\/noticias\/wp-content\/uploads\/2025\/07\/venta-de-motos-Espana.jpg\" \/>\n\t\t<meta property=\"og:image:width\" content=\"1053\" \/>\n\t\t<meta property=\"og:image:height\" content=\"665\" \/>\n\t\t<meta property=\"article:published_time\" content=\"2025-07-27T14:59:44+00:00\" \/>\n\t\t<meta property=\"article:modified_time\" content=\"2025-07-27T14:59:44+00:00\" \/>\n\t\t<meta property=\"article:publisher\" content=\"https:\/\/www.facebook.com\/Nachofdezber\" \/>\n\t\t<meta property=\"article:author\" content=\"https:\/\/www.facebook.com\/carrenoactualidad\" \/>\n\t\t<meta name=\"twitter:card\" content=\"summary_large_image\" \/>\n\t\t<meta name=\"twitter:site\" content=\"@NabercoDigital\" \/>\n\t\t<meta name=\"twitter:title\" content=\"Espa\u00f1a vende motos | Cand\u00e1s 365\" \/>\n\t\t<meta name=\"twitter:description\" content=\"La venta de motos han subido en Espa\u00f1a durante el primer semestre del a\u00f1o 2025, mientras tanto las ventas caen en el resto de Europa.\" \/>\n\t\t<meta name=\"twitter:creator\" content=\"@nbasturias\" \/>\n\t\t<meta name=\"twitter:image\" content=\"https:\/\/candas365.es\/noticias\/wp-content\/uploads\/2025\/07\/venta-de-motos-Espana.jpg\" \/>\n\t\t<meta name=\"twitter:label1\" content=\"Escrito por\" \/>\n\t\t<meta name=\"twitter:data1\" content=\"Cand\u00e1s 365\" \/>\n\t\t<meta name=\"twitter:label2\" content=\"Tiempo de lectura estimado\" \/>\n\t\t<meta name=\"twitter:data2\" content=\"2 minutos\" \/>\n\t\t<script type=\"application\/ld+json\" class=\"aioseo-schema\">\n\t\t\t{\"@context\":\"https:\\\/\\\/schema.org\",\"@graph\":[{\"@type\":\"BreadcrumbList\",\"@id\":\"https:\\\/\\\/candas365.es\\\/noticias\\\/espana-vende-motos\\\/#breadcrumblist\",\"itemListElement\":[{\"@type\":\"ListItem\",\"@id\":\"https:\\\/\\\/candas365.es\\\/noticias#listItem\",\"position\":1,\"name\":\"Home\",\"item\":\"https:\\\/\\\/candas365.es\\\/noticias\",\"nextItem\":{\"@type\":\"ListItem\",\"@id\":\"https:\\\/\\\/candas365.es\\\/noticias\\\/category\\\/destacadas\\\/#listItem\",\"name\":\"Destacadas\"}},{\"@type\":\"ListItem\",\"@id\":\"https:\\\/\\\/candas365.es\\\/noticias\\\/category\\\/destacadas\\\/#listItem\",\"position\":2,\"name\":\"Destacadas\",\"item\":\"https:\\\/\\\/candas365.es\\\/noticias\\\/category\\\/destacadas\\\/\",\"nextItem\":{\"@type\":\"ListItem\",\"@id\":\"https:\\\/\\\/candas365.es\\\/noticias\\\/espana-vende-motos\\\/#listItem\",\"name\":\"Espa\\u00f1a vende motos\"},\"previousItem\":{\"@type\":\"ListItem\",\"@id\":\"https:\\\/\\\/candas365.es\\\/noticias#listItem\",\"name\":\"Home\"}},{\"@type\":\"ListItem\",\"@id\":\"https:\\\/\\\/candas365.es\\\/noticias\\\/espana-vende-motos\\\/#listItem\",\"position\":3,\"name\":\"Espa\\u00f1a vende motos\",\"previousItem\":{\"@type\":\"ListItem\",\"@id\":\"https:\\\/\\\/candas365.es\\\/noticias\\\/category\\\/destacadas\\\/#listItem\",\"name\":\"Destacadas\"}}]},{\"@type\":\"NewsArticle\",\"@id\":\"https:\\\/\\\/candas365.es\\\/noticias\\\/espana-vende-motos\\\/#newsarticle\",\"name\":\"Espa\\u00f1a vende motos | Cand\\u00e1s 365\",\"headline\":\"Espa\\u00f1a vende motos\",\"author\":{\"@id\":\"https:\\\/\\\/candas365.es\\\/noticias\\\/author\\\/admin\\\/#author\"},\"publisher\":{\"@id\":\"https:\\\/\\\/candas365.es\\\/noticias\\\/#organization\"},\"image\":{\"@type\":\"ImageObject\",\"url\":\"https:\\\/\\\/candas365.es\\\/noticias\\\/wp-content\\\/uploads\\\/2025\\\/07\\\/venta-de-motos-Espana.jpg\",\"width\":1053,\"height\":665,\"caption\":\"Foto: 123rf.com\"},\"datePublished\":\"2025-07-27T16:59:44+02:00\",\"dateModified\":\"2025-07-27T16:59:44+02:00\",\"inLanguage\":\"es-ES\",\"mainEntityOfPage\":{\"@id\":\"https:\\\/\\\/candas365.es\\\/noticias\\\/espana-vende-motos\\\/#webpage\"},\"isPartOf\":{\"@id\":\"https:\\\/\\\/candas365.es\\\/noticias\\\/espana-vende-motos\\\/#webpage\"},\"articleSection\":\"Destacadas, Econom\\u00eda, Econom\\u00eda, Motor\",\"dateline\":\"Publicado el julio 27, 2025.\"},{\"@type\":\"Organization\",\"@id\":\"https:\\\/\\\/candas365.es\\\/noticias\\\/#organization\",\"name\":\"Cand\\u00e1s 365\",\"description\":\"Cand\\u00e1s 365 es un diario digital independiente, fundado en 2012, con base en Asturias. Informamos con rigor sobre actualidad, sociedad, cultura y ocio, con una mirada local y global.\",\"url\":\"https:\\\/\\\/candas365.es\\\/noticias\\\/\",\"email\":\"info@candas365.es\",\"telephone\":\"+34652131393\",\"foundingDate\":\"2012-06-10\",\"logo\":{\"@type\":\"ImageObject\",\"url\":\"https:\\\/\\\/candas365.es\\\/noticias\\\/wp-content\\\/uploads\\\/2024\\\/09\\\/Candas-365-Redes.jpg\",\"@id\":\"https:\\\/\\\/candas365.es\\\/noticias\\\/espana-vende-motos\\\/#organizationLogo\",\"width\":1152,\"height\":864,\"caption\":\"Cand\\u00e1s 365 Redes\"},\"image\":{\"@id\":\"https:\\\/\\\/candas365.es\\\/noticias\\\/espana-vende-motos\\\/#organizationLogo\"},\"sameAs\":[\"https:\\\/\\\/www.facebook.com\\\/Nachofdezber\",\"https:\\\/\\\/x.com\\\/NabercoDigital\",\"https:\\\/\\\/www.instagram.com\\\/nachofdezber\\\/\",\"https:\\\/\\\/www.youtube.com\\\/channel\\\/UCZP-2wLEB9Rv6erhFmqVnvg\"],\"address\":{\"@id\":\"https:\\\/\\\/candas365.es\\\/noticias\\\/#postaladdress\",\"@type\":\"PostalAddress\",\"streetAddress\":\"san antonio 4, san antonio 4\",\"postalCode\":\"33430\",\"addressLocality\":\"Cand\\u00e1s\",\"addressRegion\":\"Asturias\",\"addressCountry\":\"ES\"}},{\"@type\":\"Person\",\"@id\":\"https:\\\/\\\/candas365.es\\\/noticias\\\/author\\\/admin\\\/#author\",\"url\":\"https:\\\/\\\/candas365.es\\\/noticias\\\/author\\\/admin\\\/\",\"name\":\"Cand\\u00e1s 365\",\"image\":{\"@type\":\"ImageObject\",\"@id\":\"https:\\\/\\\/candas365.es\\\/noticias\\\/espana-vende-motos\\\/#authorImage\",\"url\":\"https:\\\/\\\/secure.gravatar.com\\\/avatar\\\/496a8e03d0c493ede1718b7934145dbdf8d89be1036b0eec9544e1094c9de390?s=96&d=mm&r=g\",\"width\":96,\"height\":96,\"caption\":\"Cand\\u00e1s 365\"},\"sameAs\":[\"https:\\\/\\\/www.facebook.com\\\/carrenoactualidad\",\"https:\\\/\\\/twitter.com\\\/nbasturias\",\"https:\\\/\\\/www.instagram.com\\\/nachofdezber\\\/\",\"https:\\\/\\\/www.youtube.com\\\/channel\\\/UCZP-2wLEB9Rv6erhFmqVnvg\"]},{\"@type\":\"WebPage\",\"@id\":\"https:\\\/\\\/candas365.es\\\/noticias\\\/espana-vende-motos\\\/#webpage\",\"url\":\"https:\\\/\\\/candas365.es\\\/noticias\\\/espana-vende-motos\\\/\",\"name\":\"Espa\\u00f1a vende motos | Cand\\u00e1s 365\",\"description\":\"La venta de motos han subido en Espa\\u00f1a durante el primer semestre del a\\u00f1o 2025, mientras tanto las ventas caen en el resto de Europa.\",\"inLanguage\":\"es-ES\",\"isPartOf\":{\"@id\":\"https:\\\/\\\/candas365.es\\\/noticias\\\/#website\"},\"breadcrumb\":{\"@id\":\"https:\\\/\\\/candas365.es\\\/noticias\\\/espana-vende-motos\\\/#breadcrumblist\"},\"author\":{\"@id\":\"https:\\\/\\\/candas365.es\\\/noticias\\\/author\\\/admin\\\/#author\"},\"creator\":{\"@id\":\"https:\\\/\\\/candas365.es\\\/noticias\\\/author\\\/admin\\\/#author\"},\"image\":{\"@type\":\"ImageObject\",\"url\":\"https:\\\/\\\/candas365.es\\\/noticias\\\/wp-content\\\/uploads\\\/2025\\\/07\\\/venta-de-motos-Espana.jpg\",\"@id\":\"https:\\\/\\\/candas365.es\\\/noticias\\\/espana-vende-motos\\\/#mainImage\",\"width\":1053,\"height\":665,\"caption\":\"Foto: 123rf.com\"},\"primaryImageOfPage\":{\"@id\":\"https:\\\/\\\/candas365.es\\\/noticias\\\/espana-vende-motos\\\/#mainImage\"},\"datePublished\":\"2025-07-27T16:59:44+02:00\",\"dateModified\":\"2025-07-27T16:59:44+02:00\"},{\"@type\":\"WebSite\",\"@id\":\"https:\\\/\\\/candas365.es\\\/noticias\\\/#website\",\"url\":\"https:\\\/\\\/candas365.es\\\/noticias\\\/\",\"name\":\"Cand\\u00e1s 365\",\"alternateName\":\"Cand\\u00e1s 365 Noticias\",\"description\":\"Actualidad desde Carre\\u00f1o para el mundo\",\"inLanguage\":\"es-ES\",\"publisher\":{\"@id\":\"https:\\\/\\\/candas365.es\\\/noticias\\\/#organization\"}}]}\n\t\t<\/script>\n\t\t<!-- All in One SEO Pro -->\r\n\t\t<title>Espa\u00f1a vende motos | Cand\u00e1s 365<\/title>\n\n","aioseo_head_json":{"title":"Espa\u00f1a vende motos | Cand\u00e1s 365","description":"La venta de motos han subido en Espa\u00f1a durante el primer semestre del a\u00f1o 2025, mientras tanto las ventas caen en el resto de Europa.","canonical_url":"https:\/\/candas365.es\/noticias\/espana-vende-motos\/","robots":"max-image-preview:large","keywords":"destacadas,econom\u00eda","webmasterTools":{"google-site-verification":"UA-32230408-1","msvalidate.01":"354F3CDFB2DA171B47FBE9ABF1F88D5","miscellaneous":""},"schema":{"@context":"https:\/\/schema.org","@graph":[{"@type":"BreadcrumbList","@id":"https:\/\/candas365.es\/noticias\/espana-vende-motos\/#breadcrumblist","itemListElement":[{"@type":"ListItem","@id":"https:\/\/candas365.es\/noticias#listItem","position":1,"name":"Home","item":"https:\/\/candas365.es\/noticias","nextItem":{"@type":"ListItem","@id":"https:\/\/candas365.es\/noticias\/category\/destacadas\/#listItem","name":"Destacadas"}},{"@type":"ListItem","@id":"https:\/\/candas365.es\/noticias\/category\/destacadas\/#listItem","position":2,"name":"Destacadas","item":"https:\/\/candas365.es\/noticias\/category\/destacadas\/","nextItem":{"@type":"ListItem","@id":"https:\/\/candas365.es\/noticias\/espana-vende-motos\/#listItem","name":"Espa\u00f1a vende motos"},"previousItem":{"@type":"ListItem","@id":"https:\/\/candas365.es\/noticias#listItem","name":"Home"}},{"@type":"ListItem","@id":"https:\/\/candas365.es\/noticias\/espana-vende-motos\/#listItem","position":3,"name":"Espa\u00f1a vende motos","previousItem":{"@type":"ListItem","@id":"https:\/\/candas365.es\/noticias\/category\/destacadas\/#listItem","name":"Destacadas"}}]},{"@type":"NewsArticle","@id":"https:\/\/candas365.es\/noticias\/espana-vende-motos\/#newsarticle","name":"Espa\u00f1a vende motos | Cand\u00e1s 365","headline":"Espa\u00f1a vende motos","author":{"@id":"https:\/\/candas365.es\/noticias\/author\/admin\/#author"},"publisher":{"@id":"https:\/\/candas365.es\/noticias\/#organization"},"image":{"@type":"ImageObject","url":"https:\/\/candas365.es\/noticias\/wp-content\/uploads\/2025\/07\/venta-de-motos-Espana.jpg","width":1053,"height":665,"caption":"Foto: 123rf.com"},"datePublished":"2025-07-27T16:59:44+02:00","dateModified":"2025-07-27T16:59:44+02:00","inLanguage":"es-ES","mainEntityOfPage":{"@id":"https:\/\/candas365.es\/noticias\/espana-vende-motos\/#webpage"},"isPartOf":{"@id":"https:\/\/candas365.es\/noticias\/espana-vende-motos\/#webpage"},"articleSection":"Destacadas, Econom\u00eda, Econom\u00eda, Motor","dateline":"Publicado el julio 27, 2025."},{"@type":"Organization","@id":"https:\/\/candas365.es\/noticias\/#organization","name":"Cand\u00e1s 365","description":"Cand\u00e1s 365 es un diario digital independiente, fundado en 2012, con base en Asturias. Informamos con rigor sobre actualidad, sociedad, cultura y ocio, con una mirada local y global.","url":"https:\/\/candas365.es\/noticias\/","email":"info@candas365.es","telephone":"+34652131393","foundingDate":"2012-06-10","logo":{"@type":"ImageObject","url":"https:\/\/candas365.es\/noticias\/wp-content\/uploads\/2024\/09\/Candas-365-Redes.jpg","@id":"https:\/\/candas365.es\/noticias\/espana-vende-motos\/#organizationLogo","width":1152,"height":864,"caption":"Cand\u00e1s 365 Redes"},"image":{"@id":"https:\/\/candas365.es\/noticias\/espana-vende-motos\/#organizationLogo"},"sameAs":["https:\/\/www.facebook.com\/Nachofdezber","https:\/\/x.com\/NabercoDigital","https:\/\/www.instagram.com\/nachofdezber\/","https:\/\/www.youtube.com\/channel\/UCZP-2wLEB9Rv6erhFmqVnvg"],"address":{"@id":"https:\/\/candas365.es\/noticias\/#postaladdress","@type":"PostalAddress","streetAddress":"san antonio 4, san antonio 4","postalCode":"33430","addressLocality":"Cand\u00e1s","addressRegion":"Asturias","addressCountry":"ES"}},{"@type":"Person","@id":"https:\/\/candas365.es\/noticias\/author\/admin\/#author","url":"https:\/\/candas365.es\/noticias\/author\/admin\/","name":"Cand\u00e1s 365","image":{"@type":"ImageObject","@id":"https:\/\/candas365.es\/noticias\/espana-vende-motos\/#authorImage","url":"https:\/\/secure.gravatar.com\/avatar\/496a8e03d0c493ede1718b7934145dbdf8d89be1036b0eec9544e1094c9de390?s=96&d=mm&r=g","width":96,"height":96,"caption":"Cand\u00e1s 365"},"sameAs":["https:\/\/www.facebook.com\/carrenoactualidad","https:\/\/twitter.com\/nbasturias","https:\/\/www.instagram.com\/nachofdezber\/","https:\/\/www.youtube.com\/channel\/UCZP-2wLEB9Rv6erhFmqVnvg"]},{"@type":"WebPage","@id":"https:\/\/candas365.es\/noticias\/espana-vende-motos\/#webpage","url":"https:\/\/candas365.es\/noticias\/espana-vende-motos\/","name":"Espa\u00f1a vende motos | Cand\u00e1s 365","description":"La venta de motos han subido en Espa\u00f1a durante el primer semestre del a\u00f1o 2025, mientras tanto las ventas caen en el resto de Europa.","inLanguage":"es-ES","isPartOf":{"@id":"https:\/\/candas365.es\/noticias\/#website"},"breadcrumb":{"@id":"https:\/\/candas365.es\/noticias\/espana-vende-motos\/#breadcrumblist"},"author":{"@id":"https:\/\/candas365.es\/noticias\/author\/admin\/#author"},"creator":{"@id":"https:\/\/candas365.es\/noticias\/author\/admin\/#author"},"image":{"@type":"ImageObject","url":"https:\/\/candas365.es\/noticias\/wp-content\/uploads\/2025\/07\/venta-de-motos-Espana.jpg","@id":"https:\/\/candas365.es\/noticias\/espana-vende-motos\/#mainImage","width":1053,"height":665,"caption":"Foto: 123rf.com"},"primaryImageOfPage":{"@id":"https:\/\/candas365.es\/noticias\/espana-vende-motos\/#mainImage"},"datePublished":"2025-07-27T16:59:44+02:00","dateModified":"2025-07-27T16:59:44+02:00"},{"@type":"WebSite","@id":"https:\/\/candas365.es\/noticias\/#website","url":"https:\/\/candas365.es\/noticias\/","name":"Cand\u00e1s 365","alternateName":"Cand\u00e1s 365 Noticias","description":"Actualidad desde Carre\u00f1o para el mundo","inLanguage":"es-ES","publisher":{"@id":"https:\/\/candas365.es\/noticias\/#organization"}}]},"og:locale":"es_ES","og:site_name":"Cand\u00e1s 365","og:type":"article","og:title":"Espa\u00f1a vende motos | Cand\u00e1s 365","og:description":"La venta de motos han subido en Espa\u00f1a durante el primer semestre del a\u00f1o 2025, mientras tanto las ventas caen en el resto de Europa.","og:url":"https:\/\/candas365.es\/noticias\/espana-vende-motos\/","og:image":"https:\/\/candas365.es\/noticias\/wp-content\/uploads\/2025\/07\/venta-de-motos-Espana.jpg","og:image:secure_url":"https:\/\/candas365.es\/noticias\/wp-content\/uploads\/2025\/07\/venta-de-motos-Espana.jpg","og:image:width":1053,"og:image:height":665,"article:published_time":"2025-07-27T14:59:44+00:00","article:modified_time":"2025-07-27T14:59:44+00:00","article:publisher":"https:\/\/www.facebook.com\/Nachofdezber","article:author":"https:\/\/www.facebook.com\/carrenoactualidad","twitter:card":"summary_large_image","twitter:site":"@NabercoDigital","twitter:title":"Espa\u00f1a vende motos | Cand\u00e1s 365","twitter:description":"La venta de motos han subido en Espa\u00f1a durante el primer semestre del a\u00f1o 2025, mientras tanto las ventas caen en el resto de Europa.","twitter:creator":"@nbasturias","twitter:image":"https:\/\/candas365.es\/noticias\/wp-content\/uploads\/2025\/07\/venta-de-motos-Espana.jpg","twitter:label1":"Escrito por","twitter:data1":"Cand\u00e1s 365","twitter:label2":"Tiempo de lectura estimado","twitter:data2":"2 minutos"},"aioseo_meta_data":{"post_id":"187178","title":null,"description":"La venta de motos han subido en Espa\u00f1a durante el primer semestre del a\u00f1o 2025, mientras tanto las ventas caen en el resto de Europa.","keywords":null,"keyphrases":{"focus":{"keyphrase":"Espa\u00f1a","score":100,"analysis":{"keyphraseInTitle":{"score":9,"maxScore":9,"error":0},"keyphraseInDescription":{"score":9,"maxScore":9,"error":0},"keyphraseLength":{"score":9,"maxScore":9,"error":0,"length":2},"keyphraseInURL":{"score":5,"maxScore":5,"error":0},"keyphraseInIntroduction":{"score":9,"maxScore":9,"error":0},"keyphraseInSubHeadings":[],"keyphraseInImageAlt":{"score":9,"maxScore":9,"error":0},"keywordDensity":{"type":"best","score":9,"maxScore":9,"error":0}}},"additional":[{"keyphrase":"motos","score":100,"analysis":{"keyphraseInDescription":{"score":9,"maxScore":9,"error":0},"keyphraseLength":{"score":9,"maxScore":9,"error":0,"length":1},"keyphraseInIntroduction":{"score":9,"maxScore":9,"error":0},"keyphraseInImageAlt":{"score":9,"maxScore":9,"error":0},"keywordDensity":{"type":"best","score":9,"maxScore":9,"error":0}}}]},"primary_term":null,"canonical_url":null,"og_title":null,"og_description":null,"og_object_type":"default","og_image_type":"default","og_image_url":null,"og_image_width":null,"og_image_height":null,"og_image_custom_url":null,"og_image_custom_fields":null,"og_video":"","og_custom_url":null,"og_article_section":null,"og_article_tags":null,"twitter_use_og":false,"twitter_card":"default","twitter_image_type":"default","twitter_image_url":null,"twitter_image_custom_url":null,"twitter_image_custom_fields":null,"twitter_title":null,"twitter_description":null,"schema":{"blockGraphs":[],"customGraphs":[],"default":{"data":{"Article":[],"Course":[],"Dataset":[],"FAQPage":[],"Movie":[],"Person":[],"Product":[],"ProductReview":[],"Car":[],"Recipe":[],"Service":[],"SoftwareApplication":[],"WebPage":[]},"graphName":"Article","isEnabled":true},"graphs":[]},"schema_type":"default","schema_type_options":null,"pillar_content":false,"robots_default":true,"robots_noindex":false,"robots_noarchive":false,"robots_nosnippet":false,"robots_nofollow":false,"robots_noimageindex":false,"robots_noodp":false,"robots_notranslate":false,"robots_max_snippet":"-1","robots_max_videopreview":"-1","robots_max_imagepreview":"large","priority":null,"frequency":"default","location":null,"local_seo":null,"seo_analyzer_scan_date":"2025-09-03 14:04:43","breadcrumb_settings":null,"limit_modified_date":false,"reviewed_by":null,"open_ai":null,"ai":{"faqs":[],"keyPoints":[],"titles":[],"descriptions":[],"socialPosts":{"email":[],"linkedin":[],"twitter":[],"facebook":[],"instagram":[]}},"created":"2025-07-27 14:48:15","updated":"2025-09-03 14:04:43"},"aioseo_breadcrumb":"<div class=\"aioseo-breadcrumbs\"><span class=\"aioseo-breadcrumb\">\n\t<a href=\"https:\/\/candas365.es\/noticias\" title=\"Home\">Home<\/a>\n<\/span><span class=\"aioseo-breadcrumb-separator\">&ndash;<\/span><span class=\"aioseo-breadcrumb\">\n\t<a href=\"https:\/\/candas365.es\/noticias\/category\/destacadas\/\" title=\"Destacadas\">Destacadas<\/a>\n<\/span><span class=\"aioseo-breadcrumb-separator\">&ndash;<\/span><span class=\"aioseo-breadcrumb\">\n\tEspa\u00f1a vende motos\n<\/span><\/div>","aioseo_breadcrumb_json":[{"label":"Home","link":"https:\/\/candas365.es\/noticias"},{"label":"Destacadas","link":"https:\/\/candas365.es\/noticias\/category\/destacadas\/"},{"label":"Espa\u00f1a vende motos","link":"https:\/\/candas365.es\/noticias\/espana-vende-motos\/"}],"_links":{"self":[{"href":"https:\/\/candas365.es\/noticias\/wp-json\/wp\/v2\/posts\/187178","targetHints":{"allow":["GET"]}}],"collection":[{"href":"https:\/\/candas365.es\/noticias\/wp-json\/wp\/v2\/posts"}],"about":[{"href":"https:\/\/candas365.es\/noticias\/wp-json\/wp\/v2\/types\/post"}],"author":[{"embeddable":true,"href":"https:\/\/candas365.es\/noticias\/wp-json\/wp\/v2\/users\/1"}],"replies":[{"embeddable":true,"href":"https:\/\/candas365.es\/noticias\/wp-json\/wp\/v2\/comments?post=187178"}],"version-history":[{"count":0,"href":"https:\/\/candas365.es\/noticias\/wp-json\/wp\/v2\/posts\/187178\/revisions"}],"wp:featuredmedia":[{"embeddable":true,"href":"https:\/\/candas365.es\/noticias\/wp-json\/wp\/v2\/media\/187179"}],"wp:attachment":[{"href":"https:\/\/candas365.es\/noticias\/wp-json\/wp\/v2\/media?parent=187178"}],"wp:term":[{"taxonomy":"category","embeddable":true,"href":"https:\/\/candas365.es\/noticias\/wp-json\/wp\/v2\/categories?post=187178"},{"taxonomy":"post_tag","embeddable":true,"href":"https:\/\/candas365.es\/noticias\/wp-json\/wp\/v2\/tags?post=187178"}],"curies":[{"name":"wp","href":"https:\/\/api.w.org\/{rel}","templated":true}]}}