{"id":187150,"date":"2025-07-21T08:34:46","date_gmt":"2025-07-21T06:34:46","guid":{"rendered":"https:\/\/candas365.es\/noticias\/?p=187150"},"modified":"2025-07-21T08:34:46","modified_gmt":"2025-07-21T06:34:46","slug":"el-tiempo-en-espana-hoy-21-de-julio-de-2025","status":"publish","type":"post","link":"https:\/\/candas365.es\/noticias\/el-tiempo-en-espana-hoy-21-de-julio-de-2025\/","title":{"rendered":"El tiempo en Espa\u00f1a hoy 21 de julio de 2025"},"content":{"rendered":"<p>El calor intenso se quedar\u00e1 <a href=\"https:\/\/candas365.es\/noticias\/category\/el-tiempo\/\"><span style=\"color: #ff6600;\"><strong>hoy lunes 21 de julio de 2025<\/strong><\/span><\/a> solamente en el tercio sur de Espa\u00f1a, donde los term\u00f3metros marcar\u00e1n m\u00e1s de 35 grados, mientras que el ambiente suave predominar\u00e1 en el norte con cerca de 20 grados en algunas zonas.<\/p>\n<figure id=\"attachment_187151\" aria-describedby=\"caption-attachment-187151\" style=\"width: 645px\" class=\"wp-caption aligncenter\"><img fetchpriority=\"high\" decoding=\"async\" class=\"size-large wp-image-187151\" src=\"https:\/\/candas365.es\/noticias\/wp-content\/uploads\/2025\/07\/El-tiempo-en-Espana-hoy-21-de-julio-de-2025-645x480.jpg\" alt=\"El tiempo en Espa\u00f1a hoy 21 de julio de 2025\" width=\"645\" height=\"480\" srcset=\"https:\/\/candas365.es\/noticias\/wp-content\/uploads\/2025\/07\/El-tiempo-en-Espana-hoy-21-de-julio-de-2025-645x480.jpg 645w, https:\/\/candas365.es\/noticias\/wp-content\/uploads\/2025\/07\/El-tiempo-en-Espana-hoy-21-de-julio-de-2025-360x268.jpg 360w, https:\/\/candas365.es\/noticias\/wp-content\/uploads\/2025\/07\/El-tiempo-en-Espana-hoy-21-de-julio-de-2025-768x571.jpg 768w, https:\/\/candas365.es\/noticias\/wp-content\/uploads\/2025\/07\/El-tiempo-en-Espana-hoy-21-de-julio-de-2025-150x112.jpg 150w, https:\/\/candas365.es\/noticias\/wp-content\/uploads\/2025\/07\/El-tiempo-en-Espana-hoy-21-de-julio-de-2025-450x335.jpg 450w, https:\/\/candas365.es\/noticias\/wp-content\/uploads\/2025\/07\/El-tiempo-en-Espana-hoy-21-de-julio-de-2025.jpg 886w\" sizes=\"(max-width: 645px) 100vw, 645px\" \/><figcaption id=\"caption-attachment-187151\" class=\"wp-caption-text\">Foto: Cand\u00e1s 365<\/figcaption><\/figure>\n<p>La predicci\u00f3n de la Agencia Estatal de Meteorolog\u00eda (<a href=\"https:\/\/www.aemet.es\/\" target=\"_blank\" rel=\"noopener\"><span style=\"color: #ff6600;\">Aemet<\/span><\/a>), recogida por Servimedia, se\u00f1ala que las temperaturas subir\u00e1n en la vertiente atl\u00e1ntica y bajar\u00e1n el tercio oriental y Baleares.<\/p>\n<p>Las capitales m\u00e1s calurosas ser\u00e1n Murcia (40 grados), Granada (38) y C\u00f3rdoba (37), mientras que suavizar\u00e1 en A Coru\u00f1a (22) y Pontevedra y Santander (23).<\/p>\n<p>Este lunes continuar\u00e1 una circulaci\u00f3n atl\u00e1ntica afectando a la pen\u00ednsula, con intervalos nubosos en el extremo norte y posibles lluvias d\u00e9biles y dispersas en el norte y el oeste de Galicia, zonas del Cant\u00e1brico interior y su extremo oriental, la cara norte d ellos Pirineos y el este de Catalu\u00f1a.<\/p>\n<blockquote><p>Adem\u00e1s, se espera nubosidad de evoluci\u00f3n dispersa en los cuartos norte y este, sin descartar alg\u00fan chubasco aislado en sierras prelitorales del nordeste o en Mallorca.<\/p><\/blockquote>\n<p>Baleares tendr\u00e1 intervalos nubosos y habr\u00e1 nubes o intervalos nubosos en el norte de Canarias, con probabilidad de lluvias d\u00e9biles dispersas en las islas monta\u00f1osas. El sol brillar\u00e1 en el resto del pa\u00eds.<\/p>\n<p>Por \u00faltimo, este lunes soplar\u00e1n intervalos fuertes de viento del oeste en el Cant\u00e1brico, as\u00ed como algunos intervalos fuertes del norte en el Ampurd\u00e1n (Girona) y el bajo Ebro, y del oeste en el Estrecho y la zona de Albor\u00e1n.<\/p>\n<p>(<a href=\"https:\/\/www.servimedia.es\/\" target=\"_blank\" rel=\"noopener\"><span style=\"color: #ff6600;\"><strong>SERVIMEDIA<\/strong><\/span><\/a>)<\/p>\n","protected":false},"excerpt":{"rendered":"<p>El calor intenso se quedar\u00e1 hoy lunes 21 de julio de 2025 solamente en el tercio sur de Espa\u00f1a, donde los term\u00f3metros marcar\u00e1n m\u00e1s de 35 grados, mientras que el ambiente suave predominar\u00e1 en el norte con cerca de 20 grados en algunas zonas. La predicci\u00f3n de la Agencia Estatal de Meteorolog\u00eda (Aemet), recogida por<\/p>\n","protected":false},"author":1,"featured_media":187151,"comment_status":"closed","ping_status":"closed","sticky":false,"template":"","format":"standard","meta":{"footnotes":""},"categories":[358],"tags":[429],"class_list":{"0":"post-187150","1":"post","2":"type-post","3":"status-publish","4":"format-standard","5":"has-post-thumbnail","7":"category-el-tiempo","8":"tag-el-tiempo"},"aioseo_notices":[],"aioseo_head":"\n\t\t<!-- All in One SEO Pro 4.9.6.2 - aioseo.com -->\n\t<meta name=\"description\" content=\"El calor intenso se quedar\u00e1 hoy lunes 21 de julio de 2025 solamente en el tercio sur de Espa\u00f1a, donde los term\u00f3metros marcar\u00e1n m\u00e1s de 35 grados,\" \/>\n\t<meta name=\"robots\" content=\"max-image-preview:large\" \/>\n\t<meta name=\"author\" content=\"Cand\u00e1s 365\"\/>\n\t<meta name=\"google-site-verification\" content=\"UA-32230408-1\" \/>\n\t<meta name=\"msvalidate.01\" content=\"354F3CDFB2DA171B47FBE9ABF1F88D5\" \/>\n\t<meta name=\"keywords\" content=\"el tiempo\" \/>\n\t<link rel=\"canonical\" href=\"https:\/\/candas365.es\/noticias\/el-tiempo-en-espana-hoy-21-de-julio-de-2025\/\" \/>\n\t<meta name=\"generator\" content=\"All in One SEO Pro (AIOSEO) 4.9.6.2\" \/>\n\t\t<meta property=\"og:locale\" content=\"es_ES\" \/>\n\t\t<meta property=\"og:site_name\" content=\"Cand\u00e1s 365\" \/>\n\t\t<meta property=\"og:type\" content=\"article\" \/>\n\t\t<meta property=\"og:title\" content=\"El tiempo en Espa\u00f1a hoy 21 de julio de 2025 | Cand\u00e1s 365\" \/>\n\t\t<meta property=\"og:description\" content=\"El calor intenso se quedar\u00e1 hoy lunes 21 de julio de 2025 solamente en el tercio sur de Espa\u00f1a, donde los term\u00f3metros marcar\u00e1n m\u00e1s de 35 grados,\" \/>\n\t\t<meta property=\"og:url\" content=\"https:\/\/candas365.es\/noticias\/el-tiempo-en-espana-hoy-21-de-julio-de-2025\/\" \/>\n\t\t<meta property=\"og:image\" content=\"https:\/\/candas365.es\/noticias\/wp-content\/uploads\/2025\/07\/El-tiempo-en-Espana-hoy-21-de-julio-de-2025.jpg\" \/>\n\t\t<meta property=\"og:image:secure_url\" content=\"https:\/\/candas365.es\/noticias\/wp-content\/uploads\/2025\/07\/El-tiempo-en-Espana-hoy-21-de-julio-de-2025.jpg\" \/>\n\t\t<meta property=\"og:image:width\" content=\"886\" \/>\n\t\t<meta property=\"og:image:height\" content=\"659\" \/>\n\t\t<meta property=\"article:published_time\" content=\"2025-07-21T06:34:46+00:00\" \/>\n\t\t<meta property=\"article:modified_time\" content=\"2025-07-21T06:34:46+00:00\" \/>\n\t\t<meta property=\"article:publisher\" content=\"https:\/\/www.facebook.com\/Nachofdezber\" \/>\n\t\t<meta property=\"article:author\" content=\"https:\/\/www.facebook.com\/carrenoactualidad\" \/>\n\t\t<meta name=\"twitter:card\" content=\"summary_large_image\" \/>\n\t\t<meta name=\"twitter:site\" content=\"@NabercoDigital\" \/>\n\t\t<meta name=\"twitter:title\" content=\"El tiempo en Espa\u00f1a hoy 21 de julio de 2025 | Cand\u00e1s 365\" \/>\n\t\t<meta name=\"twitter:description\" content=\"El calor intenso se quedar\u00e1 hoy lunes 21 de julio de 2025 solamente en el tercio sur de Espa\u00f1a, donde los term\u00f3metros marcar\u00e1n m\u00e1s de 35 grados,\" \/>\n\t\t<meta name=\"twitter:creator\" content=\"@nbasturias\" \/>\n\t\t<meta name=\"twitter:image\" content=\"https:\/\/candas365.es\/noticias\/wp-content\/uploads\/2025\/07\/El-tiempo-en-Espana-hoy-21-de-julio-de-2025.jpg\" \/>\n\t\t<meta name=\"twitter:label1\" content=\"Escrito por\" \/>\n\t\t<meta name=\"twitter:data1\" content=\"Cand\u00e1s 365\" \/>\n\t\t<meta name=\"twitter:label2\" content=\"Tiempo de lectura estimado\" \/>\n\t\t<meta name=\"twitter:data2\" content=\"1 minuto\" \/>\n\t\t<script type=\"application\/ld+json\" class=\"aioseo-schema\">\n\t\t\t{\"@context\":\"https:\\\/\\\/schema.org\",\"@graph\":[{\"@type\":\"BreadcrumbList\",\"@id\":\"https:\\\/\\\/candas365.es\\\/noticias\\\/el-tiempo-en-espana-hoy-21-de-julio-de-2025\\\/#breadcrumblist\",\"itemListElement\":[{\"@type\":\"ListItem\",\"@id\":\"https:\\\/\\\/candas365.es\\\/noticias#listItem\",\"position\":1,\"name\":\"Home\",\"item\":\"https:\\\/\\\/candas365.es\\\/noticias\",\"nextItem\":{\"@type\":\"ListItem\",\"@id\":\"https:\\\/\\\/candas365.es\\\/noticias\\\/category\\\/el-tiempo\\\/#listItem\",\"name\":\"El tiempo\"}},{\"@type\":\"ListItem\",\"@id\":\"https:\\\/\\\/candas365.es\\\/noticias\\\/category\\\/el-tiempo\\\/#listItem\",\"position\":2,\"name\":\"El tiempo\",\"item\":\"https:\\\/\\\/candas365.es\\\/noticias\\\/category\\\/el-tiempo\\\/\",\"nextItem\":{\"@type\":\"ListItem\",\"@id\":\"https:\\\/\\\/candas365.es\\\/noticias\\\/el-tiempo-en-espana-hoy-21-de-julio-de-2025\\\/#listItem\",\"name\":\"El tiempo en Espa\\u00f1a hoy 21 de julio de 2025\"},\"previousItem\":{\"@type\":\"ListItem\",\"@id\":\"https:\\\/\\\/candas365.es\\\/noticias#listItem\",\"name\":\"Home\"}},{\"@type\":\"ListItem\",\"@id\":\"https:\\\/\\\/candas365.es\\\/noticias\\\/el-tiempo-en-espana-hoy-21-de-julio-de-2025\\\/#listItem\",\"position\":3,\"name\":\"El tiempo en Espa\\u00f1a hoy 21 de julio de 2025\",\"previousItem\":{\"@type\":\"ListItem\",\"@id\":\"https:\\\/\\\/candas365.es\\\/noticias\\\/category\\\/el-tiempo\\\/#listItem\",\"name\":\"El tiempo\"}}]},{\"@type\":\"NewsArticle\",\"@id\":\"https:\\\/\\\/candas365.es\\\/noticias\\\/el-tiempo-en-espana-hoy-21-de-julio-de-2025\\\/#newsarticle\",\"name\":\"El tiempo en Espa\\u00f1a hoy 21 de julio de 2025 | Cand\\u00e1s 365\",\"headline\":\"El tiempo en Espa\\u00f1a hoy 21 de julio de 2025\",\"author\":{\"@id\":\"https:\\\/\\\/candas365.es\\\/noticias\\\/author\\\/admin\\\/#author\"},\"publisher\":{\"@id\":\"https:\\\/\\\/candas365.es\\\/noticias\\\/#organization\"},\"image\":{\"@type\":\"ImageObject\",\"url\":\"https:\\\/\\\/candas365.es\\\/noticias\\\/wp-content\\\/uploads\\\/2025\\\/07\\\/El-tiempo-en-Espana-hoy-21-de-julio-de-2025.jpg\",\"width\":886,\"height\":659,\"caption\":\"Foto: Cand\\u00e1s 365\"},\"datePublished\":\"2025-07-21T08:34:46+02:00\",\"dateModified\":\"2025-07-21T08:34:46+02:00\",\"inLanguage\":\"es-ES\",\"mainEntityOfPage\":{\"@id\":\"https:\\\/\\\/candas365.es\\\/noticias\\\/el-tiempo-en-espana-hoy-21-de-julio-de-2025\\\/#webpage\"},\"isPartOf\":{\"@id\":\"https:\\\/\\\/candas365.es\\\/noticias\\\/el-tiempo-en-espana-hoy-21-de-julio-de-2025\\\/#webpage\"},\"articleSection\":\"El tiempo, El tiempo\",\"dateline\":\"Publicado el julio 21, 2025.\"},{\"@type\":\"Organization\",\"@id\":\"https:\\\/\\\/candas365.es\\\/noticias\\\/#organization\",\"name\":\"Cand\\u00e1s 365\",\"description\":\"Cand\\u00e1s 365 es un diario digital independiente, fundado en 2012, con base en Asturias. Informamos con rigor sobre actualidad, sociedad, cultura y ocio, con una mirada local y global.\",\"url\":\"https:\\\/\\\/candas365.es\\\/noticias\\\/\",\"email\":\"info@candas365.es\",\"telephone\":\"+34652131393\",\"foundingDate\":\"2012-06-10\",\"logo\":{\"@type\":\"ImageObject\",\"url\":\"https:\\\/\\\/candas365.es\\\/noticias\\\/wp-content\\\/uploads\\\/2024\\\/09\\\/Candas-365-Redes.jpg\",\"@id\":\"https:\\\/\\\/candas365.es\\\/noticias\\\/el-tiempo-en-espana-hoy-21-de-julio-de-2025\\\/#organizationLogo\",\"width\":1152,\"height\":864,\"caption\":\"Cand\\u00e1s 365 Redes\"},\"image\":{\"@id\":\"https:\\\/\\\/candas365.es\\\/noticias\\\/el-tiempo-en-espana-hoy-21-de-julio-de-2025\\\/#organizationLogo\"},\"sameAs\":[\"https:\\\/\\\/www.facebook.com\\\/Nachofdezber\",\"https:\\\/\\\/x.com\\\/NabercoDigital\",\"https:\\\/\\\/www.instagram.com\\\/nachofdezber\\\/\",\"https:\\\/\\\/www.youtube.com\\\/channel\\\/UCZP-2wLEB9Rv6erhFmqVnvg\"],\"address\":{\"@id\":\"https:\\\/\\\/candas365.es\\\/noticias\\\/#postaladdress\",\"@type\":\"PostalAddress\",\"streetAddress\":\"san antonio 4, san antonio 4\",\"postalCode\":\"33430\",\"addressLocality\":\"Cand\\u00e1s\",\"addressRegion\":\"Asturias\",\"addressCountry\":\"ES\"}},{\"@type\":\"Person\",\"@id\":\"https:\\\/\\\/candas365.es\\\/noticias\\\/author\\\/admin\\\/#author\",\"url\":\"https:\\\/\\\/candas365.es\\\/noticias\\\/author\\\/admin\\\/\",\"name\":\"Cand\\u00e1s 365\",\"image\":{\"@type\":\"ImageObject\",\"@id\":\"https:\\\/\\\/candas365.es\\\/noticias\\\/el-tiempo-en-espana-hoy-21-de-julio-de-2025\\\/#authorImage\",\"url\":\"https:\\\/\\\/secure.gravatar.com\\\/avatar\\\/496a8e03d0c493ede1718b7934145dbdf8d89be1036b0eec9544e1094c9de390?s=96&d=mm&r=g\",\"width\":96,\"height\":96,\"caption\":\"Cand\\u00e1s 365\"},\"sameAs\":[\"https:\\\/\\\/www.facebook.com\\\/carrenoactualidad\",\"https:\\\/\\\/twitter.com\\\/nbasturias\",\"https:\\\/\\\/www.instagram.com\\\/nachofdezber\\\/\",\"https:\\\/\\\/www.youtube.com\\\/channel\\\/UCZP-2wLEB9Rv6erhFmqVnvg\"]},{\"@type\":\"WebPage\",\"@id\":\"https:\\\/\\\/candas365.es\\\/noticias\\\/el-tiempo-en-espana-hoy-21-de-julio-de-2025\\\/#webpage\",\"url\":\"https:\\\/\\\/candas365.es\\\/noticias\\\/el-tiempo-en-espana-hoy-21-de-julio-de-2025\\\/\",\"name\":\"El tiempo en Espa\\u00f1a hoy 21 de julio de 2025 | Cand\\u00e1s 365\",\"description\":\"El calor intenso se quedar\\u00e1 hoy lunes 21 de julio de 2025 solamente en el tercio sur de Espa\\u00f1a, donde los term\\u00f3metros marcar\\u00e1n m\\u00e1s de 35 grados,\",\"inLanguage\":\"es-ES\",\"isPartOf\":{\"@id\":\"https:\\\/\\\/candas365.es\\\/noticias\\\/#website\"},\"breadcrumb\":{\"@id\":\"https:\\\/\\\/candas365.es\\\/noticias\\\/el-tiempo-en-espana-hoy-21-de-julio-de-2025\\\/#breadcrumblist\"},\"author\":{\"@id\":\"https:\\\/\\\/candas365.es\\\/noticias\\\/author\\\/admin\\\/#author\"},\"creator\":{\"@id\":\"https:\\\/\\\/candas365.es\\\/noticias\\\/author\\\/admin\\\/#author\"},\"image\":{\"@type\":\"ImageObject\",\"url\":\"https:\\\/\\\/candas365.es\\\/noticias\\\/wp-content\\\/uploads\\\/2025\\\/07\\\/El-tiempo-en-Espana-hoy-21-de-julio-de-2025.jpg\",\"@id\":\"https:\\\/\\\/candas365.es\\\/noticias\\\/el-tiempo-en-espana-hoy-21-de-julio-de-2025\\\/#mainImage\",\"width\":886,\"height\":659,\"caption\":\"Foto: Cand\\u00e1s 365\"},\"primaryImageOfPage\":{\"@id\":\"https:\\\/\\\/candas365.es\\\/noticias\\\/el-tiempo-en-espana-hoy-21-de-julio-de-2025\\\/#mainImage\"},\"datePublished\":\"2025-07-21T08:34:46+02:00\",\"dateModified\":\"2025-07-21T08:34:46+02:00\"},{\"@type\":\"WebSite\",\"@id\":\"https:\\\/\\\/candas365.es\\\/noticias\\\/#website\",\"url\":\"https:\\\/\\\/candas365.es\\\/noticias\\\/\",\"name\":\"Cand\\u00e1s 365\",\"alternateName\":\"Cand\\u00e1s 365 Noticias\",\"description\":\"Actualidad desde Carre\\u00f1o para el mundo\",\"inLanguage\":\"es-ES\",\"publisher\":{\"@id\":\"https:\\\/\\\/candas365.es\\\/noticias\\\/#organization\"}}]}\n\t\t<\/script>\n\t\t<!-- All in One SEO Pro -->\r\n\t\t<title>El tiempo en Espa\u00f1a hoy 21 de julio de 2025 | Cand\u00e1s 365<\/title>\n\n","aioseo_head_json":{"title":"El tiempo en Espa\u00f1a hoy 21 de julio de 2025 | Cand\u00e1s 365","description":"El calor intenso se quedar\u00e1 hoy lunes 21 de julio de 2025 solamente en el tercio sur de Espa\u00f1a, donde los term\u00f3metros marcar\u00e1n m\u00e1s de 35 grados,","canonical_url":"https:\/\/candas365.es\/noticias\/el-tiempo-en-espana-hoy-21-de-julio-de-2025\/","robots":"max-image-preview:large","keywords":"el tiempo","webmasterTools":{"google-site-verification":"UA-32230408-1","msvalidate.01":"354F3CDFB2DA171B47FBE9ABF1F88D5","miscellaneous":""},"schema":{"@context":"https:\/\/schema.org","@graph":[{"@type":"BreadcrumbList","@id":"https:\/\/candas365.es\/noticias\/el-tiempo-en-espana-hoy-21-de-julio-de-2025\/#breadcrumblist","itemListElement":[{"@type":"ListItem","@id":"https:\/\/candas365.es\/noticias#listItem","position":1,"name":"Home","item":"https:\/\/candas365.es\/noticias","nextItem":{"@type":"ListItem","@id":"https:\/\/candas365.es\/noticias\/category\/el-tiempo\/#listItem","name":"El tiempo"}},{"@type":"ListItem","@id":"https:\/\/candas365.es\/noticias\/category\/el-tiempo\/#listItem","position":2,"name":"El tiempo","item":"https:\/\/candas365.es\/noticias\/category\/el-tiempo\/","nextItem":{"@type":"ListItem","@id":"https:\/\/candas365.es\/noticias\/el-tiempo-en-espana-hoy-21-de-julio-de-2025\/#listItem","name":"El tiempo en Espa\u00f1a hoy 21 de julio de 2025"},"previousItem":{"@type":"ListItem","@id":"https:\/\/candas365.es\/noticias#listItem","name":"Home"}},{"@type":"ListItem","@id":"https:\/\/candas365.es\/noticias\/el-tiempo-en-espana-hoy-21-de-julio-de-2025\/#listItem","position":3,"name":"El tiempo en Espa\u00f1a hoy 21 de julio de 2025","previousItem":{"@type":"ListItem","@id":"https:\/\/candas365.es\/noticias\/category\/el-tiempo\/#listItem","name":"El tiempo"}}]},{"@type":"NewsArticle","@id":"https:\/\/candas365.es\/noticias\/el-tiempo-en-espana-hoy-21-de-julio-de-2025\/#newsarticle","name":"El tiempo en Espa\u00f1a hoy 21 de julio de 2025 | Cand\u00e1s 365","headline":"El tiempo en Espa\u00f1a hoy 21 de julio de 2025","author":{"@id":"https:\/\/candas365.es\/noticias\/author\/admin\/#author"},"publisher":{"@id":"https:\/\/candas365.es\/noticias\/#organization"},"image":{"@type":"ImageObject","url":"https:\/\/candas365.es\/noticias\/wp-content\/uploads\/2025\/07\/El-tiempo-en-Espana-hoy-21-de-julio-de-2025.jpg","width":886,"height":659,"caption":"Foto: Cand\u00e1s 365"},"datePublished":"2025-07-21T08:34:46+02:00","dateModified":"2025-07-21T08:34:46+02:00","inLanguage":"es-ES","mainEntityOfPage":{"@id":"https:\/\/candas365.es\/noticias\/el-tiempo-en-espana-hoy-21-de-julio-de-2025\/#webpage"},"isPartOf":{"@id":"https:\/\/candas365.es\/noticias\/el-tiempo-en-espana-hoy-21-de-julio-de-2025\/#webpage"},"articleSection":"El tiempo, El tiempo","dateline":"Publicado el julio 21, 2025."},{"@type":"Organization","@id":"https:\/\/candas365.es\/noticias\/#organization","name":"Cand\u00e1s 365","description":"Cand\u00e1s 365 es un diario digital independiente, fundado en 2012, con base en Asturias. Informamos con rigor sobre actualidad, sociedad, cultura y ocio, con una mirada local y global.","url":"https:\/\/candas365.es\/noticias\/","email":"info@candas365.es","telephone":"+34652131393","foundingDate":"2012-06-10","logo":{"@type":"ImageObject","url":"https:\/\/candas365.es\/noticias\/wp-content\/uploads\/2024\/09\/Candas-365-Redes.jpg","@id":"https:\/\/candas365.es\/noticias\/el-tiempo-en-espana-hoy-21-de-julio-de-2025\/#organizationLogo","width":1152,"height":864,"caption":"Cand\u00e1s 365 Redes"},"image":{"@id":"https:\/\/candas365.es\/noticias\/el-tiempo-en-espana-hoy-21-de-julio-de-2025\/#organizationLogo"},"sameAs":["https:\/\/www.facebook.com\/Nachofdezber","https:\/\/x.com\/NabercoDigital","https:\/\/www.instagram.com\/nachofdezber\/","https:\/\/www.youtube.com\/channel\/UCZP-2wLEB9Rv6erhFmqVnvg"],"address":{"@id":"https:\/\/candas365.es\/noticias\/#postaladdress","@type":"PostalAddress","streetAddress":"san antonio 4, san antonio 4","postalCode":"33430","addressLocality":"Cand\u00e1s","addressRegion":"Asturias","addressCountry":"ES"}},{"@type":"Person","@id":"https:\/\/candas365.es\/noticias\/author\/admin\/#author","url":"https:\/\/candas365.es\/noticias\/author\/admin\/","name":"Cand\u00e1s 365","image":{"@type":"ImageObject","@id":"https:\/\/candas365.es\/noticias\/el-tiempo-en-espana-hoy-21-de-julio-de-2025\/#authorImage","url":"https:\/\/secure.gravatar.com\/avatar\/496a8e03d0c493ede1718b7934145dbdf8d89be1036b0eec9544e1094c9de390?s=96&d=mm&r=g","width":96,"height":96,"caption":"Cand\u00e1s 365"},"sameAs":["https:\/\/www.facebook.com\/carrenoactualidad","https:\/\/twitter.com\/nbasturias","https:\/\/www.instagram.com\/nachofdezber\/","https:\/\/www.youtube.com\/channel\/UCZP-2wLEB9Rv6erhFmqVnvg"]},{"@type":"WebPage","@id":"https:\/\/candas365.es\/noticias\/el-tiempo-en-espana-hoy-21-de-julio-de-2025\/#webpage","url":"https:\/\/candas365.es\/noticias\/el-tiempo-en-espana-hoy-21-de-julio-de-2025\/","name":"El tiempo en Espa\u00f1a hoy 21 de julio de 2025 | Cand\u00e1s 365","description":"El calor intenso se quedar\u00e1 hoy lunes 21 de julio de 2025 solamente en el tercio sur de Espa\u00f1a, donde los term\u00f3metros marcar\u00e1n m\u00e1s de 35 grados,","inLanguage":"es-ES","isPartOf":{"@id":"https:\/\/candas365.es\/noticias\/#website"},"breadcrumb":{"@id":"https:\/\/candas365.es\/noticias\/el-tiempo-en-espana-hoy-21-de-julio-de-2025\/#breadcrumblist"},"author":{"@id":"https:\/\/candas365.es\/noticias\/author\/admin\/#author"},"creator":{"@id":"https:\/\/candas365.es\/noticias\/author\/admin\/#author"},"image":{"@type":"ImageObject","url":"https:\/\/candas365.es\/noticias\/wp-content\/uploads\/2025\/07\/El-tiempo-en-Espana-hoy-21-de-julio-de-2025.jpg","@id":"https:\/\/candas365.es\/noticias\/el-tiempo-en-espana-hoy-21-de-julio-de-2025\/#mainImage","width":886,"height":659,"caption":"Foto: Cand\u00e1s 365"},"primaryImageOfPage":{"@id":"https:\/\/candas365.es\/noticias\/el-tiempo-en-espana-hoy-21-de-julio-de-2025\/#mainImage"},"datePublished":"2025-07-21T08:34:46+02:00","dateModified":"2025-07-21T08:34:46+02:00"},{"@type":"WebSite","@id":"https:\/\/candas365.es\/noticias\/#website","url":"https:\/\/candas365.es\/noticias\/","name":"Cand\u00e1s 365","alternateName":"Cand\u00e1s 365 Noticias","description":"Actualidad desde Carre\u00f1o para el mundo","inLanguage":"es-ES","publisher":{"@id":"https:\/\/candas365.es\/noticias\/#organization"}}]},"og:locale":"es_ES","og:site_name":"Cand\u00e1s 365","og:type":"article","og:title":"El tiempo en Espa\u00f1a hoy 21 de julio de 2025 | Cand\u00e1s 365","og:description":"El calor intenso se quedar\u00e1 hoy lunes 21 de julio de 2025 solamente en el tercio sur de Espa\u00f1a, donde los term\u00f3metros marcar\u00e1n m\u00e1s de 35 grados,","og:url":"https:\/\/candas365.es\/noticias\/el-tiempo-en-espana-hoy-21-de-julio-de-2025\/","og:image":"https:\/\/candas365.es\/noticias\/wp-content\/uploads\/2025\/07\/El-tiempo-en-Espana-hoy-21-de-julio-de-2025.jpg","og:image:secure_url":"https:\/\/candas365.es\/noticias\/wp-content\/uploads\/2025\/07\/El-tiempo-en-Espana-hoy-21-de-julio-de-2025.jpg","og:image:width":886,"og:image:height":659,"article:published_time":"2025-07-21T06:34:46+00:00","article:modified_time":"2025-07-21T06:34:46+00:00","article:publisher":"https:\/\/www.facebook.com\/Nachofdezber","article:author":"https:\/\/www.facebook.com\/carrenoactualidad","twitter:card":"summary_large_image","twitter:site":"@NabercoDigital","twitter:title":"El tiempo en Espa\u00f1a hoy 21 de julio de 2025 | Cand\u00e1s 365","twitter:description":"El calor intenso se quedar\u00e1 hoy lunes 21 de julio de 2025 solamente en el tercio sur de Espa\u00f1a, donde los term\u00f3metros marcar\u00e1n m\u00e1s de 35 grados,","twitter:creator":"@nbasturias","twitter:image":"https:\/\/candas365.es\/noticias\/wp-content\/uploads\/2025\/07\/El-tiempo-en-Espana-hoy-21-de-julio-de-2025.jpg","twitter:label1":"Escrito por","twitter:data1":"Cand\u00e1s 365","twitter:label2":"Tiempo de lectura estimado","twitter:data2":"1 minuto"},"aioseo_meta_data":{"post_id":"187150","title":null,"description":"El calor intenso se quedar\u00e1 hoy lunes 21 de julio de 2025 solamente en el tercio sur de Espa\u00f1a, donde los term\u00f3metros marcar\u00e1n m\u00e1s de 35 grados,","keywords":null,"keyphrases":{"focus":{"keyphrase":"Espa\u00f1a","score":85,"analysis":{"keyphraseInTitle":{"score":9,"maxScore":9,"error":0},"keyphraseInDescription":{"score":9,"maxScore":9,"error":0},"keyphraseLength":{"score":9,"maxScore":9,"error":0,"length":2},"keyphraseInURL":{"score":5,"maxScore":5,"error":0},"keyphraseInIntroduction":{"score":9,"maxScore":9,"error":0},"keyphraseInSubHeadings":[],"keyphraseInImageAlt":{"score":9,"maxScore":9,"error":0},"keywordDensity":{"score":0,"type":"low","maxScore":9,"error":1}}},"additional":[{"keyphrase":"21 de julio","score":80,"analysis":{"keyphraseInDescription":{"score":9,"maxScore":9,"error":0},"keyphraseLength":{"score":9,"maxScore":9,"error":0,"length":3},"keyphraseInIntroduction":{"score":9,"maxScore":9,"error":0},"keyphraseInImageAlt":{"score":9,"maxScore":9,"error":0},"keywordDensity":{"score":0,"type":"low","maxScore":9,"error":1}}}]},"primary_term":null,"canonical_url":null,"og_title":null,"og_description":null,"og_object_type":"default","og_image_type":"default","og_image_url":null,"og_image_width":null,"og_image_height":null,"og_image_custom_url":null,"og_image_custom_fields":null,"og_video":"","og_custom_url":null,"og_article_section":null,"og_article_tags":null,"twitter_use_og":false,"twitter_card":"default","twitter_image_type":"default","twitter_image_url":null,"twitter_image_custom_url":null,"twitter_image_custom_fields":null,"twitter_title":null,"twitter_description":null,"schema":{"blockGraphs":[],"customGraphs":[],"default":{"data":{"Article":[],"Course":[],"Dataset":[],"FAQPage":[],"Movie":[],"Person":[],"Product":[],"ProductReview":[],"Car":[],"Recipe":[],"Service":[],"SoftwareApplication":[],"WebPage":[]},"graphName":"Article","isEnabled":true},"graphs":[]},"schema_type":"default","schema_type_options":null,"pillar_content":false,"robots_default":true,"robots_noindex":false,"robots_noarchive":false,"robots_nosnippet":false,"robots_nofollow":false,"robots_noimageindex":false,"robots_noodp":false,"robots_notranslate":false,"robots_max_snippet":"-1","robots_max_videopreview":"-1","robots_max_imagepreview":"large","priority":null,"frequency":"default","location":null,"local_seo":null,"seo_analyzer_scan_date":"2025-09-03 14:02:34","breadcrumb_settings":null,"limit_modified_date":false,"reviewed_by":null,"open_ai":null,"ai":{"faqs":[],"keyPoints":[],"titles":[],"descriptions":[],"socialPosts":{"email":[],"linkedin":[],"twitter":[],"facebook":[],"instagram":[]}},"created":"2025-07-21 06:26:19","updated":"2025-09-03 14:02:34"},"aioseo_breadcrumb":"<div class=\"aioseo-breadcrumbs\"><span class=\"aioseo-breadcrumb\">\n\t<a href=\"https:\/\/candas365.es\/noticias\" title=\"Home\">Home<\/a>\n<\/span><span class=\"aioseo-breadcrumb-separator\">&ndash;<\/span><span class=\"aioseo-breadcrumb\">\n\t<a href=\"https:\/\/candas365.es\/noticias\/category\/el-tiempo\/\" title=\"El tiempo\">El tiempo<\/a>\n<\/span><span class=\"aioseo-breadcrumb-separator\">&ndash;<\/span><span class=\"aioseo-breadcrumb\">\n\tEl tiempo en Espa\u00f1a hoy 21 de julio de 2025\n<\/span><\/div>","aioseo_breadcrumb_json":[{"label":"Home","link":"https:\/\/candas365.es\/noticias"},{"label":"El tiempo","link":"https:\/\/candas365.es\/noticias\/category\/el-tiempo\/"},{"label":"El tiempo en Espa\u00f1a hoy 21 de julio de 2025","link":"https:\/\/candas365.es\/noticias\/el-tiempo-en-espana-hoy-21-de-julio-de-2025\/"}],"_links":{"self":[{"href":"https:\/\/candas365.es\/noticias\/wp-json\/wp\/v2\/posts\/187150","targetHints":{"allow":["GET"]}}],"collection":[{"href":"https:\/\/candas365.es\/noticias\/wp-json\/wp\/v2\/posts"}],"about":[{"href":"https:\/\/candas365.es\/noticias\/wp-json\/wp\/v2\/types\/post"}],"author":[{"embeddable":true,"href":"https:\/\/candas365.es\/noticias\/wp-json\/wp\/v2\/users\/1"}],"replies":[{"embeddable":true,"href":"https:\/\/candas365.es\/noticias\/wp-json\/wp\/v2\/comments?post=187150"}],"version-history":[{"count":0,"href":"https:\/\/candas365.es\/noticias\/wp-json\/wp\/v2\/posts\/187150\/revisions"}],"wp:featuredmedia":[{"embeddable":true,"href":"https:\/\/candas365.es\/noticias\/wp-json\/wp\/v2\/media\/187151"}],"wp:attachment":[{"href":"https:\/\/candas365.es\/noticias\/wp-json\/wp\/v2\/media?parent=187150"}],"wp:term":[{"taxonomy":"category","embeddable":true,"href":"https:\/\/candas365.es\/noticias\/wp-json\/wp\/v2\/categories?post=187150"},{"taxonomy":"post_tag","embeddable":true,"href":"https:\/\/candas365.es\/noticias\/wp-json\/wp\/v2\/tags?post=187150"}],"curies":[{"name":"wp","href":"https:\/\/api.w.org\/{rel}","templated":true}]}}