{"id":186315,"date":"2025-05-05T11:52:35","date_gmt":"2025-05-05T09:52:35","guid":{"rendered":"https:\/\/candas365.es\/noticias\/?p=186315"},"modified":"2025-05-05T11:52:35","modified_gmt":"2025-05-05T09:52:35","slug":"apagon-en-espana-datos-sobre-las-renovables","status":"publish","type":"post","link":"https:\/\/candas365.es\/noticias\/apagon-en-espana-datos-sobre-las-renovables\/","title":{"rendered":"Apag\u00f3n en Espa\u00f1a: Datos sobre las renovables"},"content":{"rendered":"<p><strong>Las energ\u00edas renovables se mantuvieron por debajo de sus m\u00e1ximos durante cuando se produjo el apag\u00f3n total del pa\u00eds<\/strong>, tanto en su volumen de generaci\u00f3n como en su nivel de aportaci\u00f3n al sistema el\u00e9ctrico. Adem\u00e1s, su peso en el conjunto era inferior al que se estaba registrando a la misma hora en pa\u00edses como <a href=\"https:\/\/candas365.es\/noticias\/millones-de-espanoles-se-conectaron-a-la-radio-durante-el-apagon-electrico\/\"><span style=\"color: #ff6600;\"><strong>Alemania<\/strong><\/span><\/a>.<\/p>\n<figure id=\"attachment_186316\" aria-describedby=\"caption-attachment-186316\" style=\"width: 650px\" class=\"wp-caption aligncenter\"><img fetchpriority=\"high\" decoding=\"async\" class=\"wp-image-186316 size-large\" src=\"https:\/\/candas365.es\/noticias\/wp-content\/uploads\/2025\/05\/renovables-Espana-650x368.jpg\" alt=\"renovables Espa\u00f1a\" width=\"650\" height=\"368\" srcset=\"https:\/\/candas365.es\/noticias\/wp-content\/uploads\/2025\/05\/renovables-Espana-650x368.jpg 650w, https:\/\/candas365.es\/noticias\/wp-content\/uploads\/2025\/05\/renovables-Espana-360x204.jpg 360w, https:\/\/candas365.es\/noticias\/wp-content\/uploads\/2025\/05\/renovables-Espana-768x435.jpg 768w, https:\/\/candas365.es\/noticias\/wp-content\/uploads\/2025\/05\/renovables-Espana-150x85.jpg 150w, https:\/\/candas365.es\/noticias\/wp-content\/uploads\/2025\/05\/renovables-Espana-450x255.jpg 450w, https:\/\/candas365.es\/noticias\/wp-content\/uploads\/2025\/05\/renovables-Espana.jpg 1107w\" sizes=\"(max-width: 650px) 100vw, 650px\" \/><figcaption id=\"caption-attachment-186316\" class=\"wp-caption-text\">Paneles solares | Foto de 123RF\/nachai<\/figcaption><\/figure>\n<p>As\u00ed lo pone de manifiesto un informe del Observatorio de Energ\u00edas Renovables de Foro Sella, elaborado por Opina 360. Bajo el t\u00edtulo &#8216;\u00bfHubo exceso de renovables antes del apag\u00f3n?&#8217;, el documento analiza datos de Red El\u00e9ctrica y de la Red Europea de Operadores de Redes de Transporte de Electricidad (ENTSO-E, en ingl\u00e9s) y responde de forma contundente: \u201cNo\u201d. De esta forma, descarta que en el momento del apag\u00f3n se estuviera produciendo demasiada energ\u00eda de las fuentes verdes, especialmente de solar y e\u00f3lica.<\/p>\n<p>Seg\u00fan el informe, en la hora de la incidencia las fuentes renovables aportaban el 82,3% de la producci\u00f3n peninsular espa\u00f1ola, por debajo de Grecia (87,7%) y de Alemania (84,5%). Si solo se tienen en cuenta la solar y la e\u00f3lica, la imagen es similar. Pero hay una diferencia significativa en el caso espec\u00edfico de la solar: en Alemania estaba generando el 73,3% de su mix, m\u00e1s de 13 puntos por encima de Espa\u00f1a (60,2%).<\/p>\n<p>El an\u00e1lisis del Observatorio tambi\u00e9n indica que las circunstancias no fueron extraordinarias para las renovables. La punta renovable del d\u00eda hab\u00eda alcanzado los 27.028 MWh, todav\u00eda lejos del m\u00e1ximo horario anual que se registr\u00f3 el d\u00eda 16, con cerca de 29.500 MWh. En cuanto a la fotovoltaica, tampoco estaba en r\u00e9cord: su m\u00e1ximo del d\u00eda estaba en 18.277 MWh, frente a los m\u00e1s de 19.000 conseguidos los d\u00edas 21, 23 y 25 de abril.<\/p>\n<p>El informe subraya que superar un 80% de generaci\u00f3n renovable, como ocurr\u00eda en el momento del incidente, no era un hecho extraordinario, puesto que ese nivel se ha superado en 41 de las 2.076 horas transcurridas en el a\u00f1o. Es decir, han sido casi dos d\u00edas completos. Se da la circunstancia de que todas esas horas se localizan en abril, concretamente los d\u00edas 16 y 17 y del 21 al 24, sin que se hubieran producido incidencias en el sistema el\u00e9ctrico. Por encima del 75% se han situado en 189 horas, el 9,1% del total del periodo.<\/p>\n<p>En cuanto a la solar, el conjunto de fotovoltaicas y t\u00e9rmicas generaban a las 12:30 el 59,7% de la electricidad peninsular, pero ya hab\u00edan superado el 60% en diversas horas a lo largo de los d\u00edas 21, 23, 24 y 25 de abril. Precisamente en este \u00faltimo se marc\u00f3 un r\u00e9cord del 63,5%.<\/p>\n<h2>REFORZAR EL MODELO<\/h2>\n<p>\u201cLas renovables tuvieron un peso elevado en la producci\u00f3n durante la ma\u00f1ana del 28, pero no era algo excepcional, porque ya se hab\u00edan alcanzado cifras superiores con normalidad. Los datos reflejan que las renovables pueden alcanzar niveles muy altos de aportaci\u00f3n sin poner en riesgo el sistema el\u00e9ctrico, como estamos viendo en otros pa\u00edses. Tenemos el ejemplo de Alemania, un pa\u00eds con gran protagonismo de la fotovoltaica, pero tambi\u00e9n el de Grecia\u201d, explic\u00f3 el director de Opina 360, Juan Francisco Caro.<\/p>\n<p>\u201cLa respuesta a la crisis deber\u00eda ser reforzar nuestro modelo energ\u00e9tico actual, con un plan que haga frente a los retos del sistema. Por ejemplo, revisar los requisitos t\u00e9cnicos de operaci\u00f3n y los dispositivos de control, invertir m\u00e1s en redes interiores y en conexiones internacionales o acelerar la implantaci\u00f3n de bater\u00edas, entre otras medidas. Se trata de garantizar la incorporaci\u00f3n de las nuevas fuentes de la forma m\u00e1s adecuada para avanzar con seguridad en los objetivos de transici\u00f3n energ\u00e9tica\u201d, manifest\u00f3 Caro.<\/p>\n<p>(<a href=\"https:\/\/www.servimedia.es\/\" target=\"_blank\" rel=\"noopener\"><span style=\"color: #ff6600;\"><strong>SERVIMEDIA<\/strong><\/span><\/a>)<\/p>\n","protected":false},"excerpt":{"rendered":"<p>Las energ\u00edas renovables se mantuvieron por debajo de sus m\u00e1ximos durante cuando se produjo el apag\u00f3n total del pa\u00eds, tanto en su volumen de generaci\u00f3n como en su nivel de aportaci\u00f3n al sistema el\u00e9ctrico. Adem\u00e1s, su peso en el conjunto era inferior al que se estaba registrando a la misma hora en pa\u00edses como Alemania.<\/p>\n","protected":false},"author":1,"featured_media":186316,"comment_status":"closed","ping_status":"closed","sticky":false,"template":"","format":"standard","meta":{"footnotes":""},"categories":[316,486],"tags":[437,466],"class_list":{"0":"post-186315","1":"post","2":"type-post","3":"status-publish","4":"format-standard","5":"has-post-thumbnail","7":"category-destacadas","8":"category-economia","9":"tag-economia","10":"tag-espana"},"aioseo_notices":[],"aioseo_head":"\n\t\t<!-- All in One SEO Pro 4.9.6.2 - aioseo.com -->\n\t<meta name=\"description\" content=\"Las energ\u00edas renovables se mantuvieron por debajo de sus m\u00e1ximos durante cuando se produjo el apag\u00f3n total del pa\u00eds, tanto en su volumen de generaci\u00f3n\" \/>\n\t<meta name=\"robots\" content=\"max-image-preview:large\" \/>\n\t<meta name=\"author\" content=\"Cand\u00e1s 365\"\/>\n\t<meta name=\"google-site-verification\" content=\"UA-32230408-1\" \/>\n\t<meta name=\"msvalidate.01\" content=\"354F3CDFB2DA171B47FBE9ABF1F88D5\" \/>\n\t<meta name=\"keywords\" content=\"destacadas,econom\u00eda\" \/>\n\t<link rel=\"canonical\" href=\"https:\/\/candas365.es\/noticias\/apagon-en-espana-datos-sobre-las-renovables\/\" \/>\n\t<meta name=\"generator\" content=\"All in One SEO Pro (AIOSEO) 4.9.6.2\" \/>\n\t\t<meta property=\"og:locale\" content=\"es_ES\" \/>\n\t\t<meta property=\"og:site_name\" content=\"Cand\u00e1s 365\" \/>\n\t\t<meta property=\"og:type\" content=\"article\" \/>\n\t\t<meta property=\"og:title\" content=\"Apag\u00f3n en Espa\u00f1a: Datos sobre las renovables | Cand\u00e1s 365\" \/>\n\t\t<meta property=\"og:description\" content=\"Las energ\u00edas renovables se mantuvieron por debajo de sus m\u00e1ximos durante cuando se produjo el apag\u00f3n total del pa\u00eds, tanto en su volumen de generaci\u00f3n\" \/>\n\t\t<meta property=\"og:url\" content=\"https:\/\/candas365.es\/noticias\/apagon-en-espana-datos-sobre-las-renovables\/\" \/>\n\t\t<meta property=\"og:image\" content=\"https:\/\/candas365.es\/noticias\/wp-content\/uploads\/2025\/05\/renovables-Espana.jpg\" \/>\n\t\t<meta property=\"og:image:secure_url\" content=\"https:\/\/candas365.es\/noticias\/wp-content\/uploads\/2025\/05\/renovables-Espana.jpg\" \/>\n\t\t<meta property=\"og:image:width\" content=\"1107\" \/>\n\t\t<meta property=\"og:image:height\" content=\"627\" \/>\n\t\t<meta property=\"article:published_time\" content=\"2025-05-05T09:52:35+00:00\" \/>\n\t\t<meta property=\"article:modified_time\" content=\"2025-05-05T09:52:35+00:00\" \/>\n\t\t<meta property=\"article:publisher\" content=\"https:\/\/www.facebook.com\/Nachofdezber\" \/>\n\t\t<meta property=\"article:author\" content=\"https:\/\/www.facebook.com\/carrenoactualidad\" \/>\n\t\t<meta name=\"twitter:card\" content=\"summary_large_image\" \/>\n\t\t<meta name=\"twitter:site\" content=\"@NabercoDigital\" \/>\n\t\t<meta name=\"twitter:title\" content=\"Apag\u00f3n en Espa\u00f1a: Datos sobre las renovables | Cand\u00e1s 365\" \/>\n\t\t<meta name=\"twitter:description\" content=\"Las energ\u00edas renovables se mantuvieron por debajo de sus m\u00e1ximos durante cuando se produjo el apag\u00f3n total del pa\u00eds, tanto en su volumen de generaci\u00f3n\" \/>\n\t\t<meta name=\"twitter:creator\" content=\"@nbasturias\" \/>\n\t\t<meta name=\"twitter:image\" content=\"https:\/\/candas365.es\/noticias\/wp-content\/uploads\/2025\/05\/renovables-Espana.jpg\" \/>\n\t\t<meta name=\"twitter:label1\" content=\"Escrito por\" \/>\n\t\t<meta name=\"twitter:data1\" content=\"Cand\u00e1s 365\" \/>\n\t\t<meta name=\"twitter:label2\" content=\"Tiempo de lectura estimado\" \/>\n\t\t<meta name=\"twitter:data2\" content=\"3 minutos\" \/>\n\t\t<script type=\"application\/ld+json\" class=\"aioseo-schema\">\n\t\t\t{\"@context\":\"https:\\\/\\\/schema.org\",\"@graph\":[{\"@type\":\"BreadcrumbList\",\"@id\":\"https:\\\/\\\/candas365.es\\\/noticias\\\/apagon-en-espana-datos-sobre-las-renovables\\\/#breadcrumblist\",\"itemListElement\":[{\"@type\":\"ListItem\",\"@id\":\"https:\\\/\\\/candas365.es\\\/noticias#listItem\",\"position\":1,\"name\":\"Home\",\"item\":\"https:\\\/\\\/candas365.es\\\/noticias\",\"nextItem\":{\"@type\":\"ListItem\",\"@id\":\"https:\\\/\\\/candas365.es\\\/noticias\\\/category\\\/destacadas\\\/#listItem\",\"name\":\"Destacadas\"}},{\"@type\":\"ListItem\",\"@id\":\"https:\\\/\\\/candas365.es\\\/noticias\\\/category\\\/destacadas\\\/#listItem\",\"position\":2,\"name\":\"Destacadas\",\"item\":\"https:\\\/\\\/candas365.es\\\/noticias\\\/category\\\/destacadas\\\/\",\"nextItem\":{\"@type\":\"ListItem\",\"@id\":\"https:\\\/\\\/candas365.es\\\/noticias\\\/apagon-en-espana-datos-sobre-las-renovables\\\/#listItem\",\"name\":\"Apag\\u00f3n en Espa\\u00f1a: Datos sobre las renovables\"},\"previousItem\":{\"@type\":\"ListItem\",\"@id\":\"https:\\\/\\\/candas365.es\\\/noticias#listItem\",\"name\":\"Home\"}},{\"@type\":\"ListItem\",\"@id\":\"https:\\\/\\\/candas365.es\\\/noticias\\\/apagon-en-espana-datos-sobre-las-renovables\\\/#listItem\",\"position\":3,\"name\":\"Apag\\u00f3n en Espa\\u00f1a: Datos sobre las renovables\",\"previousItem\":{\"@type\":\"ListItem\",\"@id\":\"https:\\\/\\\/candas365.es\\\/noticias\\\/category\\\/destacadas\\\/#listItem\",\"name\":\"Destacadas\"}}]},{\"@type\":\"NewsArticle\",\"@id\":\"https:\\\/\\\/candas365.es\\\/noticias\\\/apagon-en-espana-datos-sobre-las-renovables\\\/#newsarticle\",\"name\":\"Apag\\u00f3n en Espa\\u00f1a: Datos sobre las renovables | Cand\\u00e1s 365\",\"headline\":\"Apag\\u00f3n en Espa\\u00f1a: Datos sobre las renovables\",\"author\":{\"@id\":\"https:\\\/\\\/candas365.es\\\/noticias\\\/author\\\/admin\\\/#author\"},\"publisher\":{\"@id\":\"https:\\\/\\\/candas365.es\\\/noticias\\\/#organization\"},\"image\":{\"@type\":\"ImageObject\",\"url\":\"https:\\\/\\\/candas365.es\\\/noticias\\\/wp-content\\\/uploads\\\/2025\\\/05\\\/renovables-Espana.jpg\",\"width\":1107,\"height\":627,\"caption\":\"Paneles solares | Foto de 123RF\\\/nachai\"},\"datePublished\":\"2025-05-05T11:52:35+02:00\",\"dateModified\":\"2025-05-05T11:52:35+02:00\",\"inLanguage\":\"es-ES\",\"mainEntityOfPage\":{\"@id\":\"https:\\\/\\\/candas365.es\\\/noticias\\\/apagon-en-espana-datos-sobre-las-renovables\\\/#webpage\"},\"isPartOf\":{\"@id\":\"https:\\\/\\\/candas365.es\\\/noticias\\\/apagon-en-espana-datos-sobre-las-renovables\\\/#webpage\"},\"articleSection\":\"Destacadas, Econom\\u00eda, Econom\\u00eda, Espa\\u00f1a\",\"dateline\":\"Publicado el mayo 5, 2025.\"},{\"@type\":\"Organization\",\"@id\":\"https:\\\/\\\/candas365.es\\\/noticias\\\/#organization\",\"name\":\"Cand\\u00e1s 365\",\"description\":\"Cand\\u00e1s 365 es un diario digital independiente, fundado en 2012, con base en Asturias. Informamos con rigor sobre actualidad, sociedad, cultura y ocio, con una mirada local y global.\",\"url\":\"https:\\\/\\\/candas365.es\\\/noticias\\\/\",\"email\":\"info@candas365.es\",\"telephone\":\"+34652131393\",\"foundingDate\":\"2012-06-10\",\"logo\":{\"@type\":\"ImageObject\",\"url\":\"https:\\\/\\\/candas365.es\\\/noticias\\\/wp-content\\\/uploads\\\/2024\\\/09\\\/Candas-365-Redes.jpg\",\"@id\":\"https:\\\/\\\/candas365.es\\\/noticias\\\/apagon-en-espana-datos-sobre-las-renovables\\\/#organizationLogo\",\"width\":1152,\"height\":864,\"caption\":\"Cand\\u00e1s 365 Redes\"},\"image\":{\"@id\":\"https:\\\/\\\/candas365.es\\\/noticias\\\/apagon-en-espana-datos-sobre-las-renovables\\\/#organizationLogo\"},\"sameAs\":[\"https:\\\/\\\/www.facebook.com\\\/Nachofdezber\",\"https:\\\/\\\/x.com\\\/NabercoDigital\",\"https:\\\/\\\/www.instagram.com\\\/nachofdezber\\\/\",\"https:\\\/\\\/www.youtube.com\\\/channel\\\/UCZP-2wLEB9Rv6erhFmqVnvg\"],\"address\":{\"@id\":\"https:\\\/\\\/candas365.es\\\/noticias\\\/#postaladdress\",\"@type\":\"PostalAddress\",\"streetAddress\":\"san antonio 4, san antonio 4\",\"postalCode\":\"33430\",\"addressLocality\":\"Cand\\u00e1s\",\"addressRegion\":\"Asturias\",\"addressCountry\":\"ES\"}},{\"@type\":\"Person\",\"@id\":\"https:\\\/\\\/candas365.es\\\/noticias\\\/author\\\/admin\\\/#author\",\"url\":\"https:\\\/\\\/candas365.es\\\/noticias\\\/author\\\/admin\\\/\",\"name\":\"Cand\\u00e1s 365\",\"image\":{\"@type\":\"ImageObject\",\"@id\":\"https:\\\/\\\/candas365.es\\\/noticias\\\/apagon-en-espana-datos-sobre-las-renovables\\\/#authorImage\",\"url\":\"https:\\\/\\\/secure.gravatar.com\\\/avatar\\\/496a8e03d0c493ede1718b7934145dbdf8d89be1036b0eec9544e1094c9de390?s=96&d=mm&r=g\",\"width\":96,\"height\":96,\"caption\":\"Cand\\u00e1s 365\"},\"sameAs\":[\"https:\\\/\\\/www.facebook.com\\\/carrenoactualidad\",\"https:\\\/\\\/twitter.com\\\/nbasturias\",\"https:\\\/\\\/www.instagram.com\\\/nachofdezber\\\/\",\"https:\\\/\\\/www.youtube.com\\\/channel\\\/UCZP-2wLEB9Rv6erhFmqVnvg\"]},{\"@type\":\"WebPage\",\"@id\":\"https:\\\/\\\/candas365.es\\\/noticias\\\/apagon-en-espana-datos-sobre-las-renovables\\\/#webpage\",\"url\":\"https:\\\/\\\/candas365.es\\\/noticias\\\/apagon-en-espana-datos-sobre-las-renovables\\\/\",\"name\":\"Apag\\u00f3n en Espa\\u00f1a: Datos sobre las renovables | Cand\\u00e1s 365\",\"description\":\"Las energ\\u00edas renovables se mantuvieron por debajo de sus m\\u00e1ximos durante cuando se produjo el apag\\u00f3n total del pa\\u00eds, tanto en su volumen de generaci\\u00f3n\",\"inLanguage\":\"es-ES\",\"isPartOf\":{\"@id\":\"https:\\\/\\\/candas365.es\\\/noticias\\\/#website\"},\"breadcrumb\":{\"@id\":\"https:\\\/\\\/candas365.es\\\/noticias\\\/apagon-en-espana-datos-sobre-las-renovables\\\/#breadcrumblist\"},\"author\":{\"@id\":\"https:\\\/\\\/candas365.es\\\/noticias\\\/author\\\/admin\\\/#author\"},\"creator\":{\"@id\":\"https:\\\/\\\/candas365.es\\\/noticias\\\/author\\\/admin\\\/#author\"},\"image\":{\"@type\":\"ImageObject\",\"url\":\"https:\\\/\\\/candas365.es\\\/noticias\\\/wp-content\\\/uploads\\\/2025\\\/05\\\/renovables-Espana.jpg\",\"@id\":\"https:\\\/\\\/candas365.es\\\/noticias\\\/apagon-en-espana-datos-sobre-las-renovables\\\/#mainImage\",\"width\":1107,\"height\":627,\"caption\":\"Paneles solares | Foto de 123RF\\\/nachai\"},\"primaryImageOfPage\":{\"@id\":\"https:\\\/\\\/candas365.es\\\/noticias\\\/apagon-en-espana-datos-sobre-las-renovables\\\/#mainImage\"},\"datePublished\":\"2025-05-05T11:52:35+02:00\",\"dateModified\":\"2025-05-05T11:52:35+02:00\"},{\"@type\":\"WebSite\",\"@id\":\"https:\\\/\\\/candas365.es\\\/noticias\\\/#website\",\"url\":\"https:\\\/\\\/candas365.es\\\/noticias\\\/\",\"name\":\"Cand\\u00e1s 365\",\"alternateName\":\"Cand\\u00e1s 365 Noticias\",\"description\":\"Actualidad desde Carre\\u00f1o para el mundo\",\"inLanguage\":\"es-ES\",\"publisher\":{\"@id\":\"https:\\\/\\\/candas365.es\\\/noticias\\\/#organization\"}}]}\n\t\t<\/script>\n\t\t<!-- All in One SEO Pro -->\r\n\t\t<title>Apag\u00f3n en Espa\u00f1a: Datos sobre las renovables | Cand\u00e1s 365<\/title>\n\n","aioseo_head_json":{"title":"Apag\u00f3n en Espa\u00f1a: Datos sobre las renovables | Cand\u00e1s 365","description":"Las energ\u00edas renovables se mantuvieron por debajo de sus m\u00e1ximos durante cuando se produjo el apag\u00f3n total del pa\u00eds, tanto en su volumen de generaci\u00f3n","canonical_url":"https:\/\/candas365.es\/noticias\/apagon-en-espana-datos-sobre-las-renovables\/","robots":"max-image-preview:large","keywords":"destacadas,econom\u00eda","webmasterTools":{"google-site-verification":"UA-32230408-1","msvalidate.01":"354F3CDFB2DA171B47FBE9ABF1F88D5","miscellaneous":""},"schema":{"@context":"https:\/\/schema.org","@graph":[{"@type":"BreadcrumbList","@id":"https:\/\/candas365.es\/noticias\/apagon-en-espana-datos-sobre-las-renovables\/#breadcrumblist","itemListElement":[{"@type":"ListItem","@id":"https:\/\/candas365.es\/noticias#listItem","position":1,"name":"Home","item":"https:\/\/candas365.es\/noticias","nextItem":{"@type":"ListItem","@id":"https:\/\/candas365.es\/noticias\/category\/destacadas\/#listItem","name":"Destacadas"}},{"@type":"ListItem","@id":"https:\/\/candas365.es\/noticias\/category\/destacadas\/#listItem","position":2,"name":"Destacadas","item":"https:\/\/candas365.es\/noticias\/category\/destacadas\/","nextItem":{"@type":"ListItem","@id":"https:\/\/candas365.es\/noticias\/apagon-en-espana-datos-sobre-las-renovables\/#listItem","name":"Apag\u00f3n en Espa\u00f1a: Datos sobre las renovables"},"previousItem":{"@type":"ListItem","@id":"https:\/\/candas365.es\/noticias#listItem","name":"Home"}},{"@type":"ListItem","@id":"https:\/\/candas365.es\/noticias\/apagon-en-espana-datos-sobre-las-renovables\/#listItem","position":3,"name":"Apag\u00f3n en Espa\u00f1a: Datos sobre las renovables","previousItem":{"@type":"ListItem","@id":"https:\/\/candas365.es\/noticias\/category\/destacadas\/#listItem","name":"Destacadas"}}]},{"@type":"NewsArticle","@id":"https:\/\/candas365.es\/noticias\/apagon-en-espana-datos-sobre-las-renovables\/#newsarticle","name":"Apag\u00f3n en Espa\u00f1a: Datos sobre las renovables | Cand\u00e1s 365","headline":"Apag\u00f3n en Espa\u00f1a: Datos sobre las renovables","author":{"@id":"https:\/\/candas365.es\/noticias\/author\/admin\/#author"},"publisher":{"@id":"https:\/\/candas365.es\/noticias\/#organization"},"image":{"@type":"ImageObject","url":"https:\/\/candas365.es\/noticias\/wp-content\/uploads\/2025\/05\/renovables-Espana.jpg","width":1107,"height":627,"caption":"Paneles solares | Foto de 123RF\/nachai"},"datePublished":"2025-05-05T11:52:35+02:00","dateModified":"2025-05-05T11:52:35+02:00","inLanguage":"es-ES","mainEntityOfPage":{"@id":"https:\/\/candas365.es\/noticias\/apagon-en-espana-datos-sobre-las-renovables\/#webpage"},"isPartOf":{"@id":"https:\/\/candas365.es\/noticias\/apagon-en-espana-datos-sobre-las-renovables\/#webpage"},"articleSection":"Destacadas, Econom\u00eda, Econom\u00eda, Espa\u00f1a","dateline":"Publicado el mayo 5, 2025."},{"@type":"Organization","@id":"https:\/\/candas365.es\/noticias\/#organization","name":"Cand\u00e1s 365","description":"Cand\u00e1s 365 es un diario digital independiente, fundado en 2012, con base en Asturias. Informamos con rigor sobre actualidad, sociedad, cultura y ocio, con una mirada local y global.","url":"https:\/\/candas365.es\/noticias\/","email":"info@candas365.es","telephone":"+34652131393","foundingDate":"2012-06-10","logo":{"@type":"ImageObject","url":"https:\/\/candas365.es\/noticias\/wp-content\/uploads\/2024\/09\/Candas-365-Redes.jpg","@id":"https:\/\/candas365.es\/noticias\/apagon-en-espana-datos-sobre-las-renovables\/#organizationLogo","width":1152,"height":864,"caption":"Cand\u00e1s 365 Redes"},"image":{"@id":"https:\/\/candas365.es\/noticias\/apagon-en-espana-datos-sobre-las-renovables\/#organizationLogo"},"sameAs":["https:\/\/www.facebook.com\/Nachofdezber","https:\/\/x.com\/NabercoDigital","https:\/\/www.instagram.com\/nachofdezber\/","https:\/\/www.youtube.com\/channel\/UCZP-2wLEB9Rv6erhFmqVnvg"],"address":{"@id":"https:\/\/candas365.es\/noticias\/#postaladdress","@type":"PostalAddress","streetAddress":"san antonio 4, san antonio 4","postalCode":"33430","addressLocality":"Cand\u00e1s","addressRegion":"Asturias","addressCountry":"ES"}},{"@type":"Person","@id":"https:\/\/candas365.es\/noticias\/author\/admin\/#author","url":"https:\/\/candas365.es\/noticias\/author\/admin\/","name":"Cand\u00e1s 365","image":{"@type":"ImageObject","@id":"https:\/\/candas365.es\/noticias\/apagon-en-espana-datos-sobre-las-renovables\/#authorImage","url":"https:\/\/secure.gravatar.com\/avatar\/496a8e03d0c493ede1718b7934145dbdf8d89be1036b0eec9544e1094c9de390?s=96&d=mm&r=g","width":96,"height":96,"caption":"Cand\u00e1s 365"},"sameAs":["https:\/\/www.facebook.com\/carrenoactualidad","https:\/\/twitter.com\/nbasturias","https:\/\/www.instagram.com\/nachofdezber\/","https:\/\/www.youtube.com\/channel\/UCZP-2wLEB9Rv6erhFmqVnvg"]},{"@type":"WebPage","@id":"https:\/\/candas365.es\/noticias\/apagon-en-espana-datos-sobre-las-renovables\/#webpage","url":"https:\/\/candas365.es\/noticias\/apagon-en-espana-datos-sobre-las-renovables\/","name":"Apag\u00f3n en Espa\u00f1a: Datos sobre las renovables | Cand\u00e1s 365","description":"Las energ\u00edas renovables se mantuvieron por debajo de sus m\u00e1ximos durante cuando se produjo el apag\u00f3n total del pa\u00eds, tanto en su volumen de generaci\u00f3n","inLanguage":"es-ES","isPartOf":{"@id":"https:\/\/candas365.es\/noticias\/#website"},"breadcrumb":{"@id":"https:\/\/candas365.es\/noticias\/apagon-en-espana-datos-sobre-las-renovables\/#breadcrumblist"},"author":{"@id":"https:\/\/candas365.es\/noticias\/author\/admin\/#author"},"creator":{"@id":"https:\/\/candas365.es\/noticias\/author\/admin\/#author"},"image":{"@type":"ImageObject","url":"https:\/\/candas365.es\/noticias\/wp-content\/uploads\/2025\/05\/renovables-Espana.jpg","@id":"https:\/\/candas365.es\/noticias\/apagon-en-espana-datos-sobre-las-renovables\/#mainImage","width":1107,"height":627,"caption":"Paneles solares | Foto de 123RF\/nachai"},"primaryImageOfPage":{"@id":"https:\/\/candas365.es\/noticias\/apagon-en-espana-datos-sobre-las-renovables\/#mainImage"},"datePublished":"2025-05-05T11:52:35+02:00","dateModified":"2025-05-05T11:52:35+02:00"},{"@type":"WebSite","@id":"https:\/\/candas365.es\/noticias\/#website","url":"https:\/\/candas365.es\/noticias\/","name":"Cand\u00e1s 365","alternateName":"Cand\u00e1s 365 Noticias","description":"Actualidad desde Carre\u00f1o para el mundo","inLanguage":"es-ES","publisher":{"@id":"https:\/\/candas365.es\/noticias\/#organization"}}]},"og:locale":"es_ES","og:site_name":"Cand\u00e1s 365","og:type":"article","og:title":"Apag\u00f3n en Espa\u00f1a: Datos sobre las renovables | Cand\u00e1s 365","og:description":"Las energ\u00edas renovables se mantuvieron por debajo de sus m\u00e1ximos durante cuando se produjo el apag\u00f3n total del pa\u00eds, tanto en su volumen de generaci\u00f3n","og:url":"https:\/\/candas365.es\/noticias\/apagon-en-espana-datos-sobre-las-renovables\/","og:image":"https:\/\/candas365.es\/noticias\/wp-content\/uploads\/2025\/05\/renovables-Espana.jpg","og:image:secure_url":"https:\/\/candas365.es\/noticias\/wp-content\/uploads\/2025\/05\/renovables-Espana.jpg","og:image:width":1107,"og:image:height":627,"article:published_time":"2025-05-05T09:52:35+00:00","article:modified_time":"2025-05-05T09:52:35+00:00","article:publisher":"https:\/\/www.facebook.com\/Nachofdezber","article:author":"https:\/\/www.facebook.com\/carrenoactualidad","twitter:card":"summary_large_image","twitter:site":"@NabercoDigital","twitter:title":"Apag\u00f3n en Espa\u00f1a: Datos sobre las renovables | Cand\u00e1s 365","twitter:description":"Las energ\u00edas renovables se mantuvieron por debajo de sus m\u00e1ximos durante cuando se produjo el apag\u00f3n total del pa\u00eds, tanto en su volumen de generaci\u00f3n","twitter:creator":"@nbasturias","twitter:image":"https:\/\/candas365.es\/noticias\/wp-content\/uploads\/2025\/05\/renovables-Espana.jpg","twitter:label1":"Escrito por","twitter:data1":"Cand\u00e1s 365","twitter:label2":"Tiempo de lectura estimado","twitter:data2":"3 minutos"},"aioseo_meta_data":{"post_id":"186315","title":null,"description":"Las energ\u00edas renovables se mantuvieron por debajo de sus m\u00e1ximos durante cuando se produjo el apag\u00f3n total del pa\u00eds, tanto en su volumen de generaci\u00f3n","keywords":null,"keyphrases":{"focus":{"keyphrase":"renovables","score":91,"analysis":{"keyphraseInTitle":{"score":9,"maxScore":9,"error":0},"keyphraseInDescription":{"score":9,"maxScore":9,"error":0},"keyphraseLength":{"score":9,"maxScore":9,"error":0,"length":1},"keyphraseInURL":{"score":5,"maxScore":5,"error":0},"keyphraseInIntroduction":{"score":9,"maxScore":9,"error":0},"keyphraseInSubHeadings":{"score":3,"maxScore":9,"error":1},"keyphraseInImageAlt":{"score":9,"maxScore":9,"error":0},"keywordDensity":{"type":"best","score":9,"maxScore":9,"error":0}}},"additional":[{"keyphrase":"renovables","score":100,"analysis":{"keyphraseInDescription":{"score":9,"maxScore":9,"error":0},"keyphraseLength":{"score":9,"maxScore":9,"error":0,"length":1},"keyphraseInIntroduction":{"score":9,"maxScore":9,"error":0},"keyphraseInImageAlt":{"score":9,"maxScore":9,"error":0},"keywordDensity":{"type":"best","score":9,"maxScore":9,"error":0}}}]},"primary_term":null,"canonical_url":null,"og_title":null,"og_description":null,"og_object_type":"default","og_image_type":"default","og_image_url":null,"og_image_width":null,"og_image_height":null,"og_image_custom_url":null,"og_image_custom_fields":null,"og_video":"","og_custom_url":null,"og_article_section":null,"og_article_tags":null,"twitter_use_og":false,"twitter_card":"default","twitter_image_type":"default","twitter_image_url":null,"twitter_image_custom_url":null,"twitter_image_custom_fields":null,"twitter_title":null,"twitter_description":null,"schema":{"blockGraphs":[],"customGraphs":[],"default":{"data":{"Article":[],"Course":[],"Dataset":[],"FAQPage":[],"Movie":[],"Person":[],"Product":[],"ProductReview":[],"Car":[],"Recipe":[],"Service":[],"SoftwareApplication":[],"WebPage":[]},"graphName":"Article","isEnabled":true},"graphs":[]},"schema_type":"default","schema_type_options":null,"pillar_content":false,"robots_default":true,"robots_noindex":false,"robots_noarchive":false,"robots_nosnippet":false,"robots_nofollow":false,"robots_noimageindex":false,"robots_noodp":false,"robots_notranslate":false,"robots_max_snippet":"-1","robots_max_videopreview":"-1","robots_max_imagepreview":"large","priority":null,"frequency":"default","location":null,"local_seo":null,"seo_analyzer_scan_date":"2025-09-03 12:29:18","breadcrumb_settings":null,"limit_modified_date":false,"reviewed_by":null,"open_ai":"{\"title\":{\"suggestions\":[],\"usage\":0},\"description\":{\"suggestions\":[],\"usage\":0}}","ai":null,"created":"2025-05-05 09:45:56","updated":"2025-09-03 12:29:18"},"aioseo_breadcrumb":"<div class=\"aioseo-breadcrumbs\"><span class=\"aioseo-breadcrumb\">\n\t<a href=\"https:\/\/candas365.es\/noticias\" title=\"Home\">Home<\/a>\n<\/span><span class=\"aioseo-breadcrumb-separator\">&ndash;<\/span><span class=\"aioseo-breadcrumb\">\n\t<a href=\"https:\/\/candas365.es\/noticias\/category\/destacadas\/\" title=\"Destacadas\">Destacadas<\/a>\n<\/span><span class=\"aioseo-breadcrumb-separator\">&ndash;<\/span><span class=\"aioseo-breadcrumb\">\n\tApag\u00f3n en Espa\u00f1a: Datos sobre las renovables\n<\/span><\/div>","aioseo_breadcrumb_json":[{"label":"Home","link":"https:\/\/candas365.es\/noticias"},{"label":"Destacadas","link":"https:\/\/candas365.es\/noticias\/category\/destacadas\/"},{"label":"Apag\u00f3n en Espa\u00f1a: Datos sobre las renovables","link":"https:\/\/candas365.es\/noticias\/apagon-en-espana-datos-sobre-las-renovables\/"}],"_links":{"self":[{"href":"https:\/\/candas365.es\/noticias\/wp-json\/wp\/v2\/posts\/186315","targetHints":{"allow":["GET"]}}],"collection":[{"href":"https:\/\/candas365.es\/noticias\/wp-json\/wp\/v2\/posts"}],"about":[{"href":"https:\/\/candas365.es\/noticias\/wp-json\/wp\/v2\/types\/post"}],"author":[{"embeddable":true,"href":"https:\/\/candas365.es\/noticias\/wp-json\/wp\/v2\/users\/1"}],"replies":[{"embeddable":true,"href":"https:\/\/candas365.es\/noticias\/wp-json\/wp\/v2\/comments?post=186315"}],"version-history":[{"count":0,"href":"https:\/\/candas365.es\/noticias\/wp-json\/wp\/v2\/posts\/186315\/revisions"}],"wp:featuredmedia":[{"embeddable":true,"href":"https:\/\/candas365.es\/noticias\/wp-json\/wp\/v2\/media\/186316"}],"wp:attachment":[{"href":"https:\/\/candas365.es\/noticias\/wp-json\/wp\/v2\/media?parent=186315"}],"wp:term":[{"taxonomy":"category","embeddable":true,"href":"https:\/\/candas365.es\/noticias\/wp-json\/wp\/v2\/categories?post=186315"},{"taxonomy":"post_tag","embeddable":true,"href":"https:\/\/candas365.es\/noticias\/wp-json\/wp\/v2\/tags?post=186315"}],"curies":[{"name":"wp","href":"https:\/\/api.w.org\/{rel}","templated":true}]}}