{"id":186281,"date":"2025-05-02T07:35:24","date_gmt":"2025-05-02T05:35:24","guid":{"rendered":"https:\/\/candas365.es\/noticias\/?p=186281"},"modified":"2025-05-02T07:35:24","modified_gmt":"2025-05-02T05:35:24","slug":"las-ventajas-de-la-formacion-y-perfeccionamiento-en-el-sector-de-la-peluqueria","status":"publish","type":"post","link":"https:\/\/candas365.es\/noticias\/las-ventajas-de-la-formacion-y-perfeccionamiento-en-el-sector-de-la-peluqueria\/","title":{"rendered":"Las ventajas de la formaci\u00f3n y perfeccionamiento en el sector de la peluquer\u00eda"},"content":{"rendered":"<p>Tanto la formaci\u00f3n como acceder a un <a title=\"Curso de perfeccionamiento de peluquer\u00eda\" href=\"https:\/\/www.academiacasanova.com\/cursos\/cursos-peluqueria\/cursos-de-peluqueria-corta-duracion\/\" target=\"_blank\" rel=\"noopener\"><span style=\"color: #ff6600;\"><strong>curso de perfeccionamiento de peluquer\u00eda<\/strong><\/span><\/a> ofrece muchas ventajas a los <strong>profesionales del sector<\/strong> y a todas aquellas personas que quieran aprender nuevas t\u00e9cnicas o quieran emprender una nueva aventura profesional. <strong>El mundo de la moda, la belleza y de la peluquer\u00eda ha evolucionado<\/strong>, y por tanto hay que estar al d\u00eda para poder ofrecer a los clientes nuevos servicios, <strong>conocer tendencias y mejorar las habilidades profesionales.<\/strong><\/p>\n<figure id=\"attachment_186282\" aria-describedby=\"caption-attachment-186282\" style=\"width: 650px\" class=\"wp-caption aligncenter\"><img fetchpriority=\"high\" decoding=\"async\" class=\"size-large wp-image-186282\" src=\"https:\/\/candas365.es\/noticias\/wp-content\/uploads\/2025\/05\/perfeccionamiento-en-el-sector-de-la-peluqueria-650x431.jpg\" alt=\"perfeccionamiento en el sector de la peluquer\u00eda \" width=\"650\" height=\"431\" srcset=\"https:\/\/candas365.es\/noticias\/wp-content\/uploads\/2025\/05\/perfeccionamiento-en-el-sector-de-la-peluqueria-650x431.jpg 650w, https:\/\/candas365.es\/noticias\/wp-content\/uploads\/2025\/05\/perfeccionamiento-en-el-sector-de-la-peluqueria-360x239.jpg 360w, https:\/\/candas365.es\/noticias\/wp-content\/uploads\/2025\/05\/perfeccionamiento-en-el-sector-de-la-peluqueria-768x509.jpg 768w, https:\/\/candas365.es\/noticias\/wp-content\/uploads\/2025\/05\/perfeccionamiento-en-el-sector-de-la-peluqueria-150x99.jpg 150w, https:\/\/candas365.es\/noticias\/wp-content\/uploads\/2025\/05\/perfeccionamiento-en-el-sector-de-la-peluqueria-450x298.jpg 450w, https:\/\/candas365.es\/noticias\/wp-content\/uploads\/2025\/05\/perfeccionamiento-en-el-sector-de-la-peluqueria.jpg 994w\" sizes=\"(max-width: 650px) 100vw, 650px\" \/><figcaption id=\"caption-attachment-186282\" class=\"wp-caption-text\">Foto: 123rf.com<\/figcaption><\/figure>\n<h2>Ventajas de formarse en peluquer\u00eda<\/h2>\n<p><strong>Formarse en el sector de la peluquer\u00eda ofrece muchas ventajas, por ejemplo ayuda a ser mucho m\u00e1s creativos y desarrollarse profesionalmente<\/strong>, todos los expertos coinciden en algo y es que el aprendizaje en peluquer\u00eda permite a las personas desarrollar su creatividad. Cada corte de pelo o peinado es una obra de arte personalizada, lo que permite expresar ideas y estilos \u00fanicos. Esta profesi\u00f3n adem\u00e1s ofrece la posibilidad de reinventar constantemente t\u00e9cnicas y estilos, adapt\u00e1ndose a las tendencias y, a la vez, marcando la diferencia. <strong>Para ello hay que seguir form\u00e1ndose y realizando cursos para que esas ideas vayan cogiendo forma.<\/strong><\/p>\n<p><strong>Especializarse en diferentes cortes y peinados mejora tambi\u00e9n la gama de servicios que pueden prestarse a los clientes<\/strong>, pues el dominio de tijeras, navajas y herramientas de peluquer\u00eda, junto con un buen <strong>conocimiento de coloraci\u00f3n y tratamientos capilare<\/strong>s, hace que un peluquero se convierta en un experto en transformar la apariencia del cliente.<\/p>\n<p>Otra de las ventajas de <strong>formarse en el sector de la peluquer\u00eda<\/strong> son las relaciones personales, pues no debemos olvidar que son muchas las personas que buscan un profesional que les aporte confianza, sepa dar respuesta a sus necesidades y gustos personales y que adem\u00e1s sea su <strong>peluquero o peluquera oficial.<\/strong><\/p>\n<h2>Beneficios de especializarse<\/h2>\n<p><strong>Al especializarse en \u00e1reas espec\u00edficas, como pueden ser la coloraci\u00f3n avanzada, diferentes t\u00e9cnicas de peinados o cortes de moda se mejora el perfil profesional<\/strong> y se abren oportunidades para atender nichos de mercado espec\u00edficos. <strong>Sin ir m\u00e1s lejos a la hora de acudir a una boda o un evento son muchas las personas que recurren a las rese\u00f1as o hacen caso a los comentarios de amigos, familiares o conocidos, de ah\u00ed la importancia de formarse, conocer nuevas t\u00e9cnicas o mejorar las que ya se est\u00e1n realizando.<\/strong><\/p>\n<p>Lograr un reconocimiento en ciertas t\u00e9cnicas o estilos eleva el estatus profesional en el sector y esto puede ofrecer a los profesionales<strong> nuevas oportunidades de trabajo ya sea para eventos, desfiles de moda e incluso en el mundo del arte<\/strong>, todo depender\u00e1 de lo que uno quiera hacer o pueda hacer, pues lo importante tambi\u00e9n es atender a los clientes habituales y el negocio personal.<\/p>\n<h2>Salidas laborales<\/h2>\n<p>Cuando se realiza un buen curso y se tiene una buena formaci\u00f3n siempre <strong>es m\u00e1s sencillo poder llegar a trabajar en salones de belleza de prestigio<\/strong>, eso permite acceder a un nuevo mundo de opciones profesionales y adem\u00e1s tambi\u00e9n aporta estabilidad y oportunidades de crecimiento dentro la empresa.<\/p>\n<p>Para quienes buscan independencia y desean <strong>abrir un negocio propio<\/strong> tambi\u00e9n es necesario tener conocimientos con los que se pueda atender a los diferentes tipos de clientes; y nuevamente la<strong> formaci\u00f3n y el reciclaje profesional son importantes<\/strong> para poder emprender, e ir creando una cartera de clientes y lograr una estabilidad personal que permita conciliar la vida profesional con la personal.<\/p>\n<p>Aparte de abrir un negocio,<strong> los peluqueros tambi\u00e9n pueden trabajar de forma aut\u00f3noma ofreciendo servicios personalizados a domicilio<\/strong>, pues hoy en d\u00eda son muchas las personas mayores o la gente que le gusta que su peluquero vaya al hogar a cortar, peinar o te\u00f1ir a sus seres queridos o familia.<\/p>\n<p><strong>El sector de la peluquer\u00eda es una apuesta segura<\/strong> para todas aquellas personas que tengan las habilidades necesarias y que cuenten con una buena formaci\u00f3n, pues tal y como te hemos comentado se puede trabajar a domicilio, por cuenta propia o para otras personas.<strong> No lo dudes y mejora tus conocimientos para poder tener m\u00e1s clientes, ofrecer servicios de calidad y poder emprender o continuar en el sector.<\/strong><\/p>\n","protected":false},"excerpt":{"rendered":"<p>Tanto la formaci\u00f3n como acceder a un curso de perfeccionamiento de peluquer\u00eda ofrece muchas ventajas a los profesionales del sector y a todas aquellas personas que quieran aprender nuevas t\u00e9cnicas o quieran emprender una nueva aventura profesional. El mundo de la moda, la belleza y de la peluquer\u00eda ha evolucionado, y por tanto hay que<\/p>\n","protected":false},"author":1,"featured_media":186282,"comment_status":"closed","ping_status":"closed","sticky":false,"template":"","format":"standard","meta":{"footnotes":""},"categories":[143],"tags":[419,382],"class_list":{"0":"post-186281","1":"post","2":"type-post","3":"status-publish","4":"format-standard","5":"has-post-thumbnail","7":"category-sociedad","8":"tag-educacion","9":"tag-empleo"},"aioseo_notices":[],"aioseo_head":"\n\t\t<!-- All in One SEO Pro 4.9.6.2 - aioseo.com -->\n\t<meta name=\"description\" content=\"Tanto la formaci\u00f3n como acceder a un curso de perfeccionamiento de peluquer\u00eda ofrece muchas ventajas a los profesionales del sector y a todas aquellas personas\" \/>\n\t<meta name=\"robots\" content=\"max-image-preview:large\" \/>\n\t<meta name=\"author\" content=\"Cand\u00e1s 365\"\/>\n\t<meta name=\"google-site-verification\" content=\"UA-32230408-1\" \/>\n\t<meta name=\"msvalidate.01\" content=\"354F3CDFB2DA171B47FBE9ABF1F88D5\" \/>\n\t<meta name=\"keywords\" content=\"sociedad\" \/>\n\t<link rel=\"canonical\" href=\"https:\/\/candas365.es\/noticias\/las-ventajas-de-la-formacion-y-perfeccionamiento-en-el-sector-de-la-peluqueria\/\" \/>\n\t<meta name=\"generator\" content=\"All in One SEO Pro (AIOSEO) 4.9.6.2\" \/>\n\t\t<meta property=\"og:locale\" content=\"es_ES\" \/>\n\t\t<meta property=\"og:site_name\" content=\"Cand\u00e1s 365\" \/>\n\t\t<meta property=\"og:type\" content=\"article\" \/>\n\t\t<meta property=\"og:title\" content=\"Las ventajas de la formaci\u00f3n y perfeccionamiento en el sector de la peluquer\u00eda | Cand\u00e1s 365\" \/>\n\t\t<meta property=\"og:description\" content=\"Tanto la formaci\u00f3n como acceder a un curso de perfeccionamiento de peluquer\u00eda ofrece muchas ventajas a los profesionales del sector y a todas aquellas personas\" \/>\n\t\t<meta property=\"og:url\" content=\"https:\/\/candas365.es\/noticias\/las-ventajas-de-la-formacion-y-perfeccionamiento-en-el-sector-de-la-peluqueria\/\" \/>\n\t\t<meta property=\"og:image\" content=\"https:\/\/candas365.es\/noticias\/wp-content\/uploads\/2025\/05\/perfeccionamiento-en-el-sector-de-la-peluqueria.jpg\" \/>\n\t\t<meta property=\"og:image:secure_url\" content=\"https:\/\/candas365.es\/noticias\/wp-content\/uploads\/2025\/05\/perfeccionamiento-en-el-sector-de-la-peluqueria.jpg\" \/>\n\t\t<meta property=\"og:image:width\" content=\"994\" \/>\n\t\t<meta property=\"og:image:height\" content=\"659\" \/>\n\t\t<meta property=\"article:published_time\" content=\"2025-05-02T05:35:24+00:00\" \/>\n\t\t<meta property=\"article:modified_time\" content=\"2025-05-02T05:35:24+00:00\" \/>\n\t\t<meta property=\"article:publisher\" content=\"https:\/\/www.facebook.com\/Nachofdezber\" \/>\n\t\t<meta property=\"article:author\" content=\"https:\/\/www.facebook.com\/carrenoactualidad\" \/>\n\t\t<meta name=\"twitter:card\" content=\"summary_large_image\" \/>\n\t\t<meta name=\"twitter:site\" content=\"@NabercoDigital\" \/>\n\t\t<meta name=\"twitter:title\" content=\"Las ventajas de la formaci\u00f3n y perfeccionamiento en el sector de la peluquer\u00eda | Cand\u00e1s 365\" \/>\n\t\t<meta name=\"twitter:description\" content=\"Tanto la formaci\u00f3n como acceder a un curso de perfeccionamiento de peluquer\u00eda ofrece muchas ventajas a los profesionales del sector y a todas aquellas personas\" \/>\n\t\t<meta name=\"twitter:creator\" content=\"@nbasturias\" \/>\n\t\t<meta name=\"twitter:image\" content=\"https:\/\/candas365.es\/noticias\/wp-content\/uploads\/2025\/05\/perfeccionamiento-en-el-sector-de-la-peluqueria.jpg\" \/>\n\t\t<meta name=\"twitter:label1\" content=\"Escrito por\" \/>\n\t\t<meta name=\"twitter:data1\" content=\"Cand\u00e1s 365\" \/>\n\t\t<meta name=\"twitter:label2\" content=\"Tiempo de lectura estimado\" \/>\n\t\t<meta name=\"twitter:data2\" content=\"4 minutos\" \/>\n\t\t<script type=\"application\/ld+json\" class=\"aioseo-schema\">\n\t\t\t{\"@context\":\"https:\\\/\\\/schema.org\",\"@graph\":[{\"@type\":\"BreadcrumbList\",\"@id\":\"https:\\\/\\\/candas365.es\\\/noticias\\\/las-ventajas-de-la-formacion-y-perfeccionamiento-en-el-sector-de-la-peluqueria\\\/#breadcrumblist\",\"itemListElement\":[{\"@type\":\"ListItem\",\"@id\":\"https:\\\/\\\/candas365.es\\\/noticias#listItem\",\"position\":1,\"name\":\"Home\",\"item\":\"https:\\\/\\\/candas365.es\\\/noticias\",\"nextItem\":{\"@type\":\"ListItem\",\"@id\":\"https:\\\/\\\/candas365.es\\\/noticias\\\/category\\\/sociedad\\\/#listItem\",\"name\":\"Sociedad\"}},{\"@type\":\"ListItem\",\"@id\":\"https:\\\/\\\/candas365.es\\\/noticias\\\/category\\\/sociedad\\\/#listItem\",\"position\":2,\"name\":\"Sociedad\",\"item\":\"https:\\\/\\\/candas365.es\\\/noticias\\\/category\\\/sociedad\\\/\",\"nextItem\":{\"@type\":\"ListItem\",\"@id\":\"https:\\\/\\\/candas365.es\\\/noticias\\\/las-ventajas-de-la-formacion-y-perfeccionamiento-en-el-sector-de-la-peluqueria\\\/#listItem\",\"name\":\"Las ventajas de la formaci\\u00f3n y perfeccionamiento en el sector de la peluquer\\u00eda\"},\"previousItem\":{\"@type\":\"ListItem\",\"@id\":\"https:\\\/\\\/candas365.es\\\/noticias#listItem\",\"name\":\"Home\"}},{\"@type\":\"ListItem\",\"@id\":\"https:\\\/\\\/candas365.es\\\/noticias\\\/las-ventajas-de-la-formacion-y-perfeccionamiento-en-el-sector-de-la-peluqueria\\\/#listItem\",\"position\":3,\"name\":\"Las ventajas de la formaci\\u00f3n y perfeccionamiento en el sector de la peluquer\\u00eda\",\"previousItem\":{\"@type\":\"ListItem\",\"@id\":\"https:\\\/\\\/candas365.es\\\/noticias\\\/category\\\/sociedad\\\/#listItem\",\"name\":\"Sociedad\"}}]},{\"@type\":\"NewsArticle\",\"@id\":\"https:\\\/\\\/candas365.es\\\/noticias\\\/las-ventajas-de-la-formacion-y-perfeccionamiento-en-el-sector-de-la-peluqueria\\\/#newsarticle\",\"name\":\"Las ventajas de la formaci\\u00f3n y perfeccionamiento en el sector de la peluquer\\u00eda | Cand\\u00e1s 365\",\"headline\":\"Las ventajas de la formaci\\u00f3n y perfeccionamiento en el sector de la peluquer\\u00eda\",\"author\":{\"@id\":\"https:\\\/\\\/candas365.es\\\/noticias\\\/author\\\/admin\\\/#author\"},\"publisher\":{\"@id\":\"https:\\\/\\\/candas365.es\\\/noticias\\\/#organization\"},\"image\":{\"@type\":\"ImageObject\",\"url\":\"https:\\\/\\\/candas365.es\\\/noticias\\\/wp-content\\\/uploads\\\/2025\\\/05\\\/perfeccionamiento-en-el-sector-de-la-peluqueria.jpg\",\"width\":994,\"height\":659,\"caption\":\"Foto: 123rf.com\"},\"datePublished\":\"2025-05-02T07:35:24+02:00\",\"dateModified\":\"2025-05-02T07:35:24+02:00\",\"inLanguage\":\"es-ES\",\"mainEntityOfPage\":{\"@id\":\"https:\\\/\\\/candas365.es\\\/noticias\\\/las-ventajas-de-la-formacion-y-perfeccionamiento-en-el-sector-de-la-peluqueria\\\/#webpage\"},\"isPartOf\":{\"@id\":\"https:\\\/\\\/candas365.es\\\/noticias\\\/las-ventajas-de-la-formacion-y-perfeccionamiento-en-el-sector-de-la-peluqueria\\\/#webpage\"},\"articleSection\":\"Sociedad, educaci\\u00f3n, empleo\",\"dateline\":\"Publicado el mayo 2, 2025.\"},{\"@type\":\"Organization\",\"@id\":\"https:\\\/\\\/candas365.es\\\/noticias\\\/#organization\",\"name\":\"Cand\\u00e1s 365\",\"description\":\"Cand\\u00e1s 365 es un diario digital independiente, fundado en 2012, con base en Asturias. Informamos con rigor sobre actualidad, sociedad, cultura y ocio, con una mirada local y global.\",\"url\":\"https:\\\/\\\/candas365.es\\\/noticias\\\/\",\"email\":\"info@candas365.es\",\"telephone\":\"+34652131393\",\"foundingDate\":\"2012-06-10\",\"logo\":{\"@type\":\"ImageObject\",\"url\":\"https:\\\/\\\/candas365.es\\\/noticias\\\/wp-content\\\/uploads\\\/2024\\\/09\\\/Candas-365-Redes.jpg\",\"@id\":\"https:\\\/\\\/candas365.es\\\/noticias\\\/las-ventajas-de-la-formacion-y-perfeccionamiento-en-el-sector-de-la-peluqueria\\\/#organizationLogo\",\"width\":1152,\"height\":864,\"caption\":\"Cand\\u00e1s 365 Redes\"},\"image\":{\"@id\":\"https:\\\/\\\/candas365.es\\\/noticias\\\/las-ventajas-de-la-formacion-y-perfeccionamiento-en-el-sector-de-la-peluqueria\\\/#organizationLogo\"},\"sameAs\":[\"https:\\\/\\\/www.facebook.com\\\/Nachofdezber\",\"https:\\\/\\\/x.com\\\/NabercoDigital\",\"https:\\\/\\\/www.instagram.com\\\/nachofdezber\\\/\",\"https:\\\/\\\/www.youtube.com\\\/channel\\\/UCZP-2wLEB9Rv6erhFmqVnvg\"],\"address\":{\"@id\":\"https:\\\/\\\/candas365.es\\\/noticias\\\/#postaladdress\",\"@type\":\"PostalAddress\",\"streetAddress\":\"san antonio 4, san antonio 4\",\"postalCode\":\"33430\",\"addressLocality\":\"Cand\\u00e1s\",\"addressRegion\":\"Asturias\",\"addressCountry\":\"ES\"}},{\"@type\":\"Person\",\"@id\":\"https:\\\/\\\/candas365.es\\\/noticias\\\/author\\\/admin\\\/#author\",\"url\":\"https:\\\/\\\/candas365.es\\\/noticias\\\/author\\\/admin\\\/\",\"name\":\"Cand\\u00e1s 365\",\"image\":{\"@type\":\"ImageObject\",\"@id\":\"https:\\\/\\\/candas365.es\\\/noticias\\\/las-ventajas-de-la-formacion-y-perfeccionamiento-en-el-sector-de-la-peluqueria\\\/#authorImage\",\"url\":\"https:\\\/\\\/secure.gravatar.com\\\/avatar\\\/496a8e03d0c493ede1718b7934145dbdf8d89be1036b0eec9544e1094c9de390?s=96&d=mm&r=g\",\"width\":96,\"height\":96,\"caption\":\"Cand\\u00e1s 365\"},\"sameAs\":[\"https:\\\/\\\/www.facebook.com\\\/carrenoactualidad\",\"https:\\\/\\\/twitter.com\\\/nbasturias\",\"https:\\\/\\\/www.instagram.com\\\/nachofdezber\\\/\",\"https:\\\/\\\/www.youtube.com\\\/channel\\\/UCZP-2wLEB9Rv6erhFmqVnvg\"]},{\"@type\":\"WebPage\",\"@id\":\"https:\\\/\\\/candas365.es\\\/noticias\\\/las-ventajas-de-la-formacion-y-perfeccionamiento-en-el-sector-de-la-peluqueria\\\/#webpage\",\"url\":\"https:\\\/\\\/candas365.es\\\/noticias\\\/las-ventajas-de-la-formacion-y-perfeccionamiento-en-el-sector-de-la-peluqueria\\\/\",\"name\":\"Las ventajas de la formaci\\u00f3n y perfeccionamiento en el sector de la peluquer\\u00eda | Cand\\u00e1s 365\",\"description\":\"Tanto la formaci\\u00f3n como acceder a un curso de perfeccionamiento de peluquer\\u00eda ofrece muchas ventajas a los profesionales del sector y a todas aquellas personas\",\"inLanguage\":\"es-ES\",\"isPartOf\":{\"@id\":\"https:\\\/\\\/candas365.es\\\/noticias\\\/#website\"},\"breadcrumb\":{\"@id\":\"https:\\\/\\\/candas365.es\\\/noticias\\\/las-ventajas-de-la-formacion-y-perfeccionamiento-en-el-sector-de-la-peluqueria\\\/#breadcrumblist\"},\"author\":{\"@id\":\"https:\\\/\\\/candas365.es\\\/noticias\\\/author\\\/admin\\\/#author\"},\"creator\":{\"@id\":\"https:\\\/\\\/candas365.es\\\/noticias\\\/author\\\/admin\\\/#author\"},\"image\":{\"@type\":\"ImageObject\",\"url\":\"https:\\\/\\\/candas365.es\\\/noticias\\\/wp-content\\\/uploads\\\/2025\\\/05\\\/perfeccionamiento-en-el-sector-de-la-peluqueria.jpg\",\"@id\":\"https:\\\/\\\/candas365.es\\\/noticias\\\/las-ventajas-de-la-formacion-y-perfeccionamiento-en-el-sector-de-la-peluqueria\\\/#mainImage\",\"width\":994,\"height\":659,\"caption\":\"Foto: 123rf.com\"},\"primaryImageOfPage\":{\"@id\":\"https:\\\/\\\/candas365.es\\\/noticias\\\/las-ventajas-de-la-formacion-y-perfeccionamiento-en-el-sector-de-la-peluqueria\\\/#mainImage\"},\"datePublished\":\"2025-05-02T07:35:24+02:00\",\"dateModified\":\"2025-05-02T07:35:24+02:00\"},{\"@type\":\"WebSite\",\"@id\":\"https:\\\/\\\/candas365.es\\\/noticias\\\/#website\",\"url\":\"https:\\\/\\\/candas365.es\\\/noticias\\\/\",\"name\":\"Cand\\u00e1s 365\",\"alternateName\":\"Cand\\u00e1s 365 Noticias\",\"description\":\"Actualidad desde Carre\\u00f1o para el mundo\",\"inLanguage\":\"es-ES\",\"publisher\":{\"@id\":\"https:\\\/\\\/candas365.es\\\/noticias\\\/#organization\"}}]}\n\t\t<\/script>\n\t\t<!-- All in One SEO Pro -->\r\n\t\t<title>Las ventajas de la formaci\u00f3n y perfeccionamiento en el sector de la peluquer\u00eda | Cand\u00e1s 365<\/title>\n\n","aioseo_head_json":{"title":"Las ventajas de la formaci\u00f3n y perfeccionamiento en el sector de la peluquer\u00eda | Cand\u00e1s 365","description":"Tanto la formaci\u00f3n como acceder a un curso de perfeccionamiento de peluquer\u00eda ofrece muchas ventajas a los profesionales del sector y a todas aquellas personas","canonical_url":"https:\/\/candas365.es\/noticias\/las-ventajas-de-la-formacion-y-perfeccionamiento-en-el-sector-de-la-peluqueria\/","robots":"max-image-preview:large","keywords":"sociedad","webmasterTools":{"google-site-verification":"UA-32230408-1","msvalidate.01":"354F3CDFB2DA171B47FBE9ABF1F88D5","miscellaneous":""},"schema":{"@context":"https:\/\/schema.org","@graph":[{"@type":"BreadcrumbList","@id":"https:\/\/candas365.es\/noticias\/las-ventajas-de-la-formacion-y-perfeccionamiento-en-el-sector-de-la-peluqueria\/#breadcrumblist","itemListElement":[{"@type":"ListItem","@id":"https:\/\/candas365.es\/noticias#listItem","position":1,"name":"Home","item":"https:\/\/candas365.es\/noticias","nextItem":{"@type":"ListItem","@id":"https:\/\/candas365.es\/noticias\/category\/sociedad\/#listItem","name":"Sociedad"}},{"@type":"ListItem","@id":"https:\/\/candas365.es\/noticias\/category\/sociedad\/#listItem","position":2,"name":"Sociedad","item":"https:\/\/candas365.es\/noticias\/category\/sociedad\/","nextItem":{"@type":"ListItem","@id":"https:\/\/candas365.es\/noticias\/las-ventajas-de-la-formacion-y-perfeccionamiento-en-el-sector-de-la-peluqueria\/#listItem","name":"Las ventajas de la formaci\u00f3n y perfeccionamiento en el sector de la peluquer\u00eda"},"previousItem":{"@type":"ListItem","@id":"https:\/\/candas365.es\/noticias#listItem","name":"Home"}},{"@type":"ListItem","@id":"https:\/\/candas365.es\/noticias\/las-ventajas-de-la-formacion-y-perfeccionamiento-en-el-sector-de-la-peluqueria\/#listItem","position":3,"name":"Las ventajas de la formaci\u00f3n y perfeccionamiento en el sector de la peluquer\u00eda","previousItem":{"@type":"ListItem","@id":"https:\/\/candas365.es\/noticias\/category\/sociedad\/#listItem","name":"Sociedad"}}]},{"@type":"NewsArticle","@id":"https:\/\/candas365.es\/noticias\/las-ventajas-de-la-formacion-y-perfeccionamiento-en-el-sector-de-la-peluqueria\/#newsarticle","name":"Las ventajas de la formaci\u00f3n y perfeccionamiento en el sector de la peluquer\u00eda | Cand\u00e1s 365","headline":"Las ventajas de la formaci\u00f3n y perfeccionamiento en el sector de la peluquer\u00eda","author":{"@id":"https:\/\/candas365.es\/noticias\/author\/admin\/#author"},"publisher":{"@id":"https:\/\/candas365.es\/noticias\/#organization"},"image":{"@type":"ImageObject","url":"https:\/\/candas365.es\/noticias\/wp-content\/uploads\/2025\/05\/perfeccionamiento-en-el-sector-de-la-peluqueria.jpg","width":994,"height":659,"caption":"Foto: 123rf.com"},"datePublished":"2025-05-02T07:35:24+02:00","dateModified":"2025-05-02T07:35:24+02:00","inLanguage":"es-ES","mainEntityOfPage":{"@id":"https:\/\/candas365.es\/noticias\/las-ventajas-de-la-formacion-y-perfeccionamiento-en-el-sector-de-la-peluqueria\/#webpage"},"isPartOf":{"@id":"https:\/\/candas365.es\/noticias\/las-ventajas-de-la-formacion-y-perfeccionamiento-en-el-sector-de-la-peluqueria\/#webpage"},"articleSection":"Sociedad, educaci\u00f3n, empleo","dateline":"Publicado el mayo 2, 2025."},{"@type":"Organization","@id":"https:\/\/candas365.es\/noticias\/#organization","name":"Cand\u00e1s 365","description":"Cand\u00e1s 365 es un diario digital independiente, fundado en 2012, con base en Asturias. Informamos con rigor sobre actualidad, sociedad, cultura y ocio, con una mirada local y global.","url":"https:\/\/candas365.es\/noticias\/","email":"info@candas365.es","telephone":"+34652131393","foundingDate":"2012-06-10","logo":{"@type":"ImageObject","url":"https:\/\/candas365.es\/noticias\/wp-content\/uploads\/2024\/09\/Candas-365-Redes.jpg","@id":"https:\/\/candas365.es\/noticias\/las-ventajas-de-la-formacion-y-perfeccionamiento-en-el-sector-de-la-peluqueria\/#organizationLogo","width":1152,"height":864,"caption":"Cand\u00e1s 365 Redes"},"image":{"@id":"https:\/\/candas365.es\/noticias\/las-ventajas-de-la-formacion-y-perfeccionamiento-en-el-sector-de-la-peluqueria\/#organizationLogo"},"sameAs":["https:\/\/www.facebook.com\/Nachofdezber","https:\/\/x.com\/NabercoDigital","https:\/\/www.instagram.com\/nachofdezber\/","https:\/\/www.youtube.com\/channel\/UCZP-2wLEB9Rv6erhFmqVnvg"],"address":{"@id":"https:\/\/candas365.es\/noticias\/#postaladdress","@type":"PostalAddress","streetAddress":"san antonio 4, san antonio 4","postalCode":"33430","addressLocality":"Cand\u00e1s","addressRegion":"Asturias","addressCountry":"ES"}},{"@type":"Person","@id":"https:\/\/candas365.es\/noticias\/author\/admin\/#author","url":"https:\/\/candas365.es\/noticias\/author\/admin\/","name":"Cand\u00e1s 365","image":{"@type":"ImageObject","@id":"https:\/\/candas365.es\/noticias\/las-ventajas-de-la-formacion-y-perfeccionamiento-en-el-sector-de-la-peluqueria\/#authorImage","url":"https:\/\/secure.gravatar.com\/avatar\/496a8e03d0c493ede1718b7934145dbdf8d89be1036b0eec9544e1094c9de390?s=96&d=mm&r=g","width":96,"height":96,"caption":"Cand\u00e1s 365"},"sameAs":["https:\/\/www.facebook.com\/carrenoactualidad","https:\/\/twitter.com\/nbasturias","https:\/\/www.instagram.com\/nachofdezber\/","https:\/\/www.youtube.com\/channel\/UCZP-2wLEB9Rv6erhFmqVnvg"]},{"@type":"WebPage","@id":"https:\/\/candas365.es\/noticias\/las-ventajas-de-la-formacion-y-perfeccionamiento-en-el-sector-de-la-peluqueria\/#webpage","url":"https:\/\/candas365.es\/noticias\/las-ventajas-de-la-formacion-y-perfeccionamiento-en-el-sector-de-la-peluqueria\/","name":"Las ventajas de la formaci\u00f3n y perfeccionamiento en el sector de la peluquer\u00eda | Cand\u00e1s 365","description":"Tanto la formaci\u00f3n como acceder a un curso de perfeccionamiento de peluquer\u00eda ofrece muchas ventajas a los profesionales del sector y a todas aquellas personas","inLanguage":"es-ES","isPartOf":{"@id":"https:\/\/candas365.es\/noticias\/#website"},"breadcrumb":{"@id":"https:\/\/candas365.es\/noticias\/las-ventajas-de-la-formacion-y-perfeccionamiento-en-el-sector-de-la-peluqueria\/#breadcrumblist"},"author":{"@id":"https:\/\/candas365.es\/noticias\/author\/admin\/#author"},"creator":{"@id":"https:\/\/candas365.es\/noticias\/author\/admin\/#author"},"image":{"@type":"ImageObject","url":"https:\/\/candas365.es\/noticias\/wp-content\/uploads\/2025\/05\/perfeccionamiento-en-el-sector-de-la-peluqueria.jpg","@id":"https:\/\/candas365.es\/noticias\/las-ventajas-de-la-formacion-y-perfeccionamiento-en-el-sector-de-la-peluqueria\/#mainImage","width":994,"height":659,"caption":"Foto: 123rf.com"},"primaryImageOfPage":{"@id":"https:\/\/candas365.es\/noticias\/las-ventajas-de-la-formacion-y-perfeccionamiento-en-el-sector-de-la-peluqueria\/#mainImage"},"datePublished":"2025-05-02T07:35:24+02:00","dateModified":"2025-05-02T07:35:24+02:00"},{"@type":"WebSite","@id":"https:\/\/candas365.es\/noticias\/#website","url":"https:\/\/candas365.es\/noticias\/","name":"Cand\u00e1s 365","alternateName":"Cand\u00e1s 365 Noticias","description":"Actualidad desde Carre\u00f1o para el mundo","inLanguage":"es-ES","publisher":{"@id":"https:\/\/candas365.es\/noticias\/#organization"}}]},"og:locale":"es_ES","og:site_name":"Cand\u00e1s 365","og:type":"article","og:title":"Las ventajas de la formaci\u00f3n y perfeccionamiento en el sector de la peluquer\u00eda | Cand\u00e1s 365","og:description":"Tanto la formaci\u00f3n como acceder a un curso de perfeccionamiento de peluquer\u00eda ofrece muchas ventajas a los profesionales del sector y a todas aquellas personas","og:url":"https:\/\/candas365.es\/noticias\/las-ventajas-de-la-formacion-y-perfeccionamiento-en-el-sector-de-la-peluqueria\/","og:image":"https:\/\/candas365.es\/noticias\/wp-content\/uploads\/2025\/05\/perfeccionamiento-en-el-sector-de-la-peluqueria.jpg","og:image:secure_url":"https:\/\/candas365.es\/noticias\/wp-content\/uploads\/2025\/05\/perfeccionamiento-en-el-sector-de-la-peluqueria.jpg","og:image:width":994,"og:image:height":659,"article:published_time":"2025-05-02T05:35:24+00:00","article:modified_time":"2025-05-02T05:35:24+00:00","article:publisher":"https:\/\/www.facebook.com\/Nachofdezber","article:author":"https:\/\/www.facebook.com\/carrenoactualidad","twitter:card":"summary_large_image","twitter:site":"@NabercoDigital","twitter:title":"Las ventajas de la formaci\u00f3n y perfeccionamiento en el sector de la peluquer\u00eda | Cand\u00e1s 365","twitter:description":"Tanto la formaci\u00f3n como acceder a un curso de perfeccionamiento de peluquer\u00eda ofrece muchas ventajas a los profesionales del sector y a todas aquellas personas","twitter:creator":"@nbasturias","twitter:image":"https:\/\/candas365.es\/noticias\/wp-content\/uploads\/2025\/05\/perfeccionamiento-en-el-sector-de-la-peluqueria.jpg","twitter:label1":"Escrito por","twitter:data1":"Cand\u00e1s 365","twitter:label2":"Tiempo de lectura estimado","twitter:data2":"4 minutos"},"aioseo_meta_data":{"post_id":"186281","title":null,"description":"Tanto la formaci\u00f3n como acceder a un curso de perfeccionamiento de peluquer\u00eda ofrece muchas ventajas a los profesionales del sector y a todas aquellas personas","keywords":null,"keyphrases":{"focus":{"keyphrase":"peluquer\u00eda","score":100,"analysis":{"keyphraseInTitle":{"score":9,"maxScore":9,"error":0},"keyphraseInDescription":{"score":9,"maxScore":9,"error":0},"keyphraseLength":{"score":9,"maxScore":9,"error":0,"length":2},"keyphraseInURL":{"score":5,"maxScore":5,"error":0},"keyphraseInIntroduction":{"score":9,"maxScore":9,"error":0},"keyphraseInSubHeadings":{"score":9,"maxScore":9,"error":0},"keyphraseInImageAlt":{"score":9,"maxScore":9,"error":0},"keywordDensity":{"type":"best","score":9,"maxScore":9,"error":0}}},"additional":[{"keyphrase":"peluquer\u00eda","score":100,"analysis":{"keyphraseInDescription":{"score":9,"maxScore":9,"error":0},"keyphraseLength":{"score":9,"maxScore":9,"error":0,"length":2},"keyphraseInIntroduction":{"score":9,"maxScore":9,"error":0},"keyphraseInImageAlt":{"score":9,"maxScore":9,"error":0},"keywordDensity":{"type":"best","score":9,"maxScore":9,"error":0}}}]},"primary_term":null,"canonical_url":null,"og_title":null,"og_description":null,"og_object_type":"default","og_image_type":"default","og_image_url":null,"og_image_width":null,"og_image_height":null,"og_image_custom_url":null,"og_image_custom_fields":null,"og_video":"","og_custom_url":null,"og_article_section":null,"og_article_tags":null,"twitter_use_og":false,"twitter_card":"default","twitter_image_type":"default","twitter_image_url":null,"twitter_image_custom_url":null,"twitter_image_custom_fields":null,"twitter_title":null,"twitter_description":null,"schema":{"blockGraphs":[],"customGraphs":[],"default":{"data":{"Article":[],"Course":[],"Dataset":[],"FAQPage":[],"Movie":[],"Person":[],"Product":[],"ProductReview":[],"Car":[],"Recipe":[],"Service":[],"SoftwareApplication":[],"WebPage":[]},"graphName":"Article","isEnabled":true},"graphs":[]},"schema_type":"default","schema_type_options":null,"pillar_content":false,"robots_default":true,"robots_noindex":false,"robots_noarchive":false,"robots_nosnippet":false,"robots_nofollow":false,"robots_noimageindex":false,"robots_noodp":false,"robots_notranslate":false,"robots_max_snippet":"-1","robots_max_videopreview":"-1","robots_max_imagepreview":"large","priority":null,"frequency":"default","location":null,"local_seo":null,"seo_analyzer_scan_date":"2025-09-03 12:25:56","breadcrumb_settings":null,"limit_modified_date":false,"reviewed_by":null,"open_ai":"{\"title\":{\"suggestions\":[],\"usage\":0},\"description\":{\"suggestions\":[],\"usage\":0}}","ai":null,"created":"2025-05-02 05:23:39","updated":"2025-09-03 12:25:56"},"aioseo_breadcrumb":"<div class=\"aioseo-breadcrumbs\"><span class=\"aioseo-breadcrumb\">\n\t<a href=\"https:\/\/candas365.es\/noticias\" title=\"Home\">Home<\/a>\n<\/span><span class=\"aioseo-breadcrumb-separator\">&ndash;<\/span><span class=\"aioseo-breadcrumb\">\n\t<a href=\"https:\/\/candas365.es\/noticias\/category\/sociedad\/\" title=\"Sociedad\">Sociedad<\/a>\n<\/span><span class=\"aioseo-breadcrumb-separator\">&ndash;<\/span><span class=\"aioseo-breadcrumb\">\n\tLas ventajas de la formaci\u00f3n y perfeccionamiento en el sector de la peluquer\u00eda\n<\/span><\/div>","aioseo_breadcrumb_json":[{"label":"Home","link":"https:\/\/candas365.es\/noticias"},{"label":"Sociedad","link":"https:\/\/candas365.es\/noticias\/category\/sociedad\/"},{"label":"Las ventajas de la formaci\u00f3n y perfeccionamiento en el sector de la peluquer\u00eda","link":"https:\/\/candas365.es\/noticias\/las-ventajas-de-la-formacion-y-perfeccionamiento-en-el-sector-de-la-peluqueria\/"}],"_links":{"self":[{"href":"https:\/\/candas365.es\/noticias\/wp-json\/wp\/v2\/posts\/186281","targetHints":{"allow":["GET"]}}],"collection":[{"href":"https:\/\/candas365.es\/noticias\/wp-json\/wp\/v2\/posts"}],"about":[{"href":"https:\/\/candas365.es\/noticias\/wp-json\/wp\/v2\/types\/post"}],"author":[{"embeddable":true,"href":"https:\/\/candas365.es\/noticias\/wp-json\/wp\/v2\/users\/1"}],"replies":[{"embeddable":true,"href":"https:\/\/candas365.es\/noticias\/wp-json\/wp\/v2\/comments?post=186281"}],"version-history":[{"count":0,"href":"https:\/\/candas365.es\/noticias\/wp-json\/wp\/v2\/posts\/186281\/revisions"}],"wp:featuredmedia":[{"embeddable":true,"href":"https:\/\/candas365.es\/noticias\/wp-json\/wp\/v2\/media\/186282"}],"wp:attachment":[{"href":"https:\/\/candas365.es\/noticias\/wp-json\/wp\/v2\/media?parent=186281"}],"wp:term":[{"taxonomy":"category","embeddable":true,"href":"https:\/\/candas365.es\/noticias\/wp-json\/wp\/v2\/categories?post=186281"},{"taxonomy":"post_tag","embeddable":true,"href":"https:\/\/candas365.es\/noticias\/wp-json\/wp\/v2\/tags?post=186281"}],"curies":[{"name":"wp","href":"https:\/\/api.w.org\/{rel}","templated":true}]}}