{"id":186048,"date":"2025-04-16T01:56:51","date_gmt":"2025-04-15T23:56:51","guid":{"rendered":"https:\/\/candas365.es\/noticias\/?p=186048"},"modified":"2025-04-16T01:56:51","modified_gmt":"2025-04-15T23:56:51","slug":"milei-anuncia-restricciones-para-el-sector-agropecuario","status":"publish","type":"post","link":"https:\/\/candas365.es\/noticias\/milei-anuncia-restricciones-para-el-sector-agropecuario\/","title":{"rendered":"Milei anuncia \u00abrestricciones\u00bb para el sector agropecuario"},"content":{"rendered":"<p>El presidente de Argentina <strong>Javier Milei<\/strong> anunci\u00f3 que a partir de <strong>julio de 2025<\/strong> regresar\u00e1n las retenciones plenas a las <a href=\"https:\/\/candas365.es\/noticias\/category\/economia\/\"><span style=\"color: #ff6600;\"><strong>exportaciones agropecuarias<\/strong><\/span><\/a>, lo que gener\u00f3 rechazo inmediato en el<strong> sector rural<\/strong>. La medida revierte la baja temporal implementada desde fines de enero, cuando el Gobierno hab\u00eda modificado las al\u00edcuotas a trav\u00e9s del decreto 38\/2025.<\/p>\n<figure id=\"attachment_186049\" aria-describedby=\"caption-attachment-186049\" style=\"width: 650px\" class=\"wp-caption aligncenter\"><img fetchpriority=\"high\" decoding=\"async\" class=\"size-large wp-image-186049\" src=\"https:\/\/candas365.es\/noticias\/wp-content\/uploads\/2025\/04\/Milei-650x420.jpg\" alt=\"Milei\" width=\"650\" height=\"420\" srcset=\"https:\/\/candas365.es\/noticias\/wp-content\/uploads\/2025\/04\/Milei-650x420.jpg 650w, https:\/\/candas365.es\/noticias\/wp-content\/uploads\/2025\/04\/Milei-360x233.jpg 360w, https:\/\/candas365.es\/noticias\/wp-content\/uploads\/2025\/04\/Milei-768x496.jpg 768w, https:\/\/candas365.es\/noticias\/wp-content\/uploads\/2025\/04\/Milei-150x97.jpg 150w, https:\/\/candas365.es\/noticias\/wp-content\/uploads\/2025\/04\/Milei-450x291.jpg 450w, https:\/\/candas365.es\/noticias\/wp-content\/uploads\/2025\/04\/Milei.jpg 1001w\" sizes=\"(max-width: 650px) 100vw, 650px\" \/><figcaption id=\"caption-attachment-186049\" class=\"wp-caption-text\">NotiPress &#8211; Javier Milei Sergio F Cara (NotiPress)<\/figcaption><\/figure>\n<p>Durante una entrevista con <em>Radio El Observador<\/em>, el mandatario explic\u00f3: \u00abDijimos que eran transitorios, avisen al campo que <strong>si tienen que liquidar que lo hagan ahora porque en julio le vuelven las <\/strong><strong>retenciones<\/strong>\u00ab. En ese sentido, confirm\u00f3 que la reducci\u00f3n actual finalizar\u00e1 el 30 de junio.<\/p>\n<p>Actualmente, la <strong>soja <\/strong>tributa un 26% en lugar del 33% habitual y los <strong>derivados de soja<\/strong>, un 24,5% en lugar del 31%. En el caso del <strong>trigo<\/strong>, junto con la <strong>cebada<\/strong>, el <strong>sorgo <\/strong>y el <strong>ma\u00edz<\/strong>, paga 9,5% en vez del 12%. En tanto, el <strong>girasol <\/strong>tributa un 5,5% frente al 7% original. Con el fin del esquema temporal, estos porcentajes volver\u00edan a sus niveles previos a la rebaja.<\/p>\n<p>Las entidades rurales hab\u00edan solicitado la extensi\u00f3n de este beneficio. <strong>Andrea Sarnari<\/strong>, presidenta de la <strong>Federaci\u00f3n Agraria Argentina (FAA)<\/strong>, declar\u00f3: \u00abEstuvo sobre la mesa el tema de las retenciones y el reclamo de la Mesa de Enlace de que se conviertan en definitiva esta baja\u00bb. La declaraci\u00f3n se dio luego de una reuni\u00f3n entre el secretario de Agricultura, <strong>Sergio Iraeta<\/strong>, y los representantes de las principales <strong>organizaciones rurales<\/strong>.<\/p>\n<p>Desde <strong>Confederaciones Rurales Argentinas (CRA)<\/strong>, su presidente <strong>Carlos Castagnani<\/strong> expres\u00f3 preocupaci\u00f3n ante la falta de definiciones. \u00abDesde CRA insistimos en la necesidad de una se\u00f1al clara, especialmente considerando que nos encontramos muy pr\u00f3ximos a la siembra de trigo\u00bb, manifest\u00f3.<\/p>\n<p>Por otro lado, <strong>Eduardo Buzzi<\/strong>, expresidente de la Federaci\u00f3n Agraria, critic\u00f3 duramente al Gobierno en declaraciones a <em>Radio Splendid<\/em>. \u00abFue una mentira que iban a bajar las retenciones\u00bb, expres\u00f3, y agreg\u00f3: \u00abEste Gobierno es<strong> mentiroso y psiqui\u00e1trico<\/strong>, es un Gobierno anti productivista, mentiroso y manipulador\u00bb.<\/p>\n<p>Buzzi tambi\u00e9n cuestion\u00f3 durante la entrevista el trasfondo econ\u00f3mico del anuncio: \u00abLo que est\u00e1n haciendo ahora es una fantochada, lo hacen para tratar de que no le explote la econom\u00eda antes de las <strong>elecciones<\/strong>\u00ab. Adem\u00e1s, afirm\u00f3 que \u00abeste grupo econ\u00f3mico de timberos lo que necesitan es juntar para los primeros d\u00edas de junio <strong>400 millones de d\u00f3lares<\/strong>\u00ab.<\/p>\n<p>El esquema vigente desde enero estableci\u00f3 que los exportadores deben <strong>liquidar el 95% de las divisas<\/strong> en un plazo de 15 d\u00edas, a diferencia de los 30 anteriores. El beneficio incluy\u00f3 la eliminaci\u00f3n total de retenciones para productos como az\u00facar, algod\u00f3n, cuero bovino, tabaco, foresto industria y arroz, con un <strong>costo fiscal<\/strong> estimado en 800 millones de d\u00f3lares.<\/p>\n<p>Por Martin Olivera \/ NotiPress<\/p>\n","protected":false},"excerpt":{"rendered":"<p>El presidente de Argentina Javier Milei anunci\u00f3 que a partir de julio de 2025 regresar\u00e1n las retenciones plenas a las exportaciones agropecuarias, lo que gener\u00f3 rechazo inmediato en el sector rural. La medida revierte la baja temporal implementada desde fines de enero, cuando el Gobierno hab\u00eda modificado las al\u00edcuotas a trav\u00e9s del decreto 38\/2025. Durante<\/p>\n","protected":false},"author":1,"featured_media":186049,"comment_status":"closed","ping_status":"closed","sticky":false,"template":"","format":"standard","meta":{"footnotes":""},"categories":[485],"tags":[495,418],"class_list":{"0":"post-186048","1":"post","2":"type-post","3":"status-publish","4":"format-standard","5":"has-post-thumbnail","7":"category-internacional","8":"tag-argentina","9":"tag-internacional"},"aioseo_notices":[],"aioseo_head":"\n\t\t<!-- All in One SEO Pro 4.9.6.2 - aioseo.com -->\n\t<meta name=\"description\" content=\"El presidente de Argentina Javier Milei anunci\u00f3 que a partir de julio de 2025 regresar\u00e1n las retenciones plenas a las exportaciones agropecuarias, lo que gener\u00f3\" \/>\n\t<meta name=\"robots\" content=\"max-image-preview:large\" \/>\n\t<meta name=\"author\" content=\"Cand\u00e1s 365\"\/>\n\t<meta name=\"google-site-verification\" content=\"UA-32230408-1\" \/>\n\t<meta name=\"msvalidate.01\" content=\"354F3CDFB2DA171B47FBE9ABF1F88D5\" \/>\n\t<meta name=\"keywords\" content=\"internacional\" \/>\n\t<link rel=\"canonical\" href=\"https:\/\/candas365.es\/noticias\/milei-anuncia-restricciones-para-el-sector-agropecuario\/\" \/>\n\t<meta name=\"generator\" content=\"All in One SEO Pro (AIOSEO) 4.9.6.2\" \/>\n\t\t<meta property=\"og:locale\" content=\"es_ES\" \/>\n\t\t<meta property=\"og:site_name\" content=\"Cand\u00e1s 365\" \/>\n\t\t<meta property=\"og:type\" content=\"article\" \/>\n\t\t<meta property=\"og:title\" content=\"Milei anuncia \u00abrestricciones\u00bb para el sector agropecuario | Cand\u00e1s 365\" \/>\n\t\t<meta property=\"og:description\" content=\"El presidente de Argentina Javier Milei anunci\u00f3 que a partir de julio de 2025 regresar\u00e1n las retenciones plenas a las exportaciones agropecuarias, lo que gener\u00f3\" \/>\n\t\t<meta property=\"og:url\" content=\"https:\/\/candas365.es\/noticias\/milei-anuncia-restricciones-para-el-sector-agropecuario\/\" \/>\n\t\t<meta property=\"og:image\" content=\"https:\/\/candas365.es\/noticias\/wp-content\/uploads\/2025\/04\/Milei.jpg\" \/>\n\t\t<meta property=\"og:image:secure_url\" content=\"https:\/\/candas365.es\/noticias\/wp-content\/uploads\/2025\/04\/Milei.jpg\" \/>\n\t\t<meta property=\"og:image:width\" content=\"1001\" \/>\n\t\t<meta property=\"og:image:height\" content=\"647\" \/>\n\t\t<meta property=\"article:published_time\" content=\"2025-04-15T23:56:51+00:00\" \/>\n\t\t<meta property=\"article:modified_time\" content=\"2025-04-15T23:56:51+00:00\" \/>\n\t\t<meta property=\"article:publisher\" content=\"https:\/\/www.facebook.com\/Nachofdezber\" \/>\n\t\t<meta property=\"article:author\" content=\"https:\/\/www.facebook.com\/carrenoactualidad\" \/>\n\t\t<meta name=\"twitter:card\" content=\"summary_large_image\" \/>\n\t\t<meta name=\"twitter:site\" content=\"@NabercoDigital\" \/>\n\t\t<meta name=\"twitter:title\" content=\"Milei anuncia \u00abrestricciones\u00bb para el sector agropecuario | Cand\u00e1s 365\" \/>\n\t\t<meta name=\"twitter:description\" content=\"El presidente de Argentina Javier Milei anunci\u00f3 que a partir de julio de 2025 regresar\u00e1n las retenciones plenas a las exportaciones agropecuarias, lo que gener\u00f3\" \/>\n\t\t<meta name=\"twitter:creator\" content=\"@nbasturias\" \/>\n\t\t<meta name=\"twitter:image\" content=\"https:\/\/candas365.es\/noticias\/wp-content\/uploads\/2025\/04\/Milei.jpg\" \/>\n\t\t<meta name=\"twitter:label1\" content=\"Escrito por\" \/>\n\t\t<meta name=\"twitter:data1\" content=\"Cand\u00e1s 365\" \/>\n\t\t<meta name=\"twitter:label2\" content=\"Tiempo de lectura estimado\" \/>\n\t\t<meta name=\"twitter:data2\" content=\"2 minutos\" \/>\n\t\t<script type=\"application\/ld+json\" class=\"aioseo-schema\">\n\t\t\t{\"@context\":\"https:\\\/\\\/schema.org\",\"@graph\":[{\"@type\":\"BreadcrumbList\",\"@id\":\"https:\\\/\\\/candas365.es\\\/noticias\\\/milei-anuncia-restricciones-para-el-sector-agropecuario\\\/#breadcrumblist\",\"itemListElement\":[{\"@type\":\"ListItem\",\"@id\":\"https:\\\/\\\/candas365.es\\\/noticias#listItem\",\"position\":1,\"name\":\"Home\",\"item\":\"https:\\\/\\\/candas365.es\\\/noticias\",\"nextItem\":{\"@type\":\"ListItem\",\"@id\":\"https:\\\/\\\/candas365.es\\\/noticias\\\/category\\\/internacional\\\/#listItem\",\"name\":\"Internacional\"}},{\"@type\":\"ListItem\",\"@id\":\"https:\\\/\\\/candas365.es\\\/noticias\\\/category\\\/internacional\\\/#listItem\",\"position\":2,\"name\":\"Internacional\",\"item\":\"https:\\\/\\\/candas365.es\\\/noticias\\\/category\\\/internacional\\\/\",\"nextItem\":{\"@type\":\"ListItem\",\"@id\":\"https:\\\/\\\/candas365.es\\\/noticias\\\/milei-anuncia-restricciones-para-el-sector-agropecuario\\\/#listItem\",\"name\":\"Milei anuncia \\u00abrestricciones\\u00bb para el sector agropecuario\"},\"previousItem\":{\"@type\":\"ListItem\",\"@id\":\"https:\\\/\\\/candas365.es\\\/noticias#listItem\",\"name\":\"Home\"}},{\"@type\":\"ListItem\",\"@id\":\"https:\\\/\\\/candas365.es\\\/noticias\\\/milei-anuncia-restricciones-para-el-sector-agropecuario\\\/#listItem\",\"position\":3,\"name\":\"Milei anuncia \\u00abrestricciones\\u00bb para el sector agropecuario\",\"previousItem\":{\"@type\":\"ListItem\",\"@id\":\"https:\\\/\\\/candas365.es\\\/noticias\\\/category\\\/internacional\\\/#listItem\",\"name\":\"Internacional\"}}]},{\"@type\":\"NewsArticle\",\"@id\":\"https:\\\/\\\/candas365.es\\\/noticias\\\/milei-anuncia-restricciones-para-el-sector-agropecuario\\\/#newsarticle\",\"name\":\"Milei anuncia \\u00abrestricciones\\u00bb para el sector agropecuario | Cand\\u00e1s 365\",\"headline\":\"Milei anuncia \\u00abrestricciones\\u00bb para el sector agropecuario\",\"author\":{\"@id\":\"https:\\\/\\\/candas365.es\\\/noticias\\\/author\\\/admin\\\/#author\"},\"publisher\":{\"@id\":\"https:\\\/\\\/candas365.es\\\/noticias\\\/#organization\"},\"image\":{\"@type\":\"ImageObject\",\"url\":\"https:\\\/\\\/candas365.es\\\/noticias\\\/wp-content\\\/uploads\\\/2025\\\/04\\\/Milei.jpg\",\"width\":1001,\"height\":647,\"caption\":\"NotiPress - Javier Milei Sergio F Cara (NotiPress)\"},\"datePublished\":\"2025-04-16T01:56:51+02:00\",\"dateModified\":\"2025-04-16T01:56:51+02:00\",\"inLanguage\":\"es-ES\",\"mainEntityOfPage\":{\"@id\":\"https:\\\/\\\/candas365.es\\\/noticias\\\/milei-anuncia-restricciones-para-el-sector-agropecuario\\\/#webpage\"},\"isPartOf\":{\"@id\":\"https:\\\/\\\/candas365.es\\\/noticias\\\/milei-anuncia-restricciones-para-el-sector-agropecuario\\\/#webpage\"},\"articleSection\":\"Internacional, Argentina, Internacional\",\"dateline\":\"Publicado el abril 16, 2025.\"},{\"@type\":\"Organization\",\"@id\":\"https:\\\/\\\/candas365.es\\\/noticias\\\/#organization\",\"name\":\"Cand\\u00e1s 365\",\"description\":\"Cand\\u00e1s 365 es un diario digital independiente, fundado en 2012, con base en Asturias. Informamos con rigor sobre actualidad, sociedad, cultura y ocio, con una mirada local y global.\",\"url\":\"https:\\\/\\\/candas365.es\\\/noticias\\\/\",\"email\":\"info@candas365.es\",\"telephone\":\"+34652131393\",\"foundingDate\":\"2012-06-10\",\"logo\":{\"@type\":\"ImageObject\",\"url\":\"https:\\\/\\\/candas365.es\\\/noticias\\\/wp-content\\\/uploads\\\/2024\\\/09\\\/Candas-365-Redes.jpg\",\"@id\":\"https:\\\/\\\/candas365.es\\\/noticias\\\/milei-anuncia-restricciones-para-el-sector-agropecuario\\\/#organizationLogo\",\"width\":1152,\"height\":864,\"caption\":\"Cand\\u00e1s 365 Redes\"},\"image\":{\"@id\":\"https:\\\/\\\/candas365.es\\\/noticias\\\/milei-anuncia-restricciones-para-el-sector-agropecuario\\\/#organizationLogo\"},\"sameAs\":[\"https:\\\/\\\/www.facebook.com\\\/Nachofdezber\",\"https:\\\/\\\/x.com\\\/NabercoDigital\",\"https:\\\/\\\/www.instagram.com\\\/nachofdezber\\\/\",\"https:\\\/\\\/www.youtube.com\\\/channel\\\/UCZP-2wLEB9Rv6erhFmqVnvg\"],\"address\":{\"@id\":\"https:\\\/\\\/candas365.es\\\/noticias\\\/#postaladdress\",\"@type\":\"PostalAddress\",\"streetAddress\":\"san antonio 4, san antonio 4\",\"postalCode\":\"33430\",\"addressLocality\":\"Cand\\u00e1s\",\"addressRegion\":\"Asturias\",\"addressCountry\":\"ES\"}},{\"@type\":\"Person\",\"@id\":\"https:\\\/\\\/candas365.es\\\/noticias\\\/author\\\/admin\\\/#author\",\"url\":\"https:\\\/\\\/candas365.es\\\/noticias\\\/author\\\/admin\\\/\",\"name\":\"Cand\\u00e1s 365\",\"image\":{\"@type\":\"ImageObject\",\"@id\":\"https:\\\/\\\/candas365.es\\\/noticias\\\/milei-anuncia-restricciones-para-el-sector-agropecuario\\\/#authorImage\",\"url\":\"https:\\\/\\\/secure.gravatar.com\\\/avatar\\\/496a8e03d0c493ede1718b7934145dbdf8d89be1036b0eec9544e1094c9de390?s=96&d=mm&r=g\",\"width\":96,\"height\":96,\"caption\":\"Cand\\u00e1s 365\"},\"sameAs\":[\"https:\\\/\\\/www.facebook.com\\\/carrenoactualidad\",\"https:\\\/\\\/twitter.com\\\/nbasturias\",\"https:\\\/\\\/www.instagram.com\\\/nachofdezber\\\/\",\"https:\\\/\\\/www.youtube.com\\\/channel\\\/UCZP-2wLEB9Rv6erhFmqVnvg\"]},{\"@type\":\"WebPage\",\"@id\":\"https:\\\/\\\/candas365.es\\\/noticias\\\/milei-anuncia-restricciones-para-el-sector-agropecuario\\\/#webpage\",\"url\":\"https:\\\/\\\/candas365.es\\\/noticias\\\/milei-anuncia-restricciones-para-el-sector-agropecuario\\\/\",\"name\":\"Milei anuncia \\u00abrestricciones\\u00bb para el sector agropecuario | Cand\\u00e1s 365\",\"description\":\"El presidente de Argentina Javier Milei anunci\\u00f3 que a partir de julio de 2025 regresar\\u00e1n las retenciones plenas a las exportaciones agropecuarias, lo que gener\\u00f3\",\"inLanguage\":\"es-ES\",\"isPartOf\":{\"@id\":\"https:\\\/\\\/candas365.es\\\/noticias\\\/#website\"},\"breadcrumb\":{\"@id\":\"https:\\\/\\\/candas365.es\\\/noticias\\\/milei-anuncia-restricciones-para-el-sector-agropecuario\\\/#breadcrumblist\"},\"author\":{\"@id\":\"https:\\\/\\\/candas365.es\\\/noticias\\\/author\\\/admin\\\/#author\"},\"creator\":{\"@id\":\"https:\\\/\\\/candas365.es\\\/noticias\\\/author\\\/admin\\\/#author\"},\"image\":{\"@type\":\"ImageObject\",\"url\":\"https:\\\/\\\/candas365.es\\\/noticias\\\/wp-content\\\/uploads\\\/2025\\\/04\\\/Milei.jpg\",\"@id\":\"https:\\\/\\\/candas365.es\\\/noticias\\\/milei-anuncia-restricciones-para-el-sector-agropecuario\\\/#mainImage\",\"width\":1001,\"height\":647,\"caption\":\"NotiPress - Javier Milei Sergio F Cara (NotiPress)\"},\"primaryImageOfPage\":{\"@id\":\"https:\\\/\\\/candas365.es\\\/noticias\\\/milei-anuncia-restricciones-para-el-sector-agropecuario\\\/#mainImage\"},\"datePublished\":\"2025-04-16T01:56:51+02:00\",\"dateModified\":\"2025-04-16T01:56:51+02:00\"},{\"@type\":\"WebSite\",\"@id\":\"https:\\\/\\\/candas365.es\\\/noticias\\\/#website\",\"url\":\"https:\\\/\\\/candas365.es\\\/noticias\\\/\",\"name\":\"Cand\\u00e1s 365\",\"alternateName\":\"Cand\\u00e1s 365 Noticias\",\"description\":\"Actualidad desde Carre\\u00f1o para el mundo\",\"inLanguage\":\"es-ES\",\"publisher\":{\"@id\":\"https:\\\/\\\/candas365.es\\\/noticias\\\/#organization\"}}]}\n\t\t<\/script>\n\t\t<!-- All in One SEO Pro -->\r\n\t\t<title>Milei anuncia \u00abrestricciones\u00bb para el sector agropecuario | Cand\u00e1s 365<\/title>\n\n","aioseo_head_json":{"title":"Milei anuncia \u00abrestricciones\u00bb para el sector agropecuario | Cand\u00e1s 365","description":"El presidente de Argentina Javier Milei anunci\u00f3 que a partir de julio de 2025 regresar\u00e1n las retenciones plenas a las exportaciones agropecuarias, lo que gener\u00f3","canonical_url":"https:\/\/candas365.es\/noticias\/milei-anuncia-restricciones-para-el-sector-agropecuario\/","robots":"max-image-preview:large","keywords":"internacional","webmasterTools":{"google-site-verification":"UA-32230408-1","msvalidate.01":"354F3CDFB2DA171B47FBE9ABF1F88D5","miscellaneous":""},"schema":{"@context":"https:\/\/schema.org","@graph":[{"@type":"BreadcrumbList","@id":"https:\/\/candas365.es\/noticias\/milei-anuncia-restricciones-para-el-sector-agropecuario\/#breadcrumblist","itemListElement":[{"@type":"ListItem","@id":"https:\/\/candas365.es\/noticias#listItem","position":1,"name":"Home","item":"https:\/\/candas365.es\/noticias","nextItem":{"@type":"ListItem","@id":"https:\/\/candas365.es\/noticias\/category\/internacional\/#listItem","name":"Internacional"}},{"@type":"ListItem","@id":"https:\/\/candas365.es\/noticias\/category\/internacional\/#listItem","position":2,"name":"Internacional","item":"https:\/\/candas365.es\/noticias\/category\/internacional\/","nextItem":{"@type":"ListItem","@id":"https:\/\/candas365.es\/noticias\/milei-anuncia-restricciones-para-el-sector-agropecuario\/#listItem","name":"Milei anuncia \u00abrestricciones\u00bb para el sector agropecuario"},"previousItem":{"@type":"ListItem","@id":"https:\/\/candas365.es\/noticias#listItem","name":"Home"}},{"@type":"ListItem","@id":"https:\/\/candas365.es\/noticias\/milei-anuncia-restricciones-para-el-sector-agropecuario\/#listItem","position":3,"name":"Milei anuncia \u00abrestricciones\u00bb para el sector agropecuario","previousItem":{"@type":"ListItem","@id":"https:\/\/candas365.es\/noticias\/category\/internacional\/#listItem","name":"Internacional"}}]},{"@type":"NewsArticle","@id":"https:\/\/candas365.es\/noticias\/milei-anuncia-restricciones-para-el-sector-agropecuario\/#newsarticle","name":"Milei anuncia \u00abrestricciones\u00bb para el sector agropecuario | Cand\u00e1s 365","headline":"Milei anuncia \u00abrestricciones\u00bb para el sector agropecuario","author":{"@id":"https:\/\/candas365.es\/noticias\/author\/admin\/#author"},"publisher":{"@id":"https:\/\/candas365.es\/noticias\/#organization"},"image":{"@type":"ImageObject","url":"https:\/\/candas365.es\/noticias\/wp-content\/uploads\/2025\/04\/Milei.jpg","width":1001,"height":647,"caption":"NotiPress - Javier Milei Sergio F Cara (NotiPress)"},"datePublished":"2025-04-16T01:56:51+02:00","dateModified":"2025-04-16T01:56:51+02:00","inLanguage":"es-ES","mainEntityOfPage":{"@id":"https:\/\/candas365.es\/noticias\/milei-anuncia-restricciones-para-el-sector-agropecuario\/#webpage"},"isPartOf":{"@id":"https:\/\/candas365.es\/noticias\/milei-anuncia-restricciones-para-el-sector-agropecuario\/#webpage"},"articleSection":"Internacional, Argentina, Internacional","dateline":"Publicado el abril 16, 2025."},{"@type":"Organization","@id":"https:\/\/candas365.es\/noticias\/#organization","name":"Cand\u00e1s 365","description":"Cand\u00e1s 365 es un diario digital independiente, fundado en 2012, con base en Asturias. Informamos con rigor sobre actualidad, sociedad, cultura y ocio, con una mirada local y global.","url":"https:\/\/candas365.es\/noticias\/","email":"info@candas365.es","telephone":"+34652131393","foundingDate":"2012-06-10","logo":{"@type":"ImageObject","url":"https:\/\/candas365.es\/noticias\/wp-content\/uploads\/2024\/09\/Candas-365-Redes.jpg","@id":"https:\/\/candas365.es\/noticias\/milei-anuncia-restricciones-para-el-sector-agropecuario\/#organizationLogo","width":1152,"height":864,"caption":"Cand\u00e1s 365 Redes"},"image":{"@id":"https:\/\/candas365.es\/noticias\/milei-anuncia-restricciones-para-el-sector-agropecuario\/#organizationLogo"},"sameAs":["https:\/\/www.facebook.com\/Nachofdezber","https:\/\/x.com\/NabercoDigital","https:\/\/www.instagram.com\/nachofdezber\/","https:\/\/www.youtube.com\/channel\/UCZP-2wLEB9Rv6erhFmqVnvg"],"address":{"@id":"https:\/\/candas365.es\/noticias\/#postaladdress","@type":"PostalAddress","streetAddress":"san antonio 4, san antonio 4","postalCode":"33430","addressLocality":"Cand\u00e1s","addressRegion":"Asturias","addressCountry":"ES"}},{"@type":"Person","@id":"https:\/\/candas365.es\/noticias\/author\/admin\/#author","url":"https:\/\/candas365.es\/noticias\/author\/admin\/","name":"Cand\u00e1s 365","image":{"@type":"ImageObject","@id":"https:\/\/candas365.es\/noticias\/milei-anuncia-restricciones-para-el-sector-agropecuario\/#authorImage","url":"https:\/\/secure.gravatar.com\/avatar\/496a8e03d0c493ede1718b7934145dbdf8d89be1036b0eec9544e1094c9de390?s=96&d=mm&r=g","width":96,"height":96,"caption":"Cand\u00e1s 365"},"sameAs":["https:\/\/www.facebook.com\/carrenoactualidad","https:\/\/twitter.com\/nbasturias","https:\/\/www.instagram.com\/nachofdezber\/","https:\/\/www.youtube.com\/channel\/UCZP-2wLEB9Rv6erhFmqVnvg"]},{"@type":"WebPage","@id":"https:\/\/candas365.es\/noticias\/milei-anuncia-restricciones-para-el-sector-agropecuario\/#webpage","url":"https:\/\/candas365.es\/noticias\/milei-anuncia-restricciones-para-el-sector-agropecuario\/","name":"Milei anuncia \u00abrestricciones\u00bb para el sector agropecuario | Cand\u00e1s 365","description":"El presidente de Argentina Javier Milei anunci\u00f3 que a partir de julio de 2025 regresar\u00e1n las retenciones plenas a las exportaciones agropecuarias, lo que gener\u00f3","inLanguage":"es-ES","isPartOf":{"@id":"https:\/\/candas365.es\/noticias\/#website"},"breadcrumb":{"@id":"https:\/\/candas365.es\/noticias\/milei-anuncia-restricciones-para-el-sector-agropecuario\/#breadcrumblist"},"author":{"@id":"https:\/\/candas365.es\/noticias\/author\/admin\/#author"},"creator":{"@id":"https:\/\/candas365.es\/noticias\/author\/admin\/#author"},"image":{"@type":"ImageObject","url":"https:\/\/candas365.es\/noticias\/wp-content\/uploads\/2025\/04\/Milei.jpg","@id":"https:\/\/candas365.es\/noticias\/milei-anuncia-restricciones-para-el-sector-agropecuario\/#mainImage","width":1001,"height":647,"caption":"NotiPress - Javier Milei Sergio F Cara (NotiPress)"},"primaryImageOfPage":{"@id":"https:\/\/candas365.es\/noticias\/milei-anuncia-restricciones-para-el-sector-agropecuario\/#mainImage"},"datePublished":"2025-04-16T01:56:51+02:00","dateModified":"2025-04-16T01:56:51+02:00"},{"@type":"WebSite","@id":"https:\/\/candas365.es\/noticias\/#website","url":"https:\/\/candas365.es\/noticias\/","name":"Cand\u00e1s 365","alternateName":"Cand\u00e1s 365 Noticias","description":"Actualidad desde Carre\u00f1o para el mundo","inLanguage":"es-ES","publisher":{"@id":"https:\/\/candas365.es\/noticias\/#organization"}}]},"og:locale":"es_ES","og:site_name":"Cand\u00e1s 365","og:type":"article","og:title":"Milei anuncia \u00abrestricciones\u00bb para el sector agropecuario | Cand\u00e1s 365","og:description":"El presidente de Argentina Javier Milei anunci\u00f3 que a partir de julio de 2025 regresar\u00e1n las retenciones plenas a las exportaciones agropecuarias, lo que gener\u00f3","og:url":"https:\/\/candas365.es\/noticias\/milei-anuncia-restricciones-para-el-sector-agropecuario\/","og:image":"https:\/\/candas365.es\/noticias\/wp-content\/uploads\/2025\/04\/Milei.jpg","og:image:secure_url":"https:\/\/candas365.es\/noticias\/wp-content\/uploads\/2025\/04\/Milei.jpg","og:image:width":1001,"og:image:height":647,"article:published_time":"2025-04-15T23:56:51+00:00","article:modified_time":"2025-04-15T23:56:51+00:00","article:publisher":"https:\/\/www.facebook.com\/Nachofdezber","article:author":"https:\/\/www.facebook.com\/carrenoactualidad","twitter:card":"summary_large_image","twitter:site":"@NabercoDigital","twitter:title":"Milei anuncia \u00abrestricciones\u00bb para el sector agropecuario | Cand\u00e1s 365","twitter:description":"El presidente de Argentina Javier Milei anunci\u00f3 que a partir de julio de 2025 regresar\u00e1n las retenciones plenas a las exportaciones agropecuarias, lo que gener\u00f3","twitter:creator":"@nbasturias","twitter:image":"https:\/\/candas365.es\/noticias\/wp-content\/uploads\/2025\/04\/Milei.jpg","twitter:label1":"Escrito por","twitter:data1":"Cand\u00e1s 365","twitter:label2":"Tiempo de lectura estimado","twitter:data2":"2 minutos"},"aioseo_meta_data":{"post_id":"186048","title":null,"description":"El presidente de Argentina Javier Milei anunci\u00f3 que a partir de julio de 2025 regresar\u00e1n las retenciones plenas a las exportaciones agropecuarias, lo que gener\u00f3","keywords":null,"keyphrases":{"focus":{"keyphrase":"Milei","score":85,"analysis":{"keyphraseInTitle":{"score":9,"maxScore":9,"error":0},"keyphraseInDescription":{"score":9,"maxScore":9,"error":0},"keyphraseLength":{"score":9,"maxScore":9,"error":0,"length":1},"keyphraseInURL":{"score":5,"maxScore":5,"error":0},"keyphraseInIntroduction":{"score":9,"maxScore":9,"error":0},"keyphraseInSubHeadings":[],"keyphraseInImageAlt":{"score":9,"maxScore":9,"error":0},"keywordDensity":{"score":0,"type":"low","maxScore":9,"error":1}}},"additional":[{"keyphrase":"exportaciones","score":67,"analysis":{"keyphraseInDescription":{"score":9,"maxScore":9,"error":0},"keyphraseLength":{"score":9,"maxScore":9,"error":0,"length":1},"keyphraseInIntroduction":{"score":9,"maxScore":9,"error":0},"keyphraseInImageAlt":{"score":3,"maxScore":9,"error":1},"keywordDensity":{"score":0,"type":"low","maxScore":9,"error":1}}}]},"primary_term":null,"canonical_url":null,"og_title":null,"og_description":null,"og_object_type":"default","og_image_type":"default","og_image_url":null,"og_image_width":null,"og_image_height":null,"og_image_custom_url":null,"og_image_custom_fields":null,"og_video":"","og_custom_url":null,"og_article_section":null,"og_article_tags":null,"twitter_use_og":false,"twitter_card":"default","twitter_image_type":"default","twitter_image_url":null,"twitter_image_custom_url":null,"twitter_image_custom_fields":null,"twitter_title":null,"twitter_description":null,"schema":{"blockGraphs":[],"customGraphs":[],"default":{"data":{"Article":[],"Course":[],"Dataset":[],"FAQPage":[],"Movie":[],"Person":[],"Product":[],"ProductReview":[],"Car":[],"Recipe":[],"Service":[],"SoftwareApplication":[],"WebPage":[]},"graphName":"Article","isEnabled":true},"graphs":[]},"schema_type":"default","schema_type_options":null,"pillar_content":false,"robots_default":true,"robots_noindex":false,"robots_noarchive":false,"robots_nosnippet":false,"robots_nofollow":false,"robots_noimageindex":false,"robots_noodp":false,"robots_notranslate":false,"robots_max_snippet":"-1","robots_max_videopreview":"-1","robots_max_imagepreview":"large","priority":null,"frequency":"default","location":null,"local_seo":null,"seo_analyzer_scan_date":"2025-09-03 11:56:14","breadcrumb_settings":null,"limit_modified_date":false,"reviewed_by":null,"open_ai":"{\"title\":{\"suggestions\":[],\"usage\":0},\"description\":{\"suggestions\":[],\"usage\":0}}","ai":null,"created":"2025-04-15 23:46:53","updated":"2025-09-03 11:56:15"},"aioseo_breadcrumb":"<div class=\"aioseo-breadcrumbs\"><span class=\"aioseo-breadcrumb\">\n\t<a href=\"https:\/\/candas365.es\/noticias\" title=\"Home\">Home<\/a>\n<\/span><span class=\"aioseo-breadcrumb-separator\">&ndash;<\/span><span class=\"aioseo-breadcrumb\">\n\t<a href=\"https:\/\/candas365.es\/noticias\/category\/internacional\/\" title=\"Internacional\">Internacional<\/a>\n<\/span><span class=\"aioseo-breadcrumb-separator\">&ndash;<\/span><span class=\"aioseo-breadcrumb\">\n\tMilei anuncia \u00abrestricciones\u00bb para el sector agropecuario\n<\/span><\/div>","aioseo_breadcrumb_json":[{"label":"Home","link":"https:\/\/candas365.es\/noticias"},{"label":"Internacional","link":"https:\/\/candas365.es\/noticias\/category\/internacional\/"},{"label":"Milei anuncia \u00abrestricciones\u00bb para el sector agropecuario","link":"https:\/\/candas365.es\/noticias\/milei-anuncia-restricciones-para-el-sector-agropecuario\/"}],"_links":{"self":[{"href":"https:\/\/candas365.es\/noticias\/wp-json\/wp\/v2\/posts\/186048","targetHints":{"allow":["GET"]}}],"collection":[{"href":"https:\/\/candas365.es\/noticias\/wp-json\/wp\/v2\/posts"}],"about":[{"href":"https:\/\/candas365.es\/noticias\/wp-json\/wp\/v2\/types\/post"}],"author":[{"embeddable":true,"href":"https:\/\/candas365.es\/noticias\/wp-json\/wp\/v2\/users\/1"}],"replies":[{"embeddable":true,"href":"https:\/\/candas365.es\/noticias\/wp-json\/wp\/v2\/comments?post=186048"}],"version-history":[{"count":0,"href":"https:\/\/candas365.es\/noticias\/wp-json\/wp\/v2\/posts\/186048\/revisions"}],"wp:featuredmedia":[{"embeddable":true,"href":"https:\/\/candas365.es\/noticias\/wp-json\/wp\/v2\/media\/186049"}],"wp:attachment":[{"href":"https:\/\/candas365.es\/noticias\/wp-json\/wp\/v2\/media?parent=186048"}],"wp:term":[{"taxonomy":"category","embeddable":true,"href":"https:\/\/candas365.es\/noticias\/wp-json\/wp\/v2\/categories?post=186048"},{"taxonomy":"post_tag","embeddable":true,"href":"https:\/\/candas365.es\/noticias\/wp-json\/wp\/v2\/tags?post=186048"}],"curies":[{"name":"wp","href":"https:\/\/api.w.org\/{rel}","templated":true}]}}