{"id":186023,"date":"2025-04-15T06:55:23","date_gmt":"2025-04-15T04:55:23","guid":{"rendered":"https:\/\/candas365.es\/noticias\/?p=186023"},"modified":"2025-04-15T06:55:23","modified_gmt":"2025-04-15T04:55:23","slug":"asturias-comenzo-abril-de-2025-con-54-607-desempleados","status":"publish","type":"post","link":"https:\/\/candas365.es\/noticias\/asturias-comenzo-abril-de-2025-con-54-607-desempleados\/","title":{"rendered":"Asturias comenz\u00f3 abril de 2025 con 54.607 desempleados"},"content":{"rendered":"<p><strong><a href=\"https:\/\/candas365.es\/noticias\/category\/asturias\/\"><span style=\"color: #ff6600;\">Asturias<\/span><\/a> ha comenzando el mes de abril de 2025 con 54.607 desempleados<\/strong>, y desde el <a href=\"https:\/\/actualidad.asturias.es\/\" target=\"_blank\" rel=\"noopener\"><span style=\"color: #ff6600;\"><strong>Gobierno del Principado<\/strong><\/span><\/a> han informado que nuestra regi\u00f3n cerr\u00f3 marzo con 2.952 parados menos que en el mismo mes del a\u00f1o pasado, sumando as\u00ed cuatro a\u00f1os consecutivos de descensos interanuales del desempleo, impulsados por los sectores de servicios e industria.<\/p>\n<figure id=\"attachment_186024\" aria-describedby=\"caption-attachment-186024\" style=\"width: 650px\" class=\"wp-caption aligncenter\"><img fetchpriority=\"high\" decoding=\"async\" class=\"wp-image-186024 size-large\" src=\"https:\/\/candas365.es\/noticias\/wp-content\/uploads\/2025\/04\/Asturias-empleo-y-desempleados-650x433.jpg\" alt=\"Asturias empleo y desempleados\" width=\"650\" height=\"433\" srcset=\"https:\/\/candas365.es\/noticias\/wp-content\/uploads\/2025\/04\/Asturias-empleo-y-desempleados-650x433.jpg 650w, https:\/\/candas365.es\/noticias\/wp-content\/uploads\/2025\/04\/Asturias-empleo-y-desempleados-360x240.jpg 360w, https:\/\/candas365.es\/noticias\/wp-content\/uploads\/2025\/04\/Asturias-empleo-y-desempleados-768x512.jpg 768w, https:\/\/candas365.es\/noticias\/wp-content\/uploads\/2025\/04\/Asturias-empleo-y-desempleados-150x100.jpg 150w, https:\/\/candas365.es\/noticias\/wp-content\/uploads\/2025\/04\/Asturias-empleo-y-desempleados-450x300.jpg 450w, https:\/\/candas365.es\/noticias\/wp-content\/uploads\/2025\/04\/Asturias-empleo-y-desempleados.jpg 989w\" sizes=\"(max-width: 650px) 100vw, 650px\" \/><figcaption id=\"caption-attachment-186024\" class=\"wp-caption-text\">Foto: 123rf.com<\/figcaption><\/figure>\n<p>A 31 de marzo, las oficinas del Servicio P\u00fablico de Empleo registraban 54.607 desempleados, 350 menos que a finales de febrero. <strong>Este fue el mejor mes de marzo en 17 a\u00f1os, con cifras de desempleo que vuelven a niveles anteriores a la crisis financiera de 2008.<\/strong><\/p>\n<p>La ca\u00edda del paro fue generalizada en todos los sectores, siendo m\u00e1s intensa en servicios, construcci\u00f3n e industria, especialmente en el sector del metal, uno de los pilares de la econom\u00eda asturiana. Con estos datos, <strong>Asturias se posicion\u00f3 como la sexta comunidad con mayor descenso del desempleo.<\/strong><\/p>\n<p>Adem\u00e1s de la ca\u00edda del paro, el empleo aument\u00f3. <strong>En marzo, el Principado contaba con 385.571 afiliados a la Seguridad Social, 5.886 m\u00e1s que hace un a\u00f1o, acumulando 48 meses consecutivos de crecimiento en la afiliaci\u00f3n.<\/strong><\/p>\n<p>Bego\u00f1a L\u00f3pez, directora general del Servicio P\u00fablico de Empleo (SEPEPA), destac\u00f3 la buena evoluci\u00f3n de las cifras de desempleo en construcci\u00f3n e industria.<strong> Anunci\u00f3 que este mes se pondr\u00e1n en marcha nuevas escuelas taller, en las que participar\u00e1n 250 j\u00f3venes para mejorar su formaci\u00f3n y sus posibilidades de inserci\u00f3n en el mercado laboral.<\/strong><\/p>\n","protected":false},"excerpt":{"rendered":"<p>Asturias ha comenzando el mes de abril de 2025 con 54.607 desempleados, y desde el Gobierno del Principado han informado que nuestra regi\u00f3n cerr\u00f3 marzo con 2.952 parados menos que en el mismo mes del a\u00f1o pasado, sumando as\u00ed cuatro a\u00f1os consecutivos de descensos interanuales del desempleo, impulsados por los sectores de servicios e industria.<\/p>\n","protected":false},"author":1,"featured_media":186024,"comment_status":"closed","ping_status":"closed","sticky":false,"template":"","format":"standard","meta":{"footnotes":""},"categories":[7,316],"tags":[380,382],"class_list":{"0":"post-186023","1":"post","2":"type-post","3":"status-publish","4":"format-standard","5":"has-post-thumbnail","7":"category-asturias","8":"category-destacadas","9":"tag-asturias","10":"tag-empleo"},"aioseo_notices":[],"aioseo_head":"\n\t\t<!-- All in One SEO Pro 4.9.6.2 - aioseo.com -->\n\t<meta name=\"description\" content=\"Asturias ha comenzando el mes de abril de 2025 con 54.607 desempleados, y desde el Gobierno del Principado han informado que nuestra regi\u00f3n cerr\u00f3 marzo\" \/>\n\t<meta name=\"robots\" content=\"max-image-preview:large\" \/>\n\t<meta name=\"author\" content=\"Cand\u00e1s 365\"\/>\n\t<meta name=\"google-site-verification\" content=\"UA-32230408-1\" \/>\n\t<meta name=\"msvalidate.01\" content=\"354F3CDFB2DA171B47FBE9ABF1F88D5\" \/>\n\t<meta name=\"keywords\" content=\"asturias,destacadas\" \/>\n\t<link rel=\"canonical\" href=\"https:\/\/candas365.es\/noticias\/asturias-comenzo-abril-de-2025-con-54-607-desempleados\/\" \/>\n\t<meta name=\"generator\" content=\"All in One SEO Pro (AIOSEO) 4.9.6.2\" \/>\n\t\t<meta property=\"og:locale\" content=\"es_ES\" \/>\n\t\t<meta property=\"og:site_name\" content=\"Cand\u00e1s 365\" \/>\n\t\t<meta property=\"og:type\" content=\"article\" \/>\n\t\t<meta property=\"og:title\" content=\"Asturias comenz\u00f3 abril de 2025 con 54.607 desempleados | Cand\u00e1s 365\" \/>\n\t\t<meta property=\"og:description\" content=\"Asturias ha comenzando el mes de abril de 2025 con 54.607 desempleados, y desde el Gobierno del Principado han informado que nuestra regi\u00f3n cerr\u00f3 marzo\" \/>\n\t\t<meta property=\"og:url\" content=\"https:\/\/candas365.es\/noticias\/asturias-comenzo-abril-de-2025-con-54-607-desempleados\/\" \/>\n\t\t<meta property=\"og:image\" content=\"https:\/\/candas365.es\/noticias\/wp-content\/uploads\/2025\/04\/Asturias-empleo-y-desempleados.jpg\" \/>\n\t\t<meta property=\"og:image:secure_url\" content=\"https:\/\/candas365.es\/noticias\/wp-content\/uploads\/2025\/04\/Asturias-empleo-y-desempleados.jpg\" \/>\n\t\t<meta property=\"og:image:width\" content=\"989\" \/>\n\t\t<meta property=\"og:image:height\" content=\"659\" \/>\n\t\t<meta property=\"article:published_time\" content=\"2025-04-15T04:55:23+00:00\" \/>\n\t\t<meta property=\"article:modified_time\" content=\"2025-04-15T04:55:23+00:00\" \/>\n\t\t<meta property=\"article:publisher\" content=\"https:\/\/www.facebook.com\/Nachofdezber\" \/>\n\t\t<meta property=\"article:author\" content=\"https:\/\/www.facebook.com\/carrenoactualidad\" \/>\n\t\t<meta name=\"twitter:card\" content=\"summary_large_image\" \/>\n\t\t<meta name=\"twitter:site\" content=\"@NabercoDigital\" \/>\n\t\t<meta name=\"twitter:title\" content=\"Asturias comenz\u00f3 abril de 2025 con 54.607 desempleados | Cand\u00e1s 365\" \/>\n\t\t<meta name=\"twitter:description\" content=\"Asturias ha comenzando el mes de abril de 2025 con 54.607 desempleados, y desde el Gobierno del Principado han informado que nuestra regi\u00f3n cerr\u00f3 marzo\" \/>\n\t\t<meta name=\"twitter:creator\" content=\"@nbasturias\" \/>\n\t\t<meta name=\"twitter:image\" content=\"https:\/\/candas365.es\/noticias\/wp-content\/uploads\/2025\/04\/Asturias-empleo-y-desempleados.jpg\" \/>\n\t\t<meta name=\"twitter:label1\" content=\"Escrito por\" \/>\n\t\t<meta name=\"twitter:data1\" content=\"Cand\u00e1s 365\" \/>\n\t\t<meta name=\"twitter:label2\" content=\"Tiempo de lectura estimado\" \/>\n\t\t<meta name=\"twitter:data2\" content=\"1 minuto\" \/>\n\t\t<script type=\"application\/ld+json\" class=\"aioseo-schema\">\n\t\t\t{\"@context\":\"https:\\\/\\\/schema.org\",\"@graph\":[{\"@type\":\"BreadcrumbList\",\"@id\":\"https:\\\/\\\/candas365.es\\\/noticias\\\/asturias-comenzo-abril-de-2025-con-54-607-desempleados\\\/#breadcrumblist\",\"itemListElement\":[{\"@type\":\"ListItem\",\"@id\":\"https:\\\/\\\/candas365.es\\\/noticias#listItem\",\"position\":1,\"name\":\"Home\",\"item\":\"https:\\\/\\\/candas365.es\\\/noticias\",\"nextItem\":{\"@type\":\"ListItem\",\"@id\":\"https:\\\/\\\/candas365.es\\\/noticias\\\/category\\\/asturias\\\/#listItem\",\"name\":\"Asturias\"}},{\"@type\":\"ListItem\",\"@id\":\"https:\\\/\\\/candas365.es\\\/noticias\\\/category\\\/asturias\\\/#listItem\",\"position\":2,\"name\":\"Asturias\",\"item\":\"https:\\\/\\\/candas365.es\\\/noticias\\\/category\\\/asturias\\\/\",\"nextItem\":{\"@type\":\"ListItem\",\"@id\":\"https:\\\/\\\/candas365.es\\\/noticias\\\/asturias-comenzo-abril-de-2025-con-54-607-desempleados\\\/#listItem\",\"name\":\"Asturias comenz\\u00f3 abril de 2025 con 54.607 desempleados\"},\"previousItem\":{\"@type\":\"ListItem\",\"@id\":\"https:\\\/\\\/candas365.es\\\/noticias#listItem\",\"name\":\"Home\"}},{\"@type\":\"ListItem\",\"@id\":\"https:\\\/\\\/candas365.es\\\/noticias\\\/asturias-comenzo-abril-de-2025-con-54-607-desempleados\\\/#listItem\",\"position\":3,\"name\":\"Asturias comenz\\u00f3 abril de 2025 con 54.607 desempleados\",\"previousItem\":{\"@type\":\"ListItem\",\"@id\":\"https:\\\/\\\/candas365.es\\\/noticias\\\/category\\\/asturias\\\/#listItem\",\"name\":\"Asturias\"}}]},{\"@type\":\"NewsArticle\",\"@id\":\"https:\\\/\\\/candas365.es\\\/noticias\\\/asturias-comenzo-abril-de-2025-con-54-607-desempleados\\\/#newsarticle\",\"name\":\"Asturias comenz\\u00f3 abril de 2025 con 54.607 desempleados | Cand\\u00e1s 365\",\"headline\":\"Asturias comenz\\u00f3 abril de 2025 con 54.607 desempleados\",\"author\":{\"@id\":\"https:\\\/\\\/candas365.es\\\/noticias\\\/author\\\/admin\\\/#author\"},\"publisher\":{\"@id\":\"https:\\\/\\\/candas365.es\\\/noticias\\\/#organization\"},\"image\":{\"@type\":\"ImageObject\",\"url\":\"https:\\\/\\\/candas365.es\\\/noticias\\\/wp-content\\\/uploads\\\/2025\\\/04\\\/Asturias-empleo-y-desempleados.jpg\",\"width\":989,\"height\":659,\"caption\":\"Foto: 123rf.com\"},\"datePublished\":\"2025-04-15T06:55:23+02:00\",\"dateModified\":\"2025-04-15T06:55:23+02:00\",\"inLanguage\":\"es-ES\",\"mainEntityOfPage\":{\"@id\":\"https:\\\/\\\/candas365.es\\\/noticias\\\/asturias-comenzo-abril-de-2025-con-54-607-desempleados\\\/#webpage\"},\"isPartOf\":{\"@id\":\"https:\\\/\\\/candas365.es\\\/noticias\\\/asturias-comenzo-abril-de-2025-con-54-607-desempleados\\\/#webpage\"},\"articleSection\":\"Asturias, Destacadas, Asturias, empleo\",\"dateline\":\"Publicado el abril 15, 2025.\"},{\"@type\":\"Organization\",\"@id\":\"https:\\\/\\\/candas365.es\\\/noticias\\\/#organization\",\"name\":\"Cand\\u00e1s 365\",\"description\":\"Cand\\u00e1s 365 es un diario digital independiente, fundado en 2012, con base en Asturias. Informamos con rigor sobre actualidad, sociedad, cultura y ocio, con una mirada local y global.\",\"url\":\"https:\\\/\\\/candas365.es\\\/noticias\\\/\",\"email\":\"info@candas365.es\",\"telephone\":\"+34652131393\",\"foundingDate\":\"2012-06-10\",\"logo\":{\"@type\":\"ImageObject\",\"url\":\"https:\\\/\\\/candas365.es\\\/noticias\\\/wp-content\\\/uploads\\\/2024\\\/09\\\/Candas-365-Redes.jpg\",\"@id\":\"https:\\\/\\\/candas365.es\\\/noticias\\\/asturias-comenzo-abril-de-2025-con-54-607-desempleados\\\/#organizationLogo\",\"width\":1152,\"height\":864,\"caption\":\"Cand\\u00e1s 365 Redes\"},\"image\":{\"@id\":\"https:\\\/\\\/candas365.es\\\/noticias\\\/asturias-comenzo-abril-de-2025-con-54-607-desempleados\\\/#organizationLogo\"},\"sameAs\":[\"https:\\\/\\\/www.facebook.com\\\/Nachofdezber\",\"https:\\\/\\\/x.com\\\/NabercoDigital\",\"https:\\\/\\\/www.instagram.com\\\/nachofdezber\\\/\",\"https:\\\/\\\/www.youtube.com\\\/channel\\\/UCZP-2wLEB9Rv6erhFmqVnvg\"],\"address\":{\"@id\":\"https:\\\/\\\/candas365.es\\\/noticias\\\/#postaladdress\",\"@type\":\"PostalAddress\",\"streetAddress\":\"san antonio 4, san antonio 4\",\"postalCode\":\"33430\",\"addressLocality\":\"Cand\\u00e1s\",\"addressRegion\":\"Asturias\",\"addressCountry\":\"ES\"}},{\"@type\":\"Person\",\"@id\":\"https:\\\/\\\/candas365.es\\\/noticias\\\/author\\\/admin\\\/#author\",\"url\":\"https:\\\/\\\/candas365.es\\\/noticias\\\/author\\\/admin\\\/\",\"name\":\"Cand\\u00e1s 365\",\"image\":{\"@type\":\"ImageObject\",\"@id\":\"https:\\\/\\\/candas365.es\\\/noticias\\\/asturias-comenzo-abril-de-2025-con-54-607-desempleados\\\/#authorImage\",\"url\":\"https:\\\/\\\/secure.gravatar.com\\\/avatar\\\/496a8e03d0c493ede1718b7934145dbdf8d89be1036b0eec9544e1094c9de390?s=96&d=mm&r=g\",\"width\":96,\"height\":96,\"caption\":\"Cand\\u00e1s 365\"},\"sameAs\":[\"https:\\\/\\\/www.facebook.com\\\/carrenoactualidad\",\"https:\\\/\\\/twitter.com\\\/nbasturias\",\"https:\\\/\\\/www.instagram.com\\\/nachofdezber\\\/\",\"https:\\\/\\\/www.youtube.com\\\/channel\\\/UCZP-2wLEB9Rv6erhFmqVnvg\"]},{\"@type\":\"WebPage\",\"@id\":\"https:\\\/\\\/candas365.es\\\/noticias\\\/asturias-comenzo-abril-de-2025-con-54-607-desempleados\\\/#webpage\",\"url\":\"https:\\\/\\\/candas365.es\\\/noticias\\\/asturias-comenzo-abril-de-2025-con-54-607-desempleados\\\/\",\"name\":\"Asturias comenz\\u00f3 abril de 2025 con 54.607 desempleados | Cand\\u00e1s 365\",\"description\":\"Asturias ha comenzando el mes de abril de 2025 con 54.607 desempleados, y desde el Gobierno del Principado han informado que nuestra regi\\u00f3n cerr\\u00f3 marzo\",\"inLanguage\":\"es-ES\",\"isPartOf\":{\"@id\":\"https:\\\/\\\/candas365.es\\\/noticias\\\/#website\"},\"breadcrumb\":{\"@id\":\"https:\\\/\\\/candas365.es\\\/noticias\\\/asturias-comenzo-abril-de-2025-con-54-607-desempleados\\\/#breadcrumblist\"},\"author\":{\"@id\":\"https:\\\/\\\/candas365.es\\\/noticias\\\/author\\\/admin\\\/#author\"},\"creator\":{\"@id\":\"https:\\\/\\\/candas365.es\\\/noticias\\\/author\\\/admin\\\/#author\"},\"image\":{\"@type\":\"ImageObject\",\"url\":\"https:\\\/\\\/candas365.es\\\/noticias\\\/wp-content\\\/uploads\\\/2025\\\/04\\\/Asturias-empleo-y-desempleados.jpg\",\"@id\":\"https:\\\/\\\/candas365.es\\\/noticias\\\/asturias-comenzo-abril-de-2025-con-54-607-desempleados\\\/#mainImage\",\"width\":989,\"height\":659,\"caption\":\"Foto: 123rf.com\"},\"primaryImageOfPage\":{\"@id\":\"https:\\\/\\\/candas365.es\\\/noticias\\\/asturias-comenzo-abril-de-2025-con-54-607-desempleados\\\/#mainImage\"},\"datePublished\":\"2025-04-15T06:55:23+02:00\",\"dateModified\":\"2025-04-15T06:55:23+02:00\"},{\"@type\":\"WebSite\",\"@id\":\"https:\\\/\\\/candas365.es\\\/noticias\\\/#website\",\"url\":\"https:\\\/\\\/candas365.es\\\/noticias\\\/\",\"name\":\"Cand\\u00e1s 365\",\"alternateName\":\"Cand\\u00e1s 365 Noticias\",\"description\":\"Actualidad desde Carre\\u00f1o para el mundo\",\"inLanguage\":\"es-ES\",\"publisher\":{\"@id\":\"https:\\\/\\\/candas365.es\\\/noticias\\\/#organization\"}}]}\n\t\t<\/script>\n\t\t<!-- All in One SEO Pro -->\r\n\t\t<title>Asturias comenz\u00f3 abril de 2025 con 54.607 desempleados | Cand\u00e1s 365<\/title>\n\n","aioseo_head_json":{"title":"Asturias comenz\u00f3 abril de 2025 con 54.607 desempleados | Cand\u00e1s 365","description":"Asturias ha comenzando el mes de abril de 2025 con 54.607 desempleados, y desde el Gobierno del Principado han informado que nuestra regi\u00f3n cerr\u00f3 marzo","canonical_url":"https:\/\/candas365.es\/noticias\/asturias-comenzo-abril-de-2025-con-54-607-desempleados\/","robots":"max-image-preview:large","keywords":"asturias,destacadas","webmasterTools":{"google-site-verification":"UA-32230408-1","msvalidate.01":"354F3CDFB2DA171B47FBE9ABF1F88D5","miscellaneous":""},"schema":{"@context":"https:\/\/schema.org","@graph":[{"@type":"BreadcrumbList","@id":"https:\/\/candas365.es\/noticias\/asturias-comenzo-abril-de-2025-con-54-607-desempleados\/#breadcrumblist","itemListElement":[{"@type":"ListItem","@id":"https:\/\/candas365.es\/noticias#listItem","position":1,"name":"Home","item":"https:\/\/candas365.es\/noticias","nextItem":{"@type":"ListItem","@id":"https:\/\/candas365.es\/noticias\/category\/asturias\/#listItem","name":"Asturias"}},{"@type":"ListItem","@id":"https:\/\/candas365.es\/noticias\/category\/asturias\/#listItem","position":2,"name":"Asturias","item":"https:\/\/candas365.es\/noticias\/category\/asturias\/","nextItem":{"@type":"ListItem","@id":"https:\/\/candas365.es\/noticias\/asturias-comenzo-abril-de-2025-con-54-607-desempleados\/#listItem","name":"Asturias comenz\u00f3 abril de 2025 con 54.607 desempleados"},"previousItem":{"@type":"ListItem","@id":"https:\/\/candas365.es\/noticias#listItem","name":"Home"}},{"@type":"ListItem","@id":"https:\/\/candas365.es\/noticias\/asturias-comenzo-abril-de-2025-con-54-607-desempleados\/#listItem","position":3,"name":"Asturias comenz\u00f3 abril de 2025 con 54.607 desempleados","previousItem":{"@type":"ListItem","@id":"https:\/\/candas365.es\/noticias\/category\/asturias\/#listItem","name":"Asturias"}}]},{"@type":"NewsArticle","@id":"https:\/\/candas365.es\/noticias\/asturias-comenzo-abril-de-2025-con-54-607-desempleados\/#newsarticle","name":"Asturias comenz\u00f3 abril de 2025 con 54.607 desempleados | Cand\u00e1s 365","headline":"Asturias comenz\u00f3 abril de 2025 con 54.607 desempleados","author":{"@id":"https:\/\/candas365.es\/noticias\/author\/admin\/#author"},"publisher":{"@id":"https:\/\/candas365.es\/noticias\/#organization"},"image":{"@type":"ImageObject","url":"https:\/\/candas365.es\/noticias\/wp-content\/uploads\/2025\/04\/Asturias-empleo-y-desempleados.jpg","width":989,"height":659,"caption":"Foto: 123rf.com"},"datePublished":"2025-04-15T06:55:23+02:00","dateModified":"2025-04-15T06:55:23+02:00","inLanguage":"es-ES","mainEntityOfPage":{"@id":"https:\/\/candas365.es\/noticias\/asturias-comenzo-abril-de-2025-con-54-607-desempleados\/#webpage"},"isPartOf":{"@id":"https:\/\/candas365.es\/noticias\/asturias-comenzo-abril-de-2025-con-54-607-desempleados\/#webpage"},"articleSection":"Asturias, Destacadas, Asturias, empleo","dateline":"Publicado el abril 15, 2025."},{"@type":"Organization","@id":"https:\/\/candas365.es\/noticias\/#organization","name":"Cand\u00e1s 365","description":"Cand\u00e1s 365 es un diario digital independiente, fundado en 2012, con base en Asturias. Informamos con rigor sobre actualidad, sociedad, cultura y ocio, con una mirada local y global.","url":"https:\/\/candas365.es\/noticias\/","email":"info@candas365.es","telephone":"+34652131393","foundingDate":"2012-06-10","logo":{"@type":"ImageObject","url":"https:\/\/candas365.es\/noticias\/wp-content\/uploads\/2024\/09\/Candas-365-Redes.jpg","@id":"https:\/\/candas365.es\/noticias\/asturias-comenzo-abril-de-2025-con-54-607-desempleados\/#organizationLogo","width":1152,"height":864,"caption":"Cand\u00e1s 365 Redes"},"image":{"@id":"https:\/\/candas365.es\/noticias\/asturias-comenzo-abril-de-2025-con-54-607-desempleados\/#organizationLogo"},"sameAs":["https:\/\/www.facebook.com\/Nachofdezber","https:\/\/x.com\/NabercoDigital","https:\/\/www.instagram.com\/nachofdezber\/","https:\/\/www.youtube.com\/channel\/UCZP-2wLEB9Rv6erhFmqVnvg"],"address":{"@id":"https:\/\/candas365.es\/noticias\/#postaladdress","@type":"PostalAddress","streetAddress":"san antonio 4, san antonio 4","postalCode":"33430","addressLocality":"Cand\u00e1s","addressRegion":"Asturias","addressCountry":"ES"}},{"@type":"Person","@id":"https:\/\/candas365.es\/noticias\/author\/admin\/#author","url":"https:\/\/candas365.es\/noticias\/author\/admin\/","name":"Cand\u00e1s 365","image":{"@type":"ImageObject","@id":"https:\/\/candas365.es\/noticias\/asturias-comenzo-abril-de-2025-con-54-607-desempleados\/#authorImage","url":"https:\/\/secure.gravatar.com\/avatar\/496a8e03d0c493ede1718b7934145dbdf8d89be1036b0eec9544e1094c9de390?s=96&d=mm&r=g","width":96,"height":96,"caption":"Cand\u00e1s 365"},"sameAs":["https:\/\/www.facebook.com\/carrenoactualidad","https:\/\/twitter.com\/nbasturias","https:\/\/www.instagram.com\/nachofdezber\/","https:\/\/www.youtube.com\/channel\/UCZP-2wLEB9Rv6erhFmqVnvg"]},{"@type":"WebPage","@id":"https:\/\/candas365.es\/noticias\/asturias-comenzo-abril-de-2025-con-54-607-desempleados\/#webpage","url":"https:\/\/candas365.es\/noticias\/asturias-comenzo-abril-de-2025-con-54-607-desempleados\/","name":"Asturias comenz\u00f3 abril de 2025 con 54.607 desempleados | Cand\u00e1s 365","description":"Asturias ha comenzando el mes de abril de 2025 con 54.607 desempleados, y desde el Gobierno del Principado han informado que nuestra regi\u00f3n cerr\u00f3 marzo","inLanguage":"es-ES","isPartOf":{"@id":"https:\/\/candas365.es\/noticias\/#website"},"breadcrumb":{"@id":"https:\/\/candas365.es\/noticias\/asturias-comenzo-abril-de-2025-con-54-607-desempleados\/#breadcrumblist"},"author":{"@id":"https:\/\/candas365.es\/noticias\/author\/admin\/#author"},"creator":{"@id":"https:\/\/candas365.es\/noticias\/author\/admin\/#author"},"image":{"@type":"ImageObject","url":"https:\/\/candas365.es\/noticias\/wp-content\/uploads\/2025\/04\/Asturias-empleo-y-desempleados.jpg","@id":"https:\/\/candas365.es\/noticias\/asturias-comenzo-abril-de-2025-con-54-607-desempleados\/#mainImage","width":989,"height":659,"caption":"Foto: 123rf.com"},"primaryImageOfPage":{"@id":"https:\/\/candas365.es\/noticias\/asturias-comenzo-abril-de-2025-con-54-607-desempleados\/#mainImage"},"datePublished":"2025-04-15T06:55:23+02:00","dateModified":"2025-04-15T06:55:23+02:00"},{"@type":"WebSite","@id":"https:\/\/candas365.es\/noticias\/#website","url":"https:\/\/candas365.es\/noticias\/","name":"Cand\u00e1s 365","alternateName":"Cand\u00e1s 365 Noticias","description":"Actualidad desde Carre\u00f1o para el mundo","inLanguage":"es-ES","publisher":{"@id":"https:\/\/candas365.es\/noticias\/#organization"}}]},"og:locale":"es_ES","og:site_name":"Cand\u00e1s 365","og:type":"article","og:title":"Asturias comenz\u00f3 abril de 2025 con 54.607 desempleados | Cand\u00e1s 365","og:description":"Asturias ha comenzando el mes de abril de 2025 con 54.607 desempleados, y desde el Gobierno del Principado han informado que nuestra regi\u00f3n cerr\u00f3 marzo","og:url":"https:\/\/candas365.es\/noticias\/asturias-comenzo-abril-de-2025-con-54-607-desempleados\/","og:image":"https:\/\/candas365.es\/noticias\/wp-content\/uploads\/2025\/04\/Asturias-empleo-y-desempleados.jpg","og:image:secure_url":"https:\/\/candas365.es\/noticias\/wp-content\/uploads\/2025\/04\/Asturias-empleo-y-desempleados.jpg","og:image:width":989,"og:image:height":659,"article:published_time":"2025-04-15T04:55:23+00:00","article:modified_time":"2025-04-15T04:55:23+00:00","article:publisher":"https:\/\/www.facebook.com\/Nachofdezber","article:author":"https:\/\/www.facebook.com\/carrenoactualidad","twitter:card":"summary_large_image","twitter:site":"@NabercoDigital","twitter:title":"Asturias comenz\u00f3 abril de 2025 con 54.607 desempleados | Cand\u00e1s 365","twitter:description":"Asturias ha comenzando el mes de abril de 2025 con 54.607 desempleados, y desde el Gobierno del Principado han informado que nuestra regi\u00f3n cerr\u00f3 marzo","twitter:creator":"@nbasturias","twitter:image":"https:\/\/candas365.es\/noticias\/wp-content\/uploads\/2025\/04\/Asturias-empleo-y-desempleados.jpg","twitter:label1":"Escrito por","twitter:data1":"Cand\u00e1s 365","twitter:label2":"Tiempo de lectura estimado","twitter:data2":"1 minuto"},"aioseo_meta_data":{"post_id":"186023","title":null,"description":"Asturias ha comenzando el mes de abril de 2025 con 54.607 desempleados, y desde el Gobierno del Principado han informado que nuestra regi\u00f3n cerr\u00f3 marzo","keywords":null,"keyphrases":{"focus":{"keyphrase":"Asturias","score":100,"analysis":{"keyphraseInTitle":{"score":9,"maxScore":9,"error":0},"keyphraseInDescription":{"score":9,"maxScore":9,"error":0},"keyphraseLength":{"score":9,"maxScore":9,"error":0,"length":1},"keyphraseInURL":{"score":5,"maxScore":5,"error":0},"keyphraseInIntroduction":{"score":9,"maxScore":9,"error":0},"keyphraseInSubHeadings":[],"keyphraseInImageAlt":{"score":9,"maxScore":9,"error":0},"keywordDensity":{"type":"best","score":9,"maxScore":9,"error":0}}},"additional":[{"keyphrase":"desempleados","score":100,"analysis":{"keyphraseInDescription":{"score":9,"maxScore":9,"error":0},"keyphraseLength":{"score":9,"maxScore":9,"error":0,"length":1},"keyphraseInIntroduction":{"score":9,"maxScore":9,"error":0},"keyphraseInImageAlt":{"score":9,"maxScore":9,"error":0},"keywordDensity":{"type":"best","score":9,"maxScore":9,"error":0}}}]},"primary_term":null,"canonical_url":null,"og_title":null,"og_description":null,"og_object_type":"default","og_image_type":"default","og_image_url":null,"og_image_width":null,"og_image_height":null,"og_image_custom_url":null,"og_image_custom_fields":null,"og_video":"","og_custom_url":null,"og_article_section":null,"og_article_tags":null,"twitter_use_og":false,"twitter_card":"default","twitter_image_type":"default","twitter_image_url":null,"twitter_image_custom_url":null,"twitter_image_custom_fields":null,"twitter_title":null,"twitter_description":null,"schema":{"blockGraphs":[],"customGraphs":[],"default":{"data":{"Article":[],"Course":[],"Dataset":[],"FAQPage":[],"Movie":[],"Person":[],"Product":[],"ProductReview":[],"Car":[],"Recipe":[],"Service":[],"SoftwareApplication":[],"WebPage":[]},"graphName":"Article","isEnabled":true},"graphs":[]},"schema_type":"default","schema_type_options":null,"pillar_content":false,"robots_default":true,"robots_noindex":false,"robots_noarchive":false,"robots_nosnippet":false,"robots_nofollow":false,"robots_noimageindex":false,"robots_noodp":false,"robots_notranslate":false,"robots_max_snippet":"-1","robots_max_videopreview":"-1","robots_max_imagepreview":"large","priority":null,"frequency":"default","location":null,"local_seo":null,"seo_analyzer_scan_date":"2025-09-03 11:54:06","breadcrumb_settings":null,"limit_modified_date":false,"reviewed_by":null,"open_ai":"{\"title\":{\"suggestions\":[],\"usage\":0},\"description\":{\"suggestions\":[],\"usage\":0}}","ai":null,"created":"2025-04-15 04:44:36","updated":"2025-09-03 11:54:06"},"aioseo_breadcrumb":"<div class=\"aioseo-breadcrumbs\"><span class=\"aioseo-breadcrumb\">\n\t<a href=\"https:\/\/candas365.es\/noticias\" title=\"Home\">Home<\/a>\n<\/span><span class=\"aioseo-breadcrumb-separator\">&ndash;<\/span><span class=\"aioseo-breadcrumb\">\n\t<a href=\"https:\/\/candas365.es\/noticias\/category\/asturias\/\" title=\"Asturias\">Asturias<\/a>\n<\/span><span class=\"aioseo-breadcrumb-separator\">&ndash;<\/span><span class=\"aioseo-breadcrumb\">\n\tAsturias comenz\u00f3 abril de 2025 con 54.607 desempleados\n<\/span><\/div>","aioseo_breadcrumb_json":[{"label":"Home","link":"https:\/\/candas365.es\/noticias"},{"label":"Asturias","link":"https:\/\/candas365.es\/noticias\/category\/asturias\/"},{"label":"Asturias comenz\u00f3 abril de 2025 con 54.607 desempleados","link":"https:\/\/candas365.es\/noticias\/asturias-comenzo-abril-de-2025-con-54-607-desempleados\/"}],"_links":{"self":[{"href":"https:\/\/candas365.es\/noticias\/wp-json\/wp\/v2\/posts\/186023","targetHints":{"allow":["GET"]}}],"collection":[{"href":"https:\/\/candas365.es\/noticias\/wp-json\/wp\/v2\/posts"}],"about":[{"href":"https:\/\/candas365.es\/noticias\/wp-json\/wp\/v2\/types\/post"}],"author":[{"embeddable":true,"href":"https:\/\/candas365.es\/noticias\/wp-json\/wp\/v2\/users\/1"}],"replies":[{"embeddable":true,"href":"https:\/\/candas365.es\/noticias\/wp-json\/wp\/v2\/comments?post=186023"}],"version-history":[{"count":0,"href":"https:\/\/candas365.es\/noticias\/wp-json\/wp\/v2\/posts\/186023\/revisions"}],"wp:featuredmedia":[{"embeddable":true,"href":"https:\/\/candas365.es\/noticias\/wp-json\/wp\/v2\/media\/186024"}],"wp:attachment":[{"href":"https:\/\/candas365.es\/noticias\/wp-json\/wp\/v2\/media?parent=186023"}],"wp:term":[{"taxonomy":"category","embeddable":true,"href":"https:\/\/candas365.es\/noticias\/wp-json\/wp\/v2\/categories?post=186023"},{"taxonomy":"post_tag","embeddable":true,"href":"https:\/\/candas365.es\/noticias\/wp-json\/wp\/v2\/tags?post=186023"}],"curies":[{"name":"wp","href":"https:\/\/api.w.org\/{rel}","templated":true}]}}