{"id":185928,"date":"2025-04-14T05:31:55","date_gmt":"2025-04-14T03:31:55","guid":{"rendered":"https:\/\/candas365.es\/noticias\/?p=185928"},"modified":"2025-04-21T10:47:13","modified_gmt":"2025-04-21T08:47:13","slug":"miedo-en-las-empresas-espanolas-a-contratar-freelancers","status":"publish","type":"post","link":"https:\/\/candas365.es\/noticias\/miedo-en-las-empresas-espanolas-a-contratar-freelancers\/","title":{"rendered":"\u00abMiedo\u00bb en las empresas espa\u00f1olas a contratar freelancers"},"content":{"rendered":"<p>El director general de Malt en Espa\u00f1a, plataforma europea de freelancers, Jacobo Berm\u00fadez de Castro, asegur\u00f3 que en las <a href=\"https:\/\/candas365.es\/noticias\/category\/canal-empresas\/\"><span style=\"color: #ff6600;\"><strong>empresas<\/strong><\/span><\/a> \u201chay much\u00edsimo miedo a contratar freelancers\u201d en Espa\u00f1a.<\/p>\n<figure id=\"attachment_185929\" aria-describedby=\"caption-attachment-185929\" style=\"width: 650px\" class=\"wp-caption aligncenter\"><img fetchpriority=\"high\" decoding=\"async\" class=\"size-large wp-image-185929\" src=\"https:\/\/candas365.es\/noticias\/wp-content\/uploads\/2025\/04\/freelancers-650x404.jpg\" alt=\"freelancers\" width=\"650\" height=\"404\" srcset=\"https:\/\/candas365.es\/noticias\/wp-content\/uploads\/2025\/04\/freelancers-650x404.jpg 650w, https:\/\/candas365.es\/noticias\/wp-content\/uploads\/2025\/04\/freelancers-360x224.jpg 360w, https:\/\/candas365.es\/noticias\/wp-content\/uploads\/2025\/04\/freelancers-768x477.jpg 768w, https:\/\/candas365.es\/noticias\/wp-content\/uploads\/2025\/04\/freelancers-150x93.jpg 150w, https:\/\/candas365.es\/noticias\/wp-content\/uploads\/2025\/04\/freelancers-450x280.jpg 450w, https:\/\/candas365.es\/noticias\/wp-content\/uploads\/2025\/04\/freelancers.jpg 1046w\" sizes=\"(max-width: 650px) 100vw, 650px\" \/><figcaption id=\"caption-attachment-185929\" class=\"wp-caption-text\">Un trabajador freelance repasa su documentaci\u00f3n | Foto de 123RF\/armmypicca<\/figcaption><\/figure>\n<p>En declaraciones a Servimedia, Berm\u00fadez de Castro explic\u00f3 c\u00f3mo funciona el modelo de contrataci\u00f3n de Malt, que pone en contacto a empresas con freelancers o aut\u00f3nomos, sobre todo, del mundo tecnol\u00f3gico y el marketing.<\/p>\n<p>Los freelancers fijan su tarifa por d\u00eda y Malt cobra una comisi\u00f3n que comienza en un 5% al freelance sobre el precio del proyecto para el que se le ha contratado, que se deduce del importe a pagar al trabajador por parte de la empresa.<\/p>\n<p>Malt ofrece la plataforma y no deber\u00eda haber empresas operando con freelancers que realmente escondan falsos aut\u00f3nomos contratados a trav\u00e9s de Malt. \u201cLas empresas son conscientes\u201d de estas condiciones, seg\u00fan Berm\u00fadez.<\/p>\n<p>La plataforma crece a raz\u00f3n de 1.000 trabajadores independientes al mes. El a\u00f1o pasado increment\u00f3 el volumen bruto de transacciones en un 28,5% hasta los 28 millones de euros, y se sumaron m\u00e1s de 11.000 nuevos freelancers, un 20% m\u00e1s, hasta contabilizar 65.000 en Espa\u00f1a y m\u00e1s de 5.000 empresas. Para este a\u00f1o, Malt espera alcanzar los 35 millones de euros de volumen bruto de transacciones, un 25% de crecimiento.<\/p>\n<p>Berm\u00fadez relat\u00f3 que la pandemia supuso un \u201cpunto de inflexi\u00f3n\u201d por el mayor gasto en tecnolog\u00eda que conllev\u00f3 y una mayor demanda de talento digital y se aceler\u00f3 el uso de este modelo.<\/p>\n<p>De momento, es la gran empresa la que acude a Malt mayoritariamente, pues un 80% de su beneficio procede de ella. \u201cTrabajamos aproximadamente con una tercera parte del IBEX 35\u201d, asegur\u00f3 Berm\u00fadez, quien detecta que el selectivo espa\u00f1ol est\u00e1 \u201cempezando a desarrollar una estrategia de talento externo\u201d y asegura que, si la gran empresa empuja este modelo, crecer\u00e1 en Espa\u00f1a. Tambi\u00e9n apunta que \u201cel Gobierno podr\u00eda ayudar\u201d.<\/p>\n<p>Seg\u00fan el informe \u2018Freelancing en Europa 2024\u2019 elaborado por Malt, los datos para Espa\u00f1a reflejan que el 96% de los trabajadores registrados en la plataforma tiene experiencia anterior como empleado, el 76% durante m\u00e1s de tres a\u00f1os.<\/p>\n<p>Las categor\u00edas profesionales predominantes son el arte y dise\u00f1o (37%), comunicaci\u00f3n y marketing (23%) y tecnolog\u00eda y data (19%). Facturan 257 d\u00edas al a\u00f1o de media, m\u00e1s que en el resto de pa\u00edses analizados, que no superan los 200 d\u00edas -Francia, Alemania, Reino Unido, Pa\u00edses Bajos y B\u00e9lgica-.<\/p>\n<p>(<a href=\"https:\/\/www.servimedia.es\/\" target=\"_blank\" rel=\"noopener\"><span style=\"color: #ff6600;\"><strong>SERVIMEDIA<\/strong><\/span><\/a>)<\/p>\n","protected":false},"excerpt":{"rendered":"<p>El director general de Malt en Espa\u00f1a, plataforma europea de freelancers, Jacobo Berm\u00fadez de Castro, asegur\u00f3 que en las empresas \u201chay much\u00edsimo miedo a contratar freelancers\u201d en Espa\u00f1a. En declaraciones a Servimedia, Berm\u00fadez de Castro explic\u00f3 c\u00f3mo funciona el modelo de contrataci\u00f3n de Malt, que pone en contacto a empresas con freelancers o aut\u00f3nomos, sobre<\/p>\n","protected":false},"author":1,"featured_media":185929,"comment_status":"closed","ping_status":"closed","sticky":false,"template":"","format":"standard","meta":{"footnotes":""},"categories":[151],"tags":[383],"class_list":{"0":"post-185928","1":"post","2":"type-post","3":"status-publish","4":"format-standard","5":"has-post-thumbnail","7":"category-canal-empresas","8":"tag-empresas"},"aioseo_notices":[],"aioseo_head":"\n\t\t<!-- All in One SEO Pro 4.9.6.2 - aioseo.com -->\n\t<meta name=\"description\" content=\"El director general de Malt en Espa\u00f1a, plataforma europea de freelancers, Jacobo Berm\u00fadez de Castro, asegur\u00f3 que en las empresas \u201chay much\u00edsimo miedo\" \/>\n\t<meta name=\"robots\" content=\"max-image-preview:large\" \/>\n\t<meta name=\"author\" content=\"Cand\u00e1s 365\"\/>\n\t<meta name=\"google-site-verification\" content=\"UA-32230408-1\" \/>\n\t<meta name=\"msvalidate.01\" content=\"354F3CDFB2DA171B47FBE9ABF1F88D5\" \/>\n\t<meta name=\"keywords\" content=\"canal empresas\" \/>\n\t<link rel=\"canonical\" href=\"https:\/\/candas365.es\/noticias\/miedo-en-las-empresas-espanolas-a-contratar-freelancers\/\" \/>\n\t<meta name=\"generator\" content=\"All in One SEO Pro (AIOSEO) 4.9.6.2\" \/>\n\t\t<meta property=\"og:locale\" content=\"es_ES\" \/>\n\t\t<meta property=\"og:site_name\" content=\"Cand\u00e1s 365\" \/>\n\t\t<meta property=\"og:type\" content=\"article\" \/>\n\t\t<meta property=\"og:title\" content=\"\u00abMiedo\u00bb en las empresas espa\u00f1olas a contratar freelancers | Cand\u00e1s 365\" \/>\n\t\t<meta property=\"og:description\" content=\"El director general de Malt en Espa\u00f1a, plataforma europea de freelancers, Jacobo Berm\u00fadez de Castro, asegur\u00f3 que en las empresas \u201chay much\u00edsimo miedo\" \/>\n\t\t<meta property=\"og:url\" content=\"https:\/\/candas365.es\/noticias\/miedo-en-las-empresas-espanolas-a-contratar-freelancers\/\" \/>\n\t\t<meta property=\"og:image\" content=\"https:\/\/candas365.es\/noticias\/wp-content\/uploads\/2025\/04\/freelancers.jpg\" \/>\n\t\t<meta property=\"og:image:secure_url\" content=\"https:\/\/candas365.es\/noticias\/wp-content\/uploads\/2025\/04\/freelancers.jpg\" \/>\n\t\t<meta property=\"og:image:width\" content=\"1046\" \/>\n\t\t<meta property=\"og:image:height\" content=\"650\" \/>\n\t\t<meta property=\"article:published_time\" content=\"2025-04-14T03:31:55+00:00\" \/>\n\t\t<meta property=\"article:modified_time\" content=\"2025-04-21T08:47:13+00:00\" \/>\n\t\t<meta property=\"article:publisher\" content=\"https:\/\/www.facebook.com\/Nachofdezber\" \/>\n\t\t<meta property=\"article:author\" content=\"https:\/\/www.facebook.com\/carrenoactualidad\" \/>\n\t\t<meta name=\"twitter:card\" content=\"summary_large_image\" \/>\n\t\t<meta name=\"twitter:site\" content=\"@NabercoDigital\" \/>\n\t\t<meta name=\"twitter:title\" content=\"\u00abMiedo\u00bb en las empresas espa\u00f1olas a contratar freelancers | Cand\u00e1s 365\" \/>\n\t\t<meta name=\"twitter:description\" content=\"El director general de Malt en Espa\u00f1a, plataforma europea de freelancers, Jacobo Berm\u00fadez de Castro, asegur\u00f3 que en las empresas \u201chay much\u00edsimo miedo\" \/>\n\t\t<meta name=\"twitter:creator\" content=\"@nbasturias\" \/>\n\t\t<meta name=\"twitter:image\" content=\"https:\/\/candas365.es\/noticias\/wp-content\/uploads\/2025\/04\/freelancers.jpg\" \/>\n\t\t<meta name=\"twitter:label1\" content=\"Escrito por\" \/>\n\t\t<meta name=\"twitter:data1\" content=\"Cand\u00e1s 365\" \/>\n\t\t<meta name=\"twitter:label2\" content=\"Tiempo de lectura estimado\" \/>\n\t\t<meta name=\"twitter:data2\" content=\"2 minutos\" \/>\n\t\t<script type=\"application\/ld+json\" class=\"aioseo-schema\">\n\t\t\t{\"@context\":\"https:\\\/\\\/schema.org\",\"@graph\":[{\"@type\":\"BreadcrumbList\",\"@id\":\"https:\\\/\\\/candas365.es\\\/noticias\\\/miedo-en-las-empresas-espanolas-a-contratar-freelancers\\\/#breadcrumblist\",\"itemListElement\":[{\"@type\":\"ListItem\",\"@id\":\"https:\\\/\\\/candas365.es\\\/noticias#listItem\",\"position\":1,\"name\":\"Home\",\"item\":\"https:\\\/\\\/candas365.es\\\/noticias\",\"nextItem\":{\"@type\":\"ListItem\",\"@id\":\"https:\\\/\\\/candas365.es\\\/noticias\\\/category\\\/canal-empresas\\\/#listItem\",\"name\":\"Canal Empresas\"}},{\"@type\":\"ListItem\",\"@id\":\"https:\\\/\\\/candas365.es\\\/noticias\\\/category\\\/canal-empresas\\\/#listItem\",\"position\":2,\"name\":\"Canal Empresas\",\"item\":\"https:\\\/\\\/candas365.es\\\/noticias\\\/category\\\/canal-empresas\\\/\",\"nextItem\":{\"@type\":\"ListItem\",\"@id\":\"https:\\\/\\\/candas365.es\\\/noticias\\\/miedo-en-las-empresas-espanolas-a-contratar-freelancers\\\/#listItem\",\"name\":\"\\u00abMiedo\\u00bb en las empresas espa\\u00f1olas a contratar freelancers\"},\"previousItem\":{\"@type\":\"ListItem\",\"@id\":\"https:\\\/\\\/candas365.es\\\/noticias#listItem\",\"name\":\"Home\"}},{\"@type\":\"ListItem\",\"@id\":\"https:\\\/\\\/candas365.es\\\/noticias\\\/miedo-en-las-empresas-espanolas-a-contratar-freelancers\\\/#listItem\",\"position\":3,\"name\":\"\\u00abMiedo\\u00bb en las empresas espa\\u00f1olas a contratar freelancers\",\"previousItem\":{\"@type\":\"ListItem\",\"@id\":\"https:\\\/\\\/candas365.es\\\/noticias\\\/category\\\/canal-empresas\\\/#listItem\",\"name\":\"Canal Empresas\"}}]},{\"@type\":\"NewsArticle\",\"@id\":\"https:\\\/\\\/candas365.es\\\/noticias\\\/miedo-en-las-empresas-espanolas-a-contratar-freelancers\\\/#newsarticle\",\"name\":\"\\u00abMiedo\\u00bb en las empresas espa\\u00f1olas a contratar freelancers | Cand\\u00e1s 365\",\"headline\":\"\\u00abMiedo\\u00bb en las empresas espa\\u00f1olas a contratar freelancers\",\"author\":{\"@id\":\"https:\\\/\\\/candas365.es\\\/noticias\\\/author\\\/admin\\\/#author\"},\"publisher\":{\"@id\":\"https:\\\/\\\/candas365.es\\\/noticias\\\/#organization\"},\"image\":{\"@type\":\"ImageObject\",\"url\":\"https:\\\/\\\/candas365.es\\\/noticias\\\/wp-content\\\/uploads\\\/2025\\\/04\\\/freelancers.jpg\",\"width\":1046,\"height\":650,\"caption\":\"Un trabajador freelance repasa su documentaci\\u00f3n | Foto de 123RF\\\/armmypicca\"},\"datePublished\":\"2025-04-14T05:31:55+02:00\",\"dateModified\":\"2025-04-21T10:47:13+02:00\",\"inLanguage\":\"es-ES\",\"mainEntityOfPage\":{\"@id\":\"https:\\\/\\\/candas365.es\\\/noticias\\\/miedo-en-las-empresas-espanolas-a-contratar-freelancers\\\/#webpage\"},\"isPartOf\":{\"@id\":\"https:\\\/\\\/candas365.es\\\/noticias\\\/miedo-en-las-empresas-espanolas-a-contratar-freelancers\\\/#webpage\"},\"articleSection\":\"Canal Empresas, empresas\",\"dateline\":\"Publicado el abril 14, 2025.\"},{\"@type\":\"Organization\",\"@id\":\"https:\\\/\\\/candas365.es\\\/noticias\\\/#organization\",\"name\":\"Cand\\u00e1s 365\",\"description\":\"Cand\\u00e1s 365 es un diario digital independiente, fundado en 2012, con base en Asturias. Informamos con rigor sobre actualidad, sociedad, cultura y ocio, con una mirada local y global.\",\"url\":\"https:\\\/\\\/candas365.es\\\/noticias\\\/\",\"email\":\"info@candas365.es\",\"telephone\":\"+34652131393\",\"foundingDate\":\"2012-06-10\",\"logo\":{\"@type\":\"ImageObject\",\"url\":\"https:\\\/\\\/candas365.es\\\/noticias\\\/wp-content\\\/uploads\\\/2024\\\/09\\\/Candas-365-Redes.jpg\",\"@id\":\"https:\\\/\\\/candas365.es\\\/noticias\\\/miedo-en-las-empresas-espanolas-a-contratar-freelancers\\\/#organizationLogo\",\"width\":1152,\"height\":864,\"caption\":\"Cand\\u00e1s 365 Redes\"},\"image\":{\"@id\":\"https:\\\/\\\/candas365.es\\\/noticias\\\/miedo-en-las-empresas-espanolas-a-contratar-freelancers\\\/#organizationLogo\"},\"sameAs\":[\"https:\\\/\\\/www.facebook.com\\\/Nachofdezber\",\"https:\\\/\\\/x.com\\\/NabercoDigital\",\"https:\\\/\\\/www.instagram.com\\\/nachofdezber\\\/\",\"https:\\\/\\\/www.youtube.com\\\/channel\\\/UCZP-2wLEB9Rv6erhFmqVnvg\"],\"address\":{\"@id\":\"https:\\\/\\\/candas365.es\\\/noticias\\\/#postaladdress\",\"@type\":\"PostalAddress\",\"streetAddress\":\"san antonio 4, san antonio 4\",\"postalCode\":\"33430\",\"addressLocality\":\"Cand\\u00e1s\",\"addressRegion\":\"Asturias\",\"addressCountry\":\"ES\"}},{\"@type\":\"Person\",\"@id\":\"https:\\\/\\\/candas365.es\\\/noticias\\\/author\\\/admin\\\/#author\",\"url\":\"https:\\\/\\\/candas365.es\\\/noticias\\\/author\\\/admin\\\/\",\"name\":\"Cand\\u00e1s 365\",\"image\":{\"@type\":\"ImageObject\",\"@id\":\"https:\\\/\\\/candas365.es\\\/noticias\\\/miedo-en-las-empresas-espanolas-a-contratar-freelancers\\\/#authorImage\",\"url\":\"https:\\\/\\\/secure.gravatar.com\\\/avatar\\\/496a8e03d0c493ede1718b7934145dbdf8d89be1036b0eec9544e1094c9de390?s=96&d=mm&r=g\",\"width\":96,\"height\":96,\"caption\":\"Cand\\u00e1s 365\"},\"sameAs\":[\"https:\\\/\\\/www.facebook.com\\\/carrenoactualidad\",\"https:\\\/\\\/twitter.com\\\/nbasturias\",\"https:\\\/\\\/www.instagram.com\\\/nachofdezber\\\/\",\"https:\\\/\\\/www.youtube.com\\\/channel\\\/UCZP-2wLEB9Rv6erhFmqVnvg\"]},{\"@type\":\"WebPage\",\"@id\":\"https:\\\/\\\/candas365.es\\\/noticias\\\/miedo-en-las-empresas-espanolas-a-contratar-freelancers\\\/#webpage\",\"url\":\"https:\\\/\\\/candas365.es\\\/noticias\\\/miedo-en-las-empresas-espanolas-a-contratar-freelancers\\\/\",\"name\":\"\\u00abMiedo\\u00bb en las empresas espa\\u00f1olas a contratar freelancers | Cand\\u00e1s 365\",\"description\":\"El director general de Malt en Espa\\u00f1a, plataforma europea de freelancers, Jacobo Berm\\u00fadez de Castro, asegur\\u00f3 que en las empresas \\u201chay much\\u00edsimo miedo\",\"inLanguage\":\"es-ES\",\"isPartOf\":{\"@id\":\"https:\\\/\\\/candas365.es\\\/noticias\\\/#website\"},\"breadcrumb\":{\"@id\":\"https:\\\/\\\/candas365.es\\\/noticias\\\/miedo-en-las-empresas-espanolas-a-contratar-freelancers\\\/#breadcrumblist\"},\"author\":{\"@id\":\"https:\\\/\\\/candas365.es\\\/noticias\\\/author\\\/admin\\\/#author\"},\"creator\":{\"@id\":\"https:\\\/\\\/candas365.es\\\/noticias\\\/author\\\/admin\\\/#author\"},\"image\":{\"@type\":\"ImageObject\",\"url\":\"https:\\\/\\\/candas365.es\\\/noticias\\\/wp-content\\\/uploads\\\/2025\\\/04\\\/freelancers.jpg\",\"@id\":\"https:\\\/\\\/candas365.es\\\/noticias\\\/miedo-en-las-empresas-espanolas-a-contratar-freelancers\\\/#mainImage\",\"width\":1046,\"height\":650,\"caption\":\"Un trabajador freelance repasa su documentaci\\u00f3n | Foto de 123RF\\\/armmypicca\"},\"primaryImageOfPage\":{\"@id\":\"https:\\\/\\\/candas365.es\\\/noticias\\\/miedo-en-las-empresas-espanolas-a-contratar-freelancers\\\/#mainImage\"},\"datePublished\":\"2025-04-14T05:31:55+02:00\",\"dateModified\":\"2025-04-21T10:47:13+02:00\"},{\"@type\":\"WebSite\",\"@id\":\"https:\\\/\\\/candas365.es\\\/noticias\\\/#website\",\"url\":\"https:\\\/\\\/candas365.es\\\/noticias\\\/\",\"name\":\"Cand\\u00e1s 365\",\"alternateName\":\"Cand\\u00e1s 365 Noticias\",\"description\":\"Actualidad desde Carre\\u00f1o para el mundo\",\"inLanguage\":\"es-ES\",\"publisher\":{\"@id\":\"https:\\\/\\\/candas365.es\\\/noticias\\\/#organization\"}}]}\n\t\t<\/script>\n\t\t<!-- All in One SEO Pro -->\r\n\t\t<title>\u00abMiedo\u00bb en las empresas espa\u00f1olas a contratar freelancers | Cand\u00e1s 365<\/title>\n\n","aioseo_head_json":{"title":"\u00abMiedo\u00bb en las empresas espa\u00f1olas a contratar freelancers | Cand\u00e1s 365","description":"El director general de Malt en Espa\u00f1a, plataforma europea de freelancers, Jacobo Berm\u00fadez de Castro, asegur\u00f3 que en las empresas \u201chay much\u00edsimo miedo","canonical_url":"https:\/\/candas365.es\/noticias\/miedo-en-las-empresas-espanolas-a-contratar-freelancers\/","robots":"max-image-preview:large","keywords":"canal empresas","webmasterTools":{"google-site-verification":"UA-32230408-1","msvalidate.01":"354F3CDFB2DA171B47FBE9ABF1F88D5","miscellaneous":""},"schema":{"@context":"https:\/\/schema.org","@graph":[{"@type":"BreadcrumbList","@id":"https:\/\/candas365.es\/noticias\/miedo-en-las-empresas-espanolas-a-contratar-freelancers\/#breadcrumblist","itemListElement":[{"@type":"ListItem","@id":"https:\/\/candas365.es\/noticias#listItem","position":1,"name":"Home","item":"https:\/\/candas365.es\/noticias","nextItem":{"@type":"ListItem","@id":"https:\/\/candas365.es\/noticias\/category\/canal-empresas\/#listItem","name":"Canal Empresas"}},{"@type":"ListItem","@id":"https:\/\/candas365.es\/noticias\/category\/canal-empresas\/#listItem","position":2,"name":"Canal Empresas","item":"https:\/\/candas365.es\/noticias\/category\/canal-empresas\/","nextItem":{"@type":"ListItem","@id":"https:\/\/candas365.es\/noticias\/miedo-en-las-empresas-espanolas-a-contratar-freelancers\/#listItem","name":"\u00abMiedo\u00bb en las empresas espa\u00f1olas a contratar freelancers"},"previousItem":{"@type":"ListItem","@id":"https:\/\/candas365.es\/noticias#listItem","name":"Home"}},{"@type":"ListItem","@id":"https:\/\/candas365.es\/noticias\/miedo-en-las-empresas-espanolas-a-contratar-freelancers\/#listItem","position":3,"name":"\u00abMiedo\u00bb en las empresas espa\u00f1olas a contratar freelancers","previousItem":{"@type":"ListItem","@id":"https:\/\/candas365.es\/noticias\/category\/canal-empresas\/#listItem","name":"Canal Empresas"}}]},{"@type":"NewsArticle","@id":"https:\/\/candas365.es\/noticias\/miedo-en-las-empresas-espanolas-a-contratar-freelancers\/#newsarticle","name":"\u00abMiedo\u00bb en las empresas espa\u00f1olas a contratar freelancers | Cand\u00e1s 365","headline":"\u00abMiedo\u00bb en las empresas espa\u00f1olas a contratar freelancers","author":{"@id":"https:\/\/candas365.es\/noticias\/author\/admin\/#author"},"publisher":{"@id":"https:\/\/candas365.es\/noticias\/#organization"},"image":{"@type":"ImageObject","url":"https:\/\/candas365.es\/noticias\/wp-content\/uploads\/2025\/04\/freelancers.jpg","width":1046,"height":650,"caption":"Un trabajador freelance repasa su documentaci\u00f3n | Foto de 123RF\/armmypicca"},"datePublished":"2025-04-14T05:31:55+02:00","dateModified":"2025-04-21T10:47:13+02:00","inLanguage":"es-ES","mainEntityOfPage":{"@id":"https:\/\/candas365.es\/noticias\/miedo-en-las-empresas-espanolas-a-contratar-freelancers\/#webpage"},"isPartOf":{"@id":"https:\/\/candas365.es\/noticias\/miedo-en-las-empresas-espanolas-a-contratar-freelancers\/#webpage"},"articleSection":"Canal Empresas, empresas","dateline":"Publicado el abril 14, 2025."},{"@type":"Organization","@id":"https:\/\/candas365.es\/noticias\/#organization","name":"Cand\u00e1s 365","description":"Cand\u00e1s 365 es un diario digital independiente, fundado en 2012, con base en Asturias. Informamos con rigor sobre actualidad, sociedad, cultura y ocio, con una mirada local y global.","url":"https:\/\/candas365.es\/noticias\/","email":"info@candas365.es","telephone":"+34652131393","foundingDate":"2012-06-10","logo":{"@type":"ImageObject","url":"https:\/\/candas365.es\/noticias\/wp-content\/uploads\/2024\/09\/Candas-365-Redes.jpg","@id":"https:\/\/candas365.es\/noticias\/miedo-en-las-empresas-espanolas-a-contratar-freelancers\/#organizationLogo","width":1152,"height":864,"caption":"Cand\u00e1s 365 Redes"},"image":{"@id":"https:\/\/candas365.es\/noticias\/miedo-en-las-empresas-espanolas-a-contratar-freelancers\/#organizationLogo"},"sameAs":["https:\/\/www.facebook.com\/Nachofdezber","https:\/\/x.com\/NabercoDigital","https:\/\/www.instagram.com\/nachofdezber\/","https:\/\/www.youtube.com\/channel\/UCZP-2wLEB9Rv6erhFmqVnvg"],"address":{"@id":"https:\/\/candas365.es\/noticias\/#postaladdress","@type":"PostalAddress","streetAddress":"san antonio 4, san antonio 4","postalCode":"33430","addressLocality":"Cand\u00e1s","addressRegion":"Asturias","addressCountry":"ES"}},{"@type":"Person","@id":"https:\/\/candas365.es\/noticias\/author\/admin\/#author","url":"https:\/\/candas365.es\/noticias\/author\/admin\/","name":"Cand\u00e1s 365","image":{"@type":"ImageObject","@id":"https:\/\/candas365.es\/noticias\/miedo-en-las-empresas-espanolas-a-contratar-freelancers\/#authorImage","url":"https:\/\/secure.gravatar.com\/avatar\/496a8e03d0c493ede1718b7934145dbdf8d89be1036b0eec9544e1094c9de390?s=96&d=mm&r=g","width":96,"height":96,"caption":"Cand\u00e1s 365"},"sameAs":["https:\/\/www.facebook.com\/carrenoactualidad","https:\/\/twitter.com\/nbasturias","https:\/\/www.instagram.com\/nachofdezber\/","https:\/\/www.youtube.com\/channel\/UCZP-2wLEB9Rv6erhFmqVnvg"]},{"@type":"WebPage","@id":"https:\/\/candas365.es\/noticias\/miedo-en-las-empresas-espanolas-a-contratar-freelancers\/#webpage","url":"https:\/\/candas365.es\/noticias\/miedo-en-las-empresas-espanolas-a-contratar-freelancers\/","name":"\u00abMiedo\u00bb en las empresas espa\u00f1olas a contratar freelancers | Cand\u00e1s 365","description":"El director general de Malt en Espa\u00f1a, plataforma europea de freelancers, Jacobo Berm\u00fadez de Castro, asegur\u00f3 que en las empresas \u201chay much\u00edsimo miedo","inLanguage":"es-ES","isPartOf":{"@id":"https:\/\/candas365.es\/noticias\/#website"},"breadcrumb":{"@id":"https:\/\/candas365.es\/noticias\/miedo-en-las-empresas-espanolas-a-contratar-freelancers\/#breadcrumblist"},"author":{"@id":"https:\/\/candas365.es\/noticias\/author\/admin\/#author"},"creator":{"@id":"https:\/\/candas365.es\/noticias\/author\/admin\/#author"},"image":{"@type":"ImageObject","url":"https:\/\/candas365.es\/noticias\/wp-content\/uploads\/2025\/04\/freelancers.jpg","@id":"https:\/\/candas365.es\/noticias\/miedo-en-las-empresas-espanolas-a-contratar-freelancers\/#mainImage","width":1046,"height":650,"caption":"Un trabajador freelance repasa su documentaci\u00f3n | Foto de 123RF\/armmypicca"},"primaryImageOfPage":{"@id":"https:\/\/candas365.es\/noticias\/miedo-en-las-empresas-espanolas-a-contratar-freelancers\/#mainImage"},"datePublished":"2025-04-14T05:31:55+02:00","dateModified":"2025-04-21T10:47:13+02:00"},{"@type":"WebSite","@id":"https:\/\/candas365.es\/noticias\/#website","url":"https:\/\/candas365.es\/noticias\/","name":"Cand\u00e1s 365","alternateName":"Cand\u00e1s 365 Noticias","description":"Actualidad desde Carre\u00f1o para el mundo","inLanguage":"es-ES","publisher":{"@id":"https:\/\/candas365.es\/noticias\/#organization"}}]},"og:locale":"es_ES","og:site_name":"Cand\u00e1s 365","og:type":"article","og:title":"\u00abMiedo\u00bb en las empresas espa\u00f1olas a contratar freelancers | Cand\u00e1s 365","og:description":"El director general de Malt en Espa\u00f1a, plataforma europea de freelancers, Jacobo Berm\u00fadez de Castro, asegur\u00f3 que en las empresas \u201chay much\u00edsimo miedo","og:url":"https:\/\/candas365.es\/noticias\/miedo-en-las-empresas-espanolas-a-contratar-freelancers\/","og:image":"https:\/\/candas365.es\/noticias\/wp-content\/uploads\/2025\/04\/freelancers.jpg","og:image:secure_url":"https:\/\/candas365.es\/noticias\/wp-content\/uploads\/2025\/04\/freelancers.jpg","og:image:width":1046,"og:image:height":650,"article:published_time":"2025-04-14T03:31:55+00:00","article:modified_time":"2025-04-21T08:47:13+00:00","article:publisher":"https:\/\/www.facebook.com\/Nachofdezber","article:author":"https:\/\/www.facebook.com\/carrenoactualidad","twitter:card":"summary_large_image","twitter:site":"@NabercoDigital","twitter:title":"\u00abMiedo\u00bb en las empresas espa\u00f1olas a contratar freelancers | Cand\u00e1s 365","twitter:description":"El director general de Malt en Espa\u00f1a, plataforma europea de freelancers, Jacobo Berm\u00fadez de Castro, asegur\u00f3 que en las empresas \u201chay much\u00edsimo miedo","twitter:creator":"@nbasturias","twitter:image":"https:\/\/candas365.es\/noticias\/wp-content\/uploads\/2025\/04\/freelancers.jpg","twitter:label1":"Escrito por","twitter:data1":"Cand\u00e1s 365","twitter:label2":"Tiempo de lectura estimado","twitter:data2":"2 minutos"},"aioseo_meta_data":{"post_id":"185928","title":null,"description":"El director general de Malt en Espa\u00f1a, plataforma europea de freelancers, Jacobo Berm\u00fadez de Castro, asegur\u00f3 que en las empresas \u201chay much\u00edsimo miedo","keywords":null,"keyphrases":{"focus":{"keyphrase":"freelancers","score":100,"analysis":{"keyphraseInTitle":{"score":9,"maxScore":9,"error":0},"keyphraseInDescription":{"score":9,"maxScore":9,"error":0},"keyphraseLength":{"score":9,"maxScore":9,"error":0,"length":1},"keyphraseInURL":{"score":5,"maxScore":5,"error":0},"keyphraseInIntroduction":{"score":9,"maxScore":9,"error":0},"keyphraseInSubHeadings":[],"keyphraseInImageAlt":{"score":9,"maxScore":9,"error":0},"keywordDensity":{"type":"best","score":9,"maxScore":9,"error":0}}},"additional":[{"keyphrase":"freelancers","score":100,"analysis":{"keyphraseInDescription":{"score":9,"maxScore":9,"error":0},"keyphraseLength":{"score":9,"maxScore":9,"error":0,"length":1},"keyphraseInIntroduction":{"score":9,"maxScore":9,"error":0},"keyphraseInImageAlt":{"score":9,"maxScore":9,"error":0},"keywordDensity":{"type":"best","score":9,"maxScore":9,"error":0}}}]},"primary_term":null,"canonical_url":null,"og_title":null,"og_description":null,"og_object_type":"default","og_image_type":"default","og_image_url":null,"og_image_width":null,"og_image_height":null,"og_image_custom_url":null,"og_image_custom_fields":null,"og_video":"","og_custom_url":null,"og_article_section":null,"og_article_tags":null,"twitter_use_og":false,"twitter_card":"default","twitter_image_type":"default","twitter_image_url":null,"twitter_image_custom_url":null,"twitter_image_custom_fields":null,"twitter_title":null,"twitter_description":null,"schema":{"blockGraphs":[],"customGraphs":[],"default":{"data":{"Article":[],"Course":[],"Dataset":[],"FAQPage":[],"Movie":[],"Person":[],"Product":[],"ProductReview":[],"Car":[],"Recipe":[],"Service":[],"SoftwareApplication":[],"WebPage":[]},"graphName":"Article","isEnabled":true},"graphs":[]},"schema_type":"default","schema_type_options":null,"pillar_content":false,"robots_default":true,"robots_noindex":false,"robots_noarchive":false,"robots_nosnippet":false,"robots_nofollow":false,"robots_noimageindex":false,"robots_noodp":false,"robots_notranslate":false,"robots_max_snippet":"-1","robots_max_videopreview":"-1","robots_max_imagepreview":"large","priority":null,"frequency":"default","location":null,"local_seo":null,"seo_analyzer_scan_date":"2025-09-03 11:40:26","breadcrumb_settings":null,"limit_modified_date":false,"reviewed_by":null,"open_ai":"{\"title\":{\"suggestions\":[],\"usage\":0},\"description\":{\"suggestions\":[],\"usage\":0}}","ai":null,"created":"2025-04-14 03:20:04","updated":"2025-09-03 11:40:26"},"aioseo_breadcrumb":"<div class=\"aioseo-breadcrumbs\"><span class=\"aioseo-breadcrumb\">\n\t<a href=\"https:\/\/candas365.es\/noticias\" title=\"Home\">Home<\/a>\n<\/span><span class=\"aioseo-breadcrumb-separator\">&ndash;<\/span><span class=\"aioseo-breadcrumb\">\n\t<a href=\"https:\/\/candas365.es\/noticias\/category\/canal-empresas\/\" title=\"Canal Empresas\">Canal Empresas<\/a>\n<\/span><span class=\"aioseo-breadcrumb-separator\">&ndash;<\/span><span class=\"aioseo-breadcrumb\">\n\t\u00abMiedo\u00bb en las empresas espa\u00f1olas a contratar freelancers\n<\/span><\/div>","aioseo_breadcrumb_json":[{"label":"Home","link":"https:\/\/candas365.es\/noticias"},{"label":"Canal Empresas","link":"https:\/\/candas365.es\/noticias\/category\/canal-empresas\/"},{"label":"\u00abMiedo\u00bb en las empresas espa\u00f1olas a contratar freelancers","link":"https:\/\/candas365.es\/noticias\/miedo-en-las-empresas-espanolas-a-contratar-freelancers\/"}],"_links":{"self":[{"href":"https:\/\/candas365.es\/noticias\/wp-json\/wp\/v2\/posts\/185928","targetHints":{"allow":["GET"]}}],"collection":[{"href":"https:\/\/candas365.es\/noticias\/wp-json\/wp\/v2\/posts"}],"about":[{"href":"https:\/\/candas365.es\/noticias\/wp-json\/wp\/v2\/types\/post"}],"author":[{"embeddable":true,"href":"https:\/\/candas365.es\/noticias\/wp-json\/wp\/v2\/users\/1"}],"replies":[{"embeddable":true,"href":"https:\/\/candas365.es\/noticias\/wp-json\/wp\/v2\/comments?post=185928"}],"version-history":[{"count":0,"href":"https:\/\/candas365.es\/noticias\/wp-json\/wp\/v2\/posts\/185928\/revisions"}],"wp:featuredmedia":[{"embeddable":true,"href":"https:\/\/candas365.es\/noticias\/wp-json\/wp\/v2\/media\/185929"}],"wp:attachment":[{"href":"https:\/\/candas365.es\/noticias\/wp-json\/wp\/v2\/media?parent=185928"}],"wp:term":[{"taxonomy":"category","embeddable":true,"href":"https:\/\/candas365.es\/noticias\/wp-json\/wp\/v2\/categories?post=185928"},{"taxonomy":"post_tag","embeddable":true,"href":"https:\/\/candas365.es\/noticias\/wp-json\/wp\/v2\/tags?post=185928"}],"curies":[{"name":"wp","href":"https:\/\/api.w.org\/{rel}","templated":true}]}}