{"id":185890,"date":"2025-04-13T17:52:32","date_gmt":"2025-04-13T15:52:32","guid":{"rendered":"https:\/\/candas365.es\/noticias\/?p=185890"},"modified":"2025-04-13T17:52:32","modified_gmt":"2025-04-13T15:52:32","slug":"cuanto-gastaran-los-espanoles-durante-la-semana-santa-2025","status":"publish","type":"post","link":"https:\/\/candas365.es\/noticias\/cuanto-gastaran-los-espanoles-durante-la-semana-santa-2025\/","title":{"rendered":"\u00bfCu\u00e1nto gastar\u00e1n los espa\u00f1oles durante la Semana Santa 2025?"},"content":{"rendered":"<p>Un estudio afirma que cada espa\u00f1ol gastar\u00e1 de media unos 332 euros a lo largo de esta Semana Santa 2025 y el 57% lo har\u00e1 <a href=\"https:\/\/candas365.es\/noticias\/category\/turismo\/\"><span style=\"color: #ff6600;\"><strong>viajando<\/strong><\/span><\/a> mientras que el 43% dedicar\u00e1 la mayor parte de ese presupuesto a disfrutar de servicios en su ciudad.<\/p>\n<figure id=\"attachment_185891\" aria-describedby=\"caption-attachment-185891\" style=\"width: 650px\" class=\"wp-caption aligncenter\"><img fetchpriority=\"high\" decoding=\"async\" class=\"size-large wp-image-185891\" src=\"https:\/\/candas365.es\/noticias\/wp-content\/uploads\/2025\/04\/Viajar-Semana-Santa-650x434.jpg\" alt=\"Viajar Semana Santa\" width=\"650\" height=\"434\" srcset=\"https:\/\/candas365.es\/noticias\/wp-content\/uploads\/2025\/04\/Viajar-Semana-Santa-650x434.jpg 650w, https:\/\/candas365.es\/noticias\/wp-content\/uploads\/2025\/04\/Viajar-Semana-Santa-360x240.jpg 360w, https:\/\/candas365.es\/noticias\/wp-content\/uploads\/2025\/04\/Viajar-Semana-Santa-768x512.jpg 768w, https:\/\/candas365.es\/noticias\/wp-content\/uploads\/2025\/04\/Viajar-Semana-Santa-150x100.jpg 150w, https:\/\/candas365.es\/noticias\/wp-content\/uploads\/2025\/04\/Viajar-Semana-Santa-450x300.jpg 450w, https:\/\/candas365.es\/noticias\/wp-content\/uploads\/2025\/04\/Viajar-Semana-Santa.jpg 985w\" sizes=\"(max-width: 650px) 100vw, 650px\" \/><figcaption id=\"caption-attachment-185891\" class=\"wp-caption-text\">Foto: 123rf.com<\/figcaption><\/figure>\n<p>As\u00ed lo desvela un estudio realizado por la Asociaci\u00f3n Espa\u00f1ola de Consumidores a partir de 1.000 encuestas para conocer la intenci\u00f3n de gasto de los consumidores durante la Semana Santa, seg\u00fan precis\u00f3 la entidad en un comunicado.<\/p>\n<p>Por lo que respecta a las personas que viajar\u00e1n estos d\u00edas, el 83% de los consumidores han realizado esa contrataci\u00f3n por Internet y s\u00f3lo el 17% ha recurrido a agencias de viajes.<\/p>\n<p>Por otra parte, en cuanto a la reserva de balcones para disfrutar de la Semana Santa, la entidad subray\u00f3 que, \u201cdesde hace semanas\u201d, se llevan publicando anuncios en Internet en los que se alquilan, algunos de ellos con un coste que \u201cllega hasta los 9.000 euros\u201d.<\/p>\n<p>En este contexto, explic\u00f3 que, \u201cnormalmente la normativa municipal no lo proh\u00edbe\u201d, si bien, en el caso de que lo que se alquile sea la vivienda completa \u201cs\u00ed se estar\u00eda incumpliendo la normativa\u201d en tanto que se considera un alquiler vacacional que \u201cdebe estar registrado y cumplir con unas normas en cuanto a seguridad, confortabilidad y consumo\u201d.<\/p>\n<h2>CONTRATO<\/h2>\n<p>Si lo que se alquila es un balc\u00f3n, recomend\u00f3 firmar un contrato por el que se regulen las condiciones de uso, horarios o renta y asever\u00f3 que se trata de \u201cacuerdos puntuales\u201d amparados por el C\u00f3digo Civil, no por la Ley de Arrendamientos Urbanos.<\/p>\n<p>\u201cEsta ser\u00e1 la base legal a la que acogerse en caso de que surja cualquier conflicto\u201d, abund\u00f3, al tiempo que destac\u00f3 que un contrato verbal \u201ctambi\u00e9n ser\u00eda v\u00e1lido, pero suele generar m\u00e1s problemas\u201d, dado que no quedar\u00eda constancia escrita de las condiciones para ambas partes.<\/p>\n<p>Por \u00faltimo, indic\u00f3 que este tipo de rendimientos deben tributarse ante Hacienda con el \u201criesgo\u201d de una sanci\u00f3n en el caso de que no se haga.<\/p>\n<p>(<a href=\"https:\/\/www.servimedia.es\/\" target=\"_blank\" rel=\"noopener\"><span style=\"color: #ff6600;\"><strong>SERVIMEDIA<\/strong><\/span><\/a>)<\/p>\n","protected":false},"excerpt":{"rendered":"<p>Un estudio afirma que cada espa\u00f1ol gastar\u00e1 de media unos 332 euros a lo largo de esta Semana Santa 2025 y el 57% lo har\u00e1 viajando mientras que el 43% dedicar\u00e1 la mayor parte de ese presupuesto a disfrutar de servicios en su ciudad. As\u00ed lo desvela un estudio realizado por la Asociaci\u00f3n Espa\u00f1ola de<\/p>\n","protected":false},"author":1,"featured_media":185891,"comment_status":"closed","ping_status":"closed","sticky":false,"template":"","format":"standard","meta":{"footnotes":""},"categories":[316,486],"tags":[437],"class_list":{"0":"post-185890","1":"post","2":"type-post","3":"status-publish","4":"format-standard","5":"has-post-thumbnail","7":"category-destacadas","8":"category-economia","9":"tag-economia"},"aioseo_notices":[],"aioseo_head":"\n\t\t<!-- All in One SEO Pro 4.9.6.2 - aioseo.com -->\n\t<meta name=\"description\" content=\"Un estudio afirma que cada espa\u00f1ol gastar\u00e1 de media unos 332 euros a lo largo de esta Semana Santa 2025 y el 57% lo har\u00e1 viajando mientras que el 43% dedicar\u00e1\" \/>\n\t<meta name=\"robots\" content=\"max-image-preview:large\" \/>\n\t<meta name=\"author\" content=\"Cand\u00e1s 365\"\/>\n\t<meta name=\"google-site-verification\" content=\"UA-32230408-1\" \/>\n\t<meta name=\"msvalidate.01\" content=\"354F3CDFB2DA171B47FBE9ABF1F88D5\" \/>\n\t<meta name=\"keywords\" content=\"destacadas,econom\u00eda\" \/>\n\t<link rel=\"canonical\" href=\"https:\/\/candas365.es\/noticias\/cuanto-gastaran-los-espanoles-durante-la-semana-santa-2025\/\" \/>\n\t<meta name=\"generator\" content=\"All in One SEO Pro (AIOSEO) 4.9.6.2\" \/>\n\t\t<meta property=\"og:locale\" content=\"es_ES\" \/>\n\t\t<meta property=\"og:site_name\" content=\"Cand\u00e1s 365\" \/>\n\t\t<meta property=\"og:type\" content=\"article\" \/>\n\t\t<meta property=\"og:title\" content=\"\u00bfCu\u00e1nto gastar\u00e1n los espa\u00f1oles durante la Semana Santa 2025? | Cand\u00e1s 365\" \/>\n\t\t<meta property=\"og:description\" content=\"Un estudio afirma que cada espa\u00f1ol gastar\u00e1 de media unos 332 euros a lo largo de esta Semana Santa 2025 y el 57% lo har\u00e1 viajando mientras que el 43% dedicar\u00e1\" \/>\n\t\t<meta property=\"og:url\" content=\"https:\/\/candas365.es\/noticias\/cuanto-gastaran-los-espanoles-durante-la-semana-santa-2025\/\" \/>\n\t\t<meta property=\"og:image\" content=\"https:\/\/candas365.es\/noticias\/wp-content\/uploads\/2025\/04\/Viajar-Semana-Santa.jpg\" \/>\n\t\t<meta property=\"og:image:secure_url\" content=\"https:\/\/candas365.es\/noticias\/wp-content\/uploads\/2025\/04\/Viajar-Semana-Santa.jpg\" \/>\n\t\t<meta property=\"og:image:width\" content=\"985\" \/>\n\t\t<meta property=\"og:image:height\" content=\"657\" \/>\n\t\t<meta property=\"article:published_time\" content=\"2025-04-13T15:52:32+00:00\" \/>\n\t\t<meta property=\"article:modified_time\" content=\"2025-04-13T15:52:32+00:00\" \/>\n\t\t<meta property=\"article:publisher\" content=\"https:\/\/www.facebook.com\/Nachofdezber\" \/>\n\t\t<meta property=\"article:author\" content=\"https:\/\/www.facebook.com\/carrenoactualidad\" \/>\n\t\t<meta name=\"twitter:card\" content=\"summary_large_image\" \/>\n\t\t<meta name=\"twitter:site\" content=\"@NabercoDigital\" \/>\n\t\t<meta name=\"twitter:title\" content=\"\u00bfCu\u00e1nto gastar\u00e1n los espa\u00f1oles durante la Semana Santa 2025? | Cand\u00e1s 365\" \/>\n\t\t<meta name=\"twitter:description\" content=\"Un estudio afirma que cada espa\u00f1ol gastar\u00e1 de media unos 332 euros a lo largo de esta Semana Santa 2025 y el 57% lo har\u00e1 viajando mientras que el 43% dedicar\u00e1\" \/>\n\t\t<meta name=\"twitter:creator\" content=\"@nbasturias\" \/>\n\t\t<meta name=\"twitter:image\" content=\"https:\/\/candas365.es\/noticias\/wp-content\/uploads\/2025\/04\/Viajar-Semana-Santa.jpg\" \/>\n\t\t<meta name=\"twitter:label1\" content=\"Escrito por\" \/>\n\t\t<meta name=\"twitter:data1\" content=\"Cand\u00e1s 365\" \/>\n\t\t<meta name=\"twitter:label2\" content=\"Tiempo de lectura estimado\" \/>\n\t\t<meta name=\"twitter:data2\" content=\"2 minutos\" \/>\n\t\t<script type=\"application\/ld+json\" class=\"aioseo-schema\">\n\t\t\t{\"@context\":\"https:\\\/\\\/schema.org\",\"@graph\":[{\"@type\":\"BreadcrumbList\",\"@id\":\"https:\\\/\\\/candas365.es\\\/noticias\\\/cuanto-gastaran-los-espanoles-durante-la-semana-santa-2025\\\/#breadcrumblist\",\"itemListElement\":[{\"@type\":\"ListItem\",\"@id\":\"https:\\\/\\\/candas365.es\\\/noticias#listItem\",\"position\":1,\"name\":\"Home\",\"item\":\"https:\\\/\\\/candas365.es\\\/noticias\",\"nextItem\":{\"@type\":\"ListItem\",\"@id\":\"https:\\\/\\\/candas365.es\\\/noticias\\\/category\\\/destacadas\\\/#listItem\",\"name\":\"Destacadas\"}},{\"@type\":\"ListItem\",\"@id\":\"https:\\\/\\\/candas365.es\\\/noticias\\\/category\\\/destacadas\\\/#listItem\",\"position\":2,\"name\":\"Destacadas\",\"item\":\"https:\\\/\\\/candas365.es\\\/noticias\\\/category\\\/destacadas\\\/\",\"nextItem\":{\"@type\":\"ListItem\",\"@id\":\"https:\\\/\\\/candas365.es\\\/noticias\\\/cuanto-gastaran-los-espanoles-durante-la-semana-santa-2025\\\/#listItem\",\"name\":\"\\u00bfCu\\u00e1nto gastar\\u00e1n los espa\\u00f1oles durante la Semana Santa 2025?\"},\"previousItem\":{\"@type\":\"ListItem\",\"@id\":\"https:\\\/\\\/candas365.es\\\/noticias#listItem\",\"name\":\"Home\"}},{\"@type\":\"ListItem\",\"@id\":\"https:\\\/\\\/candas365.es\\\/noticias\\\/cuanto-gastaran-los-espanoles-durante-la-semana-santa-2025\\\/#listItem\",\"position\":3,\"name\":\"\\u00bfCu\\u00e1nto gastar\\u00e1n los espa\\u00f1oles durante la Semana Santa 2025?\",\"previousItem\":{\"@type\":\"ListItem\",\"@id\":\"https:\\\/\\\/candas365.es\\\/noticias\\\/category\\\/destacadas\\\/#listItem\",\"name\":\"Destacadas\"}}]},{\"@type\":\"NewsArticle\",\"@id\":\"https:\\\/\\\/candas365.es\\\/noticias\\\/cuanto-gastaran-los-espanoles-durante-la-semana-santa-2025\\\/#newsarticle\",\"name\":\"\\u00bfCu\\u00e1nto gastar\\u00e1n los espa\\u00f1oles durante la Semana Santa 2025? | Cand\\u00e1s 365\",\"headline\":\"\\u00bfCu\\u00e1nto gastar\\u00e1n los espa\\u00f1oles durante la Semana Santa 2025?\",\"author\":{\"@id\":\"https:\\\/\\\/candas365.es\\\/noticias\\\/author\\\/admin\\\/#author\"},\"publisher\":{\"@id\":\"https:\\\/\\\/candas365.es\\\/noticias\\\/#organization\"},\"image\":{\"@type\":\"ImageObject\",\"url\":\"https:\\\/\\\/candas365.es\\\/noticias\\\/wp-content\\\/uploads\\\/2025\\\/04\\\/Viajar-Semana-Santa.jpg\",\"width\":985,\"height\":657,\"caption\":\"Foto: 123rf.com\"},\"datePublished\":\"2025-04-13T17:52:32+02:00\",\"dateModified\":\"2025-04-13T17:52:32+02:00\",\"inLanguage\":\"es-ES\",\"mainEntityOfPage\":{\"@id\":\"https:\\\/\\\/candas365.es\\\/noticias\\\/cuanto-gastaran-los-espanoles-durante-la-semana-santa-2025\\\/#webpage\"},\"isPartOf\":{\"@id\":\"https:\\\/\\\/candas365.es\\\/noticias\\\/cuanto-gastaran-los-espanoles-durante-la-semana-santa-2025\\\/#webpage\"},\"articleSection\":\"Destacadas, Econom\\u00eda, Econom\\u00eda\",\"dateline\":\"Publicado el abril 13, 2025.\"},{\"@type\":\"Organization\",\"@id\":\"https:\\\/\\\/candas365.es\\\/noticias\\\/#organization\",\"name\":\"Cand\\u00e1s 365\",\"description\":\"Cand\\u00e1s 365 es un diario digital independiente, fundado en 2012, con base en Asturias. Informamos con rigor sobre actualidad, sociedad, cultura y ocio, con una mirada local y global.\",\"url\":\"https:\\\/\\\/candas365.es\\\/noticias\\\/\",\"email\":\"info@candas365.es\",\"telephone\":\"+34652131393\",\"foundingDate\":\"2012-06-10\",\"logo\":{\"@type\":\"ImageObject\",\"url\":\"https:\\\/\\\/candas365.es\\\/noticias\\\/wp-content\\\/uploads\\\/2024\\\/09\\\/Candas-365-Redes.jpg\",\"@id\":\"https:\\\/\\\/candas365.es\\\/noticias\\\/cuanto-gastaran-los-espanoles-durante-la-semana-santa-2025\\\/#organizationLogo\",\"width\":1152,\"height\":864,\"caption\":\"Cand\\u00e1s 365 Redes\"},\"image\":{\"@id\":\"https:\\\/\\\/candas365.es\\\/noticias\\\/cuanto-gastaran-los-espanoles-durante-la-semana-santa-2025\\\/#organizationLogo\"},\"sameAs\":[\"https:\\\/\\\/www.facebook.com\\\/Nachofdezber\",\"https:\\\/\\\/x.com\\\/NabercoDigital\",\"https:\\\/\\\/www.instagram.com\\\/nachofdezber\\\/\",\"https:\\\/\\\/www.youtube.com\\\/channel\\\/UCZP-2wLEB9Rv6erhFmqVnvg\"],\"address\":{\"@id\":\"https:\\\/\\\/candas365.es\\\/noticias\\\/#postaladdress\",\"@type\":\"PostalAddress\",\"streetAddress\":\"san antonio 4, san antonio 4\",\"postalCode\":\"33430\",\"addressLocality\":\"Cand\\u00e1s\",\"addressRegion\":\"Asturias\",\"addressCountry\":\"ES\"}},{\"@type\":\"Person\",\"@id\":\"https:\\\/\\\/candas365.es\\\/noticias\\\/author\\\/admin\\\/#author\",\"url\":\"https:\\\/\\\/candas365.es\\\/noticias\\\/author\\\/admin\\\/\",\"name\":\"Cand\\u00e1s 365\",\"image\":{\"@type\":\"ImageObject\",\"@id\":\"https:\\\/\\\/candas365.es\\\/noticias\\\/cuanto-gastaran-los-espanoles-durante-la-semana-santa-2025\\\/#authorImage\",\"url\":\"https:\\\/\\\/secure.gravatar.com\\\/avatar\\\/496a8e03d0c493ede1718b7934145dbdf8d89be1036b0eec9544e1094c9de390?s=96&d=mm&r=g\",\"width\":96,\"height\":96,\"caption\":\"Cand\\u00e1s 365\"},\"sameAs\":[\"https:\\\/\\\/www.facebook.com\\\/carrenoactualidad\",\"https:\\\/\\\/twitter.com\\\/nbasturias\",\"https:\\\/\\\/www.instagram.com\\\/nachofdezber\\\/\",\"https:\\\/\\\/www.youtube.com\\\/channel\\\/UCZP-2wLEB9Rv6erhFmqVnvg\"]},{\"@type\":\"WebPage\",\"@id\":\"https:\\\/\\\/candas365.es\\\/noticias\\\/cuanto-gastaran-los-espanoles-durante-la-semana-santa-2025\\\/#webpage\",\"url\":\"https:\\\/\\\/candas365.es\\\/noticias\\\/cuanto-gastaran-los-espanoles-durante-la-semana-santa-2025\\\/\",\"name\":\"\\u00bfCu\\u00e1nto gastar\\u00e1n los espa\\u00f1oles durante la Semana Santa 2025? | Cand\\u00e1s 365\",\"description\":\"Un estudio afirma que cada espa\\u00f1ol gastar\\u00e1 de media unos 332 euros a lo largo de esta Semana Santa 2025 y el 57% lo har\\u00e1 viajando mientras que el 43% dedicar\\u00e1\",\"inLanguage\":\"es-ES\",\"isPartOf\":{\"@id\":\"https:\\\/\\\/candas365.es\\\/noticias\\\/#website\"},\"breadcrumb\":{\"@id\":\"https:\\\/\\\/candas365.es\\\/noticias\\\/cuanto-gastaran-los-espanoles-durante-la-semana-santa-2025\\\/#breadcrumblist\"},\"author\":{\"@id\":\"https:\\\/\\\/candas365.es\\\/noticias\\\/author\\\/admin\\\/#author\"},\"creator\":{\"@id\":\"https:\\\/\\\/candas365.es\\\/noticias\\\/author\\\/admin\\\/#author\"},\"image\":{\"@type\":\"ImageObject\",\"url\":\"https:\\\/\\\/candas365.es\\\/noticias\\\/wp-content\\\/uploads\\\/2025\\\/04\\\/Viajar-Semana-Santa.jpg\",\"@id\":\"https:\\\/\\\/candas365.es\\\/noticias\\\/cuanto-gastaran-los-espanoles-durante-la-semana-santa-2025\\\/#mainImage\",\"width\":985,\"height\":657,\"caption\":\"Foto: 123rf.com\"},\"primaryImageOfPage\":{\"@id\":\"https:\\\/\\\/candas365.es\\\/noticias\\\/cuanto-gastaran-los-espanoles-durante-la-semana-santa-2025\\\/#mainImage\"},\"datePublished\":\"2025-04-13T17:52:32+02:00\",\"dateModified\":\"2025-04-13T17:52:32+02:00\"},{\"@type\":\"WebSite\",\"@id\":\"https:\\\/\\\/candas365.es\\\/noticias\\\/#website\",\"url\":\"https:\\\/\\\/candas365.es\\\/noticias\\\/\",\"name\":\"Cand\\u00e1s 365\",\"alternateName\":\"Cand\\u00e1s 365 Noticias\",\"description\":\"Actualidad desde Carre\\u00f1o para el mundo\",\"inLanguage\":\"es-ES\",\"publisher\":{\"@id\":\"https:\\\/\\\/candas365.es\\\/noticias\\\/#organization\"}}]}\n\t\t<\/script>\n\t\t<!-- All in One SEO Pro -->\r\n\t\t<title>\u00bfCu\u00e1nto gastar\u00e1n los espa\u00f1oles durante la Semana Santa 2025? | Cand\u00e1s 365<\/title>\n\n","aioseo_head_json":{"title":"\u00bfCu\u00e1nto gastar\u00e1n los espa\u00f1oles durante la Semana Santa 2025? | Cand\u00e1s 365","description":"Un estudio afirma que cada espa\u00f1ol gastar\u00e1 de media unos 332 euros a lo largo de esta Semana Santa 2025 y el 57% lo har\u00e1 viajando mientras que el 43% dedicar\u00e1","canonical_url":"https:\/\/candas365.es\/noticias\/cuanto-gastaran-los-espanoles-durante-la-semana-santa-2025\/","robots":"max-image-preview:large","keywords":"destacadas,econom\u00eda","webmasterTools":{"google-site-verification":"UA-32230408-1","msvalidate.01":"354F3CDFB2DA171B47FBE9ABF1F88D5","miscellaneous":""},"schema":{"@context":"https:\/\/schema.org","@graph":[{"@type":"BreadcrumbList","@id":"https:\/\/candas365.es\/noticias\/cuanto-gastaran-los-espanoles-durante-la-semana-santa-2025\/#breadcrumblist","itemListElement":[{"@type":"ListItem","@id":"https:\/\/candas365.es\/noticias#listItem","position":1,"name":"Home","item":"https:\/\/candas365.es\/noticias","nextItem":{"@type":"ListItem","@id":"https:\/\/candas365.es\/noticias\/category\/destacadas\/#listItem","name":"Destacadas"}},{"@type":"ListItem","@id":"https:\/\/candas365.es\/noticias\/category\/destacadas\/#listItem","position":2,"name":"Destacadas","item":"https:\/\/candas365.es\/noticias\/category\/destacadas\/","nextItem":{"@type":"ListItem","@id":"https:\/\/candas365.es\/noticias\/cuanto-gastaran-los-espanoles-durante-la-semana-santa-2025\/#listItem","name":"\u00bfCu\u00e1nto gastar\u00e1n los espa\u00f1oles durante la Semana Santa 2025?"},"previousItem":{"@type":"ListItem","@id":"https:\/\/candas365.es\/noticias#listItem","name":"Home"}},{"@type":"ListItem","@id":"https:\/\/candas365.es\/noticias\/cuanto-gastaran-los-espanoles-durante-la-semana-santa-2025\/#listItem","position":3,"name":"\u00bfCu\u00e1nto gastar\u00e1n los espa\u00f1oles durante la Semana Santa 2025?","previousItem":{"@type":"ListItem","@id":"https:\/\/candas365.es\/noticias\/category\/destacadas\/#listItem","name":"Destacadas"}}]},{"@type":"NewsArticle","@id":"https:\/\/candas365.es\/noticias\/cuanto-gastaran-los-espanoles-durante-la-semana-santa-2025\/#newsarticle","name":"\u00bfCu\u00e1nto gastar\u00e1n los espa\u00f1oles durante la Semana Santa 2025? | Cand\u00e1s 365","headline":"\u00bfCu\u00e1nto gastar\u00e1n los espa\u00f1oles durante la Semana Santa 2025?","author":{"@id":"https:\/\/candas365.es\/noticias\/author\/admin\/#author"},"publisher":{"@id":"https:\/\/candas365.es\/noticias\/#organization"},"image":{"@type":"ImageObject","url":"https:\/\/candas365.es\/noticias\/wp-content\/uploads\/2025\/04\/Viajar-Semana-Santa.jpg","width":985,"height":657,"caption":"Foto: 123rf.com"},"datePublished":"2025-04-13T17:52:32+02:00","dateModified":"2025-04-13T17:52:32+02:00","inLanguage":"es-ES","mainEntityOfPage":{"@id":"https:\/\/candas365.es\/noticias\/cuanto-gastaran-los-espanoles-durante-la-semana-santa-2025\/#webpage"},"isPartOf":{"@id":"https:\/\/candas365.es\/noticias\/cuanto-gastaran-los-espanoles-durante-la-semana-santa-2025\/#webpage"},"articleSection":"Destacadas, Econom\u00eda, Econom\u00eda","dateline":"Publicado el abril 13, 2025."},{"@type":"Organization","@id":"https:\/\/candas365.es\/noticias\/#organization","name":"Cand\u00e1s 365","description":"Cand\u00e1s 365 es un diario digital independiente, fundado en 2012, con base en Asturias. Informamos con rigor sobre actualidad, sociedad, cultura y ocio, con una mirada local y global.","url":"https:\/\/candas365.es\/noticias\/","email":"info@candas365.es","telephone":"+34652131393","foundingDate":"2012-06-10","logo":{"@type":"ImageObject","url":"https:\/\/candas365.es\/noticias\/wp-content\/uploads\/2024\/09\/Candas-365-Redes.jpg","@id":"https:\/\/candas365.es\/noticias\/cuanto-gastaran-los-espanoles-durante-la-semana-santa-2025\/#organizationLogo","width":1152,"height":864,"caption":"Cand\u00e1s 365 Redes"},"image":{"@id":"https:\/\/candas365.es\/noticias\/cuanto-gastaran-los-espanoles-durante-la-semana-santa-2025\/#organizationLogo"},"sameAs":["https:\/\/www.facebook.com\/Nachofdezber","https:\/\/x.com\/NabercoDigital","https:\/\/www.instagram.com\/nachofdezber\/","https:\/\/www.youtube.com\/channel\/UCZP-2wLEB9Rv6erhFmqVnvg"],"address":{"@id":"https:\/\/candas365.es\/noticias\/#postaladdress","@type":"PostalAddress","streetAddress":"san antonio 4, san antonio 4","postalCode":"33430","addressLocality":"Cand\u00e1s","addressRegion":"Asturias","addressCountry":"ES"}},{"@type":"Person","@id":"https:\/\/candas365.es\/noticias\/author\/admin\/#author","url":"https:\/\/candas365.es\/noticias\/author\/admin\/","name":"Cand\u00e1s 365","image":{"@type":"ImageObject","@id":"https:\/\/candas365.es\/noticias\/cuanto-gastaran-los-espanoles-durante-la-semana-santa-2025\/#authorImage","url":"https:\/\/secure.gravatar.com\/avatar\/496a8e03d0c493ede1718b7934145dbdf8d89be1036b0eec9544e1094c9de390?s=96&d=mm&r=g","width":96,"height":96,"caption":"Cand\u00e1s 365"},"sameAs":["https:\/\/www.facebook.com\/carrenoactualidad","https:\/\/twitter.com\/nbasturias","https:\/\/www.instagram.com\/nachofdezber\/","https:\/\/www.youtube.com\/channel\/UCZP-2wLEB9Rv6erhFmqVnvg"]},{"@type":"WebPage","@id":"https:\/\/candas365.es\/noticias\/cuanto-gastaran-los-espanoles-durante-la-semana-santa-2025\/#webpage","url":"https:\/\/candas365.es\/noticias\/cuanto-gastaran-los-espanoles-durante-la-semana-santa-2025\/","name":"\u00bfCu\u00e1nto gastar\u00e1n los espa\u00f1oles durante la Semana Santa 2025? | Cand\u00e1s 365","description":"Un estudio afirma que cada espa\u00f1ol gastar\u00e1 de media unos 332 euros a lo largo de esta Semana Santa 2025 y el 57% lo har\u00e1 viajando mientras que el 43% dedicar\u00e1","inLanguage":"es-ES","isPartOf":{"@id":"https:\/\/candas365.es\/noticias\/#website"},"breadcrumb":{"@id":"https:\/\/candas365.es\/noticias\/cuanto-gastaran-los-espanoles-durante-la-semana-santa-2025\/#breadcrumblist"},"author":{"@id":"https:\/\/candas365.es\/noticias\/author\/admin\/#author"},"creator":{"@id":"https:\/\/candas365.es\/noticias\/author\/admin\/#author"},"image":{"@type":"ImageObject","url":"https:\/\/candas365.es\/noticias\/wp-content\/uploads\/2025\/04\/Viajar-Semana-Santa.jpg","@id":"https:\/\/candas365.es\/noticias\/cuanto-gastaran-los-espanoles-durante-la-semana-santa-2025\/#mainImage","width":985,"height":657,"caption":"Foto: 123rf.com"},"primaryImageOfPage":{"@id":"https:\/\/candas365.es\/noticias\/cuanto-gastaran-los-espanoles-durante-la-semana-santa-2025\/#mainImage"},"datePublished":"2025-04-13T17:52:32+02:00","dateModified":"2025-04-13T17:52:32+02:00"},{"@type":"WebSite","@id":"https:\/\/candas365.es\/noticias\/#website","url":"https:\/\/candas365.es\/noticias\/","name":"Cand\u00e1s 365","alternateName":"Cand\u00e1s 365 Noticias","description":"Actualidad desde Carre\u00f1o para el mundo","inLanguage":"es-ES","publisher":{"@id":"https:\/\/candas365.es\/noticias\/#organization"}}]},"og:locale":"es_ES","og:site_name":"Cand\u00e1s 365","og:type":"article","og:title":"\u00bfCu\u00e1nto gastar\u00e1n los espa\u00f1oles durante la Semana Santa 2025? | Cand\u00e1s 365","og:description":"Un estudio afirma que cada espa\u00f1ol gastar\u00e1 de media unos 332 euros a lo largo de esta Semana Santa 2025 y el 57% lo har\u00e1 viajando mientras que el 43% dedicar\u00e1","og:url":"https:\/\/candas365.es\/noticias\/cuanto-gastaran-los-espanoles-durante-la-semana-santa-2025\/","og:image":"https:\/\/candas365.es\/noticias\/wp-content\/uploads\/2025\/04\/Viajar-Semana-Santa.jpg","og:image:secure_url":"https:\/\/candas365.es\/noticias\/wp-content\/uploads\/2025\/04\/Viajar-Semana-Santa.jpg","og:image:width":985,"og:image:height":657,"article:published_time":"2025-04-13T15:52:32+00:00","article:modified_time":"2025-04-13T15:52:32+00:00","article:publisher":"https:\/\/www.facebook.com\/Nachofdezber","article:author":"https:\/\/www.facebook.com\/carrenoactualidad","twitter:card":"summary_large_image","twitter:site":"@NabercoDigital","twitter:title":"\u00bfCu\u00e1nto gastar\u00e1n los espa\u00f1oles durante la Semana Santa 2025? | Cand\u00e1s 365","twitter:description":"Un estudio afirma que cada espa\u00f1ol gastar\u00e1 de media unos 332 euros a lo largo de esta Semana Santa 2025 y el 57% lo har\u00e1 viajando mientras que el 43% dedicar\u00e1","twitter:creator":"@nbasturias","twitter:image":"https:\/\/candas365.es\/noticias\/wp-content\/uploads\/2025\/04\/Viajar-Semana-Santa.jpg","twitter:label1":"Escrito por","twitter:data1":"Cand\u00e1s 365","twitter:label2":"Tiempo de lectura estimado","twitter:data2":"2 minutos"},"aioseo_meta_data":{"post_id":"185890","title":null,"description":"Un estudio afirma que cada espa\u00f1ol gastar\u00e1 de media unos 332 euros a lo largo de esta Semana Santa 2025 y el 57% lo har\u00e1 viajando mientras que el 43% dedicar\u00e1","keywords":null,"keyphrases":{"focus":{"keyphrase":"Semana Santa","score":85,"analysis":{"keyphraseInTitle":{"score":9,"maxScore":9,"error":0},"keyphraseInDescription":{"score":9,"maxScore":9,"error":0},"keyphraseLength":{"score":9,"maxScore":9,"error":0,"length":2},"keyphraseInURL":{"score":1,"maxScore":5,"error":1},"keyphraseInIntroduction":{"score":9,"maxScore":9,"error":0},"keyphraseInSubHeadings":{"score":3,"maxScore":9,"error":1},"keyphraseInImageAlt":{"score":9,"maxScore":9,"error":0},"keywordDensity":{"type":"best","score":9,"maxScore":9,"error":0}}},"additional":[{"keyphrase":"Semana Santa","score":100,"analysis":{"keyphraseInDescription":{"score":9,"maxScore":9,"error":0},"keyphraseLength":{"score":9,"maxScore":9,"error":0,"length":2},"keyphraseInIntroduction":{"score":9,"maxScore":9,"error":0},"keyphraseInImageAlt":{"score":9,"maxScore":9,"error":0},"keywordDensity":{"type":"best","score":9,"maxScore":9,"error":0}}}]},"primary_term":null,"canonical_url":null,"og_title":null,"og_description":null,"og_object_type":"default","og_image_type":"default","og_image_url":null,"og_image_width":null,"og_image_height":null,"og_image_custom_url":null,"og_image_custom_fields":null,"og_video":"","og_custom_url":null,"og_article_section":null,"og_article_tags":null,"twitter_use_og":false,"twitter_card":"default","twitter_image_type":"default","twitter_image_url":null,"twitter_image_custom_url":null,"twitter_image_custom_fields":null,"twitter_title":null,"twitter_description":null,"schema":{"blockGraphs":[],"customGraphs":[],"default":{"data":{"Article":[],"Course":[],"Dataset":[],"FAQPage":[],"Movie":[],"Person":[],"Product":[],"ProductReview":[],"Car":[],"Recipe":[],"Service":[],"SoftwareApplication":[],"WebPage":[]},"graphName":"Article","isEnabled":true},"graphs":[]},"schema_type":"default","schema_type_options":null,"pillar_content":false,"robots_default":true,"robots_noindex":false,"robots_noarchive":false,"robots_nosnippet":false,"robots_nofollow":false,"robots_noimageindex":false,"robots_noodp":false,"robots_notranslate":false,"robots_max_snippet":"-1","robots_max_videopreview":"-1","robots_max_imagepreview":"large","priority":null,"frequency":"default","location":null,"local_seo":null,"seo_analyzer_scan_date":"2025-09-03 11:32:54","breadcrumb_settings":null,"limit_modified_date":false,"reviewed_by":null,"open_ai":"{\"title\":{\"suggestions\":[],\"usage\":0},\"description\":{\"suggestions\":[],\"usage\":0}}","ai":null,"created":"2025-04-13 15:45:09","updated":"2025-09-03 11:32:54"},"aioseo_breadcrumb":"<div class=\"aioseo-breadcrumbs\"><span class=\"aioseo-breadcrumb\">\n\t<a href=\"https:\/\/candas365.es\/noticias\" title=\"Home\">Home<\/a>\n<\/span><span class=\"aioseo-breadcrumb-separator\">&ndash;<\/span><span class=\"aioseo-breadcrumb\">\n\t<a href=\"https:\/\/candas365.es\/noticias\/category\/destacadas\/\" title=\"Destacadas\">Destacadas<\/a>\n<\/span><span class=\"aioseo-breadcrumb-separator\">&ndash;<\/span><span class=\"aioseo-breadcrumb\">\n\t\u00bfCu\u00e1nto gastar\u00e1n los espa\u00f1oles durante la Semana Santa 2025?\n<\/span><\/div>","aioseo_breadcrumb_json":[{"label":"Home","link":"https:\/\/candas365.es\/noticias"},{"label":"Destacadas","link":"https:\/\/candas365.es\/noticias\/category\/destacadas\/"},{"label":"\u00bfCu\u00e1nto gastar\u00e1n los espa\u00f1oles durante la Semana Santa 2025?","link":"https:\/\/candas365.es\/noticias\/cuanto-gastaran-los-espanoles-durante-la-semana-santa-2025\/"}],"_links":{"self":[{"href":"https:\/\/candas365.es\/noticias\/wp-json\/wp\/v2\/posts\/185890","targetHints":{"allow":["GET"]}}],"collection":[{"href":"https:\/\/candas365.es\/noticias\/wp-json\/wp\/v2\/posts"}],"about":[{"href":"https:\/\/candas365.es\/noticias\/wp-json\/wp\/v2\/types\/post"}],"author":[{"embeddable":true,"href":"https:\/\/candas365.es\/noticias\/wp-json\/wp\/v2\/users\/1"}],"replies":[{"embeddable":true,"href":"https:\/\/candas365.es\/noticias\/wp-json\/wp\/v2\/comments?post=185890"}],"version-history":[{"count":0,"href":"https:\/\/candas365.es\/noticias\/wp-json\/wp\/v2\/posts\/185890\/revisions"}],"wp:featuredmedia":[{"embeddable":true,"href":"https:\/\/candas365.es\/noticias\/wp-json\/wp\/v2\/media\/185891"}],"wp:attachment":[{"href":"https:\/\/candas365.es\/noticias\/wp-json\/wp\/v2\/media?parent=185890"}],"wp:term":[{"taxonomy":"category","embeddable":true,"href":"https:\/\/candas365.es\/noticias\/wp-json\/wp\/v2\/categories?post=185890"},{"taxonomy":"post_tag","embeddable":true,"href":"https:\/\/candas365.es\/noticias\/wp-json\/wp\/v2\/tags?post=185890"}],"curies":[{"name":"wp","href":"https:\/\/api.w.org\/{rel}","templated":true}]}}