{"id":185851,"date":"2025-04-11T03:15:57","date_gmt":"2025-04-11T01:15:57","guid":{"rendered":"https:\/\/candas365.es\/noticias\/?p=185851"},"modified":"2025-04-11T03:15:57","modified_gmt":"2025-04-11T01:15:57","slug":"el-fmi-recomienda-reevaluar-el-control-de-los-precios-del-alquiler","status":"publish","type":"post","link":"https:\/\/candas365.es\/noticias\/el-fmi-recomienda-reevaluar-el-control-de-los-precios-del-alquiler\/","title":{"rendered":"El FMI recomienda \u00abreevaluar\u00bb el control de los precios del alquiler"},"content":{"rendered":"<p>El <a href=\"https:\/\/naberco.es\/el-fmi-advierte-de-que-es-preciso-abordar-las-presiones-fiscales\/\" target=\"_blank\" rel=\"noopener\"><span style=\"color: #ff6600;\"><strong>FMI<\/strong><\/span><\/a> ha dicho que \u201cdebe reevaluarse el control de <a href=\"https:\/\/candas365.es\/noticias\/category\/economia\/\"><span style=\"color: #ff6600;\"><strong>precios del alquiler<\/strong><\/span><\/a>\u201d e incluso \u201cabandonarse\u201d si se constata que esta medida \u201creduce la cantidad o la calidad de la oferta regular de alquileres\u201d o si dificulta el acceso a la vivienda para los hogares de m\u00e1s bajos ingresos.<\/p>\n<figure id=\"attachment_185852\" aria-describedby=\"caption-attachment-185852\" style=\"width: 650px\" class=\"wp-caption aligncenter\"><img fetchpriority=\"high\" decoding=\"async\" class=\"size-large wp-image-185852\" src=\"https:\/\/candas365.es\/noticias\/wp-content\/uploads\/2025\/04\/precios-del-alquiler-650x363.jpg\" alt=\"precios del alquiler\" width=\"650\" height=\"363\" srcset=\"https:\/\/candas365.es\/noticias\/wp-content\/uploads\/2025\/04\/precios-del-alquiler-650x363.jpg 650w, https:\/\/candas365.es\/noticias\/wp-content\/uploads\/2025\/04\/precios-del-alquiler-360x201.jpg 360w, https:\/\/candas365.es\/noticias\/wp-content\/uploads\/2025\/04\/precios-del-alquiler-768x429.jpg 768w, https:\/\/candas365.es\/noticias\/wp-content\/uploads\/2025\/04\/precios-del-alquiler-150x84.jpg 150w, https:\/\/candas365.es\/noticias\/wp-content\/uploads\/2025\/04\/precios-del-alquiler-450x252.jpg 450w, https:\/\/candas365.es\/noticias\/wp-content\/uploads\/2025\/04\/precios-del-alquiler.jpg 1111w\" sizes=\"(max-width: 650px) 100vw, 650px\" \/><figcaption id=\"caption-attachment-185852\" class=\"wp-caption-text\">Foto: 123rf.com<\/figcaption><\/figure>\n<p>El FMI tambi\u00e9n coment\u00f3 que el r\u00e1pido aumento de los precios de la vivienda en Espa\u00f1a no plantea todav\u00eda riesgos para la estabilidad financiera, pero inst\u00f3 a las autoridades a monitorear su evoluci\u00f3n.<\/p>\n<p>\u201cMerece ser vigilado con atenci\u00f3n y ha de abordarse, sobre todo, con medidas de pol\u00edtica para estimular la oferta de vivienda\u201d, advirti\u00f3 el organismo en las conclusiones de la misi\u00f3n oficial en Espa\u00f1a, que se lleva a cabo en la mayor\u00eda de los pa\u00edses miembros, en el marco del Art\u00edculo IV del convenio consultivo del FMI.<\/p>\n<p>Por el momento, el FMI observa que los precios de la vivienda se mantienen significativamente por debajo de los niveles de 200, el apalancamiento de los hogares es bajo y tampoco hay se\u00f1ales de una relajaci\u00f3n sustancial de los criterios de concesi\u00f3n de pr\u00e9stamos.<\/p>\n<p>En el caso de que eso cambiara, deber\u00edan \u201cconsiderarse herramientas macroprudenciales preventivas orientadas a los prestatarios\u201d.<\/p>\n<p>Sin embargo, el organismo con sede en Washington reconoci\u00f3 que los aumentos de los precios y de los alquileres, as\u00ed como los elevados costes de endeudamiento, \u201chan erosionado la asequibilidad de la vivienda\u201d.<\/p>\n<p>El paquete de medidas presentado en enero por el Gobierno recibi\u00f3 una valoraci\u00f3n general buena por parte del FMI, pero recomend\u00f3 seguir ampliando la oferta.<\/p>\n<p>Para ello, propuso aprobar las modificaciones a la Ley del Suelo, la agilizaci\u00f3n de los tr\u00e1mites burocr\u00e1ticos para la obtenci\u00f3n de licencias, as\u00ed como la expansi\u00f3n del parque de vivienda social.<\/p>\n<p>En aquellas zonas donde la escasez de suelo no es tan grave, el FMI recomend\u00f3 mejorar el acceso a la propiedad de vivienda mediante \u201cmedidas de demanda estrechamente focalizadas\u201d, como los programas de avales p\u00fablicos para la compra de primera vivienda dirigido a los j\u00f3venes.<\/p>\n<p>(<span style=\"color: #ff6600;\"><a style=\"color: #ff6600;\" href=\"https:\/\/www.servimedia.es\/\" target=\"_blank\" rel=\"noopener\"><strong>SERVIMEDIA<\/strong><\/a><\/span>)<\/p>\n","protected":false},"excerpt":{"rendered":"<p>El FMI ha dicho que \u201cdebe reevaluarse el control de precios del alquiler\u201d e incluso \u201cabandonarse\u201d si se constata que esta medida \u201creduce la cantidad o la calidad de la oferta regular de alquileres\u201d o si dificulta el acceso a la vivienda para los hogares de m\u00e1s bajos ingresos. El FMI tambi\u00e9n coment\u00f3 que el<\/p>\n","protected":false},"author":1,"featured_media":185852,"comment_status":"closed","ping_status":"closed","sticky":false,"template":"","format":"standard","meta":{"footnotes":""},"categories":[486],"tags":[437],"class_list":{"0":"post-185851","1":"post","2":"type-post","3":"status-publish","4":"format-standard","5":"has-post-thumbnail","7":"category-economia","8":"tag-economia"},"aioseo_notices":[],"aioseo_head":"\n\t\t<!-- All in One SEO Pro 4.9.6.2 - aioseo.com -->\n\t<meta name=\"description\" content=\"El FMI ha dicho que \u201cdebe reevaluarse el control de precios del alquiler\u201d e incluso \u201cabandonarse\u201d si se constata que esta medida \u201creduce la cantidad\" \/>\n\t<meta name=\"robots\" content=\"max-image-preview:large\" \/>\n\t<meta name=\"author\" content=\"Cand\u00e1s 365\"\/>\n\t<meta name=\"google-site-verification\" content=\"UA-32230408-1\" \/>\n\t<meta name=\"msvalidate.01\" content=\"354F3CDFB2DA171B47FBE9ABF1F88D5\" \/>\n\t<meta name=\"keywords\" content=\"econom\u00eda\" \/>\n\t<link rel=\"canonical\" href=\"https:\/\/candas365.es\/noticias\/el-fmi-recomienda-reevaluar-el-control-de-los-precios-del-alquiler\/\" \/>\n\t<meta name=\"generator\" content=\"All in One SEO Pro (AIOSEO) 4.9.6.2\" \/>\n\t\t<meta property=\"og:locale\" content=\"es_ES\" \/>\n\t\t<meta property=\"og:site_name\" content=\"Cand\u00e1s 365\" \/>\n\t\t<meta property=\"og:type\" content=\"article\" \/>\n\t\t<meta property=\"og:title\" content=\"El FMI recomienda \u00abreevaluar\u00bb el control de los precios del alquiler | Cand\u00e1s 365\" \/>\n\t\t<meta property=\"og:description\" content=\"El FMI ha dicho que \u201cdebe reevaluarse el control de precios del alquiler\u201d e incluso \u201cabandonarse\u201d si se constata que esta medida \u201creduce la cantidad\" \/>\n\t\t<meta property=\"og:url\" content=\"https:\/\/candas365.es\/noticias\/el-fmi-recomienda-reevaluar-el-control-de-los-precios-del-alquiler\/\" \/>\n\t\t<meta property=\"og:image\" content=\"https:\/\/candas365.es\/noticias\/wp-content\/uploads\/2025\/04\/precios-del-alquiler.jpg\" \/>\n\t\t<meta property=\"og:image:secure_url\" content=\"https:\/\/candas365.es\/noticias\/wp-content\/uploads\/2025\/04\/precios-del-alquiler.jpg\" \/>\n\t\t<meta property=\"og:image:width\" content=\"1111\" \/>\n\t\t<meta property=\"og:image:height\" content=\"621\" \/>\n\t\t<meta property=\"article:published_time\" content=\"2025-04-11T01:15:57+00:00\" \/>\n\t\t<meta property=\"article:modified_time\" content=\"2025-04-11T01:15:57+00:00\" \/>\n\t\t<meta property=\"article:publisher\" content=\"https:\/\/www.facebook.com\/Nachofdezber\" \/>\n\t\t<meta property=\"article:author\" content=\"https:\/\/www.facebook.com\/carrenoactualidad\" \/>\n\t\t<meta name=\"twitter:card\" content=\"summary_large_image\" \/>\n\t\t<meta name=\"twitter:site\" content=\"@NabercoDigital\" \/>\n\t\t<meta name=\"twitter:title\" content=\"El FMI recomienda \u00abreevaluar\u00bb el control de los precios del alquiler | Cand\u00e1s 365\" \/>\n\t\t<meta name=\"twitter:description\" content=\"El FMI ha dicho que \u201cdebe reevaluarse el control de precios del alquiler\u201d e incluso \u201cabandonarse\u201d si se constata que esta medida \u201creduce la cantidad\" \/>\n\t\t<meta name=\"twitter:creator\" content=\"@nbasturias\" \/>\n\t\t<meta name=\"twitter:image\" content=\"https:\/\/candas365.es\/noticias\/wp-content\/uploads\/2025\/04\/precios-del-alquiler.jpg\" \/>\n\t\t<meta name=\"twitter:label1\" content=\"Escrito por\" \/>\n\t\t<meta name=\"twitter:data1\" content=\"Cand\u00e1s 365\" \/>\n\t\t<meta name=\"twitter:label2\" content=\"Tiempo de lectura estimado\" \/>\n\t\t<meta name=\"twitter:data2\" content=\"2 minutos\" \/>\n\t\t<script type=\"application\/ld+json\" class=\"aioseo-schema\">\n\t\t\t{\"@context\":\"https:\\\/\\\/schema.org\",\"@graph\":[{\"@type\":\"BreadcrumbList\",\"@id\":\"https:\\\/\\\/candas365.es\\\/noticias\\\/el-fmi-recomienda-reevaluar-el-control-de-los-precios-del-alquiler\\\/#breadcrumblist\",\"itemListElement\":[{\"@type\":\"ListItem\",\"@id\":\"https:\\\/\\\/candas365.es\\\/noticias#listItem\",\"position\":1,\"name\":\"Home\",\"item\":\"https:\\\/\\\/candas365.es\\\/noticias\",\"nextItem\":{\"@type\":\"ListItem\",\"@id\":\"https:\\\/\\\/candas365.es\\\/noticias\\\/category\\\/economia\\\/#listItem\",\"name\":\"Econom\\u00eda\"}},{\"@type\":\"ListItem\",\"@id\":\"https:\\\/\\\/candas365.es\\\/noticias\\\/category\\\/economia\\\/#listItem\",\"position\":2,\"name\":\"Econom\\u00eda\",\"item\":\"https:\\\/\\\/candas365.es\\\/noticias\\\/category\\\/economia\\\/\",\"nextItem\":{\"@type\":\"ListItem\",\"@id\":\"https:\\\/\\\/candas365.es\\\/noticias\\\/el-fmi-recomienda-reevaluar-el-control-de-los-precios-del-alquiler\\\/#listItem\",\"name\":\"El FMI recomienda \\u00abreevaluar\\u00bb el control de los precios del alquiler\"},\"previousItem\":{\"@type\":\"ListItem\",\"@id\":\"https:\\\/\\\/candas365.es\\\/noticias#listItem\",\"name\":\"Home\"}},{\"@type\":\"ListItem\",\"@id\":\"https:\\\/\\\/candas365.es\\\/noticias\\\/el-fmi-recomienda-reevaluar-el-control-de-los-precios-del-alquiler\\\/#listItem\",\"position\":3,\"name\":\"El FMI recomienda \\u00abreevaluar\\u00bb el control de los precios del alquiler\",\"previousItem\":{\"@type\":\"ListItem\",\"@id\":\"https:\\\/\\\/candas365.es\\\/noticias\\\/category\\\/economia\\\/#listItem\",\"name\":\"Econom\\u00eda\"}}]},{\"@type\":\"NewsArticle\",\"@id\":\"https:\\\/\\\/candas365.es\\\/noticias\\\/el-fmi-recomienda-reevaluar-el-control-de-los-precios-del-alquiler\\\/#newsarticle\",\"name\":\"El FMI recomienda \\u00abreevaluar\\u00bb el control de los precios del alquiler | Cand\\u00e1s 365\",\"headline\":\"El FMI recomienda \\u00abreevaluar\\u00bb el control de los precios del alquiler\",\"author\":{\"@id\":\"https:\\\/\\\/candas365.es\\\/noticias\\\/author\\\/admin\\\/#author\"},\"publisher\":{\"@id\":\"https:\\\/\\\/candas365.es\\\/noticias\\\/#organization\"},\"image\":{\"@type\":\"ImageObject\",\"url\":\"https:\\\/\\\/candas365.es\\\/noticias\\\/wp-content\\\/uploads\\\/2025\\\/04\\\/precios-del-alquiler.jpg\",\"width\":1111,\"height\":621,\"caption\":\"Foto: 123rf.com\"},\"datePublished\":\"2025-04-11T03:15:57+02:00\",\"dateModified\":\"2025-04-11T03:15:57+02:00\",\"inLanguage\":\"es-ES\",\"mainEntityOfPage\":{\"@id\":\"https:\\\/\\\/candas365.es\\\/noticias\\\/el-fmi-recomienda-reevaluar-el-control-de-los-precios-del-alquiler\\\/#webpage\"},\"isPartOf\":{\"@id\":\"https:\\\/\\\/candas365.es\\\/noticias\\\/el-fmi-recomienda-reevaluar-el-control-de-los-precios-del-alquiler\\\/#webpage\"},\"articleSection\":\"Econom\\u00eda, Econom\\u00eda\",\"dateline\":\"Publicado el abril 11, 2025.\"},{\"@type\":\"Organization\",\"@id\":\"https:\\\/\\\/candas365.es\\\/noticias\\\/#organization\",\"name\":\"Cand\\u00e1s 365\",\"description\":\"Cand\\u00e1s 365 es un diario digital independiente, fundado en 2012, con base en Asturias. Informamos con rigor sobre actualidad, sociedad, cultura y ocio, con una mirada local y global.\",\"url\":\"https:\\\/\\\/candas365.es\\\/noticias\\\/\",\"email\":\"info@candas365.es\",\"telephone\":\"+34652131393\",\"foundingDate\":\"2012-06-10\",\"logo\":{\"@type\":\"ImageObject\",\"url\":\"https:\\\/\\\/candas365.es\\\/noticias\\\/wp-content\\\/uploads\\\/2024\\\/09\\\/Candas-365-Redes.jpg\",\"@id\":\"https:\\\/\\\/candas365.es\\\/noticias\\\/el-fmi-recomienda-reevaluar-el-control-de-los-precios-del-alquiler\\\/#organizationLogo\",\"width\":1152,\"height\":864,\"caption\":\"Cand\\u00e1s 365 Redes\"},\"image\":{\"@id\":\"https:\\\/\\\/candas365.es\\\/noticias\\\/el-fmi-recomienda-reevaluar-el-control-de-los-precios-del-alquiler\\\/#organizationLogo\"},\"sameAs\":[\"https:\\\/\\\/www.facebook.com\\\/Nachofdezber\",\"https:\\\/\\\/x.com\\\/NabercoDigital\",\"https:\\\/\\\/www.instagram.com\\\/nachofdezber\\\/\",\"https:\\\/\\\/www.youtube.com\\\/channel\\\/UCZP-2wLEB9Rv6erhFmqVnvg\"],\"address\":{\"@id\":\"https:\\\/\\\/candas365.es\\\/noticias\\\/#postaladdress\",\"@type\":\"PostalAddress\",\"streetAddress\":\"san antonio 4, san antonio 4\",\"postalCode\":\"33430\",\"addressLocality\":\"Cand\\u00e1s\",\"addressRegion\":\"Asturias\",\"addressCountry\":\"ES\"}},{\"@type\":\"Person\",\"@id\":\"https:\\\/\\\/candas365.es\\\/noticias\\\/author\\\/admin\\\/#author\",\"url\":\"https:\\\/\\\/candas365.es\\\/noticias\\\/author\\\/admin\\\/\",\"name\":\"Cand\\u00e1s 365\",\"image\":{\"@type\":\"ImageObject\",\"@id\":\"https:\\\/\\\/candas365.es\\\/noticias\\\/el-fmi-recomienda-reevaluar-el-control-de-los-precios-del-alquiler\\\/#authorImage\",\"url\":\"https:\\\/\\\/secure.gravatar.com\\\/avatar\\\/496a8e03d0c493ede1718b7934145dbdf8d89be1036b0eec9544e1094c9de390?s=96&d=mm&r=g\",\"width\":96,\"height\":96,\"caption\":\"Cand\\u00e1s 365\"},\"sameAs\":[\"https:\\\/\\\/www.facebook.com\\\/carrenoactualidad\",\"https:\\\/\\\/twitter.com\\\/nbasturias\",\"https:\\\/\\\/www.instagram.com\\\/nachofdezber\\\/\",\"https:\\\/\\\/www.youtube.com\\\/channel\\\/UCZP-2wLEB9Rv6erhFmqVnvg\"]},{\"@type\":\"WebPage\",\"@id\":\"https:\\\/\\\/candas365.es\\\/noticias\\\/el-fmi-recomienda-reevaluar-el-control-de-los-precios-del-alquiler\\\/#webpage\",\"url\":\"https:\\\/\\\/candas365.es\\\/noticias\\\/el-fmi-recomienda-reevaluar-el-control-de-los-precios-del-alquiler\\\/\",\"name\":\"El FMI recomienda \\u00abreevaluar\\u00bb el control de los precios del alquiler | Cand\\u00e1s 365\",\"description\":\"El FMI ha dicho que \\u201cdebe reevaluarse el control de precios del alquiler\\u201d e incluso \\u201cabandonarse\\u201d si se constata que esta medida \\u201creduce la cantidad\",\"inLanguage\":\"es-ES\",\"isPartOf\":{\"@id\":\"https:\\\/\\\/candas365.es\\\/noticias\\\/#website\"},\"breadcrumb\":{\"@id\":\"https:\\\/\\\/candas365.es\\\/noticias\\\/el-fmi-recomienda-reevaluar-el-control-de-los-precios-del-alquiler\\\/#breadcrumblist\"},\"author\":{\"@id\":\"https:\\\/\\\/candas365.es\\\/noticias\\\/author\\\/admin\\\/#author\"},\"creator\":{\"@id\":\"https:\\\/\\\/candas365.es\\\/noticias\\\/author\\\/admin\\\/#author\"},\"image\":{\"@type\":\"ImageObject\",\"url\":\"https:\\\/\\\/candas365.es\\\/noticias\\\/wp-content\\\/uploads\\\/2025\\\/04\\\/precios-del-alquiler.jpg\",\"@id\":\"https:\\\/\\\/candas365.es\\\/noticias\\\/el-fmi-recomienda-reevaluar-el-control-de-los-precios-del-alquiler\\\/#mainImage\",\"width\":1111,\"height\":621,\"caption\":\"Foto: 123rf.com\"},\"primaryImageOfPage\":{\"@id\":\"https:\\\/\\\/candas365.es\\\/noticias\\\/el-fmi-recomienda-reevaluar-el-control-de-los-precios-del-alquiler\\\/#mainImage\"},\"datePublished\":\"2025-04-11T03:15:57+02:00\",\"dateModified\":\"2025-04-11T03:15:57+02:00\"},{\"@type\":\"WebSite\",\"@id\":\"https:\\\/\\\/candas365.es\\\/noticias\\\/#website\",\"url\":\"https:\\\/\\\/candas365.es\\\/noticias\\\/\",\"name\":\"Cand\\u00e1s 365\",\"alternateName\":\"Cand\\u00e1s 365 Noticias\",\"description\":\"Actualidad desde Carre\\u00f1o para el mundo\",\"inLanguage\":\"es-ES\",\"publisher\":{\"@id\":\"https:\\\/\\\/candas365.es\\\/noticias\\\/#organization\"}}]}\n\t\t<\/script>\n\t\t<!-- All in One SEO Pro -->\r\n\t\t<title>El FMI recomienda \u00abreevaluar\u00bb el control de los precios del alquiler | Cand\u00e1s 365<\/title>\n\n","aioseo_head_json":{"title":"El FMI recomienda \u00abreevaluar\u00bb el control de los precios del alquiler | Cand\u00e1s 365","description":"El FMI ha dicho que \u201cdebe reevaluarse el control de precios del alquiler\u201d e incluso \u201cabandonarse\u201d si se constata que esta medida \u201creduce la cantidad","canonical_url":"https:\/\/candas365.es\/noticias\/el-fmi-recomienda-reevaluar-el-control-de-los-precios-del-alquiler\/","robots":"max-image-preview:large","keywords":"econom\u00eda","webmasterTools":{"google-site-verification":"UA-32230408-1","msvalidate.01":"354F3CDFB2DA171B47FBE9ABF1F88D5","miscellaneous":""},"schema":{"@context":"https:\/\/schema.org","@graph":[{"@type":"BreadcrumbList","@id":"https:\/\/candas365.es\/noticias\/el-fmi-recomienda-reevaluar-el-control-de-los-precios-del-alquiler\/#breadcrumblist","itemListElement":[{"@type":"ListItem","@id":"https:\/\/candas365.es\/noticias#listItem","position":1,"name":"Home","item":"https:\/\/candas365.es\/noticias","nextItem":{"@type":"ListItem","@id":"https:\/\/candas365.es\/noticias\/category\/economia\/#listItem","name":"Econom\u00eda"}},{"@type":"ListItem","@id":"https:\/\/candas365.es\/noticias\/category\/economia\/#listItem","position":2,"name":"Econom\u00eda","item":"https:\/\/candas365.es\/noticias\/category\/economia\/","nextItem":{"@type":"ListItem","@id":"https:\/\/candas365.es\/noticias\/el-fmi-recomienda-reevaluar-el-control-de-los-precios-del-alquiler\/#listItem","name":"El FMI recomienda \u00abreevaluar\u00bb el control de los precios del alquiler"},"previousItem":{"@type":"ListItem","@id":"https:\/\/candas365.es\/noticias#listItem","name":"Home"}},{"@type":"ListItem","@id":"https:\/\/candas365.es\/noticias\/el-fmi-recomienda-reevaluar-el-control-de-los-precios-del-alquiler\/#listItem","position":3,"name":"El FMI recomienda \u00abreevaluar\u00bb el control de los precios del alquiler","previousItem":{"@type":"ListItem","@id":"https:\/\/candas365.es\/noticias\/category\/economia\/#listItem","name":"Econom\u00eda"}}]},{"@type":"NewsArticle","@id":"https:\/\/candas365.es\/noticias\/el-fmi-recomienda-reevaluar-el-control-de-los-precios-del-alquiler\/#newsarticle","name":"El FMI recomienda \u00abreevaluar\u00bb el control de los precios del alquiler | Cand\u00e1s 365","headline":"El FMI recomienda \u00abreevaluar\u00bb el control de los precios del alquiler","author":{"@id":"https:\/\/candas365.es\/noticias\/author\/admin\/#author"},"publisher":{"@id":"https:\/\/candas365.es\/noticias\/#organization"},"image":{"@type":"ImageObject","url":"https:\/\/candas365.es\/noticias\/wp-content\/uploads\/2025\/04\/precios-del-alquiler.jpg","width":1111,"height":621,"caption":"Foto: 123rf.com"},"datePublished":"2025-04-11T03:15:57+02:00","dateModified":"2025-04-11T03:15:57+02:00","inLanguage":"es-ES","mainEntityOfPage":{"@id":"https:\/\/candas365.es\/noticias\/el-fmi-recomienda-reevaluar-el-control-de-los-precios-del-alquiler\/#webpage"},"isPartOf":{"@id":"https:\/\/candas365.es\/noticias\/el-fmi-recomienda-reevaluar-el-control-de-los-precios-del-alquiler\/#webpage"},"articleSection":"Econom\u00eda, Econom\u00eda","dateline":"Publicado el abril 11, 2025."},{"@type":"Organization","@id":"https:\/\/candas365.es\/noticias\/#organization","name":"Cand\u00e1s 365","description":"Cand\u00e1s 365 es un diario digital independiente, fundado en 2012, con base en Asturias. Informamos con rigor sobre actualidad, sociedad, cultura y ocio, con una mirada local y global.","url":"https:\/\/candas365.es\/noticias\/","email":"info@candas365.es","telephone":"+34652131393","foundingDate":"2012-06-10","logo":{"@type":"ImageObject","url":"https:\/\/candas365.es\/noticias\/wp-content\/uploads\/2024\/09\/Candas-365-Redes.jpg","@id":"https:\/\/candas365.es\/noticias\/el-fmi-recomienda-reevaluar-el-control-de-los-precios-del-alquiler\/#organizationLogo","width":1152,"height":864,"caption":"Cand\u00e1s 365 Redes"},"image":{"@id":"https:\/\/candas365.es\/noticias\/el-fmi-recomienda-reevaluar-el-control-de-los-precios-del-alquiler\/#organizationLogo"},"sameAs":["https:\/\/www.facebook.com\/Nachofdezber","https:\/\/x.com\/NabercoDigital","https:\/\/www.instagram.com\/nachofdezber\/","https:\/\/www.youtube.com\/channel\/UCZP-2wLEB9Rv6erhFmqVnvg"],"address":{"@id":"https:\/\/candas365.es\/noticias\/#postaladdress","@type":"PostalAddress","streetAddress":"san antonio 4, san antonio 4","postalCode":"33430","addressLocality":"Cand\u00e1s","addressRegion":"Asturias","addressCountry":"ES"}},{"@type":"Person","@id":"https:\/\/candas365.es\/noticias\/author\/admin\/#author","url":"https:\/\/candas365.es\/noticias\/author\/admin\/","name":"Cand\u00e1s 365","image":{"@type":"ImageObject","@id":"https:\/\/candas365.es\/noticias\/el-fmi-recomienda-reevaluar-el-control-de-los-precios-del-alquiler\/#authorImage","url":"https:\/\/secure.gravatar.com\/avatar\/496a8e03d0c493ede1718b7934145dbdf8d89be1036b0eec9544e1094c9de390?s=96&d=mm&r=g","width":96,"height":96,"caption":"Cand\u00e1s 365"},"sameAs":["https:\/\/www.facebook.com\/carrenoactualidad","https:\/\/twitter.com\/nbasturias","https:\/\/www.instagram.com\/nachofdezber\/","https:\/\/www.youtube.com\/channel\/UCZP-2wLEB9Rv6erhFmqVnvg"]},{"@type":"WebPage","@id":"https:\/\/candas365.es\/noticias\/el-fmi-recomienda-reevaluar-el-control-de-los-precios-del-alquiler\/#webpage","url":"https:\/\/candas365.es\/noticias\/el-fmi-recomienda-reevaluar-el-control-de-los-precios-del-alquiler\/","name":"El FMI recomienda \u00abreevaluar\u00bb el control de los precios del alquiler | Cand\u00e1s 365","description":"El FMI ha dicho que \u201cdebe reevaluarse el control de precios del alquiler\u201d e incluso \u201cabandonarse\u201d si se constata que esta medida \u201creduce la cantidad","inLanguage":"es-ES","isPartOf":{"@id":"https:\/\/candas365.es\/noticias\/#website"},"breadcrumb":{"@id":"https:\/\/candas365.es\/noticias\/el-fmi-recomienda-reevaluar-el-control-de-los-precios-del-alquiler\/#breadcrumblist"},"author":{"@id":"https:\/\/candas365.es\/noticias\/author\/admin\/#author"},"creator":{"@id":"https:\/\/candas365.es\/noticias\/author\/admin\/#author"},"image":{"@type":"ImageObject","url":"https:\/\/candas365.es\/noticias\/wp-content\/uploads\/2025\/04\/precios-del-alquiler.jpg","@id":"https:\/\/candas365.es\/noticias\/el-fmi-recomienda-reevaluar-el-control-de-los-precios-del-alquiler\/#mainImage","width":1111,"height":621,"caption":"Foto: 123rf.com"},"primaryImageOfPage":{"@id":"https:\/\/candas365.es\/noticias\/el-fmi-recomienda-reevaluar-el-control-de-los-precios-del-alquiler\/#mainImage"},"datePublished":"2025-04-11T03:15:57+02:00","dateModified":"2025-04-11T03:15:57+02:00"},{"@type":"WebSite","@id":"https:\/\/candas365.es\/noticias\/#website","url":"https:\/\/candas365.es\/noticias\/","name":"Cand\u00e1s 365","alternateName":"Cand\u00e1s 365 Noticias","description":"Actualidad desde Carre\u00f1o para el mundo","inLanguage":"es-ES","publisher":{"@id":"https:\/\/candas365.es\/noticias\/#organization"}}]},"og:locale":"es_ES","og:site_name":"Cand\u00e1s 365","og:type":"article","og:title":"El FMI recomienda \u00abreevaluar\u00bb el control de los precios del alquiler | Cand\u00e1s 365","og:description":"El FMI ha dicho que \u201cdebe reevaluarse el control de precios del alquiler\u201d e incluso \u201cabandonarse\u201d si se constata que esta medida \u201creduce la cantidad","og:url":"https:\/\/candas365.es\/noticias\/el-fmi-recomienda-reevaluar-el-control-de-los-precios-del-alquiler\/","og:image":"https:\/\/candas365.es\/noticias\/wp-content\/uploads\/2025\/04\/precios-del-alquiler.jpg","og:image:secure_url":"https:\/\/candas365.es\/noticias\/wp-content\/uploads\/2025\/04\/precios-del-alquiler.jpg","og:image:width":1111,"og:image:height":621,"article:published_time":"2025-04-11T01:15:57+00:00","article:modified_time":"2025-04-11T01:15:57+00:00","article:publisher":"https:\/\/www.facebook.com\/Nachofdezber","article:author":"https:\/\/www.facebook.com\/carrenoactualidad","twitter:card":"summary_large_image","twitter:site":"@NabercoDigital","twitter:title":"El FMI recomienda \u00abreevaluar\u00bb el control de los precios del alquiler | Cand\u00e1s 365","twitter:description":"El FMI ha dicho que \u201cdebe reevaluarse el control de precios del alquiler\u201d e incluso \u201cabandonarse\u201d si se constata que esta medida \u201creduce la cantidad","twitter:creator":"@nbasturias","twitter:image":"https:\/\/candas365.es\/noticias\/wp-content\/uploads\/2025\/04\/precios-del-alquiler.jpg","twitter:label1":"Escrito por","twitter:data1":"Cand\u00e1s 365","twitter:label2":"Tiempo de lectura estimado","twitter:data2":"2 minutos"},"aioseo_meta_data":{"post_id":"185851","title":null,"description":"El FMI ha dicho que \u201cdebe reevaluarse el control de precios del alquiler\u201d e incluso \u201cabandonarse\u201d si se constata que esta medida \u201creduce la cantidad","keywords":null,"keyphrases":{"focus":{"keyphrase":"alquiler","score":100,"analysis":{"keyphraseInTitle":{"score":9,"maxScore":9,"error":0},"keyphraseInDescription":{"score":9,"maxScore":9,"error":0},"keyphraseLength":{"score":9,"maxScore":9,"error":0,"length":1},"keyphraseInURL":{"score":5,"maxScore":5,"error":0},"keyphraseInIntroduction":{"score":9,"maxScore":9,"error":0},"keyphraseInSubHeadings":[],"keyphraseInImageAlt":{"score":9,"maxScore":9,"error":0},"keywordDensity":{"type":"best","score":9,"maxScore":9,"error":0}}},"additional":[{"keyphrase":"alquiler","score":100,"analysis":{"keyphraseInDescription":{"score":9,"maxScore":9,"error":0},"keyphraseLength":{"score":9,"maxScore":9,"error":0,"length":1},"keyphraseInIntroduction":{"score":9,"maxScore":9,"error":0},"keyphraseInImageAlt":{"score":9,"maxScore":9,"error":0},"keywordDensity":{"type":"best","score":9,"maxScore":9,"error":0}}}]},"primary_term":null,"canonical_url":null,"og_title":null,"og_description":null,"og_object_type":"default","og_image_type":"default","og_image_url":null,"og_image_width":null,"og_image_height":null,"og_image_custom_url":null,"og_image_custom_fields":null,"og_video":"","og_custom_url":null,"og_article_section":null,"og_article_tags":null,"twitter_use_og":false,"twitter_card":"default","twitter_image_type":"default","twitter_image_url":null,"twitter_image_custom_url":null,"twitter_image_custom_fields":null,"twitter_title":null,"twitter_description":null,"schema":{"blockGraphs":[],"customGraphs":[],"default":{"data":{"Article":[],"Course":[],"Dataset":[],"FAQPage":[],"Movie":[],"Person":[],"Product":[],"ProductReview":[],"Car":[],"Recipe":[],"Service":[],"SoftwareApplication":[],"WebPage":[]},"graphName":"Article","isEnabled":true},"graphs":[]},"schema_type":"default","schema_type_options":null,"pillar_content":false,"robots_default":true,"robots_noindex":false,"robots_noarchive":false,"robots_nosnippet":false,"robots_nofollow":false,"robots_noimageindex":false,"robots_noodp":false,"robots_notranslate":false,"robots_max_snippet":"-1","robots_max_videopreview":"-1","robots_max_imagepreview":"large","priority":null,"frequency":"default","location":null,"local_seo":null,"seo_analyzer_scan_date":"2025-09-03 11:28:27","breadcrumb_settings":null,"limit_modified_date":false,"reviewed_by":null,"open_ai":"{\"title\":{\"suggestions\":[],\"usage\":0},\"description\":{\"suggestions\":[],\"usage\":0}}","ai":null,"created":"2025-04-11 01:01:18","updated":"2025-09-03 11:28:27"},"aioseo_breadcrumb":"<div class=\"aioseo-breadcrumbs\"><span class=\"aioseo-breadcrumb\">\n\t<a href=\"https:\/\/candas365.es\/noticias\" title=\"Home\">Home<\/a>\n<\/span><span class=\"aioseo-breadcrumb-separator\">&ndash;<\/span><span class=\"aioseo-breadcrumb\">\n\t<a href=\"https:\/\/candas365.es\/noticias\/category\/economia\/\" title=\"Econom\u00eda\">Econom\u00eda<\/a>\n<\/span><span class=\"aioseo-breadcrumb-separator\">&ndash;<\/span><span class=\"aioseo-breadcrumb\">\n\tEl FMI recomienda \u00abreevaluar\u00bb el control de los precios del alquiler\n<\/span><\/div>","aioseo_breadcrumb_json":[{"label":"Home","link":"https:\/\/candas365.es\/noticias"},{"label":"Econom\u00eda","link":"https:\/\/candas365.es\/noticias\/category\/economia\/"},{"label":"El FMI recomienda \u00abreevaluar\u00bb el control de los precios del alquiler","link":"https:\/\/candas365.es\/noticias\/el-fmi-recomienda-reevaluar-el-control-de-los-precios-del-alquiler\/"}],"_links":{"self":[{"href":"https:\/\/candas365.es\/noticias\/wp-json\/wp\/v2\/posts\/185851","targetHints":{"allow":["GET"]}}],"collection":[{"href":"https:\/\/candas365.es\/noticias\/wp-json\/wp\/v2\/posts"}],"about":[{"href":"https:\/\/candas365.es\/noticias\/wp-json\/wp\/v2\/types\/post"}],"author":[{"embeddable":true,"href":"https:\/\/candas365.es\/noticias\/wp-json\/wp\/v2\/users\/1"}],"replies":[{"embeddable":true,"href":"https:\/\/candas365.es\/noticias\/wp-json\/wp\/v2\/comments?post=185851"}],"version-history":[{"count":0,"href":"https:\/\/candas365.es\/noticias\/wp-json\/wp\/v2\/posts\/185851\/revisions"}],"wp:featuredmedia":[{"embeddable":true,"href":"https:\/\/candas365.es\/noticias\/wp-json\/wp\/v2\/media\/185852"}],"wp:attachment":[{"href":"https:\/\/candas365.es\/noticias\/wp-json\/wp\/v2\/media?parent=185851"}],"wp:term":[{"taxonomy":"category","embeddable":true,"href":"https:\/\/candas365.es\/noticias\/wp-json\/wp\/v2\/categories?post=185851"},{"taxonomy":"post_tag","embeddable":true,"href":"https:\/\/candas365.es\/noticias\/wp-json\/wp\/v2\/tags?post=185851"}],"curies":[{"name":"wp","href":"https:\/\/api.w.org\/{rel}","templated":true}]}}