{"id":185841,"date":"2025-04-10T21:11:06","date_gmt":"2025-04-10T19:11:06","guid":{"rendered":"https:\/\/candas365.es\/noticias\/?p=185841"},"modified":"2025-04-10T21:11:06","modified_gmt":"2025-04-10T19:11:06","slug":"fmi-los-efectos-de-la-reforma-laboral-en-espana","status":"publish","type":"post","link":"https:\/\/candas365.es\/noticias\/fmi-los-efectos-de-la-reforma-laboral-en-espana\/","title":{"rendered":"FMI: Los efectos de la reforma laboral en Espa\u00f1a"},"content":{"rendered":"<p>El <a href=\"https:\/\/naberco.es\/el-fmi-advierte-de-que-es-preciso-abordar-las-presiones-fiscales\/\" target=\"_blank\" rel=\"noopener\"><span style=\"color: #ff6600;\"><strong>FMI<\/strong><\/span><\/a> ha avisado a Espa\u00f1a de que la reducci\u00f3n de la<span style=\"color: #ff6600;\"><a style=\"color: #ff6600;\" href=\"https:\/\/candas365.es\/noticias\/category\/economia\/\"><strong> jornada laboral<\/strong><\/a><\/span> que prev\u00e9 el Gobierno ha tenido un \u201cefecto ambiguo sobre el desempleo\u201d e \u201cimpactos adversos sobre la producci\u00f3n y el crecimiento de los salarios\u201d en otros pa\u00edses donde ya se ha aplicado.<\/p>\n<figure id=\"attachment_185842\" aria-describedby=\"caption-attachment-185842\" style=\"width: 650px\" class=\"wp-caption aligncenter\"><img fetchpriority=\"high\" decoding=\"async\" class=\"size-large wp-image-185842\" src=\"https:\/\/candas365.es\/noticias\/wp-content\/uploads\/2025\/04\/reforma-laboral-en-Espana-650x419.jpg\" alt=\"reforma laboral en Espa\u00f1a\" width=\"650\" height=\"419\" srcset=\"https:\/\/candas365.es\/noticias\/wp-content\/uploads\/2025\/04\/reforma-laboral-en-Espana-650x419.jpg 650w, https:\/\/candas365.es\/noticias\/wp-content\/uploads\/2025\/04\/reforma-laboral-en-Espana-360x232.jpg 360w, https:\/\/candas365.es\/noticias\/wp-content\/uploads\/2025\/04\/reforma-laboral-en-Espana-768x496.jpg 768w, https:\/\/candas365.es\/noticias\/wp-content\/uploads\/2025\/04\/reforma-laboral-en-Espana-150x97.jpg 150w, https:\/\/candas365.es\/noticias\/wp-content\/uploads\/2025\/04\/reforma-laboral-en-Espana-450x290.jpg 450w, https:\/\/candas365.es\/noticias\/wp-content\/uploads\/2025\/04\/reforma-laboral-en-Espana.jpg 995w\" sizes=\"(max-width: 650px) 100vw, 650px\" \/><figcaption id=\"caption-attachment-185842\" class=\"wp-caption-text\">Foto: 123rf.com<\/figcaption><\/figure>\n<p>Por esta raz\u00f3n, el organismo recomend\u00f3 \u201cdise\u00f1ar cuidadosamente\u201d este cambio que el Ejecutivo quiere introducir en el Estatuto de los Trabajadores, al pasar de las 40 horas semanales como m\u00e1ximo legal a 37,5 horas a la semana este a\u00f1o.<\/p>\n<p>En las conclusiones de la misi\u00f3n oficial en Espa\u00f1a, que se lleva a cabo en la mayor\u00eda de los pa\u00edses miembros, en el marco del Art\u00edculo IV del convenio consultivo del FMI, la instituci\u00f3n se\u00f1al\u00f3 que su entrada en vigor \u201celevar\u00eda el aumento acumulado del salario m\u00ednimo desde 2018 a m\u00e1s del 70%, lo que comenzar\u00eda a generar inquietud sobre los posibles impactos adversos en los grupos desfavorecidos\u201d.<\/p>\n<p>Adem\u00e1s, insisti\u00f3 en que esta reforma deber\u00eda preservar \u201cel importante papel de la negociaci\u00f3n colectiva\u201d para tener en cuenta la heterogeneidad intersectorial, sobre todo en lo que se refiere a la distribuci\u00f3n del total de las horas trabajadas a lo largo del a\u00f1o y la fijaci\u00f3n del nivel y la remuneraci\u00f3n de las horas extraordinarias.<\/p>\n<h2>APOYO A LAS EMPRESAS<\/h2>\n<p>Por otro lado, el FMI recalc\u00f3 la importancia de apoyar a las empresas espa\u00f1olas para que aumenten su tama\u00f1o, adem\u00e1s de fortalecer el ecosistema de innovaci\u00f3n. Ambas medidas ayudar\u00edan a incrementar el crecimiento de la productividad.<\/p>\n<p>En su misi\u00f3n, el FMI encontr\u00f3 que las grandes empresas espa\u00f1olas est\u00e1n rezagadas con respecto a sus hom\u00f3logas europeas m\u00e1s din\u00e1micas en I+D e innovaci\u00f3n. Adem\u00e1s, las empresas nuevas de alto crecimiento son menos numerosas y tienen dificultades para aumentar su tama\u00f1o.<\/p>\n<p>Junto con el incremento del gasto en I+D para 2030, el organismo propuso facilitar el aumento del tama\u00f1o de las empresas a trav\u00e9s de la iniciativa R\u00e9gimen 20 del Gobierno, dirigida a armonizar y simplificar las cargas regulatorias y administrativas; ampliar la financiaci\u00f3n de las empresas nuevas e innovadoras; y fortalecer el sistema universitario para promover la innovaci\u00f3n, con una mayor autonom\u00eda en la contrataci\u00f3n, la promoci\u00f3n y la remuneraci\u00f3n de los profesores, y haciendo que los planes de estudio respondan mejor a las demandas del mercado laboral.<\/p>\n<h2><strong>POL\u00cdTICAS ACTIVAS DE EMPLEO<\/strong><\/h2>\n<p>El FMI puntualiz\u00f3 que Espa\u00f1a necesita elevar su baja tasa de empleo y mejorar su productividad para conseguir la convergencia del ingreso per c\u00e1pita con el de otras econom\u00edas avanzadas de ingreso alto. El lastre de la econom\u00eda espa\u00f1ola sigue siendo sus niveles de empleo y su d\u00e9ficit de productividad, \u201ctan amplio como a principios de la d\u00e9cada de 2000\u201d, a pesar de ser una de las econom\u00edas que m\u00e1s crece.<\/p>\n<p>Para atajar el desempleo de forma duradera, el FMI consider\u00f3 \u201cfundamental\u201d seguir reforzando las pol\u00edticas activas de empleo (PAE) y los incentivos financieros para los solicitantes de empleo.<\/p>\n<p>Entre sus propuestas, aboga por ampliar la reforma del subsidio por desempleo y reforzar los requisitos de activaci\u00f3n a los beneficiarios. En concreto, el FMI recomienda permitir una combinaci\u00f3n de los ingresos del trabajo con la percepci\u00f3n de prestaciones durante un per\u00edodo m\u00e1s largo, sin descartar, en \u00faltima instancia una sustituci\u00f3n de las prestaciones no contributivas por un cr\u00e9dito fiscal integrado asociado al empleo.<\/p>\n<blockquote><p>\u201cHa demostrado tener \u00e9xito en pa\u00edses similares a la hora de aumentar las tasas de empleo\u201d, recalc\u00f3 la misi\u00f3n del FMI.<\/p><\/blockquote>\n<p>Por otro lado, el organismo se\u00f1al\u00f3 que la eficacia de las PAE mejorar\u00eda si se diera mayor importancia a la mejora de la colocaci\u00f3n laboral cuando se distribuyen los fondos a las oficinas regionales del Servicio P\u00fablico de Empleo.<\/p>\n<p>Para ello, tambi\u00e9n ser\u00eda necesario un aumento del presupuesto de las PAE, \u201cque sigue estando muy por debajo del de pa\u00edses europeos exitosos en este campo\u201d. Junto con los recursos econ\u00f3micos, las oficinas regionales tambi\u00e9n requieren de una mayor dotaci\u00f3n de personal, digitalizaci\u00f3n y mayor colaboraci\u00f3n con el sector privado.<\/p>\n<p>(<a href=\"https:\/\/www.servimedia.es\/\" target=\"_blank\" rel=\"noopener\"><span style=\"color: #ff6600;\"><strong>SERVIMEDIA<\/strong><\/span><\/a>)<\/p>\n","protected":false},"excerpt":{"rendered":"<p>El FMI ha avisado a Espa\u00f1a de que la reducci\u00f3n de la jornada laboral que prev\u00e9 el Gobierno ha tenido un \u201cefecto ambiguo sobre el desempleo\u201d e \u201cimpactos adversos sobre la producci\u00f3n y el crecimiento de los salarios\u201d en otros pa\u00edses donde ya se ha aplicado. Por esta raz\u00f3n, el organismo recomend\u00f3 \u201cdise\u00f1ar cuidadosamente\u201d este<\/p>\n","protected":false},"author":1,"featured_media":185842,"comment_status":"closed","ping_status":"closed","sticky":false,"template":"","format":"standard","meta":{"footnotes":""},"categories":[486],"tags":[437],"class_list":{"0":"post-185841","1":"post","2":"type-post","3":"status-publish","4":"format-standard","5":"has-post-thumbnail","7":"category-economia","8":"tag-economia"},"aioseo_notices":[],"aioseo_head":"\n\t\t<!-- All in One SEO Pro 4.9.6.2 - aioseo.com -->\n\t<meta name=\"description\" content=\"El FMI ha avisado a Espa\u00f1a de que la reducci\u00f3n de la jornada laboral que prev\u00e9 el Gobierno ha tenido un \u201cefecto ambiguo sobre el desempleo\u201d e \u201cimpactos adversos\" \/>\n\t<meta name=\"robots\" content=\"max-image-preview:large\" \/>\n\t<meta name=\"author\" content=\"Cand\u00e1s 365\"\/>\n\t<meta name=\"google-site-verification\" content=\"UA-32230408-1\" \/>\n\t<meta name=\"msvalidate.01\" content=\"354F3CDFB2DA171B47FBE9ABF1F88D5\" \/>\n\t<meta name=\"keywords\" content=\"econom\u00eda\" \/>\n\t<link rel=\"canonical\" href=\"https:\/\/candas365.es\/noticias\/fmi-los-efectos-de-la-reforma-laboral-en-espana\/\" \/>\n\t<meta name=\"generator\" content=\"All in One SEO Pro (AIOSEO) 4.9.6.2\" \/>\n\t\t<meta property=\"og:locale\" content=\"es_ES\" \/>\n\t\t<meta property=\"og:site_name\" content=\"Cand\u00e1s 365\" \/>\n\t\t<meta property=\"og:type\" content=\"article\" \/>\n\t\t<meta property=\"og:title\" content=\"FMI: Los efectos de la reforma laboral en Espa\u00f1a | Cand\u00e1s 365\" \/>\n\t\t<meta property=\"og:description\" content=\"El FMI ha avisado a Espa\u00f1a de que la reducci\u00f3n de la jornada laboral que prev\u00e9 el Gobierno ha tenido un \u201cefecto ambiguo sobre el desempleo\u201d e \u201cimpactos adversos\" \/>\n\t\t<meta property=\"og:url\" content=\"https:\/\/candas365.es\/noticias\/fmi-los-efectos-de-la-reforma-laboral-en-espana\/\" \/>\n\t\t<meta property=\"og:image\" content=\"https:\/\/candas365.es\/noticias\/wp-content\/uploads\/2025\/04\/reforma-laboral-en-Espana.jpg\" \/>\n\t\t<meta property=\"og:image:secure_url\" content=\"https:\/\/candas365.es\/noticias\/wp-content\/uploads\/2025\/04\/reforma-laboral-en-Espana.jpg\" \/>\n\t\t<meta property=\"og:image:width\" content=\"995\" \/>\n\t\t<meta property=\"og:image:height\" content=\"642\" \/>\n\t\t<meta property=\"article:published_time\" content=\"2025-04-10T19:11:06+00:00\" \/>\n\t\t<meta property=\"article:modified_time\" content=\"2025-04-10T19:11:06+00:00\" \/>\n\t\t<meta property=\"article:publisher\" content=\"https:\/\/www.facebook.com\/Nachofdezber\" \/>\n\t\t<meta property=\"article:author\" content=\"https:\/\/www.facebook.com\/carrenoactualidad\" \/>\n\t\t<meta name=\"twitter:card\" content=\"summary_large_image\" \/>\n\t\t<meta name=\"twitter:site\" content=\"@NabercoDigital\" \/>\n\t\t<meta name=\"twitter:title\" content=\"FMI: Los efectos de la reforma laboral en Espa\u00f1a | Cand\u00e1s 365\" \/>\n\t\t<meta name=\"twitter:description\" content=\"El FMI ha avisado a Espa\u00f1a de que la reducci\u00f3n de la jornada laboral que prev\u00e9 el Gobierno ha tenido un \u201cefecto ambiguo sobre el desempleo\u201d e \u201cimpactos adversos\" \/>\n\t\t<meta name=\"twitter:creator\" content=\"@nbasturias\" \/>\n\t\t<meta name=\"twitter:image\" content=\"https:\/\/candas365.es\/noticias\/wp-content\/uploads\/2025\/04\/reforma-laboral-en-Espana.jpg\" \/>\n\t\t<meta name=\"twitter:label1\" content=\"Escrito por\" \/>\n\t\t<meta name=\"twitter:data1\" content=\"Cand\u00e1s 365\" \/>\n\t\t<meta name=\"twitter:label2\" content=\"Tiempo de lectura estimado\" \/>\n\t\t<meta name=\"twitter:data2\" content=\"4 minutos\" \/>\n\t\t<script type=\"application\/ld+json\" class=\"aioseo-schema\">\n\t\t\t{\"@context\":\"https:\\\/\\\/schema.org\",\"@graph\":[{\"@type\":\"BreadcrumbList\",\"@id\":\"https:\\\/\\\/candas365.es\\\/noticias\\\/fmi-los-efectos-de-la-reforma-laboral-en-espana\\\/#breadcrumblist\",\"itemListElement\":[{\"@type\":\"ListItem\",\"@id\":\"https:\\\/\\\/candas365.es\\\/noticias#listItem\",\"position\":1,\"name\":\"Home\",\"item\":\"https:\\\/\\\/candas365.es\\\/noticias\",\"nextItem\":{\"@type\":\"ListItem\",\"@id\":\"https:\\\/\\\/candas365.es\\\/noticias\\\/category\\\/economia\\\/#listItem\",\"name\":\"Econom\\u00eda\"}},{\"@type\":\"ListItem\",\"@id\":\"https:\\\/\\\/candas365.es\\\/noticias\\\/category\\\/economia\\\/#listItem\",\"position\":2,\"name\":\"Econom\\u00eda\",\"item\":\"https:\\\/\\\/candas365.es\\\/noticias\\\/category\\\/economia\\\/\",\"nextItem\":{\"@type\":\"ListItem\",\"@id\":\"https:\\\/\\\/candas365.es\\\/noticias\\\/fmi-los-efectos-de-la-reforma-laboral-en-espana\\\/#listItem\",\"name\":\"FMI: Los efectos de la reforma laboral en Espa\\u00f1a\"},\"previousItem\":{\"@type\":\"ListItem\",\"@id\":\"https:\\\/\\\/candas365.es\\\/noticias#listItem\",\"name\":\"Home\"}},{\"@type\":\"ListItem\",\"@id\":\"https:\\\/\\\/candas365.es\\\/noticias\\\/fmi-los-efectos-de-la-reforma-laboral-en-espana\\\/#listItem\",\"position\":3,\"name\":\"FMI: Los efectos de la reforma laboral en Espa\\u00f1a\",\"previousItem\":{\"@type\":\"ListItem\",\"@id\":\"https:\\\/\\\/candas365.es\\\/noticias\\\/category\\\/economia\\\/#listItem\",\"name\":\"Econom\\u00eda\"}}]},{\"@type\":\"NewsArticle\",\"@id\":\"https:\\\/\\\/candas365.es\\\/noticias\\\/fmi-los-efectos-de-la-reforma-laboral-en-espana\\\/#newsarticle\",\"name\":\"FMI: Los efectos de la reforma laboral en Espa\\u00f1a | Cand\\u00e1s 365\",\"headline\":\"FMI: Los efectos de la reforma laboral en Espa\\u00f1a\",\"author\":{\"@id\":\"https:\\\/\\\/candas365.es\\\/noticias\\\/author\\\/admin\\\/#author\"},\"publisher\":{\"@id\":\"https:\\\/\\\/candas365.es\\\/noticias\\\/#organization\"},\"image\":{\"@type\":\"ImageObject\",\"url\":\"https:\\\/\\\/candas365.es\\\/noticias\\\/wp-content\\\/uploads\\\/2025\\\/04\\\/reforma-laboral-en-Espana.jpg\",\"width\":995,\"height\":642,\"caption\":\"Foto: 123rf.com\"},\"datePublished\":\"2025-04-10T21:11:06+02:00\",\"dateModified\":\"2025-04-10T21:11:06+02:00\",\"inLanguage\":\"es-ES\",\"mainEntityOfPage\":{\"@id\":\"https:\\\/\\\/candas365.es\\\/noticias\\\/fmi-los-efectos-de-la-reforma-laboral-en-espana\\\/#webpage\"},\"isPartOf\":{\"@id\":\"https:\\\/\\\/candas365.es\\\/noticias\\\/fmi-los-efectos-de-la-reforma-laboral-en-espana\\\/#webpage\"},\"articleSection\":\"Econom\\u00eda, Econom\\u00eda\",\"dateline\":\"Publicado el abril 10, 2025.\"},{\"@type\":\"Organization\",\"@id\":\"https:\\\/\\\/candas365.es\\\/noticias\\\/#organization\",\"name\":\"Cand\\u00e1s 365\",\"description\":\"Cand\\u00e1s 365 es un diario digital independiente, fundado en 2012, con base en Asturias. Informamos con rigor sobre actualidad, sociedad, cultura y ocio, con una mirada local y global.\",\"url\":\"https:\\\/\\\/candas365.es\\\/noticias\\\/\",\"email\":\"info@candas365.es\",\"telephone\":\"+34652131393\",\"foundingDate\":\"2012-06-10\",\"logo\":{\"@type\":\"ImageObject\",\"url\":\"https:\\\/\\\/candas365.es\\\/noticias\\\/wp-content\\\/uploads\\\/2024\\\/09\\\/Candas-365-Redes.jpg\",\"@id\":\"https:\\\/\\\/candas365.es\\\/noticias\\\/fmi-los-efectos-de-la-reforma-laboral-en-espana\\\/#organizationLogo\",\"width\":1152,\"height\":864,\"caption\":\"Cand\\u00e1s 365 Redes\"},\"image\":{\"@id\":\"https:\\\/\\\/candas365.es\\\/noticias\\\/fmi-los-efectos-de-la-reforma-laboral-en-espana\\\/#organizationLogo\"},\"sameAs\":[\"https:\\\/\\\/www.facebook.com\\\/Nachofdezber\",\"https:\\\/\\\/x.com\\\/NabercoDigital\",\"https:\\\/\\\/www.instagram.com\\\/nachofdezber\\\/\",\"https:\\\/\\\/www.youtube.com\\\/channel\\\/UCZP-2wLEB9Rv6erhFmqVnvg\"],\"address\":{\"@id\":\"https:\\\/\\\/candas365.es\\\/noticias\\\/#postaladdress\",\"@type\":\"PostalAddress\",\"streetAddress\":\"san antonio 4, san antonio 4\",\"postalCode\":\"33430\",\"addressLocality\":\"Cand\\u00e1s\",\"addressRegion\":\"Asturias\",\"addressCountry\":\"ES\"}},{\"@type\":\"Person\",\"@id\":\"https:\\\/\\\/candas365.es\\\/noticias\\\/author\\\/admin\\\/#author\",\"url\":\"https:\\\/\\\/candas365.es\\\/noticias\\\/author\\\/admin\\\/\",\"name\":\"Cand\\u00e1s 365\",\"image\":{\"@type\":\"ImageObject\",\"@id\":\"https:\\\/\\\/candas365.es\\\/noticias\\\/fmi-los-efectos-de-la-reforma-laboral-en-espana\\\/#authorImage\",\"url\":\"https:\\\/\\\/secure.gravatar.com\\\/avatar\\\/496a8e03d0c493ede1718b7934145dbdf8d89be1036b0eec9544e1094c9de390?s=96&d=mm&r=g\",\"width\":96,\"height\":96,\"caption\":\"Cand\\u00e1s 365\"},\"sameAs\":[\"https:\\\/\\\/www.facebook.com\\\/carrenoactualidad\",\"https:\\\/\\\/twitter.com\\\/nbasturias\",\"https:\\\/\\\/www.instagram.com\\\/nachofdezber\\\/\",\"https:\\\/\\\/www.youtube.com\\\/channel\\\/UCZP-2wLEB9Rv6erhFmqVnvg\"]},{\"@type\":\"WebPage\",\"@id\":\"https:\\\/\\\/candas365.es\\\/noticias\\\/fmi-los-efectos-de-la-reforma-laboral-en-espana\\\/#webpage\",\"url\":\"https:\\\/\\\/candas365.es\\\/noticias\\\/fmi-los-efectos-de-la-reforma-laboral-en-espana\\\/\",\"name\":\"FMI: Los efectos de la reforma laboral en Espa\\u00f1a | Cand\\u00e1s 365\",\"description\":\"El FMI ha avisado a Espa\\u00f1a de que la reducci\\u00f3n de la jornada laboral que prev\\u00e9 el Gobierno ha tenido un \\u201cefecto ambiguo sobre el desempleo\\u201d e \\u201cimpactos adversos\",\"inLanguage\":\"es-ES\",\"isPartOf\":{\"@id\":\"https:\\\/\\\/candas365.es\\\/noticias\\\/#website\"},\"breadcrumb\":{\"@id\":\"https:\\\/\\\/candas365.es\\\/noticias\\\/fmi-los-efectos-de-la-reforma-laboral-en-espana\\\/#breadcrumblist\"},\"author\":{\"@id\":\"https:\\\/\\\/candas365.es\\\/noticias\\\/author\\\/admin\\\/#author\"},\"creator\":{\"@id\":\"https:\\\/\\\/candas365.es\\\/noticias\\\/author\\\/admin\\\/#author\"},\"image\":{\"@type\":\"ImageObject\",\"url\":\"https:\\\/\\\/candas365.es\\\/noticias\\\/wp-content\\\/uploads\\\/2025\\\/04\\\/reforma-laboral-en-Espana.jpg\",\"@id\":\"https:\\\/\\\/candas365.es\\\/noticias\\\/fmi-los-efectos-de-la-reforma-laboral-en-espana\\\/#mainImage\",\"width\":995,\"height\":642,\"caption\":\"Foto: 123rf.com\"},\"primaryImageOfPage\":{\"@id\":\"https:\\\/\\\/candas365.es\\\/noticias\\\/fmi-los-efectos-de-la-reforma-laboral-en-espana\\\/#mainImage\"},\"datePublished\":\"2025-04-10T21:11:06+02:00\",\"dateModified\":\"2025-04-10T21:11:06+02:00\"},{\"@type\":\"WebSite\",\"@id\":\"https:\\\/\\\/candas365.es\\\/noticias\\\/#website\",\"url\":\"https:\\\/\\\/candas365.es\\\/noticias\\\/\",\"name\":\"Cand\\u00e1s 365\",\"alternateName\":\"Cand\\u00e1s 365 Noticias\",\"description\":\"Actualidad desde Carre\\u00f1o para el mundo\",\"inLanguage\":\"es-ES\",\"publisher\":{\"@id\":\"https:\\\/\\\/candas365.es\\\/noticias\\\/#organization\"}}]}\n\t\t<\/script>\n\t\t<!-- All in One SEO Pro -->\r\n\t\t<title>FMI: Los efectos de la reforma laboral en Espa\u00f1a | Cand\u00e1s 365<\/title>\n\n","aioseo_head_json":{"title":"FMI: Los efectos de la reforma laboral en Espa\u00f1a | Cand\u00e1s 365","description":"El FMI ha avisado a Espa\u00f1a de que la reducci\u00f3n de la jornada laboral que prev\u00e9 el Gobierno ha tenido un \u201cefecto ambiguo sobre el desempleo\u201d e \u201cimpactos adversos","canonical_url":"https:\/\/candas365.es\/noticias\/fmi-los-efectos-de-la-reforma-laboral-en-espana\/","robots":"max-image-preview:large","keywords":"econom\u00eda","webmasterTools":{"google-site-verification":"UA-32230408-1","msvalidate.01":"354F3CDFB2DA171B47FBE9ABF1F88D5","miscellaneous":""},"schema":{"@context":"https:\/\/schema.org","@graph":[{"@type":"BreadcrumbList","@id":"https:\/\/candas365.es\/noticias\/fmi-los-efectos-de-la-reforma-laboral-en-espana\/#breadcrumblist","itemListElement":[{"@type":"ListItem","@id":"https:\/\/candas365.es\/noticias#listItem","position":1,"name":"Home","item":"https:\/\/candas365.es\/noticias","nextItem":{"@type":"ListItem","@id":"https:\/\/candas365.es\/noticias\/category\/economia\/#listItem","name":"Econom\u00eda"}},{"@type":"ListItem","@id":"https:\/\/candas365.es\/noticias\/category\/economia\/#listItem","position":2,"name":"Econom\u00eda","item":"https:\/\/candas365.es\/noticias\/category\/economia\/","nextItem":{"@type":"ListItem","@id":"https:\/\/candas365.es\/noticias\/fmi-los-efectos-de-la-reforma-laboral-en-espana\/#listItem","name":"FMI: Los efectos de la reforma laboral en Espa\u00f1a"},"previousItem":{"@type":"ListItem","@id":"https:\/\/candas365.es\/noticias#listItem","name":"Home"}},{"@type":"ListItem","@id":"https:\/\/candas365.es\/noticias\/fmi-los-efectos-de-la-reforma-laboral-en-espana\/#listItem","position":3,"name":"FMI: Los efectos de la reforma laboral en Espa\u00f1a","previousItem":{"@type":"ListItem","@id":"https:\/\/candas365.es\/noticias\/category\/economia\/#listItem","name":"Econom\u00eda"}}]},{"@type":"NewsArticle","@id":"https:\/\/candas365.es\/noticias\/fmi-los-efectos-de-la-reforma-laboral-en-espana\/#newsarticle","name":"FMI: Los efectos de la reforma laboral en Espa\u00f1a | Cand\u00e1s 365","headline":"FMI: Los efectos de la reforma laboral en Espa\u00f1a","author":{"@id":"https:\/\/candas365.es\/noticias\/author\/admin\/#author"},"publisher":{"@id":"https:\/\/candas365.es\/noticias\/#organization"},"image":{"@type":"ImageObject","url":"https:\/\/candas365.es\/noticias\/wp-content\/uploads\/2025\/04\/reforma-laboral-en-Espana.jpg","width":995,"height":642,"caption":"Foto: 123rf.com"},"datePublished":"2025-04-10T21:11:06+02:00","dateModified":"2025-04-10T21:11:06+02:00","inLanguage":"es-ES","mainEntityOfPage":{"@id":"https:\/\/candas365.es\/noticias\/fmi-los-efectos-de-la-reforma-laboral-en-espana\/#webpage"},"isPartOf":{"@id":"https:\/\/candas365.es\/noticias\/fmi-los-efectos-de-la-reforma-laboral-en-espana\/#webpage"},"articleSection":"Econom\u00eda, Econom\u00eda","dateline":"Publicado el abril 10, 2025."},{"@type":"Organization","@id":"https:\/\/candas365.es\/noticias\/#organization","name":"Cand\u00e1s 365","description":"Cand\u00e1s 365 es un diario digital independiente, fundado en 2012, con base en Asturias. Informamos con rigor sobre actualidad, sociedad, cultura y ocio, con una mirada local y global.","url":"https:\/\/candas365.es\/noticias\/","email":"info@candas365.es","telephone":"+34652131393","foundingDate":"2012-06-10","logo":{"@type":"ImageObject","url":"https:\/\/candas365.es\/noticias\/wp-content\/uploads\/2024\/09\/Candas-365-Redes.jpg","@id":"https:\/\/candas365.es\/noticias\/fmi-los-efectos-de-la-reforma-laboral-en-espana\/#organizationLogo","width":1152,"height":864,"caption":"Cand\u00e1s 365 Redes"},"image":{"@id":"https:\/\/candas365.es\/noticias\/fmi-los-efectos-de-la-reforma-laboral-en-espana\/#organizationLogo"},"sameAs":["https:\/\/www.facebook.com\/Nachofdezber","https:\/\/x.com\/NabercoDigital","https:\/\/www.instagram.com\/nachofdezber\/","https:\/\/www.youtube.com\/channel\/UCZP-2wLEB9Rv6erhFmqVnvg"],"address":{"@id":"https:\/\/candas365.es\/noticias\/#postaladdress","@type":"PostalAddress","streetAddress":"san antonio 4, san antonio 4","postalCode":"33430","addressLocality":"Cand\u00e1s","addressRegion":"Asturias","addressCountry":"ES"}},{"@type":"Person","@id":"https:\/\/candas365.es\/noticias\/author\/admin\/#author","url":"https:\/\/candas365.es\/noticias\/author\/admin\/","name":"Cand\u00e1s 365","image":{"@type":"ImageObject","@id":"https:\/\/candas365.es\/noticias\/fmi-los-efectos-de-la-reforma-laboral-en-espana\/#authorImage","url":"https:\/\/secure.gravatar.com\/avatar\/496a8e03d0c493ede1718b7934145dbdf8d89be1036b0eec9544e1094c9de390?s=96&d=mm&r=g","width":96,"height":96,"caption":"Cand\u00e1s 365"},"sameAs":["https:\/\/www.facebook.com\/carrenoactualidad","https:\/\/twitter.com\/nbasturias","https:\/\/www.instagram.com\/nachofdezber\/","https:\/\/www.youtube.com\/channel\/UCZP-2wLEB9Rv6erhFmqVnvg"]},{"@type":"WebPage","@id":"https:\/\/candas365.es\/noticias\/fmi-los-efectos-de-la-reforma-laboral-en-espana\/#webpage","url":"https:\/\/candas365.es\/noticias\/fmi-los-efectos-de-la-reforma-laboral-en-espana\/","name":"FMI: Los efectos de la reforma laboral en Espa\u00f1a | Cand\u00e1s 365","description":"El FMI ha avisado a Espa\u00f1a de que la reducci\u00f3n de la jornada laboral que prev\u00e9 el Gobierno ha tenido un \u201cefecto ambiguo sobre el desempleo\u201d e \u201cimpactos adversos","inLanguage":"es-ES","isPartOf":{"@id":"https:\/\/candas365.es\/noticias\/#website"},"breadcrumb":{"@id":"https:\/\/candas365.es\/noticias\/fmi-los-efectos-de-la-reforma-laboral-en-espana\/#breadcrumblist"},"author":{"@id":"https:\/\/candas365.es\/noticias\/author\/admin\/#author"},"creator":{"@id":"https:\/\/candas365.es\/noticias\/author\/admin\/#author"},"image":{"@type":"ImageObject","url":"https:\/\/candas365.es\/noticias\/wp-content\/uploads\/2025\/04\/reforma-laboral-en-Espana.jpg","@id":"https:\/\/candas365.es\/noticias\/fmi-los-efectos-de-la-reforma-laboral-en-espana\/#mainImage","width":995,"height":642,"caption":"Foto: 123rf.com"},"primaryImageOfPage":{"@id":"https:\/\/candas365.es\/noticias\/fmi-los-efectos-de-la-reforma-laboral-en-espana\/#mainImage"},"datePublished":"2025-04-10T21:11:06+02:00","dateModified":"2025-04-10T21:11:06+02:00"},{"@type":"WebSite","@id":"https:\/\/candas365.es\/noticias\/#website","url":"https:\/\/candas365.es\/noticias\/","name":"Cand\u00e1s 365","alternateName":"Cand\u00e1s 365 Noticias","description":"Actualidad desde Carre\u00f1o para el mundo","inLanguage":"es-ES","publisher":{"@id":"https:\/\/candas365.es\/noticias\/#organization"}}]},"og:locale":"es_ES","og:site_name":"Cand\u00e1s 365","og:type":"article","og:title":"FMI: Los efectos de la reforma laboral en Espa\u00f1a | Cand\u00e1s 365","og:description":"El FMI ha avisado a Espa\u00f1a de que la reducci\u00f3n de la jornada laboral que prev\u00e9 el Gobierno ha tenido un \u201cefecto ambiguo sobre el desempleo\u201d e \u201cimpactos adversos","og:url":"https:\/\/candas365.es\/noticias\/fmi-los-efectos-de-la-reforma-laboral-en-espana\/","og:image":"https:\/\/candas365.es\/noticias\/wp-content\/uploads\/2025\/04\/reforma-laboral-en-Espana.jpg","og:image:secure_url":"https:\/\/candas365.es\/noticias\/wp-content\/uploads\/2025\/04\/reforma-laboral-en-Espana.jpg","og:image:width":995,"og:image:height":642,"article:published_time":"2025-04-10T19:11:06+00:00","article:modified_time":"2025-04-10T19:11:06+00:00","article:publisher":"https:\/\/www.facebook.com\/Nachofdezber","article:author":"https:\/\/www.facebook.com\/carrenoactualidad","twitter:card":"summary_large_image","twitter:site":"@NabercoDigital","twitter:title":"FMI: Los efectos de la reforma laboral en Espa\u00f1a | Cand\u00e1s 365","twitter:description":"El FMI ha avisado a Espa\u00f1a de que la reducci\u00f3n de la jornada laboral que prev\u00e9 el Gobierno ha tenido un \u201cefecto ambiguo sobre el desempleo\u201d e \u201cimpactos adversos","twitter:creator":"@nbasturias","twitter:image":"https:\/\/candas365.es\/noticias\/wp-content\/uploads\/2025\/04\/reforma-laboral-en-Espana.jpg","twitter:label1":"Escrito por","twitter:data1":"Cand\u00e1s 365","twitter:label2":"Tiempo de lectura estimado","twitter:data2":"4 minutos"},"aioseo_meta_data":{"post_id":"185841","title":null,"description":"El FMI ha avisado a Espa\u00f1a de que la reducci\u00f3n de la jornada laboral que prev\u00e9 el Gobierno ha tenido un \u201cefecto ambiguo sobre el desempleo\u201d e \u201cimpactos adversos","keywords":null,"keyphrases":{"focus":{"keyphrase":"laboral","score":72,"analysis":{"keyphraseInTitle":{"score":9,"maxScore":9,"error":0},"keyphraseInDescription":{"score":9,"maxScore":9,"error":0},"keyphraseLength":{"score":9,"maxScore":9,"error":0,"length":1},"keyphraseInURL":{"score":1,"maxScore":5,"error":1},"keyphraseInIntroduction":{"score":9,"maxScore":9,"error":0},"keyphraseInSubHeadings":{"score":3,"maxScore":9,"error":1},"keyphraseInImageAlt":{"score":9,"maxScore":9,"error":0},"keywordDensity":{"score":0,"type":"low","maxScore":9,"error":1}}},"additional":[{"keyphrase":"FMI","score":87,"analysis":{"keyphraseInDescription":{"score":9,"maxScore":9,"error":0},"keyphraseLength":{"score":9,"maxScore":9,"error":0,"length":1},"keyphraseInIntroduction":{"score":9,"maxScore":9,"error":0},"keyphraseInImageAlt":{"score":3,"maxScore":9,"error":1},"keywordDensity":{"type":"best","score":9,"maxScore":9,"error":0}}}]},"primary_term":null,"canonical_url":null,"og_title":null,"og_description":null,"og_object_type":"default","og_image_type":"default","og_image_url":null,"og_image_width":null,"og_image_height":null,"og_image_custom_url":null,"og_image_custom_fields":null,"og_video":"","og_custom_url":null,"og_article_section":null,"og_article_tags":null,"twitter_use_og":false,"twitter_card":"default","twitter_image_type":"default","twitter_image_url":null,"twitter_image_custom_url":null,"twitter_image_custom_fields":null,"twitter_title":null,"twitter_description":null,"schema":{"blockGraphs":[],"customGraphs":[],"default":{"data":{"Article":[],"Course":[],"Dataset":[],"FAQPage":[],"Movie":[],"Person":[],"Product":[],"ProductReview":[],"Car":[],"Recipe":[],"Service":[],"SoftwareApplication":[],"WebPage":[]},"graphName":"Article","isEnabled":true},"graphs":[]},"schema_type":"default","schema_type_options":null,"pillar_content":false,"robots_default":true,"robots_noindex":false,"robots_noarchive":false,"robots_nosnippet":false,"robots_nofollow":false,"robots_noimageindex":false,"robots_noodp":false,"robots_notranslate":false,"robots_max_snippet":"-1","robots_max_videopreview":"-1","robots_max_imagepreview":"large","priority":null,"frequency":"default","location":null,"local_seo":null,"seo_analyzer_scan_date":"2025-09-03 11:28:22","breadcrumb_settings":null,"limit_modified_date":false,"reviewed_by":null,"open_ai":"{\"title\":{\"suggestions\":[],\"usage\":0},\"description\":{\"suggestions\":[],\"usage\":0}}","ai":null,"created":"2025-04-10 18:58:47","updated":"2025-09-03 11:28:22"},"aioseo_breadcrumb":"<div class=\"aioseo-breadcrumbs\"><span class=\"aioseo-breadcrumb\">\n\t<a href=\"https:\/\/candas365.es\/noticias\" title=\"Home\">Home<\/a>\n<\/span><span class=\"aioseo-breadcrumb-separator\">&ndash;<\/span><span class=\"aioseo-breadcrumb\">\n\t<a href=\"https:\/\/candas365.es\/noticias\/category\/economia\/\" title=\"Econom\u00eda\">Econom\u00eda<\/a>\n<\/span><span class=\"aioseo-breadcrumb-separator\">&ndash;<\/span><span class=\"aioseo-breadcrumb\">\n\tFMI: Los efectos de la reforma laboral en Espa\u00f1a\n<\/span><\/div>","aioseo_breadcrumb_json":[{"label":"Home","link":"https:\/\/candas365.es\/noticias"},{"label":"Econom\u00eda","link":"https:\/\/candas365.es\/noticias\/category\/economia\/"},{"label":"FMI: Los efectos de la reforma laboral en Espa\u00f1a","link":"https:\/\/candas365.es\/noticias\/fmi-los-efectos-de-la-reforma-laboral-en-espana\/"}],"_links":{"self":[{"href":"https:\/\/candas365.es\/noticias\/wp-json\/wp\/v2\/posts\/185841","targetHints":{"allow":["GET"]}}],"collection":[{"href":"https:\/\/candas365.es\/noticias\/wp-json\/wp\/v2\/posts"}],"about":[{"href":"https:\/\/candas365.es\/noticias\/wp-json\/wp\/v2\/types\/post"}],"author":[{"embeddable":true,"href":"https:\/\/candas365.es\/noticias\/wp-json\/wp\/v2\/users\/1"}],"replies":[{"embeddable":true,"href":"https:\/\/candas365.es\/noticias\/wp-json\/wp\/v2\/comments?post=185841"}],"version-history":[{"count":0,"href":"https:\/\/candas365.es\/noticias\/wp-json\/wp\/v2\/posts\/185841\/revisions"}],"wp:featuredmedia":[{"embeddable":true,"href":"https:\/\/candas365.es\/noticias\/wp-json\/wp\/v2\/media\/185842"}],"wp:attachment":[{"href":"https:\/\/candas365.es\/noticias\/wp-json\/wp\/v2\/media?parent=185841"}],"wp:term":[{"taxonomy":"category","embeddable":true,"href":"https:\/\/candas365.es\/noticias\/wp-json\/wp\/v2\/categories?post=185841"},{"taxonomy":"post_tag","embeddable":true,"href":"https:\/\/candas365.es\/noticias\/wp-json\/wp\/v2\/tags?post=185841"}],"curies":[{"name":"wp","href":"https:\/\/api.w.org\/{rel}","templated":true}]}}