{"id":185728,"date":"2025-04-03T01:23:38","date_gmt":"2025-04-02T23:23:38","guid":{"rendered":"https:\/\/candas365.es\/noticias\/?p=185728"},"modified":"2025-04-03T01:23:38","modified_gmt":"2025-04-02T23:23:38","slug":"colombia-debera-tomar-medidas-en-el-sistema-de-salud","status":"publish","type":"post","link":"https:\/\/candas365.es\/noticias\/colombia-debera-tomar-medidas-en-el-sistema-de-salud\/","title":{"rendered":"Colombia deber\u00e1 tomar medidas en el sistema de salud"},"content":{"rendered":"<p>El Gobierno de Colombia expuso ante el consejo de ministros la necesidad de reformar el <a href=\"https:\/\/candas365.es\/noticias\/tag\/colombia\/\"><span style=\"color: #ff6600;\"><strong>sistema de salud<\/strong><\/span><\/a>, se\u00f1alando que las deficiencias actuales tienen origen en problem\u00e1ticas estructurales acumuladas por d\u00e9cadas. Seg\u00fan lo informado, los giros estatales para garantizar el derecho a la salud se incrementaron.<\/p>\n<figure id=\"attachment_185729\" aria-describedby=\"caption-attachment-185729\" style=\"width: 650px\" class=\"wp-caption aligncenter\"><img fetchpriority=\"high\" decoding=\"async\" class=\"size-large wp-image-185729\" src=\"https:\/\/candas365.es\/noticias\/wp-content\/uploads\/2025\/04\/Colombia-salud-650x433.jpg\" alt=\"Colombia-salud\" width=\"650\" height=\"433\" srcset=\"https:\/\/candas365.es\/noticias\/wp-content\/uploads\/2025\/04\/Colombia-salud-650x433.jpg 650w, https:\/\/candas365.es\/noticias\/wp-content\/uploads\/2025\/04\/Colombia-salud-360x240.jpg 360w, https:\/\/candas365.es\/noticias\/wp-content\/uploads\/2025\/04\/Colombia-salud-768x511.jpg 768w, https:\/\/candas365.es\/noticias\/wp-content\/uploads\/2025\/04\/Colombia-salud-150x100.jpg 150w, https:\/\/candas365.es\/noticias\/wp-content\/uploads\/2025\/04\/Colombia-salud-450x300.jpg 450w, https:\/\/candas365.es\/noticias\/wp-content\/uploads\/2025\/04\/Colombia-salud.jpg 988w\" sizes=\"(max-width: 650px) 100vw, 650px\" \/><figcaption id=\"caption-attachment-185729\" class=\"wp-caption-text\">Foto: 123rf.com<\/figcaption><\/figure>\n<p>Durante una entrevista con VIDA, el superintendente de salud, Giovanny Rubiano Garc\u00eda, explic\u00f3 que la intermediaci\u00f3n en la entrega de medicamentos puede generar sobrecostos de hasta 65%. Enfatiz\u00f3 que esa pr\u00e1ctica pone en riesgo la garant\u00eda del derecho a la salud y destac\u00f3 la necesidad de implementar un sistema preventivo con controles eficaces sobre las EPS.<\/p>\n<p>Rubiano confirm\u00f3 que Audifarma, un gestor farmac\u00e9utico bajo auditor\u00eda, no cumpli\u00f3 con la entrega del 87% de los medicamentos acordados, pese a haber recibido giros por m\u00e1s de 265 mil millones de pesos entre diciembre de 2024 y febrero de 2025 por parte de la Nueva EPS. Ante estos incumplimientos, la Supersalud impuso medidas cautelares y exigi\u00f3 un plan de desmonte de operaciones para proteger a los usuarios.<\/p>\n<p>Adem\u00e1s, el Gobierno asegura que se detect\u00f3 que 12 de los 26 medicamentos seleccionados que estaban disponibles en bodegas, pero aparec\u00edan como faltantes en los puntos de dispensaci\u00f3n. Las fallas afectan a pacientes con enfermedades como diabetes, hipertensi\u00f3n, epilepsia y trasplantes.<\/p>\n<p>La entidad tambi\u00e9n denunci\u00f3 que las EPS no constituy\u00f3 las reservas t\u00e9cnicas requeridas por ley, con un d\u00e9ficit acumulado superior a los 10 billones de pesos. En respuesta, se plantean soluciones como la negociaci\u00f3n directa con la industria farmac\u00e9utica para evitar la intermediaci\u00f3n.<\/p>\n<p><em>NotiPress<\/em><\/p>\n","protected":false},"excerpt":{"rendered":"<p>El Gobierno de Colombia expuso ante el consejo de ministros la necesidad de reformar el sistema de salud, se\u00f1alando que las deficiencias actuales tienen origen en problem\u00e1ticas estructurales acumuladas por d\u00e9cadas. Seg\u00fan lo informado, los giros estatales para garantizar el derecho a la salud se incrementaron. Durante una entrevista con VIDA, el superintendente de salud,<\/p>\n","protected":false},"author":1,"featured_media":185729,"comment_status":"closed","ping_status":"closed","sticky":false,"template":"","format":"standard","meta":{"footnotes":""},"categories":[485],"tags":[499],"class_list":{"0":"post-185728","1":"post","2":"type-post","3":"status-publish","4":"format-standard","5":"has-post-thumbnail","7":"category-internacional","8":"tag-colombia"},"aioseo_notices":[],"aioseo_head":"\n\t\t<!-- All in One SEO Pro 4.9.6.2 - aioseo.com -->\n\t<meta name=\"description\" content=\"El Gobierno de Colombia expuso ante el consejo de ministros la necesidad de reformar el sistema de salud, se\u00f1alando que las deficiencias\" \/>\n\t<meta name=\"robots\" content=\"max-image-preview:large\" \/>\n\t<meta name=\"author\" content=\"Cand\u00e1s 365\"\/>\n\t<meta name=\"google-site-verification\" content=\"UA-32230408-1\" \/>\n\t<meta name=\"msvalidate.01\" content=\"354F3CDFB2DA171B47FBE9ABF1F88D5\" \/>\n\t<meta name=\"keywords\" content=\"internacional\" \/>\n\t<link rel=\"canonical\" href=\"https:\/\/candas365.es\/noticias\/colombia-debera-tomar-medidas-en-el-sistema-de-salud\/\" \/>\n\t<meta name=\"generator\" content=\"All in One SEO Pro (AIOSEO) 4.9.6.2\" \/>\n\t\t<meta property=\"og:locale\" content=\"es_ES\" \/>\n\t\t<meta property=\"og:site_name\" content=\"Cand\u00e1s 365\" \/>\n\t\t<meta property=\"og:type\" content=\"article\" \/>\n\t\t<meta property=\"og:title\" content=\"Colombia deber\u00e1 tomar medidas en el sistema de salud | Cand\u00e1s 365\" \/>\n\t\t<meta property=\"og:description\" content=\"El Gobierno de Colombia expuso ante el consejo de ministros la necesidad de reformar el sistema de salud, se\u00f1alando que las deficiencias\" \/>\n\t\t<meta property=\"og:url\" content=\"https:\/\/candas365.es\/noticias\/colombia-debera-tomar-medidas-en-el-sistema-de-salud\/\" \/>\n\t\t<meta property=\"og:image\" content=\"https:\/\/candas365.es\/noticias\/wp-content\/uploads\/2025\/04\/Colombia-salud.jpg\" \/>\n\t\t<meta property=\"og:image:secure_url\" content=\"https:\/\/candas365.es\/noticias\/wp-content\/uploads\/2025\/04\/Colombia-salud.jpg\" \/>\n\t\t<meta property=\"og:image:width\" content=\"988\" \/>\n\t\t<meta property=\"og:image:height\" content=\"658\" \/>\n\t\t<meta property=\"article:published_time\" content=\"2025-04-02T23:23:38+00:00\" \/>\n\t\t<meta property=\"article:modified_time\" content=\"2025-04-02T23:23:38+00:00\" \/>\n\t\t<meta property=\"article:publisher\" content=\"https:\/\/www.facebook.com\/Nachofdezber\" \/>\n\t\t<meta property=\"article:author\" content=\"https:\/\/www.facebook.com\/carrenoactualidad\" \/>\n\t\t<meta name=\"twitter:card\" content=\"summary_large_image\" \/>\n\t\t<meta name=\"twitter:site\" content=\"@NabercoDigital\" \/>\n\t\t<meta name=\"twitter:title\" content=\"Colombia deber\u00e1 tomar medidas en el sistema de salud | Cand\u00e1s 365\" \/>\n\t\t<meta name=\"twitter:description\" content=\"El Gobierno de Colombia expuso ante el consejo de ministros la necesidad de reformar el sistema de salud, se\u00f1alando que las deficiencias\" \/>\n\t\t<meta name=\"twitter:creator\" content=\"@nbasturias\" \/>\n\t\t<meta name=\"twitter:image\" content=\"https:\/\/candas365.es\/noticias\/wp-content\/uploads\/2025\/04\/Colombia-salud.jpg\" \/>\n\t\t<meta name=\"twitter:label1\" content=\"Escrito por\" \/>\n\t\t<meta name=\"twitter:data1\" content=\"Cand\u00e1s 365\" \/>\n\t\t<meta name=\"twitter:label2\" content=\"Tiempo de lectura estimado\" \/>\n\t\t<meta name=\"twitter:data2\" content=\"1 minuto\" \/>\n\t\t<script type=\"application\/ld+json\" class=\"aioseo-schema\">\n\t\t\t{\"@context\":\"https:\\\/\\\/schema.org\",\"@graph\":[{\"@type\":\"BreadcrumbList\",\"@id\":\"https:\\\/\\\/candas365.es\\\/noticias\\\/colombia-debera-tomar-medidas-en-el-sistema-de-salud\\\/#breadcrumblist\",\"itemListElement\":[{\"@type\":\"ListItem\",\"@id\":\"https:\\\/\\\/candas365.es\\\/noticias#listItem\",\"position\":1,\"name\":\"Home\",\"item\":\"https:\\\/\\\/candas365.es\\\/noticias\",\"nextItem\":{\"@type\":\"ListItem\",\"@id\":\"https:\\\/\\\/candas365.es\\\/noticias\\\/category\\\/internacional\\\/#listItem\",\"name\":\"Internacional\"}},{\"@type\":\"ListItem\",\"@id\":\"https:\\\/\\\/candas365.es\\\/noticias\\\/category\\\/internacional\\\/#listItem\",\"position\":2,\"name\":\"Internacional\",\"item\":\"https:\\\/\\\/candas365.es\\\/noticias\\\/category\\\/internacional\\\/\",\"nextItem\":{\"@type\":\"ListItem\",\"@id\":\"https:\\\/\\\/candas365.es\\\/noticias\\\/colombia-debera-tomar-medidas-en-el-sistema-de-salud\\\/#listItem\",\"name\":\"Colombia deber\\u00e1 tomar medidas en el sistema de salud\"},\"previousItem\":{\"@type\":\"ListItem\",\"@id\":\"https:\\\/\\\/candas365.es\\\/noticias#listItem\",\"name\":\"Home\"}},{\"@type\":\"ListItem\",\"@id\":\"https:\\\/\\\/candas365.es\\\/noticias\\\/colombia-debera-tomar-medidas-en-el-sistema-de-salud\\\/#listItem\",\"position\":3,\"name\":\"Colombia deber\\u00e1 tomar medidas en el sistema de salud\",\"previousItem\":{\"@type\":\"ListItem\",\"@id\":\"https:\\\/\\\/candas365.es\\\/noticias\\\/category\\\/internacional\\\/#listItem\",\"name\":\"Internacional\"}}]},{\"@type\":\"NewsArticle\",\"@id\":\"https:\\\/\\\/candas365.es\\\/noticias\\\/colombia-debera-tomar-medidas-en-el-sistema-de-salud\\\/#newsarticle\",\"name\":\"Colombia deber\\u00e1 tomar medidas en el sistema de salud | Cand\\u00e1s 365\",\"headline\":\"Colombia deber\\u00e1 tomar medidas en el sistema de salud\",\"author\":{\"@id\":\"https:\\\/\\\/candas365.es\\\/noticias\\\/author\\\/admin\\\/#author\"},\"publisher\":{\"@id\":\"https:\\\/\\\/candas365.es\\\/noticias\\\/#organization\"},\"image\":{\"@type\":\"ImageObject\",\"url\":\"https:\\\/\\\/candas365.es\\\/noticias\\\/wp-content\\\/uploads\\\/2025\\\/04\\\/Colombia-salud.jpg\",\"width\":988,\"height\":658,\"caption\":\"Foto: 123rf.com\"},\"datePublished\":\"2025-04-03T01:23:38+02:00\",\"dateModified\":\"2025-04-03T01:23:38+02:00\",\"inLanguage\":\"es-ES\",\"mainEntityOfPage\":{\"@id\":\"https:\\\/\\\/candas365.es\\\/noticias\\\/colombia-debera-tomar-medidas-en-el-sistema-de-salud\\\/#webpage\"},\"isPartOf\":{\"@id\":\"https:\\\/\\\/candas365.es\\\/noticias\\\/colombia-debera-tomar-medidas-en-el-sistema-de-salud\\\/#webpage\"},\"articleSection\":\"Internacional, Colombia\",\"dateline\":\"Publicado el abril 3, 2025.\"},{\"@type\":\"Organization\",\"@id\":\"https:\\\/\\\/candas365.es\\\/noticias\\\/#organization\",\"name\":\"Cand\\u00e1s 365\",\"description\":\"Cand\\u00e1s 365 es un diario digital independiente, fundado en 2012, con base en Asturias. Informamos con rigor sobre actualidad, sociedad, cultura y ocio, con una mirada local y global.\",\"url\":\"https:\\\/\\\/candas365.es\\\/noticias\\\/\",\"email\":\"info@candas365.es\",\"telephone\":\"+34652131393\",\"foundingDate\":\"2012-06-10\",\"logo\":{\"@type\":\"ImageObject\",\"url\":\"https:\\\/\\\/candas365.es\\\/noticias\\\/wp-content\\\/uploads\\\/2024\\\/09\\\/Candas-365-Redes.jpg\",\"@id\":\"https:\\\/\\\/candas365.es\\\/noticias\\\/colombia-debera-tomar-medidas-en-el-sistema-de-salud\\\/#organizationLogo\",\"width\":1152,\"height\":864,\"caption\":\"Cand\\u00e1s 365 Redes\"},\"image\":{\"@id\":\"https:\\\/\\\/candas365.es\\\/noticias\\\/colombia-debera-tomar-medidas-en-el-sistema-de-salud\\\/#organizationLogo\"},\"sameAs\":[\"https:\\\/\\\/www.facebook.com\\\/Nachofdezber\",\"https:\\\/\\\/x.com\\\/NabercoDigital\",\"https:\\\/\\\/www.instagram.com\\\/nachofdezber\\\/\",\"https:\\\/\\\/www.youtube.com\\\/channel\\\/UCZP-2wLEB9Rv6erhFmqVnvg\"],\"address\":{\"@id\":\"https:\\\/\\\/candas365.es\\\/noticias\\\/#postaladdress\",\"@type\":\"PostalAddress\",\"streetAddress\":\"san antonio 4, san antonio 4\",\"postalCode\":\"33430\",\"addressLocality\":\"Cand\\u00e1s\",\"addressRegion\":\"Asturias\",\"addressCountry\":\"ES\"}},{\"@type\":\"Person\",\"@id\":\"https:\\\/\\\/candas365.es\\\/noticias\\\/author\\\/admin\\\/#author\",\"url\":\"https:\\\/\\\/candas365.es\\\/noticias\\\/author\\\/admin\\\/\",\"name\":\"Cand\\u00e1s 365\",\"image\":{\"@type\":\"ImageObject\",\"@id\":\"https:\\\/\\\/candas365.es\\\/noticias\\\/colombia-debera-tomar-medidas-en-el-sistema-de-salud\\\/#authorImage\",\"url\":\"https:\\\/\\\/secure.gravatar.com\\\/avatar\\\/496a8e03d0c493ede1718b7934145dbdf8d89be1036b0eec9544e1094c9de390?s=96&d=mm&r=g\",\"width\":96,\"height\":96,\"caption\":\"Cand\\u00e1s 365\"},\"sameAs\":[\"https:\\\/\\\/www.facebook.com\\\/carrenoactualidad\",\"https:\\\/\\\/twitter.com\\\/nbasturias\",\"https:\\\/\\\/www.instagram.com\\\/nachofdezber\\\/\",\"https:\\\/\\\/www.youtube.com\\\/channel\\\/UCZP-2wLEB9Rv6erhFmqVnvg\"]},{\"@type\":\"WebPage\",\"@id\":\"https:\\\/\\\/candas365.es\\\/noticias\\\/colombia-debera-tomar-medidas-en-el-sistema-de-salud\\\/#webpage\",\"url\":\"https:\\\/\\\/candas365.es\\\/noticias\\\/colombia-debera-tomar-medidas-en-el-sistema-de-salud\\\/\",\"name\":\"Colombia deber\\u00e1 tomar medidas en el sistema de salud | Cand\\u00e1s 365\",\"description\":\"El Gobierno de Colombia expuso ante el consejo de ministros la necesidad de reformar el sistema de salud, se\\u00f1alando que las deficiencias\",\"inLanguage\":\"es-ES\",\"isPartOf\":{\"@id\":\"https:\\\/\\\/candas365.es\\\/noticias\\\/#website\"},\"breadcrumb\":{\"@id\":\"https:\\\/\\\/candas365.es\\\/noticias\\\/colombia-debera-tomar-medidas-en-el-sistema-de-salud\\\/#breadcrumblist\"},\"author\":{\"@id\":\"https:\\\/\\\/candas365.es\\\/noticias\\\/author\\\/admin\\\/#author\"},\"creator\":{\"@id\":\"https:\\\/\\\/candas365.es\\\/noticias\\\/author\\\/admin\\\/#author\"},\"image\":{\"@type\":\"ImageObject\",\"url\":\"https:\\\/\\\/candas365.es\\\/noticias\\\/wp-content\\\/uploads\\\/2025\\\/04\\\/Colombia-salud.jpg\",\"@id\":\"https:\\\/\\\/candas365.es\\\/noticias\\\/colombia-debera-tomar-medidas-en-el-sistema-de-salud\\\/#mainImage\",\"width\":988,\"height\":658,\"caption\":\"Foto: 123rf.com\"},\"primaryImageOfPage\":{\"@id\":\"https:\\\/\\\/candas365.es\\\/noticias\\\/colombia-debera-tomar-medidas-en-el-sistema-de-salud\\\/#mainImage\"},\"datePublished\":\"2025-04-03T01:23:38+02:00\",\"dateModified\":\"2025-04-03T01:23:38+02:00\"},{\"@type\":\"WebSite\",\"@id\":\"https:\\\/\\\/candas365.es\\\/noticias\\\/#website\",\"url\":\"https:\\\/\\\/candas365.es\\\/noticias\\\/\",\"name\":\"Cand\\u00e1s 365\",\"alternateName\":\"Cand\\u00e1s 365 Noticias\",\"description\":\"Actualidad desde Carre\\u00f1o para el mundo\",\"inLanguage\":\"es-ES\",\"publisher\":{\"@id\":\"https:\\\/\\\/candas365.es\\\/noticias\\\/#organization\"}}]}\n\t\t<\/script>\n\t\t<!-- All in One SEO Pro -->\r\n\t\t<title>Colombia deber\u00e1 tomar medidas en el sistema de salud | Cand\u00e1s 365<\/title>\n\n","aioseo_head_json":{"title":"Colombia deber\u00e1 tomar medidas en el sistema de salud | Cand\u00e1s 365","description":"El Gobierno de Colombia expuso ante el consejo de ministros la necesidad de reformar el sistema de salud, se\u00f1alando que las deficiencias","canonical_url":"https:\/\/candas365.es\/noticias\/colombia-debera-tomar-medidas-en-el-sistema-de-salud\/","robots":"max-image-preview:large","keywords":"internacional","webmasterTools":{"google-site-verification":"UA-32230408-1","msvalidate.01":"354F3CDFB2DA171B47FBE9ABF1F88D5","miscellaneous":""},"schema":{"@context":"https:\/\/schema.org","@graph":[{"@type":"BreadcrumbList","@id":"https:\/\/candas365.es\/noticias\/colombia-debera-tomar-medidas-en-el-sistema-de-salud\/#breadcrumblist","itemListElement":[{"@type":"ListItem","@id":"https:\/\/candas365.es\/noticias#listItem","position":1,"name":"Home","item":"https:\/\/candas365.es\/noticias","nextItem":{"@type":"ListItem","@id":"https:\/\/candas365.es\/noticias\/category\/internacional\/#listItem","name":"Internacional"}},{"@type":"ListItem","@id":"https:\/\/candas365.es\/noticias\/category\/internacional\/#listItem","position":2,"name":"Internacional","item":"https:\/\/candas365.es\/noticias\/category\/internacional\/","nextItem":{"@type":"ListItem","@id":"https:\/\/candas365.es\/noticias\/colombia-debera-tomar-medidas-en-el-sistema-de-salud\/#listItem","name":"Colombia deber\u00e1 tomar medidas en el sistema de salud"},"previousItem":{"@type":"ListItem","@id":"https:\/\/candas365.es\/noticias#listItem","name":"Home"}},{"@type":"ListItem","@id":"https:\/\/candas365.es\/noticias\/colombia-debera-tomar-medidas-en-el-sistema-de-salud\/#listItem","position":3,"name":"Colombia deber\u00e1 tomar medidas en el sistema de salud","previousItem":{"@type":"ListItem","@id":"https:\/\/candas365.es\/noticias\/category\/internacional\/#listItem","name":"Internacional"}}]},{"@type":"NewsArticle","@id":"https:\/\/candas365.es\/noticias\/colombia-debera-tomar-medidas-en-el-sistema-de-salud\/#newsarticle","name":"Colombia deber\u00e1 tomar medidas en el sistema de salud | Cand\u00e1s 365","headline":"Colombia deber\u00e1 tomar medidas en el sistema de salud","author":{"@id":"https:\/\/candas365.es\/noticias\/author\/admin\/#author"},"publisher":{"@id":"https:\/\/candas365.es\/noticias\/#organization"},"image":{"@type":"ImageObject","url":"https:\/\/candas365.es\/noticias\/wp-content\/uploads\/2025\/04\/Colombia-salud.jpg","width":988,"height":658,"caption":"Foto: 123rf.com"},"datePublished":"2025-04-03T01:23:38+02:00","dateModified":"2025-04-03T01:23:38+02:00","inLanguage":"es-ES","mainEntityOfPage":{"@id":"https:\/\/candas365.es\/noticias\/colombia-debera-tomar-medidas-en-el-sistema-de-salud\/#webpage"},"isPartOf":{"@id":"https:\/\/candas365.es\/noticias\/colombia-debera-tomar-medidas-en-el-sistema-de-salud\/#webpage"},"articleSection":"Internacional, Colombia","dateline":"Publicado el abril 3, 2025."},{"@type":"Organization","@id":"https:\/\/candas365.es\/noticias\/#organization","name":"Cand\u00e1s 365","description":"Cand\u00e1s 365 es un diario digital independiente, fundado en 2012, con base en Asturias. Informamos con rigor sobre actualidad, sociedad, cultura y ocio, con una mirada local y global.","url":"https:\/\/candas365.es\/noticias\/","email":"info@candas365.es","telephone":"+34652131393","foundingDate":"2012-06-10","logo":{"@type":"ImageObject","url":"https:\/\/candas365.es\/noticias\/wp-content\/uploads\/2024\/09\/Candas-365-Redes.jpg","@id":"https:\/\/candas365.es\/noticias\/colombia-debera-tomar-medidas-en-el-sistema-de-salud\/#organizationLogo","width":1152,"height":864,"caption":"Cand\u00e1s 365 Redes"},"image":{"@id":"https:\/\/candas365.es\/noticias\/colombia-debera-tomar-medidas-en-el-sistema-de-salud\/#organizationLogo"},"sameAs":["https:\/\/www.facebook.com\/Nachofdezber","https:\/\/x.com\/NabercoDigital","https:\/\/www.instagram.com\/nachofdezber\/","https:\/\/www.youtube.com\/channel\/UCZP-2wLEB9Rv6erhFmqVnvg"],"address":{"@id":"https:\/\/candas365.es\/noticias\/#postaladdress","@type":"PostalAddress","streetAddress":"san antonio 4, san antonio 4","postalCode":"33430","addressLocality":"Cand\u00e1s","addressRegion":"Asturias","addressCountry":"ES"}},{"@type":"Person","@id":"https:\/\/candas365.es\/noticias\/author\/admin\/#author","url":"https:\/\/candas365.es\/noticias\/author\/admin\/","name":"Cand\u00e1s 365","image":{"@type":"ImageObject","@id":"https:\/\/candas365.es\/noticias\/colombia-debera-tomar-medidas-en-el-sistema-de-salud\/#authorImage","url":"https:\/\/secure.gravatar.com\/avatar\/496a8e03d0c493ede1718b7934145dbdf8d89be1036b0eec9544e1094c9de390?s=96&d=mm&r=g","width":96,"height":96,"caption":"Cand\u00e1s 365"},"sameAs":["https:\/\/www.facebook.com\/carrenoactualidad","https:\/\/twitter.com\/nbasturias","https:\/\/www.instagram.com\/nachofdezber\/","https:\/\/www.youtube.com\/channel\/UCZP-2wLEB9Rv6erhFmqVnvg"]},{"@type":"WebPage","@id":"https:\/\/candas365.es\/noticias\/colombia-debera-tomar-medidas-en-el-sistema-de-salud\/#webpage","url":"https:\/\/candas365.es\/noticias\/colombia-debera-tomar-medidas-en-el-sistema-de-salud\/","name":"Colombia deber\u00e1 tomar medidas en el sistema de salud | Cand\u00e1s 365","description":"El Gobierno de Colombia expuso ante el consejo de ministros la necesidad de reformar el sistema de salud, se\u00f1alando que las deficiencias","inLanguage":"es-ES","isPartOf":{"@id":"https:\/\/candas365.es\/noticias\/#website"},"breadcrumb":{"@id":"https:\/\/candas365.es\/noticias\/colombia-debera-tomar-medidas-en-el-sistema-de-salud\/#breadcrumblist"},"author":{"@id":"https:\/\/candas365.es\/noticias\/author\/admin\/#author"},"creator":{"@id":"https:\/\/candas365.es\/noticias\/author\/admin\/#author"},"image":{"@type":"ImageObject","url":"https:\/\/candas365.es\/noticias\/wp-content\/uploads\/2025\/04\/Colombia-salud.jpg","@id":"https:\/\/candas365.es\/noticias\/colombia-debera-tomar-medidas-en-el-sistema-de-salud\/#mainImage","width":988,"height":658,"caption":"Foto: 123rf.com"},"primaryImageOfPage":{"@id":"https:\/\/candas365.es\/noticias\/colombia-debera-tomar-medidas-en-el-sistema-de-salud\/#mainImage"},"datePublished":"2025-04-03T01:23:38+02:00","dateModified":"2025-04-03T01:23:38+02:00"},{"@type":"WebSite","@id":"https:\/\/candas365.es\/noticias\/#website","url":"https:\/\/candas365.es\/noticias\/","name":"Cand\u00e1s 365","alternateName":"Cand\u00e1s 365 Noticias","description":"Actualidad desde Carre\u00f1o para el mundo","inLanguage":"es-ES","publisher":{"@id":"https:\/\/candas365.es\/noticias\/#organization"}}]},"og:locale":"es_ES","og:site_name":"Cand\u00e1s 365","og:type":"article","og:title":"Colombia deber\u00e1 tomar medidas en el sistema de salud | Cand\u00e1s 365","og:description":"El Gobierno de Colombia expuso ante el consejo de ministros la necesidad de reformar el sistema de salud, se\u00f1alando que las deficiencias","og:url":"https:\/\/candas365.es\/noticias\/colombia-debera-tomar-medidas-en-el-sistema-de-salud\/","og:image":"https:\/\/candas365.es\/noticias\/wp-content\/uploads\/2025\/04\/Colombia-salud.jpg","og:image:secure_url":"https:\/\/candas365.es\/noticias\/wp-content\/uploads\/2025\/04\/Colombia-salud.jpg","og:image:width":988,"og:image:height":658,"article:published_time":"2025-04-02T23:23:38+00:00","article:modified_time":"2025-04-02T23:23:38+00:00","article:publisher":"https:\/\/www.facebook.com\/Nachofdezber","article:author":"https:\/\/www.facebook.com\/carrenoactualidad","twitter:card":"summary_large_image","twitter:site":"@NabercoDigital","twitter:title":"Colombia deber\u00e1 tomar medidas en el sistema de salud | Cand\u00e1s 365","twitter:description":"El Gobierno de Colombia expuso ante el consejo de ministros la necesidad de reformar el sistema de salud, se\u00f1alando que las deficiencias","twitter:creator":"@nbasturias","twitter:image":"https:\/\/candas365.es\/noticias\/wp-content\/uploads\/2025\/04\/Colombia-salud.jpg","twitter:label1":"Escrito por","twitter:data1":"Cand\u00e1s 365","twitter:label2":"Tiempo de lectura estimado","twitter:data2":"1 minuto"},"aioseo_meta_data":{"post_id":"185728","title":null,"description":"El Gobierno de Colombia expuso ante el consejo de ministros la necesidad de reformar el sistema de salud, se\u00f1alando que las deficiencias","keywords":null,"keyphrases":{"focus":{"keyphrase":"Colombia","score":85,"analysis":{"keyphraseInTitle":{"score":9,"maxScore":9,"error":0},"keyphraseInDescription":{"score":9,"maxScore":9,"error":0},"keyphraseLength":{"score":9,"maxScore":9,"error":0,"length":1},"keyphraseInURL":{"score":5,"maxScore":5,"error":0},"keyphraseInIntroduction":{"score":9,"maxScore":9,"error":0},"keyphraseInSubHeadings":[],"keyphraseInImageAlt":{"score":9,"maxScore":9,"error":0},"keywordDensity":{"score":0,"type":"low","maxScore":9,"error":1}}},"additional":[{"keyphrase":"salud","score":100,"analysis":{"keyphraseInDescription":{"score":9,"maxScore":9,"error":0},"keyphraseLength":{"score":9,"maxScore":9,"error":0,"length":1},"keyphraseInIntroduction":{"score":9,"maxScore":9,"error":0},"keyphraseInImageAlt":{"score":9,"maxScore":9,"error":0},"keywordDensity":{"type":"best","score":9,"maxScore":9,"error":0}}}]},"primary_term":null,"canonical_url":null,"og_title":null,"og_description":null,"og_object_type":"default","og_image_type":"default","og_image_url":null,"og_image_width":null,"og_image_height":null,"og_image_custom_url":null,"og_image_custom_fields":null,"og_video":"","og_custom_url":null,"og_article_section":null,"og_article_tags":null,"twitter_use_og":false,"twitter_card":"default","twitter_image_type":"default","twitter_image_url":null,"twitter_image_custom_url":null,"twitter_image_custom_fields":null,"twitter_title":null,"twitter_description":null,"schema":{"blockGraphs":[],"customGraphs":[],"default":{"data":{"Article":[],"Course":[],"Dataset":[],"FAQPage":[],"Movie":[],"Person":[],"Product":[],"ProductReview":[],"Car":[],"Recipe":[],"Service":[],"SoftwareApplication":[],"WebPage":[]},"graphName":"Article","isEnabled":true},"graphs":[]},"schema_type":"default","schema_type_options":null,"pillar_content":false,"robots_default":true,"robots_noindex":false,"robots_noarchive":false,"robots_nosnippet":false,"robots_nofollow":false,"robots_noimageindex":false,"robots_noodp":false,"robots_notranslate":false,"robots_max_snippet":"-1","robots_max_videopreview":"-1","robots_max_imagepreview":"large","priority":null,"frequency":"default","location":null,"local_seo":null,"seo_analyzer_scan_date":"2025-09-03 11:16:51","breadcrumb_settings":null,"limit_modified_date":false,"reviewed_by":null,"open_ai":"{\"title\":{\"suggestions\":[],\"usage\":0},\"description\":{\"suggestions\":[],\"usage\":0}}","ai":null,"created":"2025-04-02 23:16:13","updated":"2025-09-03 11:16:51"},"aioseo_breadcrumb":"<div class=\"aioseo-breadcrumbs\"><span class=\"aioseo-breadcrumb\">\n\t<a href=\"https:\/\/candas365.es\/noticias\" title=\"Home\">Home<\/a>\n<\/span><span class=\"aioseo-breadcrumb-separator\">&ndash;<\/span><span class=\"aioseo-breadcrumb\">\n\t<a href=\"https:\/\/candas365.es\/noticias\/category\/internacional\/\" title=\"Internacional\">Internacional<\/a>\n<\/span><span class=\"aioseo-breadcrumb-separator\">&ndash;<\/span><span class=\"aioseo-breadcrumb\">\n\tColombia deber\u00e1 tomar medidas en el sistema de salud\n<\/span><\/div>","aioseo_breadcrumb_json":[{"label":"Home","link":"https:\/\/candas365.es\/noticias"},{"label":"Internacional","link":"https:\/\/candas365.es\/noticias\/category\/internacional\/"},{"label":"Colombia deber\u00e1 tomar medidas en el sistema de salud","link":"https:\/\/candas365.es\/noticias\/colombia-debera-tomar-medidas-en-el-sistema-de-salud\/"}],"_links":{"self":[{"href":"https:\/\/candas365.es\/noticias\/wp-json\/wp\/v2\/posts\/185728","targetHints":{"allow":["GET"]}}],"collection":[{"href":"https:\/\/candas365.es\/noticias\/wp-json\/wp\/v2\/posts"}],"about":[{"href":"https:\/\/candas365.es\/noticias\/wp-json\/wp\/v2\/types\/post"}],"author":[{"embeddable":true,"href":"https:\/\/candas365.es\/noticias\/wp-json\/wp\/v2\/users\/1"}],"replies":[{"embeddable":true,"href":"https:\/\/candas365.es\/noticias\/wp-json\/wp\/v2\/comments?post=185728"}],"version-history":[{"count":0,"href":"https:\/\/candas365.es\/noticias\/wp-json\/wp\/v2\/posts\/185728\/revisions"}],"wp:featuredmedia":[{"embeddable":true,"href":"https:\/\/candas365.es\/noticias\/wp-json\/wp\/v2\/media\/185729"}],"wp:attachment":[{"href":"https:\/\/candas365.es\/noticias\/wp-json\/wp\/v2\/media?parent=185728"}],"wp:term":[{"taxonomy":"category","embeddable":true,"href":"https:\/\/candas365.es\/noticias\/wp-json\/wp\/v2\/categories?post=185728"},{"taxonomy":"post_tag","embeddable":true,"href":"https:\/\/candas365.es\/noticias\/wp-json\/wp\/v2\/tags?post=185728"}],"curies":[{"name":"wp","href":"https:\/\/api.w.org\/{rel}","templated":true}]}}