{"id":185695,"date":"2025-04-02T04:02:52","date_gmt":"2025-04-02T02:02:52","guid":{"rendered":"https:\/\/candas365.es\/noticias\/?p=185695"},"modified":"2025-04-02T04:02:52","modified_gmt":"2025-04-02T02:02:52","slug":"tecnologia-oscar-lopez-defiende-que-europa-invierta-en-europa","status":"publish","type":"post","link":"https:\/\/candas365.es\/noticias\/tecnologia-oscar-lopez-defiende-que-europa-invierta-en-europa\/","title":{"rendered":"Tecnolog\u00eda: \u00d3scar L\u00f3pez defiende que \u00abEuropa invierta en Europa\u00bb"},"content":{"rendered":"<p>\u00d3scar L\u00f3pez ha defendido el pasado jueves que \u00abEuropa invierta en Europa\u00bb para de ese modo ganar soberan\u00eda en la actual carrera mundial por la <span style=\"color: #ff6600;\"><strong><span style=\"color: #ff6600;\"><a style=\"color: #ff6600;\" title=\"hegemon\u00eda tecnol\u00f3gica\" href=\"https:\/\/candas365.es\/noticias\/category\/economia\/\" target=\"_blank\" rel=\"noopener\">hegemon\u00eda tecnol\u00f3gica<\/a><\/span>.<\/strong><\/span><\/p>\n<figure id=\"attachment_185696\" aria-describedby=\"caption-attachment-185696\" style=\"width: 650px\" class=\"wp-caption aligncenter\"><img fetchpriority=\"high\" decoding=\"async\" class=\"size-large wp-image-185696\" src=\"https:\/\/candas365.es\/noticias\/wp-content\/uploads\/2025\/04\/Oscar-Lopez-650x428.jpg\" alt=\"\u00d3scar L\u00f3pez\" width=\"650\" height=\"428\" srcset=\"https:\/\/candas365.es\/noticias\/wp-content\/uploads\/2025\/04\/Oscar-Lopez-650x428.jpg 650w, https:\/\/candas365.es\/noticias\/wp-content\/uploads\/2025\/04\/Oscar-Lopez-360x237.jpg 360w, https:\/\/candas365.es\/noticias\/wp-content\/uploads\/2025\/04\/Oscar-Lopez-768x506.jpg 768w, https:\/\/candas365.es\/noticias\/wp-content\/uploads\/2025\/04\/Oscar-Lopez-150x99.jpg 150w, https:\/\/candas365.es\/noticias\/wp-content\/uploads\/2025\/04\/Oscar-Lopez-450x296.jpg 450w, https:\/\/candas365.es\/noticias\/wp-content\/uploads\/2025\/04\/Oscar-Lopez.jpg 984w\" sizes=\"(max-width: 650px) 100vw, 650px\" \/><figcaption id=\"caption-attachment-185696\" class=\"wp-caption-text\">\u00d3scar L\u00f3pez en Amsterdam con motivo del foro D9+ | Foto del Ministerio de Transformaci\u00f3n Digital<\/figcaption><\/figure>\n<p>Durante su participaci\u00f3n en \u00c1msterdam en la reuni\u00f3n del foro D9+, que re\u00fane a los trece pa\u00edses m\u00e1s digitalizados de la UE, L\u00f3pez reinvidic\u00f3, \u00abfrente a otros modelos\u00bb, una tercera v\u00eda europea que \u201ccombine innovaci\u00f3n, derechos humanos y bienestar\u201d para la ciudadan\u00eda.<\/p>\n<p>El encuentro, que cont\u00f3 con la asistencia de la vicepresidenta de la Comisi\u00f3n Europea para la Soberan\u00eda Tecnol\u00f3gica, Seguridad y Democracia, Henna Virkkunen, se sald\u00f3 con una declaraci\u00f3n conjunta en la que se urge a aumentar la inversi\u00f3n en tecnolog\u00edas digitales para mantener el liderazgo tecnol\u00f3gico global. <strong>Entre las tecnolog\u00edas claves que los pa\u00edses firmantes piden priorizar figuran la inteligencia artificial, los semiconductores, la computaci\u00f3n cu\u00e1ntica, la ciberseguridad y los datos.<\/strong><\/p>\n<p>Los trece Estados se comprometen asimismo a reducir barreras, simplificar reglas y mejorar el acceso a financiaci\u00f3n, especialmente para &#8216;startups&#8217;; fomentar la inversi\u00f3n del Banco Europeo de Inversiones en capital de riesgo digital; optimizar la contrataci\u00f3n p\u00fablica, usando el poder adquisitivo de la UE para fortalecer las tecnolog\u00edas cr\u00edticas; y a proteger los intereses europeos y coordinar la regulaci\u00f3n tecnol\u00f3gica cooperando con socios afines.<\/p>\n<p>A lo largo de la jornada, los pa\u00edses del D9+ debatieron c\u00f3mo aprovechar mejor las oportunidades de financiaci\u00f3n para invertir en tecnolog\u00eda digital y conversado sobre el futuro de la conectividad y la infraestructura necesaria para impulsar el ecosistema europeo de inteligencia artificial.<\/p>\n<p>El ministro espa\u00f1ol abog\u00f3 por la colaboraci\u00f3n p\u00fablico-privada en el fomento de inversiones y present\u00f3 como un caso de \u00e9xito la recientemente creada Sociedad Espa\u00f1ola de Transformaci\u00f3n Tecnol\u00f3gica (SETT).<\/p>\n<p>(<a href=\"https:\/\/www.servimedia.es\/\" target=\"_blank\" rel=\"noopener\"><span style=\"color: #ff6600;\"><strong>SERVIMEDIA<\/strong><\/span><\/a>)<\/p>\n","protected":false},"excerpt":{"rendered":"<p>\u00d3scar L\u00f3pez ha defendido el pasado jueves que \u00abEuropa invierta en Europa\u00bb para de ese modo ganar soberan\u00eda en la actual carrera mundial por la hegemon\u00eda tecnol\u00f3gica. Durante su participaci\u00f3n en \u00c1msterdam en la reuni\u00f3n del foro D9+, que re\u00fane a los trece pa\u00edses m\u00e1s digitalizados de la UE, L\u00f3pez reinvidic\u00f3, \u00abfrente a otros modelos\u00bb,<\/p>\n","protected":false},"author":1,"featured_media":185696,"comment_status":"closed","ping_status":"closed","sticky":false,"template":"","format":"standard","meta":{"footnotes":""},"categories":[486],"tags":[437,448],"class_list":{"0":"post-185695","1":"post","2":"type-post","3":"status-publish","4":"format-standard","5":"has-post-thumbnail","7":"category-economia","8":"tag-economia","9":"tag-tecnologia"},"aioseo_notices":[],"aioseo_head":"\n\t\t<!-- All in One SEO Pro 4.9.6.2 - aioseo.com -->\n\t<meta name=\"description\" content=\"\u00d3scar L\u00f3pez ha defendido el pasado jueves que &quot;Europa invierta en Europa&quot; para de ese modo ganar soberan\u00eda en la actual carrera mundial por la hegemon\u00eda\" \/>\n\t<meta name=\"robots\" content=\"max-image-preview:large\" \/>\n\t<meta name=\"author\" content=\"Cand\u00e1s 365\"\/>\n\t<meta name=\"google-site-verification\" content=\"UA-32230408-1\" \/>\n\t<meta name=\"msvalidate.01\" content=\"354F3CDFB2DA171B47FBE9ABF1F88D5\" \/>\n\t<meta name=\"keywords\" content=\"econom\u00eda\" \/>\n\t<link rel=\"canonical\" href=\"https:\/\/candas365.es\/noticias\/tecnologia-oscar-lopez-defiende-que-europa-invierta-en-europa\/\" \/>\n\t<meta name=\"generator\" content=\"All in One SEO Pro (AIOSEO) 4.9.6.2\" \/>\n\t\t<meta property=\"og:locale\" content=\"es_ES\" \/>\n\t\t<meta property=\"og:site_name\" content=\"Cand\u00e1s 365\" \/>\n\t\t<meta property=\"og:type\" content=\"article\" \/>\n\t\t<meta property=\"og:title\" content=\"Tecnolog\u00eda: \u00d3scar L\u00f3pez defiende que \u00abEuropa invierta en Europa\u00bb | Cand\u00e1s 365\" \/>\n\t\t<meta property=\"og:description\" content=\"\u00d3scar L\u00f3pez ha defendido el pasado jueves que &quot;Europa invierta en Europa&quot; para de ese modo ganar soberan\u00eda en la actual carrera mundial por la hegemon\u00eda\" \/>\n\t\t<meta property=\"og:url\" content=\"https:\/\/candas365.es\/noticias\/tecnologia-oscar-lopez-defiende-que-europa-invierta-en-europa\/\" \/>\n\t\t<meta property=\"og:image\" content=\"https:\/\/candas365.es\/noticias\/wp-content\/uploads\/2025\/04\/Oscar-Lopez.jpg\" \/>\n\t\t<meta property=\"og:image:secure_url\" content=\"https:\/\/candas365.es\/noticias\/wp-content\/uploads\/2025\/04\/Oscar-Lopez.jpg\" \/>\n\t\t<meta property=\"og:image:width\" content=\"984\" \/>\n\t\t<meta property=\"og:image:height\" content=\"648\" \/>\n\t\t<meta property=\"article:published_time\" content=\"2025-04-02T02:02:52+00:00\" \/>\n\t\t<meta property=\"article:modified_time\" content=\"2025-04-02T02:02:52+00:00\" \/>\n\t\t<meta property=\"article:publisher\" content=\"https:\/\/www.facebook.com\/Nachofdezber\" \/>\n\t\t<meta property=\"article:author\" content=\"https:\/\/www.facebook.com\/carrenoactualidad\" \/>\n\t\t<meta name=\"twitter:card\" content=\"summary_large_image\" \/>\n\t\t<meta name=\"twitter:site\" content=\"@NabercoDigital\" \/>\n\t\t<meta name=\"twitter:title\" content=\"Tecnolog\u00eda: \u00d3scar L\u00f3pez defiende que \u00abEuropa invierta en Europa\u00bb | Cand\u00e1s 365\" \/>\n\t\t<meta name=\"twitter:description\" content=\"\u00d3scar L\u00f3pez ha defendido el pasado jueves que &quot;Europa invierta en Europa&quot; para de ese modo ganar soberan\u00eda en la actual carrera mundial por la hegemon\u00eda\" \/>\n\t\t<meta name=\"twitter:creator\" content=\"@nbasturias\" \/>\n\t\t<meta name=\"twitter:image\" content=\"https:\/\/candas365.es\/noticias\/wp-content\/uploads\/2025\/04\/Oscar-Lopez.jpg\" \/>\n\t\t<meta name=\"twitter:label1\" content=\"Escrito por\" \/>\n\t\t<meta name=\"twitter:data1\" content=\"Cand\u00e1s 365\" \/>\n\t\t<meta name=\"twitter:label2\" content=\"Tiempo de lectura estimado\" \/>\n\t\t<meta name=\"twitter:data2\" content=\"2 minutos\" \/>\n\t\t<script type=\"application\/ld+json\" class=\"aioseo-schema\">\n\t\t\t{\"@context\":\"https:\\\/\\\/schema.org\",\"@graph\":[{\"@type\":\"BreadcrumbList\",\"@id\":\"https:\\\/\\\/candas365.es\\\/noticias\\\/tecnologia-oscar-lopez-defiende-que-europa-invierta-en-europa\\\/#breadcrumblist\",\"itemListElement\":[{\"@type\":\"ListItem\",\"@id\":\"https:\\\/\\\/candas365.es\\\/noticias#listItem\",\"position\":1,\"name\":\"Home\",\"item\":\"https:\\\/\\\/candas365.es\\\/noticias\",\"nextItem\":{\"@type\":\"ListItem\",\"@id\":\"https:\\\/\\\/candas365.es\\\/noticias\\\/category\\\/economia\\\/#listItem\",\"name\":\"Econom\\u00eda\"}},{\"@type\":\"ListItem\",\"@id\":\"https:\\\/\\\/candas365.es\\\/noticias\\\/category\\\/economia\\\/#listItem\",\"position\":2,\"name\":\"Econom\\u00eda\",\"item\":\"https:\\\/\\\/candas365.es\\\/noticias\\\/category\\\/economia\\\/\",\"nextItem\":{\"@type\":\"ListItem\",\"@id\":\"https:\\\/\\\/candas365.es\\\/noticias\\\/tecnologia-oscar-lopez-defiende-que-europa-invierta-en-europa\\\/#listItem\",\"name\":\"Tecnolog\\u00eda: \\u00d3scar L\\u00f3pez defiende que \\u00abEuropa invierta en Europa\\u00bb\"},\"previousItem\":{\"@type\":\"ListItem\",\"@id\":\"https:\\\/\\\/candas365.es\\\/noticias#listItem\",\"name\":\"Home\"}},{\"@type\":\"ListItem\",\"@id\":\"https:\\\/\\\/candas365.es\\\/noticias\\\/tecnologia-oscar-lopez-defiende-que-europa-invierta-en-europa\\\/#listItem\",\"position\":3,\"name\":\"Tecnolog\\u00eda: \\u00d3scar L\\u00f3pez defiende que \\u00abEuropa invierta en Europa\\u00bb\",\"previousItem\":{\"@type\":\"ListItem\",\"@id\":\"https:\\\/\\\/candas365.es\\\/noticias\\\/category\\\/economia\\\/#listItem\",\"name\":\"Econom\\u00eda\"}}]},{\"@type\":\"NewsArticle\",\"@id\":\"https:\\\/\\\/candas365.es\\\/noticias\\\/tecnologia-oscar-lopez-defiende-que-europa-invierta-en-europa\\\/#newsarticle\",\"name\":\"Tecnolog\\u00eda: \\u00d3scar L\\u00f3pez defiende que \\u00abEuropa invierta en Europa\\u00bb | Cand\\u00e1s 365\",\"headline\":\"Tecnolog\\u00eda: \\u00d3scar L\\u00f3pez defiende que \\u00abEuropa invierta en Europa\\u00bb\",\"author\":{\"@id\":\"https:\\\/\\\/candas365.es\\\/noticias\\\/author\\\/admin\\\/#author\"},\"publisher\":{\"@id\":\"https:\\\/\\\/candas365.es\\\/noticias\\\/#organization\"},\"image\":{\"@type\":\"ImageObject\",\"url\":\"https:\\\/\\\/candas365.es\\\/noticias\\\/wp-content\\\/uploads\\\/2025\\\/04\\\/Oscar-Lopez.jpg\",\"width\":984,\"height\":648,\"caption\":\"\\u00d3scar L\\u00f3pez en Amsterdam con motivo del foro D9+ | Foto del Ministerio de Transformaci\\u00f3n Digital\"},\"datePublished\":\"2025-04-02T04:02:52+02:00\",\"dateModified\":\"2025-04-02T04:02:52+02:00\",\"inLanguage\":\"es-ES\",\"mainEntityOfPage\":{\"@id\":\"https:\\\/\\\/candas365.es\\\/noticias\\\/tecnologia-oscar-lopez-defiende-que-europa-invierta-en-europa\\\/#webpage\"},\"isPartOf\":{\"@id\":\"https:\\\/\\\/candas365.es\\\/noticias\\\/tecnologia-oscar-lopez-defiende-que-europa-invierta-en-europa\\\/#webpage\"},\"articleSection\":\"Econom\\u00eda, Econom\\u00eda, Tecnolog\\u00eda\",\"dateline\":\"Publicado el abril 2, 2025.\"},{\"@type\":\"Organization\",\"@id\":\"https:\\\/\\\/candas365.es\\\/noticias\\\/#organization\",\"name\":\"Cand\\u00e1s 365\",\"description\":\"Cand\\u00e1s 365 es un diario digital independiente, fundado en 2012, con base en Asturias. Informamos con rigor sobre actualidad, sociedad, cultura y ocio, con una mirada local y global.\",\"url\":\"https:\\\/\\\/candas365.es\\\/noticias\\\/\",\"email\":\"info@candas365.es\",\"telephone\":\"+34652131393\",\"foundingDate\":\"2012-06-10\",\"logo\":{\"@type\":\"ImageObject\",\"url\":\"https:\\\/\\\/candas365.es\\\/noticias\\\/wp-content\\\/uploads\\\/2024\\\/09\\\/Candas-365-Redes.jpg\",\"@id\":\"https:\\\/\\\/candas365.es\\\/noticias\\\/tecnologia-oscar-lopez-defiende-que-europa-invierta-en-europa\\\/#organizationLogo\",\"width\":1152,\"height\":864,\"caption\":\"Cand\\u00e1s 365 Redes\"},\"image\":{\"@id\":\"https:\\\/\\\/candas365.es\\\/noticias\\\/tecnologia-oscar-lopez-defiende-que-europa-invierta-en-europa\\\/#organizationLogo\"},\"sameAs\":[\"https:\\\/\\\/www.facebook.com\\\/Nachofdezber\",\"https:\\\/\\\/x.com\\\/NabercoDigital\",\"https:\\\/\\\/www.instagram.com\\\/nachofdezber\\\/\",\"https:\\\/\\\/www.youtube.com\\\/channel\\\/UCZP-2wLEB9Rv6erhFmqVnvg\"],\"address\":{\"@id\":\"https:\\\/\\\/candas365.es\\\/noticias\\\/#postaladdress\",\"@type\":\"PostalAddress\",\"streetAddress\":\"san antonio 4, san antonio 4\",\"postalCode\":\"33430\",\"addressLocality\":\"Cand\\u00e1s\",\"addressRegion\":\"Asturias\",\"addressCountry\":\"ES\"}},{\"@type\":\"Person\",\"@id\":\"https:\\\/\\\/candas365.es\\\/noticias\\\/author\\\/admin\\\/#author\",\"url\":\"https:\\\/\\\/candas365.es\\\/noticias\\\/author\\\/admin\\\/\",\"name\":\"Cand\\u00e1s 365\",\"image\":{\"@type\":\"ImageObject\",\"@id\":\"https:\\\/\\\/candas365.es\\\/noticias\\\/tecnologia-oscar-lopez-defiende-que-europa-invierta-en-europa\\\/#authorImage\",\"url\":\"https:\\\/\\\/secure.gravatar.com\\\/avatar\\\/496a8e03d0c493ede1718b7934145dbdf8d89be1036b0eec9544e1094c9de390?s=96&d=mm&r=g\",\"width\":96,\"height\":96,\"caption\":\"Cand\\u00e1s 365\"},\"sameAs\":[\"https:\\\/\\\/www.facebook.com\\\/carrenoactualidad\",\"https:\\\/\\\/twitter.com\\\/nbasturias\",\"https:\\\/\\\/www.instagram.com\\\/nachofdezber\\\/\",\"https:\\\/\\\/www.youtube.com\\\/channel\\\/UCZP-2wLEB9Rv6erhFmqVnvg\"]},{\"@type\":\"WebPage\",\"@id\":\"https:\\\/\\\/candas365.es\\\/noticias\\\/tecnologia-oscar-lopez-defiende-que-europa-invierta-en-europa\\\/#webpage\",\"url\":\"https:\\\/\\\/candas365.es\\\/noticias\\\/tecnologia-oscar-lopez-defiende-que-europa-invierta-en-europa\\\/\",\"name\":\"Tecnolog\\u00eda: \\u00d3scar L\\u00f3pez defiende que \\u00abEuropa invierta en Europa\\u00bb | Cand\\u00e1s 365\",\"description\":\"\\u00d3scar L\\u00f3pez ha defendido el pasado jueves que \\\"Europa invierta en Europa\\\" para de ese modo ganar soberan\\u00eda en la actual carrera mundial por la hegemon\\u00eda\",\"inLanguage\":\"es-ES\",\"isPartOf\":{\"@id\":\"https:\\\/\\\/candas365.es\\\/noticias\\\/#website\"},\"breadcrumb\":{\"@id\":\"https:\\\/\\\/candas365.es\\\/noticias\\\/tecnologia-oscar-lopez-defiende-que-europa-invierta-en-europa\\\/#breadcrumblist\"},\"author\":{\"@id\":\"https:\\\/\\\/candas365.es\\\/noticias\\\/author\\\/admin\\\/#author\"},\"creator\":{\"@id\":\"https:\\\/\\\/candas365.es\\\/noticias\\\/author\\\/admin\\\/#author\"},\"image\":{\"@type\":\"ImageObject\",\"url\":\"https:\\\/\\\/candas365.es\\\/noticias\\\/wp-content\\\/uploads\\\/2025\\\/04\\\/Oscar-Lopez.jpg\",\"@id\":\"https:\\\/\\\/candas365.es\\\/noticias\\\/tecnologia-oscar-lopez-defiende-que-europa-invierta-en-europa\\\/#mainImage\",\"width\":984,\"height\":648,\"caption\":\"\\u00d3scar L\\u00f3pez en Amsterdam con motivo del foro D9+ | Foto del Ministerio de Transformaci\\u00f3n Digital\"},\"primaryImageOfPage\":{\"@id\":\"https:\\\/\\\/candas365.es\\\/noticias\\\/tecnologia-oscar-lopez-defiende-que-europa-invierta-en-europa\\\/#mainImage\"},\"datePublished\":\"2025-04-02T04:02:52+02:00\",\"dateModified\":\"2025-04-02T04:02:52+02:00\"},{\"@type\":\"WebSite\",\"@id\":\"https:\\\/\\\/candas365.es\\\/noticias\\\/#website\",\"url\":\"https:\\\/\\\/candas365.es\\\/noticias\\\/\",\"name\":\"Cand\\u00e1s 365\",\"alternateName\":\"Cand\\u00e1s 365 Noticias\",\"description\":\"Actualidad desde Carre\\u00f1o para el mundo\",\"inLanguage\":\"es-ES\",\"publisher\":{\"@id\":\"https:\\\/\\\/candas365.es\\\/noticias\\\/#organization\"}}]}\n\t\t<\/script>\n\t\t<!-- All in One SEO Pro -->\r\n\t\t<title>Tecnolog\u00eda: \u00d3scar L\u00f3pez defiende que \u00abEuropa invierta en Europa\u00bb | Cand\u00e1s 365<\/title>\n\n","aioseo_head_json":{"title":"Tecnolog\u00eda: \u00d3scar L\u00f3pez defiende que \u00abEuropa invierta en Europa\u00bb | Cand\u00e1s 365","description":"\u00d3scar L\u00f3pez ha defendido el pasado jueves que \"Europa invierta en Europa\" para de ese modo ganar soberan\u00eda en la actual carrera mundial por la hegemon\u00eda","canonical_url":"https:\/\/candas365.es\/noticias\/tecnologia-oscar-lopez-defiende-que-europa-invierta-en-europa\/","robots":"max-image-preview:large","keywords":"econom\u00eda","webmasterTools":{"google-site-verification":"UA-32230408-1","msvalidate.01":"354F3CDFB2DA171B47FBE9ABF1F88D5","miscellaneous":""},"schema":{"@context":"https:\/\/schema.org","@graph":[{"@type":"BreadcrumbList","@id":"https:\/\/candas365.es\/noticias\/tecnologia-oscar-lopez-defiende-que-europa-invierta-en-europa\/#breadcrumblist","itemListElement":[{"@type":"ListItem","@id":"https:\/\/candas365.es\/noticias#listItem","position":1,"name":"Home","item":"https:\/\/candas365.es\/noticias","nextItem":{"@type":"ListItem","@id":"https:\/\/candas365.es\/noticias\/category\/economia\/#listItem","name":"Econom\u00eda"}},{"@type":"ListItem","@id":"https:\/\/candas365.es\/noticias\/category\/economia\/#listItem","position":2,"name":"Econom\u00eda","item":"https:\/\/candas365.es\/noticias\/category\/economia\/","nextItem":{"@type":"ListItem","@id":"https:\/\/candas365.es\/noticias\/tecnologia-oscar-lopez-defiende-que-europa-invierta-en-europa\/#listItem","name":"Tecnolog\u00eda: \u00d3scar L\u00f3pez defiende que \u00abEuropa invierta en Europa\u00bb"},"previousItem":{"@type":"ListItem","@id":"https:\/\/candas365.es\/noticias#listItem","name":"Home"}},{"@type":"ListItem","@id":"https:\/\/candas365.es\/noticias\/tecnologia-oscar-lopez-defiende-que-europa-invierta-en-europa\/#listItem","position":3,"name":"Tecnolog\u00eda: \u00d3scar L\u00f3pez defiende que \u00abEuropa invierta en Europa\u00bb","previousItem":{"@type":"ListItem","@id":"https:\/\/candas365.es\/noticias\/category\/economia\/#listItem","name":"Econom\u00eda"}}]},{"@type":"NewsArticle","@id":"https:\/\/candas365.es\/noticias\/tecnologia-oscar-lopez-defiende-que-europa-invierta-en-europa\/#newsarticle","name":"Tecnolog\u00eda: \u00d3scar L\u00f3pez defiende que \u00abEuropa invierta en Europa\u00bb | Cand\u00e1s 365","headline":"Tecnolog\u00eda: \u00d3scar L\u00f3pez defiende que \u00abEuropa invierta en Europa\u00bb","author":{"@id":"https:\/\/candas365.es\/noticias\/author\/admin\/#author"},"publisher":{"@id":"https:\/\/candas365.es\/noticias\/#organization"},"image":{"@type":"ImageObject","url":"https:\/\/candas365.es\/noticias\/wp-content\/uploads\/2025\/04\/Oscar-Lopez.jpg","width":984,"height":648,"caption":"\u00d3scar L\u00f3pez en Amsterdam con motivo del foro D9+ | Foto del Ministerio de Transformaci\u00f3n Digital"},"datePublished":"2025-04-02T04:02:52+02:00","dateModified":"2025-04-02T04:02:52+02:00","inLanguage":"es-ES","mainEntityOfPage":{"@id":"https:\/\/candas365.es\/noticias\/tecnologia-oscar-lopez-defiende-que-europa-invierta-en-europa\/#webpage"},"isPartOf":{"@id":"https:\/\/candas365.es\/noticias\/tecnologia-oscar-lopez-defiende-que-europa-invierta-en-europa\/#webpage"},"articleSection":"Econom\u00eda, Econom\u00eda, Tecnolog\u00eda","dateline":"Publicado el abril 2, 2025."},{"@type":"Organization","@id":"https:\/\/candas365.es\/noticias\/#organization","name":"Cand\u00e1s 365","description":"Cand\u00e1s 365 es un diario digital independiente, fundado en 2012, con base en Asturias. Informamos con rigor sobre actualidad, sociedad, cultura y ocio, con una mirada local y global.","url":"https:\/\/candas365.es\/noticias\/","email":"info@candas365.es","telephone":"+34652131393","foundingDate":"2012-06-10","logo":{"@type":"ImageObject","url":"https:\/\/candas365.es\/noticias\/wp-content\/uploads\/2024\/09\/Candas-365-Redes.jpg","@id":"https:\/\/candas365.es\/noticias\/tecnologia-oscar-lopez-defiende-que-europa-invierta-en-europa\/#organizationLogo","width":1152,"height":864,"caption":"Cand\u00e1s 365 Redes"},"image":{"@id":"https:\/\/candas365.es\/noticias\/tecnologia-oscar-lopez-defiende-que-europa-invierta-en-europa\/#organizationLogo"},"sameAs":["https:\/\/www.facebook.com\/Nachofdezber","https:\/\/x.com\/NabercoDigital","https:\/\/www.instagram.com\/nachofdezber\/","https:\/\/www.youtube.com\/channel\/UCZP-2wLEB9Rv6erhFmqVnvg"],"address":{"@id":"https:\/\/candas365.es\/noticias\/#postaladdress","@type":"PostalAddress","streetAddress":"san antonio 4, san antonio 4","postalCode":"33430","addressLocality":"Cand\u00e1s","addressRegion":"Asturias","addressCountry":"ES"}},{"@type":"Person","@id":"https:\/\/candas365.es\/noticias\/author\/admin\/#author","url":"https:\/\/candas365.es\/noticias\/author\/admin\/","name":"Cand\u00e1s 365","image":{"@type":"ImageObject","@id":"https:\/\/candas365.es\/noticias\/tecnologia-oscar-lopez-defiende-que-europa-invierta-en-europa\/#authorImage","url":"https:\/\/secure.gravatar.com\/avatar\/496a8e03d0c493ede1718b7934145dbdf8d89be1036b0eec9544e1094c9de390?s=96&d=mm&r=g","width":96,"height":96,"caption":"Cand\u00e1s 365"},"sameAs":["https:\/\/www.facebook.com\/carrenoactualidad","https:\/\/twitter.com\/nbasturias","https:\/\/www.instagram.com\/nachofdezber\/","https:\/\/www.youtube.com\/channel\/UCZP-2wLEB9Rv6erhFmqVnvg"]},{"@type":"WebPage","@id":"https:\/\/candas365.es\/noticias\/tecnologia-oscar-lopez-defiende-que-europa-invierta-en-europa\/#webpage","url":"https:\/\/candas365.es\/noticias\/tecnologia-oscar-lopez-defiende-que-europa-invierta-en-europa\/","name":"Tecnolog\u00eda: \u00d3scar L\u00f3pez defiende que \u00abEuropa invierta en Europa\u00bb | Cand\u00e1s 365","description":"\u00d3scar L\u00f3pez ha defendido el pasado jueves que \"Europa invierta en Europa\" para de ese modo ganar soberan\u00eda en la actual carrera mundial por la hegemon\u00eda","inLanguage":"es-ES","isPartOf":{"@id":"https:\/\/candas365.es\/noticias\/#website"},"breadcrumb":{"@id":"https:\/\/candas365.es\/noticias\/tecnologia-oscar-lopez-defiende-que-europa-invierta-en-europa\/#breadcrumblist"},"author":{"@id":"https:\/\/candas365.es\/noticias\/author\/admin\/#author"},"creator":{"@id":"https:\/\/candas365.es\/noticias\/author\/admin\/#author"},"image":{"@type":"ImageObject","url":"https:\/\/candas365.es\/noticias\/wp-content\/uploads\/2025\/04\/Oscar-Lopez.jpg","@id":"https:\/\/candas365.es\/noticias\/tecnologia-oscar-lopez-defiende-que-europa-invierta-en-europa\/#mainImage","width":984,"height":648,"caption":"\u00d3scar L\u00f3pez en Amsterdam con motivo del foro D9+ | Foto del Ministerio de Transformaci\u00f3n Digital"},"primaryImageOfPage":{"@id":"https:\/\/candas365.es\/noticias\/tecnologia-oscar-lopez-defiende-que-europa-invierta-en-europa\/#mainImage"},"datePublished":"2025-04-02T04:02:52+02:00","dateModified":"2025-04-02T04:02:52+02:00"},{"@type":"WebSite","@id":"https:\/\/candas365.es\/noticias\/#website","url":"https:\/\/candas365.es\/noticias\/","name":"Cand\u00e1s 365","alternateName":"Cand\u00e1s 365 Noticias","description":"Actualidad desde Carre\u00f1o para el mundo","inLanguage":"es-ES","publisher":{"@id":"https:\/\/candas365.es\/noticias\/#organization"}}]},"og:locale":"es_ES","og:site_name":"Cand\u00e1s 365","og:type":"article","og:title":"Tecnolog\u00eda: \u00d3scar L\u00f3pez defiende que \u00abEuropa invierta en Europa\u00bb | Cand\u00e1s 365","og:description":"\u00d3scar L\u00f3pez ha defendido el pasado jueves que &quot;Europa invierta en Europa&quot; para de ese modo ganar soberan\u00eda en la actual carrera mundial por la hegemon\u00eda","og:url":"https:\/\/candas365.es\/noticias\/tecnologia-oscar-lopez-defiende-que-europa-invierta-en-europa\/","og:image":"https:\/\/candas365.es\/noticias\/wp-content\/uploads\/2025\/04\/Oscar-Lopez.jpg","og:image:secure_url":"https:\/\/candas365.es\/noticias\/wp-content\/uploads\/2025\/04\/Oscar-Lopez.jpg","og:image:width":984,"og:image:height":648,"article:published_time":"2025-04-02T02:02:52+00:00","article:modified_time":"2025-04-02T02:02:52+00:00","article:publisher":"https:\/\/www.facebook.com\/Nachofdezber","article:author":"https:\/\/www.facebook.com\/carrenoactualidad","twitter:card":"summary_large_image","twitter:site":"@NabercoDigital","twitter:title":"Tecnolog\u00eda: \u00d3scar L\u00f3pez defiende que \u00abEuropa invierta en Europa\u00bb | Cand\u00e1s 365","twitter:description":"\u00d3scar L\u00f3pez ha defendido el pasado jueves que &quot;Europa invierta en Europa&quot; para de ese modo ganar soberan\u00eda en la actual carrera mundial por la hegemon\u00eda","twitter:creator":"@nbasturias","twitter:image":"https:\/\/candas365.es\/noticias\/wp-content\/uploads\/2025\/04\/Oscar-Lopez.jpg","twitter:label1":"Escrito por","twitter:data1":"Cand\u00e1s 365","twitter:label2":"Tiempo de lectura estimado","twitter:data2":"2 minutos"},"aioseo_meta_data":{"post_id":"185695","title":null,"description":"\u00d3scar L\u00f3pez ha defendido el pasado jueves que \"Europa invierta en Europa\" para de ese modo ganar soberan\u00eda en la actual carrera mundial por la hegemon\u00eda","keywords":null,"keyphrases":{"focus":{"keyphrase":"\u00d3scar L\u00f3pez","score":93,"analysis":{"keyphraseInTitle":{"score":9,"maxScore":9,"error":0},"keyphraseInDescription":{"score":9,"maxScore":9,"error":0},"keyphraseLength":{"score":9,"maxScore":9,"error":0,"length":3},"keyphraseInURL":{"score":1,"maxScore":5,"error":1},"keyphraseInIntroduction":{"score":9,"maxScore":9,"error":0},"keyphraseInSubHeadings":[],"keyphraseInImageAlt":{"score":9,"maxScore":9,"error":0},"keywordDensity":{"type":"best","score":9,"maxScore":9,"error":0}}},"additional":[{"keyphrase":"\u00d3scar L\u00f3pez","score":100,"analysis":{"keyphraseInDescription":{"score":9,"maxScore":9,"error":0},"keyphraseLength":{"score":9,"maxScore":9,"error":0,"length":3},"keyphraseInIntroduction":{"score":9,"maxScore":9,"error":0},"keyphraseInImageAlt":{"score":9,"maxScore":9,"error":0},"keywordDensity":{"type":"best","score":9,"maxScore":9,"error":0}}}]},"primary_term":null,"canonical_url":null,"og_title":null,"og_description":null,"og_object_type":"default","og_image_type":"default","og_image_url":null,"og_image_width":null,"og_image_height":null,"og_image_custom_url":null,"og_image_custom_fields":null,"og_video":"","og_custom_url":null,"og_article_section":null,"og_article_tags":null,"twitter_use_og":false,"twitter_card":"default","twitter_image_type":"default","twitter_image_url":null,"twitter_image_custom_url":null,"twitter_image_custom_fields":null,"twitter_title":null,"twitter_description":null,"schema":{"blockGraphs":[],"customGraphs":[],"default":{"data":{"Article":[],"Course":[],"Dataset":[],"FAQPage":[],"Movie":[],"Person":[],"Product":[],"ProductReview":[],"Car":[],"Recipe":[],"Service":[],"SoftwareApplication":[],"WebPage":[]},"graphName":"Article","isEnabled":true},"graphs":[]},"schema_type":"default","schema_type_options":null,"pillar_content":false,"robots_default":true,"robots_noindex":false,"robots_noarchive":false,"robots_nosnippet":false,"robots_nofollow":false,"robots_noimageindex":false,"robots_noodp":false,"robots_notranslate":false,"robots_max_snippet":"-1","robots_max_videopreview":"-1","robots_max_imagepreview":"large","priority":null,"frequency":"default","location":null,"local_seo":null,"seo_analyzer_scan_date":"2025-09-03 11:13:00","breadcrumb_settings":null,"limit_modified_date":false,"reviewed_by":null,"open_ai":"{\"title\":{\"suggestions\":[],\"usage\":0},\"description\":{\"suggestions\":[],\"usage\":0}}","ai":null,"created":"2025-04-02 01:56:08","updated":"2025-09-03 11:13:00"},"aioseo_breadcrumb":"<div class=\"aioseo-breadcrumbs\"><span class=\"aioseo-breadcrumb\">\n\t<a href=\"https:\/\/candas365.es\/noticias\" title=\"Home\">Home<\/a>\n<\/span><span class=\"aioseo-breadcrumb-separator\">&ndash;<\/span><span class=\"aioseo-breadcrumb\">\n\t<a href=\"https:\/\/candas365.es\/noticias\/category\/economia\/\" title=\"Econom\u00eda\">Econom\u00eda<\/a>\n<\/span><span class=\"aioseo-breadcrumb-separator\">&ndash;<\/span><span class=\"aioseo-breadcrumb\">\n\tTecnolog\u00eda: \u00d3scar L\u00f3pez defiende que \u00abEuropa invierta en Europa\u00bb\n<\/span><\/div>","aioseo_breadcrumb_json":[{"label":"Home","link":"https:\/\/candas365.es\/noticias"},{"label":"Econom\u00eda","link":"https:\/\/candas365.es\/noticias\/category\/economia\/"},{"label":"Tecnolog\u00eda: \u00d3scar L\u00f3pez defiende que \u00abEuropa invierta en Europa\u00bb","link":"https:\/\/candas365.es\/noticias\/tecnologia-oscar-lopez-defiende-que-europa-invierta-en-europa\/"}],"_links":{"self":[{"href":"https:\/\/candas365.es\/noticias\/wp-json\/wp\/v2\/posts\/185695","targetHints":{"allow":["GET"]}}],"collection":[{"href":"https:\/\/candas365.es\/noticias\/wp-json\/wp\/v2\/posts"}],"about":[{"href":"https:\/\/candas365.es\/noticias\/wp-json\/wp\/v2\/types\/post"}],"author":[{"embeddable":true,"href":"https:\/\/candas365.es\/noticias\/wp-json\/wp\/v2\/users\/1"}],"replies":[{"embeddable":true,"href":"https:\/\/candas365.es\/noticias\/wp-json\/wp\/v2\/comments?post=185695"}],"version-history":[{"count":0,"href":"https:\/\/candas365.es\/noticias\/wp-json\/wp\/v2\/posts\/185695\/revisions"}],"wp:featuredmedia":[{"embeddable":true,"href":"https:\/\/candas365.es\/noticias\/wp-json\/wp\/v2\/media\/185696"}],"wp:attachment":[{"href":"https:\/\/candas365.es\/noticias\/wp-json\/wp\/v2\/media?parent=185695"}],"wp:term":[{"taxonomy":"category","embeddable":true,"href":"https:\/\/candas365.es\/noticias\/wp-json\/wp\/v2\/categories?post=185695"},{"taxonomy":"post_tag","embeddable":true,"href":"https:\/\/candas365.es\/noticias\/wp-json\/wp\/v2\/tags?post=185695"}],"curies":[{"name":"wp","href":"https:\/\/api.w.org\/{rel}","templated":true}]}}