{"id":185688,"date":"2025-04-02T03:43:02","date_gmt":"2025-04-02T01:43:02","guid":{"rendered":"https:\/\/candas365.es\/noticias\/?p=185688"},"modified":"2025-04-02T03:43:02","modified_gmt":"2025-04-02T01:43:02","slug":"greenpeace-la-economia-espanola-esta-dopada-con-subvenciones-nocivas","status":"publish","type":"post","link":"https:\/\/candas365.es\/noticias\/greenpeace-la-economia-espanola-esta-dopada-con-subvenciones-nocivas\/","title":{"rendered":"Greenpeace: La econom\u00eda espa\u00f1ola est\u00e1 \u00abdopada\u00bb con \u00absubvenciones nocivas\u00bb"},"content":{"rendered":"<p>La <a href=\"https:\/\/candas365.es\/noticias\/category\/economia\/\"><span style=\"color: #ff6600;\"><strong>econom\u00eda espa\u00f1ola<\/strong><\/span><\/a> est\u00e1 \u201cdopada\u201d con \u201csubvenciones nocivas\u201d de dinero p\u00fablico para el medio ambiente que el a\u00f1o pasado alcanzaron los 23.330 millones de euros.<\/p>\n<figure id=\"attachment_185689\" aria-describedby=\"caption-attachment-185689\" style=\"width: 650px\" class=\"wp-caption aligncenter\"><img fetchpriority=\"high\" decoding=\"async\" class=\"size-large wp-image-185689\" src=\"https:\/\/candas365.es\/noticias\/wp-content\/uploads\/2025\/04\/Greenpeace-sobre-la-economia-espanola-650x391.jpg\" alt=\"Greenpeace sobre la econom\u00eda espa\u00f1ola \" width=\"650\" height=\"391\" srcset=\"https:\/\/candas365.es\/noticias\/wp-content\/uploads\/2025\/04\/Greenpeace-sobre-la-economia-espanola-650x391.jpg 650w, https:\/\/candas365.es\/noticias\/wp-content\/uploads\/2025\/04\/Greenpeace-sobre-la-economia-espanola-360x217.jpg 360w, https:\/\/candas365.es\/noticias\/wp-content\/uploads\/2025\/04\/Greenpeace-sobre-la-economia-espanola-768x462.jpg 768w, https:\/\/candas365.es\/noticias\/wp-content\/uploads\/2025\/04\/Greenpeace-sobre-la-economia-espanola-150x90.jpg 150w, https:\/\/candas365.es\/noticias\/wp-content\/uploads\/2025\/04\/Greenpeace-sobre-la-economia-espanola-450x271.jpg 450w, https:\/\/candas365.es\/noticias\/wp-content\/uploads\/2025\/04\/Greenpeace-sobre-la-economia-espanola.jpg 1005w\" sizes=\"(max-width: 650px) 100vw, 650px\" \/><figcaption id=\"caption-attachment-185689\" class=\"wp-caption-text\">Activistas de Greenpeace despliegan una pancarta con el mensaje &#8216;No m\u00e1s dinero p\u00fablico a empresas contaminantes&#8217; | Foto de Greenpeace<\/figcaption><\/figure>\n<p>As\u00ed se desprende del estudio \u2018<strong>De subvenciones t\u00f3xicas a inversiones responsables. C\u00f3mo poner el dinero p\u00fablico al servicio del bienestar<\/strong>\u2019, encargado por Greenpeace a la consultora Metroecon\u00f3mica y difundido el pasado jueves.<\/p>\n<p>Ese estudio pionero analiz\u00f3 27.100 millones de euros en ayudas p\u00fablicas en 2024, de los que el 86% fueron dirigidos a actividades \u201ct\u00f3xicas\u201d porque, seg\u00fan Greenpeace, \u201cagravan la crisis econ\u00f3mica y de biodiversidad, y no resuelven los problemas de desigualdad\u201d, lejos de impulsar la transici\u00f3n ecol\u00f3gica<\/p>\n<blockquote><p>El an\u00e1lisis se centra en los sectores agrario, transporte y energ\u00eda en los hogares, por ser sectores responsables del 50% de las emisiones y claves para la transici\u00f3n ecol\u00f3gica.<\/p><\/blockquote>\n<p>El sector agrario concentra la mayor cantidad de subvenciones analizadas, con 12.805 millones de euros (un 47,3% del total), seguido del transporte (10.293 millones, un 38%) y el de consumo energ\u00e9tico de vivienda (3.998 millones, un 14,8%).<\/p>\n<p>El an\u00e1lisis medioambiental desvela que las subvenciones da\u00f1inas (\u201cmarrones y naranjas\u201d) son las mayoritarias en la econom\u00eda espa\u00f1ola, frente a las subvenciones \u201cverdes\u201d.<\/p>\n<h2>\u201cDOPAJE F\u00d3SIL\u201d<\/h2>\n<p>Por otro lado, Greenpeace indica que el \u201cdopaje f\u00f3sil\u201d se intensific\u00f3 tras la pandemia de la covid-19 y la crisis energ\u00e9tica derivada de la invasi\u00f3n rusa en Ucrania, siguiendo la tendencia de la UE y otros pa\u00edses. Esta situaci\u00f3n genera unos costes totales, incluidos los impactos ambientales, que en Espa\u00f1a equivalen a un 2% del PIB, seg\u00fan el Fondo Monetario Internacional (FMI).<\/p>\n<p>\u201cEliminar las subvenciones t\u00f3xicas permitir\u00eda duplicar los recursos para una acci\u00f3n clim\u00e1tica justa. Sin embargo, seguimos destinando ese dinero a sostener la dependencia de combustibles f\u00f3siles. Si esto sucede es porque el dinero p\u00fablico se utiliza para atar a los hogares y pymes a los negocios sucios dominados por un pu\u00f1ado de empresas y oligarqu\u00edas en vez de fomentar su participaci\u00f3n plena de los beneficios de la transici\u00f3n ecol\u00f3gica\u201d, seg\u00fan Carlos Garc\u00eda Paret, coordinador de Incidencia Pol\u00edtica de Greenpeace.<\/p>\n<p>Por otro lado, el informe se\u00f1ala que las ayudas al sector agrario arrojan \u201cel peor balance ambiental y social\u201d de los sectores analizados, con la Pol\u00edtica Agraria Com\u00fan (PAC) como principal responsable al aportar 7.344 millones al a\u00f1o en ayudas y ser \u201cda\u00f1ina con el medio ambiente y enormemente regresiva\u201d porque un peque\u00f1o agricultor (con menos de cinco hect\u00e1reas) recibe 76 veces menos recursos que uno grande (m\u00e1s de 250 hect\u00e1reas).<\/p>\n<p>El documento indica que se destinan m\u00e1s ayudas al gas\u00f3leo que al veh\u00edculo el\u00e9ctrico, que la inversi\u00f3n en renovaci\u00f3n de viviendas es seis veces menor de lo necesario y que muchas ayudas justificadas por su impacto social benefician m\u00e1s a rentas altas y grandes empresas.<\/p>\n<p>\u201cFrente a la doctrina de la motosierra, la evasi\u00f3n fiscal de grandes fortunas y el despilfarro militar, la mejor forma de defender el dinero p\u00fablico es invertirlo responsablemente. Debemos mantener el foco del esfuerzo p\u00fablico en garantizar el bienestar de las personas, evitar los da\u00f1os catastr\u00f3ficos del cambio clim\u00e1tico y protegernos de la inestabilidad econ\u00f3mica y pol\u00edtica de los combustibles f\u00f3siles\u201d, concluye Paret.<\/p>\n<p>(<a href=\"https:\/\/www.servimedia.es\/\" target=\"_blank\" rel=\"noopener\"><span style=\"color: #ff6600;\"><strong>SERVIMEDIA<\/strong><\/span><\/a>)<\/p>\n","protected":false},"excerpt":{"rendered":"<p>La econom\u00eda espa\u00f1ola est\u00e1 \u201cdopada\u201d con \u201csubvenciones nocivas\u201d de dinero p\u00fablico para el medio ambiente que el a\u00f1o pasado alcanzaron los 23.330 millones de euros. As\u00ed se desprende del estudio \u2018De subvenciones t\u00f3xicas a inversiones responsables. C\u00f3mo poner el dinero p\u00fablico al servicio del bienestar\u2019, encargado por Greenpeace a la consultora Metroecon\u00f3mica y difundido el<\/p>\n","protected":false},"author":1,"featured_media":185689,"comment_status":"closed","ping_status":"closed","sticky":false,"template":"","format":"standard","meta":{"footnotes":""},"categories":[486],"tags":[437],"class_list":{"0":"post-185688","1":"post","2":"type-post","3":"status-publish","4":"format-standard","5":"has-post-thumbnail","7":"category-economia","8":"tag-economia"},"aioseo_notices":[],"aioseo_head":"\n\t\t<!-- All in One SEO Pro 4.9.6.2 - aioseo.com -->\n\t<meta name=\"description\" content=\"La econom\u00eda espa\u00f1ola est\u00e1 \u201cdopada\u201d con \u201csubvenciones nocivas\u201d de dinero p\u00fablico para el medio ambiente que el a\u00f1o pasado alcanzaron los 23.330 millones\" \/>\n\t<meta name=\"robots\" content=\"max-image-preview:large\" \/>\n\t<meta name=\"author\" content=\"Cand\u00e1s 365\"\/>\n\t<meta name=\"google-site-verification\" content=\"UA-32230408-1\" \/>\n\t<meta name=\"msvalidate.01\" content=\"354F3CDFB2DA171B47FBE9ABF1F88D5\" \/>\n\t<meta name=\"keywords\" content=\"econom\u00eda\" \/>\n\t<link rel=\"canonical\" href=\"https:\/\/candas365.es\/noticias\/greenpeace-la-economia-espanola-esta-dopada-con-subvenciones-nocivas\/\" \/>\n\t<meta name=\"generator\" content=\"All in One SEO Pro (AIOSEO) 4.9.6.2\" \/>\n\t\t<meta property=\"og:locale\" content=\"es_ES\" \/>\n\t\t<meta property=\"og:site_name\" content=\"Cand\u00e1s 365\" \/>\n\t\t<meta property=\"og:type\" content=\"article\" \/>\n\t\t<meta property=\"og:title\" content=\"Greenpeace: La econom\u00eda espa\u00f1ola est\u00e1 \u00abdopada\u00bb con \u00absubvenciones nocivas\u00bb | Cand\u00e1s 365\" \/>\n\t\t<meta property=\"og:description\" content=\"La econom\u00eda espa\u00f1ola est\u00e1 \u201cdopada\u201d con \u201csubvenciones nocivas\u201d de dinero p\u00fablico para el medio ambiente que el a\u00f1o pasado alcanzaron los 23.330 millones\" \/>\n\t\t<meta property=\"og:url\" content=\"https:\/\/candas365.es\/noticias\/greenpeace-la-economia-espanola-esta-dopada-con-subvenciones-nocivas\/\" \/>\n\t\t<meta property=\"og:image\" content=\"https:\/\/candas365.es\/noticias\/wp-content\/uploads\/2025\/04\/Greenpeace-sobre-la-economia-espanola.jpg\" \/>\n\t\t<meta property=\"og:image:secure_url\" content=\"https:\/\/candas365.es\/noticias\/wp-content\/uploads\/2025\/04\/Greenpeace-sobre-la-economia-espanola.jpg\" \/>\n\t\t<meta property=\"og:image:width\" content=\"1005\" \/>\n\t\t<meta property=\"og:image:height\" content=\"605\" \/>\n\t\t<meta property=\"article:published_time\" content=\"2025-04-02T01:43:02+00:00\" \/>\n\t\t<meta property=\"article:modified_time\" content=\"2025-04-02T01:43:02+00:00\" \/>\n\t\t<meta property=\"article:publisher\" content=\"https:\/\/www.facebook.com\/Nachofdezber\" \/>\n\t\t<meta property=\"article:author\" content=\"https:\/\/www.facebook.com\/carrenoactualidad\" \/>\n\t\t<meta name=\"twitter:card\" content=\"summary_large_image\" \/>\n\t\t<meta name=\"twitter:site\" content=\"@NabercoDigital\" \/>\n\t\t<meta name=\"twitter:title\" content=\"Greenpeace: La econom\u00eda espa\u00f1ola est\u00e1 \u00abdopada\u00bb con \u00absubvenciones nocivas\u00bb | Cand\u00e1s 365\" \/>\n\t\t<meta name=\"twitter:description\" content=\"La econom\u00eda espa\u00f1ola est\u00e1 \u201cdopada\u201d con \u201csubvenciones nocivas\u201d de dinero p\u00fablico para el medio ambiente que el a\u00f1o pasado alcanzaron los 23.330 millones\" \/>\n\t\t<meta name=\"twitter:creator\" content=\"@nbasturias\" \/>\n\t\t<meta name=\"twitter:image\" content=\"https:\/\/candas365.es\/noticias\/wp-content\/uploads\/2025\/04\/Greenpeace-sobre-la-economia-espanola.jpg\" \/>\n\t\t<meta name=\"twitter:label1\" content=\"Escrito por\" \/>\n\t\t<meta name=\"twitter:data1\" content=\"Cand\u00e1s 365\" \/>\n\t\t<meta name=\"twitter:label2\" content=\"Tiempo de lectura estimado\" \/>\n\t\t<meta name=\"twitter:data2\" content=\"3 minutos\" \/>\n\t\t<script type=\"application\/ld+json\" class=\"aioseo-schema\">\n\t\t\t{\"@context\":\"https:\\\/\\\/schema.org\",\"@graph\":[{\"@type\":\"BreadcrumbList\",\"@id\":\"https:\\\/\\\/candas365.es\\\/noticias\\\/greenpeace-la-economia-espanola-esta-dopada-con-subvenciones-nocivas\\\/#breadcrumblist\",\"itemListElement\":[{\"@type\":\"ListItem\",\"@id\":\"https:\\\/\\\/candas365.es\\\/noticias#listItem\",\"position\":1,\"name\":\"Home\",\"item\":\"https:\\\/\\\/candas365.es\\\/noticias\",\"nextItem\":{\"@type\":\"ListItem\",\"@id\":\"https:\\\/\\\/candas365.es\\\/noticias\\\/category\\\/economia\\\/#listItem\",\"name\":\"Econom\\u00eda\"}},{\"@type\":\"ListItem\",\"@id\":\"https:\\\/\\\/candas365.es\\\/noticias\\\/category\\\/economia\\\/#listItem\",\"position\":2,\"name\":\"Econom\\u00eda\",\"item\":\"https:\\\/\\\/candas365.es\\\/noticias\\\/category\\\/economia\\\/\",\"nextItem\":{\"@type\":\"ListItem\",\"@id\":\"https:\\\/\\\/candas365.es\\\/noticias\\\/greenpeace-la-economia-espanola-esta-dopada-con-subvenciones-nocivas\\\/#listItem\",\"name\":\"Greenpeace: La econom\\u00eda espa\\u00f1ola est\\u00e1 \\u00abdopada\\u00bb con \\u00absubvenciones nocivas\\u00bb\"},\"previousItem\":{\"@type\":\"ListItem\",\"@id\":\"https:\\\/\\\/candas365.es\\\/noticias#listItem\",\"name\":\"Home\"}},{\"@type\":\"ListItem\",\"@id\":\"https:\\\/\\\/candas365.es\\\/noticias\\\/greenpeace-la-economia-espanola-esta-dopada-con-subvenciones-nocivas\\\/#listItem\",\"position\":3,\"name\":\"Greenpeace: La econom\\u00eda espa\\u00f1ola est\\u00e1 \\u00abdopada\\u00bb con \\u00absubvenciones nocivas\\u00bb\",\"previousItem\":{\"@type\":\"ListItem\",\"@id\":\"https:\\\/\\\/candas365.es\\\/noticias\\\/category\\\/economia\\\/#listItem\",\"name\":\"Econom\\u00eda\"}}]},{\"@type\":\"NewsArticle\",\"@id\":\"https:\\\/\\\/candas365.es\\\/noticias\\\/greenpeace-la-economia-espanola-esta-dopada-con-subvenciones-nocivas\\\/#newsarticle\",\"name\":\"Greenpeace: La econom\\u00eda espa\\u00f1ola est\\u00e1 \\u00abdopada\\u00bb con \\u00absubvenciones nocivas\\u00bb | Cand\\u00e1s 365\",\"headline\":\"Greenpeace: La econom\\u00eda espa\\u00f1ola est\\u00e1 \\u00abdopada\\u00bb con \\u00absubvenciones nocivas\\u00bb\",\"author\":{\"@id\":\"https:\\\/\\\/candas365.es\\\/noticias\\\/author\\\/admin\\\/#author\"},\"publisher\":{\"@id\":\"https:\\\/\\\/candas365.es\\\/noticias\\\/#organization\"},\"image\":{\"@type\":\"ImageObject\",\"url\":\"https:\\\/\\\/candas365.es\\\/noticias\\\/wp-content\\\/uploads\\\/2025\\\/04\\\/Greenpeace-sobre-la-economia-espanola.jpg\",\"width\":1005,\"height\":605,\"caption\":\"Activistas de Greenpeace despliegan una pancarta con el mensaje 'No m\\u00e1s dinero p\\u00fablico a empresas contaminantes' | Foto de Greenpeace\"},\"datePublished\":\"2025-04-02T03:43:02+02:00\",\"dateModified\":\"2025-04-02T03:43:02+02:00\",\"inLanguage\":\"es-ES\",\"mainEntityOfPage\":{\"@id\":\"https:\\\/\\\/candas365.es\\\/noticias\\\/greenpeace-la-economia-espanola-esta-dopada-con-subvenciones-nocivas\\\/#webpage\"},\"isPartOf\":{\"@id\":\"https:\\\/\\\/candas365.es\\\/noticias\\\/greenpeace-la-economia-espanola-esta-dopada-con-subvenciones-nocivas\\\/#webpage\"},\"articleSection\":\"Econom\\u00eda, Econom\\u00eda\",\"dateline\":\"Publicado el abril 2, 2025.\"},{\"@type\":\"Organization\",\"@id\":\"https:\\\/\\\/candas365.es\\\/noticias\\\/#organization\",\"name\":\"Cand\\u00e1s 365\",\"description\":\"Cand\\u00e1s 365 es un diario digital independiente, fundado en 2012, con base en Asturias. Informamos con rigor sobre actualidad, sociedad, cultura y ocio, con una mirada local y global.\",\"url\":\"https:\\\/\\\/candas365.es\\\/noticias\\\/\",\"email\":\"info@candas365.es\",\"telephone\":\"+34652131393\",\"foundingDate\":\"2012-06-10\",\"logo\":{\"@type\":\"ImageObject\",\"url\":\"https:\\\/\\\/candas365.es\\\/noticias\\\/wp-content\\\/uploads\\\/2024\\\/09\\\/Candas-365-Redes.jpg\",\"@id\":\"https:\\\/\\\/candas365.es\\\/noticias\\\/greenpeace-la-economia-espanola-esta-dopada-con-subvenciones-nocivas\\\/#organizationLogo\",\"width\":1152,\"height\":864,\"caption\":\"Cand\\u00e1s 365 Redes\"},\"image\":{\"@id\":\"https:\\\/\\\/candas365.es\\\/noticias\\\/greenpeace-la-economia-espanola-esta-dopada-con-subvenciones-nocivas\\\/#organizationLogo\"},\"sameAs\":[\"https:\\\/\\\/www.facebook.com\\\/Nachofdezber\",\"https:\\\/\\\/x.com\\\/NabercoDigital\",\"https:\\\/\\\/www.instagram.com\\\/nachofdezber\\\/\",\"https:\\\/\\\/www.youtube.com\\\/channel\\\/UCZP-2wLEB9Rv6erhFmqVnvg\"],\"address\":{\"@id\":\"https:\\\/\\\/candas365.es\\\/noticias\\\/#postaladdress\",\"@type\":\"PostalAddress\",\"streetAddress\":\"san antonio 4, san antonio 4\",\"postalCode\":\"33430\",\"addressLocality\":\"Cand\\u00e1s\",\"addressRegion\":\"Asturias\",\"addressCountry\":\"ES\"}},{\"@type\":\"Person\",\"@id\":\"https:\\\/\\\/candas365.es\\\/noticias\\\/author\\\/admin\\\/#author\",\"url\":\"https:\\\/\\\/candas365.es\\\/noticias\\\/author\\\/admin\\\/\",\"name\":\"Cand\\u00e1s 365\",\"image\":{\"@type\":\"ImageObject\",\"@id\":\"https:\\\/\\\/candas365.es\\\/noticias\\\/greenpeace-la-economia-espanola-esta-dopada-con-subvenciones-nocivas\\\/#authorImage\",\"url\":\"https:\\\/\\\/secure.gravatar.com\\\/avatar\\\/496a8e03d0c493ede1718b7934145dbdf8d89be1036b0eec9544e1094c9de390?s=96&d=mm&r=g\",\"width\":96,\"height\":96,\"caption\":\"Cand\\u00e1s 365\"},\"sameAs\":[\"https:\\\/\\\/www.facebook.com\\\/carrenoactualidad\",\"https:\\\/\\\/twitter.com\\\/nbasturias\",\"https:\\\/\\\/www.instagram.com\\\/nachofdezber\\\/\",\"https:\\\/\\\/www.youtube.com\\\/channel\\\/UCZP-2wLEB9Rv6erhFmqVnvg\"]},{\"@type\":\"WebPage\",\"@id\":\"https:\\\/\\\/candas365.es\\\/noticias\\\/greenpeace-la-economia-espanola-esta-dopada-con-subvenciones-nocivas\\\/#webpage\",\"url\":\"https:\\\/\\\/candas365.es\\\/noticias\\\/greenpeace-la-economia-espanola-esta-dopada-con-subvenciones-nocivas\\\/\",\"name\":\"Greenpeace: La econom\\u00eda espa\\u00f1ola est\\u00e1 \\u00abdopada\\u00bb con \\u00absubvenciones nocivas\\u00bb | Cand\\u00e1s 365\",\"description\":\"La econom\\u00eda espa\\u00f1ola est\\u00e1 \\u201cdopada\\u201d con \\u201csubvenciones nocivas\\u201d de dinero p\\u00fablico para el medio ambiente que el a\\u00f1o pasado alcanzaron los 23.330 millones\",\"inLanguage\":\"es-ES\",\"isPartOf\":{\"@id\":\"https:\\\/\\\/candas365.es\\\/noticias\\\/#website\"},\"breadcrumb\":{\"@id\":\"https:\\\/\\\/candas365.es\\\/noticias\\\/greenpeace-la-economia-espanola-esta-dopada-con-subvenciones-nocivas\\\/#breadcrumblist\"},\"author\":{\"@id\":\"https:\\\/\\\/candas365.es\\\/noticias\\\/author\\\/admin\\\/#author\"},\"creator\":{\"@id\":\"https:\\\/\\\/candas365.es\\\/noticias\\\/author\\\/admin\\\/#author\"},\"image\":{\"@type\":\"ImageObject\",\"url\":\"https:\\\/\\\/candas365.es\\\/noticias\\\/wp-content\\\/uploads\\\/2025\\\/04\\\/Greenpeace-sobre-la-economia-espanola.jpg\",\"@id\":\"https:\\\/\\\/candas365.es\\\/noticias\\\/greenpeace-la-economia-espanola-esta-dopada-con-subvenciones-nocivas\\\/#mainImage\",\"width\":1005,\"height\":605,\"caption\":\"Activistas de Greenpeace despliegan una pancarta con el mensaje 'No m\\u00e1s dinero p\\u00fablico a empresas contaminantes' | Foto de Greenpeace\"},\"primaryImageOfPage\":{\"@id\":\"https:\\\/\\\/candas365.es\\\/noticias\\\/greenpeace-la-economia-espanola-esta-dopada-con-subvenciones-nocivas\\\/#mainImage\"},\"datePublished\":\"2025-04-02T03:43:02+02:00\",\"dateModified\":\"2025-04-02T03:43:02+02:00\"},{\"@type\":\"WebSite\",\"@id\":\"https:\\\/\\\/candas365.es\\\/noticias\\\/#website\",\"url\":\"https:\\\/\\\/candas365.es\\\/noticias\\\/\",\"name\":\"Cand\\u00e1s 365\",\"alternateName\":\"Cand\\u00e1s 365 Noticias\",\"description\":\"Actualidad desde Carre\\u00f1o para el mundo\",\"inLanguage\":\"es-ES\",\"publisher\":{\"@id\":\"https:\\\/\\\/candas365.es\\\/noticias\\\/#organization\"}}]}\n\t\t<\/script>\n\t\t<!-- All in One SEO Pro -->\r\n\t\t<title>Greenpeace: La econom\u00eda espa\u00f1ola est\u00e1 \u00abdopada\u00bb con \u00absubvenciones nocivas\u00bb | Cand\u00e1s 365<\/title>\n\n","aioseo_head_json":{"title":"Greenpeace: La econom\u00eda espa\u00f1ola est\u00e1 \u00abdopada\u00bb con \u00absubvenciones nocivas\u00bb | Cand\u00e1s 365","description":"La econom\u00eda espa\u00f1ola est\u00e1 \u201cdopada\u201d con \u201csubvenciones nocivas\u201d de dinero p\u00fablico para el medio ambiente que el a\u00f1o pasado alcanzaron los 23.330 millones","canonical_url":"https:\/\/candas365.es\/noticias\/greenpeace-la-economia-espanola-esta-dopada-con-subvenciones-nocivas\/","robots":"max-image-preview:large","keywords":"econom\u00eda","webmasterTools":{"google-site-verification":"UA-32230408-1","msvalidate.01":"354F3CDFB2DA171B47FBE9ABF1F88D5","miscellaneous":""},"schema":{"@context":"https:\/\/schema.org","@graph":[{"@type":"BreadcrumbList","@id":"https:\/\/candas365.es\/noticias\/greenpeace-la-economia-espanola-esta-dopada-con-subvenciones-nocivas\/#breadcrumblist","itemListElement":[{"@type":"ListItem","@id":"https:\/\/candas365.es\/noticias#listItem","position":1,"name":"Home","item":"https:\/\/candas365.es\/noticias","nextItem":{"@type":"ListItem","@id":"https:\/\/candas365.es\/noticias\/category\/economia\/#listItem","name":"Econom\u00eda"}},{"@type":"ListItem","@id":"https:\/\/candas365.es\/noticias\/category\/economia\/#listItem","position":2,"name":"Econom\u00eda","item":"https:\/\/candas365.es\/noticias\/category\/economia\/","nextItem":{"@type":"ListItem","@id":"https:\/\/candas365.es\/noticias\/greenpeace-la-economia-espanola-esta-dopada-con-subvenciones-nocivas\/#listItem","name":"Greenpeace: La econom\u00eda espa\u00f1ola est\u00e1 \u00abdopada\u00bb con \u00absubvenciones nocivas\u00bb"},"previousItem":{"@type":"ListItem","@id":"https:\/\/candas365.es\/noticias#listItem","name":"Home"}},{"@type":"ListItem","@id":"https:\/\/candas365.es\/noticias\/greenpeace-la-economia-espanola-esta-dopada-con-subvenciones-nocivas\/#listItem","position":3,"name":"Greenpeace: La econom\u00eda espa\u00f1ola est\u00e1 \u00abdopada\u00bb con \u00absubvenciones nocivas\u00bb","previousItem":{"@type":"ListItem","@id":"https:\/\/candas365.es\/noticias\/category\/economia\/#listItem","name":"Econom\u00eda"}}]},{"@type":"NewsArticle","@id":"https:\/\/candas365.es\/noticias\/greenpeace-la-economia-espanola-esta-dopada-con-subvenciones-nocivas\/#newsarticle","name":"Greenpeace: La econom\u00eda espa\u00f1ola est\u00e1 \u00abdopada\u00bb con \u00absubvenciones nocivas\u00bb | Cand\u00e1s 365","headline":"Greenpeace: La econom\u00eda espa\u00f1ola est\u00e1 \u00abdopada\u00bb con \u00absubvenciones nocivas\u00bb","author":{"@id":"https:\/\/candas365.es\/noticias\/author\/admin\/#author"},"publisher":{"@id":"https:\/\/candas365.es\/noticias\/#organization"},"image":{"@type":"ImageObject","url":"https:\/\/candas365.es\/noticias\/wp-content\/uploads\/2025\/04\/Greenpeace-sobre-la-economia-espanola.jpg","width":1005,"height":605,"caption":"Activistas de Greenpeace despliegan una pancarta con el mensaje 'No m\u00e1s dinero p\u00fablico a empresas contaminantes' | Foto de Greenpeace"},"datePublished":"2025-04-02T03:43:02+02:00","dateModified":"2025-04-02T03:43:02+02:00","inLanguage":"es-ES","mainEntityOfPage":{"@id":"https:\/\/candas365.es\/noticias\/greenpeace-la-economia-espanola-esta-dopada-con-subvenciones-nocivas\/#webpage"},"isPartOf":{"@id":"https:\/\/candas365.es\/noticias\/greenpeace-la-economia-espanola-esta-dopada-con-subvenciones-nocivas\/#webpage"},"articleSection":"Econom\u00eda, Econom\u00eda","dateline":"Publicado el abril 2, 2025."},{"@type":"Organization","@id":"https:\/\/candas365.es\/noticias\/#organization","name":"Cand\u00e1s 365","description":"Cand\u00e1s 365 es un diario digital independiente, fundado en 2012, con base en Asturias. Informamos con rigor sobre actualidad, sociedad, cultura y ocio, con una mirada local y global.","url":"https:\/\/candas365.es\/noticias\/","email":"info@candas365.es","telephone":"+34652131393","foundingDate":"2012-06-10","logo":{"@type":"ImageObject","url":"https:\/\/candas365.es\/noticias\/wp-content\/uploads\/2024\/09\/Candas-365-Redes.jpg","@id":"https:\/\/candas365.es\/noticias\/greenpeace-la-economia-espanola-esta-dopada-con-subvenciones-nocivas\/#organizationLogo","width":1152,"height":864,"caption":"Cand\u00e1s 365 Redes"},"image":{"@id":"https:\/\/candas365.es\/noticias\/greenpeace-la-economia-espanola-esta-dopada-con-subvenciones-nocivas\/#organizationLogo"},"sameAs":["https:\/\/www.facebook.com\/Nachofdezber","https:\/\/x.com\/NabercoDigital","https:\/\/www.instagram.com\/nachofdezber\/","https:\/\/www.youtube.com\/channel\/UCZP-2wLEB9Rv6erhFmqVnvg"],"address":{"@id":"https:\/\/candas365.es\/noticias\/#postaladdress","@type":"PostalAddress","streetAddress":"san antonio 4, san antonio 4","postalCode":"33430","addressLocality":"Cand\u00e1s","addressRegion":"Asturias","addressCountry":"ES"}},{"@type":"Person","@id":"https:\/\/candas365.es\/noticias\/author\/admin\/#author","url":"https:\/\/candas365.es\/noticias\/author\/admin\/","name":"Cand\u00e1s 365","image":{"@type":"ImageObject","@id":"https:\/\/candas365.es\/noticias\/greenpeace-la-economia-espanola-esta-dopada-con-subvenciones-nocivas\/#authorImage","url":"https:\/\/secure.gravatar.com\/avatar\/496a8e03d0c493ede1718b7934145dbdf8d89be1036b0eec9544e1094c9de390?s=96&d=mm&r=g","width":96,"height":96,"caption":"Cand\u00e1s 365"},"sameAs":["https:\/\/www.facebook.com\/carrenoactualidad","https:\/\/twitter.com\/nbasturias","https:\/\/www.instagram.com\/nachofdezber\/","https:\/\/www.youtube.com\/channel\/UCZP-2wLEB9Rv6erhFmqVnvg"]},{"@type":"WebPage","@id":"https:\/\/candas365.es\/noticias\/greenpeace-la-economia-espanola-esta-dopada-con-subvenciones-nocivas\/#webpage","url":"https:\/\/candas365.es\/noticias\/greenpeace-la-economia-espanola-esta-dopada-con-subvenciones-nocivas\/","name":"Greenpeace: La econom\u00eda espa\u00f1ola est\u00e1 \u00abdopada\u00bb con \u00absubvenciones nocivas\u00bb | Cand\u00e1s 365","description":"La econom\u00eda espa\u00f1ola est\u00e1 \u201cdopada\u201d con \u201csubvenciones nocivas\u201d de dinero p\u00fablico para el medio ambiente que el a\u00f1o pasado alcanzaron los 23.330 millones","inLanguage":"es-ES","isPartOf":{"@id":"https:\/\/candas365.es\/noticias\/#website"},"breadcrumb":{"@id":"https:\/\/candas365.es\/noticias\/greenpeace-la-economia-espanola-esta-dopada-con-subvenciones-nocivas\/#breadcrumblist"},"author":{"@id":"https:\/\/candas365.es\/noticias\/author\/admin\/#author"},"creator":{"@id":"https:\/\/candas365.es\/noticias\/author\/admin\/#author"},"image":{"@type":"ImageObject","url":"https:\/\/candas365.es\/noticias\/wp-content\/uploads\/2025\/04\/Greenpeace-sobre-la-economia-espanola.jpg","@id":"https:\/\/candas365.es\/noticias\/greenpeace-la-economia-espanola-esta-dopada-con-subvenciones-nocivas\/#mainImage","width":1005,"height":605,"caption":"Activistas de Greenpeace despliegan una pancarta con el mensaje 'No m\u00e1s dinero p\u00fablico a empresas contaminantes' | Foto de Greenpeace"},"primaryImageOfPage":{"@id":"https:\/\/candas365.es\/noticias\/greenpeace-la-economia-espanola-esta-dopada-con-subvenciones-nocivas\/#mainImage"},"datePublished":"2025-04-02T03:43:02+02:00","dateModified":"2025-04-02T03:43:02+02:00"},{"@type":"WebSite","@id":"https:\/\/candas365.es\/noticias\/#website","url":"https:\/\/candas365.es\/noticias\/","name":"Cand\u00e1s 365","alternateName":"Cand\u00e1s 365 Noticias","description":"Actualidad desde Carre\u00f1o para el mundo","inLanguage":"es-ES","publisher":{"@id":"https:\/\/candas365.es\/noticias\/#organization"}}]},"og:locale":"es_ES","og:site_name":"Cand\u00e1s 365","og:type":"article","og:title":"Greenpeace: La econom\u00eda espa\u00f1ola est\u00e1 \u00abdopada\u00bb con \u00absubvenciones nocivas\u00bb | Cand\u00e1s 365","og:description":"La econom\u00eda espa\u00f1ola est\u00e1 \u201cdopada\u201d con \u201csubvenciones nocivas\u201d de dinero p\u00fablico para el medio ambiente que el a\u00f1o pasado alcanzaron los 23.330 millones","og:url":"https:\/\/candas365.es\/noticias\/greenpeace-la-economia-espanola-esta-dopada-con-subvenciones-nocivas\/","og:image":"https:\/\/candas365.es\/noticias\/wp-content\/uploads\/2025\/04\/Greenpeace-sobre-la-economia-espanola.jpg","og:image:secure_url":"https:\/\/candas365.es\/noticias\/wp-content\/uploads\/2025\/04\/Greenpeace-sobre-la-economia-espanola.jpg","og:image:width":1005,"og:image:height":605,"article:published_time":"2025-04-02T01:43:02+00:00","article:modified_time":"2025-04-02T01:43:02+00:00","article:publisher":"https:\/\/www.facebook.com\/Nachofdezber","article:author":"https:\/\/www.facebook.com\/carrenoactualidad","twitter:card":"summary_large_image","twitter:site":"@NabercoDigital","twitter:title":"Greenpeace: La econom\u00eda espa\u00f1ola est\u00e1 \u00abdopada\u00bb con \u00absubvenciones nocivas\u00bb | Cand\u00e1s 365","twitter:description":"La econom\u00eda espa\u00f1ola est\u00e1 \u201cdopada\u201d con \u201csubvenciones nocivas\u201d de dinero p\u00fablico para el medio ambiente que el a\u00f1o pasado alcanzaron los 23.330 millones","twitter:creator":"@nbasturias","twitter:image":"https:\/\/candas365.es\/noticias\/wp-content\/uploads\/2025\/04\/Greenpeace-sobre-la-economia-espanola.jpg","twitter:label1":"Escrito por","twitter:data1":"Cand\u00e1s 365","twitter:label2":"Tiempo de lectura estimado","twitter:data2":"3 minutos"},"aioseo_meta_data":{"post_id":"185688","title":null,"description":"La econom\u00eda espa\u00f1ola est\u00e1 \u201cdopada\u201d con \u201csubvenciones nocivas\u201d de dinero p\u00fablico para el medio ambiente que el a\u00f1o pasado alcanzaron los 23.330 millones","keywords":null,"keyphrases":{"focus":{"keyphrase":"econom\u00eda","score":72,"analysis":{"keyphraseInTitle":{"score":9,"maxScore":9,"error":0},"keyphraseInDescription":{"score":9,"maxScore":9,"error":0},"keyphraseLength":{"score":9,"maxScore":9,"error":0,"length":2},"keyphraseInURL":{"score":1,"maxScore":5,"error":1},"keyphraseInIntroduction":{"score":9,"maxScore":9,"error":0},"keyphraseInSubHeadings":{"score":3,"maxScore":9,"error":1},"keyphraseInImageAlt":{"score":9,"maxScore":9,"error":0},"keywordDensity":{"score":0,"type":"low","maxScore":9,"error":1}}},"additional":[{"keyphrase":"econom\u00eda espa\u00f1ola","score":80,"analysis":{"keyphraseInDescription":{"score":9,"maxScore":9,"error":0},"keyphraseLength":{"score":9,"maxScore":9,"error":0,"length":4},"keyphraseInIntroduction":{"score":9,"maxScore":9,"error":0},"keyphraseInImageAlt":{"score":9,"maxScore":9,"error":0},"keywordDensity":{"score":0,"type":"low","maxScore":9,"error":1}}}]},"primary_term":null,"canonical_url":null,"og_title":null,"og_description":null,"og_object_type":"default","og_image_type":"default","og_image_url":null,"og_image_width":null,"og_image_height":null,"og_image_custom_url":null,"og_image_custom_fields":null,"og_video":"","og_custom_url":null,"og_article_section":null,"og_article_tags":null,"twitter_use_og":false,"twitter_card":"default","twitter_image_type":"default","twitter_image_url":null,"twitter_image_custom_url":null,"twitter_image_custom_fields":null,"twitter_title":null,"twitter_description":null,"schema":{"blockGraphs":[],"customGraphs":[],"default":{"data":{"Article":[],"Course":[],"Dataset":[],"FAQPage":[],"Movie":[],"Person":[],"Product":[],"ProductReview":[],"Car":[],"Recipe":[],"Service":[],"SoftwareApplication":[],"WebPage":[]},"graphName":"Article","isEnabled":true},"graphs":[]},"schema_type":"default","schema_type_options":null,"pillar_content":false,"robots_default":true,"robots_noindex":false,"robots_noarchive":false,"robots_nosnippet":false,"robots_nofollow":false,"robots_noimageindex":false,"robots_noodp":false,"robots_notranslate":false,"robots_max_snippet":"-1","robots_max_videopreview":"-1","robots_max_imagepreview":"large","priority":null,"frequency":"default","location":null,"local_seo":null,"seo_analyzer_scan_date":"2025-09-03 11:12:57","breadcrumb_settings":null,"limit_modified_date":false,"reviewed_by":null,"open_ai":"{\"title\":{\"suggestions\":[],\"usage\":0},\"description\":{\"suggestions\":[],\"usage\":0}}","ai":null,"created":"2025-04-02 01:37:26","updated":"2025-09-03 11:12:57"},"aioseo_breadcrumb":"<div class=\"aioseo-breadcrumbs\"><span class=\"aioseo-breadcrumb\">\n\t<a href=\"https:\/\/candas365.es\/noticias\" title=\"Home\">Home<\/a>\n<\/span><span class=\"aioseo-breadcrumb-separator\">&ndash;<\/span><span class=\"aioseo-breadcrumb\">\n\t<a href=\"https:\/\/candas365.es\/noticias\/category\/economia\/\" title=\"Econom\u00eda\">Econom\u00eda<\/a>\n<\/span><span class=\"aioseo-breadcrumb-separator\">&ndash;<\/span><span class=\"aioseo-breadcrumb\">\n\tGreenpeace: La econom\u00eda espa\u00f1ola est\u00e1 \u00abdopada\u00bb con \u00absubvenciones nocivas\u00bb\n<\/span><\/div>","aioseo_breadcrumb_json":[{"label":"Home","link":"https:\/\/candas365.es\/noticias"},{"label":"Econom\u00eda","link":"https:\/\/candas365.es\/noticias\/category\/economia\/"},{"label":"Greenpeace: La econom\u00eda espa\u00f1ola est\u00e1 \u00abdopada\u00bb con \u00absubvenciones nocivas\u00bb","link":"https:\/\/candas365.es\/noticias\/greenpeace-la-economia-espanola-esta-dopada-con-subvenciones-nocivas\/"}],"_links":{"self":[{"href":"https:\/\/candas365.es\/noticias\/wp-json\/wp\/v2\/posts\/185688","targetHints":{"allow":["GET"]}}],"collection":[{"href":"https:\/\/candas365.es\/noticias\/wp-json\/wp\/v2\/posts"}],"about":[{"href":"https:\/\/candas365.es\/noticias\/wp-json\/wp\/v2\/types\/post"}],"author":[{"embeddable":true,"href":"https:\/\/candas365.es\/noticias\/wp-json\/wp\/v2\/users\/1"}],"replies":[{"embeddable":true,"href":"https:\/\/candas365.es\/noticias\/wp-json\/wp\/v2\/comments?post=185688"}],"version-history":[{"count":0,"href":"https:\/\/candas365.es\/noticias\/wp-json\/wp\/v2\/posts\/185688\/revisions"}],"wp:featuredmedia":[{"embeddable":true,"href":"https:\/\/candas365.es\/noticias\/wp-json\/wp\/v2\/media\/185689"}],"wp:attachment":[{"href":"https:\/\/candas365.es\/noticias\/wp-json\/wp\/v2\/media?parent=185688"}],"wp:term":[{"taxonomy":"category","embeddable":true,"href":"https:\/\/candas365.es\/noticias\/wp-json\/wp\/v2\/categories?post=185688"},{"taxonomy":"post_tag","embeddable":true,"href":"https:\/\/candas365.es\/noticias\/wp-json\/wp\/v2\/tags?post=185688"}],"curies":[{"name":"wp","href":"https:\/\/api.w.org\/{rel}","templated":true}]}}