{"id":185637,"date":"2025-03-25T20:46:37","date_gmt":"2025-03-25T19:46:37","guid":{"rendered":"https:\/\/candas365.es\/noticias\/?p=185637"},"modified":"2025-03-25T20:47:47","modified_gmt":"2025-03-25T19:47:47","slug":"las-pymes-de-carreno-podran-optar-a-las-ayudas-del-principado","status":"publish","type":"post","link":"https:\/\/candas365.es\/noticias\/las-pymes-de-carreno-podran-optar-a-las-ayudas-del-principado\/","title":{"rendered":"Las pymes de Carre\u00f1o podr\u00e1n optar a las ayudas del Principado"},"content":{"rendered":"<p>El <strong><span style=\"color: #ff6600;\"><a style=\"color: #ff6600;\" href=\"https:\/\/actualidad.asturias.es\/\" target=\"_blank\" rel=\"noopener\">Gobierno del Principado<\/a><\/span><\/strong> de Asturias ha informado de una nueva l\u00ednea de ayudas, dotada con cuatro millones, para apoyar inversiones de peque\u00f1as y medianas empresas (pymes) orientadas a aumentar su capacidad productiva o diversificar su actividad.<strong> El plazo de presentaci\u00f3n de solicitudes estar\u00e1 abierto hasta el pr\u00f3ximo 9 de mayo.<\/strong><\/p>\n<figure id=\"attachment_185638\" aria-describedby=\"caption-attachment-185638\" style=\"width: 650px\" class=\"wp-caption aligncenter\"><img fetchpriority=\"high\" decoding=\"async\" class=\"size-large wp-image-185638\" src=\"https:\/\/candas365.es\/noticias\/wp-content\/uploads\/2025\/03\/Pymes-Asturias-Carreno-650x429.jpg\" alt=\"Pymes Asturias Carre\u00f1o\" width=\"650\" height=\"429\" srcset=\"https:\/\/candas365.es\/noticias\/wp-content\/uploads\/2025\/03\/Pymes-Asturias-Carreno-650x429.jpg 650w, https:\/\/candas365.es\/noticias\/wp-content\/uploads\/2025\/03\/Pymes-Asturias-Carreno-360x238.jpg 360w, https:\/\/candas365.es\/noticias\/wp-content\/uploads\/2025\/03\/Pymes-Asturias-Carreno-768x507.jpg 768w, https:\/\/candas365.es\/noticias\/wp-content\/uploads\/2025\/03\/Pymes-Asturias-Carreno-150x99.jpg 150w, https:\/\/candas365.es\/noticias\/wp-content\/uploads\/2025\/03\/Pymes-Asturias-Carreno-450x297.jpg 450w, https:\/\/candas365.es\/noticias\/wp-content\/uploads\/2025\/03\/Pymes-Asturias-Carreno.jpg 807w\" sizes=\"(max-width: 650px) 100vw, 650px\" \/><figcaption id=\"caption-attachment-185638\" class=\"wp-caption-text\">Foto: Prensa Gobierno de Asturias<\/figcaption><\/figure>\n<p>Sin duda la medida tambi\u00e9n favorecer\u00e1 a las <a href=\"https:\/\/candas365.es\/noticias\/category\/canal-empresas\/\"><span style=\"color: #ff6600;\"><strong>pymes de Carre\u00f1o<\/strong><\/span><\/a>. Por lo que para todos los interesados les recomendamos informarse <a href=\"https:\/\/tinyurl.com\/y7fp294a\" target=\"_blank\" rel=\"noopener\"><span style=\"color: #ff6600;\"><strong>pulsando aqu\u00ed<\/strong><\/span><\/a>.<\/p>\n<p>La Consejer\u00eda de Transici\u00f3n Ecol\u00f3gica, Industria y Comercio ha puesto en marcha una nueva l\u00ednea de ayudas, dotada con cuatro millones, para apoyar inversiones de peque\u00f1as y medianas empresas (pymes) orientadas a aumentar su capacidad productiva o diversificar su actividad. El plazo de presentaci\u00f3n de solicitudes estar\u00e1 abierto hasta el pr\u00f3ximo 9 de mayo.<\/p>\n<p>Esta convocatoria, gestionada por la Agencia Sekuens, respalda proyectos orientados a la transformaci\u00f3n ecol\u00f3gica de la industria, la creaci\u00f3n y mantenimiento del empleo y la fijaci\u00f3n de poblaci\u00f3n en \u00e1reas en riesgo.<\/p>\n<blockquote><p>La financiaci\u00f3n para esta l\u00ednea de ayudas procede del Fondo de Transici\u00f3n Justa (FTJ) y podr\u00eda ampliarse, en caso necesario, hasta alcanzar los cinco millones.<\/p><\/blockquote>\n<p>A la convocatoria podr\u00e1n acogerse las pymes cuyos proyectos de inversi\u00f3n se desarrollen en Asturias y cumplan alguno de los siguientes objetivos: la creaci\u00f3n de un nuevo establecimiento o la ampliaci\u00f3n de la capacidad de uno ya existente, la diversificaci\u00f3n de la producci\u00f3n o los servicios, la transformaci\u00f3n del proceso de producci\u00f3n o de los productos y la adquisici\u00f3n de activos de establecimientos sin actividad.<\/p>\n<blockquote><p>Las actuaciones para las que se solicite apoyo econ\u00f3mico deber\u00e1n alcanzar una inversi\u00f3n subvencionable comprendida entre los 30.000 y los 2.000.000 de euros.<\/p><\/blockquote>\n<h2>Para la valoraci\u00f3n de las solicitudes se tendr\u00e1n en cuenta los siguientes criterios:<\/h2>\n<ul>\n<li>Localizaci\u00f3n del proyecto: se busca favorecer a aquellos territorios en transici\u00f3n y a los que afrontan mayores retos demogr\u00e1ficos, sociales o econ\u00f3micos.<\/li>\n<li>Creaci\u00f3n de empleo: se valorar\u00e1 la capacidad de mantenimiento y creaci\u00f3n de puestos de trabajo estables vinculados a la inversi\u00f3n. Adem\u00e1s, se dar\u00e1 prioridad a aquellos proyectos que apuesten por la contrataci\u00f3n de mujeres, de j\u00f3venes de 18 a 30 a\u00f1os, de personas mayores de 45, de personas con discapacidad y de personal de industrias afectadas por cierres.<\/li>\n<li>Factores end\u00f3genos: se valorar\u00e1 el uso de materias primas, la subcontrataci\u00f3n o la adquisici\u00f3n de productos y servicios en el entorno geogr\u00e1fico y la integraci\u00f3n en cadenas de valor regionales.<\/li>\n<li>Innovaci\u00f3n tecnol\u00f3gica: se evaluar\u00e1n los aspectos tecnol\u00f3gicos, de incremento de productividad y de innovaci\u00f3n del proceso o producto. Adem\u00e1s, se valorar\u00e1n los proyectos alineados con la Estrategia de Especializaci\u00f3n Inteligente S3 de Asturias.<\/li>\n<li>Impacto clim\u00e1tico y ambiental: se tendr\u00e1 en cuenta el compromiso ambiental de las empresas.<\/li>\n<\/ul>\n<p>Esta es la cuarta l\u00ednea de ayudas a empresas financiada por el Fondo de Transici\u00f3n Justa convocada por la Consejer\u00eda de Transici\u00f3n Justa y por la Agencia Sekuens.<\/p>\n","protected":false},"excerpt":{"rendered":"<p>El Gobierno del Principado de Asturias ha informado de una nueva l\u00ednea de ayudas, dotada con cuatro millones, para apoyar inversiones de peque\u00f1as y medianas empresas (pymes) orientadas a aumentar su capacidad productiva o diversificar su actividad. El plazo de presentaci\u00f3n de solicitudes estar\u00e1 abierto hasta el pr\u00f3ximo 9 de mayo. Sin duda la medida<\/p>\n","protected":false},"author":1,"featured_media":185638,"comment_status":"closed","ping_status":"closed","sticky":false,"template":"","format":"standard","meta":{"footnotes":""},"categories":[2],"tags":[380,366,365,383],"class_list":{"0":"post-185637","1":"post","2":"type-post","3":"status-publish","4":"format-standard","5":"has-post-thumbnail","7":"category-noticias-carreno","8":"tag-asturias","9":"tag-candas","10":"tag-carreno","11":"tag-empresas"},"aioseo_notices":[],"aioseo_head":"\n\t\t<!-- All in One SEO Pro 4.9.6.2 - aioseo.com -->\n\t<meta name=\"description\" content=\"El Gobierno del Principado de Asturias ha informado de una nueva l\u00ednea de ayudas, dotada con cuatro millones, para apoyar inversiones de peque\u00f1as\" \/>\n\t<meta name=\"robots\" content=\"max-image-preview:large\" \/>\n\t<meta name=\"author\" content=\"Cand\u00e1s 365\"\/>\n\t<meta name=\"google-site-verification\" content=\"UA-32230408-1\" \/>\n\t<meta name=\"msvalidate.01\" content=\"354F3CDFB2DA171B47FBE9ABF1F88D5\" \/>\n\t<meta name=\"keywords\" content=\"noticias carre\u00f1o\" \/>\n\t<link rel=\"canonical\" href=\"https:\/\/candas365.es\/noticias\/las-pymes-de-carreno-podran-optar-a-las-ayudas-del-principado\/\" \/>\n\t<meta name=\"generator\" content=\"All in One SEO Pro (AIOSEO) 4.9.6.2\" \/>\n\t\t<meta property=\"og:locale\" content=\"es_ES\" \/>\n\t\t<meta property=\"og:site_name\" content=\"Cand\u00e1s 365\" \/>\n\t\t<meta property=\"og:type\" content=\"article\" \/>\n\t\t<meta property=\"og:title\" content=\"Las pymes de Carre\u00f1o podr\u00e1n optar a las ayudas del Principado | Cand\u00e1s 365\" \/>\n\t\t<meta property=\"og:description\" content=\"El Gobierno del Principado de Asturias ha informado de una nueva l\u00ednea de ayudas, dotada con cuatro millones, para apoyar inversiones de peque\u00f1as\" \/>\n\t\t<meta property=\"og:url\" content=\"https:\/\/candas365.es\/noticias\/las-pymes-de-carreno-podran-optar-a-las-ayudas-del-principado\/\" \/>\n\t\t<meta property=\"og:image\" content=\"https:\/\/candas365.es\/noticias\/wp-content\/uploads\/2025\/03\/Pymes-Asturias-Carreno.jpg\" \/>\n\t\t<meta property=\"og:image:secure_url\" content=\"https:\/\/candas365.es\/noticias\/wp-content\/uploads\/2025\/03\/Pymes-Asturias-Carreno.jpg\" \/>\n\t\t<meta property=\"og:image:width\" content=\"807\" \/>\n\t\t<meta property=\"og:image:height\" content=\"533\" \/>\n\t\t<meta property=\"article:published_time\" content=\"2025-03-25T19:46:37+00:00\" \/>\n\t\t<meta property=\"article:modified_time\" content=\"2025-03-25T19:47:47+00:00\" \/>\n\t\t<meta property=\"article:publisher\" content=\"https:\/\/www.facebook.com\/Nachofdezber\" \/>\n\t\t<meta property=\"article:author\" content=\"https:\/\/www.facebook.com\/carrenoactualidad\" \/>\n\t\t<meta name=\"twitter:card\" content=\"summary_large_image\" \/>\n\t\t<meta name=\"twitter:site\" content=\"@NabercoDigital\" \/>\n\t\t<meta name=\"twitter:title\" content=\"Las pymes de Carre\u00f1o podr\u00e1n optar a las ayudas del Principado | Cand\u00e1s 365\" \/>\n\t\t<meta name=\"twitter:description\" content=\"El Gobierno del Principado de Asturias ha informado de una nueva l\u00ednea de ayudas, dotada con cuatro millones, para apoyar inversiones de peque\u00f1as\" \/>\n\t\t<meta name=\"twitter:creator\" content=\"@nbasturias\" \/>\n\t\t<meta name=\"twitter:image\" content=\"https:\/\/candas365.es\/noticias\/wp-content\/uploads\/2025\/03\/Pymes-Asturias-Carreno.jpg\" \/>\n\t\t<meta name=\"twitter:label1\" content=\"Escrito por\" \/>\n\t\t<meta name=\"twitter:data1\" content=\"Cand\u00e1s 365\" \/>\n\t\t<meta name=\"twitter:label2\" content=\"Tiempo de lectura estimado\" \/>\n\t\t<meta name=\"twitter:data2\" content=\"3 minutos\" \/>\n\t\t<script type=\"application\/ld+json\" class=\"aioseo-schema\">\n\t\t\t{\"@context\":\"https:\\\/\\\/schema.org\",\"@graph\":[{\"@type\":\"BreadcrumbList\",\"@id\":\"https:\\\/\\\/candas365.es\\\/noticias\\\/las-pymes-de-carreno-podran-optar-a-las-ayudas-del-principado\\\/#breadcrumblist\",\"itemListElement\":[{\"@type\":\"ListItem\",\"@id\":\"https:\\\/\\\/candas365.es\\\/noticias#listItem\",\"position\":1,\"name\":\"Home\",\"item\":\"https:\\\/\\\/candas365.es\\\/noticias\",\"nextItem\":{\"@type\":\"ListItem\",\"@id\":\"https:\\\/\\\/candas365.es\\\/noticias\\\/category\\\/noticias-carreno\\\/#listItem\",\"name\":\"Noticias Carre\\u00f1o\"}},{\"@type\":\"ListItem\",\"@id\":\"https:\\\/\\\/candas365.es\\\/noticias\\\/category\\\/noticias-carreno\\\/#listItem\",\"position\":2,\"name\":\"Noticias Carre\\u00f1o\",\"item\":\"https:\\\/\\\/candas365.es\\\/noticias\\\/category\\\/noticias-carreno\\\/\",\"nextItem\":{\"@type\":\"ListItem\",\"@id\":\"https:\\\/\\\/candas365.es\\\/noticias\\\/las-pymes-de-carreno-podran-optar-a-las-ayudas-del-principado\\\/#listItem\",\"name\":\"Las pymes de Carre\\u00f1o podr\\u00e1n optar a las ayudas del Principado\"},\"previousItem\":{\"@type\":\"ListItem\",\"@id\":\"https:\\\/\\\/candas365.es\\\/noticias#listItem\",\"name\":\"Home\"}},{\"@type\":\"ListItem\",\"@id\":\"https:\\\/\\\/candas365.es\\\/noticias\\\/las-pymes-de-carreno-podran-optar-a-las-ayudas-del-principado\\\/#listItem\",\"position\":3,\"name\":\"Las pymes de Carre\\u00f1o podr\\u00e1n optar a las ayudas del Principado\",\"previousItem\":{\"@type\":\"ListItem\",\"@id\":\"https:\\\/\\\/candas365.es\\\/noticias\\\/category\\\/noticias-carreno\\\/#listItem\",\"name\":\"Noticias Carre\\u00f1o\"}}]},{\"@type\":\"NewsArticle\",\"@id\":\"https:\\\/\\\/candas365.es\\\/noticias\\\/las-pymes-de-carreno-podran-optar-a-las-ayudas-del-principado\\\/#newsarticle\",\"name\":\"Las pymes de Carre\\u00f1o podr\\u00e1n optar a las ayudas del Principado | Cand\\u00e1s 365\",\"headline\":\"Las pymes de Carre\\u00f1o podr\\u00e1n optar a las ayudas del Principado\",\"author\":{\"@id\":\"https:\\\/\\\/candas365.es\\\/noticias\\\/author\\\/admin\\\/#author\"},\"publisher\":{\"@id\":\"https:\\\/\\\/candas365.es\\\/noticias\\\/#organization\"},\"image\":{\"@type\":\"ImageObject\",\"url\":\"https:\\\/\\\/candas365.es\\\/noticias\\\/wp-content\\\/uploads\\\/2025\\\/03\\\/Pymes-Asturias-Carreno.jpg\",\"width\":807,\"height\":533,\"caption\":\"Foto: Prensa Gobierno de Asturias\"},\"datePublished\":\"2025-03-25T20:46:37+01:00\",\"dateModified\":\"2025-03-25T20:47:47+01:00\",\"inLanguage\":\"es-ES\",\"mainEntityOfPage\":{\"@id\":\"https:\\\/\\\/candas365.es\\\/noticias\\\/las-pymes-de-carreno-podran-optar-a-las-ayudas-del-principado\\\/#webpage\"},\"isPartOf\":{\"@id\":\"https:\\\/\\\/candas365.es\\\/noticias\\\/las-pymes-de-carreno-podran-optar-a-las-ayudas-del-principado\\\/#webpage\"},\"articleSection\":\"Noticias Carre\\u00f1o, Asturias, Cand\\u00e1s, Carre\\u00f1o, empresas\",\"dateline\":\"Publicado el marzo 25, 2025.\"},{\"@type\":\"Organization\",\"@id\":\"https:\\\/\\\/candas365.es\\\/noticias\\\/#organization\",\"name\":\"Cand\\u00e1s 365\",\"description\":\"Cand\\u00e1s 365 es un diario digital independiente, fundado en 2012, con base en Asturias. Informamos con rigor sobre actualidad, sociedad, cultura y ocio, con una mirada local y global.\",\"url\":\"https:\\\/\\\/candas365.es\\\/noticias\\\/\",\"email\":\"info@candas365.es\",\"telephone\":\"+34652131393\",\"foundingDate\":\"2012-06-10\",\"logo\":{\"@type\":\"ImageObject\",\"url\":\"https:\\\/\\\/candas365.es\\\/noticias\\\/wp-content\\\/uploads\\\/2024\\\/09\\\/Candas-365-Redes.jpg\",\"@id\":\"https:\\\/\\\/candas365.es\\\/noticias\\\/las-pymes-de-carreno-podran-optar-a-las-ayudas-del-principado\\\/#organizationLogo\",\"width\":1152,\"height\":864,\"caption\":\"Cand\\u00e1s 365 Redes\"},\"image\":{\"@id\":\"https:\\\/\\\/candas365.es\\\/noticias\\\/las-pymes-de-carreno-podran-optar-a-las-ayudas-del-principado\\\/#organizationLogo\"},\"sameAs\":[\"https:\\\/\\\/www.facebook.com\\\/Nachofdezber\",\"https:\\\/\\\/x.com\\\/NabercoDigital\",\"https:\\\/\\\/www.instagram.com\\\/nachofdezber\\\/\",\"https:\\\/\\\/www.youtube.com\\\/channel\\\/UCZP-2wLEB9Rv6erhFmqVnvg\"],\"address\":{\"@id\":\"https:\\\/\\\/candas365.es\\\/noticias\\\/#postaladdress\",\"@type\":\"PostalAddress\",\"streetAddress\":\"san antonio 4, san antonio 4\",\"postalCode\":\"33430\",\"addressLocality\":\"Cand\\u00e1s\",\"addressRegion\":\"Asturias\",\"addressCountry\":\"ES\"}},{\"@type\":\"Person\",\"@id\":\"https:\\\/\\\/candas365.es\\\/noticias\\\/author\\\/admin\\\/#author\",\"url\":\"https:\\\/\\\/candas365.es\\\/noticias\\\/author\\\/admin\\\/\",\"name\":\"Cand\\u00e1s 365\",\"image\":{\"@type\":\"ImageObject\",\"@id\":\"https:\\\/\\\/candas365.es\\\/noticias\\\/las-pymes-de-carreno-podran-optar-a-las-ayudas-del-principado\\\/#authorImage\",\"url\":\"https:\\\/\\\/secure.gravatar.com\\\/avatar\\\/496a8e03d0c493ede1718b7934145dbdf8d89be1036b0eec9544e1094c9de390?s=96&d=mm&r=g\",\"width\":96,\"height\":96,\"caption\":\"Cand\\u00e1s 365\"},\"sameAs\":[\"https:\\\/\\\/www.facebook.com\\\/carrenoactualidad\",\"https:\\\/\\\/twitter.com\\\/nbasturias\",\"https:\\\/\\\/www.instagram.com\\\/nachofdezber\\\/\",\"https:\\\/\\\/www.youtube.com\\\/channel\\\/UCZP-2wLEB9Rv6erhFmqVnvg\"]},{\"@type\":\"WebPage\",\"@id\":\"https:\\\/\\\/candas365.es\\\/noticias\\\/las-pymes-de-carreno-podran-optar-a-las-ayudas-del-principado\\\/#webpage\",\"url\":\"https:\\\/\\\/candas365.es\\\/noticias\\\/las-pymes-de-carreno-podran-optar-a-las-ayudas-del-principado\\\/\",\"name\":\"Las pymes de Carre\\u00f1o podr\\u00e1n optar a las ayudas del Principado | Cand\\u00e1s 365\",\"description\":\"El Gobierno del Principado de Asturias ha informado de una nueva l\\u00ednea de ayudas, dotada con cuatro millones, para apoyar inversiones de peque\\u00f1as\",\"inLanguage\":\"es-ES\",\"isPartOf\":{\"@id\":\"https:\\\/\\\/candas365.es\\\/noticias\\\/#website\"},\"breadcrumb\":{\"@id\":\"https:\\\/\\\/candas365.es\\\/noticias\\\/las-pymes-de-carreno-podran-optar-a-las-ayudas-del-principado\\\/#breadcrumblist\"},\"author\":{\"@id\":\"https:\\\/\\\/candas365.es\\\/noticias\\\/author\\\/admin\\\/#author\"},\"creator\":{\"@id\":\"https:\\\/\\\/candas365.es\\\/noticias\\\/author\\\/admin\\\/#author\"},\"image\":{\"@type\":\"ImageObject\",\"url\":\"https:\\\/\\\/candas365.es\\\/noticias\\\/wp-content\\\/uploads\\\/2025\\\/03\\\/Pymes-Asturias-Carreno.jpg\",\"@id\":\"https:\\\/\\\/candas365.es\\\/noticias\\\/las-pymes-de-carreno-podran-optar-a-las-ayudas-del-principado\\\/#mainImage\",\"width\":807,\"height\":533,\"caption\":\"Foto: Prensa Gobierno de Asturias\"},\"primaryImageOfPage\":{\"@id\":\"https:\\\/\\\/candas365.es\\\/noticias\\\/las-pymes-de-carreno-podran-optar-a-las-ayudas-del-principado\\\/#mainImage\"},\"datePublished\":\"2025-03-25T20:46:37+01:00\",\"dateModified\":\"2025-03-25T20:47:47+01:00\"},{\"@type\":\"WebSite\",\"@id\":\"https:\\\/\\\/candas365.es\\\/noticias\\\/#website\",\"url\":\"https:\\\/\\\/candas365.es\\\/noticias\\\/\",\"name\":\"Cand\\u00e1s 365\",\"alternateName\":\"Cand\\u00e1s 365 Noticias\",\"description\":\"Actualidad desde Carre\\u00f1o para el mundo\",\"inLanguage\":\"es-ES\",\"publisher\":{\"@id\":\"https:\\\/\\\/candas365.es\\\/noticias\\\/#organization\"}}]}\n\t\t<\/script>\n\t\t<!-- All in One SEO Pro -->\r\n\t\t<title>Las pymes de Carre\u00f1o podr\u00e1n optar a las ayudas del Principado | Cand\u00e1s 365<\/title>\n\n","aioseo_head_json":{"title":"Las pymes de Carre\u00f1o podr\u00e1n optar a las ayudas del Principado | Cand\u00e1s 365","description":"El Gobierno del Principado de Asturias ha informado de una nueva l\u00ednea de ayudas, dotada con cuatro millones, para apoyar inversiones de peque\u00f1as","canonical_url":"https:\/\/candas365.es\/noticias\/las-pymes-de-carreno-podran-optar-a-las-ayudas-del-principado\/","robots":"max-image-preview:large","keywords":"noticias carre\u00f1o","webmasterTools":{"google-site-verification":"UA-32230408-1","msvalidate.01":"354F3CDFB2DA171B47FBE9ABF1F88D5","miscellaneous":""},"schema":{"@context":"https:\/\/schema.org","@graph":[{"@type":"BreadcrumbList","@id":"https:\/\/candas365.es\/noticias\/las-pymes-de-carreno-podran-optar-a-las-ayudas-del-principado\/#breadcrumblist","itemListElement":[{"@type":"ListItem","@id":"https:\/\/candas365.es\/noticias#listItem","position":1,"name":"Home","item":"https:\/\/candas365.es\/noticias","nextItem":{"@type":"ListItem","@id":"https:\/\/candas365.es\/noticias\/category\/noticias-carreno\/#listItem","name":"Noticias Carre\u00f1o"}},{"@type":"ListItem","@id":"https:\/\/candas365.es\/noticias\/category\/noticias-carreno\/#listItem","position":2,"name":"Noticias Carre\u00f1o","item":"https:\/\/candas365.es\/noticias\/category\/noticias-carreno\/","nextItem":{"@type":"ListItem","@id":"https:\/\/candas365.es\/noticias\/las-pymes-de-carreno-podran-optar-a-las-ayudas-del-principado\/#listItem","name":"Las pymes de Carre\u00f1o podr\u00e1n optar a las ayudas del Principado"},"previousItem":{"@type":"ListItem","@id":"https:\/\/candas365.es\/noticias#listItem","name":"Home"}},{"@type":"ListItem","@id":"https:\/\/candas365.es\/noticias\/las-pymes-de-carreno-podran-optar-a-las-ayudas-del-principado\/#listItem","position":3,"name":"Las pymes de Carre\u00f1o podr\u00e1n optar a las ayudas del Principado","previousItem":{"@type":"ListItem","@id":"https:\/\/candas365.es\/noticias\/category\/noticias-carreno\/#listItem","name":"Noticias Carre\u00f1o"}}]},{"@type":"NewsArticle","@id":"https:\/\/candas365.es\/noticias\/las-pymes-de-carreno-podran-optar-a-las-ayudas-del-principado\/#newsarticle","name":"Las pymes de Carre\u00f1o podr\u00e1n optar a las ayudas del Principado | Cand\u00e1s 365","headline":"Las pymes de Carre\u00f1o podr\u00e1n optar a las ayudas del Principado","author":{"@id":"https:\/\/candas365.es\/noticias\/author\/admin\/#author"},"publisher":{"@id":"https:\/\/candas365.es\/noticias\/#organization"},"image":{"@type":"ImageObject","url":"https:\/\/candas365.es\/noticias\/wp-content\/uploads\/2025\/03\/Pymes-Asturias-Carreno.jpg","width":807,"height":533,"caption":"Foto: Prensa Gobierno de Asturias"},"datePublished":"2025-03-25T20:46:37+01:00","dateModified":"2025-03-25T20:47:47+01:00","inLanguage":"es-ES","mainEntityOfPage":{"@id":"https:\/\/candas365.es\/noticias\/las-pymes-de-carreno-podran-optar-a-las-ayudas-del-principado\/#webpage"},"isPartOf":{"@id":"https:\/\/candas365.es\/noticias\/las-pymes-de-carreno-podran-optar-a-las-ayudas-del-principado\/#webpage"},"articleSection":"Noticias Carre\u00f1o, Asturias, Cand\u00e1s, Carre\u00f1o, empresas","dateline":"Publicado el marzo 25, 2025."},{"@type":"Organization","@id":"https:\/\/candas365.es\/noticias\/#organization","name":"Cand\u00e1s 365","description":"Cand\u00e1s 365 es un diario digital independiente, fundado en 2012, con base en Asturias. Informamos con rigor sobre actualidad, sociedad, cultura y ocio, con una mirada local y global.","url":"https:\/\/candas365.es\/noticias\/","email":"info@candas365.es","telephone":"+34652131393","foundingDate":"2012-06-10","logo":{"@type":"ImageObject","url":"https:\/\/candas365.es\/noticias\/wp-content\/uploads\/2024\/09\/Candas-365-Redes.jpg","@id":"https:\/\/candas365.es\/noticias\/las-pymes-de-carreno-podran-optar-a-las-ayudas-del-principado\/#organizationLogo","width":1152,"height":864,"caption":"Cand\u00e1s 365 Redes"},"image":{"@id":"https:\/\/candas365.es\/noticias\/las-pymes-de-carreno-podran-optar-a-las-ayudas-del-principado\/#organizationLogo"},"sameAs":["https:\/\/www.facebook.com\/Nachofdezber","https:\/\/x.com\/NabercoDigital","https:\/\/www.instagram.com\/nachofdezber\/","https:\/\/www.youtube.com\/channel\/UCZP-2wLEB9Rv6erhFmqVnvg"],"address":{"@id":"https:\/\/candas365.es\/noticias\/#postaladdress","@type":"PostalAddress","streetAddress":"san antonio 4, san antonio 4","postalCode":"33430","addressLocality":"Cand\u00e1s","addressRegion":"Asturias","addressCountry":"ES"}},{"@type":"Person","@id":"https:\/\/candas365.es\/noticias\/author\/admin\/#author","url":"https:\/\/candas365.es\/noticias\/author\/admin\/","name":"Cand\u00e1s 365","image":{"@type":"ImageObject","@id":"https:\/\/candas365.es\/noticias\/las-pymes-de-carreno-podran-optar-a-las-ayudas-del-principado\/#authorImage","url":"https:\/\/secure.gravatar.com\/avatar\/496a8e03d0c493ede1718b7934145dbdf8d89be1036b0eec9544e1094c9de390?s=96&d=mm&r=g","width":96,"height":96,"caption":"Cand\u00e1s 365"},"sameAs":["https:\/\/www.facebook.com\/carrenoactualidad","https:\/\/twitter.com\/nbasturias","https:\/\/www.instagram.com\/nachofdezber\/","https:\/\/www.youtube.com\/channel\/UCZP-2wLEB9Rv6erhFmqVnvg"]},{"@type":"WebPage","@id":"https:\/\/candas365.es\/noticias\/las-pymes-de-carreno-podran-optar-a-las-ayudas-del-principado\/#webpage","url":"https:\/\/candas365.es\/noticias\/las-pymes-de-carreno-podran-optar-a-las-ayudas-del-principado\/","name":"Las pymes de Carre\u00f1o podr\u00e1n optar a las ayudas del Principado | Cand\u00e1s 365","description":"El Gobierno del Principado de Asturias ha informado de una nueva l\u00ednea de ayudas, dotada con cuatro millones, para apoyar inversiones de peque\u00f1as","inLanguage":"es-ES","isPartOf":{"@id":"https:\/\/candas365.es\/noticias\/#website"},"breadcrumb":{"@id":"https:\/\/candas365.es\/noticias\/las-pymes-de-carreno-podran-optar-a-las-ayudas-del-principado\/#breadcrumblist"},"author":{"@id":"https:\/\/candas365.es\/noticias\/author\/admin\/#author"},"creator":{"@id":"https:\/\/candas365.es\/noticias\/author\/admin\/#author"},"image":{"@type":"ImageObject","url":"https:\/\/candas365.es\/noticias\/wp-content\/uploads\/2025\/03\/Pymes-Asturias-Carreno.jpg","@id":"https:\/\/candas365.es\/noticias\/las-pymes-de-carreno-podran-optar-a-las-ayudas-del-principado\/#mainImage","width":807,"height":533,"caption":"Foto: Prensa Gobierno de Asturias"},"primaryImageOfPage":{"@id":"https:\/\/candas365.es\/noticias\/las-pymes-de-carreno-podran-optar-a-las-ayudas-del-principado\/#mainImage"},"datePublished":"2025-03-25T20:46:37+01:00","dateModified":"2025-03-25T20:47:47+01:00"},{"@type":"WebSite","@id":"https:\/\/candas365.es\/noticias\/#website","url":"https:\/\/candas365.es\/noticias\/","name":"Cand\u00e1s 365","alternateName":"Cand\u00e1s 365 Noticias","description":"Actualidad desde Carre\u00f1o para el mundo","inLanguage":"es-ES","publisher":{"@id":"https:\/\/candas365.es\/noticias\/#organization"}}]},"og:locale":"es_ES","og:site_name":"Cand\u00e1s 365","og:type":"article","og:title":"Las pymes de Carre\u00f1o podr\u00e1n optar a las ayudas del Principado | Cand\u00e1s 365","og:description":"El Gobierno del Principado de Asturias ha informado de una nueva l\u00ednea de ayudas, dotada con cuatro millones, para apoyar inversiones de peque\u00f1as","og:url":"https:\/\/candas365.es\/noticias\/las-pymes-de-carreno-podran-optar-a-las-ayudas-del-principado\/","og:image":"https:\/\/candas365.es\/noticias\/wp-content\/uploads\/2025\/03\/Pymes-Asturias-Carreno.jpg","og:image:secure_url":"https:\/\/candas365.es\/noticias\/wp-content\/uploads\/2025\/03\/Pymes-Asturias-Carreno.jpg","og:image:width":807,"og:image:height":533,"article:published_time":"2025-03-25T19:46:37+00:00","article:modified_time":"2025-03-25T19:47:47+00:00","article:publisher":"https:\/\/www.facebook.com\/Nachofdezber","article:author":"https:\/\/www.facebook.com\/carrenoactualidad","twitter:card":"summary_large_image","twitter:site":"@NabercoDigital","twitter:title":"Las pymes de Carre\u00f1o podr\u00e1n optar a las ayudas del Principado | Cand\u00e1s 365","twitter:description":"El Gobierno del Principado de Asturias ha informado de una nueva l\u00ednea de ayudas, dotada con cuatro millones, para apoyar inversiones de peque\u00f1as","twitter:creator":"@nbasturias","twitter:image":"https:\/\/candas365.es\/noticias\/wp-content\/uploads\/2025\/03\/Pymes-Asturias-Carreno.jpg","twitter:label1":"Escrito por","twitter:data1":"Cand\u00e1s 365","twitter:label2":"Tiempo de lectura estimado","twitter:data2":"3 minutos"},"aioseo_meta_data":{"post_id":"185637","title":null,"description":"El Gobierno del Principado de Asturias ha informado de una nueva l\u00ednea de ayudas, dotada con cuatro millones, para apoyar inversiones de peque\u00f1as","keywords":null,"keyphrases":{"focus":{"keyphrase":"Carre\u00f1o","score":54,"analysis":{"keyphraseInTitle":{"score":9,"maxScore":9,"error":0},"keyphraseInDescription":{"score":3,"maxScore":9,"error":1},"keyphraseLength":{"score":9,"maxScore":9,"error":0,"length":2},"keyphraseInURL":{"score":1,"maxScore":5,"error":1},"keyphraseInIntroduction":{"score":3,"maxScore":9,"error":1},"keyphraseInSubHeadings":{"score":3,"maxScore":9,"error":1},"keyphraseInImageAlt":{"score":9,"maxScore":9,"error":0},"keywordDensity":{"score":0,"type":"low","maxScore":9,"error":1}}},"additional":[{"keyphrase":"Asturias","score":100,"analysis":{"keyphraseInDescription":{"score":9,"maxScore":9,"error":0},"keyphraseLength":{"score":9,"maxScore":9,"error":0,"length":1},"keyphraseInIntroduction":{"score":9,"maxScore":9,"error":0},"keyphraseInImageAlt":{"score":9,"maxScore":9,"error":0},"keywordDensity":{"type":"best","score":9,"maxScore":9,"error":0}}}]},"primary_term":null,"canonical_url":null,"og_title":null,"og_description":null,"og_object_type":"default","og_image_type":"default","og_image_url":null,"og_image_width":null,"og_image_height":null,"og_image_custom_url":null,"og_image_custom_fields":null,"og_video":"","og_custom_url":null,"og_article_section":null,"og_article_tags":null,"twitter_use_og":false,"twitter_card":"default","twitter_image_type":"default","twitter_image_url":null,"twitter_image_custom_url":null,"twitter_image_custom_fields":null,"twitter_title":null,"twitter_description":null,"schema":{"blockGraphs":[],"customGraphs":[],"default":{"data":{"Article":[],"Course":[],"Dataset":[],"FAQPage":[],"Movie":[],"Person":[],"Product":[],"ProductReview":[],"Car":[],"Recipe":[],"Service":[],"SoftwareApplication":[],"WebPage":[]},"graphName":"Article","isEnabled":true},"graphs":[]},"schema_type":"default","schema_type_options":null,"pillar_content":false,"robots_default":true,"robots_noindex":false,"robots_noarchive":false,"robots_nosnippet":false,"robots_nofollow":false,"robots_noimageindex":false,"robots_noodp":false,"robots_notranslate":false,"robots_max_snippet":"-1","robots_max_videopreview":"-1","robots_max_imagepreview":"large","priority":null,"frequency":"default","location":null,"local_seo":null,"seo_analyzer_scan_date":"2025-09-03 11:05:16","breadcrumb_settings":null,"limit_modified_date":false,"reviewed_by":null,"open_ai":"{\"title\":{\"suggestions\":[],\"usage\":0},\"description\":{\"suggestions\":[],\"usage\":0}}","ai":null,"created":"2025-03-25 19:35:40","updated":"2025-09-03 11:05:16"},"aioseo_breadcrumb":"<div class=\"aioseo-breadcrumbs\"><span class=\"aioseo-breadcrumb\">\n\t<a href=\"https:\/\/candas365.es\/noticias\" title=\"Home\">Home<\/a>\n<\/span><span class=\"aioseo-breadcrumb-separator\">&ndash;<\/span><span class=\"aioseo-breadcrumb\">\n\t<a href=\"https:\/\/candas365.es\/noticias\/category\/noticias-carreno\/\" title=\"Noticias Carre\u00f1o\">Noticias Carre\u00f1o<\/a>\n<\/span><span class=\"aioseo-breadcrumb-separator\">&ndash;<\/span><span class=\"aioseo-breadcrumb\">\n\tLas pymes de Carre\u00f1o podr\u00e1n optar a las ayudas del Principado\n<\/span><\/div>","aioseo_breadcrumb_json":[{"label":"Home","link":"https:\/\/candas365.es\/noticias"},{"label":"Noticias Carre\u00f1o","link":"https:\/\/candas365.es\/noticias\/category\/noticias-carreno\/"},{"label":"Las pymes de Carre\u00f1o podr\u00e1n optar a las ayudas del Principado","link":"https:\/\/candas365.es\/noticias\/las-pymes-de-carreno-podran-optar-a-las-ayudas-del-principado\/"}],"_links":{"self":[{"href":"https:\/\/candas365.es\/noticias\/wp-json\/wp\/v2\/posts\/185637","targetHints":{"allow":["GET"]}}],"collection":[{"href":"https:\/\/candas365.es\/noticias\/wp-json\/wp\/v2\/posts"}],"about":[{"href":"https:\/\/candas365.es\/noticias\/wp-json\/wp\/v2\/types\/post"}],"author":[{"embeddable":true,"href":"https:\/\/candas365.es\/noticias\/wp-json\/wp\/v2\/users\/1"}],"replies":[{"embeddable":true,"href":"https:\/\/candas365.es\/noticias\/wp-json\/wp\/v2\/comments?post=185637"}],"version-history":[{"count":0,"href":"https:\/\/candas365.es\/noticias\/wp-json\/wp\/v2\/posts\/185637\/revisions"}],"wp:featuredmedia":[{"embeddable":true,"href":"https:\/\/candas365.es\/noticias\/wp-json\/wp\/v2\/media\/185638"}],"wp:attachment":[{"href":"https:\/\/candas365.es\/noticias\/wp-json\/wp\/v2\/media?parent=185637"}],"wp:term":[{"taxonomy":"category","embeddable":true,"href":"https:\/\/candas365.es\/noticias\/wp-json\/wp\/v2\/categories?post=185637"},{"taxonomy":"post_tag","embeddable":true,"href":"https:\/\/candas365.es\/noticias\/wp-json\/wp\/v2\/tags?post=185637"}],"curies":[{"name":"wp","href":"https:\/\/api.w.org\/{rel}","templated":true}]}}