{"id":185624,"date":"2025-03-24T13:16:27","date_gmt":"2025-03-24T12:16:27","guid":{"rendered":"https:\/\/candas365.es\/noticias\/?p=185624"},"modified":"2025-03-24T13:16:27","modified_gmt":"2025-03-24T12:16:27","slug":"accidente-en-la-as-16-en-pravia","status":"publish","type":"post","link":"https:\/\/candas365.es\/noticias\/accidente-en-la-as-16-en-pravia\/","title":{"rendered":"Accidente en la AS-16 en Pravia"},"content":{"rendered":"<p>Una mujer ha resultado herida en un <a href=\"https:\/\/candas365.es\/noticias\/category\/sucesos\/\"><span style=\"color: #ff6600;\"><strong>accidente de tr\u00e1fico<\/strong><\/span><\/a> en Pravia, en el suceso se vier\u00f3n implicados dos turismos en la AS-16, punto kilom\u00e9trico 5, en el concejo de Pravia.<\/p>\n<figure id=\"attachment_185625\" aria-describedby=\"caption-attachment-185625\" style=\"width: 650px\" class=\"wp-caption aligncenter\"><img fetchpriority=\"high\" decoding=\"async\" class=\"size-large wp-image-185625\" src=\"https:\/\/candas365.es\/noticias\/wp-content\/uploads\/2025\/03\/Accidente-en-la-AS-16-en-Pravia-650x436.jpg\" alt=\"Accidente en la AS-16 en Pravia\" width=\"650\" height=\"436\" srcset=\"https:\/\/candas365.es\/noticias\/wp-content\/uploads\/2025\/03\/Accidente-en-la-AS-16-en-Pravia-650x436.jpg 650w, https:\/\/candas365.es\/noticias\/wp-content\/uploads\/2025\/03\/Accidente-en-la-AS-16-en-Pravia-360x241.jpg 360w, https:\/\/candas365.es\/noticias\/wp-content\/uploads\/2025\/03\/Accidente-en-la-AS-16-en-Pravia-768x515.jpg 768w, https:\/\/candas365.es\/noticias\/wp-content\/uploads\/2025\/03\/Accidente-en-la-AS-16-en-Pravia-150x101.jpg 150w, https:\/\/candas365.es\/noticias\/wp-content\/uploads\/2025\/03\/Accidente-en-la-AS-16-en-Pravia-450x302.jpg 450w, https:\/\/candas365.es\/noticias\/wp-content\/uploads\/2025\/03\/Accidente-en-la-AS-16-en-Pravia.jpg 992w\" sizes=\"(max-width: 650px) 100vw, 650px\" \/><figcaption id=\"caption-attachment-185625\" class=\"wp-caption-text\">Foto: 123rf.com<\/figcaption><\/figure>\n<p>Seg\u00fan los datos facilitados por el Servicio de Atenci\u00f3n M\u00e9dica Urgente (SAMU) la afectada, de 49 a\u00f1os, ha sido trasladada para m\u00e1s pruebas al Hospital San Agust\u00edn de Avil\u00e9s. Hasta el accidente se desplaz\u00f3 el equipo de Atenci\u00f3n Primaria de Pravia con la ambulancia de soporte vital b\u00e1sico de la zona.<\/p>\n<p>La afectada fue excarcelada del interior del turismo por efectivos de Bomberos del Servicio de Emergencias del Principado de Asturias (SEPA) con base en el parque de Pravia. Hasta el lugar tambi\u00e9n acudi\u00f3 otra dotaci\u00f3n desde el parque de Avil\u00e9s que no lleg\u00f3 a intervenir ya que a su llegada la herida ya hab\u00eda sido rescatada del interior del coche.<\/p>\n<p>El Centro de Coordinaci\u00f3n de Emergencias del 112 Asturias recibi\u00f3 el aviso a las 08.43 horas. En la llamada indicaban que dos veh\u00edculos hab\u00edan colisionado en la citada carretera y hab\u00eda una persona en el interior de uno de ellos.<\/p>\n<p>La <a href=\"https:\/\/www.112asturias.es\/\" target=\"_blank\" rel=\"noopener\"><span style=\"color: #ff6600;\"><strong>Sala 112 del SEPA<\/strong><\/span><\/a> moviliza a los bomberos y paralelamente pasa el aviso al SAMU que activa los medios ya citados e informa a la Guardia Civil de Tr\u00e1fico que a las 08.56, Guardia Civil de Tr\u00e1fico desde el incidente confirma que uno de los uno de los implicados no puede salir por sus medios del interior del coche.<\/p>\n<p>A las 09.30 los bomberos confirman que han excarcelado a una persona. Realizadas tareas de seguridad retiran del lugar para regresar a sus respectivas bases.<\/p>\n","protected":false},"excerpt":{"rendered":"<p>Una mujer ha resultado herida en un accidente de tr\u00e1fico en Pravia, en el suceso se vier\u00f3n implicados dos turismos en la AS-16, punto kilom\u00e9trico 5, en el concejo de Pravia. Seg\u00fan los datos facilitados por el Servicio de Atenci\u00f3n M\u00e9dica Urgente (SAMU) la afectada, de 49 a\u00f1os, ha sido trasladada para m\u00e1s pruebas al<\/p>\n","protected":false},"author":1,"featured_media":185625,"comment_status":"closed","ping_status":"closed","sticky":false,"template":"","format":"standard","meta":{"footnotes":""},"categories":[487],"tags":[391],"class_list":{"0":"post-185624","1":"post","2":"type-post","3":"status-publish","4":"format-standard","5":"has-post-thumbnail","7":"category-sucesos","8":"tag-sucesos"},"aioseo_notices":[],"aioseo_head":"\n\t\t<!-- All in One SEO Pro 4.9.6.2 - aioseo.com -->\n\t<meta name=\"description\" content=\"Una mujer ha resultado herida en un accidente de tr\u00e1fico en Pravia, en el suceso se vier\u00f3n implicados dos turismos en la AS-16, punto kilom\u00e9trico 5\" \/>\n\t<meta name=\"robots\" content=\"max-image-preview:large\" \/>\n\t<meta name=\"author\" content=\"Cand\u00e1s 365\"\/>\n\t<meta name=\"google-site-verification\" content=\"UA-32230408-1\" \/>\n\t<meta name=\"msvalidate.01\" content=\"354F3CDFB2DA171B47FBE9ABF1F88D5\" \/>\n\t<meta name=\"keywords\" content=\"sucesos\" \/>\n\t<link rel=\"canonical\" href=\"https:\/\/candas365.es\/noticias\/accidente-en-la-as-16-en-pravia\/\" \/>\n\t<meta name=\"generator\" content=\"All in One SEO Pro (AIOSEO) 4.9.6.2\" \/>\n\t\t<meta property=\"og:locale\" content=\"es_ES\" \/>\n\t\t<meta property=\"og:site_name\" content=\"Cand\u00e1s 365\" \/>\n\t\t<meta property=\"og:type\" content=\"article\" \/>\n\t\t<meta property=\"og:title\" content=\"Accidente en la AS-16 en Pravia | Cand\u00e1s 365\" \/>\n\t\t<meta property=\"og:description\" content=\"Una mujer ha resultado herida en un accidente de tr\u00e1fico en Pravia, en el suceso se vier\u00f3n implicados dos turismos en la AS-16, punto kilom\u00e9trico 5\" \/>\n\t\t<meta property=\"og:url\" content=\"https:\/\/candas365.es\/noticias\/accidente-en-la-as-16-en-pravia\/\" \/>\n\t\t<meta property=\"og:image\" content=\"https:\/\/candas365.es\/noticias\/wp-content\/uploads\/2025\/03\/Accidente-en-la-AS-16-en-Pravia.jpg\" \/>\n\t\t<meta property=\"og:image:secure_url\" content=\"https:\/\/candas365.es\/noticias\/wp-content\/uploads\/2025\/03\/Accidente-en-la-AS-16-en-Pravia.jpg\" \/>\n\t\t<meta property=\"og:image:width\" content=\"992\" \/>\n\t\t<meta property=\"og:image:height\" content=\"665\" \/>\n\t\t<meta property=\"article:published_time\" content=\"2025-03-24T12:16:27+00:00\" \/>\n\t\t<meta property=\"article:modified_time\" content=\"2025-03-24T12:16:27+00:00\" \/>\n\t\t<meta property=\"article:publisher\" content=\"https:\/\/www.facebook.com\/Nachofdezber\" \/>\n\t\t<meta property=\"article:author\" content=\"https:\/\/www.facebook.com\/carrenoactualidad\" \/>\n\t\t<meta name=\"twitter:card\" content=\"summary_large_image\" \/>\n\t\t<meta name=\"twitter:site\" content=\"@NabercoDigital\" \/>\n\t\t<meta name=\"twitter:title\" content=\"Accidente en la AS-16 en Pravia | Cand\u00e1s 365\" \/>\n\t\t<meta name=\"twitter:description\" content=\"Una mujer ha resultado herida en un accidente de tr\u00e1fico en Pravia, en el suceso se vier\u00f3n implicados dos turismos en la AS-16, punto kilom\u00e9trico 5\" \/>\n\t\t<meta name=\"twitter:creator\" content=\"@nbasturias\" \/>\n\t\t<meta name=\"twitter:image\" content=\"https:\/\/candas365.es\/noticias\/wp-content\/uploads\/2025\/03\/Accidente-en-la-AS-16-en-Pravia.jpg\" \/>\n\t\t<meta name=\"twitter:label1\" content=\"Escrito por\" \/>\n\t\t<meta name=\"twitter:data1\" content=\"Cand\u00e1s 365\" \/>\n\t\t<meta name=\"twitter:label2\" content=\"Tiempo de lectura estimado\" \/>\n\t\t<meta name=\"twitter:data2\" content=\"1 minuto\" \/>\n\t\t<script type=\"application\/ld+json\" class=\"aioseo-schema\">\n\t\t\t{\"@context\":\"https:\\\/\\\/schema.org\",\"@graph\":[{\"@type\":\"BreadcrumbList\",\"@id\":\"https:\\\/\\\/candas365.es\\\/noticias\\\/accidente-en-la-as-16-en-pravia\\\/#breadcrumblist\",\"itemListElement\":[{\"@type\":\"ListItem\",\"@id\":\"https:\\\/\\\/candas365.es\\\/noticias#listItem\",\"position\":1,\"name\":\"Home\",\"item\":\"https:\\\/\\\/candas365.es\\\/noticias\",\"nextItem\":{\"@type\":\"ListItem\",\"@id\":\"https:\\\/\\\/candas365.es\\\/noticias\\\/category\\\/sucesos\\\/#listItem\",\"name\":\"Sucesos\"}},{\"@type\":\"ListItem\",\"@id\":\"https:\\\/\\\/candas365.es\\\/noticias\\\/category\\\/sucesos\\\/#listItem\",\"position\":2,\"name\":\"Sucesos\",\"item\":\"https:\\\/\\\/candas365.es\\\/noticias\\\/category\\\/sucesos\\\/\",\"nextItem\":{\"@type\":\"ListItem\",\"@id\":\"https:\\\/\\\/candas365.es\\\/noticias\\\/accidente-en-la-as-16-en-pravia\\\/#listItem\",\"name\":\"Accidente en la AS-16 en Pravia\"},\"previousItem\":{\"@type\":\"ListItem\",\"@id\":\"https:\\\/\\\/candas365.es\\\/noticias#listItem\",\"name\":\"Home\"}},{\"@type\":\"ListItem\",\"@id\":\"https:\\\/\\\/candas365.es\\\/noticias\\\/accidente-en-la-as-16-en-pravia\\\/#listItem\",\"position\":3,\"name\":\"Accidente en la AS-16 en Pravia\",\"previousItem\":{\"@type\":\"ListItem\",\"@id\":\"https:\\\/\\\/candas365.es\\\/noticias\\\/category\\\/sucesos\\\/#listItem\",\"name\":\"Sucesos\"}}]},{\"@type\":\"NewsArticle\",\"@id\":\"https:\\\/\\\/candas365.es\\\/noticias\\\/accidente-en-la-as-16-en-pravia\\\/#newsarticle\",\"name\":\"Accidente en la AS-16 en Pravia | Cand\\u00e1s 365\",\"headline\":\"Accidente en la AS-16 en Pravia\",\"author\":{\"@id\":\"https:\\\/\\\/candas365.es\\\/noticias\\\/author\\\/admin\\\/#author\"},\"publisher\":{\"@id\":\"https:\\\/\\\/candas365.es\\\/noticias\\\/#organization\"},\"image\":{\"@type\":\"ImageObject\",\"url\":\"https:\\\/\\\/candas365.es\\\/noticias\\\/wp-content\\\/uploads\\\/2025\\\/03\\\/Accidente-en-la-AS-16-en-Pravia.jpg\",\"width\":992,\"height\":665,\"caption\":\"Foto: 123rf.com\"},\"datePublished\":\"2025-03-24T13:16:27+01:00\",\"dateModified\":\"2025-03-24T13:16:27+01:00\",\"inLanguage\":\"es-ES\",\"mainEntityOfPage\":{\"@id\":\"https:\\\/\\\/candas365.es\\\/noticias\\\/accidente-en-la-as-16-en-pravia\\\/#webpage\"},\"isPartOf\":{\"@id\":\"https:\\\/\\\/candas365.es\\\/noticias\\\/accidente-en-la-as-16-en-pravia\\\/#webpage\"},\"articleSection\":\"Sucesos, sucesos\",\"dateline\":\"Publicado el marzo 24, 2025.\"},{\"@type\":\"Organization\",\"@id\":\"https:\\\/\\\/candas365.es\\\/noticias\\\/#organization\",\"name\":\"Cand\\u00e1s 365\",\"description\":\"Cand\\u00e1s 365 es un diario digital independiente, fundado en 2012, con base en Asturias. Informamos con rigor sobre actualidad, sociedad, cultura y ocio, con una mirada local y global.\",\"url\":\"https:\\\/\\\/candas365.es\\\/noticias\\\/\",\"email\":\"info@candas365.es\",\"telephone\":\"+34652131393\",\"foundingDate\":\"2012-06-10\",\"logo\":{\"@type\":\"ImageObject\",\"url\":\"https:\\\/\\\/candas365.es\\\/noticias\\\/wp-content\\\/uploads\\\/2024\\\/09\\\/Candas-365-Redes.jpg\",\"@id\":\"https:\\\/\\\/candas365.es\\\/noticias\\\/accidente-en-la-as-16-en-pravia\\\/#organizationLogo\",\"width\":1152,\"height\":864,\"caption\":\"Cand\\u00e1s 365 Redes\"},\"image\":{\"@id\":\"https:\\\/\\\/candas365.es\\\/noticias\\\/accidente-en-la-as-16-en-pravia\\\/#organizationLogo\"},\"sameAs\":[\"https:\\\/\\\/www.facebook.com\\\/Nachofdezber\",\"https:\\\/\\\/x.com\\\/NabercoDigital\",\"https:\\\/\\\/www.instagram.com\\\/nachofdezber\\\/\",\"https:\\\/\\\/www.youtube.com\\\/channel\\\/UCZP-2wLEB9Rv6erhFmqVnvg\"],\"address\":{\"@id\":\"https:\\\/\\\/candas365.es\\\/noticias\\\/#postaladdress\",\"@type\":\"PostalAddress\",\"streetAddress\":\"san antonio 4, san antonio 4\",\"postalCode\":\"33430\",\"addressLocality\":\"Cand\\u00e1s\",\"addressRegion\":\"Asturias\",\"addressCountry\":\"ES\"}},{\"@type\":\"Person\",\"@id\":\"https:\\\/\\\/candas365.es\\\/noticias\\\/author\\\/admin\\\/#author\",\"url\":\"https:\\\/\\\/candas365.es\\\/noticias\\\/author\\\/admin\\\/\",\"name\":\"Cand\\u00e1s 365\",\"image\":{\"@type\":\"ImageObject\",\"@id\":\"https:\\\/\\\/candas365.es\\\/noticias\\\/accidente-en-la-as-16-en-pravia\\\/#authorImage\",\"url\":\"https:\\\/\\\/secure.gravatar.com\\\/avatar\\\/496a8e03d0c493ede1718b7934145dbdf8d89be1036b0eec9544e1094c9de390?s=96&d=mm&r=g\",\"width\":96,\"height\":96,\"caption\":\"Cand\\u00e1s 365\"},\"sameAs\":[\"https:\\\/\\\/www.facebook.com\\\/carrenoactualidad\",\"https:\\\/\\\/twitter.com\\\/nbasturias\",\"https:\\\/\\\/www.instagram.com\\\/nachofdezber\\\/\",\"https:\\\/\\\/www.youtube.com\\\/channel\\\/UCZP-2wLEB9Rv6erhFmqVnvg\"]},{\"@type\":\"WebPage\",\"@id\":\"https:\\\/\\\/candas365.es\\\/noticias\\\/accidente-en-la-as-16-en-pravia\\\/#webpage\",\"url\":\"https:\\\/\\\/candas365.es\\\/noticias\\\/accidente-en-la-as-16-en-pravia\\\/\",\"name\":\"Accidente en la AS-16 en Pravia | Cand\\u00e1s 365\",\"description\":\"Una mujer ha resultado herida en un accidente de tr\\u00e1fico en Pravia, en el suceso se vier\\u00f3n implicados dos turismos en la AS-16, punto kilom\\u00e9trico 5\",\"inLanguage\":\"es-ES\",\"isPartOf\":{\"@id\":\"https:\\\/\\\/candas365.es\\\/noticias\\\/#website\"},\"breadcrumb\":{\"@id\":\"https:\\\/\\\/candas365.es\\\/noticias\\\/accidente-en-la-as-16-en-pravia\\\/#breadcrumblist\"},\"author\":{\"@id\":\"https:\\\/\\\/candas365.es\\\/noticias\\\/author\\\/admin\\\/#author\"},\"creator\":{\"@id\":\"https:\\\/\\\/candas365.es\\\/noticias\\\/author\\\/admin\\\/#author\"},\"image\":{\"@type\":\"ImageObject\",\"url\":\"https:\\\/\\\/candas365.es\\\/noticias\\\/wp-content\\\/uploads\\\/2025\\\/03\\\/Accidente-en-la-AS-16-en-Pravia.jpg\",\"@id\":\"https:\\\/\\\/candas365.es\\\/noticias\\\/accidente-en-la-as-16-en-pravia\\\/#mainImage\",\"width\":992,\"height\":665,\"caption\":\"Foto: 123rf.com\"},\"primaryImageOfPage\":{\"@id\":\"https:\\\/\\\/candas365.es\\\/noticias\\\/accidente-en-la-as-16-en-pravia\\\/#mainImage\"},\"datePublished\":\"2025-03-24T13:16:27+01:00\",\"dateModified\":\"2025-03-24T13:16:27+01:00\"},{\"@type\":\"WebSite\",\"@id\":\"https:\\\/\\\/candas365.es\\\/noticias\\\/#website\",\"url\":\"https:\\\/\\\/candas365.es\\\/noticias\\\/\",\"name\":\"Cand\\u00e1s 365\",\"alternateName\":\"Cand\\u00e1s 365 Noticias\",\"description\":\"Actualidad desde Carre\\u00f1o para el mundo\",\"inLanguage\":\"es-ES\",\"publisher\":{\"@id\":\"https:\\\/\\\/candas365.es\\\/noticias\\\/#organization\"}}]}\n\t\t<\/script>\n\t\t<!-- All in One SEO Pro -->\r\n\t\t<title>Accidente en la AS-16 en Pravia | Cand\u00e1s 365<\/title>\n\n","aioseo_head_json":{"title":"Accidente en la AS-16 en Pravia | Cand\u00e1s 365","description":"Una mujer ha resultado herida en un accidente de tr\u00e1fico en Pravia, en el suceso se vier\u00f3n implicados dos turismos en la AS-16, punto kilom\u00e9trico 5","canonical_url":"https:\/\/candas365.es\/noticias\/accidente-en-la-as-16-en-pravia\/","robots":"max-image-preview:large","keywords":"sucesos","webmasterTools":{"google-site-verification":"UA-32230408-1","msvalidate.01":"354F3CDFB2DA171B47FBE9ABF1F88D5","miscellaneous":""},"schema":{"@context":"https:\/\/schema.org","@graph":[{"@type":"BreadcrumbList","@id":"https:\/\/candas365.es\/noticias\/accidente-en-la-as-16-en-pravia\/#breadcrumblist","itemListElement":[{"@type":"ListItem","@id":"https:\/\/candas365.es\/noticias#listItem","position":1,"name":"Home","item":"https:\/\/candas365.es\/noticias","nextItem":{"@type":"ListItem","@id":"https:\/\/candas365.es\/noticias\/category\/sucesos\/#listItem","name":"Sucesos"}},{"@type":"ListItem","@id":"https:\/\/candas365.es\/noticias\/category\/sucesos\/#listItem","position":2,"name":"Sucesos","item":"https:\/\/candas365.es\/noticias\/category\/sucesos\/","nextItem":{"@type":"ListItem","@id":"https:\/\/candas365.es\/noticias\/accidente-en-la-as-16-en-pravia\/#listItem","name":"Accidente en la AS-16 en Pravia"},"previousItem":{"@type":"ListItem","@id":"https:\/\/candas365.es\/noticias#listItem","name":"Home"}},{"@type":"ListItem","@id":"https:\/\/candas365.es\/noticias\/accidente-en-la-as-16-en-pravia\/#listItem","position":3,"name":"Accidente en la AS-16 en Pravia","previousItem":{"@type":"ListItem","@id":"https:\/\/candas365.es\/noticias\/category\/sucesos\/#listItem","name":"Sucesos"}}]},{"@type":"NewsArticle","@id":"https:\/\/candas365.es\/noticias\/accidente-en-la-as-16-en-pravia\/#newsarticle","name":"Accidente en la AS-16 en Pravia | Cand\u00e1s 365","headline":"Accidente en la AS-16 en Pravia","author":{"@id":"https:\/\/candas365.es\/noticias\/author\/admin\/#author"},"publisher":{"@id":"https:\/\/candas365.es\/noticias\/#organization"},"image":{"@type":"ImageObject","url":"https:\/\/candas365.es\/noticias\/wp-content\/uploads\/2025\/03\/Accidente-en-la-AS-16-en-Pravia.jpg","width":992,"height":665,"caption":"Foto: 123rf.com"},"datePublished":"2025-03-24T13:16:27+01:00","dateModified":"2025-03-24T13:16:27+01:00","inLanguage":"es-ES","mainEntityOfPage":{"@id":"https:\/\/candas365.es\/noticias\/accidente-en-la-as-16-en-pravia\/#webpage"},"isPartOf":{"@id":"https:\/\/candas365.es\/noticias\/accidente-en-la-as-16-en-pravia\/#webpage"},"articleSection":"Sucesos, sucesos","dateline":"Publicado el marzo 24, 2025."},{"@type":"Organization","@id":"https:\/\/candas365.es\/noticias\/#organization","name":"Cand\u00e1s 365","description":"Cand\u00e1s 365 es un diario digital independiente, fundado en 2012, con base en Asturias. Informamos con rigor sobre actualidad, sociedad, cultura y ocio, con una mirada local y global.","url":"https:\/\/candas365.es\/noticias\/","email":"info@candas365.es","telephone":"+34652131393","foundingDate":"2012-06-10","logo":{"@type":"ImageObject","url":"https:\/\/candas365.es\/noticias\/wp-content\/uploads\/2024\/09\/Candas-365-Redes.jpg","@id":"https:\/\/candas365.es\/noticias\/accidente-en-la-as-16-en-pravia\/#organizationLogo","width":1152,"height":864,"caption":"Cand\u00e1s 365 Redes"},"image":{"@id":"https:\/\/candas365.es\/noticias\/accidente-en-la-as-16-en-pravia\/#organizationLogo"},"sameAs":["https:\/\/www.facebook.com\/Nachofdezber","https:\/\/x.com\/NabercoDigital","https:\/\/www.instagram.com\/nachofdezber\/","https:\/\/www.youtube.com\/channel\/UCZP-2wLEB9Rv6erhFmqVnvg"],"address":{"@id":"https:\/\/candas365.es\/noticias\/#postaladdress","@type":"PostalAddress","streetAddress":"san antonio 4, san antonio 4","postalCode":"33430","addressLocality":"Cand\u00e1s","addressRegion":"Asturias","addressCountry":"ES"}},{"@type":"Person","@id":"https:\/\/candas365.es\/noticias\/author\/admin\/#author","url":"https:\/\/candas365.es\/noticias\/author\/admin\/","name":"Cand\u00e1s 365","image":{"@type":"ImageObject","@id":"https:\/\/candas365.es\/noticias\/accidente-en-la-as-16-en-pravia\/#authorImage","url":"https:\/\/secure.gravatar.com\/avatar\/496a8e03d0c493ede1718b7934145dbdf8d89be1036b0eec9544e1094c9de390?s=96&d=mm&r=g","width":96,"height":96,"caption":"Cand\u00e1s 365"},"sameAs":["https:\/\/www.facebook.com\/carrenoactualidad","https:\/\/twitter.com\/nbasturias","https:\/\/www.instagram.com\/nachofdezber\/","https:\/\/www.youtube.com\/channel\/UCZP-2wLEB9Rv6erhFmqVnvg"]},{"@type":"WebPage","@id":"https:\/\/candas365.es\/noticias\/accidente-en-la-as-16-en-pravia\/#webpage","url":"https:\/\/candas365.es\/noticias\/accidente-en-la-as-16-en-pravia\/","name":"Accidente en la AS-16 en Pravia | Cand\u00e1s 365","description":"Una mujer ha resultado herida en un accidente de tr\u00e1fico en Pravia, en el suceso se vier\u00f3n implicados dos turismos en la AS-16, punto kilom\u00e9trico 5","inLanguage":"es-ES","isPartOf":{"@id":"https:\/\/candas365.es\/noticias\/#website"},"breadcrumb":{"@id":"https:\/\/candas365.es\/noticias\/accidente-en-la-as-16-en-pravia\/#breadcrumblist"},"author":{"@id":"https:\/\/candas365.es\/noticias\/author\/admin\/#author"},"creator":{"@id":"https:\/\/candas365.es\/noticias\/author\/admin\/#author"},"image":{"@type":"ImageObject","url":"https:\/\/candas365.es\/noticias\/wp-content\/uploads\/2025\/03\/Accidente-en-la-AS-16-en-Pravia.jpg","@id":"https:\/\/candas365.es\/noticias\/accidente-en-la-as-16-en-pravia\/#mainImage","width":992,"height":665,"caption":"Foto: 123rf.com"},"primaryImageOfPage":{"@id":"https:\/\/candas365.es\/noticias\/accidente-en-la-as-16-en-pravia\/#mainImage"},"datePublished":"2025-03-24T13:16:27+01:00","dateModified":"2025-03-24T13:16:27+01:00"},{"@type":"WebSite","@id":"https:\/\/candas365.es\/noticias\/#website","url":"https:\/\/candas365.es\/noticias\/","name":"Cand\u00e1s 365","alternateName":"Cand\u00e1s 365 Noticias","description":"Actualidad desde Carre\u00f1o para el mundo","inLanguage":"es-ES","publisher":{"@id":"https:\/\/candas365.es\/noticias\/#organization"}}]},"og:locale":"es_ES","og:site_name":"Cand\u00e1s 365","og:type":"article","og:title":"Accidente en la AS-16 en Pravia | Cand\u00e1s 365","og:description":"Una mujer ha resultado herida en un accidente de tr\u00e1fico en Pravia, en el suceso se vier\u00f3n implicados dos turismos en la AS-16, punto kilom\u00e9trico 5","og:url":"https:\/\/candas365.es\/noticias\/accidente-en-la-as-16-en-pravia\/","og:image":"https:\/\/candas365.es\/noticias\/wp-content\/uploads\/2025\/03\/Accidente-en-la-AS-16-en-Pravia.jpg","og:image:secure_url":"https:\/\/candas365.es\/noticias\/wp-content\/uploads\/2025\/03\/Accidente-en-la-AS-16-en-Pravia.jpg","og:image:width":992,"og:image:height":665,"article:published_time":"2025-03-24T12:16:27+00:00","article:modified_time":"2025-03-24T12:16:27+00:00","article:publisher":"https:\/\/www.facebook.com\/Nachofdezber","article:author":"https:\/\/www.facebook.com\/carrenoactualidad","twitter:card":"summary_large_image","twitter:site":"@NabercoDigital","twitter:title":"Accidente en la AS-16 en Pravia | Cand\u00e1s 365","twitter:description":"Una mujer ha resultado herida en un accidente de tr\u00e1fico en Pravia, en el suceso se vier\u00f3n implicados dos turismos en la AS-16, punto kilom\u00e9trico 5","twitter:creator":"@nbasturias","twitter:image":"https:\/\/candas365.es\/noticias\/wp-content\/uploads\/2025\/03\/Accidente-en-la-AS-16-en-Pravia.jpg","twitter:label1":"Escrito por","twitter:data1":"Cand\u00e1s 365","twitter:label2":"Tiempo de lectura estimado","twitter:data2":"1 minuto"},"aioseo_meta_data":{"post_id":"185624","title":null,"description":"Una mujer ha resultado herida en un accidente de tr\u00e1fico en Pravia, en el suceso se vier\u00f3n implicados dos turismos en la AS-16, punto kilom\u00e9trico 5","keywords":null,"keyphrases":{"focus":{"keyphrase":"accidente","score":100,"analysis":{"keyphraseInTitle":{"score":9,"maxScore":9,"error":0},"keyphraseInDescription":{"score":9,"maxScore":9,"error":0},"keyphraseLength":{"score":9,"maxScore":9,"error":0,"length":1},"keyphraseInURL":{"score":5,"maxScore":5,"error":0},"keyphraseInIntroduction":{"score":9,"maxScore":9,"error":0},"keyphraseInSubHeadings":[],"keyphraseInImageAlt":{"score":9,"maxScore":9,"error":0},"keywordDensity":{"type":"best","score":9,"maxScore":9,"error":0}}},"additional":[{"keyphrase":"accidente","score":100,"analysis":{"keyphraseInDescription":{"score":9,"maxScore":9,"error":0},"keyphraseLength":{"score":9,"maxScore":9,"error":0,"length":1},"keyphraseInIntroduction":{"score":9,"maxScore":9,"error":0},"keyphraseInImageAlt":{"score":9,"maxScore":9,"error":0},"keywordDensity":{"type":"best","score":9,"maxScore":9,"error":0}}}]},"primary_term":null,"canonical_url":null,"og_title":null,"og_description":null,"og_object_type":"default","og_image_type":"default","og_image_url":null,"og_image_width":null,"og_image_height":null,"og_image_custom_url":null,"og_image_custom_fields":null,"og_video":"","og_custom_url":null,"og_article_section":null,"og_article_tags":null,"twitter_use_og":false,"twitter_card":"default","twitter_image_type":"default","twitter_image_url":null,"twitter_image_custom_url":null,"twitter_image_custom_fields":null,"twitter_title":null,"twitter_description":null,"schema":{"blockGraphs":[],"customGraphs":[],"default":{"data":{"Article":[],"Course":[],"Dataset":[],"FAQPage":[],"Movie":[],"Person":[],"Product":[],"ProductReview":[],"Car":[],"Recipe":[],"Service":[],"SoftwareApplication":[],"WebPage":[]},"graphName":"Article","isEnabled":true},"graphs":[]},"schema_type":"default","schema_type_options":null,"pillar_content":false,"robots_default":true,"robots_noindex":false,"robots_noarchive":false,"robots_nosnippet":false,"robots_nofollow":false,"robots_noimageindex":false,"robots_noodp":false,"robots_notranslate":false,"robots_max_snippet":"-1","robots_max_videopreview":"-1","robots_max_imagepreview":"large","priority":null,"frequency":"default","location":null,"local_seo":null,"seo_analyzer_scan_date":"2025-09-03 11:05:08","breadcrumb_settings":null,"limit_modified_date":false,"reviewed_by":null,"open_ai":"{\"title\":{\"suggestions\":[],\"usage\":0},\"description\":{\"suggestions\":[],\"usage\":0}}","ai":null,"created":"2025-03-24 11:59:20","updated":"2025-09-03 11:05:08"},"aioseo_breadcrumb":"<div class=\"aioseo-breadcrumbs\"><span class=\"aioseo-breadcrumb\">\n\t<a href=\"https:\/\/candas365.es\/noticias\" title=\"Home\">Home<\/a>\n<\/span><span class=\"aioseo-breadcrumb-separator\">&ndash;<\/span><span class=\"aioseo-breadcrumb\">\n\t<a href=\"https:\/\/candas365.es\/noticias\/category\/sucesos\/\" title=\"Sucesos\">Sucesos<\/a>\n<\/span><span class=\"aioseo-breadcrumb-separator\">&ndash;<\/span><span class=\"aioseo-breadcrumb\">\n\tAccidente en la AS-16 en Pravia\n<\/span><\/div>","aioseo_breadcrumb_json":[{"label":"Home","link":"https:\/\/candas365.es\/noticias"},{"label":"Sucesos","link":"https:\/\/candas365.es\/noticias\/category\/sucesos\/"},{"label":"Accidente en la AS-16 en Pravia","link":"https:\/\/candas365.es\/noticias\/accidente-en-la-as-16-en-pravia\/"}],"_links":{"self":[{"href":"https:\/\/candas365.es\/noticias\/wp-json\/wp\/v2\/posts\/185624","targetHints":{"allow":["GET"]}}],"collection":[{"href":"https:\/\/candas365.es\/noticias\/wp-json\/wp\/v2\/posts"}],"about":[{"href":"https:\/\/candas365.es\/noticias\/wp-json\/wp\/v2\/types\/post"}],"author":[{"embeddable":true,"href":"https:\/\/candas365.es\/noticias\/wp-json\/wp\/v2\/users\/1"}],"replies":[{"embeddable":true,"href":"https:\/\/candas365.es\/noticias\/wp-json\/wp\/v2\/comments?post=185624"}],"version-history":[{"count":0,"href":"https:\/\/candas365.es\/noticias\/wp-json\/wp\/v2\/posts\/185624\/revisions"}],"wp:featuredmedia":[{"embeddable":true,"href":"https:\/\/candas365.es\/noticias\/wp-json\/wp\/v2\/media\/185625"}],"wp:attachment":[{"href":"https:\/\/candas365.es\/noticias\/wp-json\/wp\/v2\/media?parent=185624"}],"wp:term":[{"taxonomy":"category","embeddable":true,"href":"https:\/\/candas365.es\/noticias\/wp-json\/wp\/v2\/categories?post=185624"},{"taxonomy":"post_tag","embeddable":true,"href":"https:\/\/candas365.es\/noticias\/wp-json\/wp\/v2\/tags?post=185624"}],"curies":[{"name":"wp","href":"https:\/\/api.w.org\/{rel}","templated":true}]}}