{"id":185617,"date":"2025-03-23T17:38:24","date_gmt":"2025-03-23T16:38:24","guid":{"rendered":"https:\/\/candas365.es\/noticias\/?p=185617"},"modified":"2025-03-23T17:38:24","modified_gmt":"2025-03-23T16:38:24","slug":"argentina-sostiene-el-superavit-fiscal","status":"publish","type":"post","link":"https:\/\/candas365.es\/noticias\/argentina-sostiene-el-superavit-fiscal\/","title":{"rendered":"Argentina sostiene el super\u00e1vit fiscal"},"content":{"rendered":"<p>El ministro de Econom\u00eda de <a href=\"https:\/\/candas365.es\/noticias\/category\/internacional\/\"><span style=\"color: #ff6600;\"><strong>Argentina<\/strong><\/span><\/a>, <strong>Luis Caputo<\/strong>, anunci\u00f3 el pasado lunes 17 de marzo que el Gobierno logr\u00f3 sostener el <strong>super\u00e1vit fiscal durante febrero.<\/strong> De esta forma, cierra el primer bimestre del a\u00f1o con un saldo positivo en las cuentas p\u00fablicas, incluyendo el pago de la deuda.<\/p>\n<figure id=\"attachment_185618\" aria-describedby=\"caption-attachment-185618\" style=\"width: 650px\" class=\"wp-caption aligncenter\"><img fetchpriority=\"high\" decoding=\"async\" class=\"size-large wp-image-185618\" src=\"https:\/\/candas365.es\/noticias\/wp-content\/uploads\/2025\/03\/Argentina-650x421.jpg\" alt=\"Argentina\" width=\"650\" height=\"421\" srcset=\"https:\/\/candas365.es\/noticias\/wp-content\/uploads\/2025\/03\/Argentina-650x421.jpg 650w, https:\/\/candas365.es\/noticias\/wp-content\/uploads\/2025\/03\/Argentina-360x233.jpg 360w, https:\/\/candas365.es\/noticias\/wp-content\/uploads\/2025\/03\/Argentina-768x497.jpg 768w, https:\/\/candas365.es\/noticias\/wp-content\/uploads\/2025\/03\/Argentina-150x97.jpg 150w, https:\/\/candas365.es\/noticias\/wp-content\/uploads\/2025\/03\/Argentina-450x291.jpg 450w, https:\/\/candas365.es\/noticias\/wp-content\/uploads\/2025\/03\/Argentina.jpg 1017w\" sizes=\"(max-width: 650px) 100vw, 650px\" \/><figcaption id=\"caption-attachment-185618\" class=\"wp-caption-text\">Foto: 123rf.com<\/figcaption><\/figure>\n<p>A trav\u00e9s de su cuenta de X, Caputo inform\u00f3 que en febrero de 2025 el <strong>Sector P\u00fablico Nacional (SPN) registr\u00f3 un super\u00e1vit primario de $1.176.915 millones<\/strong> y <strong>un super\u00e1vit financiero de $310.726 millones<\/strong>. Con estos resultados, el primer bimestre del a\u00f1o acumul\u00f3 un super\u00e1vit primario equivalente al <strong>0,5% del Producto Interno Bruto (PIB)<\/strong> y <strong>un super\u00e1vit financiero del 0,1% del PIB<\/strong>.<\/p>\n<p>Seg\u00fan el ministro de Econom\u00eda, en febrero se efectuaron pagos de intereses netos de tenencias intra sector p\u00fablico por <strong>un total de $866.189 millones<\/strong>. De esa cifra, aproximadamente <strong>el 70% correspondi\u00f3 a compromisos con el Fondo Monetario Internacional (FMI)<\/strong>.<\/p>\n<p>Desde la cartera econ\u00f3mica subrayaron que la <strong>estabilidad fisca<\/strong><strong>l<\/strong> permiti\u00f3 asistir a las familias afectadas por el <strong>temporal en Bah\u00eda Blanca<\/strong> sin recurrir a endeudamiento ni emisi\u00f3n monetaria. Adem\u00e1s, destacaron que el super\u00e1vit financiero alcanzado en 2024 fue el primero en 14 a\u00f1os y el m\u00e1s alto en 16 a\u00f1os.<\/p>\n<blockquote><p>\u00abEste resultado no hace otra cosa que reforzar el compromiso de nuestro Presidente <strong>Javier Milei <\/strong>y todo su equipo de gobierno con el orden fiscal, ancla fundamental del programa econ\u00f3mico y condici\u00f3n necesaria para una econom\u00eda robusta que genere empleo de calidad y recuperaci\u00f3n de salarios e ingresos de manera sostenida en el tiempo\u00bb, concluy\u00f3 Caputo.<\/p><\/blockquote>\n<p>Las declaraciones de Caputo se producen tres d\u00edas despu\u00e9s de la publicaci\u00f3n de los datos de inflaci\u00f3n de febrero. Seg\u00fan el <strong>Instituto Nacional de Estad\u00edsticas y Censos (Indec)<\/strong>, la inflaci\u00f3n mensual se ubic\u00f3 en <strong>2,4%<\/strong>, con un leve incremento del 0,2% respecto a enero. En los primeros dos meses del a\u00f1o, los precios acumularon un alza del 4,7%, mientras que la inflaci\u00f3n interanual alcanz\u00f3 el 66,9%.<\/p>\n<p>Por Axel Olivares \/ Notipress<\/p>\n","protected":false},"excerpt":{"rendered":"<p>El ministro de Econom\u00eda de Argentina, Luis Caputo, anunci\u00f3 el pasado lunes 17 de marzo que el Gobierno logr\u00f3 sostener el super\u00e1vit fiscal durante febrero. De esta forma, cierra el primer bimestre del a\u00f1o con un saldo positivo en las cuentas p\u00fablicas, incluyendo el pago de la deuda. A trav\u00e9s de su cuenta de X,<\/p>\n","protected":false},"author":1,"featured_media":185618,"comment_status":"closed","ping_status":"closed","sticky":false,"template":"","format":"standard","meta":{"footnotes":""},"categories":[485],"tags":[495],"class_list":{"0":"post-185617","1":"post","2":"type-post","3":"status-publish","4":"format-standard","5":"has-post-thumbnail","7":"category-internacional","8":"tag-argentina"},"aioseo_notices":[],"aioseo_head":"\n\t\t<!-- All in One SEO Pro 4.9.6.2 - aioseo.com -->\n\t<meta name=\"description\" content=\"El ministro de Econom\u00eda de Argentina, Luis Caputo, anunci\u00f3 el pasado lunes 17 de marzo que el Gobierno logr\u00f3 sostener el super\u00e1vit fiscal durante febrero.\" \/>\n\t<meta name=\"robots\" content=\"max-image-preview:large\" \/>\n\t<meta name=\"author\" content=\"Cand\u00e1s 365\"\/>\n\t<meta name=\"google-site-verification\" content=\"UA-32230408-1\" \/>\n\t<meta name=\"msvalidate.01\" content=\"354F3CDFB2DA171B47FBE9ABF1F88D5\" \/>\n\t<meta name=\"keywords\" content=\"internacional\" \/>\n\t<link rel=\"canonical\" href=\"https:\/\/candas365.es\/noticias\/argentina-sostiene-el-superavit-fiscal\/\" \/>\n\t<meta name=\"generator\" content=\"All in One SEO Pro (AIOSEO) 4.9.6.2\" \/>\n\t\t<meta property=\"og:locale\" content=\"es_ES\" \/>\n\t\t<meta property=\"og:site_name\" content=\"Cand\u00e1s 365\" \/>\n\t\t<meta property=\"og:type\" content=\"article\" \/>\n\t\t<meta property=\"og:title\" content=\"Argentina sostiene el super\u00e1vit fiscal | Cand\u00e1s 365\" \/>\n\t\t<meta property=\"og:description\" content=\"El ministro de Econom\u00eda de Argentina, Luis Caputo, anunci\u00f3 el pasado lunes 17 de marzo que el Gobierno logr\u00f3 sostener el super\u00e1vit fiscal durante febrero.\" \/>\n\t\t<meta property=\"og:url\" content=\"https:\/\/candas365.es\/noticias\/argentina-sostiene-el-superavit-fiscal\/\" \/>\n\t\t<meta property=\"og:image\" content=\"https:\/\/candas365.es\/noticias\/wp-content\/uploads\/2025\/03\/Argentina.jpg\" \/>\n\t\t<meta property=\"og:image:secure_url\" content=\"https:\/\/candas365.es\/noticias\/wp-content\/uploads\/2025\/03\/Argentina.jpg\" \/>\n\t\t<meta property=\"og:image:width\" content=\"1017\" \/>\n\t\t<meta property=\"og:image:height\" content=\"658\" \/>\n\t\t<meta property=\"article:published_time\" content=\"2025-03-23T16:38:24+00:00\" \/>\n\t\t<meta property=\"article:modified_time\" content=\"2025-03-23T16:38:24+00:00\" \/>\n\t\t<meta property=\"article:publisher\" content=\"https:\/\/www.facebook.com\/Nachofdezber\" \/>\n\t\t<meta property=\"article:author\" content=\"https:\/\/www.facebook.com\/carrenoactualidad\" \/>\n\t\t<meta name=\"twitter:card\" content=\"summary_large_image\" \/>\n\t\t<meta name=\"twitter:site\" content=\"@NabercoDigital\" \/>\n\t\t<meta name=\"twitter:title\" content=\"Argentina sostiene el super\u00e1vit fiscal | Cand\u00e1s 365\" \/>\n\t\t<meta name=\"twitter:description\" content=\"El ministro de Econom\u00eda de Argentina, Luis Caputo, anunci\u00f3 el pasado lunes 17 de marzo que el Gobierno logr\u00f3 sostener el super\u00e1vit fiscal durante febrero.\" \/>\n\t\t<meta name=\"twitter:creator\" content=\"@nbasturias\" \/>\n\t\t<meta name=\"twitter:image\" content=\"https:\/\/candas365.es\/noticias\/wp-content\/uploads\/2025\/03\/Argentina.jpg\" \/>\n\t\t<meta name=\"twitter:label1\" content=\"Escrito por\" \/>\n\t\t<meta name=\"twitter:data1\" content=\"Cand\u00e1s 365\" \/>\n\t\t<meta name=\"twitter:label2\" content=\"Tiempo de lectura estimado\" \/>\n\t\t<meta name=\"twitter:data2\" content=\"2 minutos\" \/>\n\t\t<script type=\"application\/ld+json\" class=\"aioseo-schema\">\n\t\t\t{\"@context\":\"https:\\\/\\\/schema.org\",\"@graph\":[{\"@type\":\"BreadcrumbList\",\"@id\":\"https:\\\/\\\/candas365.es\\\/noticias\\\/argentina-sostiene-el-superavit-fiscal\\\/#breadcrumblist\",\"itemListElement\":[{\"@type\":\"ListItem\",\"@id\":\"https:\\\/\\\/candas365.es\\\/noticias#listItem\",\"position\":1,\"name\":\"Home\",\"item\":\"https:\\\/\\\/candas365.es\\\/noticias\",\"nextItem\":{\"@type\":\"ListItem\",\"@id\":\"https:\\\/\\\/candas365.es\\\/noticias\\\/category\\\/internacional\\\/#listItem\",\"name\":\"Internacional\"}},{\"@type\":\"ListItem\",\"@id\":\"https:\\\/\\\/candas365.es\\\/noticias\\\/category\\\/internacional\\\/#listItem\",\"position\":2,\"name\":\"Internacional\",\"item\":\"https:\\\/\\\/candas365.es\\\/noticias\\\/category\\\/internacional\\\/\",\"nextItem\":{\"@type\":\"ListItem\",\"@id\":\"https:\\\/\\\/candas365.es\\\/noticias\\\/argentina-sostiene-el-superavit-fiscal\\\/#listItem\",\"name\":\"Argentina sostiene el super\\u00e1vit fiscal\"},\"previousItem\":{\"@type\":\"ListItem\",\"@id\":\"https:\\\/\\\/candas365.es\\\/noticias#listItem\",\"name\":\"Home\"}},{\"@type\":\"ListItem\",\"@id\":\"https:\\\/\\\/candas365.es\\\/noticias\\\/argentina-sostiene-el-superavit-fiscal\\\/#listItem\",\"position\":3,\"name\":\"Argentina sostiene el super\\u00e1vit fiscal\",\"previousItem\":{\"@type\":\"ListItem\",\"@id\":\"https:\\\/\\\/candas365.es\\\/noticias\\\/category\\\/internacional\\\/#listItem\",\"name\":\"Internacional\"}}]},{\"@type\":\"NewsArticle\",\"@id\":\"https:\\\/\\\/candas365.es\\\/noticias\\\/argentina-sostiene-el-superavit-fiscal\\\/#newsarticle\",\"name\":\"Argentina sostiene el super\\u00e1vit fiscal | Cand\\u00e1s 365\",\"headline\":\"Argentina sostiene el super\\u00e1vit fiscal\",\"author\":{\"@id\":\"https:\\\/\\\/candas365.es\\\/noticias\\\/author\\\/admin\\\/#author\"},\"publisher\":{\"@id\":\"https:\\\/\\\/candas365.es\\\/noticias\\\/#organization\"},\"image\":{\"@type\":\"ImageObject\",\"url\":\"https:\\\/\\\/candas365.es\\\/noticias\\\/wp-content\\\/uploads\\\/2025\\\/03\\\/Argentina.jpg\",\"width\":1017,\"height\":658,\"caption\":\"Foto: 123rf.com\"},\"datePublished\":\"2025-03-23T17:38:24+01:00\",\"dateModified\":\"2025-03-23T17:38:24+01:00\",\"inLanguage\":\"es-ES\",\"mainEntityOfPage\":{\"@id\":\"https:\\\/\\\/candas365.es\\\/noticias\\\/argentina-sostiene-el-superavit-fiscal\\\/#webpage\"},\"isPartOf\":{\"@id\":\"https:\\\/\\\/candas365.es\\\/noticias\\\/argentina-sostiene-el-superavit-fiscal\\\/#webpage\"},\"articleSection\":\"Internacional, Argentina\",\"dateline\":\"Publicado el marzo 23, 2025.\"},{\"@type\":\"Organization\",\"@id\":\"https:\\\/\\\/candas365.es\\\/noticias\\\/#organization\",\"name\":\"Cand\\u00e1s 365\",\"description\":\"Cand\\u00e1s 365 es un diario digital independiente, fundado en 2012, con base en Asturias. Informamos con rigor sobre actualidad, sociedad, cultura y ocio, con una mirada local y global.\",\"url\":\"https:\\\/\\\/candas365.es\\\/noticias\\\/\",\"email\":\"info@candas365.es\",\"telephone\":\"+34652131393\",\"foundingDate\":\"2012-06-10\",\"logo\":{\"@type\":\"ImageObject\",\"url\":\"https:\\\/\\\/candas365.es\\\/noticias\\\/wp-content\\\/uploads\\\/2024\\\/09\\\/Candas-365-Redes.jpg\",\"@id\":\"https:\\\/\\\/candas365.es\\\/noticias\\\/argentina-sostiene-el-superavit-fiscal\\\/#organizationLogo\",\"width\":1152,\"height\":864,\"caption\":\"Cand\\u00e1s 365 Redes\"},\"image\":{\"@id\":\"https:\\\/\\\/candas365.es\\\/noticias\\\/argentina-sostiene-el-superavit-fiscal\\\/#organizationLogo\"},\"sameAs\":[\"https:\\\/\\\/www.facebook.com\\\/Nachofdezber\",\"https:\\\/\\\/x.com\\\/NabercoDigital\",\"https:\\\/\\\/www.instagram.com\\\/nachofdezber\\\/\",\"https:\\\/\\\/www.youtube.com\\\/channel\\\/UCZP-2wLEB9Rv6erhFmqVnvg\"],\"address\":{\"@id\":\"https:\\\/\\\/candas365.es\\\/noticias\\\/#postaladdress\",\"@type\":\"PostalAddress\",\"streetAddress\":\"san antonio 4, san antonio 4\",\"postalCode\":\"33430\",\"addressLocality\":\"Cand\\u00e1s\",\"addressRegion\":\"Asturias\",\"addressCountry\":\"ES\"}},{\"@type\":\"Person\",\"@id\":\"https:\\\/\\\/candas365.es\\\/noticias\\\/author\\\/admin\\\/#author\",\"url\":\"https:\\\/\\\/candas365.es\\\/noticias\\\/author\\\/admin\\\/\",\"name\":\"Cand\\u00e1s 365\",\"image\":{\"@type\":\"ImageObject\",\"@id\":\"https:\\\/\\\/candas365.es\\\/noticias\\\/argentina-sostiene-el-superavit-fiscal\\\/#authorImage\",\"url\":\"https:\\\/\\\/secure.gravatar.com\\\/avatar\\\/496a8e03d0c493ede1718b7934145dbdf8d89be1036b0eec9544e1094c9de390?s=96&d=mm&r=g\",\"width\":96,\"height\":96,\"caption\":\"Cand\\u00e1s 365\"},\"sameAs\":[\"https:\\\/\\\/www.facebook.com\\\/carrenoactualidad\",\"https:\\\/\\\/twitter.com\\\/nbasturias\",\"https:\\\/\\\/www.instagram.com\\\/nachofdezber\\\/\",\"https:\\\/\\\/www.youtube.com\\\/channel\\\/UCZP-2wLEB9Rv6erhFmqVnvg\"]},{\"@type\":\"WebPage\",\"@id\":\"https:\\\/\\\/candas365.es\\\/noticias\\\/argentina-sostiene-el-superavit-fiscal\\\/#webpage\",\"url\":\"https:\\\/\\\/candas365.es\\\/noticias\\\/argentina-sostiene-el-superavit-fiscal\\\/\",\"name\":\"Argentina sostiene el super\\u00e1vit fiscal | Cand\\u00e1s 365\",\"description\":\"El ministro de Econom\\u00eda de Argentina, Luis Caputo, anunci\\u00f3 el pasado lunes 17 de marzo que el Gobierno logr\\u00f3 sostener el super\\u00e1vit fiscal durante febrero.\",\"inLanguage\":\"es-ES\",\"isPartOf\":{\"@id\":\"https:\\\/\\\/candas365.es\\\/noticias\\\/#website\"},\"breadcrumb\":{\"@id\":\"https:\\\/\\\/candas365.es\\\/noticias\\\/argentina-sostiene-el-superavit-fiscal\\\/#breadcrumblist\"},\"author\":{\"@id\":\"https:\\\/\\\/candas365.es\\\/noticias\\\/author\\\/admin\\\/#author\"},\"creator\":{\"@id\":\"https:\\\/\\\/candas365.es\\\/noticias\\\/author\\\/admin\\\/#author\"},\"image\":{\"@type\":\"ImageObject\",\"url\":\"https:\\\/\\\/candas365.es\\\/noticias\\\/wp-content\\\/uploads\\\/2025\\\/03\\\/Argentina.jpg\",\"@id\":\"https:\\\/\\\/candas365.es\\\/noticias\\\/argentina-sostiene-el-superavit-fiscal\\\/#mainImage\",\"width\":1017,\"height\":658,\"caption\":\"Foto: 123rf.com\"},\"primaryImageOfPage\":{\"@id\":\"https:\\\/\\\/candas365.es\\\/noticias\\\/argentina-sostiene-el-superavit-fiscal\\\/#mainImage\"},\"datePublished\":\"2025-03-23T17:38:24+01:00\",\"dateModified\":\"2025-03-23T17:38:24+01:00\"},{\"@type\":\"WebSite\",\"@id\":\"https:\\\/\\\/candas365.es\\\/noticias\\\/#website\",\"url\":\"https:\\\/\\\/candas365.es\\\/noticias\\\/\",\"name\":\"Cand\\u00e1s 365\",\"alternateName\":\"Cand\\u00e1s 365 Noticias\",\"description\":\"Actualidad desde Carre\\u00f1o para el mundo\",\"inLanguage\":\"es-ES\",\"publisher\":{\"@id\":\"https:\\\/\\\/candas365.es\\\/noticias\\\/#organization\"}}]}\n\t\t<\/script>\n\t\t<!-- All in One SEO Pro -->\r\n\t\t<title>Argentina sostiene el super\u00e1vit fiscal | Cand\u00e1s 365<\/title>\n\n","aioseo_head_json":{"title":"Argentina sostiene el super\u00e1vit fiscal | Cand\u00e1s 365","description":"El ministro de Econom\u00eda de Argentina, Luis Caputo, anunci\u00f3 el pasado lunes 17 de marzo que el Gobierno logr\u00f3 sostener el super\u00e1vit fiscal durante febrero.","canonical_url":"https:\/\/candas365.es\/noticias\/argentina-sostiene-el-superavit-fiscal\/","robots":"max-image-preview:large","keywords":"internacional","webmasterTools":{"google-site-verification":"UA-32230408-1","msvalidate.01":"354F3CDFB2DA171B47FBE9ABF1F88D5","miscellaneous":""},"schema":{"@context":"https:\/\/schema.org","@graph":[{"@type":"BreadcrumbList","@id":"https:\/\/candas365.es\/noticias\/argentina-sostiene-el-superavit-fiscal\/#breadcrumblist","itemListElement":[{"@type":"ListItem","@id":"https:\/\/candas365.es\/noticias#listItem","position":1,"name":"Home","item":"https:\/\/candas365.es\/noticias","nextItem":{"@type":"ListItem","@id":"https:\/\/candas365.es\/noticias\/category\/internacional\/#listItem","name":"Internacional"}},{"@type":"ListItem","@id":"https:\/\/candas365.es\/noticias\/category\/internacional\/#listItem","position":2,"name":"Internacional","item":"https:\/\/candas365.es\/noticias\/category\/internacional\/","nextItem":{"@type":"ListItem","@id":"https:\/\/candas365.es\/noticias\/argentina-sostiene-el-superavit-fiscal\/#listItem","name":"Argentina sostiene el super\u00e1vit fiscal"},"previousItem":{"@type":"ListItem","@id":"https:\/\/candas365.es\/noticias#listItem","name":"Home"}},{"@type":"ListItem","@id":"https:\/\/candas365.es\/noticias\/argentina-sostiene-el-superavit-fiscal\/#listItem","position":3,"name":"Argentina sostiene el super\u00e1vit fiscal","previousItem":{"@type":"ListItem","@id":"https:\/\/candas365.es\/noticias\/category\/internacional\/#listItem","name":"Internacional"}}]},{"@type":"NewsArticle","@id":"https:\/\/candas365.es\/noticias\/argentina-sostiene-el-superavit-fiscal\/#newsarticle","name":"Argentina sostiene el super\u00e1vit fiscal | Cand\u00e1s 365","headline":"Argentina sostiene el super\u00e1vit fiscal","author":{"@id":"https:\/\/candas365.es\/noticias\/author\/admin\/#author"},"publisher":{"@id":"https:\/\/candas365.es\/noticias\/#organization"},"image":{"@type":"ImageObject","url":"https:\/\/candas365.es\/noticias\/wp-content\/uploads\/2025\/03\/Argentina.jpg","width":1017,"height":658,"caption":"Foto: 123rf.com"},"datePublished":"2025-03-23T17:38:24+01:00","dateModified":"2025-03-23T17:38:24+01:00","inLanguage":"es-ES","mainEntityOfPage":{"@id":"https:\/\/candas365.es\/noticias\/argentina-sostiene-el-superavit-fiscal\/#webpage"},"isPartOf":{"@id":"https:\/\/candas365.es\/noticias\/argentina-sostiene-el-superavit-fiscal\/#webpage"},"articleSection":"Internacional, Argentina","dateline":"Publicado el marzo 23, 2025."},{"@type":"Organization","@id":"https:\/\/candas365.es\/noticias\/#organization","name":"Cand\u00e1s 365","description":"Cand\u00e1s 365 es un diario digital independiente, fundado en 2012, con base en Asturias. Informamos con rigor sobre actualidad, sociedad, cultura y ocio, con una mirada local y global.","url":"https:\/\/candas365.es\/noticias\/","email":"info@candas365.es","telephone":"+34652131393","foundingDate":"2012-06-10","logo":{"@type":"ImageObject","url":"https:\/\/candas365.es\/noticias\/wp-content\/uploads\/2024\/09\/Candas-365-Redes.jpg","@id":"https:\/\/candas365.es\/noticias\/argentina-sostiene-el-superavit-fiscal\/#organizationLogo","width":1152,"height":864,"caption":"Cand\u00e1s 365 Redes"},"image":{"@id":"https:\/\/candas365.es\/noticias\/argentina-sostiene-el-superavit-fiscal\/#organizationLogo"},"sameAs":["https:\/\/www.facebook.com\/Nachofdezber","https:\/\/x.com\/NabercoDigital","https:\/\/www.instagram.com\/nachofdezber\/","https:\/\/www.youtube.com\/channel\/UCZP-2wLEB9Rv6erhFmqVnvg"],"address":{"@id":"https:\/\/candas365.es\/noticias\/#postaladdress","@type":"PostalAddress","streetAddress":"san antonio 4, san antonio 4","postalCode":"33430","addressLocality":"Cand\u00e1s","addressRegion":"Asturias","addressCountry":"ES"}},{"@type":"Person","@id":"https:\/\/candas365.es\/noticias\/author\/admin\/#author","url":"https:\/\/candas365.es\/noticias\/author\/admin\/","name":"Cand\u00e1s 365","image":{"@type":"ImageObject","@id":"https:\/\/candas365.es\/noticias\/argentina-sostiene-el-superavit-fiscal\/#authorImage","url":"https:\/\/secure.gravatar.com\/avatar\/496a8e03d0c493ede1718b7934145dbdf8d89be1036b0eec9544e1094c9de390?s=96&d=mm&r=g","width":96,"height":96,"caption":"Cand\u00e1s 365"},"sameAs":["https:\/\/www.facebook.com\/carrenoactualidad","https:\/\/twitter.com\/nbasturias","https:\/\/www.instagram.com\/nachofdezber\/","https:\/\/www.youtube.com\/channel\/UCZP-2wLEB9Rv6erhFmqVnvg"]},{"@type":"WebPage","@id":"https:\/\/candas365.es\/noticias\/argentina-sostiene-el-superavit-fiscal\/#webpage","url":"https:\/\/candas365.es\/noticias\/argentina-sostiene-el-superavit-fiscal\/","name":"Argentina sostiene el super\u00e1vit fiscal | Cand\u00e1s 365","description":"El ministro de Econom\u00eda de Argentina, Luis Caputo, anunci\u00f3 el pasado lunes 17 de marzo que el Gobierno logr\u00f3 sostener el super\u00e1vit fiscal durante febrero.","inLanguage":"es-ES","isPartOf":{"@id":"https:\/\/candas365.es\/noticias\/#website"},"breadcrumb":{"@id":"https:\/\/candas365.es\/noticias\/argentina-sostiene-el-superavit-fiscal\/#breadcrumblist"},"author":{"@id":"https:\/\/candas365.es\/noticias\/author\/admin\/#author"},"creator":{"@id":"https:\/\/candas365.es\/noticias\/author\/admin\/#author"},"image":{"@type":"ImageObject","url":"https:\/\/candas365.es\/noticias\/wp-content\/uploads\/2025\/03\/Argentina.jpg","@id":"https:\/\/candas365.es\/noticias\/argentina-sostiene-el-superavit-fiscal\/#mainImage","width":1017,"height":658,"caption":"Foto: 123rf.com"},"primaryImageOfPage":{"@id":"https:\/\/candas365.es\/noticias\/argentina-sostiene-el-superavit-fiscal\/#mainImage"},"datePublished":"2025-03-23T17:38:24+01:00","dateModified":"2025-03-23T17:38:24+01:00"},{"@type":"WebSite","@id":"https:\/\/candas365.es\/noticias\/#website","url":"https:\/\/candas365.es\/noticias\/","name":"Cand\u00e1s 365","alternateName":"Cand\u00e1s 365 Noticias","description":"Actualidad desde Carre\u00f1o para el mundo","inLanguage":"es-ES","publisher":{"@id":"https:\/\/candas365.es\/noticias\/#organization"}}]},"og:locale":"es_ES","og:site_name":"Cand\u00e1s 365","og:type":"article","og:title":"Argentina sostiene el super\u00e1vit fiscal | Cand\u00e1s 365","og:description":"El ministro de Econom\u00eda de Argentina, Luis Caputo, anunci\u00f3 el pasado lunes 17 de marzo que el Gobierno logr\u00f3 sostener el super\u00e1vit fiscal durante febrero.","og:url":"https:\/\/candas365.es\/noticias\/argentina-sostiene-el-superavit-fiscal\/","og:image":"https:\/\/candas365.es\/noticias\/wp-content\/uploads\/2025\/03\/Argentina.jpg","og:image:secure_url":"https:\/\/candas365.es\/noticias\/wp-content\/uploads\/2025\/03\/Argentina.jpg","og:image:width":1017,"og:image:height":658,"article:published_time":"2025-03-23T16:38:24+00:00","article:modified_time":"2025-03-23T16:38:24+00:00","article:publisher":"https:\/\/www.facebook.com\/Nachofdezber","article:author":"https:\/\/www.facebook.com\/carrenoactualidad","twitter:card":"summary_large_image","twitter:site":"@NabercoDigital","twitter:title":"Argentina sostiene el super\u00e1vit fiscal | Cand\u00e1s 365","twitter:description":"El ministro de Econom\u00eda de Argentina, Luis Caputo, anunci\u00f3 el pasado lunes 17 de marzo que el Gobierno logr\u00f3 sostener el super\u00e1vit fiscal durante febrero.","twitter:creator":"@nbasturias","twitter:image":"https:\/\/candas365.es\/noticias\/wp-content\/uploads\/2025\/03\/Argentina.jpg","twitter:label1":"Escrito por","twitter:data1":"Cand\u00e1s 365","twitter:label2":"Tiempo de lectura estimado","twitter:data2":"2 minutos"},"aioseo_meta_data":{"post_id":"185617","title":null,"description":"El ministro de Econom\u00eda de Argentina, Luis Caputo, anunci\u00f3 el pasado lunes 17 de marzo que el Gobierno logr\u00f3 sostener el super\u00e1vit fiscal durante febrero.","keywords":null,"keyphrases":{"focus":{"keyphrase":"Argentina","score":85,"analysis":{"keyphraseInTitle":{"score":9,"maxScore":9,"error":0},"keyphraseInDescription":{"score":9,"maxScore":9,"error":0},"keyphraseLength":{"score":9,"maxScore":9,"error":0,"length":1},"keyphraseInURL":{"score":5,"maxScore":5,"error":0},"keyphraseInIntroduction":{"score":9,"maxScore":9,"error":0},"keyphraseInSubHeadings":[],"keyphraseInImageAlt":{"score":9,"maxScore":9,"error":0},"keywordDensity":{"score":0,"type":"low","maxScore":9,"error":1}}},"additional":[{"keyphrase":"Argentina","score":80,"analysis":{"keyphraseInDescription":{"score":9,"maxScore":9,"error":0},"keyphraseLength":{"score":9,"maxScore":9,"error":0,"length":1},"keyphraseInIntroduction":{"score":9,"maxScore":9,"error":0},"keyphraseInImageAlt":{"score":9,"maxScore":9,"error":0},"keywordDensity":{"score":0,"type":"low","maxScore":9,"error":1}}}]},"primary_term":null,"canonical_url":null,"og_title":null,"og_description":null,"og_object_type":"default","og_image_type":"default","og_image_url":null,"og_image_width":null,"og_image_height":null,"og_image_custom_url":null,"og_image_custom_fields":null,"og_video":"","og_custom_url":null,"og_article_section":null,"og_article_tags":null,"twitter_use_og":false,"twitter_card":"default","twitter_image_type":"default","twitter_image_url":null,"twitter_image_custom_url":null,"twitter_image_custom_fields":null,"twitter_title":null,"twitter_description":null,"schema":{"blockGraphs":[],"customGraphs":[],"default":{"data":{"Article":[],"Course":[],"Dataset":[],"FAQPage":[],"Movie":[],"Person":[],"Product":[],"ProductReview":[],"Car":[],"Recipe":[],"Service":[],"SoftwareApplication":[],"WebPage":[]},"graphName":"Article","isEnabled":true},"graphs":[]},"schema_type":"default","schema_type_options":null,"pillar_content":false,"robots_default":true,"robots_noindex":false,"robots_noarchive":false,"robots_nosnippet":false,"robots_nofollow":false,"robots_noimageindex":false,"robots_noodp":false,"robots_notranslate":false,"robots_max_snippet":"-1","robots_max_videopreview":"-1","robots_max_imagepreview":"large","priority":null,"frequency":"default","location":null,"local_seo":null,"seo_analyzer_scan_date":"2025-09-03 11:03:27","breadcrumb_settings":null,"limit_modified_date":false,"reviewed_by":null,"open_ai":"{\"title\":{\"suggestions\":[],\"usage\":0},\"description\":{\"suggestions\":[],\"usage\":0}}","ai":null,"created":"2025-03-23 16:26:01","updated":"2025-09-03 11:03:27"},"aioseo_breadcrumb":"<div class=\"aioseo-breadcrumbs\"><span class=\"aioseo-breadcrumb\">\n\t<a href=\"https:\/\/candas365.es\/noticias\" title=\"Home\">Home<\/a>\n<\/span><span class=\"aioseo-breadcrumb-separator\">&ndash;<\/span><span class=\"aioseo-breadcrumb\">\n\t<a href=\"https:\/\/candas365.es\/noticias\/category\/internacional\/\" title=\"Internacional\">Internacional<\/a>\n<\/span><span class=\"aioseo-breadcrumb-separator\">&ndash;<\/span><span class=\"aioseo-breadcrumb\">\n\tArgentina sostiene el super\u00e1vit fiscal\n<\/span><\/div>","aioseo_breadcrumb_json":[{"label":"Home","link":"https:\/\/candas365.es\/noticias"},{"label":"Internacional","link":"https:\/\/candas365.es\/noticias\/category\/internacional\/"},{"label":"Argentina sostiene el super\u00e1vit fiscal","link":"https:\/\/candas365.es\/noticias\/argentina-sostiene-el-superavit-fiscal\/"}],"_links":{"self":[{"href":"https:\/\/candas365.es\/noticias\/wp-json\/wp\/v2\/posts\/185617","targetHints":{"allow":["GET"]}}],"collection":[{"href":"https:\/\/candas365.es\/noticias\/wp-json\/wp\/v2\/posts"}],"about":[{"href":"https:\/\/candas365.es\/noticias\/wp-json\/wp\/v2\/types\/post"}],"author":[{"embeddable":true,"href":"https:\/\/candas365.es\/noticias\/wp-json\/wp\/v2\/users\/1"}],"replies":[{"embeddable":true,"href":"https:\/\/candas365.es\/noticias\/wp-json\/wp\/v2\/comments?post=185617"}],"version-history":[{"count":0,"href":"https:\/\/candas365.es\/noticias\/wp-json\/wp\/v2\/posts\/185617\/revisions"}],"wp:featuredmedia":[{"embeddable":true,"href":"https:\/\/candas365.es\/noticias\/wp-json\/wp\/v2\/media\/185618"}],"wp:attachment":[{"href":"https:\/\/candas365.es\/noticias\/wp-json\/wp\/v2\/media?parent=185617"}],"wp:term":[{"taxonomy":"category","embeddable":true,"href":"https:\/\/candas365.es\/noticias\/wp-json\/wp\/v2\/categories?post=185617"},{"taxonomy":"post_tag","embeddable":true,"href":"https:\/\/candas365.es\/noticias\/wp-json\/wp\/v2\/tags?post=185617"}],"curies":[{"name":"wp","href":"https:\/\/api.w.org\/{rel}","templated":true}]}}