{"id":185525,"date":"2025-03-14T01:06:51","date_gmt":"2025-03-14T00:06:51","guid":{"rendered":"https:\/\/candas365.es\/noticias\/?p=185525"},"modified":"2025-03-14T01:07:16","modified_gmt":"2025-03-14T00:07:16","slug":"la-inseguridad-juridica-es-el-principal-problema-fiscal-de-espana","status":"publish","type":"post","link":"https:\/\/candas365.es\/noticias\/la-inseguridad-juridica-es-el-principal-problema-fiscal-de-espana\/","title":{"rendered":"La inseguridad jur\u00eddica es el principal problema fiscal de Espa\u00f1a"},"content":{"rendered":"<p>El presidente de la Aedaf, Bernardo Bande, alert\u00f3 el jueves de que <strong>la inseguridad jur\u00eddica es el mayor problema en <a href=\"https:\/\/candas365.es\/noticias\/category\/economia\/\"><span style=\"color: #ff6600;\">materia fiscal<\/span><\/a> que existe en Espa\u00f1a<\/strong>, seg\u00fan apunt\u00f3 en la inauguraci\u00f3n de la XVIII Jornada Nacional de Estudio.<\/p>\n<figure id=\"attachment_185526\" aria-describedby=\"caption-attachment-185526\" style=\"width: 650px\" class=\"wp-caption aligncenter\"><img fetchpriority=\"high\" decoding=\"async\" class=\"size-large wp-image-185526\" src=\"https:\/\/candas365.es\/noticias\/wp-content\/uploads\/2025\/03\/materia-fiscal-650x427.jpg\" alt=\"materia fiscal \" width=\"650\" height=\"427\" srcset=\"https:\/\/candas365.es\/noticias\/wp-content\/uploads\/2025\/03\/materia-fiscal-650x427.jpg 650w, https:\/\/candas365.es\/noticias\/wp-content\/uploads\/2025\/03\/materia-fiscal-360x236.jpg 360w, https:\/\/candas365.es\/noticias\/wp-content\/uploads\/2025\/03\/materia-fiscal-768x505.jpg 768w, https:\/\/candas365.es\/noticias\/wp-content\/uploads\/2025\/03\/materia-fiscal-150x99.jpg 150w, https:\/\/candas365.es\/noticias\/wp-content\/uploads\/2025\/03\/materia-fiscal-450x296.jpg 450w, https:\/\/candas365.es\/noticias\/wp-content\/uploads\/2025\/03\/materia-fiscal.jpg 994w\" sizes=\"(max-width: 650px) 100vw, 650px\" \/><figcaption id=\"caption-attachment-185526\" class=\"wp-caption-text\">Foto: 123rf.com<\/figcaption><\/figure>\n<p>Para Bande, una evidencia de esa inseguridad jur\u00eddica es que, por ejemplo, \u201cmiles de aut\u00f3nomos no saben si en 2025 deben tributar en estimaci\u00f3n objetiva o directa al no tener informaci\u00f3n sobre los l\u00edmites aplicables en 2025\u201d.<\/p>\n<p>Asimismo, tambi\u00e9n denunci\u00f3 \u201cel retraso en la devoluci\u00f3n del IRPF a los mutualistas\u201d, a ra\u00edz del cambio de criterio de Hacienda. Ambas situaciones son, a su juicio, \u201cinaceptables\u201d.<\/p>\n<p>En este encuentro, que reuni\u00f3 a casi 300 profesionales, Bande reivindic\u00f3 que \u201clos derechos de los contribuyentes prevalezcan sobre la recaudaci\u00f3n tributaria\u201d, a pesar de que el Supremo ha dictado sentencias que \u201cavalan estos derechos\u201d.<\/p>\n<p>\u201cSi el criterio econ\u00f3mico prima sobre el respeto a los derechos reconocidos por los tribunales, \u00bfQu\u00e9 garant\u00eda tienen los contribuyentes de no enfrentarse a medidas igualmente arbitrarias en el futuro?\u201d, advirti\u00f3.<\/p>\n<p>(<a href=\"https:\/\/www.servimedia.es\/\" target=\"_blank\" rel=\"noopener\"><span style=\"color: #ff6600;\"><strong>SERVIMEDIA<\/strong><\/span><\/a>)<\/p>\n","protected":false},"excerpt":{"rendered":"<p>El presidente de la Aedaf, Bernardo Bande, alert\u00f3 el jueves de que la inseguridad jur\u00eddica es el mayor problema en materia fiscal que existe en Espa\u00f1a, seg\u00fan apunt\u00f3 en la inauguraci\u00f3n de la XVIII Jornada Nacional de Estudio. Para Bande, una evidencia de esa inseguridad jur\u00eddica es que, por ejemplo, \u201cmiles de aut\u00f3nomos no saben<\/p>\n","protected":false},"author":1,"featured_media":185526,"comment_status":"closed","ping_status":"closed","sticky":false,"template":"","format":"standard","meta":{"footnotes":""},"categories":[486],"tags":[437,383],"class_list":{"0":"post-185525","1":"post","2":"type-post","3":"status-publish","4":"format-standard","5":"has-post-thumbnail","7":"category-economia","8":"tag-economia","9":"tag-empresas"},"aioseo_notices":[],"aioseo_head":"\n\t\t<!-- All in One SEO Pro 4.9.6.2 - aioseo.com -->\n\t<meta name=\"description\" content=\"El presidente de la Aedaf, Bernardo Bande, alert\u00f3 el jueves de que la inseguridad jur\u00eddica es el mayor problema en materia fiscal que existe en Espa\u00f1a,\" \/>\n\t<meta name=\"robots\" content=\"max-image-preview:large\" \/>\n\t<meta name=\"author\" content=\"Cand\u00e1s 365\"\/>\n\t<meta name=\"google-site-verification\" content=\"UA-32230408-1\" \/>\n\t<meta name=\"msvalidate.01\" content=\"354F3CDFB2DA171B47FBE9ABF1F88D5\" \/>\n\t<meta name=\"keywords\" content=\"econom\u00eda\" \/>\n\t<link rel=\"canonical\" href=\"https:\/\/candas365.es\/noticias\/la-inseguridad-juridica-es-el-principal-problema-fiscal-de-espana\/\" \/>\n\t<meta name=\"generator\" content=\"All in One SEO Pro (AIOSEO) 4.9.6.2\" \/>\n\t\t<meta property=\"og:locale\" content=\"es_ES\" \/>\n\t\t<meta property=\"og:site_name\" content=\"Cand\u00e1s 365\" \/>\n\t\t<meta property=\"og:type\" content=\"article\" \/>\n\t\t<meta property=\"og:title\" content=\"La inseguridad jur\u00eddica es el principal problema fiscal de Espa\u00f1a | Cand\u00e1s 365\" \/>\n\t\t<meta property=\"og:description\" content=\"El presidente de la Aedaf, Bernardo Bande, alert\u00f3 el jueves de que la inseguridad jur\u00eddica es el mayor problema en materia fiscal que existe en Espa\u00f1a,\" \/>\n\t\t<meta property=\"og:url\" content=\"https:\/\/candas365.es\/noticias\/la-inseguridad-juridica-es-el-principal-problema-fiscal-de-espana\/\" \/>\n\t\t<meta property=\"og:image\" content=\"https:\/\/candas365.es\/noticias\/wp-content\/uploads\/2025\/03\/materia-fiscal.jpg\" \/>\n\t\t<meta property=\"og:image:secure_url\" content=\"https:\/\/candas365.es\/noticias\/wp-content\/uploads\/2025\/03\/materia-fiscal.jpg\" \/>\n\t\t<meta property=\"og:image:width\" content=\"994\" \/>\n\t\t<meta property=\"og:image:height\" content=\"653\" \/>\n\t\t<meta property=\"article:published_time\" content=\"2025-03-14T00:06:51+00:00\" \/>\n\t\t<meta property=\"article:modified_time\" content=\"2025-03-14T00:07:16+00:00\" \/>\n\t\t<meta property=\"article:publisher\" content=\"https:\/\/www.facebook.com\/Nachofdezber\" \/>\n\t\t<meta property=\"article:author\" content=\"https:\/\/www.facebook.com\/carrenoactualidad\" \/>\n\t\t<meta name=\"twitter:card\" content=\"summary_large_image\" \/>\n\t\t<meta name=\"twitter:site\" content=\"@NabercoDigital\" \/>\n\t\t<meta name=\"twitter:title\" content=\"La inseguridad jur\u00eddica es el principal problema fiscal de Espa\u00f1a | Cand\u00e1s 365\" \/>\n\t\t<meta name=\"twitter:description\" content=\"El presidente de la Aedaf, Bernardo Bande, alert\u00f3 el jueves de que la inseguridad jur\u00eddica es el mayor problema en materia fiscal que existe en Espa\u00f1a,\" \/>\n\t\t<meta name=\"twitter:creator\" content=\"@nbasturias\" \/>\n\t\t<meta name=\"twitter:image\" content=\"https:\/\/candas365.es\/noticias\/wp-content\/uploads\/2025\/03\/materia-fiscal.jpg\" \/>\n\t\t<meta name=\"twitter:label1\" content=\"Escrito por\" \/>\n\t\t<meta name=\"twitter:data1\" content=\"Cand\u00e1s 365\" \/>\n\t\t<meta name=\"twitter:label2\" content=\"Tiempo de lectura estimado\" \/>\n\t\t<meta name=\"twitter:data2\" content=\"1 minuto\" \/>\n\t\t<script type=\"application\/ld+json\" class=\"aioseo-schema\">\n\t\t\t{\"@context\":\"https:\\\/\\\/schema.org\",\"@graph\":[{\"@type\":\"BreadcrumbList\",\"@id\":\"https:\\\/\\\/candas365.es\\\/noticias\\\/la-inseguridad-juridica-es-el-principal-problema-fiscal-de-espana\\\/#breadcrumblist\",\"itemListElement\":[{\"@type\":\"ListItem\",\"@id\":\"https:\\\/\\\/candas365.es\\\/noticias#listItem\",\"position\":1,\"name\":\"Home\",\"item\":\"https:\\\/\\\/candas365.es\\\/noticias\",\"nextItem\":{\"@type\":\"ListItem\",\"@id\":\"https:\\\/\\\/candas365.es\\\/noticias\\\/category\\\/economia\\\/#listItem\",\"name\":\"Econom\\u00eda\"}},{\"@type\":\"ListItem\",\"@id\":\"https:\\\/\\\/candas365.es\\\/noticias\\\/category\\\/economia\\\/#listItem\",\"position\":2,\"name\":\"Econom\\u00eda\",\"item\":\"https:\\\/\\\/candas365.es\\\/noticias\\\/category\\\/economia\\\/\",\"nextItem\":{\"@type\":\"ListItem\",\"@id\":\"https:\\\/\\\/candas365.es\\\/noticias\\\/la-inseguridad-juridica-es-el-principal-problema-fiscal-de-espana\\\/#listItem\",\"name\":\"La inseguridad jur\\u00eddica es el principal problema fiscal de Espa\\u00f1a\"},\"previousItem\":{\"@type\":\"ListItem\",\"@id\":\"https:\\\/\\\/candas365.es\\\/noticias#listItem\",\"name\":\"Home\"}},{\"@type\":\"ListItem\",\"@id\":\"https:\\\/\\\/candas365.es\\\/noticias\\\/la-inseguridad-juridica-es-el-principal-problema-fiscal-de-espana\\\/#listItem\",\"position\":3,\"name\":\"La inseguridad jur\\u00eddica es el principal problema fiscal de Espa\\u00f1a\",\"previousItem\":{\"@type\":\"ListItem\",\"@id\":\"https:\\\/\\\/candas365.es\\\/noticias\\\/category\\\/economia\\\/#listItem\",\"name\":\"Econom\\u00eda\"}}]},{\"@type\":\"NewsArticle\",\"@id\":\"https:\\\/\\\/candas365.es\\\/noticias\\\/la-inseguridad-juridica-es-el-principal-problema-fiscal-de-espana\\\/#newsarticle\",\"name\":\"La inseguridad jur\\u00eddica es el principal problema fiscal de Espa\\u00f1a | Cand\\u00e1s 365\",\"headline\":\"La inseguridad jur\\u00eddica es el principal problema fiscal de Espa\\u00f1a\",\"author\":{\"@id\":\"https:\\\/\\\/candas365.es\\\/noticias\\\/author\\\/admin\\\/#author\"},\"publisher\":{\"@id\":\"https:\\\/\\\/candas365.es\\\/noticias\\\/#organization\"},\"image\":{\"@type\":\"ImageObject\",\"url\":\"https:\\\/\\\/candas365.es\\\/noticias\\\/wp-content\\\/uploads\\\/2025\\\/03\\\/materia-fiscal.jpg\",\"width\":994,\"height\":653,\"caption\":\"Foto: 123rf.com\"},\"datePublished\":\"2025-03-14T01:06:51+01:00\",\"dateModified\":\"2025-03-14T01:07:16+01:00\",\"inLanguage\":\"es-ES\",\"mainEntityOfPage\":{\"@id\":\"https:\\\/\\\/candas365.es\\\/noticias\\\/la-inseguridad-juridica-es-el-principal-problema-fiscal-de-espana\\\/#webpage\"},\"isPartOf\":{\"@id\":\"https:\\\/\\\/candas365.es\\\/noticias\\\/la-inseguridad-juridica-es-el-principal-problema-fiscal-de-espana\\\/#webpage\"},\"articleSection\":\"Econom\\u00eda, Econom\\u00eda, empresas\",\"dateline\":\"Publicado el marzo 14, 2025.\"},{\"@type\":\"Organization\",\"@id\":\"https:\\\/\\\/candas365.es\\\/noticias\\\/#organization\",\"name\":\"Cand\\u00e1s 365\",\"description\":\"Cand\\u00e1s 365 es un diario digital independiente, fundado en 2012, con base en Asturias. Informamos con rigor sobre actualidad, sociedad, cultura y ocio, con una mirada local y global.\",\"url\":\"https:\\\/\\\/candas365.es\\\/noticias\\\/\",\"email\":\"info@candas365.es\",\"telephone\":\"+34652131393\",\"foundingDate\":\"2012-06-10\",\"logo\":{\"@type\":\"ImageObject\",\"url\":\"https:\\\/\\\/candas365.es\\\/noticias\\\/wp-content\\\/uploads\\\/2024\\\/09\\\/Candas-365-Redes.jpg\",\"@id\":\"https:\\\/\\\/candas365.es\\\/noticias\\\/la-inseguridad-juridica-es-el-principal-problema-fiscal-de-espana\\\/#organizationLogo\",\"width\":1152,\"height\":864,\"caption\":\"Cand\\u00e1s 365 Redes\"},\"image\":{\"@id\":\"https:\\\/\\\/candas365.es\\\/noticias\\\/la-inseguridad-juridica-es-el-principal-problema-fiscal-de-espana\\\/#organizationLogo\"},\"sameAs\":[\"https:\\\/\\\/www.facebook.com\\\/Nachofdezber\",\"https:\\\/\\\/x.com\\\/NabercoDigital\",\"https:\\\/\\\/www.instagram.com\\\/nachofdezber\\\/\",\"https:\\\/\\\/www.youtube.com\\\/channel\\\/UCZP-2wLEB9Rv6erhFmqVnvg\"],\"address\":{\"@id\":\"https:\\\/\\\/candas365.es\\\/noticias\\\/#postaladdress\",\"@type\":\"PostalAddress\",\"streetAddress\":\"san antonio 4, san antonio 4\",\"postalCode\":\"33430\",\"addressLocality\":\"Cand\\u00e1s\",\"addressRegion\":\"Asturias\",\"addressCountry\":\"ES\"}},{\"@type\":\"Person\",\"@id\":\"https:\\\/\\\/candas365.es\\\/noticias\\\/author\\\/admin\\\/#author\",\"url\":\"https:\\\/\\\/candas365.es\\\/noticias\\\/author\\\/admin\\\/\",\"name\":\"Cand\\u00e1s 365\",\"image\":{\"@type\":\"ImageObject\",\"@id\":\"https:\\\/\\\/candas365.es\\\/noticias\\\/la-inseguridad-juridica-es-el-principal-problema-fiscal-de-espana\\\/#authorImage\",\"url\":\"https:\\\/\\\/secure.gravatar.com\\\/avatar\\\/496a8e03d0c493ede1718b7934145dbdf8d89be1036b0eec9544e1094c9de390?s=96&d=mm&r=g\",\"width\":96,\"height\":96,\"caption\":\"Cand\\u00e1s 365\"},\"sameAs\":[\"https:\\\/\\\/www.facebook.com\\\/carrenoactualidad\",\"https:\\\/\\\/twitter.com\\\/nbasturias\",\"https:\\\/\\\/www.instagram.com\\\/nachofdezber\\\/\",\"https:\\\/\\\/www.youtube.com\\\/channel\\\/UCZP-2wLEB9Rv6erhFmqVnvg\"]},{\"@type\":\"WebPage\",\"@id\":\"https:\\\/\\\/candas365.es\\\/noticias\\\/la-inseguridad-juridica-es-el-principal-problema-fiscal-de-espana\\\/#webpage\",\"url\":\"https:\\\/\\\/candas365.es\\\/noticias\\\/la-inseguridad-juridica-es-el-principal-problema-fiscal-de-espana\\\/\",\"name\":\"La inseguridad jur\\u00eddica es el principal problema fiscal de Espa\\u00f1a | Cand\\u00e1s 365\",\"description\":\"El presidente de la Aedaf, Bernardo Bande, alert\\u00f3 el jueves de que la inseguridad jur\\u00eddica es el mayor problema en materia fiscal que existe en Espa\\u00f1a,\",\"inLanguage\":\"es-ES\",\"isPartOf\":{\"@id\":\"https:\\\/\\\/candas365.es\\\/noticias\\\/#website\"},\"breadcrumb\":{\"@id\":\"https:\\\/\\\/candas365.es\\\/noticias\\\/la-inseguridad-juridica-es-el-principal-problema-fiscal-de-espana\\\/#breadcrumblist\"},\"author\":{\"@id\":\"https:\\\/\\\/candas365.es\\\/noticias\\\/author\\\/admin\\\/#author\"},\"creator\":{\"@id\":\"https:\\\/\\\/candas365.es\\\/noticias\\\/author\\\/admin\\\/#author\"},\"image\":{\"@type\":\"ImageObject\",\"url\":\"https:\\\/\\\/candas365.es\\\/noticias\\\/wp-content\\\/uploads\\\/2025\\\/03\\\/materia-fiscal.jpg\",\"@id\":\"https:\\\/\\\/candas365.es\\\/noticias\\\/la-inseguridad-juridica-es-el-principal-problema-fiscal-de-espana\\\/#mainImage\",\"width\":994,\"height\":653,\"caption\":\"Foto: 123rf.com\"},\"primaryImageOfPage\":{\"@id\":\"https:\\\/\\\/candas365.es\\\/noticias\\\/la-inseguridad-juridica-es-el-principal-problema-fiscal-de-espana\\\/#mainImage\"},\"datePublished\":\"2025-03-14T01:06:51+01:00\",\"dateModified\":\"2025-03-14T01:07:16+01:00\"},{\"@type\":\"WebSite\",\"@id\":\"https:\\\/\\\/candas365.es\\\/noticias\\\/#website\",\"url\":\"https:\\\/\\\/candas365.es\\\/noticias\\\/\",\"name\":\"Cand\\u00e1s 365\",\"alternateName\":\"Cand\\u00e1s 365 Noticias\",\"description\":\"Actualidad desde Carre\\u00f1o para el mundo\",\"inLanguage\":\"es-ES\",\"publisher\":{\"@id\":\"https:\\\/\\\/candas365.es\\\/noticias\\\/#organization\"}}]}\n\t\t<\/script>\n\t\t<!-- All in One SEO Pro -->\r\n\t\t<title>La inseguridad jur\u00eddica es el principal problema fiscal de Espa\u00f1a | Cand\u00e1s 365<\/title>\n\n","aioseo_head_json":{"title":"La inseguridad jur\u00eddica es el principal problema fiscal de Espa\u00f1a | Cand\u00e1s 365","description":"El presidente de la Aedaf, Bernardo Bande, alert\u00f3 el jueves de que la inseguridad jur\u00eddica es el mayor problema en materia fiscal que existe en Espa\u00f1a,","canonical_url":"https:\/\/candas365.es\/noticias\/la-inseguridad-juridica-es-el-principal-problema-fiscal-de-espana\/","robots":"max-image-preview:large","keywords":"econom\u00eda","webmasterTools":{"google-site-verification":"UA-32230408-1","msvalidate.01":"354F3CDFB2DA171B47FBE9ABF1F88D5","miscellaneous":""},"schema":{"@context":"https:\/\/schema.org","@graph":[{"@type":"BreadcrumbList","@id":"https:\/\/candas365.es\/noticias\/la-inseguridad-juridica-es-el-principal-problema-fiscal-de-espana\/#breadcrumblist","itemListElement":[{"@type":"ListItem","@id":"https:\/\/candas365.es\/noticias#listItem","position":1,"name":"Home","item":"https:\/\/candas365.es\/noticias","nextItem":{"@type":"ListItem","@id":"https:\/\/candas365.es\/noticias\/category\/economia\/#listItem","name":"Econom\u00eda"}},{"@type":"ListItem","@id":"https:\/\/candas365.es\/noticias\/category\/economia\/#listItem","position":2,"name":"Econom\u00eda","item":"https:\/\/candas365.es\/noticias\/category\/economia\/","nextItem":{"@type":"ListItem","@id":"https:\/\/candas365.es\/noticias\/la-inseguridad-juridica-es-el-principal-problema-fiscal-de-espana\/#listItem","name":"La inseguridad jur\u00eddica es el principal problema fiscal de Espa\u00f1a"},"previousItem":{"@type":"ListItem","@id":"https:\/\/candas365.es\/noticias#listItem","name":"Home"}},{"@type":"ListItem","@id":"https:\/\/candas365.es\/noticias\/la-inseguridad-juridica-es-el-principal-problema-fiscal-de-espana\/#listItem","position":3,"name":"La inseguridad jur\u00eddica es el principal problema fiscal de Espa\u00f1a","previousItem":{"@type":"ListItem","@id":"https:\/\/candas365.es\/noticias\/category\/economia\/#listItem","name":"Econom\u00eda"}}]},{"@type":"NewsArticle","@id":"https:\/\/candas365.es\/noticias\/la-inseguridad-juridica-es-el-principal-problema-fiscal-de-espana\/#newsarticle","name":"La inseguridad jur\u00eddica es el principal problema fiscal de Espa\u00f1a | Cand\u00e1s 365","headline":"La inseguridad jur\u00eddica es el principal problema fiscal de Espa\u00f1a","author":{"@id":"https:\/\/candas365.es\/noticias\/author\/admin\/#author"},"publisher":{"@id":"https:\/\/candas365.es\/noticias\/#organization"},"image":{"@type":"ImageObject","url":"https:\/\/candas365.es\/noticias\/wp-content\/uploads\/2025\/03\/materia-fiscal.jpg","width":994,"height":653,"caption":"Foto: 123rf.com"},"datePublished":"2025-03-14T01:06:51+01:00","dateModified":"2025-03-14T01:07:16+01:00","inLanguage":"es-ES","mainEntityOfPage":{"@id":"https:\/\/candas365.es\/noticias\/la-inseguridad-juridica-es-el-principal-problema-fiscal-de-espana\/#webpage"},"isPartOf":{"@id":"https:\/\/candas365.es\/noticias\/la-inseguridad-juridica-es-el-principal-problema-fiscal-de-espana\/#webpage"},"articleSection":"Econom\u00eda, Econom\u00eda, empresas","dateline":"Publicado el marzo 14, 2025."},{"@type":"Organization","@id":"https:\/\/candas365.es\/noticias\/#organization","name":"Cand\u00e1s 365","description":"Cand\u00e1s 365 es un diario digital independiente, fundado en 2012, con base en Asturias. Informamos con rigor sobre actualidad, sociedad, cultura y ocio, con una mirada local y global.","url":"https:\/\/candas365.es\/noticias\/","email":"info@candas365.es","telephone":"+34652131393","foundingDate":"2012-06-10","logo":{"@type":"ImageObject","url":"https:\/\/candas365.es\/noticias\/wp-content\/uploads\/2024\/09\/Candas-365-Redes.jpg","@id":"https:\/\/candas365.es\/noticias\/la-inseguridad-juridica-es-el-principal-problema-fiscal-de-espana\/#organizationLogo","width":1152,"height":864,"caption":"Cand\u00e1s 365 Redes"},"image":{"@id":"https:\/\/candas365.es\/noticias\/la-inseguridad-juridica-es-el-principal-problema-fiscal-de-espana\/#organizationLogo"},"sameAs":["https:\/\/www.facebook.com\/Nachofdezber","https:\/\/x.com\/NabercoDigital","https:\/\/www.instagram.com\/nachofdezber\/","https:\/\/www.youtube.com\/channel\/UCZP-2wLEB9Rv6erhFmqVnvg"],"address":{"@id":"https:\/\/candas365.es\/noticias\/#postaladdress","@type":"PostalAddress","streetAddress":"san antonio 4, san antonio 4","postalCode":"33430","addressLocality":"Cand\u00e1s","addressRegion":"Asturias","addressCountry":"ES"}},{"@type":"Person","@id":"https:\/\/candas365.es\/noticias\/author\/admin\/#author","url":"https:\/\/candas365.es\/noticias\/author\/admin\/","name":"Cand\u00e1s 365","image":{"@type":"ImageObject","@id":"https:\/\/candas365.es\/noticias\/la-inseguridad-juridica-es-el-principal-problema-fiscal-de-espana\/#authorImage","url":"https:\/\/secure.gravatar.com\/avatar\/496a8e03d0c493ede1718b7934145dbdf8d89be1036b0eec9544e1094c9de390?s=96&d=mm&r=g","width":96,"height":96,"caption":"Cand\u00e1s 365"},"sameAs":["https:\/\/www.facebook.com\/carrenoactualidad","https:\/\/twitter.com\/nbasturias","https:\/\/www.instagram.com\/nachofdezber\/","https:\/\/www.youtube.com\/channel\/UCZP-2wLEB9Rv6erhFmqVnvg"]},{"@type":"WebPage","@id":"https:\/\/candas365.es\/noticias\/la-inseguridad-juridica-es-el-principal-problema-fiscal-de-espana\/#webpage","url":"https:\/\/candas365.es\/noticias\/la-inseguridad-juridica-es-el-principal-problema-fiscal-de-espana\/","name":"La inseguridad jur\u00eddica es el principal problema fiscal de Espa\u00f1a | Cand\u00e1s 365","description":"El presidente de la Aedaf, Bernardo Bande, alert\u00f3 el jueves de que la inseguridad jur\u00eddica es el mayor problema en materia fiscal que existe en Espa\u00f1a,","inLanguage":"es-ES","isPartOf":{"@id":"https:\/\/candas365.es\/noticias\/#website"},"breadcrumb":{"@id":"https:\/\/candas365.es\/noticias\/la-inseguridad-juridica-es-el-principal-problema-fiscal-de-espana\/#breadcrumblist"},"author":{"@id":"https:\/\/candas365.es\/noticias\/author\/admin\/#author"},"creator":{"@id":"https:\/\/candas365.es\/noticias\/author\/admin\/#author"},"image":{"@type":"ImageObject","url":"https:\/\/candas365.es\/noticias\/wp-content\/uploads\/2025\/03\/materia-fiscal.jpg","@id":"https:\/\/candas365.es\/noticias\/la-inseguridad-juridica-es-el-principal-problema-fiscal-de-espana\/#mainImage","width":994,"height":653,"caption":"Foto: 123rf.com"},"primaryImageOfPage":{"@id":"https:\/\/candas365.es\/noticias\/la-inseguridad-juridica-es-el-principal-problema-fiscal-de-espana\/#mainImage"},"datePublished":"2025-03-14T01:06:51+01:00","dateModified":"2025-03-14T01:07:16+01:00"},{"@type":"WebSite","@id":"https:\/\/candas365.es\/noticias\/#website","url":"https:\/\/candas365.es\/noticias\/","name":"Cand\u00e1s 365","alternateName":"Cand\u00e1s 365 Noticias","description":"Actualidad desde Carre\u00f1o para el mundo","inLanguage":"es-ES","publisher":{"@id":"https:\/\/candas365.es\/noticias\/#organization"}}]},"og:locale":"es_ES","og:site_name":"Cand\u00e1s 365","og:type":"article","og:title":"La inseguridad jur\u00eddica es el principal problema fiscal de Espa\u00f1a | Cand\u00e1s 365","og:description":"El presidente de la Aedaf, Bernardo Bande, alert\u00f3 el jueves de que la inseguridad jur\u00eddica es el mayor problema en materia fiscal que existe en Espa\u00f1a,","og:url":"https:\/\/candas365.es\/noticias\/la-inseguridad-juridica-es-el-principal-problema-fiscal-de-espana\/","og:image":"https:\/\/candas365.es\/noticias\/wp-content\/uploads\/2025\/03\/materia-fiscal.jpg","og:image:secure_url":"https:\/\/candas365.es\/noticias\/wp-content\/uploads\/2025\/03\/materia-fiscal.jpg","og:image:width":994,"og:image:height":653,"article:published_time":"2025-03-14T00:06:51+00:00","article:modified_time":"2025-03-14T00:07:16+00:00","article:publisher":"https:\/\/www.facebook.com\/Nachofdezber","article:author":"https:\/\/www.facebook.com\/carrenoactualidad","twitter:card":"summary_large_image","twitter:site":"@NabercoDigital","twitter:title":"La inseguridad jur\u00eddica es el principal problema fiscal de Espa\u00f1a | Cand\u00e1s 365","twitter:description":"El presidente de la Aedaf, Bernardo Bande, alert\u00f3 el jueves de que la inseguridad jur\u00eddica es el mayor problema en materia fiscal que existe en Espa\u00f1a,","twitter:creator":"@nbasturias","twitter:image":"https:\/\/candas365.es\/noticias\/wp-content\/uploads\/2025\/03\/materia-fiscal.jpg","twitter:label1":"Escrito por","twitter:data1":"Cand\u00e1s 365","twitter:label2":"Tiempo de lectura estimado","twitter:data2":"1 minuto"},"aioseo_meta_data":{"post_id":"185525","title":null,"description":"El presidente de la Aedaf, Bernardo Bande, alert\u00f3 el jueves de que la inseguridad jur\u00eddica es el mayor problema en materia fiscal que existe en Espa\u00f1a,","keywords":null,"keyphrases":{"focus":{"keyphrase":"fiscal","score":100,"analysis":{"keyphraseInTitle":{"score":9,"maxScore":9,"error":0},"keyphraseInDescription":{"score":9,"maxScore":9,"error":0},"keyphraseLength":{"score":9,"maxScore":9,"error":0,"length":1},"keyphraseInURL":{"score":5,"maxScore":5,"error":0},"keyphraseInIntroduction":{"score":9,"maxScore":9,"error":0},"keyphraseInSubHeadings":[],"keyphraseInImageAlt":{"score":9,"maxScore":9,"error":0},"keywordDensity":{"type":"best","score":9,"maxScore":9,"error":0}}},"additional":[{"keyphrase":"materia fiscal","score":100,"analysis":{"keyphraseInDescription":{"score":9,"maxScore":9,"error":0},"keyphraseLength":{"score":9,"maxScore":9,"error":0,"length":2},"keyphraseInIntroduction":{"score":9,"maxScore":9,"error":0},"keyphraseInImageAlt":{"score":9,"maxScore":9,"error":0},"keywordDensity":{"type":"best","score":9,"maxScore":9,"error":0}}}]},"primary_term":null,"canonical_url":null,"og_title":null,"og_description":null,"og_object_type":"default","og_image_type":"default","og_image_url":null,"og_image_width":null,"og_image_height":null,"og_image_custom_url":null,"og_image_custom_fields":null,"og_video":"","og_custom_url":null,"og_article_section":null,"og_article_tags":null,"twitter_use_og":false,"twitter_card":"default","twitter_image_type":"default","twitter_image_url":null,"twitter_image_custom_url":null,"twitter_image_custom_fields":null,"twitter_title":null,"twitter_description":null,"schema":{"blockGraphs":[],"customGraphs":[],"default":{"data":{"Article":[],"Course":[],"Dataset":[],"FAQPage":[],"Movie":[],"Person":[],"Product":[],"ProductReview":[],"Car":[],"Recipe":[],"Service":[],"SoftwareApplication":[],"WebPage":[]},"graphName":"Article","isEnabled":true},"graphs":[]},"schema_type":"default","schema_type_options":null,"pillar_content":false,"robots_default":true,"robots_noindex":false,"robots_noarchive":false,"robots_nosnippet":false,"robots_nofollow":false,"robots_noimageindex":false,"robots_noodp":false,"robots_notranslate":false,"robots_max_snippet":"-1","robots_max_videopreview":"-1","robots_max_imagepreview":"large","priority":null,"frequency":"default","location":null,"local_seo":null,"seo_analyzer_scan_date":"2025-09-03 10:54:29","breadcrumb_settings":null,"limit_modified_date":false,"reviewed_by":null,"open_ai":"{\"title\":{\"suggestions\":[],\"usage\":0},\"description\":{\"suggestions\":[],\"usage\":0}}","ai":null,"created":"2025-03-13 23:58:19","updated":"2025-09-03 10:54:29"},"aioseo_breadcrumb":"<div class=\"aioseo-breadcrumbs\"><span class=\"aioseo-breadcrumb\">\n\t<a href=\"https:\/\/candas365.es\/noticias\" title=\"Home\">Home<\/a>\n<\/span><span class=\"aioseo-breadcrumb-separator\">&ndash;<\/span><span class=\"aioseo-breadcrumb\">\n\t<a href=\"https:\/\/candas365.es\/noticias\/category\/economia\/\" title=\"Econom\u00eda\">Econom\u00eda<\/a>\n<\/span><span class=\"aioseo-breadcrumb-separator\">&ndash;<\/span><span class=\"aioseo-breadcrumb\">\n\tLa inseguridad jur\u00eddica es el principal problema fiscal de Espa\u00f1a\n<\/span><\/div>","aioseo_breadcrumb_json":[{"label":"Home","link":"https:\/\/candas365.es\/noticias"},{"label":"Econom\u00eda","link":"https:\/\/candas365.es\/noticias\/category\/economia\/"},{"label":"La inseguridad jur\u00eddica es el principal problema fiscal de Espa\u00f1a","link":"https:\/\/candas365.es\/noticias\/la-inseguridad-juridica-es-el-principal-problema-fiscal-de-espana\/"}],"_links":{"self":[{"href":"https:\/\/candas365.es\/noticias\/wp-json\/wp\/v2\/posts\/185525","targetHints":{"allow":["GET"]}}],"collection":[{"href":"https:\/\/candas365.es\/noticias\/wp-json\/wp\/v2\/posts"}],"about":[{"href":"https:\/\/candas365.es\/noticias\/wp-json\/wp\/v2\/types\/post"}],"author":[{"embeddable":true,"href":"https:\/\/candas365.es\/noticias\/wp-json\/wp\/v2\/users\/1"}],"replies":[{"embeddable":true,"href":"https:\/\/candas365.es\/noticias\/wp-json\/wp\/v2\/comments?post=185525"}],"version-history":[{"count":0,"href":"https:\/\/candas365.es\/noticias\/wp-json\/wp\/v2\/posts\/185525\/revisions"}],"wp:featuredmedia":[{"embeddable":true,"href":"https:\/\/candas365.es\/noticias\/wp-json\/wp\/v2\/media\/185526"}],"wp:attachment":[{"href":"https:\/\/candas365.es\/noticias\/wp-json\/wp\/v2\/media?parent=185525"}],"wp:term":[{"taxonomy":"category","embeddable":true,"href":"https:\/\/candas365.es\/noticias\/wp-json\/wp\/v2\/categories?post=185525"},{"taxonomy":"post_tag","embeddable":true,"href":"https:\/\/candas365.es\/noticias\/wp-json\/wp\/v2\/tags?post=185525"}],"curies":[{"name":"wp","href":"https:\/\/api.w.org\/{rel}","templated":true}]}}