{"id":185488,"date":"2025-03-12T14:36:25","date_gmt":"2025-03-12T13:36:25","guid":{"rendered":"https:\/\/candas365.es\/noticias\/?p=185488"},"modified":"2025-03-12T14:36:25","modified_gmt":"2025-03-12T13:36:25","slug":"dia-mundial-del-rinon-en-el-hospital-san-agustin-de-aviles","status":"publish","type":"post","link":"https:\/\/candas365.es\/noticias\/dia-mundial-del-rinon-en-el-hospital-san-agustin-de-aviles\/","title":{"rendered":"D\u00eda Mundial del Ri\u00f1\u00f3n en el Hospital San Agust\u00edn de Avil\u00e9s"},"content":{"rendered":"<p>El <a href=\"https:\/\/actualidad.asturias.es\/\" target=\"_blank\" rel=\"noopener\"><span style=\"color: #ff6600;\"><strong>Gobierno del Principado<\/strong><\/span><\/a> de Asturias ha informado de que el Hospital San Agust\u00edn de Avil\u00e9s ofrecer\u00e1 la posibilidad de hacer un test de orina para detectar <a href=\"https:\/\/candas365.es\/noticias\/category\/salud\/\"><span style=\"color: #ff6600;\"><strong>enfermedad renal<\/strong><\/span><\/a> a las personas que acudan ma\u00f1ana a consultas externas.<\/p>\n<figure id=\"attachment_185489\" aria-describedby=\"caption-attachment-185489\" style=\"width: 650px\" class=\"wp-caption aligncenter\"><img fetchpriority=\"high\" decoding=\"async\" class=\"size-large wp-image-185489\" src=\"https:\/\/candas365.es\/noticias\/wp-content\/uploads\/2025\/03\/Dia-Mundial-del-Rinon-en-el-Hospital-San-Agustin-de-Aviles-650x417.jpg\" alt=\"D\u00eda Mundial del Ri\u00f1\u00f3n en el Hospital San Agust\u00edn de Avil\u00e9s\" width=\"650\" height=\"417\" srcset=\"https:\/\/candas365.es\/noticias\/wp-content\/uploads\/2025\/03\/Dia-Mundial-del-Rinon-en-el-Hospital-San-Agustin-de-Aviles-650x417.jpg 650w, https:\/\/candas365.es\/noticias\/wp-content\/uploads\/2025\/03\/Dia-Mundial-del-Rinon-en-el-Hospital-San-Agustin-de-Aviles-360x231.jpg 360w, https:\/\/candas365.es\/noticias\/wp-content\/uploads\/2025\/03\/Dia-Mundial-del-Rinon-en-el-Hospital-San-Agustin-de-Aviles-768x493.jpg 768w, https:\/\/candas365.es\/noticias\/wp-content\/uploads\/2025\/03\/Dia-Mundial-del-Rinon-en-el-Hospital-San-Agustin-de-Aviles-150x96.jpg 150w, https:\/\/candas365.es\/noticias\/wp-content\/uploads\/2025\/03\/Dia-Mundial-del-Rinon-en-el-Hospital-San-Agustin-de-Aviles-450x289.jpg 450w, https:\/\/candas365.es\/noticias\/wp-content\/uploads\/2025\/03\/Dia-Mundial-del-Rinon-en-el-Hospital-San-Agustin-de-Aviles.jpg 953w\" sizes=\"(max-width: 650px) 100vw, 650px\" \/><figcaption id=\"caption-attachment-185489\" class=\"wp-caption-text\">Foto: Prensa Gobierno de Asturias<\/figcaption><\/figure>\n<p>El Hospital San Agust\u00edn de Avil\u00e9s ofrecer\u00e1 ma\u00f1ana a las personas que acudan a consultas externas la posibilidad de realizar un an\u00e1lisis de orina con tira reactiva para detectar enfermedad renal de forma temprana. Esta iniciativa, en la que participar\u00e1n profesionales del servicio de Nefrolog\u00eda y representantes de la Asociaci\u00f3n para la Lucha Contra las Enfermedades del Ri\u00f1\u00f3n (Alcer), se desarrollar\u00e1 con motivo del D\u00eda Mundial del Ri\u00f1\u00f3n.<\/p>\n<p>Adem\u00e1s, el centro sanitario colocar\u00e1 una mesa informativa a la entrada de consultas externas para resolver dudas de la poblaci\u00f3n y concienciar sobre la importancia de cuidar la salud cardiovascular.<\/p>\n<p>El jefe del Servicio de Nefrolog\u00eda del Hospital San Agust\u00edn, Jos\u00e9 Baltar, ha advertido de que una peque\u00f1a cantidad de prote\u00ednas en la orina puede ser la primera se\u00f1al de que los ri\u00f1ones est\u00e1n en riesgo. \u201cLa presencia de alb\u00famina en la orina es un peligro oculto tan amenazante como puede ser el aumento del colesterol en la sangre\u201d, ha explicado. Por esta raz\u00f3n, detectarla a tiempo puede evitar la insuficiencia renal, problemas cardiovasculares y otros da\u00f1os irreversibles.<\/p>\n<p>En este sentido, se recomienda realizar la prueba de orina de forma peri\u00f3dica a todas las personas con diabetes, hipertensi\u00f3n, obesidad o que tengan m\u00e1s de 50 a\u00f1os.<\/p>\n<p><strong>M\u00e1s de 850 millones de personas en el mundo padecen <a href=\"https:\/\/naberco.es\/category\/salud\/\" target=\"_blank\" rel=\"noopener\"><span style=\"color: #ff6600;\">enfermedad renal cr\u00f3nica<\/span><\/a><\/strong>. En Espa\u00f1a, afecta a m\u00e1s del 15% de la poblaci\u00f3n y se prev\u00e9 que en 2040 sea la quinta causa de muerte tras las patolog\u00edas cardiovasculares, el c\u00e1ncer, la diabetes y la enfermedad respiratoria cr\u00f3nica. En Asturias m\u00e1s de 1.500 personas viven gracias a la di\u00e1lisis o al trasplante renal.<\/p>\n<p>El desconocimiento general de la patolog\u00eda, sus factores de riesgo y las medidas para su prevenci\u00f3n, as\u00ed como la ausencia de s\u00edntomas iniciales y el diagn\u00f3stico tard\u00edo en grados avanzados tiene un gran impacto en t\u00e9rminos de salud. Adem\u00e1s, no s\u00f3lo la progresi\u00f3n de la enfermedad puede acabar con la vida del ri\u00f1\u00f3n, sino que las personas padecen esta patolog\u00eda tienen un mayor riesgo de sufrir un problema cardiovascular.<\/p>\n","protected":false},"excerpt":{"rendered":"<p>El Gobierno del Principado de Asturias ha informado de que el Hospital San Agust\u00edn de Avil\u00e9s ofrecer\u00e1 la posibilidad de hacer un test de orina para detectar enfermedad renal a las personas que acudan ma\u00f1ana a consultas externas. El Hospital San Agust\u00edn de Avil\u00e9s ofrecer\u00e1 ma\u00f1ana a las personas que acudan a consultas externas la<\/p>\n","protected":false},"author":1,"featured_media":185489,"comment_status":"closed","ping_status":"closed","sticky":false,"template":"","format":"standard","meta":{"footnotes":""},"categories":[7,372],"tags":[378],"class_list":{"0":"post-185488","1":"post","2":"type-post","3":"status-publish","4":"format-standard","5":"has-post-thumbnail","7":"category-asturias","8":"category-salud","9":"tag-salud"},"aioseo_notices":[],"aioseo_head":"\n\t\t<!-- All in One SEO Pro 4.9.6.2 - aioseo.com -->\n\t<meta name=\"description\" content=\"El Gobierno del Principado de Asturias ha informado de que el Hospital San Agust\u00edn de Avil\u00e9s ofrecer\u00e1 la posibilidad de hacer un test de orina para detectar\" \/>\n\t<meta name=\"robots\" content=\"max-image-preview:large\" \/>\n\t<meta name=\"author\" content=\"Cand\u00e1s 365\"\/>\n\t<meta name=\"google-site-verification\" content=\"UA-32230408-1\" \/>\n\t<meta name=\"msvalidate.01\" content=\"354F3CDFB2DA171B47FBE9ABF1F88D5\" \/>\n\t<meta name=\"keywords\" content=\"asturias,salud\" \/>\n\t<link rel=\"canonical\" href=\"https:\/\/candas365.es\/noticias\/dia-mundial-del-rinon-en-el-hospital-san-agustin-de-aviles\/\" \/>\n\t<meta name=\"generator\" content=\"All in One SEO Pro (AIOSEO) 4.9.6.2\" \/>\n\t\t<meta property=\"og:locale\" content=\"es_ES\" \/>\n\t\t<meta property=\"og:site_name\" content=\"Cand\u00e1s 365\" \/>\n\t\t<meta property=\"og:type\" content=\"article\" \/>\n\t\t<meta property=\"og:title\" content=\"D\u00eda Mundial del Ri\u00f1\u00f3n en el Hospital San Agust\u00edn de Avil\u00e9s | Cand\u00e1s 365\" \/>\n\t\t<meta property=\"og:description\" content=\"El Gobierno del Principado de Asturias ha informado de que el Hospital San Agust\u00edn de Avil\u00e9s ofrecer\u00e1 la posibilidad de hacer un test de orina para detectar\" \/>\n\t\t<meta property=\"og:url\" content=\"https:\/\/candas365.es\/noticias\/dia-mundial-del-rinon-en-el-hospital-san-agustin-de-aviles\/\" \/>\n\t\t<meta property=\"og:image\" content=\"https:\/\/candas365.es\/noticias\/wp-content\/uploads\/2025\/03\/Dia-Mundial-del-Rinon-en-el-Hospital-San-Agustin-de-Aviles.jpg\" \/>\n\t\t<meta property=\"og:image:secure_url\" content=\"https:\/\/candas365.es\/noticias\/wp-content\/uploads\/2025\/03\/Dia-Mundial-del-Rinon-en-el-Hospital-San-Agustin-de-Aviles.jpg\" \/>\n\t\t<meta property=\"og:image:width\" content=\"953\" \/>\n\t\t<meta property=\"og:image:height\" content=\"612\" \/>\n\t\t<meta property=\"article:published_time\" content=\"2025-03-12T13:36:25+00:00\" \/>\n\t\t<meta property=\"article:modified_time\" content=\"2025-03-12T13:36:25+00:00\" \/>\n\t\t<meta property=\"article:publisher\" content=\"https:\/\/www.facebook.com\/Nachofdezber\" \/>\n\t\t<meta property=\"article:author\" content=\"https:\/\/www.facebook.com\/carrenoactualidad\" \/>\n\t\t<meta name=\"twitter:card\" content=\"summary_large_image\" \/>\n\t\t<meta name=\"twitter:site\" content=\"@NabercoDigital\" \/>\n\t\t<meta name=\"twitter:title\" content=\"D\u00eda Mundial del Ri\u00f1\u00f3n en el Hospital San Agust\u00edn de Avil\u00e9s | Cand\u00e1s 365\" \/>\n\t\t<meta name=\"twitter:description\" content=\"El Gobierno del Principado de Asturias ha informado de que el Hospital San Agust\u00edn de Avil\u00e9s ofrecer\u00e1 la posibilidad de hacer un test de orina para detectar\" \/>\n\t\t<meta name=\"twitter:creator\" content=\"@nbasturias\" \/>\n\t\t<meta name=\"twitter:image\" content=\"https:\/\/candas365.es\/noticias\/wp-content\/uploads\/2025\/03\/Dia-Mundial-del-Rinon-en-el-Hospital-San-Agustin-de-Aviles.jpg\" \/>\n\t\t<meta name=\"twitter:label1\" content=\"Escrito por\" \/>\n\t\t<meta name=\"twitter:data1\" content=\"Cand\u00e1s 365\" \/>\n\t\t<meta name=\"twitter:label2\" content=\"Tiempo de lectura estimado\" \/>\n\t\t<meta name=\"twitter:data2\" content=\"2 minutos\" \/>\n\t\t<script type=\"application\/ld+json\" class=\"aioseo-schema\">\n\t\t\t{\"@context\":\"https:\\\/\\\/schema.org\",\"@graph\":[{\"@type\":\"BreadcrumbList\",\"@id\":\"https:\\\/\\\/candas365.es\\\/noticias\\\/dia-mundial-del-rinon-en-el-hospital-san-agustin-de-aviles\\\/#breadcrumblist\",\"itemListElement\":[{\"@type\":\"ListItem\",\"@id\":\"https:\\\/\\\/candas365.es\\\/noticias#listItem\",\"position\":1,\"name\":\"Home\",\"item\":\"https:\\\/\\\/candas365.es\\\/noticias\",\"nextItem\":{\"@type\":\"ListItem\",\"@id\":\"https:\\\/\\\/candas365.es\\\/noticias\\\/category\\\/asturias\\\/#listItem\",\"name\":\"Asturias\"}},{\"@type\":\"ListItem\",\"@id\":\"https:\\\/\\\/candas365.es\\\/noticias\\\/category\\\/asturias\\\/#listItem\",\"position\":2,\"name\":\"Asturias\",\"item\":\"https:\\\/\\\/candas365.es\\\/noticias\\\/category\\\/asturias\\\/\",\"nextItem\":{\"@type\":\"ListItem\",\"@id\":\"https:\\\/\\\/candas365.es\\\/noticias\\\/dia-mundial-del-rinon-en-el-hospital-san-agustin-de-aviles\\\/#listItem\",\"name\":\"D\\u00eda Mundial del Ri\\u00f1\\u00f3n en el Hospital San Agust\\u00edn de Avil\\u00e9s\"},\"previousItem\":{\"@type\":\"ListItem\",\"@id\":\"https:\\\/\\\/candas365.es\\\/noticias#listItem\",\"name\":\"Home\"}},{\"@type\":\"ListItem\",\"@id\":\"https:\\\/\\\/candas365.es\\\/noticias\\\/dia-mundial-del-rinon-en-el-hospital-san-agustin-de-aviles\\\/#listItem\",\"position\":3,\"name\":\"D\\u00eda Mundial del Ri\\u00f1\\u00f3n en el Hospital San Agust\\u00edn de Avil\\u00e9s\",\"previousItem\":{\"@type\":\"ListItem\",\"@id\":\"https:\\\/\\\/candas365.es\\\/noticias\\\/category\\\/asturias\\\/#listItem\",\"name\":\"Asturias\"}}]},{\"@type\":\"NewsArticle\",\"@id\":\"https:\\\/\\\/candas365.es\\\/noticias\\\/dia-mundial-del-rinon-en-el-hospital-san-agustin-de-aviles\\\/#newsarticle\",\"name\":\"D\\u00eda Mundial del Ri\\u00f1\\u00f3n en el Hospital San Agust\\u00edn de Avil\\u00e9s | Cand\\u00e1s 365\",\"headline\":\"D\\u00eda Mundial del Ri\\u00f1\\u00f3n en el Hospital San Agust\\u00edn de Avil\\u00e9s\",\"author\":{\"@id\":\"https:\\\/\\\/candas365.es\\\/noticias\\\/author\\\/admin\\\/#author\"},\"publisher\":{\"@id\":\"https:\\\/\\\/candas365.es\\\/noticias\\\/#organization\"},\"image\":{\"@type\":\"ImageObject\",\"url\":\"https:\\\/\\\/candas365.es\\\/noticias\\\/wp-content\\\/uploads\\\/2025\\\/03\\\/Dia-Mundial-del-Rinon-en-el-Hospital-San-Agustin-de-Aviles.jpg\",\"width\":953,\"height\":612,\"caption\":\"Foto: Prensa Gobierno de Asturias\"},\"datePublished\":\"2025-03-12T14:36:25+01:00\",\"dateModified\":\"2025-03-12T14:36:25+01:00\",\"inLanguage\":\"es-ES\",\"mainEntityOfPage\":{\"@id\":\"https:\\\/\\\/candas365.es\\\/noticias\\\/dia-mundial-del-rinon-en-el-hospital-san-agustin-de-aviles\\\/#webpage\"},\"isPartOf\":{\"@id\":\"https:\\\/\\\/candas365.es\\\/noticias\\\/dia-mundial-del-rinon-en-el-hospital-san-agustin-de-aviles\\\/#webpage\"},\"articleSection\":\"Asturias, Salud, Salud\",\"dateline\":\"Publicado el marzo 12, 2025.\"},{\"@type\":\"Organization\",\"@id\":\"https:\\\/\\\/candas365.es\\\/noticias\\\/#organization\",\"name\":\"Cand\\u00e1s 365\",\"description\":\"Cand\\u00e1s 365 es un diario digital independiente, fundado en 2012, con base en Asturias. Informamos con rigor sobre actualidad, sociedad, cultura y ocio, con una mirada local y global.\",\"url\":\"https:\\\/\\\/candas365.es\\\/noticias\\\/\",\"email\":\"info@candas365.es\",\"telephone\":\"+34652131393\",\"foundingDate\":\"2012-06-10\",\"logo\":{\"@type\":\"ImageObject\",\"url\":\"https:\\\/\\\/candas365.es\\\/noticias\\\/wp-content\\\/uploads\\\/2024\\\/09\\\/Candas-365-Redes.jpg\",\"@id\":\"https:\\\/\\\/candas365.es\\\/noticias\\\/dia-mundial-del-rinon-en-el-hospital-san-agustin-de-aviles\\\/#organizationLogo\",\"width\":1152,\"height\":864,\"caption\":\"Cand\\u00e1s 365 Redes\"},\"image\":{\"@id\":\"https:\\\/\\\/candas365.es\\\/noticias\\\/dia-mundial-del-rinon-en-el-hospital-san-agustin-de-aviles\\\/#organizationLogo\"},\"sameAs\":[\"https:\\\/\\\/www.facebook.com\\\/Nachofdezber\",\"https:\\\/\\\/x.com\\\/NabercoDigital\",\"https:\\\/\\\/www.instagram.com\\\/nachofdezber\\\/\",\"https:\\\/\\\/www.youtube.com\\\/channel\\\/UCZP-2wLEB9Rv6erhFmqVnvg\"],\"address\":{\"@id\":\"https:\\\/\\\/candas365.es\\\/noticias\\\/#postaladdress\",\"@type\":\"PostalAddress\",\"streetAddress\":\"san antonio 4, san antonio 4\",\"postalCode\":\"33430\",\"addressLocality\":\"Cand\\u00e1s\",\"addressRegion\":\"Asturias\",\"addressCountry\":\"ES\"}},{\"@type\":\"Person\",\"@id\":\"https:\\\/\\\/candas365.es\\\/noticias\\\/author\\\/admin\\\/#author\",\"url\":\"https:\\\/\\\/candas365.es\\\/noticias\\\/author\\\/admin\\\/\",\"name\":\"Cand\\u00e1s 365\",\"image\":{\"@type\":\"ImageObject\",\"@id\":\"https:\\\/\\\/candas365.es\\\/noticias\\\/dia-mundial-del-rinon-en-el-hospital-san-agustin-de-aviles\\\/#authorImage\",\"url\":\"https:\\\/\\\/secure.gravatar.com\\\/avatar\\\/496a8e03d0c493ede1718b7934145dbdf8d89be1036b0eec9544e1094c9de390?s=96&d=mm&r=g\",\"width\":96,\"height\":96,\"caption\":\"Cand\\u00e1s 365\"},\"sameAs\":[\"https:\\\/\\\/www.facebook.com\\\/carrenoactualidad\",\"https:\\\/\\\/twitter.com\\\/nbasturias\",\"https:\\\/\\\/www.instagram.com\\\/nachofdezber\\\/\",\"https:\\\/\\\/www.youtube.com\\\/channel\\\/UCZP-2wLEB9Rv6erhFmqVnvg\"]},{\"@type\":\"WebPage\",\"@id\":\"https:\\\/\\\/candas365.es\\\/noticias\\\/dia-mundial-del-rinon-en-el-hospital-san-agustin-de-aviles\\\/#webpage\",\"url\":\"https:\\\/\\\/candas365.es\\\/noticias\\\/dia-mundial-del-rinon-en-el-hospital-san-agustin-de-aviles\\\/\",\"name\":\"D\\u00eda Mundial del Ri\\u00f1\\u00f3n en el Hospital San Agust\\u00edn de Avil\\u00e9s | Cand\\u00e1s 365\",\"description\":\"El Gobierno del Principado de Asturias ha informado de que el Hospital San Agust\\u00edn de Avil\\u00e9s ofrecer\\u00e1 la posibilidad de hacer un test de orina para detectar\",\"inLanguage\":\"es-ES\",\"isPartOf\":{\"@id\":\"https:\\\/\\\/candas365.es\\\/noticias\\\/#website\"},\"breadcrumb\":{\"@id\":\"https:\\\/\\\/candas365.es\\\/noticias\\\/dia-mundial-del-rinon-en-el-hospital-san-agustin-de-aviles\\\/#breadcrumblist\"},\"author\":{\"@id\":\"https:\\\/\\\/candas365.es\\\/noticias\\\/author\\\/admin\\\/#author\"},\"creator\":{\"@id\":\"https:\\\/\\\/candas365.es\\\/noticias\\\/author\\\/admin\\\/#author\"},\"image\":{\"@type\":\"ImageObject\",\"url\":\"https:\\\/\\\/candas365.es\\\/noticias\\\/wp-content\\\/uploads\\\/2025\\\/03\\\/Dia-Mundial-del-Rinon-en-el-Hospital-San-Agustin-de-Aviles.jpg\",\"@id\":\"https:\\\/\\\/candas365.es\\\/noticias\\\/dia-mundial-del-rinon-en-el-hospital-san-agustin-de-aviles\\\/#mainImage\",\"width\":953,\"height\":612,\"caption\":\"Foto: Prensa Gobierno de Asturias\"},\"primaryImageOfPage\":{\"@id\":\"https:\\\/\\\/candas365.es\\\/noticias\\\/dia-mundial-del-rinon-en-el-hospital-san-agustin-de-aviles\\\/#mainImage\"},\"datePublished\":\"2025-03-12T14:36:25+01:00\",\"dateModified\":\"2025-03-12T14:36:25+01:00\"},{\"@type\":\"WebSite\",\"@id\":\"https:\\\/\\\/candas365.es\\\/noticias\\\/#website\",\"url\":\"https:\\\/\\\/candas365.es\\\/noticias\\\/\",\"name\":\"Cand\\u00e1s 365\",\"alternateName\":\"Cand\\u00e1s 365 Noticias\",\"description\":\"Actualidad desde Carre\\u00f1o para el mundo\",\"inLanguage\":\"es-ES\",\"publisher\":{\"@id\":\"https:\\\/\\\/candas365.es\\\/noticias\\\/#organization\"}}]}\n\t\t<\/script>\n\t\t<!-- All in One SEO Pro -->\r\n\t\t<title>D\u00eda Mundial del Ri\u00f1\u00f3n en el Hospital San Agust\u00edn de Avil\u00e9s | Cand\u00e1s 365<\/title>\n\n","aioseo_head_json":{"title":"D\u00eda Mundial del Ri\u00f1\u00f3n en el Hospital San Agust\u00edn de Avil\u00e9s | Cand\u00e1s 365","description":"El Gobierno del Principado de Asturias ha informado de que el Hospital San Agust\u00edn de Avil\u00e9s ofrecer\u00e1 la posibilidad de hacer un test de orina para detectar","canonical_url":"https:\/\/candas365.es\/noticias\/dia-mundial-del-rinon-en-el-hospital-san-agustin-de-aviles\/","robots":"max-image-preview:large","keywords":"asturias,salud","webmasterTools":{"google-site-verification":"UA-32230408-1","msvalidate.01":"354F3CDFB2DA171B47FBE9ABF1F88D5","miscellaneous":""},"schema":{"@context":"https:\/\/schema.org","@graph":[{"@type":"BreadcrumbList","@id":"https:\/\/candas365.es\/noticias\/dia-mundial-del-rinon-en-el-hospital-san-agustin-de-aviles\/#breadcrumblist","itemListElement":[{"@type":"ListItem","@id":"https:\/\/candas365.es\/noticias#listItem","position":1,"name":"Home","item":"https:\/\/candas365.es\/noticias","nextItem":{"@type":"ListItem","@id":"https:\/\/candas365.es\/noticias\/category\/asturias\/#listItem","name":"Asturias"}},{"@type":"ListItem","@id":"https:\/\/candas365.es\/noticias\/category\/asturias\/#listItem","position":2,"name":"Asturias","item":"https:\/\/candas365.es\/noticias\/category\/asturias\/","nextItem":{"@type":"ListItem","@id":"https:\/\/candas365.es\/noticias\/dia-mundial-del-rinon-en-el-hospital-san-agustin-de-aviles\/#listItem","name":"D\u00eda Mundial del Ri\u00f1\u00f3n en el Hospital San Agust\u00edn de Avil\u00e9s"},"previousItem":{"@type":"ListItem","@id":"https:\/\/candas365.es\/noticias#listItem","name":"Home"}},{"@type":"ListItem","@id":"https:\/\/candas365.es\/noticias\/dia-mundial-del-rinon-en-el-hospital-san-agustin-de-aviles\/#listItem","position":3,"name":"D\u00eda Mundial del Ri\u00f1\u00f3n en el Hospital San Agust\u00edn de Avil\u00e9s","previousItem":{"@type":"ListItem","@id":"https:\/\/candas365.es\/noticias\/category\/asturias\/#listItem","name":"Asturias"}}]},{"@type":"NewsArticle","@id":"https:\/\/candas365.es\/noticias\/dia-mundial-del-rinon-en-el-hospital-san-agustin-de-aviles\/#newsarticle","name":"D\u00eda Mundial del Ri\u00f1\u00f3n en el Hospital San Agust\u00edn de Avil\u00e9s | Cand\u00e1s 365","headline":"D\u00eda Mundial del Ri\u00f1\u00f3n en el Hospital San Agust\u00edn de Avil\u00e9s","author":{"@id":"https:\/\/candas365.es\/noticias\/author\/admin\/#author"},"publisher":{"@id":"https:\/\/candas365.es\/noticias\/#organization"},"image":{"@type":"ImageObject","url":"https:\/\/candas365.es\/noticias\/wp-content\/uploads\/2025\/03\/Dia-Mundial-del-Rinon-en-el-Hospital-San-Agustin-de-Aviles.jpg","width":953,"height":612,"caption":"Foto: Prensa Gobierno de Asturias"},"datePublished":"2025-03-12T14:36:25+01:00","dateModified":"2025-03-12T14:36:25+01:00","inLanguage":"es-ES","mainEntityOfPage":{"@id":"https:\/\/candas365.es\/noticias\/dia-mundial-del-rinon-en-el-hospital-san-agustin-de-aviles\/#webpage"},"isPartOf":{"@id":"https:\/\/candas365.es\/noticias\/dia-mundial-del-rinon-en-el-hospital-san-agustin-de-aviles\/#webpage"},"articleSection":"Asturias, Salud, Salud","dateline":"Publicado el marzo 12, 2025."},{"@type":"Organization","@id":"https:\/\/candas365.es\/noticias\/#organization","name":"Cand\u00e1s 365","description":"Cand\u00e1s 365 es un diario digital independiente, fundado en 2012, con base en Asturias. Informamos con rigor sobre actualidad, sociedad, cultura y ocio, con una mirada local y global.","url":"https:\/\/candas365.es\/noticias\/","email":"info@candas365.es","telephone":"+34652131393","foundingDate":"2012-06-10","logo":{"@type":"ImageObject","url":"https:\/\/candas365.es\/noticias\/wp-content\/uploads\/2024\/09\/Candas-365-Redes.jpg","@id":"https:\/\/candas365.es\/noticias\/dia-mundial-del-rinon-en-el-hospital-san-agustin-de-aviles\/#organizationLogo","width":1152,"height":864,"caption":"Cand\u00e1s 365 Redes"},"image":{"@id":"https:\/\/candas365.es\/noticias\/dia-mundial-del-rinon-en-el-hospital-san-agustin-de-aviles\/#organizationLogo"},"sameAs":["https:\/\/www.facebook.com\/Nachofdezber","https:\/\/x.com\/NabercoDigital","https:\/\/www.instagram.com\/nachofdezber\/","https:\/\/www.youtube.com\/channel\/UCZP-2wLEB9Rv6erhFmqVnvg"],"address":{"@id":"https:\/\/candas365.es\/noticias\/#postaladdress","@type":"PostalAddress","streetAddress":"san antonio 4, san antonio 4","postalCode":"33430","addressLocality":"Cand\u00e1s","addressRegion":"Asturias","addressCountry":"ES"}},{"@type":"Person","@id":"https:\/\/candas365.es\/noticias\/author\/admin\/#author","url":"https:\/\/candas365.es\/noticias\/author\/admin\/","name":"Cand\u00e1s 365","image":{"@type":"ImageObject","@id":"https:\/\/candas365.es\/noticias\/dia-mundial-del-rinon-en-el-hospital-san-agustin-de-aviles\/#authorImage","url":"https:\/\/secure.gravatar.com\/avatar\/496a8e03d0c493ede1718b7934145dbdf8d89be1036b0eec9544e1094c9de390?s=96&d=mm&r=g","width":96,"height":96,"caption":"Cand\u00e1s 365"},"sameAs":["https:\/\/www.facebook.com\/carrenoactualidad","https:\/\/twitter.com\/nbasturias","https:\/\/www.instagram.com\/nachofdezber\/","https:\/\/www.youtube.com\/channel\/UCZP-2wLEB9Rv6erhFmqVnvg"]},{"@type":"WebPage","@id":"https:\/\/candas365.es\/noticias\/dia-mundial-del-rinon-en-el-hospital-san-agustin-de-aviles\/#webpage","url":"https:\/\/candas365.es\/noticias\/dia-mundial-del-rinon-en-el-hospital-san-agustin-de-aviles\/","name":"D\u00eda Mundial del Ri\u00f1\u00f3n en el Hospital San Agust\u00edn de Avil\u00e9s | Cand\u00e1s 365","description":"El Gobierno del Principado de Asturias ha informado de que el Hospital San Agust\u00edn de Avil\u00e9s ofrecer\u00e1 la posibilidad de hacer un test de orina para detectar","inLanguage":"es-ES","isPartOf":{"@id":"https:\/\/candas365.es\/noticias\/#website"},"breadcrumb":{"@id":"https:\/\/candas365.es\/noticias\/dia-mundial-del-rinon-en-el-hospital-san-agustin-de-aviles\/#breadcrumblist"},"author":{"@id":"https:\/\/candas365.es\/noticias\/author\/admin\/#author"},"creator":{"@id":"https:\/\/candas365.es\/noticias\/author\/admin\/#author"},"image":{"@type":"ImageObject","url":"https:\/\/candas365.es\/noticias\/wp-content\/uploads\/2025\/03\/Dia-Mundial-del-Rinon-en-el-Hospital-San-Agustin-de-Aviles.jpg","@id":"https:\/\/candas365.es\/noticias\/dia-mundial-del-rinon-en-el-hospital-san-agustin-de-aviles\/#mainImage","width":953,"height":612,"caption":"Foto: Prensa Gobierno de Asturias"},"primaryImageOfPage":{"@id":"https:\/\/candas365.es\/noticias\/dia-mundial-del-rinon-en-el-hospital-san-agustin-de-aviles\/#mainImage"},"datePublished":"2025-03-12T14:36:25+01:00","dateModified":"2025-03-12T14:36:25+01:00"},{"@type":"WebSite","@id":"https:\/\/candas365.es\/noticias\/#website","url":"https:\/\/candas365.es\/noticias\/","name":"Cand\u00e1s 365","alternateName":"Cand\u00e1s 365 Noticias","description":"Actualidad desde Carre\u00f1o para el mundo","inLanguage":"es-ES","publisher":{"@id":"https:\/\/candas365.es\/noticias\/#organization"}}]},"og:locale":"es_ES","og:site_name":"Cand\u00e1s 365","og:type":"article","og:title":"D\u00eda Mundial del Ri\u00f1\u00f3n en el Hospital San Agust\u00edn de Avil\u00e9s | Cand\u00e1s 365","og:description":"El Gobierno del Principado de Asturias ha informado de que el Hospital San Agust\u00edn de Avil\u00e9s ofrecer\u00e1 la posibilidad de hacer un test de orina para detectar","og:url":"https:\/\/candas365.es\/noticias\/dia-mundial-del-rinon-en-el-hospital-san-agustin-de-aviles\/","og:image":"https:\/\/candas365.es\/noticias\/wp-content\/uploads\/2025\/03\/Dia-Mundial-del-Rinon-en-el-Hospital-San-Agustin-de-Aviles.jpg","og:image:secure_url":"https:\/\/candas365.es\/noticias\/wp-content\/uploads\/2025\/03\/Dia-Mundial-del-Rinon-en-el-Hospital-San-Agustin-de-Aviles.jpg","og:image:width":953,"og:image:height":612,"article:published_time":"2025-03-12T13:36:25+00:00","article:modified_time":"2025-03-12T13:36:25+00:00","article:publisher":"https:\/\/www.facebook.com\/Nachofdezber","article:author":"https:\/\/www.facebook.com\/carrenoactualidad","twitter:card":"summary_large_image","twitter:site":"@NabercoDigital","twitter:title":"D\u00eda Mundial del Ri\u00f1\u00f3n en el Hospital San Agust\u00edn de Avil\u00e9s | Cand\u00e1s 365","twitter:description":"El Gobierno del Principado de Asturias ha informado de que el Hospital San Agust\u00edn de Avil\u00e9s ofrecer\u00e1 la posibilidad de hacer un test de orina para detectar","twitter:creator":"@nbasturias","twitter:image":"https:\/\/candas365.es\/noticias\/wp-content\/uploads\/2025\/03\/Dia-Mundial-del-Rinon-en-el-Hospital-San-Agustin-de-Aviles.jpg","twitter:label1":"Escrito por","twitter:data1":"Cand\u00e1s 365","twitter:label2":"Tiempo de lectura estimado","twitter:data2":"2 minutos"},"aioseo_meta_data":{"post_id":"185488","title":null,"description":"El Gobierno del Principado de Asturias ha informado de que el Hospital San Agust\u00edn de Avil\u00e9s ofrecer\u00e1 la posibilidad de hacer un test de orina para detectar","keywords":null,"keyphrases":{"focus":{"keyphrase":"Avil\u00e9s","score":78,"analysis":{"keyphraseInTitle":{"score":9,"maxScore":9,"error":0},"keyphraseInDescription":{"score":9,"maxScore":9,"error":0},"keyphraseLength":{"score":9,"maxScore":9,"error":0,"length":2},"keyphraseInURL":{"score":1,"maxScore":5,"error":1},"keyphraseInIntroduction":{"score":9,"maxScore":9,"error":0},"keyphraseInSubHeadings":[],"keyphraseInImageAlt":{"score":9,"maxScore":9,"error":0},"keywordDensity":{"score":0,"type":"low","maxScore":9,"error":1}}},"additional":[{"keyphrase":"Hospital San Agust\u00edn","score":100,"analysis":{"keyphraseInDescription":{"score":9,"maxScore":9,"error":0},"keyphraseLength":{"score":9,"maxScore":9,"error":0,"length":4},"keyphraseInIntroduction":{"score":9,"maxScore":9,"error":0},"keyphraseInImageAlt":{"score":9,"maxScore":9,"error":0},"keywordDensity":{"type":"best","score":9,"maxScore":9,"error":0}}}]},"primary_term":null,"canonical_url":null,"og_title":null,"og_description":null,"og_object_type":"default","og_image_type":"default","og_image_url":null,"og_image_width":null,"og_image_height":null,"og_image_custom_url":null,"og_image_custom_fields":null,"og_video":"","og_custom_url":null,"og_article_section":null,"og_article_tags":null,"twitter_use_og":false,"twitter_card":"default","twitter_image_type":"default","twitter_image_url":null,"twitter_image_custom_url":null,"twitter_image_custom_fields":null,"twitter_title":null,"twitter_description":null,"schema":{"blockGraphs":[],"customGraphs":[],"default":{"data":{"Article":[],"Course":[],"Dataset":[],"FAQPage":[],"Movie":[],"Person":[],"Product":[],"ProductReview":[],"Car":[],"Recipe":[],"Service":[],"SoftwareApplication":[],"WebPage":[]},"graphName":"Article","isEnabled":true},"graphs":[]},"schema_type":"default","schema_type_options":null,"pillar_content":false,"robots_default":true,"robots_noindex":false,"robots_noarchive":false,"robots_nosnippet":false,"robots_nofollow":false,"robots_noimageindex":false,"robots_noodp":false,"robots_notranslate":false,"robots_max_snippet":"-1","robots_max_videopreview":"-1","robots_max_imagepreview":"large","priority":null,"frequency":"default","location":null,"local_seo":null,"seo_analyzer_scan_date":"2025-09-03 10:47:10","breadcrumb_settings":null,"limit_modified_date":false,"reviewed_by":null,"open_ai":"{\"title\":{\"suggestions\":[],\"usage\":0},\"description\":{\"suggestions\":[],\"usage\":0}}","ai":null,"created":"2025-03-12 13:19:24","updated":"2025-09-03 10:47:10"},"aioseo_breadcrumb":"<div class=\"aioseo-breadcrumbs\"><span class=\"aioseo-breadcrumb\">\n\t<a href=\"https:\/\/candas365.es\/noticias\" title=\"Home\">Home<\/a>\n<\/span><span class=\"aioseo-breadcrumb-separator\">&ndash;<\/span><span class=\"aioseo-breadcrumb\">\n\t<a href=\"https:\/\/candas365.es\/noticias\/category\/asturias\/\" title=\"Asturias\">Asturias<\/a>\n<\/span><span class=\"aioseo-breadcrumb-separator\">&ndash;<\/span><span class=\"aioseo-breadcrumb\">\n\tD\u00eda Mundial del Ri\u00f1\u00f3n en el Hospital San Agust\u00edn de Avil\u00e9s\n<\/span><\/div>","aioseo_breadcrumb_json":[{"label":"Home","link":"https:\/\/candas365.es\/noticias"},{"label":"Asturias","link":"https:\/\/candas365.es\/noticias\/category\/asturias\/"},{"label":"D\u00eda Mundial del Ri\u00f1\u00f3n en el Hospital San Agust\u00edn de Avil\u00e9s","link":"https:\/\/candas365.es\/noticias\/dia-mundial-del-rinon-en-el-hospital-san-agustin-de-aviles\/"}],"_links":{"self":[{"href":"https:\/\/candas365.es\/noticias\/wp-json\/wp\/v2\/posts\/185488","targetHints":{"allow":["GET"]}}],"collection":[{"href":"https:\/\/candas365.es\/noticias\/wp-json\/wp\/v2\/posts"}],"about":[{"href":"https:\/\/candas365.es\/noticias\/wp-json\/wp\/v2\/types\/post"}],"author":[{"embeddable":true,"href":"https:\/\/candas365.es\/noticias\/wp-json\/wp\/v2\/users\/1"}],"replies":[{"embeddable":true,"href":"https:\/\/candas365.es\/noticias\/wp-json\/wp\/v2\/comments?post=185488"}],"version-history":[{"count":0,"href":"https:\/\/candas365.es\/noticias\/wp-json\/wp\/v2\/posts\/185488\/revisions"}],"wp:featuredmedia":[{"embeddable":true,"href":"https:\/\/candas365.es\/noticias\/wp-json\/wp\/v2\/media\/185489"}],"wp:attachment":[{"href":"https:\/\/candas365.es\/noticias\/wp-json\/wp\/v2\/media?parent=185488"}],"wp:term":[{"taxonomy":"category","embeddable":true,"href":"https:\/\/candas365.es\/noticias\/wp-json\/wp\/v2\/categories?post=185488"},{"taxonomy":"post_tag","embeddable":true,"href":"https:\/\/candas365.es\/noticias\/wp-json\/wp\/v2\/tags?post=185488"}],"curies":[{"name":"wp","href":"https:\/\/api.w.org\/{rel}","templated":true}]}}