{"id":185479,"date":"2025-03-11T22:16:39","date_gmt":"2025-03-11T21:16:39","guid":{"rendered":"https:\/\/candas365.es\/noticias\/?p=185479"},"modified":"2025-03-11T22:16:39","modified_gmt":"2025-03-11T21:16:39","slug":"la-videovigilancia-en-la-nube-crece-en-mexico","status":"publish","type":"post","link":"https:\/\/candas365.es\/noticias\/la-videovigilancia-en-la-nube-crece-en-mexico\/","title":{"rendered":"La videovigilancia en la nube crece en M\u00e9xico"},"content":{"rendered":"<p>El <strong>mercado de la videovigilancia en <span style=\"color: #ff6600;\"><a style=\"color: #ff6600;\" title=\"M\u00e9xico\" href=\"https:\/\/candas365.es\/noticias\/category\/internacional\/\">M\u00e9xico<\/a><\/span><\/strong> est\u00e1 evolucionando r\u00e1pidamente, y cada vez m\u00e1s empresas est\u00e1n optando por <a href=\"https:\/\/naberco.es\/category\/internet\/\" target=\"_blank\" rel=\"noopener\"><span style=\"color: #ff6600;\"><strong>soluciones basadas en la nube<\/strong><\/span><\/a> para mejorar su seguridad sin incurrir en altos costos de infraestructura. <strong>VIGI <\/strong><strong>by<\/strong> <strong>TP-Link<\/strong> identific\u00f3 esta necesidad y desarroll\u00f3 una propuesta que est\u00e1 transformando la manera en que los negocios gestionan su seguridad.<\/p>\n<figure id=\"attachment_185480\" aria-describedby=\"caption-attachment-185480\" style=\"width: 650px\" class=\"wp-caption aligncenter\"><img fetchpriority=\"high\" decoding=\"async\" class=\"size-large wp-image-185480\" src=\"https:\/\/candas365.es\/noticias\/wp-content\/uploads\/2025\/03\/videovigilancia-650x427.jpg\" alt=\"videovigilancia\" width=\"650\" height=\"427\" srcset=\"https:\/\/candas365.es\/noticias\/wp-content\/uploads\/2025\/03\/videovigilancia-650x427.jpg 650w, https:\/\/candas365.es\/noticias\/wp-content\/uploads\/2025\/03\/videovigilancia-360x236.jpg 360w, https:\/\/candas365.es\/noticias\/wp-content\/uploads\/2025\/03\/videovigilancia-768x504.jpg 768w, https:\/\/candas365.es\/noticias\/wp-content\/uploads\/2025\/03\/videovigilancia-150x98.jpg 150w, https:\/\/candas365.es\/noticias\/wp-content\/uploads\/2025\/03\/videovigilancia-450x295.jpg 450w, https:\/\/candas365.es\/noticias\/wp-content\/uploads\/2025\/03\/videovigilancia.jpg 992w\" sizes=\"(max-width: 650px) 100vw, 650px\" \/><figcaption id=\"caption-attachment-185480\" class=\"wp-caption-text\">Foto: 123rf.com<\/figcaption><\/figure>\n<p>Durante 2023, la marca analiz\u00f3 el comportamiento y las prioridades de las empresas mexicanas en materia de videovigilancia. Detect\u00f3 que muchas de ellas enfrentan<strong> dificultades al administrar la seguridad de m\u00faltiples sucursales<\/strong>, debido a la inversi\u00f3n que implica la compra de hardware, software y licencias. A partir de estos hallazgos, VIGI by TP-Link dise\u00f1\u00f3 un sistema de gesti\u00f3n centralizada en la nube para eliminar estos costos, brindando una soluci\u00f3n accesible y de alto rendimiento.<\/p>\n<p><strong>Cristian Hern\u00e1ndez<\/strong>, Product Manager de VIGI by TP-Link, explic\u00f3 a NotiPress que<strong> su ecosistema de videovigilancia incluye c\u00e1maras, grabadores y un sistema de gesti\u00f3n de video (VMS) basado en Amazon Web Services (AWS)<\/strong>. \u00abNuestro VMS trabaja desde Amazon Web Services, lo que implica varios beneficios. El cliente que tiene varias sucursales y quiere centralizar la gesti\u00f3n, ya no necesita gastar m\u00e1s en hardware, software y licenciamiento para gestionar su infraestructura\u00bb, destac\u00f3 Hern\u00e1ndez.<\/p>\n<p>Adem\u00e1s, la compa\u00f1\u00eda ofrece dos series de c\u00e1maras: <strong>EasyCam<\/strong>, enfocada en negocios de menor tama\u00f1o, e <strong>InSight<\/strong>, para empresas de mayor envergadura. Ambas cuentan con anal\u00edticos avanzados capaces de identificar g\u00e9nero, color de ropa y caracter\u00edsticas espec\u00edficas como el largo del cabello. A esto se suma la flexibilidad en el almacenamiento de video, que permite guardar grabaciones desde una semana hasta 60 d\u00edas sin necesidad de servidores f\u00edsicos.<\/p>\n<p>La propuesta de VIGI by TP-Link fue bien recibida en el mercado, especialmente entre empresas con m\u00faltiples puntos de venta o sucursales que buscan <strong>simplificar la gesti\u00f3n de su infraestructura de seguridad<\/strong>. La facilidad para administrar el sistema desde cualquier lugar y la eliminaci\u00f3n de gastos adicionales en servidores, VPNs e IPs fijas fueron factores clave en su crecimiento.<\/p>\n<p>Con una estrategia enfocada en la innovaci\u00f3n y la accesibilidad, <strong>VIGI by TP-Link<\/strong> se perfila como <strong>una de las principales opciones para negocios que buscan optimizar su seguridad sin comprometer su presupuesto<\/strong>. La compa\u00f1\u00eda invita a los integradores a conocer sus soluciones, incluyendo opciones con paneles solares para zonas donde no hay acceso a energ\u00eda el\u00e9ctrica.<\/p>\n<p><em>Por Judith Moreno \/ Notipress<\/em><\/p>\n","protected":false},"excerpt":{"rendered":"<p>El mercado de la videovigilancia en M\u00e9xico est\u00e1 evolucionando r\u00e1pidamente, y cada vez m\u00e1s empresas est\u00e1n optando por soluciones basadas en la nube para mejorar su seguridad sin incurrir en altos costos de infraestructura. VIGI by TP-Link identific\u00f3 esta necesidad y desarroll\u00f3 una propuesta que est\u00e1 transformando la manera en que los negocios gestionan su<\/p>\n","protected":false},"author":1,"featured_media":185480,"comment_status":"closed","ping_status":"closed","sticky":false,"template":"","format":"standard","meta":{"footnotes":""},"categories":[485],"tags":[383,418,518],"class_list":{"0":"post-185479","1":"post","2":"type-post","3":"status-publish","4":"format-standard","5":"has-post-thumbnail","7":"category-internacional","8":"tag-empresas","9":"tag-internacional","10":"tag-mexico"},"aioseo_notices":[],"aioseo_head":"\n\t\t<!-- All in One SEO Pro 4.9.6.2 - aioseo.com -->\n\t<meta name=\"description\" content=\"El mercado de la videovigilancia en M\u00e9xico est\u00e1 evolucionando r\u00e1pidamente, y cada vez m\u00e1s empresas est\u00e1n optando por soluciones basadas en la nube para mejorar\" \/>\n\t<meta name=\"robots\" content=\"max-image-preview:large\" \/>\n\t<meta name=\"author\" content=\"Cand\u00e1s 365\"\/>\n\t<meta name=\"google-site-verification\" content=\"UA-32230408-1\" \/>\n\t<meta name=\"msvalidate.01\" content=\"354F3CDFB2DA171B47FBE9ABF1F88D5\" \/>\n\t<meta name=\"keywords\" content=\"internacional\" \/>\n\t<link rel=\"canonical\" href=\"https:\/\/candas365.es\/noticias\/la-videovigilancia-en-la-nube-crece-en-mexico\/\" \/>\n\t<meta name=\"generator\" content=\"All in One SEO Pro (AIOSEO) 4.9.6.2\" \/>\n\t\t<meta property=\"og:locale\" content=\"es_ES\" \/>\n\t\t<meta property=\"og:site_name\" content=\"Cand\u00e1s 365\" \/>\n\t\t<meta property=\"og:type\" content=\"article\" \/>\n\t\t<meta property=\"og:title\" content=\"La videovigilancia en la nube crece en M\u00e9xico | Cand\u00e1s 365\" \/>\n\t\t<meta property=\"og:description\" content=\"El mercado de la videovigilancia en M\u00e9xico est\u00e1 evolucionando r\u00e1pidamente, y cada vez m\u00e1s empresas est\u00e1n optando por soluciones basadas en la nube para mejorar\" \/>\n\t\t<meta property=\"og:url\" content=\"https:\/\/candas365.es\/noticias\/la-videovigilancia-en-la-nube-crece-en-mexico\/\" \/>\n\t\t<meta property=\"og:image\" content=\"https:\/\/candas365.es\/noticias\/wp-content\/uploads\/2025\/03\/videovigilancia.jpg\" \/>\n\t\t<meta property=\"og:image:secure_url\" content=\"https:\/\/candas365.es\/noticias\/wp-content\/uploads\/2025\/03\/videovigilancia.jpg\" \/>\n\t\t<meta property=\"og:image:width\" content=\"992\" \/>\n\t\t<meta property=\"og:image:height\" content=\"651\" \/>\n\t\t<meta property=\"article:published_time\" content=\"2025-03-11T21:16:39+00:00\" \/>\n\t\t<meta property=\"article:modified_time\" content=\"2025-03-11T21:16:39+00:00\" \/>\n\t\t<meta property=\"article:publisher\" content=\"https:\/\/www.facebook.com\/Nachofdezber\" \/>\n\t\t<meta property=\"article:author\" content=\"https:\/\/www.facebook.com\/carrenoactualidad\" \/>\n\t\t<meta name=\"twitter:card\" content=\"summary_large_image\" \/>\n\t\t<meta name=\"twitter:site\" content=\"@NabercoDigital\" \/>\n\t\t<meta name=\"twitter:title\" content=\"La videovigilancia en la nube crece en M\u00e9xico | Cand\u00e1s 365\" \/>\n\t\t<meta name=\"twitter:description\" content=\"El mercado de la videovigilancia en M\u00e9xico est\u00e1 evolucionando r\u00e1pidamente, y cada vez m\u00e1s empresas est\u00e1n optando por soluciones basadas en la nube para mejorar\" \/>\n\t\t<meta name=\"twitter:creator\" content=\"@nbasturias\" \/>\n\t\t<meta name=\"twitter:image\" content=\"https:\/\/candas365.es\/noticias\/wp-content\/uploads\/2025\/03\/videovigilancia.jpg\" \/>\n\t\t<meta name=\"twitter:label1\" content=\"Escrito por\" \/>\n\t\t<meta name=\"twitter:data1\" content=\"Cand\u00e1s 365\" \/>\n\t\t<meta name=\"twitter:label2\" content=\"Tiempo de lectura estimado\" \/>\n\t\t<meta name=\"twitter:data2\" content=\"2 minutos\" \/>\n\t\t<script type=\"application\/ld+json\" class=\"aioseo-schema\">\n\t\t\t{\"@context\":\"https:\\\/\\\/schema.org\",\"@graph\":[{\"@type\":\"BreadcrumbList\",\"@id\":\"https:\\\/\\\/candas365.es\\\/noticias\\\/la-videovigilancia-en-la-nube-crece-en-mexico\\\/#breadcrumblist\",\"itemListElement\":[{\"@type\":\"ListItem\",\"@id\":\"https:\\\/\\\/candas365.es\\\/noticias#listItem\",\"position\":1,\"name\":\"Home\",\"item\":\"https:\\\/\\\/candas365.es\\\/noticias\",\"nextItem\":{\"@type\":\"ListItem\",\"@id\":\"https:\\\/\\\/candas365.es\\\/noticias\\\/category\\\/internacional\\\/#listItem\",\"name\":\"Internacional\"}},{\"@type\":\"ListItem\",\"@id\":\"https:\\\/\\\/candas365.es\\\/noticias\\\/category\\\/internacional\\\/#listItem\",\"position\":2,\"name\":\"Internacional\",\"item\":\"https:\\\/\\\/candas365.es\\\/noticias\\\/category\\\/internacional\\\/\",\"nextItem\":{\"@type\":\"ListItem\",\"@id\":\"https:\\\/\\\/candas365.es\\\/noticias\\\/la-videovigilancia-en-la-nube-crece-en-mexico\\\/#listItem\",\"name\":\"La videovigilancia en la nube crece en M\\u00e9xico\"},\"previousItem\":{\"@type\":\"ListItem\",\"@id\":\"https:\\\/\\\/candas365.es\\\/noticias#listItem\",\"name\":\"Home\"}},{\"@type\":\"ListItem\",\"@id\":\"https:\\\/\\\/candas365.es\\\/noticias\\\/la-videovigilancia-en-la-nube-crece-en-mexico\\\/#listItem\",\"position\":3,\"name\":\"La videovigilancia en la nube crece en M\\u00e9xico\",\"previousItem\":{\"@type\":\"ListItem\",\"@id\":\"https:\\\/\\\/candas365.es\\\/noticias\\\/category\\\/internacional\\\/#listItem\",\"name\":\"Internacional\"}}]},{\"@type\":\"NewsArticle\",\"@id\":\"https:\\\/\\\/candas365.es\\\/noticias\\\/la-videovigilancia-en-la-nube-crece-en-mexico\\\/#newsarticle\",\"name\":\"La videovigilancia en la nube crece en M\\u00e9xico | Cand\\u00e1s 365\",\"headline\":\"La videovigilancia en la nube crece en M\\u00e9xico\",\"author\":{\"@id\":\"https:\\\/\\\/candas365.es\\\/noticias\\\/author\\\/admin\\\/#author\"},\"publisher\":{\"@id\":\"https:\\\/\\\/candas365.es\\\/noticias\\\/#organization\"},\"image\":{\"@type\":\"ImageObject\",\"url\":\"https:\\\/\\\/candas365.es\\\/noticias\\\/wp-content\\\/uploads\\\/2025\\\/03\\\/videovigilancia.jpg\",\"width\":992,\"height\":651,\"caption\":\"Foto: 123rf.com\"},\"datePublished\":\"2025-03-11T22:16:39+01:00\",\"dateModified\":\"2025-03-11T22:16:39+01:00\",\"inLanguage\":\"es-ES\",\"mainEntityOfPage\":{\"@id\":\"https:\\\/\\\/candas365.es\\\/noticias\\\/la-videovigilancia-en-la-nube-crece-en-mexico\\\/#webpage\"},\"isPartOf\":{\"@id\":\"https:\\\/\\\/candas365.es\\\/noticias\\\/la-videovigilancia-en-la-nube-crece-en-mexico\\\/#webpage\"},\"articleSection\":\"Internacional, empresas, Internacional, M\\u00e9xico\",\"dateline\":\"Publicado el marzo 11, 2025.\"},{\"@type\":\"Organization\",\"@id\":\"https:\\\/\\\/candas365.es\\\/noticias\\\/#organization\",\"name\":\"Cand\\u00e1s 365\",\"description\":\"Cand\\u00e1s 365 es un diario digital independiente, fundado en 2012, con base en Asturias. Informamos con rigor sobre actualidad, sociedad, cultura y ocio, con una mirada local y global.\",\"url\":\"https:\\\/\\\/candas365.es\\\/noticias\\\/\",\"email\":\"info@candas365.es\",\"telephone\":\"+34652131393\",\"foundingDate\":\"2012-06-10\",\"logo\":{\"@type\":\"ImageObject\",\"url\":\"https:\\\/\\\/candas365.es\\\/noticias\\\/wp-content\\\/uploads\\\/2024\\\/09\\\/Candas-365-Redes.jpg\",\"@id\":\"https:\\\/\\\/candas365.es\\\/noticias\\\/la-videovigilancia-en-la-nube-crece-en-mexico\\\/#organizationLogo\",\"width\":1152,\"height\":864,\"caption\":\"Cand\\u00e1s 365 Redes\"},\"image\":{\"@id\":\"https:\\\/\\\/candas365.es\\\/noticias\\\/la-videovigilancia-en-la-nube-crece-en-mexico\\\/#organizationLogo\"},\"sameAs\":[\"https:\\\/\\\/www.facebook.com\\\/Nachofdezber\",\"https:\\\/\\\/x.com\\\/NabercoDigital\",\"https:\\\/\\\/www.instagram.com\\\/nachofdezber\\\/\",\"https:\\\/\\\/www.youtube.com\\\/channel\\\/UCZP-2wLEB9Rv6erhFmqVnvg\"],\"address\":{\"@id\":\"https:\\\/\\\/candas365.es\\\/noticias\\\/#postaladdress\",\"@type\":\"PostalAddress\",\"streetAddress\":\"san antonio 4, san antonio 4\",\"postalCode\":\"33430\",\"addressLocality\":\"Cand\\u00e1s\",\"addressRegion\":\"Asturias\",\"addressCountry\":\"ES\"}},{\"@type\":\"Person\",\"@id\":\"https:\\\/\\\/candas365.es\\\/noticias\\\/author\\\/admin\\\/#author\",\"url\":\"https:\\\/\\\/candas365.es\\\/noticias\\\/author\\\/admin\\\/\",\"name\":\"Cand\\u00e1s 365\",\"image\":{\"@type\":\"ImageObject\",\"@id\":\"https:\\\/\\\/candas365.es\\\/noticias\\\/la-videovigilancia-en-la-nube-crece-en-mexico\\\/#authorImage\",\"url\":\"https:\\\/\\\/secure.gravatar.com\\\/avatar\\\/496a8e03d0c493ede1718b7934145dbdf8d89be1036b0eec9544e1094c9de390?s=96&d=mm&r=g\",\"width\":96,\"height\":96,\"caption\":\"Cand\\u00e1s 365\"},\"sameAs\":[\"https:\\\/\\\/www.facebook.com\\\/carrenoactualidad\",\"https:\\\/\\\/twitter.com\\\/nbasturias\",\"https:\\\/\\\/www.instagram.com\\\/nachofdezber\\\/\",\"https:\\\/\\\/www.youtube.com\\\/channel\\\/UCZP-2wLEB9Rv6erhFmqVnvg\"]},{\"@type\":\"WebPage\",\"@id\":\"https:\\\/\\\/candas365.es\\\/noticias\\\/la-videovigilancia-en-la-nube-crece-en-mexico\\\/#webpage\",\"url\":\"https:\\\/\\\/candas365.es\\\/noticias\\\/la-videovigilancia-en-la-nube-crece-en-mexico\\\/\",\"name\":\"La videovigilancia en la nube crece en M\\u00e9xico | Cand\\u00e1s 365\",\"description\":\"El mercado de la videovigilancia en M\\u00e9xico est\\u00e1 evolucionando r\\u00e1pidamente, y cada vez m\\u00e1s empresas est\\u00e1n optando por soluciones basadas en la nube para mejorar\",\"inLanguage\":\"es-ES\",\"isPartOf\":{\"@id\":\"https:\\\/\\\/candas365.es\\\/noticias\\\/#website\"},\"breadcrumb\":{\"@id\":\"https:\\\/\\\/candas365.es\\\/noticias\\\/la-videovigilancia-en-la-nube-crece-en-mexico\\\/#breadcrumblist\"},\"author\":{\"@id\":\"https:\\\/\\\/candas365.es\\\/noticias\\\/author\\\/admin\\\/#author\"},\"creator\":{\"@id\":\"https:\\\/\\\/candas365.es\\\/noticias\\\/author\\\/admin\\\/#author\"},\"image\":{\"@type\":\"ImageObject\",\"url\":\"https:\\\/\\\/candas365.es\\\/noticias\\\/wp-content\\\/uploads\\\/2025\\\/03\\\/videovigilancia.jpg\",\"@id\":\"https:\\\/\\\/candas365.es\\\/noticias\\\/la-videovigilancia-en-la-nube-crece-en-mexico\\\/#mainImage\",\"width\":992,\"height\":651,\"caption\":\"Foto: 123rf.com\"},\"primaryImageOfPage\":{\"@id\":\"https:\\\/\\\/candas365.es\\\/noticias\\\/la-videovigilancia-en-la-nube-crece-en-mexico\\\/#mainImage\"},\"datePublished\":\"2025-03-11T22:16:39+01:00\",\"dateModified\":\"2025-03-11T22:16:39+01:00\"},{\"@type\":\"WebSite\",\"@id\":\"https:\\\/\\\/candas365.es\\\/noticias\\\/#website\",\"url\":\"https:\\\/\\\/candas365.es\\\/noticias\\\/\",\"name\":\"Cand\\u00e1s 365\",\"alternateName\":\"Cand\\u00e1s 365 Noticias\",\"description\":\"Actualidad desde Carre\\u00f1o para el mundo\",\"inLanguage\":\"es-ES\",\"publisher\":{\"@id\":\"https:\\\/\\\/candas365.es\\\/noticias\\\/#organization\"}}]}\n\t\t<\/script>\n\t\t<!-- All in One SEO Pro -->\r\n\t\t<title>La videovigilancia en la nube crece en M\u00e9xico | Cand\u00e1s 365<\/title>\n\n","aioseo_head_json":{"title":"La videovigilancia en la nube crece en M\u00e9xico | Cand\u00e1s 365","description":"El mercado de la videovigilancia en M\u00e9xico est\u00e1 evolucionando r\u00e1pidamente, y cada vez m\u00e1s empresas est\u00e1n optando por soluciones basadas en la nube para mejorar","canonical_url":"https:\/\/candas365.es\/noticias\/la-videovigilancia-en-la-nube-crece-en-mexico\/","robots":"max-image-preview:large","keywords":"internacional","webmasterTools":{"google-site-verification":"UA-32230408-1","msvalidate.01":"354F3CDFB2DA171B47FBE9ABF1F88D5","miscellaneous":""},"schema":{"@context":"https:\/\/schema.org","@graph":[{"@type":"BreadcrumbList","@id":"https:\/\/candas365.es\/noticias\/la-videovigilancia-en-la-nube-crece-en-mexico\/#breadcrumblist","itemListElement":[{"@type":"ListItem","@id":"https:\/\/candas365.es\/noticias#listItem","position":1,"name":"Home","item":"https:\/\/candas365.es\/noticias","nextItem":{"@type":"ListItem","@id":"https:\/\/candas365.es\/noticias\/category\/internacional\/#listItem","name":"Internacional"}},{"@type":"ListItem","@id":"https:\/\/candas365.es\/noticias\/category\/internacional\/#listItem","position":2,"name":"Internacional","item":"https:\/\/candas365.es\/noticias\/category\/internacional\/","nextItem":{"@type":"ListItem","@id":"https:\/\/candas365.es\/noticias\/la-videovigilancia-en-la-nube-crece-en-mexico\/#listItem","name":"La videovigilancia en la nube crece en M\u00e9xico"},"previousItem":{"@type":"ListItem","@id":"https:\/\/candas365.es\/noticias#listItem","name":"Home"}},{"@type":"ListItem","@id":"https:\/\/candas365.es\/noticias\/la-videovigilancia-en-la-nube-crece-en-mexico\/#listItem","position":3,"name":"La videovigilancia en la nube crece en M\u00e9xico","previousItem":{"@type":"ListItem","@id":"https:\/\/candas365.es\/noticias\/category\/internacional\/#listItem","name":"Internacional"}}]},{"@type":"NewsArticle","@id":"https:\/\/candas365.es\/noticias\/la-videovigilancia-en-la-nube-crece-en-mexico\/#newsarticle","name":"La videovigilancia en la nube crece en M\u00e9xico | Cand\u00e1s 365","headline":"La videovigilancia en la nube crece en M\u00e9xico","author":{"@id":"https:\/\/candas365.es\/noticias\/author\/admin\/#author"},"publisher":{"@id":"https:\/\/candas365.es\/noticias\/#organization"},"image":{"@type":"ImageObject","url":"https:\/\/candas365.es\/noticias\/wp-content\/uploads\/2025\/03\/videovigilancia.jpg","width":992,"height":651,"caption":"Foto: 123rf.com"},"datePublished":"2025-03-11T22:16:39+01:00","dateModified":"2025-03-11T22:16:39+01:00","inLanguage":"es-ES","mainEntityOfPage":{"@id":"https:\/\/candas365.es\/noticias\/la-videovigilancia-en-la-nube-crece-en-mexico\/#webpage"},"isPartOf":{"@id":"https:\/\/candas365.es\/noticias\/la-videovigilancia-en-la-nube-crece-en-mexico\/#webpage"},"articleSection":"Internacional, empresas, Internacional, M\u00e9xico","dateline":"Publicado el marzo 11, 2025."},{"@type":"Organization","@id":"https:\/\/candas365.es\/noticias\/#organization","name":"Cand\u00e1s 365","description":"Cand\u00e1s 365 es un diario digital independiente, fundado en 2012, con base en Asturias. Informamos con rigor sobre actualidad, sociedad, cultura y ocio, con una mirada local y global.","url":"https:\/\/candas365.es\/noticias\/","email":"info@candas365.es","telephone":"+34652131393","foundingDate":"2012-06-10","logo":{"@type":"ImageObject","url":"https:\/\/candas365.es\/noticias\/wp-content\/uploads\/2024\/09\/Candas-365-Redes.jpg","@id":"https:\/\/candas365.es\/noticias\/la-videovigilancia-en-la-nube-crece-en-mexico\/#organizationLogo","width":1152,"height":864,"caption":"Cand\u00e1s 365 Redes"},"image":{"@id":"https:\/\/candas365.es\/noticias\/la-videovigilancia-en-la-nube-crece-en-mexico\/#organizationLogo"},"sameAs":["https:\/\/www.facebook.com\/Nachofdezber","https:\/\/x.com\/NabercoDigital","https:\/\/www.instagram.com\/nachofdezber\/","https:\/\/www.youtube.com\/channel\/UCZP-2wLEB9Rv6erhFmqVnvg"],"address":{"@id":"https:\/\/candas365.es\/noticias\/#postaladdress","@type":"PostalAddress","streetAddress":"san antonio 4, san antonio 4","postalCode":"33430","addressLocality":"Cand\u00e1s","addressRegion":"Asturias","addressCountry":"ES"}},{"@type":"Person","@id":"https:\/\/candas365.es\/noticias\/author\/admin\/#author","url":"https:\/\/candas365.es\/noticias\/author\/admin\/","name":"Cand\u00e1s 365","image":{"@type":"ImageObject","@id":"https:\/\/candas365.es\/noticias\/la-videovigilancia-en-la-nube-crece-en-mexico\/#authorImage","url":"https:\/\/secure.gravatar.com\/avatar\/496a8e03d0c493ede1718b7934145dbdf8d89be1036b0eec9544e1094c9de390?s=96&d=mm&r=g","width":96,"height":96,"caption":"Cand\u00e1s 365"},"sameAs":["https:\/\/www.facebook.com\/carrenoactualidad","https:\/\/twitter.com\/nbasturias","https:\/\/www.instagram.com\/nachofdezber\/","https:\/\/www.youtube.com\/channel\/UCZP-2wLEB9Rv6erhFmqVnvg"]},{"@type":"WebPage","@id":"https:\/\/candas365.es\/noticias\/la-videovigilancia-en-la-nube-crece-en-mexico\/#webpage","url":"https:\/\/candas365.es\/noticias\/la-videovigilancia-en-la-nube-crece-en-mexico\/","name":"La videovigilancia en la nube crece en M\u00e9xico | Cand\u00e1s 365","description":"El mercado de la videovigilancia en M\u00e9xico est\u00e1 evolucionando r\u00e1pidamente, y cada vez m\u00e1s empresas est\u00e1n optando por soluciones basadas en la nube para mejorar","inLanguage":"es-ES","isPartOf":{"@id":"https:\/\/candas365.es\/noticias\/#website"},"breadcrumb":{"@id":"https:\/\/candas365.es\/noticias\/la-videovigilancia-en-la-nube-crece-en-mexico\/#breadcrumblist"},"author":{"@id":"https:\/\/candas365.es\/noticias\/author\/admin\/#author"},"creator":{"@id":"https:\/\/candas365.es\/noticias\/author\/admin\/#author"},"image":{"@type":"ImageObject","url":"https:\/\/candas365.es\/noticias\/wp-content\/uploads\/2025\/03\/videovigilancia.jpg","@id":"https:\/\/candas365.es\/noticias\/la-videovigilancia-en-la-nube-crece-en-mexico\/#mainImage","width":992,"height":651,"caption":"Foto: 123rf.com"},"primaryImageOfPage":{"@id":"https:\/\/candas365.es\/noticias\/la-videovigilancia-en-la-nube-crece-en-mexico\/#mainImage"},"datePublished":"2025-03-11T22:16:39+01:00","dateModified":"2025-03-11T22:16:39+01:00"},{"@type":"WebSite","@id":"https:\/\/candas365.es\/noticias\/#website","url":"https:\/\/candas365.es\/noticias\/","name":"Cand\u00e1s 365","alternateName":"Cand\u00e1s 365 Noticias","description":"Actualidad desde Carre\u00f1o para el mundo","inLanguage":"es-ES","publisher":{"@id":"https:\/\/candas365.es\/noticias\/#organization"}}]},"og:locale":"es_ES","og:site_name":"Cand\u00e1s 365","og:type":"article","og:title":"La videovigilancia en la nube crece en M\u00e9xico | Cand\u00e1s 365","og:description":"El mercado de la videovigilancia en M\u00e9xico est\u00e1 evolucionando r\u00e1pidamente, y cada vez m\u00e1s empresas est\u00e1n optando por soluciones basadas en la nube para mejorar","og:url":"https:\/\/candas365.es\/noticias\/la-videovigilancia-en-la-nube-crece-en-mexico\/","og:image":"https:\/\/candas365.es\/noticias\/wp-content\/uploads\/2025\/03\/videovigilancia.jpg","og:image:secure_url":"https:\/\/candas365.es\/noticias\/wp-content\/uploads\/2025\/03\/videovigilancia.jpg","og:image:width":992,"og:image:height":651,"article:published_time":"2025-03-11T21:16:39+00:00","article:modified_time":"2025-03-11T21:16:39+00:00","article:publisher":"https:\/\/www.facebook.com\/Nachofdezber","article:author":"https:\/\/www.facebook.com\/carrenoactualidad","twitter:card":"summary_large_image","twitter:site":"@NabercoDigital","twitter:title":"La videovigilancia en la nube crece en M\u00e9xico | Cand\u00e1s 365","twitter:description":"El mercado de la videovigilancia en M\u00e9xico est\u00e1 evolucionando r\u00e1pidamente, y cada vez m\u00e1s empresas est\u00e1n optando por soluciones basadas en la nube para mejorar","twitter:creator":"@nbasturias","twitter:image":"https:\/\/candas365.es\/noticias\/wp-content\/uploads\/2025\/03\/videovigilancia.jpg","twitter:label1":"Escrito por","twitter:data1":"Cand\u00e1s 365","twitter:label2":"Tiempo de lectura estimado","twitter:data2":"2 minutos"},"aioseo_meta_data":{"post_id":"185479","title":null,"description":"El mercado de la videovigilancia en M\u00e9xico est\u00e1 evolucionando r\u00e1pidamente, y cada vez m\u00e1s empresas est\u00e1n optando por soluciones basadas en la nube para mejorar","keywords":null,"keyphrases":{"focus":{"keyphrase":"videovigilancia","score":93,"analysis":{"keyphraseInTitle":{"score":9,"maxScore":9,"error":0},"keyphraseInDescription":{"score":9,"maxScore":9,"error":0},"keyphraseLength":{"score":9,"maxScore":9,"error":0,"length":1},"keyphraseInURL":{"score":1,"maxScore":5,"error":1},"keyphraseInIntroduction":{"score":9,"maxScore":9,"error":0},"keyphraseInSubHeadings":[],"keyphraseInImageAlt":{"score":9,"maxScore":9,"error":0},"keywordDensity":{"type":"best","score":9,"maxScore":9,"error":0}}},"additional":[{"keyphrase":"M\u00e9xico","score":67,"analysis":{"keyphraseInDescription":{"score":9,"maxScore":9,"error":0},"keyphraseLength":{"score":9,"maxScore":9,"error":0,"length":2},"keyphraseInIntroduction":{"score":9,"maxScore":9,"error":0},"keyphraseInImageAlt":{"score":3,"maxScore":9,"error":1},"keywordDensity":{"score":0,"type":"low","maxScore":9,"error":1}}},{"keyphrase":"videovigilancia","score":100,"analysis":{"keyphraseInDescription":{"score":9,"maxScore":9,"error":0},"keyphraseLength":{"score":9,"maxScore":9,"error":0,"length":1},"keyphraseInIntroduction":{"score":9,"maxScore":9,"error":0},"keyphraseInImageAlt":{"score":9,"maxScore":9,"error":0},"keywordDensity":{"type":"best","score":9,"maxScore":9,"error":0}}}]},"primary_term":null,"canonical_url":null,"og_title":null,"og_description":null,"og_object_type":"default","og_image_type":"default","og_image_url":null,"og_image_width":null,"og_image_height":null,"og_image_custom_url":null,"og_image_custom_fields":null,"og_video":"","og_custom_url":null,"og_article_section":null,"og_article_tags":null,"twitter_use_og":false,"twitter_card":"default","twitter_image_type":"default","twitter_image_url":null,"twitter_image_custom_url":null,"twitter_image_custom_fields":null,"twitter_title":null,"twitter_description":null,"schema":{"blockGraphs":[],"customGraphs":[],"default":{"data":{"Article":[],"Course":[],"Dataset":[],"FAQPage":[],"Movie":[],"Person":[],"Product":[],"ProductReview":[],"Car":[],"Recipe":[],"Service":[],"SoftwareApplication":[],"WebPage":[]},"graphName":"Article","isEnabled":true},"graphs":[]},"schema_type":"default","schema_type_options":null,"pillar_content":false,"robots_default":true,"robots_noindex":false,"robots_noarchive":false,"robots_nosnippet":false,"robots_nofollow":false,"robots_noimageindex":false,"robots_noodp":false,"robots_notranslate":false,"robots_max_snippet":"-1","robots_max_videopreview":"-1","robots_max_imagepreview":"large","priority":null,"frequency":"default","location":null,"local_seo":null,"seo_analyzer_scan_date":"2025-09-03 10:47:05","breadcrumb_settings":null,"limit_modified_date":false,"reviewed_by":null,"open_ai":"{\"title\":{\"suggestions\":[],\"usage\":0},\"description\":{\"suggestions\":[],\"usage\":0}}","ai":null,"created":"2025-03-11 20:54:08","updated":"2025-09-03 10:47:05"},"aioseo_breadcrumb":"<div class=\"aioseo-breadcrumbs\"><span class=\"aioseo-breadcrumb\">\n\t<a href=\"https:\/\/candas365.es\/noticias\" title=\"Home\">Home<\/a>\n<\/span><span class=\"aioseo-breadcrumb-separator\">&ndash;<\/span><span class=\"aioseo-breadcrumb\">\n\t<a href=\"https:\/\/candas365.es\/noticias\/category\/internacional\/\" title=\"Internacional\">Internacional<\/a>\n<\/span><span class=\"aioseo-breadcrumb-separator\">&ndash;<\/span><span class=\"aioseo-breadcrumb\">\n\tLa videovigilancia en la nube crece en M\u00e9xico\n<\/span><\/div>","aioseo_breadcrumb_json":[{"label":"Home","link":"https:\/\/candas365.es\/noticias"},{"label":"Internacional","link":"https:\/\/candas365.es\/noticias\/category\/internacional\/"},{"label":"La videovigilancia en la nube crece en M\u00e9xico","link":"https:\/\/candas365.es\/noticias\/la-videovigilancia-en-la-nube-crece-en-mexico\/"}],"_links":{"self":[{"href":"https:\/\/candas365.es\/noticias\/wp-json\/wp\/v2\/posts\/185479","targetHints":{"allow":["GET"]}}],"collection":[{"href":"https:\/\/candas365.es\/noticias\/wp-json\/wp\/v2\/posts"}],"about":[{"href":"https:\/\/candas365.es\/noticias\/wp-json\/wp\/v2\/types\/post"}],"author":[{"embeddable":true,"href":"https:\/\/candas365.es\/noticias\/wp-json\/wp\/v2\/users\/1"}],"replies":[{"embeddable":true,"href":"https:\/\/candas365.es\/noticias\/wp-json\/wp\/v2\/comments?post=185479"}],"version-history":[{"count":0,"href":"https:\/\/candas365.es\/noticias\/wp-json\/wp\/v2\/posts\/185479\/revisions"}],"wp:featuredmedia":[{"embeddable":true,"href":"https:\/\/candas365.es\/noticias\/wp-json\/wp\/v2\/media\/185480"}],"wp:attachment":[{"href":"https:\/\/candas365.es\/noticias\/wp-json\/wp\/v2\/media?parent=185479"}],"wp:term":[{"taxonomy":"category","embeddable":true,"href":"https:\/\/candas365.es\/noticias\/wp-json\/wp\/v2\/categories?post=185479"},{"taxonomy":"post_tag","embeddable":true,"href":"https:\/\/candas365.es\/noticias\/wp-json\/wp\/v2\/tags?post=185479"}],"curies":[{"name":"wp","href":"https:\/\/api.w.org\/{rel}","templated":true}]}}